{"id":9461,"date":"2025-05-14T11:45:49","date_gmt":"2025-05-14T14:45:49","guid":{"rendered":"https:\/\/lackman.com.br\/?p=9461"},"modified":"2025-05-15T11:45:53","modified_gmt":"2025-05-15T14:45:53","slug":"25-anos-em-livro-dfb-ganha-publicacao-historica","status":"publish","type":"post","link":"https:\/\/lackman.com.br\/index.php\/2025\/05\/14\/25-anos-em-livro-dfb-ganha-publicacao-historica\/","title":{"rendered":"25 anos em livro: DFB ganha publica\u00e7\u00e3o hist\u00f3rica"},"content":{"rendered":"<h4 class=\"p1\"><em>Dando in\u00edcio ao DFB Festival de 2026, Cl\u00e1udio Silveira recebeu p\u00fablico da moda em lan\u00e7amento\u00a0<\/em><\/h4>\n<p class=\"p1\"><span class=\"s1\">No cora\u00e7\u00e3o do Museu da Imagem de do Som, em Fortaleza, a noite da \u00faltima ter\u00e7a-feira foi de celebra\u00e7\u00e3o \u2014 e de mem\u00f3ria. O pr\u00e9-lan\u00e7amento do livro <\/span><span class=\"s2\">DFB XXV<\/span><span class=\"s1\"> marcou, com eleg\u00e2ncia e afeto, o in\u00edcio oficial da edi\u00e7\u00e3o 2025 do DFB Festival. Mais do que uma publica\u00e7\u00e3o, o livro \u00e9 um mergulho em 25 anos de moda, criatividade e hist\u00f3rias que ajudaram a costurar a identidade do evento.<\/span><\/p>\n<p><img fetchpriority=\"high\" decoding=\"async\" class=\"alignnone size-large wp-image-9465\" src=\"http:\/\/lackman.com.br\/wp-content\/uploads\/2025\/05\/IMG_4717-683x1024.jpeg\" alt=\"\" width=\"683\" height=\"1024\" srcset=\"https:\/\/lackman.com.br\/wp-content\/uploads\/2025\/05\/IMG_4717-683x1024.jpeg 683w, https:\/\/lackman.com.br\/wp-content\/uploads\/2025\/05\/IMG_4717-200x300.jpeg 200w, https:\/\/lackman.com.br\/wp-content\/uploads\/2025\/05\/IMG_4717-768x1152.jpeg 768w, https:\/\/lackman.com.br\/wp-content\/uploads\/2025\/05\/IMG_4717-1024x1536.jpeg 1024w, https:\/\/lackman.com.br\/wp-content\/uploads\/2025\/05\/IMG_4717-1366x2048.jpeg 1366w, https:\/\/lackman.com.br\/wp-content\/uploads\/2025\/05\/IMG_4717-scaled.jpeg 1707w\" sizes=\"(max-width: 683px) 100vw, 683px\" \/><\/p>\n<p class=\"p1\"><span class=\"s1\">Com curadoria fotodocumental precisa e sens\u00edvel, a obra resgata momentos emblem\u00e1ticos do festival, entre flashes, passarelas e nomes que atravessam o imagin\u00e1rio da moda brasileira \u2014 Camila Queiroz, Izabel Goulart, Isabella Fiorentino e tantos outros. Cada p\u00e1gina \u00e9 um convite \u00e0 mem\u00f3ria e uma afirma\u00e7\u00e3o da pot\u00eancia criativa nordestina.<\/span><\/p>\n<figure id=\"attachment_9463\" aria-describedby=\"caption-attachment-9463\" style=\"width: 1024px\" class=\"wp-caption aligncenter\"><img decoding=\"async\" class=\"size-large wp-image-9463\" src=\"http:\/\/lackman.com.br\/wp-content\/uploads\/2025\/05\/IMG_4716-1024x683.jpeg\" alt=\"\" width=\"1024\" height=\"683\" srcset=\"https:\/\/lackman.com.br\/wp-content\/uploads\/2025\/05\/IMG_4716-1024x683.jpeg 1024w, https:\/\/lackman.com.br\/wp-content\/uploads\/2025\/05\/IMG_4716-300x200.jpeg 300w, https:\/\/lackman.com.br\/wp-content\/uploads\/2025\/05\/IMG_4716-768x512.jpeg 768w, https:\/\/lackman.com.br\/wp-content\/uploads\/2025\/05\/IMG_4716-1536x1024.jpeg 1536w, https:\/\/lackman.com.br\/wp-content\/uploads\/2025\/05\/IMG_4716-2048x1365.jpeg 2048w\" sizes=\"(max-width: 1024px) 100vw, 1024px\" \/><figcaption id=\"caption-attachment-9463\" class=\"wp-caption-text\"><strong>Cl\u00e1udio Silveira, idealizador do DFB<\/strong><\/figcaption><\/figure>\n<p class=\"p1\"><span class=\"s1\">No palco, Claudio Silveira, idealizador do DFB, deu o tom da noite: \u201cContar essa hist\u00f3ria \u00e9 reconhecer o impacto cultural da moda brasileira e projetar novos caminhos\u201d. O livro, segundo ele, \u00e9 mais que um registro \u2014 \u00e9 um documento de resist\u00eancia, afeto e valoriza\u00e7\u00e3o da autoria.<\/span><\/p>\n<p><img decoding=\"async\" class=\"aligncenter size-large wp-image-9464\" src=\"http:\/\/lackman.com.br\/wp-content\/uploads\/2025\/05\/IMG_4720-1024x683.jpeg\" alt=\"\" width=\"1024\" height=\"683\" srcset=\"https:\/\/lackman.com.br\/wp-content\/uploads\/2025\/05\/IMG_4720-1024x683.jpeg 1024w, https:\/\/lackman.com.br\/wp-content\/uploads\/2025\/05\/IMG_4720-300x200.jpeg 300w, https:\/\/lackman.com.br\/wp-content\/uploads\/2025\/05\/IMG_4720-768x512.jpeg 768w, https:\/\/lackman.com.br\/wp-content\/uploads\/2025\/05\/IMG_4720-1536x1024.jpeg 1536w, https:\/\/lackman.com.br\/wp-content\/uploads\/2025\/05\/IMG_4720-2048x1365.jpeg 2048w\" sizes=\"(max-width: 1024px) 100vw, 1024px\" \/><\/p>\n<p class=\"p1\"><span class=\"s1\">O lan\u00e7amento tamb\u00e9m refor\u00e7a o compromisso do festival com a preserva\u00e7\u00e3o da mem\u00f3ria da moda no pa\u00eds. E j\u00e1 adianta o que vem por a\u00ed: uma edi\u00e7\u00e3o 2025 inteiramente gratuita, com uma agenda diversa de desfiles, palestras, experi\u00eancias culturais e iniciativas voltadas \u00e0 inova\u00e7\u00e3o e \u00e0 forma\u00e7\u00e3o de novos talentos. Tudo isso com o carimbo de originalidade que transformou Fortaleza em um dos grandes polos da moda autoral no Brasil.<\/span><\/p>\n<hr \/>\n<pre class=\"p1\"><span class=\"s1\">Fotos: Tha\u00eds Mesquita\/Divulga\u00e7\u00e3o<\/span><\/pre>\n","protected":false},"excerpt":{"rendered":"<p>Dando in\u00edcio ao DFB Festival de 2026, Cl\u00e1udio Silveira recebeu p\u00fablico da moda em lan\u00e7amento\u00a0 No cora\u00e7\u00e3o do Museu da Imagem de do Som, em Fortaleza, a noite da \u00faltima ter\u00e7a-feira foi de celebra\u00e7\u00e3o \u2014 e de mem\u00f3ria. O pr\u00e9-lan\u00e7amento do livro DFB XXV marcou, com eleg\u00e2ncia e afeto, o in\u00edcio oficial da edi\u00e7\u00e3o 2025 do DFB Festival. Mais do que uma publica\u00e7\u00e3o, o livro \u00e9 um mergulho em 25 anos de moda, criatividade e hist\u00f3rias que ajudaram a costurar a identidade do evento. Com curadoria fotodocumental precisa e sens\u00edvel, a obra resgata momentos emblem\u00e1ticos do festival, entre flashes, passarelas e nomes que atravessam o imagin\u00e1rio da moda brasileira \u2014 Camila Queiroz, Izabel Goulart, Isabella Fiorentino e tantos outros. Cada p\u00e1gina \u00e9 um convite \u00e0 mem\u00f3ria e uma afirma\u00e7\u00e3o da pot\u00eancia criativa nordestina. No palco, Claudio Silveira, idealizador do DFB, deu o tom da noite: \u201cContar essa hist\u00f3ria \u00e9 reconhecer o impacto cultural da moda brasileira e projetar novos caminhos\u201d. O livro, segundo ele, \u00e9 mais que um registro \u2014 \u00e9 um documento de resist\u00eancia, afeto e valoriza\u00e7\u00e3o da autoria. O lan\u00e7amento tamb\u00e9m refor\u00e7a o compromisso do festival com a preserva\u00e7\u00e3o da mem\u00f3ria da moda no pa\u00eds. E j\u00e1 adianta o que vem por a\u00ed: uma edi\u00e7\u00e3o 2025 inteiramente gratuita, com uma agenda diversa de desfiles, palestras, experi\u00eancias culturais e iniciativas voltadas \u00e0 inova\u00e7\u00e3o e \u00e0 forma\u00e7\u00e3o de novos talentos. Tudo isso com o carimbo de originalidade que transformou Fortaleza em um dos grandes polos da moda autoral no Brasil. Fotos: Tha\u00eds Mesquita\/Divulga\u00e7\u00e3o<\/p>\n","protected":false},"author":2,"featured_media":9462,"comment_status":"closed","ping_status":"open","sticky":false,"template":"","format":"standard","meta":{"site-sidebar-layout":"default","site-content-layout":"","ast-site-content-layout":"default","site-content-style":"default","site-sidebar-style":"default","ast-global-header-display":"","ast-banner-title-visibility":"","ast-main-header-display":"","ast-hfb-above-header-display":"","ast-hfb-below-header-display":"","ast-hfb-mobile-header-display":"","site-post-title":"","ast-breadcrumbs-content":"","ast-featured-img":"","footer-sml-layout":"","ast-disable-related-posts":"","theme-transparent-header-meta":"default","adv-header-id-meta":"","stick-header-meta":"","header-above-stick-meta":"","header-main-stick-meta":"","header-below-stick-meta":"","astra-migrate-meta-layouts":"set","ast-page-background-enabled":"default","ast-page-background-meta":{"desktop":{"background-color":"","background-image":"","background-repeat":"repeat","background-position":"center center","background-size":"auto","background-attachment":"scroll","background-type":"","background-media":"","overlay-type":"","overlay-color":"","overlay-opacity":"","overlay-gradient":""},"tablet":{"background-color":"","background-image":"","background-repeat":"repeat","background-position":"center center","background-size":"auto","background-attachment":"scroll","background-type":"","background-media":"","overlay-type":"","overlay-color":"","overlay-opacity":"","overlay-gradient":""},"mobile":{"background-color":"","background-image":"","background-repeat":"repeat","background-position":"center center","background-size":"auto","background-attachment":"scroll","background-type":"","background-media":"","overlay-type":"","overlay-color":"","overlay-opacity":"","overlay-gradient":""}},"ast-content-background-meta":{"desktop":{"background-color":"var(--ast-global-color-5)","background-image":"","background-repeat":"repeat","background-position":"center center","background-size":"auto","background-attachment":"scroll","background-type":"","background-media":"","overlay-type":"","overlay-color":"","overlay-opacity":"","overlay-gradient":""},"tablet":{"background-color":"var(--ast-global-color-5)","background-image":"","background-repeat":"repeat","background-position":"center center","background-size":"auto","background-attachment":"scroll","background-type":"","background-media":"","overlay-type":"","overlay-color":"","overlay-opacity":"","overlay-gradient":""},"mobile":{"background-color":"var(--ast-global-color-5)","background-image":"","background-repeat":"repeat","background-position":"center center","background-size":"auto","background-attachment":"scroll","background-type":"","background-media":"","overlay-type":"","overlay-color":"","overlay-opacity":"","overlay-gradient":""}},"footnotes":""},"categories":[32,35,38],"tags":[],"class_list":["post-9461","post","type-post","status-publish","format-standard","has-post-thumbnail","hentry","category-especiais","category-moda","category-passarela"],"yoast_head":"<!-- This site is optimized with the Yoast SEO plugin v27.0 - https:\/\/yoast.com\/product\/yoast-seo-wordpress\/ -->\n<title>25 anos em livro: DFB ganha publica\u00e7\u00e3o hist\u00f3rica - LACKMAN &amp; CO.<\/title>\n<meta name=\"robots\" content=\"index, follow, max-snippet:-1, max-image-preview:large, max-video-preview:-1\" \/>\n<link rel=\"canonical\" href=\"https:\/\/lackman.com.br\/index.php\/2025\/05\/14\/25-anos-em-livro-dfb-ganha-publicacao-historica\/\" \/>\n<meta property=\"og:locale\" content=\"pt_BR\" \/>\n<meta property=\"og:type\" content=\"article\" \/>\n<meta property=\"og:title\" content=\"25 anos em livro: DFB ganha publica\u00e7\u00e3o hist\u00f3rica - LACKMAN &amp; CO.\" \/>\n<meta property=\"og:description\" content=\"Dando in\u00edcio ao DFB Festival de 2026, Cl\u00e1udio Silveira recebeu p\u00fablico da moda em lan\u00e7amento\u00a0 No cora\u00e7\u00e3o do Museu da Imagem de do Som, em Fortaleza, a noite da \u00faltima ter\u00e7a-feira foi de celebra\u00e7\u00e3o \u2014 e de mem\u00f3ria. O pr\u00e9-lan\u00e7amento do livro DFB XXV marcou, com eleg\u00e2ncia e afeto, o in\u00edcio oficial da edi\u00e7\u00e3o 2025 do DFB Festival. Mais do que uma publica\u00e7\u00e3o, o livro \u00e9 um mergulho em 25 anos de moda, criatividade e hist\u00f3rias que ajudaram a costurar a identidade do evento. Com curadoria fotodocumental precisa e sens\u00edvel, a obra resgata momentos emblem\u00e1ticos do festival, entre flashes, passarelas e nomes que atravessam o imagin\u00e1rio da moda brasileira \u2014 Camila Queiroz, Izabel Goulart, Isabella Fiorentino e tantos outros. Cada p\u00e1gina \u00e9 um convite \u00e0 mem\u00f3ria e uma afirma\u00e7\u00e3o da pot\u00eancia criativa nordestina. No palco, Claudio Silveira, idealizador do DFB, deu o tom da noite: \u201cContar essa hist\u00f3ria \u00e9 reconhecer o impacto cultural da moda brasileira e projetar novos caminhos\u201d. O livro, segundo ele, \u00e9 mais que um registro \u2014 \u00e9 um documento de resist\u00eancia, afeto e valoriza\u00e7\u00e3o da autoria. O lan\u00e7amento tamb\u00e9m refor\u00e7a o compromisso do festival com a preserva\u00e7\u00e3o da mem\u00f3ria da moda no pa\u00eds. E j\u00e1 adianta o que vem por a\u00ed: uma edi\u00e7\u00e3o 2025 inteiramente gratuita, com uma agenda diversa de desfiles, palestras, experi\u00eancias culturais e iniciativas voltadas \u00e0 inova\u00e7\u00e3o e \u00e0 forma\u00e7\u00e3o de novos talentos. Tudo isso com o carimbo de originalidade que transformou Fortaleza em um dos grandes polos da moda autoral no Brasil. Fotos: Tha\u00eds Mesquita\/Divulga\u00e7\u00e3o\" \/>\n<meta property=\"og:url\" content=\"https:\/\/lackman.com.br\/index.php\/2025\/05\/14\/25-anos-em-livro-dfb-ganha-publicacao-historica\/\" \/>\n<meta property=\"og:site_name\" content=\"LACKMAN &amp; CO.\" \/>\n<meta property=\"article:author\" content=\"https:\/\/www.facebook.com\/fernandolackman\" \/>\n<meta property=\"article:published_time\" content=\"2025-05-14T14:45:49+00:00\" \/>\n<meta property=\"article:modified_time\" content=\"2025-05-15T14:45:53+00:00\" \/>\n<meta property=\"og:image\" content=\"http:\/\/lackman.com.br\/wp-content\/uploads\/2025\/05\/IMG_4719-scaled.jpeg\" \/>\n\t<meta property=\"og:image:width\" content=\"2560\" \/>\n\t<meta property=\"og:image:height\" content=\"1707\" \/>\n\t<meta property=\"og:image:type\" content=\"image\/jpeg\" \/>\n<meta name=\"author\" content=\"Fernando Lackman\" \/>\n<meta name=\"twitter:card\" content=\"summary_large_image\" \/>\n<meta name=\"twitter:creator\" content=\"@fernandolackman\" \/>\n<meta name=\"twitter:label1\" content=\"Escrito por\" \/>\n\t<meta name=\"twitter:data1\" content=\"Fernando Lackman\" \/>\n\t<meta name=\"twitter:label2\" content=\"Est. tempo de leitura\" \/>\n\t<meta name=\"twitter:data2\" content=\"3 minutos\" \/>\n<script type=\"application\/ld+json\" class=\"yoast-schema-graph\">{\"@context\":\"https:\/\/schema.org\",\"@graph\":[{\"@type\":\"Article\",\"@id\":\"https:\/\/lackman.com.br\/index.php\/2025\/05\/14\/25-anos-em-livro-dfb-ganha-publicacao-historica\/#article\",\"isPartOf\":{\"@id\":\"https:\/\/lackman.com.br\/index.php\/2025\/05\/14\/25-anos-em-livro-dfb-ganha-publicacao-historica\/\"},\"author\":{\"name\":\"Fernando Lackman\",\"@id\":\"https:\/\/lackman.com.br\/#\/schema\/person\/dbfb3fbfc55f2b0bd4f9039696e70858\"},\"headline\":\"25 anos em livro: DFB ganha publica\u00e7\u00e3o hist\u00f3rica\",\"datePublished\":\"2025-05-14T14:45:49+00:00\",\"dateModified\":\"2025-05-15T14:45:53+00:00\",\"mainEntityOfPage\":{\"@id\":\"https:\/\/lackman.com.br\/index.php\/2025\/05\/14\/25-anos-em-livro-dfb-ganha-publicacao-historica\/\"},\"wordCount\":292,\"publisher\":{\"@id\":\"https:\/\/lackman.com.br\/#organization\"},\"image\":{\"@id\":\"https:\/\/lackman.com.br\/index.php\/2025\/05\/14\/25-anos-em-livro-dfb-ganha-publicacao-historica\/#primaryimage\"},\"thumbnailUrl\":\"https:\/\/lackman.com.br\/wp-content\/uploads\/2025\/05\/IMG_4719-scaled.jpeg\",\"articleSection\":[\"Especiais\",\"Moda\",\"Passarela\"],\"inLanguage\":\"pt-BR\"},{\"@type\":\"WebPage\",\"@id\":\"https:\/\/lackman.com.br\/index.php\/2025\/05\/14\/25-anos-em-livro-dfb-ganha-publicacao-historica\/\",\"url\":\"https:\/\/lackman.com.br\/index.php\/2025\/05\/14\/25-anos-em-livro-dfb-ganha-publicacao-historica\/\",\"name\":\"25 anos em livro: DFB ganha publica\u00e7\u00e3o hist\u00f3rica - LACKMAN &amp; CO.\",\"isPartOf\":{\"@id\":\"https:\/\/lackman.com.br\/#website\"},\"primaryImageOfPage\":{\"@id\":\"https:\/\/lackman.com.br\/index.php\/2025\/05\/14\/25-anos-em-livro-dfb-ganha-publicacao-historica\/#primaryimage\"},\"image\":{\"@id\":\"https:\/\/lackman.com.br\/index.php\/2025\/05\/14\/25-anos-em-livro-dfb-ganha-publicacao-historica\/#primaryimage\"},\"thumbnailUrl\":\"https:\/\/lackman.com.br\/wp-content\/uploads\/2025\/05\/IMG_4719-scaled.jpeg\",\"datePublished\":\"2025-05-14T14:45:49+00:00\",\"dateModified\":\"2025-05-15T14:45:53+00:00\",\"breadcrumb\":{\"@id\":\"https:\/\/lackman.com.br\/index.php\/2025\/05\/14\/25-anos-em-livro-dfb-ganha-publicacao-historica\/#breadcrumb\"},\"inLanguage\":\"pt-BR\",\"potentialAction\":[{\"@type\":\"ReadAction\",\"target\":[\"https:\/\/lackman.com.br\/index.php\/2025\/05\/14\/25-anos-em-livro-dfb-ganha-publicacao-historica\/\"]}]},{\"@type\":\"ImageObject\",\"inLanguage\":\"pt-BR\",\"@id\":\"https:\/\/lackman.com.br\/index.php\/2025\/05\/14\/25-anos-em-livro-dfb-ganha-publicacao-historica\/#primaryimage\",\"url\":\"https:\/\/lackman.com.br\/wp-content\/uploads\/2025\/05\/IMG_4719-scaled.jpeg\",\"contentUrl\":\"https:\/\/lackman.com.br\/wp-content\/uploads\/2025\/05\/IMG_4719-scaled.jpeg\",\"width\":2560,\"height\":1707},{\"@type\":\"BreadcrumbList\",\"@id\":\"https:\/\/lackman.com.br\/index.php\/2025\/05\/14\/25-anos-em-livro-dfb-ganha-publicacao-historica\/#breadcrumb\",\"itemListElement\":[{\"@type\":\"ListItem\",\"position\":1,\"name\":\"In\u00edcio\",\"item\":\"https:\/\/lackman.com.br\/\"},{\"@type\":\"ListItem\",\"position\":2,\"name\":\"25 anos em livro: DFB ganha publica\u00e7\u00e3o hist\u00f3rica\"}]},{\"@type\":\"WebSite\",\"@id\":\"https:\/\/lackman.com.br\/#website\",\"url\":\"https:\/\/lackman.com.br\/\",\"name\":\"LACKMAN &amp; CO.\",\"description\":\"VIDA | MODA | ARTE\",\"publisher\":{\"@id\":\"https:\/\/lackman.com.br\/#organization\"},\"potentialAction\":[{\"@type\":\"SearchAction\",\"target\":{\"@type\":\"EntryPoint\",\"urlTemplate\":\"https:\/\/lackman.com.br\/?s={search_term_string}\"},\"query-input\":{\"@type\":\"PropertyValueSpecification\",\"valueRequired\":true,\"valueName\":\"search_term_string\"}}],\"inLanguage\":\"pt-BR\"},{\"@type\":\"Organization\",\"@id\":\"https:\/\/lackman.com.br\/#organization\",\"name\":\"LACKMAN &amp; CO.\",\"url\":\"https:\/\/lackman.com.br\/\",\"logo\":{\"@type\":\"ImageObject\",\"inLanguage\":\"pt-BR\",\"@id\":\"https:\/\/lackman.com.br\/#\/schema\/logo\/image\/\",\"url\":\"https:\/\/lackman.com.br\/wp-content\/uploads\/2023\/06\/Logotipo_preto-1.png\",\"contentUrl\":\"https:\/\/lackman.com.br\/wp-content\/uploads\/2023\/06\/Logotipo_preto-1.png\",\"width\":739,\"height\":393,\"caption\":\"LACKMAN &amp; CO.\"},\"image\":{\"@id\":\"https:\/\/lackman.com.br\/#\/schema\/logo\/image\/\"}},{\"@type\":\"Person\",\"@id\":\"https:\/\/lackman.com.br\/#\/schema\/person\/dbfb3fbfc55f2b0bd4f9039696e70858\",\"name\":\"Fernando Lackman\",\"image\":{\"@type\":\"ImageObject\",\"inLanguage\":\"pt-BR\",\"@id\":\"https:\/\/lackman.com.br\/#\/schema\/person\/image\/\",\"url\":\"https:\/\/secure.gravatar.com\/avatar\/ae7993150af197e66480c8a769891833dd2b8d809f0d9ff3f25af796cf378ce8?s=96&d=mm&r=g\",\"contentUrl\":\"https:\/\/secure.gravatar.com\/avatar\/ae7993150af197e66480c8a769891833dd2b8d809f0d9ff3f25af796cf378ce8?s=96&d=mm&r=g\",\"caption\":\"Fernando Lackman\"},\"description\":\"Fernando Lackman \u00e9 jornalista especializado em Moda e Cultura, editor do site LACKMAN.com.br. \u00c9 autor do livro Bras\u00edlia Capital dos Criadores, que conta a hist\u00f3ria da moda no Distrito Federal. Tem em seu curr\u00edculo assinatura de dire\u00e7\u00e3o criativa e de desfiles em eventos como Estilo DF Plaza, Summer Collections, JK Street Fashion, Desfile Beleza Negra (DBN), PicniK Fashion Show, Vogue Fashion\u2019s Night Out Bras\u00edlia, entre outros. Foi diretor criativo do extinto Capital Fashion Week. Atualmente trabalha na dire\u00e7\u00e3o criativa de eventos como Top CUFA, BSB Fashion Street, Bras\u00edlia Fashion House, Ateli\u00ea Bras\u00edlia e Goi\u00e1s Fashion Week.\",\"sameAs\":[\"https:\/\/lackman.com.br\/\",\"https:\/\/www.facebook.com\/fernandolackman\",\"https:\/\/www.instagram.com\/fernandolackman\/\",\"https:\/\/www.linkedin.com\/in\/fernando-lackman\/\",\"https:\/\/br.pinterest.com\/fernandolackman\/\",\"https:\/\/x.com\/fernandolackman\"],\"url\":\"https:\/\/lackman.com.br\/index.php\/author\/fernando-lackman\/\"}]}<\/script>\n<!-- \/ Yoast SEO plugin. -->","yoast_head_json":{"title":"25 anos em livro: DFB ganha publica\u00e7\u00e3o hist\u00f3rica - LACKMAN &amp; CO.","robots":{"index":"index","follow":"follow","max-snippet":"max-snippet:-1","max-image-preview":"max-image-preview:large","max-video-preview":"max-video-preview:-1"},"canonical":"https:\/\/lackman.com.br\/index.php\/2025\/05\/14\/25-anos-em-livro-dfb-ganha-publicacao-historica\/","og_locale":"pt_BR","og_type":"article","og_title":"25 anos em livro: DFB ganha publica\u00e7\u00e3o hist\u00f3rica - LACKMAN &amp; CO.","og_description":"Dando in\u00edcio ao DFB Festival de 2026, Cl\u00e1udio Silveira recebeu p\u00fablico da moda em lan\u00e7amento\u00a0 No cora\u00e7\u00e3o do Museu da Imagem de do Som, em Fortaleza, a noite da \u00faltima ter\u00e7a-feira foi de celebra\u00e7\u00e3o \u2014 e de mem\u00f3ria. O pr\u00e9-lan\u00e7amento do livro DFB XXV marcou, com eleg\u00e2ncia e afeto, o in\u00edcio oficial da edi\u00e7\u00e3o 2025 do DFB Festival. Mais do que uma publica\u00e7\u00e3o, o livro \u00e9 um mergulho em 25 anos de moda, criatividade e hist\u00f3rias que ajudaram a costurar a identidade do evento. Com curadoria fotodocumental precisa e sens\u00edvel, a obra resgata momentos emblem\u00e1ticos do festival, entre flashes, passarelas e nomes que atravessam o imagin\u00e1rio da moda brasileira \u2014 Camila Queiroz, Izabel Goulart, Isabella Fiorentino e tantos outros. Cada p\u00e1gina \u00e9 um convite \u00e0 mem\u00f3ria e uma afirma\u00e7\u00e3o da pot\u00eancia criativa nordestina. No palco, Claudio Silveira, idealizador do DFB, deu o tom da noite: \u201cContar essa hist\u00f3ria \u00e9 reconhecer o impacto cultural da moda brasileira e projetar novos caminhos\u201d. O livro, segundo ele, \u00e9 mais que um registro \u2014 \u00e9 um documento de resist\u00eancia, afeto e valoriza\u00e7\u00e3o da autoria. O lan\u00e7amento tamb\u00e9m refor\u00e7a o compromisso do festival com a preserva\u00e7\u00e3o da mem\u00f3ria da moda no pa\u00eds. E j\u00e1 adianta o que vem por a\u00ed: uma edi\u00e7\u00e3o 2025 inteiramente gratuita, com uma agenda diversa de desfiles, palestras, experi\u00eancias culturais e iniciativas voltadas \u00e0 inova\u00e7\u00e3o e \u00e0 forma\u00e7\u00e3o de novos talentos. Tudo isso com o carimbo de originalidade que transformou Fortaleza em um dos grandes polos da moda autoral no Brasil. Fotos: Tha\u00eds Mesquita\/Divulga\u00e7\u00e3o","og_url":"https:\/\/lackman.com.br\/index.php\/2025\/05\/14\/25-anos-em-livro-dfb-ganha-publicacao-historica\/","og_site_name":"LACKMAN &amp; CO.","article_author":"https:\/\/www.facebook.com\/fernandolackman","article_published_time":"2025-05-14T14:45:49+00:00","article_modified_time":"2025-05-15T14:45:53+00:00","og_image":[{"width":2560,"height":1707,"url":"http:\/\/lackman.com.br\/wp-content\/uploads\/2025\/05\/IMG_4719-scaled.jpeg","type":"image\/jpeg"}],"author":"Fernando Lackman","twitter_card":"summary_large_image","twitter_creator":"@fernandolackman","twitter_misc":{"Escrito por":"Fernando Lackman","Est. tempo de leitura":"3 minutos"},"schema":{"@context":"https:\/\/schema.org","@graph":[{"@type":"Article","@id":"https:\/\/lackman.com.br\/index.php\/2025\/05\/14\/25-anos-em-livro-dfb-ganha-publicacao-historica\/#article","isPartOf":{"@id":"https:\/\/lackman.com.br\/index.php\/2025\/05\/14\/25-anos-em-livro-dfb-ganha-publicacao-historica\/"},"author":{"name":"Fernando Lackman","@id":"https:\/\/lackman.com.br\/#\/schema\/person\/dbfb3fbfc55f2b0bd4f9039696e70858"},"headline":"25 anos em livro: DFB ganha publica\u00e7\u00e3o hist\u00f3rica","datePublished":"2025-05-14T14:45:49+00:00","dateModified":"2025-05-15T14:45:53+00:00","mainEntityOfPage":{"@id":"https:\/\/lackman.com.br\/index.php\/2025\/05\/14\/25-anos-em-livro-dfb-ganha-publicacao-historica\/"},"wordCount":292,"publisher":{"@id":"https:\/\/lackman.com.br\/#organization"},"image":{"@id":"https:\/\/lackman.com.br\/index.php\/2025\/05\/14\/25-anos-em-livro-dfb-ganha-publicacao-historica\/#primaryimage"},"thumbnailUrl":"https:\/\/lackman.com.br\/wp-content\/uploads\/2025\/05\/IMG_4719-scaled.jpeg","articleSection":["Especiais","Moda","Passarela"],"inLanguage":"pt-BR"},{"@type":"WebPage","@id":"https:\/\/lackman.com.br\/index.php\/2025\/05\/14\/25-anos-em-livro-dfb-ganha-publicacao-historica\/","url":"https:\/\/lackman.com.br\/index.php\/2025\/05\/14\/25-anos-em-livro-dfb-ganha-publicacao-historica\/","name":"25 anos em livro: DFB ganha publica\u00e7\u00e3o hist\u00f3rica - LACKMAN &amp; CO.","isPartOf":{"@id":"https:\/\/lackman.com.br\/#website"},"primaryImageOfPage":{"@id":"https:\/\/lackman.com.br\/index.php\/2025\/05\/14\/25-anos-em-livro-dfb-ganha-publicacao-historica\/#primaryimage"},"image":{"@id":"https:\/\/lackman.com.br\/index.php\/2025\/05\/14\/25-anos-em-livro-dfb-ganha-publicacao-historica\/#primaryimage"},"thumbnailUrl":"https:\/\/lackman.com.br\/wp-content\/uploads\/2025\/05\/IMG_4719-scaled.jpeg","datePublished":"2025-05-14T14:45:49+00:00","dateModified":"2025-05-15T14:45:53+00:00","breadcrumb":{"@id":"https:\/\/lackman.com.br\/index.php\/2025\/05\/14\/25-anos-em-livro-dfb-ganha-publicacao-historica\/#breadcrumb"},"inLanguage":"pt-BR","potentialAction":[{"@type":"ReadAction","target":["https:\/\/lackman.com.br\/index.php\/2025\/05\/14\/25-anos-em-livro-dfb-ganha-publicacao-historica\/"]}]},{"@type":"ImageObject","inLanguage":"pt-BR","@id":"https:\/\/lackman.com.br\/index.php\/2025\/05\/14\/25-anos-em-livro-dfb-ganha-publicacao-historica\/#primaryimage","url":"https:\/\/lackman.com.br\/wp-content\/uploads\/2025\/05\/IMG_4719-scaled.jpeg","contentUrl":"https:\/\/lackman.com.br\/wp-content\/uploads\/2025\/05\/IMG_4719-scaled.jpeg","width":2560,"height":1707},{"@type":"BreadcrumbList","@id":"https:\/\/lackman.com.br\/index.php\/2025\/05\/14\/25-anos-em-livro-dfb-ganha-publicacao-historica\/#breadcrumb","itemListElement":[{"@type":"ListItem","position":1,"name":"In\u00edcio","item":"https:\/\/lackman.com.br\/"},{"@type":"ListItem","position":2,"name":"25 anos em livro: DFB ganha publica\u00e7\u00e3o hist\u00f3rica"}]},{"@type":"WebSite","@id":"https:\/\/lackman.com.br\/#website","url":"https:\/\/lackman.com.br\/","name":"LACKMAN &amp; CO.","description":"VIDA | MODA | ARTE","publisher":{"@id":"https:\/\/lackman.com.br\/#organization"},"potentialAction":[{"@type":"SearchAction","target":{"@type":"EntryPoint","urlTemplate":"https:\/\/lackman.com.br\/?s={search_term_string}"},"query-input":{"@type":"PropertyValueSpecification","valueRequired":true,"valueName":"search_term_string"}}],"inLanguage":"pt-BR"},{"@type":"Organization","@id":"https:\/\/lackman.com.br\/#organization","name":"LACKMAN &amp; CO.","url":"https:\/\/lackman.com.br\/","logo":{"@type":"ImageObject","inLanguage":"pt-BR","@id":"https:\/\/lackman.com.br\/#\/schema\/logo\/image\/","url":"https:\/\/lackman.com.br\/wp-content\/uploads\/2023\/06\/Logotipo_preto-1.png","contentUrl":"https:\/\/lackman.com.br\/wp-content\/uploads\/2023\/06\/Logotipo_preto-1.png","width":739,"height":393,"caption":"LACKMAN &amp; CO."},"image":{"@id":"https:\/\/lackman.com.br\/#\/schema\/logo\/image\/"}},{"@type":"Person","@id":"https:\/\/lackman.com.br\/#\/schema\/person\/dbfb3fbfc55f2b0bd4f9039696e70858","name":"Fernando Lackman","image":{"@type":"ImageObject","inLanguage":"pt-BR","@id":"https:\/\/lackman.com.br\/#\/schema\/person\/image\/","url":"https:\/\/secure.gravatar.com\/avatar\/ae7993150af197e66480c8a769891833dd2b8d809f0d9ff3f25af796cf378ce8?s=96&d=mm&r=g","contentUrl":"https:\/\/secure.gravatar.com\/avatar\/ae7993150af197e66480c8a769891833dd2b8d809f0d9ff3f25af796cf378ce8?s=96&d=mm&r=g","caption":"Fernando Lackman"},"description":"Fernando Lackman \u00e9 jornalista especializado em Moda e Cultura, editor do site LACKMAN.com.br. \u00c9 autor do livro Bras\u00edlia Capital dos Criadores, que conta a hist\u00f3ria da moda no Distrito Federal. Tem em seu curr\u00edculo assinatura de dire\u00e7\u00e3o criativa e de desfiles em eventos como Estilo DF Plaza, Summer Collections, JK Street Fashion, Desfile Beleza Negra (DBN), PicniK Fashion Show, Vogue Fashion\u2019s Night Out Bras\u00edlia, entre outros. Foi diretor criativo do extinto Capital Fashion Week. Atualmente trabalha na dire\u00e7\u00e3o criativa de eventos como Top CUFA, BSB Fashion Street, Bras\u00edlia Fashion House, Ateli\u00ea Bras\u00edlia e Goi\u00e1s Fashion Week.","sameAs":["https:\/\/lackman.com.br\/","https:\/\/www.facebook.com\/fernandolackman","https:\/\/www.instagram.com\/fernandolackman\/","https:\/\/www.linkedin.com\/in\/fernando-lackman\/","https:\/\/br.pinterest.com\/fernandolackman\/","https:\/\/x.com\/fernandolackman"],"url":"https:\/\/lackman.com.br\/index.php\/author\/fernando-lackman\/"}]}},"rttpg_featured_image_url":{"full":["https:\/\/lackman.com.br\/wp-content\/uploads\/2025\/05\/IMG_4719-scaled.jpeg",2560,1707,false],"landscape":["https:\/\/lackman.com.br\/wp-content\/uploads\/2025\/05\/IMG_4719-scaled.jpeg",2560,1707,false],"portraits":["https:\/\/lackman.com.br\/wp-content\/uploads\/2025\/05\/IMG_4719-scaled.jpeg",2560,1707,false],"thumbnail":["https:\/\/lackman.com.br\/wp-content\/uploads\/2025\/05\/IMG_4719-150x150.jpeg",150,150,true],"medium":["https:\/\/lackman.com.br\/wp-content\/uploads\/2025\/05\/IMG_4719-300x200.jpeg",300,200,true],"large":["https:\/\/lackman.com.br\/wp-content\/uploads\/2025\/05\/IMG_4719-1024x683.jpeg",1024,683,true],"RoboGalleryMansoryImagesCenter":["https:\/\/lackman.com.br\/wp-content\/uploads\/2025\/05\/IMG_4719-600x1024.jpeg",600,1024,true],"RoboGalleryPreload":["https:\/\/lackman.com.br\/wp-content\/uploads\/2025\/05\/IMG_4719-scaled.jpeg",100,67,false],"1536x1536":["https:\/\/lackman.com.br\/wp-content\/uploads\/2025\/05\/IMG_4719-1536x1024.jpeg",1536,1024,true],"2048x2048":["https:\/\/lackman.com.br\/wp-content\/uploads\/2025\/05\/IMG_4719-2048x1365.jpeg",2048,1365,true]},"rttpg_author":{"display_name":"Fernando Lackman","author_link":"https:\/\/lackman.com.br\/index.php\/author\/fernando-lackman\/"},"rttpg_comment":0,"rttpg_category":"<a href=\"https:\/\/lackman.com.br\/index.php\/category\/especiais\/\" rel=\"category tag\">Especiais<\/a> <a href=\"https:\/\/lackman.com.br\/index.php\/category\/moda\/\" rel=\"category tag\">Moda<\/a> <a href=\"https:\/\/lackman.com.br\/index.php\/category\/moda\/passarela\/\" rel=\"category tag\">Passarela<\/a>","rttpg_excerpt":"Dando in\u00edcio ao DFB Festival de 2026, Cl\u00e1udio Silveira recebeu p\u00fablico da moda em lan\u00e7amento\u00a0 No cora\u00e7\u00e3o do Museu da Imagem de do Som, em Fortaleza, a noite da \u00faltima ter\u00e7a-feira foi de celebra\u00e7\u00e3o \u2014 e de mem\u00f3ria. O pr\u00e9-lan\u00e7amento do livro DFB XXV marcou, com eleg\u00e2ncia e afeto, o in\u00edcio oficial da edi\u00e7\u00e3o 2025&hellip;","_links":{"self":[{"href":"https:\/\/lackman.com.br\/index.php\/wp-json\/wp\/v2\/posts\/9461","targetHints":{"allow":["GET"]}}],"collection":[{"href":"https:\/\/lackman.com.br\/index.php\/wp-json\/wp\/v2\/posts"}],"about":[{"href":"https:\/\/lackman.com.br\/index.php\/wp-json\/wp\/v2\/types\/post"}],"author":[{"embeddable":true,"href":"https:\/\/lackman.com.br\/index.php\/wp-json\/wp\/v2\/users\/2"}],"replies":[{"embeddable":true,"href":"https:\/\/lackman.com.br\/index.php\/wp-json\/wp\/v2\/comments?post=9461"}],"version-history":[{"count":1,"href":"https:\/\/lackman.com.br\/index.php\/wp-json\/wp\/v2\/posts\/9461\/revisions"}],"predecessor-version":[{"id":9467,"href":"https:\/\/lackman.com.br\/index.php\/wp-json\/wp\/v2\/posts\/9461\/revisions\/9467"}],"wp:featuredmedia":[{"embeddable":true,"href":"https:\/\/lackman.com.br\/index.php\/wp-json\/wp\/v2\/media\/9462"}],"wp:attachment":[{"href":"https:\/\/lackman.com.br\/index.php\/wp-json\/wp\/v2\/media?parent=9461"}],"wp:term":[{"taxonomy":"category","embeddable":true,"href":"https:\/\/lackman.com.br\/index.php\/wp-json\/wp\/v2\/categories?post=9461"},{"taxonomy":"post_tag","embeddable":true,"href":"https:\/\/lackman.com.br\/index.php\/wp-json\/wp\/v2\/tags?post=9461"}],"curies":[{"name":"wp","href":"https:\/\/api.w.org\/{rel}","templated":true}]}}