{"id":9297,"date":"2025-04-29T17:30:41","date_gmt":"2025-04-29T20:30:41","guid":{"rendered":"https:\/\/lackman.com.br\/?p=9297"},"modified":"2025-04-29T17:30:41","modified_gmt":"2025-04-29T20:30:41","slug":"thiago-paraiso-cria-novo-gelato-para-a-davvero","status":"publish","type":"post","link":"https:\/\/lackman.com.br\/index.php\/2025\/04\/29\/thiago-paraiso-cria-novo-gelato-para-a-davvero\/","title":{"rendered":"Thiago Para\u00edso cria novo gelato para a Davvero"},"content":{"rendered":"<p style=\"text-align: justify\"><em>A gelateria mais premiada do Brasil celebra os 65 anos de Bras\u00edlia com uma deliciosa e exclusiva homenagem ao Cerrado<\/em><\/p>\n<p style=\"text-align: justify\"><em>\u00a0<\/em><\/p>\n<p style=\"text-align: justify\">Com 10 anos de hist\u00f3ria e consolidada como a\u00a0gelateria mais premiada do Brasil, a <strong>Davvero<\/strong> chegou a Bras\u00edlia em 2024, ampliando sua presen\u00e7a em uma das pra\u00e7as de maior crescimento da marca. Em comemora\u00e7\u00e3o aos 65 anos da capital federal, onde est\u00e1 presente com tr\u00eas unidades (Conjunto Nacional, 103 Sul e ParkShopping), a marca convidou o chef brasiliense <strong>Thiago Paraiso<\/strong> para desenvolver um sabor exclusivo em homenagem \u00e0 cidade. O resultado \u00e9 o \u201cEncanto do Cerrado\u201d \u2014 um\u00a0gelato\u00a0\u00e0 base de\u00a0vanilla, com camadas de doce de leite e crocantes de castanha baru, ingrediente t\u00edpico do bioma local.<\/p>\n<figure id=\"attachment_9300\" aria-describedby=\"caption-attachment-9300\" style=\"width: 950px\" class=\"wp-caption aligncenter\"><img fetchpriority=\"high\" decoding=\"async\" class=\"wp-image-9300 size-full\" src=\"http:\/\/lackman.com.br\/wp-content\/uploads\/2025\/04\/Chef-Thiago-Paraiso-credito-Artur-Alexandre.jpeg\" alt=\"\" width=\"950\" height=\"1280\" srcset=\"https:\/\/lackman.com.br\/wp-content\/uploads\/2025\/04\/Chef-Thiago-Paraiso-credito-Artur-Alexandre.jpeg 950w, https:\/\/lackman.com.br\/wp-content\/uploads\/2025\/04\/Chef-Thiago-Paraiso-credito-Artur-Alexandre-223x300.jpeg 223w, https:\/\/lackman.com.br\/wp-content\/uploads\/2025\/04\/Chef-Thiago-Paraiso-credito-Artur-Alexandre-760x1024.jpeg 760w, https:\/\/lackman.com.br\/wp-content\/uploads\/2025\/04\/Chef-Thiago-Paraiso-credito-Artur-Alexandre-768x1035.jpeg 768w\" sizes=\"(max-width: 950px) 100vw, 950px\" \/><figcaption id=\"caption-attachment-9300\" class=\"wp-caption-text\">Thiago Para\u00edso<\/figcaption><\/figure>\n<p style=\"text-align: justify\">&#8220;<em>Fui convidado pela Davvero para criar\u00a0um\u00a0sabor\u00a0com a cara da nossa cidade, e n\u00e3o poderia deixar de trazer o Cerrado representado pelo baru<\/em>&#8220;, explica o chef Thiago Paraiso. Para a marca, a Davvero n\u00e3o poderia ter feito uma parceria melhor do que essa com o chef Thiago, respons\u00e1vel por lhes apresentar os sabores locais.\u00a0\u201c<em>Bras\u00edlia \u00e9 um mercado estrat\u00e9gico e de grande import\u00e2ncia para a Davvero. Como forma de celebra\u00e7\u00e3o, criamos este projeto para homenagear a cidade e fortalecer ainda mais nossa conex\u00e3o com o p\u00fablico local<\/em>\u201d, explicam em uma s\u00f3 voz <strong>D\u00e9bora Ferrari<\/strong> e <strong>Suelen Ferrari<\/strong>, s\u00f3cias-fundadoras da Davvero.<\/p>\n<p style=\"text-align: justify\">Em tempo, esse novo sabor est\u00e1 dispon\u00edvel em todas as unidades da Davvero por tempo limitado. Este colunista j\u00e1 provou e afirma, voc\u00ea precisa sair <strong>#PERAMBULANDO<\/strong> o quanto antes para provar essa del\u00edcia que tem gostinho de quero mais!<\/p>\n<p style=\"text-align: justify\"><img decoding=\"async\" class=\"aligncenter wp-image-9299 size-full\" src=\"http:\/\/lackman.com.br\/wp-content\/uploads\/2025\/04\/Davvero-Credito-Vitor-Tagudi-2-scaled.jpg\" alt=\"\" width=\"1441\" height=\"2560\" srcset=\"https:\/\/lackman.com.br\/wp-content\/uploads\/2025\/04\/Davvero-Credito-Vitor-Tagudi-2-scaled.jpg 1441w, https:\/\/lackman.com.br\/wp-content\/uploads\/2025\/04\/Davvero-Credito-Vitor-Tagudi-2-169x300.jpg 169w, https:\/\/lackman.com.br\/wp-content\/uploads\/2025\/04\/Davvero-Credito-Vitor-Tagudi-2-577x1024.jpg 577w, https:\/\/lackman.com.br\/wp-content\/uploads\/2025\/04\/Davvero-Credito-Vitor-Tagudi-2-768x1364.jpg 768w, https:\/\/lackman.com.br\/wp-content\/uploads\/2025\/04\/Davvero-Credito-Vitor-Tagudi-2-865x1536.jpg 865w, https:\/\/lackman.com.br\/wp-content\/uploads\/2025\/04\/Davvero-Credito-Vitor-Tagudi-2-1153x2048.jpg 1153w\" sizes=\"(max-width: 1441px) 100vw, 1441px\" \/><\/p>\n<p style=\"text-align: justify\"><strong>Quem quer se encantar, ainda mais, pelo Cerrado? <\/strong><\/p>\n<p style=\"text-align: justify\"><strong>Davvero Bras\u00edlia\u00a0\u00a0<\/strong>\/ Conjunto Nacional, ParkShopping e<span style=\"font-size: 16px\"> CLS 103 \/ Siga <\/span><a href=\"https:\/\/www.instagram.com\/davverogelato\/\"><strong><span style=\"font-size: 16px\">@davverogelato<\/span><\/strong><\/a><\/p>\n<p style=\"text-align: justify\">\n","protected":false},"excerpt":{"rendered":"<p>A gelateria mais premiada do Brasil celebra os 65 anos de Bras\u00edlia com uma deliciosa e exclusiva homenagem ao Cerrado \u00a0 Com 10 anos de hist\u00f3ria e consolidada como a\u00a0gelateria mais premiada do Brasil, a Davvero chegou a Bras\u00edlia em 2024, ampliando sua presen\u00e7a em uma das pra\u00e7as de maior crescimento da marca. Em comemora\u00e7\u00e3o aos 65 anos da capital federal, onde est\u00e1 presente com tr\u00eas unidades (Conjunto Nacional, 103 Sul e ParkShopping), a marca convidou o chef brasiliense Thiago Paraiso para desenvolver um sabor exclusivo em homenagem \u00e0 cidade. O resultado \u00e9 o \u201cEncanto do Cerrado\u201d \u2014 um\u00a0gelato\u00a0\u00e0 base de\u00a0vanilla, com camadas de doce de leite e crocantes de castanha baru, ingrediente t\u00edpico do bioma local. &#8220;Fui convidado pela Davvero para criar\u00a0um\u00a0sabor\u00a0com a cara da nossa cidade, e n\u00e3o poderia deixar de trazer o Cerrado representado pelo baru&#8220;, explica o chef Thiago Paraiso. Para a marca, a Davvero n\u00e3o poderia ter feito uma parceria melhor do que essa com o chef Thiago, respons\u00e1vel por lhes apresentar os sabores locais.\u00a0\u201cBras\u00edlia \u00e9 um mercado estrat\u00e9gico e de grande import\u00e2ncia para a Davvero. Como forma de celebra\u00e7\u00e3o, criamos este projeto para homenagear a cidade e fortalecer ainda mais nossa conex\u00e3o com o p\u00fablico local\u201d, explicam em uma s\u00f3 voz D\u00e9bora Ferrari e Suelen Ferrari, s\u00f3cias-fundadoras da Davvero. Em tempo, esse novo sabor est\u00e1 dispon\u00edvel em todas as unidades da Davvero por tempo limitado. Este colunista j\u00e1 provou e afirma, voc\u00ea precisa sair #PERAMBULANDO o quanto antes para provar essa del\u00edcia que tem gostinho de quero mais! Quem quer se encantar, ainda mais, pelo Cerrado? Davvero Bras\u00edlia\u00a0\u00a0\/ Conjunto Nacional, ParkShopping e CLS 103 \/ Siga @davverogelato<\/p>\n","protected":false},"author":6,"featured_media":9298,"comment_status":"closed","ping_status":"open","sticky":false,"template":"","format":"standard","meta":{"site-sidebar-layout":"default","site-content-layout":"","ast-site-content-layout":"default","site-content-style":"default","site-sidebar-style":"default","ast-global-header-display":"","ast-banner-title-visibility":"","ast-main-header-display":"","ast-hfb-above-header-display":"","ast-hfb-below-header-display":"","ast-hfb-mobile-header-display":"","site-post-title":"","ast-breadcrumbs-content":"","ast-featured-img":"","footer-sml-layout":"","ast-disable-related-posts":"","theme-transparent-header-meta":"default","adv-header-id-meta":"","stick-header-meta":"","header-above-stick-meta":"","header-main-stick-meta":"","header-below-stick-meta":"","astra-migrate-meta-layouts":"set","ast-page-background-enabled":"default","ast-page-background-meta":{"desktop":{"background-color":"","background-image":"","background-repeat":"repeat","background-position":"center center","background-size":"auto","background-attachment":"scroll","background-type":"","background-media":"","overlay-type":"","overlay-color":"","overlay-opacity":"","overlay-gradient":""},"tablet":{"background-color":"","background-image":"","background-repeat":"repeat","background-position":"center center","background-size":"auto","background-attachment":"scroll","background-type":"","background-media":"","overlay-type":"","overlay-color":"","overlay-opacity":"","overlay-gradient":""},"mobile":{"background-color":"","background-image":"","background-repeat":"repeat","background-position":"center center","background-size":"auto","background-attachment":"scroll","background-type":"","background-media":"","overlay-type":"","overlay-color":"","overlay-opacity":"","overlay-gradient":""}},"ast-content-background-meta":{"desktop":{"background-color":"var(--ast-global-color-5)","background-image":"","background-repeat":"repeat","background-position":"center center","background-size":"auto","background-attachment":"scroll","background-type":"","background-media":"","overlay-type":"","overlay-color":"","overlay-opacity":"","overlay-gradient":""},"tablet":{"background-color":"var(--ast-global-color-5)","background-image":"","background-repeat":"repeat","background-position":"center center","background-size":"auto","background-attachment":"scroll","background-type":"","background-media":"","overlay-type":"","overlay-color":"","overlay-opacity":"","overlay-gradient":""},"mobile":{"background-color":"var(--ast-global-color-5)","background-image":"","background-repeat":"repeat","background-position":"center center","background-size":"auto","background-attachment":"scroll","background-type":"","background-media":"","overlay-type":"","overlay-color":"","overlay-opacity":"","overlay-gradient":""}},"footnotes":""},"categories":[42,43],"tags":[288,54,1988,1865,1984,89,1986,1985,1944,1987,215],"class_list":["post-9297","post","type-post","status-publish","format-standard","has-post-thumbnail","hentry","category-gastronomia","category-perambulando","tag-perambulandocomogiba","tag-brasilia","tag-brasilia-65-anos","tag-coluna-perambulando","tag-davvero","tag-df","tag-encanto-do-cerrado","tag-gelateria","tag-gelato","tag-sorvete","tag-thiago-paraiso"],"yoast_head":"<!-- This site is optimized with the Yoast SEO plugin v27.0 - https:\/\/yoast.com\/product\/yoast-seo-wordpress\/ -->\n<title>Thiago Para\u00edso cria novo gelato para a Davvero - LACKMAN &amp; CO.<\/title>\n<meta name=\"robots\" content=\"index, follow, max-snippet:-1, max-image-preview:large, max-video-preview:-1\" \/>\n<link rel=\"canonical\" href=\"https:\/\/lackman.com.br\/index.php\/2025\/04\/29\/thiago-paraiso-cria-novo-gelato-para-a-davvero\/\" \/>\n<meta property=\"og:locale\" content=\"pt_BR\" \/>\n<meta property=\"og:type\" content=\"article\" \/>\n<meta property=\"og:title\" content=\"Thiago Para\u00edso cria novo gelato para a Davvero - LACKMAN &amp; CO.\" \/>\n<meta property=\"og:description\" content=\"A gelateria mais premiada do Brasil celebra os 65 anos de Bras\u00edlia com uma deliciosa e exclusiva homenagem ao Cerrado \u00a0 Com 10 anos de hist\u00f3ria e consolidada como a\u00a0gelateria mais premiada do Brasil, a Davvero chegou a Bras\u00edlia em 2024, ampliando sua presen\u00e7a em uma das pra\u00e7as de maior crescimento da marca. Em comemora\u00e7\u00e3o aos 65 anos da capital federal, onde est\u00e1 presente com tr\u00eas unidades (Conjunto Nacional, 103 Sul e ParkShopping), a marca convidou o chef brasiliense Thiago Paraiso para desenvolver um sabor exclusivo em homenagem \u00e0 cidade. O resultado \u00e9 o \u201cEncanto do Cerrado\u201d \u2014 um\u00a0gelato\u00a0\u00e0 base de\u00a0vanilla, com camadas de doce de leite e crocantes de castanha baru, ingrediente t\u00edpico do bioma local. &#8220;Fui convidado pela Davvero para criar\u00a0um\u00a0sabor\u00a0com a cara da nossa cidade, e n\u00e3o poderia deixar de trazer o Cerrado representado pelo baru&#8220;, explica o chef Thiago Paraiso. Para a marca, a Davvero n\u00e3o poderia ter feito uma parceria melhor do que essa com o chef Thiago, respons\u00e1vel por lhes apresentar os sabores locais.\u00a0\u201cBras\u00edlia \u00e9 um mercado estrat\u00e9gico e de grande import\u00e2ncia para a Davvero. Como forma de celebra\u00e7\u00e3o, criamos este projeto para homenagear a cidade e fortalecer ainda mais nossa conex\u00e3o com o p\u00fablico local\u201d, explicam em uma s\u00f3 voz D\u00e9bora Ferrari e Suelen Ferrari, s\u00f3cias-fundadoras da Davvero. Em tempo, esse novo sabor est\u00e1 dispon\u00edvel em todas as unidades da Davvero por tempo limitado. Este colunista j\u00e1 provou e afirma, voc\u00ea precisa sair #PERAMBULANDO o quanto antes para provar essa del\u00edcia que tem gostinho de quero mais! Quem quer se encantar, ainda mais, pelo Cerrado? Davvero Bras\u00edlia\u00a0\u00a0\/ Conjunto Nacional, ParkShopping e CLS 103 \/ Siga @davverogelato\" \/>\n<meta property=\"og:url\" content=\"https:\/\/lackman.com.br\/index.php\/2025\/04\/29\/thiago-paraiso-cria-novo-gelato-para-a-davvero\/\" \/>\n<meta property=\"og:site_name\" content=\"LACKMAN &amp; CO.\" \/>\n<meta property=\"article:published_time\" content=\"2025-04-29T20:30:41+00:00\" \/>\n<meta property=\"og:image\" content=\"http:\/\/lackman.com.br\/wp-content\/uploads\/2025\/04\/Davvero-Credito-Vitor-Tagudi-3-scaled.jpg\" \/>\n\t<meta property=\"og:image:width\" content=\"1441\" \/>\n\t<meta property=\"og:image:height\" content=\"2560\" \/>\n\t<meta property=\"og:image:type\" content=\"image\/jpeg\" \/>\n<meta name=\"author\" content=\"Gilberto Evangelista - Colunista\" \/>\n<meta name=\"twitter:card\" content=\"summary_large_image\" \/>\n<meta name=\"twitter:label1\" content=\"Escrito por\" \/>\n\t<meta name=\"twitter:data1\" content=\"Gilberto Evangelista - Colunista\" \/>\n\t<meta name=\"twitter:label2\" content=\"Est. tempo de leitura\" \/>\n\t<meta name=\"twitter:data2\" content=\"2 minutos\" \/>\n<script type=\"application\/ld+json\" class=\"yoast-schema-graph\">{\"@context\":\"https:\/\/schema.org\",\"@graph\":[{\"@type\":\"Article\",\"@id\":\"https:\/\/lackman.com.br\/index.php\/2025\/04\/29\/thiago-paraiso-cria-novo-gelato-para-a-davvero\/#article\",\"isPartOf\":{\"@id\":\"https:\/\/lackman.com.br\/index.php\/2025\/04\/29\/thiago-paraiso-cria-novo-gelato-para-a-davvero\/\"},\"author\":{\"name\":\"Gilberto Evangelista - Colunista\",\"@id\":\"https:\/\/lackman.com.br\/#\/schema\/person\/8a2355f699593d21d4f0d25b69db5747\"},\"headline\":\"Thiago Para\u00edso cria novo gelato para a Davvero\",\"datePublished\":\"2025-04-29T20:30:41+00:00\",\"mainEntityOfPage\":{\"@id\":\"https:\/\/lackman.com.br\/index.php\/2025\/04\/29\/thiago-paraiso-cria-novo-gelato-para-a-davvero\/\"},\"wordCount\":309,\"publisher\":{\"@id\":\"https:\/\/lackman.com.br\/#organization\"},\"image\":{\"@id\":\"https:\/\/lackman.com.br\/index.php\/2025\/04\/29\/thiago-paraiso-cria-novo-gelato-para-a-davvero\/#primaryimage\"},\"thumbnailUrl\":\"https:\/\/lackman.com.br\/wp-content\/uploads\/2025\/04\/Davvero-Credito-Vitor-Tagudi-3-scaled.jpg\",\"keywords\":[\"#perambulandocomogiba\",\"brasilia\",\"Bras\u00edlia 65 anos\",\"coluna #PERAMBULANDO\",\"Davvero\",\"df\",\"Encanto do Cerrado\",\"gelateria\",\"gelato\",\"sorvete\",\"thiago paraiso\"],\"articleSection\":[\"Gastr\u00f4\",\"Perambulando\"],\"inLanguage\":\"pt-BR\"},{\"@type\":\"WebPage\",\"@id\":\"https:\/\/lackman.com.br\/index.php\/2025\/04\/29\/thiago-paraiso-cria-novo-gelato-para-a-davvero\/\",\"url\":\"https:\/\/lackman.com.br\/index.php\/2025\/04\/29\/thiago-paraiso-cria-novo-gelato-para-a-davvero\/\",\"name\":\"Thiago Para\u00edso cria novo gelato para a Davvero - LACKMAN &amp; CO.\",\"isPartOf\":{\"@id\":\"https:\/\/lackman.com.br\/#website\"},\"primaryImageOfPage\":{\"@id\":\"https:\/\/lackman.com.br\/index.php\/2025\/04\/29\/thiago-paraiso-cria-novo-gelato-para-a-davvero\/#primaryimage\"},\"image\":{\"@id\":\"https:\/\/lackman.com.br\/index.php\/2025\/04\/29\/thiago-paraiso-cria-novo-gelato-para-a-davvero\/#primaryimage\"},\"thumbnailUrl\":\"https:\/\/lackman.com.br\/wp-content\/uploads\/2025\/04\/Davvero-Credito-Vitor-Tagudi-3-scaled.jpg\",\"datePublished\":\"2025-04-29T20:30:41+00:00\",\"breadcrumb\":{\"@id\":\"https:\/\/lackman.com.br\/index.php\/2025\/04\/29\/thiago-paraiso-cria-novo-gelato-para-a-davvero\/#breadcrumb\"},\"inLanguage\":\"pt-BR\",\"potentialAction\":[{\"@type\":\"ReadAction\",\"target\":[\"https:\/\/lackman.com.br\/index.php\/2025\/04\/29\/thiago-paraiso-cria-novo-gelato-para-a-davvero\/\"]}]},{\"@type\":\"ImageObject\",\"inLanguage\":\"pt-BR\",\"@id\":\"https:\/\/lackman.com.br\/index.php\/2025\/04\/29\/thiago-paraiso-cria-novo-gelato-para-a-davvero\/#primaryimage\",\"url\":\"https:\/\/lackman.com.br\/wp-content\/uploads\/2025\/04\/Davvero-Credito-Vitor-Tagudi-3-scaled.jpg\",\"contentUrl\":\"https:\/\/lackman.com.br\/wp-content\/uploads\/2025\/04\/Davvero-Credito-Vitor-Tagudi-3-scaled.jpg\",\"width\":1441,\"height\":2560},{\"@type\":\"BreadcrumbList\",\"@id\":\"https:\/\/lackman.com.br\/index.php\/2025\/04\/29\/thiago-paraiso-cria-novo-gelato-para-a-davvero\/#breadcrumb\",\"itemListElement\":[{\"@type\":\"ListItem\",\"position\":1,\"name\":\"In\u00edcio\",\"item\":\"https:\/\/lackman.com.br\/\"},{\"@type\":\"ListItem\",\"position\":2,\"name\":\"Thiago Para\u00edso cria novo gelato para a Davvero\"}]},{\"@type\":\"WebSite\",\"@id\":\"https:\/\/lackman.com.br\/#website\",\"url\":\"https:\/\/lackman.com.br\/\",\"name\":\"LACKMAN &amp; CO.\",\"description\":\"VIDA | MODA | ARTE\",\"publisher\":{\"@id\":\"https:\/\/lackman.com.br\/#organization\"},\"potentialAction\":[{\"@type\":\"SearchAction\",\"target\":{\"@type\":\"EntryPoint\",\"urlTemplate\":\"https:\/\/lackman.com.br\/?s={search_term_string}\"},\"query-input\":{\"@type\":\"PropertyValueSpecification\",\"valueRequired\":true,\"valueName\":\"search_term_string\"}}],\"inLanguage\":\"pt-BR\"},{\"@type\":\"Organization\",\"@id\":\"https:\/\/lackman.com.br\/#organization\",\"name\":\"LACKMAN &amp; CO.\",\"url\":\"https:\/\/lackman.com.br\/\",\"logo\":{\"@type\":\"ImageObject\",\"inLanguage\":\"pt-BR\",\"@id\":\"https:\/\/lackman.com.br\/#\/schema\/logo\/image\/\",\"url\":\"https:\/\/lackman.com.br\/wp-content\/uploads\/2023\/06\/Logotipo_preto-1.png\",\"contentUrl\":\"https:\/\/lackman.com.br\/wp-content\/uploads\/2023\/06\/Logotipo_preto-1.png\",\"width\":739,\"height\":393,\"caption\":\"LACKMAN &amp; CO.\"},\"image\":{\"@id\":\"https:\/\/lackman.com.br\/#\/schema\/logo\/image\/\"}},{\"@type\":\"Person\",\"@id\":\"https:\/\/lackman.com.br\/#\/schema\/person\/8a2355f699593d21d4f0d25b69db5747\",\"name\":\"Gilberto Evangelista - Colunista\",\"image\":{\"@type\":\"ImageObject\",\"inLanguage\":\"pt-BR\",\"@id\":\"https:\/\/lackman.com.br\/#\/schema\/person\/image\/\",\"url\":\"https:\/\/secure.gravatar.com\/avatar\/cea9badf02f8a90f7a745f2cbea45fda61f65711ec015e2faf3809cca6337c28?s=96&d=mm&r=g\",\"contentUrl\":\"https:\/\/secure.gravatar.com\/avatar\/cea9badf02f8a90f7a745f2cbea45fda61f65711ec015e2faf3809cca6337c28?s=96&d=mm&r=g\",\"caption\":\"Gilberto Evangelista - Colunista\"},\"description\":\"Jornalista e globetrotter.\",\"url\":\"https:\/\/lackman.com.br\/index.php\/author\/gilberto-brito\/\"}]}<\/script>\n<!-- \/ Yoast SEO plugin. -->","yoast_head_json":{"title":"Thiago Para\u00edso cria novo gelato para a Davvero - LACKMAN &amp; CO.","robots":{"index":"index","follow":"follow","max-snippet":"max-snippet:-1","max-image-preview":"max-image-preview:large","max-video-preview":"max-video-preview:-1"},"canonical":"https:\/\/lackman.com.br\/index.php\/2025\/04\/29\/thiago-paraiso-cria-novo-gelato-para-a-davvero\/","og_locale":"pt_BR","og_type":"article","og_title":"Thiago Para\u00edso cria novo gelato para a Davvero - LACKMAN &amp; CO.","og_description":"A gelateria mais premiada do Brasil celebra os 65 anos de Bras\u00edlia com uma deliciosa e exclusiva homenagem ao Cerrado \u00a0 Com 10 anos de hist\u00f3ria e consolidada como a\u00a0gelateria mais premiada do Brasil, a Davvero chegou a Bras\u00edlia em 2024, ampliando sua presen\u00e7a em uma das pra\u00e7as de maior crescimento da marca. Em comemora\u00e7\u00e3o aos 65 anos da capital federal, onde est\u00e1 presente com tr\u00eas unidades (Conjunto Nacional, 103 Sul e ParkShopping), a marca convidou o chef brasiliense Thiago Paraiso para desenvolver um sabor exclusivo em homenagem \u00e0 cidade. O resultado \u00e9 o \u201cEncanto do Cerrado\u201d \u2014 um\u00a0gelato\u00a0\u00e0 base de\u00a0vanilla, com camadas de doce de leite e crocantes de castanha baru, ingrediente t\u00edpico do bioma local. &#8220;Fui convidado pela Davvero para criar\u00a0um\u00a0sabor\u00a0com a cara da nossa cidade, e n\u00e3o poderia deixar de trazer o Cerrado representado pelo baru&#8220;, explica o chef Thiago Paraiso. Para a marca, a Davvero n\u00e3o poderia ter feito uma parceria melhor do que essa com o chef Thiago, respons\u00e1vel por lhes apresentar os sabores locais.\u00a0\u201cBras\u00edlia \u00e9 um mercado estrat\u00e9gico e de grande import\u00e2ncia para a Davvero. Como forma de celebra\u00e7\u00e3o, criamos este projeto para homenagear a cidade e fortalecer ainda mais nossa conex\u00e3o com o p\u00fablico local\u201d, explicam em uma s\u00f3 voz D\u00e9bora Ferrari e Suelen Ferrari, s\u00f3cias-fundadoras da Davvero. Em tempo, esse novo sabor est\u00e1 dispon\u00edvel em todas as unidades da Davvero por tempo limitado. Este colunista j\u00e1 provou e afirma, voc\u00ea precisa sair #PERAMBULANDO o quanto antes para provar essa del\u00edcia que tem gostinho de quero mais! Quem quer se encantar, ainda mais, pelo Cerrado? Davvero Bras\u00edlia\u00a0\u00a0\/ Conjunto Nacional, ParkShopping e CLS 103 \/ Siga @davverogelato","og_url":"https:\/\/lackman.com.br\/index.php\/2025\/04\/29\/thiago-paraiso-cria-novo-gelato-para-a-davvero\/","og_site_name":"LACKMAN &amp; CO.","article_published_time":"2025-04-29T20:30:41+00:00","og_image":[{"width":1441,"height":2560,"url":"http:\/\/lackman.com.br\/wp-content\/uploads\/2025\/04\/Davvero-Credito-Vitor-Tagudi-3-scaled.jpg","type":"image\/jpeg"}],"author":"Gilberto Evangelista - Colunista","twitter_card":"summary_large_image","twitter_misc":{"Escrito por":"Gilberto Evangelista - Colunista","Est. tempo de leitura":"2 minutos"},"schema":{"@context":"https:\/\/schema.org","@graph":[{"@type":"Article","@id":"https:\/\/lackman.com.br\/index.php\/2025\/04\/29\/thiago-paraiso-cria-novo-gelato-para-a-davvero\/#article","isPartOf":{"@id":"https:\/\/lackman.com.br\/index.php\/2025\/04\/29\/thiago-paraiso-cria-novo-gelato-para-a-davvero\/"},"author":{"name":"Gilberto Evangelista - Colunista","@id":"https:\/\/lackman.com.br\/#\/schema\/person\/8a2355f699593d21d4f0d25b69db5747"},"headline":"Thiago Para\u00edso cria novo gelato para a Davvero","datePublished":"2025-04-29T20:30:41+00:00","mainEntityOfPage":{"@id":"https:\/\/lackman.com.br\/index.php\/2025\/04\/29\/thiago-paraiso-cria-novo-gelato-para-a-davvero\/"},"wordCount":309,"publisher":{"@id":"https:\/\/lackman.com.br\/#organization"},"image":{"@id":"https:\/\/lackman.com.br\/index.php\/2025\/04\/29\/thiago-paraiso-cria-novo-gelato-para-a-davvero\/#primaryimage"},"thumbnailUrl":"https:\/\/lackman.com.br\/wp-content\/uploads\/2025\/04\/Davvero-Credito-Vitor-Tagudi-3-scaled.jpg","keywords":["#perambulandocomogiba","brasilia","Bras\u00edlia 65 anos","coluna #PERAMBULANDO","Davvero","df","Encanto do Cerrado","gelateria","gelato","sorvete","thiago paraiso"],"articleSection":["Gastr\u00f4","Perambulando"],"inLanguage":"pt-BR"},{"@type":"WebPage","@id":"https:\/\/lackman.com.br\/index.php\/2025\/04\/29\/thiago-paraiso-cria-novo-gelato-para-a-davvero\/","url":"https:\/\/lackman.com.br\/index.php\/2025\/04\/29\/thiago-paraiso-cria-novo-gelato-para-a-davvero\/","name":"Thiago Para\u00edso cria novo gelato para a Davvero - LACKMAN &amp; CO.","isPartOf":{"@id":"https:\/\/lackman.com.br\/#website"},"primaryImageOfPage":{"@id":"https:\/\/lackman.com.br\/index.php\/2025\/04\/29\/thiago-paraiso-cria-novo-gelato-para-a-davvero\/#primaryimage"},"image":{"@id":"https:\/\/lackman.com.br\/index.php\/2025\/04\/29\/thiago-paraiso-cria-novo-gelato-para-a-davvero\/#primaryimage"},"thumbnailUrl":"https:\/\/lackman.com.br\/wp-content\/uploads\/2025\/04\/Davvero-Credito-Vitor-Tagudi-3-scaled.jpg","datePublished":"2025-04-29T20:30:41+00:00","breadcrumb":{"@id":"https:\/\/lackman.com.br\/index.php\/2025\/04\/29\/thiago-paraiso-cria-novo-gelato-para-a-davvero\/#breadcrumb"},"inLanguage":"pt-BR","potentialAction":[{"@type":"ReadAction","target":["https:\/\/lackman.com.br\/index.php\/2025\/04\/29\/thiago-paraiso-cria-novo-gelato-para-a-davvero\/"]}]},{"@type":"ImageObject","inLanguage":"pt-BR","@id":"https:\/\/lackman.com.br\/index.php\/2025\/04\/29\/thiago-paraiso-cria-novo-gelato-para-a-davvero\/#primaryimage","url":"https:\/\/lackman.com.br\/wp-content\/uploads\/2025\/04\/Davvero-Credito-Vitor-Tagudi-3-scaled.jpg","contentUrl":"https:\/\/lackman.com.br\/wp-content\/uploads\/2025\/04\/Davvero-Credito-Vitor-Tagudi-3-scaled.jpg","width":1441,"height":2560},{"@type":"BreadcrumbList","@id":"https:\/\/lackman.com.br\/index.php\/2025\/04\/29\/thiago-paraiso-cria-novo-gelato-para-a-davvero\/#breadcrumb","itemListElement":[{"@type":"ListItem","position":1,"name":"In\u00edcio","item":"https:\/\/lackman.com.br\/"},{"@type":"ListItem","position":2,"name":"Thiago Para\u00edso cria novo gelato para a Davvero"}]},{"@type":"WebSite","@id":"https:\/\/lackman.com.br\/#website","url":"https:\/\/lackman.com.br\/","name":"LACKMAN &amp; CO.","description":"VIDA | MODA | ARTE","publisher":{"@id":"https:\/\/lackman.com.br\/#organization"},"potentialAction":[{"@type":"SearchAction","target":{"@type":"EntryPoint","urlTemplate":"https:\/\/lackman.com.br\/?s={search_term_string}"},"query-input":{"@type":"PropertyValueSpecification","valueRequired":true,"valueName":"search_term_string"}}],"inLanguage":"pt-BR"},{"@type":"Organization","@id":"https:\/\/lackman.com.br\/#organization","name":"LACKMAN &amp; CO.","url":"https:\/\/lackman.com.br\/","logo":{"@type":"ImageObject","inLanguage":"pt-BR","@id":"https:\/\/lackman.com.br\/#\/schema\/logo\/image\/","url":"https:\/\/lackman.com.br\/wp-content\/uploads\/2023\/06\/Logotipo_preto-1.png","contentUrl":"https:\/\/lackman.com.br\/wp-content\/uploads\/2023\/06\/Logotipo_preto-1.png","width":739,"height":393,"caption":"LACKMAN &amp; CO."},"image":{"@id":"https:\/\/lackman.com.br\/#\/schema\/logo\/image\/"}},{"@type":"Person","@id":"https:\/\/lackman.com.br\/#\/schema\/person\/8a2355f699593d21d4f0d25b69db5747","name":"Gilberto Evangelista - Colunista","image":{"@type":"ImageObject","inLanguage":"pt-BR","@id":"https:\/\/lackman.com.br\/#\/schema\/person\/image\/","url":"https:\/\/secure.gravatar.com\/avatar\/cea9badf02f8a90f7a745f2cbea45fda61f65711ec015e2faf3809cca6337c28?s=96&d=mm&r=g","contentUrl":"https:\/\/secure.gravatar.com\/avatar\/cea9badf02f8a90f7a745f2cbea45fda61f65711ec015e2faf3809cca6337c28?s=96&d=mm&r=g","caption":"Gilberto Evangelista - Colunista"},"description":"Jornalista e globetrotter.","url":"https:\/\/lackman.com.br\/index.php\/author\/gilberto-brito\/"}]}},"rttpg_featured_image_url":{"full":["https:\/\/lackman.com.br\/wp-content\/uploads\/2025\/04\/Davvero-Credito-Vitor-Tagudi-3-scaled.jpg",1441,2560,false],"landscape":["https:\/\/lackman.com.br\/wp-content\/uploads\/2025\/04\/Davvero-Credito-Vitor-Tagudi-3-scaled.jpg",1441,2560,false],"portraits":["https:\/\/lackman.com.br\/wp-content\/uploads\/2025\/04\/Davvero-Credito-Vitor-Tagudi-3-scaled.jpg",1441,2560,false],"thumbnail":["https:\/\/lackman.com.br\/wp-content\/uploads\/2025\/04\/Davvero-Credito-Vitor-Tagudi-3-150x150.jpg",150,150,true],"medium":["https:\/\/lackman.com.br\/wp-content\/uploads\/2025\/04\/Davvero-Credito-Vitor-Tagudi-3-169x300.jpg",169,300,true],"large":["https:\/\/lackman.com.br\/wp-content\/uploads\/2025\/04\/Davvero-Credito-Vitor-Tagudi-3-577x1024.jpg",577,1024,true],"RoboGalleryMansoryImagesCenter":["https:\/\/lackman.com.br\/wp-content\/uploads\/2025\/04\/Davvero-Credito-Vitor-Tagudi-3-600x1024.jpg",600,1024,true],"RoboGalleryPreload":["https:\/\/lackman.com.br\/wp-content\/uploads\/2025\/04\/Davvero-Credito-Vitor-Tagudi-3-scaled.jpg",100,178,false],"1536x1536":["https:\/\/lackman.com.br\/wp-content\/uploads\/2025\/04\/Davvero-Credito-Vitor-Tagudi-3-865x1536.jpg",865,1536,true],"2048x2048":["https:\/\/lackman.com.br\/wp-content\/uploads\/2025\/04\/Davvero-Credito-Vitor-Tagudi-3-1153x2048.jpg",1153,2048,true]},"rttpg_author":{"display_name":"Gilberto Evangelista - Colunista","author_link":"https:\/\/lackman.com.br\/index.php\/author\/gilberto-brito\/"},"rttpg_comment":0,"rttpg_category":"<a href=\"https:\/\/lackman.com.br\/index.php\/category\/vida\/gastronomia\/\" rel=\"category tag\">Gastr\u00f4<\/a> <a href=\"https:\/\/lackman.com.br\/index.php\/category\/vida\/perambulando\/\" rel=\"category tag\">Perambulando<\/a>","rttpg_excerpt":"A gelateria mais premiada do Brasil celebra os 65 anos de Bras\u00edlia com uma deliciosa e exclusiva homenagem ao Cerrado \u00a0 Com 10 anos de hist\u00f3ria e consolidada como a\u00a0gelateria mais premiada do Brasil, a Davvero chegou a Bras\u00edlia em 2024, ampliando sua presen\u00e7a em uma das pra\u00e7as de maior crescimento da marca. Em comemora\u00e7\u00e3o&hellip;","_links":{"self":[{"href":"https:\/\/lackman.com.br\/index.php\/wp-json\/wp\/v2\/posts\/9297","targetHints":{"allow":["GET"]}}],"collection":[{"href":"https:\/\/lackman.com.br\/index.php\/wp-json\/wp\/v2\/posts"}],"about":[{"href":"https:\/\/lackman.com.br\/index.php\/wp-json\/wp\/v2\/types\/post"}],"author":[{"embeddable":true,"href":"https:\/\/lackman.com.br\/index.php\/wp-json\/wp\/v2\/users\/6"}],"replies":[{"embeddable":true,"href":"https:\/\/lackman.com.br\/index.php\/wp-json\/wp\/v2\/comments?post=9297"}],"version-history":[{"count":1,"href":"https:\/\/lackman.com.br\/index.php\/wp-json\/wp\/v2\/posts\/9297\/revisions"}],"predecessor-version":[{"id":9301,"href":"https:\/\/lackman.com.br\/index.php\/wp-json\/wp\/v2\/posts\/9297\/revisions\/9301"}],"wp:featuredmedia":[{"embeddable":true,"href":"https:\/\/lackman.com.br\/index.php\/wp-json\/wp\/v2\/media\/9298"}],"wp:attachment":[{"href":"https:\/\/lackman.com.br\/index.php\/wp-json\/wp\/v2\/media?parent=9297"}],"wp:term":[{"taxonomy":"category","embeddable":true,"href":"https:\/\/lackman.com.br\/index.php\/wp-json\/wp\/v2\/categories?post=9297"},{"taxonomy":"post_tag","embeddable":true,"href":"https:\/\/lackman.com.br\/index.php\/wp-json\/wp\/v2\/tags?post=9297"}],"curies":[{"name":"wp","href":"https:\/\/api.w.org\/{rel}","templated":true}]}}