{"id":9272,"date":"2025-04-26T17:22:59","date_gmt":"2025-04-26T20:22:59","guid":{"rendered":"https:\/\/lackman.com.br\/?p=9272"},"modified":"2025-04-26T17:22:59","modified_gmt":"2025-04-26T20:22:59","slug":"primavia-inaugura-concessionaria-omoda-jaecoo","status":"publish","type":"post","link":"https:\/\/lackman.com.br\/index.php\/2025\/04\/26\/primavia-inaugura-concessionaria-omoda-jaecoo\/","title":{"rendered":"Primavia inaugura concession\u00e1ria OMODA &amp; JAECOO"},"content":{"rendered":"<h5 style=\"text-align: justify\"><strong>Com evento para convidados, evento tem como destaque os <\/strong><em>SUVs Omoda E5 el\u00e9trico (EV) e o Jaecoo 7 SHS\u00a0<\/em><\/h5>\n<p>&nbsp;<\/p>\n<p style=\"text-align: justify\">O <strong>Grupo Primavia<\/strong> inaugurou a sua mais nova concession\u00e1ria: <strong>OMODA &amp; JAECOO<\/strong>. A revendedora exclusiva no Distrito Federal foi apresentada para convidados simultaneamente ao lan\u00e7amento nacional das marcas do Grupo Chery.\u00a0 Localizada pr\u00f3xima ao Aeroporto Internacional Juscelino Kubistchek e oferecendo experi\u00eancia em produtos e servi\u00e7os, com uma estrutura de primeira linha para Bras\u00edlia &#8211; \u00a0DNA do Grupo Primavia -, a concession\u00e1ria oferece modelos da marca que se destacam globalmente por combinar <em>design<\/em> inovador, tecnologia avan\u00e7ada e desempenho.<\/p>\n<p style=\"text-align: justify\"><img fetchpriority=\"high\" decoding=\"async\" class=\"alignnone size-large wp-image-9274\" src=\"http:\/\/lackman.com.br\/wp-content\/uploads\/2025\/04\/OMODA-JAECOO-1-1024x683.jpg\" alt=\"\" width=\"1024\" height=\"683\" srcset=\"https:\/\/lackman.com.br\/wp-content\/uploads\/2025\/04\/OMODA-JAECOO-1-1024x683.jpg 1024w, https:\/\/lackman.com.br\/wp-content\/uploads\/2025\/04\/OMODA-JAECOO-1-300x200.jpg 300w, https:\/\/lackman.com.br\/wp-content\/uploads\/2025\/04\/OMODA-JAECOO-1-768x512.jpg 768w, https:\/\/lackman.com.br\/wp-content\/uploads\/2025\/04\/OMODA-JAECOO-1-1536x1024.jpg 1536w, https:\/\/lackman.com.br\/wp-content\/uploads\/2025\/04\/OMODA-JAECOO-1-2048x1365.jpg 2048w\" sizes=\"(max-width: 1024px) 100vw, 1024px\" \/>O presidente do Grupo Primavia, <strong>Jos\u00e9 Carlos Dourado<\/strong>, afirma que as condi\u00e7\u00f5es ofertadas na capital para o setor de ve\u00edculos el\u00e9tricos, produzem um cen\u00e1rio otimista para vendas. Segundo ele, a infraestrutura e as condi\u00e7\u00f5es do Distrito Federal para esses autom\u00f3veis motivou o Grupo a apostar ainda mais na regi\u00e3o. \u201c<em>A isen\u00e7\u00e3o do IPVA colabora para Bras\u00edlia ser a capital dos ve\u00edculos eletrificados. \u00c9 um investimento que traz retorno de m\u00e9dio e longo prazo. Mas, com a infraestrutura que Bras\u00edlia possui, tantos pontos de recarga em \u00f3rg\u00e3os p\u00fablicos e a facilidade dentro de novos bairros j\u00e1 nascerem com potencial de eletrifica\u00e7\u00e3o, a gente acredita que esse conjunto faz com que Bras\u00edlia se destaque nesse cen\u00e1rio nacional<\/em>\u201d, observou o CEO.<\/p>\n<p style=\"text-align: justify\">O GDF incentiva o uso de ve\u00edculos el\u00e9tricos e h\u00edbridos, oferecendo isen\u00e7\u00e3o de IPVA para os propriet\u00e1rios desses autom\u00f3veis, al\u00e9m de j\u00e1 disponibilizar 130 pontos de recarga (eletropostos) em pontos estrat\u00e9gicos da capital. O governo tamb\u00e9m firmou acordo com a Neoenergia para a instala\u00e7\u00e3o de um posto de abastecimento de Hidrog\u00eanio Verde em Bras\u00edlia, ampliando as op\u00e7\u00f5es de solu\u00e7\u00f5es sustent\u00e1veis.<\/p>\n<p>\u201c<em>Nos \u00faltimos tempos, o DF tem se mostrado um terreno f\u00e9rtil para esses avan\u00e7os, com incentivos \u00e0 eletrifica\u00e7\u00e3o, com mais de 130 eletropostos em funcionamento e pol\u00edticas p\u00fablicas voltadas \u00e0 mobilidade el\u00e9trica. Temos muito orgulho em poder contribuir para esse movimento e estamos prontos para oferecer solu\u00e7\u00f5es que acompanham as transforma\u00e7\u00f5es do setor automotivo<\/em>\u201d, conclui Jos\u00e9 Carlos Dourado.<\/p>\n<p style=\"text-align: justify\"><img decoding=\"async\" class=\"alignnone size-large wp-image-9275\" src=\"http:\/\/lackman.com.br\/wp-content\/uploads\/2025\/04\/19-de-marco-36-1-1024x684.jpg\" alt=\"\" width=\"1024\" height=\"684\" srcset=\"https:\/\/lackman.com.br\/wp-content\/uploads\/2025\/04\/19-de-marco-36-1-1024x684.jpg 1024w, https:\/\/lackman.com.br\/wp-content\/uploads\/2025\/04\/19-de-marco-36-1-300x200.jpg 300w, https:\/\/lackman.com.br\/wp-content\/uploads\/2025\/04\/19-de-marco-36-1-768x513.jpg 768w, https:\/\/lackman.com.br\/wp-content\/uploads\/2025\/04\/19-de-marco-36-1-1536x1025.jpg 1536w, https:\/\/lackman.com.br\/wp-content\/uploads\/2025\/04\/19-de-marco-36-1-2048x1367.jpg 2048w\" sizes=\"(max-width: 1024px) 100vw, 1024px\" \/><\/p>\n<p style=\"text-align: justify\">Os primeiros dois modelos que chegaram ao Brasil s\u00e3o o <strong>Omoda E5 el\u00e9trico (EV) <\/strong>e o <strong>Jaecoo 7 SHS<\/strong>. Como desempenho mundial, a companhia apresenta um dos crescimentos mais robustos, com vendas de 28.556 unidades em mar\u00e7o de 2025 e acumulado de mais de 490 mil unidades, sendo cerca de 250 mil s\u00f3 no ano passado. O objetivo \u00e9 comercializar 1,4 milh\u00e3o de ve\u00edculos em mercados externos \u00e0 China, at\u00e9 2030. Na Europa, os carros j\u00e1 s\u00e3o sucesso em pa\u00edses como Reino Unido, Espanha, Pol\u00f4nia e It\u00e1lia. A companhia tamb\u00e9m est\u00e1 presente na Turquia, R\u00fassia, Austr\u00e1lia, \u00c1frica do Sul, Indon\u00e9sia, Mal\u00e1sia, Kuwait, M\u00e9xico e Qatar. E agora, chegou a hora de desbravar a Am\u00e9rica do Sul.<\/p>\n<p style=\"text-align: justify\">\u201c<em>A chegada da OMODA &amp; JAECOO marca uma nova era da companhia globalmente. O Brasil \u00e9 um dos nossos principais destinos do territ\u00f3rio Latino-Americano. Com o lan\u00e7amento de dois modelos tecnologicamente avan\u00e7ados, iniciamos, assim, a evolu\u00e7\u00e3o da revolu\u00e7\u00e3o no segmento de ve\u00edculos movidos a nova energia. Aqui, buscamos transformar a experi\u00eancia dos consumidores brasileiros para uma nova era tecnol\u00f3gica, com sustentabilidade, seguran\u00e7a m\u00e1xima e conforto<\/em>\u201d, declara <strong>Shawn Xu<\/strong>, vice-presidente executivo da OMODA &amp; JAECOO.<\/p>\n<p style=\"text-align: justify\">O Brasil \u00e9 o 43\u00ba mercado da companhia, que estreia por aqui com dois modelos: Omoda E5 el\u00e9trico (EV) e Jaecoo 7 SHS. Ambos j\u00e1 est\u00e3o \u00e0 venda em 50 lojas personalizadas sob a bandeira da marca, localizadas em 17 estados. A OMODA &amp; JAECOO n\u00e3o vai parar por a\u00ed: a empresa j\u00e1 planeja a vinda de outros modelos para o pa\u00eds e, em breve, ter\u00e1 uma f\u00e1brica no Brasil. Enquanto isso, confira algumas pessoas que passaram pela evento de inaugura\u00e7\u00e3o:<\/p>\n<figure id=\"attachment_9280\" aria-describedby=\"caption-attachment-9280\" style=\"width: 2560px\" class=\"wp-caption aligncenter\"><img decoding=\"async\" class=\"wp-image-9280 size-full\" src=\"http:\/\/lackman.com.br\/wp-content\/uploads\/2025\/04\/Joao-Pedro-Elza-Maria-Jose-Carlos-Maria-Clara-e-Maria-Carolina-de-Azevedo-scaled.jpg\" alt=\"\" width=\"2560\" height=\"1679\" srcset=\"https:\/\/lackman.com.br\/wp-content\/uploads\/2025\/04\/Joao-Pedro-Elza-Maria-Jose-Carlos-Maria-Clara-e-Maria-Carolina-de-Azevedo-scaled.jpg 2560w, https:\/\/lackman.com.br\/wp-content\/uploads\/2025\/04\/Joao-Pedro-Elza-Maria-Jose-Carlos-Maria-Clara-e-Maria-Carolina-de-Azevedo-300x197.jpg 300w, https:\/\/lackman.com.br\/wp-content\/uploads\/2025\/04\/Joao-Pedro-Elza-Maria-Jose-Carlos-Maria-Clara-e-Maria-Carolina-de-Azevedo-1024x672.jpg 1024w, https:\/\/lackman.com.br\/wp-content\/uploads\/2025\/04\/Joao-Pedro-Elza-Maria-Jose-Carlos-Maria-Clara-e-Maria-Carolina-de-Azevedo-768x504.jpg 768w, https:\/\/lackman.com.br\/wp-content\/uploads\/2025\/04\/Joao-Pedro-Elza-Maria-Jose-Carlos-Maria-Clara-e-Maria-Carolina-de-Azevedo-1536x1007.jpg 1536w, https:\/\/lackman.com.br\/wp-content\/uploads\/2025\/04\/Joao-Pedro-Elza-Maria-Jose-Carlos-Maria-Clara-e-Maria-Carolina-de-Azevedo-2048x1343.jpg 2048w\" sizes=\"(max-width: 2560px) 100vw, 2560px\" \/><figcaption id=\"caption-attachment-9280\" class=\"wp-caption-text\">Jo\u00e3o Pedro, Elza Maria, Jos\u00e9 Carlos, Maria Clara e Maria Carolina de Azevedo<\/figcaption><\/figure>\n<figure id=\"attachment_9276\" aria-describedby=\"caption-attachment-9276\" style=\"width: 2560px\" class=\"wp-caption aligncenter\"><img loading=\"lazy\" decoding=\"async\" class=\"wp-image-9276 size-full\" src=\"http:\/\/lackman.com.br\/wp-content\/uploads\/2025\/04\/Camila-Jun-e-Chicco-Aquino-scaled.jpg\" alt=\"\" width=\"2560\" height=\"1883\" srcset=\"https:\/\/lackman.com.br\/wp-content\/uploads\/2025\/04\/Camila-Jun-e-Chicco-Aquino-scaled.jpg 2560w, https:\/\/lackman.com.br\/wp-content\/uploads\/2025\/04\/Camila-Jun-e-Chicco-Aquino-300x221.jpg 300w, https:\/\/lackman.com.br\/wp-content\/uploads\/2025\/04\/Camila-Jun-e-Chicco-Aquino-1024x753.jpg 1024w, https:\/\/lackman.com.br\/wp-content\/uploads\/2025\/04\/Camila-Jun-e-Chicco-Aquino-768x565.jpg 768w, https:\/\/lackman.com.br\/wp-content\/uploads\/2025\/04\/Camila-Jun-e-Chicco-Aquino-1536x1130.jpg 1536w, https:\/\/lackman.com.br\/wp-content\/uploads\/2025\/04\/Camila-Jun-e-Chicco-Aquino-2048x1506.jpg 2048w\" sizes=\"(max-width: 2560px) 100vw, 2560px\" \/><figcaption id=\"caption-attachment-9276\" class=\"wp-caption-text\">Camila Jun e Chicco Aquino<\/figcaption><\/figure>\n<figure id=\"attachment_9277\" aria-describedby=\"caption-attachment-9277\" style=\"width: 2560px\" class=\"wp-caption aligncenter\"><img loading=\"lazy\" decoding=\"async\" class=\"wp-image-9277 size-full\" src=\"http:\/\/lackman.com.br\/wp-content\/uploads\/2025\/04\/Eduardo-Vieira-Leonardo-Figueiredo-e-Leonardo-Vieira-scaled.jpg\" alt=\"\" width=\"2560\" height=\"1607\" srcset=\"https:\/\/lackman.com.br\/wp-content\/uploads\/2025\/04\/Eduardo-Vieira-Leonardo-Figueiredo-e-Leonardo-Vieira-scaled.jpg 2560w, https:\/\/lackman.com.br\/wp-content\/uploads\/2025\/04\/Eduardo-Vieira-Leonardo-Figueiredo-e-Leonardo-Vieira-300x188.jpg 300w, https:\/\/lackman.com.br\/wp-content\/uploads\/2025\/04\/Eduardo-Vieira-Leonardo-Figueiredo-e-Leonardo-Vieira-1024x643.jpg 1024w, https:\/\/lackman.com.br\/wp-content\/uploads\/2025\/04\/Eduardo-Vieira-Leonardo-Figueiredo-e-Leonardo-Vieira-768x482.jpg 768w, https:\/\/lackman.com.br\/wp-content\/uploads\/2025\/04\/Eduardo-Vieira-Leonardo-Figueiredo-e-Leonardo-Vieira-1536x964.jpg 1536w, https:\/\/lackman.com.br\/wp-content\/uploads\/2025\/04\/Eduardo-Vieira-Leonardo-Figueiredo-e-Leonardo-Vieira-2048x1286.jpg 2048w\" sizes=\"(max-width: 2560px) 100vw, 2560px\" \/><figcaption id=\"caption-attachment-9277\" class=\"wp-caption-text\">Eduardo Vieira, Leonardo Figueiredo e Leonardo Vieira<\/figcaption><\/figure>\n<figure id=\"attachment_9278\" aria-describedby=\"caption-attachment-9278\" style=\"width: 2560px\" class=\"wp-caption aligncenter\"><img loading=\"lazy\" decoding=\"async\" class=\"wp-image-9278 size-full\" src=\"http:\/\/lackman.com.br\/wp-content\/uploads\/2025\/04\/Eliane-Martins-e-Marcos-Chaim-scaled.jpg\" alt=\"\" width=\"2560\" height=\"1694\" srcset=\"https:\/\/lackman.com.br\/wp-content\/uploads\/2025\/04\/Eliane-Martins-e-Marcos-Chaim-scaled.jpg 2560w, https:\/\/lackman.com.br\/wp-content\/uploads\/2025\/04\/Eliane-Martins-e-Marcos-Chaim-300x199.jpg 300w, https:\/\/lackman.com.br\/wp-content\/uploads\/2025\/04\/Eliane-Martins-e-Marcos-Chaim-1024x678.jpg 1024w, https:\/\/lackman.com.br\/wp-content\/uploads\/2025\/04\/Eliane-Martins-e-Marcos-Chaim-768x508.jpg 768w, https:\/\/lackman.com.br\/wp-content\/uploads\/2025\/04\/Eliane-Martins-e-Marcos-Chaim-1536x1016.jpg 1536w, https:\/\/lackman.com.br\/wp-content\/uploads\/2025\/04\/Eliane-Martins-e-Marcos-Chaim-2048x1355.jpg 2048w\" sizes=\"(max-width: 2560px) 100vw, 2560px\" \/><figcaption id=\"caption-attachment-9278\" class=\"wp-caption-text\">Eliane Martins e Marcos Chaim<\/figcaption><\/figure>\n<figure id=\"attachment_9279\" aria-describedby=\"caption-attachment-9279\" style=\"width: 2560px\" class=\"wp-caption aligncenter\"><img loading=\"lazy\" decoding=\"async\" class=\"wp-image-9279 size-full\" src=\"http:\/\/lackman.com.br\/wp-content\/uploads\/2025\/04\/Fabiani-e-Bruno-Gattai-scaled.jpg\" alt=\"\" width=\"2560\" height=\"1678\" srcset=\"https:\/\/lackman.com.br\/wp-content\/uploads\/2025\/04\/Fabiani-e-Bruno-Gattai-scaled.jpg 2560w, https:\/\/lackman.com.br\/wp-content\/uploads\/2025\/04\/Fabiani-e-Bruno-Gattai-300x197.jpg 300w, https:\/\/lackman.com.br\/wp-content\/uploads\/2025\/04\/Fabiani-e-Bruno-Gattai-1024x671.jpg 1024w, https:\/\/lackman.com.br\/wp-content\/uploads\/2025\/04\/Fabiani-e-Bruno-Gattai-768x503.jpg 768w, https:\/\/lackman.com.br\/wp-content\/uploads\/2025\/04\/Fabiani-e-Bruno-Gattai-1536x1007.jpg 1536w, https:\/\/lackman.com.br\/wp-content\/uploads\/2025\/04\/Fabiani-e-Bruno-Gattai-2048x1342.jpg 2048w\" sizes=\"(max-width: 2560px) 100vw, 2560px\" \/><figcaption id=\"caption-attachment-9279\" class=\"wp-caption-text\">Fabiani e Bruno Gattai<\/figcaption><\/figure>\n<pre>   Fotos: Divulga\u00e7\u00e3o<\/pre>\n","protected":false},"excerpt":{"rendered":"<p>Com evento para convidados, evento tem como destaque os SUVs Omoda E5 el\u00e9trico (EV) e o Jaecoo 7 SHS\u00a0 &nbsp; O Grupo Primavia inaugurou a sua mais nova concession\u00e1ria: OMODA &amp; JAECOO. A revendedora exclusiva no Distrito Federal foi apresentada para convidados simultaneamente ao lan\u00e7amento nacional das marcas do Grupo Chery.\u00a0 Localizada pr\u00f3xima ao Aeroporto Internacional Juscelino Kubistchek e oferecendo experi\u00eancia em produtos e servi\u00e7os, com uma estrutura de primeira linha para Bras\u00edlia &#8211; \u00a0DNA do Grupo Primavia -, a concession\u00e1ria oferece modelos da marca que se destacam globalmente por combinar design inovador, tecnologia avan\u00e7ada e desempenho. O presidente do Grupo Primavia, Jos\u00e9 Carlos Dourado, afirma que as condi\u00e7\u00f5es ofertadas na capital para o setor de ve\u00edculos el\u00e9tricos, produzem um cen\u00e1rio otimista para vendas. Segundo ele, a infraestrutura e as condi\u00e7\u00f5es do Distrito Federal para esses autom\u00f3veis motivou o Grupo a apostar ainda mais na regi\u00e3o. \u201cA isen\u00e7\u00e3o do IPVA colabora para Bras\u00edlia ser a capital dos ve\u00edculos eletrificados. \u00c9 um investimento que traz retorno de m\u00e9dio e longo prazo. Mas, com a infraestrutura que Bras\u00edlia possui, tantos pontos de recarga em \u00f3rg\u00e3os p\u00fablicos e a facilidade dentro de novos bairros j\u00e1 nascerem com potencial de eletrifica\u00e7\u00e3o, a gente acredita que esse conjunto faz com que Bras\u00edlia se destaque nesse cen\u00e1rio nacional\u201d, observou o CEO. O GDF incentiva o uso de ve\u00edculos el\u00e9tricos e h\u00edbridos, oferecendo isen\u00e7\u00e3o de IPVA para os propriet\u00e1rios desses autom\u00f3veis, al\u00e9m de j\u00e1 disponibilizar 130 pontos de recarga (eletropostos) em pontos estrat\u00e9gicos da capital. O governo tamb\u00e9m firmou acordo com a Neoenergia para a instala\u00e7\u00e3o de um posto de abastecimento de Hidrog\u00eanio Verde em Bras\u00edlia, ampliando as op\u00e7\u00f5es de solu\u00e7\u00f5es sustent\u00e1veis. \u201cNos \u00faltimos tempos, o DF tem se mostrado um terreno f\u00e9rtil para esses avan\u00e7os, com incentivos \u00e0 eletrifica\u00e7\u00e3o, com mais de 130 eletropostos em funcionamento e pol\u00edticas p\u00fablicas voltadas \u00e0 mobilidade el\u00e9trica. Temos muito orgulho em poder contribuir para esse movimento e estamos prontos para oferecer solu\u00e7\u00f5es que acompanham as transforma\u00e7\u00f5es do setor automotivo\u201d, conclui Jos\u00e9 Carlos Dourado. Os primeiros dois modelos que chegaram ao Brasil s\u00e3o o Omoda E5 el\u00e9trico (EV) e o Jaecoo 7 SHS. Como desempenho mundial, a companhia apresenta um dos crescimentos mais robustos, com vendas de 28.556 unidades em mar\u00e7o de 2025 e acumulado de mais de 490 mil unidades, sendo cerca de 250 mil s\u00f3 no ano passado. O objetivo \u00e9 comercializar 1,4 milh\u00e3o de ve\u00edculos em mercados externos \u00e0 China, at\u00e9 2030. Na Europa, os carros j\u00e1 s\u00e3o sucesso em pa\u00edses como Reino Unido, Espanha, Pol\u00f4nia e It\u00e1lia. A companhia tamb\u00e9m est\u00e1 presente na Turquia, R\u00fassia, Austr\u00e1lia, \u00c1frica do Sul, Indon\u00e9sia, Mal\u00e1sia, Kuwait, M\u00e9xico e Qatar. E agora, chegou a hora de desbravar a Am\u00e9rica do Sul. \u201cA chegada da OMODA &amp; JAECOO marca uma nova era da companhia globalmente. O Brasil \u00e9 um dos nossos principais destinos do territ\u00f3rio Latino-Americano. Com o lan\u00e7amento de dois modelos tecnologicamente avan\u00e7ados, iniciamos, assim, a evolu\u00e7\u00e3o da revolu\u00e7\u00e3o no segmento de ve\u00edculos movidos a nova energia. Aqui, buscamos transformar a experi\u00eancia dos consumidores brasileiros para uma nova era tecnol\u00f3gica, com sustentabilidade, seguran\u00e7a m\u00e1xima e conforto\u201d, declara Shawn Xu, vice-presidente executivo da OMODA &amp; JAECOO. O Brasil \u00e9 o 43\u00ba mercado da companhia, que estreia por aqui com dois modelos: Omoda E5 el\u00e9trico (EV) e Jaecoo 7 SHS. Ambos j\u00e1 est\u00e3o \u00e0 venda em 50 lojas personalizadas sob a bandeira da marca, localizadas em 17 estados. A OMODA &amp; JAECOO n\u00e3o vai parar por a\u00ed: a empresa j\u00e1 planeja a vinda de outros modelos para o pa\u00eds e, em breve, ter\u00e1 uma f\u00e1brica no Brasil. Enquanto isso, confira algumas pessoas que passaram pela evento de inaugura\u00e7\u00e3o: Fotos: Divulga\u00e7\u00e3o<\/p>\n","protected":false},"author":6,"featured_media":9273,"comment_status":"closed","ping_status":"open","sticky":false,"template":"","format":"standard","meta":{"site-sidebar-layout":"default","site-content-layout":"","ast-site-content-layout":"default","site-content-style":"default","site-sidebar-style":"default","ast-global-header-display":"","ast-banner-title-visibility":"","ast-main-header-display":"","ast-hfb-above-header-display":"","ast-hfb-below-header-display":"","ast-hfb-mobile-header-display":"","site-post-title":"","ast-breadcrumbs-content":"","ast-featured-img":"","footer-sml-layout":"","ast-disable-related-posts":"","theme-transparent-header-meta":"default","adv-header-id-meta":"","stick-header-meta":"","header-above-stick-meta":"","header-main-stick-meta":"","header-below-stick-meta":"","astra-migrate-meta-layouts":"set","ast-page-background-enabled":"default","ast-page-background-meta":{"desktop":{"background-color":"","background-image":"","background-repeat":"repeat","background-position":"center center","background-size":"auto","background-attachment":"scroll","background-type":"","background-media":"","overlay-type":"","overlay-color":"","overlay-opacity":"","overlay-gradient":""},"tablet":{"background-color":"","background-image":"","background-repeat":"repeat","background-position":"center center","background-size":"auto","background-attachment":"scroll","background-type":"","background-media":"","overlay-type":"","overlay-color":"","overlay-opacity":"","overlay-gradient":""},"mobile":{"background-color":"","background-image":"","background-repeat":"repeat","background-position":"center center","background-size":"auto","background-attachment":"scroll","background-type":"","background-media":"","overlay-type":"","overlay-color":"","overlay-opacity":"","overlay-gradient":""}},"ast-content-background-meta":{"desktop":{"background-color":"var(--ast-global-color-5)","background-image":"","background-repeat":"repeat","background-position":"center center","background-size":"auto","background-attachment":"scroll","background-type":"","background-media":"","overlay-type":"","overlay-color":"","overlay-opacity":"","overlay-gradient":""},"tablet":{"background-color":"var(--ast-global-color-5)","background-image":"","background-repeat":"repeat","background-position":"center center","background-size":"auto","background-attachment":"scroll","background-type":"","background-media":"","overlay-type":"","overlay-color":"","overlay-opacity":"","overlay-gradient":""},"mobile":{"background-color":"var(--ast-global-color-5)","background-image":"","background-repeat":"repeat","background-position":"center center","background-size":"auto","background-attachment":"scroll","background-type":"","background-media":"","overlay-type":"","overlay-color":"","overlay-opacity":"","overlay-gradient":""}},"footnotes":""},"categories":[40,41],"tags":[1983,54,1771,1981,89,1979,1980,1982],"class_list":["post-9272","post","type-post","status-publish","format-standard","has-post-thumbnail","hentry","category-marcas","category-vida","tag-automoveis","tag-brasilia","tag-carro-eletrico","tag-concessionaria-omoda-jaecoo","tag-df","tag-grupo-primavia","tag-omoda-jaecoo","tag-suv-eletrico"],"yoast_head":"<!-- This site is optimized with the Yoast SEO plugin v27.0 - https:\/\/yoast.com\/product\/yoast-seo-wordpress\/ -->\n<title>Primavia inaugura concession\u00e1ria OMODA &amp; JAECOO - LACKMAN &amp; CO.<\/title>\n<meta name=\"robots\" content=\"index, follow, max-snippet:-1, max-image-preview:large, max-video-preview:-1\" \/>\n<link rel=\"canonical\" href=\"https:\/\/lackman.com.br\/index.php\/2025\/04\/26\/primavia-inaugura-concessionaria-omoda-jaecoo\/\" \/>\n<meta property=\"og:locale\" content=\"pt_BR\" \/>\n<meta property=\"og:type\" content=\"article\" \/>\n<meta property=\"og:title\" content=\"Primavia inaugura concession\u00e1ria OMODA &amp; JAECOO - LACKMAN &amp; CO.\" \/>\n<meta property=\"og:description\" content=\"Com evento para convidados, evento tem como destaque os SUVs Omoda E5 el\u00e9trico (EV) e o Jaecoo 7 SHS\u00a0 &nbsp; O Grupo Primavia inaugurou a sua mais nova concession\u00e1ria: OMODA &amp; JAECOO. A revendedora exclusiva no Distrito Federal foi apresentada para convidados simultaneamente ao lan\u00e7amento nacional das marcas do Grupo Chery.\u00a0 Localizada pr\u00f3xima ao Aeroporto Internacional Juscelino Kubistchek e oferecendo experi\u00eancia em produtos e servi\u00e7os, com uma estrutura de primeira linha para Bras\u00edlia &#8211; \u00a0DNA do Grupo Primavia -, a concession\u00e1ria oferece modelos da marca que se destacam globalmente por combinar design inovador, tecnologia avan\u00e7ada e desempenho. O presidente do Grupo Primavia, Jos\u00e9 Carlos Dourado, afirma que as condi\u00e7\u00f5es ofertadas na capital para o setor de ve\u00edculos el\u00e9tricos, produzem um cen\u00e1rio otimista para vendas. Segundo ele, a infraestrutura e as condi\u00e7\u00f5es do Distrito Federal para esses autom\u00f3veis motivou o Grupo a apostar ainda mais na regi\u00e3o. \u201cA isen\u00e7\u00e3o do IPVA colabora para Bras\u00edlia ser a capital dos ve\u00edculos eletrificados. \u00c9 um investimento que traz retorno de m\u00e9dio e longo prazo. Mas, com a infraestrutura que Bras\u00edlia possui, tantos pontos de recarga em \u00f3rg\u00e3os p\u00fablicos e a facilidade dentro de novos bairros j\u00e1 nascerem com potencial de eletrifica\u00e7\u00e3o, a gente acredita que esse conjunto faz com que Bras\u00edlia se destaque nesse cen\u00e1rio nacional\u201d, observou o CEO. O GDF incentiva o uso de ve\u00edculos el\u00e9tricos e h\u00edbridos, oferecendo isen\u00e7\u00e3o de IPVA para os propriet\u00e1rios desses autom\u00f3veis, al\u00e9m de j\u00e1 disponibilizar 130 pontos de recarga (eletropostos) em pontos estrat\u00e9gicos da capital. O governo tamb\u00e9m firmou acordo com a Neoenergia para a instala\u00e7\u00e3o de um posto de abastecimento de Hidrog\u00eanio Verde em Bras\u00edlia, ampliando as op\u00e7\u00f5es de solu\u00e7\u00f5es sustent\u00e1veis. \u201cNos \u00faltimos tempos, o DF tem se mostrado um terreno f\u00e9rtil para esses avan\u00e7os, com incentivos \u00e0 eletrifica\u00e7\u00e3o, com mais de 130 eletropostos em funcionamento e pol\u00edticas p\u00fablicas voltadas \u00e0 mobilidade el\u00e9trica. Temos muito orgulho em poder contribuir para esse movimento e estamos prontos para oferecer solu\u00e7\u00f5es que acompanham as transforma\u00e7\u00f5es do setor automotivo\u201d, conclui Jos\u00e9 Carlos Dourado. Os primeiros dois modelos que chegaram ao Brasil s\u00e3o o Omoda E5 el\u00e9trico (EV) e o Jaecoo 7 SHS. Como desempenho mundial, a companhia apresenta um dos crescimentos mais robustos, com vendas de 28.556 unidades em mar\u00e7o de 2025 e acumulado de mais de 490 mil unidades, sendo cerca de 250 mil s\u00f3 no ano passado. O objetivo \u00e9 comercializar 1,4 milh\u00e3o de ve\u00edculos em mercados externos \u00e0 China, at\u00e9 2030. Na Europa, os carros j\u00e1 s\u00e3o sucesso em pa\u00edses como Reino Unido, Espanha, Pol\u00f4nia e It\u00e1lia. A companhia tamb\u00e9m est\u00e1 presente na Turquia, R\u00fassia, Austr\u00e1lia, \u00c1frica do Sul, Indon\u00e9sia, Mal\u00e1sia, Kuwait, M\u00e9xico e Qatar. E agora, chegou a hora de desbravar a Am\u00e9rica do Sul. \u201cA chegada da OMODA &amp; JAECOO marca uma nova era da companhia globalmente. O Brasil \u00e9 um dos nossos principais destinos do territ\u00f3rio Latino-Americano. Com o lan\u00e7amento de dois modelos tecnologicamente avan\u00e7ados, iniciamos, assim, a evolu\u00e7\u00e3o da revolu\u00e7\u00e3o no segmento de ve\u00edculos movidos a nova energia. Aqui, buscamos transformar a experi\u00eancia dos consumidores brasileiros para uma nova era tecnol\u00f3gica, com sustentabilidade, seguran\u00e7a m\u00e1xima e conforto\u201d, declara Shawn Xu, vice-presidente executivo da OMODA &amp; JAECOO. O Brasil \u00e9 o 43\u00ba mercado da companhia, que estreia por aqui com dois modelos: Omoda E5 el\u00e9trico (EV) e Jaecoo 7 SHS. Ambos j\u00e1 est\u00e3o \u00e0 venda em 50 lojas personalizadas sob a bandeira da marca, localizadas em 17 estados. A OMODA &amp; JAECOO n\u00e3o vai parar por a\u00ed: a empresa j\u00e1 planeja a vinda de outros modelos para o pa\u00eds e, em breve, ter\u00e1 uma f\u00e1brica no Brasil. Enquanto isso, confira algumas pessoas que passaram pela evento de inaugura\u00e7\u00e3o: Fotos: Divulga\u00e7\u00e3o\" \/>\n<meta property=\"og:url\" content=\"https:\/\/lackman.com.br\/index.php\/2025\/04\/26\/primavia-inaugura-concessionaria-omoda-jaecoo\/\" \/>\n<meta property=\"og:site_name\" content=\"LACKMAN &amp; CO.\" \/>\n<meta property=\"article:published_time\" content=\"2025-04-26T20:22:59+00:00\" \/>\n<meta property=\"og:image\" content=\"http:\/\/lackman.com.br\/wp-content\/uploads\/2025\/04\/WhatsApp-Image-2025-04-15-at-09.08.46.jpeg\" \/>\n\t<meta property=\"og:image:width\" content=\"1600\" \/>\n\t<meta property=\"og:image:height\" content=\"900\" \/>\n\t<meta property=\"og:image:type\" content=\"image\/jpeg\" \/>\n<meta name=\"author\" content=\"Gilberto Evangelista - Colunista\" \/>\n<meta name=\"twitter:card\" content=\"summary_large_image\" \/>\n<meta name=\"twitter:label1\" content=\"Escrito por\" \/>\n\t<meta name=\"twitter:data1\" content=\"Gilberto Evangelista - Colunista\" \/>\n\t<meta name=\"twitter:label2\" content=\"Est. tempo de leitura\" \/>\n\t<meta name=\"twitter:data2\" content=\"5 minutos\" \/>\n<script type=\"application\/ld+json\" class=\"yoast-schema-graph\">{\"@context\":\"https:\/\/schema.org\",\"@graph\":[{\"@type\":\"Article\",\"@id\":\"https:\/\/lackman.com.br\/index.php\/2025\/04\/26\/primavia-inaugura-concessionaria-omoda-jaecoo\/#article\",\"isPartOf\":{\"@id\":\"https:\/\/lackman.com.br\/index.php\/2025\/04\/26\/primavia-inaugura-concessionaria-omoda-jaecoo\/\"},\"author\":{\"name\":\"Gilberto Evangelista - Colunista\",\"@id\":\"https:\/\/lackman.com.br\/#\/schema\/person\/8a2355f699593d21d4f0d25b69db5747\"},\"headline\":\"Primavia inaugura concession\u00e1ria OMODA &amp; JAECOO\",\"datePublished\":\"2025-04-26T20:22:59+00:00\",\"mainEntityOfPage\":{\"@id\":\"https:\/\/lackman.com.br\/index.php\/2025\/04\/26\/primavia-inaugura-concessionaria-omoda-jaecoo\/\"},\"wordCount\":740,\"publisher\":{\"@id\":\"https:\/\/lackman.com.br\/#organization\"},\"image\":{\"@id\":\"https:\/\/lackman.com.br\/index.php\/2025\/04\/26\/primavia-inaugura-concessionaria-omoda-jaecoo\/#primaryimage\"},\"thumbnailUrl\":\"https:\/\/lackman.com.br\/wp-content\/uploads\/2025\/04\/WhatsApp-Image-2025-04-15-at-09.08.46.jpeg\",\"keywords\":[\"autom\u00f3veis\",\"brasilia\",\"carro el\u00e9trico\",\"concession\u00e1ria OMODA &amp; JAECOO\",\"df\",\"Grupo Primavia\",\"OMODA &amp; JAECOO\",\"SUV el\u00e9trico\"],\"articleSection\":[\"Marcas\",\"Vida\"],\"inLanguage\":\"pt-BR\"},{\"@type\":\"WebPage\",\"@id\":\"https:\/\/lackman.com.br\/index.php\/2025\/04\/26\/primavia-inaugura-concessionaria-omoda-jaecoo\/\",\"url\":\"https:\/\/lackman.com.br\/index.php\/2025\/04\/26\/primavia-inaugura-concessionaria-omoda-jaecoo\/\",\"name\":\"Primavia inaugura concession\u00e1ria OMODA &amp; JAECOO - LACKMAN &amp; CO.\",\"isPartOf\":{\"@id\":\"https:\/\/lackman.com.br\/#website\"},\"primaryImageOfPage\":{\"@id\":\"https:\/\/lackman.com.br\/index.php\/2025\/04\/26\/primavia-inaugura-concessionaria-omoda-jaecoo\/#primaryimage\"},\"image\":{\"@id\":\"https:\/\/lackman.com.br\/index.php\/2025\/04\/26\/primavia-inaugura-concessionaria-omoda-jaecoo\/#primaryimage\"},\"thumbnailUrl\":\"https:\/\/lackman.com.br\/wp-content\/uploads\/2025\/04\/WhatsApp-Image-2025-04-15-at-09.08.46.jpeg\",\"datePublished\":\"2025-04-26T20:22:59+00:00\",\"breadcrumb\":{\"@id\":\"https:\/\/lackman.com.br\/index.php\/2025\/04\/26\/primavia-inaugura-concessionaria-omoda-jaecoo\/#breadcrumb\"},\"inLanguage\":\"pt-BR\",\"potentialAction\":[{\"@type\":\"ReadAction\",\"target\":[\"https:\/\/lackman.com.br\/index.php\/2025\/04\/26\/primavia-inaugura-concessionaria-omoda-jaecoo\/\"]}]},{\"@type\":\"ImageObject\",\"inLanguage\":\"pt-BR\",\"@id\":\"https:\/\/lackman.com.br\/index.php\/2025\/04\/26\/primavia-inaugura-concessionaria-omoda-jaecoo\/#primaryimage\",\"url\":\"https:\/\/lackman.com.br\/wp-content\/uploads\/2025\/04\/WhatsApp-Image-2025-04-15-at-09.08.46.jpeg\",\"contentUrl\":\"https:\/\/lackman.com.br\/wp-content\/uploads\/2025\/04\/WhatsApp-Image-2025-04-15-at-09.08.46.jpeg\",\"width\":1600,\"height\":900},{\"@type\":\"BreadcrumbList\",\"@id\":\"https:\/\/lackman.com.br\/index.php\/2025\/04\/26\/primavia-inaugura-concessionaria-omoda-jaecoo\/#breadcrumb\",\"itemListElement\":[{\"@type\":\"ListItem\",\"position\":1,\"name\":\"In\u00edcio\",\"item\":\"https:\/\/lackman.com.br\/\"},{\"@type\":\"ListItem\",\"position\":2,\"name\":\"Primavia inaugura concession\u00e1ria OMODA &amp; JAECOO\"}]},{\"@type\":\"WebSite\",\"@id\":\"https:\/\/lackman.com.br\/#website\",\"url\":\"https:\/\/lackman.com.br\/\",\"name\":\"LACKMAN &amp; CO.\",\"description\":\"VIDA | MODA | ARTE\",\"publisher\":{\"@id\":\"https:\/\/lackman.com.br\/#organization\"},\"potentialAction\":[{\"@type\":\"SearchAction\",\"target\":{\"@type\":\"EntryPoint\",\"urlTemplate\":\"https:\/\/lackman.com.br\/?s={search_term_string}\"},\"query-input\":{\"@type\":\"PropertyValueSpecification\",\"valueRequired\":true,\"valueName\":\"search_term_string\"}}],\"inLanguage\":\"pt-BR\"},{\"@type\":\"Organization\",\"@id\":\"https:\/\/lackman.com.br\/#organization\",\"name\":\"LACKMAN &amp; CO.\",\"url\":\"https:\/\/lackman.com.br\/\",\"logo\":{\"@type\":\"ImageObject\",\"inLanguage\":\"pt-BR\",\"@id\":\"https:\/\/lackman.com.br\/#\/schema\/logo\/image\/\",\"url\":\"https:\/\/lackman.com.br\/wp-content\/uploads\/2023\/06\/Logotipo_preto-1.png\",\"contentUrl\":\"https:\/\/lackman.com.br\/wp-content\/uploads\/2023\/06\/Logotipo_preto-1.png\",\"width\":739,\"height\":393,\"caption\":\"LACKMAN &amp; CO.\"},\"image\":{\"@id\":\"https:\/\/lackman.com.br\/#\/schema\/logo\/image\/\"}},{\"@type\":\"Person\",\"@id\":\"https:\/\/lackman.com.br\/#\/schema\/person\/8a2355f699593d21d4f0d25b69db5747\",\"name\":\"Gilberto Evangelista - Colunista\",\"image\":{\"@type\":\"ImageObject\",\"inLanguage\":\"pt-BR\",\"@id\":\"https:\/\/lackman.com.br\/#\/schema\/person\/image\/\",\"url\":\"https:\/\/secure.gravatar.com\/avatar\/cea9badf02f8a90f7a745f2cbea45fda61f65711ec015e2faf3809cca6337c28?s=96&d=mm&r=g\",\"contentUrl\":\"https:\/\/secure.gravatar.com\/avatar\/cea9badf02f8a90f7a745f2cbea45fda61f65711ec015e2faf3809cca6337c28?s=96&d=mm&r=g\",\"caption\":\"Gilberto Evangelista - Colunista\"},\"description\":\"Jornalista e globetrotter.\",\"url\":\"https:\/\/lackman.com.br\/index.php\/author\/gilberto-brito\/\"}]}<\/script>\n<!-- \/ Yoast SEO plugin. -->","yoast_head_json":{"title":"Primavia inaugura concession\u00e1ria OMODA &amp; JAECOO - LACKMAN &amp; CO.","robots":{"index":"index","follow":"follow","max-snippet":"max-snippet:-1","max-image-preview":"max-image-preview:large","max-video-preview":"max-video-preview:-1"},"canonical":"https:\/\/lackman.com.br\/index.php\/2025\/04\/26\/primavia-inaugura-concessionaria-omoda-jaecoo\/","og_locale":"pt_BR","og_type":"article","og_title":"Primavia inaugura concession\u00e1ria OMODA &amp; JAECOO - LACKMAN &amp; CO.","og_description":"Com evento para convidados, evento tem como destaque os SUVs Omoda E5 el\u00e9trico (EV) e o Jaecoo 7 SHS\u00a0 &nbsp; O Grupo Primavia inaugurou a sua mais nova concession\u00e1ria: OMODA &amp; JAECOO. A revendedora exclusiva no Distrito Federal foi apresentada para convidados simultaneamente ao lan\u00e7amento nacional das marcas do Grupo Chery.\u00a0 Localizada pr\u00f3xima ao Aeroporto Internacional Juscelino Kubistchek e oferecendo experi\u00eancia em produtos e servi\u00e7os, com uma estrutura de primeira linha para Bras\u00edlia &#8211; \u00a0DNA do Grupo Primavia -, a concession\u00e1ria oferece modelos da marca que se destacam globalmente por combinar design inovador, tecnologia avan\u00e7ada e desempenho. O presidente do Grupo Primavia, Jos\u00e9 Carlos Dourado, afirma que as condi\u00e7\u00f5es ofertadas na capital para o setor de ve\u00edculos el\u00e9tricos, produzem um cen\u00e1rio otimista para vendas. Segundo ele, a infraestrutura e as condi\u00e7\u00f5es do Distrito Federal para esses autom\u00f3veis motivou o Grupo a apostar ainda mais na regi\u00e3o. \u201cA isen\u00e7\u00e3o do IPVA colabora para Bras\u00edlia ser a capital dos ve\u00edculos eletrificados. \u00c9 um investimento que traz retorno de m\u00e9dio e longo prazo. Mas, com a infraestrutura que Bras\u00edlia possui, tantos pontos de recarga em \u00f3rg\u00e3os p\u00fablicos e a facilidade dentro de novos bairros j\u00e1 nascerem com potencial de eletrifica\u00e7\u00e3o, a gente acredita que esse conjunto faz com que Bras\u00edlia se destaque nesse cen\u00e1rio nacional\u201d, observou o CEO. O GDF incentiva o uso de ve\u00edculos el\u00e9tricos e h\u00edbridos, oferecendo isen\u00e7\u00e3o de IPVA para os propriet\u00e1rios desses autom\u00f3veis, al\u00e9m de j\u00e1 disponibilizar 130 pontos de recarga (eletropostos) em pontos estrat\u00e9gicos da capital. O governo tamb\u00e9m firmou acordo com a Neoenergia para a instala\u00e7\u00e3o de um posto de abastecimento de Hidrog\u00eanio Verde em Bras\u00edlia, ampliando as op\u00e7\u00f5es de solu\u00e7\u00f5es sustent\u00e1veis. \u201cNos \u00faltimos tempos, o DF tem se mostrado um terreno f\u00e9rtil para esses avan\u00e7os, com incentivos \u00e0 eletrifica\u00e7\u00e3o, com mais de 130 eletropostos em funcionamento e pol\u00edticas p\u00fablicas voltadas \u00e0 mobilidade el\u00e9trica. Temos muito orgulho em poder contribuir para esse movimento e estamos prontos para oferecer solu\u00e7\u00f5es que acompanham as transforma\u00e7\u00f5es do setor automotivo\u201d, conclui Jos\u00e9 Carlos Dourado. Os primeiros dois modelos que chegaram ao Brasil s\u00e3o o Omoda E5 el\u00e9trico (EV) e o Jaecoo 7 SHS. Como desempenho mundial, a companhia apresenta um dos crescimentos mais robustos, com vendas de 28.556 unidades em mar\u00e7o de 2025 e acumulado de mais de 490 mil unidades, sendo cerca de 250 mil s\u00f3 no ano passado. O objetivo \u00e9 comercializar 1,4 milh\u00e3o de ve\u00edculos em mercados externos \u00e0 China, at\u00e9 2030. Na Europa, os carros j\u00e1 s\u00e3o sucesso em pa\u00edses como Reino Unido, Espanha, Pol\u00f4nia e It\u00e1lia. A companhia tamb\u00e9m est\u00e1 presente na Turquia, R\u00fassia, Austr\u00e1lia, \u00c1frica do Sul, Indon\u00e9sia, Mal\u00e1sia, Kuwait, M\u00e9xico e Qatar. E agora, chegou a hora de desbravar a Am\u00e9rica do Sul. \u201cA chegada da OMODA &amp; JAECOO marca uma nova era da companhia globalmente. O Brasil \u00e9 um dos nossos principais destinos do territ\u00f3rio Latino-Americano. Com o lan\u00e7amento de dois modelos tecnologicamente avan\u00e7ados, iniciamos, assim, a evolu\u00e7\u00e3o da revolu\u00e7\u00e3o no segmento de ve\u00edculos movidos a nova energia. Aqui, buscamos transformar a experi\u00eancia dos consumidores brasileiros para uma nova era tecnol\u00f3gica, com sustentabilidade, seguran\u00e7a m\u00e1xima e conforto\u201d, declara Shawn Xu, vice-presidente executivo da OMODA &amp; JAECOO. O Brasil \u00e9 o 43\u00ba mercado da companhia, que estreia por aqui com dois modelos: Omoda E5 el\u00e9trico (EV) e Jaecoo 7 SHS. Ambos j\u00e1 est\u00e3o \u00e0 venda em 50 lojas personalizadas sob a bandeira da marca, localizadas em 17 estados. A OMODA &amp; JAECOO n\u00e3o vai parar por a\u00ed: a empresa j\u00e1 planeja a vinda de outros modelos para o pa\u00eds e, em breve, ter\u00e1 uma f\u00e1brica no Brasil. Enquanto isso, confira algumas pessoas que passaram pela evento de inaugura\u00e7\u00e3o: Fotos: Divulga\u00e7\u00e3o","og_url":"https:\/\/lackman.com.br\/index.php\/2025\/04\/26\/primavia-inaugura-concessionaria-omoda-jaecoo\/","og_site_name":"LACKMAN &amp; CO.","article_published_time":"2025-04-26T20:22:59+00:00","og_image":[{"width":1600,"height":900,"url":"http:\/\/lackman.com.br\/wp-content\/uploads\/2025\/04\/WhatsApp-Image-2025-04-15-at-09.08.46.jpeg","type":"image\/jpeg"}],"author":"Gilberto Evangelista - Colunista","twitter_card":"summary_large_image","twitter_misc":{"Escrito por":"Gilberto Evangelista - Colunista","Est. tempo de leitura":"5 minutos"},"schema":{"@context":"https:\/\/schema.org","@graph":[{"@type":"Article","@id":"https:\/\/lackman.com.br\/index.php\/2025\/04\/26\/primavia-inaugura-concessionaria-omoda-jaecoo\/#article","isPartOf":{"@id":"https:\/\/lackman.com.br\/index.php\/2025\/04\/26\/primavia-inaugura-concessionaria-omoda-jaecoo\/"},"author":{"name":"Gilberto Evangelista - Colunista","@id":"https:\/\/lackman.com.br\/#\/schema\/person\/8a2355f699593d21d4f0d25b69db5747"},"headline":"Primavia inaugura concession\u00e1ria OMODA &amp; JAECOO","datePublished":"2025-04-26T20:22:59+00:00","mainEntityOfPage":{"@id":"https:\/\/lackman.com.br\/index.php\/2025\/04\/26\/primavia-inaugura-concessionaria-omoda-jaecoo\/"},"wordCount":740,"publisher":{"@id":"https:\/\/lackman.com.br\/#organization"},"image":{"@id":"https:\/\/lackman.com.br\/index.php\/2025\/04\/26\/primavia-inaugura-concessionaria-omoda-jaecoo\/#primaryimage"},"thumbnailUrl":"https:\/\/lackman.com.br\/wp-content\/uploads\/2025\/04\/WhatsApp-Image-2025-04-15-at-09.08.46.jpeg","keywords":["autom\u00f3veis","brasilia","carro el\u00e9trico","concession\u00e1ria OMODA &amp; JAECOO","df","Grupo Primavia","OMODA &amp; JAECOO","SUV el\u00e9trico"],"articleSection":["Marcas","Vida"],"inLanguage":"pt-BR"},{"@type":"WebPage","@id":"https:\/\/lackman.com.br\/index.php\/2025\/04\/26\/primavia-inaugura-concessionaria-omoda-jaecoo\/","url":"https:\/\/lackman.com.br\/index.php\/2025\/04\/26\/primavia-inaugura-concessionaria-omoda-jaecoo\/","name":"Primavia inaugura concession\u00e1ria OMODA &amp; JAECOO - LACKMAN &amp; CO.","isPartOf":{"@id":"https:\/\/lackman.com.br\/#website"},"primaryImageOfPage":{"@id":"https:\/\/lackman.com.br\/index.php\/2025\/04\/26\/primavia-inaugura-concessionaria-omoda-jaecoo\/#primaryimage"},"image":{"@id":"https:\/\/lackman.com.br\/index.php\/2025\/04\/26\/primavia-inaugura-concessionaria-omoda-jaecoo\/#primaryimage"},"thumbnailUrl":"https:\/\/lackman.com.br\/wp-content\/uploads\/2025\/04\/WhatsApp-Image-2025-04-15-at-09.08.46.jpeg","datePublished":"2025-04-26T20:22:59+00:00","breadcrumb":{"@id":"https:\/\/lackman.com.br\/index.php\/2025\/04\/26\/primavia-inaugura-concessionaria-omoda-jaecoo\/#breadcrumb"},"inLanguage":"pt-BR","potentialAction":[{"@type":"ReadAction","target":["https:\/\/lackman.com.br\/index.php\/2025\/04\/26\/primavia-inaugura-concessionaria-omoda-jaecoo\/"]}]},{"@type":"ImageObject","inLanguage":"pt-BR","@id":"https:\/\/lackman.com.br\/index.php\/2025\/04\/26\/primavia-inaugura-concessionaria-omoda-jaecoo\/#primaryimage","url":"https:\/\/lackman.com.br\/wp-content\/uploads\/2025\/04\/WhatsApp-Image-2025-04-15-at-09.08.46.jpeg","contentUrl":"https:\/\/lackman.com.br\/wp-content\/uploads\/2025\/04\/WhatsApp-Image-2025-04-15-at-09.08.46.jpeg","width":1600,"height":900},{"@type":"BreadcrumbList","@id":"https:\/\/lackman.com.br\/index.php\/2025\/04\/26\/primavia-inaugura-concessionaria-omoda-jaecoo\/#breadcrumb","itemListElement":[{"@type":"ListItem","position":1,"name":"In\u00edcio","item":"https:\/\/lackman.com.br\/"},{"@type":"ListItem","position":2,"name":"Primavia inaugura concession\u00e1ria OMODA &amp; JAECOO"}]},{"@type":"WebSite","@id":"https:\/\/lackman.com.br\/#website","url":"https:\/\/lackman.com.br\/","name":"LACKMAN &amp; CO.","description":"VIDA | MODA | ARTE","publisher":{"@id":"https:\/\/lackman.com.br\/#organization"},"potentialAction":[{"@type":"SearchAction","target":{"@type":"EntryPoint","urlTemplate":"https:\/\/lackman.com.br\/?s={search_term_string}"},"query-input":{"@type":"PropertyValueSpecification","valueRequired":true,"valueName":"search_term_string"}}],"inLanguage":"pt-BR"},{"@type":"Organization","@id":"https:\/\/lackman.com.br\/#organization","name":"LACKMAN &amp; CO.","url":"https:\/\/lackman.com.br\/","logo":{"@type":"ImageObject","inLanguage":"pt-BR","@id":"https:\/\/lackman.com.br\/#\/schema\/logo\/image\/","url":"https:\/\/lackman.com.br\/wp-content\/uploads\/2023\/06\/Logotipo_preto-1.png","contentUrl":"https:\/\/lackman.com.br\/wp-content\/uploads\/2023\/06\/Logotipo_preto-1.png","width":739,"height":393,"caption":"LACKMAN &amp; CO."},"image":{"@id":"https:\/\/lackman.com.br\/#\/schema\/logo\/image\/"}},{"@type":"Person","@id":"https:\/\/lackman.com.br\/#\/schema\/person\/8a2355f699593d21d4f0d25b69db5747","name":"Gilberto Evangelista - Colunista","image":{"@type":"ImageObject","inLanguage":"pt-BR","@id":"https:\/\/lackman.com.br\/#\/schema\/person\/image\/","url":"https:\/\/secure.gravatar.com\/avatar\/cea9badf02f8a90f7a745f2cbea45fda61f65711ec015e2faf3809cca6337c28?s=96&d=mm&r=g","contentUrl":"https:\/\/secure.gravatar.com\/avatar\/cea9badf02f8a90f7a745f2cbea45fda61f65711ec015e2faf3809cca6337c28?s=96&d=mm&r=g","caption":"Gilberto Evangelista - Colunista"},"description":"Jornalista e globetrotter.","url":"https:\/\/lackman.com.br\/index.php\/author\/gilberto-brito\/"}]}},"rttpg_featured_image_url":{"full":["https:\/\/lackman.com.br\/wp-content\/uploads\/2025\/04\/WhatsApp-Image-2025-04-15-at-09.08.46.jpeg",1600,900,false],"landscape":["https:\/\/lackman.com.br\/wp-content\/uploads\/2025\/04\/WhatsApp-Image-2025-04-15-at-09.08.46.jpeg",1600,900,false],"portraits":["https:\/\/lackman.com.br\/wp-content\/uploads\/2025\/04\/WhatsApp-Image-2025-04-15-at-09.08.46.jpeg",1600,900,false],"thumbnail":["https:\/\/lackman.com.br\/wp-content\/uploads\/2025\/04\/WhatsApp-Image-2025-04-15-at-09.08.46-150x150.jpeg",150,150,true],"medium":["https:\/\/lackman.com.br\/wp-content\/uploads\/2025\/04\/WhatsApp-Image-2025-04-15-at-09.08.46-300x169.jpeg",300,169,true],"large":["https:\/\/lackman.com.br\/wp-content\/uploads\/2025\/04\/WhatsApp-Image-2025-04-15-at-09.08.46-1024x576.jpeg",1024,576,true],"RoboGalleryMansoryImagesCenter":["https:\/\/lackman.com.br\/wp-content\/uploads\/2025\/04\/WhatsApp-Image-2025-04-15-at-09.08.46-600x900.jpeg",600,900,true],"RoboGalleryPreload":["https:\/\/lackman.com.br\/wp-content\/uploads\/2025\/04\/WhatsApp-Image-2025-04-15-at-09.08.46.jpeg",100,56,false],"1536x1536":["https:\/\/lackman.com.br\/wp-content\/uploads\/2025\/04\/WhatsApp-Image-2025-04-15-at-09.08.46-1536x864.jpeg",1536,864,true],"2048x2048":["https:\/\/lackman.com.br\/wp-content\/uploads\/2025\/04\/WhatsApp-Image-2025-04-15-at-09.08.46.jpeg",1600,900,false]},"rttpg_author":{"display_name":"Gilberto Evangelista - Colunista","author_link":"https:\/\/lackman.com.br\/index.php\/author\/gilberto-brito\/"},"rttpg_comment":0,"rttpg_category":"<a href=\"https:\/\/lackman.com.br\/index.php\/category\/moda\/marcas\/\" rel=\"category tag\">Marcas<\/a> <a href=\"https:\/\/lackman.com.br\/index.php\/category\/vida\/\" rel=\"category tag\">Vida<\/a>","rttpg_excerpt":"Com evento para convidados, evento tem como destaque os SUVs Omoda E5 el\u00e9trico (EV) e o Jaecoo 7 SHS\u00a0 &nbsp; O Grupo Primavia inaugurou a sua mais nova concession\u00e1ria: OMODA &amp; JAECOO. A revendedora exclusiva no Distrito Federal foi apresentada para convidados simultaneamente ao lan\u00e7amento nacional das marcas do Grupo Chery.\u00a0 Localizada pr\u00f3xima ao Aeroporto&hellip;","_links":{"self":[{"href":"https:\/\/lackman.com.br\/index.php\/wp-json\/wp\/v2\/posts\/9272","targetHints":{"allow":["GET"]}}],"collection":[{"href":"https:\/\/lackman.com.br\/index.php\/wp-json\/wp\/v2\/posts"}],"about":[{"href":"https:\/\/lackman.com.br\/index.php\/wp-json\/wp\/v2\/types\/post"}],"author":[{"embeddable":true,"href":"https:\/\/lackman.com.br\/index.php\/wp-json\/wp\/v2\/users\/6"}],"replies":[{"embeddable":true,"href":"https:\/\/lackman.com.br\/index.php\/wp-json\/wp\/v2\/comments?post=9272"}],"version-history":[{"count":1,"href":"https:\/\/lackman.com.br\/index.php\/wp-json\/wp\/v2\/posts\/9272\/revisions"}],"predecessor-version":[{"id":9281,"href":"https:\/\/lackman.com.br\/index.php\/wp-json\/wp\/v2\/posts\/9272\/revisions\/9281"}],"wp:featuredmedia":[{"embeddable":true,"href":"https:\/\/lackman.com.br\/index.php\/wp-json\/wp\/v2\/media\/9273"}],"wp:attachment":[{"href":"https:\/\/lackman.com.br\/index.php\/wp-json\/wp\/v2\/media?parent=9272"}],"wp:term":[{"taxonomy":"category","embeddable":true,"href":"https:\/\/lackman.com.br\/index.php\/wp-json\/wp\/v2\/categories?post=9272"},{"taxonomy":"post_tag","embeddable":true,"href":"https:\/\/lackman.com.br\/index.php\/wp-json\/wp\/v2\/tags?post=9272"}],"curies":[{"name":"wp","href":"https:\/\/api.w.org\/{rel}","templated":true}]}}