{"id":9175,"date":"2025-04-10T21:50:40","date_gmt":"2025-04-11T00:50:40","guid":{"rendered":"https:\/\/lackman.com.br\/?p=9175"},"modified":"2025-04-11T09:49:28","modified_gmt":"2025-04-11T12:49:28","slug":"9175","status":"publish","type":"post","link":"https:\/\/lackman.com.br\/index.php\/2025\/04\/10\/9175\/","title":{"rendered":"Pr\u00eamio Jorge Laffond reconhece trabalhos humanos e sociais"},"content":{"rendered":"<h5><strong><em>Noite memor\u00e1vel marca a entrega dos trofeus para quem faz diferen\u00e7a em prol do publico LGBTQIAPN+<\/em><\/strong><\/h5>\n<p class=\"s2\" style=\"text-align: justify;\"><span class=\"s3\"><span class=\"bumpedFont15\">Aproveitando que hoje, 10 de abril \u00e9 uma quinta-feira, a Coluna #PERAMBULANDO quer fazer uma mat\u00e9ria estilo #<\/span><\/span><span class=\"s3\"><span class=\"bumpedFont15\">tbt<\/span><\/span><span class=\"s3\"><span class=\"bumpedFont15\">, para enaltecer o<\/span><\/span> <span class=\"s4\"><span class=\"bumpedFont15\">Pr\u00eamio Jorge <\/span><\/span><span class=\"s4\"><span class=\"bumpedFont15\">Laffond<\/span><\/span><span class=\"s3\"><span class=\"bumpedFont15\">,<\/span><\/span><span class=\"s3\"><span class=\"bumpedFont15\"> uma iniciativa do coletivo <\/span><\/span><span class=\"s4\"><span class=\"bumpedFont15\">Distrito <\/span><\/span><span class=\"s4\"><span class=\"bumpedFont15\">Drag<\/span><\/span><span class=\"s3\"><span class=\"bumpedFont15\">, que visa reconhecer e homenagear personalidades, grupos e projetos que se destacam na promo\u00e7\u00e3o da cultura e dos direitos da comunidade LGBTQIA+. O pr\u00eamio leva o nome de Jorge <\/span><\/span><span class=\"s3\"><span class=\"bumpedFont15\">Lafond<\/span><\/span><span class=\"s3\"><span class=\"bumpedFont15\">, artista brasileiro conhecido por sua contribui\u00e7\u00e3o \u00e0 arte transformista e por seu papel como a ic\u00f4nica personagem Vera Ver\u00e3o.<\/span><\/span><\/p>\n<p><img fetchpriority=\"high\" decoding=\"async\" class=\"alignnone size-large wp-image-9170\" src=\"http:\/\/lackman.com.br\/wp-content\/uploads\/2025\/04\/0b50307e-d5ce-46c9-98a2-6670bb04e78d-1024x682.jpeg\" alt=\"\" width=\"1024\" height=\"682\" srcset=\"https:\/\/lackman.com.br\/wp-content\/uploads\/2025\/04\/0b50307e-d5ce-46c9-98a2-6670bb04e78d-1024x682.jpeg 1024w, https:\/\/lackman.com.br\/wp-content\/uploads\/2025\/04\/0b50307e-d5ce-46c9-98a2-6670bb04e78d-300x200.jpeg 300w, https:\/\/lackman.com.br\/wp-content\/uploads\/2025\/04\/0b50307e-d5ce-46c9-98a2-6670bb04e78d-768x512.jpeg 768w, https:\/\/lackman.com.br\/wp-content\/uploads\/2025\/04\/0b50307e-d5ce-46c9-98a2-6670bb04e78d-1536x1023.jpeg 1536w, https:\/\/lackman.com.br\/wp-content\/uploads\/2025\/04\/0b50307e-d5ce-46c9-98a2-6670bb04e78d.jpeg 1600w\" sizes=\"(max-width: 1024px) 100vw, 1024px\" \/><\/p>\n<p class=\"s2\" style=\"text-align: justify;\"><span class=\"s3\"><span class=\"bumpedFont15\">A primeira edi\u00e7\u00e3o do pr\u00eamio ocorreu em 2019, durante o lan\u00e7amento do &#8220;Calend\u00e1rio <\/span><\/span><span class=\"s3\"><span class=\"bumpedFont15\">Drag<\/span><\/span><span class=\"s3\"><span class=\"bumpedFont15\"> 2020&#8243;, um projeto do Distrito <\/span><\/span><span class=\"s3\"><span class=\"bumpedFont15\">Drag<\/span><\/span><span class=\"s3\"><span class=\"bumpedFont15\"> que aborda temas sociais por meio da arte <\/span><\/span><span class=\"s3\"><span class=\"bumpedFont15\">drag<\/span><\/span><span class=\"s3\"><span class=\"bumpedFont15\">. Desde ent\u00e3o, o evento tem sido realizado anualmente, ampliando seu alcance e reconhecimento.<\/span><\/span><\/p>\n<p><img decoding=\"async\" class=\"size-large wp-image-9168 aligncenter\" src=\"http:\/\/lackman.com.br\/wp-content\/uploads\/2025\/04\/9f7573e6-1f01-44d8-8ff5-34d39ea3602b-682x1024.jpeg\" alt=\"\" width=\"682\" height=\"1024\" srcset=\"https:\/\/lackman.com.br\/wp-content\/uploads\/2025\/04\/9f7573e6-1f01-44d8-8ff5-34d39ea3602b-682x1024.jpeg 682w, https:\/\/lackman.com.br\/wp-content\/uploads\/2025\/04\/9f7573e6-1f01-44d8-8ff5-34d39ea3602b-200x300.jpeg 200w, https:\/\/lackman.com.br\/wp-content\/uploads\/2025\/04\/9f7573e6-1f01-44d8-8ff5-34d39ea3602b-768x1153.jpeg 768w, https:\/\/lackman.com.br\/wp-content\/uploads\/2025\/04\/9f7573e6-1f01-44d8-8ff5-34d39ea3602b-1023x1536.jpeg 1023w, https:\/\/lackman.com.br\/wp-content\/uploads\/2025\/04\/9f7573e6-1f01-44d8-8ff5-34d39ea3602b.jpeg 1066w\" sizes=\"(max-width: 682px) 100vw, 682px\" \/><\/p>\n<p class=\"s2\" style=\"text-align: justify;\"><span class=\"s3\"><span class=\"bumpedFont15\">Ao longo de suas edi\u00e7\u00f5es, o Pr\u00eamio Jorge <\/span><\/span><span class=\"s3\"><span class=\"bumpedFont15\">Laf<\/span><\/span><span class=\"s3\"><span class=\"bumpedFont15\">f<\/span><\/span><span class=\"s3\"><span class=\"bumpedFont15\">ond<\/span><\/span><span class=\"s3\"><span class=\"bumpedFont15\"> tem celebrado diversas personalidades e iniciativas<\/span><\/span> <span class=\"s5\"><span class=\"bumpedFont15\">como Maria <\/span><\/span><span class=\"s5\"><span class=\"bumpedFont15\">Gad\u00fa<\/span><\/span><span class=\"s5\"><span class=\"bumpedFont15\">, Erika Hilton, Bianca <\/span><\/span><span class=\"s5\"><span class=\"bumpedFont15\">Dellafancy<\/span><\/span><span class=\"s5\"><span class=\"bumpedFont15\">, Marcinha do <\/span><\/span><span class=\"s5\"><span class=\"bumpedFont15\">Corintho<\/span><\/span><span class=\"s5\"><span class=\"bumpedFont15\">, Keila Simpson, Ivan Baron, <\/span><\/span><span class=\"s5\"><span class=\"bumpedFont15\">Symmy<\/span><\/span> <span class=\"s5\"><span class=\"bumpedFont15\">Larrat<\/span><\/span><span class=\"s5\"><span class=\"bumpedFont15\">, Margareth Menezes, Diego Martins e Amaury Lorenzo. <\/span><\/span><span class=\"s3\"><span class=\"bumpedFont15\">Na 4\u00aa edi\u00e7\u00e3o, realizada em mar\u00e7o de 2024<\/span><\/span><span class=\"s3\"><span class=\"bumpedFont15\">, por exemplo<\/span><\/span><span class=\"s3\"><span class=\"bumpedFont15\">, o ministro dos Direitos Humanos e da Cidadania, Silvio Almeida, foi um dos homenageados na categoria Pol\u00edticas P\u00fablicas. <\/span><\/span><span class=\"s3\"><span class=\"bumpedFont15\">J\u00e1 nesta 5\u00aa edi\u00e7\u00e3o<\/span><\/span><span class=\"s3\"><span class=\"bumpedFont15\">, foram reconhecidos nomes como as cantoras <\/span><\/span><span class=\"s3\"><span class=\"bumpedFont15\">Liniker<\/span><\/span><span class=\"s3\"><span class=\"bumpedFont15\"> e <\/span><\/span><span class=\"s3\"><span class=\"bumpedFont15\">Leci<\/span><\/span><span class=\"s3\"><span class=\"bumpedFont15\"> Brand\u00e3o, o escritor Raphael Montes e o advogado<\/span><\/span><span class=\"s3\"><span class=\"bumpedFont15\">, o<\/span><\/span><span class=\"s3\"><span class=\"bumpedFont15\"> ativista Renan <\/span><\/span><span class=\"s3\"><span class=\"bumpedFont15\">Quinalha <\/span><\/span><span class=\"s3\"><span class=\"bumpedFont15\">e o editor-chefe do site, Fernando <\/span><\/span><span class=\"s3\"><span class=\"bumpedFont15\">Lackman<\/span><\/span><span class=\"s3\"><span class=\"bumpedFont15\"> por sua atua\u00e7\u00e3o de destaque no setor da moda e beleza brasiliense<\/span><\/span><span class=\"s3\"><span class=\"bumpedFont15\">.<\/span><\/span><\/p>\n<style type=\"text\/css\">\n#foogallery-gallery-9212.fg-justified .fg-item { margin-right: 2px; margin-bottom: 2px; }\n#foogallery-gallery-9212.fg-justified .fg-image { height: 200px; }<\/style>\n\t\t\t<div class=\"foogallery foogallery-container foogallery-justified foogallery-lightbox-foogallery fg-justified fg-ready fg-light fg-shadow-outline fg-loading-default fg-loaded-fade-in fg-caption-always fg-hover-fade fg-hover-zoom2\" id=\"foogallery-gallery-9212\" data-foogallery=\"{&quot;item&quot;:{&quot;showCaptionTitle&quot;:true,&quot;showCaptionDescription&quot;:false},&quot;lazy&quot;:true,&quot;template&quot;:{&quot;rowHeight&quot;:200,&quot;maxRowHeight&quot;:300,&quot;margins&quot;:2,&quot;align&quot;:&quot;center&quot;,&quot;lastRow&quot;:&quot;smart&quot;}}\" data-foogallery-lightbox=\"{&quot;thumbs&quot;:&quot;bottom&quot;,&quot;thumbsCaptions&quot;:false,&quot;thumbsBestFit&quot;:false,&quot;thumbsSmall&quot;:false,&quot;thumbsCaptionsAlign&quot;:&quot;default&quot;,&quot;info&quot;:&quot;bottom&quot;,&quot;infoVisible&quot;:true,&quot;infoOverlay&quot;:true,&quot;infoAlign&quot;:&quot;default&quot;,&quot;transition&quot;:&quot;fade&quot;,&quot;hoverButtons&quot;:false,&quot;fitMedia&quot;:false,&quot;noScrollbars&quot;:true,&quot;preserveButtonSpace&quot;:true,&quot;buttons&quot;:{&quot;fullscreen&quot;:true,&quot;info&quot;:true,&quot;thumbs&quot;:false},&quot;video&quot;:{&quot;autoPlay&quot;:true}}\" style=\"--fg-title-line-clamp: 0; --fg-description-line-clamp: 0;\" >\n\t<div class=\"fg-item fg-type-image fg-idle\"><figure class=\"fg-item-inner\"><a href=\"https:\/\/lackman.com.br\/wp-content\/uploads\/2025\/04\/6533c9c0-6f5f-4252-bf68-3008b8c2db44.jpeg\" data-attachment-id=\"9200\" data-type=\"image\" class=\"fg-thumb\"><span class=\"fg-image-wrap\"><img decoding=\"async\" height=\"300\" width=\"450\" class=\"skip-lazy fg-image\" data-src-fg=\"https:\/\/lackman.com.br\/wp-content\/uploads\/cache\/2025\/04\/6533c9c0-6f5f-4252-bf68-3008b8c2db44\/2706941522.jpeg\" src=\"data:image\/svg+xml,%3Csvg%20xmlns%3D%22http%3A%2F%2Fwww.w3.org%2F2000%2Fsvg%22%20width%3D%22450%22%20height%3D%22300%22%20viewBox%3D%220%200%20450%20300%22%3E%3C%2Fsvg%3E\" loading=\"eager\"><\/span><span class=\"fg-image-overlay\"><\/span><\/a><\/figure><div class=\"fg-loader\"><\/div><\/div><div class=\"fg-item fg-type-image fg-idle\"><figure class=\"fg-item-inner\"><a href=\"https:\/\/lackman.com.br\/wp-content\/uploads\/2025\/04\/2c94bba0-af24-4e14-bbab-41de0009f789.jpeg\" data-attachment-id=\"9193\" data-type=\"image\" class=\"fg-thumb\"><span class=\"fg-image-wrap\"><img decoding=\"async\" height=\"300\" width=\"450\" class=\"skip-lazy fg-image\" data-src-fg=\"https:\/\/lackman.com.br\/wp-content\/uploads\/cache\/2025\/04\/2c94bba0-af24-4e14-bbab-41de0009f789\/2715093619.jpeg\" src=\"data:image\/svg+xml,%3Csvg%20xmlns%3D%22http%3A%2F%2Fwww.w3.org%2F2000%2Fsvg%22%20width%3D%22450%22%20height%3D%22300%22%20viewBox%3D%220%200%20450%20300%22%3E%3C%2Fsvg%3E\" loading=\"eager\"><\/span><span class=\"fg-image-overlay\"><\/span><\/a><\/figure><div class=\"fg-loader\"><\/div><\/div><div class=\"fg-item fg-type-image fg-idle\"><figure class=\"fg-item-inner\"><a href=\"https:\/\/lackman.com.br\/wp-content\/uploads\/2025\/04\/7f534062-de00-4441-bfcc-246598d9ee8a.jpeg\" data-attachment-id=\"9188\" data-type=\"image\" class=\"fg-thumb\"><span class=\"fg-image-wrap\"><img decoding=\"async\" height=\"300\" width=\"450\" class=\"skip-lazy fg-image\" data-src-fg=\"https:\/\/lackman.com.br\/wp-content\/uploads\/cache\/2025\/04\/7f534062-de00-4441-bfcc-246598d9ee8a\/1626394948.jpeg\" src=\"data:image\/svg+xml,%3Csvg%20xmlns%3D%22http%3A%2F%2Fwww.w3.org%2F2000%2Fsvg%22%20width%3D%22450%22%20height%3D%22300%22%20viewBox%3D%220%200%20450%20300%22%3E%3C%2Fsvg%3E\" loading=\"eager\"><\/span><span class=\"fg-image-overlay\"><\/span><\/a><\/figure><div class=\"fg-loader\"><\/div><\/div><div class=\"fg-item fg-type-image fg-idle\"><figure class=\"fg-item-inner\"><a href=\"https:\/\/lackman.com.br\/wp-content\/uploads\/2025\/04\/58282dc8-ad8f-490b-b54c-95215a98d8bb.jpeg\" data-attachment-id=\"9189\" data-type=\"image\" class=\"fg-thumb\"><span class=\"fg-image-wrap\"><img decoding=\"async\" height=\"300\" width=\"450\" class=\"skip-lazy fg-image\" data-src-fg=\"https:\/\/lackman.com.br\/wp-content\/uploads\/cache\/2025\/04\/58282dc8-ad8f-490b-b54c-95215a98d8bb\/2259378484.jpeg\" src=\"data:image\/svg+xml,%3Csvg%20xmlns%3D%22http%3A%2F%2Fwww.w3.org%2F2000%2Fsvg%22%20width%3D%22450%22%20height%3D%22300%22%20viewBox%3D%220%200%20450%20300%22%3E%3C%2Fsvg%3E\" loading=\"eager\"><\/span><span class=\"fg-image-overlay\"><\/span><\/a><\/figure><div class=\"fg-loader\"><\/div><\/div><div class=\"fg-item fg-type-image fg-idle\"><figure class=\"fg-item-inner\"><a href=\"https:\/\/lackman.com.br\/wp-content\/uploads\/2025\/04\/bdb57317-9762-4358-9b24-c31057fee40c.jpeg\" data-attachment-id=\"9199\" data-type=\"image\" class=\"fg-thumb\"><span class=\"fg-image-wrap\"><img decoding=\"async\" height=\"300\" width=\"450\" class=\"skip-lazy fg-image\" data-src-fg=\"https:\/\/lackman.com.br\/wp-content\/uploads\/cache\/2025\/04\/bdb57317-9762-4358-9b24-c31057fee40c\/3947740056.jpeg\" src=\"data:image\/svg+xml,%3Csvg%20xmlns%3D%22http%3A%2F%2Fwww.w3.org%2F2000%2Fsvg%22%20width%3D%22450%22%20height%3D%22300%22%20viewBox%3D%220%200%20450%20300%22%3E%3C%2Fsvg%3E\" loading=\"eager\"><\/span><span class=\"fg-image-overlay\"><\/span><\/a><\/figure><div class=\"fg-loader\"><\/div><\/div><div class=\"fg-item fg-type-image fg-idle\"><figure class=\"fg-item-inner\"><a href=\"https:\/\/lackman.com.br\/wp-content\/uploads\/2025\/04\/ec614bee-9440-4019-a823-3daabba0567c.jpeg\" data-attachment-id=\"9187\" data-type=\"image\" class=\"fg-thumb\"><span class=\"fg-image-wrap\"><img decoding=\"async\" height=\"300\" width=\"450\" class=\"skip-lazy fg-image\" data-src-fg=\"https:\/\/lackman.com.br\/wp-content\/uploads\/cache\/2025\/04\/ec614bee-9440-4019-a823-3daabba0567c\/2653704695.jpeg\" src=\"data:image\/svg+xml,%3Csvg%20xmlns%3D%22http%3A%2F%2Fwww.w3.org%2F2000%2Fsvg%22%20width%3D%22450%22%20height%3D%22300%22%20viewBox%3D%220%200%20450%20300%22%3E%3C%2Fsvg%3E\" loading=\"eager\"><\/span><span class=\"fg-image-overlay\"><\/span><\/a><\/figure><div class=\"fg-loader\"><\/div><\/div><\/div>\n\n<p class=\"s2\" style=\"text-align: justify;\"><span class=\"s3\"><span class=\"bumpedFont15\">O pr\u00eamio n\u00e3o apenas celebra conquistas individuais, mas tamb\u00e9m refor\u00e7a a import\u00e2ncia da luta pelos direitos LGBTQIA+ e a valoriza\u00e7\u00e3o da cultura e da arte dentro dessa comunidade. Al\u00e9m das premia\u00e7\u00f5es, o evento inclui performances art\u00edsticas e apresenta\u00e7\u00f5es que destacam a diversidade e a criatividade da cultura LGBTQIA+.<\/span><\/span><\/p>\n<p><img decoding=\"async\" class=\"alignnone size-large wp-image-9166\" src=\"http:\/\/lackman.com.br\/wp-content\/uploads\/2025\/04\/0bb84bce-c460-40d4-aec0-82e02714095d-1024x682.jpeg\" alt=\"\" width=\"1024\" height=\"682\" srcset=\"https:\/\/lackman.com.br\/wp-content\/uploads\/2025\/04\/0bb84bce-c460-40d4-aec0-82e02714095d-1024x682.jpeg 1024w, https:\/\/lackman.com.br\/wp-content\/uploads\/2025\/04\/0bb84bce-c460-40d4-aec0-82e02714095d-300x200.jpeg 300w, https:\/\/lackman.com.br\/wp-content\/uploads\/2025\/04\/0bb84bce-c460-40d4-aec0-82e02714095d-768x512.jpeg 768w, https:\/\/lackman.com.br\/wp-content\/uploads\/2025\/04\/0bb84bce-c460-40d4-aec0-82e02714095d-1536x1023.jpeg 1536w, https:\/\/lackman.com.br\/wp-content\/uploads\/2025\/04\/0bb84bce-c460-40d4-aec0-82e02714095d.jpeg 1600w\" sizes=\"(max-width: 1024px) 100vw, 1024px\" \/><\/p>\n<p class=\"s2\" style=\"text-align: justify;\"><span class=\"s3\"><span class=\"bumpedFont15\">O Distrito <\/span><\/span><span class=\"s3\"><span class=\"bumpedFont15\">Drag<\/span><\/span><span class=\"s3\"><span class=\"bumpedFont15\">, respons\u00e1vel pela organiza\u00e7\u00e3o do pr\u00eamio, \u00e9 um coletivo criado em 2017 com o objetivo de produzir e difundir a cultura LGBTQIA+ por meio da arte transformista, promovendo a auto-organiza\u00e7\u00e3o e forma\u00e7\u00e3o de artistas, al\u00e9m de preservar a mem\u00f3ria e hist\u00f3ria da comunidade<\/span><\/span><span class=\"s3\"><span class=\"bumpedFont15\">.<\/span><\/span><\/p>\n<style type=\"text\/css\">\n#foogallery-gallery-9209.fg-masonry { --fg-gutter: 10px; }<\/style>\n\t\t\t<div class=\"foogallery foogallery-container foogallery-masonry foogallery-lightbox-foogallery fg-center fg-masonry fg-ready fg-dark fg-shadow-small fg-loading-default fg-loaded-fade-in fg-captions-bottom fg-hover-fade fg-hover-plus fg-col3\" id=\"foogallery-gallery-9209\" data-foogallery=\"{&quot;item&quot;:{&quot;showCaptionTitle&quot;:true,&quot;showCaptionDescription&quot;:true},&quot;lazy&quot;:true}\" data-foogallery-lightbox=\"{&quot;thumbs&quot;:&quot;bottom&quot;,&quot;thumbsCaptions&quot;:false,&quot;thumbsBestFit&quot;:false,&quot;thumbsSmall&quot;:false,&quot;thumbsCaptionsAlign&quot;:&quot;default&quot;,&quot;info&quot;:&quot;bottom&quot;,&quot;infoVisible&quot;:true,&quot;infoOverlay&quot;:true,&quot;infoAlign&quot;:&quot;default&quot;,&quot;transition&quot;:&quot;fade&quot;,&quot;hoverButtons&quot;:false,&quot;fitMedia&quot;:false,&quot;noScrollbars&quot;:true,&quot;preserveButtonSpace&quot;:true,&quot;buttons&quot;:{&quot;fullscreen&quot;:true,&quot;info&quot;:true,&quot;thumbs&quot;:false},&quot;video&quot;:{&quot;autoPlay&quot;:true}}\" style=\"--fg-title-line-clamp: 0; --fg-description-line-clamp: 0;\" >\n\t\t<div class=\"fg-column-width\"><\/div>\n\t<div class=\"fg-gutter-width\"><\/div>\n\t\t<div class=\"fg-item fg-type-image fg-idle\"><figure class=\"fg-item-inner\"><a href=\"https:\/\/lackman.com.br\/wp-content\/uploads\/2025\/04\/2c94bba0-af24-4e14-bbab-41de0009f789.jpeg\" data-attachment-id=\"9193\" data-type=\"image\" class=\"fg-thumb\"><span class=\"fg-image-wrap\"><img decoding=\"async\" width=\"250\" height=\"167\" class=\"skip-lazy fg-image\" data-src-fg=\"https:\/\/lackman.com.br\/wp-content\/uploads\/cache\/2025\/04\/2c94bba0-af24-4e14-bbab-41de0009f789\/1695532520.jpeg\" src=\"data:image\/svg+xml,%3Csvg%20xmlns%3D%22http%3A%2F%2Fwww.w3.org%2F2000%2Fsvg%22%20width%3D%22250%22%20height%3D%22167%22%20viewBox%3D%220%200%20250%20167%22%3E%3C%2Fsvg%3E\" loading=\"eager\"><\/span><span class=\"fg-image-overlay\"><\/span><\/a><\/figure><div class=\"fg-loader\"><\/div><\/div><div class=\"fg-item fg-type-image fg-idle\"><figure class=\"fg-item-inner\"><a href=\"https:\/\/lackman.com.br\/wp-content\/uploads\/2025\/04\/e7da0883-1069-4b08-955f-8a089e2336c5.jpeg\" data-attachment-id=\"9191\" data-type=\"image\" class=\"fg-thumb\"><span class=\"fg-image-wrap\"><img decoding=\"async\" width=\"250\" height=\"167\" class=\"skip-lazy fg-image\" data-src-fg=\"https:\/\/lackman.com.br\/wp-content\/uploads\/cache\/2025\/04\/e7da0883-1069-4b08-955f-8a089e2336c5\/2965252484.jpeg\" src=\"data:image\/svg+xml,%3Csvg%20xmlns%3D%22http%3A%2F%2Fwww.w3.org%2F2000%2Fsvg%22%20width%3D%22250%22%20height%3D%22167%22%20viewBox%3D%220%200%20250%20167%22%3E%3C%2Fsvg%3E\" loading=\"eager\"><\/span><span class=\"fg-image-overlay\"><\/span><\/a><\/figure><div class=\"fg-loader\"><\/div><\/div><div class=\"fg-item fg-type-image fg-idle\"><figure class=\"fg-item-inner\"><a href=\"https:\/\/lackman.com.br\/wp-content\/uploads\/2025\/04\/f36a61a4-2213-4806-baad-3daf3ab8a13c.jpeg\" data-attachment-id=\"9190\" data-type=\"image\" class=\"fg-thumb\"><span class=\"fg-image-wrap\"><img decoding=\"async\" width=\"250\" height=\"167\" class=\"skip-lazy fg-image\" data-src-fg=\"https:\/\/lackman.com.br\/wp-content\/uploads\/cache\/2025\/04\/f36a61a4-2213-4806-baad-3daf3ab8a13c\/653868001.jpeg\" src=\"data:image\/svg+xml,%3Csvg%20xmlns%3D%22http%3A%2F%2Fwww.w3.org%2F2000%2Fsvg%22%20width%3D%22250%22%20height%3D%22167%22%20viewBox%3D%220%200%20250%20167%22%3E%3C%2Fsvg%3E\" loading=\"eager\"><\/span><span class=\"fg-image-overlay\"><\/span><\/a><\/figure><div class=\"fg-loader\"><\/div><\/div><div class=\"fg-item fg-type-image fg-idle\"><figure class=\"fg-item-inner\"><a href=\"https:\/\/lackman.com.br\/wp-content\/uploads\/2025\/04\/79c58df0-9a34-40b2-8a53-f1e49d64c703.jpeg\" data-attachment-id=\"9196\" data-type=\"image\" class=\"fg-thumb\"><span class=\"fg-image-wrap\"><img decoding=\"async\" width=\"250\" height=\"167\" class=\"skip-lazy fg-image\" data-src-fg=\"https:\/\/lackman.com.br\/wp-content\/uploads\/cache\/2025\/04\/79c58df0-9a34-40b2-8a53-f1e49d64c703\/2069738134.jpeg\" src=\"data:image\/svg+xml,%3Csvg%20xmlns%3D%22http%3A%2F%2Fwww.w3.org%2F2000%2Fsvg%22%20width%3D%22250%22%20height%3D%22167%22%20viewBox%3D%220%200%20250%20167%22%3E%3C%2Fsvg%3E\" loading=\"eager\"><\/span><span class=\"fg-image-overlay\"><\/span><\/a><\/figure><div class=\"fg-loader\"><\/div><\/div><div class=\"fg-item fg-type-image fg-idle\"><figure class=\"fg-item-inner\"><a href=\"https:\/\/lackman.com.br\/wp-content\/uploads\/2025\/04\/e5145381-62d8-4de9-aff3-acd4008e4ab8.jpeg\" data-attachment-id=\"9186\" data-type=\"image\" class=\"fg-thumb\"><span class=\"fg-image-wrap\"><img decoding=\"async\" width=\"250\" height=\"167\" class=\"skip-lazy fg-image\" data-src-fg=\"https:\/\/lackman.com.br\/wp-content\/uploads\/cache\/2025\/04\/e5145381-62d8-4de9-aff3-acd4008e4ab8\/119185993.jpeg\" src=\"data:image\/svg+xml,%3Csvg%20xmlns%3D%22http%3A%2F%2Fwww.w3.org%2F2000%2Fsvg%22%20width%3D%22250%22%20height%3D%22167%22%20viewBox%3D%220%200%20250%20167%22%3E%3C%2Fsvg%3E\" loading=\"eager\"><\/span><span class=\"fg-image-overlay\"><\/span><\/a><\/figure><div class=\"fg-loader\"><\/div><\/div><div class=\"fg-item fg-type-image fg-idle\"><figure class=\"fg-item-inner\"><a href=\"https:\/\/lackman.com.br\/wp-content\/uploads\/2025\/04\/eae58a04-968b-47bf-8b5c-b52e77194fe2.jpeg\" data-attachment-id=\"9183\" data-type=\"image\" class=\"fg-thumb\"><span class=\"fg-image-wrap\"><img decoding=\"async\" width=\"250\" height=\"167\" class=\"skip-lazy fg-image\" data-src-fg=\"https:\/\/lackman.com.br\/wp-content\/uploads\/cache\/2025\/04\/eae58a04-968b-47bf-8b5c-b52e77194fe2\/2520747107.jpeg\" src=\"data:image\/svg+xml,%3Csvg%20xmlns%3D%22http%3A%2F%2Fwww.w3.org%2F2000%2Fsvg%22%20width%3D%22250%22%20height%3D%22167%22%20viewBox%3D%220%200%20250%20167%22%3E%3C%2Fsvg%3E\" loading=\"eager\"><\/span><span class=\"fg-image-overlay\"><\/span><\/a><\/figure><div class=\"fg-loader\"><\/div><\/div><div class=\"fg-item fg-type-image fg-idle\"><figure class=\"fg-item-inner\"><a href=\"https:\/\/lackman.com.br\/wp-content\/uploads\/2025\/04\/3c6180e0-466c-4859-b451-b77d9a1530a9.jpeg\" data-attachment-id=\"9182\" data-type=\"image\" class=\"fg-thumb\"><span class=\"fg-image-wrap\"><img decoding=\"async\" width=\"250\" height=\"167\" class=\"skip-lazy fg-image\" data-src-fg=\"https:\/\/lackman.com.br\/wp-content\/uploads\/cache\/2025\/04\/3c6180e0-466c-4859-b451-b77d9a1530a9\/3550766487.jpeg\" src=\"data:image\/svg+xml,%3Csvg%20xmlns%3D%22http%3A%2F%2Fwww.w3.org%2F2000%2Fsvg%22%20width%3D%22250%22%20height%3D%22167%22%20viewBox%3D%220%200%20250%20167%22%3E%3C%2Fsvg%3E\" loading=\"eager\"><\/span><span class=\"fg-image-overlay\"><\/span><\/a><\/figure><div class=\"fg-loader\"><\/div><\/div><div class=\"fg-item fg-type-image fg-idle\"><figure class=\"fg-item-inner\"><a href=\"https:\/\/lackman.com.br\/wp-content\/uploads\/2025\/04\/4d337f96-014e-45b2-8ea8-e8ce32359a2c.jpeg\" data-attachment-id=\"9181\" data-type=\"image\" class=\"fg-thumb\"><span class=\"fg-image-wrap\"><img decoding=\"async\" width=\"250\" height=\"167\" class=\"skip-lazy fg-image\" data-src-fg=\"https:\/\/lackman.com.br\/wp-content\/uploads\/cache\/2025\/04\/4d337f96-014e-45b2-8ea8-e8ce32359a2c\/3963938913.jpeg\" src=\"data:image\/svg+xml,%3Csvg%20xmlns%3D%22http%3A%2F%2Fwww.w3.org%2F2000%2Fsvg%22%20width%3D%22250%22%20height%3D%22167%22%20viewBox%3D%220%200%20250%20167%22%3E%3C%2Fsvg%3E\" loading=\"eager\"><\/span><span class=\"fg-image-overlay\"><\/span><\/a><\/figure><div class=\"fg-loader\"><\/div><\/div><div class=\"fg-item fg-type-image fg-idle\"><figure class=\"fg-item-inner\"><a href=\"https:\/\/lackman.com.br\/wp-content\/uploads\/2025\/04\/a5b60976-6db2-4bd4-9400-7b8201f8d93c.jpeg\" data-attachment-id=\"9180\" data-type=\"image\" class=\"fg-thumb\"><span class=\"fg-image-wrap\"><img decoding=\"async\" width=\"250\" height=\"167\" class=\"skip-lazy fg-image\" data-src-fg=\"https:\/\/lackman.com.br\/wp-content\/uploads\/cache\/2025\/04\/a5b60976-6db2-4bd4-9400-7b8201f8d93c\/3745711693.jpeg\" src=\"data:image\/svg+xml,%3Csvg%20xmlns%3D%22http%3A%2F%2Fwww.w3.org%2F2000%2Fsvg%22%20width%3D%22250%22%20height%3D%22167%22%20viewBox%3D%220%200%20250%20167%22%3E%3C%2Fsvg%3E\" loading=\"eager\"><\/span><span class=\"fg-image-overlay\"><\/span><\/a><\/figure><div class=\"fg-loader\"><\/div><\/div><div class=\"fg-item fg-type-image fg-idle\"><figure class=\"fg-item-inner\"><a href=\"https:\/\/lackman.com.br\/wp-content\/uploads\/2025\/04\/94c5fa00-fac0-4152-b584-561eedb9b9d4.jpeg\" data-attachment-id=\"9179\" data-type=\"image\" class=\"fg-thumb\"><span class=\"fg-image-wrap\"><img decoding=\"async\" width=\"250\" height=\"167\" class=\"skip-lazy fg-image\" data-src-fg=\"https:\/\/lackman.com.br\/wp-content\/uploads\/cache\/2025\/04\/94c5fa00-fac0-4152-b584-561eedb9b9d4\/2282221336.jpeg\" src=\"data:image\/svg+xml,%3Csvg%20xmlns%3D%22http%3A%2F%2Fwww.w3.org%2F2000%2Fsvg%22%20width%3D%22250%22%20height%3D%22167%22%20viewBox%3D%220%200%20250%20167%22%3E%3C%2Fsvg%3E\" loading=\"eager\"><\/span><span class=\"fg-image-overlay\"><\/span><\/a><\/figure><div class=\"fg-loader\"><\/div><\/div><div class=\"fg-item fg-type-image fg-idle\"><figure class=\"fg-item-inner\"><a href=\"https:\/\/lackman.com.br\/wp-content\/uploads\/2025\/04\/895dc136-54d8-4158-8717-6a10f88a9b09.jpeg\" data-attachment-id=\"9178\" data-type=\"image\" class=\"fg-thumb\"><span class=\"fg-image-wrap\"><img decoding=\"async\" width=\"250\" height=\"375\" class=\"skip-lazy fg-image\" data-src-fg=\"https:\/\/lackman.com.br\/wp-content\/uploads\/cache\/2025\/04\/895dc136-54d8-4158-8717-6a10f88a9b09\/3174359982.jpeg\" src=\"data:image\/svg+xml,%3Csvg%20xmlns%3D%22http%3A%2F%2Fwww.w3.org%2F2000%2Fsvg%22%20width%3D%22250%22%20height%3D%22375%22%20viewBox%3D%220%200%20250%20375%22%3E%3C%2Fsvg%3E\" loading=\"eager\"><\/span><span class=\"fg-image-overlay\"><\/span><\/a><\/figure><div class=\"fg-loader\"><\/div><\/div><div class=\"fg-item fg-type-image fg-idle\"><figure class=\"fg-item-inner\"><a href=\"https:\/\/lackman.com.br\/wp-content\/uploads\/2025\/04\/40ffcb43-bfa0-426f-8595-19eae92303b1.jpeg\" data-attachment-id=\"9174\" data-type=\"image\" class=\"fg-thumb\"><span class=\"fg-image-wrap\"><img decoding=\"async\" width=\"250\" height=\"167\" class=\"skip-lazy fg-image\" data-src-fg=\"https:\/\/lackman.com.br\/wp-content\/uploads\/cache\/2025\/04\/40ffcb43-bfa0-426f-8595-19eae92303b1\/3946098247.jpeg\" src=\"data:image\/svg+xml,%3Csvg%20xmlns%3D%22http%3A%2F%2Fwww.w3.org%2F2000%2Fsvg%22%20width%3D%22250%22%20height%3D%22167%22%20viewBox%3D%220%200%20250%20167%22%3E%3C%2Fsvg%3E\" loading=\"eager\"><\/span><span class=\"fg-image-overlay\"><\/span><\/a><\/figure><div class=\"fg-loader\"><\/div><\/div><div class=\"fg-item fg-type-image fg-idle\"><figure class=\"fg-item-inner\"><a href=\"https:\/\/lackman.com.br\/wp-content\/uploads\/2025\/04\/a2a6551b-69db-4848-a5b7-0fba3eae2e2d.jpeg\" data-attachment-id=\"9173\" data-type=\"image\" class=\"fg-thumb\"><span class=\"fg-image-wrap\"><img decoding=\"async\" width=\"250\" height=\"167\" class=\"skip-lazy fg-image\" data-src-fg=\"https:\/\/lackman.com.br\/wp-content\/uploads\/cache\/2025\/04\/a2a6551b-69db-4848-a5b7-0fba3eae2e2d\/1762742610.jpeg\" src=\"data:image\/svg+xml,%3Csvg%20xmlns%3D%22http%3A%2F%2Fwww.w3.org%2F2000%2Fsvg%22%20width%3D%22250%22%20height%3D%22167%22%20viewBox%3D%220%200%20250%20167%22%3E%3C%2Fsvg%3E\" loading=\"eager\"><\/span><span class=\"fg-image-overlay\"><\/span><\/a><\/figure><div class=\"fg-loader\"><\/div><\/div><div class=\"fg-item fg-type-image fg-idle\"><figure class=\"fg-item-inner\"><a href=\"https:\/\/lackman.com.br\/wp-content\/uploads\/2025\/04\/b92cff2c-bd9f-47a9-bacd-be57f0856807.jpeg\" data-attachment-id=\"9171\" data-type=\"image\" class=\"fg-thumb\"><span class=\"fg-image-wrap\"><img decoding=\"async\" width=\"250\" height=\"167\" class=\"skip-lazy fg-image\" data-src-fg=\"https:\/\/lackman.com.br\/wp-content\/uploads\/cache\/2025\/04\/b92cff2c-bd9f-47a9-bacd-be57f0856807\/1730013470.jpeg\" src=\"data:image\/svg+xml,%3Csvg%20xmlns%3D%22http%3A%2F%2Fwww.w3.org%2F2000%2Fsvg%22%20width%3D%22250%22%20height%3D%22167%22%20viewBox%3D%220%200%20250%20167%22%3E%3C%2Fsvg%3E\" loading=\"eager\"><\/span><span class=\"fg-image-overlay\"><\/span><\/a><\/figure><div class=\"fg-loader\"><\/div><\/div><\/div>\n<p class=\"s2\" style=\"text-align: justify;\"><span class=\"s5\"><span class=\"bumpedFont15\">Registrar a mem\u00f3ria LGBBTQIA+ por meio do reconhecimento a quem contribui diretamente para a cultura, pol\u00edtica e outras \u00e1reas \u00e9 o que motiva a produ\u00e7\u00e3o do pr\u00eamio. \u201cPara n\u00f3s, o Pr\u00eamio\u00a0<\/span><\/span><span class=\"s5\"><span class=\"bumpedFont15\">Jorge<\/span><\/span><span class=\"s5\"><span class=\"bumpedFont15\">\u00a0<\/span><\/span><span class=\"s5\"><span class=\"bumpedFont15\">Laffond<\/span><\/span><span class=\"s5\"><span class=\"bumpedFont15\">\u00a0\u00e9 uma forma n\u00e3o somente de agradecer aos premiados por seus incr\u00edveis trabalhos prestados, como tamb\u00e9m de incentivar que mais artistas, ativistas e entidades se empenhem em lutar por causas relevantes\u201d, defin<\/span><\/span><span class=\"s5\"><span class=\"bumpedFont15\">iu Victor <\/span><\/span><span class=\"s5\"><span class=\"bumpedFont15\">Baliane<\/span><\/span><span class=\"s5\"><span class=\"bumpedFont15\">, respons\u00e1vel pel<\/span><\/span><span class=\"s5\"><span class=\"bumpedFont15\">a dire\u00e7\u00e3o art\u00edstica do pr\u00eamio.<\/span><\/span><\/p>\n<style type=\"text\/css\">\n#foogallery-gallery-9210.fg-masonry { --fg-gutter: 10px; }<\/style>\n\t\t\t<div class=\"foogallery foogallery-container foogallery-masonry foogallery-lightbox-foogallery fg-center fg-masonry fg-ready fg-dark fg-shadow-small fg-loading-default fg-loaded-fade-in fg-captions-bottom fg-hover-fade fg-hover-plus fg-col2\" id=\"foogallery-gallery-9210\" data-foogallery=\"{&quot;item&quot;:{&quot;showCaptionTitle&quot;:true,&quot;showCaptionDescription&quot;:true},&quot;lazy&quot;:true}\" data-foogallery-lightbox=\"{&quot;thumbs&quot;:&quot;bottom&quot;,&quot;thumbsCaptions&quot;:false,&quot;thumbsBestFit&quot;:false,&quot;thumbsSmall&quot;:false,&quot;thumbsCaptionsAlign&quot;:&quot;default&quot;,&quot;info&quot;:&quot;bottom&quot;,&quot;infoVisible&quot;:true,&quot;infoOverlay&quot;:true,&quot;infoAlign&quot;:&quot;default&quot;,&quot;transition&quot;:&quot;fade&quot;,&quot;hoverButtons&quot;:false,&quot;fitMedia&quot;:false,&quot;noScrollbars&quot;:true,&quot;preserveButtonSpace&quot;:true,&quot;buttons&quot;:{&quot;fullscreen&quot;:true,&quot;info&quot;:true,&quot;thumbs&quot;:false},&quot;video&quot;:{&quot;autoPlay&quot;:true}}\" style=\"--fg-title-line-clamp: 0; --fg-description-line-clamp: 0;\" >\n\t\t<div class=\"fg-column-width\"><\/div>\n\t<div class=\"fg-gutter-width\"><\/div>\n\t\t<div class=\"fg-item fg-type-image fg-idle\"><figure class=\"fg-item-inner\"><a href=\"https:\/\/lackman.com.br\/wp-content\/uploads\/2025\/04\/d6de7bb9-4871-4077-bb0c-3db82f75cdba.jpeg\" data-attachment-id=\"9185\" data-type=\"image\" class=\"fg-thumb\"><span class=\"fg-image-wrap\"><img decoding=\"async\" width=\"1066\" height=\"1600\" class=\"skip-lazy fg-image\" data-src-fg=\"https:\/\/lackman.com.br\/wp-content\/uploads\/2025\/04\/d6de7bb9-4871-4077-bb0c-3db82f75cdba.jpeg\" src=\"data:image\/svg+xml,%3Csvg%20xmlns%3D%22http%3A%2F%2Fwww.w3.org%2F2000%2Fsvg%22%20width%3D%221066%22%20height%3D%221600%22%20viewBox%3D%220%200%201066%201600%22%3E%3C%2Fsvg%3E\" loading=\"eager\"><\/span><span class=\"fg-image-overlay\"><\/span><\/a><\/figure><div class=\"fg-loader\"><\/div><\/div><div class=\"fg-item fg-type-image fg-idle\"><figure class=\"fg-item-inner\"><a href=\"https:\/\/lackman.com.br\/wp-content\/uploads\/2025\/04\/84fe305d-381c-45e7-ab8b-27c8d1ec956a.jpeg\" data-attachment-id=\"9184\" data-type=\"image\" class=\"fg-thumb\"><span class=\"fg-image-wrap\"><img decoding=\"async\" width=\"1600\" height=\"1066\" class=\"skip-lazy fg-image\" data-src-fg=\"https:\/\/lackman.com.br\/wp-content\/uploads\/2025\/04\/84fe305d-381c-45e7-ab8b-27c8d1ec956a.jpeg\" src=\"data:image\/svg+xml,%3Csvg%20xmlns%3D%22http%3A%2F%2Fwww.w3.org%2F2000%2Fsvg%22%20width%3D%221600%22%20height%3D%221066%22%20viewBox%3D%220%200%201600%201066%22%3E%3C%2Fsvg%3E\" loading=\"eager\"><\/span><span class=\"fg-image-overlay\"><\/span><\/a><\/figure><div class=\"fg-loader\"><\/div><\/div><div class=\"fg-item fg-type-image fg-idle\"><figure class=\"fg-item-inner\"><a href=\"https:\/\/lackman.com.br\/wp-content\/uploads\/2025\/04\/8b4d4b3a-b513-43bd-84f5-a7ad2acbf2d8.jpeg\" data-attachment-id=\"9176\" data-type=\"image\" class=\"fg-thumb\"><span class=\"fg-image-wrap\"><img decoding=\"async\" width=\"1600\" height=\"1066\" class=\"skip-lazy fg-image\" data-src-fg=\"https:\/\/lackman.com.br\/wp-content\/uploads\/2025\/04\/8b4d4b3a-b513-43bd-84f5-a7ad2acbf2d8.jpeg\" src=\"data:image\/svg+xml,%3Csvg%20xmlns%3D%22http%3A%2F%2Fwww.w3.org%2F2000%2Fsvg%22%20width%3D%221600%22%20height%3D%221066%22%20viewBox%3D%220%200%201600%201066%22%3E%3C%2Fsvg%3E\" loading=\"eager\"><\/span><span class=\"fg-image-overlay\"><\/span><\/a><\/figure><div class=\"fg-loader\"><\/div><\/div><div class=\"fg-item fg-type-image fg-idle\"><figure class=\"fg-item-inner\"><a href=\"https:\/\/lackman.com.br\/wp-content\/uploads\/2025\/04\/0bb84bce-c460-40d4-aec0-82e02714095d.jpeg\" data-attachment-id=\"9166\" data-type=\"image\" class=\"fg-thumb\"><span class=\"fg-image-wrap\"><img decoding=\"async\" width=\"1600\" height=\"1066\" class=\"skip-lazy fg-image\" data-src-fg=\"https:\/\/lackman.com.br\/wp-content\/uploads\/2025\/04\/0bb84bce-c460-40d4-aec0-82e02714095d.jpeg\" src=\"data:image\/svg+xml,%3Csvg%20xmlns%3D%22http%3A%2F%2Fwww.w3.org%2F2000%2Fsvg%22%20width%3D%221600%22%20height%3D%221066%22%20viewBox%3D%220%200%201600%201066%22%3E%3C%2Fsvg%3E\" loading=\"eager\"><\/span><span class=\"fg-image-overlay\"><\/span><\/a><\/figure><div class=\"fg-loader\"><\/div><\/div><div class=\"fg-item fg-type-image fg-idle\"><figure class=\"fg-item-inner\"><a href=\"https:\/\/lackman.com.br\/wp-content\/uploads\/2025\/04\/f8a4d6ad-6738-4acb-8b64-e40f22a60b4d.jpeg\" data-attachment-id=\"9172\" data-type=\"image\" class=\"fg-thumb\"><span class=\"fg-image-wrap\"><img decoding=\"async\" width=\"1066\" height=\"1600\" class=\"skip-lazy fg-image\" data-src-fg=\"https:\/\/lackman.com.br\/wp-content\/uploads\/2025\/04\/f8a4d6ad-6738-4acb-8b64-e40f22a60b4d.jpeg\" src=\"data:image\/svg+xml,%3Csvg%20xmlns%3D%22http%3A%2F%2Fwww.w3.org%2F2000%2Fsvg%22%20width%3D%221066%22%20height%3D%221600%22%20viewBox%3D%220%200%201066%201600%22%3E%3C%2Fsvg%3E\" loading=\"eager\"><\/span><span class=\"fg-image-overlay\"><\/span><\/a><\/figure><div class=\"fg-loader\"><\/div><\/div><div class=\"fg-item fg-type-image fg-idle\"><figure class=\"fg-item-inner\"><a href=\"https:\/\/lackman.com.br\/wp-content\/uploads\/2025\/04\/7b4ddb67-da40-4e8f-8cbb-164a92724459.jpeg\" data-attachment-id=\"9167\" data-type=\"image\" class=\"fg-thumb\"><span class=\"fg-image-wrap\"><img decoding=\"async\" width=\"1600\" height=\"1066\" class=\"skip-lazy fg-image\" data-src-fg=\"https:\/\/lackman.com.br\/wp-content\/uploads\/2025\/04\/7b4ddb67-da40-4e8f-8cbb-164a92724459.jpeg\" src=\"data:image\/svg+xml,%3Csvg%20xmlns%3D%22http%3A%2F%2Fwww.w3.org%2F2000%2Fsvg%22%20width%3D%221600%22%20height%3D%221066%22%20viewBox%3D%220%200%201600%201066%22%3E%3C%2Fsvg%3E\" loading=\"eager\"><\/span><span class=\"fg-image-overlay\"><\/span><\/a><\/figure><div class=\"fg-loader\"><\/div><\/div><\/div>\n<p class=\"s2\" style=\"text-align: justify;\"><span class=\"s5\"><span class=\"bumpedFont15\">Vale destacar ainda que n<\/span><\/span><span class=\"s5\"><span class=\"bumpedFont15\">esta edi\u00e7\u00e3o, a premia\u00e7\u00e3o segue com a miss\u00e3o de potencializar a luta e as conquistas da popula\u00e7\u00e3o LGBTQIA+, expressa em vertentes art\u00edsticas, pol\u00edticas e de visibilidade. \u201c<\/span><\/span><span class=\"s5\"><span class=\"bumpedFont15\">Jorge<\/span><\/span><span class=\"s5\"><span class=\"bumpedFont15\">\u00a0<\/span><\/span><span class=\"s5\"><span class=\"bumpedFont15\">Laffond<\/span><\/span><span class=\"s5\"><span class=\"bumpedFont15\">\u00a0foi um dos nossos que contribuiu muito com sua for\u00e7a art\u00edstica e de resist\u00eancia. Inspirados por ele, queremos ver mais e mais pessoas LGBTQIA+ e aliadas com suas trajet\u00f3rias reconhecidas e celebradas\u201d, destac<\/span><\/span><span class=\"s5\"><span class=\"bumpedFont15\">ou<\/span><\/span><span class=\"s5\"><span class=\"bumpedFont15\"> Ruth Venceremos, uma das diretoras do Distrito <\/span><\/span><span class=\"s5\"><span class=\"bumpedFont15\">Drag<\/span><\/span><span class=\"s5\"><span class=\"bumpedFont15\">.<\/span><\/span><\/p>\n<p>&nbsp;<\/p>\n<h5 class=\"s2\" style=\"text-align: left;\"><span class=\"s7\"><span class=\"bumpedFont15\">Veja a lista dos homenageados do Pr\u00eamio\u00a0<\/span><\/span><span class=\"s7\"><span class=\"bumpedFont15\">Jorge<\/span><\/span><span class=\"s7\"><span class=\"bumpedFont15\">\u00a0<\/span><\/span><span class=\"s7\"><span class=\"bumpedFont15\">Laffond<\/span><\/span><span class=\"s7\"><span class=\"bumpedFont15\">\u00a02025:<\/span><\/span><\/h5>\n<p class=\"s2\" style=\"text-align: justify;\"><span class=\"s5\"><span class=\"bumpedFont15\">Arte transformista: Ginger <\/span><\/span><span class=\"s5\"><span class=\"bumpedFont15\">Mc.Gaffney<\/span><\/span><span class=\"s5\"><span class=\"bumpedFont15\"> (DF)<\/span><\/span><\/p>\n<p class=\"s2\" style=\"text-align: justify;\"><span class=\"s5\"><span class=\"bumpedFont15\">Cultura <\/span><\/span><span class=\"s5\"><span class=\"bumpedFont15\">Ballroom<\/span><\/span><span class=\"s5\"><span class=\"bumpedFont15\">: <\/span><\/span><span class=\"s5\"><span class=\"bumpedFont15\">Ursula<\/span><\/span><span class=\"s5\"><span class=\"bumpedFont15\"> (DF)<\/span><\/span><\/p>\n<p class=\"s2\" style=\"text-align: justify;\"><span class=\"s5\"><span class=\"bumpedFont15\">Narrativas dissidentes: Renan <\/span><\/span><span class=\"s5\"><span class=\"bumpedFont15\">Quinalha<\/span><\/span><span class=\"s5\"><span class=\"bumpedFont15\"> (SP)<\/span><\/span><\/p>\n<p class=\"s2\" style=\"text-align: justify;\"><span class=\"s5\"><span class=\"bumpedFont15\">Cinema e Audiovisual: Raphael Montes (RJ)<\/span><\/span><\/p>\n<p class=\"s2\" style=\"text-align: justify;\"><span class=\"s5\"><span class=\"bumpedFont15\">Artes Visuais: Rafael da <\/span><\/span><span class=\"s5\"><span class=\"bumpedFont15\">Esc\u00f3ssia<\/span><\/span><span class=\"s5\"><span class=\"bumpedFont15\"> (DF)<\/span><\/span><\/p>\n<p class=\"s2\" style=\"text-align: justify;\"><span class=\"s5\"><span class=\"bumpedFont15\">Comunica\u00e7\u00e3o: Daniel <\/span><\/span><span class=\"s5\"><span class=\"bumpedFont15\">Adjuto<\/span><\/span><span class=\"s5\"><span class=\"bumpedFont15\"> (DF)<\/span><\/span><\/p>\n<p class=\"s2\" style=\"text-align: justify;\"><span class=\"s5\"><span class=\"bumpedFont15\">Orgulho: <\/span><\/span><span class=\"s5\"><span class=\"bumpedFont15\">Leci<\/span><\/span><span class=\"s5\"><span class=\"bumpedFont15\"> Brand\u00e3o (RJ)<\/span><\/span><\/p>\n<p class=\"s2\" style=\"text-align: justify;\"><span class=\"s5\"><span class=\"bumpedFont15\">Hist\u00f3ria e Mem\u00f3ria: Document\u00e1rio: Um Salto Alto &#8211; A Hist\u00f3ria da Arte Transformista do Distrito Federal<\/span><\/span><\/p>\n<p class=\"s2\" style=\"text-align: justify;\"><span class=\"s5\"><span class=\"bumpedFont15\">Milit\u00e2ncia LGBTQIA+: <\/span><\/span><span class=\"s5\"><span class=\"bumpedFont15\">Lucci<\/span><\/span> <span class=\"s5\"><span class=\"bumpedFont15\">Laporta<\/span><\/span><span class=\"s5\"><span class=\"bumpedFont15\"> (DF)<\/span><\/span><\/p>\n<p class=\"s2\" style=\"text-align: justify;\"><span class=\"s5\"><span class=\"bumpedFont15\">Moda e Beleza: Fernando <\/span><\/span><span class=\"s5\"><span class=\"bumpedFont15\">Lackman<\/span><\/span><span class=\"s5\"><span class=\"bumpedFont15\"> (DF)<\/span><\/span><\/p>\n<p class=\"s2\" style=\"text-align: justify;\"><span class=\"s5\"><span class=\"bumpedFont15\">M\u00fasica: <\/span><\/span><span class=\"s5\"><span class=\"bumpedFont15\">Liniker<\/span><\/span><span class=\"s5\"><span class=\"bumpedFont15\"> (SP)<\/span><\/span><\/p>\n<p class=\"s2\" style=\"text-align: justify;\"><span class=\"s5\"><span class=\"bumpedFont15\">Parlamentar aliado\/a: Max Maciel (DF)<\/span><\/span><\/p>\n<p class=\"s2\" style=\"text-align: justify;\"><span class=\"s5\"><span class=\"bumpedFont15\">Parlamentar LGBTQIA+: Daiana Santos (RS)<\/span><\/span><\/p>\n<p class=\"s2\" style=\"text-align: justify;\"><span class=\"s5\"><span class=\"bumpedFont15\">Produ\u00e7\u00e3o Cultural: Ava <\/span><\/span><span class=\"s5\"><span class=\"bumpedFont15\">Scherdien<\/span><\/span><span class=\"s5\"><span class=\"bumpedFont15\"> (DF)<\/span><\/span><\/p>\n<p class=\"s2\" style=\"text-align: justify;\"><span class=\"s5\"><span class=\"bumpedFont15\">Iniciativa Cultural: Bloco Baile da <\/span><\/span><span class=\"s5\"><span class=\"bumpedFont15\">Piki<\/span><\/span><span class=\"s5\"><span class=\"bumpedFont15\"> (DF)<\/span><\/span><\/p>\n<p class=\"s2\" style=\"text-align: justify;\"><span class=\"s5\"><span class=\"bumpedFont15\">Quem v\u00ea close n\u00e3o v\u00ea corre: <\/span><\/span><span class=\"s5\"><span class=\"bumpedFont15\">Pagod\u00e3o<\/span><\/span><span class=\"s5\"><span class=\"bumpedFont15\"> Delas (DF)<\/span><\/span><\/p>\n<p class=\"s2\" style=\"text-align: justify;\"><span class=\"s5\"><span class=\"bumpedFont15\">Pol\u00edticas P\u00fablicas: Governo do Estado do Cear\u00e1<\/span><\/span><\/p>\n<p class=\"s2\" style=\"text-align: justify;\"><span class=\"s5\"><span class=\"bumpedFont15\">Drag<\/span><\/span><span class=\"s5\"><span class=\"bumpedFont15\"> revela\u00e7\u00e3o: GG <\/span><\/span><span class=\"s5\"><span class=\"bumpedFont15\">Limona<\/span><\/span><span class=\"s5\"><span class=\"bumpedFont15\"> (DF)<\/span><\/span><\/p>\n<p class=\"s2\" style=\"text-align: justify;\"><span class=\"s5\"><span class=\"bumpedFont15\">Faz a diferen\u00e7a: Lu\u00eds Roberto Barroso (PB)<\/span><\/span><\/p>\n<p class=\"s2\" style=\"text-align: justify;\"><span class=\"s5\"><span class=\"bumpedFont15\">Promo\u00e7\u00e3o e Defesa dos Direitos Humanos: Maca\u00e9 Evaristo (MG)<\/span><\/span><\/p>\n<p class=\"s2\" style=\"text-align: justify;\"><span class=\"s5\"><span class=\"bumpedFont15\">Consultoria em Diversidade e Inclus\u00e3o: Ricardo Sales (SP)<\/span><\/span><\/p>\n<hr \/>\n<pre class=\"s2\">Fotos: Gilberto Evangelista<span style=\"font-size: 16px; font-family: Georgia, 'Times New Roman', 'Bitstream Charter', Times, serif; -webkit-text-size-adjust: 100%;\">\u00a0<\/span><\/pre>\n","protected":false},"excerpt":{"rendered":"<p>Noite memor\u00e1vel marca a entrega dos trofeus para quem faz diferen\u00e7a em prol do publico LGBTQIAPN+ Aproveitando que hoje, 10 de abril \u00e9 uma quinta-feira, a Coluna #PERAMBULANDO quer fazer uma mat\u00e9ria estilo #tbt, para enaltecer o Pr\u00eamio Jorge Laffond, uma iniciativa do coletivo Distrito Drag, que visa reconhecer e homenagear personalidades, grupos e projetos que se destacam na promo\u00e7\u00e3o da cultura e dos direitos da comunidade LGBTQIA+. O pr\u00eamio leva o nome de Jorge Lafond, artista brasileiro conhecido por sua contribui\u00e7\u00e3o \u00e0 arte transformista e por seu papel como a ic\u00f4nica personagem Vera Ver\u00e3o. A primeira edi\u00e7\u00e3o do pr\u00eamio ocorreu em 2019, durante o lan\u00e7amento do &#8220;Calend\u00e1rio Drag 2020&#8243;, um projeto do Distrito Drag que aborda temas sociais por meio da arte drag. Desde ent\u00e3o, o evento tem sido realizado anualmente, ampliando seu alcance e reconhecimento. Ao longo de suas edi\u00e7\u00f5es, o Pr\u00eamio Jorge Laffond tem celebrado diversas personalidades e iniciativas como Maria Gad\u00fa, Erika Hilton, Bianca Dellafancy, Marcinha do Corintho, Keila Simpson, Ivan Baron, Symmy Larrat, Margareth Menezes, Diego Martins e Amaury Lorenzo. Na 4\u00aa edi\u00e7\u00e3o, realizada em mar\u00e7o de 2024, por exemplo, o ministro dos Direitos Humanos e da Cidadania, Silvio Almeida, foi um dos homenageados na categoria Pol\u00edticas P\u00fablicas. J\u00e1 nesta 5\u00aa edi\u00e7\u00e3o, foram reconhecidos nomes como as cantoras Liniker e Leci Brand\u00e3o, o escritor Raphael Montes e o advogado, o ativista Renan Quinalha e o editor-chefe do site, Fernando Lackman por sua atua\u00e7\u00e3o de destaque no setor da moda e beleza brasiliense. O pr\u00eamio n\u00e3o apenas celebra conquistas individuais, mas tamb\u00e9m refor\u00e7a a import\u00e2ncia da luta pelos direitos LGBTQIA+ e a valoriza\u00e7\u00e3o da cultura e da arte dentro dessa comunidade. Al\u00e9m das premia\u00e7\u00f5es, o evento inclui performances art\u00edsticas e apresenta\u00e7\u00f5es que destacam a diversidade e a criatividade da cultura LGBTQIA+. O Distrito Drag, respons\u00e1vel pela organiza\u00e7\u00e3o do pr\u00eamio, \u00e9 um coletivo criado em 2017 com o objetivo de produzir e difundir a cultura LGBTQIA+ por meio da arte transformista, promovendo a auto-organiza\u00e7\u00e3o e forma\u00e7\u00e3o de artistas, al\u00e9m de preservar a mem\u00f3ria e hist\u00f3ria da comunidade. Registrar a mem\u00f3ria LGBBTQIA+ por meio do reconhecimento a quem contribui diretamente para a cultura, pol\u00edtica e outras \u00e1reas \u00e9 o que motiva a produ\u00e7\u00e3o do pr\u00eamio. \u201cPara n\u00f3s, o Pr\u00eamio\u00a0Jorge\u00a0Laffond\u00a0\u00e9 uma forma n\u00e3o somente de agradecer aos premiados por seus incr\u00edveis trabalhos prestados, como tamb\u00e9m de incentivar que mais artistas, ativistas e entidades se empenhem em lutar por causas relevantes\u201d, definiu Victor Baliane, respons\u00e1vel pela dire\u00e7\u00e3o art\u00edstica do pr\u00eamio. Vale destacar ainda que nesta edi\u00e7\u00e3o, a premia\u00e7\u00e3o segue com a miss\u00e3o de potencializar a luta e as conquistas da popula\u00e7\u00e3o LGBTQIA+, expressa em vertentes art\u00edsticas, pol\u00edticas e de visibilidade. \u201cJorge\u00a0Laffond\u00a0foi um dos nossos que contribuiu muito com sua for\u00e7a art\u00edstica e de resist\u00eancia. Inspirados por ele, queremos ver mais e mais pessoas LGBTQIA+ e aliadas com suas trajet\u00f3rias reconhecidas e celebradas\u201d, destacou Ruth Venceremos, uma das diretoras do Distrito Drag. &nbsp; Veja a lista dos homenageados do Pr\u00eamio\u00a0Jorge\u00a0Laffond\u00a02025: Arte transformista: Ginger Mc.Gaffney (DF) Cultura Ballroom: Ursula (DF) Narrativas dissidentes: Renan Quinalha (SP) Cinema e Audiovisual: Raphael Montes (RJ) Artes Visuais: Rafael da Esc\u00f3ssia (DF) Comunica\u00e7\u00e3o: Daniel Adjuto (DF) Orgulho: Leci Brand\u00e3o (RJ) Hist\u00f3ria e Mem\u00f3ria: Document\u00e1rio: Um Salto Alto &#8211; A Hist\u00f3ria da Arte Transformista do Distrito Federal Milit\u00e2ncia LGBTQIA+: Lucci Laporta (DF) Moda e Beleza: Fernando Lackman (DF) M\u00fasica: Liniker (SP) Parlamentar aliado\/a: Max Maciel (DF) Parlamentar LGBTQIA+: Daiana Santos (RS) Produ\u00e7\u00e3o Cultural: Ava Scherdien (DF) Iniciativa Cultural: Bloco Baile da Piki (DF) Quem v\u00ea close n\u00e3o v\u00ea corre: Pagod\u00e3o Delas (DF) Pol\u00edticas P\u00fablicas: Governo do Estado do Cear\u00e1 Drag revela\u00e7\u00e3o: GG Limona (DF) Faz a diferen\u00e7a: Lu\u00eds Roberto Barroso (PB) Promo\u00e7\u00e3o e Defesa dos Direitos Humanos: Maca\u00e9 Evaristo (MG) Consultoria em Diversidade e Inclus\u00e3o: Ricardo Sales (SP) Fotos: Gilberto Evangelista\u00a0<\/p>\n","protected":false},"author":6,"featured_media":9169,"comment_status":"closed","ping_status":"open","sticky":false,"template":"","format":"standard","meta":{"site-sidebar-layout":"default","site-content-layout":"","ast-site-content-layout":"default","site-content-style":"default","site-sidebar-style":"default","ast-global-header-display":"","ast-banner-title-visibility":"","ast-main-header-display":"","ast-hfb-above-header-display":"","ast-hfb-below-header-display":"","ast-hfb-mobile-header-display":"","site-post-title":"","ast-breadcrumbs-content":"","ast-featured-img":"","footer-sml-layout":"","ast-disable-related-posts":"","theme-transparent-header-meta":"default","adv-header-id-meta":"","stick-header-meta":"","header-above-stick-meta":"","header-main-stick-meta":"","header-below-stick-meta":"","astra-migrate-meta-layouts":"set","ast-page-background-enabled":"default","ast-page-background-meta":{"desktop":{"background-color":"","background-image":"","background-repeat":"repeat","background-position":"center center","background-size":"auto","background-attachment":"scroll","background-type":"","background-media":"","overlay-type":"","overlay-color":"","overlay-opacity":"","overlay-gradient":""},"tablet":{"background-color":"","background-image":"","background-repeat":"repeat","background-position":"center center","background-size":"auto","background-attachment":"scroll","background-type":"","background-media":"","overlay-type":"","overlay-color":"","overlay-opacity":"","overlay-gradient":""},"mobile":{"background-color":"","background-image":"","background-repeat":"repeat","background-position":"center center","background-size":"auto","background-attachment":"scroll","background-type":"","background-media":"","overlay-type":"","overlay-color":"","overlay-opacity":"","overlay-gradient":""}},"ast-content-background-meta":{"desktop":{"background-color":"var(--ast-global-color-5)","background-image":"","background-repeat":"repeat","background-position":"center center","background-size":"auto","background-attachment":"scroll","background-type":"","background-media":"","overlay-type":"","overlay-color":"","overlay-opacity":"","overlay-gradient":""},"tablet":{"background-color":"var(--ast-global-color-5)","background-image":"","background-repeat":"repeat","background-position":"center center","background-size":"auto","background-attachment":"scroll","background-type":"","background-media":"","overlay-type":"","overlay-color":"","overlay-opacity":"","overlay-gradient":""},"mobile":{"background-color":"var(--ast-global-color-5)","background-image":"","background-repeat":"repeat","background-position":"center center","background-size":"auto","background-attachment":"scroll","background-type":"","background-media":"","overlay-type":"","overlay-color":"","overlay-opacity":"","overlay-gradient":""}},"footnotes":""},"categories":[47,41],"tags":[],"class_list":["post-9175","post","type-post","status-publish","format-standard","has-post-thumbnail","hentry","category-cultura-arte","category-vida"],"yoast_head":"<!-- This site is optimized with the Yoast SEO plugin v27.0 - https:\/\/yoast.com\/product\/yoast-seo-wordpress\/ -->\n<title>Pr\u00eamio Jorge Laffond reconhece trabalhos humanos e sociais - LACKMAN &amp; CO.<\/title>\n<meta name=\"robots\" content=\"index, follow, max-snippet:-1, max-image-preview:large, max-video-preview:-1\" \/>\n<link rel=\"canonical\" href=\"https:\/\/lackman.com.br\/index.php\/2025\/04\/10\/9175\/\" \/>\n<meta property=\"og:locale\" content=\"pt_BR\" \/>\n<meta property=\"og:type\" content=\"article\" \/>\n<meta property=\"og:title\" content=\"Pr\u00eamio Jorge Laffond reconhece trabalhos humanos e sociais - LACKMAN &amp; CO.\" \/>\n<meta property=\"og:description\" content=\"Noite memor\u00e1vel marca a entrega dos trofeus para quem faz diferen\u00e7a em prol do publico LGBTQIAPN+ Aproveitando que hoje, 10 de abril \u00e9 uma quinta-feira, a Coluna #PERAMBULANDO quer fazer uma mat\u00e9ria estilo #tbt, para enaltecer o Pr\u00eamio Jorge Laffond, uma iniciativa do coletivo Distrito Drag, que visa reconhecer e homenagear personalidades, grupos e projetos que se destacam na promo\u00e7\u00e3o da cultura e dos direitos da comunidade LGBTQIA+. O pr\u00eamio leva o nome de Jorge Lafond, artista brasileiro conhecido por sua contribui\u00e7\u00e3o \u00e0 arte transformista e por seu papel como a ic\u00f4nica personagem Vera Ver\u00e3o. A primeira edi\u00e7\u00e3o do pr\u00eamio ocorreu em 2019, durante o lan\u00e7amento do &#8220;Calend\u00e1rio Drag 2020&#8243;, um projeto do Distrito Drag que aborda temas sociais por meio da arte drag. Desde ent\u00e3o, o evento tem sido realizado anualmente, ampliando seu alcance e reconhecimento. Ao longo de suas edi\u00e7\u00f5es, o Pr\u00eamio Jorge Laffond tem celebrado diversas personalidades e iniciativas como Maria Gad\u00fa, Erika Hilton, Bianca Dellafancy, Marcinha do Corintho, Keila Simpson, Ivan Baron, Symmy Larrat, Margareth Menezes, Diego Martins e Amaury Lorenzo. Na 4\u00aa edi\u00e7\u00e3o, realizada em mar\u00e7o de 2024, por exemplo, o ministro dos Direitos Humanos e da Cidadania, Silvio Almeida, foi um dos homenageados na categoria Pol\u00edticas P\u00fablicas. J\u00e1 nesta 5\u00aa edi\u00e7\u00e3o, foram reconhecidos nomes como as cantoras Liniker e Leci Brand\u00e3o, o escritor Raphael Montes e o advogado, o ativista Renan Quinalha e o editor-chefe do site, Fernando Lackman por sua atua\u00e7\u00e3o de destaque no setor da moda e beleza brasiliense. O pr\u00eamio n\u00e3o apenas celebra conquistas individuais, mas tamb\u00e9m refor\u00e7a a import\u00e2ncia da luta pelos direitos LGBTQIA+ e a valoriza\u00e7\u00e3o da cultura e da arte dentro dessa comunidade. Al\u00e9m das premia\u00e7\u00f5es, o evento inclui performances art\u00edsticas e apresenta\u00e7\u00f5es que destacam a diversidade e a criatividade da cultura LGBTQIA+. O Distrito Drag, respons\u00e1vel pela organiza\u00e7\u00e3o do pr\u00eamio, \u00e9 um coletivo criado em 2017 com o objetivo de produzir e difundir a cultura LGBTQIA+ por meio da arte transformista, promovendo a auto-organiza\u00e7\u00e3o e forma\u00e7\u00e3o de artistas, al\u00e9m de preservar a mem\u00f3ria e hist\u00f3ria da comunidade. Registrar a mem\u00f3ria LGBBTQIA+ por meio do reconhecimento a quem contribui diretamente para a cultura, pol\u00edtica e outras \u00e1reas \u00e9 o que motiva a produ\u00e7\u00e3o do pr\u00eamio. \u201cPara n\u00f3s, o Pr\u00eamio\u00a0Jorge\u00a0Laffond\u00a0\u00e9 uma forma n\u00e3o somente de agradecer aos premiados por seus incr\u00edveis trabalhos prestados, como tamb\u00e9m de incentivar que mais artistas, ativistas e entidades se empenhem em lutar por causas relevantes\u201d, definiu Victor Baliane, respons\u00e1vel pela dire\u00e7\u00e3o art\u00edstica do pr\u00eamio. Vale destacar ainda que nesta edi\u00e7\u00e3o, a premia\u00e7\u00e3o segue com a miss\u00e3o de potencializar a luta e as conquistas da popula\u00e7\u00e3o LGBTQIA+, expressa em vertentes art\u00edsticas, pol\u00edticas e de visibilidade. \u201cJorge\u00a0Laffond\u00a0foi um dos nossos que contribuiu muito com sua for\u00e7a art\u00edstica e de resist\u00eancia. Inspirados por ele, queremos ver mais e mais pessoas LGBTQIA+ e aliadas com suas trajet\u00f3rias reconhecidas e celebradas\u201d, destacou Ruth Venceremos, uma das diretoras do Distrito Drag. &nbsp; Veja a lista dos homenageados do Pr\u00eamio\u00a0Jorge\u00a0Laffond\u00a02025: Arte transformista: Ginger Mc.Gaffney (DF) Cultura Ballroom: Ursula (DF) Narrativas dissidentes: Renan Quinalha (SP) Cinema e Audiovisual: Raphael Montes (RJ) Artes Visuais: Rafael da Esc\u00f3ssia (DF) Comunica\u00e7\u00e3o: Daniel Adjuto (DF) Orgulho: Leci Brand\u00e3o (RJ) Hist\u00f3ria e Mem\u00f3ria: Document\u00e1rio: Um Salto Alto &#8211; A Hist\u00f3ria da Arte Transformista do Distrito Federal Milit\u00e2ncia LGBTQIA+: Lucci Laporta (DF) Moda e Beleza: Fernando Lackman (DF) M\u00fasica: Liniker (SP) Parlamentar aliado\/a: Max Maciel (DF) Parlamentar LGBTQIA+: Daiana Santos (RS) Produ\u00e7\u00e3o Cultural: Ava Scherdien (DF) Iniciativa Cultural: Bloco Baile da Piki (DF) Quem v\u00ea close n\u00e3o v\u00ea corre: Pagod\u00e3o Delas (DF) Pol\u00edticas P\u00fablicas: Governo do Estado do Cear\u00e1 Drag revela\u00e7\u00e3o: GG Limona (DF) Faz a diferen\u00e7a: Lu\u00eds Roberto Barroso (PB) Promo\u00e7\u00e3o e Defesa dos Direitos Humanos: Maca\u00e9 Evaristo (MG) Consultoria em Diversidade e Inclus\u00e3o: Ricardo Sales (SP) Fotos: Gilberto Evangelista\u00a0\" \/>\n<meta property=\"og:url\" content=\"https:\/\/lackman.com.br\/index.php\/2025\/04\/10\/9175\/\" \/>\n<meta property=\"og:site_name\" content=\"LACKMAN &amp; CO.\" \/>\n<meta property=\"article:published_time\" content=\"2025-04-11T00:50:40+00:00\" \/>\n<meta property=\"article:modified_time\" content=\"2025-04-11T12:49:28+00:00\" \/>\n<meta property=\"og:image\" content=\"http:\/\/lackman.com.br\/wp-content\/uploads\/2025\/04\/ed272491-a807-4322-9f88-cfed85a7fff2.jpeg\" \/>\n\t<meta property=\"og:image:width\" content=\"1600\" \/>\n\t<meta property=\"og:image:height\" content=\"1066\" \/>\n\t<meta property=\"og:image:type\" content=\"image\/jpeg\" \/>\n<meta name=\"author\" content=\"Gilberto Evangelista - Colunista\" \/>\n<meta name=\"twitter:card\" content=\"summary_large_image\" \/>\n<meta name=\"twitter:label1\" content=\"Escrito por\" \/>\n\t<meta name=\"twitter:data1\" content=\"Gilberto Evangelista - Colunista\" \/>\n\t<meta name=\"twitter:label2\" content=\"Est. tempo de leitura\" \/>\n\t<meta name=\"twitter:data2\" content=\"5 minutos\" \/>\n<script type=\"application\/ld+json\" class=\"yoast-schema-graph\">{\"@context\":\"https:\/\/schema.org\",\"@graph\":[{\"@type\":\"Article\",\"@id\":\"https:\/\/lackman.com.br\/index.php\/2025\/04\/10\/9175\/#article\",\"isPartOf\":{\"@id\":\"https:\/\/lackman.com.br\/index.php\/2025\/04\/10\/9175\/\"},\"author\":{\"name\":\"Gilberto Evangelista - Colunista\",\"@id\":\"https:\/\/lackman.com.br\/#\/schema\/person\/8a2355f699593d21d4f0d25b69db5747\"},\"headline\":\"Pr\u00eamio Jorge Laffond reconhece trabalhos humanos e sociais\",\"datePublished\":\"2025-04-11T00:50:40+00:00\",\"dateModified\":\"2025-04-11T12:49:28+00:00\",\"mainEntityOfPage\":{\"@id\":\"https:\/\/lackman.com.br\/index.php\/2025\/04\/10\/9175\/\"},\"wordCount\":722,\"publisher\":{\"@id\":\"https:\/\/lackman.com.br\/#organization\"},\"image\":{\"@id\":\"https:\/\/lackman.com.br\/index.php\/2025\/04\/10\/9175\/#primaryimage\"},\"thumbnailUrl\":\"https:\/\/lackman.com.br\/wp-content\/uploads\/2025\/04\/ed272491-a807-4322-9f88-cfed85a7fff2.jpeg\",\"articleSection\":[\"Cultura\",\"Vida\"],\"inLanguage\":\"pt-BR\"},{\"@type\":\"WebPage\",\"@id\":\"https:\/\/lackman.com.br\/index.php\/2025\/04\/10\/9175\/\",\"url\":\"https:\/\/lackman.com.br\/index.php\/2025\/04\/10\/9175\/\",\"name\":\"Pr\u00eamio Jorge Laffond reconhece trabalhos humanos e sociais - LACKMAN &amp; CO.\",\"isPartOf\":{\"@id\":\"https:\/\/lackman.com.br\/#website\"},\"primaryImageOfPage\":{\"@id\":\"https:\/\/lackman.com.br\/index.php\/2025\/04\/10\/9175\/#primaryimage\"},\"image\":{\"@id\":\"https:\/\/lackman.com.br\/index.php\/2025\/04\/10\/9175\/#primaryimage\"},\"thumbnailUrl\":\"https:\/\/lackman.com.br\/wp-content\/uploads\/2025\/04\/ed272491-a807-4322-9f88-cfed85a7fff2.jpeg\",\"datePublished\":\"2025-04-11T00:50:40+00:00\",\"dateModified\":\"2025-04-11T12:49:28+00:00\",\"breadcrumb\":{\"@id\":\"https:\/\/lackman.com.br\/index.php\/2025\/04\/10\/9175\/#breadcrumb\"},\"inLanguage\":\"pt-BR\",\"potentialAction\":[{\"@type\":\"ReadAction\",\"target\":[\"https:\/\/lackman.com.br\/index.php\/2025\/04\/10\/9175\/\"]}]},{\"@type\":\"ImageObject\",\"inLanguage\":\"pt-BR\",\"@id\":\"https:\/\/lackman.com.br\/index.php\/2025\/04\/10\/9175\/#primaryimage\",\"url\":\"https:\/\/lackman.com.br\/wp-content\/uploads\/2025\/04\/ed272491-a807-4322-9f88-cfed85a7fff2.jpeg\",\"contentUrl\":\"https:\/\/lackman.com.br\/wp-content\/uploads\/2025\/04\/ed272491-a807-4322-9f88-cfed85a7fff2.jpeg\",\"width\":1600,\"height\":1066},{\"@type\":\"BreadcrumbList\",\"@id\":\"https:\/\/lackman.com.br\/index.php\/2025\/04\/10\/9175\/#breadcrumb\",\"itemListElement\":[{\"@type\":\"ListItem\",\"position\":1,\"name\":\"In\u00edcio\",\"item\":\"https:\/\/lackman.com.br\/\"},{\"@type\":\"ListItem\",\"position\":2,\"name\":\"Pr\u00eamio Jorge Laffond reconhece trabalhos humanos e sociais\"}]},{\"@type\":\"WebSite\",\"@id\":\"https:\/\/lackman.com.br\/#website\",\"url\":\"https:\/\/lackman.com.br\/\",\"name\":\"LACKMAN &amp; CO.\",\"description\":\"VIDA | MODA | ARTE\",\"publisher\":{\"@id\":\"https:\/\/lackman.com.br\/#organization\"},\"potentialAction\":[{\"@type\":\"SearchAction\",\"target\":{\"@type\":\"EntryPoint\",\"urlTemplate\":\"https:\/\/lackman.com.br\/?s={search_term_string}\"},\"query-input\":{\"@type\":\"PropertyValueSpecification\",\"valueRequired\":true,\"valueName\":\"search_term_string\"}}],\"inLanguage\":\"pt-BR\"},{\"@type\":\"Organization\",\"@id\":\"https:\/\/lackman.com.br\/#organization\",\"name\":\"LACKMAN &amp; CO.\",\"url\":\"https:\/\/lackman.com.br\/\",\"logo\":{\"@type\":\"ImageObject\",\"inLanguage\":\"pt-BR\",\"@id\":\"https:\/\/lackman.com.br\/#\/schema\/logo\/image\/\",\"url\":\"https:\/\/lackman.com.br\/wp-content\/uploads\/2023\/06\/Logotipo_preto-1.png\",\"contentUrl\":\"https:\/\/lackman.com.br\/wp-content\/uploads\/2023\/06\/Logotipo_preto-1.png\",\"width\":739,\"height\":393,\"caption\":\"LACKMAN &amp; CO.\"},\"image\":{\"@id\":\"https:\/\/lackman.com.br\/#\/schema\/logo\/image\/\"}},{\"@type\":\"Person\",\"@id\":\"https:\/\/lackman.com.br\/#\/schema\/person\/8a2355f699593d21d4f0d25b69db5747\",\"name\":\"Gilberto Evangelista - Colunista\",\"image\":{\"@type\":\"ImageObject\",\"inLanguage\":\"pt-BR\",\"@id\":\"https:\/\/lackman.com.br\/#\/schema\/person\/image\/\",\"url\":\"https:\/\/secure.gravatar.com\/avatar\/cea9badf02f8a90f7a745f2cbea45fda61f65711ec015e2faf3809cca6337c28?s=96&d=mm&r=g\",\"contentUrl\":\"https:\/\/secure.gravatar.com\/avatar\/cea9badf02f8a90f7a745f2cbea45fda61f65711ec015e2faf3809cca6337c28?s=96&d=mm&r=g\",\"caption\":\"Gilberto Evangelista - Colunista\"},\"description\":\"Jornalista e globetrotter.\",\"url\":\"https:\/\/lackman.com.br\/index.php\/author\/gilberto-brito\/\"}]}<\/script>\n<!-- \/ Yoast SEO plugin. -->","yoast_head_json":{"title":"Pr\u00eamio Jorge Laffond reconhece trabalhos humanos e sociais - LACKMAN &amp; CO.","robots":{"index":"index","follow":"follow","max-snippet":"max-snippet:-1","max-image-preview":"max-image-preview:large","max-video-preview":"max-video-preview:-1"},"canonical":"https:\/\/lackman.com.br\/index.php\/2025\/04\/10\/9175\/","og_locale":"pt_BR","og_type":"article","og_title":"Pr\u00eamio Jorge Laffond reconhece trabalhos humanos e sociais - LACKMAN &amp; CO.","og_description":"Noite memor\u00e1vel marca a entrega dos trofeus para quem faz diferen\u00e7a em prol do publico LGBTQIAPN+ Aproveitando que hoje, 10 de abril \u00e9 uma quinta-feira, a Coluna #PERAMBULANDO quer fazer uma mat\u00e9ria estilo #tbt, para enaltecer o Pr\u00eamio Jorge Laffond, uma iniciativa do coletivo Distrito Drag, que visa reconhecer e homenagear personalidades, grupos e projetos que se destacam na promo\u00e7\u00e3o da cultura e dos direitos da comunidade LGBTQIA+. O pr\u00eamio leva o nome de Jorge Lafond, artista brasileiro conhecido por sua contribui\u00e7\u00e3o \u00e0 arte transformista e por seu papel como a ic\u00f4nica personagem Vera Ver\u00e3o. A primeira edi\u00e7\u00e3o do pr\u00eamio ocorreu em 2019, durante o lan\u00e7amento do &#8220;Calend\u00e1rio Drag 2020&#8243;, um projeto do Distrito Drag que aborda temas sociais por meio da arte drag. Desde ent\u00e3o, o evento tem sido realizado anualmente, ampliando seu alcance e reconhecimento. Ao longo de suas edi\u00e7\u00f5es, o Pr\u00eamio Jorge Laffond tem celebrado diversas personalidades e iniciativas como Maria Gad\u00fa, Erika Hilton, Bianca Dellafancy, Marcinha do Corintho, Keila Simpson, Ivan Baron, Symmy Larrat, Margareth Menezes, Diego Martins e Amaury Lorenzo. Na 4\u00aa edi\u00e7\u00e3o, realizada em mar\u00e7o de 2024, por exemplo, o ministro dos Direitos Humanos e da Cidadania, Silvio Almeida, foi um dos homenageados na categoria Pol\u00edticas P\u00fablicas. J\u00e1 nesta 5\u00aa edi\u00e7\u00e3o, foram reconhecidos nomes como as cantoras Liniker e Leci Brand\u00e3o, o escritor Raphael Montes e o advogado, o ativista Renan Quinalha e o editor-chefe do site, Fernando Lackman por sua atua\u00e7\u00e3o de destaque no setor da moda e beleza brasiliense. O pr\u00eamio n\u00e3o apenas celebra conquistas individuais, mas tamb\u00e9m refor\u00e7a a import\u00e2ncia da luta pelos direitos LGBTQIA+ e a valoriza\u00e7\u00e3o da cultura e da arte dentro dessa comunidade. Al\u00e9m das premia\u00e7\u00f5es, o evento inclui performances art\u00edsticas e apresenta\u00e7\u00f5es que destacam a diversidade e a criatividade da cultura LGBTQIA+. O Distrito Drag, respons\u00e1vel pela organiza\u00e7\u00e3o do pr\u00eamio, \u00e9 um coletivo criado em 2017 com o objetivo de produzir e difundir a cultura LGBTQIA+ por meio da arte transformista, promovendo a auto-organiza\u00e7\u00e3o e forma\u00e7\u00e3o de artistas, al\u00e9m de preservar a mem\u00f3ria e hist\u00f3ria da comunidade. Registrar a mem\u00f3ria LGBBTQIA+ por meio do reconhecimento a quem contribui diretamente para a cultura, pol\u00edtica e outras \u00e1reas \u00e9 o que motiva a produ\u00e7\u00e3o do pr\u00eamio. \u201cPara n\u00f3s, o Pr\u00eamio\u00a0Jorge\u00a0Laffond\u00a0\u00e9 uma forma n\u00e3o somente de agradecer aos premiados por seus incr\u00edveis trabalhos prestados, como tamb\u00e9m de incentivar que mais artistas, ativistas e entidades se empenhem em lutar por causas relevantes\u201d, definiu Victor Baliane, respons\u00e1vel pela dire\u00e7\u00e3o art\u00edstica do pr\u00eamio. Vale destacar ainda que nesta edi\u00e7\u00e3o, a premia\u00e7\u00e3o segue com a miss\u00e3o de potencializar a luta e as conquistas da popula\u00e7\u00e3o LGBTQIA+, expressa em vertentes art\u00edsticas, pol\u00edticas e de visibilidade. \u201cJorge\u00a0Laffond\u00a0foi um dos nossos que contribuiu muito com sua for\u00e7a art\u00edstica e de resist\u00eancia. Inspirados por ele, queremos ver mais e mais pessoas LGBTQIA+ e aliadas com suas trajet\u00f3rias reconhecidas e celebradas\u201d, destacou Ruth Venceremos, uma das diretoras do Distrito Drag. &nbsp; Veja a lista dos homenageados do Pr\u00eamio\u00a0Jorge\u00a0Laffond\u00a02025: Arte transformista: Ginger Mc.Gaffney (DF) Cultura Ballroom: Ursula (DF) Narrativas dissidentes: Renan Quinalha (SP) Cinema e Audiovisual: Raphael Montes (RJ) Artes Visuais: Rafael da Esc\u00f3ssia (DF) Comunica\u00e7\u00e3o: Daniel Adjuto (DF) Orgulho: Leci Brand\u00e3o (RJ) Hist\u00f3ria e Mem\u00f3ria: Document\u00e1rio: Um Salto Alto &#8211; A Hist\u00f3ria da Arte Transformista do Distrito Federal Milit\u00e2ncia LGBTQIA+: Lucci Laporta (DF) Moda e Beleza: Fernando Lackman (DF) M\u00fasica: Liniker (SP) Parlamentar aliado\/a: Max Maciel (DF) Parlamentar LGBTQIA+: Daiana Santos (RS) Produ\u00e7\u00e3o Cultural: Ava Scherdien (DF) Iniciativa Cultural: Bloco Baile da Piki (DF) Quem v\u00ea close n\u00e3o v\u00ea corre: Pagod\u00e3o Delas (DF) Pol\u00edticas P\u00fablicas: Governo do Estado do Cear\u00e1 Drag revela\u00e7\u00e3o: GG Limona (DF) Faz a diferen\u00e7a: Lu\u00eds Roberto Barroso (PB) Promo\u00e7\u00e3o e Defesa dos Direitos Humanos: Maca\u00e9 Evaristo (MG) Consultoria em Diversidade e Inclus\u00e3o: Ricardo Sales (SP) Fotos: Gilberto Evangelista\u00a0","og_url":"https:\/\/lackman.com.br\/index.php\/2025\/04\/10\/9175\/","og_site_name":"LACKMAN &amp; CO.","article_published_time":"2025-04-11T00:50:40+00:00","article_modified_time":"2025-04-11T12:49:28+00:00","og_image":[{"width":1600,"height":1066,"url":"http:\/\/lackman.com.br\/wp-content\/uploads\/2025\/04\/ed272491-a807-4322-9f88-cfed85a7fff2.jpeg","type":"image\/jpeg"}],"author":"Gilberto Evangelista - Colunista","twitter_card":"summary_large_image","twitter_misc":{"Escrito por":"Gilberto Evangelista - Colunista","Est. tempo de leitura":"5 minutos"},"schema":{"@context":"https:\/\/schema.org","@graph":[{"@type":"Article","@id":"https:\/\/lackman.com.br\/index.php\/2025\/04\/10\/9175\/#article","isPartOf":{"@id":"https:\/\/lackman.com.br\/index.php\/2025\/04\/10\/9175\/"},"author":{"name":"Gilberto Evangelista - Colunista","@id":"https:\/\/lackman.com.br\/#\/schema\/person\/8a2355f699593d21d4f0d25b69db5747"},"headline":"Pr\u00eamio Jorge Laffond reconhece trabalhos humanos e sociais","datePublished":"2025-04-11T00:50:40+00:00","dateModified":"2025-04-11T12:49:28+00:00","mainEntityOfPage":{"@id":"https:\/\/lackman.com.br\/index.php\/2025\/04\/10\/9175\/"},"wordCount":722,"publisher":{"@id":"https:\/\/lackman.com.br\/#organization"},"image":{"@id":"https:\/\/lackman.com.br\/index.php\/2025\/04\/10\/9175\/#primaryimage"},"thumbnailUrl":"https:\/\/lackman.com.br\/wp-content\/uploads\/2025\/04\/ed272491-a807-4322-9f88-cfed85a7fff2.jpeg","articleSection":["Cultura","Vida"],"inLanguage":"pt-BR"},{"@type":"WebPage","@id":"https:\/\/lackman.com.br\/index.php\/2025\/04\/10\/9175\/","url":"https:\/\/lackman.com.br\/index.php\/2025\/04\/10\/9175\/","name":"Pr\u00eamio Jorge Laffond reconhece trabalhos humanos e sociais - LACKMAN &amp; CO.","isPartOf":{"@id":"https:\/\/lackman.com.br\/#website"},"primaryImageOfPage":{"@id":"https:\/\/lackman.com.br\/index.php\/2025\/04\/10\/9175\/#primaryimage"},"image":{"@id":"https:\/\/lackman.com.br\/index.php\/2025\/04\/10\/9175\/#primaryimage"},"thumbnailUrl":"https:\/\/lackman.com.br\/wp-content\/uploads\/2025\/04\/ed272491-a807-4322-9f88-cfed85a7fff2.jpeg","datePublished":"2025-04-11T00:50:40+00:00","dateModified":"2025-04-11T12:49:28+00:00","breadcrumb":{"@id":"https:\/\/lackman.com.br\/index.php\/2025\/04\/10\/9175\/#breadcrumb"},"inLanguage":"pt-BR","potentialAction":[{"@type":"ReadAction","target":["https:\/\/lackman.com.br\/index.php\/2025\/04\/10\/9175\/"]}]},{"@type":"ImageObject","inLanguage":"pt-BR","@id":"https:\/\/lackman.com.br\/index.php\/2025\/04\/10\/9175\/#primaryimage","url":"https:\/\/lackman.com.br\/wp-content\/uploads\/2025\/04\/ed272491-a807-4322-9f88-cfed85a7fff2.jpeg","contentUrl":"https:\/\/lackman.com.br\/wp-content\/uploads\/2025\/04\/ed272491-a807-4322-9f88-cfed85a7fff2.jpeg","width":1600,"height":1066},{"@type":"BreadcrumbList","@id":"https:\/\/lackman.com.br\/index.php\/2025\/04\/10\/9175\/#breadcrumb","itemListElement":[{"@type":"ListItem","position":1,"name":"In\u00edcio","item":"https:\/\/lackman.com.br\/"},{"@type":"ListItem","position":2,"name":"Pr\u00eamio Jorge Laffond reconhece trabalhos humanos e sociais"}]},{"@type":"WebSite","@id":"https:\/\/lackman.com.br\/#website","url":"https:\/\/lackman.com.br\/","name":"LACKMAN &amp; CO.","description":"VIDA | MODA | ARTE","publisher":{"@id":"https:\/\/lackman.com.br\/#organization"},"potentialAction":[{"@type":"SearchAction","target":{"@type":"EntryPoint","urlTemplate":"https:\/\/lackman.com.br\/?s={search_term_string}"},"query-input":{"@type":"PropertyValueSpecification","valueRequired":true,"valueName":"search_term_string"}}],"inLanguage":"pt-BR"},{"@type":"Organization","@id":"https:\/\/lackman.com.br\/#organization","name":"LACKMAN &amp; CO.","url":"https:\/\/lackman.com.br\/","logo":{"@type":"ImageObject","inLanguage":"pt-BR","@id":"https:\/\/lackman.com.br\/#\/schema\/logo\/image\/","url":"https:\/\/lackman.com.br\/wp-content\/uploads\/2023\/06\/Logotipo_preto-1.png","contentUrl":"https:\/\/lackman.com.br\/wp-content\/uploads\/2023\/06\/Logotipo_preto-1.png","width":739,"height":393,"caption":"LACKMAN &amp; CO."},"image":{"@id":"https:\/\/lackman.com.br\/#\/schema\/logo\/image\/"}},{"@type":"Person","@id":"https:\/\/lackman.com.br\/#\/schema\/person\/8a2355f699593d21d4f0d25b69db5747","name":"Gilberto Evangelista - Colunista","image":{"@type":"ImageObject","inLanguage":"pt-BR","@id":"https:\/\/lackman.com.br\/#\/schema\/person\/image\/","url":"https:\/\/secure.gravatar.com\/avatar\/cea9badf02f8a90f7a745f2cbea45fda61f65711ec015e2faf3809cca6337c28?s=96&d=mm&r=g","contentUrl":"https:\/\/secure.gravatar.com\/avatar\/cea9badf02f8a90f7a745f2cbea45fda61f65711ec015e2faf3809cca6337c28?s=96&d=mm&r=g","caption":"Gilberto Evangelista - Colunista"},"description":"Jornalista e globetrotter.","url":"https:\/\/lackman.com.br\/index.php\/author\/gilberto-brito\/"}]}},"rttpg_featured_image_url":{"full":["https:\/\/lackman.com.br\/wp-content\/uploads\/2025\/04\/ed272491-a807-4322-9f88-cfed85a7fff2.jpeg",1600,1066,false],"landscape":["https:\/\/lackman.com.br\/wp-content\/uploads\/2025\/04\/ed272491-a807-4322-9f88-cfed85a7fff2.jpeg",1600,1066,false],"portraits":["https:\/\/lackman.com.br\/wp-content\/uploads\/2025\/04\/ed272491-a807-4322-9f88-cfed85a7fff2.jpeg",1600,1066,false],"thumbnail":["https:\/\/lackman.com.br\/wp-content\/uploads\/2025\/04\/ed272491-a807-4322-9f88-cfed85a7fff2-150x150.jpeg",150,150,true],"medium":["https:\/\/lackman.com.br\/wp-content\/uploads\/2025\/04\/ed272491-a807-4322-9f88-cfed85a7fff2-300x200.jpeg",300,200,true],"large":["https:\/\/lackman.com.br\/wp-content\/uploads\/2025\/04\/ed272491-a807-4322-9f88-cfed85a7fff2-1024x682.jpeg",1024,682,true],"RoboGalleryMansoryImagesCenter":["https:\/\/lackman.com.br\/wp-content\/uploads\/2025\/04\/ed272491-a807-4322-9f88-cfed85a7fff2-600x1024.jpeg",600,1024,true],"RoboGalleryPreload":["https:\/\/lackman.com.br\/wp-content\/uploads\/2025\/04\/ed272491-a807-4322-9f88-cfed85a7fff2.jpeg",100,67,false],"1536x1536":["https:\/\/lackman.com.br\/wp-content\/uploads\/2025\/04\/ed272491-a807-4322-9f88-cfed85a7fff2-1536x1023.jpeg",1536,1023,true],"2048x2048":["https:\/\/lackman.com.br\/wp-content\/uploads\/2025\/04\/ed272491-a807-4322-9f88-cfed85a7fff2.jpeg",1600,1066,false]},"rttpg_author":{"display_name":"Gilberto Evangelista - Colunista","author_link":"https:\/\/lackman.com.br\/index.php\/author\/gilberto-brito\/"},"rttpg_comment":0,"rttpg_category":"<a href=\"https:\/\/lackman.com.br\/index.php\/category\/arte\/cultura-arte\/\" rel=\"category tag\">Cultura<\/a> <a href=\"https:\/\/lackman.com.br\/index.php\/category\/vida\/\" rel=\"category tag\">Vida<\/a>","rttpg_excerpt":"Noite memor\u00e1vel marca a entrega dos trofeus para quem faz diferen\u00e7a em prol do publico LGBTQIAPN+ Aproveitando que hoje, 10 de abril \u00e9 uma quinta-feira, a Coluna #PERAMBULANDO quer fazer uma mat\u00e9ria estilo #tbt, para enaltecer o Pr\u00eamio Jorge Laffond, uma iniciativa do coletivo Distrito Drag, que visa reconhecer e homenagear personalidades, grupos e projetos&hellip;","_links":{"self":[{"href":"https:\/\/lackman.com.br\/index.php\/wp-json\/wp\/v2\/posts\/9175","targetHints":{"allow":["GET"]}}],"collection":[{"href":"https:\/\/lackman.com.br\/index.php\/wp-json\/wp\/v2\/posts"}],"about":[{"href":"https:\/\/lackman.com.br\/index.php\/wp-json\/wp\/v2\/types\/post"}],"author":[{"embeddable":true,"href":"https:\/\/lackman.com.br\/index.php\/wp-json\/wp\/v2\/users\/6"}],"replies":[{"embeddable":true,"href":"https:\/\/lackman.com.br\/index.php\/wp-json\/wp\/v2\/comments?post=9175"}],"version-history":[{"count":9,"href":"https:\/\/lackman.com.br\/index.php\/wp-json\/wp\/v2\/posts\/9175\/revisions"}],"predecessor-version":[{"id":9214,"href":"https:\/\/lackman.com.br\/index.php\/wp-json\/wp\/v2\/posts\/9175\/revisions\/9214"}],"wp:featuredmedia":[{"embeddable":true,"href":"https:\/\/lackman.com.br\/index.php\/wp-json\/wp\/v2\/media\/9169"}],"wp:attachment":[{"href":"https:\/\/lackman.com.br\/index.php\/wp-json\/wp\/v2\/media?parent=9175"}],"wp:term":[{"taxonomy":"category","embeddable":true,"href":"https:\/\/lackman.com.br\/index.php\/wp-json\/wp\/v2\/categories?post=9175"},{"taxonomy":"post_tag","embeddable":true,"href":"https:\/\/lackman.com.br\/index.php\/wp-json\/wp\/v2\/tags?post=9175"}],"curies":[{"name":"wp","href":"https:\/\/api.w.org\/{rel}","templated":true}]}}