{"id":9159,"date":"2025-04-09T09:41:43","date_gmt":"2025-04-09T12:41:43","guid":{"rendered":"https:\/\/lackman.com.br\/?p=9159"},"modified":"2025-04-09T09:41:43","modified_gmt":"2025-04-09T12:41:43","slug":"papo-de-capoeira-tem-ginga-historia-e-inclusao","status":"publish","type":"post","link":"https:\/\/lackman.com.br\/index.php\/2025\/04\/09\/papo-de-capoeira-tem-ginga-historia-e-inclusao\/","title":{"rendered":"Papo de Capoeira tem ginga, hist\u00f3ria e inclus\u00e3o"},"content":{"rendered":"<h5 style=\"text-align: justify\" data-start=\"787\" data-end=\"946\"><em>Terceira edi\u00e7\u00e3o do evento une tradi\u00e7\u00e3o e transforma\u00e7\u00e3o social em dois dias de celebra\u00e7\u00e3o da capoeira como s\u00edmbolo de luta, arte e diversidade.<\/em><\/h5>\n<p style=\"text-align: justify\" data-start=\"787\" data-end=\"946\">\n<p style=\"text-align: justify\">Nos dias <strong>11 e 12 de abril de 2025<\/strong>, o <strong>Sal\u00e3o M\u00faltiplas Fun\u00e7\u00f5es<\/strong>, localizado na Regi\u00e3o Administrativa do <strong>Guar\u00e1 \u2013 DF<\/strong>, ser\u00e1 palco da terceira edi\u00e7\u00e3o do evento <strong>&#8220;Papo de Capoeira&#8221;<\/strong>. Com uma programa\u00e7\u00e3o intensa, que inclui workshops, rodas de capoeira e apresenta\u00e7\u00f5es art\u00edsticas, o evento visa destacar as m\u00faltiplas facetas dessa express\u00e3o cultural e reafirmar a import\u00e2ncia da capoeira para a sociedade brasileira e mundial.<\/p>\n<p style=\"text-align: justify\">Desde sua primeira edi\u00e7\u00e3o, em 2021, o &#8220;Papo de Capoeira&#8221; se consolidou como um espa\u00e7o de resist\u00eancia e valoriza\u00e7\u00e3o da cultura afro-brasileira, promovendo o fortalecimento da identidade negra, a inclus\u00e3o social e o enfrentamento do preconceito. Organizado em parceria com o <strong>Minist\u00e9rio da Igualdade Racial<\/strong>, o evento se prop\u00f5e a democratizar o acesso \u00e0 cultura, ao lazer e ao esporte, incentivando a participa\u00e7\u00e3o de grupos historicamente marginalizados, como mulheres, negros, pessoas com defici\u00eancia (PCDs) e a comunidade LGBTQIA+.<\/p>\n<p><img fetchpriority=\"high\" decoding=\"async\" class=\"aligncenter wp-image-9162 size-full\" src=\"http:\/\/lackman.com.br\/wp-content\/uploads\/2025\/04\/PHOTO-2025-03-12-17-20-27.jpg\" alt=\"\" width=\"853\" height=\"1280\" srcset=\"https:\/\/lackman.com.br\/wp-content\/uploads\/2025\/04\/PHOTO-2025-03-12-17-20-27.jpg 853w, https:\/\/lackman.com.br\/wp-content\/uploads\/2025\/04\/PHOTO-2025-03-12-17-20-27-200x300.jpg 200w, https:\/\/lackman.com.br\/wp-content\/uploads\/2025\/04\/PHOTO-2025-03-12-17-20-27-682x1024.jpg 682w, https:\/\/lackman.com.br\/wp-content\/uploads\/2025\/04\/PHOTO-2025-03-12-17-20-27-768x1152.jpg 768w\" sizes=\"(max-width: 853px) 100vw, 853px\" \/><\/p>\n<p style=\"text-align: justify\">O reconhecimento da <strong>Roda de Capoeira como Patrim\u00f4nio Cultural Imaterial da Humanidade pela UNESCO<\/strong>, em 2014, \u00e9 um marco fundamental para o evento. A capoeira, que nasceu no Brasil no s\u00e9culo XVII como s\u00edmbolo de resist\u00eancia no per\u00edodo escravista, continua sendo um dos maiores \u00edcones da cultura nacional. A Roda de Capoeira \u00e9 um espa\u00e7o de aprendizado, coopera\u00e7\u00e3o e celebra\u00e7\u00e3o da heran\u00e7a africana, sendo praticada atualmente em mais de 160 pa\u00edses. Esse reconhecimento refor\u00e7a a capoeira n\u00e3o apenas como uma manifesta\u00e7\u00e3o cultural, mas como um verdadeiro s\u00edmbolo de luta e solidariedade.<\/p>\n<p style=\"text-align: justify\">Com <strong>150 vagas gratuitas<\/strong> para workshops, participa\u00e7\u00e3o nas rodas e outras atividades, o evento visa n\u00e3o apenas promover o interc\u00e2mbio entre capoeiristas, mas tamb\u00e9m fortalecer a capoeira do <strong>Distrito Federal<\/strong> em \u00e2mbito nacional e internacional. Idealizado por <strong>Michelle Santos Lima<\/strong>, conhecida como <strong>mestre Michelinha<\/strong> nas rodas de capoeira, e pela produtora <strong>Karla Arag\u00e3o<\/strong>, o evento aborda todos os aspectos relativos \u00e0 capoeira, como a dan\u00e7a, a arte, a cultura e a luta.<\/p>\n<figure id=\"attachment_9161\" aria-describedby=\"caption-attachment-9161\" style=\"width: 633px\" class=\"wp-caption aligncenter\"><img decoding=\"async\" class=\"wp-image-9161 size-full\" src=\"http:\/\/lackman.com.br\/wp-content\/uploads\/2025\/04\/Foto-mestre-Michelinha.jpg\" alt=\"\" width=\"633\" height=\"416\" srcset=\"https:\/\/lackman.com.br\/wp-content\/uploads\/2025\/04\/Foto-mestre-Michelinha.jpg 633w, https:\/\/lackman.com.br\/wp-content\/uploads\/2025\/04\/Foto-mestre-Michelinha-300x197.jpg 300w\" sizes=\"(max-width: 633px) 100vw, 633px\" \/><figcaption id=\"caption-attachment-9161\" class=\"wp-caption-text\">Mestre Michelinha<\/figcaption><\/figure>\n<p style=\"text-align: justify\">\u201c<em>O evento \u00e9 inclusivo e est\u00e1 aberto a todos os p\u00fablicos, desde crian\u00e7as at\u00e9 idosos. Contaremos com a participa\u00e7\u00e3o de palestrantes de Bras\u00edlia, Rio de Janeiro e S\u00e3o Paulo, al\u00e9m da presen\u00e7a de capoeiristas e amantes dessa arte vindos de todas as partes do Brasil<\/em>\u201d, afirma Michelle.<\/p>\n<p style=\"text-align: justify\">A iniciativa tamb\u00e9m contribui para a forma\u00e7\u00e3o cultural dos participantes e gera emprego e renda para educadores e trabalhadores aut\u00f4nomos ligados \u00e0 cultura.<\/p>\n<p style=\"text-align: justify\">Al\u00e9m das atividades programadas, o evento ser\u00e1 <strong>aberto ao p\u00fablico<\/strong>, permitindo que todos possam vivenciar a riqueza da capoeira e suas contribui\u00e7\u00f5es para a sociedade. Com a <strong>inclus\u00e3o como um de seus pilares<\/strong>, o &#8220;Papo de Capoeira&#8221; celebra a diversidade e a for\u00e7a da cultura negra, buscando sempre fortalecer as linguagens da dan\u00e7a, da m\u00fasica e das pr\u00e1ticas corporais coletivas. O evento contar\u00e1 com <strong>interpreta\u00e7\u00e3o em Libras e tem sua programa\u00e7\u00e3o completa em <a href=\"https:\/\/www.instagram.com\/papodecapoeiraoficial\/\">@papodecapoeiraoficial<\/a><\/strong><\/p>\n<p>&nbsp;<\/p>\n<p><em><strong>Paranau\u00ea Paran\u00e1!<\/strong><\/em><\/p>\n<p><em><strong>III Papo de Capoeira<\/strong> \/ Sal\u00e3o M\u00faltiplas Fun\u00e7\u00f5es \u2013 Guar\u00e1 \/ 11 da- 18h \u00e0s 22h e 12 &#8211; 8h45 \u00e0s 22h \/ 150 vagas gratuitas \/ Siga <a href=\"https:\/\/www.instagram.com\/papodecapoeiraoficial\/\">@papodecapoeiraoficial<\/a><\/em><\/p>\n<p>&nbsp;<\/p>\n<pre>Fotos: Divulga\u00e7\u00e3o<\/pre>\n","protected":false},"excerpt":{"rendered":"<p>Terceira edi\u00e7\u00e3o do evento une tradi\u00e7\u00e3o e transforma\u00e7\u00e3o social em dois dias de celebra\u00e7\u00e3o da capoeira como s\u00edmbolo de luta, arte e diversidade. Nos dias 11 e 12 de abril de 2025, o Sal\u00e3o M\u00faltiplas Fun\u00e7\u00f5es, localizado na Regi\u00e3o Administrativa do Guar\u00e1 \u2013 DF, ser\u00e1 palco da terceira edi\u00e7\u00e3o do evento &#8220;Papo de Capoeira&#8221;. Com uma programa\u00e7\u00e3o intensa, que inclui workshops, rodas de capoeira e apresenta\u00e7\u00f5es art\u00edsticas, o evento visa destacar as m\u00faltiplas facetas dessa express\u00e3o cultural e reafirmar a import\u00e2ncia da capoeira para a sociedade brasileira e mundial. Desde sua primeira edi\u00e7\u00e3o, em 2021, o &#8220;Papo de Capoeira&#8221; se consolidou como um espa\u00e7o de resist\u00eancia e valoriza\u00e7\u00e3o da cultura afro-brasileira, promovendo o fortalecimento da identidade negra, a inclus\u00e3o social e o enfrentamento do preconceito. Organizado em parceria com o Minist\u00e9rio da Igualdade Racial, o evento se prop\u00f5e a democratizar o acesso \u00e0 cultura, ao lazer e ao esporte, incentivando a participa\u00e7\u00e3o de grupos historicamente marginalizados, como mulheres, negros, pessoas com defici\u00eancia (PCDs) e a comunidade LGBTQIA+. O reconhecimento da Roda de Capoeira como Patrim\u00f4nio Cultural Imaterial da Humanidade pela UNESCO, em 2014, \u00e9 um marco fundamental para o evento. A capoeira, que nasceu no Brasil no s\u00e9culo XVII como s\u00edmbolo de resist\u00eancia no per\u00edodo escravista, continua sendo um dos maiores \u00edcones da cultura nacional. A Roda de Capoeira \u00e9 um espa\u00e7o de aprendizado, coopera\u00e7\u00e3o e celebra\u00e7\u00e3o da heran\u00e7a africana, sendo praticada atualmente em mais de 160 pa\u00edses. Esse reconhecimento refor\u00e7a a capoeira n\u00e3o apenas como uma manifesta\u00e7\u00e3o cultural, mas como um verdadeiro s\u00edmbolo de luta e solidariedade. Com 150 vagas gratuitas para workshops, participa\u00e7\u00e3o nas rodas e outras atividades, o evento visa n\u00e3o apenas promover o interc\u00e2mbio entre capoeiristas, mas tamb\u00e9m fortalecer a capoeira do Distrito Federal em \u00e2mbito nacional e internacional. Idealizado por Michelle Santos Lima, conhecida como mestre Michelinha nas rodas de capoeira, e pela produtora Karla Arag\u00e3o, o evento aborda todos os aspectos relativos \u00e0 capoeira, como a dan\u00e7a, a arte, a cultura e a luta. \u201cO evento \u00e9 inclusivo e est\u00e1 aberto a todos os p\u00fablicos, desde crian\u00e7as at\u00e9 idosos. Contaremos com a participa\u00e7\u00e3o de palestrantes de Bras\u00edlia, Rio de Janeiro e S\u00e3o Paulo, al\u00e9m da presen\u00e7a de capoeiristas e amantes dessa arte vindos de todas as partes do Brasil\u201d, afirma Michelle. A iniciativa tamb\u00e9m contribui para a forma\u00e7\u00e3o cultural dos participantes e gera emprego e renda para educadores e trabalhadores aut\u00f4nomos ligados \u00e0 cultura. Al\u00e9m das atividades programadas, o evento ser\u00e1 aberto ao p\u00fablico, permitindo que todos possam vivenciar a riqueza da capoeira e suas contribui\u00e7\u00f5es para a sociedade. Com a inclus\u00e3o como um de seus pilares, o &#8220;Papo de Capoeira&#8221; celebra a diversidade e a for\u00e7a da cultura negra, buscando sempre fortalecer as linguagens da dan\u00e7a, da m\u00fasica e das pr\u00e1ticas corporais coletivas. O evento contar\u00e1 com interpreta\u00e7\u00e3o em Libras e tem sua programa\u00e7\u00e3o completa em @papodecapoeiraoficial &nbsp; Paranau\u00ea Paran\u00e1! III Papo de Capoeira \/ Sal\u00e3o M\u00faltiplas Fun\u00e7\u00f5es \u2013 Guar\u00e1 \/ 11 da- 18h \u00e0s 22h e 12 &#8211; 8h45 \u00e0s 22h \/ 150 vagas gratuitas \/ Siga @papodecapoeiraoficial &nbsp; Fotos: Divulga\u00e7\u00e3o<\/p>\n","protected":false},"author":6,"featured_media":9160,"comment_status":"closed","ping_status":"open","sticky":false,"template":"","format":"standard","meta":{"site-sidebar-layout":"default","site-content-layout":"","ast-site-content-layout":"default","site-content-style":"default","site-sidebar-style":"default","ast-global-header-display":"","ast-banner-title-visibility":"","ast-main-header-display":"","ast-hfb-above-header-display":"","ast-hfb-below-header-display":"","ast-hfb-mobile-header-display":"","site-post-title":"","ast-breadcrumbs-content":"","ast-featured-img":"","footer-sml-layout":"","ast-disable-related-posts":"","theme-transparent-header-meta":"default","adv-header-id-meta":"","stick-header-meta":"","header-above-stick-meta":"","header-main-stick-meta":"","header-below-stick-meta":"","astra-migrate-meta-layouts":"set","ast-page-background-enabled":"default","ast-page-background-meta":{"desktop":{"background-color":"","background-image":"","background-repeat":"repeat","background-position":"center center","background-size":"auto","background-attachment":"scroll","background-type":"","background-media":"","overlay-type":"","overlay-color":"","overlay-opacity":"","overlay-gradient":""},"tablet":{"background-color":"","background-image":"","background-repeat":"repeat","background-position":"center center","background-size":"auto","background-attachment":"scroll","background-type":"","background-media":"","overlay-type":"","overlay-color":"","overlay-opacity":"","overlay-gradient":""},"mobile":{"background-color":"","background-image":"","background-repeat":"repeat","background-position":"center center","background-size":"auto","background-attachment":"scroll","background-type":"","background-media":"","overlay-type":"","overlay-color":"","overlay-opacity":"","overlay-gradient":""}},"ast-content-background-meta":{"desktop":{"background-color":"var(--ast-global-color-5)","background-image":"","background-repeat":"repeat","background-position":"center center","background-size":"auto","background-attachment":"scroll","background-type":"","background-media":"","overlay-type":"","overlay-color":"","overlay-opacity":"","overlay-gradient":""},"tablet":{"background-color":"var(--ast-global-color-5)","background-image":"","background-repeat":"repeat","background-position":"center center","background-size":"auto","background-attachment":"scroll","background-type":"","background-media":"","overlay-type":"","overlay-color":"","overlay-opacity":"","overlay-gradient":""},"mobile":{"background-color":"var(--ast-global-color-5)","background-image":"","background-repeat":"repeat","background-position":"center center","background-size":"auto","background-attachment":"scroll","background-type":"","background-media":"","overlay-type":"","overlay-color":"","overlay-opacity":"","overlay-gradient":""}},"footnotes":""},"categories":[47,43,41],"tags":[288,61,54,1964,1865,1965,89,1963,1966,1967],"class_list":["post-9159","post","type-post","status-publish","format-standard","has-post-thumbnail","hentry","category-cultura-arte","category-perambulando","category-vida","tag-perambulandocomogiba","tag-brasil","tag-brasilia","tag-capoeira","tag-coluna-perambulando","tag-cultura-brasileira","tag-df","tag-papo-de-capoeira","tag-patrimonio-cultural-imaterial-da-humanidade","tag-unesco"],"yoast_head":"<!-- This site is optimized with the Yoast SEO plugin v27.0 - https:\/\/yoast.com\/product\/yoast-seo-wordpress\/ -->\n<title>Papo de Capoeira tem ginga, hist\u00f3ria e inclus\u00e3o - LACKMAN &amp; CO.<\/title>\n<meta name=\"robots\" content=\"index, follow, max-snippet:-1, max-image-preview:large, max-video-preview:-1\" \/>\n<link rel=\"canonical\" href=\"https:\/\/lackman.com.br\/index.php\/2025\/04\/09\/papo-de-capoeira-tem-ginga-historia-e-inclusao\/\" \/>\n<meta property=\"og:locale\" content=\"pt_BR\" \/>\n<meta property=\"og:type\" content=\"article\" \/>\n<meta property=\"og:title\" content=\"Papo de Capoeira tem ginga, hist\u00f3ria e inclus\u00e3o - LACKMAN &amp; CO.\" \/>\n<meta property=\"og:description\" content=\"Terceira edi\u00e7\u00e3o do evento une tradi\u00e7\u00e3o e transforma\u00e7\u00e3o social em dois dias de celebra\u00e7\u00e3o da capoeira como s\u00edmbolo de luta, arte e diversidade. Nos dias 11 e 12 de abril de 2025, o Sal\u00e3o M\u00faltiplas Fun\u00e7\u00f5es, localizado na Regi\u00e3o Administrativa do Guar\u00e1 \u2013 DF, ser\u00e1 palco da terceira edi\u00e7\u00e3o do evento &#8220;Papo de Capoeira&#8221;. Com uma programa\u00e7\u00e3o intensa, que inclui workshops, rodas de capoeira e apresenta\u00e7\u00f5es art\u00edsticas, o evento visa destacar as m\u00faltiplas facetas dessa express\u00e3o cultural e reafirmar a import\u00e2ncia da capoeira para a sociedade brasileira e mundial. Desde sua primeira edi\u00e7\u00e3o, em 2021, o &#8220;Papo de Capoeira&#8221; se consolidou como um espa\u00e7o de resist\u00eancia e valoriza\u00e7\u00e3o da cultura afro-brasileira, promovendo o fortalecimento da identidade negra, a inclus\u00e3o social e o enfrentamento do preconceito. Organizado em parceria com o Minist\u00e9rio da Igualdade Racial, o evento se prop\u00f5e a democratizar o acesso \u00e0 cultura, ao lazer e ao esporte, incentivando a participa\u00e7\u00e3o de grupos historicamente marginalizados, como mulheres, negros, pessoas com defici\u00eancia (PCDs) e a comunidade LGBTQIA+. O reconhecimento da Roda de Capoeira como Patrim\u00f4nio Cultural Imaterial da Humanidade pela UNESCO, em 2014, \u00e9 um marco fundamental para o evento. A capoeira, que nasceu no Brasil no s\u00e9culo XVII como s\u00edmbolo de resist\u00eancia no per\u00edodo escravista, continua sendo um dos maiores \u00edcones da cultura nacional. A Roda de Capoeira \u00e9 um espa\u00e7o de aprendizado, coopera\u00e7\u00e3o e celebra\u00e7\u00e3o da heran\u00e7a africana, sendo praticada atualmente em mais de 160 pa\u00edses. Esse reconhecimento refor\u00e7a a capoeira n\u00e3o apenas como uma manifesta\u00e7\u00e3o cultural, mas como um verdadeiro s\u00edmbolo de luta e solidariedade. Com 150 vagas gratuitas para workshops, participa\u00e7\u00e3o nas rodas e outras atividades, o evento visa n\u00e3o apenas promover o interc\u00e2mbio entre capoeiristas, mas tamb\u00e9m fortalecer a capoeira do Distrito Federal em \u00e2mbito nacional e internacional. Idealizado por Michelle Santos Lima, conhecida como mestre Michelinha nas rodas de capoeira, e pela produtora Karla Arag\u00e3o, o evento aborda todos os aspectos relativos \u00e0 capoeira, como a dan\u00e7a, a arte, a cultura e a luta. \u201cO evento \u00e9 inclusivo e est\u00e1 aberto a todos os p\u00fablicos, desde crian\u00e7as at\u00e9 idosos. Contaremos com a participa\u00e7\u00e3o de palestrantes de Bras\u00edlia, Rio de Janeiro e S\u00e3o Paulo, al\u00e9m da presen\u00e7a de capoeiristas e amantes dessa arte vindos de todas as partes do Brasil\u201d, afirma Michelle. A iniciativa tamb\u00e9m contribui para a forma\u00e7\u00e3o cultural dos participantes e gera emprego e renda para educadores e trabalhadores aut\u00f4nomos ligados \u00e0 cultura. Al\u00e9m das atividades programadas, o evento ser\u00e1 aberto ao p\u00fablico, permitindo que todos possam vivenciar a riqueza da capoeira e suas contribui\u00e7\u00f5es para a sociedade. Com a inclus\u00e3o como um de seus pilares, o &#8220;Papo de Capoeira&#8221; celebra a diversidade e a for\u00e7a da cultura negra, buscando sempre fortalecer as linguagens da dan\u00e7a, da m\u00fasica e das pr\u00e1ticas corporais coletivas. O evento contar\u00e1 com interpreta\u00e7\u00e3o em Libras e tem sua programa\u00e7\u00e3o completa em @papodecapoeiraoficial &nbsp; Paranau\u00ea Paran\u00e1! III Papo de Capoeira \/ Sal\u00e3o M\u00faltiplas Fun\u00e7\u00f5es \u2013 Guar\u00e1 \/ 11 da- 18h \u00e0s 22h e 12 &#8211; 8h45 \u00e0s 22h \/ 150 vagas gratuitas \/ Siga @papodecapoeiraoficial &nbsp; Fotos: Divulga\u00e7\u00e3o\" \/>\n<meta property=\"og:url\" content=\"https:\/\/lackman.com.br\/index.php\/2025\/04\/09\/papo-de-capoeira-tem-ginga-historia-e-inclusao\/\" \/>\n<meta property=\"og:site_name\" content=\"LACKMAN &amp; CO.\" \/>\n<meta property=\"article:published_time\" content=\"2025-04-09T12:41:43+00:00\" \/>\n<meta property=\"og:image\" content=\"http:\/\/lackman.com.br\/wp-content\/uploads\/2025\/04\/PHOTO-2025-03-12-17-26-151.jpg\" \/>\n\t<meta property=\"og:image:width\" content=\"1296\" \/>\n\t<meta property=\"og:image:height\" content=\"864\" \/>\n\t<meta property=\"og:image:type\" content=\"image\/jpeg\" \/>\n<meta name=\"author\" content=\"Gilberto Evangelista - Colunista\" \/>\n<meta name=\"twitter:card\" content=\"summary_large_image\" \/>\n<meta name=\"twitter:label1\" content=\"Escrito por\" \/>\n\t<meta name=\"twitter:data1\" content=\"Gilberto Evangelista - Colunista\" \/>\n\t<meta name=\"twitter:label2\" content=\"Est. tempo de leitura\" \/>\n\t<meta name=\"twitter:data2\" content=\"4 minutos\" \/>\n<script type=\"application\/ld+json\" class=\"yoast-schema-graph\">{\"@context\":\"https:\/\/schema.org\",\"@graph\":[{\"@type\":\"Article\",\"@id\":\"https:\/\/lackman.com.br\/index.php\/2025\/04\/09\/papo-de-capoeira-tem-ginga-historia-e-inclusao\/#article\",\"isPartOf\":{\"@id\":\"https:\/\/lackman.com.br\/index.php\/2025\/04\/09\/papo-de-capoeira-tem-ginga-historia-e-inclusao\/\"},\"author\":{\"name\":\"Gilberto Evangelista - Colunista\",\"@id\":\"https:\/\/lackman.com.br\/#\/schema\/person\/8a2355f699593d21d4f0d25b69db5747\"},\"headline\":\"Papo de Capoeira tem ginga, hist\u00f3ria e inclus\u00e3o\",\"datePublished\":\"2025-04-09T12:41:43+00:00\",\"mainEntityOfPage\":{\"@id\":\"https:\/\/lackman.com.br\/index.php\/2025\/04\/09\/papo-de-capoeira-tem-ginga-historia-e-inclusao\/\"},\"wordCount\":572,\"publisher\":{\"@id\":\"https:\/\/lackman.com.br\/#organization\"},\"image\":{\"@id\":\"https:\/\/lackman.com.br\/index.php\/2025\/04\/09\/papo-de-capoeira-tem-ginga-historia-e-inclusao\/#primaryimage\"},\"thumbnailUrl\":\"https:\/\/lackman.com.br\/wp-content\/uploads\/2025\/04\/PHOTO-2025-03-12-17-26-151.jpg\",\"keywords\":[\"#perambulandocomogiba\",\"Brasil\",\"brasilia\",\"capoeira\",\"coluna #PERAMBULANDO\",\"cultura brasileira\",\"df\",\"papo de capoeira\",\"patrim\u00f4nio cultural imaterial da humanidade\",\"UNESCO\"],\"articleSection\":[\"Cultura\",\"Perambulando\",\"Vida\"],\"inLanguage\":\"pt-BR\"},{\"@type\":\"WebPage\",\"@id\":\"https:\/\/lackman.com.br\/index.php\/2025\/04\/09\/papo-de-capoeira-tem-ginga-historia-e-inclusao\/\",\"url\":\"https:\/\/lackman.com.br\/index.php\/2025\/04\/09\/papo-de-capoeira-tem-ginga-historia-e-inclusao\/\",\"name\":\"Papo de Capoeira tem ginga, hist\u00f3ria e inclus\u00e3o - LACKMAN &amp; CO.\",\"isPartOf\":{\"@id\":\"https:\/\/lackman.com.br\/#website\"},\"primaryImageOfPage\":{\"@id\":\"https:\/\/lackman.com.br\/index.php\/2025\/04\/09\/papo-de-capoeira-tem-ginga-historia-e-inclusao\/#primaryimage\"},\"image\":{\"@id\":\"https:\/\/lackman.com.br\/index.php\/2025\/04\/09\/papo-de-capoeira-tem-ginga-historia-e-inclusao\/#primaryimage\"},\"thumbnailUrl\":\"https:\/\/lackman.com.br\/wp-content\/uploads\/2025\/04\/PHOTO-2025-03-12-17-26-151.jpg\",\"datePublished\":\"2025-04-09T12:41:43+00:00\",\"breadcrumb\":{\"@id\":\"https:\/\/lackman.com.br\/index.php\/2025\/04\/09\/papo-de-capoeira-tem-ginga-historia-e-inclusao\/#breadcrumb\"},\"inLanguage\":\"pt-BR\",\"potentialAction\":[{\"@type\":\"ReadAction\",\"target\":[\"https:\/\/lackman.com.br\/index.php\/2025\/04\/09\/papo-de-capoeira-tem-ginga-historia-e-inclusao\/\"]}]},{\"@type\":\"ImageObject\",\"inLanguage\":\"pt-BR\",\"@id\":\"https:\/\/lackman.com.br\/index.php\/2025\/04\/09\/papo-de-capoeira-tem-ginga-historia-e-inclusao\/#primaryimage\",\"url\":\"https:\/\/lackman.com.br\/wp-content\/uploads\/2025\/04\/PHOTO-2025-03-12-17-26-151.jpg\",\"contentUrl\":\"https:\/\/lackman.com.br\/wp-content\/uploads\/2025\/04\/PHOTO-2025-03-12-17-26-151.jpg\",\"width\":1296,\"height\":864},{\"@type\":\"BreadcrumbList\",\"@id\":\"https:\/\/lackman.com.br\/index.php\/2025\/04\/09\/papo-de-capoeira-tem-ginga-historia-e-inclusao\/#breadcrumb\",\"itemListElement\":[{\"@type\":\"ListItem\",\"position\":1,\"name\":\"In\u00edcio\",\"item\":\"https:\/\/lackman.com.br\/\"},{\"@type\":\"ListItem\",\"position\":2,\"name\":\"Papo de Capoeira tem ginga, hist\u00f3ria e inclus\u00e3o\"}]},{\"@type\":\"WebSite\",\"@id\":\"https:\/\/lackman.com.br\/#website\",\"url\":\"https:\/\/lackman.com.br\/\",\"name\":\"LACKMAN &amp; CO.\",\"description\":\"VIDA | MODA | ARTE\",\"publisher\":{\"@id\":\"https:\/\/lackman.com.br\/#organization\"},\"potentialAction\":[{\"@type\":\"SearchAction\",\"target\":{\"@type\":\"EntryPoint\",\"urlTemplate\":\"https:\/\/lackman.com.br\/?s={search_term_string}\"},\"query-input\":{\"@type\":\"PropertyValueSpecification\",\"valueRequired\":true,\"valueName\":\"search_term_string\"}}],\"inLanguage\":\"pt-BR\"},{\"@type\":\"Organization\",\"@id\":\"https:\/\/lackman.com.br\/#organization\",\"name\":\"LACKMAN &amp; CO.\",\"url\":\"https:\/\/lackman.com.br\/\",\"logo\":{\"@type\":\"ImageObject\",\"inLanguage\":\"pt-BR\",\"@id\":\"https:\/\/lackman.com.br\/#\/schema\/logo\/image\/\",\"url\":\"https:\/\/lackman.com.br\/wp-content\/uploads\/2023\/06\/Logotipo_preto-1.png\",\"contentUrl\":\"https:\/\/lackman.com.br\/wp-content\/uploads\/2023\/06\/Logotipo_preto-1.png\",\"width\":739,\"height\":393,\"caption\":\"LACKMAN &amp; CO.\"},\"image\":{\"@id\":\"https:\/\/lackman.com.br\/#\/schema\/logo\/image\/\"}},{\"@type\":\"Person\",\"@id\":\"https:\/\/lackman.com.br\/#\/schema\/person\/8a2355f699593d21d4f0d25b69db5747\",\"name\":\"Gilberto Evangelista - Colunista\",\"image\":{\"@type\":\"ImageObject\",\"inLanguage\":\"pt-BR\",\"@id\":\"https:\/\/lackman.com.br\/#\/schema\/person\/image\/\",\"url\":\"https:\/\/secure.gravatar.com\/avatar\/cea9badf02f8a90f7a745f2cbea45fda61f65711ec015e2faf3809cca6337c28?s=96&d=mm&r=g\",\"contentUrl\":\"https:\/\/secure.gravatar.com\/avatar\/cea9badf02f8a90f7a745f2cbea45fda61f65711ec015e2faf3809cca6337c28?s=96&d=mm&r=g\",\"caption\":\"Gilberto Evangelista - Colunista\"},\"description\":\"Jornalista e globetrotter.\",\"url\":\"https:\/\/lackman.com.br\/index.php\/author\/gilberto-brito\/\"}]}<\/script>\n<!-- \/ Yoast SEO plugin. -->","yoast_head_json":{"title":"Papo de Capoeira tem ginga, hist\u00f3ria e inclus\u00e3o - LACKMAN &amp; CO.","robots":{"index":"index","follow":"follow","max-snippet":"max-snippet:-1","max-image-preview":"max-image-preview:large","max-video-preview":"max-video-preview:-1"},"canonical":"https:\/\/lackman.com.br\/index.php\/2025\/04\/09\/papo-de-capoeira-tem-ginga-historia-e-inclusao\/","og_locale":"pt_BR","og_type":"article","og_title":"Papo de Capoeira tem ginga, hist\u00f3ria e inclus\u00e3o - LACKMAN &amp; CO.","og_description":"Terceira edi\u00e7\u00e3o do evento une tradi\u00e7\u00e3o e transforma\u00e7\u00e3o social em dois dias de celebra\u00e7\u00e3o da capoeira como s\u00edmbolo de luta, arte e diversidade. Nos dias 11 e 12 de abril de 2025, o Sal\u00e3o M\u00faltiplas Fun\u00e7\u00f5es, localizado na Regi\u00e3o Administrativa do Guar\u00e1 \u2013 DF, ser\u00e1 palco da terceira edi\u00e7\u00e3o do evento &#8220;Papo de Capoeira&#8221;. Com uma programa\u00e7\u00e3o intensa, que inclui workshops, rodas de capoeira e apresenta\u00e7\u00f5es art\u00edsticas, o evento visa destacar as m\u00faltiplas facetas dessa express\u00e3o cultural e reafirmar a import\u00e2ncia da capoeira para a sociedade brasileira e mundial. Desde sua primeira edi\u00e7\u00e3o, em 2021, o &#8220;Papo de Capoeira&#8221; se consolidou como um espa\u00e7o de resist\u00eancia e valoriza\u00e7\u00e3o da cultura afro-brasileira, promovendo o fortalecimento da identidade negra, a inclus\u00e3o social e o enfrentamento do preconceito. Organizado em parceria com o Minist\u00e9rio da Igualdade Racial, o evento se prop\u00f5e a democratizar o acesso \u00e0 cultura, ao lazer e ao esporte, incentivando a participa\u00e7\u00e3o de grupos historicamente marginalizados, como mulheres, negros, pessoas com defici\u00eancia (PCDs) e a comunidade LGBTQIA+. O reconhecimento da Roda de Capoeira como Patrim\u00f4nio Cultural Imaterial da Humanidade pela UNESCO, em 2014, \u00e9 um marco fundamental para o evento. A capoeira, que nasceu no Brasil no s\u00e9culo XVII como s\u00edmbolo de resist\u00eancia no per\u00edodo escravista, continua sendo um dos maiores \u00edcones da cultura nacional. A Roda de Capoeira \u00e9 um espa\u00e7o de aprendizado, coopera\u00e7\u00e3o e celebra\u00e7\u00e3o da heran\u00e7a africana, sendo praticada atualmente em mais de 160 pa\u00edses. Esse reconhecimento refor\u00e7a a capoeira n\u00e3o apenas como uma manifesta\u00e7\u00e3o cultural, mas como um verdadeiro s\u00edmbolo de luta e solidariedade. Com 150 vagas gratuitas para workshops, participa\u00e7\u00e3o nas rodas e outras atividades, o evento visa n\u00e3o apenas promover o interc\u00e2mbio entre capoeiristas, mas tamb\u00e9m fortalecer a capoeira do Distrito Federal em \u00e2mbito nacional e internacional. Idealizado por Michelle Santos Lima, conhecida como mestre Michelinha nas rodas de capoeira, e pela produtora Karla Arag\u00e3o, o evento aborda todos os aspectos relativos \u00e0 capoeira, como a dan\u00e7a, a arte, a cultura e a luta. \u201cO evento \u00e9 inclusivo e est\u00e1 aberto a todos os p\u00fablicos, desde crian\u00e7as at\u00e9 idosos. Contaremos com a participa\u00e7\u00e3o de palestrantes de Bras\u00edlia, Rio de Janeiro e S\u00e3o Paulo, al\u00e9m da presen\u00e7a de capoeiristas e amantes dessa arte vindos de todas as partes do Brasil\u201d, afirma Michelle. A iniciativa tamb\u00e9m contribui para a forma\u00e7\u00e3o cultural dos participantes e gera emprego e renda para educadores e trabalhadores aut\u00f4nomos ligados \u00e0 cultura. Al\u00e9m das atividades programadas, o evento ser\u00e1 aberto ao p\u00fablico, permitindo que todos possam vivenciar a riqueza da capoeira e suas contribui\u00e7\u00f5es para a sociedade. Com a inclus\u00e3o como um de seus pilares, o &#8220;Papo de Capoeira&#8221; celebra a diversidade e a for\u00e7a da cultura negra, buscando sempre fortalecer as linguagens da dan\u00e7a, da m\u00fasica e das pr\u00e1ticas corporais coletivas. O evento contar\u00e1 com interpreta\u00e7\u00e3o em Libras e tem sua programa\u00e7\u00e3o completa em @papodecapoeiraoficial &nbsp; Paranau\u00ea Paran\u00e1! III Papo de Capoeira \/ Sal\u00e3o M\u00faltiplas Fun\u00e7\u00f5es \u2013 Guar\u00e1 \/ 11 da- 18h \u00e0s 22h e 12 &#8211; 8h45 \u00e0s 22h \/ 150 vagas gratuitas \/ Siga @papodecapoeiraoficial &nbsp; Fotos: Divulga\u00e7\u00e3o","og_url":"https:\/\/lackman.com.br\/index.php\/2025\/04\/09\/papo-de-capoeira-tem-ginga-historia-e-inclusao\/","og_site_name":"LACKMAN &amp; CO.","article_published_time":"2025-04-09T12:41:43+00:00","og_image":[{"width":1296,"height":864,"url":"http:\/\/lackman.com.br\/wp-content\/uploads\/2025\/04\/PHOTO-2025-03-12-17-26-151.jpg","type":"image\/jpeg"}],"author":"Gilberto Evangelista - Colunista","twitter_card":"summary_large_image","twitter_misc":{"Escrito por":"Gilberto Evangelista - Colunista","Est. tempo de leitura":"4 minutos"},"schema":{"@context":"https:\/\/schema.org","@graph":[{"@type":"Article","@id":"https:\/\/lackman.com.br\/index.php\/2025\/04\/09\/papo-de-capoeira-tem-ginga-historia-e-inclusao\/#article","isPartOf":{"@id":"https:\/\/lackman.com.br\/index.php\/2025\/04\/09\/papo-de-capoeira-tem-ginga-historia-e-inclusao\/"},"author":{"name":"Gilberto Evangelista - Colunista","@id":"https:\/\/lackman.com.br\/#\/schema\/person\/8a2355f699593d21d4f0d25b69db5747"},"headline":"Papo de Capoeira tem ginga, hist\u00f3ria e inclus\u00e3o","datePublished":"2025-04-09T12:41:43+00:00","mainEntityOfPage":{"@id":"https:\/\/lackman.com.br\/index.php\/2025\/04\/09\/papo-de-capoeira-tem-ginga-historia-e-inclusao\/"},"wordCount":572,"publisher":{"@id":"https:\/\/lackman.com.br\/#organization"},"image":{"@id":"https:\/\/lackman.com.br\/index.php\/2025\/04\/09\/papo-de-capoeira-tem-ginga-historia-e-inclusao\/#primaryimage"},"thumbnailUrl":"https:\/\/lackman.com.br\/wp-content\/uploads\/2025\/04\/PHOTO-2025-03-12-17-26-151.jpg","keywords":["#perambulandocomogiba","Brasil","brasilia","capoeira","coluna #PERAMBULANDO","cultura brasileira","df","papo de capoeira","patrim\u00f4nio cultural imaterial da humanidade","UNESCO"],"articleSection":["Cultura","Perambulando","Vida"],"inLanguage":"pt-BR"},{"@type":"WebPage","@id":"https:\/\/lackman.com.br\/index.php\/2025\/04\/09\/papo-de-capoeira-tem-ginga-historia-e-inclusao\/","url":"https:\/\/lackman.com.br\/index.php\/2025\/04\/09\/papo-de-capoeira-tem-ginga-historia-e-inclusao\/","name":"Papo de Capoeira tem ginga, hist\u00f3ria e inclus\u00e3o - LACKMAN &amp; CO.","isPartOf":{"@id":"https:\/\/lackman.com.br\/#website"},"primaryImageOfPage":{"@id":"https:\/\/lackman.com.br\/index.php\/2025\/04\/09\/papo-de-capoeira-tem-ginga-historia-e-inclusao\/#primaryimage"},"image":{"@id":"https:\/\/lackman.com.br\/index.php\/2025\/04\/09\/papo-de-capoeira-tem-ginga-historia-e-inclusao\/#primaryimage"},"thumbnailUrl":"https:\/\/lackman.com.br\/wp-content\/uploads\/2025\/04\/PHOTO-2025-03-12-17-26-151.jpg","datePublished":"2025-04-09T12:41:43+00:00","breadcrumb":{"@id":"https:\/\/lackman.com.br\/index.php\/2025\/04\/09\/papo-de-capoeira-tem-ginga-historia-e-inclusao\/#breadcrumb"},"inLanguage":"pt-BR","potentialAction":[{"@type":"ReadAction","target":["https:\/\/lackman.com.br\/index.php\/2025\/04\/09\/papo-de-capoeira-tem-ginga-historia-e-inclusao\/"]}]},{"@type":"ImageObject","inLanguage":"pt-BR","@id":"https:\/\/lackman.com.br\/index.php\/2025\/04\/09\/papo-de-capoeira-tem-ginga-historia-e-inclusao\/#primaryimage","url":"https:\/\/lackman.com.br\/wp-content\/uploads\/2025\/04\/PHOTO-2025-03-12-17-26-151.jpg","contentUrl":"https:\/\/lackman.com.br\/wp-content\/uploads\/2025\/04\/PHOTO-2025-03-12-17-26-151.jpg","width":1296,"height":864},{"@type":"BreadcrumbList","@id":"https:\/\/lackman.com.br\/index.php\/2025\/04\/09\/papo-de-capoeira-tem-ginga-historia-e-inclusao\/#breadcrumb","itemListElement":[{"@type":"ListItem","position":1,"name":"In\u00edcio","item":"https:\/\/lackman.com.br\/"},{"@type":"ListItem","position":2,"name":"Papo de Capoeira tem ginga, hist\u00f3ria e inclus\u00e3o"}]},{"@type":"WebSite","@id":"https:\/\/lackman.com.br\/#website","url":"https:\/\/lackman.com.br\/","name":"LACKMAN &amp; CO.","description":"VIDA | MODA | ARTE","publisher":{"@id":"https:\/\/lackman.com.br\/#organization"},"potentialAction":[{"@type":"SearchAction","target":{"@type":"EntryPoint","urlTemplate":"https:\/\/lackman.com.br\/?s={search_term_string}"},"query-input":{"@type":"PropertyValueSpecification","valueRequired":true,"valueName":"search_term_string"}}],"inLanguage":"pt-BR"},{"@type":"Organization","@id":"https:\/\/lackman.com.br\/#organization","name":"LACKMAN &amp; CO.","url":"https:\/\/lackman.com.br\/","logo":{"@type":"ImageObject","inLanguage":"pt-BR","@id":"https:\/\/lackman.com.br\/#\/schema\/logo\/image\/","url":"https:\/\/lackman.com.br\/wp-content\/uploads\/2023\/06\/Logotipo_preto-1.png","contentUrl":"https:\/\/lackman.com.br\/wp-content\/uploads\/2023\/06\/Logotipo_preto-1.png","width":739,"height":393,"caption":"LACKMAN &amp; CO."},"image":{"@id":"https:\/\/lackman.com.br\/#\/schema\/logo\/image\/"}},{"@type":"Person","@id":"https:\/\/lackman.com.br\/#\/schema\/person\/8a2355f699593d21d4f0d25b69db5747","name":"Gilberto Evangelista - Colunista","image":{"@type":"ImageObject","inLanguage":"pt-BR","@id":"https:\/\/lackman.com.br\/#\/schema\/person\/image\/","url":"https:\/\/secure.gravatar.com\/avatar\/cea9badf02f8a90f7a745f2cbea45fda61f65711ec015e2faf3809cca6337c28?s=96&d=mm&r=g","contentUrl":"https:\/\/secure.gravatar.com\/avatar\/cea9badf02f8a90f7a745f2cbea45fda61f65711ec015e2faf3809cca6337c28?s=96&d=mm&r=g","caption":"Gilberto Evangelista - Colunista"},"description":"Jornalista e globetrotter.","url":"https:\/\/lackman.com.br\/index.php\/author\/gilberto-brito\/"}]}},"rttpg_featured_image_url":{"full":["https:\/\/lackman.com.br\/wp-content\/uploads\/2025\/04\/PHOTO-2025-03-12-17-26-151.jpg",1296,864,false],"landscape":["https:\/\/lackman.com.br\/wp-content\/uploads\/2025\/04\/PHOTO-2025-03-12-17-26-151.jpg",1296,864,false],"portraits":["https:\/\/lackman.com.br\/wp-content\/uploads\/2025\/04\/PHOTO-2025-03-12-17-26-151.jpg",1296,864,false],"thumbnail":["https:\/\/lackman.com.br\/wp-content\/uploads\/2025\/04\/PHOTO-2025-03-12-17-26-151-150x150.jpg",150,150,true],"medium":["https:\/\/lackman.com.br\/wp-content\/uploads\/2025\/04\/PHOTO-2025-03-12-17-26-151-300x200.jpg",300,200,true],"large":["https:\/\/lackman.com.br\/wp-content\/uploads\/2025\/04\/PHOTO-2025-03-12-17-26-151-1024x683.jpg",1024,683,true],"RoboGalleryMansoryImagesCenter":["https:\/\/lackman.com.br\/wp-content\/uploads\/2025\/04\/PHOTO-2025-03-12-17-26-151-600x864.jpg",600,864,true],"RoboGalleryPreload":["https:\/\/lackman.com.br\/wp-content\/uploads\/2025\/04\/PHOTO-2025-03-12-17-26-151.jpg",100,67,false],"1536x1536":["https:\/\/lackman.com.br\/wp-content\/uploads\/2025\/04\/PHOTO-2025-03-12-17-26-151.jpg",1296,864,false],"2048x2048":["https:\/\/lackman.com.br\/wp-content\/uploads\/2025\/04\/PHOTO-2025-03-12-17-26-151.jpg",1296,864,false]},"rttpg_author":{"display_name":"Gilberto Evangelista - Colunista","author_link":"https:\/\/lackman.com.br\/index.php\/author\/gilberto-brito\/"},"rttpg_comment":0,"rttpg_category":"<a href=\"https:\/\/lackman.com.br\/index.php\/category\/arte\/cultura-arte\/\" rel=\"category tag\">Cultura<\/a> <a href=\"https:\/\/lackman.com.br\/index.php\/category\/vida\/perambulando\/\" rel=\"category tag\">Perambulando<\/a> <a href=\"https:\/\/lackman.com.br\/index.php\/category\/vida\/\" rel=\"category tag\">Vida<\/a>","rttpg_excerpt":"Terceira edi\u00e7\u00e3o do evento une tradi\u00e7\u00e3o e transforma\u00e7\u00e3o social em dois dias de celebra\u00e7\u00e3o da capoeira como s\u00edmbolo de luta, arte e diversidade. Nos dias 11 e 12 de abril de 2025, o Sal\u00e3o M\u00faltiplas Fun\u00e7\u00f5es, localizado na Regi\u00e3o Administrativa do Guar\u00e1 \u2013 DF, ser\u00e1 palco da terceira edi\u00e7\u00e3o do evento &#8220;Papo de Capoeira&#8221;. Com&hellip;","_links":{"self":[{"href":"https:\/\/lackman.com.br\/index.php\/wp-json\/wp\/v2\/posts\/9159","targetHints":{"allow":["GET"]}}],"collection":[{"href":"https:\/\/lackman.com.br\/index.php\/wp-json\/wp\/v2\/posts"}],"about":[{"href":"https:\/\/lackman.com.br\/index.php\/wp-json\/wp\/v2\/types\/post"}],"author":[{"embeddable":true,"href":"https:\/\/lackman.com.br\/index.php\/wp-json\/wp\/v2\/users\/6"}],"replies":[{"embeddable":true,"href":"https:\/\/lackman.com.br\/index.php\/wp-json\/wp\/v2\/comments?post=9159"}],"version-history":[{"count":1,"href":"https:\/\/lackman.com.br\/index.php\/wp-json\/wp\/v2\/posts\/9159\/revisions"}],"predecessor-version":[{"id":9164,"href":"https:\/\/lackman.com.br\/index.php\/wp-json\/wp\/v2\/posts\/9159\/revisions\/9164"}],"wp:featuredmedia":[{"embeddable":true,"href":"https:\/\/lackman.com.br\/index.php\/wp-json\/wp\/v2\/media\/9160"}],"wp:attachment":[{"href":"https:\/\/lackman.com.br\/index.php\/wp-json\/wp\/v2\/media?parent=9159"}],"wp:term":[{"taxonomy":"category","embeddable":true,"href":"https:\/\/lackman.com.br\/index.php\/wp-json\/wp\/v2\/categories?post=9159"},{"taxonomy":"post_tag","embeddable":true,"href":"https:\/\/lackman.com.br\/index.php\/wp-json\/wp\/v2\/tags?post=9159"}],"curies":[{"name":"wp","href":"https:\/\/api.w.org\/{rel}","templated":true}]}}