{"id":9153,"date":"2025-04-08T13:19:11","date_gmt":"2025-04-08T16:19:11","guid":{"rendered":"https:\/\/lackman.com.br\/?p=9153"},"modified":"2025-04-08T13:20:51","modified_gmt":"2025-04-08T16:20:51","slug":"9153","status":"publish","type":"post","link":"https:\/\/lackman.com.br\/index.php\/2025\/04\/08\/9153\/","title":{"rendered":"\u201cRessignificar\u201d para elevar o upcycling \u00e0 moda de luxo"},"content":{"rendered":"<h5 style=\"text-align: justify\"><em>Nova cole\u00e7\u00e3o do Jeans do Bem aposta em design sofisticado, sustentabilidade e na for\u00e7a das hist\u00f3rias costuradas por mulheres do Instituto Levvo<\/em><\/h5>\n<p class=\"\" style=\"text-align: justify\" data-start=\"553\" data-end=\"924\">Na \u00faltima semana, o projeto <strong>Jeans do Bem<\/strong> apresentou sua nova cole\u00e7\u00e3o batizada de <em data-start=\"634\" data-end=\"649\">Ressignificar<\/em>, marcando um novo cap\u00edtulo na trajet\u00f3ria da marca brasiliense que alia moda e impacto social. Atemporal, vers\u00e1til e com uma identidade forte, o jeans surge agora reinterpretado em pe\u00e7as que combinam design sofisticado, conforto e uma est\u00e9tica urbana com ra\u00edzes sustent\u00e1veis.<\/p>\n<p class=\"\" style=\"text-align: justify\" data-start=\"926\" data-end=\"1244\">A cole\u00e7\u00e3o assinada pela estilista <strong>Manuela Abdalla<\/strong> \u00e9 feita para quem se expressa com autenticidade. Apostando em modelagens que valorizam diferentes estilos e corpos, <em data-start=\"1055\" data-end=\"1070\">Ressignificar<\/em> traz cortes precisos, volumes estrat\u00e9gicos e lavagens que v\u00e3o do cl\u00e1ssico denim azul a tons desgastados e <em data-start=\"1177\" data-end=\"1188\">destroyed<\/em>. Cada pe\u00e7a traduz movimento, liberdade e personalidade.<\/p>\n<p data-start=\"926\" data-end=\"1244\">\u00a0<img fetchpriority=\"high\" decoding=\"async\" class=\"aligncenter wp-image-9156 size-large\" src=\"http:\/\/lackman.com.br\/wp-content\/uploads\/2025\/04\/Ressignificar_01-717x1024.jpeg\" alt=\"\" width=\"717\" height=\"1024\" srcset=\"https:\/\/lackman.com.br\/wp-content\/uploads\/2025\/04\/Ressignificar_01-717x1024.jpeg 717w, https:\/\/lackman.com.br\/wp-content\/uploads\/2025\/04\/Ressignificar_01-210x300.jpeg 210w, https:\/\/lackman.com.br\/wp-content\/uploads\/2025\/04\/Ressignificar_01-768x1098.jpeg 768w, https:\/\/lackman.com.br\/wp-content\/uploads\/2025\/04\/Ressignificar_01-1075x1536.jpeg 1075w, https:\/\/lackman.com.br\/wp-content\/uploads\/2025\/04\/Ressignificar_01-1433x2048.jpeg 1433w, https:\/\/lackman.com.br\/wp-content\/uploads\/2025\/04\/Ressignificar_01-scaled.jpeg 1791w\" sizes=\"(max-width: 717px) 100vw, 717px\" \/><\/p>\n<p class=\"\" style=\"text-align: justify\" data-start=\"1246\" data-end=\"1675\">Mais que moda, a nova cole\u00e7\u00e3o \u00e9 um manifesto de consci\u00eancia. Desenvolvida com t\u00e9cnicas de <strong><em>upcycling<\/em> <\/strong>e tecidos oriundos da <strong>economia circular<\/strong>, a linha refor\u00e7a o compromisso ambiental da marca sem abrir m\u00e3o da qualidade e da eleg\u00e2ncia. O uso de materiais reaproveitados e de tecidos certificados, como os da <em>Better Cotton Initiative<\/em> e do Algod\u00e3o Brasileiro Respons\u00e1vel, evidencia a busca por um futuro mais sustent\u00e1vel \u2014 com estilo.<\/p>\n<p class=\"\" style=\"text-align: justify\" data-start=\"1677\" data-end=\"2071\">Criado pelo <strong>Levvo Instituto<\/strong>, o Jeans do Bem nasceu como uma a\u00e7\u00e3o social voltada \u00e0 reutiliza\u00e7\u00e3o de jeans e \u00e0 destina\u00e7\u00e3o de recursos para projetos sociais. Agora, consolida-se como uma marca de moda com prop\u00f3sito, ingressando no mercado de luxo com uma proposta exclusiva e consciente. A nova identidade da marca mant\u00e9m seu DNA sustent\u00e1vel enquanto eleva suas cria\u00e7\u00f5es a um novo patamar est\u00e9tico.<\/p>\n<p class=\"\" style=\"text-align: justify\" data-start=\"2073\" data-end=\"2372\">Cada pe\u00e7a \u00e9 fruto de um trabalho artesanal feito por mulheres que participam do Instituto Levvo, protagonistas de uma jornada de aprendizado e transforma\u00e7\u00e3o atrav\u00e9s da costura. Mais do que roupas, cada cria\u00e7\u00e3o carrega uma hist\u00f3ria \u2014 o que torna quase imposs\u00edvel existir duas pe\u00e7as exatamente iguais.<\/p>\n<p data-start=\"2073\" data-end=\"2372\"><img decoding=\"async\" class=\"aligncenter wp-image-9155 size-large\" src=\"http:\/\/lackman.com.br\/wp-content\/uploads\/2025\/04\/Ressignificar_05-693x1024.jpeg\" alt=\"\" width=\"693\" height=\"1024\" srcset=\"https:\/\/lackman.com.br\/wp-content\/uploads\/2025\/04\/Ressignificar_05-693x1024.jpeg 693w, https:\/\/lackman.com.br\/wp-content\/uploads\/2025\/04\/Ressignificar_05-203x300.jpeg 203w, https:\/\/lackman.com.br\/wp-content\/uploads\/2025\/04\/Ressignificar_05-768x1135.jpeg 768w, https:\/\/lackman.com.br\/wp-content\/uploads\/2025\/04\/Ressignificar_05-1039x1536.jpeg 1039w, https:\/\/lackman.com.br\/wp-content\/uploads\/2025\/04\/Ressignificar_05-1385x2048.jpeg 1385w, https:\/\/lackman.com.br\/wp-content\/uploads\/2025\/04\/Ressignificar_05-scaled.jpeg 1732w\" sizes=\"(max-width: 693px) 100vw, 693px\" \/><\/p>\n<p class=\"\" style=\"text-align: justify\" data-start=\"2374\" data-end=\"2712\">Inspirada nas linhas arquitet\u00f4nicas de Bras\u00edlia, nas curvas de Niemeyer e na sofistica\u00e7\u00e3o da mulher contempor\u00e2nea, <em data-start=\"2489\" data-end=\"2504\">Ressignificar<\/em> une forma e leveza em modelagens que dialogam com o minimalismo e o design refinado. A capital federal, com sua geometria marcante e esp\u00edrito inovador, \u00e9 a alma silenciosa que habita cada detalhe da cole\u00e7\u00e3o.<\/p>\n<p class=\"\" style=\"text-align: justify\" data-start=\"2714\" data-end=\"2937\">Mais do que vestir, o Jeans do Bem convida \u00e0 reflex\u00e3o. <em data-start=\"2769\" data-end=\"2784\">Ressignificar<\/em> \u00e9 sobre enxergar valor no que j\u00e1 existe, sobre <strong>transformar res\u00edduos em arte<\/strong>, e sobre vestir, com orgulho, hist\u00f3rias de resili\u00eancia, beleza e reinven\u00e7\u00e3o.<\/p>\n<p style=\"text-align: justify\">\n","protected":false},"excerpt":{"rendered":"<p>Nova cole\u00e7\u00e3o do Jeans do Bem aposta em design sofisticado, sustentabilidade e na for\u00e7a das hist\u00f3rias costuradas por mulheres do Instituto Levvo Na \u00faltima semana, o projeto Jeans do Bem apresentou sua nova cole\u00e7\u00e3o batizada de Ressignificar, marcando um novo cap\u00edtulo na trajet\u00f3ria da marca brasiliense que alia moda e impacto social. Atemporal, vers\u00e1til e com uma identidade forte, o jeans surge agora reinterpretado em pe\u00e7as que combinam design sofisticado, conforto e uma est\u00e9tica urbana com ra\u00edzes sustent\u00e1veis. A cole\u00e7\u00e3o assinada pela estilista Manuela Abdalla \u00e9 feita para quem se expressa com autenticidade. Apostando em modelagens que valorizam diferentes estilos e corpos, Ressignificar traz cortes precisos, volumes estrat\u00e9gicos e lavagens que v\u00e3o do cl\u00e1ssico denim azul a tons desgastados e destroyed. Cada pe\u00e7a traduz movimento, liberdade e personalidade. \u00a0 Mais que moda, a nova cole\u00e7\u00e3o \u00e9 um manifesto de consci\u00eancia. Desenvolvida com t\u00e9cnicas de upcycling e tecidos oriundos da economia circular, a linha refor\u00e7a o compromisso ambiental da marca sem abrir m\u00e3o da qualidade e da eleg\u00e2ncia. O uso de materiais reaproveitados e de tecidos certificados, como os da Better Cotton Initiative e do Algod\u00e3o Brasileiro Respons\u00e1vel, evidencia a busca por um futuro mais sustent\u00e1vel \u2014 com estilo. Criado pelo Levvo Instituto, o Jeans do Bem nasceu como uma a\u00e7\u00e3o social voltada \u00e0 reutiliza\u00e7\u00e3o de jeans e \u00e0 destina\u00e7\u00e3o de recursos para projetos sociais. Agora, consolida-se como uma marca de moda com prop\u00f3sito, ingressando no mercado de luxo com uma proposta exclusiva e consciente. A nova identidade da marca mant\u00e9m seu DNA sustent\u00e1vel enquanto eleva suas cria\u00e7\u00f5es a um novo patamar est\u00e9tico. Cada pe\u00e7a \u00e9 fruto de um trabalho artesanal feito por mulheres que participam do Instituto Levvo, protagonistas de uma jornada de aprendizado e transforma\u00e7\u00e3o atrav\u00e9s da costura. Mais do que roupas, cada cria\u00e7\u00e3o carrega uma hist\u00f3ria \u2014 o que torna quase imposs\u00edvel existir duas pe\u00e7as exatamente iguais. Inspirada nas linhas arquitet\u00f4nicas de Bras\u00edlia, nas curvas de Niemeyer e na sofistica\u00e7\u00e3o da mulher contempor\u00e2nea, Ressignificar une forma e leveza em modelagens que dialogam com o minimalismo e o design refinado. A capital federal, com sua geometria marcante e esp\u00edrito inovador, \u00e9 a alma silenciosa que habita cada detalhe da cole\u00e7\u00e3o. Mais do que vestir, o Jeans do Bem convida \u00e0 reflex\u00e3o. Ressignificar \u00e9 sobre enxergar valor no que j\u00e1 existe, sobre transformar res\u00edduos em arte, e sobre vestir, com orgulho, hist\u00f3rias de resili\u00eancia, beleza e reinven\u00e7\u00e3o.<\/p>\n","protected":false},"author":6,"featured_media":9154,"comment_status":"closed","ping_status":"open","sticky":false,"template":"","format":"standard","meta":{"site-sidebar-layout":"default","site-content-layout":"","ast-site-content-layout":"default","site-content-style":"default","site-sidebar-style":"default","ast-global-header-display":"","ast-banner-title-visibility":"","ast-main-header-display":"","ast-hfb-above-header-display":"","ast-hfb-below-header-display":"","ast-hfb-mobile-header-display":"","site-post-title":"","ast-breadcrumbs-content":"","ast-featured-img":"","footer-sml-layout":"","ast-disable-related-posts":"","theme-transparent-header-meta":"default","adv-header-id-meta":"","stick-header-meta":"","header-above-stick-meta":"","header-main-stick-meta":"","header-below-stick-meta":"","astra-migrate-meta-layouts":"set","ast-page-background-enabled":"default","ast-page-background-meta":{"desktop":{"background-color":"","background-image":"","background-repeat":"repeat","background-position":"center center","background-size":"auto","background-attachment":"scroll","background-type":"","background-media":"","overlay-type":"","overlay-color":"","overlay-opacity":"","overlay-gradient":""},"tablet":{"background-color":"","background-image":"","background-repeat":"repeat","background-position":"center center","background-size":"auto","background-attachment":"scroll","background-type":"","background-media":"","overlay-type":"","overlay-color":"","overlay-opacity":"","overlay-gradient":""},"mobile":{"background-color":"","background-image":"","background-repeat":"repeat","background-position":"center center","background-size":"auto","background-attachment":"scroll","background-type":"","background-media":"","overlay-type":"","overlay-color":"","overlay-opacity":"","overlay-gradient":""}},"ast-content-background-meta":{"desktop":{"background-color":"var(--ast-global-color-5)","background-image":"","background-repeat":"repeat","background-position":"center center","background-size":"auto","background-attachment":"scroll","background-type":"","background-media":"","overlay-type":"","overlay-color":"","overlay-opacity":"","overlay-gradient":""},"tablet":{"background-color":"var(--ast-global-color-5)","background-image":"","background-repeat":"repeat","background-position":"center center","background-size":"auto","background-attachment":"scroll","background-type":"","background-media":"","overlay-type":"","overlay-color":"","overlay-opacity":"","overlay-gradient":""},"mobile":{"background-color":"var(--ast-global-color-5)","background-image":"","background-repeat":"repeat","background-position":"center center","background-size":"auto","background-attachment":"scroll","background-type":"","background-media":"","overlay-type":"","overlay-color":"","overlay-opacity":"","overlay-gradient":""}},"footnotes":""},"categories":[39,35],"tags":[195,1960,1959,1961,1962,59,127],"class_list":["post-9153","post","type-post","status-publish","format-standard","has-post-thumbnail","hentry","category-em-alta","category-moda","tag-fashion","tag-instituto-levvo","tag-jeans-do-bem","tag-laura-oliveira","tag-manuela-abdalla","tag-moda","tag-upcycling"],"yoast_head":"<!-- This site is optimized with the Yoast SEO plugin v27.0 - https:\/\/yoast.com\/product\/yoast-seo-wordpress\/ -->\n<title>\u201cRessignificar\u201d para elevar o upcycling \u00e0 moda de luxo - LACKMAN &amp; CO.<\/title>\n<meta name=\"robots\" content=\"index, follow, max-snippet:-1, max-image-preview:large, max-video-preview:-1\" \/>\n<link rel=\"canonical\" href=\"https:\/\/lackman.com.br\/index.php\/2025\/04\/08\/9153\/\" \/>\n<meta property=\"og:locale\" content=\"pt_BR\" \/>\n<meta property=\"og:type\" content=\"article\" \/>\n<meta property=\"og:title\" content=\"\u201cRessignificar\u201d para elevar o upcycling \u00e0 moda de luxo - LACKMAN &amp; CO.\" \/>\n<meta property=\"og:description\" content=\"Nova cole\u00e7\u00e3o do Jeans do Bem aposta em design sofisticado, sustentabilidade e na for\u00e7a das hist\u00f3rias costuradas por mulheres do Instituto Levvo Na \u00faltima semana, o projeto Jeans do Bem apresentou sua nova cole\u00e7\u00e3o batizada de Ressignificar, marcando um novo cap\u00edtulo na trajet\u00f3ria da marca brasiliense que alia moda e impacto social. Atemporal, vers\u00e1til e com uma identidade forte, o jeans surge agora reinterpretado em pe\u00e7as que combinam design sofisticado, conforto e uma est\u00e9tica urbana com ra\u00edzes sustent\u00e1veis. A cole\u00e7\u00e3o assinada pela estilista Manuela Abdalla \u00e9 feita para quem se expressa com autenticidade. Apostando em modelagens que valorizam diferentes estilos e corpos, Ressignificar traz cortes precisos, volumes estrat\u00e9gicos e lavagens que v\u00e3o do cl\u00e1ssico denim azul a tons desgastados e destroyed. Cada pe\u00e7a traduz movimento, liberdade e personalidade. \u00a0 Mais que moda, a nova cole\u00e7\u00e3o \u00e9 um manifesto de consci\u00eancia. Desenvolvida com t\u00e9cnicas de upcycling e tecidos oriundos da economia circular, a linha refor\u00e7a o compromisso ambiental da marca sem abrir m\u00e3o da qualidade e da eleg\u00e2ncia. O uso de materiais reaproveitados e de tecidos certificados, como os da Better Cotton Initiative e do Algod\u00e3o Brasileiro Respons\u00e1vel, evidencia a busca por um futuro mais sustent\u00e1vel \u2014 com estilo. Criado pelo Levvo Instituto, o Jeans do Bem nasceu como uma a\u00e7\u00e3o social voltada \u00e0 reutiliza\u00e7\u00e3o de jeans e \u00e0 destina\u00e7\u00e3o de recursos para projetos sociais. Agora, consolida-se como uma marca de moda com prop\u00f3sito, ingressando no mercado de luxo com uma proposta exclusiva e consciente. A nova identidade da marca mant\u00e9m seu DNA sustent\u00e1vel enquanto eleva suas cria\u00e7\u00f5es a um novo patamar est\u00e9tico. Cada pe\u00e7a \u00e9 fruto de um trabalho artesanal feito por mulheres que participam do Instituto Levvo, protagonistas de uma jornada de aprendizado e transforma\u00e7\u00e3o atrav\u00e9s da costura. Mais do que roupas, cada cria\u00e7\u00e3o carrega uma hist\u00f3ria \u2014 o que torna quase imposs\u00edvel existir duas pe\u00e7as exatamente iguais. Inspirada nas linhas arquitet\u00f4nicas de Bras\u00edlia, nas curvas de Niemeyer e na sofistica\u00e7\u00e3o da mulher contempor\u00e2nea, Ressignificar une forma e leveza em modelagens que dialogam com o minimalismo e o design refinado. A capital federal, com sua geometria marcante e esp\u00edrito inovador, \u00e9 a alma silenciosa que habita cada detalhe da cole\u00e7\u00e3o. Mais do que vestir, o Jeans do Bem convida \u00e0 reflex\u00e3o. Ressignificar \u00e9 sobre enxergar valor no que j\u00e1 existe, sobre transformar res\u00edduos em arte, e sobre vestir, com orgulho, hist\u00f3rias de resili\u00eancia, beleza e reinven\u00e7\u00e3o.\" \/>\n<meta property=\"og:url\" content=\"https:\/\/lackman.com.br\/index.php\/2025\/04\/08\/9153\/\" \/>\n<meta property=\"og:site_name\" content=\"LACKMAN &amp; CO.\" \/>\n<meta property=\"article:published_time\" content=\"2025-04-08T16:19:11+00:00\" \/>\n<meta property=\"article:modified_time\" content=\"2025-04-08T16:20:51+00:00\" \/>\n<meta property=\"og:image\" content=\"http:\/\/lackman.com.br\/wp-content\/uploads\/2025\/04\/Ressignificar_03-scaled.jpeg\" \/>\n\t<meta property=\"og:image:width\" content=\"1729\" \/>\n\t<meta property=\"og:image:height\" content=\"2560\" \/>\n\t<meta property=\"og:image:type\" content=\"image\/jpeg\" \/>\n<meta name=\"author\" content=\"Gilberto Evangelista - Colunista\" \/>\n<meta name=\"twitter:card\" content=\"summary_large_image\" \/>\n<meta name=\"twitter:label1\" content=\"Escrito por\" \/>\n\t<meta name=\"twitter:data1\" content=\"Gilberto Evangelista - Colunista\" \/>\n\t<meta name=\"twitter:label2\" content=\"Est. tempo de leitura\" \/>\n\t<meta name=\"twitter:data2\" content=\"3 minutos\" \/>\n<script type=\"application\/ld+json\" class=\"yoast-schema-graph\">{\"@context\":\"https:\/\/schema.org\",\"@graph\":[{\"@type\":\"Article\",\"@id\":\"https:\/\/lackman.com.br\/index.php\/2025\/04\/08\/9153\/#article\",\"isPartOf\":{\"@id\":\"https:\/\/lackman.com.br\/index.php\/2025\/04\/08\/9153\/\"},\"author\":{\"name\":\"Gilberto Evangelista - Colunista\",\"@id\":\"https:\/\/lackman.com.br\/#\/schema\/person\/8a2355f699593d21d4f0d25b69db5747\"},\"headline\":\"\u201cRessignificar\u201d para elevar o upcycling \u00e0 moda de luxo\",\"datePublished\":\"2025-04-08T16:19:11+00:00\",\"dateModified\":\"2025-04-08T16:20:51+00:00\",\"mainEntityOfPage\":{\"@id\":\"https:\/\/lackman.com.br\/index.php\/2025\/04\/08\/9153\/\"},\"wordCount\":445,\"publisher\":{\"@id\":\"https:\/\/lackman.com.br\/#organization\"},\"image\":{\"@id\":\"https:\/\/lackman.com.br\/index.php\/2025\/04\/08\/9153\/#primaryimage\"},\"thumbnailUrl\":\"https:\/\/lackman.com.br\/wp-content\/uploads\/2025\/04\/Ressignificar_03-scaled.jpeg\",\"keywords\":[\"fashion\",\"Instituto Levvo\",\"Jeans do Bem\",\"Laura Oliveira\",\"Manuela Abdalla\",\"Moda\",\"upcycling\"],\"articleSection\":[\"Em alta\",\"Moda\"],\"inLanguage\":\"pt-BR\"},{\"@type\":\"WebPage\",\"@id\":\"https:\/\/lackman.com.br\/index.php\/2025\/04\/08\/9153\/\",\"url\":\"https:\/\/lackman.com.br\/index.php\/2025\/04\/08\/9153\/\",\"name\":\"\u201cRessignificar\u201d para elevar o upcycling \u00e0 moda de luxo - LACKMAN &amp; CO.\",\"isPartOf\":{\"@id\":\"https:\/\/lackman.com.br\/#website\"},\"primaryImageOfPage\":{\"@id\":\"https:\/\/lackman.com.br\/index.php\/2025\/04\/08\/9153\/#primaryimage\"},\"image\":{\"@id\":\"https:\/\/lackman.com.br\/index.php\/2025\/04\/08\/9153\/#primaryimage\"},\"thumbnailUrl\":\"https:\/\/lackman.com.br\/wp-content\/uploads\/2025\/04\/Ressignificar_03-scaled.jpeg\",\"datePublished\":\"2025-04-08T16:19:11+00:00\",\"dateModified\":\"2025-04-08T16:20:51+00:00\",\"breadcrumb\":{\"@id\":\"https:\/\/lackman.com.br\/index.php\/2025\/04\/08\/9153\/#breadcrumb\"},\"inLanguage\":\"pt-BR\",\"potentialAction\":[{\"@type\":\"ReadAction\",\"target\":[\"https:\/\/lackman.com.br\/index.php\/2025\/04\/08\/9153\/\"]}]},{\"@type\":\"ImageObject\",\"inLanguage\":\"pt-BR\",\"@id\":\"https:\/\/lackman.com.br\/index.php\/2025\/04\/08\/9153\/#primaryimage\",\"url\":\"https:\/\/lackman.com.br\/wp-content\/uploads\/2025\/04\/Ressignificar_03-scaled.jpeg\",\"contentUrl\":\"https:\/\/lackman.com.br\/wp-content\/uploads\/2025\/04\/Ressignificar_03-scaled.jpeg\",\"width\":1729,\"height\":2560},{\"@type\":\"BreadcrumbList\",\"@id\":\"https:\/\/lackman.com.br\/index.php\/2025\/04\/08\/9153\/#breadcrumb\",\"itemListElement\":[{\"@type\":\"ListItem\",\"position\":1,\"name\":\"In\u00edcio\",\"item\":\"https:\/\/lackman.com.br\/\"},{\"@type\":\"ListItem\",\"position\":2,\"name\":\"\u201cRessignificar\u201d para elevar o upcycling \u00e0 moda de luxo\"}]},{\"@type\":\"WebSite\",\"@id\":\"https:\/\/lackman.com.br\/#website\",\"url\":\"https:\/\/lackman.com.br\/\",\"name\":\"LACKMAN &amp; CO.\",\"description\":\"VIDA | MODA | ARTE\",\"publisher\":{\"@id\":\"https:\/\/lackman.com.br\/#organization\"},\"potentialAction\":[{\"@type\":\"SearchAction\",\"target\":{\"@type\":\"EntryPoint\",\"urlTemplate\":\"https:\/\/lackman.com.br\/?s={search_term_string}\"},\"query-input\":{\"@type\":\"PropertyValueSpecification\",\"valueRequired\":true,\"valueName\":\"search_term_string\"}}],\"inLanguage\":\"pt-BR\"},{\"@type\":\"Organization\",\"@id\":\"https:\/\/lackman.com.br\/#organization\",\"name\":\"LACKMAN &amp; CO.\",\"url\":\"https:\/\/lackman.com.br\/\",\"logo\":{\"@type\":\"ImageObject\",\"inLanguage\":\"pt-BR\",\"@id\":\"https:\/\/lackman.com.br\/#\/schema\/logo\/image\/\",\"url\":\"https:\/\/lackman.com.br\/wp-content\/uploads\/2023\/06\/Logotipo_preto-1.png\",\"contentUrl\":\"https:\/\/lackman.com.br\/wp-content\/uploads\/2023\/06\/Logotipo_preto-1.png\",\"width\":739,\"height\":393,\"caption\":\"LACKMAN &amp; CO.\"},\"image\":{\"@id\":\"https:\/\/lackman.com.br\/#\/schema\/logo\/image\/\"}},{\"@type\":\"Person\",\"@id\":\"https:\/\/lackman.com.br\/#\/schema\/person\/8a2355f699593d21d4f0d25b69db5747\",\"name\":\"Gilberto Evangelista - Colunista\",\"image\":{\"@type\":\"ImageObject\",\"inLanguage\":\"pt-BR\",\"@id\":\"https:\/\/lackman.com.br\/#\/schema\/person\/image\/\",\"url\":\"https:\/\/secure.gravatar.com\/avatar\/cea9badf02f8a90f7a745f2cbea45fda61f65711ec015e2faf3809cca6337c28?s=96&d=mm&r=g\",\"contentUrl\":\"https:\/\/secure.gravatar.com\/avatar\/cea9badf02f8a90f7a745f2cbea45fda61f65711ec015e2faf3809cca6337c28?s=96&d=mm&r=g\",\"caption\":\"Gilberto Evangelista - Colunista\"},\"description\":\"Jornalista e globetrotter.\",\"url\":\"https:\/\/lackman.com.br\/index.php\/author\/gilberto-brito\/\"}]}<\/script>\n<!-- \/ Yoast SEO plugin. -->","yoast_head_json":{"title":"\u201cRessignificar\u201d para elevar o upcycling \u00e0 moda de luxo - LACKMAN &amp; CO.","robots":{"index":"index","follow":"follow","max-snippet":"max-snippet:-1","max-image-preview":"max-image-preview:large","max-video-preview":"max-video-preview:-1"},"canonical":"https:\/\/lackman.com.br\/index.php\/2025\/04\/08\/9153\/","og_locale":"pt_BR","og_type":"article","og_title":"\u201cRessignificar\u201d para elevar o upcycling \u00e0 moda de luxo - LACKMAN &amp; CO.","og_description":"Nova cole\u00e7\u00e3o do Jeans do Bem aposta em design sofisticado, sustentabilidade e na for\u00e7a das hist\u00f3rias costuradas por mulheres do Instituto Levvo Na \u00faltima semana, o projeto Jeans do Bem apresentou sua nova cole\u00e7\u00e3o batizada de Ressignificar, marcando um novo cap\u00edtulo na trajet\u00f3ria da marca brasiliense que alia moda e impacto social. Atemporal, vers\u00e1til e com uma identidade forte, o jeans surge agora reinterpretado em pe\u00e7as que combinam design sofisticado, conforto e uma est\u00e9tica urbana com ra\u00edzes sustent\u00e1veis. A cole\u00e7\u00e3o assinada pela estilista Manuela Abdalla \u00e9 feita para quem se expressa com autenticidade. Apostando em modelagens que valorizam diferentes estilos e corpos, Ressignificar traz cortes precisos, volumes estrat\u00e9gicos e lavagens que v\u00e3o do cl\u00e1ssico denim azul a tons desgastados e destroyed. Cada pe\u00e7a traduz movimento, liberdade e personalidade. \u00a0 Mais que moda, a nova cole\u00e7\u00e3o \u00e9 um manifesto de consci\u00eancia. Desenvolvida com t\u00e9cnicas de upcycling e tecidos oriundos da economia circular, a linha refor\u00e7a o compromisso ambiental da marca sem abrir m\u00e3o da qualidade e da eleg\u00e2ncia. O uso de materiais reaproveitados e de tecidos certificados, como os da Better Cotton Initiative e do Algod\u00e3o Brasileiro Respons\u00e1vel, evidencia a busca por um futuro mais sustent\u00e1vel \u2014 com estilo. Criado pelo Levvo Instituto, o Jeans do Bem nasceu como uma a\u00e7\u00e3o social voltada \u00e0 reutiliza\u00e7\u00e3o de jeans e \u00e0 destina\u00e7\u00e3o de recursos para projetos sociais. Agora, consolida-se como uma marca de moda com prop\u00f3sito, ingressando no mercado de luxo com uma proposta exclusiva e consciente. A nova identidade da marca mant\u00e9m seu DNA sustent\u00e1vel enquanto eleva suas cria\u00e7\u00f5es a um novo patamar est\u00e9tico. Cada pe\u00e7a \u00e9 fruto de um trabalho artesanal feito por mulheres que participam do Instituto Levvo, protagonistas de uma jornada de aprendizado e transforma\u00e7\u00e3o atrav\u00e9s da costura. Mais do que roupas, cada cria\u00e7\u00e3o carrega uma hist\u00f3ria \u2014 o que torna quase imposs\u00edvel existir duas pe\u00e7as exatamente iguais. Inspirada nas linhas arquitet\u00f4nicas de Bras\u00edlia, nas curvas de Niemeyer e na sofistica\u00e7\u00e3o da mulher contempor\u00e2nea, Ressignificar une forma e leveza em modelagens que dialogam com o minimalismo e o design refinado. A capital federal, com sua geometria marcante e esp\u00edrito inovador, \u00e9 a alma silenciosa que habita cada detalhe da cole\u00e7\u00e3o. Mais do que vestir, o Jeans do Bem convida \u00e0 reflex\u00e3o. Ressignificar \u00e9 sobre enxergar valor no que j\u00e1 existe, sobre transformar res\u00edduos em arte, e sobre vestir, com orgulho, hist\u00f3rias de resili\u00eancia, beleza e reinven\u00e7\u00e3o.","og_url":"https:\/\/lackman.com.br\/index.php\/2025\/04\/08\/9153\/","og_site_name":"LACKMAN &amp; CO.","article_published_time":"2025-04-08T16:19:11+00:00","article_modified_time":"2025-04-08T16:20:51+00:00","og_image":[{"width":1729,"height":2560,"url":"http:\/\/lackman.com.br\/wp-content\/uploads\/2025\/04\/Ressignificar_03-scaled.jpeg","type":"image\/jpeg"}],"author":"Gilberto Evangelista - Colunista","twitter_card":"summary_large_image","twitter_misc":{"Escrito por":"Gilberto Evangelista - Colunista","Est. tempo de leitura":"3 minutos"},"schema":{"@context":"https:\/\/schema.org","@graph":[{"@type":"Article","@id":"https:\/\/lackman.com.br\/index.php\/2025\/04\/08\/9153\/#article","isPartOf":{"@id":"https:\/\/lackman.com.br\/index.php\/2025\/04\/08\/9153\/"},"author":{"name":"Gilberto Evangelista - Colunista","@id":"https:\/\/lackman.com.br\/#\/schema\/person\/8a2355f699593d21d4f0d25b69db5747"},"headline":"\u201cRessignificar\u201d para elevar o upcycling \u00e0 moda de luxo","datePublished":"2025-04-08T16:19:11+00:00","dateModified":"2025-04-08T16:20:51+00:00","mainEntityOfPage":{"@id":"https:\/\/lackman.com.br\/index.php\/2025\/04\/08\/9153\/"},"wordCount":445,"publisher":{"@id":"https:\/\/lackman.com.br\/#organization"},"image":{"@id":"https:\/\/lackman.com.br\/index.php\/2025\/04\/08\/9153\/#primaryimage"},"thumbnailUrl":"https:\/\/lackman.com.br\/wp-content\/uploads\/2025\/04\/Ressignificar_03-scaled.jpeg","keywords":["fashion","Instituto Levvo","Jeans do Bem","Laura Oliveira","Manuela Abdalla","Moda","upcycling"],"articleSection":["Em alta","Moda"],"inLanguage":"pt-BR"},{"@type":"WebPage","@id":"https:\/\/lackman.com.br\/index.php\/2025\/04\/08\/9153\/","url":"https:\/\/lackman.com.br\/index.php\/2025\/04\/08\/9153\/","name":"\u201cRessignificar\u201d para elevar o upcycling \u00e0 moda de luxo - LACKMAN &amp; CO.","isPartOf":{"@id":"https:\/\/lackman.com.br\/#website"},"primaryImageOfPage":{"@id":"https:\/\/lackman.com.br\/index.php\/2025\/04\/08\/9153\/#primaryimage"},"image":{"@id":"https:\/\/lackman.com.br\/index.php\/2025\/04\/08\/9153\/#primaryimage"},"thumbnailUrl":"https:\/\/lackman.com.br\/wp-content\/uploads\/2025\/04\/Ressignificar_03-scaled.jpeg","datePublished":"2025-04-08T16:19:11+00:00","dateModified":"2025-04-08T16:20:51+00:00","breadcrumb":{"@id":"https:\/\/lackman.com.br\/index.php\/2025\/04\/08\/9153\/#breadcrumb"},"inLanguage":"pt-BR","potentialAction":[{"@type":"ReadAction","target":["https:\/\/lackman.com.br\/index.php\/2025\/04\/08\/9153\/"]}]},{"@type":"ImageObject","inLanguage":"pt-BR","@id":"https:\/\/lackman.com.br\/index.php\/2025\/04\/08\/9153\/#primaryimage","url":"https:\/\/lackman.com.br\/wp-content\/uploads\/2025\/04\/Ressignificar_03-scaled.jpeg","contentUrl":"https:\/\/lackman.com.br\/wp-content\/uploads\/2025\/04\/Ressignificar_03-scaled.jpeg","width":1729,"height":2560},{"@type":"BreadcrumbList","@id":"https:\/\/lackman.com.br\/index.php\/2025\/04\/08\/9153\/#breadcrumb","itemListElement":[{"@type":"ListItem","position":1,"name":"In\u00edcio","item":"https:\/\/lackman.com.br\/"},{"@type":"ListItem","position":2,"name":"\u201cRessignificar\u201d para elevar o upcycling \u00e0 moda de luxo"}]},{"@type":"WebSite","@id":"https:\/\/lackman.com.br\/#website","url":"https:\/\/lackman.com.br\/","name":"LACKMAN &amp; CO.","description":"VIDA | MODA | ARTE","publisher":{"@id":"https:\/\/lackman.com.br\/#organization"},"potentialAction":[{"@type":"SearchAction","target":{"@type":"EntryPoint","urlTemplate":"https:\/\/lackman.com.br\/?s={search_term_string}"},"query-input":{"@type":"PropertyValueSpecification","valueRequired":true,"valueName":"search_term_string"}}],"inLanguage":"pt-BR"},{"@type":"Organization","@id":"https:\/\/lackman.com.br\/#organization","name":"LACKMAN &amp; CO.","url":"https:\/\/lackman.com.br\/","logo":{"@type":"ImageObject","inLanguage":"pt-BR","@id":"https:\/\/lackman.com.br\/#\/schema\/logo\/image\/","url":"https:\/\/lackman.com.br\/wp-content\/uploads\/2023\/06\/Logotipo_preto-1.png","contentUrl":"https:\/\/lackman.com.br\/wp-content\/uploads\/2023\/06\/Logotipo_preto-1.png","width":739,"height":393,"caption":"LACKMAN &amp; CO."},"image":{"@id":"https:\/\/lackman.com.br\/#\/schema\/logo\/image\/"}},{"@type":"Person","@id":"https:\/\/lackman.com.br\/#\/schema\/person\/8a2355f699593d21d4f0d25b69db5747","name":"Gilberto Evangelista - Colunista","image":{"@type":"ImageObject","inLanguage":"pt-BR","@id":"https:\/\/lackman.com.br\/#\/schema\/person\/image\/","url":"https:\/\/secure.gravatar.com\/avatar\/cea9badf02f8a90f7a745f2cbea45fda61f65711ec015e2faf3809cca6337c28?s=96&d=mm&r=g","contentUrl":"https:\/\/secure.gravatar.com\/avatar\/cea9badf02f8a90f7a745f2cbea45fda61f65711ec015e2faf3809cca6337c28?s=96&d=mm&r=g","caption":"Gilberto Evangelista - Colunista"},"description":"Jornalista e globetrotter.","url":"https:\/\/lackman.com.br\/index.php\/author\/gilberto-brito\/"}]}},"rttpg_featured_image_url":{"full":["https:\/\/lackman.com.br\/wp-content\/uploads\/2025\/04\/Ressignificar_03-scaled.jpeg",1729,2560,false],"landscape":["https:\/\/lackman.com.br\/wp-content\/uploads\/2025\/04\/Ressignificar_03-scaled.jpeg",1729,2560,false],"portraits":["https:\/\/lackman.com.br\/wp-content\/uploads\/2025\/04\/Ressignificar_03-scaled.jpeg",1729,2560,false],"thumbnail":["https:\/\/lackman.com.br\/wp-content\/uploads\/2025\/04\/Ressignificar_03-150x150.jpeg",150,150,true],"medium":["https:\/\/lackman.com.br\/wp-content\/uploads\/2025\/04\/Ressignificar_03-203x300.jpeg",203,300,true],"large":["https:\/\/lackman.com.br\/wp-content\/uploads\/2025\/04\/Ressignificar_03-691x1024.jpeg",691,1024,true],"RoboGalleryMansoryImagesCenter":["https:\/\/lackman.com.br\/wp-content\/uploads\/2025\/04\/Ressignificar_03-600x1024.jpeg",600,1024,true],"RoboGalleryPreload":["https:\/\/lackman.com.br\/wp-content\/uploads\/2025\/04\/Ressignificar_03-scaled.jpeg",100,148,false],"1536x1536":["https:\/\/lackman.com.br\/wp-content\/uploads\/2025\/04\/Ressignificar_03-1037x1536.jpeg",1037,1536,true],"2048x2048":["https:\/\/lackman.com.br\/wp-content\/uploads\/2025\/04\/Ressignificar_03-1383x2048.jpeg",1383,2048,true]},"rttpg_author":{"display_name":"Gilberto Evangelista - Colunista","author_link":"https:\/\/lackman.com.br\/index.php\/author\/gilberto-brito\/"},"rttpg_comment":0,"rttpg_category":"<a href=\"https:\/\/lackman.com.br\/index.php\/category\/moda\/em-alta\/\" rel=\"category tag\">Em alta<\/a> <a href=\"https:\/\/lackman.com.br\/index.php\/category\/moda\/\" rel=\"category tag\">Moda<\/a>","rttpg_excerpt":"Nova cole\u00e7\u00e3o do Jeans do Bem aposta em design sofisticado, sustentabilidade e na for\u00e7a das hist\u00f3rias costuradas por mulheres do Instituto Levvo Na \u00faltima semana, o projeto Jeans do Bem apresentou sua nova cole\u00e7\u00e3o batizada de Ressignificar, marcando um novo cap\u00edtulo na trajet\u00f3ria da marca brasiliense que alia moda e impacto social. Atemporal, vers\u00e1til e&hellip;","_links":{"self":[{"href":"https:\/\/lackman.com.br\/index.php\/wp-json\/wp\/v2\/posts\/9153","targetHints":{"allow":["GET"]}}],"collection":[{"href":"https:\/\/lackman.com.br\/index.php\/wp-json\/wp\/v2\/posts"}],"about":[{"href":"https:\/\/lackman.com.br\/index.php\/wp-json\/wp\/v2\/types\/post"}],"author":[{"embeddable":true,"href":"https:\/\/lackman.com.br\/index.php\/wp-json\/wp\/v2\/users\/6"}],"replies":[{"embeddable":true,"href":"https:\/\/lackman.com.br\/index.php\/wp-json\/wp\/v2\/comments?post=9153"}],"version-history":[{"count":2,"href":"https:\/\/lackman.com.br\/index.php\/wp-json\/wp\/v2\/posts\/9153\/revisions"}],"predecessor-version":[{"id":9158,"href":"https:\/\/lackman.com.br\/index.php\/wp-json\/wp\/v2\/posts\/9153\/revisions\/9158"}],"wp:featuredmedia":[{"embeddable":true,"href":"https:\/\/lackman.com.br\/index.php\/wp-json\/wp\/v2\/media\/9154"}],"wp:attachment":[{"href":"https:\/\/lackman.com.br\/index.php\/wp-json\/wp\/v2\/media?parent=9153"}],"wp:term":[{"taxonomy":"category","embeddable":true,"href":"https:\/\/lackman.com.br\/index.php\/wp-json\/wp\/v2\/categories?post=9153"},{"taxonomy":"post_tag","embeddable":true,"href":"https:\/\/lackman.com.br\/index.php\/wp-json\/wp\/v2\/tags?post=9153"}],"curies":[{"name":"wp","href":"https:\/\/api.w.org\/{rel}","templated":true}]}}