{"id":9144,"date":"2025-04-07T17:30:29","date_gmt":"2025-04-07T20:30:29","guid":{"rendered":"https:\/\/lackman.com.br\/?p=9144"},"modified":"2025-04-08T13:19:39","modified_gmt":"2025-04-08T16:19:39","slug":"vai-comecar-o-comida-di-buteco-2025","status":"publish","type":"post","link":"https:\/\/lackman.com.br\/index.php\/2025\/04\/07\/vai-comecar-o-comida-di-buteco-2025\/","title":{"rendered":"Vai come\u00e7ar o Comida di Buteco 2025!"},"content":{"rendered":"<h5 style=\"text-align: justify\"><em>O concurso gastron\u00f4mico mais democr\u00e1tico do Brasil completa um quarto de s\u00e9culo no pa\u00eds e uma d\u00e9cada no Distrito Federal<\/em><\/h5>\n<p style=\"text-align: justify\">\u00c9 com o tema \u201c<em>Paix\u00e3o pelo\u00a0buteco<\/em>&#8221; que o <strong>Comida\u00a0di\u00a0Buteco<\/strong> celebra seus <strong>25 anos de viv\u00eancias<\/strong> que se entrela\u00e7am com a cultura daquele bar raiz, ou seja, que n\u00e3o pertence a redes e nem franquias. Em Bras\u00edlia, j\u00e1 s\u00e3o 10 anos de tradi\u00e7\u00e3o. <strong>De 11 de abril a 4 de maio<\/strong>, o p\u00fablico da capital federal tem o desafio de percorrer a cidade para provar os quitutes in\u00e9ditos criados pelos <strong>38 estabelecimentos participantes<\/strong>.<\/p>\n<p style=\"text-align: justify\">\u00a0O tema deste ano ser\u00e1 os 25 anos do Concurso no pa\u00eds. E como j\u00e1 \u00e9 de praxe, al\u00e9m da comiss\u00e3o de jurados, o p\u00fablico tamb\u00e9m deve votar com notas de 1 a 10. Os crit\u00e9rios s\u00e3o: atendimento, temperatura da bebida, higiene e petisco. O petisco leva 70% do peso da nota e as demais categorias 10% cada uma. O voto do p\u00fablico vale 50% do peso total e dos jurados 50%. A cada edi\u00e7\u00e3o 20% da base de participantes \u00e9 renovada, oxigenando o roteiro e mantendo a competitividade sempre animada.\u00a0 O brasiliense poder\u00e1 desfrutar dos pratos pelo custo de <strong>R$35<\/strong>.<\/p>\n<p style=\"text-align: justify\">A primeira etapa \u00e9 regional onde a vota\u00e7\u00e3o \u00e9 feita pelo p\u00fablico e jurados da pr\u00f3pria cidade. Depois de eleitos os campe\u00f5es de cada circuito, um outro corpo de jurados visita e avalia os campe\u00f5es para que seja eleito ent\u00e3o, o <strong>MELHOR BUTECO DO BRASIL<\/strong>. Em julho, numa festa realizada em S\u00e3o Paulo \u00e9 revelado o buteco campe\u00e3o. Confira a lista dos butecos participantes e petiscos abaixo e consulte <a href=\"http:\/\/www.comidadibuteco.com.br\"><strong>site oficial do concurso<\/strong><\/a> para mais informa\u00e7\u00f5es, e n\u00e3o deixe de seguir <a href=\"http:\/\/www.comidadibuteco.com.br\/\"><strong>@_comidadibuteco<\/strong><\/a>.<\/p>\n<p style=\"text-align: justify\">E como voc\u00eas j\u00e1 est\u00e3o acostumados com um mimo-extra, o jornalista que escreve a <strong>Coluna #PERAMBULANDO<\/strong> fez um v\u00eddeo durante a visita que a imprensa fez semana passada em tr\u00eas botecos que participam do concurso. Quer saber quais foram, os petiscos, as impress\u00f5es? <a href=\"https:\/\/www.instagram.com\/reel\/DIKT7msy8FV\/?igsh=emVlbm5uajQwZDc2\"><strong>Clique aqui<\/strong><\/a> e se deleite, mas fica o aviso, as imagens s\u00e3o fort\u00edssimas, de dar \u00e1gua na boca!<\/p>\n<figure id=\"attachment_9147\" aria-describedby=\"caption-attachment-9147\" style=\"width: 1024px\" class=\"wp-caption aligncenter\"><img fetchpriority=\"high\" decoding=\"async\" class=\"wp-image-9147 size-large\" style=\"font-weight: inherit\" src=\"http:\/\/lackman.com.br\/wp-content\/uploads\/2025\/04\/QUIOSQUEDO-CABECA_DISCO-DI-BUTECO_BSB_2025_RAPHAEL-RIBEIRO-1-1024x682.jpg\" alt=\"\" width=\"1024\" height=\"682\" srcset=\"https:\/\/lackman.com.br\/wp-content\/uploads\/2025\/04\/QUIOSQUEDO-CABECA_DISCO-DI-BUTECO_BSB_2025_RAPHAEL-RIBEIRO-1-1024x682.jpg 1024w, https:\/\/lackman.com.br\/wp-content\/uploads\/2025\/04\/QUIOSQUEDO-CABECA_DISCO-DI-BUTECO_BSB_2025_RAPHAEL-RIBEIRO-1-300x200.jpg 300w, https:\/\/lackman.com.br\/wp-content\/uploads\/2025\/04\/QUIOSQUEDO-CABECA_DISCO-DI-BUTECO_BSB_2025_RAPHAEL-RIBEIRO-1-768x512.jpg 768w, https:\/\/lackman.com.br\/wp-content\/uploads\/2025\/04\/QUIOSQUEDO-CABECA_DISCO-DI-BUTECO_BSB_2025_RAPHAEL-RIBEIRO-1.jpg 1250w\" sizes=\"(max-width: 1024px) 100vw, 1024px\" \/><figcaption id=\"caption-attachment-9147\" class=\"wp-caption-text\">Quiosque do Cabe\u00e7a<\/figcaption><\/figure>\n<p style=\"text-align: justify\"><strong>Taguatinga<\/strong><\/p>\n<p style=\"text-align: justify\">Adega da Cacha\u00e7a<\/p>\n<p style=\"text-align: justify\">Bahea Cozinha Baiana<\/p>\n<p style=\"text-align: justify\">Confraria do Padim<\/p>\n<p style=\"text-align: justify\">Destilaria Beer<\/p>\n<p style=\"text-align: justify\">Federal Bar e Cozinha<\/p>\n<p style=\"text-align: justify\">Quiosque do Cabe\u00e7a<\/p>\n<p style=\"text-align: justify\">Quiosque Tardezinha<\/p>\n<p style=\"text-align: justify\">Seu Z\u00e9 e Seu Man\u00e9<\/p>\n<p style=\"text-align: justify\"><strong>Asa Norte<\/strong><\/p>\n<p style=\"text-align: justify\">Aflora Gastrobar<\/p>\n<p style=\"text-align: justify\">Dom Carica&#8217;s BBQ<\/p>\n<p style=\"text-align: justify\">Encontro a Mineira Bar e Mercearia<\/p>\n<p style=\"text-align: justify\">GamBAR<\/p>\n<p style=\"text-align: justify\">Inverso Bar Versos e Restaurante Ltda<\/p>\n<p style=\"text-align: justify\">Na Seis Comida de Bar<\/p>\n<p style=\"text-align: justify\">Z\u00e9 Torresmo<\/p>\n<p style=\"text-align: justify\"><strong>Asa Sul<\/strong><\/p>\n<p style=\"text-align: justify\">Embaixada do Piau\u00ed<\/p>\n<p style=\"text-align: justify\">Na Venda<\/p>\n<p style=\"text-align: justify\"><strong>Sudoeste<\/strong><\/p>\n<p style=\"text-align: justify\">Josefina &#8211; Cozinha que abra\u00e7a<\/p>\n<p>&nbsp;<\/p>\n<p style=\"text-align: justify\"><strong>Sobradinho<\/strong><\/p>\n<p style=\"text-align: justify\">Bet Blinders Cozinha e Bar<\/p>\n<p style=\"text-align: justify\">Churrasquinho do Dimi<\/p>\n<p style=\"text-align: justify\">Pan\u00e7a Cheia<\/p>\n<figure id=\"attachment_9146\" aria-describedby=\"caption-attachment-9146\" style=\"width: 1024px\" class=\"wp-caption aligncenter\"><img decoding=\"async\" class=\"wp-image-9146 size-large\" style=\"text-align: start\" src=\"http:\/\/lackman.com.br\/wp-content\/uploads\/2025\/04\/CHURRASQUINHO-DO-DIMI_SURPRESA-DI-BUTECO_BSB_2025_RAPHAEL-RIBEIRO-1-1024x682.jpg\" alt=\"\" width=\"1024\" height=\"682\" srcset=\"https:\/\/lackman.com.br\/wp-content\/uploads\/2025\/04\/CHURRASQUINHO-DO-DIMI_SURPRESA-DI-BUTECO_BSB_2025_RAPHAEL-RIBEIRO-1-1024x682.jpg 1024w, https:\/\/lackman.com.br\/wp-content\/uploads\/2025\/04\/CHURRASQUINHO-DO-DIMI_SURPRESA-DI-BUTECO_BSB_2025_RAPHAEL-RIBEIRO-1-300x200.jpg 300w, https:\/\/lackman.com.br\/wp-content\/uploads\/2025\/04\/CHURRASQUINHO-DO-DIMI_SURPRESA-DI-BUTECO_BSB_2025_RAPHAEL-RIBEIRO-1-768x512.jpg 768w, https:\/\/lackman.com.br\/wp-content\/uploads\/2025\/04\/CHURRASQUINHO-DO-DIMI_SURPRESA-DI-BUTECO_BSB_2025_RAPHAEL-RIBEIRO-1.jpg 1250w\" sizes=\"(max-width: 1024px) 100vw, 1024px\" \/><figcaption id=\"caption-attachment-9146\" class=\"wp-caption-text\">Churrasquinho do Dimi<\/figcaption><\/figure>\n<p style=\"text-align: justify\"><strong>N\u00facleo Bandeirante<\/strong><\/p>\n<p style=\"text-align: justify\">Avenida do Espetinho<\/p>\n<p style=\"text-align: justify\">Bar e Restaurante Nordestino<\/p>\n<p style=\"text-align: justify\">Esquema do Peixe<\/p>\n<p style=\"text-align: justify\">Toca do Peixe<\/p>\n<p style=\"text-align: justify\"><strong>Riacho Fundo<\/strong><\/p>\n<p style=\"text-align: justify\">Bem Amigos<\/p>\n<p style=\"text-align: justify\"><strong>\u00c1guas Claras<\/strong><\/p>\n<p style=\"text-align: justify\">Boteco do Cantinho<\/p>\n<p style=\"text-align: justify\">Boteco V\u00e9io Chico<\/p>\n<p style=\"text-align: justify\">Espetinho do Bode<\/p>\n<p style=\"text-align: justify\"><strong>Guar\u00e1<\/strong><\/p>\n<p style=\"text-align: justify\">Cear\u00e1 Carne de Sol<\/p>\n<p style=\"text-align: justify\">Quiosque do Galego<\/p>\n<p style=\"text-align: justify\"><strong>\u00a0<\/strong><\/p>\n<p style=\"text-align: justify\"><strong>Samambaia<\/strong><\/p>\n<p style=\"text-align: justify\">Mesquimar Cozinha e Bar<\/p>\n<p style=\"text-align: justify\">Rota 20<\/p>\n<p style=\"text-align: justify\"><strong>Lago Norte<\/strong><\/p>\n<p style=\"text-align: justify\">Cuscuz Restaurante<\/p>\n<p style=\"text-align: justify\">Trem B\u00e3o<\/p>\n<p>&nbsp;<\/p>\n<p style=\"text-align: justify\"><strong>Vicente Pires<\/strong><\/p>\n<p style=\"text-align: justify\">Constela\u00e7\u00e3o 5 Cozinha e Bar<\/p>\n<p style=\"text-align: justify\">Tat\u00e1 Kombinado Cozinha e Bar (<strong>Foto de capa<\/strong>)<\/p>\n<p>&nbsp;<\/p>\n<p style=\"text-align: justify\"><strong>Gama<\/strong><\/p>\n<p style=\"text-align: justify\">Quintal BDS &#8211; Cozinha e Bar<\/p>\n<figure id=\"attachment_9148\" aria-describedby=\"caption-attachment-9148\" style=\"width: 1024px\" class=\"wp-caption aligncenter\"><img decoding=\"async\" class=\"wp-image-9148 size-large\" src=\"http:\/\/lackman.com.br\/wp-content\/uploads\/2025\/04\/TREM-BAO_FRANGO-NO-GOLE_BSB_2025_RAPHAEL-RIBEIRO-1-1024x682.jpg\" alt=\"\" width=\"1024\" height=\"682\" srcset=\"https:\/\/lackman.com.br\/wp-content\/uploads\/2025\/04\/TREM-BAO_FRANGO-NO-GOLE_BSB_2025_RAPHAEL-RIBEIRO-1-1024x682.jpg 1024w, https:\/\/lackman.com.br\/wp-content\/uploads\/2025\/04\/TREM-BAO_FRANGO-NO-GOLE_BSB_2025_RAPHAEL-RIBEIRO-1-300x200.jpg 300w, https:\/\/lackman.com.br\/wp-content\/uploads\/2025\/04\/TREM-BAO_FRANGO-NO-GOLE_BSB_2025_RAPHAEL-RIBEIRO-1-768x512.jpg 768w, https:\/\/lackman.com.br\/wp-content\/uploads\/2025\/04\/TREM-BAO_FRANGO-NO-GOLE_BSB_2025_RAPHAEL-RIBEIRO-1.jpg 1250w\" sizes=\"(max-width: 1024px) 100vw, 1024px\" \/><figcaption id=\"caption-attachment-9148\" class=\"wp-caption-text\">Trem B\u00e3o<\/figcaption><\/figure>\n<p style=\"text-align: justify\">Fotos: Divulga\u00e7\u00e3o<\/p>\n","protected":false},"excerpt":{"rendered":"<p>O concurso gastron\u00f4mico mais democr\u00e1tico do Brasil completa um quarto de s\u00e9culo no pa\u00eds e uma d\u00e9cada no Distrito Federal \u00c9 com o tema \u201cPaix\u00e3o pelo\u00a0buteco&#8221; que o Comida\u00a0di\u00a0Buteco celebra seus 25 anos de viv\u00eancias que se entrela\u00e7am com a cultura daquele bar raiz, ou seja, que n\u00e3o pertence a redes e nem franquias. Em Bras\u00edlia, j\u00e1 s\u00e3o 10 anos de tradi\u00e7\u00e3o. De 11 de abril a 4 de maio, o p\u00fablico da capital federal tem o desafio de percorrer a cidade para provar os quitutes in\u00e9ditos criados pelos 38 estabelecimentos participantes. \u00a0O tema deste ano ser\u00e1 os 25 anos do Concurso no pa\u00eds. E como j\u00e1 \u00e9 de praxe, al\u00e9m da comiss\u00e3o de jurados, o p\u00fablico tamb\u00e9m deve votar com notas de 1 a 10. Os crit\u00e9rios s\u00e3o: atendimento, temperatura da bebida, higiene e petisco. O petisco leva 70% do peso da nota e as demais categorias 10% cada uma. O voto do p\u00fablico vale 50% do peso total e dos jurados 50%. A cada edi\u00e7\u00e3o 20% da base de participantes \u00e9 renovada, oxigenando o roteiro e mantendo a competitividade sempre animada.\u00a0 O brasiliense poder\u00e1 desfrutar dos pratos pelo custo de R$35. A primeira etapa \u00e9 regional onde a vota\u00e7\u00e3o \u00e9 feita pelo p\u00fablico e jurados da pr\u00f3pria cidade. Depois de eleitos os campe\u00f5es de cada circuito, um outro corpo de jurados visita e avalia os campe\u00f5es para que seja eleito ent\u00e3o, o MELHOR BUTECO DO BRASIL. Em julho, numa festa realizada em S\u00e3o Paulo \u00e9 revelado o buteco campe\u00e3o. Confira a lista dos butecos participantes e petiscos abaixo e consulte site oficial do concurso para mais informa\u00e7\u00f5es, e n\u00e3o deixe de seguir @_comidadibuteco. E como voc\u00eas j\u00e1 est\u00e3o acostumados com um mimo-extra, o jornalista que escreve a Coluna #PERAMBULANDO fez um v\u00eddeo durante a visita que a imprensa fez semana passada em tr\u00eas botecos que participam do concurso. Quer saber quais foram, os petiscos, as impress\u00f5es? Clique aqui e se deleite, mas fica o aviso, as imagens s\u00e3o fort\u00edssimas, de dar \u00e1gua na boca! Taguatinga Adega da Cacha\u00e7a Bahea Cozinha Baiana Confraria do Padim Destilaria Beer Federal Bar e Cozinha Quiosque do Cabe\u00e7a Quiosque Tardezinha Seu Z\u00e9 e Seu Man\u00e9 Asa Norte Aflora Gastrobar Dom Carica&#8217;s BBQ Encontro a Mineira Bar e Mercearia GamBAR Inverso Bar Versos e Restaurante Ltda Na Seis Comida de Bar Z\u00e9 Torresmo Asa Sul Embaixada do Piau\u00ed Na Venda Sudoeste Josefina &#8211; Cozinha que abra\u00e7a &nbsp; Sobradinho Bet Blinders Cozinha e Bar Churrasquinho do Dimi Pan\u00e7a Cheia N\u00facleo Bandeirante Avenida do Espetinho Bar e Restaurante Nordestino Esquema do Peixe Toca do Peixe Riacho Fundo Bem Amigos \u00c1guas Claras Boteco do Cantinho Boteco V\u00e9io Chico Espetinho do Bode Guar\u00e1 Cear\u00e1 Carne de Sol Quiosque do Galego \u00a0 Samambaia Mesquimar Cozinha e Bar Rota 20 Lago Norte Cuscuz Restaurante Trem B\u00e3o &nbsp; Vicente Pires Constela\u00e7\u00e3o 5 Cozinha e Bar Tat\u00e1 Kombinado Cozinha e Bar (Foto de capa) &nbsp; Gama Quintal BDS &#8211; Cozinha e Bar Fotos: Divulga\u00e7\u00e3o<\/p>\n","protected":false},"author":6,"featured_media":9145,"comment_status":"closed","ping_status":"open","sticky":false,"template":"","format":"standard","meta":{"site-sidebar-layout":"default","site-content-layout":"","ast-site-content-layout":"default","site-content-style":"default","site-sidebar-style":"default","ast-global-header-display":"","ast-banner-title-visibility":"","ast-main-header-display":"","ast-hfb-above-header-display":"","ast-hfb-below-header-display":"","ast-hfb-mobile-header-display":"","site-post-title":"","ast-breadcrumbs-content":"","ast-featured-img":"","footer-sml-layout":"","ast-disable-related-posts":"","theme-transparent-header-meta":"default","adv-header-id-meta":"","stick-header-meta":"","header-above-stick-meta":"","header-main-stick-meta":"","header-below-stick-meta":"","astra-migrate-meta-layouts":"set","ast-page-background-enabled":"default","ast-page-background-meta":{"desktop":{"background-color":"","background-image":"","background-repeat":"repeat","background-position":"center center","background-size":"auto","background-attachment":"scroll","background-type":"","background-media":"","overlay-type":"","overlay-color":"","overlay-opacity":"","overlay-gradient":""},"tablet":{"background-color":"","background-image":"","background-repeat":"repeat","background-position":"center center","background-size":"auto","background-attachment":"scroll","background-type":"","background-media":"","overlay-type":"","overlay-color":"","overlay-opacity":"","overlay-gradient":""},"mobile":{"background-color":"","background-image":"","background-repeat":"repeat","background-position":"center center","background-size":"auto","background-attachment":"scroll","background-type":"","background-media":"","overlay-type":"","overlay-color":"","overlay-opacity":"","overlay-gradient":""}},"ast-content-background-meta":{"desktop":{"background-color":"var(--ast-global-color-5)","background-image":"","background-repeat":"repeat","background-position":"center center","background-size":"auto","background-attachment":"scroll","background-type":"","background-media":"","overlay-type":"","overlay-color":"","overlay-opacity":"","overlay-gradient":""},"tablet":{"background-color":"var(--ast-global-color-5)","background-image":"","background-repeat":"repeat","background-position":"center center","background-size":"auto","background-attachment":"scroll","background-type":"","background-media":"","overlay-type":"","overlay-color":"","overlay-opacity":"","overlay-gradient":""},"mobile":{"background-color":"var(--ast-global-color-5)","background-image":"","background-repeat":"repeat","background-position":"center center","background-size":"auto","background-attachment":"scroll","background-type":"","background-media":"","overlay-type":"","overlay-color":"","overlay-opacity":"","overlay-gradient":""}},"footnotes":""},"categories":[42,43],"tags":[288,1957,339,1742,61,54,1865,1956,1958,89,74,1743],"class_list":["post-9144","post","type-post","status-publish","format-standard","has-post-thumbnail","hentry","category-gastronomia","category-perambulando","tag-perambulandocomogiba","tag-amstel","tag-bar","tag-boteco","tag-brasil","tag-brasilia","tag-coluna-perambulando","tag-comida-di-buteco","tag-concurso","tag-df","tag-gastronomia","tag-petisco"],"yoast_head":"<!-- This site is optimized with the Yoast SEO plugin v27.0 - https:\/\/yoast.com\/product\/yoast-seo-wordpress\/ -->\n<title>Vai come\u00e7ar o Comida di Buteco 2025! - LACKMAN &amp; CO.<\/title>\n<meta name=\"robots\" content=\"index, follow, max-snippet:-1, max-image-preview:large, max-video-preview:-1\" \/>\n<link rel=\"canonical\" href=\"https:\/\/lackman.com.br\/index.php\/2025\/04\/07\/vai-comecar-o-comida-di-buteco-2025\/\" \/>\n<meta property=\"og:locale\" content=\"pt_BR\" \/>\n<meta property=\"og:type\" content=\"article\" \/>\n<meta property=\"og:title\" content=\"Vai come\u00e7ar o Comida di Buteco 2025! - LACKMAN &amp; CO.\" \/>\n<meta property=\"og:description\" content=\"O concurso gastron\u00f4mico mais democr\u00e1tico do Brasil completa um quarto de s\u00e9culo no pa\u00eds e uma d\u00e9cada no Distrito Federal \u00c9 com o tema \u201cPaix\u00e3o pelo\u00a0buteco&#8221; que o Comida\u00a0di\u00a0Buteco celebra seus 25 anos de viv\u00eancias que se entrela\u00e7am com a cultura daquele bar raiz, ou seja, que n\u00e3o pertence a redes e nem franquias. Em Bras\u00edlia, j\u00e1 s\u00e3o 10 anos de tradi\u00e7\u00e3o. De 11 de abril a 4 de maio, o p\u00fablico da capital federal tem o desafio de percorrer a cidade para provar os quitutes in\u00e9ditos criados pelos 38 estabelecimentos participantes. \u00a0O tema deste ano ser\u00e1 os 25 anos do Concurso no pa\u00eds. E como j\u00e1 \u00e9 de praxe, al\u00e9m da comiss\u00e3o de jurados, o p\u00fablico tamb\u00e9m deve votar com notas de 1 a 10. Os crit\u00e9rios s\u00e3o: atendimento, temperatura da bebida, higiene e petisco. O petisco leva 70% do peso da nota e as demais categorias 10% cada uma. O voto do p\u00fablico vale 50% do peso total e dos jurados 50%. A cada edi\u00e7\u00e3o 20% da base de participantes \u00e9 renovada, oxigenando o roteiro e mantendo a competitividade sempre animada.\u00a0 O brasiliense poder\u00e1 desfrutar dos pratos pelo custo de R$35. A primeira etapa \u00e9 regional onde a vota\u00e7\u00e3o \u00e9 feita pelo p\u00fablico e jurados da pr\u00f3pria cidade. Depois de eleitos os campe\u00f5es de cada circuito, um outro corpo de jurados visita e avalia os campe\u00f5es para que seja eleito ent\u00e3o, o MELHOR BUTECO DO BRASIL. Em julho, numa festa realizada em S\u00e3o Paulo \u00e9 revelado o buteco campe\u00e3o. Confira a lista dos butecos participantes e petiscos abaixo e consulte site oficial do concurso para mais informa\u00e7\u00f5es, e n\u00e3o deixe de seguir @_comidadibuteco. E como voc\u00eas j\u00e1 est\u00e3o acostumados com um mimo-extra, o jornalista que escreve a Coluna #PERAMBULANDO fez um v\u00eddeo durante a visita que a imprensa fez semana passada em tr\u00eas botecos que participam do concurso. Quer saber quais foram, os petiscos, as impress\u00f5es? Clique aqui e se deleite, mas fica o aviso, as imagens s\u00e3o fort\u00edssimas, de dar \u00e1gua na boca! Taguatinga Adega da Cacha\u00e7a Bahea Cozinha Baiana Confraria do Padim Destilaria Beer Federal Bar e Cozinha Quiosque do Cabe\u00e7a Quiosque Tardezinha Seu Z\u00e9 e Seu Man\u00e9 Asa Norte Aflora Gastrobar Dom Carica&#8217;s BBQ Encontro a Mineira Bar e Mercearia GamBAR Inverso Bar Versos e Restaurante Ltda Na Seis Comida de Bar Z\u00e9 Torresmo Asa Sul Embaixada do Piau\u00ed Na Venda Sudoeste Josefina &#8211; Cozinha que abra\u00e7a &nbsp; Sobradinho Bet Blinders Cozinha e Bar Churrasquinho do Dimi Pan\u00e7a Cheia N\u00facleo Bandeirante Avenida do Espetinho Bar e Restaurante Nordestino Esquema do Peixe Toca do Peixe Riacho Fundo Bem Amigos \u00c1guas Claras Boteco do Cantinho Boteco V\u00e9io Chico Espetinho do Bode Guar\u00e1 Cear\u00e1 Carne de Sol Quiosque do Galego \u00a0 Samambaia Mesquimar Cozinha e Bar Rota 20 Lago Norte Cuscuz Restaurante Trem B\u00e3o &nbsp; Vicente Pires Constela\u00e7\u00e3o 5 Cozinha e Bar Tat\u00e1 Kombinado Cozinha e Bar (Foto de capa) &nbsp; Gama Quintal BDS &#8211; Cozinha e Bar Fotos: Divulga\u00e7\u00e3o\" \/>\n<meta property=\"og:url\" content=\"https:\/\/lackman.com.br\/index.php\/2025\/04\/07\/vai-comecar-o-comida-di-buteco-2025\/\" \/>\n<meta property=\"og:site_name\" content=\"LACKMAN &amp; CO.\" \/>\n<meta property=\"article:published_time\" content=\"2025-04-07T20:30:29+00:00\" \/>\n<meta property=\"article:modified_time\" content=\"2025-04-08T16:19:39+00:00\" \/>\n<meta property=\"og:image\" content=\"http:\/\/lackman.com.br\/wp-content\/uploads\/2025\/04\/TATA-KOMBINADO_COSTELA-KOMBINADA_BSB_2025_RAPHAEL-RIBEIRO-2.jpg\" \/>\n\t<meta property=\"og:image:width\" content=\"1250\" \/>\n\t<meta property=\"og:image:height\" content=\"833\" \/>\n\t<meta property=\"og:image:type\" content=\"image\/jpeg\" \/>\n<meta name=\"author\" content=\"Gilberto Evangelista - Colunista\" \/>\n<meta name=\"twitter:card\" content=\"summary_large_image\" \/>\n<meta name=\"twitter:label1\" content=\"Escrito por\" \/>\n\t<meta name=\"twitter:data1\" content=\"Gilberto Evangelista - Colunista\" \/>\n\t<meta name=\"twitter:label2\" content=\"Est. tempo de leitura\" \/>\n\t<meta name=\"twitter:data2\" content=\"4 minutos\" \/>\n<script type=\"application\/ld+json\" class=\"yoast-schema-graph\">{\"@context\":\"https:\/\/schema.org\",\"@graph\":[{\"@type\":\"Article\",\"@id\":\"https:\/\/lackman.com.br\/index.php\/2025\/04\/07\/vai-comecar-o-comida-di-buteco-2025\/#article\",\"isPartOf\":{\"@id\":\"https:\/\/lackman.com.br\/index.php\/2025\/04\/07\/vai-comecar-o-comida-di-buteco-2025\/\"},\"author\":{\"name\":\"Gilberto Evangelista - Colunista\",\"@id\":\"https:\/\/lackman.com.br\/#\/schema\/person\/8a2355f699593d21d4f0d25b69db5747\"},\"headline\":\"Vai come\u00e7ar o Comida di Buteco 2025!\",\"datePublished\":\"2025-04-07T20:30:29+00:00\",\"dateModified\":\"2025-04-08T16:19:39+00:00\",\"mainEntityOfPage\":{\"@id\":\"https:\/\/lackman.com.br\/index.php\/2025\/04\/07\/vai-comecar-o-comida-di-buteco-2025\/\"},\"wordCount\":560,\"publisher\":{\"@id\":\"https:\/\/lackman.com.br\/#organization\"},\"image\":{\"@id\":\"https:\/\/lackman.com.br\/index.php\/2025\/04\/07\/vai-comecar-o-comida-di-buteco-2025\/#primaryimage\"},\"thumbnailUrl\":\"https:\/\/lackman.com.br\/wp-content\/uploads\/2025\/04\/TATA-KOMBINADO_COSTELA-KOMBINADA_BSB_2025_RAPHAEL-RIBEIRO-2.jpg\",\"keywords\":[\"#perambulandocomogiba\",\"Amstel\",\"bar\",\"boteco\",\"Brasil\",\"brasilia\",\"coluna #PERAMBULANDO\",\"Comida di Buteco\",\"concurso\",\"df\",\"gastronomia\",\"petisco\"],\"articleSection\":[\"Gastr\u00f4\",\"Perambulando\"],\"inLanguage\":\"pt-BR\"},{\"@type\":\"WebPage\",\"@id\":\"https:\/\/lackman.com.br\/index.php\/2025\/04\/07\/vai-comecar-o-comida-di-buteco-2025\/\",\"url\":\"https:\/\/lackman.com.br\/index.php\/2025\/04\/07\/vai-comecar-o-comida-di-buteco-2025\/\",\"name\":\"Vai come\u00e7ar o Comida di Buteco 2025! - LACKMAN &amp; CO.\",\"isPartOf\":{\"@id\":\"https:\/\/lackman.com.br\/#website\"},\"primaryImageOfPage\":{\"@id\":\"https:\/\/lackman.com.br\/index.php\/2025\/04\/07\/vai-comecar-o-comida-di-buteco-2025\/#primaryimage\"},\"image\":{\"@id\":\"https:\/\/lackman.com.br\/index.php\/2025\/04\/07\/vai-comecar-o-comida-di-buteco-2025\/#primaryimage\"},\"thumbnailUrl\":\"https:\/\/lackman.com.br\/wp-content\/uploads\/2025\/04\/TATA-KOMBINADO_COSTELA-KOMBINADA_BSB_2025_RAPHAEL-RIBEIRO-2.jpg\",\"datePublished\":\"2025-04-07T20:30:29+00:00\",\"dateModified\":\"2025-04-08T16:19:39+00:00\",\"breadcrumb\":{\"@id\":\"https:\/\/lackman.com.br\/index.php\/2025\/04\/07\/vai-comecar-o-comida-di-buteco-2025\/#breadcrumb\"},\"inLanguage\":\"pt-BR\",\"potentialAction\":[{\"@type\":\"ReadAction\",\"target\":[\"https:\/\/lackman.com.br\/index.php\/2025\/04\/07\/vai-comecar-o-comida-di-buteco-2025\/\"]}]},{\"@type\":\"ImageObject\",\"inLanguage\":\"pt-BR\",\"@id\":\"https:\/\/lackman.com.br\/index.php\/2025\/04\/07\/vai-comecar-o-comida-di-buteco-2025\/#primaryimage\",\"url\":\"https:\/\/lackman.com.br\/wp-content\/uploads\/2025\/04\/TATA-KOMBINADO_COSTELA-KOMBINADA_BSB_2025_RAPHAEL-RIBEIRO-2.jpg\",\"contentUrl\":\"https:\/\/lackman.com.br\/wp-content\/uploads\/2025\/04\/TATA-KOMBINADO_COSTELA-KOMBINADA_BSB_2025_RAPHAEL-RIBEIRO-2.jpg\",\"width\":1250,\"height\":833},{\"@type\":\"BreadcrumbList\",\"@id\":\"https:\/\/lackman.com.br\/index.php\/2025\/04\/07\/vai-comecar-o-comida-di-buteco-2025\/#breadcrumb\",\"itemListElement\":[{\"@type\":\"ListItem\",\"position\":1,\"name\":\"In\u00edcio\",\"item\":\"https:\/\/lackman.com.br\/\"},{\"@type\":\"ListItem\",\"position\":2,\"name\":\"Vai come\u00e7ar o Comida di Buteco 2025!\"}]},{\"@type\":\"WebSite\",\"@id\":\"https:\/\/lackman.com.br\/#website\",\"url\":\"https:\/\/lackman.com.br\/\",\"name\":\"LACKMAN &amp; CO.\",\"description\":\"VIDA | MODA | ARTE\",\"publisher\":{\"@id\":\"https:\/\/lackman.com.br\/#organization\"},\"potentialAction\":[{\"@type\":\"SearchAction\",\"target\":{\"@type\":\"EntryPoint\",\"urlTemplate\":\"https:\/\/lackman.com.br\/?s={search_term_string}\"},\"query-input\":{\"@type\":\"PropertyValueSpecification\",\"valueRequired\":true,\"valueName\":\"search_term_string\"}}],\"inLanguage\":\"pt-BR\"},{\"@type\":\"Organization\",\"@id\":\"https:\/\/lackman.com.br\/#organization\",\"name\":\"LACKMAN &amp; CO.\",\"url\":\"https:\/\/lackman.com.br\/\",\"logo\":{\"@type\":\"ImageObject\",\"inLanguage\":\"pt-BR\",\"@id\":\"https:\/\/lackman.com.br\/#\/schema\/logo\/image\/\",\"url\":\"https:\/\/lackman.com.br\/wp-content\/uploads\/2023\/06\/Logotipo_preto-1.png\",\"contentUrl\":\"https:\/\/lackman.com.br\/wp-content\/uploads\/2023\/06\/Logotipo_preto-1.png\",\"width\":739,\"height\":393,\"caption\":\"LACKMAN &amp; CO.\"},\"image\":{\"@id\":\"https:\/\/lackman.com.br\/#\/schema\/logo\/image\/\"}},{\"@type\":\"Person\",\"@id\":\"https:\/\/lackman.com.br\/#\/schema\/person\/8a2355f699593d21d4f0d25b69db5747\",\"name\":\"Gilberto Evangelista - Colunista\",\"image\":{\"@type\":\"ImageObject\",\"inLanguage\":\"pt-BR\",\"@id\":\"https:\/\/lackman.com.br\/#\/schema\/person\/image\/\",\"url\":\"https:\/\/secure.gravatar.com\/avatar\/cea9badf02f8a90f7a745f2cbea45fda61f65711ec015e2faf3809cca6337c28?s=96&d=mm&r=g\",\"contentUrl\":\"https:\/\/secure.gravatar.com\/avatar\/cea9badf02f8a90f7a745f2cbea45fda61f65711ec015e2faf3809cca6337c28?s=96&d=mm&r=g\",\"caption\":\"Gilberto Evangelista - Colunista\"},\"description\":\"Jornalista e globetrotter.\",\"url\":\"https:\/\/lackman.com.br\/index.php\/author\/gilberto-brito\/\"}]}<\/script>\n<!-- \/ Yoast SEO plugin. -->","yoast_head_json":{"title":"Vai come\u00e7ar o Comida di Buteco 2025! - LACKMAN &amp; CO.","robots":{"index":"index","follow":"follow","max-snippet":"max-snippet:-1","max-image-preview":"max-image-preview:large","max-video-preview":"max-video-preview:-1"},"canonical":"https:\/\/lackman.com.br\/index.php\/2025\/04\/07\/vai-comecar-o-comida-di-buteco-2025\/","og_locale":"pt_BR","og_type":"article","og_title":"Vai come\u00e7ar o Comida di Buteco 2025! - LACKMAN &amp; CO.","og_description":"O concurso gastron\u00f4mico mais democr\u00e1tico do Brasil completa um quarto de s\u00e9culo no pa\u00eds e uma d\u00e9cada no Distrito Federal \u00c9 com o tema \u201cPaix\u00e3o pelo\u00a0buteco&#8221; que o Comida\u00a0di\u00a0Buteco celebra seus 25 anos de viv\u00eancias que se entrela\u00e7am com a cultura daquele bar raiz, ou seja, que n\u00e3o pertence a redes e nem franquias. Em Bras\u00edlia, j\u00e1 s\u00e3o 10 anos de tradi\u00e7\u00e3o. De 11 de abril a 4 de maio, o p\u00fablico da capital federal tem o desafio de percorrer a cidade para provar os quitutes in\u00e9ditos criados pelos 38 estabelecimentos participantes. \u00a0O tema deste ano ser\u00e1 os 25 anos do Concurso no pa\u00eds. E como j\u00e1 \u00e9 de praxe, al\u00e9m da comiss\u00e3o de jurados, o p\u00fablico tamb\u00e9m deve votar com notas de 1 a 10. Os crit\u00e9rios s\u00e3o: atendimento, temperatura da bebida, higiene e petisco. O petisco leva 70% do peso da nota e as demais categorias 10% cada uma. O voto do p\u00fablico vale 50% do peso total e dos jurados 50%. A cada edi\u00e7\u00e3o 20% da base de participantes \u00e9 renovada, oxigenando o roteiro e mantendo a competitividade sempre animada.\u00a0 O brasiliense poder\u00e1 desfrutar dos pratos pelo custo de R$35. A primeira etapa \u00e9 regional onde a vota\u00e7\u00e3o \u00e9 feita pelo p\u00fablico e jurados da pr\u00f3pria cidade. Depois de eleitos os campe\u00f5es de cada circuito, um outro corpo de jurados visita e avalia os campe\u00f5es para que seja eleito ent\u00e3o, o MELHOR BUTECO DO BRASIL. Em julho, numa festa realizada em S\u00e3o Paulo \u00e9 revelado o buteco campe\u00e3o. Confira a lista dos butecos participantes e petiscos abaixo e consulte site oficial do concurso para mais informa\u00e7\u00f5es, e n\u00e3o deixe de seguir @_comidadibuteco. E como voc\u00eas j\u00e1 est\u00e3o acostumados com um mimo-extra, o jornalista que escreve a Coluna #PERAMBULANDO fez um v\u00eddeo durante a visita que a imprensa fez semana passada em tr\u00eas botecos que participam do concurso. Quer saber quais foram, os petiscos, as impress\u00f5es? Clique aqui e se deleite, mas fica o aviso, as imagens s\u00e3o fort\u00edssimas, de dar \u00e1gua na boca! Taguatinga Adega da Cacha\u00e7a Bahea Cozinha Baiana Confraria do Padim Destilaria Beer Federal Bar e Cozinha Quiosque do Cabe\u00e7a Quiosque Tardezinha Seu Z\u00e9 e Seu Man\u00e9 Asa Norte Aflora Gastrobar Dom Carica&#8217;s BBQ Encontro a Mineira Bar e Mercearia GamBAR Inverso Bar Versos e Restaurante Ltda Na Seis Comida de Bar Z\u00e9 Torresmo Asa Sul Embaixada do Piau\u00ed Na Venda Sudoeste Josefina &#8211; Cozinha que abra\u00e7a &nbsp; Sobradinho Bet Blinders Cozinha e Bar Churrasquinho do Dimi Pan\u00e7a Cheia N\u00facleo Bandeirante Avenida do Espetinho Bar e Restaurante Nordestino Esquema do Peixe Toca do Peixe Riacho Fundo Bem Amigos \u00c1guas Claras Boteco do Cantinho Boteco V\u00e9io Chico Espetinho do Bode Guar\u00e1 Cear\u00e1 Carne de Sol Quiosque do Galego \u00a0 Samambaia Mesquimar Cozinha e Bar Rota 20 Lago Norte Cuscuz Restaurante Trem B\u00e3o &nbsp; Vicente Pires Constela\u00e7\u00e3o 5 Cozinha e Bar Tat\u00e1 Kombinado Cozinha e Bar (Foto de capa) &nbsp; Gama Quintal BDS &#8211; Cozinha e Bar Fotos: Divulga\u00e7\u00e3o","og_url":"https:\/\/lackman.com.br\/index.php\/2025\/04\/07\/vai-comecar-o-comida-di-buteco-2025\/","og_site_name":"LACKMAN &amp; CO.","article_published_time":"2025-04-07T20:30:29+00:00","article_modified_time":"2025-04-08T16:19:39+00:00","og_image":[{"width":1250,"height":833,"url":"http:\/\/lackman.com.br\/wp-content\/uploads\/2025\/04\/TATA-KOMBINADO_COSTELA-KOMBINADA_BSB_2025_RAPHAEL-RIBEIRO-2.jpg","type":"image\/jpeg"}],"author":"Gilberto Evangelista - Colunista","twitter_card":"summary_large_image","twitter_misc":{"Escrito por":"Gilberto Evangelista - Colunista","Est. tempo de leitura":"4 minutos"},"schema":{"@context":"https:\/\/schema.org","@graph":[{"@type":"Article","@id":"https:\/\/lackman.com.br\/index.php\/2025\/04\/07\/vai-comecar-o-comida-di-buteco-2025\/#article","isPartOf":{"@id":"https:\/\/lackman.com.br\/index.php\/2025\/04\/07\/vai-comecar-o-comida-di-buteco-2025\/"},"author":{"name":"Gilberto Evangelista - Colunista","@id":"https:\/\/lackman.com.br\/#\/schema\/person\/8a2355f699593d21d4f0d25b69db5747"},"headline":"Vai come\u00e7ar o Comida di Buteco 2025!","datePublished":"2025-04-07T20:30:29+00:00","dateModified":"2025-04-08T16:19:39+00:00","mainEntityOfPage":{"@id":"https:\/\/lackman.com.br\/index.php\/2025\/04\/07\/vai-comecar-o-comida-di-buteco-2025\/"},"wordCount":560,"publisher":{"@id":"https:\/\/lackman.com.br\/#organization"},"image":{"@id":"https:\/\/lackman.com.br\/index.php\/2025\/04\/07\/vai-comecar-o-comida-di-buteco-2025\/#primaryimage"},"thumbnailUrl":"https:\/\/lackman.com.br\/wp-content\/uploads\/2025\/04\/TATA-KOMBINADO_COSTELA-KOMBINADA_BSB_2025_RAPHAEL-RIBEIRO-2.jpg","keywords":["#perambulandocomogiba","Amstel","bar","boteco","Brasil","brasilia","coluna #PERAMBULANDO","Comida di Buteco","concurso","df","gastronomia","petisco"],"articleSection":["Gastr\u00f4","Perambulando"],"inLanguage":"pt-BR"},{"@type":"WebPage","@id":"https:\/\/lackman.com.br\/index.php\/2025\/04\/07\/vai-comecar-o-comida-di-buteco-2025\/","url":"https:\/\/lackman.com.br\/index.php\/2025\/04\/07\/vai-comecar-o-comida-di-buteco-2025\/","name":"Vai come\u00e7ar o Comida di Buteco 2025! - LACKMAN &amp; CO.","isPartOf":{"@id":"https:\/\/lackman.com.br\/#website"},"primaryImageOfPage":{"@id":"https:\/\/lackman.com.br\/index.php\/2025\/04\/07\/vai-comecar-o-comida-di-buteco-2025\/#primaryimage"},"image":{"@id":"https:\/\/lackman.com.br\/index.php\/2025\/04\/07\/vai-comecar-o-comida-di-buteco-2025\/#primaryimage"},"thumbnailUrl":"https:\/\/lackman.com.br\/wp-content\/uploads\/2025\/04\/TATA-KOMBINADO_COSTELA-KOMBINADA_BSB_2025_RAPHAEL-RIBEIRO-2.jpg","datePublished":"2025-04-07T20:30:29+00:00","dateModified":"2025-04-08T16:19:39+00:00","breadcrumb":{"@id":"https:\/\/lackman.com.br\/index.php\/2025\/04\/07\/vai-comecar-o-comida-di-buteco-2025\/#breadcrumb"},"inLanguage":"pt-BR","potentialAction":[{"@type":"ReadAction","target":["https:\/\/lackman.com.br\/index.php\/2025\/04\/07\/vai-comecar-o-comida-di-buteco-2025\/"]}]},{"@type":"ImageObject","inLanguage":"pt-BR","@id":"https:\/\/lackman.com.br\/index.php\/2025\/04\/07\/vai-comecar-o-comida-di-buteco-2025\/#primaryimage","url":"https:\/\/lackman.com.br\/wp-content\/uploads\/2025\/04\/TATA-KOMBINADO_COSTELA-KOMBINADA_BSB_2025_RAPHAEL-RIBEIRO-2.jpg","contentUrl":"https:\/\/lackman.com.br\/wp-content\/uploads\/2025\/04\/TATA-KOMBINADO_COSTELA-KOMBINADA_BSB_2025_RAPHAEL-RIBEIRO-2.jpg","width":1250,"height":833},{"@type":"BreadcrumbList","@id":"https:\/\/lackman.com.br\/index.php\/2025\/04\/07\/vai-comecar-o-comida-di-buteco-2025\/#breadcrumb","itemListElement":[{"@type":"ListItem","position":1,"name":"In\u00edcio","item":"https:\/\/lackman.com.br\/"},{"@type":"ListItem","position":2,"name":"Vai come\u00e7ar o Comida di Buteco 2025!"}]},{"@type":"WebSite","@id":"https:\/\/lackman.com.br\/#website","url":"https:\/\/lackman.com.br\/","name":"LACKMAN &amp; CO.","description":"VIDA | MODA | ARTE","publisher":{"@id":"https:\/\/lackman.com.br\/#organization"},"potentialAction":[{"@type":"SearchAction","target":{"@type":"EntryPoint","urlTemplate":"https:\/\/lackman.com.br\/?s={search_term_string}"},"query-input":{"@type":"PropertyValueSpecification","valueRequired":true,"valueName":"search_term_string"}}],"inLanguage":"pt-BR"},{"@type":"Organization","@id":"https:\/\/lackman.com.br\/#organization","name":"LACKMAN &amp; CO.","url":"https:\/\/lackman.com.br\/","logo":{"@type":"ImageObject","inLanguage":"pt-BR","@id":"https:\/\/lackman.com.br\/#\/schema\/logo\/image\/","url":"https:\/\/lackman.com.br\/wp-content\/uploads\/2023\/06\/Logotipo_preto-1.png","contentUrl":"https:\/\/lackman.com.br\/wp-content\/uploads\/2023\/06\/Logotipo_preto-1.png","width":739,"height":393,"caption":"LACKMAN &amp; CO."},"image":{"@id":"https:\/\/lackman.com.br\/#\/schema\/logo\/image\/"}},{"@type":"Person","@id":"https:\/\/lackman.com.br\/#\/schema\/person\/8a2355f699593d21d4f0d25b69db5747","name":"Gilberto Evangelista - Colunista","image":{"@type":"ImageObject","inLanguage":"pt-BR","@id":"https:\/\/lackman.com.br\/#\/schema\/person\/image\/","url":"https:\/\/secure.gravatar.com\/avatar\/cea9badf02f8a90f7a745f2cbea45fda61f65711ec015e2faf3809cca6337c28?s=96&d=mm&r=g","contentUrl":"https:\/\/secure.gravatar.com\/avatar\/cea9badf02f8a90f7a745f2cbea45fda61f65711ec015e2faf3809cca6337c28?s=96&d=mm&r=g","caption":"Gilberto Evangelista - Colunista"},"description":"Jornalista e globetrotter.","url":"https:\/\/lackman.com.br\/index.php\/author\/gilberto-brito\/"}]}},"rttpg_featured_image_url":{"full":["https:\/\/lackman.com.br\/wp-content\/uploads\/2025\/04\/TATA-KOMBINADO_COSTELA-KOMBINADA_BSB_2025_RAPHAEL-RIBEIRO-2.jpg",1250,833,false],"landscape":["https:\/\/lackman.com.br\/wp-content\/uploads\/2025\/04\/TATA-KOMBINADO_COSTELA-KOMBINADA_BSB_2025_RAPHAEL-RIBEIRO-2.jpg",1250,833,false],"portraits":["https:\/\/lackman.com.br\/wp-content\/uploads\/2025\/04\/TATA-KOMBINADO_COSTELA-KOMBINADA_BSB_2025_RAPHAEL-RIBEIRO-2.jpg",1250,833,false],"thumbnail":["https:\/\/lackman.com.br\/wp-content\/uploads\/2025\/04\/TATA-KOMBINADO_COSTELA-KOMBINADA_BSB_2025_RAPHAEL-RIBEIRO-2-150x150.jpg",150,150,true],"medium":["https:\/\/lackman.com.br\/wp-content\/uploads\/2025\/04\/TATA-KOMBINADO_COSTELA-KOMBINADA_BSB_2025_RAPHAEL-RIBEIRO-2-300x200.jpg",300,200,true],"large":["https:\/\/lackman.com.br\/wp-content\/uploads\/2025\/04\/TATA-KOMBINADO_COSTELA-KOMBINADA_BSB_2025_RAPHAEL-RIBEIRO-2-1024x682.jpg",1024,682,true],"RoboGalleryMansoryImagesCenter":["https:\/\/lackman.com.br\/wp-content\/uploads\/2025\/04\/TATA-KOMBINADO_COSTELA-KOMBINADA_BSB_2025_RAPHAEL-RIBEIRO-2-600x833.jpg",600,833,true],"RoboGalleryPreload":["https:\/\/lackman.com.br\/wp-content\/uploads\/2025\/04\/TATA-KOMBINADO_COSTELA-KOMBINADA_BSB_2025_RAPHAEL-RIBEIRO-2.jpg",100,67,false],"1536x1536":["https:\/\/lackman.com.br\/wp-content\/uploads\/2025\/04\/TATA-KOMBINADO_COSTELA-KOMBINADA_BSB_2025_RAPHAEL-RIBEIRO-2.jpg",1250,833,false],"2048x2048":["https:\/\/lackman.com.br\/wp-content\/uploads\/2025\/04\/TATA-KOMBINADO_COSTELA-KOMBINADA_BSB_2025_RAPHAEL-RIBEIRO-2.jpg",1250,833,false]},"rttpg_author":{"display_name":"Gilberto Evangelista - Colunista","author_link":"https:\/\/lackman.com.br\/index.php\/author\/gilberto-brito\/"},"rttpg_comment":0,"rttpg_category":"<a href=\"https:\/\/lackman.com.br\/index.php\/category\/vida\/gastronomia\/\" rel=\"category tag\">Gastr\u00f4<\/a> <a href=\"https:\/\/lackman.com.br\/index.php\/category\/vida\/perambulando\/\" rel=\"category tag\">Perambulando<\/a>","rttpg_excerpt":"O concurso gastron\u00f4mico mais democr\u00e1tico do Brasil completa um quarto de s\u00e9culo no pa\u00eds e uma d\u00e9cada no Distrito Federal \u00c9 com o tema \u201cPaix\u00e3o pelo\u00a0buteco&#8221; que o Comida\u00a0di\u00a0Buteco celebra seus 25 anos de viv\u00eancias que se entrela\u00e7am com a cultura daquele bar raiz, ou seja, que n\u00e3o pertence a redes e nem franquias. Em&hellip;","_links":{"self":[{"href":"https:\/\/lackman.com.br\/index.php\/wp-json\/wp\/v2\/posts\/9144","targetHints":{"allow":["GET"]}}],"collection":[{"href":"https:\/\/lackman.com.br\/index.php\/wp-json\/wp\/v2\/posts"}],"about":[{"href":"https:\/\/lackman.com.br\/index.php\/wp-json\/wp\/v2\/types\/post"}],"author":[{"embeddable":true,"href":"https:\/\/lackman.com.br\/index.php\/wp-json\/wp\/v2\/users\/6"}],"replies":[{"embeddable":true,"href":"https:\/\/lackman.com.br\/index.php\/wp-json\/wp\/v2\/comments?post=9144"}],"version-history":[{"count":4,"href":"https:\/\/lackman.com.br\/index.php\/wp-json\/wp\/v2\/posts\/9144\/revisions"}],"predecessor-version":[{"id":9152,"href":"https:\/\/lackman.com.br\/index.php\/wp-json\/wp\/v2\/posts\/9144\/revisions\/9152"}],"wp:featuredmedia":[{"embeddable":true,"href":"https:\/\/lackman.com.br\/index.php\/wp-json\/wp\/v2\/media\/9145"}],"wp:attachment":[{"href":"https:\/\/lackman.com.br\/index.php\/wp-json\/wp\/v2\/media?parent=9144"}],"wp:term":[{"taxonomy":"category","embeddable":true,"href":"https:\/\/lackman.com.br\/index.php\/wp-json\/wp\/v2\/categories?post=9144"},{"taxonomy":"post_tag","embeddable":true,"href":"https:\/\/lackman.com.br\/index.php\/wp-json\/wp\/v2\/tags?post=9144"}],"curies":[{"name":"wp","href":"https:\/\/api.w.org\/{rel}","templated":true}]}}