{"id":9110,"date":"2025-03-31T19:15:26","date_gmt":"2025-03-31T22:15:26","guid":{"rendered":"https:\/\/lackman.com.br\/?p=9110"},"modified":"2025-03-31T19:15:26","modified_gmt":"2025-03-31T22:15:26","slug":"tem-galeria-de-bsb-no-portas-para-a-arte","status":"publish","type":"post","link":"https:\/\/lackman.com.br\/index.php\/2025\/03\/31\/tem-galeria-de-bsb-no-portas-para-a-arte\/","title":{"rendered":"Tem galeria de Bsb no Portas para a Arte"},"content":{"rendered":"<h5 style=\"text-align: justify\"><em>Galeria Jos\u00e9 Maciel.Art estreia no Portas para a Arte com a exposi\u00e7\u00e3o \u201cEcos da Mem\u00f3ria\u201d<\/em><\/h5>\n<p style=\"text-align: justify\">\n<p class=\"\" style=\"text-align: justify\" data-start=\"107\" data-end=\"850\">O projeto <strong data-start=\"117\" data-end=\"139\">Portas para a Arte<\/strong>, promovido pela <strong data-start=\"156\" data-end=\"187\">Funda\u00e7\u00e3o Bienal do Mercosul<\/strong>, chega \u00e0 sua segunda edi\u00e7\u00e3o com o objetivo de transformar Porto Alegre em uma grande galeria a c\u00e9u aberto durante a <strong data-start=\"304\" data-end=\"330\">14\u00aa Bienal do Mercosul<\/strong>, que acontece na capital ga\u00facha de <strong data-start=\"366\" data-end=\"395\">27 de mar\u00e7o a 1\u00ba de junho<\/strong>. A novidade desta vez \u00e9 que a organiza\u00e7\u00e3o do evento amplia sua representatividade ao convidar <strong data-start=\"490\" data-end=\"543\">duas galerias de Santa Catarina e uma de Bras\u00edlia<\/strong> para integrar a programa\u00e7\u00e3o fora do Rio Grande do Sul. E a representante da capital federal n\u00e3o poderia ser outra sen\u00e3o a <strong data-start=\"666\" data-end=\"693\">Galeria Jos\u00e9 Maciel.Art<\/strong>, que estreia no prestigiado evento com a exposi\u00e7\u00e3o <strong data-start=\"745\" data-end=\"766\">&#8220;Ecos da Mem\u00f3ria&#8221;<\/strong>, a ser inaugurada no dia <strong data-start=\"792\" data-end=\"806\">3 de abril<\/strong>, na <strong data-start=\"811\" data-end=\"847\">Ch\u00e1cara 71 da QI 05, no Lago Sul<\/strong>.<\/p>\n<p class=\"\" style=\"text-align: justify\" data-start=\"852\" data-end=\"1353\">Quem for <strong data-start=\"861\" data-end=\"878\">#PERAMBULANDO<\/strong> por l\u00e1 ver\u00e1 uma sele\u00e7\u00e3o de obras de <strong data-start=\"915\" data-end=\"930\">Jos\u00e9 Maciel<\/strong>, artista e fundador da galeria, que explora de forma singular as mem\u00f3rias pessoais e coletivas, conectando passado e presente por meio da arte. Com curadoria de Cl\u00e1udio Pereira e Danielle Athayde, a exposi\u00e7\u00e3o apresenta obras in\u00e9ditas criadas especialmente para o projeto, incluindo <strong data-start=\"1221\" data-end=\"1270\">pinturas, desenhos e pe\u00e7as com seixos rolados<\/strong>, refletindo a profunda conex\u00e3o do artista com sua trajet\u00f3ria e suas recorda\u00e7\u00f5es.<\/p>\n<p class=\"\" style=\"text-align: justify\" data-start=\"1355\" data-end=\"1640\">Jos\u00e9 Maciel, que al\u00e9m de artista pl\u00e1stico \u00e9 advogado, celebrou sua participa\u00e7\u00e3o no evento: &#8220;<em>Como ga\u00facho, \u00e9 uma grande honra integrar o Portas para a Arte \u2013 Funda\u00e7\u00e3o Bienal do Mercosul. A inclus\u00e3o de Bras\u00edlia na programa\u00e7\u00e3o deste ano torna minha participa\u00e7\u00e3o ainda mais especial<\/em>&#8220;, confessou o artista.<\/p>\n<p data-start=\"1355\" data-end=\"1640\"><img fetchpriority=\"high\" decoding=\"async\" class=\"aligncenter wp-image-9111 size-large\" src=\"http:\/\/lackman.com.br\/wp-content\/uploads\/2025\/03\/IMG_3663-769x1024.jpg\" alt=\"\" width=\"769\" height=\"1024\" srcset=\"https:\/\/lackman.com.br\/wp-content\/uploads\/2025\/03\/IMG_3663-769x1024.jpg 769w, https:\/\/lackman.com.br\/wp-content\/uploads\/2025\/03\/IMG_3663-225x300.jpg 225w, https:\/\/lackman.com.br\/wp-content\/uploads\/2025\/03\/IMG_3663-768x1022.jpg 768w, https:\/\/lackman.com.br\/wp-content\/uploads\/2025\/03\/IMG_3663-1154x1536.jpg 1154w, https:\/\/lackman.com.br\/wp-content\/uploads\/2025\/03\/IMG_3663-1539x2048.jpg 1539w, https:\/\/lackman.com.br\/wp-content\/uploads\/2025\/03\/IMG_3663-scaled.jpg 1923w\" sizes=\"(max-width: 769px) 100vw, 769px\" \/><\/p>\n<h3 style=\"text-align: justify\">Sobre o artista<\/h3>\n<p style=\"text-align: justify\">Al\u00e9m de advogado, <strong>Jos\u00e9 Maciel<\/strong> construiu uma trajet\u00f3ria art\u00edstica marcada por um v\u00ednculo profundo com a arte. Desde jovem, teve a oportunidade de conviver com grandes mestres, como <strong>Iber\u00ea Camargo<\/strong>, cuja influ\u00eancia moldou seu olhar art\u00edstico. Sua obra \u00e9 reconhecida por uma expressividade singular, conectando o pessoal ao universal.<\/p>\n<p style=\"text-align: justify\">Maciel j\u00e1 exp\u00f4s em espa\u00e7os renomados, como o <strong>Espa\u00e7o Oscar Niemeyer<\/strong>, o <strong>CasaPark<\/strong> e o <strong>Instituto Pernambuco Porto<\/strong>, em Portugal. Em setembro de 2024, inaugurou seu atelier-galeria em Bras\u00edlia, um espa\u00e7o dedicado \u00e0 sua cria\u00e7\u00e3o, al\u00e9m de lan\u00e7ar seu site oficial (<a href=\"http:\/\/www.josemaciel.art\/\">www.josemaciel.art<\/a>), ampliando o acesso \u00e0s suas obras e consolidando sua presen\u00e7a no mercado de arte.<\/p>\n<p style=\"text-align: justify\">\n<p style=\"text-align: justify\"><strong>Portas Para a Arte em Bras\u00edlia<\/strong><\/p>\n<p style=\"text-align: justify\"><strong>Ecos da Mem\u00f3ria \/ <\/strong><span style=\"font-size: 16px\">Galeria <\/span>Jos\u00e9Maciel.Art<span style=\"font-size: 16px\">\/ SHIS QI 05, Ch\u00e1cara 71, Lago Sul \/ at\u00e9 01 de junho 2025\u00a0 &#8211; visita\u00e7\u00e3o com hor\u00e1rio marcado \/ Whatsapp (61) 99265-7678<\/span><\/p>\n<pre>Foto: Divulga\u00e7\u00e3o<\/pre>\n<h3 class=\"         text-[8rem] text-zinc-400 leading-none whitespace-pre-line         font-tomb         \"><\/h3>\n","protected":false},"excerpt":{"rendered":"<p>Galeria Jos\u00e9 Maciel.Art estreia no Portas para a Arte com a exposi\u00e7\u00e3o \u201cEcos da Mem\u00f3ria\u201d O projeto Portas para a Arte, promovido pela Funda\u00e7\u00e3o Bienal do Mercosul, chega \u00e0 sua segunda edi\u00e7\u00e3o com o objetivo de transformar Porto Alegre em uma grande galeria a c\u00e9u aberto durante a 14\u00aa Bienal do Mercosul, que acontece na capital ga\u00facha de 27 de mar\u00e7o a 1\u00ba de junho. A novidade desta vez \u00e9 que a organiza\u00e7\u00e3o do evento amplia sua representatividade ao convidar duas galerias de Santa Catarina e uma de Bras\u00edlia para integrar a programa\u00e7\u00e3o fora do Rio Grande do Sul. E a representante da capital federal n\u00e3o poderia ser outra sen\u00e3o a Galeria Jos\u00e9 Maciel.Art, que estreia no prestigiado evento com a exposi\u00e7\u00e3o &#8220;Ecos da Mem\u00f3ria&#8221;, a ser inaugurada no dia 3 de abril, na Ch\u00e1cara 71 da QI 05, no Lago Sul. Quem for #PERAMBULANDO por l\u00e1 ver\u00e1 uma sele\u00e7\u00e3o de obras de Jos\u00e9 Maciel, artista e fundador da galeria, que explora de forma singular as mem\u00f3rias pessoais e coletivas, conectando passado e presente por meio da arte. Com curadoria de Cl\u00e1udio Pereira e Danielle Athayde, a exposi\u00e7\u00e3o apresenta obras in\u00e9ditas criadas especialmente para o projeto, incluindo pinturas, desenhos e pe\u00e7as com seixos rolados, refletindo a profunda conex\u00e3o do artista com sua trajet\u00f3ria e suas recorda\u00e7\u00f5es. Jos\u00e9 Maciel, que al\u00e9m de artista pl\u00e1stico \u00e9 advogado, celebrou sua participa\u00e7\u00e3o no evento: &#8220;Como ga\u00facho, \u00e9 uma grande honra integrar o Portas para a Arte \u2013 Funda\u00e7\u00e3o Bienal do Mercosul. A inclus\u00e3o de Bras\u00edlia na programa\u00e7\u00e3o deste ano torna minha participa\u00e7\u00e3o ainda mais especial&#8220;, confessou o artista. Sobre o artista Al\u00e9m de advogado, Jos\u00e9 Maciel construiu uma trajet\u00f3ria art\u00edstica marcada por um v\u00ednculo profundo com a arte. Desde jovem, teve a oportunidade de conviver com grandes mestres, como Iber\u00ea Camargo, cuja influ\u00eancia moldou seu olhar art\u00edstico. Sua obra \u00e9 reconhecida por uma expressividade singular, conectando o pessoal ao universal. Maciel j\u00e1 exp\u00f4s em espa\u00e7os renomados, como o Espa\u00e7o Oscar Niemeyer, o CasaPark e o Instituto Pernambuco Porto, em Portugal. Em setembro de 2024, inaugurou seu atelier-galeria em Bras\u00edlia, um espa\u00e7o dedicado \u00e0 sua cria\u00e7\u00e3o, al\u00e9m de lan\u00e7ar seu site oficial (www.josemaciel.art), ampliando o acesso \u00e0s suas obras e consolidando sua presen\u00e7a no mercado de arte. Portas Para a Arte em Bras\u00edlia Ecos da Mem\u00f3ria \/ Galeria Jos\u00e9Maciel.Art\/ SHIS QI 05, Ch\u00e1cara 71, Lago Sul \/ at\u00e9 01 de junho 2025\u00a0 &#8211; visita\u00e7\u00e3o com hor\u00e1rio marcado \/ Whatsapp (61) 99265-7678 Foto: Divulga\u00e7\u00e3o<\/p>\n","protected":false},"author":6,"featured_media":9112,"comment_status":"closed","ping_status":"open","sticky":false,"template":"","format":"standard","meta":{"site-sidebar-layout":"default","site-content-layout":"","ast-site-content-layout":"default","site-content-style":"default","site-sidebar-style":"default","ast-global-header-display":"","ast-banner-title-visibility":"","ast-main-header-display":"","ast-hfb-above-header-display":"","ast-hfb-below-header-display":"","ast-hfb-mobile-header-display":"","site-post-title":"","ast-breadcrumbs-content":"","ast-featured-img":"","footer-sml-layout":"","ast-disable-related-posts":"","theme-transparent-header-meta":"default","adv-header-id-meta":"","stick-header-meta":"","header-above-stick-meta":"","header-main-stick-meta":"","header-below-stick-meta":"","astra-migrate-meta-layouts":"set","ast-page-background-enabled":"default","ast-page-background-meta":{"desktop":{"background-color":"","background-image":"","background-repeat":"repeat","background-position":"center center","background-size":"auto","background-attachment":"scroll","background-type":"","background-media":"","overlay-type":"","overlay-color":"","overlay-opacity":"","overlay-gradient":""},"tablet":{"background-color":"","background-image":"","background-repeat":"repeat","background-position":"center center","background-size":"auto","background-attachment":"scroll","background-type":"","background-media":"","overlay-type":"","overlay-color":"","overlay-opacity":"","overlay-gradient":""},"mobile":{"background-color":"","background-image":"","background-repeat":"repeat","background-position":"center center","background-size":"auto","background-attachment":"scroll","background-type":"","background-media":"","overlay-type":"","overlay-color":"","overlay-opacity":"","overlay-gradient":""}},"ast-content-background-meta":{"desktop":{"background-color":"var(--ast-global-color-5)","background-image":"","background-repeat":"repeat","background-position":"center center","background-size":"auto","background-attachment":"scroll","background-type":"","background-media":"","overlay-type":"","overlay-color":"","overlay-opacity":"","overlay-gradient":""},"tablet":{"background-color":"var(--ast-global-color-5)","background-image":"","background-repeat":"repeat","background-position":"center center","background-size":"auto","background-attachment":"scroll","background-type":"","background-media":"","overlay-type":"","overlay-color":"","overlay-opacity":"","overlay-gradient":""},"mobile":{"background-color":"var(--ast-global-color-5)","background-image":"","background-repeat":"repeat","background-position":"center center","background-size":"auto","background-attachment":"scroll","background-type":"","background-media":"","overlay-type":"","overlay-color":"","overlay-opacity":"","overlay-gradient":""}},"footnotes":""},"categories":[46,47,43],"tags":[288,1952,147,1503,660,54,1865,89,1954,261,1951,354,1953,1949,1950],"class_list":["post-9110","post","type-post","status-publish","format-standard","has-post-thumbnail","hentry","category-arte","category-cultura-arte","category-perambulando","tag-perambulandocomogiba","tag-14a-bienal-do-mercosul","tag-arte","tag-artes-visuais","tag-artista","tag-brasilia","tag-coluna-perambulando","tag-df","tag-ecos-da-memoria","tag-exposicao","tag-fundacao-bienal-do-mercosul","tag-galeria","tag-galeria-jose-maciel-art","tag-jose-maciel","tag-pintor"],"yoast_head":"<!-- This site is optimized with the Yoast SEO plugin v27.0 - https:\/\/yoast.com\/product\/yoast-seo-wordpress\/ -->\n<title>Tem galeria de Bsb no Portas para a Arte - LACKMAN &amp; CO.<\/title>\n<meta name=\"robots\" content=\"index, follow, max-snippet:-1, max-image-preview:large, max-video-preview:-1\" \/>\n<link rel=\"canonical\" href=\"https:\/\/lackman.com.br\/index.php\/2025\/03\/31\/tem-galeria-de-bsb-no-portas-para-a-arte\/\" \/>\n<meta property=\"og:locale\" content=\"pt_BR\" \/>\n<meta property=\"og:type\" content=\"article\" \/>\n<meta property=\"og:title\" content=\"Tem galeria de Bsb no Portas para a Arte - LACKMAN &amp; CO.\" \/>\n<meta property=\"og:description\" content=\"Galeria Jos\u00e9 Maciel.Art estreia no Portas para a Arte com a exposi\u00e7\u00e3o \u201cEcos da Mem\u00f3ria\u201d O projeto Portas para a Arte, promovido pela Funda\u00e7\u00e3o Bienal do Mercosul, chega \u00e0 sua segunda edi\u00e7\u00e3o com o objetivo de transformar Porto Alegre em uma grande galeria a c\u00e9u aberto durante a 14\u00aa Bienal do Mercosul, que acontece na capital ga\u00facha de 27 de mar\u00e7o a 1\u00ba de junho. A novidade desta vez \u00e9 que a organiza\u00e7\u00e3o do evento amplia sua representatividade ao convidar duas galerias de Santa Catarina e uma de Bras\u00edlia para integrar a programa\u00e7\u00e3o fora do Rio Grande do Sul. E a representante da capital federal n\u00e3o poderia ser outra sen\u00e3o a Galeria Jos\u00e9 Maciel.Art, que estreia no prestigiado evento com a exposi\u00e7\u00e3o &#8220;Ecos da Mem\u00f3ria&#8221;, a ser inaugurada no dia 3 de abril, na Ch\u00e1cara 71 da QI 05, no Lago Sul. Quem for #PERAMBULANDO por l\u00e1 ver\u00e1 uma sele\u00e7\u00e3o de obras de Jos\u00e9 Maciel, artista e fundador da galeria, que explora de forma singular as mem\u00f3rias pessoais e coletivas, conectando passado e presente por meio da arte. Com curadoria de Cl\u00e1udio Pereira e Danielle Athayde, a exposi\u00e7\u00e3o apresenta obras in\u00e9ditas criadas especialmente para o projeto, incluindo pinturas, desenhos e pe\u00e7as com seixos rolados, refletindo a profunda conex\u00e3o do artista com sua trajet\u00f3ria e suas recorda\u00e7\u00f5es. Jos\u00e9 Maciel, que al\u00e9m de artista pl\u00e1stico \u00e9 advogado, celebrou sua participa\u00e7\u00e3o no evento: &#8220;Como ga\u00facho, \u00e9 uma grande honra integrar o Portas para a Arte \u2013 Funda\u00e7\u00e3o Bienal do Mercosul. A inclus\u00e3o de Bras\u00edlia na programa\u00e7\u00e3o deste ano torna minha participa\u00e7\u00e3o ainda mais especial&#8220;, confessou o artista. Sobre o artista Al\u00e9m de advogado, Jos\u00e9 Maciel construiu uma trajet\u00f3ria art\u00edstica marcada por um v\u00ednculo profundo com a arte. Desde jovem, teve a oportunidade de conviver com grandes mestres, como Iber\u00ea Camargo, cuja influ\u00eancia moldou seu olhar art\u00edstico. Sua obra \u00e9 reconhecida por uma expressividade singular, conectando o pessoal ao universal. Maciel j\u00e1 exp\u00f4s em espa\u00e7os renomados, como o Espa\u00e7o Oscar Niemeyer, o CasaPark e o Instituto Pernambuco Porto, em Portugal. Em setembro de 2024, inaugurou seu atelier-galeria em Bras\u00edlia, um espa\u00e7o dedicado \u00e0 sua cria\u00e7\u00e3o, al\u00e9m de lan\u00e7ar seu site oficial (www.josemaciel.art), ampliando o acesso \u00e0s suas obras e consolidando sua presen\u00e7a no mercado de arte. Portas Para a Arte em Bras\u00edlia Ecos da Mem\u00f3ria \/ Galeria Jos\u00e9Maciel.Art\/ SHIS QI 05, Ch\u00e1cara 71, Lago Sul \/ at\u00e9 01 de junho 2025\u00a0 &#8211; visita\u00e7\u00e3o com hor\u00e1rio marcado \/ Whatsapp (61) 99265-7678 Foto: Divulga\u00e7\u00e3o\" \/>\n<meta property=\"og:url\" content=\"https:\/\/lackman.com.br\/index.php\/2025\/03\/31\/tem-galeria-de-bsb-no-portas-para-a-arte\/\" \/>\n<meta property=\"og:site_name\" content=\"LACKMAN &amp; CO.\" \/>\n<meta property=\"article:published_time\" content=\"2025-03-31T22:15:26+00:00\" \/>\n<meta property=\"og:image\" content=\"http:\/\/lackman.com.br\/wp-content\/uploads\/2025\/03\/IMG_3752-1-scaled.jpg\" \/>\n\t<meta property=\"og:image:width\" content=\"1907\" \/>\n\t<meta property=\"og:image:height\" content=\"2560\" \/>\n\t<meta property=\"og:image:type\" content=\"image\/jpeg\" \/>\n<meta name=\"author\" content=\"Gilberto Evangelista - Colunista\" \/>\n<meta name=\"twitter:card\" content=\"summary_large_image\" \/>\n<meta name=\"twitter:label1\" content=\"Escrito por\" \/>\n\t<meta name=\"twitter:data1\" content=\"Gilberto Evangelista - Colunista\" \/>\n\t<meta name=\"twitter:label2\" content=\"Est. tempo de leitura\" \/>\n\t<meta name=\"twitter:data2\" content=\"3 minutos\" \/>\n<script type=\"application\/ld+json\" class=\"yoast-schema-graph\">{\"@context\":\"https:\/\/schema.org\",\"@graph\":[{\"@type\":\"Article\",\"@id\":\"https:\/\/lackman.com.br\/index.php\/2025\/03\/31\/tem-galeria-de-bsb-no-portas-para-a-arte\/#article\",\"isPartOf\":{\"@id\":\"https:\/\/lackman.com.br\/index.php\/2025\/03\/31\/tem-galeria-de-bsb-no-portas-para-a-arte\/\"},\"author\":{\"name\":\"Gilberto Evangelista - Colunista\",\"@id\":\"https:\/\/lackman.com.br\/#\/schema\/person\/8a2355f699593d21d4f0d25b69db5747\"},\"headline\":\"Tem galeria de Bsb no Portas para a Arte\",\"datePublished\":\"2025-03-31T22:15:26+00:00\",\"mainEntityOfPage\":{\"@id\":\"https:\/\/lackman.com.br\/index.php\/2025\/03\/31\/tem-galeria-de-bsb-no-portas-para-a-arte\/\"},\"wordCount\":452,\"publisher\":{\"@id\":\"https:\/\/lackman.com.br\/#organization\"},\"image\":{\"@id\":\"https:\/\/lackman.com.br\/index.php\/2025\/03\/31\/tem-galeria-de-bsb-no-portas-para-a-arte\/#primaryimage\"},\"thumbnailUrl\":\"https:\/\/lackman.com.br\/wp-content\/uploads\/2025\/03\/IMG_3752-1-scaled.jpg\",\"keywords\":[\"#perambulandocomogiba\",\"14\u00aa Bienal do Mercosul\",\"Arte\",\"artes-visuais\",\"artista\",\"brasilia\",\"coluna #PERAMBULANDO\",\"df\",\"Ecos da Mem\u00f3ria\",\"exposi\u00e7\u00e3o\",\"Funda\u00e7\u00e3o Bienal do Mercosul\",\"galeria\",\"Galeria Jos\u00e9 Maciel.Art\",\"Jos\u00e9 Maciel\",\"pintor\"],\"articleSection\":[\"Arte\",\"Cultura\",\"Perambulando\"],\"inLanguage\":\"pt-BR\"},{\"@type\":\"WebPage\",\"@id\":\"https:\/\/lackman.com.br\/index.php\/2025\/03\/31\/tem-galeria-de-bsb-no-portas-para-a-arte\/\",\"url\":\"https:\/\/lackman.com.br\/index.php\/2025\/03\/31\/tem-galeria-de-bsb-no-portas-para-a-arte\/\",\"name\":\"Tem galeria de Bsb no Portas para a Arte - LACKMAN &amp; CO.\",\"isPartOf\":{\"@id\":\"https:\/\/lackman.com.br\/#website\"},\"primaryImageOfPage\":{\"@id\":\"https:\/\/lackman.com.br\/index.php\/2025\/03\/31\/tem-galeria-de-bsb-no-portas-para-a-arte\/#primaryimage\"},\"image\":{\"@id\":\"https:\/\/lackman.com.br\/index.php\/2025\/03\/31\/tem-galeria-de-bsb-no-portas-para-a-arte\/#primaryimage\"},\"thumbnailUrl\":\"https:\/\/lackman.com.br\/wp-content\/uploads\/2025\/03\/IMG_3752-1-scaled.jpg\",\"datePublished\":\"2025-03-31T22:15:26+00:00\",\"breadcrumb\":{\"@id\":\"https:\/\/lackman.com.br\/index.php\/2025\/03\/31\/tem-galeria-de-bsb-no-portas-para-a-arte\/#breadcrumb\"},\"inLanguage\":\"pt-BR\",\"potentialAction\":[{\"@type\":\"ReadAction\",\"target\":[\"https:\/\/lackman.com.br\/index.php\/2025\/03\/31\/tem-galeria-de-bsb-no-portas-para-a-arte\/\"]}]},{\"@type\":\"ImageObject\",\"inLanguage\":\"pt-BR\",\"@id\":\"https:\/\/lackman.com.br\/index.php\/2025\/03\/31\/tem-galeria-de-bsb-no-portas-para-a-arte\/#primaryimage\",\"url\":\"https:\/\/lackman.com.br\/wp-content\/uploads\/2025\/03\/IMG_3752-1-scaled.jpg\",\"contentUrl\":\"https:\/\/lackman.com.br\/wp-content\/uploads\/2025\/03\/IMG_3752-1-scaled.jpg\",\"width\":1907,\"height\":2560},{\"@type\":\"BreadcrumbList\",\"@id\":\"https:\/\/lackman.com.br\/index.php\/2025\/03\/31\/tem-galeria-de-bsb-no-portas-para-a-arte\/#breadcrumb\",\"itemListElement\":[{\"@type\":\"ListItem\",\"position\":1,\"name\":\"In\u00edcio\",\"item\":\"https:\/\/lackman.com.br\/\"},{\"@type\":\"ListItem\",\"position\":2,\"name\":\"Tem galeria de Bsb no Portas para a Arte\"}]},{\"@type\":\"WebSite\",\"@id\":\"https:\/\/lackman.com.br\/#website\",\"url\":\"https:\/\/lackman.com.br\/\",\"name\":\"LACKMAN &amp; CO.\",\"description\":\"VIDA | MODA | ARTE\",\"publisher\":{\"@id\":\"https:\/\/lackman.com.br\/#organization\"},\"potentialAction\":[{\"@type\":\"SearchAction\",\"target\":{\"@type\":\"EntryPoint\",\"urlTemplate\":\"https:\/\/lackman.com.br\/?s={search_term_string}\"},\"query-input\":{\"@type\":\"PropertyValueSpecification\",\"valueRequired\":true,\"valueName\":\"search_term_string\"}}],\"inLanguage\":\"pt-BR\"},{\"@type\":\"Organization\",\"@id\":\"https:\/\/lackman.com.br\/#organization\",\"name\":\"LACKMAN &amp; CO.\",\"url\":\"https:\/\/lackman.com.br\/\",\"logo\":{\"@type\":\"ImageObject\",\"inLanguage\":\"pt-BR\",\"@id\":\"https:\/\/lackman.com.br\/#\/schema\/logo\/image\/\",\"url\":\"https:\/\/lackman.com.br\/wp-content\/uploads\/2023\/06\/Logotipo_preto-1.png\",\"contentUrl\":\"https:\/\/lackman.com.br\/wp-content\/uploads\/2023\/06\/Logotipo_preto-1.png\",\"width\":739,\"height\":393,\"caption\":\"LACKMAN &amp; CO.\"},\"image\":{\"@id\":\"https:\/\/lackman.com.br\/#\/schema\/logo\/image\/\"}},{\"@type\":\"Person\",\"@id\":\"https:\/\/lackman.com.br\/#\/schema\/person\/8a2355f699593d21d4f0d25b69db5747\",\"name\":\"Gilberto Evangelista - Colunista\",\"image\":{\"@type\":\"ImageObject\",\"inLanguage\":\"pt-BR\",\"@id\":\"https:\/\/lackman.com.br\/#\/schema\/person\/image\/\",\"url\":\"https:\/\/secure.gravatar.com\/avatar\/cea9badf02f8a90f7a745f2cbea45fda61f65711ec015e2faf3809cca6337c28?s=96&d=mm&r=g\",\"contentUrl\":\"https:\/\/secure.gravatar.com\/avatar\/cea9badf02f8a90f7a745f2cbea45fda61f65711ec015e2faf3809cca6337c28?s=96&d=mm&r=g\",\"caption\":\"Gilberto Evangelista - Colunista\"},\"description\":\"Jornalista e globetrotter.\",\"url\":\"https:\/\/lackman.com.br\/index.php\/author\/gilberto-brito\/\"}]}<\/script>\n<!-- \/ Yoast SEO plugin. -->","yoast_head_json":{"title":"Tem galeria de Bsb no Portas para a Arte - LACKMAN &amp; CO.","robots":{"index":"index","follow":"follow","max-snippet":"max-snippet:-1","max-image-preview":"max-image-preview:large","max-video-preview":"max-video-preview:-1"},"canonical":"https:\/\/lackman.com.br\/index.php\/2025\/03\/31\/tem-galeria-de-bsb-no-portas-para-a-arte\/","og_locale":"pt_BR","og_type":"article","og_title":"Tem galeria de Bsb no Portas para a Arte - LACKMAN &amp; CO.","og_description":"Galeria Jos\u00e9 Maciel.Art estreia no Portas para a Arte com a exposi\u00e7\u00e3o \u201cEcos da Mem\u00f3ria\u201d O projeto Portas para a Arte, promovido pela Funda\u00e7\u00e3o Bienal do Mercosul, chega \u00e0 sua segunda edi\u00e7\u00e3o com o objetivo de transformar Porto Alegre em uma grande galeria a c\u00e9u aberto durante a 14\u00aa Bienal do Mercosul, que acontece na capital ga\u00facha de 27 de mar\u00e7o a 1\u00ba de junho. A novidade desta vez \u00e9 que a organiza\u00e7\u00e3o do evento amplia sua representatividade ao convidar duas galerias de Santa Catarina e uma de Bras\u00edlia para integrar a programa\u00e7\u00e3o fora do Rio Grande do Sul. E a representante da capital federal n\u00e3o poderia ser outra sen\u00e3o a Galeria Jos\u00e9 Maciel.Art, que estreia no prestigiado evento com a exposi\u00e7\u00e3o &#8220;Ecos da Mem\u00f3ria&#8221;, a ser inaugurada no dia 3 de abril, na Ch\u00e1cara 71 da QI 05, no Lago Sul. Quem for #PERAMBULANDO por l\u00e1 ver\u00e1 uma sele\u00e7\u00e3o de obras de Jos\u00e9 Maciel, artista e fundador da galeria, que explora de forma singular as mem\u00f3rias pessoais e coletivas, conectando passado e presente por meio da arte. Com curadoria de Cl\u00e1udio Pereira e Danielle Athayde, a exposi\u00e7\u00e3o apresenta obras in\u00e9ditas criadas especialmente para o projeto, incluindo pinturas, desenhos e pe\u00e7as com seixos rolados, refletindo a profunda conex\u00e3o do artista com sua trajet\u00f3ria e suas recorda\u00e7\u00f5es. Jos\u00e9 Maciel, que al\u00e9m de artista pl\u00e1stico \u00e9 advogado, celebrou sua participa\u00e7\u00e3o no evento: &#8220;Como ga\u00facho, \u00e9 uma grande honra integrar o Portas para a Arte \u2013 Funda\u00e7\u00e3o Bienal do Mercosul. A inclus\u00e3o de Bras\u00edlia na programa\u00e7\u00e3o deste ano torna minha participa\u00e7\u00e3o ainda mais especial&#8220;, confessou o artista. Sobre o artista Al\u00e9m de advogado, Jos\u00e9 Maciel construiu uma trajet\u00f3ria art\u00edstica marcada por um v\u00ednculo profundo com a arte. Desde jovem, teve a oportunidade de conviver com grandes mestres, como Iber\u00ea Camargo, cuja influ\u00eancia moldou seu olhar art\u00edstico. Sua obra \u00e9 reconhecida por uma expressividade singular, conectando o pessoal ao universal. Maciel j\u00e1 exp\u00f4s em espa\u00e7os renomados, como o Espa\u00e7o Oscar Niemeyer, o CasaPark e o Instituto Pernambuco Porto, em Portugal. Em setembro de 2024, inaugurou seu atelier-galeria em Bras\u00edlia, um espa\u00e7o dedicado \u00e0 sua cria\u00e7\u00e3o, al\u00e9m de lan\u00e7ar seu site oficial (www.josemaciel.art), ampliando o acesso \u00e0s suas obras e consolidando sua presen\u00e7a no mercado de arte. Portas Para a Arte em Bras\u00edlia Ecos da Mem\u00f3ria \/ Galeria Jos\u00e9Maciel.Art\/ SHIS QI 05, Ch\u00e1cara 71, Lago Sul \/ at\u00e9 01 de junho 2025\u00a0 &#8211; visita\u00e7\u00e3o com hor\u00e1rio marcado \/ Whatsapp (61) 99265-7678 Foto: Divulga\u00e7\u00e3o","og_url":"https:\/\/lackman.com.br\/index.php\/2025\/03\/31\/tem-galeria-de-bsb-no-portas-para-a-arte\/","og_site_name":"LACKMAN &amp; CO.","article_published_time":"2025-03-31T22:15:26+00:00","og_image":[{"width":1907,"height":2560,"url":"http:\/\/lackman.com.br\/wp-content\/uploads\/2025\/03\/IMG_3752-1-scaled.jpg","type":"image\/jpeg"}],"author":"Gilberto Evangelista - Colunista","twitter_card":"summary_large_image","twitter_misc":{"Escrito por":"Gilberto Evangelista - Colunista","Est. tempo de leitura":"3 minutos"},"schema":{"@context":"https:\/\/schema.org","@graph":[{"@type":"Article","@id":"https:\/\/lackman.com.br\/index.php\/2025\/03\/31\/tem-galeria-de-bsb-no-portas-para-a-arte\/#article","isPartOf":{"@id":"https:\/\/lackman.com.br\/index.php\/2025\/03\/31\/tem-galeria-de-bsb-no-portas-para-a-arte\/"},"author":{"name":"Gilberto Evangelista - Colunista","@id":"https:\/\/lackman.com.br\/#\/schema\/person\/8a2355f699593d21d4f0d25b69db5747"},"headline":"Tem galeria de Bsb no Portas para a Arte","datePublished":"2025-03-31T22:15:26+00:00","mainEntityOfPage":{"@id":"https:\/\/lackman.com.br\/index.php\/2025\/03\/31\/tem-galeria-de-bsb-no-portas-para-a-arte\/"},"wordCount":452,"publisher":{"@id":"https:\/\/lackman.com.br\/#organization"},"image":{"@id":"https:\/\/lackman.com.br\/index.php\/2025\/03\/31\/tem-galeria-de-bsb-no-portas-para-a-arte\/#primaryimage"},"thumbnailUrl":"https:\/\/lackman.com.br\/wp-content\/uploads\/2025\/03\/IMG_3752-1-scaled.jpg","keywords":["#perambulandocomogiba","14\u00aa Bienal do Mercosul","Arte","artes-visuais","artista","brasilia","coluna #PERAMBULANDO","df","Ecos da Mem\u00f3ria","exposi\u00e7\u00e3o","Funda\u00e7\u00e3o Bienal do Mercosul","galeria","Galeria Jos\u00e9 Maciel.Art","Jos\u00e9 Maciel","pintor"],"articleSection":["Arte","Cultura","Perambulando"],"inLanguage":"pt-BR"},{"@type":"WebPage","@id":"https:\/\/lackman.com.br\/index.php\/2025\/03\/31\/tem-galeria-de-bsb-no-portas-para-a-arte\/","url":"https:\/\/lackman.com.br\/index.php\/2025\/03\/31\/tem-galeria-de-bsb-no-portas-para-a-arte\/","name":"Tem galeria de Bsb no Portas para a Arte - LACKMAN &amp; CO.","isPartOf":{"@id":"https:\/\/lackman.com.br\/#website"},"primaryImageOfPage":{"@id":"https:\/\/lackman.com.br\/index.php\/2025\/03\/31\/tem-galeria-de-bsb-no-portas-para-a-arte\/#primaryimage"},"image":{"@id":"https:\/\/lackman.com.br\/index.php\/2025\/03\/31\/tem-galeria-de-bsb-no-portas-para-a-arte\/#primaryimage"},"thumbnailUrl":"https:\/\/lackman.com.br\/wp-content\/uploads\/2025\/03\/IMG_3752-1-scaled.jpg","datePublished":"2025-03-31T22:15:26+00:00","breadcrumb":{"@id":"https:\/\/lackman.com.br\/index.php\/2025\/03\/31\/tem-galeria-de-bsb-no-portas-para-a-arte\/#breadcrumb"},"inLanguage":"pt-BR","potentialAction":[{"@type":"ReadAction","target":["https:\/\/lackman.com.br\/index.php\/2025\/03\/31\/tem-galeria-de-bsb-no-portas-para-a-arte\/"]}]},{"@type":"ImageObject","inLanguage":"pt-BR","@id":"https:\/\/lackman.com.br\/index.php\/2025\/03\/31\/tem-galeria-de-bsb-no-portas-para-a-arte\/#primaryimage","url":"https:\/\/lackman.com.br\/wp-content\/uploads\/2025\/03\/IMG_3752-1-scaled.jpg","contentUrl":"https:\/\/lackman.com.br\/wp-content\/uploads\/2025\/03\/IMG_3752-1-scaled.jpg","width":1907,"height":2560},{"@type":"BreadcrumbList","@id":"https:\/\/lackman.com.br\/index.php\/2025\/03\/31\/tem-galeria-de-bsb-no-portas-para-a-arte\/#breadcrumb","itemListElement":[{"@type":"ListItem","position":1,"name":"In\u00edcio","item":"https:\/\/lackman.com.br\/"},{"@type":"ListItem","position":2,"name":"Tem galeria de Bsb no Portas para a Arte"}]},{"@type":"WebSite","@id":"https:\/\/lackman.com.br\/#website","url":"https:\/\/lackman.com.br\/","name":"LACKMAN &amp; CO.","description":"VIDA | MODA | ARTE","publisher":{"@id":"https:\/\/lackman.com.br\/#organization"},"potentialAction":[{"@type":"SearchAction","target":{"@type":"EntryPoint","urlTemplate":"https:\/\/lackman.com.br\/?s={search_term_string}"},"query-input":{"@type":"PropertyValueSpecification","valueRequired":true,"valueName":"search_term_string"}}],"inLanguage":"pt-BR"},{"@type":"Organization","@id":"https:\/\/lackman.com.br\/#organization","name":"LACKMAN &amp; CO.","url":"https:\/\/lackman.com.br\/","logo":{"@type":"ImageObject","inLanguage":"pt-BR","@id":"https:\/\/lackman.com.br\/#\/schema\/logo\/image\/","url":"https:\/\/lackman.com.br\/wp-content\/uploads\/2023\/06\/Logotipo_preto-1.png","contentUrl":"https:\/\/lackman.com.br\/wp-content\/uploads\/2023\/06\/Logotipo_preto-1.png","width":739,"height":393,"caption":"LACKMAN &amp; CO."},"image":{"@id":"https:\/\/lackman.com.br\/#\/schema\/logo\/image\/"}},{"@type":"Person","@id":"https:\/\/lackman.com.br\/#\/schema\/person\/8a2355f699593d21d4f0d25b69db5747","name":"Gilberto Evangelista - Colunista","image":{"@type":"ImageObject","inLanguage":"pt-BR","@id":"https:\/\/lackman.com.br\/#\/schema\/person\/image\/","url":"https:\/\/secure.gravatar.com\/avatar\/cea9badf02f8a90f7a745f2cbea45fda61f65711ec015e2faf3809cca6337c28?s=96&d=mm&r=g","contentUrl":"https:\/\/secure.gravatar.com\/avatar\/cea9badf02f8a90f7a745f2cbea45fda61f65711ec015e2faf3809cca6337c28?s=96&d=mm&r=g","caption":"Gilberto Evangelista - Colunista"},"description":"Jornalista e globetrotter.","url":"https:\/\/lackman.com.br\/index.php\/author\/gilberto-brito\/"}]}},"rttpg_featured_image_url":{"full":["https:\/\/lackman.com.br\/wp-content\/uploads\/2025\/03\/IMG_3752-1-scaled.jpg",1907,2560,false],"landscape":["https:\/\/lackman.com.br\/wp-content\/uploads\/2025\/03\/IMG_3752-1-scaled.jpg",1907,2560,false],"portraits":["https:\/\/lackman.com.br\/wp-content\/uploads\/2025\/03\/IMG_3752-1-scaled.jpg",1907,2560,false],"thumbnail":["https:\/\/lackman.com.br\/wp-content\/uploads\/2025\/03\/IMG_3752-1-150x150.jpg",150,150,true],"medium":["https:\/\/lackman.com.br\/wp-content\/uploads\/2025\/03\/IMG_3752-1-223x300.jpg",223,300,true],"large":["https:\/\/lackman.com.br\/wp-content\/uploads\/2025\/03\/IMG_3752-1-763x1024.jpg",763,1024,true],"RoboGalleryMansoryImagesCenter":["https:\/\/lackman.com.br\/wp-content\/uploads\/2025\/03\/IMG_3752-1-600x1024.jpg",600,1024,true],"RoboGalleryPreload":["https:\/\/lackman.com.br\/wp-content\/uploads\/2025\/03\/IMG_3752-1-scaled.jpg",100,134,false],"1536x1536":["https:\/\/lackman.com.br\/wp-content\/uploads\/2025\/03\/IMG_3752-1-1144x1536.jpg",1144,1536,true],"2048x2048":["https:\/\/lackman.com.br\/wp-content\/uploads\/2025\/03\/IMG_3752-1-1525x2048.jpg",1525,2048,true]},"rttpg_author":{"display_name":"Gilberto Evangelista - Colunista","author_link":"https:\/\/lackman.com.br\/index.php\/author\/gilberto-brito\/"},"rttpg_comment":0,"rttpg_category":"<a href=\"https:\/\/lackman.com.br\/index.php\/category\/arte\/\" rel=\"category tag\">Arte<\/a> <a href=\"https:\/\/lackman.com.br\/index.php\/category\/arte\/cultura-arte\/\" rel=\"category tag\">Cultura<\/a> <a href=\"https:\/\/lackman.com.br\/index.php\/category\/vida\/perambulando\/\" rel=\"category tag\">Perambulando<\/a>","rttpg_excerpt":"Galeria Jos\u00e9 Maciel.Art estreia no Portas para a Arte com a exposi\u00e7\u00e3o \u201cEcos da Mem\u00f3ria\u201d O projeto Portas para a Arte, promovido pela Funda\u00e7\u00e3o Bienal do Mercosul, chega \u00e0 sua segunda edi\u00e7\u00e3o com o objetivo de transformar Porto Alegre em uma grande galeria a c\u00e9u aberto durante a 14\u00aa Bienal do Mercosul, que acontece na&hellip;","_links":{"self":[{"href":"https:\/\/lackman.com.br\/index.php\/wp-json\/wp\/v2\/posts\/9110","targetHints":{"allow":["GET"]}}],"collection":[{"href":"https:\/\/lackman.com.br\/index.php\/wp-json\/wp\/v2\/posts"}],"about":[{"href":"https:\/\/lackman.com.br\/index.php\/wp-json\/wp\/v2\/types\/post"}],"author":[{"embeddable":true,"href":"https:\/\/lackman.com.br\/index.php\/wp-json\/wp\/v2\/users\/6"}],"replies":[{"embeddable":true,"href":"https:\/\/lackman.com.br\/index.php\/wp-json\/wp\/v2\/comments?post=9110"}],"version-history":[{"count":2,"href":"https:\/\/lackman.com.br\/index.php\/wp-json\/wp\/v2\/posts\/9110\/revisions"}],"predecessor-version":[{"id":9114,"href":"https:\/\/lackman.com.br\/index.php\/wp-json\/wp\/v2\/posts\/9110\/revisions\/9114"}],"wp:featuredmedia":[{"embeddable":true,"href":"https:\/\/lackman.com.br\/index.php\/wp-json\/wp\/v2\/media\/9112"}],"wp:attachment":[{"href":"https:\/\/lackman.com.br\/index.php\/wp-json\/wp\/v2\/media?parent=9110"}],"wp:term":[{"taxonomy":"category","embeddable":true,"href":"https:\/\/lackman.com.br\/index.php\/wp-json\/wp\/v2\/categories?post=9110"},{"taxonomy":"post_tag","embeddable":true,"href":"https:\/\/lackman.com.br\/index.php\/wp-json\/wp\/v2\/tags?post=9110"}],"curies":[{"name":"wp","href":"https:\/\/api.w.org\/{rel}","templated":true}]}}