{"id":9084,"date":"2025-03-31T18:30:44","date_gmt":"2025-03-31T21:30:44","guid":{"rendered":"https:\/\/lackman.com.br\/?p=9084"},"modified":"2025-03-31T18:30:44","modified_gmt":"2025-03-31T21:30:44","slug":"valeria-lessa-realiza-mais-um-cafe-com-treino","status":"publish","type":"post","link":"https:\/\/lackman.com.br\/index.php\/2025\/03\/31\/valeria-lessa-realiza-mais-um-cafe-com-treino\/","title":{"rendered":"Val\u00e9ria Lessa realiza mais um Caf\u00e9 Com Treino"},"content":{"rendered":"<h5 style=\"text-align: justify\"><em>Terceira edi\u00e7\u00e3o do evento criado pela influencer e palestrante tem palestra, exerc\u00edcios, brindes e muitas del\u00edcias<\/em><\/h5>\n<p>&nbsp;<\/p>\n<p style=\"text-align: justify\">Enquanto muitos brasilienses aproveitavam o \u00faltimo domingo (30) para dormir um pouco mais, cerca de 100 mulheres decidiram come\u00e7ar o dia com disposi\u00e7\u00e3o e prop\u00f3sito. Sob um c\u00e9u azul e um sol vibrante, elas participaram da terceira edi\u00e7\u00e3o do <strong>Caf\u00e9 Com Treino<\/strong>, atendendo ao convite de <strong>Val\u00e9ria Lessa<\/strong>. O evento aconteceu na quadra de esportes do <strong>Col\u00e9gio Bi\u00e2ngulo<\/strong>, em \u00c1guas Claras, e reuniu um mix perfeito de movimento, bate-papo inspirador e muito autocuidado. O objetivo? Abra\u00e7ar novos h\u00e1bitos e fortalecer corpo e mente em uma jornada de autoestima e bem-estar.<\/p>\n<p><img fetchpriority=\"high\" decoding=\"async\" class=\"alignnone size-large wp-image-9093\" src=\"http:\/\/lackman.com.br\/wp-content\/uploads\/2025\/03\/CafeTreino_208_byGilbertoEvangelista.jpg\" alt=\"\" width=\"850\" height=\"567\" srcset=\"https:\/\/lackman.com.br\/wp-content\/uploads\/2025\/03\/CafeTreino_208_byGilbertoEvangelista.jpg 850w, https:\/\/lackman.com.br\/wp-content\/uploads\/2025\/03\/CafeTreino_208_byGilbertoEvangelista-300x200.jpg 300w, https:\/\/lackman.com.br\/wp-content\/uploads\/2025\/03\/CafeTreino_208_byGilbertoEvangelista-768x512.jpg 768w\" sizes=\"(max-width: 850px) 100vw, 850px\" \/><\/p>\n<p style=\"text-align: justify\"><img decoding=\"async\" class=\"alignnone size-full wp-image-9085\" src=\"http:\/\/lackman.com.br\/wp-content\/uploads\/2025\/03\/CafeTreino_011_byGilbertoEvangelista.jpg\" alt=\"\" width=\"850\" height=\"567\" srcset=\"https:\/\/lackman.com.br\/wp-content\/uploads\/2025\/03\/CafeTreino_011_byGilbertoEvangelista.jpg 850w, https:\/\/lackman.com.br\/wp-content\/uploads\/2025\/03\/CafeTreino_011_byGilbertoEvangelista-300x200.jpg 300w, https:\/\/lackman.com.br\/wp-content\/uploads\/2025\/03\/CafeTreino_011_byGilbertoEvangelista-768x512.jpg 768w\" sizes=\"(max-width: 850px) 100vw, 850px\" \/><\/p>\n<p style=\"text-align: justify\"><img decoding=\"async\" class=\"alignnone size-large wp-image-9092\" src=\"http:\/\/lackman.com.br\/wp-content\/uploads\/2025\/03\/CafeTreino_173_byGilbertoEvangelista.jpg\" alt=\"\" width=\"850\" height=\"567\" srcset=\"https:\/\/lackman.com.br\/wp-content\/uploads\/2025\/03\/CafeTreino_173_byGilbertoEvangelista.jpg 850w, https:\/\/lackman.com.br\/wp-content\/uploads\/2025\/03\/CafeTreino_173_byGilbertoEvangelista-300x200.jpg 300w, https:\/\/lackman.com.br\/wp-content\/uploads\/2025\/03\/CafeTreino_173_byGilbertoEvangelista-768x512.jpg 768w\" sizes=\"(max-width: 850px) 100vw, 850px\" \/><\/p>\n<p style=\"text-align: justify\">Refer\u00eancia no universo fitness e conhecida pelo \u201cshape trincado\u201d, <strong>Val\u00e9ria Lessa<\/strong> compartilhou sua trajet\u00f3ria em uma palestra cheia de reflex\u00f5es e motiva\u00e7\u00e3o. Durante cerca de uma hora, ela abriu o cora\u00e7\u00e3o sobre os desafios que enfrentou para conquistar n\u00e3o apenas um f\u00edsico saud\u00e1vel, mas tamb\u00e9m um estado mental equilibrado.<\/p>\n<p style=\"text-align: justify\">\u201c<em>Muita gente acha que por ser magra, tudo \u00e9 mais f\u00e1cil. Mas, sem foco, persist\u00eancia e determina\u00e7\u00e3o, eu j\u00e1 teria desistido h\u00e1 muito tempo. Como tantas mulheres, sou m\u00e3e de dois filhos, tenho uma carreira, in\u00fameros compromissos e sei bem o que \u00e9 conciliar tudo isso com a rotina fitness<\/em>\u201d, contou Val\u00e9ria.<\/p>\n<p style=\"text-align: justify\"><img loading=\"lazy\" decoding=\"async\" class=\"alignnone size-large wp-image-9089\" src=\"http:\/\/lackman.com.br\/wp-content\/uploads\/2025\/03\/CafeTreino_056_byGilbertoEvangelista.jpg\" alt=\"\" width=\"850\" height=\"567\" srcset=\"https:\/\/lackman.com.br\/wp-content\/uploads\/2025\/03\/CafeTreino_056_byGilbertoEvangelista.jpg 850w, https:\/\/lackman.com.br\/wp-content\/uploads\/2025\/03\/CafeTreino_056_byGilbertoEvangelista-300x200.jpg 300w, https:\/\/lackman.com.br\/wp-content\/uploads\/2025\/03\/CafeTreino_056_byGilbertoEvangelista-768x512.jpg 768w\" sizes=\"(max-width: 850px) 100vw, 850px\" \/> \u00a0 \u00a0\u00a0<img loading=\"lazy\" decoding=\"async\" class=\"alignnone size-large wp-image-9090\" src=\"http:\/\/lackman.com.br\/wp-content\/uploads\/2025\/03\/CafeTreino_087_byGilbertoEvangelista.jpg\" alt=\"\" width=\"850\" height=\"567\" srcset=\"https:\/\/lackman.com.br\/wp-content\/uploads\/2025\/03\/CafeTreino_087_byGilbertoEvangelista.jpg 850w, https:\/\/lackman.com.br\/wp-content\/uploads\/2025\/03\/CafeTreino_087_byGilbertoEvangelista-300x200.jpg 300w, https:\/\/lackman.com.br\/wp-content\/uploads\/2025\/03\/CafeTreino_087_byGilbertoEvangelista-768x512.jpg 768w\" sizes=\"(max-width: 850px) 100vw, 850px\" \/>\u00a0Durante o bate-papo, a influenciadora apresentou o <strong>Programa RAIO<\/strong>, metodologia que desenvolveu ao longo dos anos e compartilha com suas seguidoras mais fi\u00e9is. \u201cSem Resili\u00eancia, A\u00e7\u00e3o, Inspira\u00e7\u00e3o e Oportunidade, ningu\u00e9m chega a lugar algum \u2013 e isso vale tanto para o corpo quanto para a mente\u201d, destacou.<\/p>\n<p style=\"text-align: justify\">Com a energia l\u00e1 em cima, as participantes se entregaram \u00e0 experi\u00eancia completa do evento, que come\u00e7ou com um <strong>petit d\u00e9jeuner caprichado<\/strong> oferecido por <strong>Padoca, Line Bakery e Del\u00edcias Frutas<\/strong>. Em seguida, chegou a hora do treino intenso: sob o comando dos professores da <strong>Quattor Academia<\/strong>, <strong>Pedro Vieira<\/strong> conduziu exerc\u00edcios funcionais, enquanto <strong>Alysson Ntopi<\/strong> trouxe coreografias de <strong>Fit Dance<\/strong> que fizeram todo mundo suar \u2013 e se divertir.<\/p>\n<p style=\"text-align: justify\"><img loading=\"lazy\" decoding=\"async\" class=\"alignnone size-large wp-image-9094\" src=\"http:\/\/lackman.com.br\/wp-content\/uploads\/2025\/03\/CafeTreino_220_byGilbertoEvangelista.jpg\" alt=\"\" width=\"850\" height=\"567\" srcset=\"https:\/\/lackman.com.br\/wp-content\/uploads\/2025\/03\/CafeTreino_220_byGilbertoEvangelista.jpg 850w, https:\/\/lackman.com.br\/wp-content\/uploads\/2025\/03\/CafeTreino_220_byGilbertoEvangelista-300x200.jpg 300w, https:\/\/lackman.com.br\/wp-content\/uploads\/2025\/03\/CafeTreino_220_byGilbertoEvangelista-768x512.jpg 768w\" sizes=\"(max-width: 850px) 100vw, 850px\" \/><\/p>\n<p style=\"text-align: justify\"><img loading=\"lazy\" decoding=\"async\" class=\"alignnone size-large wp-image-9095\" src=\"http:\/\/lackman.com.br\/wp-content\/uploads\/2025\/03\/CafeTreino_239_byGilbertoEvangelista.jpg\" alt=\"\" width=\"850\" height=\"567\" srcset=\"https:\/\/lackman.com.br\/wp-content\/uploads\/2025\/03\/CafeTreino_239_byGilbertoEvangelista.jpg 850w, https:\/\/lackman.com.br\/wp-content\/uploads\/2025\/03\/CafeTreino_239_byGilbertoEvangelista-300x200.jpg 300w, https:\/\/lackman.com.br\/wp-content\/uploads\/2025\/03\/CafeTreino_239_byGilbertoEvangelista-768x512.jpg 768w\" sizes=\"(max-width: 850px) 100vw, 850px\" \/><\/p>\n<p style=\"text-align: justify\">Mas o Caf\u00e9 Com Treino n\u00e3o \u00e9 apenas sobre movimento. O bem-estar foi outro grande destaque do encontro, com momentos de relaxamento proporcionados por <strong>Amanda Cindel, do Instituto Long\u00e9vit\u00e9<\/strong>, que aplicou massagens com ventosas nas participantes. Para repor as energias, degusta\u00e7\u00f5es de suplementos da <strong>Essencial Farm\u00e1cia de Manipula\u00e7\u00e3o<\/strong>, que tamb\u00e9m distribuiu brindes especiais.<\/p>\n<p style=\"text-align: justify\">E para fechar em grande estilo, sorteios recheados de presentes oferecidos por grandes parceiros do evento: <strong>Maj\u00f4 Beauty Club, Cl\u00ednica Marcela Mateus, Renata Almeida Est\u00e9tica Avan\u00e7ada, Thrico Hair, Corpus Sa\u00fade Integrada e Aromas e Sensa\u00e7\u00f5es<\/strong>.<\/p>\n<p><img loading=\"lazy\" decoding=\"async\" class=\"alignnone size-large wp-image-9088\" src=\"http:\/\/lackman.com.br\/wp-content\/uploads\/2025\/03\/CafeTreino_048_byGilbertoEvangelista.jpg\" alt=\"\" width=\"850\" height=\"567\" srcset=\"https:\/\/lackman.com.br\/wp-content\/uploads\/2025\/03\/CafeTreino_048_byGilbertoEvangelista.jpg 850w, https:\/\/lackman.com.br\/wp-content\/uploads\/2025\/03\/CafeTreino_048_byGilbertoEvangelista-300x200.jpg 300w, https:\/\/lackman.com.br\/wp-content\/uploads\/2025\/03\/CafeTreino_048_byGilbertoEvangelista-768x512.jpg 768w\" sizes=\"(max-width: 850px) 100vw, 850px\" \/><\/p>\n<p style=\"text-align: justify\"><img loading=\"lazy\" decoding=\"async\" class=\"alignnone size-large wp-image-9086\" src=\"http:\/\/lackman.com.br\/wp-content\/uploads\/2025\/03\/CafeTreino_021_byGilbertoEvangelista.jpg\" alt=\"\" width=\"850\" height=\"567\" srcset=\"https:\/\/lackman.com.br\/wp-content\/uploads\/2025\/03\/CafeTreino_021_byGilbertoEvangelista.jpg 850w, https:\/\/lackman.com.br\/wp-content\/uploads\/2025\/03\/CafeTreino_021_byGilbertoEvangelista-300x200.jpg 300w, https:\/\/lackman.com.br\/wp-content\/uploads\/2025\/03\/CafeTreino_021_byGilbertoEvangelista-768x512.jpg 768w\" sizes=\"(max-width: 850px) 100vw, 850px\" \/><\/p>\n<p style=\"text-align: justify\">\u201c<em>O Caf\u00e9 Com Treino \u00e9 mais do que um evento \u2013 \u00e9 um lembrete de que cuidar de si deve ser um compromisso di\u00e1rio. Al\u00e9m do aprendizado e das experi\u00eancias, cada participante leva para casa um mimo especial e a motiva\u00e7\u00e3o para seguir firme nessa jornada<\/em>\u201d, finalizou Val\u00e9ria Lessa, que j\u00e1 est\u00e1 planejando a quarta edi\u00e7\u00e3o do encontro.<\/p>\n<p style=\"text-align: justify\">Quer saber quando vai ser a pr\u00f3xima edi\u00e7\u00e3o do evento para garantir sua vaga? Fique de olho no <a href=\"https:\/\/www.instagram.com\/cafecomtreinovl\/\">@cafecomtreinovl<\/a> e acompanhe as novidades. Enquanto isso, veja mais alguns cliques feitos por este colunista\/fot\u00f3grafo de quem passou por l\u00e1:<\/p>\n<figure id=\"attachment_9097\" aria-describedby=\"caption-attachment-9097\" style=\"width: 1024px\" class=\"wp-caption aligncenter\"><img loading=\"lazy\" decoding=\"async\" class=\"wp-image-9097 size-large\" src=\"http:\/\/lackman.com.br\/wp-content\/uploads\/2025\/03\/Ana-Paula-Leite-e-Thalita-Rocha-1024x683.jpg\" alt=\"\" width=\"1024\" height=\"683\" srcset=\"https:\/\/lackman.com.br\/wp-content\/uploads\/2025\/03\/Ana-Paula-Leite-e-Thalita-Rocha-1024x683.jpg 1024w, https:\/\/lackman.com.br\/wp-content\/uploads\/2025\/03\/Ana-Paula-Leite-e-Thalita-Rocha-300x200.jpg 300w, https:\/\/lackman.com.br\/wp-content\/uploads\/2025\/03\/Ana-Paula-Leite-e-Thalita-Rocha-768x512.jpg 768w, https:\/\/lackman.com.br\/wp-content\/uploads\/2025\/03\/Ana-Paula-Leite-e-Thalita-Rocha-1536x1024.jpg 1536w, https:\/\/lackman.com.br\/wp-content\/uploads\/2025\/03\/Ana-Paula-Leite-e-Thalita-Rocha-2048x1365.jpg 2048w\" sizes=\"(max-width: 1024px) 100vw, 1024px\" \/><figcaption id=\"caption-attachment-9097\" class=\"wp-caption-text\">Ana Paula Leite e Thalita Rocha<\/figcaption><\/figure>\n<figure id=\"attachment_9098\" aria-describedby=\"caption-attachment-9098\" style=\"width: 1024px\" class=\"wp-caption aligncenter\"><img loading=\"lazy\" decoding=\"async\" class=\"wp-image-9098 size-large\" src=\"http:\/\/lackman.com.br\/wp-content\/uploads\/2025\/03\/Celia-Regina-Gabriel-Graciano-Isabely-Martins-e-Bradley-Lucas_-1024x683.jpg\" alt=\"\" width=\"1024\" height=\"683\" srcset=\"https:\/\/lackman.com.br\/wp-content\/uploads\/2025\/03\/Celia-Regina-Gabriel-Graciano-Isabely-Martins-e-Bradley-Lucas_-1024x683.jpg 1024w, https:\/\/lackman.com.br\/wp-content\/uploads\/2025\/03\/Celia-Regina-Gabriel-Graciano-Isabely-Martins-e-Bradley-Lucas_-300x200.jpg 300w, https:\/\/lackman.com.br\/wp-content\/uploads\/2025\/03\/Celia-Regina-Gabriel-Graciano-Isabely-Martins-e-Bradley-Lucas_-768x512.jpg 768w, https:\/\/lackman.com.br\/wp-content\/uploads\/2025\/03\/Celia-Regina-Gabriel-Graciano-Isabely-Martins-e-Bradley-Lucas_-1536x1024.jpg 1536w, https:\/\/lackman.com.br\/wp-content\/uploads\/2025\/03\/Celia-Regina-Gabriel-Graciano-Isabely-Martins-e-Bradley-Lucas_-2048x1365.jpg 2048w\" sizes=\"(max-width: 1024px) 100vw, 1024px\" \/><figcaption id=\"caption-attachment-9098\" class=\"wp-caption-text\">C\u00e9lia Regina, Gabriel Graciano, Isabely Martins e Bradley Lucas<\/figcaption><\/figure>\n<figure id=\"attachment_9099\" aria-describedby=\"caption-attachment-9099\" style=\"width: 1024px\" class=\"wp-caption aligncenter\"><img loading=\"lazy\" decoding=\"async\" class=\"wp-image-9099 size-large\" src=\"http:\/\/lackman.com.br\/wp-content\/uploads\/2025\/03\/Karina-de-Oliveira-e-Andressa-Almeida-1024x683.jpg\" alt=\"\" width=\"1024\" height=\"683\" srcset=\"https:\/\/lackman.com.br\/wp-content\/uploads\/2025\/03\/Karina-de-Oliveira-e-Andressa-Almeida-1024x683.jpg 1024w, https:\/\/lackman.com.br\/wp-content\/uploads\/2025\/03\/Karina-de-Oliveira-e-Andressa-Almeida-300x200.jpg 300w, https:\/\/lackman.com.br\/wp-content\/uploads\/2025\/03\/Karina-de-Oliveira-e-Andressa-Almeida-768x512.jpg 768w, https:\/\/lackman.com.br\/wp-content\/uploads\/2025\/03\/Karina-de-Oliveira-e-Andressa-Almeida-1536x1024.jpg 1536w, https:\/\/lackman.com.br\/wp-content\/uploads\/2025\/03\/Karina-de-Oliveira-e-Andressa-Almeida-2048x1365.jpg 2048w\" sizes=\"(max-width: 1024px) 100vw, 1024px\" \/><figcaption id=\"caption-attachment-9099\" class=\"wp-caption-text\">Karina de Oliveira e Andressa Almeida<\/figcaption><\/figure>\n<figure id=\"attachment_9100\" aria-describedby=\"caption-attachment-9100\" style=\"width: 1024px\" class=\"wp-caption aligncenter\"><img loading=\"lazy\" decoding=\"async\" class=\"wp-image-9100 size-large\" src=\"http:\/\/lackman.com.br\/wp-content\/uploads\/2025\/03\/Karl-Jeanneth-Valeria-Lessa-Raquel-Medeiros-e-Carol-Xavier-1024x683.jpg\" alt=\"\" width=\"1024\" height=\"683\" srcset=\"https:\/\/lackman.com.br\/wp-content\/uploads\/2025\/03\/Karl-Jeanneth-Valeria-Lessa-Raquel-Medeiros-e-Carol-Xavier-1024x683.jpg 1024w, https:\/\/lackman.com.br\/wp-content\/uploads\/2025\/03\/Karl-Jeanneth-Valeria-Lessa-Raquel-Medeiros-e-Carol-Xavier-300x200.jpg 300w, https:\/\/lackman.com.br\/wp-content\/uploads\/2025\/03\/Karl-Jeanneth-Valeria-Lessa-Raquel-Medeiros-e-Carol-Xavier-768x512.jpg 768w, https:\/\/lackman.com.br\/wp-content\/uploads\/2025\/03\/Karl-Jeanneth-Valeria-Lessa-Raquel-Medeiros-e-Carol-Xavier-1536x1024.jpg 1536w, https:\/\/lackman.com.br\/wp-content\/uploads\/2025\/03\/Karl-Jeanneth-Valeria-Lessa-Raquel-Medeiros-e-Carol-Xavier-2048x1365.jpg 2048w\" sizes=\"(max-width: 1024px) 100vw, 1024px\" \/><figcaption id=\"caption-attachment-9100\" class=\"wp-caption-text\">Karl Jeanneth, Val\u00e9ria Lessa, Raquel Medeiros e Carol Xavier<\/figcaption><\/figure>\n<figure id=\"attachment_9101\" aria-describedby=\"caption-attachment-9101\" style=\"width: 1024px\" class=\"wp-caption aligncenter\"><img loading=\"lazy\" decoding=\"async\" class=\"wp-image-9101 size-large\" src=\"http:\/\/lackman.com.br\/wp-content\/uploads\/2025\/03\/Keli-Melo-e-Glaucia-Luz-1024x683.jpg\" alt=\"\" width=\"1024\" height=\"683\" srcset=\"https:\/\/lackman.com.br\/wp-content\/uploads\/2025\/03\/Keli-Melo-e-Glaucia-Luz-1024x683.jpg 1024w, https:\/\/lackman.com.br\/wp-content\/uploads\/2025\/03\/Keli-Melo-e-Glaucia-Luz-300x200.jpg 300w, https:\/\/lackman.com.br\/wp-content\/uploads\/2025\/03\/Keli-Melo-e-Glaucia-Luz-768x512.jpg 768w, https:\/\/lackman.com.br\/wp-content\/uploads\/2025\/03\/Keli-Melo-e-Glaucia-Luz-1536x1024.jpg 1536w, https:\/\/lackman.com.br\/wp-content\/uploads\/2025\/03\/Keli-Melo-e-Glaucia-Luz-2048x1365.jpg 2048w\" sizes=\"(max-width: 1024px) 100vw, 1024px\" \/><figcaption id=\"caption-attachment-9101\" class=\"wp-caption-text\">Keli Melo e Glaucia Luz<\/figcaption><\/figure>\n<figure id=\"attachment_9102\" aria-describedby=\"caption-attachment-9102\" style=\"width: 1024px\" class=\"wp-caption aligncenter\"><img loading=\"lazy\" decoding=\"async\" class=\"wp-image-9102 size-large\" src=\"http:\/\/lackman.com.br\/wp-content\/uploads\/2025\/03\/Kelson-Miranda-e-Felipe-Santos_01-1024x683.jpg\" alt=\"\" width=\"1024\" height=\"683\" srcset=\"https:\/\/lackman.com.br\/wp-content\/uploads\/2025\/03\/Kelson-Miranda-e-Felipe-Santos_01-1024x683.jpg 1024w, https:\/\/lackman.com.br\/wp-content\/uploads\/2025\/03\/Kelson-Miranda-e-Felipe-Santos_01-300x200.jpg 300w, https:\/\/lackman.com.br\/wp-content\/uploads\/2025\/03\/Kelson-Miranda-e-Felipe-Santos_01-768x512.jpg 768w, https:\/\/lackman.com.br\/wp-content\/uploads\/2025\/03\/Kelson-Miranda-e-Felipe-Santos_01-1536x1024.jpg 1536w, https:\/\/lackman.com.br\/wp-content\/uploads\/2025\/03\/Kelson-Miranda-e-Felipe-Santos_01-2048x1365.jpg 2048w\" sizes=\"(max-width: 1024px) 100vw, 1024px\" \/><figcaption id=\"caption-attachment-9102\" class=\"wp-caption-text\">Kelson Miranda e Felipe Santos<\/figcaption><\/figure>\n<figure id=\"attachment_9103\" aria-describedby=\"caption-attachment-9103\" style=\"width: 1024px\" class=\"wp-caption aligncenter\"><img loading=\"lazy\" decoding=\"async\" class=\"wp-image-9103 size-large\" src=\"http:\/\/lackman.com.br\/wp-content\/uploads\/2025\/03\/Michele-Moura-e-Ju-Rodrigues-1024x683.jpg\" alt=\"\" width=\"1024\" height=\"683\" srcset=\"https:\/\/lackman.com.br\/wp-content\/uploads\/2025\/03\/Michele-Moura-e-Ju-Rodrigues-1024x683.jpg 1024w, https:\/\/lackman.com.br\/wp-content\/uploads\/2025\/03\/Michele-Moura-e-Ju-Rodrigues-300x200.jpg 300w, https:\/\/lackman.com.br\/wp-content\/uploads\/2025\/03\/Michele-Moura-e-Ju-Rodrigues-768x512.jpg 768w, https:\/\/lackman.com.br\/wp-content\/uploads\/2025\/03\/Michele-Moura-e-Ju-Rodrigues-1536x1024.jpg 1536w, https:\/\/lackman.com.br\/wp-content\/uploads\/2025\/03\/Michele-Moura-e-Ju-Rodrigues-2048x1365.jpg 2048w\" sizes=\"(max-width: 1024px) 100vw, 1024px\" \/><figcaption id=\"caption-attachment-9103\" class=\"wp-caption-text\">Michele Moura e Ju Rodrigues<\/figcaption><\/figure>\n<figure id=\"attachment_9104\" aria-describedby=\"caption-attachment-9104\" style=\"width: 1024px\" class=\"wp-caption aligncenter\"><img loading=\"lazy\" decoding=\"async\" class=\"wp-image-9104 size-large\" src=\"http:\/\/lackman.com.br\/wp-content\/uploads\/2025\/03\/Pedro-e-Priscila-Braga_-1024x683.jpg\" alt=\"\" width=\"1024\" height=\"683\" srcset=\"https:\/\/lackman.com.br\/wp-content\/uploads\/2025\/03\/Pedro-e-Priscila-Braga_-1024x683.jpg 1024w, https:\/\/lackman.com.br\/wp-content\/uploads\/2025\/03\/Pedro-e-Priscila-Braga_-300x200.jpg 300w, https:\/\/lackman.com.br\/wp-content\/uploads\/2025\/03\/Pedro-e-Priscila-Braga_-768x512.jpg 768w, https:\/\/lackman.com.br\/wp-content\/uploads\/2025\/03\/Pedro-e-Priscila-Braga_-1536x1024.jpg 1536w, https:\/\/lackman.com.br\/wp-content\/uploads\/2025\/03\/Pedro-e-Priscila-Braga_-2048x1365.jpg 2048w\" sizes=\"(max-width: 1024px) 100vw, 1024px\" \/><figcaption id=\"caption-attachment-9104\" class=\"wp-caption-text\">Pedro e Priscila Braga<\/figcaption><\/figure>\n<figure id=\"attachment_9105\" aria-describedby=\"caption-attachment-9105\" style=\"width: 1024px\" class=\"wp-caption aligncenter\"><img loading=\"lazy\" decoding=\"async\" class=\"wp-image-9105 size-large\" src=\"http:\/\/lackman.com.br\/wp-content\/uploads\/2025\/03\/Pedro-Vieira-e-Valeria-Lessa-1024x683.jpg\" alt=\"\" width=\"1024\" height=\"683\" srcset=\"https:\/\/lackman.com.br\/wp-content\/uploads\/2025\/03\/Pedro-Vieira-e-Valeria-Lessa-1024x683.jpg 1024w, https:\/\/lackman.com.br\/wp-content\/uploads\/2025\/03\/Pedro-Vieira-e-Valeria-Lessa-300x200.jpg 300w, https:\/\/lackman.com.br\/wp-content\/uploads\/2025\/03\/Pedro-Vieira-e-Valeria-Lessa-768x512.jpg 768w, https:\/\/lackman.com.br\/wp-content\/uploads\/2025\/03\/Pedro-Vieira-e-Valeria-Lessa-1536x1024.jpg 1536w, https:\/\/lackman.com.br\/wp-content\/uploads\/2025\/03\/Pedro-Vieira-e-Valeria-Lessa-2048x1365.jpg 2048w\" sizes=\"(max-width: 1024px) 100vw, 1024px\" \/><figcaption id=\"caption-attachment-9105\" class=\"wp-caption-text\">Pedro Vieira e Val\u00e9ria Lessa<\/figcaption><\/figure>\n<figure id=\"attachment_9106\" aria-describedby=\"caption-attachment-9106\" style=\"width: 1024px\" class=\"wp-caption aligncenter\"><img loading=\"lazy\" decoding=\"async\" class=\"wp-image-9106 size-large\" src=\"http:\/\/lackman.com.br\/wp-content\/uploads\/2025\/03\/Pilar-Campos-e-Jacqueline-Mara-1024x683.jpg\" alt=\"\" width=\"1024\" height=\"683\" srcset=\"https:\/\/lackman.com.br\/wp-content\/uploads\/2025\/03\/Pilar-Campos-e-Jacqueline-Mara-1024x683.jpg 1024w, https:\/\/lackman.com.br\/wp-content\/uploads\/2025\/03\/Pilar-Campos-e-Jacqueline-Mara-300x200.jpg 300w, https:\/\/lackman.com.br\/wp-content\/uploads\/2025\/03\/Pilar-Campos-e-Jacqueline-Mara-768x512.jpg 768w, https:\/\/lackman.com.br\/wp-content\/uploads\/2025\/03\/Pilar-Campos-e-Jacqueline-Mara-1536x1024.jpg 1536w, https:\/\/lackman.com.br\/wp-content\/uploads\/2025\/03\/Pilar-Campos-e-Jacqueline-Mara-2048x1365.jpg 2048w\" sizes=\"(max-width: 1024px) 100vw, 1024px\" \/><figcaption id=\"caption-attachment-9106\" class=\"wp-caption-text\">Pilar Campos e Jacqueline Mara<\/figcaption><\/figure>\n<figure id=\"attachment_9107\" aria-describedby=\"caption-attachment-9107\" style=\"width: 1024px\" class=\"wp-caption aligncenter\"><img loading=\"lazy\" decoding=\"async\" class=\"wp-image-9107 size-large\" src=\"http:\/\/lackman.com.br\/wp-content\/uploads\/2025\/03\/Suely-e-Lilian-Lemos-1024x683.jpg\" alt=\"\" width=\"1024\" height=\"683\" srcset=\"https:\/\/lackman.com.br\/wp-content\/uploads\/2025\/03\/Suely-e-Lilian-Lemos-1024x683.jpg 1024w, https:\/\/lackman.com.br\/wp-content\/uploads\/2025\/03\/Suely-e-Lilian-Lemos-300x200.jpg 300w, https:\/\/lackman.com.br\/wp-content\/uploads\/2025\/03\/Suely-e-Lilian-Lemos-768x512.jpg 768w, https:\/\/lackman.com.br\/wp-content\/uploads\/2025\/03\/Suely-e-Lilian-Lemos-1536x1024.jpg 1536w, https:\/\/lackman.com.br\/wp-content\/uploads\/2025\/03\/Suely-e-Lilian-Lemos-2048x1365.jpg 2048w\" sizes=\"(max-width: 1024px) 100vw, 1024px\" \/><figcaption id=\"caption-attachment-9107\" class=\"wp-caption-text\">Suely e Lilian Lemos<\/figcaption><\/figure>\n<pre>Fotos: Gilberto Evangelista<\/pre>\n","protected":false},"excerpt":{"rendered":"<p>Terceira edi\u00e7\u00e3o do evento criado pela influencer e palestrante tem palestra, exerc\u00edcios, brindes e muitas del\u00edcias &nbsp; Enquanto muitos brasilienses aproveitavam o \u00faltimo domingo (30) para dormir um pouco mais, cerca de 100 mulheres decidiram come\u00e7ar o dia com disposi\u00e7\u00e3o e prop\u00f3sito. Sob um c\u00e9u azul e um sol vibrante, elas participaram da terceira edi\u00e7\u00e3o do Caf\u00e9 Com Treino, atendendo ao convite de Val\u00e9ria Lessa. O evento aconteceu na quadra de esportes do Col\u00e9gio Bi\u00e2ngulo, em \u00c1guas Claras, e reuniu um mix perfeito de movimento, bate-papo inspirador e muito autocuidado. O objetivo? Abra\u00e7ar novos h\u00e1bitos e fortalecer corpo e mente em uma jornada de autoestima e bem-estar. Refer\u00eancia no universo fitness e conhecida pelo \u201cshape trincado\u201d, Val\u00e9ria Lessa compartilhou sua trajet\u00f3ria em uma palestra cheia de reflex\u00f5es e motiva\u00e7\u00e3o. Durante cerca de uma hora, ela abriu o cora\u00e7\u00e3o sobre os desafios que enfrentou para conquistar n\u00e3o apenas um f\u00edsico saud\u00e1vel, mas tamb\u00e9m um estado mental equilibrado. \u201cMuita gente acha que por ser magra, tudo \u00e9 mais f\u00e1cil. Mas, sem foco, persist\u00eancia e determina\u00e7\u00e3o, eu j\u00e1 teria desistido h\u00e1 muito tempo. Como tantas mulheres, sou m\u00e3e de dois filhos, tenho uma carreira, in\u00fameros compromissos e sei bem o que \u00e9 conciliar tudo isso com a rotina fitness\u201d, contou Val\u00e9ria. \u00a0 \u00a0\u00a0\u00a0Durante o bate-papo, a influenciadora apresentou o Programa RAIO, metodologia que desenvolveu ao longo dos anos e compartilha com suas seguidoras mais fi\u00e9is. \u201cSem Resili\u00eancia, A\u00e7\u00e3o, Inspira\u00e7\u00e3o e Oportunidade, ningu\u00e9m chega a lugar algum \u2013 e isso vale tanto para o corpo quanto para a mente\u201d, destacou. Com a energia l\u00e1 em cima, as participantes se entregaram \u00e0 experi\u00eancia completa do evento, que come\u00e7ou com um petit d\u00e9jeuner caprichado oferecido por Padoca, Line Bakery e Del\u00edcias Frutas. Em seguida, chegou a hora do treino intenso: sob o comando dos professores da Quattor Academia, Pedro Vieira conduziu exerc\u00edcios funcionais, enquanto Alysson Ntopi trouxe coreografias de Fit Dance que fizeram todo mundo suar \u2013 e se divertir. Mas o Caf\u00e9 Com Treino n\u00e3o \u00e9 apenas sobre movimento. O bem-estar foi outro grande destaque do encontro, com momentos de relaxamento proporcionados por Amanda Cindel, do Instituto Long\u00e9vit\u00e9, que aplicou massagens com ventosas nas participantes. Para repor as energias, degusta\u00e7\u00f5es de suplementos da Essencial Farm\u00e1cia de Manipula\u00e7\u00e3o, que tamb\u00e9m distribuiu brindes especiais. E para fechar em grande estilo, sorteios recheados de presentes oferecidos por grandes parceiros do evento: Maj\u00f4 Beauty Club, Cl\u00ednica Marcela Mateus, Renata Almeida Est\u00e9tica Avan\u00e7ada, Thrico Hair, Corpus Sa\u00fade Integrada e Aromas e Sensa\u00e7\u00f5es. \u201cO Caf\u00e9 Com Treino \u00e9 mais do que um evento \u2013 \u00e9 um lembrete de que cuidar de si deve ser um compromisso di\u00e1rio. Al\u00e9m do aprendizado e das experi\u00eancias, cada participante leva para casa um mimo especial e a motiva\u00e7\u00e3o para seguir firme nessa jornada\u201d, finalizou Val\u00e9ria Lessa, que j\u00e1 est\u00e1 planejando a quarta edi\u00e7\u00e3o do encontro. Quer saber quando vai ser a pr\u00f3xima edi\u00e7\u00e3o do evento para garantir sua vaga? Fique de olho no @cafecomtreinovl e acompanhe as novidades. Enquanto isso, veja mais alguns cliques feitos por este colunista\/fot\u00f3grafo de quem passou por l\u00e1: Fotos: Gilberto Evangelista<\/p>\n","protected":false},"author":6,"featured_media":9096,"comment_status":"closed","ping_status":"open","sticky":false,"template":"","format":"standard","meta":{"site-sidebar-layout":"default","site-content-layout":"","ast-site-content-layout":"default","site-content-style":"default","site-sidebar-style":"default","ast-global-header-display":"","ast-banner-title-visibility":"","ast-main-header-display":"","ast-hfb-above-header-display":"","ast-hfb-below-header-display":"","ast-hfb-mobile-header-display":"","site-post-title":"","ast-breadcrumbs-content":"","ast-featured-img":"","footer-sml-layout":"","ast-disable-related-posts":"","theme-transparent-header-meta":"default","adv-header-id-meta":"","stick-header-meta":"","header-above-stick-meta":"","header-main-stick-meta":"","header-below-stick-meta":"","astra-migrate-meta-layouts":"set","ast-page-background-enabled":"default","ast-page-background-meta":{"desktop":{"background-color":"","background-image":"","background-repeat":"repeat","background-position":"center center","background-size":"auto","background-attachment":"scroll","background-type":"","background-media":"","overlay-type":"","overlay-color":"","overlay-opacity":"","overlay-gradient":""},"tablet":{"background-color":"","background-image":"","background-repeat":"repeat","background-position":"center center","background-size":"auto","background-attachment":"scroll","background-type":"","background-media":"","overlay-type":"","overlay-color":"","overlay-opacity":"","overlay-gradient":""},"mobile":{"background-color":"","background-image":"","background-repeat":"repeat","background-position":"center center","background-size":"auto","background-attachment":"scroll","background-type":"","background-media":"","overlay-type":"","overlay-color":"","overlay-opacity":"","overlay-gradient":""}},"ast-content-background-meta":{"desktop":{"background-color":"var(--ast-global-color-5)","background-image":"","background-repeat":"repeat","background-position":"center center","background-size":"auto","background-attachment":"scroll","background-type":"","background-media":"","overlay-type":"","overlay-color":"","overlay-opacity":"","overlay-gradient":""},"tablet":{"background-color":"var(--ast-global-color-5)","background-image":"","background-repeat":"repeat","background-position":"center center","background-size":"auto","background-attachment":"scroll","background-type":"","background-media":"","overlay-type":"","overlay-color":"","overlay-opacity":"","overlay-gradient":""},"mobile":{"background-color":"var(--ast-global-color-5)","background-image":"","background-repeat":"repeat","background-position":"center center","background-size":"auto","background-attachment":"scroll","background-type":"","background-media":"","overlay-type":"","overlay-color":"","overlay-opacity":"","overlay-gradient":""}},"footnotes":""},"categories":[43,41],"tags":[288,1947,1948,1307,54,1945,1946,1865,89,1306,1038],"class_list":["post-9084","post","type-post","status-publish","format-standard","has-post-thumbnail","hentry","category-perambulando","category-vida","tag-perambulandocomogiba","tag-aguas-claras","tag-autocuidado","tag-bem-estar","tag-brasilia","tag-cafe-com-treino","tag-colegio-biangulo","tag-coluna-perambulando","tag-df","tag-fitness","tag-valeria-lessa"],"yoast_head":"<!-- This site is optimized with the Yoast SEO plugin v27.0 - https:\/\/yoast.com\/product\/yoast-seo-wordpress\/ -->\n<title>Val\u00e9ria Lessa realiza mais um Caf\u00e9 Com Treino - LACKMAN &amp; CO.<\/title>\n<meta name=\"robots\" content=\"index, follow, max-snippet:-1, max-image-preview:large, max-video-preview:-1\" \/>\n<link rel=\"canonical\" href=\"https:\/\/lackman.com.br\/index.php\/2025\/03\/31\/valeria-lessa-realiza-mais-um-cafe-com-treino\/\" \/>\n<meta property=\"og:locale\" content=\"pt_BR\" \/>\n<meta property=\"og:type\" content=\"article\" \/>\n<meta property=\"og:title\" content=\"Val\u00e9ria Lessa realiza mais um Caf\u00e9 Com Treino - LACKMAN &amp; CO.\" \/>\n<meta property=\"og:description\" content=\"Terceira edi\u00e7\u00e3o do evento criado pela influencer e palestrante tem palestra, exerc\u00edcios, brindes e muitas del\u00edcias &nbsp; Enquanto muitos brasilienses aproveitavam o \u00faltimo domingo (30) para dormir um pouco mais, cerca de 100 mulheres decidiram come\u00e7ar o dia com disposi\u00e7\u00e3o e prop\u00f3sito. Sob um c\u00e9u azul e um sol vibrante, elas participaram da terceira edi\u00e7\u00e3o do Caf\u00e9 Com Treino, atendendo ao convite de Val\u00e9ria Lessa. O evento aconteceu na quadra de esportes do Col\u00e9gio Bi\u00e2ngulo, em \u00c1guas Claras, e reuniu um mix perfeito de movimento, bate-papo inspirador e muito autocuidado. O objetivo? Abra\u00e7ar novos h\u00e1bitos e fortalecer corpo e mente em uma jornada de autoestima e bem-estar. Refer\u00eancia no universo fitness e conhecida pelo \u201cshape trincado\u201d, Val\u00e9ria Lessa compartilhou sua trajet\u00f3ria em uma palestra cheia de reflex\u00f5es e motiva\u00e7\u00e3o. Durante cerca de uma hora, ela abriu o cora\u00e7\u00e3o sobre os desafios que enfrentou para conquistar n\u00e3o apenas um f\u00edsico saud\u00e1vel, mas tamb\u00e9m um estado mental equilibrado. \u201cMuita gente acha que por ser magra, tudo \u00e9 mais f\u00e1cil. Mas, sem foco, persist\u00eancia e determina\u00e7\u00e3o, eu j\u00e1 teria desistido h\u00e1 muito tempo. Como tantas mulheres, sou m\u00e3e de dois filhos, tenho uma carreira, in\u00fameros compromissos e sei bem o que \u00e9 conciliar tudo isso com a rotina fitness\u201d, contou Val\u00e9ria. \u00a0 \u00a0\u00a0\u00a0Durante o bate-papo, a influenciadora apresentou o Programa RAIO, metodologia que desenvolveu ao longo dos anos e compartilha com suas seguidoras mais fi\u00e9is. \u201cSem Resili\u00eancia, A\u00e7\u00e3o, Inspira\u00e7\u00e3o e Oportunidade, ningu\u00e9m chega a lugar algum \u2013 e isso vale tanto para o corpo quanto para a mente\u201d, destacou. Com a energia l\u00e1 em cima, as participantes se entregaram \u00e0 experi\u00eancia completa do evento, que come\u00e7ou com um petit d\u00e9jeuner caprichado oferecido por Padoca, Line Bakery e Del\u00edcias Frutas. Em seguida, chegou a hora do treino intenso: sob o comando dos professores da Quattor Academia, Pedro Vieira conduziu exerc\u00edcios funcionais, enquanto Alysson Ntopi trouxe coreografias de Fit Dance que fizeram todo mundo suar \u2013 e se divertir. Mas o Caf\u00e9 Com Treino n\u00e3o \u00e9 apenas sobre movimento. O bem-estar foi outro grande destaque do encontro, com momentos de relaxamento proporcionados por Amanda Cindel, do Instituto Long\u00e9vit\u00e9, que aplicou massagens com ventosas nas participantes. Para repor as energias, degusta\u00e7\u00f5es de suplementos da Essencial Farm\u00e1cia de Manipula\u00e7\u00e3o, que tamb\u00e9m distribuiu brindes especiais. E para fechar em grande estilo, sorteios recheados de presentes oferecidos por grandes parceiros do evento: Maj\u00f4 Beauty Club, Cl\u00ednica Marcela Mateus, Renata Almeida Est\u00e9tica Avan\u00e7ada, Thrico Hair, Corpus Sa\u00fade Integrada e Aromas e Sensa\u00e7\u00f5es. \u201cO Caf\u00e9 Com Treino \u00e9 mais do que um evento \u2013 \u00e9 um lembrete de que cuidar de si deve ser um compromisso di\u00e1rio. Al\u00e9m do aprendizado e das experi\u00eancias, cada participante leva para casa um mimo especial e a motiva\u00e7\u00e3o para seguir firme nessa jornada\u201d, finalizou Val\u00e9ria Lessa, que j\u00e1 est\u00e1 planejando a quarta edi\u00e7\u00e3o do encontro. Quer saber quando vai ser a pr\u00f3xima edi\u00e7\u00e3o do evento para garantir sua vaga? Fique de olho no @cafecomtreinovl e acompanhe as novidades. Enquanto isso, veja mais alguns cliques feitos por este colunista\/fot\u00f3grafo de quem passou por l\u00e1: Fotos: Gilberto Evangelista\" \/>\n<meta property=\"og:url\" content=\"https:\/\/lackman.com.br\/index.php\/2025\/03\/31\/valeria-lessa-realiza-mais-um-cafe-com-treino\/\" \/>\n<meta property=\"og:site_name\" content=\"LACKMAN &amp; CO.\" \/>\n<meta property=\"article:published_time\" content=\"2025-03-31T21:30:44+00:00\" \/>\n<meta property=\"og:image\" content=\"http:\/\/lackman.com.br\/wp-content\/uploads\/2025\/03\/Valeria-Lessa_01-scaled.jpg\" \/>\n\t<meta property=\"og:image:width\" content=\"2560\" \/>\n\t<meta property=\"og:image:height\" content=\"1707\" \/>\n\t<meta property=\"og:image:type\" content=\"image\/jpeg\" \/>\n<meta name=\"author\" content=\"Gilberto Evangelista - Colunista\" \/>\n<meta name=\"twitter:card\" content=\"summary_large_image\" \/>\n<meta name=\"twitter:label1\" content=\"Escrito por\" \/>\n\t<meta name=\"twitter:data1\" content=\"Gilberto Evangelista - Colunista\" \/>\n\t<meta name=\"twitter:label2\" content=\"Est. tempo de leitura\" \/>\n\t<meta name=\"twitter:data2\" content=\"8 minutos\" \/>\n<script type=\"application\/ld+json\" class=\"yoast-schema-graph\">{\"@context\":\"https:\/\/schema.org\",\"@graph\":[{\"@type\":\"Article\",\"@id\":\"https:\/\/lackman.com.br\/index.php\/2025\/03\/31\/valeria-lessa-realiza-mais-um-cafe-com-treino\/#article\",\"isPartOf\":{\"@id\":\"https:\/\/lackman.com.br\/index.php\/2025\/03\/31\/valeria-lessa-realiza-mais-um-cafe-com-treino\/\"},\"author\":{\"name\":\"Gilberto Evangelista - Colunista\",\"@id\":\"https:\/\/lackman.com.br\/#\/schema\/person\/8a2355f699593d21d4f0d25b69db5747\"},\"headline\":\"Val\u00e9ria Lessa realiza mais um Caf\u00e9 Com Treino\",\"datePublished\":\"2025-03-31T21:30:44+00:00\",\"mainEntityOfPage\":{\"@id\":\"https:\/\/lackman.com.br\/index.php\/2025\/03\/31\/valeria-lessa-realiza-mais-um-cafe-com-treino\/\"},\"wordCount\":708,\"publisher\":{\"@id\":\"https:\/\/lackman.com.br\/#organization\"},\"image\":{\"@id\":\"https:\/\/lackman.com.br\/index.php\/2025\/03\/31\/valeria-lessa-realiza-mais-um-cafe-com-treino\/#primaryimage\"},\"thumbnailUrl\":\"https:\/\/lackman.com.br\/wp-content\/uploads\/2025\/03\/Valeria-Lessa_01-scaled.jpg\",\"keywords\":[\"#perambulandocomogiba\",\"\u00c1guas Claras\",\"autocuidado\",\"bem-estar\",\"brasilia\",\"Caf\u00e9 Com Treino\",\"col\u00e9gio Bi\u00e2ngulo\",\"coluna #PERAMBULANDO\",\"df\",\"fitness\",\"Val\u00e9ria Lessa\"],\"articleSection\":[\"Perambulando\",\"Vida\"],\"inLanguage\":\"pt-BR\"},{\"@type\":\"WebPage\",\"@id\":\"https:\/\/lackman.com.br\/index.php\/2025\/03\/31\/valeria-lessa-realiza-mais-um-cafe-com-treino\/\",\"url\":\"https:\/\/lackman.com.br\/index.php\/2025\/03\/31\/valeria-lessa-realiza-mais-um-cafe-com-treino\/\",\"name\":\"Val\u00e9ria Lessa realiza mais um Caf\u00e9 Com Treino - LACKMAN &amp; CO.\",\"isPartOf\":{\"@id\":\"https:\/\/lackman.com.br\/#website\"},\"primaryImageOfPage\":{\"@id\":\"https:\/\/lackman.com.br\/index.php\/2025\/03\/31\/valeria-lessa-realiza-mais-um-cafe-com-treino\/#primaryimage\"},\"image\":{\"@id\":\"https:\/\/lackman.com.br\/index.php\/2025\/03\/31\/valeria-lessa-realiza-mais-um-cafe-com-treino\/#primaryimage\"},\"thumbnailUrl\":\"https:\/\/lackman.com.br\/wp-content\/uploads\/2025\/03\/Valeria-Lessa_01-scaled.jpg\",\"datePublished\":\"2025-03-31T21:30:44+00:00\",\"breadcrumb\":{\"@id\":\"https:\/\/lackman.com.br\/index.php\/2025\/03\/31\/valeria-lessa-realiza-mais-um-cafe-com-treino\/#breadcrumb\"},\"inLanguage\":\"pt-BR\",\"potentialAction\":[{\"@type\":\"ReadAction\",\"target\":[\"https:\/\/lackman.com.br\/index.php\/2025\/03\/31\/valeria-lessa-realiza-mais-um-cafe-com-treino\/\"]}]},{\"@type\":\"ImageObject\",\"inLanguage\":\"pt-BR\",\"@id\":\"https:\/\/lackman.com.br\/index.php\/2025\/03\/31\/valeria-lessa-realiza-mais-um-cafe-com-treino\/#primaryimage\",\"url\":\"https:\/\/lackman.com.br\/wp-content\/uploads\/2025\/03\/Valeria-Lessa_01-scaled.jpg\",\"contentUrl\":\"https:\/\/lackman.com.br\/wp-content\/uploads\/2025\/03\/Valeria-Lessa_01-scaled.jpg\",\"width\":2560,\"height\":1707,\"caption\":\"Val\u00e9ria Lessa_01\"},{\"@type\":\"BreadcrumbList\",\"@id\":\"https:\/\/lackman.com.br\/index.php\/2025\/03\/31\/valeria-lessa-realiza-mais-um-cafe-com-treino\/#breadcrumb\",\"itemListElement\":[{\"@type\":\"ListItem\",\"position\":1,\"name\":\"In\u00edcio\",\"item\":\"https:\/\/lackman.com.br\/\"},{\"@type\":\"ListItem\",\"position\":2,\"name\":\"Val\u00e9ria Lessa realiza mais um Caf\u00e9 Com Treino\"}]},{\"@type\":\"WebSite\",\"@id\":\"https:\/\/lackman.com.br\/#website\",\"url\":\"https:\/\/lackman.com.br\/\",\"name\":\"LACKMAN &amp; CO.\",\"description\":\"VIDA | MODA | ARTE\",\"publisher\":{\"@id\":\"https:\/\/lackman.com.br\/#organization\"},\"potentialAction\":[{\"@type\":\"SearchAction\",\"target\":{\"@type\":\"EntryPoint\",\"urlTemplate\":\"https:\/\/lackman.com.br\/?s={search_term_string}\"},\"query-input\":{\"@type\":\"PropertyValueSpecification\",\"valueRequired\":true,\"valueName\":\"search_term_string\"}}],\"inLanguage\":\"pt-BR\"},{\"@type\":\"Organization\",\"@id\":\"https:\/\/lackman.com.br\/#organization\",\"name\":\"LACKMAN &amp; CO.\",\"url\":\"https:\/\/lackman.com.br\/\",\"logo\":{\"@type\":\"ImageObject\",\"inLanguage\":\"pt-BR\",\"@id\":\"https:\/\/lackman.com.br\/#\/schema\/logo\/image\/\",\"url\":\"https:\/\/lackman.com.br\/wp-content\/uploads\/2023\/06\/Logotipo_preto-1.png\",\"contentUrl\":\"https:\/\/lackman.com.br\/wp-content\/uploads\/2023\/06\/Logotipo_preto-1.png\",\"width\":739,\"height\":393,\"caption\":\"LACKMAN &amp; CO.\"},\"image\":{\"@id\":\"https:\/\/lackman.com.br\/#\/schema\/logo\/image\/\"}},{\"@type\":\"Person\",\"@id\":\"https:\/\/lackman.com.br\/#\/schema\/person\/8a2355f699593d21d4f0d25b69db5747\",\"name\":\"Gilberto Evangelista - Colunista\",\"image\":{\"@type\":\"ImageObject\",\"inLanguage\":\"pt-BR\",\"@id\":\"https:\/\/lackman.com.br\/#\/schema\/person\/image\/\",\"url\":\"https:\/\/secure.gravatar.com\/avatar\/cea9badf02f8a90f7a745f2cbea45fda61f65711ec015e2faf3809cca6337c28?s=96&d=mm&r=g\",\"contentUrl\":\"https:\/\/secure.gravatar.com\/avatar\/cea9badf02f8a90f7a745f2cbea45fda61f65711ec015e2faf3809cca6337c28?s=96&d=mm&r=g\",\"caption\":\"Gilberto Evangelista - Colunista\"},\"description\":\"Jornalista e globetrotter.\",\"url\":\"https:\/\/lackman.com.br\/index.php\/author\/gilberto-brito\/\"}]}<\/script>\n<!-- \/ Yoast SEO plugin. -->","yoast_head_json":{"title":"Val\u00e9ria Lessa realiza mais um Caf\u00e9 Com Treino - LACKMAN &amp; CO.","robots":{"index":"index","follow":"follow","max-snippet":"max-snippet:-1","max-image-preview":"max-image-preview:large","max-video-preview":"max-video-preview:-1"},"canonical":"https:\/\/lackman.com.br\/index.php\/2025\/03\/31\/valeria-lessa-realiza-mais-um-cafe-com-treino\/","og_locale":"pt_BR","og_type":"article","og_title":"Val\u00e9ria Lessa realiza mais um Caf\u00e9 Com Treino - LACKMAN &amp; CO.","og_description":"Terceira edi\u00e7\u00e3o do evento criado pela influencer e palestrante tem palestra, exerc\u00edcios, brindes e muitas del\u00edcias &nbsp; Enquanto muitos brasilienses aproveitavam o \u00faltimo domingo (30) para dormir um pouco mais, cerca de 100 mulheres decidiram come\u00e7ar o dia com disposi\u00e7\u00e3o e prop\u00f3sito. Sob um c\u00e9u azul e um sol vibrante, elas participaram da terceira edi\u00e7\u00e3o do Caf\u00e9 Com Treino, atendendo ao convite de Val\u00e9ria Lessa. O evento aconteceu na quadra de esportes do Col\u00e9gio Bi\u00e2ngulo, em \u00c1guas Claras, e reuniu um mix perfeito de movimento, bate-papo inspirador e muito autocuidado. O objetivo? Abra\u00e7ar novos h\u00e1bitos e fortalecer corpo e mente em uma jornada de autoestima e bem-estar. Refer\u00eancia no universo fitness e conhecida pelo \u201cshape trincado\u201d, Val\u00e9ria Lessa compartilhou sua trajet\u00f3ria em uma palestra cheia de reflex\u00f5es e motiva\u00e7\u00e3o. Durante cerca de uma hora, ela abriu o cora\u00e7\u00e3o sobre os desafios que enfrentou para conquistar n\u00e3o apenas um f\u00edsico saud\u00e1vel, mas tamb\u00e9m um estado mental equilibrado. \u201cMuita gente acha que por ser magra, tudo \u00e9 mais f\u00e1cil. Mas, sem foco, persist\u00eancia e determina\u00e7\u00e3o, eu j\u00e1 teria desistido h\u00e1 muito tempo. Como tantas mulheres, sou m\u00e3e de dois filhos, tenho uma carreira, in\u00fameros compromissos e sei bem o que \u00e9 conciliar tudo isso com a rotina fitness\u201d, contou Val\u00e9ria. \u00a0 \u00a0\u00a0\u00a0Durante o bate-papo, a influenciadora apresentou o Programa RAIO, metodologia que desenvolveu ao longo dos anos e compartilha com suas seguidoras mais fi\u00e9is. \u201cSem Resili\u00eancia, A\u00e7\u00e3o, Inspira\u00e7\u00e3o e Oportunidade, ningu\u00e9m chega a lugar algum \u2013 e isso vale tanto para o corpo quanto para a mente\u201d, destacou. Com a energia l\u00e1 em cima, as participantes se entregaram \u00e0 experi\u00eancia completa do evento, que come\u00e7ou com um petit d\u00e9jeuner caprichado oferecido por Padoca, Line Bakery e Del\u00edcias Frutas. Em seguida, chegou a hora do treino intenso: sob o comando dos professores da Quattor Academia, Pedro Vieira conduziu exerc\u00edcios funcionais, enquanto Alysson Ntopi trouxe coreografias de Fit Dance que fizeram todo mundo suar \u2013 e se divertir. Mas o Caf\u00e9 Com Treino n\u00e3o \u00e9 apenas sobre movimento. O bem-estar foi outro grande destaque do encontro, com momentos de relaxamento proporcionados por Amanda Cindel, do Instituto Long\u00e9vit\u00e9, que aplicou massagens com ventosas nas participantes. Para repor as energias, degusta\u00e7\u00f5es de suplementos da Essencial Farm\u00e1cia de Manipula\u00e7\u00e3o, que tamb\u00e9m distribuiu brindes especiais. E para fechar em grande estilo, sorteios recheados de presentes oferecidos por grandes parceiros do evento: Maj\u00f4 Beauty Club, Cl\u00ednica Marcela Mateus, Renata Almeida Est\u00e9tica Avan\u00e7ada, Thrico Hair, Corpus Sa\u00fade Integrada e Aromas e Sensa\u00e7\u00f5es. \u201cO Caf\u00e9 Com Treino \u00e9 mais do que um evento \u2013 \u00e9 um lembrete de que cuidar de si deve ser um compromisso di\u00e1rio. Al\u00e9m do aprendizado e das experi\u00eancias, cada participante leva para casa um mimo especial e a motiva\u00e7\u00e3o para seguir firme nessa jornada\u201d, finalizou Val\u00e9ria Lessa, que j\u00e1 est\u00e1 planejando a quarta edi\u00e7\u00e3o do encontro. Quer saber quando vai ser a pr\u00f3xima edi\u00e7\u00e3o do evento para garantir sua vaga? Fique de olho no @cafecomtreinovl e acompanhe as novidades. Enquanto isso, veja mais alguns cliques feitos por este colunista\/fot\u00f3grafo de quem passou por l\u00e1: Fotos: Gilberto Evangelista","og_url":"https:\/\/lackman.com.br\/index.php\/2025\/03\/31\/valeria-lessa-realiza-mais-um-cafe-com-treino\/","og_site_name":"LACKMAN &amp; CO.","article_published_time":"2025-03-31T21:30:44+00:00","og_image":[{"width":2560,"height":1707,"url":"http:\/\/lackman.com.br\/wp-content\/uploads\/2025\/03\/Valeria-Lessa_01-scaled.jpg","type":"image\/jpeg"}],"author":"Gilberto Evangelista - Colunista","twitter_card":"summary_large_image","twitter_misc":{"Escrito por":"Gilberto Evangelista - Colunista","Est. tempo de leitura":"8 minutos"},"schema":{"@context":"https:\/\/schema.org","@graph":[{"@type":"Article","@id":"https:\/\/lackman.com.br\/index.php\/2025\/03\/31\/valeria-lessa-realiza-mais-um-cafe-com-treino\/#article","isPartOf":{"@id":"https:\/\/lackman.com.br\/index.php\/2025\/03\/31\/valeria-lessa-realiza-mais-um-cafe-com-treino\/"},"author":{"name":"Gilberto Evangelista - Colunista","@id":"https:\/\/lackman.com.br\/#\/schema\/person\/8a2355f699593d21d4f0d25b69db5747"},"headline":"Val\u00e9ria Lessa realiza mais um Caf\u00e9 Com Treino","datePublished":"2025-03-31T21:30:44+00:00","mainEntityOfPage":{"@id":"https:\/\/lackman.com.br\/index.php\/2025\/03\/31\/valeria-lessa-realiza-mais-um-cafe-com-treino\/"},"wordCount":708,"publisher":{"@id":"https:\/\/lackman.com.br\/#organization"},"image":{"@id":"https:\/\/lackman.com.br\/index.php\/2025\/03\/31\/valeria-lessa-realiza-mais-um-cafe-com-treino\/#primaryimage"},"thumbnailUrl":"https:\/\/lackman.com.br\/wp-content\/uploads\/2025\/03\/Valeria-Lessa_01-scaled.jpg","keywords":["#perambulandocomogiba","\u00c1guas Claras","autocuidado","bem-estar","brasilia","Caf\u00e9 Com Treino","col\u00e9gio Bi\u00e2ngulo","coluna #PERAMBULANDO","df","fitness","Val\u00e9ria Lessa"],"articleSection":["Perambulando","Vida"],"inLanguage":"pt-BR"},{"@type":"WebPage","@id":"https:\/\/lackman.com.br\/index.php\/2025\/03\/31\/valeria-lessa-realiza-mais-um-cafe-com-treino\/","url":"https:\/\/lackman.com.br\/index.php\/2025\/03\/31\/valeria-lessa-realiza-mais-um-cafe-com-treino\/","name":"Val\u00e9ria Lessa realiza mais um Caf\u00e9 Com Treino - LACKMAN &amp; CO.","isPartOf":{"@id":"https:\/\/lackman.com.br\/#website"},"primaryImageOfPage":{"@id":"https:\/\/lackman.com.br\/index.php\/2025\/03\/31\/valeria-lessa-realiza-mais-um-cafe-com-treino\/#primaryimage"},"image":{"@id":"https:\/\/lackman.com.br\/index.php\/2025\/03\/31\/valeria-lessa-realiza-mais-um-cafe-com-treino\/#primaryimage"},"thumbnailUrl":"https:\/\/lackman.com.br\/wp-content\/uploads\/2025\/03\/Valeria-Lessa_01-scaled.jpg","datePublished":"2025-03-31T21:30:44+00:00","breadcrumb":{"@id":"https:\/\/lackman.com.br\/index.php\/2025\/03\/31\/valeria-lessa-realiza-mais-um-cafe-com-treino\/#breadcrumb"},"inLanguage":"pt-BR","potentialAction":[{"@type":"ReadAction","target":["https:\/\/lackman.com.br\/index.php\/2025\/03\/31\/valeria-lessa-realiza-mais-um-cafe-com-treino\/"]}]},{"@type":"ImageObject","inLanguage":"pt-BR","@id":"https:\/\/lackman.com.br\/index.php\/2025\/03\/31\/valeria-lessa-realiza-mais-um-cafe-com-treino\/#primaryimage","url":"https:\/\/lackman.com.br\/wp-content\/uploads\/2025\/03\/Valeria-Lessa_01-scaled.jpg","contentUrl":"https:\/\/lackman.com.br\/wp-content\/uploads\/2025\/03\/Valeria-Lessa_01-scaled.jpg","width":2560,"height":1707,"caption":"Val\u00e9ria Lessa_01"},{"@type":"BreadcrumbList","@id":"https:\/\/lackman.com.br\/index.php\/2025\/03\/31\/valeria-lessa-realiza-mais-um-cafe-com-treino\/#breadcrumb","itemListElement":[{"@type":"ListItem","position":1,"name":"In\u00edcio","item":"https:\/\/lackman.com.br\/"},{"@type":"ListItem","position":2,"name":"Val\u00e9ria Lessa realiza mais um Caf\u00e9 Com Treino"}]},{"@type":"WebSite","@id":"https:\/\/lackman.com.br\/#website","url":"https:\/\/lackman.com.br\/","name":"LACKMAN &amp; CO.","description":"VIDA | MODA | ARTE","publisher":{"@id":"https:\/\/lackman.com.br\/#organization"},"potentialAction":[{"@type":"SearchAction","target":{"@type":"EntryPoint","urlTemplate":"https:\/\/lackman.com.br\/?s={search_term_string}"},"query-input":{"@type":"PropertyValueSpecification","valueRequired":true,"valueName":"search_term_string"}}],"inLanguage":"pt-BR"},{"@type":"Organization","@id":"https:\/\/lackman.com.br\/#organization","name":"LACKMAN &amp; CO.","url":"https:\/\/lackman.com.br\/","logo":{"@type":"ImageObject","inLanguage":"pt-BR","@id":"https:\/\/lackman.com.br\/#\/schema\/logo\/image\/","url":"https:\/\/lackman.com.br\/wp-content\/uploads\/2023\/06\/Logotipo_preto-1.png","contentUrl":"https:\/\/lackman.com.br\/wp-content\/uploads\/2023\/06\/Logotipo_preto-1.png","width":739,"height":393,"caption":"LACKMAN &amp; CO."},"image":{"@id":"https:\/\/lackman.com.br\/#\/schema\/logo\/image\/"}},{"@type":"Person","@id":"https:\/\/lackman.com.br\/#\/schema\/person\/8a2355f699593d21d4f0d25b69db5747","name":"Gilberto Evangelista - Colunista","image":{"@type":"ImageObject","inLanguage":"pt-BR","@id":"https:\/\/lackman.com.br\/#\/schema\/person\/image\/","url":"https:\/\/secure.gravatar.com\/avatar\/cea9badf02f8a90f7a745f2cbea45fda61f65711ec015e2faf3809cca6337c28?s=96&d=mm&r=g","contentUrl":"https:\/\/secure.gravatar.com\/avatar\/cea9badf02f8a90f7a745f2cbea45fda61f65711ec015e2faf3809cca6337c28?s=96&d=mm&r=g","caption":"Gilberto Evangelista - Colunista"},"description":"Jornalista e globetrotter.","url":"https:\/\/lackman.com.br\/index.php\/author\/gilberto-brito\/"}]}},"rttpg_featured_image_url":{"full":["https:\/\/lackman.com.br\/wp-content\/uploads\/2025\/03\/Valeria-Lessa_01-scaled.jpg",2560,1707,false],"landscape":["https:\/\/lackman.com.br\/wp-content\/uploads\/2025\/03\/Valeria-Lessa_01-scaled.jpg",2560,1707,false],"portraits":["https:\/\/lackman.com.br\/wp-content\/uploads\/2025\/03\/Valeria-Lessa_01-scaled.jpg",2560,1707,false],"thumbnail":["https:\/\/lackman.com.br\/wp-content\/uploads\/2025\/03\/Valeria-Lessa_01-150x150.jpg",150,150,true],"medium":["https:\/\/lackman.com.br\/wp-content\/uploads\/2025\/03\/Valeria-Lessa_01-300x200.jpg",300,200,true],"large":["https:\/\/lackman.com.br\/wp-content\/uploads\/2025\/03\/Valeria-Lessa_01-1024x683.jpg",1024,683,true],"RoboGalleryMansoryImagesCenter":["https:\/\/lackman.com.br\/wp-content\/uploads\/2025\/03\/Valeria-Lessa_01-600x1024.jpg",600,1024,true],"RoboGalleryPreload":["https:\/\/lackman.com.br\/wp-content\/uploads\/2025\/03\/Valeria-Lessa_01-scaled.jpg",100,67,false],"1536x1536":["https:\/\/lackman.com.br\/wp-content\/uploads\/2025\/03\/Valeria-Lessa_01-1536x1024.jpg",1536,1024,true],"2048x2048":["https:\/\/lackman.com.br\/wp-content\/uploads\/2025\/03\/Valeria-Lessa_01-2048x1365.jpg",2048,1365,true]},"rttpg_author":{"display_name":"Gilberto Evangelista - Colunista","author_link":"https:\/\/lackman.com.br\/index.php\/author\/gilberto-brito\/"},"rttpg_comment":0,"rttpg_category":"<a href=\"https:\/\/lackman.com.br\/index.php\/category\/vida\/perambulando\/\" rel=\"category tag\">Perambulando<\/a> <a href=\"https:\/\/lackman.com.br\/index.php\/category\/vida\/\" rel=\"category tag\">Vida<\/a>","rttpg_excerpt":"Terceira edi\u00e7\u00e3o do evento criado pela influencer e palestrante tem palestra, exerc\u00edcios, brindes e muitas del\u00edcias &nbsp; Enquanto muitos brasilienses aproveitavam o \u00faltimo domingo (30) para dormir um pouco mais, cerca de 100 mulheres decidiram come\u00e7ar o dia com disposi\u00e7\u00e3o e prop\u00f3sito. Sob um c\u00e9u azul e um sol vibrante, elas participaram da terceira edi\u00e7\u00e3o&hellip;","_links":{"self":[{"href":"https:\/\/lackman.com.br\/index.php\/wp-json\/wp\/v2\/posts\/9084","targetHints":{"allow":["GET"]}}],"collection":[{"href":"https:\/\/lackman.com.br\/index.php\/wp-json\/wp\/v2\/posts"}],"about":[{"href":"https:\/\/lackman.com.br\/index.php\/wp-json\/wp\/v2\/types\/post"}],"author":[{"embeddable":true,"href":"https:\/\/lackman.com.br\/index.php\/wp-json\/wp\/v2\/users\/6"}],"replies":[{"embeddable":true,"href":"https:\/\/lackman.com.br\/index.php\/wp-json\/wp\/v2\/comments?post=9084"}],"version-history":[{"count":2,"href":"https:\/\/lackman.com.br\/index.php\/wp-json\/wp\/v2\/posts\/9084\/revisions"}],"predecessor-version":[{"id":9109,"href":"https:\/\/lackman.com.br\/index.php\/wp-json\/wp\/v2\/posts\/9084\/revisions\/9109"}],"wp:featuredmedia":[{"embeddable":true,"href":"https:\/\/lackman.com.br\/index.php\/wp-json\/wp\/v2\/media\/9096"}],"wp:attachment":[{"href":"https:\/\/lackman.com.br\/index.php\/wp-json\/wp\/v2\/media?parent=9084"}],"wp:term":[{"taxonomy":"category","embeddable":true,"href":"https:\/\/lackman.com.br\/index.php\/wp-json\/wp\/v2\/categories?post=9084"},{"taxonomy":"post_tag","embeddable":true,"href":"https:\/\/lackman.com.br\/index.php\/wp-json\/wp\/v2\/tags?post=9084"}],"curies":[{"name":"wp","href":"https:\/\/api.w.org\/{rel}","templated":true}]}}