{"id":9064,"date":"2025-03-28T19:26:08","date_gmt":"2025-03-28T22:26:08","guid":{"rendered":"https:\/\/lackman.com.br\/?p=9064"},"modified":"2025-04-05T22:27:44","modified_gmt":"2025-04-06T01:27:44","slug":"premio-jorge-laffond-um-viva-a-diversidade","status":"publish","type":"post","link":"https:\/\/lackman.com.br\/index.php\/2025\/03\/28\/premio-jorge-laffond-um-viva-a-diversidade\/","title":{"rendered":"Pr\u00eamio Jorge Laffond: um viva \u00e0 diversidade!"},"content":{"rendered":"<h5><em>Premia\u00e7\u00e3o \u00e9 no dia 4 de abril, no Teatro Nacional e celebra destaques da popula\u00e7\u00e3o LGBTQIA+ na cultura e na pol\u00edtica como Liniker, Leci Brand\u00e3o, Raphael Montes e Renan Quinalha<\/em><\/h5>\n<p>&nbsp;<\/p>\n<p dir=\"ltr\" style=\"text-align: justify\">O coletivo <a href=\"https:\/\/www.instagram.com\/distritodrag\/\"><strong>Distrito Drag<\/strong><\/a> apresenta no dia 4 de abril, a partir das 19h30, o <strong>Pr\u00eamio Jorge Laffond<\/strong>. Personalidades, entidades, projetos, grupos e aliados da comunidade LGBTQIA+ recebem a homenagem no Teatro Nacional. Al\u00e9m da entrega dos pr\u00eamios em 21 categorias, o roteiro inclui performances da <strong>Casa de Laffond<\/strong>, da drag queen <strong>Naomi Leaks<\/strong> e da cantora Tal\u00edz. O projeto \u00e9 realizado com fomento da <strong>Secretaria de Cultura e Economia Criativa do Distrito Federal<\/strong> (Secec-DF). Os ingressos para a cerim\u00f4nia s\u00e3o gratuitos e podem ser retirados pela plataforma <a href=\"http:\/\/bit.ly\/Pr\u00eamioJorgeLaffond2025\"><strong>Sympla<\/strong><\/a>.<\/p>\n<p dir=\"ltr\" style=\"text-align: justify\">Em sua quinta edi\u00e7\u00e3o, o Pr\u00eamio Jorge Laffond homenageia personalidades como a cantora <strong>Liniker<\/strong>, na categoria m\u00fasica &#8211; com duas apresenta\u00e7\u00f5es na cidade marcadas para os dias 5 e 6 de mar\u00e7o, assunto que a <strong>Coluna #PERAMBULANDO<\/strong> noticiou e que voc\u00ea l\u00ea clicando <a href=\"https:\/\/lackman.com.br\/index.php\/2025\/02\/10\/liniker-traz-a-turne-caju-a-brasilia\/\"><strong>neste link<\/strong><\/a>. A grande <strong>Leci Brand\u00e3o<\/strong> \u00e9 outra artista laureada, na categoria orgulho; o autor <strong>Raphael Montes<\/strong> (Beleza Fatal &#8211; Max), na categoria cinema e audiovisual; o advogado e ativista <strong>Renan Quinalha<\/strong>, na categoria narrativas dissidentes; o editor-chefe deste ve\u00edculo, o jornalista <strong>Fernando Lackman<\/strong> (moda e beleza); e <strong>Lu\u00eds Roberto Barroso<\/strong>, presidente do Supremo Tribunal Federal (STF).<\/p>\n<figure id=\"attachment_9068\" aria-describedby=\"caption-attachment-9068\" style=\"width: 1707px\" class=\"wp-caption aligncenter\"><img fetchpriority=\"high\" decoding=\"async\" class=\"wp-image-9068 size-full\" src=\"http:\/\/lackman.com.br\/wp-content\/uploads\/2025\/03\/Cantora-Leci-Brandao-e-uma-das-homenageadas-do-Premio-Jorge-Laffond-2025-Foto-Alesp-scaled.jpg\" alt=\"\" width=\"1707\" height=\"2560\" srcset=\"https:\/\/lackman.com.br\/wp-content\/uploads\/2025\/03\/Cantora-Leci-Brandao-e-uma-das-homenageadas-do-Premio-Jorge-Laffond-2025-Foto-Alesp-scaled.jpg 1707w, https:\/\/lackman.com.br\/wp-content\/uploads\/2025\/03\/Cantora-Leci-Brandao-e-uma-das-homenageadas-do-Premio-Jorge-Laffond-2025-Foto-Alesp-200x300.jpg 200w, https:\/\/lackman.com.br\/wp-content\/uploads\/2025\/03\/Cantora-Leci-Brandao-e-uma-das-homenageadas-do-Premio-Jorge-Laffond-2025-Foto-Alesp-683x1024.jpg 683w, https:\/\/lackman.com.br\/wp-content\/uploads\/2025\/03\/Cantora-Leci-Brandao-e-uma-das-homenageadas-do-Premio-Jorge-Laffond-2025-Foto-Alesp-768x1152.jpg 768w, https:\/\/lackman.com.br\/wp-content\/uploads\/2025\/03\/Cantora-Leci-Brandao-e-uma-das-homenageadas-do-Premio-Jorge-Laffond-2025-Foto-Alesp-1024x1536.jpg 1024w, https:\/\/lackman.com.br\/wp-content\/uploads\/2025\/03\/Cantora-Leci-Brandao-e-uma-das-homenageadas-do-Premio-Jorge-Laffond-2025-Foto-Alesp-1365x2048.jpg 1365w\" sizes=\"(max-width: 1707px) 100vw, 1707px\" \/><figcaption id=\"caption-attachment-9068\" class=\"wp-caption-text\">Leci Brand\u00e3o<\/figcaption><\/figure>\n<figure id=\"attachment_9066\" aria-describedby=\"caption-attachment-9066\" style=\"width: 828px\" class=\"wp-caption aligncenter\"><img decoding=\"async\" class=\"wp-image-9066 size-full\" src=\"http:\/\/lackman.com.br\/wp-content\/uploads\/2025\/03\/Casa-de-Laffond-e-uma-das-atracoes-do-Premio-Jorge-Laffond-2025-Foto-Instagram.jpg\" alt=\"\" width=\"828\" height=\"995\" srcset=\"https:\/\/lackman.com.br\/wp-content\/uploads\/2025\/03\/Casa-de-Laffond-e-uma-das-atracoes-do-Premio-Jorge-Laffond-2025-Foto-Instagram.jpg 828w, https:\/\/lackman.com.br\/wp-content\/uploads\/2025\/03\/Casa-de-Laffond-e-uma-das-atracoes-do-Premio-Jorge-Laffond-2025-Foto-Instagram-250x300.jpg 250w, https:\/\/lackman.com.br\/wp-content\/uploads\/2025\/03\/Casa-de-Laffond-e-uma-das-atracoes-do-Premio-Jorge-Laffond-2025-Foto-Instagram-768x923.jpg 768w\" sizes=\"(max-width: 828px) 100vw, 828px\" \/><figcaption id=\"caption-attachment-9066\" class=\"wp-caption-text\">Casa de Laffond<\/figcaption><\/figure>\n<p dir=\"ltr\" style=\"text-align: justify\">Registrar a mem\u00f3ria LGBBTQIA+ por meio do reconhecimento a quem contribui diretamente para a cultura, pol\u00edtica e outras \u00e1reas \u00e9 o que motiva a produ\u00e7\u00e3o do pr\u00eamio. \u201c<em>Para n\u00f3s, o Pr\u00eamio Jorge Laffond \u00e9 uma forma n\u00e3o somente de agradecer aos premiados por seus incr\u00edveis trabalhos prestados, como tamb\u00e9m de incentivar que mais artistas, ativistas e entidades se empenhem em lutar por causas relevantes<\/em>\u201d, define <strong>Victor Baliane<\/strong>, que assina a dire\u00e7\u00e3o art\u00edstica do pr\u00eamio.<\/p>\n<p dir=\"ltr\" style=\"text-align: justify\">Nesta edi\u00e7\u00e3o, a premia\u00e7\u00e3o segue com a miss\u00e3o de potencializar a luta e as conquistas da popula\u00e7\u00e3o LGBTQIA+, expressa em vertentes art\u00edsticas, pol\u00edticas e de visibilidade. \u201c<em>Jorge Laffond foi um dos nossos que contribuiu muito com sua for\u00e7a art\u00edstica e de resist\u00eancia. Inspirados por ele, queremos ver mais e mais pessoas LGBTQIA+ e aliadas com suas trajet\u00f3rias reconhecidas e celebradas<\/em>\u201d, destaca <strong>Ruth Venceremos<\/strong>, uma das diretoras do Distrito Drag.<\/p>\n<figure id=\"attachment_9067\" aria-describedby=\"caption-attachment-9067\" style=\"width: 1280px\" class=\"wp-caption aligncenter\"><img decoding=\"async\" class=\"wp-image-9067 size-full\" src=\"http:\/\/lackman.com.br\/wp-content\/uploads\/2025\/03\/O-Advogado-e-ativista-Renan-Quinalha-e-um-dos-homenageados-do-Premio-Jorge-Laffond-2025-Foto-arquivo-pessoal.jpeg\" alt=\"\" width=\"1280\" height=\"1707\" srcset=\"https:\/\/lackman.com.br\/wp-content\/uploads\/2025\/03\/O-Advogado-e-ativista-Renan-Quinalha-e-um-dos-homenageados-do-Premio-Jorge-Laffond-2025-Foto-arquivo-pessoal.jpeg 1280w, https:\/\/lackman.com.br\/wp-content\/uploads\/2025\/03\/O-Advogado-e-ativista-Renan-Quinalha-e-um-dos-homenageados-do-Premio-Jorge-Laffond-2025-Foto-arquivo-pessoal-225x300.jpeg 225w, https:\/\/lackman.com.br\/wp-content\/uploads\/2025\/03\/O-Advogado-e-ativista-Renan-Quinalha-e-um-dos-homenageados-do-Premio-Jorge-Laffond-2025-Foto-arquivo-pessoal-768x1024.jpeg 768w, https:\/\/lackman.com.br\/wp-content\/uploads\/2025\/03\/O-Advogado-e-ativista-Renan-Quinalha-e-um-dos-homenageados-do-Premio-Jorge-Laffond-2025-Foto-arquivo-pessoal-1152x1536.jpeg 1152w\" sizes=\"(max-width: 1280px) 100vw, 1280px\" \/><figcaption id=\"caption-attachment-9067\" class=\"wp-caption-text\">Renan Quinalha<\/figcaption><\/figure>\n<figure id=\"attachment_9069\" aria-describedby=\"caption-attachment-9069\" style=\"width: 1920px\" class=\"wp-caption aligncenter\"><img loading=\"lazy\" decoding=\"async\" class=\"wp-image-9069 size-full\" src=\"http:\/\/lackman.com.br\/wp-content\/uploads\/2025\/03\/Drag-queen-Naomi-Leakes-e-uma-das-atracoes-do-Premio-Jorge-Laffond-2025-Foto-arquivo-pessoal-scaled.jpeg\" alt=\"\" width=\"1920\" height=\"2560\" srcset=\"https:\/\/lackman.com.br\/wp-content\/uploads\/2025\/03\/Drag-queen-Naomi-Leakes-e-uma-das-atracoes-do-Premio-Jorge-Laffond-2025-Foto-arquivo-pessoal-scaled.jpeg 1920w, https:\/\/lackman.com.br\/wp-content\/uploads\/2025\/03\/Drag-queen-Naomi-Leakes-e-uma-das-atracoes-do-Premio-Jorge-Laffond-2025-Foto-arquivo-pessoal-225x300.jpeg 225w, https:\/\/lackman.com.br\/wp-content\/uploads\/2025\/03\/Drag-queen-Naomi-Leakes-e-uma-das-atracoes-do-Premio-Jorge-Laffond-2025-Foto-arquivo-pessoal-768x1024.jpeg 768w, https:\/\/lackman.com.br\/wp-content\/uploads\/2025\/03\/Drag-queen-Naomi-Leakes-e-uma-das-atracoes-do-Premio-Jorge-Laffond-2025-Foto-arquivo-pessoal-1152x1536.jpeg 1152w, https:\/\/lackman.com.br\/wp-content\/uploads\/2025\/03\/Drag-queen-Naomi-Leakes-e-uma-das-atracoes-do-Premio-Jorge-Laffond-2025-Foto-arquivo-pessoal-1536x2048.jpeg 1536w\" sizes=\"(max-width: 1920px) 100vw, 1920px\" \/><figcaption id=\"caption-attachment-9069\" class=\"wp-caption-text\">Naomi Leaks<\/figcaption><\/figure>\n<p dir=\"ltr\" style=\"text-align: justify\">Em edi\u00e7\u00f5es anteriores, o Pr\u00eamio Jorge Laffond, j\u00e1 homenageou personalidades como Maria Gad\u00fa, Erika Hilton, Bianca Dellafancy, Marcinha do Corintho, Keila Simpson, Ivan Baron, Symmy Larrat, Margareth Menezes, Diego Martins e Amaury Lorenzo.<\/p>\n<p dir=\"ltr\" style=\"text-align: justify\"><strong>Veja a lista dos homenageados do Pr\u00eamio Jorge Laffond 2025:<\/strong><\/p>\n<p dir=\"ltr\" style=\"text-align: justify\">Arte transformista: Ginger Mc.Gaffney (DF)<\/p>\n<p dir=\"ltr\" style=\"text-align: justify\">Cultura Ballroom: Ursula (DF)<\/p>\n<p dir=\"ltr\" style=\"text-align: justify\">Narrativas dissidentes: Renan Quinalha (SP)<\/p>\n<p dir=\"ltr\" style=\"text-align: justify\">Cinema e Audiovisual: Raphael Montes (RJ)<\/p>\n<p dir=\"ltr\" style=\"text-align: justify\">Artes Visuais: Rafael da Esc\u00f3ssia (DF)<\/p>\n<p dir=\"ltr\" style=\"text-align: justify\">Comunica\u00e7\u00e3o: Daniel Adjuto (DF)<\/p>\n<p dir=\"ltr\" style=\"text-align: justify\">Orgulho: Leci Brand\u00e3o (RJ)<\/p>\n<p dir=\"ltr\" style=\"text-align: justify\">Hist\u00f3ria e Mem\u00f3ria: Document\u00e1rio: Um Salto Alto &#8211; A Hist\u00f3ria da Arte Transformista do Distrito Federal<\/p>\n<p dir=\"ltr\" style=\"text-align: justify\">Milit\u00e2ncia LGBTQIA+: Lucci Laporta (DF)<\/p>\n<p dir=\"ltr\" style=\"text-align: justify\">Moda e Beleza: Fernando Lackman (DF)<\/p>\n<p dir=\"ltr\" style=\"text-align: justify\">M\u00fasica: Liniker (SP)<\/p>\n<p dir=\"ltr\" style=\"text-align: justify\">Parlamentar aliado\/a: Max Maciel (DF)<\/p>\n<p dir=\"ltr\" style=\"text-align: justify\">Parlamentar LGBTQIA+: Daiana Santos (RS)<\/p>\n<p dir=\"ltr\" style=\"text-align: justify\">Produ\u00e7\u00e3o Cultural: Ava Scherdien (DF)<\/p>\n<p dir=\"ltr\" style=\"text-align: justify\">Iniciativa Cultural: Bloco Baile da Piki (DF)<\/p>\n<p dir=\"ltr\" style=\"text-align: justify\">Quem v\u00ea close n\u00e3o v\u00ea corre: Pagod\u00e3o Delas (DF)<\/p>\n<p dir=\"ltr\" style=\"text-align: justify\">Pol\u00edticas P\u00fablicas: Governo do Estado do Cear\u00e1<\/p>\n<p dir=\"ltr\" style=\"text-align: justify\">Drag revela\u00e7\u00e3o: GG Limona (DF)<\/p>\n<p dir=\"ltr\" style=\"text-align: justify\">Faz a diferen\u00e7a: Lu\u00eds Roberto Barroso (PB)<\/p>\n<p dir=\"ltr\" style=\"text-align: justify\">Promo\u00e7\u00e3o e Defesa dos Direitos Humanos: Maca\u00e9 Evaristo (MG)<\/p>\n<p dir=\"ltr\" style=\"text-align: justify\">Consultoria em Diversidade e Inclus\u00e3o: Ricardo Sales (SP)<\/p>\n<p dir=\"ltr\">\n<p dir=\"ltr\" style=\"text-align: justify\"><strong>Vamos prestigiar?<\/strong><\/p>\n<p dir=\"ltr\" style=\"text-align: justify\"><strong>Pr\u00eamio Jorge Lafond<\/strong> \/ Teatro Nacional Cl\u00e1udio Santoro (Setor Cultural Norte, Via N2) \/\u00a04 de abril &#8211; 19h30 \/ Entrada gratuita &#8211; pelo <a href=\"http:\/\/bit.ly\/Pr\u00eamioJorgeLaffond2025\">Sympla<\/a><\/p>\n<pre dir=\"ltr\">Fotos: Divulga\u00e7\u00e3o<\/pre>\n","protected":false},"excerpt":{"rendered":"<p>Premia\u00e7\u00e3o \u00e9 no dia 4 de abril, no Teatro Nacional e celebra destaques da popula\u00e7\u00e3o LGBTQIA+ na cultura e na pol\u00edtica como Liniker, Leci Brand\u00e3o, Raphael Montes e Renan Quinalha &nbsp; O coletivo Distrito Drag apresenta no dia 4 de abril, a partir das 19h30, o Pr\u00eamio Jorge Laffond. Personalidades, entidades, projetos, grupos e aliados da comunidade LGBTQIA+ recebem a homenagem no Teatro Nacional. Al\u00e9m da entrega dos pr\u00eamios em 21 categorias, o roteiro inclui performances da Casa de Laffond, da drag queen Naomi Leaks e da cantora Tal\u00edz. O projeto \u00e9 realizado com fomento da Secretaria de Cultura e Economia Criativa do Distrito Federal (Secec-DF). Os ingressos para a cerim\u00f4nia s\u00e3o gratuitos e podem ser retirados pela plataforma Sympla. Em sua quinta edi\u00e7\u00e3o, o Pr\u00eamio Jorge Laffond homenageia personalidades como a cantora Liniker, na categoria m\u00fasica &#8211; com duas apresenta\u00e7\u00f5es na cidade marcadas para os dias 5 e 6 de mar\u00e7o, assunto que a Coluna #PERAMBULANDO noticiou e que voc\u00ea l\u00ea clicando neste link. A grande Leci Brand\u00e3o \u00e9 outra artista laureada, na categoria orgulho; o autor Raphael Montes (Beleza Fatal &#8211; Max), na categoria cinema e audiovisual; o advogado e ativista Renan Quinalha, na categoria narrativas dissidentes; o editor-chefe deste ve\u00edculo, o jornalista Fernando Lackman (moda e beleza); e Lu\u00eds Roberto Barroso, presidente do Supremo Tribunal Federal (STF). Registrar a mem\u00f3ria LGBBTQIA+ por meio do reconhecimento a quem contribui diretamente para a cultura, pol\u00edtica e outras \u00e1reas \u00e9 o que motiva a produ\u00e7\u00e3o do pr\u00eamio. \u201cPara n\u00f3s, o Pr\u00eamio Jorge Laffond \u00e9 uma forma n\u00e3o somente de agradecer aos premiados por seus incr\u00edveis trabalhos prestados, como tamb\u00e9m de incentivar que mais artistas, ativistas e entidades se empenhem em lutar por causas relevantes\u201d, define Victor Baliane, que assina a dire\u00e7\u00e3o art\u00edstica do pr\u00eamio. Nesta edi\u00e7\u00e3o, a premia\u00e7\u00e3o segue com a miss\u00e3o de potencializar a luta e as conquistas da popula\u00e7\u00e3o LGBTQIA+, expressa em vertentes art\u00edsticas, pol\u00edticas e de visibilidade. \u201cJorge Laffond foi um dos nossos que contribuiu muito com sua for\u00e7a art\u00edstica e de resist\u00eancia. Inspirados por ele, queremos ver mais e mais pessoas LGBTQIA+ e aliadas com suas trajet\u00f3rias reconhecidas e celebradas\u201d, destaca Ruth Venceremos, uma das diretoras do Distrito Drag. Em edi\u00e7\u00f5es anteriores, o Pr\u00eamio Jorge Laffond, j\u00e1 homenageou personalidades como Maria Gad\u00fa, Erika Hilton, Bianca Dellafancy, Marcinha do Corintho, Keila Simpson, Ivan Baron, Symmy Larrat, Margareth Menezes, Diego Martins e Amaury Lorenzo. Veja a lista dos homenageados do Pr\u00eamio Jorge Laffond 2025: Arte transformista: Ginger Mc.Gaffney (DF) Cultura Ballroom: Ursula (DF) Narrativas dissidentes: Renan Quinalha (SP) Cinema e Audiovisual: Raphael Montes (RJ) Artes Visuais: Rafael da Esc\u00f3ssia (DF) Comunica\u00e7\u00e3o: Daniel Adjuto (DF) Orgulho: Leci Brand\u00e3o (RJ) Hist\u00f3ria e Mem\u00f3ria: Document\u00e1rio: Um Salto Alto &#8211; A Hist\u00f3ria da Arte Transformista do Distrito Federal Milit\u00e2ncia LGBTQIA+: Lucci Laporta (DF) Moda e Beleza: Fernando Lackman (DF) M\u00fasica: Liniker (SP) Parlamentar aliado\/a: Max Maciel (DF) Parlamentar LGBTQIA+: Daiana Santos (RS) Produ\u00e7\u00e3o Cultural: Ava Scherdien (DF) Iniciativa Cultural: Bloco Baile da Piki (DF) Quem v\u00ea close n\u00e3o v\u00ea corre: Pagod\u00e3o Delas (DF) Pol\u00edticas P\u00fablicas: Governo do Estado do Cear\u00e1 Drag revela\u00e7\u00e3o: GG Limona (DF) Faz a diferen\u00e7a: Lu\u00eds Roberto Barroso (PB) Promo\u00e7\u00e3o e Defesa dos Direitos Humanos: Maca\u00e9 Evaristo (MG) Consultoria em Diversidade e Inclus\u00e3o: Ricardo Sales (SP) Vamos prestigiar? Pr\u00eamio Jorge Lafond \/ Teatro Nacional Cl\u00e1udio Santoro (Setor Cultural Norte, Via N2) \/\u00a04 de abril &#8211; 19h30 \/ Entrada gratuita &#8211; pelo Sympla Fotos: Divulga\u00e7\u00e3o<\/p>\n","protected":false},"author":6,"featured_media":9065,"comment_status":"closed","ping_status":"open","sticky":false,"template":"","format":"standard","meta":{"site-sidebar-layout":"default","site-content-layout":"","ast-site-content-layout":"default","site-content-style":"default","site-sidebar-style":"default","ast-global-header-display":"","ast-banner-title-visibility":"","ast-main-header-display":"","ast-hfb-above-header-display":"","ast-hfb-below-header-display":"","ast-hfb-mobile-header-display":"","site-post-title":"","ast-breadcrumbs-content":"","ast-featured-img":"","footer-sml-layout":"","ast-disable-related-posts":"","theme-transparent-header-meta":"default","adv-header-id-meta":"","stick-header-meta":"","header-above-stick-meta":"","header-main-stick-meta":"","header-below-stick-meta":"","astra-migrate-meta-layouts":"set","ast-page-background-enabled":"default","ast-page-background-meta":{"desktop":{"background-color":"","background-image":"","background-repeat":"repeat","background-position":"center center","background-size":"auto","background-attachment":"scroll","background-type":"","background-media":"","overlay-type":"","overlay-color":"","overlay-opacity":"","overlay-gradient":""},"tablet":{"background-color":"","background-image":"","background-repeat":"repeat","background-position":"center center","background-size":"auto","background-attachment":"scroll","background-type":"","background-media":"","overlay-type":"","overlay-color":"","overlay-opacity":"","overlay-gradient":""},"mobile":{"background-color":"","background-image":"","background-repeat":"repeat","background-position":"center center","background-size":"auto","background-attachment":"scroll","background-type":"","background-media":"","overlay-type":"","overlay-color":"","overlay-opacity":"","overlay-gradient":""}},"ast-content-background-meta":{"desktop":{"background-color":"var(--ast-global-color-5)","background-image":"","background-repeat":"repeat","background-position":"center center","background-size":"auto","background-attachment":"scroll","background-type":"","background-media":"","overlay-type":"","overlay-color":"","overlay-opacity":"","overlay-gradient":""},"tablet":{"background-color":"var(--ast-global-color-5)","background-image":"","background-repeat":"repeat","background-position":"center center","background-size":"auto","background-attachment":"scroll","background-type":"","background-media":"","overlay-type":"","overlay-color":"","overlay-opacity":"","overlay-gradient":""},"mobile":{"background-color":"var(--ast-global-color-5)","background-image":"","background-repeat":"repeat","background-position":"center center","background-size":"auto","background-attachment":"scroll","background-type":"","background-media":"","overlay-type":"","overlay-color":"","overlay-opacity":"","overlay-gradient":""}},"footnotes":""},"categories":[43,41],"tags":[288,54,1936,1865,89,911,1934,1408,1932,1935,1929,1930,1931,1933],"class_list":["post-9064","post","type-post","status-publish","format-standard","has-post-thumbnail","hentry","category-perambulando","category-vida","tag-perambulandocomogiba","tag-brasilia","tag-casa-de-laffond","tag-coluna-perambulando","tag-df","tag-distrito-drag","tag-leci-brandao","tag-liniker","tag-luis-roberto-barroso","tag-naomi-leaks","tag-premio-jorge-laffond","tag-raphael-montes","tag-renan-quinalha","tag-ruth-venceremos"],"yoast_head":"<!-- This site is optimized with the Yoast SEO plugin v27.0 - https:\/\/yoast.com\/product\/yoast-seo-wordpress\/ -->\n<title>Pr\u00eamio Jorge Laffond: um viva \u00e0 diversidade! - LACKMAN &amp; CO.<\/title>\n<meta name=\"robots\" content=\"index, follow, max-snippet:-1, max-image-preview:large, max-video-preview:-1\" \/>\n<link rel=\"canonical\" href=\"https:\/\/lackman.com.br\/index.php\/2025\/03\/28\/premio-jorge-laffond-um-viva-a-diversidade\/\" \/>\n<meta property=\"og:locale\" content=\"pt_BR\" \/>\n<meta property=\"og:type\" content=\"article\" \/>\n<meta property=\"og:title\" content=\"Pr\u00eamio Jorge Laffond: um viva \u00e0 diversidade! - LACKMAN &amp; CO.\" \/>\n<meta property=\"og:description\" content=\"Premia\u00e7\u00e3o \u00e9 no dia 4 de abril, no Teatro Nacional e celebra destaques da popula\u00e7\u00e3o LGBTQIA+ na cultura e na pol\u00edtica como Liniker, Leci Brand\u00e3o, Raphael Montes e Renan Quinalha &nbsp; O coletivo Distrito Drag apresenta no dia 4 de abril, a partir das 19h30, o Pr\u00eamio Jorge Laffond. Personalidades, entidades, projetos, grupos e aliados da comunidade LGBTQIA+ recebem a homenagem no Teatro Nacional. Al\u00e9m da entrega dos pr\u00eamios em 21 categorias, o roteiro inclui performances da Casa de Laffond, da drag queen Naomi Leaks e da cantora Tal\u00edz. O projeto \u00e9 realizado com fomento da Secretaria de Cultura e Economia Criativa do Distrito Federal (Secec-DF). Os ingressos para a cerim\u00f4nia s\u00e3o gratuitos e podem ser retirados pela plataforma Sympla. Em sua quinta edi\u00e7\u00e3o, o Pr\u00eamio Jorge Laffond homenageia personalidades como a cantora Liniker, na categoria m\u00fasica &#8211; com duas apresenta\u00e7\u00f5es na cidade marcadas para os dias 5 e 6 de mar\u00e7o, assunto que a Coluna #PERAMBULANDO noticiou e que voc\u00ea l\u00ea clicando neste link. A grande Leci Brand\u00e3o \u00e9 outra artista laureada, na categoria orgulho; o autor Raphael Montes (Beleza Fatal &#8211; Max), na categoria cinema e audiovisual; o advogado e ativista Renan Quinalha, na categoria narrativas dissidentes; o editor-chefe deste ve\u00edculo, o jornalista Fernando Lackman (moda e beleza); e Lu\u00eds Roberto Barroso, presidente do Supremo Tribunal Federal (STF). Registrar a mem\u00f3ria LGBBTQIA+ por meio do reconhecimento a quem contribui diretamente para a cultura, pol\u00edtica e outras \u00e1reas \u00e9 o que motiva a produ\u00e7\u00e3o do pr\u00eamio. \u201cPara n\u00f3s, o Pr\u00eamio Jorge Laffond \u00e9 uma forma n\u00e3o somente de agradecer aos premiados por seus incr\u00edveis trabalhos prestados, como tamb\u00e9m de incentivar que mais artistas, ativistas e entidades se empenhem em lutar por causas relevantes\u201d, define Victor Baliane, que assina a dire\u00e7\u00e3o art\u00edstica do pr\u00eamio. Nesta edi\u00e7\u00e3o, a premia\u00e7\u00e3o segue com a miss\u00e3o de potencializar a luta e as conquistas da popula\u00e7\u00e3o LGBTQIA+, expressa em vertentes art\u00edsticas, pol\u00edticas e de visibilidade. \u201cJorge Laffond foi um dos nossos que contribuiu muito com sua for\u00e7a art\u00edstica e de resist\u00eancia. Inspirados por ele, queremos ver mais e mais pessoas LGBTQIA+ e aliadas com suas trajet\u00f3rias reconhecidas e celebradas\u201d, destaca Ruth Venceremos, uma das diretoras do Distrito Drag. Em edi\u00e7\u00f5es anteriores, o Pr\u00eamio Jorge Laffond, j\u00e1 homenageou personalidades como Maria Gad\u00fa, Erika Hilton, Bianca Dellafancy, Marcinha do Corintho, Keila Simpson, Ivan Baron, Symmy Larrat, Margareth Menezes, Diego Martins e Amaury Lorenzo. Veja a lista dos homenageados do Pr\u00eamio Jorge Laffond 2025: Arte transformista: Ginger Mc.Gaffney (DF) Cultura Ballroom: Ursula (DF) Narrativas dissidentes: Renan Quinalha (SP) Cinema e Audiovisual: Raphael Montes (RJ) Artes Visuais: Rafael da Esc\u00f3ssia (DF) Comunica\u00e7\u00e3o: Daniel Adjuto (DF) Orgulho: Leci Brand\u00e3o (RJ) Hist\u00f3ria e Mem\u00f3ria: Document\u00e1rio: Um Salto Alto &#8211; A Hist\u00f3ria da Arte Transformista do Distrito Federal Milit\u00e2ncia LGBTQIA+: Lucci Laporta (DF) Moda e Beleza: Fernando Lackman (DF) M\u00fasica: Liniker (SP) Parlamentar aliado\/a: Max Maciel (DF) Parlamentar LGBTQIA+: Daiana Santos (RS) Produ\u00e7\u00e3o Cultural: Ava Scherdien (DF) Iniciativa Cultural: Bloco Baile da Piki (DF) Quem v\u00ea close n\u00e3o v\u00ea corre: Pagod\u00e3o Delas (DF) Pol\u00edticas P\u00fablicas: Governo do Estado do Cear\u00e1 Drag revela\u00e7\u00e3o: GG Limona (DF) Faz a diferen\u00e7a: Lu\u00eds Roberto Barroso (PB) Promo\u00e7\u00e3o e Defesa dos Direitos Humanos: Maca\u00e9 Evaristo (MG) Consultoria em Diversidade e Inclus\u00e3o: Ricardo Sales (SP) Vamos prestigiar? Pr\u00eamio Jorge Lafond \/ Teatro Nacional Cl\u00e1udio Santoro (Setor Cultural Norte, Via N2) \/\u00a04 de abril &#8211; 19h30 \/ Entrada gratuita &#8211; pelo Sympla Fotos: Divulga\u00e7\u00e3o\" \/>\n<meta property=\"og:url\" content=\"https:\/\/lackman.com.br\/index.php\/2025\/03\/28\/premio-jorge-laffond-um-viva-a-diversidade\/\" \/>\n<meta property=\"og:site_name\" content=\"LACKMAN &amp; CO.\" \/>\n<meta property=\"article:published_time\" content=\"2025-03-28T22:26:08+00:00\" \/>\n<meta property=\"article:modified_time\" content=\"2025-04-06T01:27:44+00:00\" \/>\n<meta property=\"og:image\" content=\"http:\/\/lackman.com.br\/wp-content\/uploads\/2025\/03\/Cantora-Liniker-e-uma-das-homenageadas-no-Premio-Jorge-Laffond-2025-Foto-Instagram-2.jpg\" \/>\n\t<meta property=\"og:image:width\" content=\"1080\" \/>\n\t<meta property=\"og:image:height\" content=\"732\" \/>\n\t<meta property=\"og:image:type\" content=\"image\/jpeg\" \/>\n<meta name=\"author\" content=\"Gilberto Evangelista - Colunista\" \/>\n<meta name=\"twitter:card\" content=\"summary_large_image\" \/>\n<meta name=\"twitter:label1\" content=\"Escrito por\" \/>\n\t<meta name=\"twitter:data1\" content=\"Gilberto Evangelista - Colunista\" \/>\n\t<meta name=\"twitter:label2\" content=\"Est. tempo de leitura\" \/>\n\t<meta name=\"twitter:data2\" content=\"5 minutos\" \/>\n<script type=\"application\/ld+json\" class=\"yoast-schema-graph\">{\"@context\":\"https:\/\/schema.org\",\"@graph\":[{\"@type\":\"Article\",\"@id\":\"https:\/\/lackman.com.br\/index.php\/2025\/03\/28\/premio-jorge-laffond-um-viva-a-diversidade\/#article\",\"isPartOf\":{\"@id\":\"https:\/\/lackman.com.br\/index.php\/2025\/03\/28\/premio-jorge-laffond-um-viva-a-diversidade\/\"},\"author\":{\"name\":\"Gilberto Evangelista - Colunista\",\"@id\":\"https:\/\/lackman.com.br\/#\/schema\/person\/8a2355f699593d21d4f0d25b69db5747\"},\"headline\":\"Pr\u00eamio Jorge Laffond: um viva \u00e0 diversidade!\",\"datePublished\":\"2025-03-28T22:26:08+00:00\",\"dateModified\":\"2025-04-06T01:27:44+00:00\",\"mainEntityOfPage\":{\"@id\":\"https:\/\/lackman.com.br\/index.php\/2025\/03\/28\/premio-jorge-laffond-um-viva-a-diversidade\/\"},\"wordCount\":660,\"publisher\":{\"@id\":\"https:\/\/lackman.com.br\/#organization\"},\"image\":{\"@id\":\"https:\/\/lackman.com.br\/index.php\/2025\/03\/28\/premio-jorge-laffond-um-viva-a-diversidade\/#primaryimage\"},\"thumbnailUrl\":\"https:\/\/lackman.com.br\/wp-content\/uploads\/2025\/03\/Cantora-Liniker-e-uma-das-homenageadas-no-Premio-Jorge-Laffond-2025-Foto-Instagram-2.jpg\",\"keywords\":[\"#perambulandocomogiba\",\"brasilia\",\"Casa de Laffond\",\"coluna #PERAMBULANDO\",\"df\",\"Distrito Drag\",\"Leci Brand\u00e3o\",\"Liniker\",\"Lu\u00eds Roberto Barroso\",\"Naomi Leaks\",\"Pr\u00eamio Jorge Laffond\",\"Raphael Montes\",\"Renan Quinalha\",\"Ruth Venceremos\"],\"articleSection\":[\"Perambulando\",\"Vida\"],\"inLanguage\":\"pt-BR\"},{\"@type\":\"WebPage\",\"@id\":\"https:\/\/lackman.com.br\/index.php\/2025\/03\/28\/premio-jorge-laffond-um-viva-a-diversidade\/\",\"url\":\"https:\/\/lackman.com.br\/index.php\/2025\/03\/28\/premio-jorge-laffond-um-viva-a-diversidade\/\",\"name\":\"Pr\u00eamio Jorge Laffond: um viva \u00e0 diversidade! - LACKMAN &amp; CO.\",\"isPartOf\":{\"@id\":\"https:\/\/lackman.com.br\/#website\"},\"primaryImageOfPage\":{\"@id\":\"https:\/\/lackman.com.br\/index.php\/2025\/03\/28\/premio-jorge-laffond-um-viva-a-diversidade\/#primaryimage\"},\"image\":{\"@id\":\"https:\/\/lackman.com.br\/index.php\/2025\/03\/28\/premio-jorge-laffond-um-viva-a-diversidade\/#primaryimage\"},\"thumbnailUrl\":\"https:\/\/lackman.com.br\/wp-content\/uploads\/2025\/03\/Cantora-Liniker-e-uma-das-homenageadas-no-Premio-Jorge-Laffond-2025-Foto-Instagram-2.jpg\",\"datePublished\":\"2025-03-28T22:26:08+00:00\",\"dateModified\":\"2025-04-06T01:27:44+00:00\",\"breadcrumb\":{\"@id\":\"https:\/\/lackman.com.br\/index.php\/2025\/03\/28\/premio-jorge-laffond-um-viva-a-diversidade\/#breadcrumb\"},\"inLanguage\":\"pt-BR\",\"potentialAction\":[{\"@type\":\"ReadAction\",\"target\":[\"https:\/\/lackman.com.br\/index.php\/2025\/03\/28\/premio-jorge-laffond-um-viva-a-diversidade\/\"]}]},{\"@type\":\"ImageObject\",\"inLanguage\":\"pt-BR\",\"@id\":\"https:\/\/lackman.com.br\/index.php\/2025\/03\/28\/premio-jorge-laffond-um-viva-a-diversidade\/#primaryimage\",\"url\":\"https:\/\/lackman.com.br\/wp-content\/uploads\/2025\/03\/Cantora-Liniker-e-uma-das-homenageadas-no-Premio-Jorge-Laffond-2025-Foto-Instagram-2.jpg\",\"contentUrl\":\"https:\/\/lackman.com.br\/wp-content\/uploads\/2025\/03\/Cantora-Liniker-e-uma-das-homenageadas-no-Premio-Jorge-Laffond-2025-Foto-Instagram-2.jpg\",\"width\":1080,\"height\":732},{\"@type\":\"BreadcrumbList\",\"@id\":\"https:\/\/lackman.com.br\/index.php\/2025\/03\/28\/premio-jorge-laffond-um-viva-a-diversidade\/#breadcrumb\",\"itemListElement\":[{\"@type\":\"ListItem\",\"position\":1,\"name\":\"In\u00edcio\",\"item\":\"https:\/\/lackman.com.br\/\"},{\"@type\":\"ListItem\",\"position\":2,\"name\":\"Pr\u00eamio Jorge Laffond: um viva \u00e0 diversidade!\"}]},{\"@type\":\"WebSite\",\"@id\":\"https:\/\/lackman.com.br\/#website\",\"url\":\"https:\/\/lackman.com.br\/\",\"name\":\"LACKMAN &amp; CO.\",\"description\":\"VIDA | MODA | ARTE\",\"publisher\":{\"@id\":\"https:\/\/lackman.com.br\/#organization\"},\"potentialAction\":[{\"@type\":\"SearchAction\",\"target\":{\"@type\":\"EntryPoint\",\"urlTemplate\":\"https:\/\/lackman.com.br\/?s={search_term_string}\"},\"query-input\":{\"@type\":\"PropertyValueSpecification\",\"valueRequired\":true,\"valueName\":\"search_term_string\"}}],\"inLanguage\":\"pt-BR\"},{\"@type\":\"Organization\",\"@id\":\"https:\/\/lackman.com.br\/#organization\",\"name\":\"LACKMAN &amp; CO.\",\"url\":\"https:\/\/lackman.com.br\/\",\"logo\":{\"@type\":\"ImageObject\",\"inLanguage\":\"pt-BR\",\"@id\":\"https:\/\/lackman.com.br\/#\/schema\/logo\/image\/\",\"url\":\"https:\/\/lackman.com.br\/wp-content\/uploads\/2023\/06\/Logotipo_preto-1.png\",\"contentUrl\":\"https:\/\/lackman.com.br\/wp-content\/uploads\/2023\/06\/Logotipo_preto-1.png\",\"width\":739,\"height\":393,\"caption\":\"LACKMAN &amp; CO.\"},\"image\":{\"@id\":\"https:\/\/lackman.com.br\/#\/schema\/logo\/image\/\"}},{\"@type\":\"Person\",\"@id\":\"https:\/\/lackman.com.br\/#\/schema\/person\/8a2355f699593d21d4f0d25b69db5747\",\"name\":\"Gilberto Evangelista - Colunista\",\"image\":{\"@type\":\"ImageObject\",\"inLanguage\":\"pt-BR\",\"@id\":\"https:\/\/lackman.com.br\/#\/schema\/person\/image\/\",\"url\":\"https:\/\/secure.gravatar.com\/avatar\/cea9badf02f8a90f7a745f2cbea45fda61f65711ec015e2faf3809cca6337c28?s=96&d=mm&r=g\",\"contentUrl\":\"https:\/\/secure.gravatar.com\/avatar\/cea9badf02f8a90f7a745f2cbea45fda61f65711ec015e2faf3809cca6337c28?s=96&d=mm&r=g\",\"caption\":\"Gilberto Evangelista - Colunista\"},\"description\":\"Jornalista e globetrotter.\",\"url\":\"https:\/\/lackman.com.br\/index.php\/author\/gilberto-brito\/\"}]}<\/script>\n<!-- \/ Yoast SEO plugin. -->","yoast_head_json":{"title":"Pr\u00eamio Jorge Laffond: um viva \u00e0 diversidade! - LACKMAN &amp; CO.","robots":{"index":"index","follow":"follow","max-snippet":"max-snippet:-1","max-image-preview":"max-image-preview:large","max-video-preview":"max-video-preview:-1"},"canonical":"https:\/\/lackman.com.br\/index.php\/2025\/03\/28\/premio-jorge-laffond-um-viva-a-diversidade\/","og_locale":"pt_BR","og_type":"article","og_title":"Pr\u00eamio Jorge Laffond: um viva \u00e0 diversidade! - LACKMAN &amp; CO.","og_description":"Premia\u00e7\u00e3o \u00e9 no dia 4 de abril, no Teatro Nacional e celebra destaques da popula\u00e7\u00e3o LGBTQIA+ na cultura e na pol\u00edtica como Liniker, Leci Brand\u00e3o, Raphael Montes e Renan Quinalha &nbsp; O coletivo Distrito Drag apresenta no dia 4 de abril, a partir das 19h30, o Pr\u00eamio Jorge Laffond. Personalidades, entidades, projetos, grupos e aliados da comunidade LGBTQIA+ recebem a homenagem no Teatro Nacional. Al\u00e9m da entrega dos pr\u00eamios em 21 categorias, o roteiro inclui performances da Casa de Laffond, da drag queen Naomi Leaks e da cantora Tal\u00edz. O projeto \u00e9 realizado com fomento da Secretaria de Cultura e Economia Criativa do Distrito Federal (Secec-DF). Os ingressos para a cerim\u00f4nia s\u00e3o gratuitos e podem ser retirados pela plataforma Sympla. Em sua quinta edi\u00e7\u00e3o, o Pr\u00eamio Jorge Laffond homenageia personalidades como a cantora Liniker, na categoria m\u00fasica &#8211; com duas apresenta\u00e7\u00f5es na cidade marcadas para os dias 5 e 6 de mar\u00e7o, assunto que a Coluna #PERAMBULANDO noticiou e que voc\u00ea l\u00ea clicando neste link. A grande Leci Brand\u00e3o \u00e9 outra artista laureada, na categoria orgulho; o autor Raphael Montes (Beleza Fatal &#8211; Max), na categoria cinema e audiovisual; o advogado e ativista Renan Quinalha, na categoria narrativas dissidentes; o editor-chefe deste ve\u00edculo, o jornalista Fernando Lackman (moda e beleza); e Lu\u00eds Roberto Barroso, presidente do Supremo Tribunal Federal (STF). Registrar a mem\u00f3ria LGBBTQIA+ por meio do reconhecimento a quem contribui diretamente para a cultura, pol\u00edtica e outras \u00e1reas \u00e9 o que motiva a produ\u00e7\u00e3o do pr\u00eamio. \u201cPara n\u00f3s, o Pr\u00eamio Jorge Laffond \u00e9 uma forma n\u00e3o somente de agradecer aos premiados por seus incr\u00edveis trabalhos prestados, como tamb\u00e9m de incentivar que mais artistas, ativistas e entidades se empenhem em lutar por causas relevantes\u201d, define Victor Baliane, que assina a dire\u00e7\u00e3o art\u00edstica do pr\u00eamio. Nesta edi\u00e7\u00e3o, a premia\u00e7\u00e3o segue com a miss\u00e3o de potencializar a luta e as conquistas da popula\u00e7\u00e3o LGBTQIA+, expressa em vertentes art\u00edsticas, pol\u00edticas e de visibilidade. \u201cJorge Laffond foi um dos nossos que contribuiu muito com sua for\u00e7a art\u00edstica e de resist\u00eancia. Inspirados por ele, queremos ver mais e mais pessoas LGBTQIA+ e aliadas com suas trajet\u00f3rias reconhecidas e celebradas\u201d, destaca Ruth Venceremos, uma das diretoras do Distrito Drag. Em edi\u00e7\u00f5es anteriores, o Pr\u00eamio Jorge Laffond, j\u00e1 homenageou personalidades como Maria Gad\u00fa, Erika Hilton, Bianca Dellafancy, Marcinha do Corintho, Keila Simpson, Ivan Baron, Symmy Larrat, Margareth Menezes, Diego Martins e Amaury Lorenzo. Veja a lista dos homenageados do Pr\u00eamio Jorge Laffond 2025: Arte transformista: Ginger Mc.Gaffney (DF) Cultura Ballroom: Ursula (DF) Narrativas dissidentes: Renan Quinalha (SP) Cinema e Audiovisual: Raphael Montes (RJ) Artes Visuais: Rafael da Esc\u00f3ssia (DF) Comunica\u00e7\u00e3o: Daniel Adjuto (DF) Orgulho: Leci Brand\u00e3o (RJ) Hist\u00f3ria e Mem\u00f3ria: Document\u00e1rio: Um Salto Alto &#8211; A Hist\u00f3ria da Arte Transformista do Distrito Federal Milit\u00e2ncia LGBTQIA+: Lucci Laporta (DF) Moda e Beleza: Fernando Lackman (DF) M\u00fasica: Liniker (SP) Parlamentar aliado\/a: Max Maciel (DF) Parlamentar LGBTQIA+: Daiana Santos (RS) Produ\u00e7\u00e3o Cultural: Ava Scherdien (DF) Iniciativa Cultural: Bloco Baile da Piki (DF) Quem v\u00ea close n\u00e3o v\u00ea corre: Pagod\u00e3o Delas (DF) Pol\u00edticas P\u00fablicas: Governo do Estado do Cear\u00e1 Drag revela\u00e7\u00e3o: GG Limona (DF) Faz a diferen\u00e7a: Lu\u00eds Roberto Barroso (PB) Promo\u00e7\u00e3o e Defesa dos Direitos Humanos: Maca\u00e9 Evaristo (MG) Consultoria em Diversidade e Inclus\u00e3o: Ricardo Sales (SP) Vamos prestigiar? Pr\u00eamio Jorge Lafond \/ Teatro Nacional Cl\u00e1udio Santoro (Setor Cultural Norte, Via N2) \/\u00a04 de abril &#8211; 19h30 \/ Entrada gratuita &#8211; pelo Sympla Fotos: Divulga\u00e7\u00e3o","og_url":"https:\/\/lackman.com.br\/index.php\/2025\/03\/28\/premio-jorge-laffond-um-viva-a-diversidade\/","og_site_name":"LACKMAN &amp; CO.","article_published_time":"2025-03-28T22:26:08+00:00","article_modified_time":"2025-04-06T01:27:44+00:00","og_image":[{"width":1080,"height":732,"url":"http:\/\/lackman.com.br\/wp-content\/uploads\/2025\/03\/Cantora-Liniker-e-uma-das-homenageadas-no-Premio-Jorge-Laffond-2025-Foto-Instagram-2.jpg","type":"image\/jpeg"}],"author":"Gilberto Evangelista - Colunista","twitter_card":"summary_large_image","twitter_misc":{"Escrito por":"Gilberto Evangelista - Colunista","Est. tempo de leitura":"5 minutos"},"schema":{"@context":"https:\/\/schema.org","@graph":[{"@type":"Article","@id":"https:\/\/lackman.com.br\/index.php\/2025\/03\/28\/premio-jorge-laffond-um-viva-a-diversidade\/#article","isPartOf":{"@id":"https:\/\/lackman.com.br\/index.php\/2025\/03\/28\/premio-jorge-laffond-um-viva-a-diversidade\/"},"author":{"name":"Gilberto Evangelista - Colunista","@id":"https:\/\/lackman.com.br\/#\/schema\/person\/8a2355f699593d21d4f0d25b69db5747"},"headline":"Pr\u00eamio Jorge Laffond: um viva \u00e0 diversidade!","datePublished":"2025-03-28T22:26:08+00:00","dateModified":"2025-04-06T01:27:44+00:00","mainEntityOfPage":{"@id":"https:\/\/lackman.com.br\/index.php\/2025\/03\/28\/premio-jorge-laffond-um-viva-a-diversidade\/"},"wordCount":660,"publisher":{"@id":"https:\/\/lackman.com.br\/#organization"},"image":{"@id":"https:\/\/lackman.com.br\/index.php\/2025\/03\/28\/premio-jorge-laffond-um-viva-a-diversidade\/#primaryimage"},"thumbnailUrl":"https:\/\/lackman.com.br\/wp-content\/uploads\/2025\/03\/Cantora-Liniker-e-uma-das-homenageadas-no-Premio-Jorge-Laffond-2025-Foto-Instagram-2.jpg","keywords":["#perambulandocomogiba","brasilia","Casa de Laffond","coluna #PERAMBULANDO","df","Distrito Drag","Leci Brand\u00e3o","Liniker","Lu\u00eds Roberto Barroso","Naomi Leaks","Pr\u00eamio Jorge Laffond","Raphael Montes","Renan Quinalha","Ruth Venceremos"],"articleSection":["Perambulando","Vida"],"inLanguage":"pt-BR"},{"@type":"WebPage","@id":"https:\/\/lackman.com.br\/index.php\/2025\/03\/28\/premio-jorge-laffond-um-viva-a-diversidade\/","url":"https:\/\/lackman.com.br\/index.php\/2025\/03\/28\/premio-jorge-laffond-um-viva-a-diversidade\/","name":"Pr\u00eamio Jorge Laffond: um viva \u00e0 diversidade! - LACKMAN &amp; CO.","isPartOf":{"@id":"https:\/\/lackman.com.br\/#website"},"primaryImageOfPage":{"@id":"https:\/\/lackman.com.br\/index.php\/2025\/03\/28\/premio-jorge-laffond-um-viva-a-diversidade\/#primaryimage"},"image":{"@id":"https:\/\/lackman.com.br\/index.php\/2025\/03\/28\/premio-jorge-laffond-um-viva-a-diversidade\/#primaryimage"},"thumbnailUrl":"https:\/\/lackman.com.br\/wp-content\/uploads\/2025\/03\/Cantora-Liniker-e-uma-das-homenageadas-no-Premio-Jorge-Laffond-2025-Foto-Instagram-2.jpg","datePublished":"2025-03-28T22:26:08+00:00","dateModified":"2025-04-06T01:27:44+00:00","breadcrumb":{"@id":"https:\/\/lackman.com.br\/index.php\/2025\/03\/28\/premio-jorge-laffond-um-viva-a-diversidade\/#breadcrumb"},"inLanguage":"pt-BR","potentialAction":[{"@type":"ReadAction","target":["https:\/\/lackman.com.br\/index.php\/2025\/03\/28\/premio-jorge-laffond-um-viva-a-diversidade\/"]}]},{"@type":"ImageObject","inLanguage":"pt-BR","@id":"https:\/\/lackman.com.br\/index.php\/2025\/03\/28\/premio-jorge-laffond-um-viva-a-diversidade\/#primaryimage","url":"https:\/\/lackman.com.br\/wp-content\/uploads\/2025\/03\/Cantora-Liniker-e-uma-das-homenageadas-no-Premio-Jorge-Laffond-2025-Foto-Instagram-2.jpg","contentUrl":"https:\/\/lackman.com.br\/wp-content\/uploads\/2025\/03\/Cantora-Liniker-e-uma-das-homenageadas-no-Premio-Jorge-Laffond-2025-Foto-Instagram-2.jpg","width":1080,"height":732},{"@type":"BreadcrumbList","@id":"https:\/\/lackman.com.br\/index.php\/2025\/03\/28\/premio-jorge-laffond-um-viva-a-diversidade\/#breadcrumb","itemListElement":[{"@type":"ListItem","position":1,"name":"In\u00edcio","item":"https:\/\/lackman.com.br\/"},{"@type":"ListItem","position":2,"name":"Pr\u00eamio Jorge Laffond: um viva \u00e0 diversidade!"}]},{"@type":"WebSite","@id":"https:\/\/lackman.com.br\/#website","url":"https:\/\/lackman.com.br\/","name":"LACKMAN &amp; CO.","description":"VIDA | MODA | ARTE","publisher":{"@id":"https:\/\/lackman.com.br\/#organization"},"potentialAction":[{"@type":"SearchAction","target":{"@type":"EntryPoint","urlTemplate":"https:\/\/lackman.com.br\/?s={search_term_string}"},"query-input":{"@type":"PropertyValueSpecification","valueRequired":true,"valueName":"search_term_string"}}],"inLanguage":"pt-BR"},{"@type":"Organization","@id":"https:\/\/lackman.com.br\/#organization","name":"LACKMAN &amp; CO.","url":"https:\/\/lackman.com.br\/","logo":{"@type":"ImageObject","inLanguage":"pt-BR","@id":"https:\/\/lackman.com.br\/#\/schema\/logo\/image\/","url":"https:\/\/lackman.com.br\/wp-content\/uploads\/2023\/06\/Logotipo_preto-1.png","contentUrl":"https:\/\/lackman.com.br\/wp-content\/uploads\/2023\/06\/Logotipo_preto-1.png","width":739,"height":393,"caption":"LACKMAN &amp; CO."},"image":{"@id":"https:\/\/lackman.com.br\/#\/schema\/logo\/image\/"}},{"@type":"Person","@id":"https:\/\/lackman.com.br\/#\/schema\/person\/8a2355f699593d21d4f0d25b69db5747","name":"Gilberto Evangelista - Colunista","image":{"@type":"ImageObject","inLanguage":"pt-BR","@id":"https:\/\/lackman.com.br\/#\/schema\/person\/image\/","url":"https:\/\/secure.gravatar.com\/avatar\/cea9badf02f8a90f7a745f2cbea45fda61f65711ec015e2faf3809cca6337c28?s=96&d=mm&r=g","contentUrl":"https:\/\/secure.gravatar.com\/avatar\/cea9badf02f8a90f7a745f2cbea45fda61f65711ec015e2faf3809cca6337c28?s=96&d=mm&r=g","caption":"Gilberto Evangelista - Colunista"},"description":"Jornalista e globetrotter.","url":"https:\/\/lackman.com.br\/index.php\/author\/gilberto-brito\/"}]}},"rttpg_featured_image_url":{"full":["https:\/\/lackman.com.br\/wp-content\/uploads\/2025\/03\/Cantora-Liniker-e-uma-das-homenageadas-no-Premio-Jorge-Laffond-2025-Foto-Instagram-2.jpg",1080,732,false],"landscape":["https:\/\/lackman.com.br\/wp-content\/uploads\/2025\/03\/Cantora-Liniker-e-uma-das-homenageadas-no-Premio-Jorge-Laffond-2025-Foto-Instagram-2.jpg",1080,732,false],"portraits":["https:\/\/lackman.com.br\/wp-content\/uploads\/2025\/03\/Cantora-Liniker-e-uma-das-homenageadas-no-Premio-Jorge-Laffond-2025-Foto-Instagram-2.jpg",1080,732,false],"thumbnail":["https:\/\/lackman.com.br\/wp-content\/uploads\/2025\/03\/Cantora-Liniker-e-uma-das-homenageadas-no-Premio-Jorge-Laffond-2025-Foto-Instagram-2-150x150.jpg",150,150,true],"medium":["https:\/\/lackman.com.br\/wp-content\/uploads\/2025\/03\/Cantora-Liniker-e-uma-das-homenageadas-no-Premio-Jorge-Laffond-2025-Foto-Instagram-2-300x203.jpg",300,203,true],"large":["https:\/\/lackman.com.br\/wp-content\/uploads\/2025\/03\/Cantora-Liniker-e-uma-das-homenageadas-no-Premio-Jorge-Laffond-2025-Foto-Instagram-2-1024x694.jpg",1024,694,true],"RoboGalleryMansoryImagesCenter":["https:\/\/lackman.com.br\/wp-content\/uploads\/2025\/03\/Cantora-Liniker-e-uma-das-homenageadas-no-Premio-Jorge-Laffond-2025-Foto-Instagram-2-600x732.jpg",600,732,true],"RoboGalleryPreload":["https:\/\/lackman.com.br\/wp-content\/uploads\/2025\/03\/Cantora-Liniker-e-uma-das-homenageadas-no-Premio-Jorge-Laffond-2025-Foto-Instagram-2.jpg",100,68,false],"1536x1536":["https:\/\/lackman.com.br\/wp-content\/uploads\/2025\/03\/Cantora-Liniker-e-uma-das-homenageadas-no-Premio-Jorge-Laffond-2025-Foto-Instagram-2.jpg",1080,732,false],"2048x2048":["https:\/\/lackman.com.br\/wp-content\/uploads\/2025\/03\/Cantora-Liniker-e-uma-das-homenageadas-no-Premio-Jorge-Laffond-2025-Foto-Instagram-2.jpg",1080,732,false]},"rttpg_author":{"display_name":"Gilberto Evangelista - Colunista","author_link":"https:\/\/lackman.com.br\/index.php\/author\/gilberto-brito\/"},"rttpg_comment":0,"rttpg_category":"<a href=\"https:\/\/lackman.com.br\/index.php\/category\/vida\/perambulando\/\" rel=\"category tag\">Perambulando<\/a> <a href=\"https:\/\/lackman.com.br\/index.php\/category\/vida\/\" rel=\"category tag\">Vida<\/a>","rttpg_excerpt":"Premia\u00e7\u00e3o \u00e9 no dia 4 de abril, no Teatro Nacional e celebra destaques da popula\u00e7\u00e3o LGBTQIA+ na cultura e na pol\u00edtica como Liniker, Leci Brand\u00e3o, Raphael Montes e Renan Quinalha &nbsp; O coletivo Distrito Drag apresenta no dia 4 de abril, a partir das 19h30, o Pr\u00eamio Jorge Laffond. Personalidades, entidades, projetos, grupos e aliados&hellip;","_links":{"self":[{"href":"https:\/\/lackman.com.br\/index.php\/wp-json\/wp\/v2\/posts\/9064","targetHints":{"allow":["GET"]}}],"collection":[{"href":"https:\/\/lackman.com.br\/index.php\/wp-json\/wp\/v2\/posts"}],"about":[{"href":"https:\/\/lackman.com.br\/index.php\/wp-json\/wp\/v2\/types\/post"}],"author":[{"embeddable":true,"href":"https:\/\/lackman.com.br\/index.php\/wp-json\/wp\/v2\/users\/6"}],"replies":[{"embeddable":true,"href":"https:\/\/lackman.com.br\/index.php\/wp-json\/wp\/v2\/comments?post=9064"}],"version-history":[{"count":3,"href":"https:\/\/lackman.com.br\/index.php\/wp-json\/wp\/v2\/posts\/9064\/revisions"}],"predecessor-version":[{"id":9072,"href":"https:\/\/lackman.com.br\/index.php\/wp-json\/wp\/v2\/posts\/9064\/revisions\/9072"}],"wp:featuredmedia":[{"embeddable":true,"href":"https:\/\/lackman.com.br\/index.php\/wp-json\/wp\/v2\/media\/9065"}],"wp:attachment":[{"href":"https:\/\/lackman.com.br\/index.php\/wp-json\/wp\/v2\/media?parent=9064"}],"wp:term":[{"taxonomy":"category","embeddable":true,"href":"https:\/\/lackman.com.br\/index.php\/wp-json\/wp\/v2\/categories?post=9064"},{"taxonomy":"post_tag","embeddable":true,"href":"https:\/\/lackman.com.br\/index.php\/wp-json\/wp\/v2\/tags?post=9064"}],"curies":[{"name":"wp","href":"https:\/\/api.w.org\/{rel}","templated":true}]}}