{"id":8767,"date":"2025-03-08T19:03:11","date_gmt":"2025-03-08T22:03:11","guid":{"rendered":"https:\/\/lackman.com.br\/?p=8767"},"modified":"2025-03-08T19:03:44","modified_gmt":"2025-03-08T22:03:44","slug":"a-virginia-de-claudia-abreu","status":"publish","type":"post","link":"https:\/\/lackman.com.br\/index.php\/2025\/03\/08\/a-virginia-de-claudia-abreu\/","title":{"rendered":"A Virginia de Cl\u00e1udia Abreu"},"content":{"rendered":"<h5 style=\"text-align: justify\"><em>Atriz mergulha no universo de Virginia Woolf para a cria\u00e7\u00e3o de seu primeiro solo, com dire\u00e7\u00e3o de Amir Haddad<\/em><\/h5>\n<p style=\"text-align: justify\">A <strong><a href=\"https:\/\/www.instagram.com\/caixaculturalbrasilia\/\">CAIXA Cultural Bras\u00edlia<\/a><\/strong> (DF) recebe, nos dias 13, 14, 15 e 16 de mar\u00e7o, o espet\u00e1culo <em><strong>Virginia<\/strong><\/em>, baseado na vida e obra da autora inglesa Virginia Woolf. Com interpreta\u00e7\u00e3o da atriz <strong>Cl\u00e1udia Abreu<\/strong>, a pe\u00e7a ter\u00e1 apresenta\u00e7\u00f5es \u00e0s 20h na quinta, sexta e s\u00e1bado e \u00e0s 17h no domingo. Os ingressos estar\u00e3o dispon\u00edveis para venda a partir de 8 de mar\u00e7o \u00e0s 9h na bilheteria do Teatro da CAIXA e a partir das 13h pelo site <a href=\"http:\/\/bilheteriacultural.com.br\/\">Bilheteria Cultural<\/a>.<\/p>\n<p style=\"text-align: justify\">A pe\u00e7a ter\u00e1 interpreta\u00e7\u00e3o solo da atriz Cl\u00e1udia Abreu, que concebeu o espet\u00e1culo como resultado do impacto que Virginia Woolf causou nela ao longo de sua trajet\u00f3ria. A vida e a obra da autora inglesa s\u00e3o os motores dessa cria\u00e7\u00e3o, fruto de um longo processo de pesquisa e experimenta\u00e7\u00e3o que durou mais de cinco anos. Primeiro mon\u00f3logo da carreira da atriz, o solo marca ainda a sua estreia na dramaturgia e o retorno da parceria com Amir Haddad, que a dirigiu em \u2018<em>Noite de Reis<\/em>\u2019 (1997).<\/p>\n<p style=\"text-align: justify\">O mon\u00f3logo Virginia, que estreou em julho de 2022, em S\u00e3o Paulo, j\u00e1 percorreu mais de 25 cidades, entre elas Rio de Janeiro (RJ), Porto Alegre (RS), Belo Horizonte (MG), Natal (RN), Salvador (BA), al\u00e9m de Guanajuato no M\u00e9xico. O espet\u00e1culo tamb\u00e9m fez parte da programa\u00e7\u00e3o do Festival Internacional Cervantino, em Lisboa. A montagem foi vista por mais de <strong>45 mil pessoas<\/strong> e agora, em 2025, segue sua voca\u00e7\u00e3o itinerante com as apresenta\u00e7\u00f5es programadas na CAIXA Cultural.<\/p>\n<p style=\"text-align: justify\"><em><strong>Uma antiga paix\u00e3o<\/strong><\/em><\/p>\n<p><img fetchpriority=\"high\" decoding=\"async\" class=\"aligncenter wp-image-8769 size-full\" src=\"http:\/\/lackman.com.br\/wp-content\/uploads\/2025\/03\/virginia_credito-flavia-canavarro-4.jpg\" alt=\"\" width=\"1024\" height=\"683\" srcset=\"https:\/\/lackman.com.br\/wp-content\/uploads\/2025\/03\/virginia_credito-flavia-canavarro-4.jpg 1024w, https:\/\/lackman.com.br\/wp-content\/uploads\/2025\/03\/virginia_credito-flavia-canavarro-4-300x200.jpg 300w, https:\/\/lackman.com.br\/wp-content\/uploads\/2025\/03\/virginia_credito-flavia-canavarro-4-768x512.jpg 768w\" sizes=\"(max-width: 1024px) 100vw, 1024px\" \/><\/p>\n<p style=\"text-align: justify\">A rela\u00e7\u00e3o de Cl\u00e1udia com Virginia Woolf come\u00e7a em Orlando, encena\u00e7\u00e3o assinada por Bia Lessa, de 1989. Aos 18 anos, ela travou contato inicial com a escritora de cl\u00e1ssicos como \u2018<em>Mrs Dalloway<\/em>\u2019, \u2018<em>Ao Farol<\/em>\u2019 e \u2018<em>As Ondas<\/em>\u2019. No entanto, somente em 2016, com a indica\u00e7\u00e3o de uma professora de literatura, que a atriz reencontrou e mergulhou de cabe\u00e7a no universo da autora. Ap\u00f3s ler e reler alguns livros, incluindo as mem\u00f3rias, biografias e di\u00e1rios, a vontade de escrever sobre Virginia falou mais alto.<\/p>\n<p style=\"text-align: justify\">\u201c<em>Eu me apaixonei por ela novamente. Fiquei fascinada ao perceber como uma pessoa conseguiu construir esta obra brilhante com tanto desequil\u00edbrio, trag\u00e9dias pessoais e problemas que teve na vida. Como ela conseguiu reunir os cacos?<\/em>&#8220;, questiona a atriz, que enxerga Virginia tamb\u00e9m como um marco de maturidade em sua trajet\u00f3ria.<\/p>\n<p style=\"text-align: justify\">\u201c<em>O texto tamb\u00e9m vem deste desejo de fazer algo que me toca, do que me interessa falar hoje. De falar do ser humano, sobre o que fazemos com as dores da exist\u00eancia, sobre as incertezas na cria\u00e7\u00e3o art\u00edstica, tamb\u00e9m falar da condi\u00e7\u00e3o da mulher ontem e hoje. N\u00e3o poderia fazer uma personagem t\u00e3o profunda sem a viv\u00eancia pessoal e teatral que tenho hoje<\/em>&#8220;, avalia.<\/p>\n<p style=\"text-align: justify\">A dramaturgia de Virginia foi concebida como invent\u00e1rio \u00edntimo da vida da autora. Em seus \u00faltimos momentos, ela rememora acontecimentos marcantes em sua vida, a paix\u00e3o pelo conhecimento, os momentos felizes com os queridos amigos do grupo intelectual de <em>Bloomsbury<\/em>, al\u00e9m de revelar afetos, dores e seu processo criativo. A estrutura do texto se apoia no recurso mais caracter\u00edstico da literatura da escritora: a altern\u00e2ncia de fluxos de consci\u00eancia, capaz de \u2018dar corpo\u2019 \u00e0s vozes reais ou fict\u00edcias, sempre presentes em sua mente.<\/p>\n<p><img decoding=\"async\" class=\"aligncenter wp-image-8770 size-full\" src=\"http:\/\/lackman.com.br\/wp-content\/uploads\/2025\/03\/virginia_credito-flavia-canavarro-2.jpg\" alt=\"\" width=\"1024\" height=\"683\" srcset=\"https:\/\/lackman.com.br\/wp-content\/uploads\/2025\/03\/virginia_credito-flavia-canavarro-2.jpg 1024w, https:\/\/lackman.com.br\/wp-content\/uploads\/2025\/03\/virginia_credito-flavia-canavarro-2-300x200.jpg 300w, https:\/\/lackman.com.br\/wp-content\/uploads\/2025\/03\/virginia_credito-flavia-canavarro-2-768x512.jpg 768w\" sizes=\"(max-width: 1024px) 100vw, 1024px\" \/><\/p>\n<p style=\"text-align: justify\">A chegada de Amir ao projeto veio ao encontro do desejo de Cl\u00e1udia em encenar o seu pr\u00f3prio texto. Malu Valle, que assina a codire\u00e7\u00e3o da montagem, chegou no processo quando Amir se recuperava de <em>covid<\/em> e contribuiu em toda a etapa final de Virginia.<\/p>\n<p style=\"text-align: justify\"><strong>\u00a0Quem a\u00ed \u00e9 f\u00e3 de <em>Virginia Woolf?<\/em><\/strong><\/p>\n<p style=\"text-align: justify\"><strong style=\"font-size: 16px\">Virginia \/ <\/strong>CAIXA Cultural Bras\u00edlia SBS \u2013 Quadra 4 \u2013 Lotes 3\/4 \u2013 Bras\u00edlia \u2013 DF \/ <span style=\"font-size: 16px\">13, 14, 15 \u2013 20hs \u2013 16 de mar\u00e7o \u2013 17hs \/ Ingressos R$ 15 (meia entrada) <\/span>na bilheteria ou na <a href=\"http:\/\/bilheteriacultural.com.br\/\">Bilheteria Cultural<\/a> \/ 12 anos \/ Siga <a href=\"https:\/\/www.instagram.com\/caixaculturalbrasilia\/\">@caixaculturalbrasilia<\/a><\/p>\n<pre style=\"text-align: justify\">Fotos: Divulga\u00e7\u00e3o \/ Fl\u00e1via Canavarro<\/pre>\n","protected":false},"excerpt":{"rendered":"<p>Atriz mergulha no universo de Virginia Woolf para a cria\u00e7\u00e3o de seu primeiro solo, com dire\u00e7\u00e3o de Amir Haddad A CAIXA Cultural Bras\u00edlia (DF) recebe, nos dias 13, 14, 15 e 16 de mar\u00e7o, o espet\u00e1culo Virginia, baseado na vida e obra da autora inglesa Virginia Woolf. Com interpreta\u00e7\u00e3o da atriz Cl\u00e1udia Abreu, a pe\u00e7a ter\u00e1 apresenta\u00e7\u00f5es \u00e0s 20h na quinta, sexta e s\u00e1bado e \u00e0s 17h no domingo. Os ingressos estar\u00e3o dispon\u00edveis para venda a partir de 8 de mar\u00e7o \u00e0s 9h na bilheteria do Teatro da CAIXA e a partir das 13h pelo site Bilheteria Cultural. A pe\u00e7a ter\u00e1 interpreta\u00e7\u00e3o solo da atriz Cl\u00e1udia Abreu, que concebeu o espet\u00e1culo como resultado do impacto que Virginia Woolf causou nela ao longo de sua trajet\u00f3ria. A vida e a obra da autora inglesa s\u00e3o os motores dessa cria\u00e7\u00e3o, fruto de um longo processo de pesquisa e experimenta\u00e7\u00e3o que durou mais de cinco anos. Primeiro mon\u00f3logo da carreira da atriz, o solo marca ainda a sua estreia na dramaturgia e o retorno da parceria com Amir Haddad, que a dirigiu em \u2018Noite de Reis\u2019 (1997). O mon\u00f3logo Virginia, que estreou em julho de 2022, em S\u00e3o Paulo, j\u00e1 percorreu mais de 25 cidades, entre elas Rio de Janeiro (RJ), Porto Alegre (RS), Belo Horizonte (MG), Natal (RN), Salvador (BA), al\u00e9m de Guanajuato no M\u00e9xico. O espet\u00e1culo tamb\u00e9m fez parte da programa\u00e7\u00e3o do Festival Internacional Cervantino, em Lisboa. A montagem foi vista por mais de 45 mil pessoas e agora, em 2025, segue sua voca\u00e7\u00e3o itinerante com as apresenta\u00e7\u00f5es programadas na CAIXA Cultural. Uma antiga paix\u00e3o A rela\u00e7\u00e3o de Cl\u00e1udia com Virginia Woolf come\u00e7a em Orlando, encena\u00e7\u00e3o assinada por Bia Lessa, de 1989. Aos 18 anos, ela travou contato inicial com a escritora de cl\u00e1ssicos como \u2018Mrs Dalloway\u2019, \u2018Ao Farol\u2019 e \u2018As Ondas\u2019. No entanto, somente em 2016, com a indica\u00e7\u00e3o de uma professora de literatura, que a atriz reencontrou e mergulhou de cabe\u00e7a no universo da autora. Ap\u00f3s ler e reler alguns livros, incluindo as mem\u00f3rias, biografias e di\u00e1rios, a vontade de escrever sobre Virginia falou mais alto. \u201cEu me apaixonei por ela novamente. Fiquei fascinada ao perceber como uma pessoa conseguiu construir esta obra brilhante com tanto desequil\u00edbrio, trag\u00e9dias pessoais e problemas que teve na vida. Como ela conseguiu reunir os cacos?&#8220;, questiona a atriz, que enxerga Virginia tamb\u00e9m como um marco de maturidade em sua trajet\u00f3ria. \u201cO texto tamb\u00e9m vem deste desejo de fazer algo que me toca, do que me interessa falar hoje. De falar do ser humano, sobre o que fazemos com as dores da exist\u00eancia, sobre as incertezas na cria\u00e7\u00e3o art\u00edstica, tamb\u00e9m falar da condi\u00e7\u00e3o da mulher ontem e hoje. N\u00e3o poderia fazer uma personagem t\u00e3o profunda sem a viv\u00eancia pessoal e teatral que tenho hoje&#8220;, avalia. A dramaturgia de Virginia foi concebida como invent\u00e1rio \u00edntimo da vida da autora. Em seus \u00faltimos momentos, ela rememora acontecimentos marcantes em sua vida, a paix\u00e3o pelo conhecimento, os momentos felizes com os queridos amigos do grupo intelectual de Bloomsbury, al\u00e9m de revelar afetos, dores e seu processo criativo. A estrutura do texto se apoia no recurso mais caracter\u00edstico da literatura da escritora: a altern\u00e2ncia de fluxos de consci\u00eancia, capaz de \u2018dar corpo\u2019 \u00e0s vozes reais ou fict\u00edcias, sempre presentes em sua mente. A chegada de Amir ao projeto veio ao encontro do desejo de Cl\u00e1udia em encenar o seu pr\u00f3prio texto. Malu Valle, que assina a codire\u00e7\u00e3o da montagem, chegou no processo quando Amir se recuperava de covid e contribuiu em toda a etapa final de Virginia. \u00a0Quem a\u00ed \u00e9 f\u00e3 de Virginia Woolf? Virginia \/ CAIXA Cultural Bras\u00edlia SBS \u2013 Quadra 4 \u2013 Lotes 3\/4 \u2013 Bras\u00edlia \u2013 DF \/ 13, 14, 15 \u2013 20hs \u2013 16 de mar\u00e7o \u2013 17hs \/ Ingressos R$ 15 (meia entrada) na bilheteria ou na Bilheteria Cultural \/ 12 anos \/ Siga @caixaculturalbrasilia Fotos: Divulga\u00e7\u00e3o \/ Fl\u00e1via Canavarro<\/p>\n","protected":false},"author":6,"featured_media":8768,"comment_status":"closed","ping_status":"open","sticky":false,"template":"","format":"standard","meta":{"site-sidebar-layout":"default","site-content-layout":"","ast-site-content-layout":"default","site-content-style":"default","site-sidebar-style":"default","ast-global-header-display":"","ast-banner-title-visibility":"","ast-main-header-display":"","ast-hfb-above-header-display":"","ast-hfb-below-header-display":"","ast-hfb-mobile-header-display":"","site-post-title":"","ast-breadcrumbs-content":"","ast-featured-img":"","footer-sml-layout":"","ast-disable-related-posts":"","theme-transparent-header-meta":"default","adv-header-id-meta":"","stick-header-meta":"","header-above-stick-meta":"","header-main-stick-meta":"","header-below-stick-meta":"","astra-migrate-meta-layouts":"set","ast-page-background-enabled":"default","ast-page-background-meta":{"desktop":{"background-color":"","background-image":"","background-repeat":"repeat","background-position":"center center","background-size":"auto","background-attachment":"scroll","background-type":"","background-media":"","overlay-type":"","overlay-color":"","overlay-opacity":"","overlay-gradient":""},"tablet":{"background-color":"","background-image":"","background-repeat":"repeat","background-position":"center center","background-size":"auto","background-attachment":"scroll","background-type":"","background-media":"","overlay-type":"","overlay-color":"","overlay-opacity":"","overlay-gradient":""},"mobile":{"background-color":"","background-image":"","background-repeat":"repeat","background-position":"center center","background-size":"auto","background-attachment":"scroll","background-type":"","background-media":"","overlay-type":"","overlay-color":"","overlay-opacity":"","overlay-gradient":""}},"ast-content-background-meta":{"desktop":{"background-color":"var(--ast-global-color-5)","background-image":"","background-repeat":"repeat","background-position":"center center","background-size":"auto","background-attachment":"scroll","background-type":"","background-media":"","overlay-type":"","overlay-color":"","overlay-opacity":"","overlay-gradient":""},"tablet":{"background-color":"var(--ast-global-color-5)","background-image":"","background-repeat":"repeat","background-position":"center center","background-size":"auto","background-attachment":"scroll","background-type":"","background-media":"","overlay-type":"","overlay-color":"","overlay-opacity":"","overlay-gradient":""},"mobile":{"background-color":"var(--ast-global-color-5)","background-image":"","background-repeat":"repeat","background-position":"center center","background-size":"auto","background-attachment":"scroll","background-type":"","background-media":"","overlay-type":"","overlay-color":"","overlay-opacity":"","overlay-gradient":""}},"footnotes":""},"categories":[46,48],"tags":[288,54,271,1842,89,184,166,79,623,1840,1841],"class_list":["post-8767","post","type-post","status-publish","format-standard","has-post-thumbnail","hentry","category-arte","category-entretenimento","tag-perambulandocomogiba","tag-brasilia","tag-caixa-cultural-brasilia","tag-claudia-abreu","tag-df","tag-espetaculo","tag-perambulando","tag-teatro","tag-turne","tag-virginia","tag-virginia-wolf"],"yoast_head":"<!-- This site is optimized with the Yoast SEO plugin v27.0 - https:\/\/yoast.com\/product\/yoast-seo-wordpress\/ -->\n<title>A Virginia de Cl\u00e1udia Abreu - LACKMAN &amp; CO.<\/title>\n<meta name=\"robots\" content=\"index, follow, max-snippet:-1, max-image-preview:large, max-video-preview:-1\" \/>\n<link rel=\"canonical\" href=\"https:\/\/lackman.com.br\/index.php\/2025\/03\/08\/a-virginia-de-claudia-abreu\/\" \/>\n<meta property=\"og:locale\" content=\"pt_BR\" \/>\n<meta property=\"og:type\" content=\"article\" \/>\n<meta property=\"og:title\" content=\"A Virginia de Cl\u00e1udia Abreu - LACKMAN &amp; CO.\" \/>\n<meta property=\"og:description\" content=\"Atriz mergulha no universo de Virginia Woolf para a cria\u00e7\u00e3o de seu primeiro solo, com dire\u00e7\u00e3o de Amir Haddad A CAIXA Cultural Bras\u00edlia (DF) recebe, nos dias 13, 14, 15 e 16 de mar\u00e7o, o espet\u00e1culo Virginia, baseado na vida e obra da autora inglesa Virginia Woolf. Com interpreta\u00e7\u00e3o da atriz Cl\u00e1udia Abreu, a pe\u00e7a ter\u00e1 apresenta\u00e7\u00f5es \u00e0s 20h na quinta, sexta e s\u00e1bado e \u00e0s 17h no domingo. Os ingressos estar\u00e3o dispon\u00edveis para venda a partir de 8 de mar\u00e7o \u00e0s 9h na bilheteria do Teatro da CAIXA e a partir das 13h pelo site Bilheteria Cultural. A pe\u00e7a ter\u00e1 interpreta\u00e7\u00e3o solo da atriz Cl\u00e1udia Abreu, que concebeu o espet\u00e1culo como resultado do impacto que Virginia Woolf causou nela ao longo de sua trajet\u00f3ria. A vida e a obra da autora inglesa s\u00e3o os motores dessa cria\u00e7\u00e3o, fruto de um longo processo de pesquisa e experimenta\u00e7\u00e3o que durou mais de cinco anos. Primeiro mon\u00f3logo da carreira da atriz, o solo marca ainda a sua estreia na dramaturgia e o retorno da parceria com Amir Haddad, que a dirigiu em \u2018Noite de Reis\u2019 (1997). O mon\u00f3logo Virginia, que estreou em julho de 2022, em S\u00e3o Paulo, j\u00e1 percorreu mais de 25 cidades, entre elas Rio de Janeiro (RJ), Porto Alegre (RS), Belo Horizonte (MG), Natal (RN), Salvador (BA), al\u00e9m de Guanajuato no M\u00e9xico. O espet\u00e1culo tamb\u00e9m fez parte da programa\u00e7\u00e3o do Festival Internacional Cervantino, em Lisboa. A montagem foi vista por mais de 45 mil pessoas e agora, em 2025, segue sua voca\u00e7\u00e3o itinerante com as apresenta\u00e7\u00f5es programadas na CAIXA Cultural. Uma antiga paix\u00e3o A rela\u00e7\u00e3o de Cl\u00e1udia com Virginia Woolf come\u00e7a em Orlando, encena\u00e7\u00e3o assinada por Bia Lessa, de 1989. Aos 18 anos, ela travou contato inicial com a escritora de cl\u00e1ssicos como \u2018Mrs Dalloway\u2019, \u2018Ao Farol\u2019 e \u2018As Ondas\u2019. No entanto, somente em 2016, com a indica\u00e7\u00e3o de uma professora de literatura, que a atriz reencontrou e mergulhou de cabe\u00e7a no universo da autora. Ap\u00f3s ler e reler alguns livros, incluindo as mem\u00f3rias, biografias e di\u00e1rios, a vontade de escrever sobre Virginia falou mais alto. \u201cEu me apaixonei por ela novamente. Fiquei fascinada ao perceber como uma pessoa conseguiu construir esta obra brilhante com tanto desequil\u00edbrio, trag\u00e9dias pessoais e problemas que teve na vida. Como ela conseguiu reunir os cacos?&#8220;, questiona a atriz, que enxerga Virginia tamb\u00e9m como um marco de maturidade em sua trajet\u00f3ria. \u201cO texto tamb\u00e9m vem deste desejo de fazer algo que me toca, do que me interessa falar hoje. De falar do ser humano, sobre o que fazemos com as dores da exist\u00eancia, sobre as incertezas na cria\u00e7\u00e3o art\u00edstica, tamb\u00e9m falar da condi\u00e7\u00e3o da mulher ontem e hoje. N\u00e3o poderia fazer uma personagem t\u00e3o profunda sem a viv\u00eancia pessoal e teatral que tenho hoje&#8220;, avalia. A dramaturgia de Virginia foi concebida como invent\u00e1rio \u00edntimo da vida da autora. Em seus \u00faltimos momentos, ela rememora acontecimentos marcantes em sua vida, a paix\u00e3o pelo conhecimento, os momentos felizes com os queridos amigos do grupo intelectual de Bloomsbury, al\u00e9m de revelar afetos, dores e seu processo criativo. A estrutura do texto se apoia no recurso mais caracter\u00edstico da literatura da escritora: a altern\u00e2ncia de fluxos de consci\u00eancia, capaz de \u2018dar corpo\u2019 \u00e0s vozes reais ou fict\u00edcias, sempre presentes em sua mente. A chegada de Amir ao projeto veio ao encontro do desejo de Cl\u00e1udia em encenar o seu pr\u00f3prio texto. Malu Valle, que assina a codire\u00e7\u00e3o da montagem, chegou no processo quando Amir se recuperava de covid e contribuiu em toda a etapa final de Virginia. \u00a0Quem a\u00ed \u00e9 f\u00e3 de Virginia Woolf? Virginia \/ CAIXA Cultural Bras\u00edlia SBS \u2013 Quadra 4 \u2013 Lotes 3\/4 \u2013 Bras\u00edlia \u2013 DF \/ 13, 14, 15 \u2013 20hs \u2013 16 de mar\u00e7o \u2013 17hs \/ Ingressos R$ 15 (meia entrada) na bilheteria ou na Bilheteria Cultural \/ 12 anos \/ Siga @caixaculturalbrasilia Fotos: Divulga\u00e7\u00e3o \/ Fl\u00e1via Canavarro\" \/>\n<meta property=\"og:url\" content=\"https:\/\/lackman.com.br\/index.php\/2025\/03\/08\/a-virginia-de-claudia-abreu\/\" \/>\n<meta property=\"og:site_name\" content=\"LACKMAN &amp; CO.\" \/>\n<meta property=\"article:published_time\" content=\"2025-03-08T22:03:11+00:00\" \/>\n<meta property=\"article:modified_time\" content=\"2025-03-08T22:03:44+00:00\" \/>\n<meta property=\"og:image\" content=\"http:\/\/lackman.com.br\/wp-content\/uploads\/2025\/03\/claudia-abreu-4.webp\" \/>\n\t<meta property=\"og:image:width\" content=\"924\" \/>\n\t<meta property=\"og:image:height\" content=\"616\" \/>\n\t<meta property=\"og:image:type\" content=\"image\/webp\" \/>\n<meta name=\"author\" content=\"Gilberto Evangelista - Colunista\" \/>\n<meta name=\"twitter:card\" content=\"summary_large_image\" \/>\n<meta name=\"twitter:label1\" content=\"Escrito por\" \/>\n\t<meta name=\"twitter:data1\" content=\"Gilberto Evangelista - Colunista\" \/>\n\t<meta name=\"twitter:label2\" content=\"Est. tempo de leitura\" \/>\n\t<meta name=\"twitter:data2\" content=\"4 minutos\" \/>\n<script type=\"application\/ld+json\" class=\"yoast-schema-graph\">{\"@context\":\"https:\/\/schema.org\",\"@graph\":[{\"@type\":\"Article\",\"@id\":\"https:\/\/lackman.com.br\/index.php\/2025\/03\/08\/a-virginia-de-claudia-abreu\/#article\",\"isPartOf\":{\"@id\":\"https:\/\/lackman.com.br\/index.php\/2025\/03\/08\/a-virginia-de-claudia-abreu\/\"},\"author\":{\"name\":\"Gilberto Evangelista - Colunista\",\"@id\":\"https:\/\/lackman.com.br\/#\/schema\/person\/8a2355f699593d21d4f0d25b69db5747\"},\"headline\":\"A Virginia de Cl\u00e1udia Abreu\",\"datePublished\":\"2025-03-08T22:03:11+00:00\",\"dateModified\":\"2025-03-08T22:03:44+00:00\",\"mainEntityOfPage\":{\"@id\":\"https:\/\/lackman.com.br\/index.php\/2025\/03\/08\/a-virginia-de-claudia-abreu\/\"},\"wordCount\":682,\"publisher\":{\"@id\":\"https:\/\/lackman.com.br\/#organization\"},\"image\":{\"@id\":\"https:\/\/lackman.com.br\/index.php\/2025\/03\/08\/a-virginia-de-claudia-abreu\/#primaryimage\"},\"thumbnailUrl\":\"https:\/\/lackman.com.br\/wp-content\/uploads\/2025\/03\/claudia-abreu-4.webp\",\"keywords\":[\"#perambulandocomogiba\",\"brasilia\",\"Caixa Cultural Bras\u00edlia\",\"Cl\u00e1udia Abreu\",\"df\",\"Espet\u00e1culo\",\"Perambulando\",\"Teatro\",\"turn\u00ea\",\"Virginia\",\"Virginia Wolf\"],\"articleSection\":[\"Arte\",\"Entretenimento\"],\"inLanguage\":\"pt-BR\"},{\"@type\":\"WebPage\",\"@id\":\"https:\/\/lackman.com.br\/index.php\/2025\/03\/08\/a-virginia-de-claudia-abreu\/\",\"url\":\"https:\/\/lackman.com.br\/index.php\/2025\/03\/08\/a-virginia-de-claudia-abreu\/\",\"name\":\"A Virginia de Cl\u00e1udia Abreu - LACKMAN &amp; CO.\",\"isPartOf\":{\"@id\":\"https:\/\/lackman.com.br\/#website\"},\"primaryImageOfPage\":{\"@id\":\"https:\/\/lackman.com.br\/index.php\/2025\/03\/08\/a-virginia-de-claudia-abreu\/#primaryimage\"},\"image\":{\"@id\":\"https:\/\/lackman.com.br\/index.php\/2025\/03\/08\/a-virginia-de-claudia-abreu\/#primaryimage\"},\"thumbnailUrl\":\"https:\/\/lackman.com.br\/wp-content\/uploads\/2025\/03\/claudia-abreu-4.webp\",\"datePublished\":\"2025-03-08T22:03:11+00:00\",\"dateModified\":\"2025-03-08T22:03:44+00:00\",\"breadcrumb\":{\"@id\":\"https:\/\/lackman.com.br\/index.php\/2025\/03\/08\/a-virginia-de-claudia-abreu\/#breadcrumb\"},\"inLanguage\":\"pt-BR\",\"potentialAction\":[{\"@type\":\"ReadAction\",\"target\":[\"https:\/\/lackman.com.br\/index.php\/2025\/03\/08\/a-virginia-de-claudia-abreu\/\"]}]},{\"@type\":\"ImageObject\",\"inLanguage\":\"pt-BR\",\"@id\":\"https:\/\/lackman.com.br\/index.php\/2025\/03\/08\/a-virginia-de-claudia-abreu\/#primaryimage\",\"url\":\"https:\/\/lackman.com.br\/wp-content\/uploads\/2025\/03\/claudia-abreu-4.webp\",\"contentUrl\":\"https:\/\/lackman.com.br\/wp-content\/uploads\/2025\/03\/claudia-abreu-4.webp\",\"width\":924,\"height\":616},{\"@type\":\"BreadcrumbList\",\"@id\":\"https:\/\/lackman.com.br\/index.php\/2025\/03\/08\/a-virginia-de-claudia-abreu\/#breadcrumb\",\"itemListElement\":[{\"@type\":\"ListItem\",\"position\":1,\"name\":\"In\u00edcio\",\"item\":\"https:\/\/lackman.com.br\/\"},{\"@type\":\"ListItem\",\"position\":2,\"name\":\"A Virginia de Cl\u00e1udia Abreu\"}]},{\"@type\":\"WebSite\",\"@id\":\"https:\/\/lackman.com.br\/#website\",\"url\":\"https:\/\/lackman.com.br\/\",\"name\":\"LACKMAN &amp; CO.\",\"description\":\"VIDA | MODA | ARTE\",\"publisher\":{\"@id\":\"https:\/\/lackman.com.br\/#organization\"},\"potentialAction\":[{\"@type\":\"SearchAction\",\"target\":{\"@type\":\"EntryPoint\",\"urlTemplate\":\"https:\/\/lackman.com.br\/?s={search_term_string}\"},\"query-input\":{\"@type\":\"PropertyValueSpecification\",\"valueRequired\":true,\"valueName\":\"search_term_string\"}}],\"inLanguage\":\"pt-BR\"},{\"@type\":\"Organization\",\"@id\":\"https:\/\/lackman.com.br\/#organization\",\"name\":\"LACKMAN &amp; CO.\",\"url\":\"https:\/\/lackman.com.br\/\",\"logo\":{\"@type\":\"ImageObject\",\"inLanguage\":\"pt-BR\",\"@id\":\"https:\/\/lackman.com.br\/#\/schema\/logo\/image\/\",\"url\":\"https:\/\/lackman.com.br\/wp-content\/uploads\/2023\/06\/Logotipo_preto-1.png\",\"contentUrl\":\"https:\/\/lackman.com.br\/wp-content\/uploads\/2023\/06\/Logotipo_preto-1.png\",\"width\":739,\"height\":393,\"caption\":\"LACKMAN &amp; CO.\"},\"image\":{\"@id\":\"https:\/\/lackman.com.br\/#\/schema\/logo\/image\/\"}},{\"@type\":\"Person\",\"@id\":\"https:\/\/lackman.com.br\/#\/schema\/person\/8a2355f699593d21d4f0d25b69db5747\",\"name\":\"Gilberto Evangelista - Colunista\",\"image\":{\"@type\":\"ImageObject\",\"inLanguage\":\"pt-BR\",\"@id\":\"https:\/\/lackman.com.br\/#\/schema\/person\/image\/\",\"url\":\"https:\/\/secure.gravatar.com\/avatar\/cea9badf02f8a90f7a745f2cbea45fda61f65711ec015e2faf3809cca6337c28?s=96&d=mm&r=g\",\"contentUrl\":\"https:\/\/secure.gravatar.com\/avatar\/cea9badf02f8a90f7a745f2cbea45fda61f65711ec015e2faf3809cca6337c28?s=96&d=mm&r=g\",\"caption\":\"Gilberto Evangelista - Colunista\"},\"description\":\"Jornalista e globetrotter.\",\"url\":\"https:\/\/lackman.com.br\/index.php\/author\/gilberto-brito\/\"}]}<\/script>\n<!-- \/ Yoast SEO plugin. -->","yoast_head_json":{"title":"A Virginia de Cl\u00e1udia Abreu - LACKMAN &amp; CO.","robots":{"index":"index","follow":"follow","max-snippet":"max-snippet:-1","max-image-preview":"max-image-preview:large","max-video-preview":"max-video-preview:-1"},"canonical":"https:\/\/lackman.com.br\/index.php\/2025\/03\/08\/a-virginia-de-claudia-abreu\/","og_locale":"pt_BR","og_type":"article","og_title":"A Virginia de Cl\u00e1udia Abreu - LACKMAN &amp; CO.","og_description":"Atriz mergulha no universo de Virginia Woolf para a cria\u00e7\u00e3o de seu primeiro solo, com dire\u00e7\u00e3o de Amir Haddad A CAIXA Cultural Bras\u00edlia (DF) recebe, nos dias 13, 14, 15 e 16 de mar\u00e7o, o espet\u00e1culo Virginia, baseado na vida e obra da autora inglesa Virginia Woolf. Com interpreta\u00e7\u00e3o da atriz Cl\u00e1udia Abreu, a pe\u00e7a ter\u00e1 apresenta\u00e7\u00f5es \u00e0s 20h na quinta, sexta e s\u00e1bado e \u00e0s 17h no domingo. Os ingressos estar\u00e3o dispon\u00edveis para venda a partir de 8 de mar\u00e7o \u00e0s 9h na bilheteria do Teatro da CAIXA e a partir das 13h pelo site Bilheteria Cultural. A pe\u00e7a ter\u00e1 interpreta\u00e7\u00e3o solo da atriz Cl\u00e1udia Abreu, que concebeu o espet\u00e1culo como resultado do impacto que Virginia Woolf causou nela ao longo de sua trajet\u00f3ria. A vida e a obra da autora inglesa s\u00e3o os motores dessa cria\u00e7\u00e3o, fruto de um longo processo de pesquisa e experimenta\u00e7\u00e3o que durou mais de cinco anos. Primeiro mon\u00f3logo da carreira da atriz, o solo marca ainda a sua estreia na dramaturgia e o retorno da parceria com Amir Haddad, que a dirigiu em \u2018Noite de Reis\u2019 (1997). O mon\u00f3logo Virginia, que estreou em julho de 2022, em S\u00e3o Paulo, j\u00e1 percorreu mais de 25 cidades, entre elas Rio de Janeiro (RJ), Porto Alegre (RS), Belo Horizonte (MG), Natal (RN), Salvador (BA), al\u00e9m de Guanajuato no M\u00e9xico. O espet\u00e1culo tamb\u00e9m fez parte da programa\u00e7\u00e3o do Festival Internacional Cervantino, em Lisboa. A montagem foi vista por mais de 45 mil pessoas e agora, em 2025, segue sua voca\u00e7\u00e3o itinerante com as apresenta\u00e7\u00f5es programadas na CAIXA Cultural. Uma antiga paix\u00e3o A rela\u00e7\u00e3o de Cl\u00e1udia com Virginia Woolf come\u00e7a em Orlando, encena\u00e7\u00e3o assinada por Bia Lessa, de 1989. Aos 18 anos, ela travou contato inicial com a escritora de cl\u00e1ssicos como \u2018Mrs Dalloway\u2019, \u2018Ao Farol\u2019 e \u2018As Ondas\u2019. No entanto, somente em 2016, com a indica\u00e7\u00e3o de uma professora de literatura, que a atriz reencontrou e mergulhou de cabe\u00e7a no universo da autora. Ap\u00f3s ler e reler alguns livros, incluindo as mem\u00f3rias, biografias e di\u00e1rios, a vontade de escrever sobre Virginia falou mais alto. \u201cEu me apaixonei por ela novamente. Fiquei fascinada ao perceber como uma pessoa conseguiu construir esta obra brilhante com tanto desequil\u00edbrio, trag\u00e9dias pessoais e problemas que teve na vida. Como ela conseguiu reunir os cacos?&#8220;, questiona a atriz, que enxerga Virginia tamb\u00e9m como um marco de maturidade em sua trajet\u00f3ria. \u201cO texto tamb\u00e9m vem deste desejo de fazer algo que me toca, do que me interessa falar hoje. De falar do ser humano, sobre o que fazemos com as dores da exist\u00eancia, sobre as incertezas na cria\u00e7\u00e3o art\u00edstica, tamb\u00e9m falar da condi\u00e7\u00e3o da mulher ontem e hoje. N\u00e3o poderia fazer uma personagem t\u00e3o profunda sem a viv\u00eancia pessoal e teatral que tenho hoje&#8220;, avalia. A dramaturgia de Virginia foi concebida como invent\u00e1rio \u00edntimo da vida da autora. Em seus \u00faltimos momentos, ela rememora acontecimentos marcantes em sua vida, a paix\u00e3o pelo conhecimento, os momentos felizes com os queridos amigos do grupo intelectual de Bloomsbury, al\u00e9m de revelar afetos, dores e seu processo criativo. A estrutura do texto se apoia no recurso mais caracter\u00edstico da literatura da escritora: a altern\u00e2ncia de fluxos de consci\u00eancia, capaz de \u2018dar corpo\u2019 \u00e0s vozes reais ou fict\u00edcias, sempre presentes em sua mente. A chegada de Amir ao projeto veio ao encontro do desejo de Cl\u00e1udia em encenar o seu pr\u00f3prio texto. Malu Valle, que assina a codire\u00e7\u00e3o da montagem, chegou no processo quando Amir se recuperava de covid e contribuiu em toda a etapa final de Virginia. \u00a0Quem a\u00ed \u00e9 f\u00e3 de Virginia Woolf? Virginia \/ CAIXA Cultural Bras\u00edlia SBS \u2013 Quadra 4 \u2013 Lotes 3\/4 \u2013 Bras\u00edlia \u2013 DF \/ 13, 14, 15 \u2013 20hs \u2013 16 de mar\u00e7o \u2013 17hs \/ Ingressos R$ 15 (meia entrada) na bilheteria ou na Bilheteria Cultural \/ 12 anos \/ Siga @caixaculturalbrasilia Fotos: Divulga\u00e7\u00e3o \/ Fl\u00e1via Canavarro","og_url":"https:\/\/lackman.com.br\/index.php\/2025\/03\/08\/a-virginia-de-claudia-abreu\/","og_site_name":"LACKMAN &amp; CO.","article_published_time":"2025-03-08T22:03:11+00:00","article_modified_time":"2025-03-08T22:03:44+00:00","og_image":[{"width":924,"height":616,"url":"http:\/\/lackman.com.br\/wp-content\/uploads\/2025\/03\/claudia-abreu-4.webp","type":"image\/webp"}],"author":"Gilberto Evangelista - Colunista","twitter_card":"summary_large_image","twitter_misc":{"Escrito por":"Gilberto Evangelista - Colunista","Est. tempo de leitura":"4 minutos"},"schema":{"@context":"https:\/\/schema.org","@graph":[{"@type":"Article","@id":"https:\/\/lackman.com.br\/index.php\/2025\/03\/08\/a-virginia-de-claudia-abreu\/#article","isPartOf":{"@id":"https:\/\/lackman.com.br\/index.php\/2025\/03\/08\/a-virginia-de-claudia-abreu\/"},"author":{"name":"Gilberto Evangelista - Colunista","@id":"https:\/\/lackman.com.br\/#\/schema\/person\/8a2355f699593d21d4f0d25b69db5747"},"headline":"A Virginia de Cl\u00e1udia Abreu","datePublished":"2025-03-08T22:03:11+00:00","dateModified":"2025-03-08T22:03:44+00:00","mainEntityOfPage":{"@id":"https:\/\/lackman.com.br\/index.php\/2025\/03\/08\/a-virginia-de-claudia-abreu\/"},"wordCount":682,"publisher":{"@id":"https:\/\/lackman.com.br\/#organization"},"image":{"@id":"https:\/\/lackman.com.br\/index.php\/2025\/03\/08\/a-virginia-de-claudia-abreu\/#primaryimage"},"thumbnailUrl":"https:\/\/lackman.com.br\/wp-content\/uploads\/2025\/03\/claudia-abreu-4.webp","keywords":["#perambulandocomogiba","brasilia","Caixa Cultural Bras\u00edlia","Cl\u00e1udia Abreu","df","Espet\u00e1culo","Perambulando","Teatro","turn\u00ea","Virginia","Virginia Wolf"],"articleSection":["Arte","Entretenimento"],"inLanguage":"pt-BR"},{"@type":"WebPage","@id":"https:\/\/lackman.com.br\/index.php\/2025\/03\/08\/a-virginia-de-claudia-abreu\/","url":"https:\/\/lackman.com.br\/index.php\/2025\/03\/08\/a-virginia-de-claudia-abreu\/","name":"A Virginia de Cl\u00e1udia Abreu - LACKMAN &amp; CO.","isPartOf":{"@id":"https:\/\/lackman.com.br\/#website"},"primaryImageOfPage":{"@id":"https:\/\/lackman.com.br\/index.php\/2025\/03\/08\/a-virginia-de-claudia-abreu\/#primaryimage"},"image":{"@id":"https:\/\/lackman.com.br\/index.php\/2025\/03\/08\/a-virginia-de-claudia-abreu\/#primaryimage"},"thumbnailUrl":"https:\/\/lackman.com.br\/wp-content\/uploads\/2025\/03\/claudia-abreu-4.webp","datePublished":"2025-03-08T22:03:11+00:00","dateModified":"2025-03-08T22:03:44+00:00","breadcrumb":{"@id":"https:\/\/lackman.com.br\/index.php\/2025\/03\/08\/a-virginia-de-claudia-abreu\/#breadcrumb"},"inLanguage":"pt-BR","potentialAction":[{"@type":"ReadAction","target":["https:\/\/lackman.com.br\/index.php\/2025\/03\/08\/a-virginia-de-claudia-abreu\/"]}]},{"@type":"ImageObject","inLanguage":"pt-BR","@id":"https:\/\/lackman.com.br\/index.php\/2025\/03\/08\/a-virginia-de-claudia-abreu\/#primaryimage","url":"https:\/\/lackman.com.br\/wp-content\/uploads\/2025\/03\/claudia-abreu-4.webp","contentUrl":"https:\/\/lackman.com.br\/wp-content\/uploads\/2025\/03\/claudia-abreu-4.webp","width":924,"height":616},{"@type":"BreadcrumbList","@id":"https:\/\/lackman.com.br\/index.php\/2025\/03\/08\/a-virginia-de-claudia-abreu\/#breadcrumb","itemListElement":[{"@type":"ListItem","position":1,"name":"In\u00edcio","item":"https:\/\/lackman.com.br\/"},{"@type":"ListItem","position":2,"name":"A Virginia de Cl\u00e1udia Abreu"}]},{"@type":"WebSite","@id":"https:\/\/lackman.com.br\/#website","url":"https:\/\/lackman.com.br\/","name":"LACKMAN &amp; CO.","description":"VIDA | MODA | ARTE","publisher":{"@id":"https:\/\/lackman.com.br\/#organization"},"potentialAction":[{"@type":"SearchAction","target":{"@type":"EntryPoint","urlTemplate":"https:\/\/lackman.com.br\/?s={search_term_string}"},"query-input":{"@type":"PropertyValueSpecification","valueRequired":true,"valueName":"search_term_string"}}],"inLanguage":"pt-BR"},{"@type":"Organization","@id":"https:\/\/lackman.com.br\/#organization","name":"LACKMAN &amp; CO.","url":"https:\/\/lackman.com.br\/","logo":{"@type":"ImageObject","inLanguage":"pt-BR","@id":"https:\/\/lackman.com.br\/#\/schema\/logo\/image\/","url":"https:\/\/lackman.com.br\/wp-content\/uploads\/2023\/06\/Logotipo_preto-1.png","contentUrl":"https:\/\/lackman.com.br\/wp-content\/uploads\/2023\/06\/Logotipo_preto-1.png","width":739,"height":393,"caption":"LACKMAN &amp; CO."},"image":{"@id":"https:\/\/lackman.com.br\/#\/schema\/logo\/image\/"}},{"@type":"Person","@id":"https:\/\/lackman.com.br\/#\/schema\/person\/8a2355f699593d21d4f0d25b69db5747","name":"Gilberto Evangelista - Colunista","image":{"@type":"ImageObject","inLanguage":"pt-BR","@id":"https:\/\/lackman.com.br\/#\/schema\/person\/image\/","url":"https:\/\/secure.gravatar.com\/avatar\/cea9badf02f8a90f7a745f2cbea45fda61f65711ec015e2faf3809cca6337c28?s=96&d=mm&r=g","contentUrl":"https:\/\/secure.gravatar.com\/avatar\/cea9badf02f8a90f7a745f2cbea45fda61f65711ec015e2faf3809cca6337c28?s=96&d=mm&r=g","caption":"Gilberto Evangelista - Colunista"},"description":"Jornalista e globetrotter.","url":"https:\/\/lackman.com.br\/index.php\/author\/gilberto-brito\/"}]}},"rttpg_featured_image_url":{"full":["https:\/\/lackman.com.br\/wp-content\/uploads\/2025\/03\/claudia-abreu-4.webp",924,616,false],"landscape":["https:\/\/lackman.com.br\/wp-content\/uploads\/2025\/03\/claudia-abreu-4.webp",924,616,false],"portraits":["https:\/\/lackman.com.br\/wp-content\/uploads\/2025\/03\/claudia-abreu-4.webp",924,616,false],"thumbnail":["https:\/\/lackman.com.br\/wp-content\/uploads\/2025\/03\/claudia-abreu-4-150x150.webp",150,150,true],"medium":["https:\/\/lackman.com.br\/wp-content\/uploads\/2025\/03\/claudia-abreu-4-300x200.webp",300,200,true],"large":["https:\/\/lackman.com.br\/wp-content\/uploads\/2025\/03\/claudia-abreu-4.webp",924,616,false],"RoboGalleryMansoryImagesCenter":["https:\/\/lackman.com.br\/wp-content\/uploads\/2025\/03\/claudia-abreu-4-600x616.webp",600,616,true],"RoboGalleryPreload":["https:\/\/lackman.com.br\/wp-content\/uploads\/2025\/03\/claudia-abreu-4.webp",100,67,false],"1536x1536":["https:\/\/lackman.com.br\/wp-content\/uploads\/2025\/03\/claudia-abreu-4.webp",924,616,false],"2048x2048":["https:\/\/lackman.com.br\/wp-content\/uploads\/2025\/03\/claudia-abreu-4.webp",924,616,false]},"rttpg_author":{"display_name":"Gilberto Evangelista - Colunista","author_link":"https:\/\/lackman.com.br\/index.php\/author\/gilberto-brito\/"},"rttpg_comment":0,"rttpg_category":"<a href=\"https:\/\/lackman.com.br\/index.php\/category\/arte\/\" rel=\"category tag\">Arte<\/a> <a href=\"https:\/\/lackman.com.br\/index.php\/category\/arte\/entretenimento\/\" rel=\"category tag\">Entretenimento<\/a>","rttpg_excerpt":"Atriz mergulha no universo de Virginia Woolf para a cria\u00e7\u00e3o de seu primeiro solo, com dire\u00e7\u00e3o de Amir Haddad A CAIXA Cultural Bras\u00edlia (DF) recebe, nos dias 13, 14, 15 e 16 de mar\u00e7o, o espet\u00e1culo Virginia, baseado na vida e obra da autora inglesa Virginia Woolf. Com interpreta\u00e7\u00e3o da atriz Cl\u00e1udia Abreu, a pe\u00e7a&hellip;","_links":{"self":[{"href":"https:\/\/lackman.com.br\/index.php\/wp-json\/wp\/v2\/posts\/8767","targetHints":{"allow":["GET"]}}],"collection":[{"href":"https:\/\/lackman.com.br\/index.php\/wp-json\/wp\/v2\/posts"}],"about":[{"href":"https:\/\/lackman.com.br\/index.php\/wp-json\/wp\/v2\/types\/post"}],"author":[{"embeddable":true,"href":"https:\/\/lackman.com.br\/index.php\/wp-json\/wp\/v2\/users\/6"}],"replies":[{"embeddable":true,"href":"https:\/\/lackman.com.br\/index.php\/wp-json\/wp\/v2\/comments?post=8767"}],"version-history":[{"count":2,"href":"https:\/\/lackman.com.br\/index.php\/wp-json\/wp\/v2\/posts\/8767\/revisions"}],"predecessor-version":[{"id":8772,"href":"https:\/\/lackman.com.br\/index.php\/wp-json\/wp\/v2\/posts\/8767\/revisions\/8772"}],"wp:featuredmedia":[{"embeddable":true,"href":"https:\/\/lackman.com.br\/index.php\/wp-json\/wp\/v2\/media\/8768"}],"wp:attachment":[{"href":"https:\/\/lackman.com.br\/index.php\/wp-json\/wp\/v2\/media?parent=8767"}],"wp:term":[{"taxonomy":"category","embeddable":true,"href":"https:\/\/lackman.com.br\/index.php\/wp-json\/wp\/v2\/categories?post=8767"},{"taxonomy":"post_tag","embeddable":true,"href":"https:\/\/lackman.com.br\/index.php\/wp-json\/wp\/v2\/tags?post=8767"}],"curies":[{"name":"wp","href":"https:\/\/api.w.org\/{rel}","templated":true}]}}