{"id":8590,"date":"2025-02-24T19:00:33","date_gmt":"2025-02-24T22:00:33","guid":{"rendered":"https:\/\/lackman.com.br\/?p=8590"},"modified":"2025-02-24T17:10:03","modified_gmt":"2025-02-24T20:10:03","slug":"brasil-global-summit-2025","status":"publish","type":"post","link":"https:\/\/lackman.com.br\/index.php\/2025\/02\/24\/brasil-global-summit-2025\/","title":{"rendered":"Tend\u00eancias: Brasil Global Summit 2025"},"content":{"rendered":"<h5 style=\"text-align: justify\"><strong>Nos pr\u00f3ximos d<em>ias 11 e 12 de mar\u00e7o, o pa\u00eds tem um<\/em> encontro com a inova\u00e7\u00e3o, os neg\u00f3cios e a cultura <em>no Centro de Conven\u00e7\u00f5es Ulysses<\/em><\/strong><\/h5>\n<p style=\"text-align: justify\"><strong>\u00a0<\/strong><\/p>\n<p style=\"text-align: justify\">Bras\u00edlia se tornar\u00e1 o epicentro das discuss\u00f5es sobre tecnologia, inova\u00e7\u00e3o, neg\u00f3cios e cultura com a segunda edi\u00e7\u00e3o do <strong>Brasil Global Summit.<\/strong> O evento, que acontecer\u00e1 nos dias 11 e 12 de mar\u00e7o no <strong>Centro de Conven\u00e7\u00f5es Ulysses Guimar\u00e3es<\/strong>, reunir\u00e1 l\u00edderes empresariais, representantes do governo, empreendedores, pesquisadores e vision\u00e1rios em uma jornada imersiva de debates, conex\u00f5es estrat\u00e9gicas e experi\u00eancias culturais. Com inscri\u00e7\u00f5es gratuitas (<a href=\"http:\/\/www.brasilglobalsummit.com\">www.brasilglobalsummit.com<\/a> ), a proposta \u00e9 abrir espa\u00e7o para reflex\u00f5es sobre o futuro do pa\u00eds e gerar oportunidades reais para a constru\u00e7\u00e3o de um Brasil mais competitivo e sustent\u00e1vel no cen\u00e1rio global.<\/p>\n<p style=\"text-align: justify\">Nesta edi\u00e7\u00e3o, um dos grandes destaques ser\u00e1 a primeira exibi\u00e7\u00e3o do mockup do <strong>Lecar 459 H\u00edbrido<\/strong> (capa), um ve\u00edculo inovador desenvolvido no Brasil que promete revolucionar a mobilidade sustent\u00e1vel. Com autonomia de mil quil\u00f4metros utilizando apenas 30 litros de etanol, o modelo combina tecnologia e efici\u00eancia com um combust\u00edvel genuinamente brasileiro, refor\u00e7ando o potencial do pa\u00eds no desenvolvimento de solu\u00e7\u00f5es sustent\u00e1veis para o futuro. Fl\u00e1vio Assis, CEO da Lecar Brasil, estar\u00e1 no evento para apresentar sua vis\u00e3o sobre inova\u00e7\u00e3o no setor automotivo e as perspectivas para a ind\u00fastria nacional.<\/p>\n<figure id=\"attachment_8592\" aria-describedby=\"caption-attachment-8592\" style=\"width: 2047px\" class=\"wp-caption aligncenter\"><img fetchpriority=\"high\" decoding=\"async\" class=\"wp-image-8592 size-full\" style=\"font-style: inherit;font-weight: 600;text-align: center\" src=\"http:\/\/lackman.com.br\/wp-content\/uploads\/2025\/02\/Rodrigo-da-Luz-credito-Divulgacao-scaled.jpeg\" alt=\"\" width=\"2047\" height=\"2560\" srcset=\"https:\/\/lackman.com.br\/wp-content\/uploads\/2025\/02\/Rodrigo-da-Luz-credito-Divulgacao-scaled.jpeg 2047w, https:\/\/lackman.com.br\/wp-content\/uploads\/2025\/02\/Rodrigo-da-Luz-credito-Divulgacao-240x300.jpeg 240w, https:\/\/lackman.com.br\/wp-content\/uploads\/2025\/02\/Rodrigo-da-Luz-credito-Divulgacao-819x1024.jpeg 819w, https:\/\/lackman.com.br\/wp-content\/uploads\/2025\/02\/Rodrigo-da-Luz-credito-Divulgacao-768x960.jpeg 768w, https:\/\/lackman.com.br\/wp-content\/uploads\/2025\/02\/Rodrigo-da-Luz-credito-Divulgacao-1228x1536.jpeg 1228w, https:\/\/lackman.com.br\/wp-content\/uploads\/2025\/02\/Rodrigo-da-Luz-credito-Divulgacao-1638x2048.jpeg 1638w\" sizes=\"(max-width: 2047px) 100vw, 2047px\" \/><figcaption id=\"caption-attachment-8592\" class=\"wp-caption-text\">Rodrigo da Luz, um dos idealizadores do evento<\/figcaption><\/figure>\n<p style=\"text-align: justify\">Al\u00e9m disso, o Brasil Global Summit trar\u00e1 uma programa\u00e7\u00e3o intensa de palestras e pain\u00e9is, conduzidos por grandes nomes do mercado e do setor p\u00fablico. Entre os participantes confirmados est\u00e1 <strong>Ana Carolina Carregaro, diretora de Assuntos P\u00fablicos da Nestl\u00e9<\/strong>, que debater\u00e1 sobre o impacto da tecnologia na ind\u00fastria aliment\u00edcia e os caminhos para um sistema mais sustent\u00e1vel. <strong>Paulo Silva, coordenador de Ind\u00fastria da ApexBrasil<\/strong>, tamb\u00e9m marcar\u00e1 presen\u00e7a mediando o painel \u201c<em>A nova era das exporta\u00e7\u00f5es: Globalizando o Brasil com Tecnologia e Inova\u00e7\u00e3o<\/em>\u201d, trazendo uma an\u00e1lise sobre como o Brasil pode ampliar sua competitividade no mercado global por meio da inova\u00e7\u00e3o.<\/p>\n<p style=\"text-align: justify\">A primeira edi\u00e7\u00e3o do Brasil Global Summit, realizada em 2023, reuniu mais de dois mil participantes e contou com a presen\u00e7a de gigantes do mercado como Petrobras, Vale, BNDES, Meta, Carrefour, Airbnb e Toyota. Somadas, essas empresas representam um valor de mercado superior a R$ 10 trilh\u00f5es e s\u00e3o respons\u00e1veis por mais de dois milh\u00f5es de empregos no pa\u00eds. O evento se consolidou como um espa\u00e7o essencial para discuss\u00f5es estrat\u00e9gicas entre os setores p\u00fablico e privado, abordando temas cruciais para o desenvolvimento econ\u00f4mico e tecnol\u00f3gico do Brasil.<\/p>\n<p style=\"text-align: justify\"><img decoding=\"async\" class=\"wp-image-8591 size-full\" style=\"font-style: inherit;font-weight: 600;text-align: center\" src=\"http:\/\/lackman.com.br\/wp-content\/uploads\/2025\/02\/Nando-Reis-Foto-de-Felipe-Campos-Reproducao-Instagram.jpg\" alt=\"\" width=\"1080\" height=\"720\" srcset=\"https:\/\/lackman.com.br\/wp-content\/uploads\/2025\/02\/Nando-Reis-Foto-de-Felipe-Campos-Reproducao-Instagram.jpg 1080w, https:\/\/lackman.com.br\/wp-content\/uploads\/2025\/02\/Nando-Reis-Foto-de-Felipe-Campos-Reproducao-Instagram-300x200.jpg 300w, https:\/\/lackman.com.br\/wp-content\/uploads\/2025\/02\/Nando-Reis-Foto-de-Felipe-Campos-Reproducao-Instagram-1024x683.jpg 1024w, https:\/\/lackman.com.br\/wp-content\/uploads\/2025\/02\/Nando-Reis-Foto-de-Felipe-Campos-Reproducao-Instagram-768x512.jpg 768w\" sizes=\"(max-width: 1080px) 100vw, 1080px\" \/><\/p>\n<p>Nando Reis &#8211; Foto de Felipe Campos \/ Reproducao Instagram<\/p>\n<p style=\"text-align: justify\">Agora, al\u00e9m dos debates e oportunidades de networking, o evento tamb\u00e9m ter\u00e1 uma programa\u00e7\u00e3o cultural de peso. O cantor e compositor Nando Reis ser\u00e1 a atra\u00e7\u00e3o principal do Brasil Global Summit 2025, com um show especial na noite do dia 11 de mar\u00e7o no Audit\u00f3rio Master. Conhecido por sucessos que atravessam gera\u00e7\u00f5es, Nando promete embalar o p\u00fablico em um espet\u00e1culo \u00fanico, que celebra a interse\u00e7\u00e3o entre cultura, inova\u00e7\u00e3o e tecnologia. O evento contar\u00e1 ainda com apresenta\u00e7\u00f5es de Nice Moanna, DJ brasiliense que levar\u00e1 brasilidades e afro house ao palco do Espa\u00e7o Cultural, e da banda Black Ip\u00ea Jazz, que se apresentar\u00e1 nos intervalos entre os pain\u00e9is e palestras.<\/p>\n<p style=\"text-align: justify\">O Brasil Global Summit nasceu como um movimento de transforma\u00e7\u00e3o, reunindo tomadores de decis\u00e3o, l\u00edderes de mercado e agentes de mudan\u00e7a para discutir os desafios e oportunidades do pa\u00eds no cen\u00e1rio global. O evento busca conectar inova\u00e7\u00e3o e tecnologia \u00e0s demandas reais da sociedade, impulsionando novos neg\u00f3cios, fomentando pol\u00edticas p\u00fablicas e promovendo um ambiente de colabora\u00e7\u00e3o entre setores estrat\u00e9gicos. Para Rodrigo da Luz, um dos organizadores do evento, a proposta do Summit vai al\u00e9m dos dois dias de encontros: &#8220;<em>Nosso objetivo \u00e9 criar um espa\u00e7o onde diferentes setores possam dialogar e construir solu\u00e7\u00f5es concretas para o Brasil. Queremos promover conex\u00f5es que geram impacto real e contribuem para um pa\u00eds mais inovador, competitivo e sustent\u00e1vel<\/em>.&#8221;<\/p>\n<p style=\"text-align: justify\">Com a realiza\u00e7\u00e3o do <strong>Minist\u00e9rio da Cultura<\/strong> e patroc\u00ednio do <strong>Nubank<\/strong>, o Brasil Global Summit 2025 promete ser uma experi\u00eancia transformadora para aqueles que buscam conhecimento, conex\u00f5es estrat\u00e9gicas e inspira\u00e7\u00e3o para os desafios do futuro. As inscri\u00e7\u00f5es j\u00e1 est\u00e3o abertas e podem ser feitas gratuitamente pelo site oficial do evento.<\/p>\n<p style=\"text-align: justify\"><em><strong>Para quem j\u00e1 vive no futuro<\/strong><\/em><\/p>\n<p style=\"text-align: justify\"><em><strong>Brasil Global Summit<\/strong> \/ Centro de Conven\u00e7\u00f5es Ulysses \/ 11 e 12 de mar\u00e7o &#8211; 8h \u00e0s 18h \/ Gratuito \/ Siga <a href=\"https:\/\/www.instagram.com\/brasilglobalsummit\/\">@brasilglobalsummit<\/a><\/em><\/p>\n<pre style=\"text-align: justify\">Fotos Divulga\u00e7\u00e3o<\/pre>\n","protected":false},"excerpt":{"rendered":"<p>Nos pr\u00f3ximos dias 11 e 12 de mar\u00e7o, o pa\u00eds tem um encontro com a inova\u00e7\u00e3o, os neg\u00f3cios e a cultura no Centro de Conven\u00e7\u00f5es Ulysses \u00a0 Bras\u00edlia se tornar\u00e1 o epicentro das discuss\u00f5es sobre tecnologia, inova\u00e7\u00e3o, neg\u00f3cios e cultura com a segunda edi\u00e7\u00e3o do Brasil Global Summit. O evento, que acontecer\u00e1 nos dias 11 e 12 de mar\u00e7o no Centro de Conven\u00e7\u00f5es Ulysses Guimar\u00e3es, reunir\u00e1 l\u00edderes empresariais, representantes do governo, empreendedores, pesquisadores e vision\u00e1rios em uma jornada imersiva de debates, conex\u00f5es estrat\u00e9gicas e experi\u00eancias culturais. Com inscri\u00e7\u00f5es gratuitas (www.brasilglobalsummit.com ), a proposta \u00e9 abrir espa\u00e7o para reflex\u00f5es sobre o futuro do pa\u00eds e gerar oportunidades reais para a constru\u00e7\u00e3o de um Brasil mais competitivo e sustent\u00e1vel no cen\u00e1rio global. Nesta edi\u00e7\u00e3o, um dos grandes destaques ser\u00e1 a primeira exibi\u00e7\u00e3o do mockup do Lecar 459 H\u00edbrido (capa), um ve\u00edculo inovador desenvolvido no Brasil que promete revolucionar a mobilidade sustent\u00e1vel. Com autonomia de mil quil\u00f4metros utilizando apenas 30 litros de etanol, o modelo combina tecnologia e efici\u00eancia com um combust\u00edvel genuinamente brasileiro, refor\u00e7ando o potencial do pa\u00eds no desenvolvimento de solu\u00e7\u00f5es sustent\u00e1veis para o futuro. Fl\u00e1vio Assis, CEO da Lecar Brasil, estar\u00e1 no evento para apresentar sua vis\u00e3o sobre inova\u00e7\u00e3o no setor automotivo e as perspectivas para a ind\u00fastria nacional. Al\u00e9m disso, o Brasil Global Summit trar\u00e1 uma programa\u00e7\u00e3o intensa de palestras e pain\u00e9is, conduzidos por grandes nomes do mercado e do setor p\u00fablico. Entre os participantes confirmados est\u00e1 Ana Carolina Carregaro, diretora de Assuntos P\u00fablicos da Nestl\u00e9, que debater\u00e1 sobre o impacto da tecnologia na ind\u00fastria aliment\u00edcia e os caminhos para um sistema mais sustent\u00e1vel. Paulo Silva, coordenador de Ind\u00fastria da ApexBrasil, tamb\u00e9m marcar\u00e1 presen\u00e7a mediando o painel \u201cA nova era das exporta\u00e7\u00f5es: Globalizando o Brasil com Tecnologia e Inova\u00e7\u00e3o\u201d, trazendo uma an\u00e1lise sobre como o Brasil pode ampliar sua competitividade no mercado global por meio da inova\u00e7\u00e3o. A primeira edi\u00e7\u00e3o do Brasil Global Summit, realizada em 2023, reuniu mais de dois mil participantes e contou com a presen\u00e7a de gigantes do mercado como Petrobras, Vale, BNDES, Meta, Carrefour, Airbnb e Toyota. Somadas, essas empresas representam um valor de mercado superior a R$ 10 trilh\u00f5es e s\u00e3o respons\u00e1veis por mais de dois milh\u00f5es de empregos no pa\u00eds. O evento se consolidou como um espa\u00e7o essencial para discuss\u00f5es estrat\u00e9gicas entre os setores p\u00fablico e privado, abordando temas cruciais para o desenvolvimento econ\u00f4mico e tecnol\u00f3gico do Brasil. Nando Reis &#8211; Foto de Felipe Campos \/ Reproducao Instagram Agora, al\u00e9m dos debates e oportunidades de networking, o evento tamb\u00e9m ter\u00e1 uma programa\u00e7\u00e3o cultural de peso. O cantor e compositor Nando Reis ser\u00e1 a atra\u00e7\u00e3o principal do Brasil Global Summit 2025, com um show especial na noite do dia 11 de mar\u00e7o no Audit\u00f3rio Master. Conhecido por sucessos que atravessam gera\u00e7\u00f5es, Nando promete embalar o p\u00fablico em um espet\u00e1culo \u00fanico, que celebra a interse\u00e7\u00e3o entre cultura, inova\u00e7\u00e3o e tecnologia. O evento contar\u00e1 ainda com apresenta\u00e7\u00f5es de Nice Moanna, DJ brasiliense que levar\u00e1 brasilidades e afro house ao palco do Espa\u00e7o Cultural, e da banda Black Ip\u00ea Jazz, que se apresentar\u00e1 nos intervalos entre os pain\u00e9is e palestras. O Brasil Global Summit nasceu como um movimento de transforma\u00e7\u00e3o, reunindo tomadores de decis\u00e3o, l\u00edderes de mercado e agentes de mudan\u00e7a para discutir os desafios e oportunidades do pa\u00eds no cen\u00e1rio global. O evento busca conectar inova\u00e7\u00e3o e tecnologia \u00e0s demandas reais da sociedade, impulsionando novos neg\u00f3cios, fomentando pol\u00edticas p\u00fablicas e promovendo um ambiente de colabora\u00e7\u00e3o entre setores estrat\u00e9gicos. Para Rodrigo da Luz, um dos organizadores do evento, a proposta do Summit vai al\u00e9m dos dois dias de encontros: &#8220;Nosso objetivo \u00e9 criar um espa\u00e7o onde diferentes setores possam dialogar e construir solu\u00e7\u00f5es concretas para o Brasil. Queremos promover conex\u00f5es que geram impacto real e contribuem para um pa\u00eds mais inovador, competitivo e sustent\u00e1vel.&#8221; Com a realiza\u00e7\u00e3o do Minist\u00e9rio da Cultura e patroc\u00ednio do Nubank, o Brasil Global Summit 2025 promete ser uma experi\u00eancia transformadora para aqueles que buscam conhecimento, conex\u00f5es estrat\u00e9gicas e inspira\u00e7\u00e3o para os desafios do futuro. As inscri\u00e7\u00f5es j\u00e1 est\u00e3o abertas e podem ser feitas gratuitamente pelo site oficial do evento. Para quem j\u00e1 vive no futuro Brasil Global Summit \/ Centro de Conven\u00e7\u00f5es Ulysses \/ 11 e 12 de mar\u00e7o &#8211; 8h \u00e0s 18h \/ Gratuito \/ Siga @brasilglobalsummit Fotos Divulga\u00e7\u00e3o<\/p>\n","protected":false},"author":2,"featured_media":8596,"comment_status":"closed","ping_status":"open","sticky":false,"template":"","format":"standard","meta":{"site-sidebar-layout":"default","site-content-layout":"","ast-site-content-layout":"default","site-content-style":"default","site-sidebar-style":"default","ast-global-header-display":"","ast-banner-title-visibility":"","ast-main-header-display":"","ast-hfb-above-header-display":"","ast-hfb-below-header-display":"","ast-hfb-mobile-header-display":"","site-post-title":"","ast-breadcrumbs-content":"","ast-featured-img":"","footer-sml-layout":"","ast-disable-related-posts":"","theme-transparent-header-meta":"default","adv-header-id-meta":"","stick-header-meta":"","header-above-stick-meta":"","header-main-stick-meta":"","header-below-stick-meta":"","astra-migrate-meta-layouts":"set","ast-page-background-enabled":"default","ast-page-background-meta":{"desktop":{"background-color":"","background-image":"","background-repeat":"repeat","background-position":"center center","background-size":"auto","background-attachment":"scroll","background-type":"","background-media":"","overlay-type":"","overlay-color":"","overlay-opacity":"","overlay-gradient":""},"tablet":{"background-color":"","background-image":"","background-repeat":"repeat","background-position":"center center","background-size":"auto","background-attachment":"scroll","background-type":"","background-media":"","overlay-type":"","overlay-color":"","overlay-opacity":"","overlay-gradient":""},"mobile":{"background-color":"","background-image":"","background-repeat":"repeat","background-position":"center center","background-size":"auto","background-attachment":"scroll","background-type":"","background-media":"","overlay-type":"","overlay-color":"","overlay-opacity":"","overlay-gradient":""}},"ast-content-background-meta":{"desktop":{"background-color":"var(--ast-global-color-5)","background-image":"","background-repeat":"repeat","background-position":"center center","background-size":"auto","background-attachment":"scroll","background-type":"","background-media":"","overlay-type":"","overlay-color":"","overlay-opacity":"","overlay-gradient":""},"tablet":{"background-color":"var(--ast-global-color-5)","background-image":"","background-repeat":"repeat","background-position":"center center","background-size":"auto","background-attachment":"scroll","background-type":"","background-media":"","overlay-type":"","overlay-color":"","overlay-opacity":"","overlay-gradient":""},"mobile":{"background-color":"var(--ast-global-color-5)","background-image":"","background-repeat":"repeat","background-position":"center center","background-size":"auto","background-attachment":"scroll","background-type":"","background-media":"","overlay-type":"","overlay-color":"","overlay-opacity":"","overlay-gradient":""}},"footnotes":""},"categories":[44,41],"tags":[1804,1803,54,272,178,89,1809,1807,1805,1806,1119,1808],"class_list":["post-8590","post","type-post","status-publish","format-standard","has-post-thumbnail","hentry","category-capital-e-politica","category-vida","tag-1804","tag-brasil-global-summit","tag-brasilia","tag-centro-de-convencoes-ulysses","tag-cultura","tag-df","tag-empreendedorismo","tag-inovacao","tag-lecar-459-hibrido","tag-lecar-brasil","tag-nando-reis","tag-tecnologia"],"yoast_head":"<!-- This site is optimized with the Yoast SEO plugin v27.0 - https:\/\/yoast.com\/product\/yoast-seo-wordpress\/ -->\n<title>Tend\u00eancias: Brasil Global Summit 2025 - LACKMAN &amp; CO.<\/title>\n<meta name=\"robots\" content=\"index, follow, max-snippet:-1, max-image-preview:large, max-video-preview:-1\" \/>\n<link rel=\"canonical\" href=\"https:\/\/lackman.com.br\/index.php\/2025\/02\/24\/brasil-global-summit-2025\/\" \/>\n<meta property=\"og:locale\" content=\"pt_BR\" \/>\n<meta property=\"og:type\" content=\"article\" \/>\n<meta property=\"og:title\" content=\"Tend\u00eancias: Brasil Global Summit 2025 - LACKMAN &amp; CO.\" \/>\n<meta property=\"og:description\" content=\"Nos pr\u00f3ximos dias 11 e 12 de mar\u00e7o, o pa\u00eds tem um encontro com a inova\u00e7\u00e3o, os neg\u00f3cios e a cultura no Centro de Conven\u00e7\u00f5es Ulysses \u00a0 Bras\u00edlia se tornar\u00e1 o epicentro das discuss\u00f5es sobre tecnologia, inova\u00e7\u00e3o, neg\u00f3cios e cultura com a segunda edi\u00e7\u00e3o do Brasil Global Summit. O evento, que acontecer\u00e1 nos dias 11 e 12 de mar\u00e7o no Centro de Conven\u00e7\u00f5es Ulysses Guimar\u00e3es, reunir\u00e1 l\u00edderes empresariais, representantes do governo, empreendedores, pesquisadores e vision\u00e1rios em uma jornada imersiva de debates, conex\u00f5es estrat\u00e9gicas e experi\u00eancias culturais. Com inscri\u00e7\u00f5es gratuitas (www.brasilglobalsummit.com ), a proposta \u00e9 abrir espa\u00e7o para reflex\u00f5es sobre o futuro do pa\u00eds e gerar oportunidades reais para a constru\u00e7\u00e3o de um Brasil mais competitivo e sustent\u00e1vel no cen\u00e1rio global. Nesta edi\u00e7\u00e3o, um dos grandes destaques ser\u00e1 a primeira exibi\u00e7\u00e3o do mockup do Lecar 459 H\u00edbrido (capa), um ve\u00edculo inovador desenvolvido no Brasil que promete revolucionar a mobilidade sustent\u00e1vel. Com autonomia de mil quil\u00f4metros utilizando apenas 30 litros de etanol, o modelo combina tecnologia e efici\u00eancia com um combust\u00edvel genuinamente brasileiro, refor\u00e7ando o potencial do pa\u00eds no desenvolvimento de solu\u00e7\u00f5es sustent\u00e1veis para o futuro. Fl\u00e1vio Assis, CEO da Lecar Brasil, estar\u00e1 no evento para apresentar sua vis\u00e3o sobre inova\u00e7\u00e3o no setor automotivo e as perspectivas para a ind\u00fastria nacional. Al\u00e9m disso, o Brasil Global Summit trar\u00e1 uma programa\u00e7\u00e3o intensa de palestras e pain\u00e9is, conduzidos por grandes nomes do mercado e do setor p\u00fablico. Entre os participantes confirmados est\u00e1 Ana Carolina Carregaro, diretora de Assuntos P\u00fablicos da Nestl\u00e9, que debater\u00e1 sobre o impacto da tecnologia na ind\u00fastria aliment\u00edcia e os caminhos para um sistema mais sustent\u00e1vel. Paulo Silva, coordenador de Ind\u00fastria da ApexBrasil, tamb\u00e9m marcar\u00e1 presen\u00e7a mediando o painel \u201cA nova era das exporta\u00e7\u00f5es: Globalizando o Brasil com Tecnologia e Inova\u00e7\u00e3o\u201d, trazendo uma an\u00e1lise sobre como o Brasil pode ampliar sua competitividade no mercado global por meio da inova\u00e7\u00e3o. A primeira edi\u00e7\u00e3o do Brasil Global Summit, realizada em 2023, reuniu mais de dois mil participantes e contou com a presen\u00e7a de gigantes do mercado como Petrobras, Vale, BNDES, Meta, Carrefour, Airbnb e Toyota. Somadas, essas empresas representam um valor de mercado superior a R$ 10 trilh\u00f5es e s\u00e3o respons\u00e1veis por mais de dois milh\u00f5es de empregos no pa\u00eds. O evento se consolidou como um espa\u00e7o essencial para discuss\u00f5es estrat\u00e9gicas entre os setores p\u00fablico e privado, abordando temas cruciais para o desenvolvimento econ\u00f4mico e tecnol\u00f3gico do Brasil. Nando Reis &#8211; Foto de Felipe Campos \/ Reproducao Instagram Agora, al\u00e9m dos debates e oportunidades de networking, o evento tamb\u00e9m ter\u00e1 uma programa\u00e7\u00e3o cultural de peso. O cantor e compositor Nando Reis ser\u00e1 a atra\u00e7\u00e3o principal do Brasil Global Summit 2025, com um show especial na noite do dia 11 de mar\u00e7o no Audit\u00f3rio Master. Conhecido por sucessos que atravessam gera\u00e7\u00f5es, Nando promete embalar o p\u00fablico em um espet\u00e1culo \u00fanico, que celebra a interse\u00e7\u00e3o entre cultura, inova\u00e7\u00e3o e tecnologia. O evento contar\u00e1 ainda com apresenta\u00e7\u00f5es de Nice Moanna, DJ brasiliense que levar\u00e1 brasilidades e afro house ao palco do Espa\u00e7o Cultural, e da banda Black Ip\u00ea Jazz, que se apresentar\u00e1 nos intervalos entre os pain\u00e9is e palestras. O Brasil Global Summit nasceu como um movimento de transforma\u00e7\u00e3o, reunindo tomadores de decis\u00e3o, l\u00edderes de mercado e agentes de mudan\u00e7a para discutir os desafios e oportunidades do pa\u00eds no cen\u00e1rio global. O evento busca conectar inova\u00e7\u00e3o e tecnologia \u00e0s demandas reais da sociedade, impulsionando novos neg\u00f3cios, fomentando pol\u00edticas p\u00fablicas e promovendo um ambiente de colabora\u00e7\u00e3o entre setores estrat\u00e9gicos. Para Rodrigo da Luz, um dos organizadores do evento, a proposta do Summit vai al\u00e9m dos dois dias de encontros: &#8220;Nosso objetivo \u00e9 criar um espa\u00e7o onde diferentes setores possam dialogar e construir solu\u00e7\u00f5es concretas para o Brasil. Queremos promover conex\u00f5es que geram impacto real e contribuem para um pa\u00eds mais inovador, competitivo e sustent\u00e1vel.&#8221; Com a realiza\u00e7\u00e3o do Minist\u00e9rio da Cultura e patroc\u00ednio do Nubank, o Brasil Global Summit 2025 promete ser uma experi\u00eancia transformadora para aqueles que buscam conhecimento, conex\u00f5es estrat\u00e9gicas e inspira\u00e7\u00e3o para os desafios do futuro. As inscri\u00e7\u00f5es j\u00e1 est\u00e3o abertas e podem ser feitas gratuitamente pelo site oficial do evento. Para quem j\u00e1 vive no futuro Brasil Global Summit \/ Centro de Conven\u00e7\u00f5es Ulysses \/ 11 e 12 de mar\u00e7o &#8211; 8h \u00e0s 18h \/ Gratuito \/ Siga @brasilglobalsummit Fotos Divulga\u00e7\u00e3o\" \/>\n<meta property=\"og:url\" content=\"https:\/\/lackman.com.br\/index.php\/2025\/02\/24\/brasil-global-summit-2025\/\" \/>\n<meta property=\"og:site_name\" content=\"LACKMAN &amp; CO.\" \/>\n<meta property=\"article:author\" content=\"https:\/\/www.facebook.com\/fernandolackman\" \/>\n<meta property=\"article:published_time\" content=\"2025-02-24T22:00:33+00:00\" \/>\n<meta property=\"og:image\" content=\"https:\/\/lackman.com.br\/wp-content\/uploads\/2025\/02\/Lecar-Hibrido_1.webp\" \/>\n\t<meta property=\"og:image:width\" content=\"743\" \/>\n\t<meta property=\"og:image:height\" content=\"495\" \/>\n\t<meta property=\"og:image:type\" content=\"image\/webp\" \/>\n<meta name=\"author\" content=\"Fernando Lackman\" \/>\n<meta name=\"twitter:card\" content=\"summary_large_image\" \/>\n<meta name=\"twitter:creator\" content=\"@fernandolackman\" \/>\n<meta name=\"twitter:label1\" content=\"Escrito por\" \/>\n\t<meta name=\"twitter:data1\" content=\"Fernando Lackman\" \/>\n\t<meta name=\"twitter:label2\" content=\"Est. tempo de leitura\" \/>\n\t<meta name=\"twitter:data2\" content=\"5 minutos\" \/>\n<script type=\"application\/ld+json\" class=\"yoast-schema-graph\">{\"@context\":\"https:\/\/schema.org\",\"@graph\":[{\"@type\":\"Article\",\"@id\":\"https:\/\/lackman.com.br\/index.php\/2025\/02\/24\/brasil-global-summit-2025\/#article\",\"isPartOf\":{\"@id\":\"https:\/\/lackman.com.br\/index.php\/2025\/02\/24\/brasil-global-summit-2025\/\"},\"author\":{\"name\":\"Fernando Lackman\",\"@id\":\"https:\/\/lackman.com.br\/#\/schema\/person\/dbfb3fbfc55f2b0bd4f9039696e70858\"},\"headline\":\"Tend\u00eancias: Brasil Global Summit 2025\",\"datePublished\":\"2025-02-24T22:00:33+00:00\",\"mainEntityOfPage\":{\"@id\":\"https:\/\/lackman.com.br\/index.php\/2025\/02\/24\/brasil-global-summit-2025\/\"},\"wordCount\":819,\"publisher\":{\"@id\":\"https:\/\/lackman.com.br\/#organization\"},\"image\":{\"@id\":\"https:\/\/lackman.com.br\/index.php\/2025\/02\/24\/brasil-global-summit-2025\/#primaryimage\"},\"thumbnailUrl\":\"https:\/\/lackman.com.br\/wp-content\/uploads\/2025\/02\/Lecar-Hibrido_1.webp\",\"keywords\":[\"2025\",\"Brasil Global Summit\",\"brasilia\",\"Centro de Conven\u00e7\u00f5es Ulysses\",\"cultura\",\"df\",\"empreendedorismo\",\"inova\u00e7\u00e3o\",\"Lecar 459 H\u00edbrido\",\"Lecar Brasil\",\"Nando Reis\",\"tecnologia\"],\"articleSection\":[\"Capital &amp; Pol\u00edtica\",\"Vida\"],\"inLanguage\":\"pt-BR\"},{\"@type\":\"WebPage\",\"@id\":\"https:\/\/lackman.com.br\/index.php\/2025\/02\/24\/brasil-global-summit-2025\/\",\"url\":\"https:\/\/lackman.com.br\/index.php\/2025\/02\/24\/brasil-global-summit-2025\/\",\"name\":\"Tend\u00eancias: Brasil Global Summit 2025 - LACKMAN &amp; CO.\",\"isPartOf\":{\"@id\":\"https:\/\/lackman.com.br\/#website\"},\"primaryImageOfPage\":{\"@id\":\"https:\/\/lackman.com.br\/index.php\/2025\/02\/24\/brasil-global-summit-2025\/#primaryimage\"},\"image\":{\"@id\":\"https:\/\/lackman.com.br\/index.php\/2025\/02\/24\/brasil-global-summit-2025\/#primaryimage\"},\"thumbnailUrl\":\"https:\/\/lackman.com.br\/wp-content\/uploads\/2025\/02\/Lecar-Hibrido_1.webp\",\"datePublished\":\"2025-02-24T22:00:33+00:00\",\"breadcrumb\":{\"@id\":\"https:\/\/lackman.com.br\/index.php\/2025\/02\/24\/brasil-global-summit-2025\/#breadcrumb\"},\"inLanguage\":\"pt-BR\",\"potentialAction\":[{\"@type\":\"ReadAction\",\"target\":[\"https:\/\/lackman.com.br\/index.php\/2025\/02\/24\/brasil-global-summit-2025\/\"]}]},{\"@type\":\"ImageObject\",\"inLanguage\":\"pt-BR\",\"@id\":\"https:\/\/lackman.com.br\/index.php\/2025\/02\/24\/brasil-global-summit-2025\/#primaryimage\",\"url\":\"https:\/\/lackman.com.br\/wp-content\/uploads\/2025\/02\/Lecar-Hibrido_1.webp\",\"contentUrl\":\"https:\/\/lackman.com.br\/wp-content\/uploads\/2025\/02\/Lecar-Hibrido_1.webp\",\"width\":743,\"height\":495},{\"@type\":\"BreadcrumbList\",\"@id\":\"https:\/\/lackman.com.br\/index.php\/2025\/02\/24\/brasil-global-summit-2025\/#breadcrumb\",\"itemListElement\":[{\"@type\":\"ListItem\",\"position\":1,\"name\":\"In\u00edcio\",\"item\":\"https:\/\/lackman.com.br\/\"},{\"@type\":\"ListItem\",\"position\":2,\"name\":\"Tend\u00eancias: Brasil Global Summit 2025\"}]},{\"@type\":\"WebSite\",\"@id\":\"https:\/\/lackman.com.br\/#website\",\"url\":\"https:\/\/lackman.com.br\/\",\"name\":\"LACKMAN &amp; CO.\",\"description\":\"VIDA | MODA | ARTE\",\"publisher\":{\"@id\":\"https:\/\/lackman.com.br\/#organization\"},\"potentialAction\":[{\"@type\":\"SearchAction\",\"target\":{\"@type\":\"EntryPoint\",\"urlTemplate\":\"https:\/\/lackman.com.br\/?s={search_term_string}\"},\"query-input\":{\"@type\":\"PropertyValueSpecification\",\"valueRequired\":true,\"valueName\":\"search_term_string\"}}],\"inLanguage\":\"pt-BR\"},{\"@type\":\"Organization\",\"@id\":\"https:\/\/lackman.com.br\/#organization\",\"name\":\"LACKMAN &amp; CO.\",\"url\":\"https:\/\/lackman.com.br\/\",\"logo\":{\"@type\":\"ImageObject\",\"inLanguage\":\"pt-BR\",\"@id\":\"https:\/\/lackman.com.br\/#\/schema\/logo\/image\/\",\"url\":\"https:\/\/lackman.com.br\/wp-content\/uploads\/2023\/06\/Logotipo_preto-1.png\",\"contentUrl\":\"https:\/\/lackman.com.br\/wp-content\/uploads\/2023\/06\/Logotipo_preto-1.png\",\"width\":739,\"height\":393,\"caption\":\"LACKMAN &amp; CO.\"},\"image\":{\"@id\":\"https:\/\/lackman.com.br\/#\/schema\/logo\/image\/\"}},{\"@type\":\"Person\",\"@id\":\"https:\/\/lackman.com.br\/#\/schema\/person\/dbfb3fbfc55f2b0bd4f9039696e70858\",\"name\":\"Fernando Lackman\",\"image\":{\"@type\":\"ImageObject\",\"inLanguage\":\"pt-BR\",\"@id\":\"https:\/\/lackman.com.br\/#\/schema\/person\/image\/\",\"url\":\"https:\/\/secure.gravatar.com\/avatar\/ae7993150af197e66480c8a769891833dd2b8d809f0d9ff3f25af796cf378ce8?s=96&d=mm&r=g\",\"contentUrl\":\"https:\/\/secure.gravatar.com\/avatar\/ae7993150af197e66480c8a769891833dd2b8d809f0d9ff3f25af796cf378ce8?s=96&d=mm&r=g\",\"caption\":\"Fernando Lackman\"},\"description\":\"Fernando Lackman \u00e9 jornalista especializado em Moda e Cultura, editor do site LACKMAN.com.br. \u00c9 autor do livro Bras\u00edlia Capital dos Criadores, que conta a hist\u00f3ria da moda no Distrito Federal. Tem em seu curr\u00edculo assinatura de dire\u00e7\u00e3o criativa e de desfiles em eventos como Estilo DF Plaza, Summer Collections, JK Street Fashion, Desfile Beleza Negra (DBN), PicniK Fashion Show, Vogue Fashion\u2019s Night Out Bras\u00edlia, entre outros. Foi diretor criativo do extinto Capital Fashion Week. Atualmente trabalha na dire\u00e7\u00e3o criativa de eventos como Top CUFA, BSB Fashion Street, Bras\u00edlia Fashion House, Ateli\u00ea Bras\u00edlia e Goi\u00e1s Fashion Week.\",\"sameAs\":[\"https:\/\/lackman.com.br\/\",\"https:\/\/www.facebook.com\/fernandolackman\",\"https:\/\/www.instagram.com\/fernandolackman\/\",\"https:\/\/www.linkedin.com\/in\/fernando-lackman\/\",\"https:\/\/br.pinterest.com\/fernandolackman\/\",\"https:\/\/x.com\/fernandolackman\"],\"url\":\"https:\/\/lackman.com.br\/index.php\/author\/fernando-lackman\/\"}]}<\/script>\n<!-- \/ Yoast SEO plugin. -->","yoast_head_json":{"title":"Tend\u00eancias: Brasil Global Summit 2025 - LACKMAN &amp; CO.","robots":{"index":"index","follow":"follow","max-snippet":"max-snippet:-1","max-image-preview":"max-image-preview:large","max-video-preview":"max-video-preview:-1"},"canonical":"https:\/\/lackman.com.br\/index.php\/2025\/02\/24\/brasil-global-summit-2025\/","og_locale":"pt_BR","og_type":"article","og_title":"Tend\u00eancias: Brasil Global Summit 2025 - LACKMAN &amp; CO.","og_description":"Nos pr\u00f3ximos dias 11 e 12 de mar\u00e7o, o pa\u00eds tem um encontro com a inova\u00e7\u00e3o, os neg\u00f3cios e a cultura no Centro de Conven\u00e7\u00f5es Ulysses \u00a0 Bras\u00edlia se tornar\u00e1 o epicentro das discuss\u00f5es sobre tecnologia, inova\u00e7\u00e3o, neg\u00f3cios e cultura com a segunda edi\u00e7\u00e3o do Brasil Global Summit. O evento, que acontecer\u00e1 nos dias 11 e 12 de mar\u00e7o no Centro de Conven\u00e7\u00f5es Ulysses Guimar\u00e3es, reunir\u00e1 l\u00edderes empresariais, representantes do governo, empreendedores, pesquisadores e vision\u00e1rios em uma jornada imersiva de debates, conex\u00f5es estrat\u00e9gicas e experi\u00eancias culturais. Com inscri\u00e7\u00f5es gratuitas (www.brasilglobalsummit.com ), a proposta \u00e9 abrir espa\u00e7o para reflex\u00f5es sobre o futuro do pa\u00eds e gerar oportunidades reais para a constru\u00e7\u00e3o de um Brasil mais competitivo e sustent\u00e1vel no cen\u00e1rio global. Nesta edi\u00e7\u00e3o, um dos grandes destaques ser\u00e1 a primeira exibi\u00e7\u00e3o do mockup do Lecar 459 H\u00edbrido (capa), um ve\u00edculo inovador desenvolvido no Brasil que promete revolucionar a mobilidade sustent\u00e1vel. Com autonomia de mil quil\u00f4metros utilizando apenas 30 litros de etanol, o modelo combina tecnologia e efici\u00eancia com um combust\u00edvel genuinamente brasileiro, refor\u00e7ando o potencial do pa\u00eds no desenvolvimento de solu\u00e7\u00f5es sustent\u00e1veis para o futuro. Fl\u00e1vio Assis, CEO da Lecar Brasil, estar\u00e1 no evento para apresentar sua vis\u00e3o sobre inova\u00e7\u00e3o no setor automotivo e as perspectivas para a ind\u00fastria nacional. Al\u00e9m disso, o Brasil Global Summit trar\u00e1 uma programa\u00e7\u00e3o intensa de palestras e pain\u00e9is, conduzidos por grandes nomes do mercado e do setor p\u00fablico. Entre os participantes confirmados est\u00e1 Ana Carolina Carregaro, diretora de Assuntos P\u00fablicos da Nestl\u00e9, que debater\u00e1 sobre o impacto da tecnologia na ind\u00fastria aliment\u00edcia e os caminhos para um sistema mais sustent\u00e1vel. Paulo Silva, coordenador de Ind\u00fastria da ApexBrasil, tamb\u00e9m marcar\u00e1 presen\u00e7a mediando o painel \u201cA nova era das exporta\u00e7\u00f5es: Globalizando o Brasil com Tecnologia e Inova\u00e7\u00e3o\u201d, trazendo uma an\u00e1lise sobre como o Brasil pode ampliar sua competitividade no mercado global por meio da inova\u00e7\u00e3o. A primeira edi\u00e7\u00e3o do Brasil Global Summit, realizada em 2023, reuniu mais de dois mil participantes e contou com a presen\u00e7a de gigantes do mercado como Petrobras, Vale, BNDES, Meta, Carrefour, Airbnb e Toyota. Somadas, essas empresas representam um valor de mercado superior a R$ 10 trilh\u00f5es e s\u00e3o respons\u00e1veis por mais de dois milh\u00f5es de empregos no pa\u00eds. O evento se consolidou como um espa\u00e7o essencial para discuss\u00f5es estrat\u00e9gicas entre os setores p\u00fablico e privado, abordando temas cruciais para o desenvolvimento econ\u00f4mico e tecnol\u00f3gico do Brasil. Nando Reis &#8211; Foto de Felipe Campos \/ Reproducao Instagram Agora, al\u00e9m dos debates e oportunidades de networking, o evento tamb\u00e9m ter\u00e1 uma programa\u00e7\u00e3o cultural de peso. O cantor e compositor Nando Reis ser\u00e1 a atra\u00e7\u00e3o principal do Brasil Global Summit 2025, com um show especial na noite do dia 11 de mar\u00e7o no Audit\u00f3rio Master. Conhecido por sucessos que atravessam gera\u00e7\u00f5es, Nando promete embalar o p\u00fablico em um espet\u00e1culo \u00fanico, que celebra a interse\u00e7\u00e3o entre cultura, inova\u00e7\u00e3o e tecnologia. O evento contar\u00e1 ainda com apresenta\u00e7\u00f5es de Nice Moanna, DJ brasiliense que levar\u00e1 brasilidades e afro house ao palco do Espa\u00e7o Cultural, e da banda Black Ip\u00ea Jazz, que se apresentar\u00e1 nos intervalos entre os pain\u00e9is e palestras. O Brasil Global Summit nasceu como um movimento de transforma\u00e7\u00e3o, reunindo tomadores de decis\u00e3o, l\u00edderes de mercado e agentes de mudan\u00e7a para discutir os desafios e oportunidades do pa\u00eds no cen\u00e1rio global. O evento busca conectar inova\u00e7\u00e3o e tecnologia \u00e0s demandas reais da sociedade, impulsionando novos neg\u00f3cios, fomentando pol\u00edticas p\u00fablicas e promovendo um ambiente de colabora\u00e7\u00e3o entre setores estrat\u00e9gicos. Para Rodrigo da Luz, um dos organizadores do evento, a proposta do Summit vai al\u00e9m dos dois dias de encontros: &#8220;Nosso objetivo \u00e9 criar um espa\u00e7o onde diferentes setores possam dialogar e construir solu\u00e7\u00f5es concretas para o Brasil. Queremos promover conex\u00f5es que geram impacto real e contribuem para um pa\u00eds mais inovador, competitivo e sustent\u00e1vel.&#8221; Com a realiza\u00e7\u00e3o do Minist\u00e9rio da Cultura e patroc\u00ednio do Nubank, o Brasil Global Summit 2025 promete ser uma experi\u00eancia transformadora para aqueles que buscam conhecimento, conex\u00f5es estrat\u00e9gicas e inspira\u00e7\u00e3o para os desafios do futuro. As inscri\u00e7\u00f5es j\u00e1 est\u00e3o abertas e podem ser feitas gratuitamente pelo site oficial do evento. Para quem j\u00e1 vive no futuro Brasil Global Summit \/ Centro de Conven\u00e7\u00f5es Ulysses \/ 11 e 12 de mar\u00e7o &#8211; 8h \u00e0s 18h \/ Gratuito \/ Siga @brasilglobalsummit Fotos Divulga\u00e7\u00e3o","og_url":"https:\/\/lackman.com.br\/index.php\/2025\/02\/24\/brasil-global-summit-2025\/","og_site_name":"LACKMAN &amp; CO.","article_author":"https:\/\/www.facebook.com\/fernandolackman","article_published_time":"2025-02-24T22:00:33+00:00","og_image":[{"width":743,"height":495,"url":"https:\/\/lackman.com.br\/wp-content\/uploads\/2025\/02\/Lecar-Hibrido_1.webp","type":"image\/webp"}],"author":"Fernando Lackman","twitter_card":"summary_large_image","twitter_creator":"@fernandolackman","twitter_misc":{"Escrito por":"Fernando Lackman","Est. tempo de leitura":"5 minutos"},"schema":{"@context":"https:\/\/schema.org","@graph":[{"@type":"Article","@id":"https:\/\/lackman.com.br\/index.php\/2025\/02\/24\/brasil-global-summit-2025\/#article","isPartOf":{"@id":"https:\/\/lackman.com.br\/index.php\/2025\/02\/24\/brasil-global-summit-2025\/"},"author":{"name":"Fernando Lackman","@id":"https:\/\/lackman.com.br\/#\/schema\/person\/dbfb3fbfc55f2b0bd4f9039696e70858"},"headline":"Tend\u00eancias: Brasil Global Summit 2025","datePublished":"2025-02-24T22:00:33+00:00","mainEntityOfPage":{"@id":"https:\/\/lackman.com.br\/index.php\/2025\/02\/24\/brasil-global-summit-2025\/"},"wordCount":819,"publisher":{"@id":"https:\/\/lackman.com.br\/#organization"},"image":{"@id":"https:\/\/lackman.com.br\/index.php\/2025\/02\/24\/brasil-global-summit-2025\/#primaryimage"},"thumbnailUrl":"https:\/\/lackman.com.br\/wp-content\/uploads\/2025\/02\/Lecar-Hibrido_1.webp","keywords":["2025","Brasil Global Summit","brasilia","Centro de Conven\u00e7\u00f5es Ulysses","cultura","df","empreendedorismo","inova\u00e7\u00e3o","Lecar 459 H\u00edbrido","Lecar Brasil","Nando Reis","tecnologia"],"articleSection":["Capital &amp; Pol\u00edtica","Vida"],"inLanguage":"pt-BR"},{"@type":"WebPage","@id":"https:\/\/lackman.com.br\/index.php\/2025\/02\/24\/brasil-global-summit-2025\/","url":"https:\/\/lackman.com.br\/index.php\/2025\/02\/24\/brasil-global-summit-2025\/","name":"Tend\u00eancias: Brasil Global Summit 2025 - LACKMAN &amp; CO.","isPartOf":{"@id":"https:\/\/lackman.com.br\/#website"},"primaryImageOfPage":{"@id":"https:\/\/lackman.com.br\/index.php\/2025\/02\/24\/brasil-global-summit-2025\/#primaryimage"},"image":{"@id":"https:\/\/lackman.com.br\/index.php\/2025\/02\/24\/brasil-global-summit-2025\/#primaryimage"},"thumbnailUrl":"https:\/\/lackman.com.br\/wp-content\/uploads\/2025\/02\/Lecar-Hibrido_1.webp","datePublished":"2025-02-24T22:00:33+00:00","breadcrumb":{"@id":"https:\/\/lackman.com.br\/index.php\/2025\/02\/24\/brasil-global-summit-2025\/#breadcrumb"},"inLanguage":"pt-BR","potentialAction":[{"@type":"ReadAction","target":["https:\/\/lackman.com.br\/index.php\/2025\/02\/24\/brasil-global-summit-2025\/"]}]},{"@type":"ImageObject","inLanguage":"pt-BR","@id":"https:\/\/lackman.com.br\/index.php\/2025\/02\/24\/brasil-global-summit-2025\/#primaryimage","url":"https:\/\/lackman.com.br\/wp-content\/uploads\/2025\/02\/Lecar-Hibrido_1.webp","contentUrl":"https:\/\/lackman.com.br\/wp-content\/uploads\/2025\/02\/Lecar-Hibrido_1.webp","width":743,"height":495},{"@type":"BreadcrumbList","@id":"https:\/\/lackman.com.br\/index.php\/2025\/02\/24\/brasil-global-summit-2025\/#breadcrumb","itemListElement":[{"@type":"ListItem","position":1,"name":"In\u00edcio","item":"https:\/\/lackman.com.br\/"},{"@type":"ListItem","position":2,"name":"Tend\u00eancias: Brasil Global Summit 2025"}]},{"@type":"WebSite","@id":"https:\/\/lackman.com.br\/#website","url":"https:\/\/lackman.com.br\/","name":"LACKMAN &amp; CO.","description":"VIDA | MODA | ARTE","publisher":{"@id":"https:\/\/lackman.com.br\/#organization"},"potentialAction":[{"@type":"SearchAction","target":{"@type":"EntryPoint","urlTemplate":"https:\/\/lackman.com.br\/?s={search_term_string}"},"query-input":{"@type":"PropertyValueSpecification","valueRequired":true,"valueName":"search_term_string"}}],"inLanguage":"pt-BR"},{"@type":"Organization","@id":"https:\/\/lackman.com.br\/#organization","name":"LACKMAN &amp; CO.","url":"https:\/\/lackman.com.br\/","logo":{"@type":"ImageObject","inLanguage":"pt-BR","@id":"https:\/\/lackman.com.br\/#\/schema\/logo\/image\/","url":"https:\/\/lackman.com.br\/wp-content\/uploads\/2023\/06\/Logotipo_preto-1.png","contentUrl":"https:\/\/lackman.com.br\/wp-content\/uploads\/2023\/06\/Logotipo_preto-1.png","width":739,"height":393,"caption":"LACKMAN &amp; CO."},"image":{"@id":"https:\/\/lackman.com.br\/#\/schema\/logo\/image\/"}},{"@type":"Person","@id":"https:\/\/lackman.com.br\/#\/schema\/person\/dbfb3fbfc55f2b0bd4f9039696e70858","name":"Fernando Lackman","image":{"@type":"ImageObject","inLanguage":"pt-BR","@id":"https:\/\/lackman.com.br\/#\/schema\/person\/image\/","url":"https:\/\/secure.gravatar.com\/avatar\/ae7993150af197e66480c8a769891833dd2b8d809f0d9ff3f25af796cf378ce8?s=96&d=mm&r=g","contentUrl":"https:\/\/secure.gravatar.com\/avatar\/ae7993150af197e66480c8a769891833dd2b8d809f0d9ff3f25af796cf378ce8?s=96&d=mm&r=g","caption":"Fernando Lackman"},"description":"Fernando Lackman \u00e9 jornalista especializado em Moda e Cultura, editor do site LACKMAN.com.br. \u00c9 autor do livro Bras\u00edlia Capital dos Criadores, que conta a hist\u00f3ria da moda no Distrito Federal. Tem em seu curr\u00edculo assinatura de dire\u00e7\u00e3o criativa e de desfiles em eventos como Estilo DF Plaza, Summer Collections, JK Street Fashion, Desfile Beleza Negra (DBN), PicniK Fashion Show, Vogue Fashion\u2019s Night Out Bras\u00edlia, entre outros. Foi diretor criativo do extinto Capital Fashion Week. Atualmente trabalha na dire\u00e7\u00e3o criativa de eventos como Top CUFA, BSB Fashion Street, Bras\u00edlia Fashion House, Ateli\u00ea Bras\u00edlia e Goi\u00e1s Fashion Week.","sameAs":["https:\/\/lackman.com.br\/","https:\/\/www.facebook.com\/fernandolackman","https:\/\/www.instagram.com\/fernandolackman\/","https:\/\/www.linkedin.com\/in\/fernando-lackman\/","https:\/\/br.pinterest.com\/fernandolackman\/","https:\/\/x.com\/fernandolackman"],"url":"https:\/\/lackman.com.br\/index.php\/author\/fernando-lackman\/"}]}},"rttpg_featured_image_url":{"full":["https:\/\/lackman.com.br\/wp-content\/uploads\/2025\/02\/Lecar-Hibrido_1.webp",743,495,false],"landscape":["https:\/\/lackman.com.br\/wp-content\/uploads\/2025\/02\/Lecar-Hibrido_1.webp",743,495,false],"portraits":["https:\/\/lackman.com.br\/wp-content\/uploads\/2025\/02\/Lecar-Hibrido_1.webp",743,495,false],"thumbnail":["https:\/\/lackman.com.br\/wp-content\/uploads\/2025\/02\/Lecar-Hibrido_1-150x150.webp",150,150,true],"medium":["https:\/\/lackman.com.br\/wp-content\/uploads\/2025\/02\/Lecar-Hibrido_1-300x200.webp",300,200,true],"large":["https:\/\/lackman.com.br\/wp-content\/uploads\/2025\/02\/Lecar-Hibrido_1.webp",743,495,false],"RoboGalleryMansoryImagesCenter":["https:\/\/lackman.com.br\/wp-content\/uploads\/2025\/02\/Lecar-Hibrido_1-600x495.webp",600,495,true],"RoboGalleryPreload":["https:\/\/lackman.com.br\/wp-content\/uploads\/2025\/02\/Lecar-Hibrido_1.webp",100,67,false],"1536x1536":["https:\/\/lackman.com.br\/wp-content\/uploads\/2025\/02\/Lecar-Hibrido_1.webp",743,495,false],"2048x2048":["https:\/\/lackman.com.br\/wp-content\/uploads\/2025\/02\/Lecar-Hibrido_1.webp",743,495,false]},"rttpg_author":{"display_name":"Fernando Lackman","author_link":"https:\/\/lackman.com.br\/index.php\/author\/fernando-lackman\/"},"rttpg_comment":0,"rttpg_category":"<a href=\"https:\/\/lackman.com.br\/index.php\/category\/vida\/capital-e-politica\/\" rel=\"category tag\">Capital &amp; Pol\u00edtica<\/a> <a href=\"https:\/\/lackman.com.br\/index.php\/category\/vida\/\" rel=\"category tag\">Vida<\/a>","rttpg_excerpt":"Nos pr\u00f3ximos dias 11 e 12 de mar\u00e7o, o pa\u00eds tem um encontro com a inova\u00e7\u00e3o, os neg\u00f3cios e a cultura no Centro de Conven\u00e7\u00f5es Ulysses \u00a0 Bras\u00edlia se tornar\u00e1 o epicentro das discuss\u00f5es sobre tecnologia, inova\u00e7\u00e3o, neg\u00f3cios e cultura com a segunda edi\u00e7\u00e3o do Brasil Global Summit. O evento, que acontecer\u00e1 nos dias 11&hellip;","_links":{"self":[{"href":"https:\/\/lackman.com.br\/index.php\/wp-json\/wp\/v2\/posts\/8590","targetHints":{"allow":["GET"]}}],"collection":[{"href":"https:\/\/lackman.com.br\/index.php\/wp-json\/wp\/v2\/posts"}],"about":[{"href":"https:\/\/lackman.com.br\/index.php\/wp-json\/wp\/v2\/types\/post"}],"author":[{"embeddable":true,"href":"https:\/\/lackman.com.br\/index.php\/wp-json\/wp\/v2\/users\/2"}],"replies":[{"embeddable":true,"href":"https:\/\/lackman.com.br\/index.php\/wp-json\/wp\/v2\/comments?post=8590"}],"version-history":[{"count":5,"href":"https:\/\/lackman.com.br\/index.php\/wp-json\/wp\/v2\/posts\/8590\/revisions"}],"predecessor-version":[{"id":8599,"href":"https:\/\/lackman.com.br\/index.php\/wp-json\/wp\/v2\/posts\/8590\/revisions\/8599"}],"wp:featuredmedia":[{"embeddable":true,"href":"https:\/\/lackman.com.br\/index.php\/wp-json\/wp\/v2\/media\/8596"}],"wp:attachment":[{"href":"https:\/\/lackman.com.br\/index.php\/wp-json\/wp\/v2\/media?parent=8590"}],"wp:term":[{"taxonomy":"category","embeddable":true,"href":"https:\/\/lackman.com.br\/index.php\/wp-json\/wp\/v2\/categories?post=8590"},{"taxonomy":"post_tag","embeddable":true,"href":"https:\/\/lackman.com.br\/index.php\/wp-json\/wp\/v2\/tags?post=8590"}],"curies":[{"name":"wp","href":"https:\/\/api.w.org\/{rel}","templated":true}]}}