{"id":8400,"date":"2025-02-15T14:50:10","date_gmt":"2025-02-15T17:50:10","guid":{"rendered":"https:\/\/lackman.com.br\/?p=8400"},"modified":"2025-02-18T14:58:01","modified_gmt":"2025-02-18T17:58:01","slug":"brasiliense-leva-sua-marca-para-a-europa","status":"publish","type":"post","link":"https:\/\/lackman.com.br\/index.php\/2025\/02\/15\/brasiliense-leva-sua-marca-para-a-europa\/","title":{"rendered":"Brasiliense leva sua marca para a Europa"},"content":{"rendered":"<h5 class=\"p1\"><strong><em><span style=\"font-size: 16px; -webkit-text-size-adjust: 100%;\">Isadora Maia leva sua marca de quimonos para fazer neg\u00f3cios em Portugal<\/span><\/em><\/strong><\/h5>\n<p class=\"p1\"><span class=\"s1\">Brasiliense que criou e lidera a marca Meu Kim\u00f4, Isadora Maia, desembarcou em terras lusitanas para uma a\u00e7\u00e3o estrat\u00e9gica de expans\u00e3o internacional. Seu objetivo \u00e9 inserir sua empresa no mercado comum europeu, a partir de Portugal.<\/span><\/p>\n<figure id=\"attachment_8406\" aria-describedby=\"caption-attachment-8406\" style=\"width: 1024px\" class=\"wp-caption aligncenter\"><img fetchpriority=\"high\" decoding=\"async\" class=\"wp-image-8406 size-large\" src=\"http:\/\/lackman.com.br\/wp-content\/uploads\/2025\/02\/5ee6c5ee-9d8f-4065-8058-3448cf087948-1024x682.jpeg\" alt=\"\" width=\"1024\" height=\"682\" srcset=\"https:\/\/lackman.com.br\/wp-content\/uploads\/2025\/02\/5ee6c5ee-9d8f-4065-8058-3448cf087948-1024x682.jpeg 1024w, https:\/\/lackman.com.br\/wp-content\/uploads\/2025\/02\/5ee6c5ee-9d8f-4065-8058-3448cf087948-300x200.jpeg 300w, https:\/\/lackman.com.br\/wp-content\/uploads\/2025\/02\/5ee6c5ee-9d8f-4065-8058-3448cf087948-768x512.jpeg 768w, https:\/\/lackman.com.br\/wp-content\/uploads\/2025\/02\/5ee6c5ee-9d8f-4065-8058-3448cf087948.jpeg 1280w\" sizes=\"(max-width: 1024px) 100vw, 1024px\" \/><figcaption id=\"caption-attachment-8406\" class=\"wp-caption-text\"><strong> Em sua grife, ela produz estampas autorais em tecidos fluidos, e converte as cria\u00e7\u00f5es em roupas e objetos para decora\u00e7\u00e3o. <\/strong><\/figcaption><\/figure>\n<p class=\"p1\"><span class=\"s1\">Com uma agenda intensa, a brasiliense ter\u00e1 reuni\u00f5es com potenciais compradores, ir\u00e1 visitar endere\u00e7os para instalar uma pop-up store no pr\u00f3ximo ver\u00e3o europeu e ser\u00e1 homenageada com um evento de apresenta\u00e7\u00e3o de seus produtos, no tradicional bairro do Chiado, em Lisboa. <\/span><\/p>\n<p class=\"p1\"><span class=\"s1\">A apresenta\u00e7\u00e3o da cole\u00e7\u00e3o se dar\u00e1 na Galeria Re\/Max Collection Siim Group, na badalada Rua do Alecrim, em Lisboa. A iniciativa marca a estreia do programa Brasil Cultural, criado pela multinacional do setor imobili\u00e1rio SiimGroup, com o prop\u00f3sito de intensificar as alian\u00e7as culturais luso-brasileiras. <\/span><\/p>\n<h4 class=\"p1\"><span class=\"s1\"><strong>Imers\u00e3o na Ilha da Madeira<\/strong><\/span><\/h4>\n<p class=\"p1\"><span class=\"s1\">No dia 21 de fevereiro, a artista\/estilista segue para uma imers\u00e3o na Ilha da Madeira. Ser\u00e1 recepcionada pela InvestMadeira, para conhecer o potencial empresarial que por dez anos conquista o t\u00edtulo de melhor destino insular do planeta, pelo WTA \u2013 World Travel Awards. A miss\u00e3o de neg\u00f3cios internacionais foi organizada pela Engenho Comunica\u00e7\u00e3o, sob a coordena\u00e7\u00e3o de sua diretora, K\u00e1tia Cubel.<\/span><\/p>\n<hr \/>\n<pre>Fotos: Divulga\u00e7\u00e3o<\/pre>\n","protected":false},"excerpt":{"rendered":"<p>Isadora Maia leva sua marca de quimonos para fazer neg\u00f3cios em Portugal Brasiliense que criou e lidera a marca Meu Kim\u00f4, Isadora Maia, desembarcou em terras lusitanas para uma a\u00e7\u00e3o estrat\u00e9gica de expans\u00e3o internacional. Seu objetivo \u00e9 inserir sua empresa no mercado comum europeu, a partir de Portugal. Com uma agenda intensa, a brasiliense ter\u00e1 reuni\u00f5es com potenciais compradores, ir\u00e1 visitar endere\u00e7os para instalar uma pop-up store no pr\u00f3ximo ver\u00e3o europeu e ser\u00e1 homenageada com um evento de apresenta\u00e7\u00e3o de seus produtos, no tradicional bairro do Chiado, em Lisboa. A apresenta\u00e7\u00e3o da cole\u00e7\u00e3o se dar\u00e1 na Galeria Re\/Max Collection Siim Group, na badalada Rua do Alecrim, em Lisboa. A iniciativa marca a estreia do programa Brasil Cultural, criado pela multinacional do setor imobili\u00e1rio SiimGroup, com o prop\u00f3sito de intensificar as alian\u00e7as culturais luso-brasileiras. Imers\u00e3o na Ilha da Madeira No dia 21 de fevereiro, a artista\/estilista segue para uma imers\u00e3o na Ilha da Madeira. Ser\u00e1 recepcionada pela InvestMadeira, para conhecer o potencial empresarial que por dez anos conquista o t\u00edtulo de melhor destino insular do planeta, pelo WTA \u2013 World Travel Awards. A miss\u00e3o de neg\u00f3cios internacionais foi organizada pela Engenho Comunica\u00e7\u00e3o, sob a coordena\u00e7\u00e3o de sua diretora, K\u00e1tia Cubel. Fotos: Divulga\u00e7\u00e3o<\/p>\n","protected":false},"author":2,"featured_media":8410,"comment_status":"closed","ping_status":"open","sticky":false,"template":"","format":"standard","meta":{"site-sidebar-layout":"default","site-content-layout":"","ast-site-content-layout":"default","site-content-style":"default","site-sidebar-style":"default","ast-global-header-display":"","ast-banner-title-visibility":"","ast-main-header-display":"","ast-hfb-above-header-display":"","ast-hfb-below-header-display":"","ast-hfb-mobile-header-display":"","site-post-title":"","ast-breadcrumbs-content":"","ast-featured-img":"","footer-sml-layout":"","ast-disable-related-posts":"","theme-transparent-header-meta":"default","adv-header-id-meta":"","stick-header-meta":"","header-above-stick-meta":"","header-main-stick-meta":"","header-below-stick-meta":"","astra-migrate-meta-layouts":"set","ast-page-background-enabled":"default","ast-page-background-meta":{"desktop":{"background-color":"","background-image":"","background-repeat":"repeat","background-position":"center center","background-size":"auto","background-attachment":"scroll","background-type":"","background-media":"","overlay-type":"","overlay-color":"","overlay-opacity":"","overlay-gradient":""},"tablet":{"background-color":"","background-image":"","background-repeat":"repeat","background-position":"center center","background-size":"auto","background-attachment":"scroll","background-type":"","background-media":"","overlay-type":"","overlay-color":"","overlay-opacity":"","overlay-gradient":""},"mobile":{"background-color":"","background-image":"","background-repeat":"repeat","background-position":"center center","background-size":"auto","background-attachment":"scroll","background-type":"","background-media":"","overlay-type":"","overlay-color":"","overlay-opacity":"","overlay-gradient":""}},"ast-content-background-meta":{"desktop":{"background-color":"var(--ast-global-color-5)","background-image":"","background-repeat":"repeat","background-position":"center center","background-size":"auto","background-attachment":"scroll","background-type":"","background-media":"","overlay-type":"","overlay-color":"","overlay-opacity":"","overlay-gradient":""},"tablet":{"background-color":"var(--ast-global-color-5)","background-image":"","background-repeat":"repeat","background-position":"center center","background-size":"auto","background-attachment":"scroll","background-type":"","background-media":"","overlay-type":"","overlay-color":"","overlay-opacity":"","overlay-gradient":""},"mobile":{"background-color":"var(--ast-global-color-5)","background-image":"","background-repeat":"repeat","background-position":"center center","background-size":"auto","background-attachment":"scroll","background-type":"","background-media":"","overlay-type":"","overlay-color":"","overlay-opacity":"","overlay-gradient":""}},"footnotes":""},"categories":[39,35],"tags":[1798,147,158,53,698,195,1173,1797,59,1278,1796],"class_list":["post-8400","post","type-post","status-publish","format-standard","has-post-thumbnail","hentry","category-em-alta","category-moda","tag-art","tag-arte","tag-brasiliense","tag-bsb","tag-europa","tag-fashion","tag-isadora-maia","tag-lisboa","tag-moda","tag-moda-autoral","tag-portugal"],"yoast_head":"<!-- This site is optimized with the Yoast SEO plugin v27.0 - https:\/\/yoast.com\/product\/yoast-seo-wordpress\/ -->\n<title>Brasiliense leva sua marca para a Europa - LACKMAN &amp; CO.<\/title>\n<meta name=\"robots\" content=\"index, follow, max-snippet:-1, max-image-preview:large, max-video-preview:-1\" \/>\n<link rel=\"canonical\" href=\"https:\/\/lackman.com.br\/index.php\/2025\/02\/15\/brasiliense-leva-sua-marca-para-a-europa\/\" \/>\n<meta property=\"og:locale\" content=\"pt_BR\" \/>\n<meta property=\"og:type\" content=\"article\" \/>\n<meta property=\"og:title\" content=\"Brasiliense leva sua marca para a Europa - LACKMAN &amp; CO.\" \/>\n<meta property=\"og:description\" content=\"Isadora Maia leva sua marca de quimonos para fazer neg\u00f3cios em Portugal Brasiliense que criou e lidera a marca Meu Kim\u00f4, Isadora Maia, desembarcou em terras lusitanas para uma a\u00e7\u00e3o estrat\u00e9gica de expans\u00e3o internacional. Seu objetivo \u00e9 inserir sua empresa no mercado comum europeu, a partir de Portugal. Com uma agenda intensa, a brasiliense ter\u00e1 reuni\u00f5es com potenciais compradores, ir\u00e1 visitar endere\u00e7os para instalar uma pop-up store no pr\u00f3ximo ver\u00e3o europeu e ser\u00e1 homenageada com um evento de apresenta\u00e7\u00e3o de seus produtos, no tradicional bairro do Chiado, em Lisboa. A apresenta\u00e7\u00e3o da cole\u00e7\u00e3o se dar\u00e1 na Galeria Re\/Max Collection Siim Group, na badalada Rua do Alecrim, em Lisboa. A iniciativa marca a estreia do programa Brasil Cultural, criado pela multinacional do setor imobili\u00e1rio SiimGroup, com o prop\u00f3sito de intensificar as alian\u00e7as culturais luso-brasileiras. Imers\u00e3o na Ilha da Madeira No dia 21 de fevereiro, a artista\/estilista segue para uma imers\u00e3o na Ilha da Madeira. Ser\u00e1 recepcionada pela InvestMadeira, para conhecer o potencial empresarial que por dez anos conquista o t\u00edtulo de melhor destino insular do planeta, pelo WTA \u2013 World Travel Awards. A miss\u00e3o de neg\u00f3cios internacionais foi organizada pela Engenho Comunica\u00e7\u00e3o, sob a coordena\u00e7\u00e3o de sua diretora, K\u00e1tia Cubel. Fotos: Divulga\u00e7\u00e3o\" \/>\n<meta property=\"og:url\" content=\"https:\/\/lackman.com.br\/index.php\/2025\/02\/15\/brasiliense-leva-sua-marca-para-a-europa\/\" \/>\n<meta property=\"og:site_name\" content=\"LACKMAN &amp; CO.\" \/>\n<meta property=\"article:author\" content=\"https:\/\/www.facebook.com\/fernandolackman\" \/>\n<meta property=\"article:published_time\" content=\"2025-02-15T17:50:10+00:00\" \/>\n<meta property=\"article:modified_time\" content=\"2025-02-18T17:58:01+00:00\" \/>\n<meta property=\"og:image\" content=\"http:\/\/lackman.com.br\/wp-content\/uploads\/2025\/02\/IMG_2821.jpeg\" \/>\n\t<meta property=\"og:image:width\" content=\"1984\" \/>\n\t<meta property=\"og:image:height\" content=\"2438\" \/>\n\t<meta property=\"og:image:type\" content=\"image\/jpeg\" \/>\n<meta name=\"author\" content=\"Fernando Lackman\" \/>\n<meta name=\"twitter:card\" content=\"summary_large_image\" \/>\n<meta name=\"twitter:creator\" content=\"@fernandolackman\" \/>\n<meta name=\"twitter:label1\" content=\"Escrito por\" \/>\n\t<meta name=\"twitter:data1\" content=\"Fernando Lackman\" \/>\n\t<meta name=\"twitter:label2\" content=\"Est. tempo de leitura\" \/>\n\t<meta name=\"twitter:data2\" content=\"2 minutos\" \/>\n<script type=\"application\/ld+json\" class=\"yoast-schema-graph\">{\"@context\":\"https:\/\/schema.org\",\"@graph\":[{\"@type\":\"Article\",\"@id\":\"https:\/\/lackman.com.br\/index.php\/2025\/02\/15\/brasiliense-leva-sua-marca-para-a-europa\/#article\",\"isPartOf\":{\"@id\":\"https:\/\/lackman.com.br\/index.php\/2025\/02\/15\/brasiliense-leva-sua-marca-para-a-europa\/\"},\"author\":{\"name\":\"Fernando Lackman\",\"@id\":\"https:\/\/lackman.com.br\/#\/schema\/person\/dbfb3fbfc55f2b0bd4f9039696e70858\"},\"headline\":\"Brasiliense leva sua marca para a Europa\",\"datePublished\":\"2025-02-15T17:50:10+00:00\",\"dateModified\":\"2025-02-18T17:58:01+00:00\",\"mainEntityOfPage\":{\"@id\":\"https:\/\/lackman.com.br\/index.php\/2025\/02\/15\/brasiliense-leva-sua-marca-para-a-europa\/\"},\"wordCount\":256,\"publisher\":{\"@id\":\"https:\/\/lackman.com.br\/#organization\"},\"image\":{\"@id\":\"https:\/\/lackman.com.br\/index.php\/2025\/02\/15\/brasiliense-leva-sua-marca-para-a-europa\/#primaryimage\"},\"thumbnailUrl\":\"https:\/\/lackman.com.br\/wp-content\/uploads\/2025\/02\/IMG_2821.jpeg\",\"keywords\":[\"Art\",\"Arte\",\"brasiliense\",\"bsb\",\"europa\",\"fashion\",\"Isadora Maia\",\"Lisboa\",\"Moda\",\"Moda Autoral\",\"Portugal\"],\"articleSection\":[\"Em alta\",\"Moda\"],\"inLanguage\":\"pt-BR\"},{\"@type\":\"WebPage\",\"@id\":\"https:\/\/lackman.com.br\/index.php\/2025\/02\/15\/brasiliense-leva-sua-marca-para-a-europa\/\",\"url\":\"https:\/\/lackman.com.br\/index.php\/2025\/02\/15\/brasiliense-leva-sua-marca-para-a-europa\/\",\"name\":\"Brasiliense leva sua marca para a Europa - LACKMAN &amp; CO.\",\"isPartOf\":{\"@id\":\"https:\/\/lackman.com.br\/#website\"},\"primaryImageOfPage\":{\"@id\":\"https:\/\/lackman.com.br\/index.php\/2025\/02\/15\/brasiliense-leva-sua-marca-para-a-europa\/#primaryimage\"},\"image\":{\"@id\":\"https:\/\/lackman.com.br\/index.php\/2025\/02\/15\/brasiliense-leva-sua-marca-para-a-europa\/#primaryimage\"},\"thumbnailUrl\":\"https:\/\/lackman.com.br\/wp-content\/uploads\/2025\/02\/IMG_2821.jpeg\",\"datePublished\":\"2025-02-15T17:50:10+00:00\",\"dateModified\":\"2025-02-18T17:58:01+00:00\",\"breadcrumb\":{\"@id\":\"https:\/\/lackman.com.br\/index.php\/2025\/02\/15\/brasiliense-leva-sua-marca-para-a-europa\/#breadcrumb\"},\"inLanguage\":\"pt-BR\",\"potentialAction\":[{\"@type\":\"ReadAction\",\"target\":[\"https:\/\/lackman.com.br\/index.php\/2025\/02\/15\/brasiliense-leva-sua-marca-para-a-europa\/\"]}]},{\"@type\":\"ImageObject\",\"inLanguage\":\"pt-BR\",\"@id\":\"https:\/\/lackman.com.br\/index.php\/2025\/02\/15\/brasiliense-leva-sua-marca-para-a-europa\/#primaryimage\",\"url\":\"https:\/\/lackman.com.br\/wp-content\/uploads\/2025\/02\/IMG_2821.jpeg\",\"contentUrl\":\"https:\/\/lackman.com.br\/wp-content\/uploads\/2025\/02\/IMG_2821.jpeg\",\"width\":1984,\"height\":2438},{\"@type\":\"BreadcrumbList\",\"@id\":\"https:\/\/lackman.com.br\/index.php\/2025\/02\/15\/brasiliense-leva-sua-marca-para-a-europa\/#breadcrumb\",\"itemListElement\":[{\"@type\":\"ListItem\",\"position\":1,\"name\":\"In\u00edcio\",\"item\":\"https:\/\/lackman.com.br\/\"},{\"@type\":\"ListItem\",\"position\":2,\"name\":\"Brasiliense leva sua marca para a Europa\"}]},{\"@type\":\"WebSite\",\"@id\":\"https:\/\/lackman.com.br\/#website\",\"url\":\"https:\/\/lackman.com.br\/\",\"name\":\"LACKMAN &amp; CO.\",\"description\":\"VIDA | MODA | ARTE\",\"publisher\":{\"@id\":\"https:\/\/lackman.com.br\/#organization\"},\"potentialAction\":[{\"@type\":\"SearchAction\",\"target\":{\"@type\":\"EntryPoint\",\"urlTemplate\":\"https:\/\/lackman.com.br\/?s={search_term_string}\"},\"query-input\":{\"@type\":\"PropertyValueSpecification\",\"valueRequired\":true,\"valueName\":\"search_term_string\"}}],\"inLanguage\":\"pt-BR\"},{\"@type\":\"Organization\",\"@id\":\"https:\/\/lackman.com.br\/#organization\",\"name\":\"LACKMAN &amp; CO.\",\"url\":\"https:\/\/lackman.com.br\/\",\"logo\":{\"@type\":\"ImageObject\",\"inLanguage\":\"pt-BR\",\"@id\":\"https:\/\/lackman.com.br\/#\/schema\/logo\/image\/\",\"url\":\"https:\/\/lackman.com.br\/wp-content\/uploads\/2023\/06\/Logotipo_preto-1.png\",\"contentUrl\":\"https:\/\/lackman.com.br\/wp-content\/uploads\/2023\/06\/Logotipo_preto-1.png\",\"width\":739,\"height\":393,\"caption\":\"LACKMAN &amp; CO.\"},\"image\":{\"@id\":\"https:\/\/lackman.com.br\/#\/schema\/logo\/image\/\"}},{\"@type\":\"Person\",\"@id\":\"https:\/\/lackman.com.br\/#\/schema\/person\/dbfb3fbfc55f2b0bd4f9039696e70858\",\"name\":\"Fernando Lackman\",\"image\":{\"@type\":\"ImageObject\",\"inLanguage\":\"pt-BR\",\"@id\":\"https:\/\/lackman.com.br\/#\/schema\/person\/image\/\",\"url\":\"https:\/\/secure.gravatar.com\/avatar\/ae7993150af197e66480c8a769891833dd2b8d809f0d9ff3f25af796cf378ce8?s=96&d=mm&r=g\",\"contentUrl\":\"https:\/\/secure.gravatar.com\/avatar\/ae7993150af197e66480c8a769891833dd2b8d809f0d9ff3f25af796cf378ce8?s=96&d=mm&r=g\",\"caption\":\"Fernando Lackman\"},\"description\":\"Fernando Lackman \u00e9 jornalista especializado em Moda e Cultura, editor do site LACKMAN.com.br. \u00c9 autor do livro Bras\u00edlia Capital dos Criadores, que conta a hist\u00f3ria da moda no Distrito Federal. Tem em seu curr\u00edculo assinatura de dire\u00e7\u00e3o criativa e de desfiles em eventos como Estilo DF Plaza, Summer Collections, JK Street Fashion, Desfile Beleza Negra (DBN), PicniK Fashion Show, Vogue Fashion\u2019s Night Out Bras\u00edlia, entre outros. Foi diretor criativo do extinto Capital Fashion Week. Atualmente trabalha na dire\u00e7\u00e3o criativa de eventos como Top CUFA, BSB Fashion Street, Bras\u00edlia Fashion House, Ateli\u00ea Bras\u00edlia e Goi\u00e1s Fashion Week.\",\"sameAs\":[\"https:\/\/lackman.com.br\/\",\"https:\/\/www.facebook.com\/fernandolackman\",\"https:\/\/www.instagram.com\/fernandolackman\/\",\"https:\/\/www.linkedin.com\/in\/fernando-lackman\/\",\"https:\/\/br.pinterest.com\/fernandolackman\/\",\"https:\/\/x.com\/fernandolackman\"],\"url\":\"https:\/\/lackman.com.br\/index.php\/author\/fernando-lackman\/\"}]}<\/script>\n<!-- \/ Yoast SEO plugin. -->","yoast_head_json":{"title":"Brasiliense leva sua marca para a Europa - LACKMAN &amp; CO.","robots":{"index":"index","follow":"follow","max-snippet":"max-snippet:-1","max-image-preview":"max-image-preview:large","max-video-preview":"max-video-preview:-1"},"canonical":"https:\/\/lackman.com.br\/index.php\/2025\/02\/15\/brasiliense-leva-sua-marca-para-a-europa\/","og_locale":"pt_BR","og_type":"article","og_title":"Brasiliense leva sua marca para a Europa - LACKMAN &amp; CO.","og_description":"Isadora Maia leva sua marca de quimonos para fazer neg\u00f3cios em Portugal Brasiliense que criou e lidera a marca Meu Kim\u00f4, Isadora Maia, desembarcou em terras lusitanas para uma a\u00e7\u00e3o estrat\u00e9gica de expans\u00e3o internacional. Seu objetivo \u00e9 inserir sua empresa no mercado comum europeu, a partir de Portugal. Com uma agenda intensa, a brasiliense ter\u00e1 reuni\u00f5es com potenciais compradores, ir\u00e1 visitar endere\u00e7os para instalar uma pop-up store no pr\u00f3ximo ver\u00e3o europeu e ser\u00e1 homenageada com um evento de apresenta\u00e7\u00e3o de seus produtos, no tradicional bairro do Chiado, em Lisboa. A apresenta\u00e7\u00e3o da cole\u00e7\u00e3o se dar\u00e1 na Galeria Re\/Max Collection Siim Group, na badalada Rua do Alecrim, em Lisboa. A iniciativa marca a estreia do programa Brasil Cultural, criado pela multinacional do setor imobili\u00e1rio SiimGroup, com o prop\u00f3sito de intensificar as alian\u00e7as culturais luso-brasileiras. Imers\u00e3o na Ilha da Madeira No dia 21 de fevereiro, a artista\/estilista segue para uma imers\u00e3o na Ilha da Madeira. Ser\u00e1 recepcionada pela InvestMadeira, para conhecer o potencial empresarial que por dez anos conquista o t\u00edtulo de melhor destino insular do planeta, pelo WTA \u2013 World Travel Awards. A miss\u00e3o de neg\u00f3cios internacionais foi organizada pela Engenho Comunica\u00e7\u00e3o, sob a coordena\u00e7\u00e3o de sua diretora, K\u00e1tia Cubel. Fotos: Divulga\u00e7\u00e3o","og_url":"https:\/\/lackman.com.br\/index.php\/2025\/02\/15\/brasiliense-leva-sua-marca-para-a-europa\/","og_site_name":"LACKMAN &amp; CO.","article_author":"https:\/\/www.facebook.com\/fernandolackman","article_published_time":"2025-02-15T17:50:10+00:00","article_modified_time":"2025-02-18T17:58:01+00:00","og_image":[{"width":1984,"height":2438,"url":"http:\/\/lackman.com.br\/wp-content\/uploads\/2025\/02\/IMG_2821.jpeg","type":"image\/jpeg"}],"author":"Fernando Lackman","twitter_card":"summary_large_image","twitter_creator":"@fernandolackman","twitter_misc":{"Escrito por":"Fernando Lackman","Est. tempo de leitura":"2 minutos"},"schema":{"@context":"https:\/\/schema.org","@graph":[{"@type":"Article","@id":"https:\/\/lackman.com.br\/index.php\/2025\/02\/15\/brasiliense-leva-sua-marca-para-a-europa\/#article","isPartOf":{"@id":"https:\/\/lackman.com.br\/index.php\/2025\/02\/15\/brasiliense-leva-sua-marca-para-a-europa\/"},"author":{"name":"Fernando Lackman","@id":"https:\/\/lackman.com.br\/#\/schema\/person\/dbfb3fbfc55f2b0bd4f9039696e70858"},"headline":"Brasiliense leva sua marca para a Europa","datePublished":"2025-02-15T17:50:10+00:00","dateModified":"2025-02-18T17:58:01+00:00","mainEntityOfPage":{"@id":"https:\/\/lackman.com.br\/index.php\/2025\/02\/15\/brasiliense-leva-sua-marca-para-a-europa\/"},"wordCount":256,"publisher":{"@id":"https:\/\/lackman.com.br\/#organization"},"image":{"@id":"https:\/\/lackman.com.br\/index.php\/2025\/02\/15\/brasiliense-leva-sua-marca-para-a-europa\/#primaryimage"},"thumbnailUrl":"https:\/\/lackman.com.br\/wp-content\/uploads\/2025\/02\/IMG_2821.jpeg","keywords":["Art","Arte","brasiliense","bsb","europa","fashion","Isadora Maia","Lisboa","Moda","Moda Autoral","Portugal"],"articleSection":["Em alta","Moda"],"inLanguage":"pt-BR"},{"@type":"WebPage","@id":"https:\/\/lackman.com.br\/index.php\/2025\/02\/15\/brasiliense-leva-sua-marca-para-a-europa\/","url":"https:\/\/lackman.com.br\/index.php\/2025\/02\/15\/brasiliense-leva-sua-marca-para-a-europa\/","name":"Brasiliense leva sua marca para a Europa - LACKMAN &amp; CO.","isPartOf":{"@id":"https:\/\/lackman.com.br\/#website"},"primaryImageOfPage":{"@id":"https:\/\/lackman.com.br\/index.php\/2025\/02\/15\/brasiliense-leva-sua-marca-para-a-europa\/#primaryimage"},"image":{"@id":"https:\/\/lackman.com.br\/index.php\/2025\/02\/15\/brasiliense-leva-sua-marca-para-a-europa\/#primaryimage"},"thumbnailUrl":"https:\/\/lackman.com.br\/wp-content\/uploads\/2025\/02\/IMG_2821.jpeg","datePublished":"2025-02-15T17:50:10+00:00","dateModified":"2025-02-18T17:58:01+00:00","breadcrumb":{"@id":"https:\/\/lackman.com.br\/index.php\/2025\/02\/15\/brasiliense-leva-sua-marca-para-a-europa\/#breadcrumb"},"inLanguage":"pt-BR","potentialAction":[{"@type":"ReadAction","target":["https:\/\/lackman.com.br\/index.php\/2025\/02\/15\/brasiliense-leva-sua-marca-para-a-europa\/"]}]},{"@type":"ImageObject","inLanguage":"pt-BR","@id":"https:\/\/lackman.com.br\/index.php\/2025\/02\/15\/brasiliense-leva-sua-marca-para-a-europa\/#primaryimage","url":"https:\/\/lackman.com.br\/wp-content\/uploads\/2025\/02\/IMG_2821.jpeg","contentUrl":"https:\/\/lackman.com.br\/wp-content\/uploads\/2025\/02\/IMG_2821.jpeg","width":1984,"height":2438},{"@type":"BreadcrumbList","@id":"https:\/\/lackman.com.br\/index.php\/2025\/02\/15\/brasiliense-leva-sua-marca-para-a-europa\/#breadcrumb","itemListElement":[{"@type":"ListItem","position":1,"name":"In\u00edcio","item":"https:\/\/lackman.com.br\/"},{"@type":"ListItem","position":2,"name":"Brasiliense leva sua marca para a Europa"}]},{"@type":"WebSite","@id":"https:\/\/lackman.com.br\/#website","url":"https:\/\/lackman.com.br\/","name":"LACKMAN &amp; CO.","description":"VIDA | MODA | ARTE","publisher":{"@id":"https:\/\/lackman.com.br\/#organization"},"potentialAction":[{"@type":"SearchAction","target":{"@type":"EntryPoint","urlTemplate":"https:\/\/lackman.com.br\/?s={search_term_string}"},"query-input":{"@type":"PropertyValueSpecification","valueRequired":true,"valueName":"search_term_string"}}],"inLanguage":"pt-BR"},{"@type":"Organization","@id":"https:\/\/lackman.com.br\/#organization","name":"LACKMAN &amp; CO.","url":"https:\/\/lackman.com.br\/","logo":{"@type":"ImageObject","inLanguage":"pt-BR","@id":"https:\/\/lackman.com.br\/#\/schema\/logo\/image\/","url":"https:\/\/lackman.com.br\/wp-content\/uploads\/2023\/06\/Logotipo_preto-1.png","contentUrl":"https:\/\/lackman.com.br\/wp-content\/uploads\/2023\/06\/Logotipo_preto-1.png","width":739,"height":393,"caption":"LACKMAN &amp; CO."},"image":{"@id":"https:\/\/lackman.com.br\/#\/schema\/logo\/image\/"}},{"@type":"Person","@id":"https:\/\/lackman.com.br\/#\/schema\/person\/dbfb3fbfc55f2b0bd4f9039696e70858","name":"Fernando Lackman","image":{"@type":"ImageObject","inLanguage":"pt-BR","@id":"https:\/\/lackman.com.br\/#\/schema\/person\/image\/","url":"https:\/\/secure.gravatar.com\/avatar\/ae7993150af197e66480c8a769891833dd2b8d809f0d9ff3f25af796cf378ce8?s=96&d=mm&r=g","contentUrl":"https:\/\/secure.gravatar.com\/avatar\/ae7993150af197e66480c8a769891833dd2b8d809f0d9ff3f25af796cf378ce8?s=96&d=mm&r=g","caption":"Fernando Lackman"},"description":"Fernando Lackman \u00e9 jornalista especializado em Moda e Cultura, editor do site LACKMAN.com.br. \u00c9 autor do livro Bras\u00edlia Capital dos Criadores, que conta a hist\u00f3ria da moda no Distrito Federal. Tem em seu curr\u00edculo assinatura de dire\u00e7\u00e3o criativa e de desfiles em eventos como Estilo DF Plaza, Summer Collections, JK Street Fashion, Desfile Beleza Negra (DBN), PicniK Fashion Show, Vogue Fashion\u2019s Night Out Bras\u00edlia, entre outros. Foi diretor criativo do extinto Capital Fashion Week. Atualmente trabalha na dire\u00e7\u00e3o criativa de eventos como Top CUFA, BSB Fashion Street, Bras\u00edlia Fashion House, Ateli\u00ea Bras\u00edlia e Goi\u00e1s Fashion Week.","sameAs":["https:\/\/lackman.com.br\/","https:\/\/www.facebook.com\/fernandolackman","https:\/\/www.instagram.com\/fernandolackman\/","https:\/\/www.linkedin.com\/in\/fernando-lackman\/","https:\/\/br.pinterest.com\/fernandolackman\/","https:\/\/x.com\/fernandolackman"],"url":"https:\/\/lackman.com.br\/index.php\/author\/fernando-lackman\/"}]}},"rttpg_featured_image_url":{"full":["https:\/\/lackman.com.br\/wp-content\/uploads\/2025\/02\/IMG_2821.jpeg",1984,2438,false],"landscape":["https:\/\/lackman.com.br\/wp-content\/uploads\/2025\/02\/IMG_2821.jpeg",1984,2438,false],"portraits":["https:\/\/lackman.com.br\/wp-content\/uploads\/2025\/02\/IMG_2821.jpeg",1984,2438,false],"thumbnail":["https:\/\/lackman.com.br\/wp-content\/uploads\/2025\/02\/IMG_2821-150x150.jpeg",150,150,true],"medium":["https:\/\/lackman.com.br\/wp-content\/uploads\/2025\/02\/IMG_2821-244x300.jpeg",244,300,true],"large":["https:\/\/lackman.com.br\/wp-content\/uploads\/2025\/02\/IMG_2821-833x1024.jpeg",833,1024,true],"RoboGalleryMansoryImagesCenter":["https:\/\/lackman.com.br\/wp-content\/uploads\/2025\/02\/IMG_2821-600x1024.jpeg",600,1024,true],"RoboGalleryPreload":["https:\/\/lackman.com.br\/wp-content\/uploads\/2025\/02\/IMG_2821.jpeg",100,123,false],"1536x1536":["https:\/\/lackman.com.br\/wp-content\/uploads\/2025\/02\/IMG_2821-1250x1536.jpeg",1250,1536,true],"2048x2048":["https:\/\/lackman.com.br\/wp-content\/uploads\/2025\/02\/IMG_2821-1667x2048.jpeg",1667,2048,true]},"rttpg_author":{"display_name":"Fernando Lackman","author_link":"https:\/\/lackman.com.br\/index.php\/author\/fernando-lackman\/"},"rttpg_comment":0,"rttpg_category":"<a href=\"https:\/\/lackman.com.br\/index.php\/category\/moda\/em-alta\/\" rel=\"category tag\">Em alta<\/a> <a href=\"https:\/\/lackman.com.br\/index.php\/category\/moda\/\" rel=\"category tag\">Moda<\/a>","rttpg_excerpt":"Isadora Maia leva sua marca de quimonos para fazer neg\u00f3cios em Portugal Brasiliense que criou e lidera a marca Meu Kim\u00f4, Isadora Maia, desembarcou em terras lusitanas para uma a\u00e7\u00e3o estrat\u00e9gica de expans\u00e3o internacional. Seu objetivo \u00e9 inserir sua empresa no mercado comum europeu, a partir de Portugal. Com uma agenda intensa, a brasiliense ter\u00e1&hellip;","_links":{"self":[{"href":"https:\/\/lackman.com.br\/index.php\/wp-json\/wp\/v2\/posts\/8400","targetHints":{"allow":["GET"]}}],"collection":[{"href":"https:\/\/lackman.com.br\/index.php\/wp-json\/wp\/v2\/posts"}],"about":[{"href":"https:\/\/lackman.com.br\/index.php\/wp-json\/wp\/v2\/types\/post"}],"author":[{"embeddable":true,"href":"https:\/\/lackman.com.br\/index.php\/wp-json\/wp\/v2\/users\/2"}],"replies":[{"embeddable":true,"href":"https:\/\/lackman.com.br\/index.php\/wp-json\/wp\/v2\/comments?post=8400"}],"version-history":[{"count":1,"href":"https:\/\/lackman.com.br\/index.php\/wp-json\/wp\/v2\/posts\/8400\/revisions"}],"predecessor-version":[{"id":8407,"href":"https:\/\/lackman.com.br\/index.php\/wp-json\/wp\/v2\/posts\/8400\/revisions\/8407"}],"wp:featuredmedia":[{"embeddable":true,"href":"https:\/\/lackman.com.br\/index.php\/wp-json\/wp\/v2\/media\/8410"}],"wp:attachment":[{"href":"https:\/\/lackman.com.br\/index.php\/wp-json\/wp\/v2\/media?parent=8400"}],"wp:term":[{"taxonomy":"category","embeddable":true,"href":"https:\/\/lackman.com.br\/index.php\/wp-json\/wp\/v2\/categories?post=8400"},{"taxonomy":"post_tag","embeddable":true,"href":"https:\/\/lackman.com.br\/index.php\/wp-json\/wp\/v2\/tags?post=8400"}],"curies":[{"name":"wp","href":"https:\/\/api.w.org\/{rel}","templated":true}]}}