{"id":8311,"date":"2025-02-13T14:00:52","date_gmt":"2025-02-13T17:00:52","guid":{"rendered":"https:\/\/lackman.com.br\/?p=8311"},"modified":"2025-02-13T14:49:48","modified_gmt":"2025-02-13T17:49:48","slug":"festival-chefs-do-brasis","status":"publish","type":"post","link":"https:\/\/lackman.com.br\/index.php\/2025\/02\/13\/festival-chefs-do-brasis\/","title":{"rendered":"Festival Chefs do\u00a0Brasis"},"content":{"rendered":"<h5><strong><i><span style=\"font-size: large\">P\u00fablico poder\u00e1 degustar pratos de diversas regi\u00f5es do pa\u00eds, al\u00e9m de participar de palestras com chefs renomados.\u00a0<\/span><\/i><\/strong><\/h5>\n<p>&nbsp;<\/p>\n<figure id=\"attachment_8315\" aria-describedby=\"caption-attachment-8315\" style=\"width: 1080px\" class=\"wp-caption aligncenter\"><img fetchpriority=\"high\" decoding=\"async\" class=\"wp-image-8315 size-full\" src=\"http:\/\/lackman.com.br\/wp-content\/uploads\/2025\/02\/Snapinst.app_470634147_18455044315067166_1087497410810391621_n_1080.jpg\" alt=\"\" width=\"1080\" height=\"1350\" srcset=\"https:\/\/lackman.com.br\/wp-content\/uploads\/2025\/02\/Snapinst.app_470634147_18455044315067166_1087497410810391621_n_1080.jpg 1080w, https:\/\/lackman.com.br\/wp-content\/uploads\/2025\/02\/Snapinst.app_470634147_18455044315067166_1087497410810391621_n_1080-240x300.jpg 240w, https:\/\/lackman.com.br\/wp-content\/uploads\/2025\/02\/Snapinst.app_470634147_18455044315067166_1087497410810391621_n_1080-819x1024.jpg 819w, https:\/\/lackman.com.br\/wp-content\/uploads\/2025\/02\/Snapinst.app_470634147_18455044315067166_1087497410810391621_n_1080-768x960.jpg 768w\" sizes=\"(max-width: 1080px) 100vw, 1080px\" \/><figcaption id=\"caption-attachment-8315\" class=\"wp-caption-text\">Jimmy Ogro<\/figcaption><\/figure>\n<p style=\"text-align: justify\">Nos dias <strong>15 e 16 de fevereiro<\/strong>, Bras\u00edlia reunir\u00e1 grandes nomes da gastronomia nacional, para a primeira edi\u00e7\u00e3o do <strong>Festival Chefs do\u00a0<span class=\"il\">Brasis<\/span><\/strong>. O evento ser\u00e1 realizado no estacionamento do est\u00e1dio Man\u00e9 Garrincha, das <strong>12h30 \u00e0s 23h<\/strong>. Al\u00e9m de um passeio pela culin\u00e1ria nacional com mais de <strong>30 Chefs<\/strong> convidados, oferecer\u00e1 palestras e rodas de conversa com o objetivo de enriquecer e fomentar o empreendedorismo e o desenvolvimento do segmento na capital do pa\u00eds. O <strong>acesso \u00e9 gratuito<\/strong> e os <strong>pratos custar\u00e3o R$ 20, R$ 30 e R$ 40<\/strong>.<br \/>\nO Chefs do\u00a0<span class=\"il\">Brasis<\/span>\u00a0contar\u00e1 com diversas ilhas tem\u00e1ticas, onde o p\u00fablico ter\u00e1 a possibilidade de conhecer pratos preparados exclusivamente para o festival. Os espa\u00e7os ser\u00e3o distribu\u00eddos entre carnes e aves, massas e gr\u00e3os, vegetais, pescados e sobremesas. Os participantes tamb\u00e9m ter\u00e3o a possibilidade de acompanhar cria\u00e7\u00f5es em tempo real.<\/p>\n<p><img decoding=\"async\" class=\"wp-image-8313 size-full\" src=\"http:\/\/lackman.com.br\/wp-content\/uploads\/2025\/02\/Snapinst.app_450159005_18441725116048696_4853800868974219517_n_1080.jpg\" alt=\"\" width=\"1080\" height=\"1080\" srcset=\"https:\/\/lackman.com.br\/wp-content\/uploads\/2025\/02\/Snapinst.app_450159005_18441725116048696_4853800868974219517_n_1080.jpg 1080w, https:\/\/lackman.com.br\/wp-content\/uploads\/2025\/02\/Snapinst.app_450159005_18441725116048696_4853800868974219517_n_1080-300x300.jpg 300w, https:\/\/lackman.com.br\/wp-content\/uploads\/2025\/02\/Snapinst.app_450159005_18441725116048696_4853800868974219517_n_1080-1024x1024.jpg 1024w, https:\/\/lackman.com.br\/wp-content\/uploads\/2025\/02\/Snapinst.app_450159005_18441725116048696_4853800868974219517_n_1080-150x150.jpg 150w, https:\/\/lackman.com.br\/wp-content\/uploads\/2025\/02\/Snapinst.app_450159005_18441725116048696_4853800868974219517_n_1080-768x768.jpg 768w\" sizes=\"(max-width: 1080px) 100vw, 1080px\" \/><\/p>\n<p style=\"text-align: justify\">Para a chef anfitri\u00e3 e idealizadora do festival, <strong>Chef Di Oliveira<\/strong>, do\u00a0<span class=\"il\">Brasis<\/span>\u00a0Ateli\u00ea Gastron\u00f4mico, o evento traz atrativos tanto para profissionais quanto para o p\u00fablico em geral. \u201c<em>Bras\u00edlia \u00e9 uma cidade com grande voca\u00e7\u00e3o para a alta gastronomia. Aqui reunimos pessoas de todo o Brasil e do mundo. Mais que um festival gastron\u00f4mico, o Chefs do\u00a0<span class=\"il\">Brasis<\/span>\u00a0ser\u00e1 uma esp\u00e9cie de interc\u00e2mbio entre profissionais renomados e aqueles que est\u00e3o come\u00e7ando seu trabalho. Al\u00e9m de ser um espa\u00e7o incr\u00edvel para o p\u00fablico conhecer novos sabores<\/em>\u201d, destaca.<br \/>\n\u201c<em>A culin\u00e1ria une pessoas. O Chefs no\u00a0<span class=\"il\">Brasis<\/span>\u00a0tem esse objetivo, reunir talentos e celebrar a gastronomia. No card\u00e1pio, os chefs est\u00e3o preparando pratos que remetem \u00e0s suas mem\u00f3rias afetivas. Pratos que contam uma hist\u00f3ria. Tudo isso com muita m\u00fasica, ao lado de um templo da nossa cidade, que \u00e9 est\u00e1dio Man\u00e9 Garrincha<\/em>\u201d, completa Di Oliveira.<\/p>\n<figure id=\"attachment_8316\" aria-describedby=\"caption-attachment-8316\" style=\"width: 1080px\" class=\"wp-caption aligncenter\"><img decoding=\"async\" class=\"wp-image-8316 size-full\" src=\"http:\/\/lackman.com.br\/wp-content\/uploads\/2025\/02\/Snapinst.app_472209451_18477258205014385_7577734741995634128_n_1080.jpg\" alt=\"\" width=\"1080\" height=\"1350\" srcset=\"https:\/\/lackman.com.br\/wp-content\/uploads\/2025\/02\/Snapinst.app_472209451_18477258205014385_7577734741995634128_n_1080.jpg 1080w, https:\/\/lackman.com.br\/wp-content\/uploads\/2025\/02\/Snapinst.app_472209451_18477258205014385_7577734741995634128_n_1080-240x300.jpg 240w, https:\/\/lackman.com.br\/wp-content\/uploads\/2025\/02\/Snapinst.app_472209451_18477258205014385_7577734741995634128_n_1080-819x1024.jpg 819w, https:\/\/lackman.com.br\/wp-content\/uploads\/2025\/02\/Snapinst.app_472209451_18477258205014385_7577734741995634128_n_1080-768x960.jpg 768w\" sizes=\"(max-width: 1080px) 100vw, 1080px\" \/><figcaption id=\"caption-attachment-8316\" class=\"wp-caption-text\">Gil Guimar\u00e3es<\/figcaption><\/figure>\n<p style=\"text-align: justify\">A ideia do Festival surgiu a partir da experi\u00eancia da Chef Di Oliveira que, em 2023, reuniu diversos parceiros na cozinha do <span class=\"il\">Brasis<\/span>\u00a0Ateli\u00ea Gastron\u00f4mico, localizado no Lago Oeste-DF. O restaurante abriu suas portas em 2019 e oferece uma cozinha autoral contempor\u00e2nea, inspirada na diversidade da gastronomia brasileira, valorizando ingredientes org\u00e2nicos e oriundos das diversas regi\u00f5es do pa\u00eds, em um ambiente r\u00fastico e aconchegante.<br \/>\n<b>Chefs confirmados<\/b><br \/>\nDi Oliveira (DF), Jimmy Ogro (RJ), Danilo Felipe (DF), \u00cdcaro Rosa (RJ), Julia Almeida (DF), Jo\u00e3o Diamante (BA), Max Catolino (MG), Nay Branquinho (DF), Nyko Oliver, Paulo Rocha, Rom\u00e1rio Rodrigues (SP), Rodrigo Massoni (SP), Ticiana Werner (DF), Gil Guimar\u00e3es (DF), Eduardo Nicolau (DF), Luiz Alberto, Ieda Matos, Jennifer Aires e Paulino Lima.<\/p>\n<figure id=\"attachment_8314\" aria-describedby=\"caption-attachment-8314\" style=\"width: 1080px\" class=\"wp-caption aligncenter\"><img loading=\"lazy\" decoding=\"async\" class=\"wp-image-8314 size-full\" src=\"http:\/\/lackman.com.br\/wp-content\/uploads\/2025\/02\/Snapinst.app_475465192_1055769666593609_4278990519975479199_n_1080.jpg\" alt=\"\" width=\"1080\" height=\"1350\" srcset=\"https:\/\/lackman.com.br\/wp-content\/uploads\/2025\/02\/Snapinst.app_475465192_1055769666593609_4278990519975479199_n_1080.jpg 1080w, https:\/\/lackman.com.br\/wp-content\/uploads\/2025\/02\/Snapinst.app_475465192_1055769666593609_4278990519975479199_n_1080-240x300.jpg 240w, https:\/\/lackman.com.br\/wp-content\/uploads\/2025\/02\/Snapinst.app_475465192_1055769666593609_4278990519975479199_n_1080-819x1024.jpg 819w, https:\/\/lackman.com.br\/wp-content\/uploads\/2025\/02\/Snapinst.app_475465192_1055769666593609_4278990519975479199_n_1080-768x960.jpg 768w\" sizes=\"(max-width: 1080px) 100vw, 1080px\" \/><figcaption id=\"caption-attachment-8314\" class=\"wp-caption-text\">Ticiana Werner<\/figcaption><\/figure>\n<p style=\"text-align: justify\"><b>Palestras<\/b><br \/>\nA programa\u00e7\u00e3o do Chefs do <span class=\"il\">Brasis<\/span>\u00a0inclui uma s\u00e9rie de palestras com renomados chefs e empresas voltadas ao segmento gastron\u00f4mico. O p\u00fablico poder\u00e1 conhecer projetos de inclus\u00e3o por meio da gastronomia, como o Preto Gourmet, com Breno Cruz; as experi\u00eancias de Luccio Oliveira, presidente do Instituto Capim Santo; a experi\u00eancia de supera\u00e7\u00e3o do chef Jo\u00e3o Diamante e falar sobre empatia na cozinha com Sergei Fortes. Al\u00e9m de discuss\u00f5es com representantes do ABRASEL, da Schipper Brasil e da TotalServ.<br \/>\n<b>Contrapartida social<br \/>\n<\/b>Com o objetivo de fortalecer o desenvolvimento social, o Festival Chefs do <span class=\"il\">Brasis<\/span>\u00a0far\u00e1 a doa\u00e7\u00e3o de R$ 1 por cada prato vendido durante o evento. O Instituto Cafuringa, fundado pelo chef de cozinha Paulo Lima, ser\u00e1 a entidade beneficiada. A Organiza\u00e7\u00e3o N\u00e3o Governamental em defesa do meio ambiente e do combate ao fogo foi criada em 2019, ap\u00f3s seu fundador ter sobrevivido a um grande inc\u00eandio criminoso no Lago Oeste (DF). Paulinho, como \u00e9 conhecido, teve cerca de 50% do seu corpo queimado e achou que nunca mais iria\u00a0voltar a trabalhar. O chef \u00e9 um exemplo de supera\u00e7\u00e3o e de cidad\u00e3o.O festival Chefs do\u00a0<span class=\"il\">Brasis<\/span> ser\u00e1 realizado na Arena Man\u00e9 Garrincha, nos dias 15 e 16 de fevereiro. O acesso \u00e9 gratuito e funcionar\u00e1\u00a0 O evento \u00e9 realizado pelo Instituto Brasileiro de Integra\u00e7\u00e3o, com fomento da Secretaria de Desenvolvimento Econ\u00f4mico, Trabalho e Renda do Distrito Federal, e apoio do Sebrae-DF, Abrasel-DF, Schipper e TotalServ.<\/p>\n<p style=\"text-align: justify\"><em><strong>Quem vai?<\/strong><\/em><\/p>\n<p style=\"text-align: justify\"><em><strong>Festival Chefs do Brasis<\/strong> \/ Estacionamento do Est\u00e1dio Man\u00e9 Garrincha \/ 15 e 16 de fevereiro &#8211; 12h30 \u00e0s 23h \/ Entrada franca \/ Livre \/ Siga <a href=\"https:\/\/www.instagram.com\/chefsdobrasisfestival\/\">@chefsdobrasisfestival<\/a><\/em><\/p>\n<pre>Fotos: Reprodu\u00e7\u00e3o\/Instagram<\/pre>\n","protected":false},"excerpt":{"rendered":"<p>P\u00fablico poder\u00e1 degustar pratos de diversas regi\u00f5es do pa\u00eds, al\u00e9m de participar de palestras com chefs renomados.\u00a0 &nbsp; Nos dias 15 e 16 de fevereiro, Bras\u00edlia reunir\u00e1 grandes nomes da gastronomia nacional, para a primeira edi\u00e7\u00e3o do Festival Chefs do\u00a0Brasis. O evento ser\u00e1 realizado no estacionamento do est\u00e1dio Man\u00e9 Garrincha, das 12h30 \u00e0s 23h. Al\u00e9m de um passeio pela culin\u00e1ria nacional com mais de 30 Chefs convidados, oferecer\u00e1 palestras e rodas de conversa com o objetivo de enriquecer e fomentar o empreendedorismo e o desenvolvimento do segmento na capital do pa\u00eds. O acesso \u00e9 gratuito e os pratos custar\u00e3o R$ 20, R$ 30 e R$ 40. O Chefs do\u00a0Brasis\u00a0contar\u00e1 com diversas ilhas tem\u00e1ticas, onde o p\u00fablico ter\u00e1 a possibilidade de conhecer pratos preparados exclusivamente para o festival. Os espa\u00e7os ser\u00e3o distribu\u00eddos entre carnes e aves, massas e gr\u00e3os, vegetais, pescados e sobremesas. Os participantes tamb\u00e9m ter\u00e3o a possibilidade de acompanhar cria\u00e7\u00f5es em tempo real. Para a chef anfitri\u00e3 e idealizadora do festival, Chef Di Oliveira, do\u00a0Brasis\u00a0Ateli\u00ea Gastron\u00f4mico, o evento traz atrativos tanto para profissionais quanto para o p\u00fablico em geral. \u201cBras\u00edlia \u00e9 uma cidade com grande voca\u00e7\u00e3o para a alta gastronomia. Aqui reunimos pessoas de todo o Brasil e do mundo. Mais que um festival gastron\u00f4mico, o Chefs do\u00a0Brasis\u00a0ser\u00e1 uma esp\u00e9cie de interc\u00e2mbio entre profissionais renomados e aqueles que est\u00e3o come\u00e7ando seu trabalho. Al\u00e9m de ser um espa\u00e7o incr\u00edvel para o p\u00fablico conhecer novos sabores\u201d, destaca. \u201cA culin\u00e1ria une pessoas. O Chefs no\u00a0Brasis\u00a0tem esse objetivo, reunir talentos e celebrar a gastronomia. No card\u00e1pio, os chefs est\u00e3o preparando pratos que remetem \u00e0s suas mem\u00f3rias afetivas. Pratos que contam uma hist\u00f3ria. Tudo isso com muita m\u00fasica, ao lado de um templo da nossa cidade, que \u00e9 est\u00e1dio Man\u00e9 Garrincha\u201d, completa Di Oliveira. A ideia do Festival surgiu a partir da experi\u00eancia da Chef Di Oliveira que, em 2023, reuniu diversos parceiros na cozinha do Brasis\u00a0Ateli\u00ea Gastron\u00f4mico, localizado no Lago Oeste-DF. O restaurante abriu suas portas em 2019 e oferece uma cozinha autoral contempor\u00e2nea, inspirada na diversidade da gastronomia brasileira, valorizando ingredientes org\u00e2nicos e oriundos das diversas regi\u00f5es do pa\u00eds, em um ambiente r\u00fastico e aconchegante. Chefs confirmados Di Oliveira (DF), Jimmy Ogro (RJ), Danilo Felipe (DF), \u00cdcaro Rosa (RJ), Julia Almeida (DF), Jo\u00e3o Diamante (BA), Max Catolino (MG), Nay Branquinho (DF), Nyko Oliver, Paulo Rocha, Rom\u00e1rio Rodrigues (SP), Rodrigo Massoni (SP), Ticiana Werner (DF), Gil Guimar\u00e3es (DF), Eduardo Nicolau (DF), Luiz Alberto, Ieda Matos, Jennifer Aires e Paulino Lima. Palestras A programa\u00e7\u00e3o do Chefs do Brasis\u00a0inclui uma s\u00e9rie de palestras com renomados chefs e empresas voltadas ao segmento gastron\u00f4mico. O p\u00fablico poder\u00e1 conhecer projetos de inclus\u00e3o por meio da gastronomia, como o Preto Gourmet, com Breno Cruz; as experi\u00eancias de Luccio Oliveira, presidente do Instituto Capim Santo; a experi\u00eancia de supera\u00e7\u00e3o do chef Jo\u00e3o Diamante e falar sobre empatia na cozinha com Sergei Fortes. Al\u00e9m de discuss\u00f5es com representantes do ABRASEL, da Schipper Brasil e da TotalServ. Contrapartida social Com o objetivo de fortalecer o desenvolvimento social, o Festival Chefs do Brasis\u00a0far\u00e1 a doa\u00e7\u00e3o de R$ 1 por cada prato vendido durante o evento. O Instituto Cafuringa, fundado pelo chef de cozinha Paulo Lima, ser\u00e1 a entidade beneficiada. A Organiza\u00e7\u00e3o N\u00e3o Governamental em defesa do meio ambiente e do combate ao fogo foi criada em 2019, ap\u00f3s seu fundador ter sobrevivido a um grande inc\u00eandio criminoso no Lago Oeste (DF). Paulinho, como \u00e9 conhecido, teve cerca de 50% do seu corpo queimado e achou que nunca mais iria\u00a0voltar a trabalhar. O chef \u00e9 um exemplo de supera\u00e7\u00e3o e de cidad\u00e3o.O festival Chefs do\u00a0Brasis ser\u00e1 realizado na Arena Man\u00e9 Garrincha, nos dias 15 e 16 de fevereiro. O acesso \u00e9 gratuito e funcionar\u00e1\u00a0 O evento \u00e9 realizado pelo Instituto Brasileiro de Integra\u00e7\u00e3o, com fomento da Secretaria de Desenvolvimento Econ\u00f4mico, Trabalho e Renda do Distrito Federal, e apoio do Sebrae-DF, Abrasel-DF, Schipper e TotalServ. Quem vai? Festival Chefs do Brasis \/ Estacionamento do Est\u00e1dio Man\u00e9 Garrincha \/ 15 e 16 de fevereiro &#8211; 12h30 \u00e0s 23h \/ Entrada franca \/ Livre \/ Siga @chefsdobrasisfestival Fotos: Reprodu\u00e7\u00e3o\/Instagram<\/p>\n","protected":false},"author":6,"featured_media":8312,"comment_status":"closed","ping_status":"open","sticky":false,"template":"","format":"standard","meta":{"site-sidebar-layout":"default","site-content-layout":"","ast-site-content-layout":"default","site-content-style":"default","site-sidebar-style":"default","ast-global-header-display":"","ast-banner-title-visibility":"","ast-main-header-display":"","ast-hfb-above-header-display":"","ast-hfb-below-header-display":"","ast-hfb-mobile-header-display":"","site-post-title":"","ast-breadcrumbs-content":"","ast-featured-img":"","footer-sml-layout":"","ast-disable-related-posts":"","theme-transparent-header-meta":"default","adv-header-id-meta":"","stick-header-meta":"","header-above-stick-meta":"","header-main-stick-meta":"","header-below-stick-meta":"","astra-migrate-meta-layouts":"set","ast-page-background-enabled":"default","ast-page-background-meta":{"desktop":{"background-color":"","background-image":"","background-repeat":"repeat","background-position":"center center","background-size":"auto","background-attachment":"scroll","background-type":"","background-media":"","overlay-type":"","overlay-color":"","overlay-opacity":"","overlay-gradient":""},"tablet":{"background-color":"","background-image":"","background-repeat":"repeat","background-position":"center center","background-size":"auto","background-attachment":"scroll","background-type":"","background-media":"","overlay-type":"","overlay-color":"","overlay-opacity":"","overlay-gradient":""},"mobile":{"background-color":"","background-image":"","background-repeat":"repeat","background-position":"center center","background-size":"auto","background-attachment":"scroll","background-type":"","background-media":"","overlay-type":"","overlay-color":"","overlay-opacity":"","overlay-gradient":""}},"ast-content-background-meta":{"desktop":{"background-color":"var(--ast-global-color-5)","background-image":"","background-repeat":"repeat","background-position":"center center","background-size":"auto","background-attachment":"scroll","background-type":"","background-media":"","overlay-type":"","overlay-color":"","overlay-opacity":"","overlay-gradient":""},"tablet":{"background-color":"var(--ast-global-color-5)","background-image":"","background-repeat":"repeat","background-position":"center center","background-size":"auto","background-attachment":"scroll","background-type":"","background-media":"","overlay-type":"","overlay-color":"","overlay-opacity":"","overlay-gradient":""},"mobile":{"background-color":"var(--ast-global-color-5)","background-image":"","background-repeat":"repeat","background-position":"center center","background-size":"auto","background-attachment":"scroll","background-type":"","background-media":"","overlay-type":"","overlay-color":"","overlay-opacity":"","overlay-gradient":""}},"footnotes":""},"categories":[42],"tags":[288,61,54,886,1791,381,89,476,172,74,166],"class_list":["post-8311","post","type-post","status-publish","format-standard","has-post-thumbnail","hentry","category-gastronomia","tag-perambulandocomogiba","tag-brasil","tag-brasilia","tag-chef","tag-chefs-do-brasis","tag-culinaria","tag-df","tag-estadio-mane-garrincha","tag-festival","tag-gastronomia","tag-perambulando"],"yoast_head":"<!-- This site is optimized with the Yoast SEO plugin v27.0 - https:\/\/yoast.com\/product\/yoast-seo-wordpress\/ -->\n<title>Festival Chefs do\u00a0Brasis - LACKMAN &amp; CO.<\/title>\n<meta name=\"robots\" content=\"index, follow, max-snippet:-1, max-image-preview:large, max-video-preview:-1\" \/>\n<link rel=\"canonical\" href=\"https:\/\/lackman.com.br\/index.php\/2025\/02\/13\/festival-chefs-do-brasis\/\" \/>\n<meta property=\"og:locale\" content=\"pt_BR\" \/>\n<meta property=\"og:type\" content=\"article\" \/>\n<meta property=\"og:title\" content=\"Festival Chefs do\u00a0Brasis - LACKMAN &amp; CO.\" \/>\n<meta property=\"og:description\" content=\"P\u00fablico poder\u00e1 degustar pratos de diversas regi\u00f5es do pa\u00eds, al\u00e9m de participar de palestras com chefs renomados.\u00a0 &nbsp; Nos dias 15 e 16 de fevereiro, Bras\u00edlia reunir\u00e1 grandes nomes da gastronomia nacional, para a primeira edi\u00e7\u00e3o do Festival Chefs do\u00a0Brasis. O evento ser\u00e1 realizado no estacionamento do est\u00e1dio Man\u00e9 Garrincha, das 12h30 \u00e0s 23h. Al\u00e9m de um passeio pela culin\u00e1ria nacional com mais de 30 Chefs convidados, oferecer\u00e1 palestras e rodas de conversa com o objetivo de enriquecer e fomentar o empreendedorismo e o desenvolvimento do segmento na capital do pa\u00eds. O acesso \u00e9 gratuito e os pratos custar\u00e3o R$ 20, R$ 30 e R$ 40. O Chefs do\u00a0Brasis\u00a0contar\u00e1 com diversas ilhas tem\u00e1ticas, onde o p\u00fablico ter\u00e1 a possibilidade de conhecer pratos preparados exclusivamente para o festival. Os espa\u00e7os ser\u00e3o distribu\u00eddos entre carnes e aves, massas e gr\u00e3os, vegetais, pescados e sobremesas. Os participantes tamb\u00e9m ter\u00e3o a possibilidade de acompanhar cria\u00e7\u00f5es em tempo real. Para a chef anfitri\u00e3 e idealizadora do festival, Chef Di Oliveira, do\u00a0Brasis\u00a0Ateli\u00ea Gastron\u00f4mico, o evento traz atrativos tanto para profissionais quanto para o p\u00fablico em geral. \u201cBras\u00edlia \u00e9 uma cidade com grande voca\u00e7\u00e3o para a alta gastronomia. Aqui reunimos pessoas de todo o Brasil e do mundo. Mais que um festival gastron\u00f4mico, o Chefs do\u00a0Brasis\u00a0ser\u00e1 uma esp\u00e9cie de interc\u00e2mbio entre profissionais renomados e aqueles que est\u00e3o come\u00e7ando seu trabalho. Al\u00e9m de ser um espa\u00e7o incr\u00edvel para o p\u00fablico conhecer novos sabores\u201d, destaca. \u201cA culin\u00e1ria une pessoas. O Chefs no\u00a0Brasis\u00a0tem esse objetivo, reunir talentos e celebrar a gastronomia. No card\u00e1pio, os chefs est\u00e3o preparando pratos que remetem \u00e0s suas mem\u00f3rias afetivas. Pratos que contam uma hist\u00f3ria. Tudo isso com muita m\u00fasica, ao lado de um templo da nossa cidade, que \u00e9 est\u00e1dio Man\u00e9 Garrincha\u201d, completa Di Oliveira. A ideia do Festival surgiu a partir da experi\u00eancia da Chef Di Oliveira que, em 2023, reuniu diversos parceiros na cozinha do Brasis\u00a0Ateli\u00ea Gastron\u00f4mico, localizado no Lago Oeste-DF. O restaurante abriu suas portas em 2019 e oferece uma cozinha autoral contempor\u00e2nea, inspirada na diversidade da gastronomia brasileira, valorizando ingredientes org\u00e2nicos e oriundos das diversas regi\u00f5es do pa\u00eds, em um ambiente r\u00fastico e aconchegante. Chefs confirmados Di Oliveira (DF), Jimmy Ogro (RJ), Danilo Felipe (DF), \u00cdcaro Rosa (RJ), Julia Almeida (DF), Jo\u00e3o Diamante (BA), Max Catolino (MG), Nay Branquinho (DF), Nyko Oliver, Paulo Rocha, Rom\u00e1rio Rodrigues (SP), Rodrigo Massoni (SP), Ticiana Werner (DF), Gil Guimar\u00e3es (DF), Eduardo Nicolau (DF), Luiz Alberto, Ieda Matos, Jennifer Aires e Paulino Lima. Palestras A programa\u00e7\u00e3o do Chefs do Brasis\u00a0inclui uma s\u00e9rie de palestras com renomados chefs e empresas voltadas ao segmento gastron\u00f4mico. O p\u00fablico poder\u00e1 conhecer projetos de inclus\u00e3o por meio da gastronomia, como o Preto Gourmet, com Breno Cruz; as experi\u00eancias de Luccio Oliveira, presidente do Instituto Capim Santo; a experi\u00eancia de supera\u00e7\u00e3o do chef Jo\u00e3o Diamante e falar sobre empatia na cozinha com Sergei Fortes. Al\u00e9m de discuss\u00f5es com representantes do ABRASEL, da Schipper Brasil e da TotalServ. Contrapartida social Com o objetivo de fortalecer o desenvolvimento social, o Festival Chefs do Brasis\u00a0far\u00e1 a doa\u00e7\u00e3o de R$ 1 por cada prato vendido durante o evento. O Instituto Cafuringa, fundado pelo chef de cozinha Paulo Lima, ser\u00e1 a entidade beneficiada. A Organiza\u00e7\u00e3o N\u00e3o Governamental em defesa do meio ambiente e do combate ao fogo foi criada em 2019, ap\u00f3s seu fundador ter sobrevivido a um grande inc\u00eandio criminoso no Lago Oeste (DF). Paulinho, como \u00e9 conhecido, teve cerca de 50% do seu corpo queimado e achou que nunca mais iria\u00a0voltar a trabalhar. O chef \u00e9 um exemplo de supera\u00e7\u00e3o e de cidad\u00e3o.O festival Chefs do\u00a0Brasis ser\u00e1 realizado na Arena Man\u00e9 Garrincha, nos dias 15 e 16 de fevereiro. O acesso \u00e9 gratuito e funcionar\u00e1\u00a0 O evento \u00e9 realizado pelo Instituto Brasileiro de Integra\u00e7\u00e3o, com fomento da Secretaria de Desenvolvimento Econ\u00f4mico, Trabalho e Renda do Distrito Federal, e apoio do Sebrae-DF, Abrasel-DF, Schipper e TotalServ. Quem vai? Festival Chefs do Brasis \/ Estacionamento do Est\u00e1dio Man\u00e9 Garrincha \/ 15 e 16 de fevereiro &#8211; 12h30 \u00e0s 23h \/ Entrada franca \/ Livre \/ Siga @chefsdobrasisfestival Fotos: Reprodu\u00e7\u00e3o\/Instagram\" \/>\n<meta property=\"og:url\" content=\"https:\/\/lackman.com.br\/index.php\/2025\/02\/13\/festival-chefs-do-brasis\/\" \/>\n<meta property=\"og:site_name\" content=\"LACKMAN &amp; CO.\" \/>\n<meta property=\"article:published_time\" content=\"2025-02-13T17:00:52+00:00\" \/>\n<meta property=\"article:modified_time\" content=\"2025-02-13T17:49:48+00:00\" \/>\n<meta property=\"og:image\" content=\"http:\/\/lackman.com.br\/wp-content\/uploads\/2025\/02\/Snapinst.app_470207265_18455044303067166_4310521266443821998_n_1080.jpg\" \/>\n\t<meta property=\"og:image:width\" content=\"1080\" \/>\n\t<meta property=\"og:image:height\" content=\"1350\" \/>\n\t<meta property=\"og:image:type\" content=\"image\/jpeg\" \/>\n<meta name=\"author\" content=\"Gilberto Evangelista - Colunista\" \/>\n<meta name=\"twitter:card\" content=\"summary_large_image\" \/>\n<meta name=\"twitter:label1\" content=\"Escrito por\" \/>\n\t<meta name=\"twitter:data1\" content=\"Gilberto Evangelista - Colunista\" \/>\n\t<meta name=\"twitter:label2\" content=\"Est. tempo de leitura\" \/>\n\t<meta name=\"twitter:data2\" content=\"5 minutos\" \/>\n<script type=\"application\/ld+json\" class=\"yoast-schema-graph\">{\"@context\":\"https:\/\/schema.org\",\"@graph\":[{\"@type\":\"Article\",\"@id\":\"https:\/\/lackman.com.br\/index.php\/2025\/02\/13\/festival-chefs-do-brasis\/#article\",\"isPartOf\":{\"@id\":\"https:\/\/lackman.com.br\/index.php\/2025\/02\/13\/festival-chefs-do-brasis\/\"},\"author\":{\"name\":\"Gilberto Evangelista - Colunista\",\"@id\":\"https:\/\/lackman.com.br\/#\/schema\/person\/8a2355f699593d21d4f0d25b69db5747\"},\"headline\":\"Festival Chefs do\u00a0Brasis\",\"datePublished\":\"2025-02-13T17:00:52+00:00\",\"dateModified\":\"2025-02-13T17:49:48+00:00\",\"mainEntityOfPage\":{\"@id\":\"https:\/\/lackman.com.br\/index.php\/2025\/02\/13\/festival-chefs-do-brasis\/\"},\"wordCount\":761,\"publisher\":{\"@id\":\"https:\/\/lackman.com.br\/#organization\"},\"image\":{\"@id\":\"https:\/\/lackman.com.br\/index.php\/2025\/02\/13\/festival-chefs-do-brasis\/#primaryimage\"},\"thumbnailUrl\":\"https:\/\/lackman.com.br\/wp-content\/uploads\/2025\/02\/Snapinst.app_470207265_18455044303067166_4310521266443821998_n_1080.jpg\",\"keywords\":[\"#perambulandocomogiba\",\"Brasil\",\"brasilia\",\"Chef\",\"Chefs do Brasis\",\"culin\u00e1ria\",\"df\",\"Est\u00e1dio Man\u00e9 Garrincha\",\"festival\",\"gastronomia\",\"Perambulando\"],\"articleSection\":[\"Gastr\u00f4\"],\"inLanguage\":\"pt-BR\"},{\"@type\":\"WebPage\",\"@id\":\"https:\/\/lackman.com.br\/index.php\/2025\/02\/13\/festival-chefs-do-brasis\/\",\"url\":\"https:\/\/lackman.com.br\/index.php\/2025\/02\/13\/festival-chefs-do-brasis\/\",\"name\":\"Festival Chefs do\u00a0Brasis - LACKMAN &amp; CO.\",\"isPartOf\":{\"@id\":\"https:\/\/lackman.com.br\/#website\"},\"primaryImageOfPage\":{\"@id\":\"https:\/\/lackman.com.br\/index.php\/2025\/02\/13\/festival-chefs-do-brasis\/#primaryimage\"},\"image\":{\"@id\":\"https:\/\/lackman.com.br\/index.php\/2025\/02\/13\/festival-chefs-do-brasis\/#primaryimage\"},\"thumbnailUrl\":\"https:\/\/lackman.com.br\/wp-content\/uploads\/2025\/02\/Snapinst.app_470207265_18455044303067166_4310521266443821998_n_1080.jpg\",\"datePublished\":\"2025-02-13T17:00:52+00:00\",\"dateModified\":\"2025-02-13T17:49:48+00:00\",\"breadcrumb\":{\"@id\":\"https:\/\/lackman.com.br\/index.php\/2025\/02\/13\/festival-chefs-do-brasis\/#breadcrumb\"},\"inLanguage\":\"pt-BR\",\"potentialAction\":[{\"@type\":\"ReadAction\",\"target\":[\"https:\/\/lackman.com.br\/index.php\/2025\/02\/13\/festival-chefs-do-brasis\/\"]}]},{\"@type\":\"ImageObject\",\"inLanguage\":\"pt-BR\",\"@id\":\"https:\/\/lackman.com.br\/index.php\/2025\/02\/13\/festival-chefs-do-brasis\/#primaryimage\",\"url\":\"https:\/\/lackman.com.br\/wp-content\/uploads\/2025\/02\/Snapinst.app_470207265_18455044303067166_4310521266443821998_n_1080.jpg\",\"contentUrl\":\"https:\/\/lackman.com.br\/wp-content\/uploads\/2025\/02\/Snapinst.app_470207265_18455044303067166_4310521266443821998_n_1080.jpg\",\"width\":1080,\"height\":1350},{\"@type\":\"BreadcrumbList\",\"@id\":\"https:\/\/lackman.com.br\/index.php\/2025\/02\/13\/festival-chefs-do-brasis\/#breadcrumb\",\"itemListElement\":[{\"@type\":\"ListItem\",\"position\":1,\"name\":\"In\u00edcio\",\"item\":\"https:\/\/lackman.com.br\/\"},{\"@type\":\"ListItem\",\"position\":2,\"name\":\"Festival Chefs do\u00a0Brasis\"}]},{\"@type\":\"WebSite\",\"@id\":\"https:\/\/lackman.com.br\/#website\",\"url\":\"https:\/\/lackman.com.br\/\",\"name\":\"LACKMAN &amp; CO.\",\"description\":\"VIDA | MODA | ARTE\",\"publisher\":{\"@id\":\"https:\/\/lackman.com.br\/#organization\"},\"potentialAction\":[{\"@type\":\"SearchAction\",\"target\":{\"@type\":\"EntryPoint\",\"urlTemplate\":\"https:\/\/lackman.com.br\/?s={search_term_string}\"},\"query-input\":{\"@type\":\"PropertyValueSpecification\",\"valueRequired\":true,\"valueName\":\"search_term_string\"}}],\"inLanguage\":\"pt-BR\"},{\"@type\":\"Organization\",\"@id\":\"https:\/\/lackman.com.br\/#organization\",\"name\":\"LACKMAN &amp; CO.\",\"url\":\"https:\/\/lackman.com.br\/\",\"logo\":{\"@type\":\"ImageObject\",\"inLanguage\":\"pt-BR\",\"@id\":\"https:\/\/lackman.com.br\/#\/schema\/logo\/image\/\",\"url\":\"https:\/\/lackman.com.br\/wp-content\/uploads\/2023\/06\/Logotipo_preto-1.png\",\"contentUrl\":\"https:\/\/lackman.com.br\/wp-content\/uploads\/2023\/06\/Logotipo_preto-1.png\",\"width\":739,\"height\":393,\"caption\":\"LACKMAN &amp; CO.\"},\"image\":{\"@id\":\"https:\/\/lackman.com.br\/#\/schema\/logo\/image\/\"}},{\"@type\":\"Person\",\"@id\":\"https:\/\/lackman.com.br\/#\/schema\/person\/8a2355f699593d21d4f0d25b69db5747\",\"name\":\"Gilberto Evangelista - Colunista\",\"image\":{\"@type\":\"ImageObject\",\"inLanguage\":\"pt-BR\",\"@id\":\"https:\/\/lackman.com.br\/#\/schema\/person\/image\/\",\"url\":\"https:\/\/secure.gravatar.com\/avatar\/cea9badf02f8a90f7a745f2cbea45fda61f65711ec015e2faf3809cca6337c28?s=96&d=mm&r=g\",\"contentUrl\":\"https:\/\/secure.gravatar.com\/avatar\/cea9badf02f8a90f7a745f2cbea45fda61f65711ec015e2faf3809cca6337c28?s=96&d=mm&r=g\",\"caption\":\"Gilberto Evangelista - Colunista\"},\"description\":\"Jornalista e globetrotter.\",\"url\":\"https:\/\/lackman.com.br\/index.php\/author\/gilberto-brito\/\"}]}<\/script>\n<!-- \/ Yoast SEO plugin. -->","yoast_head_json":{"title":"Festival Chefs do\u00a0Brasis - LACKMAN &amp; CO.","robots":{"index":"index","follow":"follow","max-snippet":"max-snippet:-1","max-image-preview":"max-image-preview:large","max-video-preview":"max-video-preview:-1"},"canonical":"https:\/\/lackman.com.br\/index.php\/2025\/02\/13\/festival-chefs-do-brasis\/","og_locale":"pt_BR","og_type":"article","og_title":"Festival Chefs do\u00a0Brasis - LACKMAN &amp; CO.","og_description":"P\u00fablico poder\u00e1 degustar pratos de diversas regi\u00f5es do pa\u00eds, al\u00e9m de participar de palestras com chefs renomados.\u00a0 &nbsp; Nos dias 15 e 16 de fevereiro, Bras\u00edlia reunir\u00e1 grandes nomes da gastronomia nacional, para a primeira edi\u00e7\u00e3o do Festival Chefs do\u00a0Brasis. O evento ser\u00e1 realizado no estacionamento do est\u00e1dio Man\u00e9 Garrincha, das 12h30 \u00e0s 23h. Al\u00e9m de um passeio pela culin\u00e1ria nacional com mais de 30 Chefs convidados, oferecer\u00e1 palestras e rodas de conversa com o objetivo de enriquecer e fomentar o empreendedorismo e o desenvolvimento do segmento na capital do pa\u00eds. O acesso \u00e9 gratuito e os pratos custar\u00e3o R$ 20, R$ 30 e R$ 40. O Chefs do\u00a0Brasis\u00a0contar\u00e1 com diversas ilhas tem\u00e1ticas, onde o p\u00fablico ter\u00e1 a possibilidade de conhecer pratos preparados exclusivamente para o festival. Os espa\u00e7os ser\u00e3o distribu\u00eddos entre carnes e aves, massas e gr\u00e3os, vegetais, pescados e sobremesas. Os participantes tamb\u00e9m ter\u00e3o a possibilidade de acompanhar cria\u00e7\u00f5es em tempo real. Para a chef anfitri\u00e3 e idealizadora do festival, Chef Di Oliveira, do\u00a0Brasis\u00a0Ateli\u00ea Gastron\u00f4mico, o evento traz atrativos tanto para profissionais quanto para o p\u00fablico em geral. \u201cBras\u00edlia \u00e9 uma cidade com grande voca\u00e7\u00e3o para a alta gastronomia. Aqui reunimos pessoas de todo o Brasil e do mundo. Mais que um festival gastron\u00f4mico, o Chefs do\u00a0Brasis\u00a0ser\u00e1 uma esp\u00e9cie de interc\u00e2mbio entre profissionais renomados e aqueles que est\u00e3o come\u00e7ando seu trabalho. Al\u00e9m de ser um espa\u00e7o incr\u00edvel para o p\u00fablico conhecer novos sabores\u201d, destaca. \u201cA culin\u00e1ria une pessoas. O Chefs no\u00a0Brasis\u00a0tem esse objetivo, reunir talentos e celebrar a gastronomia. No card\u00e1pio, os chefs est\u00e3o preparando pratos que remetem \u00e0s suas mem\u00f3rias afetivas. Pratos que contam uma hist\u00f3ria. Tudo isso com muita m\u00fasica, ao lado de um templo da nossa cidade, que \u00e9 est\u00e1dio Man\u00e9 Garrincha\u201d, completa Di Oliveira. A ideia do Festival surgiu a partir da experi\u00eancia da Chef Di Oliveira que, em 2023, reuniu diversos parceiros na cozinha do Brasis\u00a0Ateli\u00ea Gastron\u00f4mico, localizado no Lago Oeste-DF. O restaurante abriu suas portas em 2019 e oferece uma cozinha autoral contempor\u00e2nea, inspirada na diversidade da gastronomia brasileira, valorizando ingredientes org\u00e2nicos e oriundos das diversas regi\u00f5es do pa\u00eds, em um ambiente r\u00fastico e aconchegante. Chefs confirmados Di Oliveira (DF), Jimmy Ogro (RJ), Danilo Felipe (DF), \u00cdcaro Rosa (RJ), Julia Almeida (DF), Jo\u00e3o Diamante (BA), Max Catolino (MG), Nay Branquinho (DF), Nyko Oliver, Paulo Rocha, Rom\u00e1rio Rodrigues (SP), Rodrigo Massoni (SP), Ticiana Werner (DF), Gil Guimar\u00e3es (DF), Eduardo Nicolau (DF), Luiz Alberto, Ieda Matos, Jennifer Aires e Paulino Lima. Palestras A programa\u00e7\u00e3o do Chefs do Brasis\u00a0inclui uma s\u00e9rie de palestras com renomados chefs e empresas voltadas ao segmento gastron\u00f4mico. O p\u00fablico poder\u00e1 conhecer projetos de inclus\u00e3o por meio da gastronomia, como o Preto Gourmet, com Breno Cruz; as experi\u00eancias de Luccio Oliveira, presidente do Instituto Capim Santo; a experi\u00eancia de supera\u00e7\u00e3o do chef Jo\u00e3o Diamante e falar sobre empatia na cozinha com Sergei Fortes. Al\u00e9m de discuss\u00f5es com representantes do ABRASEL, da Schipper Brasil e da TotalServ. Contrapartida social Com o objetivo de fortalecer o desenvolvimento social, o Festival Chefs do Brasis\u00a0far\u00e1 a doa\u00e7\u00e3o de R$ 1 por cada prato vendido durante o evento. O Instituto Cafuringa, fundado pelo chef de cozinha Paulo Lima, ser\u00e1 a entidade beneficiada. A Organiza\u00e7\u00e3o N\u00e3o Governamental em defesa do meio ambiente e do combate ao fogo foi criada em 2019, ap\u00f3s seu fundador ter sobrevivido a um grande inc\u00eandio criminoso no Lago Oeste (DF). Paulinho, como \u00e9 conhecido, teve cerca de 50% do seu corpo queimado e achou que nunca mais iria\u00a0voltar a trabalhar. O chef \u00e9 um exemplo de supera\u00e7\u00e3o e de cidad\u00e3o.O festival Chefs do\u00a0Brasis ser\u00e1 realizado na Arena Man\u00e9 Garrincha, nos dias 15 e 16 de fevereiro. O acesso \u00e9 gratuito e funcionar\u00e1\u00a0 O evento \u00e9 realizado pelo Instituto Brasileiro de Integra\u00e7\u00e3o, com fomento da Secretaria de Desenvolvimento Econ\u00f4mico, Trabalho e Renda do Distrito Federal, e apoio do Sebrae-DF, Abrasel-DF, Schipper e TotalServ. Quem vai? Festival Chefs do Brasis \/ Estacionamento do Est\u00e1dio Man\u00e9 Garrincha \/ 15 e 16 de fevereiro &#8211; 12h30 \u00e0s 23h \/ Entrada franca \/ Livre \/ Siga @chefsdobrasisfestival Fotos: Reprodu\u00e7\u00e3o\/Instagram","og_url":"https:\/\/lackman.com.br\/index.php\/2025\/02\/13\/festival-chefs-do-brasis\/","og_site_name":"LACKMAN &amp; CO.","article_published_time":"2025-02-13T17:00:52+00:00","article_modified_time":"2025-02-13T17:49:48+00:00","og_image":[{"width":1080,"height":1350,"url":"http:\/\/lackman.com.br\/wp-content\/uploads\/2025\/02\/Snapinst.app_470207265_18455044303067166_4310521266443821998_n_1080.jpg","type":"image\/jpeg"}],"author":"Gilberto Evangelista - Colunista","twitter_card":"summary_large_image","twitter_misc":{"Escrito por":"Gilberto Evangelista - Colunista","Est. tempo de leitura":"5 minutos"},"schema":{"@context":"https:\/\/schema.org","@graph":[{"@type":"Article","@id":"https:\/\/lackman.com.br\/index.php\/2025\/02\/13\/festival-chefs-do-brasis\/#article","isPartOf":{"@id":"https:\/\/lackman.com.br\/index.php\/2025\/02\/13\/festival-chefs-do-brasis\/"},"author":{"name":"Gilberto Evangelista - Colunista","@id":"https:\/\/lackman.com.br\/#\/schema\/person\/8a2355f699593d21d4f0d25b69db5747"},"headline":"Festival Chefs do\u00a0Brasis","datePublished":"2025-02-13T17:00:52+00:00","dateModified":"2025-02-13T17:49:48+00:00","mainEntityOfPage":{"@id":"https:\/\/lackman.com.br\/index.php\/2025\/02\/13\/festival-chefs-do-brasis\/"},"wordCount":761,"publisher":{"@id":"https:\/\/lackman.com.br\/#organization"},"image":{"@id":"https:\/\/lackman.com.br\/index.php\/2025\/02\/13\/festival-chefs-do-brasis\/#primaryimage"},"thumbnailUrl":"https:\/\/lackman.com.br\/wp-content\/uploads\/2025\/02\/Snapinst.app_470207265_18455044303067166_4310521266443821998_n_1080.jpg","keywords":["#perambulandocomogiba","Brasil","brasilia","Chef","Chefs do Brasis","culin\u00e1ria","df","Est\u00e1dio Man\u00e9 Garrincha","festival","gastronomia","Perambulando"],"articleSection":["Gastr\u00f4"],"inLanguage":"pt-BR"},{"@type":"WebPage","@id":"https:\/\/lackman.com.br\/index.php\/2025\/02\/13\/festival-chefs-do-brasis\/","url":"https:\/\/lackman.com.br\/index.php\/2025\/02\/13\/festival-chefs-do-brasis\/","name":"Festival Chefs do\u00a0Brasis - LACKMAN &amp; CO.","isPartOf":{"@id":"https:\/\/lackman.com.br\/#website"},"primaryImageOfPage":{"@id":"https:\/\/lackman.com.br\/index.php\/2025\/02\/13\/festival-chefs-do-brasis\/#primaryimage"},"image":{"@id":"https:\/\/lackman.com.br\/index.php\/2025\/02\/13\/festival-chefs-do-brasis\/#primaryimage"},"thumbnailUrl":"https:\/\/lackman.com.br\/wp-content\/uploads\/2025\/02\/Snapinst.app_470207265_18455044303067166_4310521266443821998_n_1080.jpg","datePublished":"2025-02-13T17:00:52+00:00","dateModified":"2025-02-13T17:49:48+00:00","breadcrumb":{"@id":"https:\/\/lackman.com.br\/index.php\/2025\/02\/13\/festival-chefs-do-brasis\/#breadcrumb"},"inLanguage":"pt-BR","potentialAction":[{"@type":"ReadAction","target":["https:\/\/lackman.com.br\/index.php\/2025\/02\/13\/festival-chefs-do-brasis\/"]}]},{"@type":"ImageObject","inLanguage":"pt-BR","@id":"https:\/\/lackman.com.br\/index.php\/2025\/02\/13\/festival-chefs-do-brasis\/#primaryimage","url":"https:\/\/lackman.com.br\/wp-content\/uploads\/2025\/02\/Snapinst.app_470207265_18455044303067166_4310521266443821998_n_1080.jpg","contentUrl":"https:\/\/lackman.com.br\/wp-content\/uploads\/2025\/02\/Snapinst.app_470207265_18455044303067166_4310521266443821998_n_1080.jpg","width":1080,"height":1350},{"@type":"BreadcrumbList","@id":"https:\/\/lackman.com.br\/index.php\/2025\/02\/13\/festival-chefs-do-brasis\/#breadcrumb","itemListElement":[{"@type":"ListItem","position":1,"name":"In\u00edcio","item":"https:\/\/lackman.com.br\/"},{"@type":"ListItem","position":2,"name":"Festival Chefs do\u00a0Brasis"}]},{"@type":"WebSite","@id":"https:\/\/lackman.com.br\/#website","url":"https:\/\/lackman.com.br\/","name":"LACKMAN &amp; CO.","description":"VIDA | MODA | ARTE","publisher":{"@id":"https:\/\/lackman.com.br\/#organization"},"potentialAction":[{"@type":"SearchAction","target":{"@type":"EntryPoint","urlTemplate":"https:\/\/lackman.com.br\/?s={search_term_string}"},"query-input":{"@type":"PropertyValueSpecification","valueRequired":true,"valueName":"search_term_string"}}],"inLanguage":"pt-BR"},{"@type":"Organization","@id":"https:\/\/lackman.com.br\/#organization","name":"LACKMAN &amp; CO.","url":"https:\/\/lackman.com.br\/","logo":{"@type":"ImageObject","inLanguage":"pt-BR","@id":"https:\/\/lackman.com.br\/#\/schema\/logo\/image\/","url":"https:\/\/lackman.com.br\/wp-content\/uploads\/2023\/06\/Logotipo_preto-1.png","contentUrl":"https:\/\/lackman.com.br\/wp-content\/uploads\/2023\/06\/Logotipo_preto-1.png","width":739,"height":393,"caption":"LACKMAN &amp; CO."},"image":{"@id":"https:\/\/lackman.com.br\/#\/schema\/logo\/image\/"}},{"@type":"Person","@id":"https:\/\/lackman.com.br\/#\/schema\/person\/8a2355f699593d21d4f0d25b69db5747","name":"Gilberto Evangelista - Colunista","image":{"@type":"ImageObject","inLanguage":"pt-BR","@id":"https:\/\/lackman.com.br\/#\/schema\/person\/image\/","url":"https:\/\/secure.gravatar.com\/avatar\/cea9badf02f8a90f7a745f2cbea45fda61f65711ec015e2faf3809cca6337c28?s=96&d=mm&r=g","contentUrl":"https:\/\/secure.gravatar.com\/avatar\/cea9badf02f8a90f7a745f2cbea45fda61f65711ec015e2faf3809cca6337c28?s=96&d=mm&r=g","caption":"Gilberto Evangelista - Colunista"},"description":"Jornalista e globetrotter.","url":"https:\/\/lackman.com.br\/index.php\/author\/gilberto-brito\/"}]}},"rttpg_featured_image_url":{"full":["https:\/\/lackman.com.br\/wp-content\/uploads\/2025\/02\/Snapinst.app_470207265_18455044303067166_4310521266443821998_n_1080.jpg",1080,1350,false],"landscape":["https:\/\/lackman.com.br\/wp-content\/uploads\/2025\/02\/Snapinst.app_470207265_18455044303067166_4310521266443821998_n_1080.jpg",1080,1350,false],"portraits":["https:\/\/lackman.com.br\/wp-content\/uploads\/2025\/02\/Snapinst.app_470207265_18455044303067166_4310521266443821998_n_1080.jpg",1080,1350,false],"thumbnail":["https:\/\/lackman.com.br\/wp-content\/uploads\/2025\/02\/Snapinst.app_470207265_18455044303067166_4310521266443821998_n_1080-150x150.jpg",150,150,true],"medium":["https:\/\/lackman.com.br\/wp-content\/uploads\/2025\/02\/Snapinst.app_470207265_18455044303067166_4310521266443821998_n_1080-240x300.jpg",240,300,true],"large":["https:\/\/lackman.com.br\/wp-content\/uploads\/2025\/02\/Snapinst.app_470207265_18455044303067166_4310521266443821998_n_1080-819x1024.jpg",819,1024,true],"RoboGalleryMansoryImagesCenter":["https:\/\/lackman.com.br\/wp-content\/uploads\/2025\/02\/Snapinst.app_470207265_18455044303067166_4310521266443821998_n_1080-600x1024.jpg",600,1024,true],"RoboGalleryPreload":["https:\/\/lackman.com.br\/wp-content\/uploads\/2025\/02\/Snapinst.app_470207265_18455044303067166_4310521266443821998_n_1080.jpg",100,125,false],"1536x1536":["https:\/\/lackman.com.br\/wp-content\/uploads\/2025\/02\/Snapinst.app_470207265_18455044303067166_4310521266443821998_n_1080.jpg",1080,1350,false],"2048x2048":["https:\/\/lackman.com.br\/wp-content\/uploads\/2025\/02\/Snapinst.app_470207265_18455044303067166_4310521266443821998_n_1080.jpg",1080,1350,false]},"rttpg_author":{"display_name":"Gilberto Evangelista - Colunista","author_link":"https:\/\/lackman.com.br\/index.php\/author\/gilberto-brito\/"},"rttpg_comment":0,"rttpg_category":"<a href=\"https:\/\/lackman.com.br\/index.php\/category\/vida\/gastronomia\/\" rel=\"category tag\">Gastr\u00f4<\/a>","rttpg_excerpt":"P\u00fablico poder\u00e1 degustar pratos de diversas regi\u00f5es do pa\u00eds, al\u00e9m de participar de palestras com chefs renomados.\u00a0 &nbsp; Nos dias 15 e 16 de fevereiro, Bras\u00edlia reunir\u00e1 grandes nomes da gastronomia nacional, para a primeira edi\u00e7\u00e3o do Festival Chefs do\u00a0Brasis. O evento ser\u00e1 realizado no estacionamento do est\u00e1dio Man\u00e9 Garrincha, das 12h30 \u00e0s 23h. Al\u00e9m&hellip;","_links":{"self":[{"href":"https:\/\/lackman.com.br\/index.php\/wp-json\/wp\/v2\/posts\/8311","targetHints":{"allow":["GET"]}}],"collection":[{"href":"https:\/\/lackman.com.br\/index.php\/wp-json\/wp\/v2\/posts"}],"about":[{"href":"https:\/\/lackman.com.br\/index.php\/wp-json\/wp\/v2\/types\/post"}],"author":[{"embeddable":true,"href":"https:\/\/lackman.com.br\/index.php\/wp-json\/wp\/v2\/users\/6"}],"replies":[{"embeddable":true,"href":"https:\/\/lackman.com.br\/index.php\/wp-json\/wp\/v2\/comments?post=8311"}],"version-history":[{"count":3,"href":"https:\/\/lackman.com.br\/index.php\/wp-json\/wp\/v2\/posts\/8311\/revisions"}],"predecessor-version":[{"id":8319,"href":"https:\/\/lackman.com.br\/index.php\/wp-json\/wp\/v2\/posts\/8311\/revisions\/8319"}],"wp:featuredmedia":[{"embeddable":true,"href":"https:\/\/lackman.com.br\/index.php\/wp-json\/wp\/v2\/media\/8312"}],"wp:attachment":[{"href":"https:\/\/lackman.com.br\/index.php\/wp-json\/wp\/v2\/media?parent=8311"}],"wp:term":[{"taxonomy":"category","embeddable":true,"href":"https:\/\/lackman.com.br\/index.php\/wp-json\/wp\/v2\/categories?post=8311"},{"taxonomy":"post_tag","embeddable":true,"href":"https:\/\/lackman.com.br\/index.php\/wp-json\/wp\/v2\/tags?post=8311"}],"curies":[{"name":"wp","href":"https:\/\/api.w.org\/{rel}","templated":true}]}}