{"id":8229,"date":"2025-02-10T16:43:38","date_gmt":"2025-02-10T19:43:38","guid":{"rendered":"https:\/\/lackman.com.br\/?p=8229"},"modified":"2025-02-10T16:49:45","modified_gmt":"2025-02-10T19:49:45","slug":"byd-park-sul-is-back","status":"publish","type":"post","link":"https:\/\/lackman.com.br\/index.php\/2025\/02\/10\/byd-park-sul-is-back\/","title":{"rendered":"Saga BYD Park Sul is back!"},"content":{"rendered":"<p dir=\"ltr\" style=\"text-align: justify\"><strong><em><span style=\"color: #e06666;font-size: large\">Com mega evento para convidados, a Saga BYD Park Sul celebra a sua reinaugura\u00e7\u00e3o<\/span><\/em><\/strong><\/p>\n<p dir=\"ltr\" style=\"text-align: justify\">\u00c9 oficial! A Saga BYD Park Sul, a n\u00famero 1 em vendas na Am\u00e9rica Latina, est\u00e1 de cara nova e foi reinaugurada na \u00faltima quarta-feira (05), em uma noite em grande estilo que contou com a presen\u00e7a do presidente da BYD no Brasil, Tyler Li, do vice-presidente s\u00eanior da BYD Brasil, Alexandre Baldy, do diretor de marca BYD, Caio Mandarino, do diretor-regional da Saga, Gian Mendon\u00e7a, do diretor nacional da Saga, Vladmir Freitas e do vice-presidente da Saga, Evandro Maia.<\/p>\n<p dir=\"ltr\" style=\"text-align: justify\">Durante a cerim\u00f4nia, Caio Mandarino destacou que com a estrutura nova, mais ampla e confort\u00e1vel, a loja est\u00e1 pronta para seguir escrevendo essa hist\u00f3ria de sucesso, oferecendo aos clientes um ambiente ainda mais moderno e acolhedor. \u201cEstamos impulsionando a mobilidade sustent\u00e1vel, tornando os ve\u00edculos el\u00e9tricos e h\u00edbridos mais acess\u00edveis com benef\u00edcios exclusivos, condi\u00e7\u00f5es especiais de financiamento e isen\u00e7\u00e3o de IPVA em Bras\u00edlia\u201d, afirmou.<\/p>\n<p style=\"text-align: justify\"><img fetchpriority=\"high\" decoding=\"async\" class=\"alignnone size-large wp-image-8234\" src=\"http:\/\/lackman.com.br\/wp-content\/uploads\/2025\/02\/Pane-4-1024x726.png\" alt=\"\" width=\"1024\" height=\"726\" srcset=\"https:\/\/lackman.com.br\/wp-content\/uploads\/2025\/02\/Pane-4-1024x726.png 1024w, https:\/\/lackman.com.br\/wp-content\/uploads\/2025\/02\/Pane-4-300x213.png 300w, https:\/\/lackman.com.br\/wp-content\/uploads\/2025\/02\/Pane-4-768x545.png 768w, https:\/\/lackman.com.br\/wp-content\/uploads\/2025\/02\/Pane-4-1536x1090.png 1536w, https:\/\/lackman.com.br\/wp-content\/uploads\/2025\/02\/Pane-4.png 1748w\" sizes=\"(max-width: 1024px) 100vw, 1024px\" \/><\/p>\n<p dir=\"ltr\" style=\"text-align: justify\">Estiveram presentes tamb\u00e9m autoridades, jornalistas, formadores de opini\u00e3o e empres\u00e1rios de Bras\u00edlia. O\u00a0<em>mailing\u00a0<\/em>foi assinado pelo RP Tiago Correia e pela jornalista Andressa Furtado. A noite contou com drinks, vinhos e um <em>buffet<\/em> impec\u00e1vel, al\u00e9m de uma brinquedoteca com monitores infantis, banda de jazz com m\u00fasica ao vivo, DJ e uma apresenta\u00e7\u00e3o de kung fu.<\/p>\n<p dir=\"ltr\" style=\"text-align: justify\">Agora, a concession\u00e1ria que se consolidou como l\u00edder de vendas de h\u00edbridos el\u00e9tricos da marca BYD, alcan\u00e7ando recordes impressionantes ao longo da sua trajet\u00f3ria, como vender mais de 500 carros em apenas um m\u00eas, est\u00e1 pronta para escrever uma nova hist\u00f3ria. Veja algumas das personalidades que passaram por l\u00e1:<\/p>\n<figure id=\"attachment_8236\" aria-describedby=\"caption-attachment-8236\" style=\"width: 1707px\" class=\"wp-caption aligncenter\"><img decoding=\"async\" class=\"wp-image-8236 size-full\" src=\"http:\/\/lackman.com.br\/wp-content\/uploads\/2025\/02\/Tyler-Li-Presidente-da-BYD-no-Brasil-scaled.jpg\" alt=\"\" width=\"1707\" height=\"2560\" srcset=\"https:\/\/lackman.com.br\/wp-content\/uploads\/2025\/02\/Tyler-Li-Presidente-da-BYD-no-Brasil-scaled.jpg 1707w, https:\/\/lackman.com.br\/wp-content\/uploads\/2025\/02\/Tyler-Li-Presidente-da-BYD-no-Brasil-200x300.jpg 200w, https:\/\/lackman.com.br\/wp-content\/uploads\/2025\/02\/Tyler-Li-Presidente-da-BYD-no-Brasil-683x1024.jpg 683w, https:\/\/lackman.com.br\/wp-content\/uploads\/2025\/02\/Tyler-Li-Presidente-da-BYD-no-Brasil-768x1152.jpg 768w, https:\/\/lackman.com.br\/wp-content\/uploads\/2025\/02\/Tyler-Li-Presidente-da-BYD-no-Brasil-1024x1536.jpg 1024w, https:\/\/lackman.com.br\/wp-content\/uploads\/2025\/02\/Tyler-Li-Presidente-da-BYD-no-Brasil-1365x2048.jpg 1365w\" sizes=\"(max-width: 1707px) 100vw, 1707px\" \/><figcaption id=\"caption-attachment-8236\" class=\"wp-caption-text\">Tyler Li, Presidente da BYD no Brasil<\/figcaption><\/figure>\n<figure id=\"attachment_8237\" aria-describedby=\"caption-attachment-8237\" style=\"width: 2560px\" class=\"wp-caption aligncenter\"><img decoding=\"async\" class=\"wp-image-8237 size-full\" src=\"http:\/\/lackman.com.br\/wp-content\/uploads\/2025\/02\/Sergio-Ravagnani-Marco-Antonio-Costa-e-Thiago-Serrat-scaled.jpg\" alt=\"\" width=\"2560\" height=\"1707\" srcset=\"https:\/\/lackman.com.br\/wp-content\/uploads\/2025\/02\/Sergio-Ravagnani-Marco-Antonio-Costa-e-Thiago-Serrat-scaled.jpg 2560w, https:\/\/lackman.com.br\/wp-content\/uploads\/2025\/02\/Sergio-Ravagnani-Marco-Antonio-Costa-e-Thiago-Serrat-300x200.jpg 300w, https:\/\/lackman.com.br\/wp-content\/uploads\/2025\/02\/Sergio-Ravagnani-Marco-Antonio-Costa-e-Thiago-Serrat-1024x683.jpg 1024w, https:\/\/lackman.com.br\/wp-content\/uploads\/2025\/02\/Sergio-Ravagnani-Marco-Antonio-Costa-e-Thiago-Serrat-768x512.jpg 768w, https:\/\/lackman.com.br\/wp-content\/uploads\/2025\/02\/Sergio-Ravagnani-Marco-Antonio-Costa-e-Thiago-Serrat-1536x1024.jpg 1536w, https:\/\/lackman.com.br\/wp-content\/uploads\/2025\/02\/Sergio-Ravagnani-Marco-Antonio-Costa-e-Thiago-Serrat-2048x1365.jpg 2048w\" sizes=\"(max-width: 2560px) 100vw, 2560px\" \/><figcaption id=\"caption-attachment-8237\" class=\"wp-caption-text\">Sergio Ravagnani, Marco Antonio Costa e Thiago Serrat<\/figcaption><\/figure>\n<figure id=\"attachment_8241\" aria-describedby=\"caption-attachment-8241\" style=\"width: 1707px\" class=\"wp-caption aligncenter\"><img loading=\"lazy\" decoding=\"async\" class=\"wp-image-8241 size-full\" src=\"http:\/\/lackman.com.br\/wp-content\/uploads\/2025\/02\/Daniel-Toys-scaled.jpg\" alt=\"\" width=\"1707\" height=\"2560\" srcset=\"https:\/\/lackman.com.br\/wp-content\/uploads\/2025\/02\/Daniel-Toys-scaled.jpg 1707w, https:\/\/lackman.com.br\/wp-content\/uploads\/2025\/02\/Daniel-Toys-200x300.jpg 200w, https:\/\/lackman.com.br\/wp-content\/uploads\/2025\/02\/Daniel-Toys-683x1024.jpg 683w, https:\/\/lackman.com.br\/wp-content\/uploads\/2025\/02\/Daniel-Toys-768x1152.jpg 768w, https:\/\/lackman.com.br\/wp-content\/uploads\/2025\/02\/Daniel-Toys-1024x1536.jpg 1024w, https:\/\/lackman.com.br\/wp-content\/uploads\/2025\/02\/Daniel-Toys-1365x2048.jpg 1365w\" sizes=\"(max-width: 1707px) 100vw, 1707px\" \/><figcaption id=\"caption-attachment-8241\" class=\"wp-caption-text\">Daniel Toys<\/figcaption><\/figure>\n<figure id=\"attachment_8239\" aria-describedby=\"caption-attachment-8239\" style=\"width: 2560px\" class=\"wp-caption aligncenter\"><img loading=\"lazy\" decoding=\"async\" class=\"wp-image-8239 size-full\" src=\"http:\/\/lackman.com.br\/wp-content\/uploads\/2025\/02\/Maria-Orlanda-e-Marli-Lima-scaled.jpg\" alt=\"\" width=\"2560\" height=\"1707\" srcset=\"https:\/\/lackman.com.br\/wp-content\/uploads\/2025\/02\/Maria-Orlanda-e-Marli-Lima-scaled.jpg 2560w, https:\/\/lackman.com.br\/wp-content\/uploads\/2025\/02\/Maria-Orlanda-e-Marli-Lima-300x200.jpg 300w, https:\/\/lackman.com.br\/wp-content\/uploads\/2025\/02\/Maria-Orlanda-e-Marli-Lima-1024x683.jpg 1024w, https:\/\/lackman.com.br\/wp-content\/uploads\/2025\/02\/Maria-Orlanda-e-Marli-Lima-768x512.jpg 768w, https:\/\/lackman.com.br\/wp-content\/uploads\/2025\/02\/Maria-Orlanda-e-Marli-Lima-1536x1024.jpg 1536w, https:\/\/lackman.com.br\/wp-content\/uploads\/2025\/02\/Maria-Orlanda-e-Marli-Lima-2048x1365.jpg 2048w\" sizes=\"(max-width: 2560px) 100vw, 2560px\" \/><figcaption id=\"caption-attachment-8239\" class=\"wp-caption-text\">Maria Orlanda e Marli Lima<\/figcaption><\/figure>\n<figure id=\"attachment_8240\" aria-describedby=\"caption-attachment-8240\" style=\"width: 2560px\" class=\"wp-caption aligncenter\"><img loading=\"lazy\" decoding=\"async\" class=\"wp-image-8240 size-full\" src=\"http:\/\/lackman.com.br\/wp-content\/uploads\/2025\/02\/Luiza-Gennari-Nyedja-Gennari-e-Stela-Maryanne-scaled.jpg\" alt=\"\" width=\"2560\" height=\"1707\" srcset=\"https:\/\/lackman.com.br\/wp-content\/uploads\/2025\/02\/Luiza-Gennari-Nyedja-Gennari-e-Stela-Maryanne-scaled.jpg 2560w, https:\/\/lackman.com.br\/wp-content\/uploads\/2025\/02\/Luiza-Gennari-Nyedja-Gennari-e-Stela-Maryanne-300x200.jpg 300w, https:\/\/lackman.com.br\/wp-content\/uploads\/2025\/02\/Luiza-Gennari-Nyedja-Gennari-e-Stela-Maryanne-1024x683.jpg 1024w, https:\/\/lackman.com.br\/wp-content\/uploads\/2025\/02\/Luiza-Gennari-Nyedja-Gennari-e-Stela-Maryanne-768x512.jpg 768w, https:\/\/lackman.com.br\/wp-content\/uploads\/2025\/02\/Luiza-Gennari-Nyedja-Gennari-e-Stela-Maryanne-1536x1024.jpg 1536w, https:\/\/lackman.com.br\/wp-content\/uploads\/2025\/02\/Luiza-Gennari-Nyedja-Gennari-e-Stela-Maryanne-2048x1365.jpg 2048w\" sizes=\"(max-width: 2560px) 100vw, 2560px\" \/><figcaption id=\"caption-attachment-8240\" class=\"wp-caption-text\">Luiza Gennari, Nyedja Gennari e Stela Maryanne<\/figcaption><\/figure>\n<figure id=\"attachment_8238\" aria-describedby=\"caption-attachment-8238\" style=\"width: 2560px\" class=\"wp-caption aligncenter\"><img loading=\"lazy\" decoding=\"async\" class=\"wp-image-8238 size-full\" src=\"http:\/\/lackman.com.br\/wp-content\/uploads\/2025\/02\/Renato-Tavares-Paulo-Burjack-e-Kleber-Porciuncula-scaled.jpg\" alt=\"\" width=\"2560\" height=\"1707\" srcset=\"https:\/\/lackman.com.br\/wp-content\/uploads\/2025\/02\/Renato-Tavares-Paulo-Burjack-e-Kleber-Porciuncula-scaled.jpg 2560w, https:\/\/lackman.com.br\/wp-content\/uploads\/2025\/02\/Renato-Tavares-Paulo-Burjack-e-Kleber-Porciuncula-300x200.jpg 300w, https:\/\/lackman.com.br\/wp-content\/uploads\/2025\/02\/Renato-Tavares-Paulo-Burjack-e-Kleber-Porciuncula-1024x683.jpg 1024w, https:\/\/lackman.com.br\/wp-content\/uploads\/2025\/02\/Renato-Tavares-Paulo-Burjack-e-Kleber-Porciuncula-768x512.jpg 768w, https:\/\/lackman.com.br\/wp-content\/uploads\/2025\/02\/Renato-Tavares-Paulo-Burjack-e-Kleber-Porciuncula-1536x1024.jpg 1536w, https:\/\/lackman.com.br\/wp-content\/uploads\/2025\/02\/Renato-Tavares-Paulo-Burjack-e-Kleber-Porciuncula-2048x1365.jpg 2048w\" sizes=\"(max-width: 2560px) 100vw, 2560px\" \/><figcaption id=\"caption-attachment-8238\" class=\"wp-caption-text\">Renato Tavares, Paulo Burjack e Kleber Porci\u00fancula<\/figcaption><\/figure>\n<pre dir=\"ltr\">Fotos: Divulga\u00e7\u00e3o\/Assessoria de imprensa<\/pre>\n<p dir=\"ltr\">\n","protected":false},"excerpt":{"rendered":"<p>Com mega evento para convidados, a Saga BYD Park Sul celebra a sua reinaugura\u00e7\u00e3o \u00c9 oficial! A Saga BYD Park Sul, a n\u00famero 1 em vendas na Am\u00e9rica Latina, est\u00e1 de cara nova e foi reinaugurada na \u00faltima quarta-feira (05), em uma noite em grande estilo que contou com a presen\u00e7a do presidente da BYD no Brasil, Tyler Li, do vice-presidente s\u00eanior da BYD Brasil, Alexandre Baldy, do diretor de marca BYD, Caio Mandarino, do diretor-regional da Saga, Gian Mendon\u00e7a, do diretor nacional da Saga, Vladmir Freitas e do vice-presidente da Saga, Evandro Maia. Durante a cerim\u00f4nia, Caio Mandarino destacou que com a estrutura nova, mais ampla e confort\u00e1vel, a loja est\u00e1 pronta para seguir escrevendo essa hist\u00f3ria de sucesso, oferecendo aos clientes um ambiente ainda mais moderno e acolhedor. \u201cEstamos impulsionando a mobilidade sustent\u00e1vel, tornando os ve\u00edculos el\u00e9tricos e h\u00edbridos mais acess\u00edveis com benef\u00edcios exclusivos, condi\u00e7\u00f5es especiais de financiamento e isen\u00e7\u00e3o de IPVA em Bras\u00edlia\u201d, afirmou. Estiveram presentes tamb\u00e9m autoridades, jornalistas, formadores de opini\u00e3o e empres\u00e1rios de Bras\u00edlia. O\u00a0mailing\u00a0foi assinado pelo RP Tiago Correia e pela jornalista Andressa Furtado. A noite contou com drinks, vinhos e um buffet impec\u00e1vel, al\u00e9m de uma brinquedoteca com monitores infantis, banda de jazz com m\u00fasica ao vivo, DJ e uma apresenta\u00e7\u00e3o de kung fu. Agora, a concession\u00e1ria que se consolidou como l\u00edder de vendas de h\u00edbridos el\u00e9tricos da marca BYD, alcan\u00e7ando recordes impressionantes ao longo da sua trajet\u00f3ria, como vender mais de 500 carros em apenas um m\u00eas, est\u00e1 pronta para escrever uma nova hist\u00f3ria. Veja algumas das personalidades que passaram por l\u00e1: Fotos: Divulga\u00e7\u00e3o\/Assessoria de imprensa<\/p>\n","protected":false},"author":6,"featured_media":8243,"comment_status":"closed","ping_status":"open","sticky":false,"template":"","format":"standard","meta":{"site-sidebar-layout":"default","site-content-layout":"","ast-site-content-layout":"default","site-content-style":"default","site-sidebar-style":"default","ast-global-header-display":"","ast-banner-title-visibility":"","ast-main-header-display":"","ast-hfb-above-header-display":"","ast-hfb-below-header-display":"","ast-hfb-mobile-header-display":"","site-post-title":"","ast-breadcrumbs-content":"","ast-featured-img":"","footer-sml-layout":"","ast-disable-related-posts":"","theme-transparent-header-meta":"default","adv-header-id-meta":"","stick-header-meta":"","header-above-stick-meta":"","header-main-stick-meta":"","header-below-stick-meta":"","astra-migrate-meta-layouts":"set","ast-page-background-enabled":"default","ast-page-background-meta":{"desktop":{"background-color":"","background-image":"","background-repeat":"repeat","background-position":"center center","background-size":"auto","background-attachment":"scroll","background-type":"","background-media":"","overlay-type":"","overlay-color":"","overlay-opacity":"","overlay-gradient":""},"tablet":{"background-color":"","background-image":"","background-repeat":"repeat","background-position":"center center","background-size":"auto","background-attachment":"scroll","background-type":"","background-media":"","overlay-type":"","overlay-color":"","overlay-opacity":"","overlay-gradient":""},"mobile":{"background-color":"","background-image":"","background-repeat":"repeat","background-position":"center center","background-size":"auto","background-attachment":"scroll","background-type":"","background-media":"","overlay-type":"","overlay-color":"","overlay-opacity":"","overlay-gradient":""}},"ast-content-background-meta":{"desktop":{"background-color":"var(--ast-global-color-5)","background-image":"","background-repeat":"repeat","background-position":"center center","background-size":"auto","background-attachment":"scroll","background-type":"","background-media":"","overlay-type":"","overlay-color":"","overlay-opacity":"","overlay-gradient":""},"tablet":{"background-color":"var(--ast-global-color-5)","background-image":"","background-repeat":"repeat","background-position":"center center","background-size":"auto","background-attachment":"scroll","background-type":"","background-media":"","overlay-type":"","overlay-color":"","overlay-opacity":"","overlay-gradient":""},"mobile":{"background-color":"var(--ast-global-color-5)","background-image":"","background-repeat":"repeat","background-position":"center center","background-size":"auto","background-attachment":"scroll","background-type":"","background-media":"","overlay-type":"","overlay-color":"","overlay-opacity":"","overlay-gradient":""}},"footnotes":""},"categories":[43,41],"tags":[54,1767,1768,1771,1772,1105,89,1770,1769],"class_list":["post-8229","post","type-post","status-publish","format-standard","has-post-thumbnail","hentry","category-perambulando","category-vida","tag-brasilia","tag-byd","tag-byd-brasil","tag-carro-eletrico","tag-carro-hibrido","tag-concessionaria","tag-df","tag-saga","tag-saga-byd-park-sul"],"yoast_head":"<!-- This site is optimized with the Yoast SEO plugin v27.0 - https:\/\/yoast.com\/product\/yoast-seo-wordpress\/ -->\n<title>Saga BYD Park Sul is back! - LACKMAN &amp; CO.<\/title>\n<meta name=\"robots\" content=\"index, follow, max-snippet:-1, max-image-preview:large, max-video-preview:-1\" \/>\n<link rel=\"canonical\" href=\"https:\/\/lackman.com.br\/index.php\/2025\/02\/10\/byd-park-sul-is-back\/\" \/>\n<meta property=\"og:locale\" content=\"pt_BR\" \/>\n<meta property=\"og:type\" content=\"article\" \/>\n<meta property=\"og:title\" content=\"Saga BYD Park Sul is back! - LACKMAN &amp; CO.\" \/>\n<meta property=\"og:description\" content=\"Com mega evento para convidados, a Saga BYD Park Sul celebra a sua reinaugura\u00e7\u00e3o \u00c9 oficial! A Saga BYD Park Sul, a n\u00famero 1 em vendas na Am\u00e9rica Latina, est\u00e1 de cara nova e foi reinaugurada na \u00faltima quarta-feira (05), em uma noite em grande estilo que contou com a presen\u00e7a do presidente da BYD no Brasil, Tyler Li, do vice-presidente s\u00eanior da BYD Brasil, Alexandre Baldy, do diretor de marca BYD, Caio Mandarino, do diretor-regional da Saga, Gian Mendon\u00e7a, do diretor nacional da Saga, Vladmir Freitas e do vice-presidente da Saga, Evandro Maia. Durante a cerim\u00f4nia, Caio Mandarino destacou que com a estrutura nova, mais ampla e confort\u00e1vel, a loja est\u00e1 pronta para seguir escrevendo essa hist\u00f3ria de sucesso, oferecendo aos clientes um ambiente ainda mais moderno e acolhedor. \u201cEstamos impulsionando a mobilidade sustent\u00e1vel, tornando os ve\u00edculos el\u00e9tricos e h\u00edbridos mais acess\u00edveis com benef\u00edcios exclusivos, condi\u00e7\u00f5es especiais de financiamento e isen\u00e7\u00e3o de IPVA em Bras\u00edlia\u201d, afirmou. Estiveram presentes tamb\u00e9m autoridades, jornalistas, formadores de opini\u00e3o e empres\u00e1rios de Bras\u00edlia. O\u00a0mailing\u00a0foi assinado pelo RP Tiago Correia e pela jornalista Andressa Furtado. A noite contou com drinks, vinhos e um buffet impec\u00e1vel, al\u00e9m de uma brinquedoteca com monitores infantis, banda de jazz com m\u00fasica ao vivo, DJ e uma apresenta\u00e7\u00e3o de kung fu. Agora, a concession\u00e1ria que se consolidou como l\u00edder de vendas de h\u00edbridos el\u00e9tricos da marca BYD, alcan\u00e7ando recordes impressionantes ao longo da sua trajet\u00f3ria, como vender mais de 500 carros em apenas um m\u00eas, est\u00e1 pronta para escrever uma nova hist\u00f3ria. Veja algumas das personalidades que passaram por l\u00e1: Fotos: Divulga\u00e7\u00e3o\/Assessoria de imprensa\" \/>\n<meta property=\"og:url\" content=\"https:\/\/lackman.com.br\/index.php\/2025\/02\/10\/byd-park-sul-is-back\/\" \/>\n<meta property=\"og:site_name\" content=\"LACKMAN &amp; CO.\" \/>\n<meta property=\"article:published_time\" content=\"2025-02-10T19:43:38+00:00\" \/>\n<meta property=\"article:modified_time\" content=\"2025-02-10T19:49:45+00:00\" \/>\n<meta property=\"og:image\" content=\"http:\/\/lackman.com.br\/wp-content\/uploads\/2025\/02\/unnamed-4_1.png\" \/>\n\t<meta property=\"og:image:width\" content=\"1013\" \/>\n\t<meta property=\"og:image:height\" content=\"606\" \/>\n\t<meta property=\"og:image:type\" content=\"image\/png\" \/>\n<meta name=\"author\" content=\"Gilberto Evangelista - Colunista\" \/>\n<meta name=\"twitter:card\" content=\"summary_large_image\" \/>\n<meta name=\"twitter:label1\" content=\"Escrito por\" \/>\n\t<meta name=\"twitter:data1\" content=\"Gilberto Evangelista - Colunista\" \/>\n\t<meta name=\"twitter:label2\" content=\"Est. tempo de leitura\" \/>\n\t<meta name=\"twitter:data2\" content=\"4 minutos\" \/>\n<script type=\"application\/ld+json\" class=\"yoast-schema-graph\">{\"@context\":\"https:\/\/schema.org\",\"@graph\":[{\"@type\":\"Article\",\"@id\":\"https:\/\/lackman.com.br\/index.php\/2025\/02\/10\/byd-park-sul-is-back\/#article\",\"isPartOf\":{\"@id\":\"https:\/\/lackman.com.br\/index.php\/2025\/02\/10\/byd-park-sul-is-back\/\"},\"author\":{\"name\":\"Gilberto Evangelista - Colunista\",\"@id\":\"https:\/\/lackman.com.br\/#\/schema\/person\/8a2355f699593d21d4f0d25b69db5747\"},\"headline\":\"Saga BYD Park Sul is back!\",\"datePublished\":\"2025-02-10T19:43:38+00:00\",\"dateModified\":\"2025-02-10T19:49:45+00:00\",\"mainEntityOfPage\":{\"@id\":\"https:\/\/lackman.com.br\/index.php\/2025\/02\/10\/byd-park-sul-is-back\/\"},\"wordCount\":377,\"publisher\":{\"@id\":\"https:\/\/lackman.com.br\/#organization\"},\"image\":{\"@id\":\"https:\/\/lackman.com.br\/index.php\/2025\/02\/10\/byd-park-sul-is-back\/#primaryimage\"},\"thumbnailUrl\":\"https:\/\/lackman.com.br\/wp-content\/uploads\/2025\/02\/unnamed-4_1.png\",\"keywords\":[\"brasilia\",\"BYD\",\"BYD Brasil\",\"carro el\u00e9trico\",\"carro h\u00edbrido\",\"concession\u00e1ria\",\"df\",\"Saga\",\"Saga BYD Park Sul\"],\"articleSection\":[\"Perambulando\",\"Vida\"],\"inLanguage\":\"pt-BR\"},{\"@type\":\"WebPage\",\"@id\":\"https:\/\/lackman.com.br\/index.php\/2025\/02\/10\/byd-park-sul-is-back\/\",\"url\":\"https:\/\/lackman.com.br\/index.php\/2025\/02\/10\/byd-park-sul-is-back\/\",\"name\":\"Saga BYD Park Sul is back! - LACKMAN &amp; CO.\",\"isPartOf\":{\"@id\":\"https:\/\/lackman.com.br\/#website\"},\"primaryImageOfPage\":{\"@id\":\"https:\/\/lackman.com.br\/index.php\/2025\/02\/10\/byd-park-sul-is-back\/#primaryimage\"},\"image\":{\"@id\":\"https:\/\/lackman.com.br\/index.php\/2025\/02\/10\/byd-park-sul-is-back\/#primaryimage\"},\"thumbnailUrl\":\"https:\/\/lackman.com.br\/wp-content\/uploads\/2025\/02\/unnamed-4_1.png\",\"datePublished\":\"2025-02-10T19:43:38+00:00\",\"dateModified\":\"2025-02-10T19:49:45+00:00\",\"breadcrumb\":{\"@id\":\"https:\/\/lackman.com.br\/index.php\/2025\/02\/10\/byd-park-sul-is-back\/#breadcrumb\"},\"inLanguage\":\"pt-BR\",\"potentialAction\":[{\"@type\":\"ReadAction\",\"target\":[\"https:\/\/lackman.com.br\/index.php\/2025\/02\/10\/byd-park-sul-is-back\/\"]}]},{\"@type\":\"ImageObject\",\"inLanguage\":\"pt-BR\",\"@id\":\"https:\/\/lackman.com.br\/index.php\/2025\/02\/10\/byd-park-sul-is-back\/#primaryimage\",\"url\":\"https:\/\/lackman.com.br\/wp-content\/uploads\/2025\/02\/unnamed-4_1.png\",\"contentUrl\":\"https:\/\/lackman.com.br\/wp-content\/uploads\/2025\/02\/unnamed-4_1.png\",\"width\":1013,\"height\":606},{\"@type\":\"BreadcrumbList\",\"@id\":\"https:\/\/lackman.com.br\/index.php\/2025\/02\/10\/byd-park-sul-is-back\/#breadcrumb\",\"itemListElement\":[{\"@type\":\"ListItem\",\"position\":1,\"name\":\"In\u00edcio\",\"item\":\"https:\/\/lackman.com.br\/\"},{\"@type\":\"ListItem\",\"position\":2,\"name\":\"Saga BYD Park Sul is back!\"}]},{\"@type\":\"WebSite\",\"@id\":\"https:\/\/lackman.com.br\/#website\",\"url\":\"https:\/\/lackman.com.br\/\",\"name\":\"LACKMAN &amp; CO.\",\"description\":\"VIDA | MODA | ARTE\",\"publisher\":{\"@id\":\"https:\/\/lackman.com.br\/#organization\"},\"potentialAction\":[{\"@type\":\"SearchAction\",\"target\":{\"@type\":\"EntryPoint\",\"urlTemplate\":\"https:\/\/lackman.com.br\/?s={search_term_string}\"},\"query-input\":{\"@type\":\"PropertyValueSpecification\",\"valueRequired\":true,\"valueName\":\"search_term_string\"}}],\"inLanguage\":\"pt-BR\"},{\"@type\":\"Organization\",\"@id\":\"https:\/\/lackman.com.br\/#organization\",\"name\":\"LACKMAN &amp; CO.\",\"url\":\"https:\/\/lackman.com.br\/\",\"logo\":{\"@type\":\"ImageObject\",\"inLanguage\":\"pt-BR\",\"@id\":\"https:\/\/lackman.com.br\/#\/schema\/logo\/image\/\",\"url\":\"https:\/\/lackman.com.br\/wp-content\/uploads\/2023\/06\/Logotipo_preto-1.png\",\"contentUrl\":\"https:\/\/lackman.com.br\/wp-content\/uploads\/2023\/06\/Logotipo_preto-1.png\",\"width\":739,\"height\":393,\"caption\":\"LACKMAN &amp; CO.\"},\"image\":{\"@id\":\"https:\/\/lackman.com.br\/#\/schema\/logo\/image\/\"}},{\"@type\":\"Person\",\"@id\":\"https:\/\/lackman.com.br\/#\/schema\/person\/8a2355f699593d21d4f0d25b69db5747\",\"name\":\"Gilberto Evangelista - Colunista\",\"image\":{\"@type\":\"ImageObject\",\"inLanguage\":\"pt-BR\",\"@id\":\"https:\/\/lackman.com.br\/#\/schema\/person\/image\/\",\"url\":\"https:\/\/secure.gravatar.com\/avatar\/cea9badf02f8a90f7a745f2cbea45fda61f65711ec015e2faf3809cca6337c28?s=96&d=mm&r=g\",\"contentUrl\":\"https:\/\/secure.gravatar.com\/avatar\/cea9badf02f8a90f7a745f2cbea45fda61f65711ec015e2faf3809cca6337c28?s=96&d=mm&r=g\",\"caption\":\"Gilberto Evangelista - Colunista\"},\"description\":\"Jornalista e globetrotter.\",\"url\":\"https:\/\/lackman.com.br\/index.php\/author\/gilberto-brito\/\"}]}<\/script>\n<!-- \/ Yoast SEO plugin. -->","yoast_head_json":{"title":"Saga BYD Park Sul is back! - LACKMAN &amp; CO.","robots":{"index":"index","follow":"follow","max-snippet":"max-snippet:-1","max-image-preview":"max-image-preview:large","max-video-preview":"max-video-preview:-1"},"canonical":"https:\/\/lackman.com.br\/index.php\/2025\/02\/10\/byd-park-sul-is-back\/","og_locale":"pt_BR","og_type":"article","og_title":"Saga BYD Park Sul is back! - LACKMAN &amp; CO.","og_description":"Com mega evento para convidados, a Saga BYD Park Sul celebra a sua reinaugura\u00e7\u00e3o \u00c9 oficial! A Saga BYD Park Sul, a n\u00famero 1 em vendas na Am\u00e9rica Latina, est\u00e1 de cara nova e foi reinaugurada na \u00faltima quarta-feira (05), em uma noite em grande estilo que contou com a presen\u00e7a do presidente da BYD no Brasil, Tyler Li, do vice-presidente s\u00eanior da BYD Brasil, Alexandre Baldy, do diretor de marca BYD, Caio Mandarino, do diretor-regional da Saga, Gian Mendon\u00e7a, do diretor nacional da Saga, Vladmir Freitas e do vice-presidente da Saga, Evandro Maia. Durante a cerim\u00f4nia, Caio Mandarino destacou que com a estrutura nova, mais ampla e confort\u00e1vel, a loja est\u00e1 pronta para seguir escrevendo essa hist\u00f3ria de sucesso, oferecendo aos clientes um ambiente ainda mais moderno e acolhedor. \u201cEstamos impulsionando a mobilidade sustent\u00e1vel, tornando os ve\u00edculos el\u00e9tricos e h\u00edbridos mais acess\u00edveis com benef\u00edcios exclusivos, condi\u00e7\u00f5es especiais de financiamento e isen\u00e7\u00e3o de IPVA em Bras\u00edlia\u201d, afirmou. Estiveram presentes tamb\u00e9m autoridades, jornalistas, formadores de opini\u00e3o e empres\u00e1rios de Bras\u00edlia. O\u00a0mailing\u00a0foi assinado pelo RP Tiago Correia e pela jornalista Andressa Furtado. A noite contou com drinks, vinhos e um buffet impec\u00e1vel, al\u00e9m de uma brinquedoteca com monitores infantis, banda de jazz com m\u00fasica ao vivo, DJ e uma apresenta\u00e7\u00e3o de kung fu. Agora, a concession\u00e1ria que se consolidou como l\u00edder de vendas de h\u00edbridos el\u00e9tricos da marca BYD, alcan\u00e7ando recordes impressionantes ao longo da sua trajet\u00f3ria, como vender mais de 500 carros em apenas um m\u00eas, est\u00e1 pronta para escrever uma nova hist\u00f3ria. Veja algumas das personalidades que passaram por l\u00e1: Fotos: Divulga\u00e7\u00e3o\/Assessoria de imprensa","og_url":"https:\/\/lackman.com.br\/index.php\/2025\/02\/10\/byd-park-sul-is-back\/","og_site_name":"LACKMAN &amp; CO.","article_published_time":"2025-02-10T19:43:38+00:00","article_modified_time":"2025-02-10T19:49:45+00:00","og_image":[{"width":1013,"height":606,"url":"http:\/\/lackman.com.br\/wp-content\/uploads\/2025\/02\/unnamed-4_1.png","type":"image\/png"}],"author":"Gilberto Evangelista - Colunista","twitter_card":"summary_large_image","twitter_misc":{"Escrito por":"Gilberto Evangelista - Colunista","Est. tempo de leitura":"4 minutos"},"schema":{"@context":"https:\/\/schema.org","@graph":[{"@type":"Article","@id":"https:\/\/lackman.com.br\/index.php\/2025\/02\/10\/byd-park-sul-is-back\/#article","isPartOf":{"@id":"https:\/\/lackman.com.br\/index.php\/2025\/02\/10\/byd-park-sul-is-back\/"},"author":{"name":"Gilberto Evangelista - Colunista","@id":"https:\/\/lackman.com.br\/#\/schema\/person\/8a2355f699593d21d4f0d25b69db5747"},"headline":"Saga BYD Park Sul is back!","datePublished":"2025-02-10T19:43:38+00:00","dateModified":"2025-02-10T19:49:45+00:00","mainEntityOfPage":{"@id":"https:\/\/lackman.com.br\/index.php\/2025\/02\/10\/byd-park-sul-is-back\/"},"wordCount":377,"publisher":{"@id":"https:\/\/lackman.com.br\/#organization"},"image":{"@id":"https:\/\/lackman.com.br\/index.php\/2025\/02\/10\/byd-park-sul-is-back\/#primaryimage"},"thumbnailUrl":"https:\/\/lackman.com.br\/wp-content\/uploads\/2025\/02\/unnamed-4_1.png","keywords":["brasilia","BYD","BYD Brasil","carro el\u00e9trico","carro h\u00edbrido","concession\u00e1ria","df","Saga","Saga BYD Park Sul"],"articleSection":["Perambulando","Vida"],"inLanguage":"pt-BR"},{"@type":"WebPage","@id":"https:\/\/lackman.com.br\/index.php\/2025\/02\/10\/byd-park-sul-is-back\/","url":"https:\/\/lackman.com.br\/index.php\/2025\/02\/10\/byd-park-sul-is-back\/","name":"Saga BYD Park Sul is back! - LACKMAN &amp; CO.","isPartOf":{"@id":"https:\/\/lackman.com.br\/#website"},"primaryImageOfPage":{"@id":"https:\/\/lackman.com.br\/index.php\/2025\/02\/10\/byd-park-sul-is-back\/#primaryimage"},"image":{"@id":"https:\/\/lackman.com.br\/index.php\/2025\/02\/10\/byd-park-sul-is-back\/#primaryimage"},"thumbnailUrl":"https:\/\/lackman.com.br\/wp-content\/uploads\/2025\/02\/unnamed-4_1.png","datePublished":"2025-02-10T19:43:38+00:00","dateModified":"2025-02-10T19:49:45+00:00","breadcrumb":{"@id":"https:\/\/lackman.com.br\/index.php\/2025\/02\/10\/byd-park-sul-is-back\/#breadcrumb"},"inLanguage":"pt-BR","potentialAction":[{"@type":"ReadAction","target":["https:\/\/lackman.com.br\/index.php\/2025\/02\/10\/byd-park-sul-is-back\/"]}]},{"@type":"ImageObject","inLanguage":"pt-BR","@id":"https:\/\/lackman.com.br\/index.php\/2025\/02\/10\/byd-park-sul-is-back\/#primaryimage","url":"https:\/\/lackman.com.br\/wp-content\/uploads\/2025\/02\/unnamed-4_1.png","contentUrl":"https:\/\/lackman.com.br\/wp-content\/uploads\/2025\/02\/unnamed-4_1.png","width":1013,"height":606},{"@type":"BreadcrumbList","@id":"https:\/\/lackman.com.br\/index.php\/2025\/02\/10\/byd-park-sul-is-back\/#breadcrumb","itemListElement":[{"@type":"ListItem","position":1,"name":"In\u00edcio","item":"https:\/\/lackman.com.br\/"},{"@type":"ListItem","position":2,"name":"Saga BYD Park Sul is back!"}]},{"@type":"WebSite","@id":"https:\/\/lackman.com.br\/#website","url":"https:\/\/lackman.com.br\/","name":"LACKMAN &amp; CO.","description":"VIDA | MODA | ARTE","publisher":{"@id":"https:\/\/lackman.com.br\/#organization"},"potentialAction":[{"@type":"SearchAction","target":{"@type":"EntryPoint","urlTemplate":"https:\/\/lackman.com.br\/?s={search_term_string}"},"query-input":{"@type":"PropertyValueSpecification","valueRequired":true,"valueName":"search_term_string"}}],"inLanguage":"pt-BR"},{"@type":"Organization","@id":"https:\/\/lackman.com.br\/#organization","name":"LACKMAN &amp; CO.","url":"https:\/\/lackman.com.br\/","logo":{"@type":"ImageObject","inLanguage":"pt-BR","@id":"https:\/\/lackman.com.br\/#\/schema\/logo\/image\/","url":"https:\/\/lackman.com.br\/wp-content\/uploads\/2023\/06\/Logotipo_preto-1.png","contentUrl":"https:\/\/lackman.com.br\/wp-content\/uploads\/2023\/06\/Logotipo_preto-1.png","width":739,"height":393,"caption":"LACKMAN &amp; CO."},"image":{"@id":"https:\/\/lackman.com.br\/#\/schema\/logo\/image\/"}},{"@type":"Person","@id":"https:\/\/lackman.com.br\/#\/schema\/person\/8a2355f699593d21d4f0d25b69db5747","name":"Gilberto Evangelista - Colunista","image":{"@type":"ImageObject","inLanguage":"pt-BR","@id":"https:\/\/lackman.com.br\/#\/schema\/person\/image\/","url":"https:\/\/secure.gravatar.com\/avatar\/cea9badf02f8a90f7a745f2cbea45fda61f65711ec015e2faf3809cca6337c28?s=96&d=mm&r=g","contentUrl":"https:\/\/secure.gravatar.com\/avatar\/cea9badf02f8a90f7a745f2cbea45fda61f65711ec015e2faf3809cca6337c28?s=96&d=mm&r=g","caption":"Gilberto Evangelista - Colunista"},"description":"Jornalista e globetrotter.","url":"https:\/\/lackman.com.br\/index.php\/author\/gilberto-brito\/"}]}},"rttpg_featured_image_url":{"full":["https:\/\/lackman.com.br\/wp-content\/uploads\/2025\/02\/unnamed-4_1.png",1013,606,false],"landscape":["https:\/\/lackman.com.br\/wp-content\/uploads\/2025\/02\/unnamed-4_1.png",1013,606,false],"portraits":["https:\/\/lackman.com.br\/wp-content\/uploads\/2025\/02\/unnamed-4_1.png",1013,606,false],"thumbnail":["https:\/\/lackman.com.br\/wp-content\/uploads\/2025\/02\/unnamed-4_1-150x150.png",150,150,true],"medium":["https:\/\/lackman.com.br\/wp-content\/uploads\/2025\/02\/unnamed-4_1-300x179.png",300,179,true],"large":["https:\/\/lackman.com.br\/wp-content\/uploads\/2025\/02\/unnamed-4_1.png",1013,606,false],"RoboGalleryMansoryImagesCenter":["https:\/\/lackman.com.br\/wp-content\/uploads\/2025\/02\/unnamed-4_1-600x606.png",600,606,true],"RoboGalleryPreload":["https:\/\/lackman.com.br\/wp-content\/uploads\/2025\/02\/unnamed-4_1.png",100,60,false],"1536x1536":["https:\/\/lackman.com.br\/wp-content\/uploads\/2025\/02\/unnamed-4_1.png",1013,606,false],"2048x2048":["https:\/\/lackman.com.br\/wp-content\/uploads\/2025\/02\/unnamed-4_1.png",1013,606,false]},"rttpg_author":{"display_name":"Gilberto Evangelista - Colunista","author_link":"https:\/\/lackman.com.br\/index.php\/author\/gilberto-brito\/"},"rttpg_comment":0,"rttpg_category":"<a href=\"https:\/\/lackman.com.br\/index.php\/category\/vida\/perambulando\/\" rel=\"category tag\">Perambulando<\/a> <a href=\"https:\/\/lackman.com.br\/index.php\/category\/vida\/\" rel=\"category tag\">Vida<\/a>","rttpg_excerpt":"Com mega evento para convidados, a Saga BYD Park Sul celebra a sua reinaugura\u00e7\u00e3o \u00c9 oficial! A Saga BYD Park Sul, a n\u00famero 1 em vendas na Am\u00e9rica Latina, est\u00e1 de cara nova e foi reinaugurada na \u00faltima quarta-feira (05), em uma noite em grande estilo que contou com a presen\u00e7a do presidente da BYD&hellip;","_links":{"self":[{"href":"https:\/\/lackman.com.br\/index.php\/wp-json\/wp\/v2\/posts\/8229","targetHints":{"allow":["GET"]}}],"collection":[{"href":"https:\/\/lackman.com.br\/index.php\/wp-json\/wp\/v2\/posts"}],"about":[{"href":"https:\/\/lackman.com.br\/index.php\/wp-json\/wp\/v2\/types\/post"}],"author":[{"embeddable":true,"href":"https:\/\/lackman.com.br\/index.php\/wp-json\/wp\/v2\/users\/6"}],"replies":[{"embeddable":true,"href":"https:\/\/lackman.com.br\/index.php\/wp-json\/wp\/v2\/comments?post=8229"}],"version-history":[{"count":4,"href":"https:\/\/lackman.com.br\/index.php\/wp-json\/wp\/v2\/posts\/8229\/revisions"}],"predecessor-version":[{"id":8245,"href":"https:\/\/lackman.com.br\/index.php\/wp-json\/wp\/v2\/posts\/8229\/revisions\/8245"}],"wp:featuredmedia":[{"embeddable":true,"href":"https:\/\/lackman.com.br\/index.php\/wp-json\/wp\/v2\/media\/8243"}],"wp:attachment":[{"href":"https:\/\/lackman.com.br\/index.php\/wp-json\/wp\/v2\/media?parent=8229"}],"wp:term":[{"taxonomy":"category","embeddable":true,"href":"https:\/\/lackman.com.br\/index.php\/wp-json\/wp\/v2\/categories?post=8229"},{"taxonomy":"post_tag","embeddable":true,"href":"https:\/\/lackman.com.br\/index.php\/wp-json\/wp\/v2\/tags?post=8229"}],"curies":[{"name":"wp","href":"https:\/\/api.w.org\/{rel}","templated":true}]}}