{"id":8133,"date":"2025-01-17T13:20:53","date_gmt":"2025-01-17T16:20:53","guid":{"rendered":"https:\/\/lackman.com.br\/?p=8133"},"modified":"2025-01-17T13:20:53","modified_gmt":"2025-01-17T16:20:53","slug":"carol-valenca-lanca-a-liquidecora-2025","status":"publish","type":"post","link":"https:\/\/lackman.com.br\/index.php\/2025\/01\/17\/carol-valenca-lanca-a-liquidecora-2025\/","title":{"rendered":"Carol Valen\u00e7a lan\u00e7a a Liquidecora 2025"},"content":{"rendered":"<h5 style=\"text-align: justify\"><em>Mix de exposi\u00e7\u00e3o e liquida\u00e7\u00e3o acontece ao longo de cinco semanas no Casapark para inspirar todo mundo a renovar o d\u00e9cor de seus lares com descontos de at\u00e9 50% em m\u00f3veis e acess\u00f3rios<\/em><\/h5>\n<p style=\"text-align: justify\">\n<p style=\"text-align: justify\">Com um happy hour que reuniu cerca de 200 convidados entre arquitetos, designers, lojistas e seus convidados, na \u00faltima quinta-feira (16), Carol Valen\u00e7a capitaneou a inaugura\u00e7\u00e3o da <strong>Mostra<\/strong> <strong>Liquidecora Casapark + Casapark Prime Janeiro 2025<\/strong>, dando assim in\u00edcio \u00e0 campanha do j\u00e1 tradicional per\u00edodo de promo\u00e7\u00f5es, o<strong> Liquidecora Casapark com descontos de at\u00e9 50%<\/strong>. Ser\u00e3o 37 dias para aproveitar a liquida\u00e7\u00e3o de in\u00edcio de ano das lojas do Casapark, com pre\u00e7os e condi\u00e7\u00f5es de pagamento favor\u00e1veis, pronta entrega e frete gratuito.<\/p>\n<p style=\"text-align: justify\">Acompanhando o lema da campanha \u201c<em><strong>Liquidecora:\u00a0Descontos para uma casa inspiradora<\/strong><\/em>\u201c, a Mostra Liquidecora + Casapark Prime traz ambientes criados por seis escrit\u00f3rios de arquitetura e design de interiores premiados pelo Programa de Relacionamento do shopping. Na Pra\u00e7a Central, os profissionais apresentam espa\u00e7os com dicas e solu\u00e7\u00f5es criativas para as diversas formas de morar com m\u00f3veis e acess\u00f3rios com descontos especiais.<\/p>\n<p style=\"text-align: justify\">At\u00e9 23 de fevereiro, o p\u00fablico poder\u00e1 conferir nas lojas do shopping as pe\u00e7as em promo\u00e7\u00e3o indicadas com a etiqueta do Liquidecora Casapark. E nas redes sociais do Casapark (@casapark), onde ser\u00e3o apresentados alguns achados imperd\u00edveis com dicas do Casapark e dos lojistas.<\/p>\n<p><img fetchpriority=\"high\" decoding=\"async\" class=\"alignnone size-large wp-image-8147\" src=\"http:\/\/lackman.com.br\/wp-content\/uploads\/2025\/01\/1-1024x683.jpg\" alt=\"\" width=\"1024\" height=\"683\" srcset=\"https:\/\/lackman.com.br\/wp-content\/uploads\/2025\/01\/1-1024x683.jpg 1024w, https:\/\/lackman.com.br\/wp-content\/uploads\/2025\/01\/1-300x200.jpg 300w, https:\/\/lackman.com.br\/wp-content\/uploads\/2025\/01\/1-768x512.jpg 768w, https:\/\/lackman.com.br\/wp-content\/uploads\/2025\/01\/1-1536x1024.jpg 1536w, https:\/\/lackman.com.br\/wp-content\/uploads\/2025\/01\/1-2048x1365.jpg 2048w\" sizes=\"(max-width: 1024px) 100vw, 1024px\" \/><\/p>\n<p><strong>Mostra Liquidecora<\/strong><\/p>\n<p style=\"text-align: justify\">Na Pra\u00e7a Central do Casapark, seis escrit\u00f3rios de arquitetura e design de interiores premiados pelo programa de relacionamento do Casapark estreiam na Mostra Liquidecora + Casapark Prime. Participam da mostra <strong>Fernanda Lettieri Arquitetura<\/strong> (Living), <strong>Alessandra Moussa<\/strong> (Sala de Estar), <strong>Olivia Lannes Arquitetura<\/strong> (Quarto de Casal), <strong>Giovanna Leal Arquitetos<\/strong> (Varanda Gourmet), <strong>Ana Paula Ribeiro Arquitetura<\/strong> (Home Office) e <strong>Ruan Braga Arquitetura e Interiores<\/strong> (Loft de Solteiro) criaram ambientes contempor\u00e2neos e inspiradores com produtos em promo\u00e7\u00e3o nas lojas do Casapark.<\/p>\n<figure id=\"attachment_8146\" aria-describedby=\"caption-attachment-8146\" style=\"width: 2560px\" class=\"wp-caption aligncenter\"><img decoding=\"async\" class=\"wp-image-8146 size-full\" src=\"http:\/\/lackman.com.br\/wp-content\/uploads\/2025\/01\/Alessandra-Moussa-2-scaled.jpg\" alt=\"\" width=\"2560\" height=\"1707\" srcset=\"https:\/\/lackman.com.br\/wp-content\/uploads\/2025\/01\/Alessandra-Moussa-2-scaled.jpg 2560w, https:\/\/lackman.com.br\/wp-content\/uploads\/2025\/01\/Alessandra-Moussa-2-300x200.jpg 300w, https:\/\/lackman.com.br\/wp-content\/uploads\/2025\/01\/Alessandra-Moussa-2-1024x683.jpg 1024w, https:\/\/lackman.com.br\/wp-content\/uploads\/2025\/01\/Alessandra-Moussa-2-768x512.jpg 768w, https:\/\/lackman.com.br\/wp-content\/uploads\/2025\/01\/Alessandra-Moussa-2-1536x1024.jpg 1536w, https:\/\/lackman.com.br\/wp-content\/uploads\/2025\/01\/Alessandra-Moussa-2-2048x1365.jpg 2048w\" sizes=\"(max-width: 2560px) 100vw, 2560px\" \/><figcaption id=\"caption-attachment-8146\" class=\"wp-caption-text\">Alessandra Moussa<\/figcaption><\/figure>\n<figure id=\"attachment_8144\" aria-describedby=\"caption-attachment-8144\" style=\"width: 2560px\" class=\"wp-caption aligncenter\"><img decoding=\"async\" class=\"wp-image-8144 size-full\" src=\"http:\/\/lackman.com.br\/wp-content\/uploads\/2025\/01\/Ana-Paula-Ribeiro-1-scaled.jpg\" alt=\"\" width=\"2560\" height=\"1707\" srcset=\"https:\/\/lackman.com.br\/wp-content\/uploads\/2025\/01\/Ana-Paula-Ribeiro-1-scaled.jpg 2560w, https:\/\/lackman.com.br\/wp-content\/uploads\/2025\/01\/Ana-Paula-Ribeiro-1-300x200.jpg 300w, https:\/\/lackman.com.br\/wp-content\/uploads\/2025\/01\/Ana-Paula-Ribeiro-1-1024x683.jpg 1024w, https:\/\/lackman.com.br\/wp-content\/uploads\/2025\/01\/Ana-Paula-Ribeiro-1-768x512.jpg 768w, https:\/\/lackman.com.br\/wp-content\/uploads\/2025\/01\/Ana-Paula-Ribeiro-1-1536x1024.jpg 1536w, https:\/\/lackman.com.br\/wp-content\/uploads\/2025\/01\/Ana-Paula-Ribeiro-1-2048x1365.jpg 2048w\" sizes=\"(max-width: 2560px) 100vw, 2560px\" \/><figcaption id=\"caption-attachment-8144\" class=\"wp-caption-text\">Ana Paula Ribeiro<\/figcaption><\/figure>\n<figure id=\"attachment_8140\" aria-describedby=\"caption-attachment-8140\" style=\"width: 2560px\" class=\"wp-caption aligncenter\"><img loading=\"lazy\" decoding=\"async\" class=\"wp-image-8140 size-full\" src=\"http:\/\/lackman.com.br\/wp-content\/uploads\/2025\/01\/Ruan-Braga-1-scaled.jpg\" alt=\"\" width=\"2560\" height=\"1707\" srcset=\"https:\/\/lackman.com.br\/wp-content\/uploads\/2025\/01\/Ruan-Braga-1-scaled.jpg 2560w, https:\/\/lackman.com.br\/wp-content\/uploads\/2025\/01\/Ruan-Braga-1-300x200.jpg 300w, https:\/\/lackman.com.br\/wp-content\/uploads\/2025\/01\/Ruan-Braga-1-1024x683.jpg 1024w, https:\/\/lackman.com.br\/wp-content\/uploads\/2025\/01\/Ruan-Braga-1-768x512.jpg 768w, https:\/\/lackman.com.br\/wp-content\/uploads\/2025\/01\/Ruan-Braga-1-1536x1024.jpg 1536w, https:\/\/lackman.com.br\/wp-content\/uploads\/2025\/01\/Ruan-Braga-1-2048x1365.jpg 2048w\" sizes=\"(max-width: 2560px) 100vw, 2560px\" \/><figcaption id=\"caption-attachment-8140\" class=\"wp-caption-text\">Ruan Braga<\/figcaption><\/figure>\n<p style=\"text-align: justify\">\u201c<em>A mostra \u00e9 organizada em torno das mais variadas formas de viver a casa, com sugest\u00f5es e dicas para aproveitar melhor os produtos em promo\u00e7\u00e3o<\/em>\u201d, afirma <strong>Carol Valen\u00e7a<\/strong>, gerente de marketing do Casapark. \u201c<em>A cada edi\u00e7\u00e3o, analisamos as tend\u00eancias no morar e buscamos formas de atender \u00e0s demandas do mercado. Nesta edi\u00e7\u00e3o inclu\u00edmos na mostra Liquidecora o Loft de Solteiro. Essa \u00e9 uma tend\u00eancia mundial do setor imobili\u00e1rio que oferece unidades para uma pessoa ou casal sem filhos<\/em>\u201d, ressalta a gerente. \u201c<em>A mostra \u00e9 tamb\u00e9m uma boa oportunidade para o p\u00fablico conhecer o trabalho dos profissionais da arquitetura e do design de interiores, que ajudam a fazer escolhas mais acertadas, levando em considera\u00e7\u00e3o os desejos e as necessidades de seus clientes<\/em>\u201d, completa Carol.<\/p>\n<figure id=\"attachment_8141\" aria-describedby=\"caption-attachment-8141\" style=\"width: 2560px\" class=\"wp-caption aligncenter\"><img loading=\"lazy\" decoding=\"async\" class=\"wp-image-8141 size-full\" src=\"http:\/\/lackman.com.br\/wp-content\/uploads\/2025\/01\/Fernanda-Lettieri-1-scaled.jpg\" alt=\"\" width=\"2560\" height=\"1707\" srcset=\"https:\/\/lackman.com.br\/wp-content\/uploads\/2025\/01\/Fernanda-Lettieri-1-scaled.jpg 2560w, https:\/\/lackman.com.br\/wp-content\/uploads\/2025\/01\/Fernanda-Lettieri-1-300x200.jpg 300w, https:\/\/lackman.com.br\/wp-content\/uploads\/2025\/01\/Fernanda-Lettieri-1-1024x683.jpg 1024w, https:\/\/lackman.com.br\/wp-content\/uploads\/2025\/01\/Fernanda-Lettieri-1-768x512.jpg 768w, https:\/\/lackman.com.br\/wp-content\/uploads\/2025\/01\/Fernanda-Lettieri-1-1536x1024.jpg 1536w, https:\/\/lackman.com.br\/wp-content\/uploads\/2025\/01\/Fernanda-Lettieri-1-2048x1365.jpg 2048w\" sizes=\"(max-width: 2560px) 100vw, 2560px\" \/><figcaption id=\"caption-attachment-8141\" class=\"wp-caption-text\">Fernanda Lettieri<\/figcaption><\/figure>\n<figure id=\"attachment_8142\" aria-describedby=\"caption-attachment-8142\" style=\"width: 2560px\" class=\"wp-caption aligncenter\"><img loading=\"lazy\" decoding=\"async\" class=\"wp-image-8142 size-full\" src=\"http:\/\/lackman.com.br\/wp-content\/uploads\/2025\/01\/Giovanna-Leal-2-scaled.jpg\" alt=\"\" width=\"2560\" height=\"1707\" srcset=\"https:\/\/lackman.com.br\/wp-content\/uploads\/2025\/01\/Giovanna-Leal-2-scaled.jpg 2560w, https:\/\/lackman.com.br\/wp-content\/uploads\/2025\/01\/Giovanna-Leal-2-300x200.jpg 300w, https:\/\/lackman.com.br\/wp-content\/uploads\/2025\/01\/Giovanna-Leal-2-1024x683.jpg 1024w, https:\/\/lackman.com.br\/wp-content\/uploads\/2025\/01\/Giovanna-Leal-2-768x512.jpg 768w, https:\/\/lackman.com.br\/wp-content\/uploads\/2025\/01\/Giovanna-Leal-2-1536x1024.jpg 1536w, https:\/\/lackman.com.br\/wp-content\/uploads\/2025\/01\/Giovanna-Leal-2-2048x1365.jpg 2048w\" sizes=\"(max-width: 2560px) 100vw, 2560px\" \/><figcaption id=\"caption-attachment-8142\" class=\"wp-caption-text\">Giovanna Leal<\/figcaption><\/figure>\n<figure id=\"attachment_8139\" aria-describedby=\"caption-attachment-8139\" style=\"width: 2560px\" class=\"wp-caption aligncenter\"><img loading=\"lazy\" decoding=\"async\" class=\"wp-image-8139 size-full\" src=\"http:\/\/lackman.com.br\/wp-content\/uploads\/2025\/01\/Olivia-Lannes-1-scaled.jpg\" alt=\"\" width=\"2560\" height=\"1707\" srcset=\"https:\/\/lackman.com.br\/wp-content\/uploads\/2025\/01\/Olivia-Lannes-1-scaled.jpg 2560w, https:\/\/lackman.com.br\/wp-content\/uploads\/2025\/01\/Olivia-Lannes-1-300x200.jpg 300w, https:\/\/lackman.com.br\/wp-content\/uploads\/2025\/01\/Olivia-Lannes-1-1024x683.jpg 1024w, https:\/\/lackman.com.br\/wp-content\/uploads\/2025\/01\/Olivia-Lannes-1-768x512.jpg 768w, https:\/\/lackman.com.br\/wp-content\/uploads\/2025\/01\/Olivia-Lannes-1-1536x1024.jpg 1536w, https:\/\/lackman.com.br\/wp-content\/uploads\/2025\/01\/Olivia-Lannes-1-2048x1365.jpg 2048w\" sizes=\"(max-width: 2560px) 100vw, 2560px\" \/><figcaption id=\"caption-attachment-8139\" class=\"wp-caption-text\">Ol\u00edvia Lannes<\/figcaption><\/figure>\n<p style=\"text-align: justify\">A Mostra Liquidecora fica em exibi\u00e7\u00e3o na Pra\u00e7a Central do shopping at\u00e9 o dia 23 de fevereiro, com visita\u00e7\u00e3o de segunda a s\u00e1bado, das 10h \u00e0s 22h, e domingo, das 12h \u00e0s 20h. A entrada \u00e9 gratuita e livre para todos os p\u00fablicos. Confira abaixo cliques de quem andou <strong>#PERAMBULANDO<\/strong> nesse happening para l\u00e1 de disputado em cliques de <strong>C\u00e9sar Rebou\u00e7as<\/strong>:<\/p>\n<div class=\"mceTemp\"><\/div>\n<figure id=\"attachment_8136\" aria-describedby=\"caption-attachment-8136\" style=\"width: 1024px\" class=\"wp-caption aligncenter\"><img loading=\"lazy\" decoding=\"async\" class=\"wp-image-8136 size-large\" src=\"http:\/\/lackman.com.br\/wp-content\/uploads\/2025\/01\/Marcus-Leite-Angelina-Elias-e-Andre-Alf-1024x683.jpg\" alt=\"\" width=\"1024\" height=\"683\" srcset=\"https:\/\/lackman.com.br\/wp-content\/uploads\/2025\/01\/Marcus-Leite-Angelina-Elias-e-Andre-Alf-1024x683.jpg 1024w, https:\/\/lackman.com.br\/wp-content\/uploads\/2025\/01\/Marcus-Leite-Angelina-Elias-e-Andre-Alf-300x200.jpg 300w, https:\/\/lackman.com.br\/wp-content\/uploads\/2025\/01\/Marcus-Leite-Angelina-Elias-e-Andre-Alf-768x512.jpg 768w, https:\/\/lackman.com.br\/wp-content\/uploads\/2025\/01\/Marcus-Leite-Angelina-Elias-e-Andre-Alf-1536x1024.jpg 1536w, https:\/\/lackman.com.br\/wp-content\/uploads\/2025\/01\/Marcus-Leite-Angelina-Elias-e-Andre-Alf-2048x1365.jpg 2048w\" sizes=\"(max-width: 1024px) 100vw, 1024px\" \/><figcaption id=\"caption-attachment-8136\" class=\"wp-caption-text\">Marcus Leite, Angelina Elias e Andr\u00e9 Alfv<\/figcaption><\/figure>\n<figure id=\"attachment_8138\" aria-describedby=\"caption-attachment-8138\" style=\"width: 2560px\" class=\"wp-caption aligncenter\"><img loading=\"lazy\" decoding=\"async\" class=\"wp-image-8138 size-full\" src=\"http:\/\/lackman.com.br\/wp-content\/uploads\/2025\/01\/Roberta-Mandelli-Sergio-Fagundes-e-Marlene-Vieira-scaled.jpg\" alt=\"\" width=\"2560\" height=\"1707\" srcset=\"https:\/\/lackman.com.br\/wp-content\/uploads\/2025\/01\/Roberta-Mandelli-Sergio-Fagundes-e-Marlene-Vieira-scaled.jpg 2560w, https:\/\/lackman.com.br\/wp-content\/uploads\/2025\/01\/Roberta-Mandelli-Sergio-Fagundes-e-Marlene-Vieira-300x200.jpg 300w, https:\/\/lackman.com.br\/wp-content\/uploads\/2025\/01\/Roberta-Mandelli-Sergio-Fagundes-e-Marlene-Vieira-1024x683.jpg 1024w, https:\/\/lackman.com.br\/wp-content\/uploads\/2025\/01\/Roberta-Mandelli-Sergio-Fagundes-e-Marlene-Vieira-768x512.jpg 768w, https:\/\/lackman.com.br\/wp-content\/uploads\/2025\/01\/Roberta-Mandelli-Sergio-Fagundes-e-Marlene-Vieira-1536x1024.jpg 1536w, https:\/\/lackman.com.br\/wp-content\/uploads\/2025\/01\/Roberta-Mandelli-Sergio-Fagundes-e-Marlene-Vieira-2048x1365.jpg 2048w\" sizes=\"(max-width: 2560px) 100vw, 2560px\" \/><figcaption id=\"caption-attachment-8138\" class=\"wp-caption-text\">Roberta Mandelli, S\u00e9rgio Fagundes e Marlene Vieira<\/figcaption><\/figure>\n<figure id=\"attachment_8137\" aria-describedby=\"caption-attachment-8137\" style=\"width: 2560px\" class=\"wp-caption aligncenter\"><img loading=\"lazy\" decoding=\"async\" class=\"wp-image-8137 size-full\" src=\"http:\/\/lackman.com.br\/wp-content\/uploads\/2025\/01\/Matheus-Alves-e-Leandro-Pontes-scaled.jpg\" alt=\"\" width=\"2560\" height=\"1707\" srcset=\"https:\/\/lackman.com.br\/wp-content\/uploads\/2025\/01\/Matheus-Alves-e-Leandro-Pontes-scaled.jpg 2560w, https:\/\/lackman.com.br\/wp-content\/uploads\/2025\/01\/Matheus-Alves-e-Leandro-Pontes-300x200.jpg 300w, https:\/\/lackman.com.br\/wp-content\/uploads\/2025\/01\/Matheus-Alves-e-Leandro-Pontes-1024x683.jpg 1024w, https:\/\/lackman.com.br\/wp-content\/uploads\/2025\/01\/Matheus-Alves-e-Leandro-Pontes-768x512.jpg 768w, https:\/\/lackman.com.br\/wp-content\/uploads\/2025\/01\/Matheus-Alves-e-Leandro-Pontes-1536x1024.jpg 1536w, https:\/\/lackman.com.br\/wp-content\/uploads\/2025\/01\/Matheus-Alves-e-Leandro-Pontes-2048x1365.jpg 2048w\" sizes=\"(max-width: 2560px) 100vw, 2560px\" \/><figcaption id=\"caption-attachment-8137\" class=\"wp-caption-text\">Matheus Alves e Leandro Pontes<\/figcaption><\/figure>\n<figure id=\"attachment_8145\" aria-describedby=\"caption-attachment-8145\" style=\"width: 2560px\" class=\"wp-caption aligncenter\"><img loading=\"lazy\" decoding=\"async\" class=\"wp-image-8145 size-full\" src=\"http:\/\/lackman.com.br\/wp-content\/uploads\/2025\/01\/Ana-Paula-Onzi-Jota-Pacini-e-Ana-Luisa-Zinato-scaled.jpg\" alt=\"\" width=\"2560\" height=\"1707\" srcset=\"https:\/\/lackman.com.br\/wp-content\/uploads\/2025\/01\/Ana-Paula-Onzi-Jota-Pacini-e-Ana-Luisa-Zinato-scaled.jpg 2560w, https:\/\/lackman.com.br\/wp-content\/uploads\/2025\/01\/Ana-Paula-Onzi-Jota-Pacini-e-Ana-Luisa-Zinato-300x200.jpg 300w, https:\/\/lackman.com.br\/wp-content\/uploads\/2025\/01\/Ana-Paula-Onzi-Jota-Pacini-e-Ana-Luisa-Zinato-1024x683.jpg 1024w, https:\/\/lackman.com.br\/wp-content\/uploads\/2025\/01\/Ana-Paula-Onzi-Jota-Pacini-e-Ana-Luisa-Zinato-768x512.jpg 768w, https:\/\/lackman.com.br\/wp-content\/uploads\/2025\/01\/Ana-Paula-Onzi-Jota-Pacini-e-Ana-Luisa-Zinato-1536x1024.jpg 1536w, https:\/\/lackman.com.br\/wp-content\/uploads\/2025\/01\/Ana-Paula-Onzi-Jota-Pacini-e-Ana-Luisa-Zinato-2048x1365.jpg 2048w\" sizes=\"(max-width: 2560px) 100vw, 2560px\" \/><figcaption id=\"caption-attachment-8145\" class=\"wp-caption-text\">Ana Paula Onzi, Jota Pacini e Ana Lu\u00edsa Zinato<\/figcaption><\/figure>\n<p><img loading=\"lazy\" decoding=\"async\" class=\"aligncenter wp-image-8135 size-full\" src=\"http:\/\/lackman.com.br\/wp-content\/uploads\/2025\/01\/LIQUIDECORA-39-scaled.jpg\" alt=\"\" width=\"2560\" height=\"1707\" srcset=\"https:\/\/lackman.com.br\/wp-content\/uploads\/2025\/01\/LIQUIDECORA-39-scaled.jpg 2560w, https:\/\/lackman.com.br\/wp-content\/uploads\/2025\/01\/LIQUIDECORA-39-300x200.jpg 300w, https:\/\/lackman.com.br\/wp-content\/uploads\/2025\/01\/LIQUIDECORA-39-1024x683.jpg 1024w, https:\/\/lackman.com.br\/wp-content\/uploads\/2025\/01\/LIQUIDECORA-39-768x512.jpg 768w, https:\/\/lackman.com.br\/wp-content\/uploads\/2025\/01\/LIQUIDECORA-39-1536x1024.jpg 1536w, https:\/\/lackman.com.br\/wp-content\/uploads\/2025\/01\/LIQUIDECORA-39-2048x1365.jpg 2048w\" sizes=\"(max-width: 2560px) 100vw, 2560px\" \/><\/p>\n","protected":false},"excerpt":{"rendered":"<p>Mix de exposi\u00e7\u00e3o e liquida\u00e7\u00e3o acontece ao longo de cinco semanas no Casapark para inspirar todo mundo a renovar o d\u00e9cor de seus lares com descontos de at\u00e9 50% em m\u00f3veis e acess\u00f3rios Com um happy hour que reuniu cerca de 200 convidados entre arquitetos, designers, lojistas e seus convidados, na \u00faltima quinta-feira (16), Carol Valen\u00e7a capitaneou a inaugura\u00e7\u00e3o da Mostra Liquidecora Casapark + Casapark Prime Janeiro 2025, dando assim in\u00edcio \u00e0 campanha do j\u00e1 tradicional per\u00edodo de promo\u00e7\u00f5es, o Liquidecora Casapark com descontos de at\u00e9 50%. Ser\u00e3o 37 dias para aproveitar a liquida\u00e7\u00e3o de in\u00edcio de ano das lojas do Casapark, com pre\u00e7os e condi\u00e7\u00f5es de pagamento favor\u00e1veis, pronta entrega e frete gratuito. Acompanhando o lema da campanha \u201cLiquidecora:\u00a0Descontos para uma casa inspiradora\u201c, a Mostra Liquidecora + Casapark Prime traz ambientes criados por seis escrit\u00f3rios de arquitetura e design de interiores premiados pelo Programa de Relacionamento do shopping. Na Pra\u00e7a Central, os profissionais apresentam espa\u00e7os com dicas e solu\u00e7\u00f5es criativas para as diversas formas de morar com m\u00f3veis e acess\u00f3rios com descontos especiais. At\u00e9 23 de fevereiro, o p\u00fablico poder\u00e1 conferir nas lojas do shopping as pe\u00e7as em promo\u00e7\u00e3o indicadas com a etiqueta do Liquidecora Casapark. E nas redes sociais do Casapark (@casapark), onde ser\u00e3o apresentados alguns achados imperd\u00edveis com dicas do Casapark e dos lojistas. Mostra Liquidecora Na Pra\u00e7a Central do Casapark, seis escrit\u00f3rios de arquitetura e design de interiores premiados pelo programa de relacionamento do Casapark estreiam na Mostra Liquidecora + Casapark Prime. Participam da mostra Fernanda Lettieri Arquitetura (Living), Alessandra Moussa (Sala de Estar), Olivia Lannes Arquitetura (Quarto de Casal), Giovanna Leal Arquitetos (Varanda Gourmet), Ana Paula Ribeiro Arquitetura (Home Office) e Ruan Braga Arquitetura e Interiores (Loft de Solteiro) criaram ambientes contempor\u00e2neos e inspiradores com produtos em promo\u00e7\u00e3o nas lojas do Casapark. \u201cA mostra \u00e9 organizada em torno das mais variadas formas de viver a casa, com sugest\u00f5es e dicas para aproveitar melhor os produtos em promo\u00e7\u00e3o\u201d, afirma Carol Valen\u00e7a, gerente de marketing do Casapark. \u201cA cada edi\u00e7\u00e3o, analisamos as tend\u00eancias no morar e buscamos formas de atender \u00e0s demandas do mercado. Nesta edi\u00e7\u00e3o inclu\u00edmos na mostra Liquidecora o Loft de Solteiro. Essa \u00e9 uma tend\u00eancia mundial do setor imobili\u00e1rio que oferece unidades para uma pessoa ou casal sem filhos\u201d, ressalta a gerente. \u201cA mostra \u00e9 tamb\u00e9m uma boa oportunidade para o p\u00fablico conhecer o trabalho dos profissionais da arquitetura e do design de interiores, que ajudam a fazer escolhas mais acertadas, levando em considera\u00e7\u00e3o os desejos e as necessidades de seus clientes\u201d, completa Carol. A Mostra Liquidecora fica em exibi\u00e7\u00e3o na Pra\u00e7a Central do shopping at\u00e9 o dia 23 de fevereiro, com visita\u00e7\u00e3o de segunda a s\u00e1bado, das 10h \u00e0s 22h, e domingo, das 12h \u00e0s 20h. A entrada \u00e9 gratuita e livre para todos os p\u00fablicos. Confira abaixo cliques de quem andou #PERAMBULANDO nesse happening para l\u00e1 de disputado em cliques de C\u00e9sar Rebou\u00e7as:<\/p>\n","protected":false},"author":6,"featured_media":8134,"comment_status":"closed","ping_status":"open","sticky":false,"template":"","format":"standard","meta":{"site-sidebar-layout":"default","site-content-layout":"","ast-site-content-layout":"default","site-content-style":"default","site-sidebar-style":"default","ast-global-header-display":"","ast-banner-title-visibility":"","ast-main-header-display":"","ast-hfb-above-header-display":"","ast-hfb-below-header-display":"","ast-hfb-mobile-header-display":"","site-post-title":"","ast-breadcrumbs-content":"","ast-featured-img":"","footer-sml-layout":"","ast-disable-related-posts":"","theme-transparent-header-meta":"default","adv-header-id-meta":"","stick-header-meta":"","header-above-stick-meta":"","header-main-stick-meta":"","header-below-stick-meta":"","astra-migrate-meta-layouts":"set","ast-page-background-enabled":"default","ast-page-background-meta":{"desktop":{"background-color":"","background-image":"","background-repeat":"repeat","background-position":"center center","background-size":"auto","background-attachment":"scroll","background-type":"","background-media":"","overlay-type":"","overlay-color":"","overlay-opacity":"","overlay-gradient":""},"tablet":{"background-color":"","background-image":"","background-repeat":"repeat","background-position":"center center","background-size":"auto","background-attachment":"scroll","background-type":"","background-media":"","overlay-type":"","overlay-color":"","overlay-opacity":"","overlay-gradient":""},"mobile":{"background-color":"","background-image":"","background-repeat":"repeat","background-position":"center center","background-size":"auto","background-attachment":"scroll","background-type":"","background-media":"","overlay-type":"","overlay-color":"","overlay-opacity":"","overlay-gradient":""}},"ast-content-background-meta":{"desktop":{"background-color":"var(--ast-global-color-5)","background-image":"","background-repeat":"repeat","background-position":"center center","background-size":"auto","background-attachment":"scroll","background-type":"","background-media":"","overlay-type":"","overlay-color":"","overlay-opacity":"","overlay-gradient":""},"tablet":{"background-color":"var(--ast-global-color-5)","background-image":"","background-repeat":"repeat","background-position":"center center","background-size":"auto","background-attachment":"scroll","background-type":"","background-media":"","overlay-type":"","overlay-color":"","overlay-opacity":"","overlay-gradient":""},"mobile":{"background-color":"var(--ast-global-color-5)","background-image":"","background-repeat":"repeat","background-position":"center center","background-size":"auto","background-attachment":"scroll","background-type":"","background-media":"","overlay-type":"","overlay-color":"","overlay-opacity":"","overlay-gradient":""}},"footnotes":""},"categories":[43,41],"tags":[288,432,54,176,508,139,89,1715,270,1716,166,207],"class_list":["post-8133","post","type-post","status-publish","format-standard","has-post-thumbnail","hentry","category-perambulando","category-vida","tag-perambulandocomogiba","tag-arquitetura","tag-brasilia","tag-casapark","tag-decoracao","tag-design","tag-df","tag-liquidecora","tag-mostra","tag-moveis","tag-perambulando","tag-shopping"],"yoast_head":"<!-- This site is optimized with the Yoast SEO plugin v27.0 - https:\/\/yoast.com\/product\/yoast-seo-wordpress\/ -->\n<title>Carol Valen\u00e7a lan\u00e7a a Liquidecora 2025 - LACKMAN &amp; CO.<\/title>\n<meta name=\"robots\" content=\"index, follow, max-snippet:-1, max-image-preview:large, max-video-preview:-1\" \/>\n<link rel=\"canonical\" href=\"https:\/\/lackman.com.br\/index.php\/2025\/01\/17\/carol-valenca-lanca-a-liquidecora-2025\/\" \/>\n<meta property=\"og:locale\" content=\"pt_BR\" \/>\n<meta property=\"og:type\" content=\"article\" \/>\n<meta property=\"og:title\" content=\"Carol Valen\u00e7a lan\u00e7a a Liquidecora 2025 - LACKMAN &amp; CO.\" \/>\n<meta property=\"og:description\" content=\"Mix de exposi\u00e7\u00e3o e liquida\u00e7\u00e3o acontece ao longo de cinco semanas no Casapark para inspirar todo mundo a renovar o d\u00e9cor de seus lares com descontos de at\u00e9 50% em m\u00f3veis e acess\u00f3rios Com um happy hour que reuniu cerca de 200 convidados entre arquitetos, designers, lojistas e seus convidados, na \u00faltima quinta-feira (16), Carol Valen\u00e7a capitaneou a inaugura\u00e7\u00e3o da Mostra Liquidecora Casapark + Casapark Prime Janeiro 2025, dando assim in\u00edcio \u00e0 campanha do j\u00e1 tradicional per\u00edodo de promo\u00e7\u00f5es, o Liquidecora Casapark com descontos de at\u00e9 50%. Ser\u00e3o 37 dias para aproveitar a liquida\u00e7\u00e3o de in\u00edcio de ano das lojas do Casapark, com pre\u00e7os e condi\u00e7\u00f5es de pagamento favor\u00e1veis, pronta entrega e frete gratuito. Acompanhando o lema da campanha \u201cLiquidecora:\u00a0Descontos para uma casa inspiradora\u201c, a Mostra Liquidecora + Casapark Prime traz ambientes criados por seis escrit\u00f3rios de arquitetura e design de interiores premiados pelo Programa de Relacionamento do shopping. Na Pra\u00e7a Central, os profissionais apresentam espa\u00e7os com dicas e solu\u00e7\u00f5es criativas para as diversas formas de morar com m\u00f3veis e acess\u00f3rios com descontos especiais. At\u00e9 23 de fevereiro, o p\u00fablico poder\u00e1 conferir nas lojas do shopping as pe\u00e7as em promo\u00e7\u00e3o indicadas com a etiqueta do Liquidecora Casapark. E nas redes sociais do Casapark (@casapark), onde ser\u00e3o apresentados alguns achados imperd\u00edveis com dicas do Casapark e dos lojistas. Mostra Liquidecora Na Pra\u00e7a Central do Casapark, seis escrit\u00f3rios de arquitetura e design de interiores premiados pelo programa de relacionamento do Casapark estreiam na Mostra Liquidecora + Casapark Prime. Participam da mostra Fernanda Lettieri Arquitetura (Living), Alessandra Moussa (Sala de Estar), Olivia Lannes Arquitetura (Quarto de Casal), Giovanna Leal Arquitetos (Varanda Gourmet), Ana Paula Ribeiro Arquitetura (Home Office) e Ruan Braga Arquitetura e Interiores (Loft de Solteiro) criaram ambientes contempor\u00e2neos e inspiradores com produtos em promo\u00e7\u00e3o nas lojas do Casapark. \u201cA mostra \u00e9 organizada em torno das mais variadas formas de viver a casa, com sugest\u00f5es e dicas para aproveitar melhor os produtos em promo\u00e7\u00e3o\u201d, afirma Carol Valen\u00e7a, gerente de marketing do Casapark. \u201cA cada edi\u00e7\u00e3o, analisamos as tend\u00eancias no morar e buscamos formas de atender \u00e0s demandas do mercado. Nesta edi\u00e7\u00e3o inclu\u00edmos na mostra Liquidecora o Loft de Solteiro. Essa \u00e9 uma tend\u00eancia mundial do setor imobili\u00e1rio que oferece unidades para uma pessoa ou casal sem filhos\u201d, ressalta a gerente. \u201cA mostra \u00e9 tamb\u00e9m uma boa oportunidade para o p\u00fablico conhecer o trabalho dos profissionais da arquitetura e do design de interiores, que ajudam a fazer escolhas mais acertadas, levando em considera\u00e7\u00e3o os desejos e as necessidades de seus clientes\u201d, completa Carol. A Mostra Liquidecora fica em exibi\u00e7\u00e3o na Pra\u00e7a Central do shopping at\u00e9 o dia 23 de fevereiro, com visita\u00e7\u00e3o de segunda a s\u00e1bado, das 10h \u00e0s 22h, e domingo, das 12h \u00e0s 20h. A entrada \u00e9 gratuita e livre para todos os p\u00fablicos. Confira abaixo cliques de quem andou #PERAMBULANDO nesse happening para l\u00e1 de disputado em cliques de C\u00e9sar Rebou\u00e7as:\" \/>\n<meta property=\"og:url\" content=\"https:\/\/lackman.com.br\/index.php\/2025\/01\/17\/carol-valenca-lanca-a-liquidecora-2025\/\" \/>\n<meta property=\"og:site_name\" content=\"LACKMAN &amp; CO.\" \/>\n<meta property=\"article:published_time\" content=\"2025-01-17T16:20:53+00:00\" \/>\n<meta property=\"og:image\" content=\"http:\/\/lackman.com.br\/wp-content\/uploads\/2025\/01\/Carol-Valenca-2-scaled.jpg\" \/>\n\t<meta property=\"og:image:width\" content=\"2560\" \/>\n\t<meta property=\"og:image:height\" content=\"1707\" \/>\n\t<meta property=\"og:image:type\" content=\"image\/jpeg\" \/>\n<meta name=\"author\" content=\"Gilberto Evangelista - Colunista\" \/>\n<meta name=\"twitter:card\" content=\"summary_large_image\" \/>\n<meta name=\"twitter:label1\" content=\"Escrito por\" \/>\n\t<meta name=\"twitter:data1\" content=\"Gilberto Evangelista - Colunista\" \/>\n\t<meta name=\"twitter:label2\" content=\"Est. tempo de leitura\" \/>\n\t<meta name=\"twitter:data2\" content=\"6 minutos\" \/>\n<script type=\"application\/ld+json\" class=\"yoast-schema-graph\">{\"@context\":\"https:\/\/schema.org\",\"@graph\":[{\"@type\":\"Article\",\"@id\":\"https:\/\/lackman.com.br\/index.php\/2025\/01\/17\/carol-valenca-lanca-a-liquidecora-2025\/#article\",\"isPartOf\":{\"@id\":\"https:\/\/lackman.com.br\/index.php\/2025\/01\/17\/carol-valenca-lanca-a-liquidecora-2025\/\"},\"author\":{\"name\":\"Gilberto Evangelista - Colunista\",\"@id\":\"https:\/\/lackman.com.br\/#\/schema\/person\/8a2355f699593d21d4f0d25b69db5747\"},\"headline\":\"Carol Valen\u00e7a lan\u00e7a a Liquidecora 2025\",\"datePublished\":\"2025-01-17T16:20:53+00:00\",\"mainEntityOfPage\":{\"@id\":\"https:\/\/lackman.com.br\/index.php\/2025\/01\/17\/carol-valenca-lanca-a-liquidecora-2025\/\"},\"wordCount\":637,\"publisher\":{\"@id\":\"https:\/\/lackman.com.br\/#organization\"},\"image\":{\"@id\":\"https:\/\/lackman.com.br\/index.php\/2025\/01\/17\/carol-valenca-lanca-a-liquidecora-2025\/#primaryimage\"},\"thumbnailUrl\":\"https:\/\/lackman.com.br\/wp-content\/uploads\/2025\/01\/Carol-Valenca-2-scaled.jpg\",\"keywords\":[\"#perambulandocomogiba\",\"Arquitetura\",\"brasilia\",\"casapark\",\"decora\u00e7\u00e3o\",\"Design\",\"df\",\"Liquidecora\",\"mostra\",\"m\u00f3veis\",\"Perambulando\",\"shopping\"],\"articleSection\":[\"Perambulando\",\"Vida\"],\"inLanguage\":\"pt-BR\"},{\"@type\":\"WebPage\",\"@id\":\"https:\/\/lackman.com.br\/index.php\/2025\/01\/17\/carol-valenca-lanca-a-liquidecora-2025\/\",\"url\":\"https:\/\/lackman.com.br\/index.php\/2025\/01\/17\/carol-valenca-lanca-a-liquidecora-2025\/\",\"name\":\"Carol Valen\u00e7a lan\u00e7a a Liquidecora 2025 - LACKMAN &amp; CO.\",\"isPartOf\":{\"@id\":\"https:\/\/lackman.com.br\/#website\"},\"primaryImageOfPage\":{\"@id\":\"https:\/\/lackman.com.br\/index.php\/2025\/01\/17\/carol-valenca-lanca-a-liquidecora-2025\/#primaryimage\"},\"image\":{\"@id\":\"https:\/\/lackman.com.br\/index.php\/2025\/01\/17\/carol-valenca-lanca-a-liquidecora-2025\/#primaryimage\"},\"thumbnailUrl\":\"https:\/\/lackman.com.br\/wp-content\/uploads\/2025\/01\/Carol-Valenca-2-scaled.jpg\",\"datePublished\":\"2025-01-17T16:20:53+00:00\",\"breadcrumb\":{\"@id\":\"https:\/\/lackman.com.br\/index.php\/2025\/01\/17\/carol-valenca-lanca-a-liquidecora-2025\/#breadcrumb\"},\"inLanguage\":\"pt-BR\",\"potentialAction\":[{\"@type\":\"ReadAction\",\"target\":[\"https:\/\/lackman.com.br\/index.php\/2025\/01\/17\/carol-valenca-lanca-a-liquidecora-2025\/\"]}]},{\"@type\":\"ImageObject\",\"inLanguage\":\"pt-BR\",\"@id\":\"https:\/\/lackman.com.br\/index.php\/2025\/01\/17\/carol-valenca-lanca-a-liquidecora-2025\/#primaryimage\",\"url\":\"https:\/\/lackman.com.br\/wp-content\/uploads\/2025\/01\/Carol-Valenca-2-scaled.jpg\",\"contentUrl\":\"https:\/\/lackman.com.br\/wp-content\/uploads\/2025\/01\/Carol-Valenca-2-scaled.jpg\",\"width\":2560,\"height\":1707},{\"@type\":\"BreadcrumbList\",\"@id\":\"https:\/\/lackman.com.br\/index.php\/2025\/01\/17\/carol-valenca-lanca-a-liquidecora-2025\/#breadcrumb\",\"itemListElement\":[{\"@type\":\"ListItem\",\"position\":1,\"name\":\"In\u00edcio\",\"item\":\"https:\/\/lackman.com.br\/\"},{\"@type\":\"ListItem\",\"position\":2,\"name\":\"Carol Valen\u00e7a lan\u00e7a a Liquidecora 2025\"}]},{\"@type\":\"WebSite\",\"@id\":\"https:\/\/lackman.com.br\/#website\",\"url\":\"https:\/\/lackman.com.br\/\",\"name\":\"LACKMAN &amp; CO.\",\"description\":\"VIDA | MODA | ARTE\",\"publisher\":{\"@id\":\"https:\/\/lackman.com.br\/#organization\"},\"potentialAction\":[{\"@type\":\"SearchAction\",\"target\":{\"@type\":\"EntryPoint\",\"urlTemplate\":\"https:\/\/lackman.com.br\/?s={search_term_string}\"},\"query-input\":{\"@type\":\"PropertyValueSpecification\",\"valueRequired\":true,\"valueName\":\"search_term_string\"}}],\"inLanguage\":\"pt-BR\"},{\"@type\":\"Organization\",\"@id\":\"https:\/\/lackman.com.br\/#organization\",\"name\":\"LACKMAN &amp; CO.\",\"url\":\"https:\/\/lackman.com.br\/\",\"logo\":{\"@type\":\"ImageObject\",\"inLanguage\":\"pt-BR\",\"@id\":\"https:\/\/lackman.com.br\/#\/schema\/logo\/image\/\",\"url\":\"https:\/\/lackman.com.br\/wp-content\/uploads\/2023\/06\/Logotipo_preto-1.png\",\"contentUrl\":\"https:\/\/lackman.com.br\/wp-content\/uploads\/2023\/06\/Logotipo_preto-1.png\",\"width\":739,\"height\":393,\"caption\":\"LACKMAN &amp; CO.\"},\"image\":{\"@id\":\"https:\/\/lackman.com.br\/#\/schema\/logo\/image\/\"}},{\"@type\":\"Person\",\"@id\":\"https:\/\/lackman.com.br\/#\/schema\/person\/8a2355f699593d21d4f0d25b69db5747\",\"name\":\"Gilberto Evangelista - Colunista\",\"image\":{\"@type\":\"ImageObject\",\"inLanguage\":\"pt-BR\",\"@id\":\"https:\/\/lackman.com.br\/#\/schema\/person\/image\/\",\"url\":\"https:\/\/secure.gravatar.com\/avatar\/cea9badf02f8a90f7a745f2cbea45fda61f65711ec015e2faf3809cca6337c28?s=96&d=mm&r=g\",\"contentUrl\":\"https:\/\/secure.gravatar.com\/avatar\/cea9badf02f8a90f7a745f2cbea45fda61f65711ec015e2faf3809cca6337c28?s=96&d=mm&r=g\",\"caption\":\"Gilberto Evangelista - Colunista\"},\"description\":\"Jornalista e globetrotter.\",\"url\":\"https:\/\/lackman.com.br\/index.php\/author\/gilberto-brito\/\"}]}<\/script>\n<!-- \/ Yoast SEO plugin. -->","yoast_head_json":{"title":"Carol Valen\u00e7a lan\u00e7a a Liquidecora 2025 - LACKMAN &amp; CO.","robots":{"index":"index","follow":"follow","max-snippet":"max-snippet:-1","max-image-preview":"max-image-preview:large","max-video-preview":"max-video-preview:-1"},"canonical":"https:\/\/lackman.com.br\/index.php\/2025\/01\/17\/carol-valenca-lanca-a-liquidecora-2025\/","og_locale":"pt_BR","og_type":"article","og_title":"Carol Valen\u00e7a lan\u00e7a a Liquidecora 2025 - LACKMAN &amp; CO.","og_description":"Mix de exposi\u00e7\u00e3o e liquida\u00e7\u00e3o acontece ao longo de cinco semanas no Casapark para inspirar todo mundo a renovar o d\u00e9cor de seus lares com descontos de at\u00e9 50% em m\u00f3veis e acess\u00f3rios Com um happy hour que reuniu cerca de 200 convidados entre arquitetos, designers, lojistas e seus convidados, na \u00faltima quinta-feira (16), Carol Valen\u00e7a capitaneou a inaugura\u00e7\u00e3o da Mostra Liquidecora Casapark + Casapark Prime Janeiro 2025, dando assim in\u00edcio \u00e0 campanha do j\u00e1 tradicional per\u00edodo de promo\u00e7\u00f5es, o Liquidecora Casapark com descontos de at\u00e9 50%. Ser\u00e3o 37 dias para aproveitar a liquida\u00e7\u00e3o de in\u00edcio de ano das lojas do Casapark, com pre\u00e7os e condi\u00e7\u00f5es de pagamento favor\u00e1veis, pronta entrega e frete gratuito. Acompanhando o lema da campanha \u201cLiquidecora:\u00a0Descontos para uma casa inspiradora\u201c, a Mostra Liquidecora + Casapark Prime traz ambientes criados por seis escrit\u00f3rios de arquitetura e design de interiores premiados pelo Programa de Relacionamento do shopping. Na Pra\u00e7a Central, os profissionais apresentam espa\u00e7os com dicas e solu\u00e7\u00f5es criativas para as diversas formas de morar com m\u00f3veis e acess\u00f3rios com descontos especiais. At\u00e9 23 de fevereiro, o p\u00fablico poder\u00e1 conferir nas lojas do shopping as pe\u00e7as em promo\u00e7\u00e3o indicadas com a etiqueta do Liquidecora Casapark. E nas redes sociais do Casapark (@casapark), onde ser\u00e3o apresentados alguns achados imperd\u00edveis com dicas do Casapark e dos lojistas. Mostra Liquidecora Na Pra\u00e7a Central do Casapark, seis escrit\u00f3rios de arquitetura e design de interiores premiados pelo programa de relacionamento do Casapark estreiam na Mostra Liquidecora + Casapark Prime. Participam da mostra Fernanda Lettieri Arquitetura (Living), Alessandra Moussa (Sala de Estar), Olivia Lannes Arquitetura (Quarto de Casal), Giovanna Leal Arquitetos (Varanda Gourmet), Ana Paula Ribeiro Arquitetura (Home Office) e Ruan Braga Arquitetura e Interiores (Loft de Solteiro) criaram ambientes contempor\u00e2neos e inspiradores com produtos em promo\u00e7\u00e3o nas lojas do Casapark. \u201cA mostra \u00e9 organizada em torno das mais variadas formas de viver a casa, com sugest\u00f5es e dicas para aproveitar melhor os produtos em promo\u00e7\u00e3o\u201d, afirma Carol Valen\u00e7a, gerente de marketing do Casapark. \u201cA cada edi\u00e7\u00e3o, analisamos as tend\u00eancias no morar e buscamos formas de atender \u00e0s demandas do mercado. Nesta edi\u00e7\u00e3o inclu\u00edmos na mostra Liquidecora o Loft de Solteiro. Essa \u00e9 uma tend\u00eancia mundial do setor imobili\u00e1rio que oferece unidades para uma pessoa ou casal sem filhos\u201d, ressalta a gerente. \u201cA mostra \u00e9 tamb\u00e9m uma boa oportunidade para o p\u00fablico conhecer o trabalho dos profissionais da arquitetura e do design de interiores, que ajudam a fazer escolhas mais acertadas, levando em considera\u00e7\u00e3o os desejos e as necessidades de seus clientes\u201d, completa Carol. A Mostra Liquidecora fica em exibi\u00e7\u00e3o na Pra\u00e7a Central do shopping at\u00e9 o dia 23 de fevereiro, com visita\u00e7\u00e3o de segunda a s\u00e1bado, das 10h \u00e0s 22h, e domingo, das 12h \u00e0s 20h. A entrada \u00e9 gratuita e livre para todos os p\u00fablicos. Confira abaixo cliques de quem andou #PERAMBULANDO nesse happening para l\u00e1 de disputado em cliques de C\u00e9sar Rebou\u00e7as:","og_url":"https:\/\/lackman.com.br\/index.php\/2025\/01\/17\/carol-valenca-lanca-a-liquidecora-2025\/","og_site_name":"LACKMAN &amp; CO.","article_published_time":"2025-01-17T16:20:53+00:00","og_image":[{"width":2560,"height":1707,"url":"http:\/\/lackman.com.br\/wp-content\/uploads\/2025\/01\/Carol-Valenca-2-scaled.jpg","type":"image\/jpeg"}],"author":"Gilberto Evangelista - Colunista","twitter_card":"summary_large_image","twitter_misc":{"Escrito por":"Gilberto Evangelista - Colunista","Est. tempo de leitura":"6 minutos"},"schema":{"@context":"https:\/\/schema.org","@graph":[{"@type":"Article","@id":"https:\/\/lackman.com.br\/index.php\/2025\/01\/17\/carol-valenca-lanca-a-liquidecora-2025\/#article","isPartOf":{"@id":"https:\/\/lackman.com.br\/index.php\/2025\/01\/17\/carol-valenca-lanca-a-liquidecora-2025\/"},"author":{"name":"Gilberto Evangelista - Colunista","@id":"https:\/\/lackman.com.br\/#\/schema\/person\/8a2355f699593d21d4f0d25b69db5747"},"headline":"Carol Valen\u00e7a lan\u00e7a a Liquidecora 2025","datePublished":"2025-01-17T16:20:53+00:00","mainEntityOfPage":{"@id":"https:\/\/lackman.com.br\/index.php\/2025\/01\/17\/carol-valenca-lanca-a-liquidecora-2025\/"},"wordCount":637,"publisher":{"@id":"https:\/\/lackman.com.br\/#organization"},"image":{"@id":"https:\/\/lackman.com.br\/index.php\/2025\/01\/17\/carol-valenca-lanca-a-liquidecora-2025\/#primaryimage"},"thumbnailUrl":"https:\/\/lackman.com.br\/wp-content\/uploads\/2025\/01\/Carol-Valenca-2-scaled.jpg","keywords":["#perambulandocomogiba","Arquitetura","brasilia","casapark","decora\u00e7\u00e3o","Design","df","Liquidecora","mostra","m\u00f3veis","Perambulando","shopping"],"articleSection":["Perambulando","Vida"],"inLanguage":"pt-BR"},{"@type":"WebPage","@id":"https:\/\/lackman.com.br\/index.php\/2025\/01\/17\/carol-valenca-lanca-a-liquidecora-2025\/","url":"https:\/\/lackman.com.br\/index.php\/2025\/01\/17\/carol-valenca-lanca-a-liquidecora-2025\/","name":"Carol Valen\u00e7a lan\u00e7a a Liquidecora 2025 - LACKMAN &amp; CO.","isPartOf":{"@id":"https:\/\/lackman.com.br\/#website"},"primaryImageOfPage":{"@id":"https:\/\/lackman.com.br\/index.php\/2025\/01\/17\/carol-valenca-lanca-a-liquidecora-2025\/#primaryimage"},"image":{"@id":"https:\/\/lackman.com.br\/index.php\/2025\/01\/17\/carol-valenca-lanca-a-liquidecora-2025\/#primaryimage"},"thumbnailUrl":"https:\/\/lackman.com.br\/wp-content\/uploads\/2025\/01\/Carol-Valenca-2-scaled.jpg","datePublished":"2025-01-17T16:20:53+00:00","breadcrumb":{"@id":"https:\/\/lackman.com.br\/index.php\/2025\/01\/17\/carol-valenca-lanca-a-liquidecora-2025\/#breadcrumb"},"inLanguage":"pt-BR","potentialAction":[{"@type":"ReadAction","target":["https:\/\/lackman.com.br\/index.php\/2025\/01\/17\/carol-valenca-lanca-a-liquidecora-2025\/"]}]},{"@type":"ImageObject","inLanguage":"pt-BR","@id":"https:\/\/lackman.com.br\/index.php\/2025\/01\/17\/carol-valenca-lanca-a-liquidecora-2025\/#primaryimage","url":"https:\/\/lackman.com.br\/wp-content\/uploads\/2025\/01\/Carol-Valenca-2-scaled.jpg","contentUrl":"https:\/\/lackman.com.br\/wp-content\/uploads\/2025\/01\/Carol-Valenca-2-scaled.jpg","width":2560,"height":1707},{"@type":"BreadcrumbList","@id":"https:\/\/lackman.com.br\/index.php\/2025\/01\/17\/carol-valenca-lanca-a-liquidecora-2025\/#breadcrumb","itemListElement":[{"@type":"ListItem","position":1,"name":"In\u00edcio","item":"https:\/\/lackman.com.br\/"},{"@type":"ListItem","position":2,"name":"Carol Valen\u00e7a lan\u00e7a a Liquidecora 2025"}]},{"@type":"WebSite","@id":"https:\/\/lackman.com.br\/#website","url":"https:\/\/lackman.com.br\/","name":"LACKMAN &amp; CO.","description":"VIDA | MODA | ARTE","publisher":{"@id":"https:\/\/lackman.com.br\/#organization"},"potentialAction":[{"@type":"SearchAction","target":{"@type":"EntryPoint","urlTemplate":"https:\/\/lackman.com.br\/?s={search_term_string}"},"query-input":{"@type":"PropertyValueSpecification","valueRequired":true,"valueName":"search_term_string"}}],"inLanguage":"pt-BR"},{"@type":"Organization","@id":"https:\/\/lackman.com.br\/#organization","name":"LACKMAN &amp; CO.","url":"https:\/\/lackman.com.br\/","logo":{"@type":"ImageObject","inLanguage":"pt-BR","@id":"https:\/\/lackman.com.br\/#\/schema\/logo\/image\/","url":"https:\/\/lackman.com.br\/wp-content\/uploads\/2023\/06\/Logotipo_preto-1.png","contentUrl":"https:\/\/lackman.com.br\/wp-content\/uploads\/2023\/06\/Logotipo_preto-1.png","width":739,"height":393,"caption":"LACKMAN &amp; CO."},"image":{"@id":"https:\/\/lackman.com.br\/#\/schema\/logo\/image\/"}},{"@type":"Person","@id":"https:\/\/lackman.com.br\/#\/schema\/person\/8a2355f699593d21d4f0d25b69db5747","name":"Gilberto Evangelista - Colunista","image":{"@type":"ImageObject","inLanguage":"pt-BR","@id":"https:\/\/lackman.com.br\/#\/schema\/person\/image\/","url":"https:\/\/secure.gravatar.com\/avatar\/cea9badf02f8a90f7a745f2cbea45fda61f65711ec015e2faf3809cca6337c28?s=96&d=mm&r=g","contentUrl":"https:\/\/secure.gravatar.com\/avatar\/cea9badf02f8a90f7a745f2cbea45fda61f65711ec015e2faf3809cca6337c28?s=96&d=mm&r=g","caption":"Gilberto Evangelista - Colunista"},"description":"Jornalista e globetrotter.","url":"https:\/\/lackman.com.br\/index.php\/author\/gilberto-brito\/"}]}},"rttpg_featured_image_url":{"full":["https:\/\/lackman.com.br\/wp-content\/uploads\/2025\/01\/Carol-Valenca-2-scaled.jpg",2560,1707,false],"landscape":["https:\/\/lackman.com.br\/wp-content\/uploads\/2025\/01\/Carol-Valenca-2-scaled.jpg",2560,1707,false],"portraits":["https:\/\/lackman.com.br\/wp-content\/uploads\/2025\/01\/Carol-Valenca-2-scaled.jpg",2560,1707,false],"thumbnail":["https:\/\/lackman.com.br\/wp-content\/uploads\/2025\/01\/Carol-Valenca-2-150x150.jpg",150,150,true],"medium":["https:\/\/lackman.com.br\/wp-content\/uploads\/2025\/01\/Carol-Valenca-2-300x200.jpg",300,200,true],"large":["https:\/\/lackman.com.br\/wp-content\/uploads\/2025\/01\/Carol-Valenca-2-1024x683.jpg",1024,683,true],"RoboGalleryMansoryImagesCenter":["https:\/\/lackman.com.br\/wp-content\/uploads\/2025\/01\/Carol-Valenca-2-600x1024.jpg",600,1024,true],"RoboGalleryPreload":["https:\/\/lackman.com.br\/wp-content\/uploads\/2025\/01\/Carol-Valenca-2-scaled.jpg",100,67,false],"1536x1536":["https:\/\/lackman.com.br\/wp-content\/uploads\/2025\/01\/Carol-Valenca-2-1536x1024.jpg",1536,1024,true],"2048x2048":["https:\/\/lackman.com.br\/wp-content\/uploads\/2025\/01\/Carol-Valenca-2-2048x1365.jpg",2048,1365,true]},"rttpg_author":{"display_name":"Gilberto Evangelista - Colunista","author_link":"https:\/\/lackman.com.br\/index.php\/author\/gilberto-brito\/"},"rttpg_comment":0,"rttpg_category":"<a href=\"https:\/\/lackman.com.br\/index.php\/category\/vida\/perambulando\/\" rel=\"category tag\">Perambulando<\/a> <a href=\"https:\/\/lackman.com.br\/index.php\/category\/vida\/\" rel=\"category tag\">Vida<\/a>","rttpg_excerpt":"Mix de exposi\u00e7\u00e3o e liquida\u00e7\u00e3o acontece ao longo de cinco semanas no Casapark para inspirar todo mundo a renovar o d\u00e9cor de seus lares com descontos de at\u00e9 50% em m\u00f3veis e acess\u00f3rios Com um happy hour que reuniu cerca de 200 convidados entre arquitetos, designers, lojistas e seus convidados, na \u00faltima quinta-feira (16), Carol&hellip;","_links":{"self":[{"href":"https:\/\/lackman.com.br\/index.php\/wp-json\/wp\/v2\/posts\/8133","targetHints":{"allow":["GET"]}}],"collection":[{"href":"https:\/\/lackman.com.br\/index.php\/wp-json\/wp\/v2\/posts"}],"about":[{"href":"https:\/\/lackman.com.br\/index.php\/wp-json\/wp\/v2\/types\/post"}],"author":[{"embeddable":true,"href":"https:\/\/lackman.com.br\/index.php\/wp-json\/wp\/v2\/users\/6"}],"replies":[{"embeddable":true,"href":"https:\/\/lackman.com.br\/index.php\/wp-json\/wp\/v2\/comments?post=8133"}],"version-history":[{"count":1,"href":"https:\/\/lackman.com.br\/index.php\/wp-json\/wp\/v2\/posts\/8133\/revisions"}],"predecessor-version":[{"id":8148,"href":"https:\/\/lackman.com.br\/index.php\/wp-json\/wp\/v2\/posts\/8133\/revisions\/8148"}],"wp:featuredmedia":[{"embeddable":true,"href":"https:\/\/lackman.com.br\/index.php\/wp-json\/wp\/v2\/media\/8134"}],"wp:attachment":[{"href":"https:\/\/lackman.com.br\/index.php\/wp-json\/wp\/v2\/media?parent=8133"}],"wp:term":[{"taxonomy":"category","embeddable":true,"href":"https:\/\/lackman.com.br\/index.php\/wp-json\/wp\/v2\/categories?post=8133"},{"taxonomy":"post_tag","embeddable":true,"href":"https:\/\/lackman.com.br\/index.php\/wp-json\/wp\/v2\/tags?post=8133"}],"curies":[{"name":"wp","href":"https:\/\/api.w.org\/{rel}","templated":true}]}}