{"id":7834,"date":"2024-10-22T17:45:53","date_gmt":"2024-10-22T20:45:53","guid":{"rendered":"https:\/\/lackman.com.br\/?p=7834"},"modified":"2024-10-24T16:16:39","modified_gmt":"2024-10-24T19:16:39","slug":"eixao-do-lazer-confira-novas-regras","status":"publish","type":"post","link":"https:\/\/lackman.com.br\/index.php\/2024\/10\/22\/eixao-do-lazer-confira-novas-regras\/","title":{"rendered":"Sa\u00edram as novas regras do Eix\u00e3o do Lazer"},"content":{"rendered":"<p style=\"text-align: justify\">N\u00e3o \u00e9 novidade para ningu\u00e9m que o <strong>Eix\u00e3o do Lazer<\/strong> est\u00e1 no meio de uma novela pela sua manuten\u00e7\u00e3o. E por isso mesmo, a <strong>Coluna #PERAMBULANDO<\/strong> est\u00e1 atenta \u00e0 situa\u00e7\u00e3o, enquanto torce por um bom desfecho que garanta a continuidade desse espa\u00e7o plural de divers\u00e3o para toda a popula\u00e7\u00e3o. E mais um cap\u00edtulo se passou\u00a0 com a publica\u00e7\u00e3o de uma normatiza\u00e7\u00e3o no DODF, hoje cedo. Com texto de Tha\u00eds Miranda e Ian Ferraz, da <a href=\"https:\/\/www.agenciabrasilia.df.gov.br\/\"><strong>Ag\u00eancia Bras\u00edlia<\/strong><\/a>, voc\u00ea fica por dentro dos principais pontos da situa\u00e7\u00e3o.<\/p>\n<p><img fetchpriority=\"high\" decoding=\"async\" class=\"alignnone size-large wp-image-7836\" src=\"http:\/\/lackman.com.br\/wp-content\/uploads\/2024\/10\/53668669809_1acf0a5764_k-1024x683.jpg\" alt=\"\" width=\"1024\" height=\"683\" srcset=\"https:\/\/lackman.com.br\/wp-content\/uploads\/2024\/10\/53668669809_1acf0a5764_k-1024x683.jpg 1024w, https:\/\/lackman.com.br\/wp-content\/uploads\/2024\/10\/53668669809_1acf0a5764_k-300x200.jpg 300w, https:\/\/lackman.com.br\/wp-content\/uploads\/2024\/10\/53668669809_1acf0a5764_k-768x512.jpg 768w, https:\/\/lackman.com.br\/wp-content\/uploads\/2024\/10\/53668669809_1acf0a5764_k-1536x1024.jpg 1536w, https:\/\/lackman.com.br\/wp-content\/uploads\/2024\/10\/53668669809_1acf0a5764_k.jpg 2048w\" sizes=\"(max-width: 1024px) 100vw, 1024px\" \/><\/p>\n<p style=\"text-align: justify\">O Governo do Distrito Federal (GDF), por meio do Departamento de Estradas de Rodagem (DER-DF), publicou, nesta ter\u00e7a-feira (22), a<strong>\u00a0<a href=\"http:\/\/www.agenciabrasilia.df.gov.br\/wp-conteudo\/uploads\/2024\/10\/22.10.-Portaria-Eixao.pdf\">instru\u00e7\u00e3o normativa n\u00ba 03\/2024<\/a><\/strong>, que estabelece os procedimentos e crit\u00e9rios para a regulamenta\u00e7\u00e3o do <strong>Plano de Uso e Ocupa\u00e7\u00e3o do Eix\u00e3o do Lazer<\/strong>.\u00a0\u00a0A iniciativa busca organizar as atividades realizadas na \u00e1rea p\u00fablica, que abrange os eixos rodovi\u00e1rios Norte e Sul (DF-002), garantindo <strong>lazer seguro e bem estruturado<\/strong> para a popula\u00e7\u00e3o.<\/p>\n<p style=\"text-align: justify\">O Eix\u00e3o do Lazer \u00e9 realizado aos domingos e feriados, entre as <strong>6h e as 18h<\/strong>, per\u00edodo em que o tr\u00e2nsito de ve\u00edculos \u00e9 interrompido para dar espa\u00e7o a pr\u00e1ticas recreativas como caminhadas, corridas, ciclismo, skate e patins. Segundo a normativa, <strong>eventos com m\u00fasica<\/strong> ao vivo ou uso de equipamentos de som amplificados s\u00f3 poder\u00e3o ocorrer entre as <strong>10h e as 17h<\/strong>. A montagem de estruturas f\u00edsicas deve ser feita at\u00e9 as 10h, enquanto a desmontagem deve ser finalizada at\u00e9 as 18h.<\/p>\n<p style=\"text-align: justify\">A responsabilidade pela gest\u00e3o e <strong>fiscaliza\u00e7\u00e3o<\/strong> das atividades ser\u00e1 do <strong>DER-DF<\/strong>, que contar\u00e1 com a colabora\u00e7\u00e3o de outros \u00f3rg\u00e3os do governo local. O n\u00e3o cumprimento das normas estabelecidas acarretar\u00e1 <strong>advert\u00eancias, multas, apreens\u00e3o de material<\/strong> e, em casos recorrentes, <strong>suspens\u00e3o <\/strong>ou<strong> cassa\u00e7\u00e3o<\/strong> da autoriza\u00e7\u00e3o de uso.<\/p>\n<p style=\"text-align: justify\">Al\u00e9m das atividades permitidas, a normativa define restri\u00e7\u00f5es para preservar o espa\u00e7o p\u00fablico. <strong>Fica proibido<\/strong>, por exemplo, o uso de <strong>estruturas fixadas<\/strong> no asfalto e em \u00e1reas verdes, bem como o <strong>estacionamento de ve\u00edculos fora das \u00e1reas designadas<\/strong>. O texto tamb\u00e9m veta a utiliza\u00e7\u00e3o de geradores barulhentos, fogos de artif\u00edcio, <strong>bebidas em garrafas de vidro<\/strong> e <strong>alimentos em embalagens pontiagudas<\/strong>.<\/p>\n<p style=\"text-align: justify\"><img decoding=\"async\" class=\"aligncenter wp-image-7837 size-full\" src=\"http:\/\/lackman.com.br\/wp-content\/uploads\/2024\/10\/53667444837_d6e6c482af_k.jpg\" alt=\"\" width=\"2048\" height=\"1365\" srcset=\"https:\/\/lackman.com.br\/wp-content\/uploads\/2024\/10\/53667444837_d6e6c482af_k.jpg 2048w, https:\/\/lackman.com.br\/wp-content\/uploads\/2024\/10\/53667444837_d6e6c482af_k-300x200.jpg 300w, https:\/\/lackman.com.br\/wp-content\/uploads\/2024\/10\/53667444837_d6e6c482af_k-1024x683.jpg 1024w, https:\/\/lackman.com.br\/wp-content\/uploads\/2024\/10\/53667444837_d6e6c482af_k-768x512.jpg 768w, https:\/\/lackman.com.br\/wp-content\/uploads\/2024\/10\/53667444837_d6e6c482af_k-1536x1024.jpg 1536w\" sizes=\"(max-width: 2048px) 100vw, 2048px\" \/><\/p>\n<p style=\"text-align: justify\"><strong>Licenciamento<\/strong><\/p>\n<p style=\"text-align: justify\">Os ambulantes que desejarem atuar no Eix\u00e3o precisar\u00e3o de <strong>licenciamento espec\u00edfico<\/strong>, devendo garantir a <strong>limpeza do espa\u00e7o utilizado<\/strong>. A fiscaliza\u00e7\u00e3o ser\u00e1 intensificada para evitar irregularidades, como o uso inadequado da \u00e1rea ou a comercializa\u00e7\u00e3o de produtos n\u00e3o autorizados. <strong>Infra\u00e7\u00f5es reincidentes poder\u00e3o resultar na suspens\u00e3o do direito de uso<\/strong>.<\/p>\n<p style=\"text-align: justify\">O objetivo do plano \u00e9 assegurar que o Eix\u00e3o se mantenha como um <strong>espa\u00e7o p\u00fablico organizado e seguro<\/strong>. Todas as diretrizes e informa\u00e7\u00f5es complementares sobre a regulamenta\u00e7\u00e3o estar\u00e3o dispon\u00edveis no site oficial do DER-DF.<\/p>\n<p style=\"text-align: justify\">H\u00e1 <strong>33 anos<\/strong>, o Eix\u00e3o do Lazer \u00e9 um <strong>ponto de encontro democr\u00e1tico<\/strong> da popula\u00e7\u00e3o brasiliense ao longo dos 14 km da via que corta Bras\u00edlia de Norte a Sul. Inaugurado oficialmente em 1990, o local tem o\u00a0 DER\/DF como respons\u00e1vel pelo fechamento semanal da via para o tr\u00e1fego de ve\u00edculos aos domingos e feriados, das 6h \u00e0s 18h. Com a publica\u00e7\u00e3o, o GDF garante a continuidade das atividades culturais que marcam o Eix\u00e3o do Lazer em respeito ao ordenamento urbano.<\/p>\n<pre>Fotos: Paulo H. Carvalho\/Ag\u00eancia Bras\u00edlia<\/pre>\n","protected":false},"excerpt":{"rendered":"<p>N\u00e3o \u00e9 novidade para ningu\u00e9m que o Eix\u00e3o do Lazer est\u00e1 no meio de uma novela pela sua manuten\u00e7\u00e3o. E por isso mesmo, a Coluna #PERAMBULANDO est\u00e1 atenta \u00e0 situa\u00e7\u00e3o, enquanto torce por um bom desfecho que garanta a continuidade desse espa\u00e7o plural de divers\u00e3o para toda a popula\u00e7\u00e3o. E mais um cap\u00edtulo se passou\u00a0 com a publica\u00e7\u00e3o de uma normatiza\u00e7\u00e3o no DODF, hoje cedo. Com texto de Tha\u00eds Miranda e Ian Ferraz, da Ag\u00eancia Bras\u00edlia, voc\u00ea fica por dentro dos principais pontos da situa\u00e7\u00e3o. O Governo do Distrito Federal (GDF), por meio do Departamento de Estradas de Rodagem (DER-DF), publicou, nesta ter\u00e7a-feira (22), a\u00a0instru\u00e7\u00e3o normativa n\u00ba 03\/2024, que estabelece os procedimentos e crit\u00e9rios para a regulamenta\u00e7\u00e3o do Plano de Uso e Ocupa\u00e7\u00e3o do Eix\u00e3o do Lazer.\u00a0\u00a0A iniciativa busca organizar as atividades realizadas na \u00e1rea p\u00fablica, que abrange os eixos rodovi\u00e1rios Norte e Sul (DF-002), garantindo lazer seguro e bem estruturado para a popula\u00e7\u00e3o. O Eix\u00e3o do Lazer \u00e9 realizado aos domingos e feriados, entre as 6h e as 18h, per\u00edodo em que o tr\u00e2nsito de ve\u00edculos \u00e9 interrompido para dar espa\u00e7o a pr\u00e1ticas recreativas como caminhadas, corridas, ciclismo, skate e patins. Segundo a normativa, eventos com m\u00fasica ao vivo ou uso de equipamentos de som amplificados s\u00f3 poder\u00e3o ocorrer entre as 10h e as 17h. A montagem de estruturas f\u00edsicas deve ser feita at\u00e9 as 10h, enquanto a desmontagem deve ser finalizada at\u00e9 as 18h. A responsabilidade pela gest\u00e3o e fiscaliza\u00e7\u00e3o das atividades ser\u00e1 do DER-DF, que contar\u00e1 com a colabora\u00e7\u00e3o de outros \u00f3rg\u00e3os do governo local. O n\u00e3o cumprimento das normas estabelecidas acarretar\u00e1 advert\u00eancias, multas, apreens\u00e3o de material e, em casos recorrentes, suspens\u00e3o ou cassa\u00e7\u00e3o da autoriza\u00e7\u00e3o de uso. Al\u00e9m das atividades permitidas, a normativa define restri\u00e7\u00f5es para preservar o espa\u00e7o p\u00fablico. Fica proibido, por exemplo, o uso de estruturas fixadas no asfalto e em \u00e1reas verdes, bem como o estacionamento de ve\u00edculos fora das \u00e1reas designadas. O texto tamb\u00e9m veta a utiliza\u00e7\u00e3o de geradores barulhentos, fogos de artif\u00edcio, bebidas em garrafas de vidro e alimentos em embalagens pontiagudas. Licenciamento Os ambulantes que desejarem atuar no Eix\u00e3o precisar\u00e3o de licenciamento espec\u00edfico, devendo garantir a limpeza do espa\u00e7o utilizado. A fiscaliza\u00e7\u00e3o ser\u00e1 intensificada para evitar irregularidades, como o uso inadequado da \u00e1rea ou a comercializa\u00e7\u00e3o de produtos n\u00e3o autorizados. Infra\u00e7\u00f5es reincidentes poder\u00e3o resultar na suspens\u00e3o do direito de uso. O objetivo do plano \u00e9 assegurar que o Eix\u00e3o se mantenha como um espa\u00e7o p\u00fablico organizado e seguro. Todas as diretrizes e informa\u00e7\u00f5es complementares sobre a regulamenta\u00e7\u00e3o estar\u00e3o dispon\u00edveis no site oficial do DER-DF. H\u00e1 33 anos, o Eix\u00e3o do Lazer \u00e9 um ponto de encontro democr\u00e1tico da popula\u00e7\u00e3o brasiliense ao longo dos 14 km da via que corta Bras\u00edlia de Norte a Sul. Inaugurado oficialmente em 1990, o local tem o\u00a0 DER\/DF como respons\u00e1vel pelo fechamento semanal da via para o tr\u00e1fego de ve\u00edculos aos domingos e feriados, das 6h \u00e0s 18h. Com a publica\u00e7\u00e3o, o GDF garante a continuidade das atividades culturais que marcam o Eix\u00e3o do Lazer em respeito ao ordenamento urbano. Fotos: Paulo H. Carvalho\/Ag\u00eancia Bras\u00edlia<\/p>\n","protected":false},"author":6,"featured_media":7835,"comment_status":"closed","ping_status":"open","sticky":false,"template":"","format":"standard","meta":{"site-sidebar-layout":"default","site-content-layout":"","ast-site-content-layout":"default","site-content-style":"default","site-sidebar-style":"default","ast-global-header-display":"","ast-banner-title-visibility":"","ast-main-header-display":"","ast-hfb-above-header-display":"","ast-hfb-below-header-display":"","ast-hfb-mobile-header-display":"","site-post-title":"","ast-breadcrumbs-content":"","ast-featured-img":"","footer-sml-layout":"","ast-disable-related-posts":"","theme-transparent-header-meta":"default","adv-header-id-meta":"","stick-header-meta":"","header-above-stick-meta":"","header-main-stick-meta":"","header-below-stick-meta":"","astra-migrate-meta-layouts":"set","ast-page-background-enabled":"default","ast-page-background-meta":{"desktop":{"background-color":"","background-image":"","background-repeat":"repeat","background-position":"center center","background-size":"auto","background-attachment":"scroll","background-type":"","background-media":"","overlay-type":"","overlay-color":"","overlay-opacity":"","overlay-gradient":""},"tablet":{"background-color":"","background-image":"","background-repeat":"repeat","background-position":"center center","background-size":"auto","background-attachment":"scroll","background-type":"","background-media":"","overlay-type":"","overlay-color":"","overlay-opacity":"","overlay-gradient":""},"mobile":{"background-color":"","background-image":"","background-repeat":"repeat","background-position":"center center","background-size":"auto","background-attachment":"scroll","background-type":"","background-media":"","overlay-type":"","overlay-color":"","overlay-opacity":"","overlay-gradient":""}},"ast-content-background-meta":{"desktop":{"background-color":"var(--ast-global-color-5)","background-image":"","background-repeat":"repeat","background-position":"center center","background-size":"auto","background-attachment":"scroll","background-type":"","background-media":"","overlay-type":"","overlay-color":"","overlay-opacity":"","overlay-gradient":""},"tablet":{"background-color":"var(--ast-global-color-5)","background-image":"","background-repeat":"repeat","background-position":"center center","background-size":"auto","background-attachment":"scroll","background-type":"","background-media":"","overlay-type":"","overlay-color":"","overlay-opacity":"","overlay-gradient":""},"mobile":{"background-color":"var(--ast-global-color-5)","background-image":"","background-repeat":"repeat","background-position":"center center","background-size":"auto","background-attachment":"scroll","background-type":"","background-media":"","overlay-type":"","overlay-color":"","overlay-opacity":"","overlay-gradient":""}},"footnotes":""},"categories":[44,41],"tags":[1593,54,89,1592,1590,1591,863],"class_list":["post-7834","post","type-post","status-publish","format-standard","has-post-thumbnail","hentry","category-capital-e-politica","category-vida","tag-perambulando-perambulandocomogiba","tag-brasilia","tag-df","tag-domingo","tag-eixao-do-lazer","tag-eixo-rodoviario","tag-lazer"],"yoast_head":"<!-- This site is optimized with the Yoast SEO plugin v27.0 - https:\/\/yoast.com\/product\/yoast-seo-wordpress\/ -->\n<title>Sa\u00edram as novas regras do Eix\u00e3o do Lazer - LACKMAN &amp; CO.<\/title>\n<meta name=\"robots\" content=\"index, follow, max-snippet:-1, max-image-preview:large, max-video-preview:-1\" \/>\n<link rel=\"canonical\" href=\"https:\/\/lackman.com.br\/index.php\/2024\/10\/22\/eixao-do-lazer-confira-novas-regras\/\" \/>\n<meta property=\"og:locale\" content=\"pt_BR\" \/>\n<meta property=\"og:type\" content=\"article\" \/>\n<meta property=\"og:title\" content=\"Sa\u00edram as novas regras do Eix\u00e3o do Lazer - LACKMAN &amp; CO.\" \/>\n<meta property=\"og:description\" content=\"N\u00e3o \u00e9 novidade para ningu\u00e9m que o Eix\u00e3o do Lazer est\u00e1 no meio de uma novela pela sua manuten\u00e7\u00e3o. E por isso mesmo, a Coluna #PERAMBULANDO est\u00e1 atenta \u00e0 situa\u00e7\u00e3o, enquanto torce por um bom desfecho que garanta a continuidade desse espa\u00e7o plural de divers\u00e3o para toda a popula\u00e7\u00e3o. E mais um cap\u00edtulo se passou\u00a0 com a publica\u00e7\u00e3o de uma normatiza\u00e7\u00e3o no DODF, hoje cedo. Com texto de Tha\u00eds Miranda e Ian Ferraz, da Ag\u00eancia Bras\u00edlia, voc\u00ea fica por dentro dos principais pontos da situa\u00e7\u00e3o. O Governo do Distrito Federal (GDF), por meio do Departamento de Estradas de Rodagem (DER-DF), publicou, nesta ter\u00e7a-feira (22), a\u00a0instru\u00e7\u00e3o normativa n\u00ba 03\/2024, que estabelece os procedimentos e crit\u00e9rios para a regulamenta\u00e7\u00e3o do Plano de Uso e Ocupa\u00e7\u00e3o do Eix\u00e3o do Lazer.\u00a0\u00a0A iniciativa busca organizar as atividades realizadas na \u00e1rea p\u00fablica, que abrange os eixos rodovi\u00e1rios Norte e Sul (DF-002), garantindo lazer seguro e bem estruturado para a popula\u00e7\u00e3o. O Eix\u00e3o do Lazer \u00e9 realizado aos domingos e feriados, entre as 6h e as 18h, per\u00edodo em que o tr\u00e2nsito de ve\u00edculos \u00e9 interrompido para dar espa\u00e7o a pr\u00e1ticas recreativas como caminhadas, corridas, ciclismo, skate e patins. Segundo a normativa, eventos com m\u00fasica ao vivo ou uso de equipamentos de som amplificados s\u00f3 poder\u00e3o ocorrer entre as 10h e as 17h. A montagem de estruturas f\u00edsicas deve ser feita at\u00e9 as 10h, enquanto a desmontagem deve ser finalizada at\u00e9 as 18h. A responsabilidade pela gest\u00e3o e fiscaliza\u00e7\u00e3o das atividades ser\u00e1 do DER-DF, que contar\u00e1 com a colabora\u00e7\u00e3o de outros \u00f3rg\u00e3os do governo local. O n\u00e3o cumprimento das normas estabelecidas acarretar\u00e1 advert\u00eancias, multas, apreens\u00e3o de material e, em casos recorrentes, suspens\u00e3o ou cassa\u00e7\u00e3o da autoriza\u00e7\u00e3o de uso. Al\u00e9m das atividades permitidas, a normativa define restri\u00e7\u00f5es para preservar o espa\u00e7o p\u00fablico. Fica proibido, por exemplo, o uso de estruturas fixadas no asfalto e em \u00e1reas verdes, bem como o estacionamento de ve\u00edculos fora das \u00e1reas designadas. O texto tamb\u00e9m veta a utiliza\u00e7\u00e3o de geradores barulhentos, fogos de artif\u00edcio, bebidas em garrafas de vidro e alimentos em embalagens pontiagudas. Licenciamento Os ambulantes que desejarem atuar no Eix\u00e3o precisar\u00e3o de licenciamento espec\u00edfico, devendo garantir a limpeza do espa\u00e7o utilizado. A fiscaliza\u00e7\u00e3o ser\u00e1 intensificada para evitar irregularidades, como o uso inadequado da \u00e1rea ou a comercializa\u00e7\u00e3o de produtos n\u00e3o autorizados. Infra\u00e7\u00f5es reincidentes poder\u00e3o resultar na suspens\u00e3o do direito de uso. O objetivo do plano \u00e9 assegurar que o Eix\u00e3o se mantenha como um espa\u00e7o p\u00fablico organizado e seguro. Todas as diretrizes e informa\u00e7\u00f5es complementares sobre a regulamenta\u00e7\u00e3o estar\u00e3o dispon\u00edveis no site oficial do DER-DF. H\u00e1 33 anos, o Eix\u00e3o do Lazer \u00e9 um ponto de encontro democr\u00e1tico da popula\u00e7\u00e3o brasiliense ao longo dos 14 km da via que corta Bras\u00edlia de Norte a Sul. Inaugurado oficialmente em 1990, o local tem o\u00a0 DER\/DF como respons\u00e1vel pelo fechamento semanal da via para o tr\u00e1fego de ve\u00edculos aos domingos e feriados, das 6h \u00e0s 18h. Com a publica\u00e7\u00e3o, o GDF garante a continuidade das atividades culturais que marcam o Eix\u00e3o do Lazer em respeito ao ordenamento urbano. Fotos: Paulo H. Carvalho\/Ag\u00eancia Bras\u00edlia\" \/>\n<meta property=\"og:url\" content=\"https:\/\/lackman.com.br\/index.php\/2024\/10\/22\/eixao-do-lazer-confira-novas-regras\/\" \/>\n<meta property=\"og:site_name\" content=\"LACKMAN &amp; CO.\" \/>\n<meta property=\"article:published_time\" content=\"2024-10-22T20:45:53+00:00\" \/>\n<meta property=\"article:modified_time\" content=\"2024-10-24T19:16:39+00:00\" \/>\n<meta property=\"og:image\" content=\"http:\/\/lackman.com.br\/wp-content\/uploads\/2024\/10\/53667445147_9c089b7862_k.jpg\" \/>\n\t<meta property=\"og:image:width\" content=\"2048\" \/>\n\t<meta property=\"og:image:height\" content=\"1365\" \/>\n\t<meta property=\"og:image:type\" content=\"image\/jpeg\" \/>\n<meta name=\"author\" content=\"Gilberto Evangelista - Colunista\" \/>\n<meta name=\"twitter:card\" content=\"summary_large_image\" \/>\n<meta name=\"twitter:label1\" content=\"Escrito por\" \/>\n\t<meta name=\"twitter:data1\" content=\"Gilberto Evangelista - Colunista\" \/>\n\t<meta name=\"twitter:label2\" content=\"Est. tempo de leitura\" \/>\n\t<meta name=\"twitter:data2\" content=\"4 minutos\" \/>\n<script type=\"application\/ld+json\" class=\"yoast-schema-graph\">{\"@context\":\"https:\/\/schema.org\",\"@graph\":[{\"@type\":\"Article\",\"@id\":\"https:\/\/lackman.com.br\/index.php\/2024\/10\/22\/eixao-do-lazer-confira-novas-regras\/#article\",\"isPartOf\":{\"@id\":\"https:\/\/lackman.com.br\/index.php\/2024\/10\/22\/eixao-do-lazer-confira-novas-regras\/\"},\"author\":{\"name\":\"Gilberto Evangelista - Colunista\",\"@id\":\"https:\/\/lackman.com.br\/#\/schema\/person\/8a2355f699593d21d4f0d25b69db5747\"},\"headline\":\"Sa\u00edram as novas regras do Eix\u00e3o do Lazer\",\"datePublished\":\"2024-10-22T20:45:53+00:00\",\"dateModified\":\"2024-10-24T19:16:39+00:00\",\"mainEntityOfPage\":{\"@id\":\"https:\/\/lackman.com.br\/index.php\/2024\/10\/22\/eixao-do-lazer-confira-novas-regras\/\"},\"wordCount\":584,\"publisher\":{\"@id\":\"https:\/\/lackman.com.br\/#organization\"},\"image\":{\"@id\":\"https:\/\/lackman.com.br\/index.php\/2024\/10\/22\/eixao-do-lazer-confira-novas-regras\/#primaryimage\"},\"thumbnailUrl\":\"https:\/\/lackman.com.br\/wp-content\/uploads\/2024\/10\/53667445147_9c089b7862_k.jpg\",\"keywords\":[\"#perambulando #perambulandocomogiba\",\"brasilia\",\"df\",\"domingo\",\"Eix\u00e3o do Lazer\",\"eixo rodovi\u00e1rio\",\"lazer\"],\"articleSection\":[\"Capital &amp; Pol\u00edtica\",\"Vida\"],\"inLanguage\":\"pt-BR\"},{\"@type\":\"WebPage\",\"@id\":\"https:\/\/lackman.com.br\/index.php\/2024\/10\/22\/eixao-do-lazer-confira-novas-regras\/\",\"url\":\"https:\/\/lackman.com.br\/index.php\/2024\/10\/22\/eixao-do-lazer-confira-novas-regras\/\",\"name\":\"Sa\u00edram as novas regras do Eix\u00e3o do Lazer - LACKMAN &amp; CO.\",\"isPartOf\":{\"@id\":\"https:\/\/lackman.com.br\/#website\"},\"primaryImageOfPage\":{\"@id\":\"https:\/\/lackman.com.br\/index.php\/2024\/10\/22\/eixao-do-lazer-confira-novas-regras\/#primaryimage\"},\"image\":{\"@id\":\"https:\/\/lackman.com.br\/index.php\/2024\/10\/22\/eixao-do-lazer-confira-novas-regras\/#primaryimage\"},\"thumbnailUrl\":\"https:\/\/lackman.com.br\/wp-content\/uploads\/2024\/10\/53667445147_9c089b7862_k.jpg\",\"datePublished\":\"2024-10-22T20:45:53+00:00\",\"dateModified\":\"2024-10-24T19:16:39+00:00\",\"breadcrumb\":{\"@id\":\"https:\/\/lackman.com.br\/index.php\/2024\/10\/22\/eixao-do-lazer-confira-novas-regras\/#breadcrumb\"},\"inLanguage\":\"pt-BR\",\"potentialAction\":[{\"@type\":\"ReadAction\",\"target\":[\"https:\/\/lackman.com.br\/index.php\/2024\/10\/22\/eixao-do-lazer-confira-novas-regras\/\"]}]},{\"@type\":\"ImageObject\",\"inLanguage\":\"pt-BR\",\"@id\":\"https:\/\/lackman.com.br\/index.php\/2024\/10\/22\/eixao-do-lazer-confira-novas-regras\/#primaryimage\",\"url\":\"https:\/\/lackman.com.br\/wp-content\/uploads\/2024\/10\/53667445147_9c089b7862_k.jpg\",\"contentUrl\":\"https:\/\/lackman.com.br\/wp-content\/uploads\/2024\/10\/53667445147_9c089b7862_k.jpg\",\"width\":2048,\"height\":1365},{\"@type\":\"BreadcrumbList\",\"@id\":\"https:\/\/lackman.com.br\/index.php\/2024\/10\/22\/eixao-do-lazer-confira-novas-regras\/#breadcrumb\",\"itemListElement\":[{\"@type\":\"ListItem\",\"position\":1,\"name\":\"In\u00edcio\",\"item\":\"https:\/\/lackman.com.br\/\"},{\"@type\":\"ListItem\",\"position\":2,\"name\":\"Sa\u00edram as novas regras do Eix\u00e3o do Lazer\"}]},{\"@type\":\"WebSite\",\"@id\":\"https:\/\/lackman.com.br\/#website\",\"url\":\"https:\/\/lackman.com.br\/\",\"name\":\"LACKMAN &amp; CO.\",\"description\":\"VIDA | MODA | ARTE\",\"publisher\":{\"@id\":\"https:\/\/lackman.com.br\/#organization\"},\"potentialAction\":[{\"@type\":\"SearchAction\",\"target\":{\"@type\":\"EntryPoint\",\"urlTemplate\":\"https:\/\/lackman.com.br\/?s={search_term_string}\"},\"query-input\":{\"@type\":\"PropertyValueSpecification\",\"valueRequired\":true,\"valueName\":\"search_term_string\"}}],\"inLanguage\":\"pt-BR\"},{\"@type\":\"Organization\",\"@id\":\"https:\/\/lackman.com.br\/#organization\",\"name\":\"LACKMAN &amp; CO.\",\"url\":\"https:\/\/lackman.com.br\/\",\"logo\":{\"@type\":\"ImageObject\",\"inLanguage\":\"pt-BR\",\"@id\":\"https:\/\/lackman.com.br\/#\/schema\/logo\/image\/\",\"url\":\"https:\/\/lackman.com.br\/wp-content\/uploads\/2023\/06\/Logotipo_preto-1.png\",\"contentUrl\":\"https:\/\/lackman.com.br\/wp-content\/uploads\/2023\/06\/Logotipo_preto-1.png\",\"width\":739,\"height\":393,\"caption\":\"LACKMAN &amp; CO.\"},\"image\":{\"@id\":\"https:\/\/lackman.com.br\/#\/schema\/logo\/image\/\"}},{\"@type\":\"Person\",\"@id\":\"https:\/\/lackman.com.br\/#\/schema\/person\/8a2355f699593d21d4f0d25b69db5747\",\"name\":\"Gilberto Evangelista - Colunista\",\"image\":{\"@type\":\"ImageObject\",\"inLanguage\":\"pt-BR\",\"@id\":\"https:\/\/lackman.com.br\/#\/schema\/person\/image\/\",\"url\":\"https:\/\/secure.gravatar.com\/avatar\/cea9badf02f8a90f7a745f2cbea45fda61f65711ec015e2faf3809cca6337c28?s=96&d=mm&r=g\",\"contentUrl\":\"https:\/\/secure.gravatar.com\/avatar\/cea9badf02f8a90f7a745f2cbea45fda61f65711ec015e2faf3809cca6337c28?s=96&d=mm&r=g\",\"caption\":\"Gilberto Evangelista - Colunista\"},\"description\":\"Jornalista e globetrotter.\",\"url\":\"https:\/\/lackman.com.br\/index.php\/author\/gilberto-brito\/\"}]}<\/script>\n<!-- \/ Yoast SEO plugin. -->","yoast_head_json":{"title":"Sa\u00edram as novas regras do Eix\u00e3o do Lazer - LACKMAN &amp; CO.","robots":{"index":"index","follow":"follow","max-snippet":"max-snippet:-1","max-image-preview":"max-image-preview:large","max-video-preview":"max-video-preview:-1"},"canonical":"https:\/\/lackman.com.br\/index.php\/2024\/10\/22\/eixao-do-lazer-confira-novas-regras\/","og_locale":"pt_BR","og_type":"article","og_title":"Sa\u00edram as novas regras do Eix\u00e3o do Lazer - LACKMAN &amp; CO.","og_description":"N\u00e3o \u00e9 novidade para ningu\u00e9m que o Eix\u00e3o do Lazer est\u00e1 no meio de uma novela pela sua manuten\u00e7\u00e3o. E por isso mesmo, a Coluna #PERAMBULANDO est\u00e1 atenta \u00e0 situa\u00e7\u00e3o, enquanto torce por um bom desfecho que garanta a continuidade desse espa\u00e7o plural de divers\u00e3o para toda a popula\u00e7\u00e3o. E mais um cap\u00edtulo se passou\u00a0 com a publica\u00e7\u00e3o de uma normatiza\u00e7\u00e3o no DODF, hoje cedo. Com texto de Tha\u00eds Miranda e Ian Ferraz, da Ag\u00eancia Bras\u00edlia, voc\u00ea fica por dentro dos principais pontos da situa\u00e7\u00e3o. O Governo do Distrito Federal (GDF), por meio do Departamento de Estradas de Rodagem (DER-DF), publicou, nesta ter\u00e7a-feira (22), a\u00a0instru\u00e7\u00e3o normativa n\u00ba 03\/2024, que estabelece os procedimentos e crit\u00e9rios para a regulamenta\u00e7\u00e3o do Plano de Uso e Ocupa\u00e7\u00e3o do Eix\u00e3o do Lazer.\u00a0\u00a0A iniciativa busca organizar as atividades realizadas na \u00e1rea p\u00fablica, que abrange os eixos rodovi\u00e1rios Norte e Sul (DF-002), garantindo lazer seguro e bem estruturado para a popula\u00e7\u00e3o. O Eix\u00e3o do Lazer \u00e9 realizado aos domingos e feriados, entre as 6h e as 18h, per\u00edodo em que o tr\u00e2nsito de ve\u00edculos \u00e9 interrompido para dar espa\u00e7o a pr\u00e1ticas recreativas como caminhadas, corridas, ciclismo, skate e patins. Segundo a normativa, eventos com m\u00fasica ao vivo ou uso de equipamentos de som amplificados s\u00f3 poder\u00e3o ocorrer entre as 10h e as 17h. A montagem de estruturas f\u00edsicas deve ser feita at\u00e9 as 10h, enquanto a desmontagem deve ser finalizada at\u00e9 as 18h. A responsabilidade pela gest\u00e3o e fiscaliza\u00e7\u00e3o das atividades ser\u00e1 do DER-DF, que contar\u00e1 com a colabora\u00e7\u00e3o de outros \u00f3rg\u00e3os do governo local. O n\u00e3o cumprimento das normas estabelecidas acarretar\u00e1 advert\u00eancias, multas, apreens\u00e3o de material e, em casos recorrentes, suspens\u00e3o ou cassa\u00e7\u00e3o da autoriza\u00e7\u00e3o de uso. Al\u00e9m das atividades permitidas, a normativa define restri\u00e7\u00f5es para preservar o espa\u00e7o p\u00fablico. Fica proibido, por exemplo, o uso de estruturas fixadas no asfalto e em \u00e1reas verdes, bem como o estacionamento de ve\u00edculos fora das \u00e1reas designadas. O texto tamb\u00e9m veta a utiliza\u00e7\u00e3o de geradores barulhentos, fogos de artif\u00edcio, bebidas em garrafas de vidro e alimentos em embalagens pontiagudas. Licenciamento Os ambulantes que desejarem atuar no Eix\u00e3o precisar\u00e3o de licenciamento espec\u00edfico, devendo garantir a limpeza do espa\u00e7o utilizado. A fiscaliza\u00e7\u00e3o ser\u00e1 intensificada para evitar irregularidades, como o uso inadequado da \u00e1rea ou a comercializa\u00e7\u00e3o de produtos n\u00e3o autorizados. Infra\u00e7\u00f5es reincidentes poder\u00e3o resultar na suspens\u00e3o do direito de uso. O objetivo do plano \u00e9 assegurar que o Eix\u00e3o se mantenha como um espa\u00e7o p\u00fablico organizado e seguro. Todas as diretrizes e informa\u00e7\u00f5es complementares sobre a regulamenta\u00e7\u00e3o estar\u00e3o dispon\u00edveis no site oficial do DER-DF. H\u00e1 33 anos, o Eix\u00e3o do Lazer \u00e9 um ponto de encontro democr\u00e1tico da popula\u00e7\u00e3o brasiliense ao longo dos 14 km da via que corta Bras\u00edlia de Norte a Sul. Inaugurado oficialmente em 1990, o local tem o\u00a0 DER\/DF como respons\u00e1vel pelo fechamento semanal da via para o tr\u00e1fego de ve\u00edculos aos domingos e feriados, das 6h \u00e0s 18h. Com a publica\u00e7\u00e3o, o GDF garante a continuidade das atividades culturais que marcam o Eix\u00e3o do Lazer em respeito ao ordenamento urbano. Fotos: Paulo H. Carvalho\/Ag\u00eancia Bras\u00edlia","og_url":"https:\/\/lackman.com.br\/index.php\/2024\/10\/22\/eixao-do-lazer-confira-novas-regras\/","og_site_name":"LACKMAN &amp; CO.","article_published_time":"2024-10-22T20:45:53+00:00","article_modified_time":"2024-10-24T19:16:39+00:00","og_image":[{"width":2048,"height":1365,"url":"http:\/\/lackman.com.br\/wp-content\/uploads\/2024\/10\/53667445147_9c089b7862_k.jpg","type":"image\/jpeg"}],"author":"Gilberto Evangelista - Colunista","twitter_card":"summary_large_image","twitter_misc":{"Escrito por":"Gilberto Evangelista - Colunista","Est. tempo de leitura":"4 minutos"},"schema":{"@context":"https:\/\/schema.org","@graph":[{"@type":"Article","@id":"https:\/\/lackman.com.br\/index.php\/2024\/10\/22\/eixao-do-lazer-confira-novas-regras\/#article","isPartOf":{"@id":"https:\/\/lackman.com.br\/index.php\/2024\/10\/22\/eixao-do-lazer-confira-novas-regras\/"},"author":{"name":"Gilberto Evangelista - Colunista","@id":"https:\/\/lackman.com.br\/#\/schema\/person\/8a2355f699593d21d4f0d25b69db5747"},"headline":"Sa\u00edram as novas regras do Eix\u00e3o do Lazer","datePublished":"2024-10-22T20:45:53+00:00","dateModified":"2024-10-24T19:16:39+00:00","mainEntityOfPage":{"@id":"https:\/\/lackman.com.br\/index.php\/2024\/10\/22\/eixao-do-lazer-confira-novas-regras\/"},"wordCount":584,"publisher":{"@id":"https:\/\/lackman.com.br\/#organization"},"image":{"@id":"https:\/\/lackman.com.br\/index.php\/2024\/10\/22\/eixao-do-lazer-confira-novas-regras\/#primaryimage"},"thumbnailUrl":"https:\/\/lackman.com.br\/wp-content\/uploads\/2024\/10\/53667445147_9c089b7862_k.jpg","keywords":["#perambulando #perambulandocomogiba","brasilia","df","domingo","Eix\u00e3o do Lazer","eixo rodovi\u00e1rio","lazer"],"articleSection":["Capital &amp; Pol\u00edtica","Vida"],"inLanguage":"pt-BR"},{"@type":"WebPage","@id":"https:\/\/lackman.com.br\/index.php\/2024\/10\/22\/eixao-do-lazer-confira-novas-regras\/","url":"https:\/\/lackman.com.br\/index.php\/2024\/10\/22\/eixao-do-lazer-confira-novas-regras\/","name":"Sa\u00edram as novas regras do Eix\u00e3o do Lazer - LACKMAN &amp; CO.","isPartOf":{"@id":"https:\/\/lackman.com.br\/#website"},"primaryImageOfPage":{"@id":"https:\/\/lackman.com.br\/index.php\/2024\/10\/22\/eixao-do-lazer-confira-novas-regras\/#primaryimage"},"image":{"@id":"https:\/\/lackman.com.br\/index.php\/2024\/10\/22\/eixao-do-lazer-confira-novas-regras\/#primaryimage"},"thumbnailUrl":"https:\/\/lackman.com.br\/wp-content\/uploads\/2024\/10\/53667445147_9c089b7862_k.jpg","datePublished":"2024-10-22T20:45:53+00:00","dateModified":"2024-10-24T19:16:39+00:00","breadcrumb":{"@id":"https:\/\/lackman.com.br\/index.php\/2024\/10\/22\/eixao-do-lazer-confira-novas-regras\/#breadcrumb"},"inLanguage":"pt-BR","potentialAction":[{"@type":"ReadAction","target":["https:\/\/lackman.com.br\/index.php\/2024\/10\/22\/eixao-do-lazer-confira-novas-regras\/"]}]},{"@type":"ImageObject","inLanguage":"pt-BR","@id":"https:\/\/lackman.com.br\/index.php\/2024\/10\/22\/eixao-do-lazer-confira-novas-regras\/#primaryimage","url":"https:\/\/lackman.com.br\/wp-content\/uploads\/2024\/10\/53667445147_9c089b7862_k.jpg","contentUrl":"https:\/\/lackman.com.br\/wp-content\/uploads\/2024\/10\/53667445147_9c089b7862_k.jpg","width":2048,"height":1365},{"@type":"BreadcrumbList","@id":"https:\/\/lackman.com.br\/index.php\/2024\/10\/22\/eixao-do-lazer-confira-novas-regras\/#breadcrumb","itemListElement":[{"@type":"ListItem","position":1,"name":"In\u00edcio","item":"https:\/\/lackman.com.br\/"},{"@type":"ListItem","position":2,"name":"Sa\u00edram as novas regras do Eix\u00e3o do Lazer"}]},{"@type":"WebSite","@id":"https:\/\/lackman.com.br\/#website","url":"https:\/\/lackman.com.br\/","name":"LACKMAN &amp; CO.","description":"VIDA | MODA | ARTE","publisher":{"@id":"https:\/\/lackman.com.br\/#organization"},"potentialAction":[{"@type":"SearchAction","target":{"@type":"EntryPoint","urlTemplate":"https:\/\/lackman.com.br\/?s={search_term_string}"},"query-input":{"@type":"PropertyValueSpecification","valueRequired":true,"valueName":"search_term_string"}}],"inLanguage":"pt-BR"},{"@type":"Organization","@id":"https:\/\/lackman.com.br\/#organization","name":"LACKMAN &amp; CO.","url":"https:\/\/lackman.com.br\/","logo":{"@type":"ImageObject","inLanguage":"pt-BR","@id":"https:\/\/lackman.com.br\/#\/schema\/logo\/image\/","url":"https:\/\/lackman.com.br\/wp-content\/uploads\/2023\/06\/Logotipo_preto-1.png","contentUrl":"https:\/\/lackman.com.br\/wp-content\/uploads\/2023\/06\/Logotipo_preto-1.png","width":739,"height":393,"caption":"LACKMAN &amp; CO."},"image":{"@id":"https:\/\/lackman.com.br\/#\/schema\/logo\/image\/"}},{"@type":"Person","@id":"https:\/\/lackman.com.br\/#\/schema\/person\/8a2355f699593d21d4f0d25b69db5747","name":"Gilberto Evangelista - Colunista","image":{"@type":"ImageObject","inLanguage":"pt-BR","@id":"https:\/\/lackman.com.br\/#\/schema\/person\/image\/","url":"https:\/\/secure.gravatar.com\/avatar\/cea9badf02f8a90f7a745f2cbea45fda61f65711ec015e2faf3809cca6337c28?s=96&d=mm&r=g","contentUrl":"https:\/\/secure.gravatar.com\/avatar\/cea9badf02f8a90f7a745f2cbea45fda61f65711ec015e2faf3809cca6337c28?s=96&d=mm&r=g","caption":"Gilberto Evangelista - Colunista"},"description":"Jornalista e globetrotter.","url":"https:\/\/lackman.com.br\/index.php\/author\/gilberto-brito\/"}]}},"rttpg_featured_image_url":{"full":["https:\/\/lackman.com.br\/wp-content\/uploads\/2024\/10\/53667445147_9c089b7862_k.jpg",2048,1365,false],"landscape":["https:\/\/lackman.com.br\/wp-content\/uploads\/2024\/10\/53667445147_9c089b7862_k.jpg",2048,1365,false],"portraits":["https:\/\/lackman.com.br\/wp-content\/uploads\/2024\/10\/53667445147_9c089b7862_k.jpg",2048,1365,false],"thumbnail":["https:\/\/lackman.com.br\/wp-content\/uploads\/2024\/10\/53667445147_9c089b7862_k-150x150.jpg",150,150,true],"medium":["https:\/\/lackman.com.br\/wp-content\/uploads\/2024\/10\/53667445147_9c089b7862_k-300x200.jpg",300,200,true],"large":["https:\/\/lackman.com.br\/wp-content\/uploads\/2024\/10\/53667445147_9c089b7862_k-1024x683.jpg",1024,683,true],"RoboGalleryMansoryImagesCenter":["https:\/\/lackman.com.br\/wp-content\/uploads\/2024\/10\/53667445147_9c089b7862_k-600x1024.jpg",600,1024,true],"RoboGalleryPreload":["https:\/\/lackman.com.br\/wp-content\/uploads\/2024\/10\/53667445147_9c089b7862_k.jpg",100,67,false],"1536x1536":["https:\/\/lackman.com.br\/wp-content\/uploads\/2024\/10\/53667445147_9c089b7862_k-1536x1024.jpg",1536,1024,true],"2048x2048":["https:\/\/lackman.com.br\/wp-content\/uploads\/2024\/10\/53667445147_9c089b7862_k.jpg",2048,1365,false]},"rttpg_author":{"display_name":"Gilberto Evangelista - Colunista","author_link":"https:\/\/lackman.com.br\/index.php\/author\/gilberto-brito\/"},"rttpg_comment":0,"rttpg_category":"<a href=\"https:\/\/lackman.com.br\/index.php\/category\/vida\/capital-e-politica\/\" rel=\"category tag\">Capital &amp; Pol\u00edtica<\/a> <a href=\"https:\/\/lackman.com.br\/index.php\/category\/vida\/\" rel=\"category tag\">Vida<\/a>","rttpg_excerpt":"N\u00e3o \u00e9 novidade para ningu\u00e9m que o Eix\u00e3o do Lazer est\u00e1 no meio de uma novela pela sua manuten\u00e7\u00e3o. E por isso mesmo, a Coluna #PERAMBULANDO est\u00e1 atenta \u00e0 situa\u00e7\u00e3o, enquanto torce por um bom desfecho que garanta a continuidade desse espa\u00e7o plural de divers\u00e3o para toda a popula\u00e7\u00e3o. E mais um cap\u00edtulo se passou\u00a0&hellip;","_links":{"self":[{"href":"https:\/\/lackman.com.br\/index.php\/wp-json\/wp\/v2\/posts\/7834","targetHints":{"allow":["GET"]}}],"collection":[{"href":"https:\/\/lackman.com.br\/index.php\/wp-json\/wp\/v2\/posts"}],"about":[{"href":"https:\/\/lackman.com.br\/index.php\/wp-json\/wp\/v2\/types\/post"}],"author":[{"embeddable":true,"href":"https:\/\/lackman.com.br\/index.php\/wp-json\/wp\/v2\/users\/6"}],"replies":[{"embeddable":true,"href":"https:\/\/lackman.com.br\/index.php\/wp-json\/wp\/v2\/comments?post=7834"}],"version-history":[{"count":3,"href":"https:\/\/lackman.com.br\/index.php\/wp-json\/wp\/v2\/posts\/7834\/revisions"}],"predecessor-version":[{"id":7859,"href":"https:\/\/lackman.com.br\/index.php\/wp-json\/wp\/v2\/posts\/7834\/revisions\/7859"}],"wp:featuredmedia":[{"embeddable":true,"href":"https:\/\/lackman.com.br\/index.php\/wp-json\/wp\/v2\/media\/7835"}],"wp:attachment":[{"href":"https:\/\/lackman.com.br\/index.php\/wp-json\/wp\/v2\/media?parent=7834"}],"wp:term":[{"taxonomy":"category","embeddable":true,"href":"https:\/\/lackman.com.br\/index.php\/wp-json\/wp\/v2\/categories?post=7834"},{"taxonomy":"post_tag","embeddable":true,"href":"https:\/\/lackman.com.br\/index.php\/wp-json\/wp\/v2\/tags?post=7834"}],"curies":[{"name":"wp","href":"https:\/\/api.w.org\/{rel}","templated":true}]}}