{"id":7792,"date":"2024-10-08T18:39:29","date_gmt":"2024-10-08T21:39:29","guid":{"rendered":"https:\/\/lackman.com.br\/?p=7792"},"modified":"2024-10-08T18:39:29","modified_gmt":"2024-10-08T21:39:29","slug":"em-cartaz-100-anos-fernando-sabino","status":"publish","type":"post","link":"https:\/\/lackman.com.br\/index.php\/2024\/10\/08\/em-cartaz-100-anos-fernando-sabino\/","title":{"rendered":"Em Cartaz: 100 Anos Fernando Sabino"},"content":{"rendered":"<h5 style=\"text-align: justify\"><em>Mostra de cinema celebra a obra do escritor com programa\u00e7\u00e3o gratuita que inclui filmes, leituras de cr\u00f4nicas e rodas de conversa<\/em><\/h5>\n<p style=\"text-align: justify\">\n<p style=\"text-align: justify\"><span style=\"font-weight: 400\">Famoso pelas suas cr\u00f4nicas bem-humoradas, o escritor mineiro Fernando Sabino faria 100 anos em 12 de outubro de 2023.\u00a0 O centen\u00e1rio foi oficialmente reconhecido pelo presidente da rep\u00fablica, que sancionou a lei que institui o ano de 2024 como o Ano Nacional Fernando Sabino.\u00a0<\/span><span style=\"font-weight: 400\">E para celebrar este centen\u00e1rio o Distrito Federal recebe, de <strong>10 a 16 de outubro<\/strong>, a <strong>Mostra de Cinema 100 anos de Fernando Sabino<\/strong>. <\/span><span style=\"font-weight: 400\">O evento, realizado quase que simultaneamente no <strong>Cine Bras\u00edlia<\/strong>, no <strong>SESC Ceil\u00e2ndia<\/strong> e <strong>SESC Taguatinga Norte<\/strong>, exibe longas e curtas-metragens inspirados na obra do escritor, todos legendados.<\/span><\/p>\n<figure id=\"attachment_7796\" aria-describedby=\"caption-attachment-7796\" style=\"width: 1500px\" class=\"wp-caption aligncenter\"><img fetchpriority=\"high\" decoding=\"async\" class=\"wp-image-7796 size-full\" src=\"http:\/\/lackman.com.br\/wp-content\/uploads\/2024\/10\/homemnu.1997.jpg\" alt=\"\" width=\"1500\" height=\"844\" srcset=\"https:\/\/lackman.com.br\/wp-content\/uploads\/2024\/10\/homemnu.1997.jpg 1500w, https:\/\/lackman.com.br\/wp-content\/uploads\/2024\/10\/homemnu.1997-300x169.jpg 300w, https:\/\/lackman.com.br\/wp-content\/uploads\/2024\/10\/homemnu.1997-1024x576.jpg 1024w, https:\/\/lackman.com.br\/wp-content\/uploads\/2024\/10\/homemnu.1997-768x432.jpg 768w\" sizes=\"(max-width: 1500px) 100vw, 1500px\" \/><figcaption id=\"caption-attachment-7796\" class=\"wp-caption-text\">Homem Nu<\/figcaption><\/figure>\n<p style=\"text-align: justify\"><span style=\"font-weight: 400\">Entre os longas, as duas vers\u00f5es de <em>O Homem Nu<\/em> \u2013 uma de 1968, dirigida por Roberto Santos, e outra de 1997, dirigida por Hugo Carvana, al\u00e9m de <em>O Grande Mentecapto<\/em> (1989), de Oswaldo Caldeira, e <em>Faca de Dois Gumes<\/em> (1989), de Murilo Salles. E a<\/span><span style=\"font-weight: 400\"> abertura oficial \u2013 que est\u00e1 marcada para o dia 10 de outubro, \u00e0s 10h, no Cine Bras\u00edlia \u2013 contar\u00e1 com a presen\u00e7a de <strong>Bernardo Sabino<\/strong>,\u00a0 filho de Fernando Sabino, e da Secret\u00e1ria de Educa\u00e7\u00e3o do Distrito Federal, <strong>H\u00e9lvia Paranagu\u00e1<\/strong>, que far\u00e1 leitura da cr\u00f4nica Dona Cust\u00f3dia, do autor homenageado.<\/span><\/p>\n<p style=\"text-align: justify\"><span style=\"font-weight: 400\">A programa\u00e7\u00e3o da mostra inclui, ainda, uma s\u00e9rie de document\u00e1rios em curta-metragem dirigidos pelo pr\u00f3prio Sabino, em parceria com o cineasta David Neves, que mergulham no cotidiano de grandes escritores brasileiros como M\u00e1rio de Andrade, Jorge Amado, Vinicius de Moraes, Clarice Lispector e Carlos Drummond de Andrade.\u00a0<\/span><span style=\"font-weight: 400\">Para al\u00e9m do audiovisual, a programa\u00e7\u00e3o ter\u00e1 atividades educativas que tem como foco a leitura das cr\u00f4nicas levadas \u00e0s telas. E o que \u00e9 melhor \u00e9 que ser\u00e3o feitas antes da sess\u00e3o do curta correspondente e por artistas, cineastas e educadores da cidade. <\/span><\/p>\n<p style=\"text-align: justify\"><img decoding=\"async\" class=\"wp-image-7795 size-full\" style=\"font-style: inherit;font-weight: 600;text-align: center\" src=\"http:\/\/lackman.com.br\/wp-content\/uploads\/2024\/10\/o-grande-mentecapto-filme-02.jpg\" alt=\"\" width=\"1500\" height=\"1000\" srcset=\"https:\/\/lackman.com.br\/wp-content\/uploads\/2024\/10\/o-grande-mentecapto-filme-02.jpg 1500w, https:\/\/lackman.com.br\/wp-content\/uploads\/2024\/10\/o-grande-mentecapto-filme-02-300x200.jpg 300w, https:\/\/lackman.com.br\/wp-content\/uploads\/2024\/10\/o-grande-mentecapto-filme-02-1024x683.jpg 1024w, https:\/\/lackman.com.br\/wp-content\/uploads\/2024\/10\/o-grande-mentecapto-filme-02-768x512.jpg 768w\" sizes=\"(max-width: 1500px) 100vw, 1500px\" \/><\/p>\n<p>O Grande Mentecapto<\/p>\n<p style=\"text-align: justify\"><span style=\"font-weight: 400\">Entre os convidados est\u00e3o o rapper GOG, a escritora Dinor\u00e1 Couto Can\u00e7ado, o ator Simili\u00e3o Aur\u00e9lio, a cineasta Cibele Amaral, a Drag La Rubia e a produtora cultural surda Bia Cruz. J\u00e1 as sess\u00f5es matutinas e vespertinas durante a semana ter\u00e3o como convidados alunos de escolas p\u00fablicas do DF. Essas institui\u00e7\u00f5es de ensino, por sinal, dedicar\u00e3o o m\u00eas de outubro a atividades liter\u00e1rias que ter\u00e3o como tema a obra do escritor.<\/span><\/p>\n<p style=\"text-align: justify\"><span style=\"font-weight: 400\">Outra participa\u00e7\u00e3o ilustre no projeto \u00e9 a do cineasta Vladimir Carvalho. No dia 13 de outubro, \u00e0s 19h, no Cine Bras\u00edlia, o famoso documentarista far\u00e1 a apresenta\u00e7\u00e3o do document\u00e1rio <em>Romancista ao Norte<\/em>, de Fernando Sabino e David Neves, cujo protagonista \u00e9 o escritor Jos\u00e9 Am\u00e9rico de Almeida, conhecido pelo romance <em>A Bagaceira<\/em>, que inaugurou o regionalismo na literatura brasileira moderna. Vladimir Carvalho, ali\u00e1s, estar\u00e1 junto com Bernardo Sabino, no debate promovido ap\u00f3s a mesma sess\u00e3o, que inclui o longa <em>Faca de Dois Gumes<\/em>, de Murilo Salles.<\/span><\/p>\n<p style=\"text-align: justify\"><em><b>Dia das Crian\u00e7as<\/b> <\/em><\/p>\n<p style=\"text-align: justify\"><span style=\"font-weight: 400\">\u201c<em>Quando era menino, me perguntavam o que eu queria ser quando crescesse. Se me perguntassem hoje, responderia: quando crescer, quero ser menino<\/em>\u201d, assim falou <strong>Fernando Sabino<\/strong> no romance <em><strong>O Menino no Espelho<\/strong><\/em>. Por coincid\u00eancia, Sabino nasceu no Dia das Crian\u00e7as. Por conta disso, a mostra apresenta no dia 12 de outubro uma programa\u00e7\u00e3o especial para a garotada.<\/span><\/p>\n<figure id=\"attachment_7794\" aria-describedby=\"caption-attachment-7794\" style=\"width: 620px\" class=\"wp-caption aligncenter\"><img decoding=\"async\" class=\"wp-image-7794 size-full\" src=\"http:\/\/lackman.com.br\/wp-content\/uploads\/2024\/10\/O-Menino-no-Espelho.jpg\" alt=\"\" width=\"620\" height=\"620\" srcset=\"https:\/\/lackman.com.br\/wp-content\/uploads\/2024\/10\/O-Menino-no-Espelho.jpg 620w, https:\/\/lackman.com.br\/wp-content\/uploads\/2024\/10\/O-Menino-no-Espelho-300x300.jpg 300w, https:\/\/lackman.com.br\/wp-content\/uploads\/2024\/10\/O-Menino-no-Espelho-150x150.jpg 150w\" sizes=\"(max-width: 620px) 100vw, 620px\" \/><figcaption id=\"caption-attachment-7794\" class=\"wp-caption-text\">O Menino no Espelho<\/figcaption><\/figure>\n<p style=\"text-align: justify\"><span style=\"font-weight: 400\">No Cine Bras\u00edlia, s\u00e1bado e domingo, em sess\u00f5es de manh\u00e3 e \u00e0 tarde, ser\u00e1 exibido o longa-metragem <em>O Menino no Espelho<\/em>, produ\u00e7\u00e3o de 2012 dirigida por Guilherme Fi\u00faza. O filme \u00e9 passado na Belo Horizonte dos anos 1930. Fernando \u00e9 um garoto de 10 anos que est\u00e1 cansado de fazer as coisas chatas da vida. Seu sonho era criar um s\u00f3sia, que ficasse com estas tarefas enquanto ele pudesse se divertir \u00e0 vontade.<\/span><\/p>\n<p style=\"text-align: justify\"><span style=\"font-weight: 400\">Para garantir acesso a todos os p\u00fablicos, a sess\u00e3o da tarde no Cine Bras\u00edlia contar\u00e1 com todos os recursos de acessibilidade: legendas inclusivas, audiodescri\u00e7\u00e3o e janela de libras. Tamb\u00e9m haver\u00e1 adapta\u00e7\u00e3o de luminosidade e som para receber pessoas com neurodiverg\u00eancia.\u00a0<\/span><span style=\"font-weight: 400\">Enquanto isso, a garotada de Ceil\u00e2ndia tamb\u00e9m ser\u00e1 contemplada com sess\u00f5es especiais no fim de semana do Dia das Crian\u00e7as no SESC, que incluem os curtas-metragens <em>Galinha ao Molho Pardo<\/em> e <em>Meu Melhor Amigo<\/em>, al\u00e9m do longa <em>O Menino no Espelho<\/em>.<\/span><\/p>\n<p style=\"text-align: justify\"><span style=\"font-weight: 400\"><br \/>\n<\/span><span style=\"font-weight: 400\">Em tempo, a <em>Mostra de Cinema 100 Anos de Fernando Sabino<\/em> \u00e9 realizada com recursos da Lei Paulo Gustavo, Minist\u00e9rio da Cultura e Governo Federal, com apoio da Secretaria de Cultura e Economia Criativa do DF (Secec\/DF) e Governo do Distrito Federal (GDF).<\/span><\/p>\n<p>&nbsp;<\/p>\n<p><em><strong>Perambulando com Sabino<\/strong><\/em><\/p>\n<p style=\"text-align: justify\"><em><b>Mostra de Cinema 100 Anos de Fernando Sabino <\/b><span style=\"font-weight: 400\">\/ De 10 a 16 de outubro \u2013 Cine Bras\u00edlia \/\u00a0<\/span><span style=\"font-weight: 400\">De 10 a 13 de outubro \u2013 SESC Ceil\u00e2ndia<\/span><\/em><\/p>\n<p style=\"text-align: justify\"><em><span style=\"font-weight: 400\">De 14 a 16 de outubro \u2013 SESC Taguatinga Norte \/\u00a0<\/span><span style=\"font-weight: 400\">Entrada gratuita \/ Programa\u00e7\u00e3o completa com hor\u00e1rios em <\/span><a href=\"https:\/\/www.instagram.com\/mostrafernandosabino\"><span style=\"font-size: 16px;font-weight: 400\">@mostrafernandosabino<\/span><\/a><\/em><\/p>\n<pre style=\"text-align: justify\">Fotos: Divulga\u00e7\u00e3o<\/pre>\n","protected":false},"excerpt":{"rendered":"<p>Mostra de cinema celebra a obra do escritor com programa\u00e7\u00e3o gratuita que inclui filmes, leituras de cr\u00f4nicas e rodas de conversa Famoso pelas suas cr\u00f4nicas bem-humoradas, o escritor mineiro Fernando Sabino faria 100 anos em 12 de outubro de 2023.\u00a0 O centen\u00e1rio foi oficialmente reconhecido pelo presidente da rep\u00fablica, que sancionou a lei que institui o ano de 2024 como o Ano Nacional Fernando Sabino.\u00a0E para celebrar este centen\u00e1rio o Distrito Federal recebe, de 10 a 16 de outubro, a Mostra de Cinema 100 anos de Fernando Sabino. O evento, realizado quase que simultaneamente no Cine Bras\u00edlia, no SESC Ceil\u00e2ndia e SESC Taguatinga Norte, exibe longas e curtas-metragens inspirados na obra do escritor, todos legendados. Entre os longas, as duas vers\u00f5es de O Homem Nu \u2013 uma de 1968, dirigida por Roberto Santos, e outra de 1997, dirigida por Hugo Carvana, al\u00e9m de O Grande Mentecapto (1989), de Oswaldo Caldeira, e Faca de Dois Gumes (1989), de Murilo Salles. E a abertura oficial \u2013 que est\u00e1 marcada para o dia 10 de outubro, \u00e0s 10h, no Cine Bras\u00edlia \u2013 contar\u00e1 com a presen\u00e7a de Bernardo Sabino,\u00a0 filho de Fernando Sabino, e da Secret\u00e1ria de Educa\u00e7\u00e3o do Distrito Federal, H\u00e9lvia Paranagu\u00e1, que far\u00e1 leitura da cr\u00f4nica Dona Cust\u00f3dia, do autor homenageado. A programa\u00e7\u00e3o da mostra inclui, ainda, uma s\u00e9rie de document\u00e1rios em curta-metragem dirigidos pelo pr\u00f3prio Sabino, em parceria com o cineasta David Neves, que mergulham no cotidiano de grandes escritores brasileiros como M\u00e1rio de Andrade, Jorge Amado, Vinicius de Moraes, Clarice Lispector e Carlos Drummond de Andrade.\u00a0Para al\u00e9m do audiovisual, a programa\u00e7\u00e3o ter\u00e1 atividades educativas que tem como foco a leitura das cr\u00f4nicas levadas \u00e0s telas. E o que \u00e9 melhor \u00e9 que ser\u00e3o feitas antes da sess\u00e3o do curta correspondente e por artistas, cineastas e educadores da cidade. O Grande Mentecapto Entre os convidados est\u00e3o o rapper GOG, a escritora Dinor\u00e1 Couto Can\u00e7ado, o ator Simili\u00e3o Aur\u00e9lio, a cineasta Cibele Amaral, a Drag La Rubia e a produtora cultural surda Bia Cruz. J\u00e1 as sess\u00f5es matutinas e vespertinas durante a semana ter\u00e3o como convidados alunos de escolas p\u00fablicas do DF. Essas institui\u00e7\u00f5es de ensino, por sinal, dedicar\u00e3o o m\u00eas de outubro a atividades liter\u00e1rias que ter\u00e3o como tema a obra do escritor. Outra participa\u00e7\u00e3o ilustre no projeto \u00e9 a do cineasta Vladimir Carvalho. No dia 13 de outubro, \u00e0s 19h, no Cine Bras\u00edlia, o famoso documentarista far\u00e1 a apresenta\u00e7\u00e3o do document\u00e1rio Romancista ao Norte, de Fernando Sabino e David Neves, cujo protagonista \u00e9 o escritor Jos\u00e9 Am\u00e9rico de Almeida, conhecido pelo romance A Bagaceira, que inaugurou o regionalismo na literatura brasileira moderna. Vladimir Carvalho, ali\u00e1s, estar\u00e1 junto com Bernardo Sabino, no debate promovido ap\u00f3s a mesma sess\u00e3o, que inclui o longa Faca de Dois Gumes, de Murilo Salles. Dia das Crian\u00e7as \u201cQuando era menino, me perguntavam o que eu queria ser quando crescesse. Se me perguntassem hoje, responderia: quando crescer, quero ser menino\u201d, assim falou Fernando Sabino no romance O Menino no Espelho. Por coincid\u00eancia, Sabino nasceu no Dia das Crian\u00e7as. Por conta disso, a mostra apresenta no dia 12 de outubro uma programa\u00e7\u00e3o especial para a garotada. No Cine Bras\u00edlia, s\u00e1bado e domingo, em sess\u00f5es de manh\u00e3 e \u00e0 tarde, ser\u00e1 exibido o longa-metragem O Menino no Espelho, produ\u00e7\u00e3o de 2012 dirigida por Guilherme Fi\u00faza. O filme \u00e9 passado na Belo Horizonte dos anos 1930. Fernando \u00e9 um garoto de 10 anos que est\u00e1 cansado de fazer as coisas chatas da vida. Seu sonho era criar um s\u00f3sia, que ficasse com estas tarefas enquanto ele pudesse se divertir \u00e0 vontade. Para garantir acesso a todos os p\u00fablicos, a sess\u00e3o da tarde no Cine Bras\u00edlia contar\u00e1 com todos os recursos de acessibilidade: legendas inclusivas, audiodescri\u00e7\u00e3o e janela de libras. Tamb\u00e9m haver\u00e1 adapta\u00e7\u00e3o de luminosidade e som para receber pessoas com neurodiverg\u00eancia.\u00a0Enquanto isso, a garotada de Ceil\u00e2ndia tamb\u00e9m ser\u00e1 contemplada com sess\u00f5es especiais no fim de semana do Dia das Crian\u00e7as no SESC, que incluem os curtas-metragens Galinha ao Molho Pardo e Meu Melhor Amigo, al\u00e9m do longa O Menino no Espelho. Em tempo, a Mostra de Cinema 100 Anos de Fernando Sabino \u00e9 realizada com recursos da Lei Paulo Gustavo, Minist\u00e9rio da Cultura e Governo Federal, com apoio da Secretaria de Cultura e Economia Criativa do DF (Secec\/DF) e Governo do Distrito Federal (GDF). &nbsp; Perambulando com Sabino Mostra de Cinema 100 Anos de Fernando Sabino \/ De 10 a 16 de outubro \u2013 Cine Bras\u00edlia \/\u00a0De 10 a 13 de outubro \u2013 SESC Ceil\u00e2ndia De 14 a 16 de outubro \u2013 SESC Taguatinga Norte \/\u00a0Entrada gratuita \/ Programa\u00e7\u00e3o completa com hor\u00e1rios em @mostrafernandosabino Fotos: Divulga\u00e7\u00e3o<\/p>\n","protected":false},"author":6,"featured_media":7793,"comment_status":"closed","ping_status":"open","sticky":false,"template":"","format":"standard","meta":{"site-sidebar-layout":"default","site-content-layout":"","ast-site-content-layout":"default","site-content-style":"default","site-sidebar-style":"default","ast-global-header-display":"","ast-banner-title-visibility":"","ast-main-header-display":"","ast-hfb-above-header-display":"","ast-hfb-below-header-display":"","ast-hfb-mobile-header-display":"","site-post-title":"","ast-breadcrumbs-content":"","ast-featured-img":"","footer-sml-layout":"","ast-disable-related-posts":"","theme-transparent-header-meta":"default","adv-header-id-meta":"","stick-header-meta":"","header-above-stick-meta":"","header-main-stick-meta":"","header-below-stick-meta":"","astra-migrate-meta-layouts":"set","ast-page-background-enabled":"default","ast-page-background-meta":{"desktop":{"background-color":"","background-image":"","background-repeat":"repeat","background-position":"center center","background-size":"auto","background-attachment":"scroll","background-type":"","background-media":"","overlay-type":"","overlay-color":"","overlay-opacity":"","overlay-gradient":""},"tablet":{"background-color":"","background-image":"","background-repeat":"repeat","background-position":"center center","background-size":"auto","background-attachment":"scroll","background-type":"","background-media":"","overlay-type":"","overlay-color":"","overlay-opacity":"","overlay-gradient":""},"mobile":{"background-color":"","background-image":"","background-repeat":"repeat","background-position":"center center","background-size":"auto","background-attachment":"scroll","background-type":"","background-media":"","overlay-type":"","overlay-color":"","overlay-opacity":"","overlay-gradient":""}},"ast-content-background-meta":{"desktop":{"background-color":"var(--ast-global-color-5)","background-image":"","background-repeat":"repeat","background-position":"center center","background-size":"auto","background-attachment":"scroll","background-type":"","background-media":"","overlay-type":"","overlay-color":"","overlay-opacity":"","overlay-gradient":""},"tablet":{"background-color":"var(--ast-global-color-5)","background-image":"","background-repeat":"repeat","background-position":"center center","background-size":"auto","background-attachment":"scroll","background-type":"","background-media":"","overlay-type":"","overlay-color":"","overlay-opacity":"","overlay-gradient":""},"mobile":{"background-color":"var(--ast-global-color-5)","background-image":"","background-repeat":"repeat","background-position":"center center","background-size":"auto","background-attachment":"scroll","background-type":"","background-media":"","overlay-type":"","overlay-color":"","overlay-opacity":"","overlay-gradient":""}},"footnotes":""},"categories":[46,48],"tags":[288,54,123,178,89,186,1583,172,1582,166,409,1584],"class_list":["post-7792","post","type-post","status-publish","format-standard","has-post-thumbnail","hentry","category-arte","category-entretenimento","tag-perambulandocomogiba","tag-brasilia","tag-cinema","tag-cultura","tag-df","tag-diversao","tag-fernando-sabino","tag-festival","tag-mostra-de-cinema-100-anos-de-fernando-sabino","tag-perambulando","tag-sesc","tag-sesc-df"],"yoast_head":"<!-- This site is optimized with the Yoast SEO plugin v27.0 - https:\/\/yoast.com\/product\/yoast-seo-wordpress\/ -->\n<title>Em Cartaz: 100 Anos Fernando Sabino - LACKMAN &amp; CO.<\/title>\n<meta name=\"robots\" content=\"index, follow, max-snippet:-1, max-image-preview:large, max-video-preview:-1\" \/>\n<link rel=\"canonical\" href=\"https:\/\/lackman.com.br\/index.php\/2024\/10\/08\/em-cartaz-100-anos-fernando-sabino\/\" \/>\n<meta property=\"og:locale\" content=\"pt_BR\" \/>\n<meta property=\"og:type\" content=\"article\" \/>\n<meta property=\"og:title\" content=\"Em Cartaz: 100 Anos Fernando Sabino - LACKMAN &amp; CO.\" \/>\n<meta property=\"og:description\" content=\"Mostra de cinema celebra a obra do escritor com programa\u00e7\u00e3o gratuita que inclui filmes, leituras de cr\u00f4nicas e rodas de conversa Famoso pelas suas cr\u00f4nicas bem-humoradas, o escritor mineiro Fernando Sabino faria 100 anos em 12 de outubro de 2023.\u00a0 O centen\u00e1rio foi oficialmente reconhecido pelo presidente da rep\u00fablica, que sancionou a lei que institui o ano de 2024 como o Ano Nacional Fernando Sabino.\u00a0E para celebrar este centen\u00e1rio o Distrito Federal recebe, de 10 a 16 de outubro, a Mostra de Cinema 100 anos de Fernando Sabino. O evento, realizado quase que simultaneamente no Cine Bras\u00edlia, no SESC Ceil\u00e2ndia e SESC Taguatinga Norte, exibe longas e curtas-metragens inspirados na obra do escritor, todos legendados. Entre os longas, as duas vers\u00f5es de O Homem Nu \u2013 uma de 1968, dirigida por Roberto Santos, e outra de 1997, dirigida por Hugo Carvana, al\u00e9m de O Grande Mentecapto (1989), de Oswaldo Caldeira, e Faca de Dois Gumes (1989), de Murilo Salles. E a abertura oficial \u2013 que est\u00e1 marcada para o dia 10 de outubro, \u00e0s 10h, no Cine Bras\u00edlia \u2013 contar\u00e1 com a presen\u00e7a de Bernardo Sabino,\u00a0 filho de Fernando Sabino, e da Secret\u00e1ria de Educa\u00e7\u00e3o do Distrito Federal, H\u00e9lvia Paranagu\u00e1, que far\u00e1 leitura da cr\u00f4nica Dona Cust\u00f3dia, do autor homenageado. A programa\u00e7\u00e3o da mostra inclui, ainda, uma s\u00e9rie de document\u00e1rios em curta-metragem dirigidos pelo pr\u00f3prio Sabino, em parceria com o cineasta David Neves, que mergulham no cotidiano de grandes escritores brasileiros como M\u00e1rio de Andrade, Jorge Amado, Vinicius de Moraes, Clarice Lispector e Carlos Drummond de Andrade.\u00a0Para al\u00e9m do audiovisual, a programa\u00e7\u00e3o ter\u00e1 atividades educativas que tem como foco a leitura das cr\u00f4nicas levadas \u00e0s telas. E o que \u00e9 melhor \u00e9 que ser\u00e3o feitas antes da sess\u00e3o do curta correspondente e por artistas, cineastas e educadores da cidade. O Grande Mentecapto Entre os convidados est\u00e3o o rapper GOG, a escritora Dinor\u00e1 Couto Can\u00e7ado, o ator Simili\u00e3o Aur\u00e9lio, a cineasta Cibele Amaral, a Drag La Rubia e a produtora cultural surda Bia Cruz. J\u00e1 as sess\u00f5es matutinas e vespertinas durante a semana ter\u00e3o como convidados alunos de escolas p\u00fablicas do DF. Essas institui\u00e7\u00f5es de ensino, por sinal, dedicar\u00e3o o m\u00eas de outubro a atividades liter\u00e1rias que ter\u00e3o como tema a obra do escritor. Outra participa\u00e7\u00e3o ilustre no projeto \u00e9 a do cineasta Vladimir Carvalho. No dia 13 de outubro, \u00e0s 19h, no Cine Bras\u00edlia, o famoso documentarista far\u00e1 a apresenta\u00e7\u00e3o do document\u00e1rio Romancista ao Norte, de Fernando Sabino e David Neves, cujo protagonista \u00e9 o escritor Jos\u00e9 Am\u00e9rico de Almeida, conhecido pelo romance A Bagaceira, que inaugurou o regionalismo na literatura brasileira moderna. Vladimir Carvalho, ali\u00e1s, estar\u00e1 junto com Bernardo Sabino, no debate promovido ap\u00f3s a mesma sess\u00e3o, que inclui o longa Faca de Dois Gumes, de Murilo Salles. Dia das Crian\u00e7as \u201cQuando era menino, me perguntavam o que eu queria ser quando crescesse. Se me perguntassem hoje, responderia: quando crescer, quero ser menino\u201d, assim falou Fernando Sabino no romance O Menino no Espelho. Por coincid\u00eancia, Sabino nasceu no Dia das Crian\u00e7as. Por conta disso, a mostra apresenta no dia 12 de outubro uma programa\u00e7\u00e3o especial para a garotada. No Cine Bras\u00edlia, s\u00e1bado e domingo, em sess\u00f5es de manh\u00e3 e \u00e0 tarde, ser\u00e1 exibido o longa-metragem O Menino no Espelho, produ\u00e7\u00e3o de 2012 dirigida por Guilherme Fi\u00faza. O filme \u00e9 passado na Belo Horizonte dos anos 1930. Fernando \u00e9 um garoto de 10 anos que est\u00e1 cansado de fazer as coisas chatas da vida. Seu sonho era criar um s\u00f3sia, que ficasse com estas tarefas enquanto ele pudesse se divertir \u00e0 vontade. Para garantir acesso a todos os p\u00fablicos, a sess\u00e3o da tarde no Cine Bras\u00edlia contar\u00e1 com todos os recursos de acessibilidade: legendas inclusivas, audiodescri\u00e7\u00e3o e janela de libras. Tamb\u00e9m haver\u00e1 adapta\u00e7\u00e3o de luminosidade e som para receber pessoas com neurodiverg\u00eancia.\u00a0Enquanto isso, a garotada de Ceil\u00e2ndia tamb\u00e9m ser\u00e1 contemplada com sess\u00f5es especiais no fim de semana do Dia das Crian\u00e7as no SESC, que incluem os curtas-metragens Galinha ao Molho Pardo e Meu Melhor Amigo, al\u00e9m do longa O Menino no Espelho. Em tempo, a Mostra de Cinema 100 Anos de Fernando Sabino \u00e9 realizada com recursos da Lei Paulo Gustavo, Minist\u00e9rio da Cultura e Governo Federal, com apoio da Secretaria de Cultura e Economia Criativa do DF (Secec\/DF) e Governo do Distrito Federal (GDF). &nbsp; Perambulando com Sabino Mostra de Cinema 100 Anos de Fernando Sabino \/ De 10 a 16 de outubro \u2013 Cine Bras\u00edlia \/\u00a0De 10 a 13 de outubro \u2013 SESC Ceil\u00e2ndia De 14 a 16 de outubro \u2013 SESC Taguatinga Norte \/\u00a0Entrada gratuita \/ Programa\u00e7\u00e3o completa com hor\u00e1rios em @mostrafernandosabino Fotos: Divulga\u00e7\u00e3o\" \/>\n<meta property=\"og:url\" content=\"https:\/\/lackman.com.br\/index.php\/2024\/10\/08\/em-cartaz-100-anos-fernando-sabino\/\" \/>\n<meta property=\"og:site_name\" content=\"LACKMAN &amp; CO.\" \/>\n<meta property=\"article:published_time\" content=\"2024-10-08T21:39:29+00:00\" \/>\n<meta property=\"og:image\" content=\"http:\/\/lackman.com.br\/wp-content\/uploads\/2024\/10\/Fernando-Sabino-em-seu-apartamento-em-Copacabana_Acervo-Pessoal_.jpg\" \/>\n\t<meta property=\"og:image:width\" content=\"1748\" \/>\n\t<meta property=\"og:image:height\" content=\"1240\" \/>\n\t<meta property=\"og:image:type\" content=\"image\/jpeg\" \/>\n<meta name=\"author\" content=\"Gilberto Evangelista - Colunista\" \/>\n<meta name=\"twitter:card\" content=\"summary_large_image\" \/>\n<meta name=\"twitter:label1\" content=\"Escrito por\" \/>\n\t<meta name=\"twitter:data1\" content=\"Gilberto Evangelista - Colunista\" \/>\n\t<meta name=\"twitter:label2\" content=\"Est. tempo de leitura\" \/>\n\t<meta name=\"twitter:data2\" content=\"5 minutos\" \/>\n<script type=\"application\/ld+json\" class=\"yoast-schema-graph\">{\"@context\":\"https:\/\/schema.org\",\"@graph\":[{\"@type\":\"Article\",\"@id\":\"https:\/\/lackman.com.br\/index.php\/2024\/10\/08\/em-cartaz-100-anos-fernando-sabino\/#article\",\"isPartOf\":{\"@id\":\"https:\/\/lackman.com.br\/index.php\/2024\/10\/08\/em-cartaz-100-anos-fernando-sabino\/\"},\"author\":{\"name\":\"Gilberto Evangelista - Colunista\",\"@id\":\"https:\/\/lackman.com.br\/#\/schema\/person\/8a2355f699593d21d4f0d25b69db5747\"},\"headline\":\"Em Cartaz: 100 Anos Fernando Sabino\",\"datePublished\":\"2024-10-08T21:39:29+00:00\",\"mainEntityOfPage\":{\"@id\":\"https:\/\/lackman.com.br\/index.php\/2024\/10\/08\/em-cartaz-100-anos-fernando-sabino\/\"},\"wordCount\":826,\"publisher\":{\"@id\":\"https:\/\/lackman.com.br\/#organization\"},\"image\":{\"@id\":\"https:\/\/lackman.com.br\/index.php\/2024\/10\/08\/em-cartaz-100-anos-fernando-sabino\/#primaryimage\"},\"thumbnailUrl\":\"https:\/\/lackman.com.br\/wp-content\/uploads\/2024\/10\/Fernando-Sabino-em-seu-apartamento-em-Copacabana_Acervo-Pessoal_.jpg\",\"keywords\":[\"#perambulandocomogiba\",\"brasilia\",\"cinema\",\"cultura\",\"df\",\"divers\u00e3o\",\"Fernando Sabino\",\"festival\",\"Mostra de Cinema 100 anos de Fernando Sabino\",\"Perambulando\",\"Sesc\",\"SESC-DF\"],\"articleSection\":[\"Arte\",\"Entretenimento\"],\"inLanguage\":\"pt-BR\"},{\"@type\":\"WebPage\",\"@id\":\"https:\/\/lackman.com.br\/index.php\/2024\/10\/08\/em-cartaz-100-anos-fernando-sabino\/\",\"url\":\"https:\/\/lackman.com.br\/index.php\/2024\/10\/08\/em-cartaz-100-anos-fernando-sabino\/\",\"name\":\"Em Cartaz: 100 Anos Fernando Sabino - LACKMAN &amp; CO.\",\"isPartOf\":{\"@id\":\"https:\/\/lackman.com.br\/#website\"},\"primaryImageOfPage\":{\"@id\":\"https:\/\/lackman.com.br\/index.php\/2024\/10\/08\/em-cartaz-100-anos-fernando-sabino\/#primaryimage\"},\"image\":{\"@id\":\"https:\/\/lackman.com.br\/index.php\/2024\/10\/08\/em-cartaz-100-anos-fernando-sabino\/#primaryimage\"},\"thumbnailUrl\":\"https:\/\/lackman.com.br\/wp-content\/uploads\/2024\/10\/Fernando-Sabino-em-seu-apartamento-em-Copacabana_Acervo-Pessoal_.jpg\",\"datePublished\":\"2024-10-08T21:39:29+00:00\",\"breadcrumb\":{\"@id\":\"https:\/\/lackman.com.br\/index.php\/2024\/10\/08\/em-cartaz-100-anos-fernando-sabino\/#breadcrumb\"},\"inLanguage\":\"pt-BR\",\"potentialAction\":[{\"@type\":\"ReadAction\",\"target\":[\"https:\/\/lackman.com.br\/index.php\/2024\/10\/08\/em-cartaz-100-anos-fernando-sabino\/\"]}]},{\"@type\":\"ImageObject\",\"inLanguage\":\"pt-BR\",\"@id\":\"https:\/\/lackman.com.br\/index.php\/2024\/10\/08\/em-cartaz-100-anos-fernando-sabino\/#primaryimage\",\"url\":\"https:\/\/lackman.com.br\/wp-content\/uploads\/2024\/10\/Fernando-Sabino-em-seu-apartamento-em-Copacabana_Acervo-Pessoal_.jpg\",\"contentUrl\":\"https:\/\/lackman.com.br\/wp-content\/uploads\/2024\/10\/Fernando-Sabino-em-seu-apartamento-em-Copacabana_Acervo-Pessoal_.jpg\",\"width\":1748,\"height\":1240},{\"@type\":\"BreadcrumbList\",\"@id\":\"https:\/\/lackman.com.br\/index.php\/2024\/10\/08\/em-cartaz-100-anos-fernando-sabino\/#breadcrumb\",\"itemListElement\":[{\"@type\":\"ListItem\",\"position\":1,\"name\":\"In\u00edcio\",\"item\":\"https:\/\/lackman.com.br\/\"},{\"@type\":\"ListItem\",\"position\":2,\"name\":\"Em Cartaz: 100 Anos Fernando Sabino\"}]},{\"@type\":\"WebSite\",\"@id\":\"https:\/\/lackman.com.br\/#website\",\"url\":\"https:\/\/lackman.com.br\/\",\"name\":\"LACKMAN &amp; CO.\",\"description\":\"VIDA | MODA | ARTE\",\"publisher\":{\"@id\":\"https:\/\/lackman.com.br\/#organization\"},\"potentialAction\":[{\"@type\":\"SearchAction\",\"target\":{\"@type\":\"EntryPoint\",\"urlTemplate\":\"https:\/\/lackman.com.br\/?s={search_term_string}\"},\"query-input\":{\"@type\":\"PropertyValueSpecification\",\"valueRequired\":true,\"valueName\":\"search_term_string\"}}],\"inLanguage\":\"pt-BR\"},{\"@type\":\"Organization\",\"@id\":\"https:\/\/lackman.com.br\/#organization\",\"name\":\"LACKMAN &amp; CO.\",\"url\":\"https:\/\/lackman.com.br\/\",\"logo\":{\"@type\":\"ImageObject\",\"inLanguage\":\"pt-BR\",\"@id\":\"https:\/\/lackman.com.br\/#\/schema\/logo\/image\/\",\"url\":\"https:\/\/lackman.com.br\/wp-content\/uploads\/2023\/06\/Logotipo_preto-1.png\",\"contentUrl\":\"https:\/\/lackman.com.br\/wp-content\/uploads\/2023\/06\/Logotipo_preto-1.png\",\"width\":739,\"height\":393,\"caption\":\"LACKMAN &amp; CO.\"},\"image\":{\"@id\":\"https:\/\/lackman.com.br\/#\/schema\/logo\/image\/\"}},{\"@type\":\"Person\",\"@id\":\"https:\/\/lackman.com.br\/#\/schema\/person\/8a2355f699593d21d4f0d25b69db5747\",\"name\":\"Gilberto Evangelista - Colunista\",\"image\":{\"@type\":\"ImageObject\",\"inLanguage\":\"pt-BR\",\"@id\":\"https:\/\/lackman.com.br\/#\/schema\/person\/image\/\",\"url\":\"https:\/\/secure.gravatar.com\/avatar\/cea9badf02f8a90f7a745f2cbea45fda61f65711ec015e2faf3809cca6337c28?s=96&d=mm&r=g\",\"contentUrl\":\"https:\/\/secure.gravatar.com\/avatar\/cea9badf02f8a90f7a745f2cbea45fda61f65711ec015e2faf3809cca6337c28?s=96&d=mm&r=g\",\"caption\":\"Gilberto Evangelista - Colunista\"},\"description\":\"Jornalista e globetrotter.\",\"url\":\"https:\/\/lackman.com.br\/index.php\/author\/gilberto-brito\/\"}]}<\/script>\n<!-- \/ Yoast SEO plugin. -->","yoast_head_json":{"title":"Em Cartaz: 100 Anos Fernando Sabino - LACKMAN &amp; CO.","robots":{"index":"index","follow":"follow","max-snippet":"max-snippet:-1","max-image-preview":"max-image-preview:large","max-video-preview":"max-video-preview:-1"},"canonical":"https:\/\/lackman.com.br\/index.php\/2024\/10\/08\/em-cartaz-100-anos-fernando-sabino\/","og_locale":"pt_BR","og_type":"article","og_title":"Em Cartaz: 100 Anos Fernando Sabino - LACKMAN &amp; CO.","og_description":"Mostra de cinema celebra a obra do escritor com programa\u00e7\u00e3o gratuita que inclui filmes, leituras de cr\u00f4nicas e rodas de conversa Famoso pelas suas cr\u00f4nicas bem-humoradas, o escritor mineiro Fernando Sabino faria 100 anos em 12 de outubro de 2023.\u00a0 O centen\u00e1rio foi oficialmente reconhecido pelo presidente da rep\u00fablica, que sancionou a lei que institui o ano de 2024 como o Ano Nacional Fernando Sabino.\u00a0E para celebrar este centen\u00e1rio o Distrito Federal recebe, de 10 a 16 de outubro, a Mostra de Cinema 100 anos de Fernando Sabino. O evento, realizado quase que simultaneamente no Cine Bras\u00edlia, no SESC Ceil\u00e2ndia e SESC Taguatinga Norte, exibe longas e curtas-metragens inspirados na obra do escritor, todos legendados. Entre os longas, as duas vers\u00f5es de O Homem Nu \u2013 uma de 1968, dirigida por Roberto Santos, e outra de 1997, dirigida por Hugo Carvana, al\u00e9m de O Grande Mentecapto (1989), de Oswaldo Caldeira, e Faca de Dois Gumes (1989), de Murilo Salles. E a abertura oficial \u2013 que est\u00e1 marcada para o dia 10 de outubro, \u00e0s 10h, no Cine Bras\u00edlia \u2013 contar\u00e1 com a presen\u00e7a de Bernardo Sabino,\u00a0 filho de Fernando Sabino, e da Secret\u00e1ria de Educa\u00e7\u00e3o do Distrito Federal, H\u00e9lvia Paranagu\u00e1, que far\u00e1 leitura da cr\u00f4nica Dona Cust\u00f3dia, do autor homenageado. A programa\u00e7\u00e3o da mostra inclui, ainda, uma s\u00e9rie de document\u00e1rios em curta-metragem dirigidos pelo pr\u00f3prio Sabino, em parceria com o cineasta David Neves, que mergulham no cotidiano de grandes escritores brasileiros como M\u00e1rio de Andrade, Jorge Amado, Vinicius de Moraes, Clarice Lispector e Carlos Drummond de Andrade.\u00a0Para al\u00e9m do audiovisual, a programa\u00e7\u00e3o ter\u00e1 atividades educativas que tem como foco a leitura das cr\u00f4nicas levadas \u00e0s telas. E o que \u00e9 melhor \u00e9 que ser\u00e3o feitas antes da sess\u00e3o do curta correspondente e por artistas, cineastas e educadores da cidade. O Grande Mentecapto Entre os convidados est\u00e3o o rapper GOG, a escritora Dinor\u00e1 Couto Can\u00e7ado, o ator Simili\u00e3o Aur\u00e9lio, a cineasta Cibele Amaral, a Drag La Rubia e a produtora cultural surda Bia Cruz. J\u00e1 as sess\u00f5es matutinas e vespertinas durante a semana ter\u00e3o como convidados alunos de escolas p\u00fablicas do DF. Essas institui\u00e7\u00f5es de ensino, por sinal, dedicar\u00e3o o m\u00eas de outubro a atividades liter\u00e1rias que ter\u00e3o como tema a obra do escritor. Outra participa\u00e7\u00e3o ilustre no projeto \u00e9 a do cineasta Vladimir Carvalho. No dia 13 de outubro, \u00e0s 19h, no Cine Bras\u00edlia, o famoso documentarista far\u00e1 a apresenta\u00e7\u00e3o do document\u00e1rio Romancista ao Norte, de Fernando Sabino e David Neves, cujo protagonista \u00e9 o escritor Jos\u00e9 Am\u00e9rico de Almeida, conhecido pelo romance A Bagaceira, que inaugurou o regionalismo na literatura brasileira moderna. Vladimir Carvalho, ali\u00e1s, estar\u00e1 junto com Bernardo Sabino, no debate promovido ap\u00f3s a mesma sess\u00e3o, que inclui o longa Faca de Dois Gumes, de Murilo Salles. Dia das Crian\u00e7as \u201cQuando era menino, me perguntavam o que eu queria ser quando crescesse. Se me perguntassem hoje, responderia: quando crescer, quero ser menino\u201d, assim falou Fernando Sabino no romance O Menino no Espelho. Por coincid\u00eancia, Sabino nasceu no Dia das Crian\u00e7as. Por conta disso, a mostra apresenta no dia 12 de outubro uma programa\u00e7\u00e3o especial para a garotada. No Cine Bras\u00edlia, s\u00e1bado e domingo, em sess\u00f5es de manh\u00e3 e \u00e0 tarde, ser\u00e1 exibido o longa-metragem O Menino no Espelho, produ\u00e7\u00e3o de 2012 dirigida por Guilherme Fi\u00faza. O filme \u00e9 passado na Belo Horizonte dos anos 1930. Fernando \u00e9 um garoto de 10 anos que est\u00e1 cansado de fazer as coisas chatas da vida. Seu sonho era criar um s\u00f3sia, que ficasse com estas tarefas enquanto ele pudesse se divertir \u00e0 vontade. Para garantir acesso a todos os p\u00fablicos, a sess\u00e3o da tarde no Cine Bras\u00edlia contar\u00e1 com todos os recursos de acessibilidade: legendas inclusivas, audiodescri\u00e7\u00e3o e janela de libras. Tamb\u00e9m haver\u00e1 adapta\u00e7\u00e3o de luminosidade e som para receber pessoas com neurodiverg\u00eancia.\u00a0Enquanto isso, a garotada de Ceil\u00e2ndia tamb\u00e9m ser\u00e1 contemplada com sess\u00f5es especiais no fim de semana do Dia das Crian\u00e7as no SESC, que incluem os curtas-metragens Galinha ao Molho Pardo e Meu Melhor Amigo, al\u00e9m do longa O Menino no Espelho. Em tempo, a Mostra de Cinema 100 Anos de Fernando Sabino \u00e9 realizada com recursos da Lei Paulo Gustavo, Minist\u00e9rio da Cultura e Governo Federal, com apoio da Secretaria de Cultura e Economia Criativa do DF (Secec\/DF) e Governo do Distrito Federal (GDF). &nbsp; Perambulando com Sabino Mostra de Cinema 100 Anos de Fernando Sabino \/ De 10 a 16 de outubro \u2013 Cine Bras\u00edlia \/\u00a0De 10 a 13 de outubro \u2013 SESC Ceil\u00e2ndia De 14 a 16 de outubro \u2013 SESC Taguatinga Norte \/\u00a0Entrada gratuita \/ Programa\u00e7\u00e3o completa com hor\u00e1rios em @mostrafernandosabino Fotos: Divulga\u00e7\u00e3o","og_url":"https:\/\/lackman.com.br\/index.php\/2024\/10\/08\/em-cartaz-100-anos-fernando-sabino\/","og_site_name":"LACKMAN &amp; CO.","article_published_time":"2024-10-08T21:39:29+00:00","og_image":[{"width":1748,"height":1240,"url":"http:\/\/lackman.com.br\/wp-content\/uploads\/2024\/10\/Fernando-Sabino-em-seu-apartamento-em-Copacabana_Acervo-Pessoal_.jpg","type":"image\/jpeg"}],"author":"Gilberto Evangelista - Colunista","twitter_card":"summary_large_image","twitter_misc":{"Escrito por":"Gilberto Evangelista - Colunista","Est. tempo de leitura":"5 minutos"},"schema":{"@context":"https:\/\/schema.org","@graph":[{"@type":"Article","@id":"https:\/\/lackman.com.br\/index.php\/2024\/10\/08\/em-cartaz-100-anos-fernando-sabino\/#article","isPartOf":{"@id":"https:\/\/lackman.com.br\/index.php\/2024\/10\/08\/em-cartaz-100-anos-fernando-sabino\/"},"author":{"name":"Gilberto Evangelista - Colunista","@id":"https:\/\/lackman.com.br\/#\/schema\/person\/8a2355f699593d21d4f0d25b69db5747"},"headline":"Em Cartaz: 100 Anos Fernando Sabino","datePublished":"2024-10-08T21:39:29+00:00","mainEntityOfPage":{"@id":"https:\/\/lackman.com.br\/index.php\/2024\/10\/08\/em-cartaz-100-anos-fernando-sabino\/"},"wordCount":826,"publisher":{"@id":"https:\/\/lackman.com.br\/#organization"},"image":{"@id":"https:\/\/lackman.com.br\/index.php\/2024\/10\/08\/em-cartaz-100-anos-fernando-sabino\/#primaryimage"},"thumbnailUrl":"https:\/\/lackman.com.br\/wp-content\/uploads\/2024\/10\/Fernando-Sabino-em-seu-apartamento-em-Copacabana_Acervo-Pessoal_.jpg","keywords":["#perambulandocomogiba","brasilia","cinema","cultura","df","divers\u00e3o","Fernando Sabino","festival","Mostra de Cinema 100 anos de Fernando Sabino","Perambulando","Sesc","SESC-DF"],"articleSection":["Arte","Entretenimento"],"inLanguage":"pt-BR"},{"@type":"WebPage","@id":"https:\/\/lackman.com.br\/index.php\/2024\/10\/08\/em-cartaz-100-anos-fernando-sabino\/","url":"https:\/\/lackman.com.br\/index.php\/2024\/10\/08\/em-cartaz-100-anos-fernando-sabino\/","name":"Em Cartaz: 100 Anos Fernando Sabino - LACKMAN &amp; CO.","isPartOf":{"@id":"https:\/\/lackman.com.br\/#website"},"primaryImageOfPage":{"@id":"https:\/\/lackman.com.br\/index.php\/2024\/10\/08\/em-cartaz-100-anos-fernando-sabino\/#primaryimage"},"image":{"@id":"https:\/\/lackman.com.br\/index.php\/2024\/10\/08\/em-cartaz-100-anos-fernando-sabino\/#primaryimage"},"thumbnailUrl":"https:\/\/lackman.com.br\/wp-content\/uploads\/2024\/10\/Fernando-Sabino-em-seu-apartamento-em-Copacabana_Acervo-Pessoal_.jpg","datePublished":"2024-10-08T21:39:29+00:00","breadcrumb":{"@id":"https:\/\/lackman.com.br\/index.php\/2024\/10\/08\/em-cartaz-100-anos-fernando-sabino\/#breadcrumb"},"inLanguage":"pt-BR","potentialAction":[{"@type":"ReadAction","target":["https:\/\/lackman.com.br\/index.php\/2024\/10\/08\/em-cartaz-100-anos-fernando-sabino\/"]}]},{"@type":"ImageObject","inLanguage":"pt-BR","@id":"https:\/\/lackman.com.br\/index.php\/2024\/10\/08\/em-cartaz-100-anos-fernando-sabino\/#primaryimage","url":"https:\/\/lackman.com.br\/wp-content\/uploads\/2024\/10\/Fernando-Sabino-em-seu-apartamento-em-Copacabana_Acervo-Pessoal_.jpg","contentUrl":"https:\/\/lackman.com.br\/wp-content\/uploads\/2024\/10\/Fernando-Sabino-em-seu-apartamento-em-Copacabana_Acervo-Pessoal_.jpg","width":1748,"height":1240},{"@type":"BreadcrumbList","@id":"https:\/\/lackman.com.br\/index.php\/2024\/10\/08\/em-cartaz-100-anos-fernando-sabino\/#breadcrumb","itemListElement":[{"@type":"ListItem","position":1,"name":"In\u00edcio","item":"https:\/\/lackman.com.br\/"},{"@type":"ListItem","position":2,"name":"Em Cartaz: 100 Anos Fernando Sabino"}]},{"@type":"WebSite","@id":"https:\/\/lackman.com.br\/#website","url":"https:\/\/lackman.com.br\/","name":"LACKMAN &amp; CO.","description":"VIDA | MODA | ARTE","publisher":{"@id":"https:\/\/lackman.com.br\/#organization"},"potentialAction":[{"@type":"SearchAction","target":{"@type":"EntryPoint","urlTemplate":"https:\/\/lackman.com.br\/?s={search_term_string}"},"query-input":{"@type":"PropertyValueSpecification","valueRequired":true,"valueName":"search_term_string"}}],"inLanguage":"pt-BR"},{"@type":"Organization","@id":"https:\/\/lackman.com.br\/#organization","name":"LACKMAN &amp; CO.","url":"https:\/\/lackman.com.br\/","logo":{"@type":"ImageObject","inLanguage":"pt-BR","@id":"https:\/\/lackman.com.br\/#\/schema\/logo\/image\/","url":"https:\/\/lackman.com.br\/wp-content\/uploads\/2023\/06\/Logotipo_preto-1.png","contentUrl":"https:\/\/lackman.com.br\/wp-content\/uploads\/2023\/06\/Logotipo_preto-1.png","width":739,"height":393,"caption":"LACKMAN &amp; CO."},"image":{"@id":"https:\/\/lackman.com.br\/#\/schema\/logo\/image\/"}},{"@type":"Person","@id":"https:\/\/lackman.com.br\/#\/schema\/person\/8a2355f699593d21d4f0d25b69db5747","name":"Gilberto Evangelista - Colunista","image":{"@type":"ImageObject","inLanguage":"pt-BR","@id":"https:\/\/lackman.com.br\/#\/schema\/person\/image\/","url":"https:\/\/secure.gravatar.com\/avatar\/cea9badf02f8a90f7a745f2cbea45fda61f65711ec015e2faf3809cca6337c28?s=96&d=mm&r=g","contentUrl":"https:\/\/secure.gravatar.com\/avatar\/cea9badf02f8a90f7a745f2cbea45fda61f65711ec015e2faf3809cca6337c28?s=96&d=mm&r=g","caption":"Gilberto Evangelista - Colunista"},"description":"Jornalista e globetrotter.","url":"https:\/\/lackman.com.br\/index.php\/author\/gilberto-brito\/"}]}},"rttpg_featured_image_url":{"full":["https:\/\/lackman.com.br\/wp-content\/uploads\/2024\/10\/Fernando-Sabino-em-seu-apartamento-em-Copacabana_Acervo-Pessoal_.jpg",1748,1240,false],"landscape":["https:\/\/lackman.com.br\/wp-content\/uploads\/2024\/10\/Fernando-Sabino-em-seu-apartamento-em-Copacabana_Acervo-Pessoal_.jpg",1748,1240,false],"portraits":["https:\/\/lackman.com.br\/wp-content\/uploads\/2024\/10\/Fernando-Sabino-em-seu-apartamento-em-Copacabana_Acervo-Pessoal_.jpg",1748,1240,false],"thumbnail":["https:\/\/lackman.com.br\/wp-content\/uploads\/2024\/10\/Fernando-Sabino-em-seu-apartamento-em-Copacabana_Acervo-Pessoal_-150x150.jpg",150,150,true],"medium":["https:\/\/lackman.com.br\/wp-content\/uploads\/2024\/10\/Fernando-Sabino-em-seu-apartamento-em-Copacabana_Acervo-Pessoal_-300x213.jpg",300,213,true],"large":["https:\/\/lackman.com.br\/wp-content\/uploads\/2024\/10\/Fernando-Sabino-em-seu-apartamento-em-Copacabana_Acervo-Pessoal_-1024x726.jpg",1024,726,true],"RoboGalleryMansoryImagesCenter":["https:\/\/lackman.com.br\/wp-content\/uploads\/2024\/10\/Fernando-Sabino-em-seu-apartamento-em-Copacabana_Acervo-Pessoal_-600x1024.jpg",600,1024,true],"RoboGalleryPreload":["https:\/\/lackman.com.br\/wp-content\/uploads\/2024\/10\/Fernando-Sabino-em-seu-apartamento-em-Copacabana_Acervo-Pessoal_.jpg",100,71,false],"1536x1536":["https:\/\/lackman.com.br\/wp-content\/uploads\/2024\/10\/Fernando-Sabino-em-seu-apartamento-em-Copacabana_Acervo-Pessoal_-1536x1090.jpg",1536,1090,true],"2048x2048":["https:\/\/lackman.com.br\/wp-content\/uploads\/2024\/10\/Fernando-Sabino-em-seu-apartamento-em-Copacabana_Acervo-Pessoal_.jpg",1748,1240,false]},"rttpg_author":{"display_name":"Gilberto Evangelista - Colunista","author_link":"https:\/\/lackman.com.br\/index.php\/author\/gilberto-brito\/"},"rttpg_comment":0,"rttpg_category":"<a href=\"https:\/\/lackman.com.br\/index.php\/category\/arte\/\" rel=\"category tag\">Arte<\/a> <a href=\"https:\/\/lackman.com.br\/index.php\/category\/arte\/entretenimento\/\" rel=\"category tag\">Entretenimento<\/a>","rttpg_excerpt":"Mostra de cinema celebra a obra do escritor com programa\u00e7\u00e3o gratuita que inclui filmes, leituras de cr\u00f4nicas e rodas de conversa Famoso pelas suas cr\u00f4nicas bem-humoradas, o escritor mineiro Fernando Sabino faria 100 anos em 12 de outubro de 2023.\u00a0 O centen\u00e1rio foi oficialmente reconhecido pelo presidente da rep\u00fablica, que sancionou a lei que institui&hellip;","_links":{"self":[{"href":"https:\/\/lackman.com.br\/index.php\/wp-json\/wp\/v2\/posts\/7792","targetHints":{"allow":["GET"]}}],"collection":[{"href":"https:\/\/lackman.com.br\/index.php\/wp-json\/wp\/v2\/posts"}],"about":[{"href":"https:\/\/lackman.com.br\/index.php\/wp-json\/wp\/v2\/types\/post"}],"author":[{"embeddable":true,"href":"https:\/\/lackman.com.br\/index.php\/wp-json\/wp\/v2\/users\/6"}],"replies":[{"embeddable":true,"href":"https:\/\/lackman.com.br\/index.php\/wp-json\/wp\/v2\/comments?post=7792"}],"version-history":[{"count":1,"href":"https:\/\/lackman.com.br\/index.php\/wp-json\/wp\/v2\/posts\/7792\/revisions"}],"predecessor-version":[{"id":7797,"href":"https:\/\/lackman.com.br\/index.php\/wp-json\/wp\/v2\/posts\/7792\/revisions\/7797"}],"wp:featuredmedia":[{"embeddable":true,"href":"https:\/\/lackman.com.br\/index.php\/wp-json\/wp\/v2\/media\/7793"}],"wp:attachment":[{"href":"https:\/\/lackman.com.br\/index.php\/wp-json\/wp\/v2\/media?parent=7792"}],"wp:term":[{"taxonomy":"category","embeddable":true,"href":"https:\/\/lackman.com.br\/index.php\/wp-json\/wp\/v2\/categories?post=7792"},{"taxonomy":"post_tag","embeddable":true,"href":"https:\/\/lackman.com.br\/index.php\/wp-json\/wp\/v2\/tags?post=7792"}],"curies":[{"name":"wp","href":"https:\/\/api.w.org\/{rel}","templated":true}]}}