{"id":7496,"date":"2024-08-19T19:39:25","date_gmt":"2024-08-19T22:39:25","guid":{"rendered":"https:\/\/lackman.com.br\/?p=7496"},"modified":"2024-08-19T20:37:59","modified_gmt":"2024-08-19T23:37:59","slug":"a-arte-acontece-na-cerrado-cultural","status":"publish","type":"post","link":"https:\/\/lackman.com.br\/index.php\/2024\/08\/19\/a-arte-acontece-na-cerrado-cultural\/","title":{"rendered":"Cerrado Cultural, o novo espa\u00e7o das artes de Bras\u00edlia"},"content":{"rendered":"<h5 style=\"text-align: justify\"><em><strong>Vernissage marca a abertura de centro cultural idealizado pela Galeria para abrigar projetos diversos, mostras, resid\u00eancias art\u00edsticas e forma\u00e7\u00e3o educativa<\/strong><\/em><\/h5>\n<p>&nbsp;<\/p>\n<p style=\"text-align: justify\">Essa \u00e9 o tipo de not\u00edcia que a coluna <strong>#PERAMBULANDO<\/strong> adora trazer: a Galeria Cerrado acaba de inaugurar um novo e in\u00e9dito espa\u00e7o na cidade, \u00e9 o <strong>Cerrado Cultural<\/strong>, que tem foco nas artes pl\u00e1sticas contempor\u00e2neas e modernas, sobretudo aquelas produzidas na capital federal e na regi\u00e3o Centro-Oeste. O <em>vernissage<\/em> de inaugura\u00e7\u00e3o aconteceu no \u00faltimo s\u00e1bado (17), no pr\u00f3prio espa\u00e7o, localizado na Ch\u00e1cara 10 da QI 05 (Lago Sul), que soma mais de 1,6 mil metros quadrados dedicados a mostras de grandes propor\u00e7\u00f5es e resid\u00eancias art\u00edsticas, al\u00e9m de a\u00e7\u00f5es de car\u00e1ter educativo.<\/p>\n<p style=\"text-align: justify\"><img fetchpriority=\"high\" decoding=\"async\" class=\"alignnone size-large wp-image-7499\" src=\"http:\/\/lackman.com.br\/wp-content\/uploads\/2024\/08\/Cerrado-Galeria-11-1024x683.jpg\" alt=\"\" width=\"1024\" height=\"683\" srcset=\"https:\/\/lackman.com.br\/wp-content\/uploads\/2024\/08\/Cerrado-Galeria-11-1024x683.jpg 1024w, https:\/\/lackman.com.br\/wp-content\/uploads\/2024\/08\/Cerrado-Galeria-11-300x200.jpg 300w, https:\/\/lackman.com.br\/wp-content\/uploads\/2024\/08\/Cerrado-Galeria-11-768x512.jpg 768w, https:\/\/lackman.com.br\/wp-content\/uploads\/2024\/08\/Cerrado-Galeria-11-1536x1024.jpg 1536w, https:\/\/lackman.com.br\/wp-content\/uploads\/2024\/08\/Cerrado-Galeria-11-2048x1365.jpg 2048w\" sizes=\"(max-width: 1024px) 100vw, 1024px\" \/><\/p>\n<p style=\"text-align: justify\"><img decoding=\"async\" class=\"alignnone size-large wp-image-7511\" src=\"http:\/\/lackman.com.br\/wp-content\/uploads\/2024\/08\/Cerrado-Galeria-9-1024x683.jpg\" alt=\"\" width=\"1024\" height=\"683\" srcset=\"https:\/\/lackman.com.br\/wp-content\/uploads\/2024\/08\/Cerrado-Galeria-9-1024x683.jpg 1024w, https:\/\/lackman.com.br\/wp-content\/uploads\/2024\/08\/Cerrado-Galeria-9-300x200.jpg 300w, https:\/\/lackman.com.br\/wp-content\/uploads\/2024\/08\/Cerrado-Galeria-9-768x512.jpg 768w, https:\/\/lackman.com.br\/wp-content\/uploads\/2024\/08\/Cerrado-Galeria-9-1536x1024.jpg 1536w, https:\/\/lackman.com.br\/wp-content\/uploads\/2024\/08\/Cerrado-Galeria-9-2048x1365.jpg 2048w\" sizes=\"(max-width: 1024px) 100vw, 1024px\" \/><\/p>\n<p style=\"text-align: justify\"><img decoding=\"async\" class=\"alignnone size-large wp-image-7512\" src=\"http:\/\/lackman.com.br\/wp-content\/uploads\/2024\/08\/Cerrado-Galeria-18-1024x683.jpg\" alt=\"\" width=\"1024\" height=\"683\" srcset=\"https:\/\/lackman.com.br\/wp-content\/uploads\/2024\/08\/Cerrado-Galeria-18-1024x683.jpg 1024w, https:\/\/lackman.com.br\/wp-content\/uploads\/2024\/08\/Cerrado-Galeria-18-300x200.jpg 300w, https:\/\/lackman.com.br\/wp-content\/uploads\/2024\/08\/Cerrado-Galeria-18-768x512.jpg 768w, https:\/\/lackman.com.br\/wp-content\/uploads\/2024\/08\/Cerrado-Galeria-18-1536x1024.jpg 1536w, https:\/\/lackman.com.br\/wp-content\/uploads\/2024\/08\/Cerrado-Galeria-18-2048x1365.jpg 2048w\" sizes=\"(max-width: 1024px) 100vw, 1024px\" \/><\/p>\n<p style=\"text-align: justify\">Detalhe, a estreia do novo espa\u00e7o marcou a abertura de duas importantes exposi\u00e7\u00f5es. Uma individual dedicada ao artista Rubem Valentim, intitulada &#8220;<strong><em>Mito, rito e ritmo interior: Rubem Valentim \u2013 Fazer como Salva\u00e7\u00e3o<\/em><\/strong>&#8220;, com curadoria de Lilia Schwarcz, a mais recente integrante da Academia Brasileira de Letras; e uma coletiva, batizada de &#8220;<em>O Centro \u00e9 o Oeste Insurgente<\/em>&#8220;, com curadoria de Divino Sobral e Lilia Schwarcz.<\/p>\n<figure id=\"attachment_7498\" aria-describedby=\"caption-attachment-7498\" style=\"width: 2560px\" class=\"wp-caption aligncenter\"><img loading=\"lazy\" decoding=\"async\" class=\"wp-image-7498 size-full\" src=\"http:\/\/lackman.com.br\/wp-content\/uploads\/2024\/08\/Alice-Lara-2-scaled.jpg\" alt=\"\" width=\"2560\" height=\"1707\" srcset=\"https:\/\/lackman.com.br\/wp-content\/uploads\/2024\/08\/Alice-Lara-2-scaled.jpg 2560w, https:\/\/lackman.com.br\/wp-content\/uploads\/2024\/08\/Alice-Lara-2-300x200.jpg 300w, https:\/\/lackman.com.br\/wp-content\/uploads\/2024\/08\/Alice-Lara-2-1024x683.jpg 1024w, https:\/\/lackman.com.br\/wp-content\/uploads\/2024\/08\/Alice-Lara-2-768x512.jpg 768w, https:\/\/lackman.com.br\/wp-content\/uploads\/2024\/08\/Alice-Lara-2-1536x1024.jpg 1536w, https:\/\/lackman.com.br\/wp-content\/uploads\/2024\/08\/Alice-Lara-2-2048x1365.jpg 2048w\" sizes=\"(max-width: 2560px) 100vw, 2560px\" \/><figcaption id=\"caption-attachment-7498\" class=\"wp-caption-text\">Alice Lara<\/figcaption><\/figure>\n<figure id=\"attachment_7502\" aria-describedby=\"caption-attachment-7502\" style=\"width: 2560px\" class=\"wp-caption aligncenter\"><img loading=\"lazy\" decoding=\"async\" class=\"wp-image-7502 size-full\" src=\"http:\/\/lackman.com.br\/wp-content\/uploads\/2024\/08\/Joana-Dale-Divino-Sobral-e-Raquel-Rocha-scaled.jpg\" alt=\"\" width=\"2560\" height=\"1707\" srcset=\"https:\/\/lackman.com.br\/wp-content\/uploads\/2024\/08\/Joana-Dale-Divino-Sobral-e-Raquel-Rocha-scaled.jpg 2560w, https:\/\/lackman.com.br\/wp-content\/uploads\/2024\/08\/Joana-Dale-Divino-Sobral-e-Raquel-Rocha-300x200.jpg 300w, https:\/\/lackman.com.br\/wp-content\/uploads\/2024\/08\/Joana-Dale-Divino-Sobral-e-Raquel-Rocha-1024x683.jpg 1024w, https:\/\/lackman.com.br\/wp-content\/uploads\/2024\/08\/Joana-Dale-Divino-Sobral-e-Raquel-Rocha-768x512.jpg 768w, https:\/\/lackman.com.br\/wp-content\/uploads\/2024\/08\/Joana-Dale-Divino-Sobral-e-Raquel-Rocha-1536x1024.jpg 1536w, https:\/\/lackman.com.br\/wp-content\/uploads\/2024\/08\/Joana-Dale-Divino-Sobral-e-Raquel-Rocha-2048x1365.jpg 2048w\" sizes=\"(max-width: 2560px) 100vw, 2560px\" \/><figcaption id=\"caption-attachment-7502\" class=\"wp-caption-text\">Joana Dale, Divino Sobral e Raquel Rocha<\/figcaption><\/figure>\n<figure id=\"attachment_7504\" aria-describedby=\"caption-attachment-7504\" style=\"width: 2560px\" class=\"wp-caption aligncenter\"><img loading=\"lazy\" decoding=\"async\" class=\"wp-image-7504 size-full\" src=\"http:\/\/lackman.com.br\/wp-content\/uploads\/2024\/08\/Lilia-Schwarcz-Adriana-Varejao-e-Pedro-Buarque-2-scaled.jpg\" alt=\"\" width=\"2560\" height=\"1707\" srcset=\"https:\/\/lackman.com.br\/wp-content\/uploads\/2024\/08\/Lilia-Schwarcz-Adriana-Varejao-e-Pedro-Buarque-2-scaled.jpg 2560w, https:\/\/lackman.com.br\/wp-content\/uploads\/2024\/08\/Lilia-Schwarcz-Adriana-Varejao-e-Pedro-Buarque-2-300x200.jpg 300w, https:\/\/lackman.com.br\/wp-content\/uploads\/2024\/08\/Lilia-Schwarcz-Adriana-Varejao-e-Pedro-Buarque-2-1024x683.jpg 1024w, https:\/\/lackman.com.br\/wp-content\/uploads\/2024\/08\/Lilia-Schwarcz-Adriana-Varejao-e-Pedro-Buarque-2-768x512.jpg 768w, https:\/\/lackman.com.br\/wp-content\/uploads\/2024\/08\/Lilia-Schwarcz-Adriana-Varejao-e-Pedro-Buarque-2-1536x1024.jpg 1536w, https:\/\/lackman.com.br\/wp-content\/uploads\/2024\/08\/Lilia-Schwarcz-Adriana-Varejao-e-Pedro-Buarque-2-2048x1365.jpg 2048w\" sizes=\"(max-width: 2560px) 100vw, 2560px\" \/><figcaption id=\"caption-attachment-7504\" class=\"wp-caption-text\">Lilia Schwarcz, Adriana Varej\u00e3o e Pedro Buarque<\/figcaption><\/figure>\n<p style=\"text-align: justify\"><strong>Adriana Varej\u00e3o<\/strong> foi um dos nomes poderosos que marcou presen\u00e7a no evento, que contou com in\u00fameros convidados \u2013 p\u00fablico, profissionais e amantes das artes \u2013 vindos de S\u00e3o Paulo, Rio de Janeiro, Mato Grosso, Minas Gerais, Goi\u00e1s e Distrito Federal. <strong>Marcela Cantu\u00e1ria<\/strong> tamb\u00e9m deu o ar da gra\u00e7a, ap\u00f3s abrir, no dia anterior, a mostra &#8220;<em>Boca da Noite<\/em>&#8220;, com curadoria de Ana Clara Sim\u00f5es Lopes, em cartaz na <strong>Galeria Cerrado<\/strong> (localizada ali pertinho, na comercial da QI 05).<\/p>\n<p><img loading=\"lazy\" decoding=\"async\" class=\"wp-image-7506 size-full\" style=\"font-style: inherit;font-weight: 600;text-align: center\" src=\"http:\/\/lackman.com.br\/wp-content\/uploads\/2024\/08\/Ralph-Ghere-scaled.jpg\" alt=\"\" width=\"2560\" height=\"1707\" srcset=\"https:\/\/lackman.com.br\/wp-content\/uploads\/2024\/08\/Ralph-Ghere-scaled.jpg 2560w, https:\/\/lackman.com.br\/wp-content\/uploads\/2024\/08\/Ralph-Ghere-300x200.jpg 300w, https:\/\/lackman.com.br\/wp-content\/uploads\/2024\/08\/Ralph-Ghere-1024x683.jpg 1024w, https:\/\/lackman.com.br\/wp-content\/uploads\/2024\/08\/Ralph-Ghere-768x512.jpg 768w, https:\/\/lackman.com.br\/wp-content\/uploads\/2024\/08\/Ralph-Ghere-1536x1024.jpg 1536w, https:\/\/lackman.com.br\/wp-content\/uploads\/2024\/08\/Ralph-Ghere-2048x1365.jpg 2048w\" sizes=\"(max-width: 2560px) 100vw, 2560px\" \/><\/p>\n<p>Ralph Ghere<\/p>\n<figure id=\"attachment_7505\" aria-describedby=\"caption-attachment-7505\" style=\"width: 2560px\" class=\"wp-caption aligncenter\"><img loading=\"lazy\" decoding=\"async\" class=\"wp-image-7505 size-full\" src=\"http:\/\/lackman.com.br\/wp-content\/uploads\/2024\/08\/Lucio-Albuquerque-Philipe-Rossi-Antonio-Almeida-e-Carlos-Dale-scaled.jpg\" alt=\"\" width=\"2560\" height=\"1707\" srcset=\"https:\/\/lackman.com.br\/wp-content\/uploads\/2024\/08\/Lucio-Albuquerque-Philipe-Rossi-Antonio-Almeida-e-Carlos-Dale-scaled.jpg 2560w, https:\/\/lackman.com.br\/wp-content\/uploads\/2024\/08\/Lucio-Albuquerque-Philipe-Rossi-Antonio-Almeida-e-Carlos-Dale-300x200.jpg 300w, https:\/\/lackman.com.br\/wp-content\/uploads\/2024\/08\/Lucio-Albuquerque-Philipe-Rossi-Antonio-Almeida-e-Carlos-Dale-1024x683.jpg 1024w, https:\/\/lackman.com.br\/wp-content\/uploads\/2024\/08\/Lucio-Albuquerque-Philipe-Rossi-Antonio-Almeida-e-Carlos-Dale-768x512.jpg 768w, https:\/\/lackman.com.br\/wp-content\/uploads\/2024\/08\/Lucio-Albuquerque-Philipe-Rossi-Antonio-Almeida-e-Carlos-Dale-1536x1024.jpg 1536w, https:\/\/lackman.com.br\/wp-content\/uploads\/2024\/08\/Lucio-Albuquerque-Philipe-Rossi-Antonio-Almeida-e-Carlos-Dale-2048x1365.jpg 2048w\" sizes=\"(max-width: 2560px) 100vw, 2560px\" \/><figcaption id=\"caption-attachment-7505\" class=\"wp-caption-text\">L\u00facio Albuquerque, Philipe Rossi, Ant\u00f4nio Almeida e Carlos Dale<\/figcaption><\/figure>\n<figure id=\"attachment_7501\" aria-describedby=\"caption-attachment-7501\" style=\"width: 2560px\" class=\"wp-caption aligncenter\"><img loading=\"lazy\" decoding=\"async\" class=\"wp-image-7501 size-full\" style=\"font-size: 16px;font-style: inherit;font-weight: inherit;text-align: justify\" src=\"http:\/\/lackman.com.br\/wp-content\/uploads\/2024\/08\/Helo-Sanvoy-scaled.jpg\" alt=\"\" width=\"2560\" height=\"1707\" srcset=\"https:\/\/lackman.com.br\/wp-content\/uploads\/2024\/08\/Helo-Sanvoy-scaled.jpg 2560w, https:\/\/lackman.com.br\/wp-content\/uploads\/2024\/08\/Helo-Sanvoy-300x200.jpg 300w, https:\/\/lackman.com.br\/wp-content\/uploads\/2024\/08\/Helo-Sanvoy-1024x683.jpg 1024w, https:\/\/lackman.com.br\/wp-content\/uploads\/2024\/08\/Helo-Sanvoy-768x512.jpg 768w, https:\/\/lackman.com.br\/wp-content\/uploads\/2024\/08\/Helo-Sanvoy-1536x1024.jpg 1536w, https:\/\/lackman.com.br\/wp-content\/uploads\/2024\/08\/Helo-Sanvoy-2048x1365.jpg 2048w\" sizes=\"(max-width: 2560px) 100vw, 2560px\" \/><figcaption id=\"caption-attachment-7501\" class=\"wp-caption-text\">Hel\u00f4 Sanvoy<\/figcaption><\/figure>\n<figure id=\"attachment_7515\" aria-describedby=\"caption-attachment-7515\" style=\"width: 2560px\" class=\"wp-caption aligncenter\"><img loading=\"lazy\" decoding=\"async\" class=\"wp-image-7515 size-full\" src=\"http:\/\/lackman.com.br\/wp-content\/uploads\/2024\/08\/Alessandra-Pinheiro-Antonio-Henrique-e-Claudia-Meireles-scaled.jpg\" alt=\"\" width=\"2560\" height=\"1707\" srcset=\"https:\/\/lackman.com.br\/wp-content\/uploads\/2024\/08\/Alessandra-Pinheiro-Antonio-Henrique-e-Claudia-Meireles-scaled.jpg 2560w, https:\/\/lackman.com.br\/wp-content\/uploads\/2024\/08\/Alessandra-Pinheiro-Antonio-Henrique-e-Claudia-Meireles-300x200.jpg 300w, https:\/\/lackman.com.br\/wp-content\/uploads\/2024\/08\/Alessandra-Pinheiro-Antonio-Henrique-e-Claudia-Meireles-1024x683.jpg 1024w, https:\/\/lackman.com.br\/wp-content\/uploads\/2024\/08\/Alessandra-Pinheiro-Antonio-Henrique-e-Claudia-Meireles-768x512.jpg 768w, https:\/\/lackman.com.br\/wp-content\/uploads\/2024\/08\/Alessandra-Pinheiro-Antonio-Henrique-e-Claudia-Meireles-1536x1024.jpg 1536w, https:\/\/lackman.com.br\/wp-content\/uploads\/2024\/08\/Alessandra-Pinheiro-Antonio-Henrique-e-Claudia-Meireles-2048x1365.jpg 2048w\" sizes=\"(max-width: 2560px) 100vw, 2560px\" \/><figcaption id=\"caption-attachment-7515\" class=\"wp-caption-text\">Alessandra Pinheiro, Ant\u00f4nio Henrique e Cl\u00e1udia Meireles<\/figcaption><\/figure>\n<p style=\"text-align: justify\">Vale lembrar que a filial brasiliense da Cerrado Galeria (de Goi\u00e2nia) foi inaugurada no ano passado, a partir da uni\u00e3o de Ant\u00f4nio Almeida e Carlos Dale, s\u00f3cios fundadores da Almeida &amp; Dale Galeria de Arte, de S\u00e3o Paulo, com L\u00facio Albuquerque, que atuava na Casa Albuquerque Galeria de Arte, em Bras\u00edlia. Os tr\u00eas galeristas somam mais de 30 anos de atua\u00e7\u00e3o no mercado de arte.<\/p>\n<figure id=\"attachment_7507\" aria-describedby=\"caption-attachment-7507\" style=\"width: 2560px\" class=\"wp-caption aligncenter\"><img loading=\"lazy\" decoding=\"async\" class=\"wp-image-7507 size-full\" src=\"http:\/\/lackman.com.br\/wp-content\/uploads\/2024\/08\/Renata-Borsoi-e-Luiz-Carreir-2-scaled.jpg\" alt=\"\" width=\"2560\" height=\"1681\" srcset=\"https:\/\/lackman.com.br\/wp-content\/uploads\/2024\/08\/Renata-Borsoi-e-Luiz-Carreir-2-scaled.jpg 2560w, https:\/\/lackman.com.br\/wp-content\/uploads\/2024\/08\/Renata-Borsoi-e-Luiz-Carreir-2-300x197.jpg 300w, https:\/\/lackman.com.br\/wp-content\/uploads\/2024\/08\/Renata-Borsoi-e-Luiz-Carreir-2-1024x672.jpg 1024w, https:\/\/lackman.com.br\/wp-content\/uploads\/2024\/08\/Renata-Borsoi-e-Luiz-Carreir-2-768x504.jpg 768w, https:\/\/lackman.com.br\/wp-content\/uploads\/2024\/08\/Renata-Borsoi-e-Luiz-Carreir-2-1536x1008.jpg 1536w, https:\/\/lackman.com.br\/wp-content\/uploads\/2024\/08\/Renata-Borsoi-e-Luiz-Carreir-2-2048x1345.jpg 2048w\" sizes=\"(max-width: 2560px) 100vw, 2560px\" \/><figcaption id=\"caption-attachment-7507\" class=\"wp-caption-text\">Renata Borsoi e Luiz Carreir<\/figcaption><\/figure>\n<figure id=\"attachment_7509\" aria-describedby=\"caption-attachment-7509\" style=\"width: 2560px\" class=\"wp-caption aligncenter\"><img loading=\"lazy\" decoding=\"async\" class=\"wp-image-7509 size-full\" src=\"http:\/\/lackman.com.br\/wp-content\/uploads\/2024\/08\/Felipe-Feitosa-Luiza-Vaz-e-Igor-Goulenko-scaled.jpg\" alt=\"\" width=\"2560\" height=\"1707\" srcset=\"https:\/\/lackman.com.br\/wp-content\/uploads\/2024\/08\/Felipe-Feitosa-Luiza-Vaz-e-Igor-Goulenko-scaled.jpg 2560w, https:\/\/lackman.com.br\/wp-content\/uploads\/2024\/08\/Felipe-Feitosa-Luiza-Vaz-e-Igor-Goulenko-300x200.jpg 300w, https:\/\/lackman.com.br\/wp-content\/uploads\/2024\/08\/Felipe-Feitosa-Luiza-Vaz-e-Igor-Goulenko-1024x683.jpg 1024w, https:\/\/lackman.com.br\/wp-content\/uploads\/2024\/08\/Felipe-Feitosa-Luiza-Vaz-e-Igor-Goulenko-768x512.jpg 768w, https:\/\/lackman.com.br\/wp-content\/uploads\/2024\/08\/Felipe-Feitosa-Luiza-Vaz-e-Igor-Goulenko-1536x1024.jpg 1536w, https:\/\/lackman.com.br\/wp-content\/uploads\/2024\/08\/Felipe-Feitosa-Luiza-Vaz-e-Igor-Goulenko-2048x1365.jpg 2048w\" sizes=\"(max-width: 2560px) 100vw, 2560px\" \/><figcaption id=\"caption-attachment-7509\" class=\"wp-caption-text\">Felipe Feitosa, Luiza Vaz e Igor Goulenko<\/figcaption><\/figure>\n<figure id=\"attachment_7510\" aria-describedby=\"caption-attachment-7510\" style=\"width: 1707px\" class=\"wp-caption aligncenter\"><img loading=\"lazy\" decoding=\"async\" class=\"wp-image-7510 size-full\" src=\"http:\/\/lackman.com.br\/wp-content\/uploads\/2024\/08\/Gervane-de-Paula-e-Lilia-Schwarcz-2-scaled.jpg\" alt=\"\" width=\"1707\" height=\"2560\" srcset=\"https:\/\/lackman.com.br\/wp-content\/uploads\/2024\/08\/Gervane-de-Paula-e-Lilia-Schwarcz-2-scaled.jpg 1707w, https:\/\/lackman.com.br\/wp-content\/uploads\/2024\/08\/Gervane-de-Paula-e-Lilia-Schwarcz-2-200x300.jpg 200w, https:\/\/lackman.com.br\/wp-content\/uploads\/2024\/08\/Gervane-de-Paula-e-Lilia-Schwarcz-2-683x1024.jpg 683w, https:\/\/lackman.com.br\/wp-content\/uploads\/2024\/08\/Gervane-de-Paula-e-Lilia-Schwarcz-2-768x1152.jpg 768w, https:\/\/lackman.com.br\/wp-content\/uploads\/2024\/08\/Gervane-de-Paula-e-Lilia-Schwarcz-2-1024x1536.jpg 1024w, https:\/\/lackman.com.br\/wp-content\/uploads\/2024\/08\/Gervane-de-Paula-e-Lilia-Schwarcz-2-1365x2048.jpg 1365w\" sizes=\"(max-width: 1707px) 100vw, 1707px\" \/><figcaption id=\"caption-attachment-7510\" class=\"wp-caption-text\">Gervane de Paula e Lilia Schwarcz<\/figcaption><\/figure>\n<p style=\"text-align: justify\">Voltando ao evento de inaugura\u00e7\u00e3o da Cerrado Cultural, destaque para a apresenta\u00e7\u00e3o do harmonicista brasileiro Pablo Fagundes, do <em>beatboxer<\/em> estadunidense Christylez Bacon e do violonista F\u00e9lix Junior, que se apresentaram em meio aos jardins, onde tamb\u00e9m se encontra a piscina de forma geom\u00e9trica, rodeada por um enorme jardim repleto de esculturas. Para sentir o clima, tem as fotos sociais <em>by<\/em> C\u00e9sar Rebou\u00e7as nessa mat\u00e9ria, mas voc\u00ea tamb\u00e9m pode <a href=\"https:\/\/www.instagram.com\/reel\/C-3rRR-sd0l\/?utm_source=ig_web_copy_link&amp;igsh=MzRlODBiNWFlZA==\"><strong>assistir ao Reel<\/strong><\/a> feito por este colunista!<\/p>\n<p style=\"text-align: justify\"><strong><em>Em cartaz<\/em><\/strong><\/p>\n<figure id=\"attachment_7517\" aria-describedby=\"caption-attachment-7517\" style=\"width: 1775px\" class=\"wp-caption aligncenter\"><img loading=\"lazy\" decoding=\"async\" class=\"wp-image-7517 size-full\" src=\"http:\/\/lackman.com.br\/wp-content\/uploads\/2024\/08\/10072.FRENTE-scaled.jpg\" alt=\"\" width=\"1775\" height=\"2560\" srcset=\"https:\/\/lackman.com.br\/wp-content\/uploads\/2024\/08\/10072.FRENTE-scaled.jpg 1775w, https:\/\/lackman.com.br\/wp-content\/uploads\/2024\/08\/10072.FRENTE-208x300.jpg 208w, https:\/\/lackman.com.br\/wp-content\/uploads\/2024\/08\/10072.FRENTE-710x1024.jpg 710w, https:\/\/lackman.com.br\/wp-content\/uploads\/2024\/08\/10072.FRENTE-768x1107.jpg 768w, https:\/\/lackman.com.br\/wp-content\/uploads\/2024\/08\/10072.FRENTE-1065x1536.jpg 1065w, https:\/\/lackman.com.br\/wp-content\/uploads\/2024\/08\/10072.FRENTE-1420x2048.jpg 1420w\" sizes=\"(max-width: 1775px) 100vw, 1775px\" \/><figcaption id=\"caption-attachment-7517\" class=\"wp-caption-text\">Rubem Valentim<\/figcaption><\/figure>\n<p style=\"text-align: justify\">Considerado uma das refer\u00eancias do construtivismo brasileiro, o pintor, escultor e gravador baiano Rubem Valentim tem seu legado exposto no piso superior do Cerrado Cultural, at\u00e9 o dia 01 de novembro. A mostra batizada de &#8220;<strong><em>Mito, rito e ritmo interior: Rubem Valentim \u2013 Fazer como Salva\u00e7\u00e3o<\/em><\/strong>&#8221; explora diferentes fases do artista, al\u00e9m de expor fotos e fontes originais, e conta com curadoria de <strong>Lilia Schwarcz<\/strong>, uma das principais pesquisadoras de hist\u00f3ria e de arte do pa\u00eds.<\/p>\n<figure id=\"attachment_7513\" aria-describedby=\"caption-attachment-7513\" style=\"width: 2560px\" class=\"wp-caption aligncenter\"><img loading=\"lazy\" decoding=\"async\" class=\"wp-image-7513 size-full\" src=\"http:\/\/lackman.com.br\/wp-content\/uploads\/2024\/08\/Urubus-e-cagados-por-Alice-Lara-Exposicao-Coletiva-_O-centro-e-o-oeste-insurgente_-Creditos_-Divulgacao-scaled.jpg\" alt=\"\" width=\"2560\" height=\"2557\" srcset=\"https:\/\/lackman.com.br\/wp-content\/uploads\/2024\/08\/Urubus-e-cagados-por-Alice-Lara-Exposicao-Coletiva-_O-centro-e-o-oeste-insurgente_-Creditos_-Divulgacao-scaled.jpg 2560w, https:\/\/lackman.com.br\/wp-content\/uploads\/2024\/08\/Urubus-e-cagados-por-Alice-Lara-Exposicao-Coletiva-_O-centro-e-o-oeste-insurgente_-Creditos_-Divulgacao-300x300.jpg 300w, https:\/\/lackman.com.br\/wp-content\/uploads\/2024\/08\/Urubus-e-cagados-por-Alice-Lara-Exposicao-Coletiva-_O-centro-e-o-oeste-insurgente_-Creditos_-Divulgacao-1024x1024.jpg 1024w, https:\/\/lackman.com.br\/wp-content\/uploads\/2024\/08\/Urubus-e-cagados-por-Alice-Lara-Exposicao-Coletiva-_O-centro-e-o-oeste-insurgente_-Creditos_-Divulgacao-150x150.jpg 150w, https:\/\/lackman.com.br\/wp-content\/uploads\/2024\/08\/Urubus-e-cagados-por-Alice-Lara-Exposicao-Coletiva-_O-centro-e-o-oeste-insurgente_-Creditos_-Divulgacao-768x767.jpg 768w, https:\/\/lackman.com.br\/wp-content\/uploads\/2024\/08\/Urubus-e-cagados-por-Alice-Lara-Exposicao-Coletiva-_O-centro-e-o-oeste-insurgente_-Creditos_-Divulgacao-1536x1534.jpg 1536w, https:\/\/lackman.com.br\/wp-content\/uploads\/2024\/08\/Urubus-e-cagados-por-Alice-Lara-Exposicao-Coletiva-_O-centro-e-o-oeste-insurgente_-Creditos_-Divulgacao-2048x2046.jpg 2048w\" sizes=\"(max-width: 2560px) 100vw, 2560px\" \/><figcaption id=\"caption-attachment-7513\" class=\"wp-caption-text\">Urubus e C\u00e1gados por Alice Lara<\/figcaption><\/figure>\n<p style=\"text-align: justify\">\u00a0Ela e <strong>Divino Sobral<\/strong>, diretor art\u00edstico da galeria, fizeram a curadoria de &#8220;<strong><em>O Centro \u00e9 o Oeste Insurgente<\/em><\/strong>&#8220;, que re\u00fane, at\u00e9 o dia 01 de novembro, no piso t\u00e9rreo do local, 50 trabalhos (pinturas, esculturas, fotografias e desenhos) de 15 artistas do Distrito Federal, Goi\u00e1s e Mato Grosso: <strong>Abra\u00e3o Veloso, Alice Lara, Andr\u00e9 Felipe Cardoso, Ant\u00f4nio Ob\u00e1, Daiara Tukano, Dalton Paula<\/strong> (foto de capa), <strong>Denise Camargo, Douglas Ferreiro, Gervane de Paula, Hal Wildson, Hel\u00f4 Sanvoy, K\u00e1ssia Borges, Naine Terena, Raquel Rocha e Talles Lopes<\/strong>.<\/p>\n<p style=\"text-align: justify\">Al\u00e9m das duas mostras acima que est\u00e3o na Cerrado Cultural, o p\u00fablico tamb\u00e9m pode visitar a mostra <strong><em>Boca da Noite<\/em><\/strong>, de <strong>Marcela Cantu\u00e1ria<\/strong> com curadoria de Ana Clara Sim\u00f5es Lopes, na <strong>Cerrado Galeria<\/strong>, at\u00e9 11 de outubro. No total s\u00e3o mais de uma dezena de obras, em sua grande maioria in\u00e9ditas e feitas especialmente para a exposi\u00e7\u00e3o, que se desenrolam em uma atmosfera simb\u00f3lica, alcan\u00e7ada por meio de uma paleta escurecida e uma simbologia que se constela em fen\u00f4menos e criaturas noturnas, tais como as mariposas e os lobisomens. Em tempo, a \u00faltima exposi\u00e7\u00e3o de Cantu\u00e1ria em Bras\u00edlia foi em 2018.<\/p>\n<figure id=\"attachment_7514\" aria-describedby=\"caption-attachment-7514\" style=\"width: 1080px\" class=\"wp-caption aligncenter\"><img loading=\"lazy\" decoding=\"async\" class=\"wp-image-7514 size-full\" src=\"http:\/\/lackman.com.br\/wp-content\/uploads\/2024\/08\/Jane-Vanini-e-a-boca-da-noite-oleo-sobre-tela-175-x-200-cm.png\" alt=\"\" width=\"1080\" height=\"1080\" srcset=\"https:\/\/lackman.com.br\/wp-content\/uploads\/2024\/08\/Jane-Vanini-e-a-boca-da-noite-oleo-sobre-tela-175-x-200-cm.png 1080w, https:\/\/lackman.com.br\/wp-content\/uploads\/2024\/08\/Jane-Vanini-e-a-boca-da-noite-oleo-sobre-tela-175-x-200-cm-300x300.png 300w, https:\/\/lackman.com.br\/wp-content\/uploads\/2024\/08\/Jane-Vanini-e-a-boca-da-noite-oleo-sobre-tela-175-x-200-cm-1024x1024.png 1024w, https:\/\/lackman.com.br\/wp-content\/uploads\/2024\/08\/Jane-Vanini-e-a-boca-da-noite-oleo-sobre-tela-175-x-200-cm-150x150.png 150w, https:\/\/lackman.com.br\/wp-content\/uploads\/2024\/08\/Jane-Vanini-e-a-boca-da-noite-oleo-sobre-tela-175-x-200-cm-768x768.png 768w\" sizes=\"(max-width: 1080px) 100vw, 1080px\" \/><figcaption id=\"caption-attachment-7514\" class=\"wp-caption-text\">Jane Vanini e a boca da noite &#8211; \u00f3leo sobre tela por Marcela Cantu\u00e1ria<\/figcaption><\/figure>\n<p style=\"text-align: justify\"><strong>Partiu Cerrado Cultural e Galeria!<\/strong><\/p>\n<p style=\"text-align: justify\"><strong>\u00a0<\/strong><\/p>\n<p style=\"text-align: justify\"><strong>Cerrado Cultural e Cerrado Galeria<\/strong> \/ SHIS QI 05 comercial e ali perto na Ch\u00e1cara 10, Lago Sul, Bsb\/DF \/ Siga e veja programa\u00e7\u00e3o e hor\u00e1rio das exposi\u00e7\u00f5es<a href=\"https:\/\/cerradogaleria.art\/\"> no site<\/a> e no <a href=\"https:\/\/www.instagram.com\/cerrado.galeria\/?hl=pt\">@cerrado.galeria<\/a><\/p>\n<pre style=\"text-align: justify\">Fotos: Divulga\u00e7\u00e3o \/ C\u00e9sar Rebou\u00e7as<\/pre>\n","protected":false},"excerpt":{"rendered":"<p>Vernissage marca a abertura de centro cultural idealizado pela Galeria para abrigar projetos diversos, mostras, resid\u00eancias art\u00edsticas e forma\u00e7\u00e3o educativa &nbsp; Essa \u00e9 o tipo de not\u00edcia que a coluna #PERAMBULANDO adora trazer: a Galeria Cerrado acaba de inaugurar um novo e in\u00e9dito espa\u00e7o na cidade, \u00e9 o Cerrado Cultural, que tem foco nas artes pl\u00e1sticas contempor\u00e2neas e modernas, sobretudo aquelas produzidas na capital federal e na regi\u00e3o Centro-Oeste. O vernissage de inaugura\u00e7\u00e3o aconteceu no \u00faltimo s\u00e1bado (17), no pr\u00f3prio espa\u00e7o, localizado na Ch\u00e1cara 10 da QI 05 (Lago Sul), que soma mais de 1,6 mil metros quadrados dedicados a mostras de grandes propor\u00e7\u00f5es e resid\u00eancias art\u00edsticas, al\u00e9m de a\u00e7\u00f5es de car\u00e1ter educativo. Detalhe, a estreia do novo espa\u00e7o marcou a abertura de duas importantes exposi\u00e7\u00f5es. Uma individual dedicada ao artista Rubem Valentim, intitulada &#8220;Mito, rito e ritmo interior: Rubem Valentim \u2013 Fazer como Salva\u00e7\u00e3o&#8220;, com curadoria de Lilia Schwarcz, a mais recente integrante da Academia Brasileira de Letras; e uma coletiva, batizada de &#8220;O Centro \u00e9 o Oeste Insurgente&#8220;, com curadoria de Divino Sobral e Lilia Schwarcz. Adriana Varej\u00e3o foi um dos nomes poderosos que marcou presen\u00e7a no evento, que contou com in\u00fameros convidados \u2013 p\u00fablico, profissionais e amantes das artes \u2013 vindos de S\u00e3o Paulo, Rio de Janeiro, Mato Grosso, Minas Gerais, Goi\u00e1s e Distrito Federal. Marcela Cantu\u00e1ria tamb\u00e9m deu o ar da gra\u00e7a, ap\u00f3s abrir, no dia anterior, a mostra &#8220;Boca da Noite&#8220;, com curadoria de Ana Clara Sim\u00f5es Lopes, em cartaz na Galeria Cerrado (localizada ali pertinho, na comercial da QI 05). Ralph Ghere Vale lembrar que a filial brasiliense da Cerrado Galeria (de Goi\u00e2nia) foi inaugurada no ano passado, a partir da uni\u00e3o de Ant\u00f4nio Almeida e Carlos Dale, s\u00f3cios fundadores da Almeida &amp; Dale Galeria de Arte, de S\u00e3o Paulo, com L\u00facio Albuquerque, que atuava na Casa Albuquerque Galeria de Arte, em Bras\u00edlia. Os tr\u00eas galeristas somam mais de 30 anos de atua\u00e7\u00e3o no mercado de arte. Voltando ao evento de inaugura\u00e7\u00e3o da Cerrado Cultural, destaque para a apresenta\u00e7\u00e3o do harmonicista brasileiro Pablo Fagundes, do beatboxer estadunidense Christylez Bacon e do violonista F\u00e9lix Junior, que se apresentaram em meio aos jardins, onde tamb\u00e9m se encontra a piscina de forma geom\u00e9trica, rodeada por um enorme jardim repleto de esculturas. Para sentir o clima, tem as fotos sociais by C\u00e9sar Rebou\u00e7as nessa mat\u00e9ria, mas voc\u00ea tamb\u00e9m pode assistir ao Reel feito por este colunista! Em cartaz Considerado uma das refer\u00eancias do construtivismo brasileiro, o pintor, escultor e gravador baiano Rubem Valentim tem seu legado exposto no piso superior do Cerrado Cultural, at\u00e9 o dia 01 de novembro. A mostra batizada de &#8220;Mito, rito e ritmo interior: Rubem Valentim \u2013 Fazer como Salva\u00e7\u00e3o&#8221; explora diferentes fases do artista, al\u00e9m de expor fotos e fontes originais, e conta com curadoria de Lilia Schwarcz, uma das principais pesquisadoras de hist\u00f3ria e de arte do pa\u00eds. \u00a0Ela e Divino Sobral, diretor art\u00edstico da galeria, fizeram a curadoria de &#8220;O Centro \u00e9 o Oeste Insurgente&#8220;, que re\u00fane, at\u00e9 o dia 01 de novembro, no piso t\u00e9rreo do local, 50 trabalhos (pinturas, esculturas, fotografias e desenhos) de 15 artistas do Distrito Federal, Goi\u00e1s e Mato Grosso: Abra\u00e3o Veloso, Alice Lara, Andr\u00e9 Felipe Cardoso, Ant\u00f4nio Ob\u00e1, Daiara Tukano, Dalton Paula (foto de capa), Denise Camargo, Douglas Ferreiro, Gervane de Paula, Hal Wildson, Hel\u00f4 Sanvoy, K\u00e1ssia Borges, Naine Terena, Raquel Rocha e Talles Lopes. Al\u00e9m das duas mostras acima que est\u00e3o na Cerrado Cultural, o p\u00fablico tamb\u00e9m pode visitar a mostra Boca da Noite, de Marcela Cantu\u00e1ria com curadoria de Ana Clara Sim\u00f5es Lopes, na Cerrado Galeria, at\u00e9 11 de outubro. No total s\u00e3o mais de uma dezena de obras, em sua grande maioria in\u00e9ditas e feitas especialmente para a exposi\u00e7\u00e3o, que se desenrolam em uma atmosfera simb\u00f3lica, alcan\u00e7ada por meio de uma paleta escurecida e uma simbologia que se constela em fen\u00f4menos e criaturas noturnas, tais como as mariposas e os lobisomens. Em tempo, a \u00faltima exposi\u00e7\u00e3o de Cantu\u00e1ria em Bras\u00edlia foi em 2018. Partiu Cerrado Cultural e Galeria! \u00a0 Cerrado Cultural e Cerrado Galeria \/ SHIS QI 05 comercial e ali perto na Ch\u00e1cara 10, Lago Sul, Bsb\/DF \/ Siga e veja programa\u00e7\u00e3o e hor\u00e1rio das exposi\u00e7\u00f5es no site e no @cerrado.galeria Fotos: Divulga\u00e7\u00e3o \/ C\u00e9sar Rebou\u00e7as<\/p>\n","protected":false},"author":6,"featured_media":7497,"comment_status":"closed","ping_status":"open","sticky":false,"template":"","format":"standard","meta":{"site-sidebar-layout":"default","site-content-layout":"","ast-site-content-layout":"default","site-content-style":"default","site-sidebar-style":"default","ast-global-header-display":"","ast-banner-title-visibility":"","ast-main-header-display":"","ast-hfb-above-header-display":"","ast-hfb-below-header-display":"","ast-hfb-mobile-header-display":"","site-post-title":"","ast-breadcrumbs-content":"","ast-featured-img":"","footer-sml-layout":"","ast-disable-related-posts":"","theme-transparent-header-meta":"default","adv-header-id-meta":"","stick-header-meta":"","header-above-stick-meta":"","header-main-stick-meta":"","header-below-stick-meta":"","astra-migrate-meta-layouts":"set","ast-page-background-enabled":"default","ast-page-background-meta":{"desktop":{"background-color":"","background-image":"","background-repeat":"repeat","background-position":"center center","background-size":"auto","background-attachment":"scroll","background-type":"","background-media":"","overlay-type":"","overlay-color":"","overlay-opacity":"","overlay-gradient":""},"tablet":{"background-color":"","background-image":"","background-repeat":"repeat","background-position":"center center","background-size":"auto","background-attachment":"scroll","background-type":"","background-media":"","overlay-type":"","overlay-color":"","overlay-opacity":"","overlay-gradient":""},"mobile":{"background-color":"","background-image":"","background-repeat":"repeat","background-position":"center center","background-size":"auto","background-attachment":"scroll","background-type":"","background-media":"","overlay-type":"","overlay-color":"","overlay-opacity":"","overlay-gradient":""}},"ast-content-background-meta":{"desktop":{"background-color":"var(--ast-global-color-5)","background-image":"","background-repeat":"repeat","background-position":"center center","background-size":"auto","background-attachment":"scroll","background-type":"","background-media":"","overlay-type":"","overlay-color":"","overlay-opacity":"","overlay-gradient":""},"tablet":{"background-color":"var(--ast-global-color-5)","background-image":"","background-repeat":"repeat","background-position":"center center","background-size":"auto","background-attachment":"scroll","background-type":"","background-media":"","overlay-type":"","overlay-color":"","overlay-opacity":"","overlay-gradient":""},"mobile":{"background-color":"var(--ast-global-color-5)","background-image":"","background-repeat":"repeat","background-position":"center center","background-size":"auto","background-attachment":"scroll","background-type":"","background-media":"","overlay-type":"","overlay-color":"","overlay-opacity":"","overlay-gradient":""}},"footnotes":""},"categories":[46,47],"tags":[1464,54,1453,1454,1455,1456,1457,1458,1459,1460,845,1465,1461,1462,1463],"class_list":["post-7496","post","type-post","status-publish","format-standard","has-post-thumbnail","hentry","category-arte","category-cultura-arte","tag-adriana-varejao","tag-brasilia","tag-cerrado-cultural","tag-cerrado-galeria","tag-denise-camargo","tag-douglas-ferreiro","tag-gervane-de-paula","tag-hal-wildson","tag-helo-sanvoy","tag-kassia-borges","tag-lago-sul","tag-marcela-cantuaria","tag-naine-terena","tag-raquel-rocha","tag-talles-lopes"],"yoast_head":"<!-- This site is optimized with the Yoast SEO plugin v27.0 - https:\/\/yoast.com\/product\/yoast-seo-wordpress\/ -->\n<title>Cerrado Cultural, o novo espa\u00e7o das artes de Bras\u00edlia - LACKMAN &amp; CO.<\/title>\n<meta name=\"robots\" content=\"index, follow, max-snippet:-1, max-image-preview:large, max-video-preview:-1\" \/>\n<link rel=\"canonical\" href=\"https:\/\/lackman.com.br\/index.php\/2024\/08\/19\/a-arte-acontece-na-cerrado-cultural\/\" \/>\n<meta property=\"og:locale\" content=\"pt_BR\" \/>\n<meta property=\"og:type\" content=\"article\" \/>\n<meta property=\"og:title\" content=\"Cerrado Cultural, o novo espa\u00e7o das artes de Bras\u00edlia - LACKMAN &amp; CO.\" \/>\n<meta property=\"og:description\" content=\"Vernissage marca a abertura de centro cultural idealizado pela Galeria para abrigar projetos diversos, mostras, resid\u00eancias art\u00edsticas e forma\u00e7\u00e3o educativa &nbsp; Essa \u00e9 o tipo de not\u00edcia que a coluna #PERAMBULANDO adora trazer: a Galeria Cerrado acaba de inaugurar um novo e in\u00e9dito espa\u00e7o na cidade, \u00e9 o Cerrado Cultural, que tem foco nas artes pl\u00e1sticas contempor\u00e2neas e modernas, sobretudo aquelas produzidas na capital federal e na regi\u00e3o Centro-Oeste. O vernissage de inaugura\u00e7\u00e3o aconteceu no \u00faltimo s\u00e1bado (17), no pr\u00f3prio espa\u00e7o, localizado na Ch\u00e1cara 10 da QI 05 (Lago Sul), que soma mais de 1,6 mil metros quadrados dedicados a mostras de grandes propor\u00e7\u00f5es e resid\u00eancias art\u00edsticas, al\u00e9m de a\u00e7\u00f5es de car\u00e1ter educativo. Detalhe, a estreia do novo espa\u00e7o marcou a abertura de duas importantes exposi\u00e7\u00f5es. Uma individual dedicada ao artista Rubem Valentim, intitulada &#8220;Mito, rito e ritmo interior: Rubem Valentim \u2013 Fazer como Salva\u00e7\u00e3o&#8220;, com curadoria de Lilia Schwarcz, a mais recente integrante da Academia Brasileira de Letras; e uma coletiva, batizada de &#8220;O Centro \u00e9 o Oeste Insurgente&#8220;, com curadoria de Divino Sobral e Lilia Schwarcz. Adriana Varej\u00e3o foi um dos nomes poderosos que marcou presen\u00e7a no evento, que contou com in\u00fameros convidados \u2013 p\u00fablico, profissionais e amantes das artes \u2013 vindos de S\u00e3o Paulo, Rio de Janeiro, Mato Grosso, Minas Gerais, Goi\u00e1s e Distrito Federal. Marcela Cantu\u00e1ria tamb\u00e9m deu o ar da gra\u00e7a, ap\u00f3s abrir, no dia anterior, a mostra &#8220;Boca da Noite&#8220;, com curadoria de Ana Clara Sim\u00f5es Lopes, em cartaz na Galeria Cerrado (localizada ali pertinho, na comercial da QI 05). Ralph Ghere Vale lembrar que a filial brasiliense da Cerrado Galeria (de Goi\u00e2nia) foi inaugurada no ano passado, a partir da uni\u00e3o de Ant\u00f4nio Almeida e Carlos Dale, s\u00f3cios fundadores da Almeida &amp; Dale Galeria de Arte, de S\u00e3o Paulo, com L\u00facio Albuquerque, que atuava na Casa Albuquerque Galeria de Arte, em Bras\u00edlia. Os tr\u00eas galeristas somam mais de 30 anos de atua\u00e7\u00e3o no mercado de arte. Voltando ao evento de inaugura\u00e7\u00e3o da Cerrado Cultural, destaque para a apresenta\u00e7\u00e3o do harmonicista brasileiro Pablo Fagundes, do beatboxer estadunidense Christylez Bacon e do violonista F\u00e9lix Junior, que se apresentaram em meio aos jardins, onde tamb\u00e9m se encontra a piscina de forma geom\u00e9trica, rodeada por um enorme jardim repleto de esculturas. Para sentir o clima, tem as fotos sociais by C\u00e9sar Rebou\u00e7as nessa mat\u00e9ria, mas voc\u00ea tamb\u00e9m pode assistir ao Reel feito por este colunista! Em cartaz Considerado uma das refer\u00eancias do construtivismo brasileiro, o pintor, escultor e gravador baiano Rubem Valentim tem seu legado exposto no piso superior do Cerrado Cultural, at\u00e9 o dia 01 de novembro. A mostra batizada de &#8220;Mito, rito e ritmo interior: Rubem Valentim \u2013 Fazer como Salva\u00e7\u00e3o&#8221; explora diferentes fases do artista, al\u00e9m de expor fotos e fontes originais, e conta com curadoria de Lilia Schwarcz, uma das principais pesquisadoras de hist\u00f3ria e de arte do pa\u00eds. \u00a0Ela e Divino Sobral, diretor art\u00edstico da galeria, fizeram a curadoria de &#8220;O Centro \u00e9 o Oeste Insurgente&#8220;, que re\u00fane, at\u00e9 o dia 01 de novembro, no piso t\u00e9rreo do local, 50 trabalhos (pinturas, esculturas, fotografias e desenhos) de 15 artistas do Distrito Federal, Goi\u00e1s e Mato Grosso: Abra\u00e3o Veloso, Alice Lara, Andr\u00e9 Felipe Cardoso, Ant\u00f4nio Ob\u00e1, Daiara Tukano, Dalton Paula (foto de capa), Denise Camargo, Douglas Ferreiro, Gervane de Paula, Hal Wildson, Hel\u00f4 Sanvoy, K\u00e1ssia Borges, Naine Terena, Raquel Rocha e Talles Lopes. Al\u00e9m das duas mostras acima que est\u00e3o na Cerrado Cultural, o p\u00fablico tamb\u00e9m pode visitar a mostra Boca da Noite, de Marcela Cantu\u00e1ria com curadoria de Ana Clara Sim\u00f5es Lopes, na Cerrado Galeria, at\u00e9 11 de outubro. No total s\u00e3o mais de uma dezena de obras, em sua grande maioria in\u00e9ditas e feitas especialmente para a exposi\u00e7\u00e3o, que se desenrolam em uma atmosfera simb\u00f3lica, alcan\u00e7ada por meio de uma paleta escurecida e uma simbologia que se constela em fen\u00f4menos e criaturas noturnas, tais como as mariposas e os lobisomens. Em tempo, a \u00faltima exposi\u00e7\u00e3o de Cantu\u00e1ria em Bras\u00edlia foi em 2018. Partiu Cerrado Cultural e Galeria! \u00a0 Cerrado Cultural e Cerrado Galeria \/ SHIS QI 05 comercial e ali perto na Ch\u00e1cara 10, Lago Sul, Bsb\/DF \/ Siga e veja programa\u00e7\u00e3o e hor\u00e1rio das exposi\u00e7\u00f5es no site e no @cerrado.galeria Fotos: Divulga\u00e7\u00e3o \/ C\u00e9sar Rebou\u00e7as\" \/>\n<meta property=\"og:url\" content=\"https:\/\/lackman.com.br\/index.php\/2024\/08\/19\/a-arte-acontece-na-cerrado-cultural\/\" \/>\n<meta property=\"og:site_name\" content=\"LACKMAN &amp; CO.\" \/>\n<meta property=\"article:published_time\" content=\"2024-08-19T22:39:25+00:00\" \/>\n<meta property=\"article:modified_time\" content=\"2024-08-19T23:37:59+00:00\" \/>\n<meta property=\"og:image\" content=\"http:\/\/lackman.com.br\/wp-content\/uploads\/2024\/08\/Zeferina-por-Dalton-Paula-Exposicao-Coletiva-_O-centro-e-o-oeste-insurgente_-Creditos_-Divulgacao.jpg\" \/>\n\t<meta property=\"og:image:width\" content=\"893\" \/>\n\t<meta property=\"og:image:height\" content=\"1219\" \/>\n\t<meta property=\"og:image:type\" content=\"image\/jpeg\" \/>\n<meta name=\"author\" content=\"Gilberto Evangelista - Colunista\" \/>\n<meta name=\"twitter:card\" content=\"summary_large_image\" \/>\n<meta name=\"twitter:label1\" content=\"Escrito por\" \/>\n\t<meta name=\"twitter:data1\" content=\"Gilberto Evangelista - Colunista\" \/>\n\t<meta name=\"twitter:label2\" content=\"Est. tempo de leitura\" \/>\n\t<meta name=\"twitter:data2\" content=\"8 minutos\" \/>\n<script type=\"application\/ld+json\" class=\"yoast-schema-graph\">{\"@context\":\"https:\/\/schema.org\",\"@graph\":[{\"@type\":\"Article\",\"@id\":\"https:\/\/lackman.com.br\/index.php\/2024\/08\/19\/a-arte-acontece-na-cerrado-cultural\/#article\",\"isPartOf\":{\"@id\":\"https:\/\/lackman.com.br\/index.php\/2024\/08\/19\/a-arte-acontece-na-cerrado-cultural\/\"},\"author\":{\"name\":\"Gilberto Evangelista - Colunista\",\"@id\":\"https:\/\/lackman.com.br\/#\/schema\/person\/8a2355f699593d21d4f0d25b69db5747\"},\"headline\":\"Cerrado Cultural, o novo espa\u00e7o das artes de Bras\u00edlia\",\"datePublished\":\"2024-08-19T22:39:25+00:00\",\"dateModified\":\"2024-08-19T23:37:59+00:00\",\"mainEntityOfPage\":{\"@id\":\"https:\/\/lackman.com.br\/index.php\/2024\/08\/19\/a-arte-acontece-na-cerrado-cultural\/\"},\"wordCount\":936,\"publisher\":{\"@id\":\"https:\/\/lackman.com.br\/#organization\"},\"image\":{\"@id\":\"https:\/\/lackman.com.br\/index.php\/2024\/08\/19\/a-arte-acontece-na-cerrado-cultural\/#primaryimage\"},\"thumbnailUrl\":\"https:\/\/lackman.com.br\/wp-content\/uploads\/2024\/08\/Zeferina-por-Dalton-Paula-Exposicao-Coletiva-_O-centro-e-o-oeste-insurgente_-Creditos_-Divulgacao.jpg\",\"keywords\":[\"Adriana Varej\u00e3o\",\"brasilia\",\"Cerrado Cultural\",\"Cerrado Galeria\",\"Denise Camargo\",\"Douglas Ferreiro\",\"Gervane de Paula\",\"Hal Wildson\",\"Hel\u00f4 Sanvoy\",\"K\u00e1ssia Borges\",\"Lago Sul\",\"Marcela Cantu\u00e1ria\",\"Naine Terena\",\"Raquel Rocha\",\"Talles Lopes\"],\"articleSection\":[\"Arte\",\"Cultura\"],\"inLanguage\":\"pt-BR\"},{\"@type\":\"WebPage\",\"@id\":\"https:\/\/lackman.com.br\/index.php\/2024\/08\/19\/a-arte-acontece-na-cerrado-cultural\/\",\"url\":\"https:\/\/lackman.com.br\/index.php\/2024\/08\/19\/a-arte-acontece-na-cerrado-cultural\/\",\"name\":\"Cerrado Cultural, o novo espa\u00e7o das artes de Bras\u00edlia - LACKMAN &amp; CO.\",\"isPartOf\":{\"@id\":\"https:\/\/lackman.com.br\/#website\"},\"primaryImageOfPage\":{\"@id\":\"https:\/\/lackman.com.br\/index.php\/2024\/08\/19\/a-arte-acontece-na-cerrado-cultural\/#primaryimage\"},\"image\":{\"@id\":\"https:\/\/lackman.com.br\/index.php\/2024\/08\/19\/a-arte-acontece-na-cerrado-cultural\/#primaryimage\"},\"thumbnailUrl\":\"https:\/\/lackman.com.br\/wp-content\/uploads\/2024\/08\/Zeferina-por-Dalton-Paula-Exposicao-Coletiva-_O-centro-e-o-oeste-insurgente_-Creditos_-Divulgacao.jpg\",\"datePublished\":\"2024-08-19T22:39:25+00:00\",\"dateModified\":\"2024-08-19T23:37:59+00:00\",\"breadcrumb\":{\"@id\":\"https:\/\/lackman.com.br\/index.php\/2024\/08\/19\/a-arte-acontece-na-cerrado-cultural\/#breadcrumb\"},\"inLanguage\":\"pt-BR\",\"potentialAction\":[{\"@type\":\"ReadAction\",\"target\":[\"https:\/\/lackman.com.br\/index.php\/2024\/08\/19\/a-arte-acontece-na-cerrado-cultural\/\"]}]},{\"@type\":\"ImageObject\",\"inLanguage\":\"pt-BR\",\"@id\":\"https:\/\/lackman.com.br\/index.php\/2024\/08\/19\/a-arte-acontece-na-cerrado-cultural\/#primaryimage\",\"url\":\"https:\/\/lackman.com.br\/wp-content\/uploads\/2024\/08\/Zeferina-por-Dalton-Paula-Exposicao-Coletiva-_O-centro-e-o-oeste-insurgente_-Creditos_-Divulgacao.jpg\",\"contentUrl\":\"https:\/\/lackman.com.br\/wp-content\/uploads\/2024\/08\/Zeferina-por-Dalton-Paula-Exposicao-Coletiva-_O-centro-e-o-oeste-insurgente_-Creditos_-Divulgacao.jpg\",\"width\":893,\"height\":1219},{\"@type\":\"BreadcrumbList\",\"@id\":\"https:\/\/lackman.com.br\/index.php\/2024\/08\/19\/a-arte-acontece-na-cerrado-cultural\/#breadcrumb\",\"itemListElement\":[{\"@type\":\"ListItem\",\"position\":1,\"name\":\"In\u00edcio\",\"item\":\"https:\/\/lackman.com.br\/\"},{\"@type\":\"ListItem\",\"position\":2,\"name\":\"Cerrado Cultural, o novo espa\u00e7o das artes de Bras\u00edlia\"}]},{\"@type\":\"WebSite\",\"@id\":\"https:\/\/lackman.com.br\/#website\",\"url\":\"https:\/\/lackman.com.br\/\",\"name\":\"LACKMAN &amp; CO.\",\"description\":\"VIDA | MODA | ARTE\",\"publisher\":{\"@id\":\"https:\/\/lackman.com.br\/#organization\"},\"potentialAction\":[{\"@type\":\"SearchAction\",\"target\":{\"@type\":\"EntryPoint\",\"urlTemplate\":\"https:\/\/lackman.com.br\/?s={search_term_string}\"},\"query-input\":{\"@type\":\"PropertyValueSpecification\",\"valueRequired\":true,\"valueName\":\"search_term_string\"}}],\"inLanguage\":\"pt-BR\"},{\"@type\":\"Organization\",\"@id\":\"https:\/\/lackman.com.br\/#organization\",\"name\":\"LACKMAN &amp; CO.\",\"url\":\"https:\/\/lackman.com.br\/\",\"logo\":{\"@type\":\"ImageObject\",\"inLanguage\":\"pt-BR\",\"@id\":\"https:\/\/lackman.com.br\/#\/schema\/logo\/image\/\",\"url\":\"https:\/\/lackman.com.br\/wp-content\/uploads\/2023\/06\/Logotipo_preto-1.png\",\"contentUrl\":\"https:\/\/lackman.com.br\/wp-content\/uploads\/2023\/06\/Logotipo_preto-1.png\",\"width\":739,\"height\":393,\"caption\":\"LACKMAN &amp; CO.\"},\"image\":{\"@id\":\"https:\/\/lackman.com.br\/#\/schema\/logo\/image\/\"}},{\"@type\":\"Person\",\"@id\":\"https:\/\/lackman.com.br\/#\/schema\/person\/8a2355f699593d21d4f0d25b69db5747\",\"name\":\"Gilberto Evangelista - Colunista\",\"image\":{\"@type\":\"ImageObject\",\"inLanguage\":\"pt-BR\",\"@id\":\"https:\/\/lackman.com.br\/#\/schema\/person\/image\/\",\"url\":\"https:\/\/secure.gravatar.com\/avatar\/cea9badf02f8a90f7a745f2cbea45fda61f65711ec015e2faf3809cca6337c28?s=96&d=mm&r=g\",\"contentUrl\":\"https:\/\/secure.gravatar.com\/avatar\/cea9badf02f8a90f7a745f2cbea45fda61f65711ec015e2faf3809cca6337c28?s=96&d=mm&r=g\",\"caption\":\"Gilberto Evangelista - Colunista\"},\"description\":\"Jornalista e globetrotter.\",\"url\":\"https:\/\/lackman.com.br\/index.php\/author\/gilberto-brito\/\"}]}<\/script>\n<!-- \/ Yoast SEO plugin. -->","yoast_head_json":{"title":"Cerrado Cultural, o novo espa\u00e7o das artes de Bras\u00edlia - LACKMAN &amp; CO.","robots":{"index":"index","follow":"follow","max-snippet":"max-snippet:-1","max-image-preview":"max-image-preview:large","max-video-preview":"max-video-preview:-1"},"canonical":"https:\/\/lackman.com.br\/index.php\/2024\/08\/19\/a-arte-acontece-na-cerrado-cultural\/","og_locale":"pt_BR","og_type":"article","og_title":"Cerrado Cultural, o novo espa\u00e7o das artes de Bras\u00edlia - LACKMAN &amp; CO.","og_description":"Vernissage marca a abertura de centro cultural idealizado pela Galeria para abrigar projetos diversos, mostras, resid\u00eancias art\u00edsticas e forma\u00e7\u00e3o educativa &nbsp; Essa \u00e9 o tipo de not\u00edcia que a coluna #PERAMBULANDO adora trazer: a Galeria Cerrado acaba de inaugurar um novo e in\u00e9dito espa\u00e7o na cidade, \u00e9 o Cerrado Cultural, que tem foco nas artes pl\u00e1sticas contempor\u00e2neas e modernas, sobretudo aquelas produzidas na capital federal e na regi\u00e3o Centro-Oeste. O vernissage de inaugura\u00e7\u00e3o aconteceu no \u00faltimo s\u00e1bado (17), no pr\u00f3prio espa\u00e7o, localizado na Ch\u00e1cara 10 da QI 05 (Lago Sul), que soma mais de 1,6 mil metros quadrados dedicados a mostras de grandes propor\u00e7\u00f5es e resid\u00eancias art\u00edsticas, al\u00e9m de a\u00e7\u00f5es de car\u00e1ter educativo. Detalhe, a estreia do novo espa\u00e7o marcou a abertura de duas importantes exposi\u00e7\u00f5es. Uma individual dedicada ao artista Rubem Valentim, intitulada &#8220;Mito, rito e ritmo interior: Rubem Valentim \u2013 Fazer como Salva\u00e7\u00e3o&#8220;, com curadoria de Lilia Schwarcz, a mais recente integrante da Academia Brasileira de Letras; e uma coletiva, batizada de &#8220;O Centro \u00e9 o Oeste Insurgente&#8220;, com curadoria de Divino Sobral e Lilia Schwarcz. Adriana Varej\u00e3o foi um dos nomes poderosos que marcou presen\u00e7a no evento, que contou com in\u00fameros convidados \u2013 p\u00fablico, profissionais e amantes das artes \u2013 vindos de S\u00e3o Paulo, Rio de Janeiro, Mato Grosso, Minas Gerais, Goi\u00e1s e Distrito Federal. Marcela Cantu\u00e1ria tamb\u00e9m deu o ar da gra\u00e7a, ap\u00f3s abrir, no dia anterior, a mostra &#8220;Boca da Noite&#8220;, com curadoria de Ana Clara Sim\u00f5es Lopes, em cartaz na Galeria Cerrado (localizada ali pertinho, na comercial da QI 05). Ralph Ghere Vale lembrar que a filial brasiliense da Cerrado Galeria (de Goi\u00e2nia) foi inaugurada no ano passado, a partir da uni\u00e3o de Ant\u00f4nio Almeida e Carlos Dale, s\u00f3cios fundadores da Almeida &amp; Dale Galeria de Arte, de S\u00e3o Paulo, com L\u00facio Albuquerque, que atuava na Casa Albuquerque Galeria de Arte, em Bras\u00edlia. Os tr\u00eas galeristas somam mais de 30 anos de atua\u00e7\u00e3o no mercado de arte. Voltando ao evento de inaugura\u00e7\u00e3o da Cerrado Cultural, destaque para a apresenta\u00e7\u00e3o do harmonicista brasileiro Pablo Fagundes, do beatboxer estadunidense Christylez Bacon e do violonista F\u00e9lix Junior, que se apresentaram em meio aos jardins, onde tamb\u00e9m se encontra a piscina de forma geom\u00e9trica, rodeada por um enorme jardim repleto de esculturas. Para sentir o clima, tem as fotos sociais by C\u00e9sar Rebou\u00e7as nessa mat\u00e9ria, mas voc\u00ea tamb\u00e9m pode assistir ao Reel feito por este colunista! Em cartaz Considerado uma das refer\u00eancias do construtivismo brasileiro, o pintor, escultor e gravador baiano Rubem Valentim tem seu legado exposto no piso superior do Cerrado Cultural, at\u00e9 o dia 01 de novembro. A mostra batizada de &#8220;Mito, rito e ritmo interior: Rubem Valentim \u2013 Fazer como Salva\u00e7\u00e3o&#8221; explora diferentes fases do artista, al\u00e9m de expor fotos e fontes originais, e conta com curadoria de Lilia Schwarcz, uma das principais pesquisadoras de hist\u00f3ria e de arte do pa\u00eds. \u00a0Ela e Divino Sobral, diretor art\u00edstico da galeria, fizeram a curadoria de &#8220;O Centro \u00e9 o Oeste Insurgente&#8220;, que re\u00fane, at\u00e9 o dia 01 de novembro, no piso t\u00e9rreo do local, 50 trabalhos (pinturas, esculturas, fotografias e desenhos) de 15 artistas do Distrito Federal, Goi\u00e1s e Mato Grosso: Abra\u00e3o Veloso, Alice Lara, Andr\u00e9 Felipe Cardoso, Ant\u00f4nio Ob\u00e1, Daiara Tukano, Dalton Paula (foto de capa), Denise Camargo, Douglas Ferreiro, Gervane de Paula, Hal Wildson, Hel\u00f4 Sanvoy, K\u00e1ssia Borges, Naine Terena, Raquel Rocha e Talles Lopes. Al\u00e9m das duas mostras acima que est\u00e3o na Cerrado Cultural, o p\u00fablico tamb\u00e9m pode visitar a mostra Boca da Noite, de Marcela Cantu\u00e1ria com curadoria de Ana Clara Sim\u00f5es Lopes, na Cerrado Galeria, at\u00e9 11 de outubro. No total s\u00e3o mais de uma dezena de obras, em sua grande maioria in\u00e9ditas e feitas especialmente para a exposi\u00e7\u00e3o, que se desenrolam em uma atmosfera simb\u00f3lica, alcan\u00e7ada por meio de uma paleta escurecida e uma simbologia que se constela em fen\u00f4menos e criaturas noturnas, tais como as mariposas e os lobisomens. Em tempo, a \u00faltima exposi\u00e7\u00e3o de Cantu\u00e1ria em Bras\u00edlia foi em 2018. Partiu Cerrado Cultural e Galeria! \u00a0 Cerrado Cultural e Cerrado Galeria \/ SHIS QI 05 comercial e ali perto na Ch\u00e1cara 10, Lago Sul, Bsb\/DF \/ Siga e veja programa\u00e7\u00e3o e hor\u00e1rio das exposi\u00e7\u00f5es no site e no @cerrado.galeria Fotos: Divulga\u00e7\u00e3o \/ C\u00e9sar Rebou\u00e7as","og_url":"https:\/\/lackman.com.br\/index.php\/2024\/08\/19\/a-arte-acontece-na-cerrado-cultural\/","og_site_name":"LACKMAN &amp; CO.","article_published_time":"2024-08-19T22:39:25+00:00","article_modified_time":"2024-08-19T23:37:59+00:00","og_image":[{"width":893,"height":1219,"url":"http:\/\/lackman.com.br\/wp-content\/uploads\/2024\/08\/Zeferina-por-Dalton-Paula-Exposicao-Coletiva-_O-centro-e-o-oeste-insurgente_-Creditos_-Divulgacao.jpg","type":"image\/jpeg"}],"author":"Gilberto Evangelista - Colunista","twitter_card":"summary_large_image","twitter_misc":{"Escrito por":"Gilberto Evangelista - Colunista","Est. tempo de leitura":"8 minutos"},"schema":{"@context":"https:\/\/schema.org","@graph":[{"@type":"Article","@id":"https:\/\/lackman.com.br\/index.php\/2024\/08\/19\/a-arte-acontece-na-cerrado-cultural\/#article","isPartOf":{"@id":"https:\/\/lackman.com.br\/index.php\/2024\/08\/19\/a-arte-acontece-na-cerrado-cultural\/"},"author":{"name":"Gilberto Evangelista - Colunista","@id":"https:\/\/lackman.com.br\/#\/schema\/person\/8a2355f699593d21d4f0d25b69db5747"},"headline":"Cerrado Cultural, o novo espa\u00e7o das artes de Bras\u00edlia","datePublished":"2024-08-19T22:39:25+00:00","dateModified":"2024-08-19T23:37:59+00:00","mainEntityOfPage":{"@id":"https:\/\/lackman.com.br\/index.php\/2024\/08\/19\/a-arte-acontece-na-cerrado-cultural\/"},"wordCount":936,"publisher":{"@id":"https:\/\/lackman.com.br\/#organization"},"image":{"@id":"https:\/\/lackman.com.br\/index.php\/2024\/08\/19\/a-arte-acontece-na-cerrado-cultural\/#primaryimage"},"thumbnailUrl":"https:\/\/lackman.com.br\/wp-content\/uploads\/2024\/08\/Zeferina-por-Dalton-Paula-Exposicao-Coletiva-_O-centro-e-o-oeste-insurgente_-Creditos_-Divulgacao.jpg","keywords":["Adriana Varej\u00e3o","brasilia","Cerrado Cultural","Cerrado Galeria","Denise Camargo","Douglas Ferreiro","Gervane de Paula","Hal Wildson","Hel\u00f4 Sanvoy","K\u00e1ssia Borges","Lago Sul","Marcela Cantu\u00e1ria","Naine Terena","Raquel Rocha","Talles Lopes"],"articleSection":["Arte","Cultura"],"inLanguage":"pt-BR"},{"@type":"WebPage","@id":"https:\/\/lackman.com.br\/index.php\/2024\/08\/19\/a-arte-acontece-na-cerrado-cultural\/","url":"https:\/\/lackman.com.br\/index.php\/2024\/08\/19\/a-arte-acontece-na-cerrado-cultural\/","name":"Cerrado Cultural, o novo espa\u00e7o das artes de Bras\u00edlia - LACKMAN &amp; CO.","isPartOf":{"@id":"https:\/\/lackman.com.br\/#website"},"primaryImageOfPage":{"@id":"https:\/\/lackman.com.br\/index.php\/2024\/08\/19\/a-arte-acontece-na-cerrado-cultural\/#primaryimage"},"image":{"@id":"https:\/\/lackman.com.br\/index.php\/2024\/08\/19\/a-arte-acontece-na-cerrado-cultural\/#primaryimage"},"thumbnailUrl":"https:\/\/lackman.com.br\/wp-content\/uploads\/2024\/08\/Zeferina-por-Dalton-Paula-Exposicao-Coletiva-_O-centro-e-o-oeste-insurgente_-Creditos_-Divulgacao.jpg","datePublished":"2024-08-19T22:39:25+00:00","dateModified":"2024-08-19T23:37:59+00:00","breadcrumb":{"@id":"https:\/\/lackman.com.br\/index.php\/2024\/08\/19\/a-arte-acontece-na-cerrado-cultural\/#breadcrumb"},"inLanguage":"pt-BR","potentialAction":[{"@type":"ReadAction","target":["https:\/\/lackman.com.br\/index.php\/2024\/08\/19\/a-arte-acontece-na-cerrado-cultural\/"]}]},{"@type":"ImageObject","inLanguage":"pt-BR","@id":"https:\/\/lackman.com.br\/index.php\/2024\/08\/19\/a-arte-acontece-na-cerrado-cultural\/#primaryimage","url":"https:\/\/lackman.com.br\/wp-content\/uploads\/2024\/08\/Zeferina-por-Dalton-Paula-Exposicao-Coletiva-_O-centro-e-o-oeste-insurgente_-Creditos_-Divulgacao.jpg","contentUrl":"https:\/\/lackman.com.br\/wp-content\/uploads\/2024\/08\/Zeferina-por-Dalton-Paula-Exposicao-Coletiva-_O-centro-e-o-oeste-insurgente_-Creditos_-Divulgacao.jpg","width":893,"height":1219},{"@type":"BreadcrumbList","@id":"https:\/\/lackman.com.br\/index.php\/2024\/08\/19\/a-arte-acontece-na-cerrado-cultural\/#breadcrumb","itemListElement":[{"@type":"ListItem","position":1,"name":"In\u00edcio","item":"https:\/\/lackman.com.br\/"},{"@type":"ListItem","position":2,"name":"Cerrado Cultural, o novo espa\u00e7o das artes de Bras\u00edlia"}]},{"@type":"WebSite","@id":"https:\/\/lackman.com.br\/#website","url":"https:\/\/lackman.com.br\/","name":"LACKMAN &amp; CO.","description":"VIDA | MODA | ARTE","publisher":{"@id":"https:\/\/lackman.com.br\/#organization"},"potentialAction":[{"@type":"SearchAction","target":{"@type":"EntryPoint","urlTemplate":"https:\/\/lackman.com.br\/?s={search_term_string}"},"query-input":{"@type":"PropertyValueSpecification","valueRequired":true,"valueName":"search_term_string"}}],"inLanguage":"pt-BR"},{"@type":"Organization","@id":"https:\/\/lackman.com.br\/#organization","name":"LACKMAN &amp; CO.","url":"https:\/\/lackman.com.br\/","logo":{"@type":"ImageObject","inLanguage":"pt-BR","@id":"https:\/\/lackman.com.br\/#\/schema\/logo\/image\/","url":"https:\/\/lackman.com.br\/wp-content\/uploads\/2023\/06\/Logotipo_preto-1.png","contentUrl":"https:\/\/lackman.com.br\/wp-content\/uploads\/2023\/06\/Logotipo_preto-1.png","width":739,"height":393,"caption":"LACKMAN &amp; CO."},"image":{"@id":"https:\/\/lackman.com.br\/#\/schema\/logo\/image\/"}},{"@type":"Person","@id":"https:\/\/lackman.com.br\/#\/schema\/person\/8a2355f699593d21d4f0d25b69db5747","name":"Gilberto Evangelista - Colunista","image":{"@type":"ImageObject","inLanguage":"pt-BR","@id":"https:\/\/lackman.com.br\/#\/schema\/person\/image\/","url":"https:\/\/secure.gravatar.com\/avatar\/cea9badf02f8a90f7a745f2cbea45fda61f65711ec015e2faf3809cca6337c28?s=96&d=mm&r=g","contentUrl":"https:\/\/secure.gravatar.com\/avatar\/cea9badf02f8a90f7a745f2cbea45fda61f65711ec015e2faf3809cca6337c28?s=96&d=mm&r=g","caption":"Gilberto Evangelista - Colunista"},"description":"Jornalista e globetrotter.","url":"https:\/\/lackman.com.br\/index.php\/author\/gilberto-brito\/"}]}},"rttpg_featured_image_url":{"full":["https:\/\/lackman.com.br\/wp-content\/uploads\/2024\/08\/Zeferina-por-Dalton-Paula-Exposicao-Coletiva-_O-centro-e-o-oeste-insurgente_-Creditos_-Divulgacao.jpg",893,1219,false],"landscape":["https:\/\/lackman.com.br\/wp-content\/uploads\/2024\/08\/Zeferina-por-Dalton-Paula-Exposicao-Coletiva-_O-centro-e-o-oeste-insurgente_-Creditos_-Divulgacao.jpg",893,1219,false],"portraits":["https:\/\/lackman.com.br\/wp-content\/uploads\/2024\/08\/Zeferina-por-Dalton-Paula-Exposicao-Coletiva-_O-centro-e-o-oeste-insurgente_-Creditos_-Divulgacao.jpg",893,1219,false],"thumbnail":["https:\/\/lackman.com.br\/wp-content\/uploads\/2024\/08\/Zeferina-por-Dalton-Paula-Exposicao-Coletiva-_O-centro-e-o-oeste-insurgente_-Creditos_-Divulgacao-150x150.jpg",150,150,true],"medium":["https:\/\/lackman.com.br\/wp-content\/uploads\/2024\/08\/Zeferina-por-Dalton-Paula-Exposicao-Coletiva-_O-centro-e-o-oeste-insurgente_-Creditos_-Divulgacao-220x300.jpg",220,300,true],"large":["https:\/\/lackman.com.br\/wp-content\/uploads\/2024\/08\/Zeferina-por-Dalton-Paula-Exposicao-Coletiva-_O-centro-e-o-oeste-insurgente_-Creditos_-Divulgacao-750x1024.jpg",750,1024,true],"RoboGalleryMansoryImagesCenter":["https:\/\/lackman.com.br\/wp-content\/uploads\/2024\/08\/Zeferina-por-Dalton-Paula-Exposicao-Coletiva-_O-centro-e-o-oeste-insurgente_-Creditos_-Divulgacao-600x1024.jpg",600,1024,true],"RoboGalleryPreload":["https:\/\/lackman.com.br\/wp-content\/uploads\/2024\/08\/Zeferina-por-Dalton-Paula-Exposicao-Coletiva-_O-centro-e-o-oeste-insurgente_-Creditos_-Divulgacao.jpg",100,137,false],"1536x1536":["https:\/\/lackman.com.br\/wp-content\/uploads\/2024\/08\/Zeferina-por-Dalton-Paula-Exposicao-Coletiva-_O-centro-e-o-oeste-insurgente_-Creditos_-Divulgacao.jpg",893,1219,false],"2048x2048":["https:\/\/lackman.com.br\/wp-content\/uploads\/2024\/08\/Zeferina-por-Dalton-Paula-Exposicao-Coletiva-_O-centro-e-o-oeste-insurgente_-Creditos_-Divulgacao.jpg",893,1219,false]},"rttpg_author":{"display_name":"Gilberto Evangelista - Colunista","author_link":"https:\/\/lackman.com.br\/index.php\/author\/gilberto-brito\/"},"rttpg_comment":0,"rttpg_category":"<a href=\"https:\/\/lackman.com.br\/index.php\/category\/arte\/\" rel=\"category tag\">Arte<\/a> <a href=\"https:\/\/lackman.com.br\/index.php\/category\/arte\/cultura-arte\/\" rel=\"category tag\">Cultura<\/a>","rttpg_excerpt":"Vernissage marca a abertura de centro cultural idealizado pela Galeria para abrigar projetos diversos, mostras, resid\u00eancias art\u00edsticas e forma\u00e7\u00e3o educativa &nbsp; Essa \u00e9 o tipo de not\u00edcia que a coluna #PERAMBULANDO adora trazer: a Galeria Cerrado acaba de inaugurar um novo e in\u00e9dito espa\u00e7o na cidade, \u00e9 o Cerrado Cultural, que tem foco nas artes&hellip;","_links":{"self":[{"href":"https:\/\/lackman.com.br\/index.php\/wp-json\/wp\/v2\/posts\/7496","targetHints":{"allow":["GET"]}}],"collection":[{"href":"https:\/\/lackman.com.br\/index.php\/wp-json\/wp\/v2\/posts"}],"about":[{"href":"https:\/\/lackman.com.br\/index.php\/wp-json\/wp\/v2\/types\/post"}],"author":[{"embeddable":true,"href":"https:\/\/lackman.com.br\/index.php\/wp-json\/wp\/v2\/users\/6"}],"replies":[{"embeddable":true,"href":"https:\/\/lackman.com.br\/index.php\/wp-json\/wp\/v2\/comments?post=7496"}],"version-history":[{"count":7,"href":"https:\/\/lackman.com.br\/index.php\/wp-json\/wp\/v2\/posts\/7496\/revisions"}],"predecessor-version":[{"id":7524,"href":"https:\/\/lackman.com.br\/index.php\/wp-json\/wp\/v2\/posts\/7496\/revisions\/7524"}],"wp:featuredmedia":[{"embeddable":true,"href":"https:\/\/lackman.com.br\/index.php\/wp-json\/wp\/v2\/media\/7497"}],"wp:attachment":[{"href":"https:\/\/lackman.com.br\/index.php\/wp-json\/wp\/v2\/media?parent=7496"}],"wp:term":[{"taxonomy":"category","embeddable":true,"href":"https:\/\/lackman.com.br\/index.php\/wp-json\/wp\/v2\/categories?post=7496"},{"taxonomy":"post_tag","embeddable":true,"href":"https:\/\/lackman.com.br\/index.php\/wp-json\/wp\/v2\/tags?post=7496"}],"curies":[{"name":"wp","href":"https:\/\/api.w.org\/{rel}","templated":true}]}}