{"id":7451,"date":"2024-08-13T19:27:21","date_gmt":"2024-08-13T22:27:21","guid":{"rendered":"https:\/\/lackman.com.br\/?p=7451"},"modified":"2024-08-14T00:07:03","modified_gmt":"2024-08-14T03:07:03","slug":"de-presente-o-agora-partiu-casacor-brasilia-2024","status":"publish","type":"post","link":"https:\/\/lackman.com.br\/index.php\/2024\/08\/13\/de-presente-o-agora-partiu-casacor-brasilia-2024\/","title":{"rendered":"\u201cDe presente, o agora\u201d. Partiu CASACOR Bras\u00edlia 2024!"},"content":{"rendered":"<h5 style=\"text-align: justify\"><em>A 32\u00aa edi\u00e7\u00e3o da mostra evidencia o talento dos profissionais participantes e prop\u00f5e um olhar sustent\u00e1vel e ancestral como legado para as futuras gera\u00e7\u00f5es<\/em><\/h5>\n<p>&nbsp;<\/p>\n<p style=\"text-align: justify\">A <strong>CASACOR Bras\u00edlia<\/strong> acontece de <u>15 de agosto a 16 de outubro<\/u> pela terceira vez consecutiva na Arena BRB Man\u00e9 Garrincha, um dos s\u00edmbolos arquitet\u00f4nicos da Cidade. A 32\u00aa edi\u00e7\u00e3o da mostra apresenta 43 ambientes assinados por 71 profissionais inspirados no tema da CASACOR 2024: \u201cDe presente, o agora\u201d. Ele prop\u00f5e um resgate da ancestralidade para o presente e o futuro e faz um convite \u00e0 reflex\u00e3o sobre o legado que o planeta quer deixar para as gera\u00e7\u00f5es futuras. Claro que a coluna <strong>#PERAMBULANDO<\/strong> foi l\u00e1 conferir em primeira m\u00e3o e preparou um spoiler bem bacana. Quer ver? <a href=\"https:\/\/www.instagram.com\/reel\/C-oHnoyvgUq\/?utm_source=ig_web_copy_link&amp;igsh=MzRlODBiNWFlZA==\"><strong>Clique aqui<\/strong><\/a>!<\/p>\n<p style=\"text-align: justify\">Essa edi\u00e7\u00e3o traz muitas novidades para o p\u00fablico, a exemplo de galerias de arte e opera\u00e7\u00f5es gastron\u00f4micas assinadas por tr\u00eas chefs renomados: o dinamarqu\u00eas Simon Lau, o franc\u00eas Guillaume Petitgas e o brasiliense Thiago Paraiso. O funcionamento da mostra \u00e9 de ter\u00e7a a domingo e oferece acessibilidade total, incluindo para portadores de defici\u00eancia visual e auditiva.<\/p>\n<figure id=\"attachment_7469\" aria-describedby=\"caption-attachment-7469\" style=\"width: 1024px\" class=\"wp-caption aligncenter\"><img fetchpriority=\"high\" decoding=\"async\" class=\"wp-image-7469 size-large\" src=\"http:\/\/lackman.com.br\/wp-content\/uploads\/2024\/08\/DaianyGimenes-Origem-MaosNa-Terra-EdgarCesar-03-1024x682.jpg\" alt=\"\" width=\"1024\" height=\"682\" srcset=\"https:\/\/lackman.com.br\/wp-content\/uploads\/2024\/08\/DaianyGimenes-Origem-MaosNa-Terra-EdgarCesar-03-1024x682.jpg 1024w, https:\/\/lackman.com.br\/wp-content\/uploads\/2024\/08\/DaianyGimenes-Origem-MaosNa-Terra-EdgarCesar-03-300x200.jpg 300w, https:\/\/lackman.com.br\/wp-content\/uploads\/2024\/08\/DaianyGimenes-Origem-MaosNa-Terra-EdgarCesar-03-768x512.jpg 768w, https:\/\/lackman.com.br\/wp-content\/uploads\/2024\/08\/DaianyGimenes-Origem-MaosNa-Terra-EdgarCesar-03-1536x1024.jpg 1536w, https:\/\/lackman.com.br\/wp-content\/uploads\/2024\/08\/DaianyGimenes-Origem-MaosNa-Terra-EdgarCesar-03.jpg 1613w\" sizes=\"(max-width: 1024px) 100vw, 1024px\" \/><figcaption id=\"caption-attachment-7469\" class=\"wp-caption-text\">Daiany Gimenes \/ Origem M\u00e3os NaTerra<\/figcaption><\/figure>\n<figure id=\"attachment_7464\" aria-describedby=\"caption-attachment-7464\" style=\"width: 1024px\" class=\"wp-caption aligncenter\"><img decoding=\"async\" class=\"wp-image-7464 size-large\" src=\"http:\/\/lackman.com.br\/wp-content\/uploads\/2024\/08\/JotaPacini-OlharTribal\u2013EdgarCesar-01-1024x684.jpg\" alt=\"\" width=\"1024\" height=\"684\" srcset=\"https:\/\/lackman.com.br\/wp-content\/uploads\/2024\/08\/JotaPacini-OlharTribal\u2013EdgarCesar-01-1024x684.jpg 1024w, https:\/\/lackman.com.br\/wp-content\/uploads\/2024\/08\/JotaPacini-OlharTribal\u2013EdgarCesar-01-300x200.jpg 300w, https:\/\/lackman.com.br\/wp-content\/uploads\/2024\/08\/JotaPacini-OlharTribal\u2013EdgarCesar-01-768x513.jpg 768w, https:\/\/lackman.com.br\/wp-content\/uploads\/2024\/08\/JotaPacini-OlharTribal\u2013EdgarCesar-01-1536x1026.jpg 1536w, https:\/\/lackman.com.br\/wp-content\/uploads\/2024\/08\/JotaPacini-OlharTribal\u2013EdgarCesar-01.jpg 1616w\" sizes=\"(max-width: 1024px) 100vw, 1024px\" \/><figcaption id=\"caption-attachment-7464\" class=\"wp-caption-text\">Jota Pacini \/ Olhar Tribal<\/figcaption><\/figure>\n<figure id=\"attachment_7473\" aria-describedby=\"caption-attachment-7473\" style=\"width: 1024px\" class=\"wp-caption aligncenter\"><img decoding=\"async\" class=\"wp-image-7473 size-large\" src=\"http:\/\/lackman.com.br\/wp-content\/uploads\/2024\/08\/AdrianaMeloELucianaCamara-TerracoBorsoi-GabrielLima-05-1024x683.jpg\" alt=\"\" width=\"1024\" height=\"683\" srcset=\"https:\/\/lackman.com.br\/wp-content\/uploads\/2024\/08\/AdrianaMeloELucianaCamara-TerracoBorsoi-GabrielLima-05-1024x683.jpg 1024w, https:\/\/lackman.com.br\/wp-content\/uploads\/2024\/08\/AdrianaMeloELucianaCamara-TerracoBorsoi-GabrielLima-05-300x200.jpg 300w, https:\/\/lackman.com.br\/wp-content\/uploads\/2024\/08\/AdrianaMeloELucianaCamara-TerracoBorsoi-GabrielLima-05-768x512.jpg 768w, https:\/\/lackman.com.br\/wp-content\/uploads\/2024\/08\/AdrianaMeloELucianaCamara-TerracoBorsoi-GabrielLima-05-1536x1024.jpg 1536w, https:\/\/lackman.com.br\/wp-content\/uploads\/2024\/08\/AdrianaMeloELucianaCamara-TerracoBorsoi-GabrielLima-05.jpg 1669w\" sizes=\"(max-width: 1024px) 100vw, 1024px\" \/><figcaption id=\"caption-attachment-7473\" class=\"wp-caption-text\">Adriana Melo e Luciana C\u00e2mara \/ Terra\u00e7o Bors\u00f3i<\/figcaption><\/figure>\n<p style=\"text-align: justify\">\u201cO tema deste ano da CASACOR Bras\u00edlia \u00e9 um convite para que todos possam refletir sobre as decis\u00f5es do dia a dia, j\u00e1 que para vislumbrar o futuro, precisamos de uma sociedade consciente no presente. Acreditamos ser nosso papel, enquanto mostra, propor um setor que tenha um olhar de valoriza\u00e7\u00e3o das ra\u00edzes e mais sustent\u00e1vel, associado \u00e0s transforma\u00e7\u00f5es que acontecem no mundo\u201d, afirmam as organizadoras da CASACOR Bras\u00edlia, Eliane Martins, Moema Le\u00e3o e Sheila Podest\u00e1.<\/p>\n<p style=\"text-align: justify\">A edi\u00e7\u00e3o de 2024 ocupa dois pavimentos de uma \u00e1rea de 7 mil e 600 m\u00b2 em uma configura\u00e7\u00e3o in\u00e9dita, com vista para o campo da Arena, palco de jogos de futebol e shows internacionais, e para o Eixo Monumental de Bras\u00edlia. S\u00e3o mais de 100 empresas patrocinadoras e apoiadoras participantes, reafirmando a caracter\u00edstica de renova\u00e7\u00e3o da mostra a cada ano. Entre os arquitetos, urbanistas, designers e paisagistas do elenco desta edi\u00e7\u00e3o, 20 estar\u00e3o pela primeira vez apresentando projetos inovadores. Nomes renomados da \u00e1rea tamb\u00e9m retornam \u00e0 mostra, ressaltando a import\u00e2ncia em valorizar os que vieram antes e s\u00e3o refer\u00eancia para as novas gera\u00e7\u00f5es.<\/p>\n<figure id=\"attachment_7457\" aria-describedby=\"caption-attachment-7457\" style=\"width: 1024px\" class=\"wp-caption aligncenter\"><img loading=\"lazy\" decoding=\"async\" class=\"wp-image-7453 size-large\" src=\"http:\/\/lackman.com.br\/wp-content\/uploads\/2024\/08\/TudoArquiteturaeConstrucao-ConsultorioDoCirurgiaoPlastico-EdgarCesar-02-1024x683.jpg\" alt=\"\" width=\"1024\" height=\"683\" srcset=\"https:\/\/lackman.com.br\/wp-content\/uploads\/2024\/08\/TudoArquiteturaeConstrucao-ConsultorioDoCirurgiaoPlastico-EdgarCesar-02-1024x683.jpg 1024w, https:\/\/lackman.com.br\/wp-content\/uploads\/2024\/08\/TudoArquiteturaeConstrucao-ConsultorioDoCirurgiaoPlastico-EdgarCesar-02-300x200.jpg 300w, https:\/\/lackman.com.br\/wp-content\/uploads\/2024\/08\/TudoArquiteturaeConstrucao-ConsultorioDoCirurgiaoPlastico-EdgarCesar-02-768x512.jpg 768w, https:\/\/lackman.com.br\/wp-content\/uploads\/2024\/08\/TudoArquiteturaeConstrucao-ConsultorioDoCirurgiaoPlastico-EdgarCesar-02-1536x1025.jpg 1536w, https:\/\/lackman.com.br\/wp-content\/uploads\/2024\/08\/TudoArquiteturaeConstrucao-ConsultorioDoCirurgiaoPlastico-EdgarCesar-02.jpg 1613w\" sizes=\"(max-width: 1024px) 100vw, 1024px\" \/><figcaption id=\"caption-attachment-7457\" class=\"wp-caption-text\">Orestes Blanco e Rosa Maranini \/ Casa BRB<\/figcaption><\/figure>\n<figure id=\"attachment_7472\" aria-describedby=\"caption-attachment-7472\" style=\"width: 1024px\" class=\"wp-caption aligncenter\"><img loading=\"lazy\" decoding=\"async\" class=\"wp-image-7472 size-large\" src=\"http:\/\/lackman.com.br\/wp-content\/uploads\/2024\/08\/AnastaciaHersenEMatheusMendes-LoftAlimentoDoCorpoDaMenteEDaAlma-EdgardCesar-02-1024x684.jpg\" alt=\"\" width=\"1024\" height=\"684\" srcset=\"https:\/\/lackman.com.br\/wp-content\/uploads\/2024\/08\/AnastaciaHersenEMatheusMendes-LoftAlimentoDoCorpoDaMenteEDaAlma-EdgardCesar-02-1024x684.jpg 1024w, https:\/\/lackman.com.br\/wp-content\/uploads\/2024\/08\/AnastaciaHersenEMatheusMendes-LoftAlimentoDoCorpoDaMenteEDaAlma-EdgardCesar-02-300x200.jpg 300w, https:\/\/lackman.com.br\/wp-content\/uploads\/2024\/08\/AnastaciaHersenEMatheusMendes-LoftAlimentoDoCorpoDaMenteEDaAlma-EdgardCesar-02-768x513.jpg 768w, https:\/\/lackman.com.br\/wp-content\/uploads\/2024\/08\/AnastaciaHersenEMatheusMendes-LoftAlimentoDoCorpoDaMenteEDaAlma-EdgardCesar-02-1536x1027.jpg 1536w, https:\/\/lackman.com.br\/wp-content\/uploads\/2024\/08\/AnastaciaHersenEMatheusMendes-LoftAlimentoDoCorpoDaMenteEDaAlma-EdgardCesar-02.jpg 1613w\" sizes=\"(max-width: 1024px) 100vw, 1024px\" \/><figcaption id=\"caption-attachment-7472\" class=\"wp-caption-text\">Anast\u00e1cia Hersen e Matheus Mendes \/ Loft Alimento do Corpo, da Mente e da Alma<\/figcaption><\/figure>\n<p style=\"text-align: justify\"><strong>Elenco<\/strong><\/p>\n<p style=\"text-align: justify\">Entre os veteranos, est\u00e3o de volta Wall\u00e9ria Teixeira e Ney Lima (Adega) e Miguel Gustavo (Loft Ancestral) que acumulam 26 e 22 participa\u00e7\u00f5es, respectivamente. O escrit\u00f3rio de Larissa Dias (Tempo Sagrado) chega \u00e0 15\u00aa participa\u00e7\u00e3o, enquanto M\u00e1rcio Correa (Meu Ryokan), da Minim Arquitetura, completa 10 participa\u00e7\u00f5es na CASACOR Bras\u00edlia 2024.<\/p>\n<p style=\"text-align: justify\">J\u00e1 entre os novatos, a lista \u00e9 grande. S\u00e3o eles: Daiany Gimenes (Origem &#8211; M\u00e3os na Terra), Juliana Castro (Galeria, em parceria com D\u00e9bora Bardales, em sua segunda participa\u00e7\u00e3o), Mariana Leal (Morada 11.11), Glauter Suassuna Diniz (Olhar de Isadora por Espectro Oftalmologia), Alessandra Oliveira (Consult\u00f3rio do Cirurgi\u00e3o Pl\u00e1stico), Lucas Machado (Ref\u00fagio Rio Quente Resorts), Eliene Lucindo (Espa\u00e7o Encontro), Maria Carolina Feitoza (Joalheria, em parceria com Angela Feitoza, que acumula a quarta participa\u00e7\u00e3o), Arielle Martins (Pra\u00e7a do Mural Sonho de um Ver\u00e3o); as duplas Chris Arantes e Leandro Naya (Studio Steel), Isadora Burjack e J\u00falia Fonseca (Lavabo Pausa), Anast\u00e1cia Hersen e Matheus Mendes (Loft Alimento do Corpo, da Mente e da Alma), Gabriela Schinzel e Agustin Roca (Oja Bar); e o trio Jonanthan Bispo, Mateus Suzart e Ot\u00e1vio de Souza (Escrit\u00f3rio Espa\u00e7o Y).<\/p>\n<figure id=\"attachment_7459\" aria-describedby=\"caption-attachment-7459\" style=\"width: 1024px\" class=\"wp-caption aligncenter\"><img loading=\"lazy\" decoding=\"async\" class=\"wp-image-7459 size-large\" src=\"http:\/\/lackman.com.br\/wp-content\/uploads\/2024\/08\/NeyLimaEWalleriaTeixeira-Adega-EdgardCesar-04-1024x683.jpg\" alt=\"\" width=\"1024\" height=\"683\" srcset=\"https:\/\/lackman.com.br\/wp-content\/uploads\/2024\/08\/NeyLimaEWalleriaTeixeira-Adega-EdgardCesar-04-1024x683.jpg 1024w, https:\/\/lackman.com.br\/wp-content\/uploads\/2024\/08\/NeyLimaEWalleriaTeixeira-Adega-EdgardCesar-04-300x200.jpg 300w, https:\/\/lackman.com.br\/wp-content\/uploads\/2024\/08\/NeyLimaEWalleriaTeixeira-Adega-EdgardCesar-04-768x512.jpg 768w, https:\/\/lackman.com.br\/wp-content\/uploads\/2024\/08\/NeyLimaEWalleriaTeixeira-Adega-EdgardCesar-04-1536x1025.jpg 1536w, https:\/\/lackman.com.br\/wp-content\/uploads\/2024\/08\/NeyLimaEWalleriaTeixeira-Adega-EdgardCesar-04.jpg 1610w\" sizes=\"(max-width: 1024px) 100vw, 1024px\" \/><figcaption id=\"caption-attachment-7459\" class=\"wp-caption-text\">Ney Lima e Wall\u00e9ria Teixeira \/ Adega<\/figcaption><\/figure>\n<figure id=\"attachment_7461\" aria-describedby=\"caption-attachment-7461\" style=\"width: 1024px\" class=\"wp-caption aligncenter\"><img loading=\"lazy\" decoding=\"async\" class=\"wp-image-7461 size-large\" src=\"http:\/\/lackman.com.br\/wp-content\/uploads\/2024\/08\/MarianaLombardi-BrasalIncorporacoes-EdgarCesar-EdgarCesar-04-1024x682.jpg\" alt=\"\" width=\"1024\" height=\"682\" srcset=\"https:\/\/lackman.com.br\/wp-content\/uploads\/2024\/08\/MarianaLombardi-BrasalIncorporacoes-EdgarCesar-EdgarCesar-04-1024x682.jpg 1024w, https:\/\/lackman.com.br\/wp-content\/uploads\/2024\/08\/MarianaLombardi-BrasalIncorporacoes-EdgarCesar-EdgarCesar-04-300x200.jpg 300w, https:\/\/lackman.com.br\/wp-content\/uploads\/2024\/08\/MarianaLombardi-BrasalIncorporacoes-EdgarCesar-EdgarCesar-04-768x512.jpg 768w, https:\/\/lackman.com.br\/wp-content\/uploads\/2024\/08\/MarianaLombardi-BrasalIncorporacoes-EdgarCesar-EdgarCesar-04-1536x1024.jpg 1536w, https:\/\/lackman.com.br\/wp-content\/uploads\/2024\/08\/MarianaLombardi-BrasalIncorporacoes-EdgarCesar-EdgarCesar-04.jpg 1616w\" sizes=\"(max-width: 1024px) 100vw, 1024px\" \/><figcaption id=\"caption-attachment-7461\" class=\"wp-caption-text\">Mariana Lombardi \/ Brasal Incorpora\u00e7\u00f5es<\/figcaption><\/figure>\n<p style=\"text-align: justify\">Este ano, o tema da CASACOR \u00e9 \u201cDe presente, o agora\u201d, conceito norteador dos projetos para os 43 ambientes. Diante da premissa de que seremos ancestrais de futuras sociedades, a mais completa mostra de arquitetura, arte, design e paisagismo da Am\u00e9rica Latina apresenta espa\u00e7os comprometidos com a cria\u00e7\u00e3o de mem\u00f3rias afetivas, com o acolhimento do visitante e com as constru\u00e7\u00f5es sustent\u00e1veis.<\/p>\n<p style=\"text-align: justify\">Nos ambientes, destacam-se o uso de materiais naturais e ecol\u00f3gicos e de pe\u00e7as artesanais, e da presen\u00e7a de obras de arte e de mobili\u00e1rios de designers renomados \u2013 principalmente de Bras\u00edlia \u2013, trazendo um senso de pertencimento ao espectador. Novas tend\u00eancias tamb\u00e9m aparecem numa mistura equilibrada entre o contempor\u00e2neo e o cl\u00e1ssico.<\/p>\n<figure id=\"attachment_7466\" aria-describedby=\"caption-attachment-7466\" style=\"width: 1024px\" class=\"wp-caption aligncenter\"><img loading=\"lazy\" decoding=\"async\" class=\"wp-image-7466 size-large\" src=\"http:\/\/lackman.com.br\/wp-content\/uploads\/2024\/08\/ErickCamilo-EstarBreton-EdgarCesar-03-1024x682.jpg\" alt=\"\" width=\"1024\" height=\"682\" srcset=\"https:\/\/lackman.com.br\/wp-content\/uploads\/2024\/08\/ErickCamilo-EstarBreton-EdgarCesar-03-1024x682.jpg 1024w, https:\/\/lackman.com.br\/wp-content\/uploads\/2024\/08\/ErickCamilo-EstarBreton-EdgarCesar-03-300x200.jpg 300w, https:\/\/lackman.com.br\/wp-content\/uploads\/2024\/08\/ErickCamilo-EstarBreton-EdgarCesar-03-768x512.jpg 768w, https:\/\/lackman.com.br\/wp-content\/uploads\/2024\/08\/ErickCamilo-EstarBreton-EdgarCesar-03-1536x1024.jpg 1536w, https:\/\/lackman.com.br\/wp-content\/uploads\/2024\/08\/ErickCamilo-EstarBreton-EdgarCesar-03.jpg 1613w\" sizes=\"(max-width: 1024px) 100vw, 1024px\" \/><figcaption id=\"caption-attachment-7466\" class=\"wp-caption-text\">Erick Camilo \/ Estar Breton<\/figcaption><\/figure>\n<figure id=\"attachment_7467\" aria-describedby=\"caption-attachment-7467\" style=\"width: 1024px\" class=\"wp-caption aligncenter\"><img loading=\"lazy\" decoding=\"async\" class=\"wp-image-7467 size-large\" src=\"http:\/\/lackman.com.br\/wp-content\/uploads\/2024\/08\/ElieneLucindo-EspacoEncontro\u2013EdgardCesar-01-1024x683.jpg\" alt=\"\" width=\"1024\" height=\"683\" srcset=\"https:\/\/lackman.com.br\/wp-content\/uploads\/2024\/08\/ElieneLucindo-EspacoEncontro\u2013EdgardCesar-01-1024x683.jpg 1024w, https:\/\/lackman.com.br\/wp-content\/uploads\/2024\/08\/ElieneLucindo-EspacoEncontro\u2013EdgardCesar-01-300x200.jpg 300w, https:\/\/lackman.com.br\/wp-content\/uploads\/2024\/08\/ElieneLucindo-EspacoEncontro\u2013EdgardCesar-01-768x512.jpg 768w, https:\/\/lackman.com.br\/wp-content\/uploads\/2024\/08\/ElieneLucindo-EspacoEncontro\u2013EdgardCesar-01-1536x1024.jpg 1536w, https:\/\/lackman.com.br\/wp-content\/uploads\/2024\/08\/ElieneLucindo-EspacoEncontro\u2013EdgardCesar-01.jpg 1609w\" sizes=\"(max-width: 1024px) 100vw, 1024px\" \/><figcaption id=\"caption-attachment-7467\" class=\"wp-caption-text\">Eliene Lucindo \/ Espa\u00e7o Encontro<\/figcaption><\/figure>\n<p style=\"text-align: justify\"><strong>A arte e o design brasiliense evidenciados<\/strong><\/p>\n<p style=\"text-align: justify\">Confirmando a for\u00e7a de Bras\u00edlia como inspira\u00e7\u00e3o, elementos do quadradinho tem espa\u00e7o na mostra. \u00c9 o caso do ambiente da On Arquitetura, desenvolvido por Luciana Canalli, o Restaurante CUCAN, que conta com elementos simb\u00f3licos brasilienses: os cobog\u00f3s, os azulejos e os pilotis. Desenvolvido em parceria com o movimento Bras\u00edlia Design Week (BDW), o espa\u00e7o celebra o designer brasiliense com todo o mobili\u00e1rio e as obras de artes de profissionais candangos, num resgate da hist\u00f3ria da cidade.<\/p>\n<p style=\"text-align: justify\">As refer\u00eancias \u00e0 capital tamb\u00e9m aparecem na Pra\u00e7a do Mural Sonho de um Ver\u00e3o assinada pela designer e ilustradora Arielle Martins, que pintou esp\u00e9cies nativas do Cerrado, como baba\u00e7u, jatob\u00e1 e buriti em um grande painel pintado exclusivamente para a mostra. A presen\u00e7a da artista pl\u00e1stica \u00e9 outra grande inova\u00e7\u00e3o da 32\u00aa edi\u00e7\u00e3o, que, este ano, abra\u00e7a de vez a for\u00e7a das obras de artes.<\/p>\n<figure id=\"attachment_7471\" aria-describedby=\"caption-attachment-7471\" style=\"width: 1024px\" class=\"wp-caption aligncenter\"><img loading=\"lazy\" decoding=\"async\" class=\"wp-image-7471 size-large\" src=\"http:\/\/lackman.com.br\/wp-content\/uploads\/2024\/08\/ArielleMartins-PracaDoMuralSonhoDeUmVerao\u2013EdgardCesar-04-1024x683.jpg\" alt=\"\" width=\"1024\" height=\"683\" srcset=\"https:\/\/lackman.com.br\/wp-content\/uploads\/2024\/08\/ArielleMartins-PracaDoMuralSonhoDeUmVerao\u2013EdgardCesar-04-1024x683.jpg 1024w, https:\/\/lackman.com.br\/wp-content\/uploads\/2024\/08\/ArielleMartins-PracaDoMuralSonhoDeUmVerao\u2013EdgardCesar-04-300x200.jpg 300w, https:\/\/lackman.com.br\/wp-content\/uploads\/2024\/08\/ArielleMartins-PracaDoMuralSonhoDeUmVerao\u2013EdgardCesar-04-768x512.jpg 768w, https:\/\/lackman.com.br\/wp-content\/uploads\/2024\/08\/ArielleMartins-PracaDoMuralSonhoDeUmVerao\u2013EdgardCesar-04-1536x1024.jpg 1536w, https:\/\/lackman.com.br\/wp-content\/uploads\/2024\/08\/ArielleMartins-PracaDoMuralSonhoDeUmVerao\u2013EdgardCesar-04.jpg 1609w\" sizes=\"(max-width: 1024px) 100vw, 1024px\" \/><figcaption id=\"caption-attachment-7471\" class=\"wp-caption-text\">Arielle Martins \/ Pra\u00e7a do Mural Sonho de Um Ver\u00e3o<\/figcaption><\/figure>\n<figure id=\"attachment_7468\" aria-describedby=\"caption-attachment-7468\" style=\"width: 1024px\" class=\"wp-caption aligncenter\"><img loading=\"lazy\" decoding=\"async\" class=\"wp-image-7468 size-large\" src=\"http:\/\/lackman.com.br\/wp-content\/uploads\/2024\/08\/DeboraBardalesEJulianaCastro\u2013Galeria\u2013EdgarCesar-02-1024x685.jpg\" alt=\"\" width=\"1024\" height=\"685\" srcset=\"https:\/\/lackman.com.br\/wp-content\/uploads\/2024\/08\/DeboraBardalesEJulianaCastro\u2013Galeria\u2013EdgarCesar-02-1024x685.jpg 1024w, https:\/\/lackman.com.br\/wp-content\/uploads\/2024\/08\/DeboraBardalesEJulianaCastro\u2013Galeria\u2013EdgarCesar-02-300x201.jpg 300w, https:\/\/lackman.com.br\/wp-content\/uploads\/2024\/08\/DeboraBardalesEJulianaCastro\u2013Galeria\u2013EdgarCesar-02-768x514.jpg 768w, https:\/\/lackman.com.br\/wp-content\/uploads\/2024\/08\/DeboraBardalesEJulianaCastro\u2013Galeria\u2013EdgarCesar-02-1536x1027.jpg 1536w, https:\/\/lackman.com.br\/wp-content\/uploads\/2024\/08\/DeboraBardalesEJulianaCastro\u2013Galeria\u2013EdgarCesar-02.jpg 1609w\" sizes=\"(max-width: 1024px) 100vw, 1024px\" \/><figcaption id=\"caption-attachment-7468\" class=\"wp-caption-text\">D\u00e9bora Bardales e Juliana Castro<\/figcaption><\/figure>\n<figure id=\"attachment_7458\" aria-describedby=\"caption-attachment-7458\" style=\"width: 1024px\" class=\"wp-caption aligncenter\"><img loading=\"lazy\" decoding=\"async\" class=\"wp-image-7458 size-large\" src=\"http:\/\/lackman.com.br\/wp-content\/uploads\/2024\/08\/OlziArquietura-LeJardimporBellaSalvati\u2013EdgardCesar-03-1024x683.jpg\" alt=\"\" width=\"1024\" height=\"683\" srcset=\"https:\/\/lackman.com.br\/wp-content\/uploads\/2024\/08\/OlziArquietura-LeJardimporBellaSalvati\u2013EdgardCesar-03-1024x683.jpg 1024w, https:\/\/lackman.com.br\/wp-content\/uploads\/2024\/08\/OlziArquietura-LeJardimporBellaSalvati\u2013EdgardCesar-03-300x200.jpg 300w, https:\/\/lackman.com.br\/wp-content\/uploads\/2024\/08\/OlziArquietura-LeJardimporBellaSalvati\u2013EdgardCesar-03-768x512.jpg 768w, https:\/\/lackman.com.br\/wp-content\/uploads\/2024\/08\/OlziArquietura-LeJardimporBellaSalvati\u2013EdgardCesar-03-1536x1024.jpg 1536w, https:\/\/lackman.com.br\/wp-content\/uploads\/2024\/08\/OlziArquietura-LeJardimporBellaSalvati\u2013EdgardCesar-03.jpg 1605w\" sizes=\"(max-width: 1024px) 100vw, 1024px\" \/><figcaption id=\"caption-attachment-7458\" class=\"wp-caption-text\">Olzi Arquietura \/ Le Jardim por Bella Salvati<\/figcaption><\/figure>\n<p style=\"text-align: justify\">Praticamente todos os ambientes abriram espa\u00e7o para quadros, pinturas, esculturas e outras obras art\u00edsticas na composi\u00e7\u00e3o da decora\u00e7\u00e3o. Uma galeria pr\u00f3pria, onde os quadros ficam expostos em blocos suspensos, foi criada dentro da mostra no projeto da dupla D\u00e9bora Bardales e Juliana Castro. No local est\u00e1 exposto inicialmente o acervo cedido pela Refer\u00eancia Galeria. No come\u00e7o de setembro ser\u00e1 a vez da Expoarte e na sequ\u00eancia a Cerrado Galeria.<\/p>\n<p style=\"text-align: justify\">O projeto do escrit\u00f3rio Olzi Arquitetura, de Ana Lu\u00edsa Zinato e Juliana Oliveira, batizado de Le Jardin, tamb\u00e9m reproduz uma galeria, essa com obras exclusivas da cole\u00e7\u00e3o de flores de Bella Salvati. O ambiente de Mariana Leal, o Morada 11.11, \u00e9 uma casa-galeria com as obras do renomado artista sergipano radicado na Bahia, Jenner Augusto, tio-av\u00f4 da arquiteta. Em uma parede do ambiente est\u00e3o apenas obras raras do pintor. O espa\u00e7o de Renata Ciccarini, Com Viver, escolheu a inclus\u00e3o de obras de arte da Cerrado Galeria como um elemento de sofistica\u00e7\u00e3o e eleg\u00e2ncia ao projeto.<\/p>\n<p style=\"text-align: justify\">Reafirmando o compromisso com a dissemina\u00e7\u00e3o da arte, a CASACOR ter\u00e1 um espa\u00e7o destinado \u00e0 exposi\u00e7\u00e3o \u201cRetratos: Um grito por consci\u00eancia\u201d, projeto com fotografias em preto e branco captadas no ambiente escolar do Centro de Ensino Fundamental (CEF) 28 de Ceil\u00e2ndia. As fotos s\u00e3o da fot\u00f3grafa Amanda Luz sob a batuta do pai, o professor da rede p\u00fablica Toni Luz. Ao retratar 15 estudantes do centro de ensino, o projeto busca ressignificar a beleza negra, denunciar o racismo e promover conscientiza\u00e7\u00e3o social.<\/p>\n<figure id=\"attachment_7455\" aria-describedby=\"caption-attachment-7455\" style=\"width: 1024px\" class=\"wp-caption aligncenter\"><img loading=\"lazy\" decoding=\"async\" class=\"wp-image-7455 size-large\" src=\"http:\/\/lackman.com.br\/wp-content\/uploads\/2024\/08\/RicardoSecunhoEYasodharaChaibub-VarandaOasis-Plinio-Ricardo-01-1024x682.jpg\" alt=\"\" width=\"1024\" height=\"682\" srcset=\"https:\/\/lackman.com.br\/wp-content\/uploads\/2024\/08\/RicardoSecunhoEYasodharaChaibub-VarandaOasis-Plinio-Ricardo-01-1024x682.jpg 1024w, https:\/\/lackman.com.br\/wp-content\/uploads\/2024\/08\/RicardoSecunhoEYasodharaChaibub-VarandaOasis-Plinio-Ricardo-01-300x200.jpg 300w, https:\/\/lackman.com.br\/wp-content\/uploads\/2024\/08\/RicardoSecunhoEYasodharaChaibub-VarandaOasis-Plinio-Ricardo-01-768x512.jpg 768w, https:\/\/lackman.com.br\/wp-content\/uploads\/2024\/08\/RicardoSecunhoEYasodharaChaibub-VarandaOasis-Plinio-Ricardo-01-1536x1024.jpg 1536w, https:\/\/lackman.com.br\/wp-content\/uploads\/2024\/08\/RicardoSecunhoEYasodharaChaibub-VarandaOasis-Plinio-Ricardo-01.jpg 1616w\" sizes=\"(max-width: 1024px) 100vw, 1024px\" \/><figcaption id=\"caption-attachment-7455\" class=\"wp-caption-text\">Ricardo Secunho e Yasodhara Chaibub \/ Varanda Oasis<\/figcaption><\/figure>\n<figure id=\"attachment_7470\" aria-describedby=\"caption-attachment-7470\" style=\"width: 1024px\" class=\"wp-caption aligncenter\"><img loading=\"lazy\" decoding=\"async\" class=\"wp-image-7470 size-large\" src=\"http:\/\/lackman.com.br\/wp-content\/uploads\/2024\/08\/DaianaPontes-OficinaDeArte-Fier-EdgardCesar-01-1024x682.jpg\" alt=\"\" width=\"1024\" height=\"682\" srcset=\"https:\/\/lackman.com.br\/wp-content\/uploads\/2024\/08\/DaianaPontes-OficinaDeArte-Fier-EdgardCesar-01-1024x682.jpg 1024w, https:\/\/lackman.com.br\/wp-content\/uploads\/2024\/08\/DaianaPontes-OficinaDeArte-Fier-EdgardCesar-01-300x200.jpg 300w, https:\/\/lackman.com.br\/wp-content\/uploads\/2024\/08\/DaianaPontes-OficinaDeArte-Fier-EdgardCesar-01-768x512.jpg 768w, https:\/\/lackman.com.br\/wp-content\/uploads\/2024\/08\/DaianaPontes-OficinaDeArte-Fier-EdgardCesar-01-1536x1024.jpg 1536w, https:\/\/lackman.com.br\/wp-content\/uploads\/2024\/08\/DaianaPontes-OficinaDeArte-Fier-EdgardCesar-01.jpg 1610w\" sizes=\"(max-width: 1024px) 100vw, 1024px\" \/><figcaption id=\"caption-attachment-7470\" class=\"wp-caption-text\">Daiana Pontes \/ Oficina de Arte Fier<\/figcaption><\/figure>\n<figure id=\"attachment_7456\" aria-describedby=\"caption-attachment-7456\" style=\"width: 1024px\" class=\"wp-caption aligncenter\"><img loading=\"lazy\" decoding=\"async\" class=\"wp-image-7456 size-large\" src=\"http:\/\/lackman.com.br\/wp-content\/uploads\/2024\/08\/RenataCiccarini-ComViver\u2013EdgarCesar-03-1024x684.jpg\" alt=\"\" width=\"1024\" height=\"684\" srcset=\"https:\/\/lackman.com.br\/wp-content\/uploads\/2024\/08\/RenataCiccarini-ComViver\u2013EdgarCesar-03-1024x684.jpg 1024w, https:\/\/lackman.com.br\/wp-content\/uploads\/2024\/08\/RenataCiccarini-ComViver\u2013EdgarCesar-03-300x200.jpg 300w, https:\/\/lackman.com.br\/wp-content\/uploads\/2024\/08\/RenataCiccarini-ComViver\u2013EdgarCesar-03-768x513.jpg 768w, https:\/\/lackman.com.br\/wp-content\/uploads\/2024\/08\/RenataCiccarini-ComViver\u2013EdgarCesar-03-1536x1026.jpg 1536w, https:\/\/lackman.com.br\/wp-content\/uploads\/2024\/08\/RenataCiccarini-ComViver\u2013EdgarCesar-03.jpg 1612w\" sizes=\"(max-width: 1024px) 100vw, 1024px\" \/><figcaption id=\"caption-attachment-7456\" class=\"wp-caption-text\">Renata Ciccarini \/ Com Viver<\/figcaption><\/figure>\n<p style=\"text-align: justify\"><strong>Oficinas<\/strong><\/p>\n<p style=\"text-align: justify\">Mais uma vez, a CASACOR impulsiona o cen\u00e1rio da economia criativa com a promo\u00e7\u00e3o de oficinas formativas de t\u00e9cnicas de artes manuais. Ministradas por profissionais de destaque no segmento, as experi\u00eancias s\u00e3o nas \u00e1reas de porcelana (Clara Helena), cer\u00e2mica (Mariana Franco), tufting (Bruna Zanatta) e aquarela (D\u00e9bora Ziviani). As atividades come\u00e7am em agosto e seguem at\u00e9 o final da mostra, em outubro.<\/p>\n<p style=\"text-align: justify\"><strong>Sustentabilidade e inclus\u00e3o<\/strong><\/p>\n<p style=\"text-align: justify\">Esta edi\u00e7\u00e3o est\u00e1 ainda mais inclusiva e sustent\u00e1vel. A mostra ampliou a acessibilidade, tornando-a poss\u00edvel tamb\u00e9m para portadores de defici\u00eancia visual e auditiva.\u00a0 E em 2024 refor\u00e7ou as a\u00e7\u00f5es de sustentabilidade com regras ampliadas \u00e0 destina\u00e7\u00e3o e gera\u00e7\u00e3o de res\u00edduos.<\/p>\n<p style=\"text-align: justify\">A sustentabilidade \u00e9 uma das concep\u00e7\u00f5es de futuro mais adotadas nos projetos dos ambientes da CASACOR 2024, conversando com a a\u00e7\u00e3o da mostra que adota o conceito carbono neutro h\u00e1 tr\u00eas anos, destinando 97% dos res\u00edduos de forma consciente, evitando aterros sanit\u00e1rios e contribuindo para projetos sociais. A grande maioria dos ambientes trabalha com materiais que possuem selo ambiental, por serem naturais, org\u00e2nicos, reciclados, renov\u00e1veis, de reaproveitamento ou de reflorestamento.<\/p>\n<p>H\u00e1 ainda a apresenta\u00e7\u00e3o de novas solu\u00e7\u00f5es sustent\u00e1veis, a exemplo do steel frame que aparece nos espa\u00e7os de Chris Arantes e Leandro Naya e do escrit\u00f3rio Tr\u00eas Arquitetura, o Pavilh\u00e3o Arco. A t\u00e9cnica construtiva utiliza estruturas modulares de a\u00e7o galvanizado, combinando efici\u00eancia, durabilidade e menor impacto ambiental. Outras propostas envolvem o design biof\u00edlico \u2013 que inclui a natureza dentro dos ambientes \u2013 e a utiliza\u00e7\u00e3o da madeira pl\u00e1stica, fabricada a partir de res\u00edduos pl\u00e1sticos industriais.<\/p>\n<figure id=\"attachment_7454\" aria-describedby=\"caption-attachment-7454\" style=\"width: 1024px\" class=\"wp-caption aligncenter\"><img loading=\"lazy\" decoding=\"async\" class=\"wp-image-7454 size-large\" src=\"http:\/\/lackman.com.br\/wp-content\/uploads\/2024\/08\/TresArquitetura-PavilhaoArco-EdgardCesar-02-1024x684.jpg\" alt=\"\" width=\"1024\" height=\"684\" srcset=\"https:\/\/lackman.com.br\/wp-content\/uploads\/2024\/08\/TresArquitetura-PavilhaoArco-EdgardCesar-02-1024x684.jpg 1024w, https:\/\/lackman.com.br\/wp-content\/uploads\/2024\/08\/TresArquitetura-PavilhaoArco-EdgardCesar-02-300x200.jpg 300w, https:\/\/lackman.com.br\/wp-content\/uploads\/2024\/08\/TresArquitetura-PavilhaoArco-EdgardCesar-02-768x513.jpg 768w, https:\/\/lackman.com.br\/wp-content\/uploads\/2024\/08\/TresArquitetura-PavilhaoArco-EdgardCesar-02-1536x1026.jpg 1536w, https:\/\/lackman.com.br\/wp-content\/uploads\/2024\/08\/TresArquitetura-PavilhaoArco-EdgardCesar-02.jpg 1616w\" sizes=\"(max-width: 1024px) 100vw, 1024px\" \/><figcaption id=\"caption-attachment-7454\" class=\"wp-caption-text\">Tr\u00eas Arquitetura \/ Pavilh\u00e3o Arco<\/figcaption><\/figure>\n<figure id=\"attachment_7476\" aria-describedby=\"caption-attachment-7476\" style=\"width: 1024px\" class=\"wp-caption aligncenter\"><img loading=\"lazy\" decoding=\"async\" class=\"wp-image-7476 size-large\" src=\"http:\/\/lackman.com.br\/wp-content\/uploads\/2024\/08\/ChrisArantesELeandroNaya-StudioStell\u2013EdgarCesar-02-1024x682.jpg\" alt=\"\" width=\"1024\" height=\"682\" srcset=\"https:\/\/lackman.com.br\/wp-content\/uploads\/2024\/08\/ChrisArantesELeandroNaya-StudioStell\u2013EdgarCesar-02-1024x682.jpg 1024w, https:\/\/lackman.com.br\/wp-content\/uploads\/2024\/08\/ChrisArantesELeandroNaya-StudioStell\u2013EdgarCesar-02-300x200.jpg 300w, https:\/\/lackman.com.br\/wp-content\/uploads\/2024\/08\/ChrisArantesELeandroNaya-StudioStell\u2013EdgarCesar-02-768x512.jpg 768w, https:\/\/lackman.com.br\/wp-content\/uploads\/2024\/08\/ChrisArantesELeandroNaya-StudioStell\u2013EdgarCesar-02-1536x1023.jpg 1536w, https:\/\/lackman.com.br\/wp-content\/uploads\/2024\/08\/ChrisArantesELeandroNaya-StudioStell\u2013EdgarCesar-02.jpg 1612w\" sizes=\"(max-width: 1024px) 100vw, 1024px\" \/><figcaption id=\"caption-attachment-7476\" class=\"wp-caption-text\">Chris Arantes e Leandro Naya \/ Studio Stell<\/figcaption><\/figure>\n<figure id=\"attachment_7474\" aria-describedby=\"caption-attachment-7474\" style=\"width: 1024px\" class=\"wp-caption aligncenter\"><img loading=\"lazy\" decoding=\"async\" class=\"wp-image-7474 size-large\" src=\"http:\/\/lackman.com.br\/wp-content\/uploads\/2024\/08\/MarianaLeal-Morada11.11-EdgardCesar-04-1024x683.jpg\" alt=\"\" width=\"1024\" height=\"683\" srcset=\"https:\/\/lackman.com.br\/wp-content\/uploads\/2024\/08\/MarianaLeal-Morada11.11-EdgardCesar-04-1024x683.jpg 1024w, https:\/\/lackman.com.br\/wp-content\/uploads\/2024\/08\/MarianaLeal-Morada11.11-EdgardCesar-04-300x200.jpg 300w, https:\/\/lackman.com.br\/wp-content\/uploads\/2024\/08\/MarianaLeal-Morada11.11-EdgardCesar-04-768x512.jpg 768w, https:\/\/lackman.com.br\/wp-content\/uploads\/2024\/08\/MarianaLeal-Morada11.11-EdgardCesar-04-1536x1024.jpg 1536w, https:\/\/lackman.com.br\/wp-content\/uploads\/2024\/08\/MarianaLeal-Morada11.11-EdgardCesar-04.jpg 1620w\" sizes=\"(max-width: 1024px) 100vw, 1024px\" \/><figcaption id=\"caption-attachment-7474\" class=\"wp-caption-text\">Mariana Leal \/ Morada 11.11<\/figcaption><\/figure>\n<p style=\"text-align: justify\"><strong>Gastronomia<\/strong><\/p>\n<p style=\"text-align: justify\">Como j\u00e1 virou tradi\u00e7\u00e3o, os espa\u00e7os gastron\u00f4micos comp\u00f5em a mostra. Ser\u00e3o tr\u00eas opera\u00e7\u00f5es, das quais duas in\u00e9ditas, assinadas por tr\u00eas chefs renomados: Simon Lau, Guillaume Petitgas e Thiago Paraiso. Uma delas \u00e9 o Restaurante CUCAN (jun\u00e7\u00e3o das palavras culin\u00e1ria candanga), do dimarqu\u00eas Simon Lau, um ambiente informal com alma brasiliense e jeito de bistr\u00f4, assinado por Luciana Canali (ON Arquitetura) em parceria com o Movimento Bras\u00edlia Design Week (BDW) e o Senac.<\/p>\n<p style=\"text-align: justify\">Quem tamb\u00e9m participa da mostra pela primeira vez \u00e9 o chef Thiago Paraiso, com a opera\u00e7\u00e3o Oja Bar, projeto de Gabriela Schinzel e Augustin Roca da Materea B, para o qual apresentar\u00e1 drinques autorais e cl\u00e1ssicos e um card\u00e1pio para acompanhar a carta. Joyce Fran\u00e7a e Marcelo Motta projetaram o Caf\u00e9, ambiente que pelo segundo ano consecutivo ter\u00e1 a marca La Boulangerie do chef franc\u00eas Guillaume Petitgas.<\/p>\n<figure id=\"attachment_7463\" aria-describedby=\"caption-attachment-7463\" style=\"width: 1024px\" class=\"wp-caption aligncenter\"><img loading=\"lazy\" decoding=\"async\" class=\"wp-image-7463 size-large\" src=\"http:\/\/lackman.com.br\/wp-content\/uploads\/2024\/08\/JoyceFrancaArquiteturaEMarkaArquitetura-CafeLaBoulangerie\u2013EdgarCesar\u2013EdgarCesar-01-1024x683.jpg\" alt=\"\" width=\"1024\" height=\"683\" srcset=\"https:\/\/lackman.com.br\/wp-content\/uploads\/2024\/08\/JoyceFrancaArquiteturaEMarkaArquitetura-CafeLaBoulangerie\u2013EdgarCesar\u2013EdgarCesar-01-1024x683.jpg 1024w, https:\/\/lackman.com.br\/wp-content\/uploads\/2024\/08\/JoyceFrancaArquiteturaEMarkaArquitetura-CafeLaBoulangerie\u2013EdgarCesar\u2013EdgarCesar-01-300x200.jpg 300w, https:\/\/lackman.com.br\/wp-content\/uploads\/2024\/08\/JoyceFrancaArquiteturaEMarkaArquitetura-CafeLaBoulangerie\u2013EdgarCesar\u2013EdgarCesar-01-768x512.jpg 768w, https:\/\/lackman.com.br\/wp-content\/uploads\/2024\/08\/JoyceFrancaArquiteturaEMarkaArquitetura-CafeLaBoulangerie\u2013EdgarCesar\u2013EdgarCesar-01.jpg 1527w\" sizes=\"(max-width: 1024px) 100vw, 1024px\" \/><figcaption id=\"caption-attachment-7463\" class=\"wp-caption-text\">Joyce Franca Arquitetura e Marka Arquitetura \/ Caf\u00e9 La Boulangerie<\/figcaption><\/figure>\n<figure id=\"attachment_7465\" aria-describedby=\"caption-attachment-7465\" style=\"width: 1024px\" class=\"wp-caption aligncenter\"><img loading=\"lazy\" decoding=\"async\" class=\"wp-image-7465 size-large\" src=\"http:\/\/lackman.com.br\/wp-content\/uploads\/2024\/08\/GabrielaSchinzelEAgustinRoca-OjaBar-EdgardCesar-02-1024x683.jpg\" alt=\"\" width=\"1024\" height=\"683\" srcset=\"https:\/\/lackman.com.br\/wp-content\/uploads\/2024\/08\/GabrielaSchinzelEAgustinRoca-OjaBar-EdgardCesar-02-1024x683.jpg 1024w, https:\/\/lackman.com.br\/wp-content\/uploads\/2024\/08\/GabrielaSchinzelEAgustinRoca-OjaBar-EdgardCesar-02-300x200.jpg 300w, https:\/\/lackman.com.br\/wp-content\/uploads\/2024\/08\/GabrielaSchinzelEAgustinRoca-OjaBar-EdgardCesar-02-768x512.jpg 768w, https:\/\/lackman.com.br\/wp-content\/uploads\/2024\/08\/GabrielaSchinzelEAgustinRoca-OjaBar-EdgardCesar-02-1536x1024.jpg 1536w, https:\/\/lackman.com.br\/wp-content\/uploads\/2024\/08\/GabrielaSchinzelEAgustinRoca-OjaBar-EdgardCesar-02.jpg 1594w\" sizes=\"(max-width: 1024px) 100vw, 1024px\" \/><figcaption id=\"caption-attachment-7465\" class=\"wp-caption-text\">Gabriela Schinzel e Agustin Roca \/ Oja Bar<\/figcaption><\/figure>\n<p style=\"text-align: justify\"><strong>SERVI\u00c7O<\/strong><\/p>\n<p><strong>32\u00aa CASACOR Bras\u00edlia<\/strong><\/p>\n<p style=\"text-align: justify\"><strong>Quando<\/strong>: 15 de agosto a 16 de outubro de 2024<br \/>\n<strong>Special Sale<\/strong>: 15 e 16 de outubro<br \/>\n<strong>Onde<\/strong>: Arena BRB Man\u00e9 Garrincha<\/p>\n<p style=\"text-align: justify\"><strong>Visita\u00e7\u00e3o<\/strong>: de ter\u00e7a a sexta-feira, das 15h \u00e0s 22h. S\u00e1bados e feriados, das 12h \u00e0s 22h. Domingo, das 12h \u00e0s 21h<\/p>\n<p style=\"text-align: justify\"><strong>Ingressos<\/strong>: R$ 96,00 (inteira) e R$ 48,00 (meia para estudante, professor, PCD e seu acompanhante e pessoas com 60 anos ou mais). Obrigat\u00f3ria a apresenta\u00e7\u00e3o da carteirinha\/comprova\u00e7\u00e3o de pagamento da institui\u00e7\u00e3o\/documento de identidade e v\u00e1lido com foto. Crian\u00e7as at\u00e9 11 anos n\u00e3o pagam mediante documento.<br \/>\n<strong>Patroc\u00ednio Master<\/strong>: Deca<\/p>\n<p style=\"text-align: justify\"><strong>Patroc\u00ednio:<\/strong> Claro<\/p>\n<p style=\"text-align: justify\"><strong>Banco Oficial<\/strong>: BRB<br \/>\n<strong>Tinta Oficial<\/strong>: Coral<\/p>\n<p style=\"text-align: justify\"><strong>Carro Oficial<\/strong>: BYD\u00a0 l\u00a0 Saga<\/p>\n<p style=\"text-align: justify\"><strong>Fornecedora Oficial<\/strong>: Steel Lean<\/p>\n<p style=\"text-align: justify\"><strong>Apoio Local:<\/strong> Arco &#8211; Arena 360 \u2013 Aviva \u2013 Brasal \u2013 Sebrae \u2013 Sesc &#8211; TRK<\/p>\n<p style=\"text-align: justify\"><strong>Participa\u00e7\u00e3o especial<\/strong>: DCCO &#8211; Engesp \u2013 S\u00e3o Geraldo<\/p>\n<p style=\"text-align: justify\"><strong>Hotel oficial<\/strong>: B Hotel<\/p>\n<p style=\"text-align: justify\"><strong>Classifica\u00e7\u00e3o<\/strong>: livre<br \/>\n<strong>Acessibilidade<\/strong>: a mostra \u00e9 acess\u00edvel em toda a sua extens\u00e3o<\/p>\n<pre>Fotos: Divulga\u00e7\u00e3o \/ jobonach<\/pre>\n","protected":false},"excerpt":{"rendered":"<p>A 32\u00aa edi\u00e7\u00e3o da mostra evidencia o talento dos profissionais participantes e prop\u00f5e um olhar sustent\u00e1vel e ancestral como legado para as futuras gera\u00e7\u00f5es &nbsp; A CASACOR Bras\u00edlia acontece de 15 de agosto a 16 de outubro pela terceira vez consecutiva na Arena BRB Man\u00e9 Garrincha, um dos s\u00edmbolos arquitet\u00f4nicos da Cidade. A 32\u00aa edi\u00e7\u00e3o da mostra apresenta 43 ambientes assinados por 71 profissionais inspirados no tema da CASACOR 2024: \u201cDe presente, o agora\u201d. Ele prop\u00f5e um resgate da ancestralidade para o presente e o futuro e faz um convite \u00e0 reflex\u00e3o sobre o legado que o planeta quer deixar para as gera\u00e7\u00f5es futuras. Claro que a coluna #PERAMBULANDO foi l\u00e1 conferir em primeira m\u00e3o e preparou um spoiler bem bacana. Quer ver? Clique aqui! Essa edi\u00e7\u00e3o traz muitas novidades para o p\u00fablico, a exemplo de galerias de arte e opera\u00e7\u00f5es gastron\u00f4micas assinadas por tr\u00eas chefs renomados: o dinamarqu\u00eas Simon Lau, o franc\u00eas Guillaume Petitgas e o brasiliense Thiago Paraiso. O funcionamento da mostra \u00e9 de ter\u00e7a a domingo e oferece acessibilidade total, incluindo para portadores de defici\u00eancia visual e auditiva. \u201cO tema deste ano da CASACOR Bras\u00edlia \u00e9 um convite para que todos possam refletir sobre as decis\u00f5es do dia a dia, j\u00e1 que para vislumbrar o futuro, precisamos de uma sociedade consciente no presente. Acreditamos ser nosso papel, enquanto mostra, propor um setor que tenha um olhar de valoriza\u00e7\u00e3o das ra\u00edzes e mais sustent\u00e1vel, associado \u00e0s transforma\u00e7\u00f5es que acontecem no mundo\u201d, afirmam as organizadoras da CASACOR Bras\u00edlia, Eliane Martins, Moema Le\u00e3o e Sheila Podest\u00e1. A edi\u00e7\u00e3o de 2024 ocupa dois pavimentos de uma \u00e1rea de 7 mil e 600 m\u00b2 em uma configura\u00e7\u00e3o in\u00e9dita, com vista para o campo da Arena, palco de jogos de futebol e shows internacionais, e para o Eixo Monumental de Bras\u00edlia. S\u00e3o mais de 100 empresas patrocinadoras e apoiadoras participantes, reafirmando a caracter\u00edstica de renova\u00e7\u00e3o da mostra a cada ano. Entre os arquitetos, urbanistas, designers e paisagistas do elenco desta edi\u00e7\u00e3o, 20 estar\u00e3o pela primeira vez apresentando projetos inovadores. Nomes renomados da \u00e1rea tamb\u00e9m retornam \u00e0 mostra, ressaltando a import\u00e2ncia em valorizar os que vieram antes e s\u00e3o refer\u00eancia para as novas gera\u00e7\u00f5es. Elenco Entre os veteranos, est\u00e3o de volta Wall\u00e9ria Teixeira e Ney Lima (Adega) e Miguel Gustavo (Loft Ancestral) que acumulam 26 e 22 participa\u00e7\u00f5es, respectivamente. O escrit\u00f3rio de Larissa Dias (Tempo Sagrado) chega \u00e0 15\u00aa participa\u00e7\u00e3o, enquanto M\u00e1rcio Correa (Meu Ryokan), da Minim Arquitetura, completa 10 participa\u00e7\u00f5es na CASACOR Bras\u00edlia 2024. J\u00e1 entre os novatos, a lista \u00e9 grande. S\u00e3o eles: Daiany Gimenes (Origem &#8211; M\u00e3os na Terra), Juliana Castro (Galeria, em parceria com D\u00e9bora Bardales, em sua segunda participa\u00e7\u00e3o), Mariana Leal (Morada 11.11), Glauter Suassuna Diniz (Olhar de Isadora por Espectro Oftalmologia), Alessandra Oliveira (Consult\u00f3rio do Cirurgi\u00e3o Pl\u00e1stico), Lucas Machado (Ref\u00fagio Rio Quente Resorts), Eliene Lucindo (Espa\u00e7o Encontro), Maria Carolina Feitoza (Joalheria, em parceria com Angela Feitoza, que acumula a quarta participa\u00e7\u00e3o), Arielle Martins (Pra\u00e7a do Mural Sonho de um Ver\u00e3o); as duplas Chris Arantes e Leandro Naya (Studio Steel), Isadora Burjack e J\u00falia Fonseca (Lavabo Pausa), Anast\u00e1cia Hersen e Matheus Mendes (Loft Alimento do Corpo, da Mente e da Alma), Gabriela Schinzel e Agustin Roca (Oja Bar); e o trio Jonanthan Bispo, Mateus Suzart e Ot\u00e1vio de Souza (Escrit\u00f3rio Espa\u00e7o Y). Este ano, o tema da CASACOR \u00e9 \u201cDe presente, o agora\u201d, conceito norteador dos projetos para os 43 ambientes. Diante da premissa de que seremos ancestrais de futuras sociedades, a mais completa mostra de arquitetura, arte, design e paisagismo da Am\u00e9rica Latina apresenta espa\u00e7os comprometidos com a cria\u00e7\u00e3o de mem\u00f3rias afetivas, com o acolhimento do visitante e com as constru\u00e7\u00f5es sustent\u00e1veis. Nos ambientes, destacam-se o uso de materiais naturais e ecol\u00f3gicos e de pe\u00e7as artesanais, e da presen\u00e7a de obras de arte e de mobili\u00e1rios de designers renomados \u2013 principalmente de Bras\u00edlia \u2013, trazendo um senso de pertencimento ao espectador. Novas tend\u00eancias tamb\u00e9m aparecem numa mistura equilibrada entre o contempor\u00e2neo e o cl\u00e1ssico. A arte e o design brasiliense evidenciados Confirmando a for\u00e7a de Bras\u00edlia como inspira\u00e7\u00e3o, elementos do quadradinho tem espa\u00e7o na mostra. \u00c9 o caso do ambiente da On Arquitetura, desenvolvido por Luciana Canalli, o Restaurante CUCAN, que conta com elementos simb\u00f3licos brasilienses: os cobog\u00f3s, os azulejos e os pilotis. Desenvolvido em parceria com o movimento Bras\u00edlia Design Week (BDW), o espa\u00e7o celebra o designer brasiliense com todo o mobili\u00e1rio e as obras de artes de profissionais candangos, num resgate da hist\u00f3ria da cidade. As refer\u00eancias \u00e0 capital tamb\u00e9m aparecem na Pra\u00e7a do Mural Sonho de um Ver\u00e3o assinada pela designer e ilustradora Arielle Martins, que pintou esp\u00e9cies nativas do Cerrado, como baba\u00e7u, jatob\u00e1 e buriti em um grande painel pintado exclusivamente para a mostra. A presen\u00e7a da artista pl\u00e1stica \u00e9 outra grande inova\u00e7\u00e3o da 32\u00aa edi\u00e7\u00e3o, que, este ano, abra\u00e7a de vez a for\u00e7a das obras de artes. Praticamente todos os ambientes abriram espa\u00e7o para quadros, pinturas, esculturas e outras obras art\u00edsticas na composi\u00e7\u00e3o da decora\u00e7\u00e3o. Uma galeria pr\u00f3pria, onde os quadros ficam expostos em blocos suspensos, foi criada dentro da mostra no projeto da dupla D\u00e9bora Bardales e Juliana Castro. No local est\u00e1 exposto inicialmente o acervo cedido pela Refer\u00eancia Galeria. No come\u00e7o de setembro ser\u00e1 a vez da Expoarte e na sequ\u00eancia a Cerrado Galeria. O projeto do escrit\u00f3rio Olzi Arquitetura, de Ana Lu\u00edsa Zinato e Juliana Oliveira, batizado de Le Jardin, tamb\u00e9m reproduz uma galeria, essa com obras exclusivas da cole\u00e7\u00e3o de flores de Bella Salvati. O ambiente de Mariana Leal, o Morada 11.11, \u00e9 uma casa-galeria com as obras do renomado artista sergipano radicado na Bahia, Jenner Augusto, tio-av\u00f4 da arquiteta. Em uma parede do ambiente est\u00e3o apenas obras raras do pintor. O espa\u00e7o de Renata Ciccarini, Com Viver, escolheu a inclus\u00e3o de obras de arte da Cerrado Galeria como um elemento de sofistica\u00e7\u00e3o e eleg\u00e2ncia ao projeto. Reafirmando o compromisso com a dissemina\u00e7\u00e3o da arte, a CASACOR ter\u00e1 um espa\u00e7o destinado \u00e0 exposi\u00e7\u00e3o \u201cRetratos: Um grito por consci\u00eancia\u201d, projeto com fotografias em preto e branco captadas no ambiente<\/p>\n","protected":false},"author":6,"featured_media":7452,"comment_status":"closed","ping_status":"open","sticky":false,"template":"","format":"standard","meta":{"site-sidebar-layout":"default","site-content-layout":"","ast-site-content-layout":"default","site-content-style":"default","site-sidebar-style":"default","ast-global-header-display":"","ast-banner-title-visibility":"","ast-main-header-display":"","ast-hfb-above-header-display":"","ast-hfb-below-header-display":"","ast-hfb-mobile-header-display":"","site-post-title":"","ast-breadcrumbs-content":"","ast-featured-img":"","footer-sml-layout":"","ast-disable-related-posts":"","theme-transparent-header-meta":"default","adv-header-id-meta":"","stick-header-meta":"","header-above-stick-meta":"","header-main-stick-meta":"","header-below-stick-meta":"","astra-migrate-meta-layouts":"set","ast-page-background-enabled":"default","ast-page-background-meta":{"desktop":{"background-color":"","background-image":"","background-repeat":"repeat","background-position":"center center","background-size":"auto","background-attachment":"scroll","background-type":"","background-media":"","overlay-type":"","overlay-color":"","overlay-opacity":"","overlay-gradient":""},"tablet":{"background-color":"","background-image":"","background-repeat":"repeat","background-position":"center center","background-size":"auto","background-attachment":"scroll","background-type":"","background-media":"","overlay-type":"","overlay-color":"","overlay-opacity":"","overlay-gradient":""},"mobile":{"background-color":"","background-image":"","background-repeat":"repeat","background-position":"center center","background-size":"auto","background-attachment":"scroll","background-type":"","background-media":"","overlay-type":"","overlay-color":"","overlay-opacity":"","overlay-gradient":""}},"ast-content-background-meta":{"desktop":{"background-color":"var(--ast-global-color-5)","background-image":"","background-repeat":"repeat","background-position":"center center","background-size":"auto","background-attachment":"scroll","background-type":"","background-media":"","overlay-type":"","overlay-color":"","overlay-opacity":"","overlay-gradient":""},"tablet":{"background-color":"var(--ast-global-color-5)","background-image":"","background-repeat":"repeat","background-position":"center center","background-size":"auto","background-attachment":"scroll","background-type":"","background-media":"","overlay-type":"","overlay-color":"","overlay-opacity":"","overlay-gradient":""},"mobile":{"background-color":"var(--ast-global-color-5)","background-image":"","background-repeat":"repeat","background-position":"center center","background-size":"auto","background-attachment":"scroll","background-type":"","background-media":"","overlay-type":"","overlay-color":"","overlay-opacity":"","overlay-gradient":""}},"footnotes":""},"categories":[43,41],"tags":[1439],"class_list":["post-7451","post","type-post","status-publish","format-standard","has-post-thumbnail","hentry","category-perambulando","category-vida","tag-casacor-brasilia-2024"],"yoast_head":"<!-- This site is optimized with the Yoast SEO plugin v27.0 - https:\/\/yoast.com\/product\/yoast-seo-wordpress\/ -->\n<title>\u201cDe presente, o agora\u201d. Partiu CASACOR Bras\u00edlia 2024! - LACKMAN &amp; CO.<\/title>\n<meta name=\"robots\" content=\"index, follow, max-snippet:-1, max-image-preview:large, max-video-preview:-1\" \/>\n<link rel=\"canonical\" href=\"https:\/\/lackman.com.br\/index.php\/2024\/08\/13\/de-presente-o-agora-partiu-casacor-brasilia-2024\/\" \/>\n<meta property=\"og:locale\" content=\"pt_BR\" \/>\n<meta property=\"og:type\" content=\"article\" \/>\n<meta property=\"og:title\" content=\"\u201cDe presente, o agora\u201d. Partiu CASACOR Bras\u00edlia 2024! - LACKMAN &amp; CO.\" \/>\n<meta property=\"og:description\" content=\"A 32\u00aa edi\u00e7\u00e3o da mostra evidencia o talento dos profissionais participantes e prop\u00f5e um olhar sustent\u00e1vel e ancestral como legado para as futuras gera\u00e7\u00f5es &nbsp; A CASACOR Bras\u00edlia acontece de 15 de agosto a 16 de outubro pela terceira vez consecutiva na Arena BRB Man\u00e9 Garrincha, um dos s\u00edmbolos arquitet\u00f4nicos da Cidade. A 32\u00aa edi\u00e7\u00e3o da mostra apresenta 43 ambientes assinados por 71 profissionais inspirados no tema da CASACOR 2024: \u201cDe presente, o agora\u201d. Ele prop\u00f5e um resgate da ancestralidade para o presente e o futuro e faz um convite \u00e0 reflex\u00e3o sobre o legado que o planeta quer deixar para as gera\u00e7\u00f5es futuras. Claro que a coluna #PERAMBULANDO foi l\u00e1 conferir em primeira m\u00e3o e preparou um spoiler bem bacana. Quer ver? Clique aqui! Essa edi\u00e7\u00e3o traz muitas novidades para o p\u00fablico, a exemplo de galerias de arte e opera\u00e7\u00f5es gastron\u00f4micas assinadas por tr\u00eas chefs renomados: o dinamarqu\u00eas Simon Lau, o franc\u00eas Guillaume Petitgas e o brasiliense Thiago Paraiso. O funcionamento da mostra \u00e9 de ter\u00e7a a domingo e oferece acessibilidade total, incluindo para portadores de defici\u00eancia visual e auditiva. \u201cO tema deste ano da CASACOR Bras\u00edlia \u00e9 um convite para que todos possam refletir sobre as decis\u00f5es do dia a dia, j\u00e1 que para vislumbrar o futuro, precisamos de uma sociedade consciente no presente. Acreditamos ser nosso papel, enquanto mostra, propor um setor que tenha um olhar de valoriza\u00e7\u00e3o das ra\u00edzes e mais sustent\u00e1vel, associado \u00e0s transforma\u00e7\u00f5es que acontecem no mundo\u201d, afirmam as organizadoras da CASACOR Bras\u00edlia, Eliane Martins, Moema Le\u00e3o e Sheila Podest\u00e1. A edi\u00e7\u00e3o de 2024 ocupa dois pavimentos de uma \u00e1rea de 7 mil e 600 m\u00b2 em uma configura\u00e7\u00e3o in\u00e9dita, com vista para o campo da Arena, palco de jogos de futebol e shows internacionais, e para o Eixo Monumental de Bras\u00edlia. S\u00e3o mais de 100 empresas patrocinadoras e apoiadoras participantes, reafirmando a caracter\u00edstica de renova\u00e7\u00e3o da mostra a cada ano. Entre os arquitetos, urbanistas, designers e paisagistas do elenco desta edi\u00e7\u00e3o, 20 estar\u00e3o pela primeira vez apresentando projetos inovadores. Nomes renomados da \u00e1rea tamb\u00e9m retornam \u00e0 mostra, ressaltando a import\u00e2ncia em valorizar os que vieram antes e s\u00e3o refer\u00eancia para as novas gera\u00e7\u00f5es. Elenco Entre os veteranos, est\u00e3o de volta Wall\u00e9ria Teixeira e Ney Lima (Adega) e Miguel Gustavo (Loft Ancestral) que acumulam 26 e 22 participa\u00e7\u00f5es, respectivamente. O escrit\u00f3rio de Larissa Dias (Tempo Sagrado) chega \u00e0 15\u00aa participa\u00e7\u00e3o, enquanto M\u00e1rcio Correa (Meu Ryokan), da Minim Arquitetura, completa 10 participa\u00e7\u00f5es na CASACOR Bras\u00edlia 2024. J\u00e1 entre os novatos, a lista \u00e9 grande. S\u00e3o eles: Daiany Gimenes (Origem &#8211; M\u00e3os na Terra), Juliana Castro (Galeria, em parceria com D\u00e9bora Bardales, em sua segunda participa\u00e7\u00e3o), Mariana Leal (Morada 11.11), Glauter Suassuna Diniz (Olhar de Isadora por Espectro Oftalmologia), Alessandra Oliveira (Consult\u00f3rio do Cirurgi\u00e3o Pl\u00e1stico), Lucas Machado (Ref\u00fagio Rio Quente Resorts), Eliene Lucindo (Espa\u00e7o Encontro), Maria Carolina Feitoza (Joalheria, em parceria com Angela Feitoza, que acumula a quarta participa\u00e7\u00e3o), Arielle Martins (Pra\u00e7a do Mural Sonho de um Ver\u00e3o); as duplas Chris Arantes e Leandro Naya (Studio Steel), Isadora Burjack e J\u00falia Fonseca (Lavabo Pausa), Anast\u00e1cia Hersen e Matheus Mendes (Loft Alimento do Corpo, da Mente e da Alma), Gabriela Schinzel e Agustin Roca (Oja Bar); e o trio Jonanthan Bispo, Mateus Suzart e Ot\u00e1vio de Souza (Escrit\u00f3rio Espa\u00e7o Y). Este ano, o tema da CASACOR \u00e9 \u201cDe presente, o agora\u201d, conceito norteador dos projetos para os 43 ambientes. Diante da premissa de que seremos ancestrais de futuras sociedades, a mais completa mostra de arquitetura, arte, design e paisagismo da Am\u00e9rica Latina apresenta espa\u00e7os comprometidos com a cria\u00e7\u00e3o de mem\u00f3rias afetivas, com o acolhimento do visitante e com as constru\u00e7\u00f5es sustent\u00e1veis. Nos ambientes, destacam-se o uso de materiais naturais e ecol\u00f3gicos e de pe\u00e7as artesanais, e da presen\u00e7a de obras de arte e de mobili\u00e1rios de designers renomados \u2013 principalmente de Bras\u00edlia \u2013, trazendo um senso de pertencimento ao espectador. Novas tend\u00eancias tamb\u00e9m aparecem numa mistura equilibrada entre o contempor\u00e2neo e o cl\u00e1ssico. A arte e o design brasiliense evidenciados Confirmando a for\u00e7a de Bras\u00edlia como inspira\u00e7\u00e3o, elementos do quadradinho tem espa\u00e7o na mostra. \u00c9 o caso do ambiente da On Arquitetura, desenvolvido por Luciana Canalli, o Restaurante CUCAN, que conta com elementos simb\u00f3licos brasilienses: os cobog\u00f3s, os azulejos e os pilotis. Desenvolvido em parceria com o movimento Bras\u00edlia Design Week (BDW), o espa\u00e7o celebra o designer brasiliense com todo o mobili\u00e1rio e as obras de artes de profissionais candangos, num resgate da hist\u00f3ria da cidade. As refer\u00eancias \u00e0 capital tamb\u00e9m aparecem na Pra\u00e7a do Mural Sonho de um Ver\u00e3o assinada pela designer e ilustradora Arielle Martins, que pintou esp\u00e9cies nativas do Cerrado, como baba\u00e7u, jatob\u00e1 e buriti em um grande painel pintado exclusivamente para a mostra. A presen\u00e7a da artista pl\u00e1stica \u00e9 outra grande inova\u00e7\u00e3o da 32\u00aa edi\u00e7\u00e3o, que, este ano, abra\u00e7a de vez a for\u00e7a das obras de artes. Praticamente todos os ambientes abriram espa\u00e7o para quadros, pinturas, esculturas e outras obras art\u00edsticas na composi\u00e7\u00e3o da decora\u00e7\u00e3o. Uma galeria pr\u00f3pria, onde os quadros ficam expostos em blocos suspensos, foi criada dentro da mostra no projeto da dupla D\u00e9bora Bardales e Juliana Castro. No local est\u00e1 exposto inicialmente o acervo cedido pela Refer\u00eancia Galeria. No come\u00e7o de setembro ser\u00e1 a vez da Expoarte e na sequ\u00eancia a Cerrado Galeria. O projeto do escrit\u00f3rio Olzi Arquitetura, de Ana Lu\u00edsa Zinato e Juliana Oliveira, batizado de Le Jardin, tamb\u00e9m reproduz uma galeria, essa com obras exclusivas da cole\u00e7\u00e3o de flores de Bella Salvati. O ambiente de Mariana Leal, o Morada 11.11, \u00e9 uma casa-galeria com as obras do renomado artista sergipano radicado na Bahia, Jenner Augusto, tio-av\u00f4 da arquiteta. Em uma parede do ambiente est\u00e3o apenas obras raras do pintor. O espa\u00e7o de Renata Ciccarini, Com Viver, escolheu a inclus\u00e3o de obras de arte da Cerrado Galeria como um elemento de sofistica\u00e7\u00e3o e eleg\u00e2ncia ao projeto. Reafirmando o compromisso com a dissemina\u00e7\u00e3o da arte, a CASACOR ter\u00e1 um espa\u00e7o destinado \u00e0 exposi\u00e7\u00e3o \u201cRetratos: Um grito por consci\u00eancia\u201d, projeto com fotografias em preto e branco captadas no ambiente\" \/>\n<meta property=\"og:url\" content=\"https:\/\/lackman.com.br\/index.php\/2024\/08\/13\/de-presente-o-agora-partiu-casacor-brasilia-2024\/\" \/>\n<meta property=\"og:site_name\" content=\"LACKMAN &amp; CO.\" \/>\n<meta property=\"article:published_time\" content=\"2024-08-13T22:27:21+00:00\" \/>\n<meta property=\"article:modified_time\" content=\"2024-08-14T03:07:03+00:00\" \/>\n<meta property=\"og:image\" content=\"http:\/\/lackman.com.br\/wp-content\/uploads\/2024\/08\/LarissaDiasArquitetura-TempoSagrado-EdgardCesar-06.jpg\" \/>\n\t<meta property=\"og:image:width\" content=\"1611\" \/>\n\t<meta property=\"og:image:height\" content=\"1074\" \/>\n\t<meta property=\"og:image:type\" content=\"image\/jpeg\" \/>\n<meta name=\"author\" content=\"Gilberto Evangelista - Colunista\" \/>\n<meta name=\"twitter:card\" content=\"summary_large_image\" \/>\n<meta name=\"twitter:label1\" content=\"Escrito por\" \/>\n\t<meta name=\"twitter:data1\" content=\"Gilberto Evangelista - Colunista\" \/>\n\t<meta name=\"twitter:label2\" content=\"Est. tempo de leitura\" \/>\n\t<meta name=\"twitter:data2\" content=\"14 minutos\" \/>\n<script type=\"application\/ld+json\" class=\"yoast-schema-graph\">{\"@context\":\"https:\/\/schema.org\",\"@graph\":[{\"@type\":\"Article\",\"@id\":\"https:\/\/lackman.com.br\/index.php\/2024\/08\/13\/de-presente-o-agora-partiu-casacor-brasilia-2024\/#article\",\"isPartOf\":{\"@id\":\"https:\/\/lackman.com.br\/index.php\/2024\/08\/13\/de-presente-o-agora-partiu-casacor-brasilia-2024\/\"},\"author\":{\"name\":\"Gilberto Evangelista - Colunista\",\"@id\":\"https:\/\/lackman.com.br\/#\/schema\/person\/8a2355f699593d21d4f0d25b69db5747\"},\"headline\":\"\u201cDe presente, o agora\u201d. Partiu CASACOR Bras\u00edlia 2024!\",\"datePublished\":\"2024-08-13T22:27:21+00:00\",\"dateModified\":\"2024-08-14T03:07:03+00:00\",\"mainEntityOfPage\":{\"@id\":\"https:\/\/lackman.com.br\/index.php\/2024\/08\/13\/de-presente-o-agora-partiu-casacor-brasilia-2024\/\"},\"wordCount\":2027,\"publisher\":{\"@id\":\"https:\/\/lackman.com.br\/#organization\"},\"image\":{\"@id\":\"https:\/\/lackman.com.br\/index.php\/2024\/08\/13\/de-presente-o-agora-partiu-casacor-brasilia-2024\/#primaryimage\"},\"thumbnailUrl\":\"https:\/\/lackman.com.br\/wp-content\/uploads\/2024\/08\/LarissaDiasArquitetura-TempoSagrado-EdgardCesar-06.jpg\",\"keywords\":[\"CASACOR Brasilia 2024\"],\"articleSection\":[\"Perambulando\",\"Vida\"],\"inLanguage\":\"pt-BR\"},{\"@type\":\"WebPage\",\"@id\":\"https:\/\/lackman.com.br\/index.php\/2024\/08\/13\/de-presente-o-agora-partiu-casacor-brasilia-2024\/\",\"url\":\"https:\/\/lackman.com.br\/index.php\/2024\/08\/13\/de-presente-o-agora-partiu-casacor-brasilia-2024\/\",\"name\":\"\u201cDe presente, o agora\u201d. Partiu CASACOR Bras\u00edlia 2024! - LACKMAN &amp; CO.\",\"isPartOf\":{\"@id\":\"https:\/\/lackman.com.br\/#website\"},\"primaryImageOfPage\":{\"@id\":\"https:\/\/lackman.com.br\/index.php\/2024\/08\/13\/de-presente-o-agora-partiu-casacor-brasilia-2024\/#primaryimage\"},\"image\":{\"@id\":\"https:\/\/lackman.com.br\/index.php\/2024\/08\/13\/de-presente-o-agora-partiu-casacor-brasilia-2024\/#primaryimage\"},\"thumbnailUrl\":\"https:\/\/lackman.com.br\/wp-content\/uploads\/2024\/08\/LarissaDiasArquitetura-TempoSagrado-EdgardCesar-06.jpg\",\"datePublished\":\"2024-08-13T22:27:21+00:00\",\"dateModified\":\"2024-08-14T03:07:03+00:00\",\"breadcrumb\":{\"@id\":\"https:\/\/lackman.com.br\/index.php\/2024\/08\/13\/de-presente-o-agora-partiu-casacor-brasilia-2024\/#breadcrumb\"},\"inLanguage\":\"pt-BR\",\"potentialAction\":[{\"@type\":\"ReadAction\",\"target\":[\"https:\/\/lackman.com.br\/index.php\/2024\/08\/13\/de-presente-o-agora-partiu-casacor-brasilia-2024\/\"]}]},{\"@type\":\"ImageObject\",\"inLanguage\":\"pt-BR\",\"@id\":\"https:\/\/lackman.com.br\/index.php\/2024\/08\/13\/de-presente-o-agora-partiu-casacor-brasilia-2024\/#primaryimage\",\"url\":\"https:\/\/lackman.com.br\/wp-content\/uploads\/2024\/08\/LarissaDiasArquitetura-TempoSagrado-EdgardCesar-06.jpg\",\"contentUrl\":\"https:\/\/lackman.com.br\/wp-content\/uploads\/2024\/08\/LarissaDiasArquitetura-TempoSagrado-EdgardCesar-06.jpg\",\"width\":1611,\"height\":1074},{\"@type\":\"BreadcrumbList\",\"@id\":\"https:\/\/lackman.com.br\/index.php\/2024\/08\/13\/de-presente-o-agora-partiu-casacor-brasilia-2024\/#breadcrumb\",\"itemListElement\":[{\"@type\":\"ListItem\",\"position\":1,\"name\":\"In\u00edcio\",\"item\":\"https:\/\/lackman.com.br\/\"},{\"@type\":\"ListItem\",\"position\":2,\"name\":\"\u201cDe presente, o agora\u201d. Partiu CASACOR Bras\u00edlia 2024!\"}]},{\"@type\":\"WebSite\",\"@id\":\"https:\/\/lackman.com.br\/#website\",\"url\":\"https:\/\/lackman.com.br\/\",\"name\":\"LACKMAN &amp; CO.\",\"description\":\"VIDA | MODA | ARTE\",\"publisher\":{\"@id\":\"https:\/\/lackman.com.br\/#organization\"},\"potentialAction\":[{\"@type\":\"SearchAction\",\"target\":{\"@type\":\"EntryPoint\",\"urlTemplate\":\"https:\/\/lackman.com.br\/?s={search_term_string}\"},\"query-input\":{\"@type\":\"PropertyValueSpecification\",\"valueRequired\":true,\"valueName\":\"search_term_string\"}}],\"inLanguage\":\"pt-BR\"},{\"@type\":\"Organization\",\"@id\":\"https:\/\/lackman.com.br\/#organization\",\"name\":\"LACKMAN &amp; CO.\",\"url\":\"https:\/\/lackman.com.br\/\",\"logo\":{\"@type\":\"ImageObject\",\"inLanguage\":\"pt-BR\",\"@id\":\"https:\/\/lackman.com.br\/#\/schema\/logo\/image\/\",\"url\":\"https:\/\/lackman.com.br\/wp-content\/uploads\/2023\/06\/Logotipo_preto-1.png\",\"contentUrl\":\"https:\/\/lackman.com.br\/wp-content\/uploads\/2023\/06\/Logotipo_preto-1.png\",\"width\":739,\"height\":393,\"caption\":\"LACKMAN &amp; CO.\"},\"image\":{\"@id\":\"https:\/\/lackman.com.br\/#\/schema\/logo\/image\/\"}},{\"@type\":\"Person\",\"@id\":\"https:\/\/lackman.com.br\/#\/schema\/person\/8a2355f699593d21d4f0d25b69db5747\",\"name\":\"Gilberto Evangelista - Colunista\",\"image\":{\"@type\":\"ImageObject\",\"inLanguage\":\"pt-BR\",\"@id\":\"https:\/\/lackman.com.br\/#\/schema\/person\/image\/\",\"url\":\"https:\/\/secure.gravatar.com\/avatar\/cea9badf02f8a90f7a745f2cbea45fda61f65711ec015e2faf3809cca6337c28?s=96&d=mm&r=g\",\"contentUrl\":\"https:\/\/secure.gravatar.com\/avatar\/cea9badf02f8a90f7a745f2cbea45fda61f65711ec015e2faf3809cca6337c28?s=96&d=mm&r=g\",\"caption\":\"Gilberto Evangelista - Colunista\"},\"description\":\"Jornalista e globetrotter.\",\"url\":\"https:\/\/lackman.com.br\/index.php\/author\/gilberto-brito\/\"}]}<\/script>\n<!-- \/ Yoast SEO plugin. -->","yoast_head_json":{"title":"\u201cDe presente, o agora\u201d. Partiu CASACOR Bras\u00edlia 2024! - LACKMAN &amp; CO.","robots":{"index":"index","follow":"follow","max-snippet":"max-snippet:-1","max-image-preview":"max-image-preview:large","max-video-preview":"max-video-preview:-1"},"canonical":"https:\/\/lackman.com.br\/index.php\/2024\/08\/13\/de-presente-o-agora-partiu-casacor-brasilia-2024\/","og_locale":"pt_BR","og_type":"article","og_title":"\u201cDe presente, o agora\u201d. Partiu CASACOR Bras\u00edlia 2024! - LACKMAN &amp; CO.","og_description":"A 32\u00aa edi\u00e7\u00e3o da mostra evidencia o talento dos profissionais participantes e prop\u00f5e um olhar sustent\u00e1vel e ancestral como legado para as futuras gera\u00e7\u00f5es &nbsp; A CASACOR Bras\u00edlia acontece de 15 de agosto a 16 de outubro pela terceira vez consecutiva na Arena BRB Man\u00e9 Garrincha, um dos s\u00edmbolos arquitet\u00f4nicos da Cidade. A 32\u00aa edi\u00e7\u00e3o da mostra apresenta 43 ambientes assinados por 71 profissionais inspirados no tema da CASACOR 2024: \u201cDe presente, o agora\u201d. Ele prop\u00f5e um resgate da ancestralidade para o presente e o futuro e faz um convite \u00e0 reflex\u00e3o sobre o legado que o planeta quer deixar para as gera\u00e7\u00f5es futuras. Claro que a coluna #PERAMBULANDO foi l\u00e1 conferir em primeira m\u00e3o e preparou um spoiler bem bacana. Quer ver? Clique aqui! Essa edi\u00e7\u00e3o traz muitas novidades para o p\u00fablico, a exemplo de galerias de arte e opera\u00e7\u00f5es gastron\u00f4micas assinadas por tr\u00eas chefs renomados: o dinamarqu\u00eas Simon Lau, o franc\u00eas Guillaume Petitgas e o brasiliense Thiago Paraiso. O funcionamento da mostra \u00e9 de ter\u00e7a a domingo e oferece acessibilidade total, incluindo para portadores de defici\u00eancia visual e auditiva. \u201cO tema deste ano da CASACOR Bras\u00edlia \u00e9 um convite para que todos possam refletir sobre as decis\u00f5es do dia a dia, j\u00e1 que para vislumbrar o futuro, precisamos de uma sociedade consciente no presente. Acreditamos ser nosso papel, enquanto mostra, propor um setor que tenha um olhar de valoriza\u00e7\u00e3o das ra\u00edzes e mais sustent\u00e1vel, associado \u00e0s transforma\u00e7\u00f5es que acontecem no mundo\u201d, afirmam as organizadoras da CASACOR Bras\u00edlia, Eliane Martins, Moema Le\u00e3o e Sheila Podest\u00e1. A edi\u00e7\u00e3o de 2024 ocupa dois pavimentos de uma \u00e1rea de 7 mil e 600 m\u00b2 em uma configura\u00e7\u00e3o in\u00e9dita, com vista para o campo da Arena, palco de jogos de futebol e shows internacionais, e para o Eixo Monumental de Bras\u00edlia. S\u00e3o mais de 100 empresas patrocinadoras e apoiadoras participantes, reafirmando a caracter\u00edstica de renova\u00e7\u00e3o da mostra a cada ano. Entre os arquitetos, urbanistas, designers e paisagistas do elenco desta edi\u00e7\u00e3o, 20 estar\u00e3o pela primeira vez apresentando projetos inovadores. Nomes renomados da \u00e1rea tamb\u00e9m retornam \u00e0 mostra, ressaltando a import\u00e2ncia em valorizar os que vieram antes e s\u00e3o refer\u00eancia para as novas gera\u00e7\u00f5es. Elenco Entre os veteranos, est\u00e3o de volta Wall\u00e9ria Teixeira e Ney Lima (Adega) e Miguel Gustavo (Loft Ancestral) que acumulam 26 e 22 participa\u00e7\u00f5es, respectivamente. O escrit\u00f3rio de Larissa Dias (Tempo Sagrado) chega \u00e0 15\u00aa participa\u00e7\u00e3o, enquanto M\u00e1rcio Correa (Meu Ryokan), da Minim Arquitetura, completa 10 participa\u00e7\u00f5es na CASACOR Bras\u00edlia 2024. J\u00e1 entre os novatos, a lista \u00e9 grande. S\u00e3o eles: Daiany Gimenes (Origem &#8211; M\u00e3os na Terra), Juliana Castro (Galeria, em parceria com D\u00e9bora Bardales, em sua segunda participa\u00e7\u00e3o), Mariana Leal (Morada 11.11), Glauter Suassuna Diniz (Olhar de Isadora por Espectro Oftalmologia), Alessandra Oliveira (Consult\u00f3rio do Cirurgi\u00e3o Pl\u00e1stico), Lucas Machado (Ref\u00fagio Rio Quente Resorts), Eliene Lucindo (Espa\u00e7o Encontro), Maria Carolina Feitoza (Joalheria, em parceria com Angela Feitoza, que acumula a quarta participa\u00e7\u00e3o), Arielle Martins (Pra\u00e7a do Mural Sonho de um Ver\u00e3o); as duplas Chris Arantes e Leandro Naya (Studio Steel), Isadora Burjack e J\u00falia Fonseca (Lavabo Pausa), Anast\u00e1cia Hersen e Matheus Mendes (Loft Alimento do Corpo, da Mente e da Alma), Gabriela Schinzel e Agustin Roca (Oja Bar); e o trio Jonanthan Bispo, Mateus Suzart e Ot\u00e1vio de Souza (Escrit\u00f3rio Espa\u00e7o Y). Este ano, o tema da CASACOR \u00e9 \u201cDe presente, o agora\u201d, conceito norteador dos projetos para os 43 ambientes. Diante da premissa de que seremos ancestrais de futuras sociedades, a mais completa mostra de arquitetura, arte, design e paisagismo da Am\u00e9rica Latina apresenta espa\u00e7os comprometidos com a cria\u00e7\u00e3o de mem\u00f3rias afetivas, com o acolhimento do visitante e com as constru\u00e7\u00f5es sustent\u00e1veis. Nos ambientes, destacam-se o uso de materiais naturais e ecol\u00f3gicos e de pe\u00e7as artesanais, e da presen\u00e7a de obras de arte e de mobili\u00e1rios de designers renomados \u2013 principalmente de Bras\u00edlia \u2013, trazendo um senso de pertencimento ao espectador. Novas tend\u00eancias tamb\u00e9m aparecem numa mistura equilibrada entre o contempor\u00e2neo e o cl\u00e1ssico. A arte e o design brasiliense evidenciados Confirmando a for\u00e7a de Bras\u00edlia como inspira\u00e7\u00e3o, elementos do quadradinho tem espa\u00e7o na mostra. \u00c9 o caso do ambiente da On Arquitetura, desenvolvido por Luciana Canalli, o Restaurante CUCAN, que conta com elementos simb\u00f3licos brasilienses: os cobog\u00f3s, os azulejos e os pilotis. Desenvolvido em parceria com o movimento Bras\u00edlia Design Week (BDW), o espa\u00e7o celebra o designer brasiliense com todo o mobili\u00e1rio e as obras de artes de profissionais candangos, num resgate da hist\u00f3ria da cidade. As refer\u00eancias \u00e0 capital tamb\u00e9m aparecem na Pra\u00e7a do Mural Sonho de um Ver\u00e3o assinada pela designer e ilustradora Arielle Martins, que pintou esp\u00e9cies nativas do Cerrado, como baba\u00e7u, jatob\u00e1 e buriti em um grande painel pintado exclusivamente para a mostra. A presen\u00e7a da artista pl\u00e1stica \u00e9 outra grande inova\u00e7\u00e3o da 32\u00aa edi\u00e7\u00e3o, que, este ano, abra\u00e7a de vez a for\u00e7a das obras de artes. Praticamente todos os ambientes abriram espa\u00e7o para quadros, pinturas, esculturas e outras obras art\u00edsticas na composi\u00e7\u00e3o da decora\u00e7\u00e3o. Uma galeria pr\u00f3pria, onde os quadros ficam expostos em blocos suspensos, foi criada dentro da mostra no projeto da dupla D\u00e9bora Bardales e Juliana Castro. No local est\u00e1 exposto inicialmente o acervo cedido pela Refer\u00eancia Galeria. No come\u00e7o de setembro ser\u00e1 a vez da Expoarte e na sequ\u00eancia a Cerrado Galeria. O projeto do escrit\u00f3rio Olzi Arquitetura, de Ana Lu\u00edsa Zinato e Juliana Oliveira, batizado de Le Jardin, tamb\u00e9m reproduz uma galeria, essa com obras exclusivas da cole\u00e7\u00e3o de flores de Bella Salvati. O ambiente de Mariana Leal, o Morada 11.11, \u00e9 uma casa-galeria com as obras do renomado artista sergipano radicado na Bahia, Jenner Augusto, tio-av\u00f4 da arquiteta. Em uma parede do ambiente est\u00e3o apenas obras raras do pintor. O espa\u00e7o de Renata Ciccarini, Com Viver, escolheu a inclus\u00e3o de obras de arte da Cerrado Galeria como um elemento de sofistica\u00e7\u00e3o e eleg\u00e2ncia ao projeto. Reafirmando o compromisso com a dissemina\u00e7\u00e3o da arte, a CASACOR ter\u00e1 um espa\u00e7o destinado \u00e0 exposi\u00e7\u00e3o \u201cRetratos: Um grito por consci\u00eancia\u201d, projeto com fotografias em preto e branco captadas no ambiente","og_url":"https:\/\/lackman.com.br\/index.php\/2024\/08\/13\/de-presente-o-agora-partiu-casacor-brasilia-2024\/","og_site_name":"LACKMAN &amp; CO.","article_published_time":"2024-08-13T22:27:21+00:00","article_modified_time":"2024-08-14T03:07:03+00:00","og_image":[{"width":1611,"height":1074,"url":"http:\/\/lackman.com.br\/wp-content\/uploads\/2024\/08\/LarissaDiasArquitetura-TempoSagrado-EdgardCesar-06.jpg","type":"image\/jpeg"}],"author":"Gilberto Evangelista - Colunista","twitter_card":"summary_large_image","twitter_misc":{"Escrito por":"Gilberto Evangelista - Colunista","Est. tempo de leitura":"14 minutos"},"schema":{"@context":"https:\/\/schema.org","@graph":[{"@type":"Article","@id":"https:\/\/lackman.com.br\/index.php\/2024\/08\/13\/de-presente-o-agora-partiu-casacor-brasilia-2024\/#article","isPartOf":{"@id":"https:\/\/lackman.com.br\/index.php\/2024\/08\/13\/de-presente-o-agora-partiu-casacor-brasilia-2024\/"},"author":{"name":"Gilberto Evangelista - Colunista","@id":"https:\/\/lackman.com.br\/#\/schema\/person\/8a2355f699593d21d4f0d25b69db5747"},"headline":"\u201cDe presente, o agora\u201d. Partiu CASACOR Bras\u00edlia 2024!","datePublished":"2024-08-13T22:27:21+00:00","dateModified":"2024-08-14T03:07:03+00:00","mainEntityOfPage":{"@id":"https:\/\/lackman.com.br\/index.php\/2024\/08\/13\/de-presente-o-agora-partiu-casacor-brasilia-2024\/"},"wordCount":2027,"publisher":{"@id":"https:\/\/lackman.com.br\/#organization"},"image":{"@id":"https:\/\/lackman.com.br\/index.php\/2024\/08\/13\/de-presente-o-agora-partiu-casacor-brasilia-2024\/#primaryimage"},"thumbnailUrl":"https:\/\/lackman.com.br\/wp-content\/uploads\/2024\/08\/LarissaDiasArquitetura-TempoSagrado-EdgardCesar-06.jpg","keywords":["CASACOR Brasilia 2024"],"articleSection":["Perambulando","Vida"],"inLanguage":"pt-BR"},{"@type":"WebPage","@id":"https:\/\/lackman.com.br\/index.php\/2024\/08\/13\/de-presente-o-agora-partiu-casacor-brasilia-2024\/","url":"https:\/\/lackman.com.br\/index.php\/2024\/08\/13\/de-presente-o-agora-partiu-casacor-brasilia-2024\/","name":"\u201cDe presente, o agora\u201d. Partiu CASACOR Bras\u00edlia 2024! - LACKMAN &amp; CO.","isPartOf":{"@id":"https:\/\/lackman.com.br\/#website"},"primaryImageOfPage":{"@id":"https:\/\/lackman.com.br\/index.php\/2024\/08\/13\/de-presente-o-agora-partiu-casacor-brasilia-2024\/#primaryimage"},"image":{"@id":"https:\/\/lackman.com.br\/index.php\/2024\/08\/13\/de-presente-o-agora-partiu-casacor-brasilia-2024\/#primaryimage"},"thumbnailUrl":"https:\/\/lackman.com.br\/wp-content\/uploads\/2024\/08\/LarissaDiasArquitetura-TempoSagrado-EdgardCesar-06.jpg","datePublished":"2024-08-13T22:27:21+00:00","dateModified":"2024-08-14T03:07:03+00:00","breadcrumb":{"@id":"https:\/\/lackman.com.br\/index.php\/2024\/08\/13\/de-presente-o-agora-partiu-casacor-brasilia-2024\/#breadcrumb"},"inLanguage":"pt-BR","potentialAction":[{"@type":"ReadAction","target":["https:\/\/lackman.com.br\/index.php\/2024\/08\/13\/de-presente-o-agora-partiu-casacor-brasilia-2024\/"]}]},{"@type":"ImageObject","inLanguage":"pt-BR","@id":"https:\/\/lackman.com.br\/index.php\/2024\/08\/13\/de-presente-o-agora-partiu-casacor-brasilia-2024\/#primaryimage","url":"https:\/\/lackman.com.br\/wp-content\/uploads\/2024\/08\/LarissaDiasArquitetura-TempoSagrado-EdgardCesar-06.jpg","contentUrl":"https:\/\/lackman.com.br\/wp-content\/uploads\/2024\/08\/LarissaDiasArquitetura-TempoSagrado-EdgardCesar-06.jpg","width":1611,"height":1074},{"@type":"BreadcrumbList","@id":"https:\/\/lackman.com.br\/index.php\/2024\/08\/13\/de-presente-o-agora-partiu-casacor-brasilia-2024\/#breadcrumb","itemListElement":[{"@type":"ListItem","position":1,"name":"In\u00edcio","item":"https:\/\/lackman.com.br\/"},{"@type":"ListItem","position":2,"name":"\u201cDe presente, o agora\u201d. Partiu CASACOR Bras\u00edlia 2024!"}]},{"@type":"WebSite","@id":"https:\/\/lackman.com.br\/#website","url":"https:\/\/lackman.com.br\/","name":"LACKMAN &amp; CO.","description":"VIDA | MODA | ARTE","publisher":{"@id":"https:\/\/lackman.com.br\/#organization"},"potentialAction":[{"@type":"SearchAction","target":{"@type":"EntryPoint","urlTemplate":"https:\/\/lackman.com.br\/?s={search_term_string}"},"query-input":{"@type":"PropertyValueSpecification","valueRequired":true,"valueName":"search_term_string"}}],"inLanguage":"pt-BR"},{"@type":"Organization","@id":"https:\/\/lackman.com.br\/#organization","name":"LACKMAN &amp; CO.","url":"https:\/\/lackman.com.br\/","logo":{"@type":"ImageObject","inLanguage":"pt-BR","@id":"https:\/\/lackman.com.br\/#\/schema\/logo\/image\/","url":"https:\/\/lackman.com.br\/wp-content\/uploads\/2023\/06\/Logotipo_preto-1.png","contentUrl":"https:\/\/lackman.com.br\/wp-content\/uploads\/2023\/06\/Logotipo_preto-1.png","width":739,"height":393,"caption":"LACKMAN &amp; CO."},"image":{"@id":"https:\/\/lackman.com.br\/#\/schema\/logo\/image\/"}},{"@type":"Person","@id":"https:\/\/lackman.com.br\/#\/schema\/person\/8a2355f699593d21d4f0d25b69db5747","name":"Gilberto Evangelista - Colunista","image":{"@type":"ImageObject","inLanguage":"pt-BR","@id":"https:\/\/lackman.com.br\/#\/schema\/person\/image\/","url":"https:\/\/secure.gravatar.com\/avatar\/cea9badf02f8a90f7a745f2cbea45fda61f65711ec015e2faf3809cca6337c28?s=96&d=mm&r=g","contentUrl":"https:\/\/secure.gravatar.com\/avatar\/cea9badf02f8a90f7a745f2cbea45fda61f65711ec015e2faf3809cca6337c28?s=96&d=mm&r=g","caption":"Gilberto Evangelista - Colunista"},"description":"Jornalista e globetrotter.","url":"https:\/\/lackman.com.br\/index.php\/author\/gilberto-brito\/"}]}},"rttpg_featured_image_url":{"full":["https:\/\/lackman.com.br\/wp-content\/uploads\/2024\/08\/LarissaDiasArquitetura-TempoSagrado-EdgardCesar-06.jpg",1611,1074,false],"landscape":["https:\/\/lackman.com.br\/wp-content\/uploads\/2024\/08\/LarissaDiasArquitetura-TempoSagrado-EdgardCesar-06.jpg",1611,1074,false],"portraits":["https:\/\/lackman.com.br\/wp-content\/uploads\/2024\/08\/LarissaDiasArquitetura-TempoSagrado-EdgardCesar-06.jpg",1611,1074,false],"thumbnail":["https:\/\/lackman.com.br\/wp-content\/uploads\/2024\/08\/LarissaDiasArquitetura-TempoSagrado-EdgardCesar-06-150x150.jpg",150,150,true],"medium":["https:\/\/lackman.com.br\/wp-content\/uploads\/2024\/08\/LarissaDiasArquitetura-TempoSagrado-EdgardCesar-06-300x200.jpg",300,200,true],"large":["https:\/\/lackman.com.br\/wp-content\/uploads\/2024\/08\/LarissaDiasArquitetura-TempoSagrado-EdgardCesar-06-1024x683.jpg",1024,683,true],"RoboGalleryMansoryImagesCenter":["https:\/\/lackman.com.br\/wp-content\/uploads\/2024\/08\/LarissaDiasArquitetura-TempoSagrado-EdgardCesar-06-600x1024.jpg",600,1024,true],"RoboGalleryPreload":["https:\/\/lackman.com.br\/wp-content\/uploads\/2024\/08\/LarissaDiasArquitetura-TempoSagrado-EdgardCesar-06.jpg",100,67,false],"1536x1536":["https:\/\/lackman.com.br\/wp-content\/uploads\/2024\/08\/LarissaDiasArquitetura-TempoSagrado-EdgardCesar-06-1536x1024.jpg",1536,1024,true],"2048x2048":["https:\/\/lackman.com.br\/wp-content\/uploads\/2024\/08\/LarissaDiasArquitetura-TempoSagrado-EdgardCesar-06.jpg",1611,1074,false]},"rttpg_author":{"display_name":"Gilberto Evangelista - Colunista","author_link":"https:\/\/lackman.com.br\/index.php\/author\/gilberto-brito\/"},"rttpg_comment":0,"rttpg_category":"<a href=\"https:\/\/lackman.com.br\/index.php\/category\/vida\/perambulando\/\" rel=\"category tag\">Perambulando<\/a> <a href=\"https:\/\/lackman.com.br\/index.php\/category\/vida\/\" rel=\"category tag\">Vida<\/a>","rttpg_excerpt":"A 32\u00aa edi\u00e7\u00e3o da mostra evidencia o talento dos profissionais participantes e prop\u00f5e um olhar sustent\u00e1vel e ancestral como legado para as futuras gera\u00e7\u00f5es &nbsp; A CASACOR Bras\u00edlia acontece de 15 de agosto a 16 de outubro pela terceira vez consecutiva na Arena BRB Man\u00e9 Garrincha, um dos s\u00edmbolos arquitet\u00f4nicos da Cidade. A 32\u00aa edi\u00e7\u00e3o&hellip;","_links":{"self":[{"href":"https:\/\/lackman.com.br\/index.php\/wp-json\/wp\/v2\/posts\/7451","targetHints":{"allow":["GET"]}}],"collection":[{"href":"https:\/\/lackman.com.br\/index.php\/wp-json\/wp\/v2\/posts"}],"about":[{"href":"https:\/\/lackman.com.br\/index.php\/wp-json\/wp\/v2\/types\/post"}],"author":[{"embeddable":true,"href":"https:\/\/lackman.com.br\/index.php\/wp-json\/wp\/v2\/users\/6"}],"replies":[{"embeddable":true,"href":"https:\/\/lackman.com.br\/index.php\/wp-json\/wp\/v2\/comments?post=7451"}],"version-history":[{"count":5,"href":"https:\/\/lackman.com.br\/index.php\/wp-json\/wp\/v2\/posts\/7451\/revisions"}],"predecessor-version":[{"id":7480,"href":"https:\/\/lackman.com.br\/index.php\/wp-json\/wp\/v2\/posts\/7451\/revisions\/7480"}],"wp:featuredmedia":[{"embeddable":true,"href":"https:\/\/lackman.com.br\/index.php\/wp-json\/wp\/v2\/media\/7452"}],"wp:attachment":[{"href":"https:\/\/lackman.com.br\/index.php\/wp-json\/wp\/v2\/media?parent=7451"}],"wp:term":[{"taxonomy":"category","embeddable":true,"href":"https:\/\/lackman.com.br\/index.php\/wp-json\/wp\/v2\/categories?post=7451"},{"taxonomy":"post_tag","embeddable":true,"href":"https:\/\/lackman.com.br\/index.php\/wp-json\/wp\/v2\/tags?post=7451"}],"curies":[{"name":"wp","href":"https:\/\/api.w.org\/{rel}","templated":true}]}}