{"id":7443,"date":"2024-08-12T09:21:39","date_gmt":"2024-08-12T12:21:39","guid":{"rendered":"https:\/\/lackman.com.br\/?p=7443"},"modified":"2024-08-12T09:31:53","modified_gmt":"2024-08-12T12:31:53","slug":"trofeu-da-abca-e-assinado-por-sanage","status":"publish","type":"post","link":"https:\/\/lackman.com.br\/index.php\/2024\/08\/12\/trofeu-da-abca-e-assinado-por-sanage\/","title":{"rendered":"Tr\u00f3feu da ABCA \u00e9 assinado por Sanag\u00ea"},"content":{"rendered":"<p style=\"text-align: justify\"><span style=\"font-size: 14.0pt\">A <strong>Associa\u00e7\u00e3o Brasileira dos Cr\u00edticos de Arte<\/strong> (ABCA) escolheu o artista pl\u00e1stico <strong>Sanag\u00ea<\/strong> para criar o trof\u00e9u do <strong>Pr\u00eamio ABCA 2023<\/strong>. O pr\u00eamio, que anualmente homenageia artistas e apoiadores das artes visuais no Brasil, contar\u00e1 com um trof\u00e9u concebido pela linguagem neoconcretista de Sanag\u00ea, que levou cinco meses para concluir a obra, que ser\u00e1 um s\u00edmbolo do reconhecimento aos principais nomes do cen\u00e1rio das artes visuais brasileiras.<\/span><\/p>\n<p style=\"text-align: justify\"><span style=\"font-size: 14.0pt\">O trof\u00e9u ser\u00e1 entregue aos vencedores no dia <strong>14 de agosto<\/strong>, em uma cerim\u00f4nia no SESC Vila Mariana, em S\u00e3o Paulo, onde Sanag\u00ea estar\u00e1 presente para participar da celebra\u00e7\u00e3o.<\/span><\/p>\n<p><img fetchpriority=\"high\" decoding=\"async\" class=\"aligncenter wp-image-7444 size-full\" src=\"http:\/\/lackman.com.br\/wp-content\/uploads\/2024\/08\/WhatsApp-Image-2024-08-12-at-09.17.41.jpeg\" alt=\"\" width=\"1001\" height=\"1280\" srcset=\"https:\/\/lackman.com.br\/wp-content\/uploads\/2024\/08\/WhatsApp-Image-2024-08-12-at-09.17.41.jpeg 1001w, https:\/\/lackman.com.br\/wp-content\/uploads\/2024\/08\/WhatsApp-Image-2024-08-12-at-09.17.41-235x300.jpeg 235w, https:\/\/lackman.com.br\/wp-content\/uploads\/2024\/08\/WhatsApp-Image-2024-08-12-at-09.17.41-801x1024.jpeg 801w, https:\/\/lackman.com.br\/wp-content\/uploads\/2024\/08\/WhatsApp-Image-2024-08-12-at-09.17.41-768x982.jpeg 768w\" sizes=\"(max-width: 1001px) 100vw, 1001px\" \/><\/p>\n<p style=\"text-align: justify\"><span style=\"font-size: 14.0pt\">Desde 1978, o Pr\u00eamio ABCA destaca <strong>cr\u00edticos, artistas, pesquisadores, curadores e personalidades<\/strong> que contribuem para o cen\u00e1rio das <strong>artes visuais no Brasil<\/strong>. Inicialmente, o pr\u00eamio abrangia apenas tr\u00eas categorias, mas ao longo dos anos, a premia\u00e7\u00e3o foi expandida, e atualmente contempla 18 pr\u00eamios em 13 categorias. Este ano, a premia\u00e7\u00e3o \u00e9 ainda mais significativa, porque marca os 75 anos de funda\u00e7\u00e3o da ABCA.<\/span><\/p>\n<p style=\"text-align: justify\">Siga: <a href=\"https:\/\/www.instagram.com\/artistasanage\/\">@artistasanage<\/a><\/p>\n","protected":false},"excerpt":{"rendered":"<p>A Associa\u00e7\u00e3o Brasileira dos Cr\u00edticos de Arte (ABCA) escolheu o artista pl\u00e1stico Sanag\u00ea para criar o trof\u00e9u do Pr\u00eamio ABCA 2023. O pr\u00eamio, que anualmente homenageia artistas e apoiadores das artes visuais no Brasil, contar\u00e1 com um trof\u00e9u concebido pela linguagem neoconcretista de Sanag\u00ea, que levou cinco meses para concluir a obra, que ser\u00e1 um s\u00edmbolo do reconhecimento aos principais nomes do cen\u00e1rio das artes visuais brasileiras. O trof\u00e9u ser\u00e1 entregue aos vencedores no dia 14 de agosto, em uma cerim\u00f4nia no SESC Vila Mariana, em S\u00e3o Paulo, onde Sanag\u00ea estar\u00e1 presente para participar da celebra\u00e7\u00e3o. Desde 1978, o Pr\u00eamio ABCA destaca cr\u00edticos, artistas, pesquisadores, curadores e personalidades que contribuem para o cen\u00e1rio das artes visuais no Brasil. Inicialmente, o pr\u00eamio abrangia apenas tr\u00eas categorias, mas ao longo dos anos, a premia\u00e7\u00e3o foi expandida, e atualmente contempla 18 pr\u00eamios em 13 categorias. Este ano, a premia\u00e7\u00e3o \u00e9 ainda mais significativa, porque marca os 75 anos de funda\u00e7\u00e3o da ABCA. Siga: @artistasanage<\/p>\n","protected":false},"author":6,"featured_media":7446,"comment_status":"closed","ping_status":"open","sticky":false,"template":"","format":"standard","meta":{"site-sidebar-layout":"default","site-content-layout":"","ast-site-content-layout":"default","site-content-style":"default","site-sidebar-style":"default","ast-global-header-display":"","ast-banner-title-visibility":"","ast-main-header-display":"","ast-hfb-above-header-display":"","ast-hfb-below-header-display":"","ast-hfb-mobile-header-display":"","site-post-title":"","ast-breadcrumbs-content":"","ast-featured-img":"","footer-sml-layout":"","ast-disable-related-posts":"","theme-transparent-header-meta":"default","adv-header-id-meta":"","stick-header-meta":"","header-above-stick-meta":"","header-main-stick-meta":"","header-below-stick-meta":"","astra-migrate-meta-layouts":"set","ast-page-background-enabled":"default","ast-page-background-meta":{"desktop":{"background-color":"","background-image":"","background-repeat":"repeat","background-position":"center center","background-size":"auto","background-attachment":"scroll","background-type":"","background-media":"","overlay-type":"","overlay-color":"","overlay-opacity":"","overlay-gradient":""},"tablet":{"background-color":"","background-image":"","background-repeat":"repeat","background-position":"center center","background-size":"auto","background-attachment":"scroll","background-type":"","background-media":"","overlay-type":"","overlay-color":"","overlay-opacity":"","overlay-gradient":""},"mobile":{"background-color":"","background-image":"","background-repeat":"repeat","background-position":"center center","background-size":"auto","background-attachment":"scroll","background-type":"","background-media":"","overlay-type":"","overlay-color":"","overlay-opacity":"","overlay-gradient":""}},"ast-content-background-meta":{"desktop":{"background-color":"var(--ast-global-color-5)","background-image":"","background-repeat":"repeat","background-position":"center center","background-size":"auto","background-attachment":"scroll","background-type":"","background-media":"","overlay-type":"","overlay-color":"","overlay-opacity":"","overlay-gradient":""},"tablet":{"background-color":"var(--ast-global-color-5)","background-image":"","background-repeat":"repeat","background-position":"center center","background-size":"auto","background-attachment":"scroll","background-type":"","background-media":"","overlay-type":"","overlay-color":"","overlay-opacity":"","overlay-gradient":""},"mobile":{"background-color":"var(--ast-global-color-5)","background-image":"","background-repeat":"repeat","background-position":"center center","background-size":"auto","background-attachment":"scroll","background-type":"","background-media":"","overlay-type":"","overlay-color":"","overlay-opacity":"","overlay-gradient":""}},"footnotes":""},"categories":[46,67],"tags":[1437,139,1438,658,427],"class_list":["post-7443","post","type-post","status-publish","format-standard","has-post-thumbnail","hentry","category-arte","category-design","tag-artista-sanage","tag-design","tag-premio-abca-2023","tag-sanage","tag-sao-paulo"],"yoast_head":"<!-- This site is optimized with the Yoast SEO plugin v27.0 - https:\/\/yoast.com\/product\/yoast-seo-wordpress\/ -->\n<title>Tr\u00f3feu da ABCA \u00e9 assinado por Sanag\u00ea - LACKMAN &amp; CO.<\/title>\n<meta name=\"robots\" content=\"index, follow, max-snippet:-1, max-image-preview:large, max-video-preview:-1\" \/>\n<link rel=\"canonical\" href=\"https:\/\/lackman.com.br\/index.php\/2024\/08\/12\/trofeu-da-abca-e-assinado-por-sanage\/\" \/>\n<meta property=\"og:locale\" content=\"pt_BR\" \/>\n<meta property=\"og:type\" content=\"article\" \/>\n<meta property=\"og:title\" content=\"Tr\u00f3feu da ABCA \u00e9 assinado por Sanag\u00ea - LACKMAN &amp; CO.\" \/>\n<meta property=\"og:description\" content=\"A Associa\u00e7\u00e3o Brasileira dos Cr\u00edticos de Arte (ABCA) escolheu o artista pl\u00e1stico Sanag\u00ea para criar o trof\u00e9u do Pr\u00eamio ABCA 2023. O pr\u00eamio, que anualmente homenageia artistas e apoiadores das artes visuais no Brasil, contar\u00e1 com um trof\u00e9u concebido pela linguagem neoconcretista de Sanag\u00ea, que levou cinco meses para concluir a obra, que ser\u00e1 um s\u00edmbolo do reconhecimento aos principais nomes do cen\u00e1rio das artes visuais brasileiras. O trof\u00e9u ser\u00e1 entregue aos vencedores no dia 14 de agosto, em uma cerim\u00f4nia no SESC Vila Mariana, em S\u00e3o Paulo, onde Sanag\u00ea estar\u00e1 presente para participar da celebra\u00e7\u00e3o. Desde 1978, o Pr\u00eamio ABCA destaca cr\u00edticos, artistas, pesquisadores, curadores e personalidades que contribuem para o cen\u00e1rio das artes visuais no Brasil. Inicialmente, o pr\u00eamio abrangia apenas tr\u00eas categorias, mas ao longo dos anos, a premia\u00e7\u00e3o foi expandida, e atualmente contempla 18 pr\u00eamios em 13 categorias. Este ano, a premia\u00e7\u00e3o \u00e9 ainda mais significativa, porque marca os 75 anos de funda\u00e7\u00e3o da ABCA. Siga: @artistasanage\" \/>\n<meta property=\"og:url\" content=\"https:\/\/lackman.com.br\/index.php\/2024\/08\/12\/trofeu-da-abca-e-assinado-por-sanage\/\" \/>\n<meta property=\"og:site_name\" content=\"LACKMAN &amp; CO.\" \/>\n<meta property=\"article:published_time\" content=\"2024-08-12T12:21:39+00:00\" \/>\n<meta property=\"article:modified_time\" content=\"2024-08-12T12:31:53+00:00\" \/>\n<meta property=\"og:image\" content=\"http:\/\/lackman.com.br\/wp-content\/uploads\/2024\/08\/Snapinsta.app_320931400_880577979806503_4199832536023422774_n_1080.jpg\" \/>\n\t<meta property=\"og:image:width\" content=\"1080\" \/>\n\t<meta property=\"og:image:height\" content=\"1080\" \/>\n\t<meta property=\"og:image:type\" content=\"image\/jpeg\" \/>\n<meta name=\"author\" content=\"Gilberto Evangelista - Colunista\" \/>\n<meta name=\"twitter:card\" content=\"summary_large_image\" \/>\n<meta name=\"twitter:label1\" content=\"Escrito por\" \/>\n\t<meta name=\"twitter:data1\" content=\"Gilberto Evangelista - Colunista\" \/>\n\t<meta name=\"twitter:label2\" content=\"Est. tempo de leitura\" \/>\n\t<meta name=\"twitter:data2\" content=\"2 minutos\" \/>\n<script type=\"application\/ld+json\" class=\"yoast-schema-graph\">{\"@context\":\"https:\/\/schema.org\",\"@graph\":[{\"@type\":\"Article\",\"@id\":\"https:\/\/lackman.com.br\/index.php\/2024\/08\/12\/trofeu-da-abca-e-assinado-por-sanage\/#article\",\"isPartOf\":{\"@id\":\"https:\/\/lackman.com.br\/index.php\/2024\/08\/12\/trofeu-da-abca-e-assinado-por-sanage\/\"},\"author\":{\"name\":\"Gilberto Evangelista - Colunista\",\"@id\":\"https:\/\/lackman.com.br\/#\/schema\/person\/8a2355f699593d21d4f0d25b69db5747\"},\"headline\":\"Tr\u00f3feu da ABCA \u00e9 assinado por Sanag\u00ea\",\"datePublished\":\"2024-08-12T12:21:39+00:00\",\"dateModified\":\"2024-08-12T12:31:53+00:00\",\"mainEntityOfPage\":{\"@id\":\"https:\/\/lackman.com.br\/index.php\/2024\/08\/12\/trofeu-da-abca-e-assinado-por-sanage\/\"},\"wordCount\":183,\"publisher\":{\"@id\":\"https:\/\/lackman.com.br\/#organization\"},\"image\":{\"@id\":\"https:\/\/lackman.com.br\/index.php\/2024\/08\/12\/trofeu-da-abca-e-assinado-por-sanage\/#primaryimage\"},\"thumbnailUrl\":\"https:\/\/lackman.com.br\/wp-content\/uploads\/2024\/08\/Snapinsta.app_320931400_880577979806503_4199832536023422774_n_1080.jpg\",\"keywords\":[\"artista Sanag\u00ea\",\"Design\",\"Pr\u00eamio ABCA 2023\",\"Sanag\u00ea\",\"S\u00e3o Paulo\"],\"articleSection\":[\"Arte\",\"Design\"],\"inLanguage\":\"pt-BR\"},{\"@type\":\"WebPage\",\"@id\":\"https:\/\/lackman.com.br\/index.php\/2024\/08\/12\/trofeu-da-abca-e-assinado-por-sanage\/\",\"url\":\"https:\/\/lackman.com.br\/index.php\/2024\/08\/12\/trofeu-da-abca-e-assinado-por-sanage\/\",\"name\":\"Tr\u00f3feu da ABCA \u00e9 assinado por Sanag\u00ea - LACKMAN &amp; CO.\",\"isPartOf\":{\"@id\":\"https:\/\/lackman.com.br\/#website\"},\"primaryImageOfPage\":{\"@id\":\"https:\/\/lackman.com.br\/index.php\/2024\/08\/12\/trofeu-da-abca-e-assinado-por-sanage\/#primaryimage\"},\"image\":{\"@id\":\"https:\/\/lackman.com.br\/index.php\/2024\/08\/12\/trofeu-da-abca-e-assinado-por-sanage\/#primaryimage\"},\"thumbnailUrl\":\"https:\/\/lackman.com.br\/wp-content\/uploads\/2024\/08\/Snapinsta.app_320931400_880577979806503_4199832536023422774_n_1080.jpg\",\"datePublished\":\"2024-08-12T12:21:39+00:00\",\"dateModified\":\"2024-08-12T12:31:53+00:00\",\"breadcrumb\":{\"@id\":\"https:\/\/lackman.com.br\/index.php\/2024\/08\/12\/trofeu-da-abca-e-assinado-por-sanage\/#breadcrumb\"},\"inLanguage\":\"pt-BR\",\"potentialAction\":[{\"@type\":\"ReadAction\",\"target\":[\"https:\/\/lackman.com.br\/index.php\/2024\/08\/12\/trofeu-da-abca-e-assinado-por-sanage\/\"]}]},{\"@type\":\"ImageObject\",\"inLanguage\":\"pt-BR\",\"@id\":\"https:\/\/lackman.com.br\/index.php\/2024\/08\/12\/trofeu-da-abca-e-assinado-por-sanage\/#primaryimage\",\"url\":\"https:\/\/lackman.com.br\/wp-content\/uploads\/2024\/08\/Snapinsta.app_320931400_880577979806503_4199832536023422774_n_1080.jpg\",\"contentUrl\":\"https:\/\/lackman.com.br\/wp-content\/uploads\/2024\/08\/Snapinsta.app_320931400_880577979806503_4199832536023422774_n_1080.jpg\",\"width\":1080,\"height\":1080},{\"@type\":\"BreadcrumbList\",\"@id\":\"https:\/\/lackman.com.br\/index.php\/2024\/08\/12\/trofeu-da-abca-e-assinado-por-sanage\/#breadcrumb\",\"itemListElement\":[{\"@type\":\"ListItem\",\"position\":1,\"name\":\"In\u00edcio\",\"item\":\"https:\/\/lackman.com.br\/\"},{\"@type\":\"ListItem\",\"position\":2,\"name\":\"Tr\u00f3feu da ABCA \u00e9 assinado por Sanag\u00ea\"}]},{\"@type\":\"WebSite\",\"@id\":\"https:\/\/lackman.com.br\/#website\",\"url\":\"https:\/\/lackman.com.br\/\",\"name\":\"LACKMAN &amp; CO.\",\"description\":\"VIDA | MODA | ARTE\",\"publisher\":{\"@id\":\"https:\/\/lackman.com.br\/#organization\"},\"potentialAction\":[{\"@type\":\"SearchAction\",\"target\":{\"@type\":\"EntryPoint\",\"urlTemplate\":\"https:\/\/lackman.com.br\/?s={search_term_string}\"},\"query-input\":{\"@type\":\"PropertyValueSpecification\",\"valueRequired\":true,\"valueName\":\"search_term_string\"}}],\"inLanguage\":\"pt-BR\"},{\"@type\":\"Organization\",\"@id\":\"https:\/\/lackman.com.br\/#organization\",\"name\":\"LACKMAN &amp; CO.\",\"url\":\"https:\/\/lackman.com.br\/\",\"logo\":{\"@type\":\"ImageObject\",\"inLanguage\":\"pt-BR\",\"@id\":\"https:\/\/lackman.com.br\/#\/schema\/logo\/image\/\",\"url\":\"https:\/\/lackman.com.br\/wp-content\/uploads\/2023\/06\/Logotipo_preto-1.png\",\"contentUrl\":\"https:\/\/lackman.com.br\/wp-content\/uploads\/2023\/06\/Logotipo_preto-1.png\",\"width\":739,\"height\":393,\"caption\":\"LACKMAN &amp; CO.\"},\"image\":{\"@id\":\"https:\/\/lackman.com.br\/#\/schema\/logo\/image\/\"}},{\"@type\":\"Person\",\"@id\":\"https:\/\/lackman.com.br\/#\/schema\/person\/8a2355f699593d21d4f0d25b69db5747\",\"name\":\"Gilberto Evangelista - Colunista\",\"image\":{\"@type\":\"ImageObject\",\"inLanguage\":\"pt-BR\",\"@id\":\"https:\/\/lackman.com.br\/#\/schema\/person\/image\/\",\"url\":\"https:\/\/secure.gravatar.com\/avatar\/cea9badf02f8a90f7a745f2cbea45fda61f65711ec015e2faf3809cca6337c28?s=96&d=mm&r=g\",\"contentUrl\":\"https:\/\/secure.gravatar.com\/avatar\/cea9badf02f8a90f7a745f2cbea45fda61f65711ec015e2faf3809cca6337c28?s=96&d=mm&r=g\",\"caption\":\"Gilberto Evangelista - Colunista\"},\"description\":\"Jornalista e globetrotter.\",\"url\":\"https:\/\/lackman.com.br\/index.php\/author\/gilberto-brito\/\"}]}<\/script>\n<!-- \/ Yoast SEO plugin. -->","yoast_head_json":{"title":"Tr\u00f3feu da ABCA \u00e9 assinado por Sanag\u00ea - LACKMAN &amp; CO.","robots":{"index":"index","follow":"follow","max-snippet":"max-snippet:-1","max-image-preview":"max-image-preview:large","max-video-preview":"max-video-preview:-1"},"canonical":"https:\/\/lackman.com.br\/index.php\/2024\/08\/12\/trofeu-da-abca-e-assinado-por-sanage\/","og_locale":"pt_BR","og_type":"article","og_title":"Tr\u00f3feu da ABCA \u00e9 assinado por Sanag\u00ea - LACKMAN &amp; CO.","og_description":"A Associa\u00e7\u00e3o Brasileira dos Cr\u00edticos de Arte (ABCA) escolheu o artista pl\u00e1stico Sanag\u00ea para criar o trof\u00e9u do Pr\u00eamio ABCA 2023. O pr\u00eamio, que anualmente homenageia artistas e apoiadores das artes visuais no Brasil, contar\u00e1 com um trof\u00e9u concebido pela linguagem neoconcretista de Sanag\u00ea, que levou cinco meses para concluir a obra, que ser\u00e1 um s\u00edmbolo do reconhecimento aos principais nomes do cen\u00e1rio das artes visuais brasileiras. O trof\u00e9u ser\u00e1 entregue aos vencedores no dia 14 de agosto, em uma cerim\u00f4nia no SESC Vila Mariana, em S\u00e3o Paulo, onde Sanag\u00ea estar\u00e1 presente para participar da celebra\u00e7\u00e3o. Desde 1978, o Pr\u00eamio ABCA destaca cr\u00edticos, artistas, pesquisadores, curadores e personalidades que contribuem para o cen\u00e1rio das artes visuais no Brasil. Inicialmente, o pr\u00eamio abrangia apenas tr\u00eas categorias, mas ao longo dos anos, a premia\u00e7\u00e3o foi expandida, e atualmente contempla 18 pr\u00eamios em 13 categorias. Este ano, a premia\u00e7\u00e3o \u00e9 ainda mais significativa, porque marca os 75 anos de funda\u00e7\u00e3o da ABCA. Siga: @artistasanage","og_url":"https:\/\/lackman.com.br\/index.php\/2024\/08\/12\/trofeu-da-abca-e-assinado-por-sanage\/","og_site_name":"LACKMAN &amp; CO.","article_published_time":"2024-08-12T12:21:39+00:00","article_modified_time":"2024-08-12T12:31:53+00:00","og_image":[{"width":1080,"height":1080,"url":"http:\/\/lackman.com.br\/wp-content\/uploads\/2024\/08\/Snapinsta.app_320931400_880577979806503_4199832536023422774_n_1080.jpg","type":"image\/jpeg"}],"author":"Gilberto Evangelista - Colunista","twitter_card":"summary_large_image","twitter_misc":{"Escrito por":"Gilberto Evangelista - Colunista","Est. tempo de leitura":"2 minutos"},"schema":{"@context":"https:\/\/schema.org","@graph":[{"@type":"Article","@id":"https:\/\/lackman.com.br\/index.php\/2024\/08\/12\/trofeu-da-abca-e-assinado-por-sanage\/#article","isPartOf":{"@id":"https:\/\/lackman.com.br\/index.php\/2024\/08\/12\/trofeu-da-abca-e-assinado-por-sanage\/"},"author":{"name":"Gilberto Evangelista - Colunista","@id":"https:\/\/lackman.com.br\/#\/schema\/person\/8a2355f699593d21d4f0d25b69db5747"},"headline":"Tr\u00f3feu da ABCA \u00e9 assinado por Sanag\u00ea","datePublished":"2024-08-12T12:21:39+00:00","dateModified":"2024-08-12T12:31:53+00:00","mainEntityOfPage":{"@id":"https:\/\/lackman.com.br\/index.php\/2024\/08\/12\/trofeu-da-abca-e-assinado-por-sanage\/"},"wordCount":183,"publisher":{"@id":"https:\/\/lackman.com.br\/#organization"},"image":{"@id":"https:\/\/lackman.com.br\/index.php\/2024\/08\/12\/trofeu-da-abca-e-assinado-por-sanage\/#primaryimage"},"thumbnailUrl":"https:\/\/lackman.com.br\/wp-content\/uploads\/2024\/08\/Snapinsta.app_320931400_880577979806503_4199832536023422774_n_1080.jpg","keywords":["artista Sanag\u00ea","Design","Pr\u00eamio ABCA 2023","Sanag\u00ea","S\u00e3o Paulo"],"articleSection":["Arte","Design"],"inLanguage":"pt-BR"},{"@type":"WebPage","@id":"https:\/\/lackman.com.br\/index.php\/2024\/08\/12\/trofeu-da-abca-e-assinado-por-sanage\/","url":"https:\/\/lackman.com.br\/index.php\/2024\/08\/12\/trofeu-da-abca-e-assinado-por-sanage\/","name":"Tr\u00f3feu da ABCA \u00e9 assinado por Sanag\u00ea - LACKMAN &amp; CO.","isPartOf":{"@id":"https:\/\/lackman.com.br\/#website"},"primaryImageOfPage":{"@id":"https:\/\/lackman.com.br\/index.php\/2024\/08\/12\/trofeu-da-abca-e-assinado-por-sanage\/#primaryimage"},"image":{"@id":"https:\/\/lackman.com.br\/index.php\/2024\/08\/12\/trofeu-da-abca-e-assinado-por-sanage\/#primaryimage"},"thumbnailUrl":"https:\/\/lackman.com.br\/wp-content\/uploads\/2024\/08\/Snapinsta.app_320931400_880577979806503_4199832536023422774_n_1080.jpg","datePublished":"2024-08-12T12:21:39+00:00","dateModified":"2024-08-12T12:31:53+00:00","breadcrumb":{"@id":"https:\/\/lackman.com.br\/index.php\/2024\/08\/12\/trofeu-da-abca-e-assinado-por-sanage\/#breadcrumb"},"inLanguage":"pt-BR","potentialAction":[{"@type":"ReadAction","target":["https:\/\/lackman.com.br\/index.php\/2024\/08\/12\/trofeu-da-abca-e-assinado-por-sanage\/"]}]},{"@type":"ImageObject","inLanguage":"pt-BR","@id":"https:\/\/lackman.com.br\/index.php\/2024\/08\/12\/trofeu-da-abca-e-assinado-por-sanage\/#primaryimage","url":"https:\/\/lackman.com.br\/wp-content\/uploads\/2024\/08\/Snapinsta.app_320931400_880577979806503_4199832536023422774_n_1080.jpg","contentUrl":"https:\/\/lackman.com.br\/wp-content\/uploads\/2024\/08\/Snapinsta.app_320931400_880577979806503_4199832536023422774_n_1080.jpg","width":1080,"height":1080},{"@type":"BreadcrumbList","@id":"https:\/\/lackman.com.br\/index.php\/2024\/08\/12\/trofeu-da-abca-e-assinado-por-sanage\/#breadcrumb","itemListElement":[{"@type":"ListItem","position":1,"name":"In\u00edcio","item":"https:\/\/lackman.com.br\/"},{"@type":"ListItem","position":2,"name":"Tr\u00f3feu da ABCA \u00e9 assinado por Sanag\u00ea"}]},{"@type":"WebSite","@id":"https:\/\/lackman.com.br\/#website","url":"https:\/\/lackman.com.br\/","name":"LACKMAN &amp; CO.","description":"VIDA | MODA | ARTE","publisher":{"@id":"https:\/\/lackman.com.br\/#organization"},"potentialAction":[{"@type":"SearchAction","target":{"@type":"EntryPoint","urlTemplate":"https:\/\/lackman.com.br\/?s={search_term_string}"},"query-input":{"@type":"PropertyValueSpecification","valueRequired":true,"valueName":"search_term_string"}}],"inLanguage":"pt-BR"},{"@type":"Organization","@id":"https:\/\/lackman.com.br\/#organization","name":"LACKMAN &amp; CO.","url":"https:\/\/lackman.com.br\/","logo":{"@type":"ImageObject","inLanguage":"pt-BR","@id":"https:\/\/lackman.com.br\/#\/schema\/logo\/image\/","url":"https:\/\/lackman.com.br\/wp-content\/uploads\/2023\/06\/Logotipo_preto-1.png","contentUrl":"https:\/\/lackman.com.br\/wp-content\/uploads\/2023\/06\/Logotipo_preto-1.png","width":739,"height":393,"caption":"LACKMAN &amp; CO."},"image":{"@id":"https:\/\/lackman.com.br\/#\/schema\/logo\/image\/"}},{"@type":"Person","@id":"https:\/\/lackman.com.br\/#\/schema\/person\/8a2355f699593d21d4f0d25b69db5747","name":"Gilberto Evangelista - Colunista","image":{"@type":"ImageObject","inLanguage":"pt-BR","@id":"https:\/\/lackman.com.br\/#\/schema\/person\/image\/","url":"https:\/\/secure.gravatar.com\/avatar\/cea9badf02f8a90f7a745f2cbea45fda61f65711ec015e2faf3809cca6337c28?s=96&d=mm&r=g","contentUrl":"https:\/\/secure.gravatar.com\/avatar\/cea9badf02f8a90f7a745f2cbea45fda61f65711ec015e2faf3809cca6337c28?s=96&d=mm&r=g","caption":"Gilberto Evangelista - Colunista"},"description":"Jornalista e globetrotter.","url":"https:\/\/lackman.com.br\/index.php\/author\/gilberto-brito\/"}]}},"rttpg_featured_image_url":{"full":["https:\/\/lackman.com.br\/wp-content\/uploads\/2024\/08\/Snapinsta.app_320931400_880577979806503_4199832536023422774_n_1080.jpg",1080,1080,false],"landscape":["https:\/\/lackman.com.br\/wp-content\/uploads\/2024\/08\/Snapinsta.app_320931400_880577979806503_4199832536023422774_n_1080.jpg",1080,1080,false],"portraits":["https:\/\/lackman.com.br\/wp-content\/uploads\/2024\/08\/Snapinsta.app_320931400_880577979806503_4199832536023422774_n_1080.jpg",1080,1080,false],"thumbnail":["https:\/\/lackman.com.br\/wp-content\/uploads\/2024\/08\/Snapinsta.app_320931400_880577979806503_4199832536023422774_n_1080-150x150.jpg",150,150,true],"medium":["https:\/\/lackman.com.br\/wp-content\/uploads\/2024\/08\/Snapinsta.app_320931400_880577979806503_4199832536023422774_n_1080-300x300.jpg",300,300,true],"large":["https:\/\/lackman.com.br\/wp-content\/uploads\/2024\/08\/Snapinsta.app_320931400_880577979806503_4199832536023422774_n_1080-1024x1024.jpg",1024,1024,true],"RoboGalleryMansoryImagesCenter":["https:\/\/lackman.com.br\/wp-content\/uploads\/2024\/08\/Snapinsta.app_320931400_880577979806503_4199832536023422774_n_1080-600x1024.jpg",600,1024,true],"RoboGalleryPreload":["https:\/\/lackman.com.br\/wp-content\/uploads\/2024\/08\/Snapinsta.app_320931400_880577979806503_4199832536023422774_n_1080.jpg",100,100,false],"1536x1536":["https:\/\/lackman.com.br\/wp-content\/uploads\/2024\/08\/Snapinsta.app_320931400_880577979806503_4199832536023422774_n_1080.jpg",1080,1080,false],"2048x2048":["https:\/\/lackman.com.br\/wp-content\/uploads\/2024\/08\/Snapinsta.app_320931400_880577979806503_4199832536023422774_n_1080.jpg",1080,1080,false]},"rttpg_author":{"display_name":"Gilberto Evangelista - Colunista","author_link":"https:\/\/lackman.com.br\/index.php\/author\/gilberto-brito\/"},"rttpg_comment":0,"rttpg_category":"<a href=\"https:\/\/lackman.com.br\/index.php\/category\/arte\/\" rel=\"category tag\">Arte<\/a> <a href=\"https:\/\/lackman.com.br\/index.php\/category\/arte\/design\/\" rel=\"category tag\">Design<\/a>","rttpg_excerpt":"A Associa\u00e7\u00e3o Brasileira dos Cr\u00edticos de Arte (ABCA) escolheu o artista pl\u00e1stico Sanag\u00ea para criar o trof\u00e9u do Pr\u00eamio ABCA 2023. O pr\u00eamio, que anualmente homenageia artistas e apoiadores das artes visuais no Brasil, contar\u00e1 com um trof\u00e9u concebido pela linguagem neoconcretista de Sanag\u00ea, que levou cinco meses para concluir a obra, que ser\u00e1 um&hellip;","_links":{"self":[{"href":"https:\/\/lackman.com.br\/index.php\/wp-json\/wp\/v2\/posts\/7443","targetHints":{"allow":["GET"]}}],"collection":[{"href":"https:\/\/lackman.com.br\/index.php\/wp-json\/wp\/v2\/posts"}],"about":[{"href":"https:\/\/lackman.com.br\/index.php\/wp-json\/wp\/v2\/types\/post"}],"author":[{"embeddable":true,"href":"https:\/\/lackman.com.br\/index.php\/wp-json\/wp\/v2\/users\/6"}],"replies":[{"embeddable":true,"href":"https:\/\/lackman.com.br\/index.php\/wp-json\/wp\/v2\/comments?post=7443"}],"version-history":[{"count":3,"href":"https:\/\/lackman.com.br\/index.php\/wp-json\/wp\/v2\/posts\/7443\/revisions"}],"predecessor-version":[{"id":7448,"href":"https:\/\/lackman.com.br\/index.php\/wp-json\/wp\/v2\/posts\/7443\/revisions\/7448"}],"wp:featuredmedia":[{"embeddable":true,"href":"https:\/\/lackman.com.br\/index.php\/wp-json\/wp\/v2\/media\/7446"}],"wp:attachment":[{"href":"https:\/\/lackman.com.br\/index.php\/wp-json\/wp\/v2\/media?parent=7443"}],"wp:term":[{"taxonomy":"category","embeddable":true,"href":"https:\/\/lackman.com.br\/index.php\/wp-json\/wp\/v2\/categories?post=7443"},{"taxonomy":"post_tag","embeddable":true,"href":"https:\/\/lackman.com.br\/index.php\/wp-json\/wp\/v2\/tags?post=7443"}],"curies":[{"name":"wp","href":"https:\/\/api.w.org\/{rel}","templated":true}]}}