{"id":7326,"date":"2024-07-11T18:09:27","date_gmt":"2024-07-11T21:09:27","guid":{"rendered":"https:\/\/lackman.com.br\/?p=7326"},"modified":"2024-07-12T11:01:11","modified_gmt":"2024-07-12T14:01:11","slug":"festival-sinfonico-faz-ensaios-abertos-e-gratuitos-no-infinu","status":"publish","type":"post","link":"https:\/\/lackman.com.br\/index.php\/2024\/07\/11\/festival-sinfonico-faz-ensaios-abertos-e-gratuitos-no-infinu\/","title":{"rendered":"Festival Sinf\u00f4nico faz ensaios abertos e gratuitos no Infinu"},"content":{"rendered":"<p style=\"text-align: justify\"><em>FSV antecipa o que ser\u00e1 visto muito em breve com s\u00e9rie de ensaios no palco mais festejado da cena musical alternativa brasiliense<\/em><\/p>\n<p style=\"text-align: justify\">A <strong>5\u00aa edi\u00e7\u00e3o do Festival Sinf\u00f4nico <\/strong>est\u00e1 prestes a come\u00e7ar e traz consigo uma novidade que promete encantar os amantes da m\u00fasica: os <strong>Ensaios Abertos<\/strong> que ocupar\u00e3o o palco do espa\u00e7o cultural <strong>Infinu<\/strong>, localizado na CRS 506 (W3 Sul) durante as pr\u00f3ximas semanas. Realizado pela Orquestra Filarm\u00f4nica de Bras\u00edlia (OFB) e patroc\u00ednio master da Shell, essa ser\u00e1 uma experi\u00eancia \u00fanica para todo mundo sair <strong>#PERAMBULANDO<\/strong> entre diferentes estilos musicais. E a programa\u00e7\u00e3o j\u00e1 come\u00e7a com a banda <a href=\"https:\/\/www.instagram.com\/bandaheyjohnny\/\"><strong>Hey Johnny<\/strong><\/a> dividindo a cena com\u00a0 m\u00fasicos da Orquestra, no pr\u00f3ximo <strong>domingo (14)<\/strong>, a partir das <strong>16h<\/strong>, com <strong>ingressos gratuitos<\/strong> que j\u00e1 est\u00e3o dispon\u00edveis no <a href=\"https:\/\/www.sympla.com.br\/evento\/ensaios-abertos-do-festival-sinfonico-v\/2539971?referrer=www.google.com\"><strong>Sympla<\/strong><\/a>. E aten\u00e7\u00e3o para n\u00e3o ficar de fora, pois, o evento est\u00e1 sujeito \u00e0 lota\u00e7\u00e3o m\u00e1xima da \u00e1rea de shows.<\/p>\n<p style=\"text-align: justify\">Ao todo, ser\u00e3o sete Ensaios Abertos com a participa\u00e7\u00e3o de nove nomes da cena musical regional. Na sequ\u00eancia da banda Hey Jhoony, vir\u00e3o as apresenta\u00e7\u00f5es de <strong>Roberto Corr\u00eaa, Z\u00e9 Mulato e Cassiano<\/strong> em 23 de julho, \u00e0s 20h; <strong>P\u00e9 de Cerrado<\/strong> em 27 de julho, \u00e0s 20h; <strong>Murica<\/strong> em 28 de julho, \u00e0s 18h; <strong>Let\u00edcia Fialho<\/strong> em 30 de julho, \u00e0s 20h; <strong>Guaja<\/strong> e <strong>Seu Estrelo<\/strong> em 4 de agosto, \u00e0s 16h e 20h, respectivamente; e <strong>Violins<\/strong> (GO) em 6 de agosto, \u00e0s 20h.<\/p>\n<p style=\"text-align: justify\">&#8220;<em>Os Ensaios Abertos ser\u00e3o realizados antes dos grandes concertos do festival, oferecendo ao p\u00fablico a chance de acompanhar de perto o processo criativo e o trabalho \u00e1rduo dos m\u00fasicos. Al\u00e9m disso, \u00e9 o tipo de a\u00e7\u00e3o que vem para somar \u00e0 miss\u00e3o da Orquestra de ampliar o acesso e popularizar a m\u00fasica orquestrada<\/em>&#8220;, destaca o produtor-executivo do Festival Sinf\u00f4nico, <strong>Diogo Barros<\/strong>.<\/p>\n<p><img fetchpriority=\"high\" decoding=\"async\" class=\"aligncenter wp-image-7328 size-full\" src=\"http:\/\/lackman.com.br\/wp-content\/uploads\/2024\/07\/WhatsApp-Image-2024-07-10-at-17.40.47.jpeg\" alt=\"\" width=\"1080\" height=\"983\" srcset=\"https:\/\/lackman.com.br\/wp-content\/uploads\/2024\/07\/WhatsApp-Image-2024-07-10-at-17.40.47.jpeg 1080w, https:\/\/lackman.com.br\/wp-content\/uploads\/2024\/07\/WhatsApp-Image-2024-07-10-at-17.40.47-300x273.jpeg 300w, https:\/\/lackman.com.br\/wp-content\/uploads\/2024\/07\/WhatsApp-Image-2024-07-10-at-17.40.47-1024x932.jpeg 1024w, https:\/\/lackman.com.br\/wp-content\/uploads\/2024\/07\/WhatsApp-Image-2024-07-10-at-17.40.47-768x699.jpeg 768w\" sizes=\"(max-width: 1080px) 100vw, 1080px\" \/><\/p>\n<p style=\"text-align: justify\">Vale lembrar que, al\u00e9m de vivenciar os ensaios, o p\u00fablico poder\u00e1 aproveitar a atmosfera vibrante do Infinu, com DJs tocando m\u00fasica, restaurantes abertos e uma vida cultural pulsante tanto dentro quanto fora do espa\u00e7o. Essa combina\u00e7\u00e3o \u00fanica de m\u00fasica, arte e cultura promete criar uma experi\u00eancia inigual\u00e1vel para quem visitar o local.<\/p>\n<p style=\"text-align: justify\">O idealizador do Infinu, <strong>Miguel Brand\u00e3o<\/strong>, expressa seu entusiasmo com a parceria ao afirmar que esta &#8220;<em>\u00e9 uma grande oportunidade para o Infinu e o Picnik ajudarem a trazer a m\u00fasica cl\u00e1ssica para o foco da cidade atrav\u00e9s dessa mistura entre artistas alternativos e outros que j\u00e1 est\u00e3o no mainstream<\/em>&#8220;. Pioneiro das ocupa\u00e7\u00f5es urbanas em Bras\u00edlia, ele destaca o poder transformador que o Festival Sinf\u00f4nico \u00e9 capaz de causar na cena cultural do DF. &#8220;<em>\u00c9 muito positivo a Orquestra trazer uma ocupa\u00e7\u00e3o regular durante um m\u00eas, enchendo o local de artistas incr\u00edveis e integrando os pequenos palcos e vitrines da cidade, realizando os Ensaios Abertos aqui no Infinu. \u00c9 o in\u00edcio de um movimento bem f\u00e9rtil<\/em>&#8220;, comemora.<\/p>\n<p style=\"text-align: justify\">Em tempo, a 5\u00aa edi\u00e7\u00e3o do Festival Sinf\u00f4nico acontecer\u00e1 nos dias <strong>17, 24, 31 de agosto e 7 de setembro<\/strong>, na <strong>Concha Ac\u00fastica<\/strong>. Al\u00e9m das atra\u00e7\u00f5es locais, est\u00e3o confirmadas apresenta\u00e7\u00f5es de <strong>Lenine<\/strong> em 17 de agosto, <strong>Liniker<\/strong> em 24 de agosto, e <strong>Letrux<\/strong> e <strong>Fernanda Takai<\/strong> em 31 de agosto. O encerramento, em setembro, contar\u00e1 com a presen\u00e7a do gaitista brasiliense <strong>Gabriel Grossi<\/strong> e <strong>Edson Cordeiro<\/strong> em 7 de setembro. Trata-se de uma s\u00e9rie de shows imperd\u00edveis no FSV, como esta edi\u00e7\u00e3o est\u00e1 sendo carinhosamente chamada, uma iniciativa apresentada pela Lei de Incentivo \u00e0 Cultura e Shell, com patroc\u00ednio do Grupo Santa e apoio da Secretaria de Cultura e Economia Criativa do Governo do Distrito Federal, realizado pela AMABRA e pelo Minist\u00e9rio da Cultura e Governo Federal. Acompanhe tudo pelo <a href=\"https:\/\/www.instagram.com\/orquestrafilarmonicadebrasilia\/\">Instagram da OFB<\/a>.<\/p>\n<p><em><strong>Quem vai?\u00a0<\/strong><\/em><\/p>\n<p><em><strong>Ensaios Abertos da 5\u00aa edi\u00e7\u00e3o do Festival Sinf\u00f4nico<\/strong> com <strong>Hey Johnny<\/strong> \/ Infinu &#8211; 506 Sul, Bl. A, Lj 67\u00a0 \/ 14 de julho a 6 de agosto de 2024 \/ Entrada Franca \/ Ingressos pelo <a href=\"https:\/\/www.sympla.com.br\/evento\/ensaios-abertos-do-festival-sinfonico-v\/2539971?referrer=www.google.com\"><strong>Sympla<\/strong><\/a><\/em><\/p>\n","protected":false},"excerpt":{"rendered":"<p>FSV antecipa o que ser\u00e1 visto muito em breve com s\u00e9rie de ensaios no palco mais festejado da cena musical alternativa brasiliense A 5\u00aa edi\u00e7\u00e3o do Festival Sinf\u00f4nico est\u00e1 prestes a come\u00e7ar e traz consigo uma novidade que promete encantar os amantes da m\u00fasica: os Ensaios Abertos que ocupar\u00e3o o palco do espa\u00e7o cultural Infinu, localizado na CRS 506 (W3 Sul) durante as pr\u00f3ximas semanas. Realizado pela Orquestra Filarm\u00f4nica de Bras\u00edlia (OFB) e patroc\u00ednio master da Shell, essa ser\u00e1 uma experi\u00eancia \u00fanica para todo mundo sair #PERAMBULANDO entre diferentes estilos musicais. E a programa\u00e7\u00e3o j\u00e1 come\u00e7a com a banda Hey Johnny dividindo a cena com\u00a0 m\u00fasicos da Orquestra, no pr\u00f3ximo domingo (14), a partir das 16h, com ingressos gratuitos que j\u00e1 est\u00e3o dispon\u00edveis no Sympla. E aten\u00e7\u00e3o para n\u00e3o ficar de fora, pois, o evento est\u00e1 sujeito \u00e0 lota\u00e7\u00e3o m\u00e1xima da \u00e1rea de shows. Ao todo, ser\u00e3o sete Ensaios Abertos com a participa\u00e7\u00e3o de nove nomes da cena musical regional. Na sequ\u00eancia da banda Hey Jhoony, vir\u00e3o as apresenta\u00e7\u00f5es de Roberto Corr\u00eaa, Z\u00e9 Mulato e Cassiano em 23 de julho, \u00e0s 20h; P\u00e9 de Cerrado em 27 de julho, \u00e0s 20h; Murica em 28 de julho, \u00e0s 18h; Let\u00edcia Fialho em 30 de julho, \u00e0s 20h; Guaja e Seu Estrelo em 4 de agosto, \u00e0s 16h e 20h, respectivamente; e Violins (GO) em 6 de agosto, \u00e0s 20h. &#8220;Os Ensaios Abertos ser\u00e3o realizados antes dos grandes concertos do festival, oferecendo ao p\u00fablico a chance de acompanhar de perto o processo criativo e o trabalho \u00e1rduo dos m\u00fasicos. Al\u00e9m disso, \u00e9 o tipo de a\u00e7\u00e3o que vem para somar \u00e0 miss\u00e3o da Orquestra de ampliar o acesso e popularizar a m\u00fasica orquestrada&#8220;, destaca o produtor-executivo do Festival Sinf\u00f4nico, Diogo Barros. Vale lembrar que, al\u00e9m de vivenciar os ensaios, o p\u00fablico poder\u00e1 aproveitar a atmosfera vibrante do Infinu, com DJs tocando m\u00fasica, restaurantes abertos e uma vida cultural pulsante tanto dentro quanto fora do espa\u00e7o. Essa combina\u00e7\u00e3o \u00fanica de m\u00fasica, arte e cultura promete criar uma experi\u00eancia inigual\u00e1vel para quem visitar o local. O idealizador do Infinu, Miguel Brand\u00e3o, expressa seu entusiasmo com a parceria ao afirmar que esta &#8220;\u00e9 uma grande oportunidade para o Infinu e o Picnik ajudarem a trazer a m\u00fasica cl\u00e1ssica para o foco da cidade atrav\u00e9s dessa mistura entre artistas alternativos e outros que j\u00e1 est\u00e3o no mainstream&#8220;. Pioneiro das ocupa\u00e7\u00f5es urbanas em Bras\u00edlia, ele destaca o poder transformador que o Festival Sinf\u00f4nico \u00e9 capaz de causar na cena cultural do DF. &#8220;\u00c9 muito positivo a Orquestra trazer uma ocupa\u00e7\u00e3o regular durante um m\u00eas, enchendo o local de artistas incr\u00edveis e integrando os pequenos palcos e vitrines da cidade, realizando os Ensaios Abertos aqui no Infinu. \u00c9 o in\u00edcio de um movimento bem f\u00e9rtil&#8220;, comemora. Em tempo, a 5\u00aa edi\u00e7\u00e3o do Festival Sinf\u00f4nico acontecer\u00e1 nos dias 17, 24, 31 de agosto e 7 de setembro, na Concha Ac\u00fastica. Al\u00e9m das atra\u00e7\u00f5es locais, est\u00e3o confirmadas apresenta\u00e7\u00f5es de Lenine em 17 de agosto, Liniker em 24 de agosto, e Letrux e Fernanda Takai em 31 de agosto. O encerramento, em setembro, contar\u00e1 com a presen\u00e7a do gaitista brasiliense Gabriel Grossi e Edson Cordeiro em 7 de setembro. Trata-se de uma s\u00e9rie de shows imperd\u00edveis no FSV, como esta edi\u00e7\u00e3o est\u00e1 sendo carinhosamente chamada, uma iniciativa apresentada pela Lei de Incentivo \u00e0 Cultura e Shell, com patroc\u00ednio do Grupo Santa e apoio da Secretaria de Cultura e Economia Criativa do Governo do Distrito Federal, realizado pela AMABRA e pelo Minist\u00e9rio da Cultura e Governo Federal. Acompanhe tudo pelo Instagram da OFB. Quem vai?\u00a0 Ensaios Abertos da 5\u00aa edi\u00e7\u00e3o do Festival Sinf\u00f4nico com Hey Johnny \/ Infinu &#8211; 506 Sul, Bl. A, Lj 67\u00a0 \/ 14 de julho a 6 de agosto de 2024 \/ Entrada Franca \/ Ingressos pelo Sympla<\/p>\n","protected":false},"author":6,"featured_media":7329,"comment_status":"closed","ping_status":"open","sticky":false,"template":"","format":"standard","meta":{"site-sidebar-layout":"default","site-content-layout":"","ast-site-content-layout":"default","site-content-style":"default","site-sidebar-style":"default","ast-global-header-display":"","ast-banner-title-visibility":"","ast-main-header-display":"","ast-hfb-above-header-display":"","ast-hfb-below-header-display":"","ast-hfb-mobile-header-display":"","site-post-title":"","ast-breadcrumbs-content":"","ast-featured-img":"","footer-sml-layout":"","ast-disable-related-posts":"","theme-transparent-header-meta":"default","adv-header-id-meta":"","stick-header-meta":"","header-above-stick-meta":"","header-main-stick-meta":"","header-below-stick-meta":"","astra-migrate-meta-layouts":"set","ast-page-background-enabled":"default","ast-page-background-meta":{"desktop":{"background-color":"","background-image":"","background-repeat":"repeat","background-position":"center center","background-size":"auto","background-attachment":"scroll","background-type":"","background-media":"","overlay-type":"","overlay-color":"","overlay-opacity":"","overlay-gradient":""},"tablet":{"background-color":"","background-image":"","background-repeat":"repeat","background-position":"center center","background-size":"auto","background-attachment":"scroll","background-type":"","background-media":"","overlay-type":"","overlay-color":"","overlay-opacity":"","overlay-gradient":""},"mobile":{"background-color":"","background-image":"","background-repeat":"repeat","background-position":"center center","background-size":"auto","background-attachment":"scroll","background-type":"","background-media":"","overlay-type":"","overlay-color":"","overlay-opacity":"","overlay-gradient":""}},"ast-content-background-meta":{"desktop":{"background-color":"var(--ast-global-color-5)","background-image":"","background-repeat":"repeat","background-position":"center center","background-size":"auto","background-attachment":"scroll","background-type":"","background-media":"","overlay-type":"","overlay-color":"","overlay-opacity":"","overlay-gradient":""},"tablet":{"background-color":"var(--ast-global-color-5)","background-image":"","background-repeat":"repeat","background-position":"center center","background-size":"auto","background-attachment":"scroll","background-type":"","background-media":"","overlay-type":"","overlay-color":"","overlay-opacity":"","overlay-gradient":""},"mobile":{"background-color":"var(--ast-global-color-5)","background-image":"","background-repeat":"repeat","background-position":"center center","background-size":"auto","background-attachment":"scroll","background-type":"","background-media":"","overlay-type":"","overlay-color":"","overlay-opacity":"","overlay-gradient":""}},"footnotes":""},"categories":[46,47],"tags":[54,89,1374,1373,1370,1369,97,1372,110,1251,1371,1252],"class_list":["post-7326","post","type-post","status-publish","format-standard","has-post-thumbnail","hentry","category-arte","category-cultura-arte","tag-brasilia","tag-df","tag-ensaio","tag-ensaios-abertos","tag-festival-sinfonico","tag-festival-sinfonico-v","tag-infinu","tag-infinu-506-sul","tag-musica","tag-musica-classica","tag-orquestra-filarmonica-de-brasilia","tag-rockn-roll"],"yoast_head":"<!-- This site is optimized with the Yoast SEO plugin v27.0 - https:\/\/yoast.com\/product\/yoast-seo-wordpress\/ -->\n<title>Festival Sinf\u00f4nico faz ensaios abertos e gratuitos no Infinu - LACKMAN &amp; CO.<\/title>\n<meta name=\"robots\" content=\"index, follow, max-snippet:-1, max-image-preview:large, max-video-preview:-1\" \/>\n<link rel=\"canonical\" href=\"https:\/\/lackman.com.br\/index.php\/2024\/07\/11\/festival-sinfonico-faz-ensaios-abertos-e-gratuitos-no-infinu\/\" \/>\n<meta property=\"og:locale\" content=\"pt_BR\" \/>\n<meta property=\"og:type\" content=\"article\" \/>\n<meta property=\"og:title\" content=\"Festival Sinf\u00f4nico faz ensaios abertos e gratuitos no Infinu - LACKMAN &amp; CO.\" \/>\n<meta property=\"og:description\" content=\"FSV antecipa o que ser\u00e1 visto muito em breve com s\u00e9rie de ensaios no palco mais festejado da cena musical alternativa brasiliense A 5\u00aa edi\u00e7\u00e3o do Festival Sinf\u00f4nico est\u00e1 prestes a come\u00e7ar e traz consigo uma novidade que promete encantar os amantes da m\u00fasica: os Ensaios Abertos que ocupar\u00e3o o palco do espa\u00e7o cultural Infinu, localizado na CRS 506 (W3 Sul) durante as pr\u00f3ximas semanas. Realizado pela Orquestra Filarm\u00f4nica de Bras\u00edlia (OFB) e patroc\u00ednio master da Shell, essa ser\u00e1 uma experi\u00eancia \u00fanica para todo mundo sair #PERAMBULANDO entre diferentes estilos musicais. E a programa\u00e7\u00e3o j\u00e1 come\u00e7a com a banda Hey Johnny dividindo a cena com\u00a0 m\u00fasicos da Orquestra, no pr\u00f3ximo domingo (14), a partir das 16h, com ingressos gratuitos que j\u00e1 est\u00e3o dispon\u00edveis no Sympla. E aten\u00e7\u00e3o para n\u00e3o ficar de fora, pois, o evento est\u00e1 sujeito \u00e0 lota\u00e7\u00e3o m\u00e1xima da \u00e1rea de shows. Ao todo, ser\u00e3o sete Ensaios Abertos com a participa\u00e7\u00e3o de nove nomes da cena musical regional. Na sequ\u00eancia da banda Hey Jhoony, vir\u00e3o as apresenta\u00e7\u00f5es de Roberto Corr\u00eaa, Z\u00e9 Mulato e Cassiano em 23 de julho, \u00e0s 20h; P\u00e9 de Cerrado em 27 de julho, \u00e0s 20h; Murica em 28 de julho, \u00e0s 18h; Let\u00edcia Fialho em 30 de julho, \u00e0s 20h; Guaja e Seu Estrelo em 4 de agosto, \u00e0s 16h e 20h, respectivamente; e Violins (GO) em 6 de agosto, \u00e0s 20h. &#8220;Os Ensaios Abertos ser\u00e3o realizados antes dos grandes concertos do festival, oferecendo ao p\u00fablico a chance de acompanhar de perto o processo criativo e o trabalho \u00e1rduo dos m\u00fasicos. Al\u00e9m disso, \u00e9 o tipo de a\u00e7\u00e3o que vem para somar \u00e0 miss\u00e3o da Orquestra de ampliar o acesso e popularizar a m\u00fasica orquestrada&#8220;, destaca o produtor-executivo do Festival Sinf\u00f4nico, Diogo Barros. Vale lembrar que, al\u00e9m de vivenciar os ensaios, o p\u00fablico poder\u00e1 aproveitar a atmosfera vibrante do Infinu, com DJs tocando m\u00fasica, restaurantes abertos e uma vida cultural pulsante tanto dentro quanto fora do espa\u00e7o. Essa combina\u00e7\u00e3o \u00fanica de m\u00fasica, arte e cultura promete criar uma experi\u00eancia inigual\u00e1vel para quem visitar o local. O idealizador do Infinu, Miguel Brand\u00e3o, expressa seu entusiasmo com a parceria ao afirmar que esta &#8220;\u00e9 uma grande oportunidade para o Infinu e o Picnik ajudarem a trazer a m\u00fasica cl\u00e1ssica para o foco da cidade atrav\u00e9s dessa mistura entre artistas alternativos e outros que j\u00e1 est\u00e3o no mainstream&#8220;. Pioneiro das ocupa\u00e7\u00f5es urbanas em Bras\u00edlia, ele destaca o poder transformador que o Festival Sinf\u00f4nico \u00e9 capaz de causar na cena cultural do DF. &#8220;\u00c9 muito positivo a Orquestra trazer uma ocupa\u00e7\u00e3o regular durante um m\u00eas, enchendo o local de artistas incr\u00edveis e integrando os pequenos palcos e vitrines da cidade, realizando os Ensaios Abertos aqui no Infinu. \u00c9 o in\u00edcio de um movimento bem f\u00e9rtil&#8220;, comemora. Em tempo, a 5\u00aa edi\u00e7\u00e3o do Festival Sinf\u00f4nico acontecer\u00e1 nos dias 17, 24, 31 de agosto e 7 de setembro, na Concha Ac\u00fastica. Al\u00e9m das atra\u00e7\u00f5es locais, est\u00e3o confirmadas apresenta\u00e7\u00f5es de Lenine em 17 de agosto, Liniker em 24 de agosto, e Letrux e Fernanda Takai em 31 de agosto. O encerramento, em setembro, contar\u00e1 com a presen\u00e7a do gaitista brasiliense Gabriel Grossi e Edson Cordeiro em 7 de setembro. Trata-se de uma s\u00e9rie de shows imperd\u00edveis no FSV, como esta edi\u00e7\u00e3o est\u00e1 sendo carinhosamente chamada, uma iniciativa apresentada pela Lei de Incentivo \u00e0 Cultura e Shell, com patroc\u00ednio do Grupo Santa e apoio da Secretaria de Cultura e Economia Criativa do Governo do Distrito Federal, realizado pela AMABRA e pelo Minist\u00e9rio da Cultura e Governo Federal. Acompanhe tudo pelo Instagram da OFB. Quem vai?\u00a0 Ensaios Abertos da 5\u00aa edi\u00e7\u00e3o do Festival Sinf\u00f4nico com Hey Johnny \/ Infinu &#8211; 506 Sul, Bl. A, Lj 67\u00a0 \/ 14 de julho a 6 de agosto de 2024 \/ Entrada Franca \/ Ingressos pelo Sympla\" \/>\n<meta property=\"og:url\" content=\"https:\/\/lackman.com.br\/index.php\/2024\/07\/11\/festival-sinfonico-faz-ensaios-abertos-e-gratuitos-no-infinu\/\" \/>\n<meta property=\"og:site_name\" content=\"LACKMAN &amp; CO.\" \/>\n<meta property=\"article:published_time\" content=\"2024-07-11T21:09:27+00:00\" \/>\n<meta property=\"article:modified_time\" content=\"2024-07-12T14:01:11+00:00\" \/>\n<meta property=\"og:image\" content=\"http:\/\/lackman.com.br\/wp-content\/uploads\/2024\/07\/Joao-Daniel_Credito-Davi-Ricardo-29-scaled.jpg\" \/>\n\t<meta property=\"og:image:width\" content=\"2560\" \/>\n\t<meta property=\"og:image:height\" content=\"1707\" \/>\n\t<meta property=\"og:image:type\" content=\"image\/jpeg\" \/>\n<meta name=\"author\" content=\"Gilberto Evangelista - Colunista\" \/>\n<meta name=\"twitter:card\" content=\"summary_large_image\" \/>\n<meta name=\"twitter:label1\" content=\"Escrito por\" \/>\n\t<meta name=\"twitter:data1\" content=\"Gilberto Evangelista - Colunista\" \/>\n\t<meta name=\"twitter:label2\" content=\"Est. tempo de leitura\" \/>\n\t<meta name=\"twitter:data2\" content=\"4 minutos\" \/>\n<script type=\"application\/ld+json\" class=\"yoast-schema-graph\">{\"@context\":\"https:\/\/schema.org\",\"@graph\":[{\"@type\":\"Article\",\"@id\":\"https:\/\/lackman.com.br\/index.php\/2024\/07\/11\/festival-sinfonico-faz-ensaios-abertos-e-gratuitos-no-infinu\/#article\",\"isPartOf\":{\"@id\":\"https:\/\/lackman.com.br\/index.php\/2024\/07\/11\/festival-sinfonico-faz-ensaios-abertos-e-gratuitos-no-infinu\/\"},\"author\":{\"name\":\"Gilberto Evangelista - Colunista\",\"@id\":\"https:\/\/lackman.com.br\/#\/schema\/person\/8a2355f699593d21d4f0d25b69db5747\"},\"headline\":\"Festival Sinf\u00f4nico faz ensaios abertos e gratuitos no Infinu\",\"datePublished\":\"2024-07-11T21:09:27+00:00\",\"dateModified\":\"2024-07-12T14:01:11+00:00\",\"mainEntityOfPage\":{\"@id\":\"https:\/\/lackman.com.br\/index.php\/2024\/07\/11\/festival-sinfonico-faz-ensaios-abertos-e-gratuitos-no-infinu\/\"},\"wordCount\":677,\"publisher\":{\"@id\":\"https:\/\/lackman.com.br\/#organization\"},\"image\":{\"@id\":\"https:\/\/lackman.com.br\/index.php\/2024\/07\/11\/festival-sinfonico-faz-ensaios-abertos-e-gratuitos-no-infinu\/#primaryimage\"},\"thumbnailUrl\":\"https:\/\/lackman.com.br\/wp-content\/uploads\/2024\/07\/Joao-Daniel_Credito-Davi-Ricardo-29-scaled.jpg\",\"keywords\":[\"brasilia\",\"df\",\"ensaio\",\"Ensaios Abertos\",\"Festival Sinf\u00f4nico\",\"Festival Sinf\u00f4nico V\",\"Infinu\",\"Infinu 506 Sul\",\"m\u00fasica\",\"m\u00fasica cl\u00e1ssica\",\"Orquestra Filarm\u00f4nica de Bras\u00edlia\",\"rock'n roll\"],\"articleSection\":[\"Arte\",\"Cultura\"],\"inLanguage\":\"pt-BR\"},{\"@type\":\"WebPage\",\"@id\":\"https:\/\/lackman.com.br\/index.php\/2024\/07\/11\/festival-sinfonico-faz-ensaios-abertos-e-gratuitos-no-infinu\/\",\"url\":\"https:\/\/lackman.com.br\/index.php\/2024\/07\/11\/festival-sinfonico-faz-ensaios-abertos-e-gratuitos-no-infinu\/\",\"name\":\"Festival Sinf\u00f4nico faz ensaios abertos e gratuitos no Infinu - LACKMAN &amp; CO.\",\"isPartOf\":{\"@id\":\"https:\/\/lackman.com.br\/#website\"},\"primaryImageOfPage\":{\"@id\":\"https:\/\/lackman.com.br\/index.php\/2024\/07\/11\/festival-sinfonico-faz-ensaios-abertos-e-gratuitos-no-infinu\/#primaryimage\"},\"image\":{\"@id\":\"https:\/\/lackman.com.br\/index.php\/2024\/07\/11\/festival-sinfonico-faz-ensaios-abertos-e-gratuitos-no-infinu\/#primaryimage\"},\"thumbnailUrl\":\"https:\/\/lackman.com.br\/wp-content\/uploads\/2024\/07\/Joao-Daniel_Credito-Davi-Ricardo-29-scaled.jpg\",\"datePublished\":\"2024-07-11T21:09:27+00:00\",\"dateModified\":\"2024-07-12T14:01:11+00:00\",\"breadcrumb\":{\"@id\":\"https:\/\/lackman.com.br\/index.php\/2024\/07\/11\/festival-sinfonico-faz-ensaios-abertos-e-gratuitos-no-infinu\/#breadcrumb\"},\"inLanguage\":\"pt-BR\",\"potentialAction\":[{\"@type\":\"ReadAction\",\"target\":[\"https:\/\/lackman.com.br\/index.php\/2024\/07\/11\/festival-sinfonico-faz-ensaios-abertos-e-gratuitos-no-infinu\/\"]}]},{\"@type\":\"ImageObject\",\"inLanguage\":\"pt-BR\",\"@id\":\"https:\/\/lackman.com.br\/index.php\/2024\/07\/11\/festival-sinfonico-faz-ensaios-abertos-e-gratuitos-no-infinu\/#primaryimage\",\"url\":\"https:\/\/lackman.com.br\/wp-content\/uploads\/2024\/07\/Joao-Daniel_Credito-Davi-Ricardo-29-scaled.jpg\",\"contentUrl\":\"https:\/\/lackman.com.br\/wp-content\/uploads\/2024\/07\/Joao-Daniel_Credito-Davi-Ricardo-29-scaled.jpg\",\"width\":2560,\"height\":1707},{\"@type\":\"BreadcrumbList\",\"@id\":\"https:\/\/lackman.com.br\/index.php\/2024\/07\/11\/festival-sinfonico-faz-ensaios-abertos-e-gratuitos-no-infinu\/#breadcrumb\",\"itemListElement\":[{\"@type\":\"ListItem\",\"position\":1,\"name\":\"In\u00edcio\",\"item\":\"https:\/\/lackman.com.br\/\"},{\"@type\":\"ListItem\",\"position\":2,\"name\":\"Festival Sinf\u00f4nico faz ensaios abertos e gratuitos no Infinu\"}]},{\"@type\":\"WebSite\",\"@id\":\"https:\/\/lackman.com.br\/#website\",\"url\":\"https:\/\/lackman.com.br\/\",\"name\":\"LACKMAN &amp; CO.\",\"description\":\"VIDA | MODA | ARTE\",\"publisher\":{\"@id\":\"https:\/\/lackman.com.br\/#organization\"},\"potentialAction\":[{\"@type\":\"SearchAction\",\"target\":{\"@type\":\"EntryPoint\",\"urlTemplate\":\"https:\/\/lackman.com.br\/?s={search_term_string}\"},\"query-input\":{\"@type\":\"PropertyValueSpecification\",\"valueRequired\":true,\"valueName\":\"search_term_string\"}}],\"inLanguage\":\"pt-BR\"},{\"@type\":\"Organization\",\"@id\":\"https:\/\/lackman.com.br\/#organization\",\"name\":\"LACKMAN &amp; CO.\",\"url\":\"https:\/\/lackman.com.br\/\",\"logo\":{\"@type\":\"ImageObject\",\"inLanguage\":\"pt-BR\",\"@id\":\"https:\/\/lackman.com.br\/#\/schema\/logo\/image\/\",\"url\":\"https:\/\/lackman.com.br\/wp-content\/uploads\/2023\/06\/Logotipo_preto-1.png\",\"contentUrl\":\"https:\/\/lackman.com.br\/wp-content\/uploads\/2023\/06\/Logotipo_preto-1.png\",\"width\":739,\"height\":393,\"caption\":\"LACKMAN &amp; CO.\"},\"image\":{\"@id\":\"https:\/\/lackman.com.br\/#\/schema\/logo\/image\/\"}},{\"@type\":\"Person\",\"@id\":\"https:\/\/lackman.com.br\/#\/schema\/person\/8a2355f699593d21d4f0d25b69db5747\",\"name\":\"Gilberto Evangelista - Colunista\",\"image\":{\"@type\":\"ImageObject\",\"inLanguage\":\"pt-BR\",\"@id\":\"https:\/\/lackman.com.br\/#\/schema\/person\/image\/\",\"url\":\"https:\/\/secure.gravatar.com\/avatar\/cea9badf02f8a90f7a745f2cbea45fda61f65711ec015e2faf3809cca6337c28?s=96&d=mm&r=g\",\"contentUrl\":\"https:\/\/secure.gravatar.com\/avatar\/cea9badf02f8a90f7a745f2cbea45fda61f65711ec015e2faf3809cca6337c28?s=96&d=mm&r=g\",\"caption\":\"Gilberto Evangelista - Colunista\"},\"description\":\"Jornalista e globetrotter.\",\"url\":\"https:\/\/lackman.com.br\/index.php\/author\/gilberto-brito\/\"}]}<\/script>\n<!-- \/ Yoast SEO plugin. -->","yoast_head_json":{"title":"Festival Sinf\u00f4nico faz ensaios abertos e gratuitos no Infinu - LACKMAN &amp; CO.","robots":{"index":"index","follow":"follow","max-snippet":"max-snippet:-1","max-image-preview":"max-image-preview:large","max-video-preview":"max-video-preview:-1"},"canonical":"https:\/\/lackman.com.br\/index.php\/2024\/07\/11\/festival-sinfonico-faz-ensaios-abertos-e-gratuitos-no-infinu\/","og_locale":"pt_BR","og_type":"article","og_title":"Festival Sinf\u00f4nico faz ensaios abertos e gratuitos no Infinu - LACKMAN &amp; CO.","og_description":"FSV antecipa o que ser\u00e1 visto muito em breve com s\u00e9rie de ensaios no palco mais festejado da cena musical alternativa brasiliense A 5\u00aa edi\u00e7\u00e3o do Festival Sinf\u00f4nico est\u00e1 prestes a come\u00e7ar e traz consigo uma novidade que promete encantar os amantes da m\u00fasica: os Ensaios Abertos que ocupar\u00e3o o palco do espa\u00e7o cultural Infinu, localizado na CRS 506 (W3 Sul) durante as pr\u00f3ximas semanas. Realizado pela Orquestra Filarm\u00f4nica de Bras\u00edlia (OFB) e patroc\u00ednio master da Shell, essa ser\u00e1 uma experi\u00eancia \u00fanica para todo mundo sair #PERAMBULANDO entre diferentes estilos musicais. E a programa\u00e7\u00e3o j\u00e1 come\u00e7a com a banda Hey Johnny dividindo a cena com\u00a0 m\u00fasicos da Orquestra, no pr\u00f3ximo domingo (14), a partir das 16h, com ingressos gratuitos que j\u00e1 est\u00e3o dispon\u00edveis no Sympla. E aten\u00e7\u00e3o para n\u00e3o ficar de fora, pois, o evento est\u00e1 sujeito \u00e0 lota\u00e7\u00e3o m\u00e1xima da \u00e1rea de shows. Ao todo, ser\u00e3o sete Ensaios Abertos com a participa\u00e7\u00e3o de nove nomes da cena musical regional. Na sequ\u00eancia da banda Hey Jhoony, vir\u00e3o as apresenta\u00e7\u00f5es de Roberto Corr\u00eaa, Z\u00e9 Mulato e Cassiano em 23 de julho, \u00e0s 20h; P\u00e9 de Cerrado em 27 de julho, \u00e0s 20h; Murica em 28 de julho, \u00e0s 18h; Let\u00edcia Fialho em 30 de julho, \u00e0s 20h; Guaja e Seu Estrelo em 4 de agosto, \u00e0s 16h e 20h, respectivamente; e Violins (GO) em 6 de agosto, \u00e0s 20h. &#8220;Os Ensaios Abertos ser\u00e3o realizados antes dos grandes concertos do festival, oferecendo ao p\u00fablico a chance de acompanhar de perto o processo criativo e o trabalho \u00e1rduo dos m\u00fasicos. Al\u00e9m disso, \u00e9 o tipo de a\u00e7\u00e3o que vem para somar \u00e0 miss\u00e3o da Orquestra de ampliar o acesso e popularizar a m\u00fasica orquestrada&#8220;, destaca o produtor-executivo do Festival Sinf\u00f4nico, Diogo Barros. Vale lembrar que, al\u00e9m de vivenciar os ensaios, o p\u00fablico poder\u00e1 aproveitar a atmosfera vibrante do Infinu, com DJs tocando m\u00fasica, restaurantes abertos e uma vida cultural pulsante tanto dentro quanto fora do espa\u00e7o. Essa combina\u00e7\u00e3o \u00fanica de m\u00fasica, arte e cultura promete criar uma experi\u00eancia inigual\u00e1vel para quem visitar o local. O idealizador do Infinu, Miguel Brand\u00e3o, expressa seu entusiasmo com a parceria ao afirmar que esta &#8220;\u00e9 uma grande oportunidade para o Infinu e o Picnik ajudarem a trazer a m\u00fasica cl\u00e1ssica para o foco da cidade atrav\u00e9s dessa mistura entre artistas alternativos e outros que j\u00e1 est\u00e3o no mainstream&#8220;. Pioneiro das ocupa\u00e7\u00f5es urbanas em Bras\u00edlia, ele destaca o poder transformador que o Festival Sinf\u00f4nico \u00e9 capaz de causar na cena cultural do DF. &#8220;\u00c9 muito positivo a Orquestra trazer uma ocupa\u00e7\u00e3o regular durante um m\u00eas, enchendo o local de artistas incr\u00edveis e integrando os pequenos palcos e vitrines da cidade, realizando os Ensaios Abertos aqui no Infinu. \u00c9 o in\u00edcio de um movimento bem f\u00e9rtil&#8220;, comemora. Em tempo, a 5\u00aa edi\u00e7\u00e3o do Festival Sinf\u00f4nico acontecer\u00e1 nos dias 17, 24, 31 de agosto e 7 de setembro, na Concha Ac\u00fastica. Al\u00e9m das atra\u00e7\u00f5es locais, est\u00e3o confirmadas apresenta\u00e7\u00f5es de Lenine em 17 de agosto, Liniker em 24 de agosto, e Letrux e Fernanda Takai em 31 de agosto. O encerramento, em setembro, contar\u00e1 com a presen\u00e7a do gaitista brasiliense Gabriel Grossi e Edson Cordeiro em 7 de setembro. Trata-se de uma s\u00e9rie de shows imperd\u00edveis no FSV, como esta edi\u00e7\u00e3o est\u00e1 sendo carinhosamente chamada, uma iniciativa apresentada pela Lei de Incentivo \u00e0 Cultura e Shell, com patroc\u00ednio do Grupo Santa e apoio da Secretaria de Cultura e Economia Criativa do Governo do Distrito Federal, realizado pela AMABRA e pelo Minist\u00e9rio da Cultura e Governo Federal. Acompanhe tudo pelo Instagram da OFB. Quem vai?\u00a0 Ensaios Abertos da 5\u00aa edi\u00e7\u00e3o do Festival Sinf\u00f4nico com Hey Johnny \/ Infinu &#8211; 506 Sul, Bl. A, Lj 67\u00a0 \/ 14 de julho a 6 de agosto de 2024 \/ Entrada Franca \/ Ingressos pelo Sympla","og_url":"https:\/\/lackman.com.br\/index.php\/2024\/07\/11\/festival-sinfonico-faz-ensaios-abertos-e-gratuitos-no-infinu\/","og_site_name":"LACKMAN &amp; CO.","article_published_time":"2024-07-11T21:09:27+00:00","article_modified_time":"2024-07-12T14:01:11+00:00","og_image":[{"width":2560,"height":1707,"url":"http:\/\/lackman.com.br\/wp-content\/uploads\/2024\/07\/Joao-Daniel_Credito-Davi-Ricardo-29-scaled.jpg","type":"image\/jpeg"}],"author":"Gilberto Evangelista - Colunista","twitter_card":"summary_large_image","twitter_misc":{"Escrito por":"Gilberto Evangelista - Colunista","Est. tempo de leitura":"4 minutos"},"schema":{"@context":"https:\/\/schema.org","@graph":[{"@type":"Article","@id":"https:\/\/lackman.com.br\/index.php\/2024\/07\/11\/festival-sinfonico-faz-ensaios-abertos-e-gratuitos-no-infinu\/#article","isPartOf":{"@id":"https:\/\/lackman.com.br\/index.php\/2024\/07\/11\/festival-sinfonico-faz-ensaios-abertos-e-gratuitos-no-infinu\/"},"author":{"name":"Gilberto Evangelista - Colunista","@id":"https:\/\/lackman.com.br\/#\/schema\/person\/8a2355f699593d21d4f0d25b69db5747"},"headline":"Festival Sinf\u00f4nico faz ensaios abertos e gratuitos no Infinu","datePublished":"2024-07-11T21:09:27+00:00","dateModified":"2024-07-12T14:01:11+00:00","mainEntityOfPage":{"@id":"https:\/\/lackman.com.br\/index.php\/2024\/07\/11\/festival-sinfonico-faz-ensaios-abertos-e-gratuitos-no-infinu\/"},"wordCount":677,"publisher":{"@id":"https:\/\/lackman.com.br\/#organization"},"image":{"@id":"https:\/\/lackman.com.br\/index.php\/2024\/07\/11\/festival-sinfonico-faz-ensaios-abertos-e-gratuitos-no-infinu\/#primaryimage"},"thumbnailUrl":"https:\/\/lackman.com.br\/wp-content\/uploads\/2024\/07\/Joao-Daniel_Credito-Davi-Ricardo-29-scaled.jpg","keywords":["brasilia","df","ensaio","Ensaios Abertos","Festival Sinf\u00f4nico","Festival Sinf\u00f4nico V","Infinu","Infinu 506 Sul","m\u00fasica","m\u00fasica cl\u00e1ssica","Orquestra Filarm\u00f4nica de Bras\u00edlia","rock'n roll"],"articleSection":["Arte","Cultura"],"inLanguage":"pt-BR"},{"@type":"WebPage","@id":"https:\/\/lackman.com.br\/index.php\/2024\/07\/11\/festival-sinfonico-faz-ensaios-abertos-e-gratuitos-no-infinu\/","url":"https:\/\/lackman.com.br\/index.php\/2024\/07\/11\/festival-sinfonico-faz-ensaios-abertos-e-gratuitos-no-infinu\/","name":"Festival Sinf\u00f4nico faz ensaios abertos e gratuitos no Infinu - LACKMAN &amp; CO.","isPartOf":{"@id":"https:\/\/lackman.com.br\/#website"},"primaryImageOfPage":{"@id":"https:\/\/lackman.com.br\/index.php\/2024\/07\/11\/festival-sinfonico-faz-ensaios-abertos-e-gratuitos-no-infinu\/#primaryimage"},"image":{"@id":"https:\/\/lackman.com.br\/index.php\/2024\/07\/11\/festival-sinfonico-faz-ensaios-abertos-e-gratuitos-no-infinu\/#primaryimage"},"thumbnailUrl":"https:\/\/lackman.com.br\/wp-content\/uploads\/2024\/07\/Joao-Daniel_Credito-Davi-Ricardo-29-scaled.jpg","datePublished":"2024-07-11T21:09:27+00:00","dateModified":"2024-07-12T14:01:11+00:00","breadcrumb":{"@id":"https:\/\/lackman.com.br\/index.php\/2024\/07\/11\/festival-sinfonico-faz-ensaios-abertos-e-gratuitos-no-infinu\/#breadcrumb"},"inLanguage":"pt-BR","potentialAction":[{"@type":"ReadAction","target":["https:\/\/lackman.com.br\/index.php\/2024\/07\/11\/festival-sinfonico-faz-ensaios-abertos-e-gratuitos-no-infinu\/"]}]},{"@type":"ImageObject","inLanguage":"pt-BR","@id":"https:\/\/lackman.com.br\/index.php\/2024\/07\/11\/festival-sinfonico-faz-ensaios-abertos-e-gratuitos-no-infinu\/#primaryimage","url":"https:\/\/lackman.com.br\/wp-content\/uploads\/2024\/07\/Joao-Daniel_Credito-Davi-Ricardo-29-scaled.jpg","contentUrl":"https:\/\/lackman.com.br\/wp-content\/uploads\/2024\/07\/Joao-Daniel_Credito-Davi-Ricardo-29-scaled.jpg","width":2560,"height":1707},{"@type":"BreadcrumbList","@id":"https:\/\/lackman.com.br\/index.php\/2024\/07\/11\/festival-sinfonico-faz-ensaios-abertos-e-gratuitos-no-infinu\/#breadcrumb","itemListElement":[{"@type":"ListItem","position":1,"name":"In\u00edcio","item":"https:\/\/lackman.com.br\/"},{"@type":"ListItem","position":2,"name":"Festival Sinf\u00f4nico faz ensaios abertos e gratuitos no Infinu"}]},{"@type":"WebSite","@id":"https:\/\/lackman.com.br\/#website","url":"https:\/\/lackman.com.br\/","name":"LACKMAN &amp; CO.","description":"VIDA | MODA | ARTE","publisher":{"@id":"https:\/\/lackman.com.br\/#organization"},"potentialAction":[{"@type":"SearchAction","target":{"@type":"EntryPoint","urlTemplate":"https:\/\/lackman.com.br\/?s={search_term_string}"},"query-input":{"@type":"PropertyValueSpecification","valueRequired":true,"valueName":"search_term_string"}}],"inLanguage":"pt-BR"},{"@type":"Organization","@id":"https:\/\/lackman.com.br\/#organization","name":"LACKMAN &amp; CO.","url":"https:\/\/lackman.com.br\/","logo":{"@type":"ImageObject","inLanguage":"pt-BR","@id":"https:\/\/lackman.com.br\/#\/schema\/logo\/image\/","url":"https:\/\/lackman.com.br\/wp-content\/uploads\/2023\/06\/Logotipo_preto-1.png","contentUrl":"https:\/\/lackman.com.br\/wp-content\/uploads\/2023\/06\/Logotipo_preto-1.png","width":739,"height":393,"caption":"LACKMAN &amp; CO."},"image":{"@id":"https:\/\/lackman.com.br\/#\/schema\/logo\/image\/"}},{"@type":"Person","@id":"https:\/\/lackman.com.br\/#\/schema\/person\/8a2355f699593d21d4f0d25b69db5747","name":"Gilberto Evangelista - Colunista","image":{"@type":"ImageObject","inLanguage":"pt-BR","@id":"https:\/\/lackman.com.br\/#\/schema\/person\/image\/","url":"https:\/\/secure.gravatar.com\/avatar\/cea9badf02f8a90f7a745f2cbea45fda61f65711ec015e2faf3809cca6337c28?s=96&d=mm&r=g","contentUrl":"https:\/\/secure.gravatar.com\/avatar\/cea9badf02f8a90f7a745f2cbea45fda61f65711ec015e2faf3809cca6337c28?s=96&d=mm&r=g","caption":"Gilberto Evangelista - Colunista"},"description":"Jornalista e globetrotter.","url":"https:\/\/lackman.com.br\/index.php\/author\/gilberto-brito\/"}]}},"rttpg_featured_image_url":{"full":["https:\/\/lackman.com.br\/wp-content\/uploads\/2024\/07\/Joao-Daniel_Credito-Davi-Ricardo-29-scaled.jpg",2560,1707,false],"landscape":["https:\/\/lackman.com.br\/wp-content\/uploads\/2024\/07\/Joao-Daniel_Credito-Davi-Ricardo-29-scaled.jpg",2560,1707,false],"portraits":["https:\/\/lackman.com.br\/wp-content\/uploads\/2024\/07\/Joao-Daniel_Credito-Davi-Ricardo-29-scaled.jpg",2560,1707,false],"thumbnail":["https:\/\/lackman.com.br\/wp-content\/uploads\/2024\/07\/Joao-Daniel_Credito-Davi-Ricardo-29-150x150.jpg",150,150,true],"medium":["https:\/\/lackman.com.br\/wp-content\/uploads\/2024\/07\/Joao-Daniel_Credito-Davi-Ricardo-29-300x200.jpg",300,200,true],"large":["https:\/\/lackman.com.br\/wp-content\/uploads\/2024\/07\/Joao-Daniel_Credito-Davi-Ricardo-29-1024x683.jpg",1024,683,true],"RoboGalleryMansoryImagesCenter":["https:\/\/lackman.com.br\/wp-content\/uploads\/2024\/07\/Joao-Daniel_Credito-Davi-Ricardo-29-600x1024.jpg",600,1024,true],"RoboGalleryPreload":["https:\/\/lackman.com.br\/wp-content\/uploads\/2024\/07\/Joao-Daniel_Credito-Davi-Ricardo-29-scaled.jpg",100,67,false],"1536x1536":["https:\/\/lackman.com.br\/wp-content\/uploads\/2024\/07\/Joao-Daniel_Credito-Davi-Ricardo-29-1536x1024.jpg",1536,1024,true],"2048x2048":["https:\/\/lackman.com.br\/wp-content\/uploads\/2024\/07\/Joao-Daniel_Credito-Davi-Ricardo-29-2048x1365.jpg",2048,1365,true]},"rttpg_author":{"display_name":"Gilberto Evangelista - Colunista","author_link":"https:\/\/lackman.com.br\/index.php\/author\/gilberto-brito\/"},"rttpg_comment":0,"rttpg_category":"<a href=\"https:\/\/lackman.com.br\/index.php\/category\/arte\/\" rel=\"category tag\">Arte<\/a> <a href=\"https:\/\/lackman.com.br\/index.php\/category\/arte\/cultura-arte\/\" rel=\"category tag\">Cultura<\/a>","rttpg_excerpt":"FSV antecipa o que ser\u00e1 visto muito em breve com s\u00e9rie de ensaios no palco mais festejado da cena musical alternativa brasiliense A 5\u00aa edi\u00e7\u00e3o do Festival Sinf\u00f4nico est\u00e1 prestes a come\u00e7ar e traz consigo uma novidade que promete encantar os amantes da m\u00fasica: os Ensaios Abertos que ocupar\u00e3o o palco do espa\u00e7o cultural Infinu,&hellip;","_links":{"self":[{"href":"https:\/\/lackman.com.br\/index.php\/wp-json\/wp\/v2\/posts\/7326","targetHints":{"allow":["GET"]}}],"collection":[{"href":"https:\/\/lackman.com.br\/index.php\/wp-json\/wp\/v2\/posts"}],"about":[{"href":"https:\/\/lackman.com.br\/index.php\/wp-json\/wp\/v2\/types\/post"}],"author":[{"embeddable":true,"href":"https:\/\/lackman.com.br\/index.php\/wp-json\/wp\/v2\/users\/6"}],"replies":[{"embeddable":true,"href":"https:\/\/lackman.com.br\/index.php\/wp-json\/wp\/v2\/comments?post=7326"}],"version-history":[{"count":3,"href":"https:\/\/lackman.com.br\/index.php\/wp-json\/wp\/v2\/posts\/7326\/revisions"}],"predecessor-version":[{"id":7332,"href":"https:\/\/lackman.com.br\/index.php\/wp-json\/wp\/v2\/posts\/7326\/revisions\/7332"}],"wp:featuredmedia":[{"embeddable":true,"href":"https:\/\/lackman.com.br\/index.php\/wp-json\/wp\/v2\/media\/7329"}],"wp:attachment":[{"href":"https:\/\/lackman.com.br\/index.php\/wp-json\/wp\/v2\/media?parent=7326"}],"wp:term":[{"taxonomy":"category","embeddable":true,"href":"https:\/\/lackman.com.br\/index.php\/wp-json\/wp\/v2\/categories?post=7326"},{"taxonomy":"post_tag","embeddable":true,"href":"https:\/\/lackman.com.br\/index.php\/wp-json\/wp\/v2\/tags?post=7326"}],"curies":[{"name":"wp","href":"https:\/\/api.w.org\/{rel}","templated":true}]}}