{"id":7309,"date":"2024-07-09T16:34:13","date_gmt":"2024-07-09T19:34:13","guid":{"rendered":"https:\/\/lackman.com.br\/?p=7309"},"modified":"2024-07-09T16:37:22","modified_gmt":"2024-07-09T19:37:22","slug":"estudante-do-df-e-finalista-de-grande-concurso-de-estilistas-brasileiros","status":"publish","type":"post","link":"https:\/\/lackman.com.br\/index.php\/2024\/07\/09\/estudante-do-df-e-finalista-de-grande-concurso-de-estilistas-brasileiros\/","title":{"rendered":"Estudante do DF \u00e9 finalista de grande concurso de estilistas brasileiros"},"content":{"rendered":"<h4><em><span class=\"s4\"><span class=\"bumpedFont15\">J\u00falia Theophilo <\/span><\/span><span class=\"s4\"><span class=\"bumpedFont15\">concorreu com mais de <\/span><\/span><span class=\"s4\"><span class=\"bumpedFont15\">mil <\/span><\/span><span class=\"s4\"><span class=\"bumpedFont15\">estudantes do pa\u00eds <\/span><\/span><span class=\"s4\"><span class=\"bumpedFont15\">e chegou \u00e0 final do <\/span><\/span><span class=\"s4\"><span class=\"bumpedFont15\">Desafio Sou de Algod\u00e3o + Casa de Criadores<\/span><\/span><\/em><\/h4>\n<p><span class=\"s5\" style=\"font-size: 16px; -webkit-text-size-adjust: 100%;\"><span class=\"bumpedFont15\">Em todas as \u00e1reas <\/span><\/span><span class=\"s5\" style=\"font-size: 16px; -webkit-text-size-adjust: 100%;\"><span class=\"bumpedFont15\">nas quais<\/span><\/span> <span class=\"s5\" style=\"font-size: 16px; -webkit-text-size-adjust: 100%;\"><span class=\"bumpedFont15\">a <\/span><\/span><span class=\"s5\" style=\"font-size: 16px; -webkit-text-size-adjust: 100%;\"><span class=\"bumpedFont15\">profissionaliza\u00e7\u00e3o batalha <\/span><\/span><span class=\"s5\" style=\"font-size: 16px; -webkit-text-size-adjust: 100%;\"><span class=\"bumpedFont15\">de m\u00e3os dadas com o<\/span><\/span><span class=\"s5\" style=\"font-size: 16px; -webkit-text-size-adjust: 100%;\"><span class=\"bumpedFont15\"> talento, a necessidade de aprofundamento t\u00e9cnico e desenvolvimento de habilidades se unem em torno de algo importante: a oportunidade.<\/span><\/span><span class=\"s5\" style=\"font-size: 16px; -webkit-text-size-adjust: 100%;\"><span class=\"bumpedFont15\">J\u00falia Theophilo<\/span><\/span><span class=\"s5\" style=\"font-size: 16px; -webkit-text-size-adjust: 100%;\"><span class=\"bumpedFont15\">, 22anos<\/span><\/span><span class=\"s5\" style=\"font-size: 16px; -webkit-text-size-adjust: 100%;\"><span class=\"bumpedFont15\">, aluna do curso T<\/span><\/span><span class=\"s5\" style=\"font-size: 16px; -webkit-text-size-adjust: 100%;\"><span class=\"bumpedFont15\">e<\/span><\/span><span class=\"s5\" style=\"font-size: 16px; -webkit-text-size-adjust: 100%;\"><span class=\"bumpedFont15\">cn<\/span><\/span><span class=\"s5\" style=\"font-size: 16px; -webkit-text-size-adjust: 100%;\"><span class=\"bumpedFont15\">ologia <\/span><\/span><span class=\"s5\" style=\"font-size: 16px; -webkit-text-size-adjust: 100%;\"><span class=\"bumpedFont15\">em Design de Moda<\/span><\/span><span class=\"s5\" style=\"font-size: 16px; -webkit-text-size-adjust: 100%;\"><span class=\"bumpedFont15\">,<\/span><\/span><span class=\"s5\" style=\"font-size: 16px; -webkit-text-size-adjust: 100%;\"><span class=\"bumpedFont15\"> do Instituto Federal de Bras\u00edlia<\/span><\/span><span class=\"s5\" style=\"font-size: 16px; -webkit-text-size-adjust: 100%;\"><span class=\"bumpedFont15\"> (IFB)<\/span><\/span><span class=\"s5\" style=\"font-size: 16px; -webkit-text-size-adjust: 100%;\"><span class=\"bumpedFont15\">, agarrou a sua e garantiu sua vaga na final do <\/span><\/span><span class=\"s5\" style=\"font-size: 16px; -webkit-text-size-adjust: 100%;\"><span class=\"bumpedFont15\">3\u00ba Desafio Sou de Algod\u00e3o + Casa de Criadores<\/span><\/span><span class=\"s5\" style=\"font-size: 16px; -webkit-text-size-adjust: 100%;\"><span class=\"bumpedFont15\">.<\/span><\/span><\/p>\n<p><span class=\"s5\"><span class=\"bumpedFont15\">O movimento Sou de Algod\u00e3o, que visa estimular a moda respons\u00e1vel e o consumo consciente, junto com a Casa de Criadores, <\/span><\/span><span class=\"s5\"><span class=\"bumpedFont15\">tradicional<\/span><\/span><span class=\"s5\"><span class=\"bumpedFont15\"> evento de moda autoral brasileira, realizam o <\/span><\/span><span class=\"s5\"><span class=\"bumpedFont15\">concurso de novos talentos da moda<\/span><\/span><span class=\"s5\"><span class=\"bumpedFont15\">. A iniciativa<\/span><\/span><span class=\"s5\"><span class=\"bumpedFont15\">,<\/span><\/span><span class=\"s5\"><span class=\"bumpedFont15\"> que revelou <\/span><\/span><span class=\"s5\"><span class=\"bumpedFont15\">designers como <\/span><\/span><span class=\"s5\"><span class=\"bumpedFont15\">Mateus Cardoso, Dario <\/span><\/span><span class=\"s5\"><span class=\"bumpedFont15\">Mittmann<\/span><\/span><span class=\"s5\"><span class=\"bumpedFont15\">, Rodrigo Evangelista e, mais recentemente, nomeou Guilherme Dutra como o grande vencedor, objetiva oferecer aos estudantes de moda <\/span><\/span><span class=\"s5\"><span class=\"bumpedFont15\">de todo pa\u00eds <\/span><\/span><span class=\"s5\"><span class=\"bumpedFont15\">uma plataforma para <\/span><\/span><span class=\"s5\"><span class=\"bumpedFont15\">extrapolarem <\/span><\/span><span class=\"s5\"><span class=\"bumpedFont15\">toda <\/span><\/span><span class=\"s5\"><span class=\"bumpedFont15\">criatividade<\/span><\/span><span class=\"s5\"><span class=\"bumpedFont15\"> poss\u00edvel.<\/span><\/span><\/p>\n<figure id=\"attachment_7311\" aria-describedby=\"caption-attachment-7311\" style=\"width: 683px\" class=\"wp-caption alignnone\"><img fetchpriority=\"high\" decoding=\"async\" class=\"size-large wp-image-7311\" src=\"http:\/\/lackman.com.br\/wp-content\/uploads\/2024\/07\/IMG_8042-683x1024.jpeg\" alt=\"\" width=\"683\" height=\"1024\" srcset=\"https:\/\/lackman.com.br\/wp-content\/uploads\/2024\/07\/IMG_8042-683x1024.jpeg 683w, https:\/\/lackman.com.br\/wp-content\/uploads\/2024\/07\/IMG_8042-200x300.jpeg 200w, https:\/\/lackman.com.br\/wp-content\/uploads\/2024\/07\/IMG_8042-768x1152.jpeg 768w, https:\/\/lackman.com.br\/wp-content\/uploads\/2024\/07\/IMG_8042-1024x1536.jpeg 1024w, https:\/\/lackman.com.br\/wp-content\/uploads\/2024\/07\/IMG_8042-1365x2048.jpeg 1365w, https:\/\/lackman.com.br\/wp-content\/uploads\/2024\/07\/IMG_8042-scaled.jpeg 1707w\" sizes=\"(max-width: 683px) 100vw, 683px\" \/><figcaption id=\"caption-attachment-7311\" class=\"wp-caption-text\"><strong> Look enviado para avalia\u00e7\u00e3o da curadoria do Desafio<\/strong><\/figcaption><\/figure>\n<p><span class=\"s5\"><span class=\"bumpedFont15\">No Distrito Federal, uma iniciativa do Sindicato das Ind\u00fastrias do Vestu\u00e1rio (Sindiveste-DF) e do Servi\u00e7o Nacional de Aprendizagem Industrial (Senai-DF), promoveu uma revolu\u00e7\u00e3o no interesse de alunos d<\/span><\/span><span class=\"s5\"><span class=\"bumpedFont15\">e cursos de <\/span><\/span><span class=\"s5\"><span class=\"bumpedFont15\">Moda. <\/span><\/span><\/p>\n<p><span class=\"s5\"><span class=\"bumpedFont15\">A parceria se deu com o Sindiveste criando o elo entre<\/span><\/span><span class=\"s5\"><span class=\"bumpedFont15\">institui\u00e7\u00f5es de ensino<\/span><\/span><span class=\"s5\"><span class=\"bumpedFont15\"> com o <\/span><\/span><span class=\"s5\"><span class=\"bumpedFont15\">Senai-DF <\/span><\/span><span class=\"s5\"><span class=\"bumpedFont15\">para incentivar <\/span><\/span><span class=\"s5\"><span class=\"bumpedFont15\">o saber fazer<\/span><\/span><span class=\"s5\"><span class=\"bumpedFont15\">, oferecendo <\/span><\/span><span class=\"s5\"><span class=\"bumpedFont15\">infraestrutura e mentores t\u00e9cnicos<\/span><\/span><span class=\"s5\"><span class=\"bumpedFont15\">para os alunos que decidissem se inscrever no Desafio<\/span><\/span><span class=\"s5\"><span class=\"bumpedFont15\">.<\/span><\/span><\/p>\n<p><img decoding=\"async\" class=\"alignnone size-large wp-image-7312\" src=\"http:\/\/lackman.com.br\/wp-content\/uploads\/2024\/07\/IMG_8041-683x1024.jpeg\" alt=\"\" width=\"683\" height=\"1024\" srcset=\"https:\/\/lackman.com.br\/wp-content\/uploads\/2024\/07\/IMG_8041-683x1024.jpeg 683w, https:\/\/lackman.com.br\/wp-content\/uploads\/2024\/07\/IMG_8041-200x300.jpeg 200w, https:\/\/lackman.com.br\/wp-content\/uploads\/2024\/07\/IMG_8041-768x1152.jpeg 768w, https:\/\/lackman.com.br\/wp-content\/uploads\/2024\/07\/IMG_8041-1024x1536.jpeg 1024w, https:\/\/lackman.com.br\/wp-content\/uploads\/2024\/07\/IMG_8041-1365x2048.jpeg 1365w, https:\/\/lackman.com.br\/wp-content\/uploads\/2024\/07\/IMG_8041-scaled.jpeg 1707w\" sizes=\"(max-width: 683px) 100vw, 683px\" \/><\/p>\n<p><span class=\"s5\"><span class=\"bumpedFont15\">Para Walqu\u00edria Aires, presidente do Sindiveste, o est\u00edmulo aos alunos para participar <\/span><\/span><span class=\"s5\"><span class=\"bumpedFont15\">de <\/span><\/span><span class=\"s5\"><span class=\"bumpedFont15\">concursos nacionais criam viv\u00eancias e geram experi\u00eancias que melhoram suas forma\u00e7\u00f5es profissionais. \u201cA experi\u00eancia de conhecer outros talentos, ter visibilidade no mercado nacional e entender a din\u00e2mica da moda enriquece a experi\u00eancia do aluno. Temos bons designers na cidade. Pessoas com muita capacidade <\/span><\/span><span class=\"s5\"><span class=\"bumpedFont15\">criativa,<\/span><\/span><span class=\"s5\"><span class=\"bumpedFont15\"> mas que precisam entender os processos do setor<\/span><\/span><span class=\"s5\"><span class=\"bumpedFont15\">. C<\/span><\/span><span class=\"s5\"><span class=\"bumpedFont15\">oncursos como o Desafio Sou de Algod\u00e3o, mostram<\/span><\/span> <span class=\"s5\"><span class=\"bumpedFont15\">em detalhes como se d\u00e1 tudo isso\u201d, observa.<\/span><\/span><\/p>\n<p>&nbsp;<\/p>\n<h3><strong><span class=\"s6\"><span class=\"bumpedFont15\">Apostas para o futuro<\/span><\/span><\/strong><\/h3>\n<p><span class=\"s5\"><span class=\"bumpedFont15\">O Desafio Sou de Algod\u00e3o + Casa de Criadores, encerrou suas inscri\u00e7\u00f5es em abril. A 3\u00aa edi\u00e7\u00e3o recebeu 960 inscri\u00e7\u00f5es de trabalhos individuais ou em duplas, com mais de 1.130 estudantes de <\/span><\/span><span class=\"s5\"><span class=\"bumpedFont15\">M<\/span><\/span><span class=\"s5\"><span class=\"bumpedFont15\">oda e <\/span><\/span><span class=\"s5\"><span class=\"bumpedFont15\">D<\/span><\/span><span class=\"s5\"><span class=\"bumpedFont15\">esign envolvidos, de 116 institui\u00e7\u00f5es de ensino superior e t\u00e9cnico de todo o Brasil. \u201cEssa \u00e9 a oportunidade de os estudantes demonstrarem toda a sua criatividade. Esse ano, o n\u00famero total de inscri\u00e7\u00f5es e de trabalhos completos superou as duas primeiras edi\u00e7\u00f5es juntas. Esse recorde comprova como o algod\u00e3o tem se tornado cada vez mais popular entre os estudantes de moda\u201d, avalia Silmara <\/span><\/span><span class=\"s5\"><span class=\"bumpedFont15\">Ferraresi<\/span><\/span><span class=\"s5\"><span class=\"bumpedFont15\">, diretora de rela\u00e7\u00f5es institucionais da <\/span><\/span><span class=\"s5\"><span class=\"bumpedFont15\">Abrapa<\/span><\/span><span class=\"s5\"><span class=\"bumpedFont15\"> e gestora do <\/span><\/span><span class=\"s5\"><span class=\"bumpedFont15\">movimento <\/span><\/span><span class=\"s5\"><span class=\"bumpedFont15\">Sou de Algod\u00e3o.<\/span><\/span><\/p>\n<p><img decoding=\"async\" class=\"alignnone size-large wp-image-7313\" src=\"http:\/\/lackman.com.br\/wp-content\/uploads\/2024\/07\/IMG_8043-683x1024.jpeg\" alt=\"\" width=\"683\" height=\"1024\" srcset=\"https:\/\/lackman.com.br\/wp-content\/uploads\/2024\/07\/IMG_8043-683x1024.jpeg 683w, https:\/\/lackman.com.br\/wp-content\/uploads\/2024\/07\/IMG_8043-200x300.jpeg 200w, https:\/\/lackman.com.br\/wp-content\/uploads\/2024\/07\/IMG_8043-768x1152.jpeg 768w, https:\/\/lackman.com.br\/wp-content\/uploads\/2024\/07\/IMG_8043-1024x1536.jpeg 1024w, https:\/\/lackman.com.br\/wp-content\/uploads\/2024\/07\/IMG_8043-1365x2048.jpeg 1365w, https:\/\/lackman.com.br\/wp-content\/uploads\/2024\/07\/IMG_8043-scaled.jpeg 1707w\" sizes=\"(max-width: 683px) 100vw, 683px\" \/><\/p>\n<p><span class=\"s5\"><span class=\"bumpedFont15\">A felicidade de poder participar e ser, enfim, selecionada como finalista, \u00e9 inenarr\u00e1vel para <\/span><\/span><span class=\"s5\"><span class=\"bumpedFont15\">J\u00falia<\/span><\/span><span class=\"s5\"><span class=\"bumpedFont15\">.<\/span><\/span> <span class=\"s5\"><span class=\"bumpedFont15\">\u201c<\/span><\/span><span class=\"s5\"><span class=\"bumpedFont15\">Estou muito feliz com a participa\u00e7\u00e3o neste concurso, acredito que ele impulsiona criativamente e profissionalmente n<\/span><\/span><span class=\"s5\"><span class=\"bumpedFont15\">\u00f3<\/span><\/span><span class=\"s5\"><span class=\"bumpedFont15\">s estudantes e futuros designers<\/span><\/span><span class=\"s5\"><span class=\"bumpedFont15\">\u201d, comenta. \u201c<\/span><\/span><span class=\"s5\"><span class=\"bumpedFont15\">Tenho um carinho muito grande pela minha cole\u00e7\u00e3o<\/span><\/span><span class=\"s5\"><span class=\"bumpedFont15\">,<\/span><\/span><span class=\"s5\"><span class=\"bumpedFont15\"> pois \u00e9<\/span><\/span> <span class=\"s5\"><span class=\"bumpedFont15\">muito pessoal para mim. Ela mostra um pouco da minha viv\u00eancia com a escoliose, o que foi algo que muitas vezes me trouxe inseguran\u00e7as, desconfortos, dor<\/span><\/span><span class=\"s5\"><span class=\"bumpedFont15\">es<\/span><\/span><span class=\"s5\"><span class=\"bumpedFont15\"> e vergonha<\/span><\/span><span class=\"s5\"><span class=\"bumpedFont15\">\u201d<\/span><\/span><span class=\"s5\"><span class=\"bumpedFont15\">,<\/span><\/span><span class=\"s5\"><span class=\"bumpedFont15\">confessa.<\/span><\/span><\/p>\n<p><span class=\"s5\"><span class=\"bumpedFont15\">Agora, a finalista <\/span><\/span><span class=\"s5\"><span class=\"bumpedFont15\">dever<\/span><\/span><span class=\"s5\"><span class=\"bumpedFont15\">\u00e1 <\/span><\/span><span class=\"s5\"><span class=\"bumpedFont15\">produzir todas as pe\u00e7as da cole\u00e7\u00e3o e apresentar em <\/span><\/span><span class=\"s5\"><span class=\"bumpedFont15\">desfile da 55\u00aa edi\u00e7\u00e3o do evento Casa de Criadores, previsto para novembro de 2024, <\/span><\/span><span class=\"s5\"><span class=\"bumpedFont15\">em <\/span><\/span><span class=\"s5\"><span class=\"bumpedFont15\">S\u00e3o Paulo<\/span><\/span><span class=\"s5\"><span class=\"bumpedFont15\">.<\/span><\/span><\/p>\n<p><span class=\"s5\"><span class=\"bumpedFont15\">Os tr\u00eas projetos vencedores ser\u00e3o escolhidos a partir dos desfiles<\/span><\/span><span class=\"s5\"><span class=\"bumpedFont15\">,<\/span><\/span><span class=\"s5\"><span class=\"bumpedFont15\"> anunciados <\/span><\/span><span class=\"s5\"><span class=\"bumpedFont15\">no mesmo dia das apresenta\u00e7\u00f5es e premiados com <\/span><\/span><span class=\"s5\"><span class=\"bumpedFont15\">entrada <\/span><\/span><span class=\"s5\"><span class=\"bumpedFont15\">para o <\/span><\/span><span class=\"s5\"><span class=\"bumpedFont15\">line-up<\/span><\/span><span class=\"s5\"><span class=\"bumpedFont15\"> oficial da Casa de Criadores, com desfile garantido na <\/span><\/span><span class=\"s5\"><span class=\"bumpedFont15\">56\u00aa edi\u00e7\u00e3o<\/span><\/span><span class=\"s5\"><span class=\"bumpedFont15\">, que ocorrer\u00e1<\/span><\/span><span class=\"s5\"><span class=\"bumpedFont15\"> no primeiro semestre de 2025. Al\u00e9m disso, o movimento Sou de Algod\u00e3o pagar\u00e1 um pr\u00eamio de at\u00e9 R$ 30.000,00 (trinta mil reais) para o desenvolvimento da cole\u00e7\u00e3o a ser apresentada <\/span><\/span><span class=\"s5\"><span class=\"bumpedFont15\">n<\/span><\/span><span class=\"s5\"><span class=\"bumpedFont15\">a 56\u00aa Casa de Criadores, incluindo cria\u00e7\u00e3o, produ\u00e7\u00e3o, casting e beleza do desfile.<\/span><\/span><\/p>\n<hr \/>\n<pre><span class=\"s5\"><span class=\"bumpedFont15\">Fotos: <\/span><\/span><span class=\"s5\"><span class=\"bumpedFont15\">Gabriel Pinheiro\/Divulga\u00e7\u00e3o<\/span><\/span><\/pre>\n","protected":false},"excerpt":{"rendered":"<p>J\u00falia Theophilo concorreu com mais de mil estudantes do pa\u00eds e chegou \u00e0 final do Desafio Sou de Algod\u00e3o + Casa de Criadores Em todas as \u00e1reas nas quais a profissionaliza\u00e7\u00e3o batalha de m\u00e3os dadas com o talento, a necessidade de aprofundamento t\u00e9cnico e desenvolvimento de habilidades se unem em torno de algo importante: a oportunidade.J\u00falia Theophilo, 22anos, aluna do curso Tecnologia em Design de Moda, do Instituto Federal de Bras\u00edlia (IFB), agarrou a sua e garantiu sua vaga na final do 3\u00ba Desafio Sou de Algod\u00e3o + Casa de Criadores. O movimento Sou de Algod\u00e3o, que visa estimular a moda respons\u00e1vel e o consumo consciente, junto com a Casa de Criadores, tradicional evento de moda autoral brasileira, realizam o concurso de novos talentos da moda. A iniciativa, que revelou designers como Mateus Cardoso, Dario Mittmann, Rodrigo Evangelista e, mais recentemente, nomeou Guilherme Dutra como o grande vencedor, objetiva oferecer aos estudantes de moda de todo pa\u00eds uma plataforma para extrapolarem toda criatividade poss\u00edvel. No Distrito Federal, uma iniciativa do Sindicato das Ind\u00fastrias do Vestu\u00e1rio (Sindiveste-DF) e do Servi\u00e7o Nacional de Aprendizagem Industrial (Senai-DF), promoveu uma revolu\u00e7\u00e3o no interesse de alunos de cursos de Moda. A parceria se deu com o Sindiveste criando o elo entreinstitui\u00e7\u00f5es de ensino com o Senai-DF para incentivar o saber fazer, oferecendo infraestrutura e mentores t\u00e9cnicospara os alunos que decidissem se inscrever no Desafio. Para Walqu\u00edria Aires, presidente do Sindiveste, o est\u00edmulo aos alunos para participar de concursos nacionais criam viv\u00eancias e geram experi\u00eancias que melhoram suas forma\u00e7\u00f5es profissionais. \u201cA experi\u00eancia de conhecer outros talentos, ter visibilidade no mercado nacional e entender a din\u00e2mica da moda enriquece a experi\u00eancia do aluno. Temos bons designers na cidade. Pessoas com muita capacidade criativa, mas que precisam entender os processos do setor. Concursos como o Desafio Sou de Algod\u00e3o, mostram em detalhes como se d\u00e1 tudo isso\u201d, observa. &nbsp; Apostas para o futuro O Desafio Sou de Algod\u00e3o + Casa de Criadores, encerrou suas inscri\u00e7\u00f5es em abril. A 3\u00aa edi\u00e7\u00e3o recebeu 960 inscri\u00e7\u00f5es de trabalhos individuais ou em duplas, com mais de 1.130 estudantes de Moda e Design envolvidos, de 116 institui\u00e7\u00f5es de ensino superior e t\u00e9cnico de todo o Brasil. \u201cEssa \u00e9 a oportunidade de os estudantes demonstrarem toda a sua criatividade. Esse ano, o n\u00famero total de inscri\u00e7\u00f5es e de trabalhos completos superou as duas primeiras edi\u00e7\u00f5es juntas. Esse recorde comprova como o algod\u00e3o tem se tornado cada vez mais popular entre os estudantes de moda\u201d, avalia Silmara Ferraresi, diretora de rela\u00e7\u00f5es institucionais da Abrapa e gestora do movimento Sou de Algod\u00e3o. A felicidade de poder participar e ser, enfim, selecionada como finalista, \u00e9 inenarr\u00e1vel para J\u00falia. \u201cEstou muito feliz com a participa\u00e7\u00e3o neste concurso, acredito que ele impulsiona criativamente e profissionalmente n\u00f3s estudantes e futuros designers\u201d, comenta. \u201cTenho um carinho muito grande pela minha cole\u00e7\u00e3o, pois \u00e9 muito pessoal para mim. Ela mostra um pouco da minha viv\u00eancia com a escoliose, o que foi algo que muitas vezes me trouxe inseguran\u00e7as, desconfortos, dores e vergonha\u201d,confessa. Agora, a finalista dever\u00e1 produzir todas as pe\u00e7as da cole\u00e7\u00e3o e apresentar em desfile da 55\u00aa edi\u00e7\u00e3o do evento Casa de Criadores, previsto para novembro de 2024, em S\u00e3o Paulo. Os tr\u00eas projetos vencedores ser\u00e3o escolhidos a partir dos desfiles, anunciados no mesmo dia das apresenta\u00e7\u00f5es e premiados com entrada para o line-up oficial da Casa de Criadores, com desfile garantido na 56\u00aa edi\u00e7\u00e3o, que ocorrer\u00e1 no primeiro semestre de 2025. Al\u00e9m disso, o movimento Sou de Algod\u00e3o pagar\u00e1 um pr\u00eamio de at\u00e9 R$ 30.000,00 (trinta mil reais) para o desenvolvimento da cole\u00e7\u00e3o a ser apresentada na 56\u00aa Casa de Criadores, incluindo cria\u00e7\u00e3o, produ\u00e7\u00e3o, casting e beleza do desfile. Fotos: Gabriel Pinheiro\/Divulga\u00e7\u00e3o<\/p>\n","protected":false},"author":2,"featured_media":7310,"comment_status":"closed","ping_status":"open","sticky":false,"template":"","format":"standard","meta":{"site-sidebar-layout":"default","site-content-layout":"","ast-site-content-layout":"default","site-content-style":"default","site-sidebar-style":"default","ast-global-header-display":"","ast-banner-title-visibility":"","ast-main-header-display":"","ast-hfb-above-header-display":"","ast-hfb-below-header-display":"","ast-hfb-mobile-header-display":"","site-post-title":"","ast-breadcrumbs-content":"","ast-featured-img":"","footer-sml-layout":"","ast-disable-related-posts":"","theme-transparent-header-meta":"default","adv-header-id-meta":"","stick-header-meta":"","header-above-stick-meta":"","header-main-stick-meta":"","header-below-stick-meta":"","astra-migrate-meta-layouts":"set","ast-page-background-enabled":"default","ast-page-background-meta":{"desktop":{"background-color":"","background-image":"","background-repeat":"repeat","background-position":"center center","background-size":"auto","background-attachment":"scroll","background-type":"","background-media":"","overlay-type":"","overlay-color":"","overlay-opacity":"","overlay-gradient":""},"tablet":{"background-color":"","background-image":"","background-repeat":"repeat","background-position":"center center","background-size":"auto","background-attachment":"scroll","background-type":"","background-media":"","overlay-type":"","overlay-color":"","overlay-opacity":"","overlay-gradient":""},"mobile":{"background-color":"","background-image":"","background-repeat":"repeat","background-position":"center center","background-size":"auto","background-attachment":"scroll","background-type":"","background-media":"","overlay-type":"","overlay-color":"","overlay-opacity":"","overlay-gradient":""}},"ast-content-background-meta":{"desktop":{"background-color":"var(--ast-global-color-5)","background-image":"","background-repeat":"repeat","background-position":"center center","background-size":"auto","background-attachment":"scroll","background-type":"","background-media":"","overlay-type":"","overlay-color":"","overlay-opacity":"","overlay-gradient":""},"tablet":{"background-color":"var(--ast-global-color-5)","background-image":"","background-repeat":"repeat","background-position":"center center","background-size":"auto","background-attachment":"scroll","background-type":"","background-media":"","overlay-type":"","overlay-color":"","overlay-opacity":"","overlay-gradient":""},"mobile":{"background-color":"var(--ast-global-color-5)","background-image":"","background-repeat":"repeat","background-position":"center center","background-size":"auto","background-attachment":"scroll","background-type":"","background-media":"","overlay-type":"","overlay-color":"","overlay-opacity":"","overlay-gradient":""}},"footnotes":""},"categories":[35,38],"tags":[1355,1359,1360,556,195,59,1358,1081,1357,427,1356,1361],"class_list":["post-7309","post","type-post","status-publish","format-standard","has-post-thumbnail","hentry","category-moda","category-passarela","tag-casa-de-criadores","tag-curadoria","tag-desafio-sou-de-algodao","tag-desfile","tag-fashion","tag-moda","tag-moda-brasileira","tag-modelos","tag-novo-talento","tag-sao-paulo","tag-sou-de-algodao","tag-vermelho"],"yoast_head":"<!-- This site is optimized with the Yoast SEO plugin v27.0 - https:\/\/yoast.com\/product\/yoast-seo-wordpress\/ -->\n<title>Estudante do DF \u00e9 finalista de grande concurso de estilistas brasileiros - LACKMAN &amp; CO.<\/title>\n<meta name=\"robots\" content=\"index, follow, max-snippet:-1, max-image-preview:large, max-video-preview:-1\" \/>\n<link rel=\"canonical\" href=\"https:\/\/lackman.com.br\/index.php\/2024\/07\/09\/estudante-do-df-e-finalista-de-grande-concurso-de-estilistas-brasileiros\/\" \/>\n<meta property=\"og:locale\" content=\"pt_BR\" \/>\n<meta property=\"og:type\" content=\"article\" \/>\n<meta property=\"og:title\" content=\"Estudante do DF \u00e9 finalista de grande concurso de estilistas brasileiros - LACKMAN &amp; CO.\" \/>\n<meta property=\"og:description\" content=\"J\u00falia Theophilo concorreu com mais de mil estudantes do pa\u00eds e chegou \u00e0 final do Desafio Sou de Algod\u00e3o + Casa de Criadores Em todas as \u00e1reas nas quais a profissionaliza\u00e7\u00e3o batalha de m\u00e3os dadas com o talento, a necessidade de aprofundamento t\u00e9cnico e desenvolvimento de habilidades se unem em torno de algo importante: a oportunidade.J\u00falia Theophilo, 22anos, aluna do curso Tecnologia em Design de Moda, do Instituto Federal de Bras\u00edlia (IFB), agarrou a sua e garantiu sua vaga na final do 3\u00ba Desafio Sou de Algod\u00e3o + Casa de Criadores. O movimento Sou de Algod\u00e3o, que visa estimular a moda respons\u00e1vel e o consumo consciente, junto com a Casa de Criadores, tradicional evento de moda autoral brasileira, realizam o concurso de novos talentos da moda. A iniciativa, que revelou designers como Mateus Cardoso, Dario Mittmann, Rodrigo Evangelista e, mais recentemente, nomeou Guilherme Dutra como o grande vencedor, objetiva oferecer aos estudantes de moda de todo pa\u00eds uma plataforma para extrapolarem toda criatividade poss\u00edvel. No Distrito Federal, uma iniciativa do Sindicato das Ind\u00fastrias do Vestu\u00e1rio (Sindiveste-DF) e do Servi\u00e7o Nacional de Aprendizagem Industrial (Senai-DF), promoveu uma revolu\u00e7\u00e3o no interesse de alunos de cursos de Moda. A parceria se deu com o Sindiveste criando o elo entreinstitui\u00e7\u00f5es de ensino com o Senai-DF para incentivar o saber fazer, oferecendo infraestrutura e mentores t\u00e9cnicospara os alunos que decidissem se inscrever no Desafio. Para Walqu\u00edria Aires, presidente do Sindiveste, o est\u00edmulo aos alunos para participar de concursos nacionais criam viv\u00eancias e geram experi\u00eancias que melhoram suas forma\u00e7\u00f5es profissionais. \u201cA experi\u00eancia de conhecer outros talentos, ter visibilidade no mercado nacional e entender a din\u00e2mica da moda enriquece a experi\u00eancia do aluno. Temos bons designers na cidade. Pessoas com muita capacidade criativa, mas que precisam entender os processos do setor. Concursos como o Desafio Sou de Algod\u00e3o, mostram em detalhes como se d\u00e1 tudo isso\u201d, observa. &nbsp; Apostas para o futuro O Desafio Sou de Algod\u00e3o + Casa de Criadores, encerrou suas inscri\u00e7\u00f5es em abril. A 3\u00aa edi\u00e7\u00e3o recebeu 960 inscri\u00e7\u00f5es de trabalhos individuais ou em duplas, com mais de 1.130 estudantes de Moda e Design envolvidos, de 116 institui\u00e7\u00f5es de ensino superior e t\u00e9cnico de todo o Brasil. \u201cEssa \u00e9 a oportunidade de os estudantes demonstrarem toda a sua criatividade. Esse ano, o n\u00famero total de inscri\u00e7\u00f5es e de trabalhos completos superou as duas primeiras edi\u00e7\u00f5es juntas. Esse recorde comprova como o algod\u00e3o tem se tornado cada vez mais popular entre os estudantes de moda\u201d, avalia Silmara Ferraresi, diretora de rela\u00e7\u00f5es institucionais da Abrapa e gestora do movimento Sou de Algod\u00e3o. A felicidade de poder participar e ser, enfim, selecionada como finalista, \u00e9 inenarr\u00e1vel para J\u00falia. \u201cEstou muito feliz com a participa\u00e7\u00e3o neste concurso, acredito que ele impulsiona criativamente e profissionalmente n\u00f3s estudantes e futuros designers\u201d, comenta. \u201cTenho um carinho muito grande pela minha cole\u00e7\u00e3o, pois \u00e9 muito pessoal para mim. Ela mostra um pouco da minha viv\u00eancia com a escoliose, o que foi algo que muitas vezes me trouxe inseguran\u00e7as, desconfortos, dores e vergonha\u201d,confessa. Agora, a finalista dever\u00e1 produzir todas as pe\u00e7as da cole\u00e7\u00e3o e apresentar em desfile da 55\u00aa edi\u00e7\u00e3o do evento Casa de Criadores, previsto para novembro de 2024, em S\u00e3o Paulo. Os tr\u00eas projetos vencedores ser\u00e3o escolhidos a partir dos desfiles, anunciados no mesmo dia das apresenta\u00e7\u00f5es e premiados com entrada para o line-up oficial da Casa de Criadores, com desfile garantido na 56\u00aa edi\u00e7\u00e3o, que ocorrer\u00e1 no primeiro semestre de 2025. Al\u00e9m disso, o movimento Sou de Algod\u00e3o pagar\u00e1 um pr\u00eamio de at\u00e9 R$ 30.000,00 (trinta mil reais) para o desenvolvimento da cole\u00e7\u00e3o a ser apresentada na 56\u00aa Casa de Criadores, incluindo cria\u00e7\u00e3o, produ\u00e7\u00e3o, casting e beleza do desfile. Fotos: Gabriel Pinheiro\/Divulga\u00e7\u00e3o\" \/>\n<meta property=\"og:url\" content=\"https:\/\/lackman.com.br\/index.php\/2024\/07\/09\/estudante-do-df-e-finalista-de-grande-concurso-de-estilistas-brasileiros\/\" \/>\n<meta property=\"og:site_name\" content=\"LACKMAN &amp; CO.\" \/>\n<meta property=\"article:author\" content=\"https:\/\/www.facebook.com\/fernandolackman\" \/>\n<meta property=\"article:published_time\" content=\"2024-07-09T19:34:13+00:00\" \/>\n<meta property=\"article:modified_time\" content=\"2024-07-09T19:37:22+00:00\" \/>\n<meta property=\"og:image\" content=\"http:\/\/lackman.com.br\/wp-content\/uploads\/2024\/07\/IMG_8045-scaled.jpeg\" \/>\n\t<meta property=\"og:image:width\" content=\"1707\" \/>\n\t<meta property=\"og:image:height\" content=\"2560\" \/>\n\t<meta property=\"og:image:type\" content=\"image\/jpeg\" \/>\n<meta name=\"author\" content=\"Fernando Lackman\" \/>\n<meta name=\"twitter:card\" content=\"summary_large_image\" \/>\n<meta name=\"twitter:creator\" content=\"@fernandolackman\" \/>\n<meta name=\"twitter:label1\" content=\"Escrito por\" \/>\n\t<meta name=\"twitter:data1\" content=\"Fernando Lackman\" \/>\n\t<meta name=\"twitter:label2\" content=\"Est. tempo de leitura\" \/>\n\t<meta name=\"twitter:data2\" content=\"5 minutos\" \/>\n<script type=\"application\/ld+json\" class=\"yoast-schema-graph\">{\"@context\":\"https:\/\/schema.org\",\"@graph\":[{\"@type\":\"Article\",\"@id\":\"https:\/\/lackman.com.br\/index.php\/2024\/07\/09\/estudante-do-df-e-finalista-de-grande-concurso-de-estilistas-brasileiros\/#article\",\"isPartOf\":{\"@id\":\"https:\/\/lackman.com.br\/index.php\/2024\/07\/09\/estudante-do-df-e-finalista-de-grande-concurso-de-estilistas-brasileiros\/\"},\"author\":{\"name\":\"Fernando Lackman\",\"@id\":\"https:\/\/lackman.com.br\/#\/schema\/person\/dbfb3fbfc55f2b0bd4f9039696e70858\"},\"headline\":\"Estudante do DF \u00e9 finalista de grande concurso de estilistas brasileiros\",\"datePublished\":\"2024-07-09T19:34:13+00:00\",\"dateModified\":\"2024-07-09T19:37:22+00:00\",\"mainEntityOfPage\":{\"@id\":\"https:\/\/lackman.com.br\/index.php\/2024\/07\/09\/estudante-do-df-e-finalista-de-grande-concurso-de-estilistas-brasileiros\/\"},\"wordCount\":691,\"publisher\":{\"@id\":\"https:\/\/lackman.com.br\/#organization\"},\"image\":{\"@id\":\"https:\/\/lackman.com.br\/index.php\/2024\/07\/09\/estudante-do-df-e-finalista-de-grande-concurso-de-estilistas-brasileiros\/#primaryimage\"},\"thumbnailUrl\":\"https:\/\/lackman.com.br\/wp-content\/uploads\/2024\/07\/IMG_8045-scaled.jpeg\",\"keywords\":[\"casa de criadores\",\"curadoria\",\"desafio sou de algod\u00e3o\",\"desfile\",\"fashion\",\"Moda\",\"moda brasileira\",\"modelos\",\"novo talento\",\"S\u00e3o Paulo\",\"sou de algod\u00e3o\",\"vermelho\"],\"articleSection\":[\"Moda\",\"Passarela\"],\"inLanguage\":\"pt-BR\"},{\"@type\":\"WebPage\",\"@id\":\"https:\/\/lackman.com.br\/index.php\/2024\/07\/09\/estudante-do-df-e-finalista-de-grande-concurso-de-estilistas-brasileiros\/\",\"url\":\"https:\/\/lackman.com.br\/index.php\/2024\/07\/09\/estudante-do-df-e-finalista-de-grande-concurso-de-estilistas-brasileiros\/\",\"name\":\"Estudante do DF \u00e9 finalista de grande concurso de estilistas brasileiros - LACKMAN &amp; CO.\",\"isPartOf\":{\"@id\":\"https:\/\/lackman.com.br\/#website\"},\"primaryImageOfPage\":{\"@id\":\"https:\/\/lackman.com.br\/index.php\/2024\/07\/09\/estudante-do-df-e-finalista-de-grande-concurso-de-estilistas-brasileiros\/#primaryimage\"},\"image\":{\"@id\":\"https:\/\/lackman.com.br\/index.php\/2024\/07\/09\/estudante-do-df-e-finalista-de-grande-concurso-de-estilistas-brasileiros\/#primaryimage\"},\"thumbnailUrl\":\"https:\/\/lackman.com.br\/wp-content\/uploads\/2024\/07\/IMG_8045-scaled.jpeg\",\"datePublished\":\"2024-07-09T19:34:13+00:00\",\"dateModified\":\"2024-07-09T19:37:22+00:00\",\"breadcrumb\":{\"@id\":\"https:\/\/lackman.com.br\/index.php\/2024\/07\/09\/estudante-do-df-e-finalista-de-grande-concurso-de-estilistas-brasileiros\/#breadcrumb\"},\"inLanguage\":\"pt-BR\",\"potentialAction\":[{\"@type\":\"ReadAction\",\"target\":[\"https:\/\/lackman.com.br\/index.php\/2024\/07\/09\/estudante-do-df-e-finalista-de-grande-concurso-de-estilistas-brasileiros\/\"]}]},{\"@type\":\"ImageObject\",\"inLanguage\":\"pt-BR\",\"@id\":\"https:\/\/lackman.com.br\/index.php\/2024\/07\/09\/estudante-do-df-e-finalista-de-grande-concurso-de-estilistas-brasileiros\/#primaryimage\",\"url\":\"https:\/\/lackman.com.br\/wp-content\/uploads\/2024\/07\/IMG_8045-scaled.jpeg\",\"contentUrl\":\"https:\/\/lackman.com.br\/wp-content\/uploads\/2024\/07\/IMG_8045-scaled.jpeg\",\"width\":1707,\"height\":2560},{\"@type\":\"BreadcrumbList\",\"@id\":\"https:\/\/lackman.com.br\/index.php\/2024\/07\/09\/estudante-do-df-e-finalista-de-grande-concurso-de-estilistas-brasileiros\/#breadcrumb\",\"itemListElement\":[{\"@type\":\"ListItem\",\"position\":1,\"name\":\"In\u00edcio\",\"item\":\"https:\/\/lackman.com.br\/\"},{\"@type\":\"ListItem\",\"position\":2,\"name\":\"Estudante do DF \u00e9 finalista de grande concurso de estilistas brasileiros\"}]},{\"@type\":\"WebSite\",\"@id\":\"https:\/\/lackman.com.br\/#website\",\"url\":\"https:\/\/lackman.com.br\/\",\"name\":\"LACKMAN &amp; CO.\",\"description\":\"VIDA | MODA | ARTE\",\"publisher\":{\"@id\":\"https:\/\/lackman.com.br\/#organization\"},\"potentialAction\":[{\"@type\":\"SearchAction\",\"target\":{\"@type\":\"EntryPoint\",\"urlTemplate\":\"https:\/\/lackman.com.br\/?s={search_term_string}\"},\"query-input\":{\"@type\":\"PropertyValueSpecification\",\"valueRequired\":true,\"valueName\":\"search_term_string\"}}],\"inLanguage\":\"pt-BR\"},{\"@type\":\"Organization\",\"@id\":\"https:\/\/lackman.com.br\/#organization\",\"name\":\"LACKMAN &amp; CO.\",\"url\":\"https:\/\/lackman.com.br\/\",\"logo\":{\"@type\":\"ImageObject\",\"inLanguage\":\"pt-BR\",\"@id\":\"https:\/\/lackman.com.br\/#\/schema\/logo\/image\/\",\"url\":\"https:\/\/lackman.com.br\/wp-content\/uploads\/2023\/06\/Logotipo_preto-1.png\",\"contentUrl\":\"https:\/\/lackman.com.br\/wp-content\/uploads\/2023\/06\/Logotipo_preto-1.png\",\"width\":739,\"height\":393,\"caption\":\"LACKMAN &amp; CO.\"},\"image\":{\"@id\":\"https:\/\/lackman.com.br\/#\/schema\/logo\/image\/\"}},{\"@type\":\"Person\",\"@id\":\"https:\/\/lackman.com.br\/#\/schema\/person\/dbfb3fbfc55f2b0bd4f9039696e70858\",\"name\":\"Fernando Lackman\",\"image\":{\"@type\":\"ImageObject\",\"inLanguage\":\"pt-BR\",\"@id\":\"https:\/\/lackman.com.br\/#\/schema\/person\/image\/\",\"url\":\"https:\/\/secure.gravatar.com\/avatar\/ae7993150af197e66480c8a769891833dd2b8d809f0d9ff3f25af796cf378ce8?s=96&d=mm&r=g\",\"contentUrl\":\"https:\/\/secure.gravatar.com\/avatar\/ae7993150af197e66480c8a769891833dd2b8d809f0d9ff3f25af796cf378ce8?s=96&d=mm&r=g\",\"caption\":\"Fernando Lackman\"},\"description\":\"Fernando Lackman \u00e9 jornalista especializado em Moda e Cultura, editor do site LACKMAN.com.br. \u00c9 autor do livro Bras\u00edlia Capital dos Criadores, que conta a hist\u00f3ria da moda no Distrito Federal. Tem em seu curr\u00edculo assinatura de dire\u00e7\u00e3o criativa e de desfiles em eventos como Estilo DF Plaza, Summer Collections, JK Street Fashion, Desfile Beleza Negra (DBN), PicniK Fashion Show, Vogue Fashion\u2019s Night Out Bras\u00edlia, entre outros. Foi diretor criativo do extinto Capital Fashion Week. Atualmente trabalha na dire\u00e7\u00e3o criativa de eventos como Top CUFA, BSB Fashion Street, Bras\u00edlia Fashion House, Ateli\u00ea Bras\u00edlia e Goi\u00e1s Fashion Week.\",\"sameAs\":[\"https:\/\/lackman.com.br\/\",\"https:\/\/www.facebook.com\/fernandolackman\",\"https:\/\/www.instagram.com\/fernandolackman\/\",\"https:\/\/www.linkedin.com\/in\/fernando-lackman\/\",\"https:\/\/br.pinterest.com\/fernandolackman\/\",\"https:\/\/x.com\/fernandolackman\"],\"url\":\"https:\/\/lackman.com.br\/index.php\/author\/fernando-lackman\/\"}]}<\/script>\n<!-- \/ Yoast SEO plugin. -->","yoast_head_json":{"title":"Estudante do DF \u00e9 finalista de grande concurso de estilistas brasileiros - LACKMAN &amp; CO.","robots":{"index":"index","follow":"follow","max-snippet":"max-snippet:-1","max-image-preview":"max-image-preview:large","max-video-preview":"max-video-preview:-1"},"canonical":"https:\/\/lackman.com.br\/index.php\/2024\/07\/09\/estudante-do-df-e-finalista-de-grande-concurso-de-estilistas-brasileiros\/","og_locale":"pt_BR","og_type":"article","og_title":"Estudante do DF \u00e9 finalista de grande concurso de estilistas brasileiros - LACKMAN &amp; CO.","og_description":"J\u00falia Theophilo concorreu com mais de mil estudantes do pa\u00eds e chegou \u00e0 final do Desafio Sou de Algod\u00e3o + Casa de Criadores Em todas as \u00e1reas nas quais a profissionaliza\u00e7\u00e3o batalha de m\u00e3os dadas com o talento, a necessidade de aprofundamento t\u00e9cnico e desenvolvimento de habilidades se unem em torno de algo importante: a oportunidade.J\u00falia Theophilo, 22anos, aluna do curso Tecnologia em Design de Moda, do Instituto Federal de Bras\u00edlia (IFB), agarrou a sua e garantiu sua vaga na final do 3\u00ba Desafio Sou de Algod\u00e3o + Casa de Criadores. O movimento Sou de Algod\u00e3o, que visa estimular a moda respons\u00e1vel e o consumo consciente, junto com a Casa de Criadores, tradicional evento de moda autoral brasileira, realizam o concurso de novos talentos da moda. A iniciativa, que revelou designers como Mateus Cardoso, Dario Mittmann, Rodrigo Evangelista e, mais recentemente, nomeou Guilherme Dutra como o grande vencedor, objetiva oferecer aos estudantes de moda de todo pa\u00eds uma plataforma para extrapolarem toda criatividade poss\u00edvel. No Distrito Federal, uma iniciativa do Sindicato das Ind\u00fastrias do Vestu\u00e1rio (Sindiveste-DF) e do Servi\u00e7o Nacional de Aprendizagem Industrial (Senai-DF), promoveu uma revolu\u00e7\u00e3o no interesse de alunos de cursos de Moda. A parceria se deu com o Sindiveste criando o elo entreinstitui\u00e7\u00f5es de ensino com o Senai-DF para incentivar o saber fazer, oferecendo infraestrutura e mentores t\u00e9cnicospara os alunos que decidissem se inscrever no Desafio. Para Walqu\u00edria Aires, presidente do Sindiveste, o est\u00edmulo aos alunos para participar de concursos nacionais criam viv\u00eancias e geram experi\u00eancias que melhoram suas forma\u00e7\u00f5es profissionais. \u201cA experi\u00eancia de conhecer outros talentos, ter visibilidade no mercado nacional e entender a din\u00e2mica da moda enriquece a experi\u00eancia do aluno. Temos bons designers na cidade. Pessoas com muita capacidade criativa, mas que precisam entender os processos do setor. Concursos como o Desafio Sou de Algod\u00e3o, mostram em detalhes como se d\u00e1 tudo isso\u201d, observa. &nbsp; Apostas para o futuro O Desafio Sou de Algod\u00e3o + Casa de Criadores, encerrou suas inscri\u00e7\u00f5es em abril. A 3\u00aa edi\u00e7\u00e3o recebeu 960 inscri\u00e7\u00f5es de trabalhos individuais ou em duplas, com mais de 1.130 estudantes de Moda e Design envolvidos, de 116 institui\u00e7\u00f5es de ensino superior e t\u00e9cnico de todo o Brasil. \u201cEssa \u00e9 a oportunidade de os estudantes demonstrarem toda a sua criatividade. Esse ano, o n\u00famero total de inscri\u00e7\u00f5es e de trabalhos completos superou as duas primeiras edi\u00e7\u00f5es juntas. Esse recorde comprova como o algod\u00e3o tem se tornado cada vez mais popular entre os estudantes de moda\u201d, avalia Silmara Ferraresi, diretora de rela\u00e7\u00f5es institucionais da Abrapa e gestora do movimento Sou de Algod\u00e3o. A felicidade de poder participar e ser, enfim, selecionada como finalista, \u00e9 inenarr\u00e1vel para J\u00falia. \u201cEstou muito feliz com a participa\u00e7\u00e3o neste concurso, acredito que ele impulsiona criativamente e profissionalmente n\u00f3s estudantes e futuros designers\u201d, comenta. \u201cTenho um carinho muito grande pela minha cole\u00e7\u00e3o, pois \u00e9 muito pessoal para mim. Ela mostra um pouco da minha viv\u00eancia com a escoliose, o que foi algo que muitas vezes me trouxe inseguran\u00e7as, desconfortos, dores e vergonha\u201d,confessa. Agora, a finalista dever\u00e1 produzir todas as pe\u00e7as da cole\u00e7\u00e3o e apresentar em desfile da 55\u00aa edi\u00e7\u00e3o do evento Casa de Criadores, previsto para novembro de 2024, em S\u00e3o Paulo. Os tr\u00eas projetos vencedores ser\u00e3o escolhidos a partir dos desfiles, anunciados no mesmo dia das apresenta\u00e7\u00f5es e premiados com entrada para o line-up oficial da Casa de Criadores, com desfile garantido na 56\u00aa edi\u00e7\u00e3o, que ocorrer\u00e1 no primeiro semestre de 2025. Al\u00e9m disso, o movimento Sou de Algod\u00e3o pagar\u00e1 um pr\u00eamio de at\u00e9 R$ 30.000,00 (trinta mil reais) para o desenvolvimento da cole\u00e7\u00e3o a ser apresentada na 56\u00aa Casa de Criadores, incluindo cria\u00e7\u00e3o, produ\u00e7\u00e3o, casting e beleza do desfile. Fotos: Gabriel Pinheiro\/Divulga\u00e7\u00e3o","og_url":"https:\/\/lackman.com.br\/index.php\/2024\/07\/09\/estudante-do-df-e-finalista-de-grande-concurso-de-estilistas-brasileiros\/","og_site_name":"LACKMAN &amp; CO.","article_author":"https:\/\/www.facebook.com\/fernandolackman","article_published_time":"2024-07-09T19:34:13+00:00","article_modified_time":"2024-07-09T19:37:22+00:00","og_image":[{"width":1707,"height":2560,"url":"http:\/\/lackman.com.br\/wp-content\/uploads\/2024\/07\/IMG_8045-scaled.jpeg","type":"image\/jpeg"}],"author":"Fernando Lackman","twitter_card":"summary_large_image","twitter_creator":"@fernandolackman","twitter_misc":{"Escrito por":"Fernando Lackman","Est. tempo de leitura":"5 minutos"},"schema":{"@context":"https:\/\/schema.org","@graph":[{"@type":"Article","@id":"https:\/\/lackman.com.br\/index.php\/2024\/07\/09\/estudante-do-df-e-finalista-de-grande-concurso-de-estilistas-brasileiros\/#article","isPartOf":{"@id":"https:\/\/lackman.com.br\/index.php\/2024\/07\/09\/estudante-do-df-e-finalista-de-grande-concurso-de-estilistas-brasileiros\/"},"author":{"name":"Fernando Lackman","@id":"https:\/\/lackman.com.br\/#\/schema\/person\/dbfb3fbfc55f2b0bd4f9039696e70858"},"headline":"Estudante do DF \u00e9 finalista de grande concurso de estilistas brasileiros","datePublished":"2024-07-09T19:34:13+00:00","dateModified":"2024-07-09T19:37:22+00:00","mainEntityOfPage":{"@id":"https:\/\/lackman.com.br\/index.php\/2024\/07\/09\/estudante-do-df-e-finalista-de-grande-concurso-de-estilistas-brasileiros\/"},"wordCount":691,"publisher":{"@id":"https:\/\/lackman.com.br\/#organization"},"image":{"@id":"https:\/\/lackman.com.br\/index.php\/2024\/07\/09\/estudante-do-df-e-finalista-de-grande-concurso-de-estilistas-brasileiros\/#primaryimage"},"thumbnailUrl":"https:\/\/lackman.com.br\/wp-content\/uploads\/2024\/07\/IMG_8045-scaled.jpeg","keywords":["casa de criadores","curadoria","desafio sou de algod\u00e3o","desfile","fashion","Moda","moda brasileira","modelos","novo talento","S\u00e3o Paulo","sou de algod\u00e3o","vermelho"],"articleSection":["Moda","Passarela"],"inLanguage":"pt-BR"},{"@type":"WebPage","@id":"https:\/\/lackman.com.br\/index.php\/2024\/07\/09\/estudante-do-df-e-finalista-de-grande-concurso-de-estilistas-brasileiros\/","url":"https:\/\/lackman.com.br\/index.php\/2024\/07\/09\/estudante-do-df-e-finalista-de-grande-concurso-de-estilistas-brasileiros\/","name":"Estudante do DF \u00e9 finalista de grande concurso de estilistas brasileiros - LACKMAN &amp; CO.","isPartOf":{"@id":"https:\/\/lackman.com.br\/#website"},"primaryImageOfPage":{"@id":"https:\/\/lackman.com.br\/index.php\/2024\/07\/09\/estudante-do-df-e-finalista-de-grande-concurso-de-estilistas-brasileiros\/#primaryimage"},"image":{"@id":"https:\/\/lackman.com.br\/index.php\/2024\/07\/09\/estudante-do-df-e-finalista-de-grande-concurso-de-estilistas-brasileiros\/#primaryimage"},"thumbnailUrl":"https:\/\/lackman.com.br\/wp-content\/uploads\/2024\/07\/IMG_8045-scaled.jpeg","datePublished":"2024-07-09T19:34:13+00:00","dateModified":"2024-07-09T19:37:22+00:00","breadcrumb":{"@id":"https:\/\/lackman.com.br\/index.php\/2024\/07\/09\/estudante-do-df-e-finalista-de-grande-concurso-de-estilistas-brasileiros\/#breadcrumb"},"inLanguage":"pt-BR","potentialAction":[{"@type":"ReadAction","target":["https:\/\/lackman.com.br\/index.php\/2024\/07\/09\/estudante-do-df-e-finalista-de-grande-concurso-de-estilistas-brasileiros\/"]}]},{"@type":"ImageObject","inLanguage":"pt-BR","@id":"https:\/\/lackman.com.br\/index.php\/2024\/07\/09\/estudante-do-df-e-finalista-de-grande-concurso-de-estilistas-brasileiros\/#primaryimage","url":"https:\/\/lackman.com.br\/wp-content\/uploads\/2024\/07\/IMG_8045-scaled.jpeg","contentUrl":"https:\/\/lackman.com.br\/wp-content\/uploads\/2024\/07\/IMG_8045-scaled.jpeg","width":1707,"height":2560},{"@type":"BreadcrumbList","@id":"https:\/\/lackman.com.br\/index.php\/2024\/07\/09\/estudante-do-df-e-finalista-de-grande-concurso-de-estilistas-brasileiros\/#breadcrumb","itemListElement":[{"@type":"ListItem","position":1,"name":"In\u00edcio","item":"https:\/\/lackman.com.br\/"},{"@type":"ListItem","position":2,"name":"Estudante do DF \u00e9 finalista de grande concurso de estilistas brasileiros"}]},{"@type":"WebSite","@id":"https:\/\/lackman.com.br\/#website","url":"https:\/\/lackman.com.br\/","name":"LACKMAN &amp; CO.","description":"VIDA | MODA | ARTE","publisher":{"@id":"https:\/\/lackman.com.br\/#organization"},"potentialAction":[{"@type":"SearchAction","target":{"@type":"EntryPoint","urlTemplate":"https:\/\/lackman.com.br\/?s={search_term_string}"},"query-input":{"@type":"PropertyValueSpecification","valueRequired":true,"valueName":"search_term_string"}}],"inLanguage":"pt-BR"},{"@type":"Organization","@id":"https:\/\/lackman.com.br\/#organization","name":"LACKMAN &amp; CO.","url":"https:\/\/lackman.com.br\/","logo":{"@type":"ImageObject","inLanguage":"pt-BR","@id":"https:\/\/lackman.com.br\/#\/schema\/logo\/image\/","url":"https:\/\/lackman.com.br\/wp-content\/uploads\/2023\/06\/Logotipo_preto-1.png","contentUrl":"https:\/\/lackman.com.br\/wp-content\/uploads\/2023\/06\/Logotipo_preto-1.png","width":739,"height":393,"caption":"LACKMAN &amp; CO."},"image":{"@id":"https:\/\/lackman.com.br\/#\/schema\/logo\/image\/"}},{"@type":"Person","@id":"https:\/\/lackman.com.br\/#\/schema\/person\/dbfb3fbfc55f2b0bd4f9039696e70858","name":"Fernando Lackman","image":{"@type":"ImageObject","inLanguage":"pt-BR","@id":"https:\/\/lackman.com.br\/#\/schema\/person\/image\/","url":"https:\/\/secure.gravatar.com\/avatar\/ae7993150af197e66480c8a769891833dd2b8d809f0d9ff3f25af796cf378ce8?s=96&d=mm&r=g","contentUrl":"https:\/\/secure.gravatar.com\/avatar\/ae7993150af197e66480c8a769891833dd2b8d809f0d9ff3f25af796cf378ce8?s=96&d=mm&r=g","caption":"Fernando Lackman"},"description":"Fernando Lackman \u00e9 jornalista especializado em Moda e Cultura, editor do site LACKMAN.com.br. \u00c9 autor do livro Bras\u00edlia Capital dos Criadores, que conta a hist\u00f3ria da moda no Distrito Federal. Tem em seu curr\u00edculo assinatura de dire\u00e7\u00e3o criativa e de desfiles em eventos como Estilo DF Plaza, Summer Collections, JK Street Fashion, Desfile Beleza Negra (DBN), PicniK Fashion Show, Vogue Fashion\u2019s Night Out Bras\u00edlia, entre outros. Foi diretor criativo do extinto Capital Fashion Week. Atualmente trabalha na dire\u00e7\u00e3o criativa de eventos como Top CUFA, BSB Fashion Street, Bras\u00edlia Fashion House, Ateli\u00ea Bras\u00edlia e Goi\u00e1s Fashion Week.","sameAs":["https:\/\/lackman.com.br\/","https:\/\/www.facebook.com\/fernandolackman","https:\/\/www.instagram.com\/fernandolackman\/","https:\/\/www.linkedin.com\/in\/fernando-lackman\/","https:\/\/br.pinterest.com\/fernandolackman\/","https:\/\/x.com\/fernandolackman"],"url":"https:\/\/lackman.com.br\/index.php\/author\/fernando-lackman\/"}]}},"rttpg_featured_image_url":{"full":["https:\/\/lackman.com.br\/wp-content\/uploads\/2024\/07\/IMG_8045-scaled.jpeg",1707,2560,false],"landscape":["https:\/\/lackman.com.br\/wp-content\/uploads\/2024\/07\/IMG_8045-scaled.jpeg",1707,2560,false],"portraits":["https:\/\/lackman.com.br\/wp-content\/uploads\/2024\/07\/IMG_8045-scaled.jpeg",1707,2560,false],"thumbnail":["https:\/\/lackman.com.br\/wp-content\/uploads\/2024\/07\/IMG_8045-150x150.jpeg",150,150,true],"medium":["https:\/\/lackman.com.br\/wp-content\/uploads\/2024\/07\/IMG_8045-200x300.jpeg",200,300,true],"large":["https:\/\/lackman.com.br\/wp-content\/uploads\/2024\/07\/IMG_8045-683x1024.jpeg",683,1024,true],"RoboGalleryMansoryImagesCenter":["https:\/\/lackman.com.br\/wp-content\/uploads\/2024\/07\/IMG_8045-600x1024.jpeg",600,1024,true],"RoboGalleryPreload":["https:\/\/lackman.com.br\/wp-content\/uploads\/2024\/07\/IMG_8045-scaled.jpeg",100,150,false],"1536x1536":["https:\/\/lackman.com.br\/wp-content\/uploads\/2024\/07\/IMG_8045-1024x1536.jpeg",1024,1536,true],"2048x2048":["https:\/\/lackman.com.br\/wp-content\/uploads\/2024\/07\/IMG_8045-1365x2048.jpeg",1365,2048,true]},"rttpg_author":{"display_name":"Fernando Lackman","author_link":"https:\/\/lackman.com.br\/index.php\/author\/fernando-lackman\/"},"rttpg_comment":0,"rttpg_category":"<a href=\"https:\/\/lackman.com.br\/index.php\/category\/moda\/\" rel=\"category tag\">Moda<\/a> <a href=\"https:\/\/lackman.com.br\/index.php\/category\/moda\/passarela\/\" rel=\"category tag\">Passarela<\/a>","rttpg_excerpt":"J\u00falia Theophilo concorreu com mais de mil estudantes do pa\u00eds e chegou \u00e0 final do Desafio Sou de Algod\u00e3o + Casa de Criadores Em todas as \u00e1reas nas quais a profissionaliza\u00e7\u00e3o batalha de m\u00e3os dadas com o talento, a necessidade de aprofundamento t\u00e9cnico e desenvolvimento de habilidades se unem em torno de algo importante: a&hellip;","_links":{"self":[{"href":"https:\/\/lackman.com.br\/index.php\/wp-json\/wp\/v2\/posts\/7309","targetHints":{"allow":["GET"]}}],"collection":[{"href":"https:\/\/lackman.com.br\/index.php\/wp-json\/wp\/v2\/posts"}],"about":[{"href":"https:\/\/lackman.com.br\/index.php\/wp-json\/wp\/v2\/types\/post"}],"author":[{"embeddable":true,"href":"https:\/\/lackman.com.br\/index.php\/wp-json\/wp\/v2\/users\/2"}],"replies":[{"embeddable":true,"href":"https:\/\/lackman.com.br\/index.php\/wp-json\/wp\/v2\/comments?post=7309"}],"version-history":[{"count":5,"href":"https:\/\/lackman.com.br\/index.php\/wp-json\/wp\/v2\/posts\/7309\/revisions"}],"predecessor-version":[{"id":7318,"href":"https:\/\/lackman.com.br\/index.php\/wp-json\/wp\/v2\/posts\/7309\/revisions\/7318"}],"wp:featuredmedia":[{"embeddable":true,"href":"https:\/\/lackman.com.br\/index.php\/wp-json\/wp\/v2\/media\/7310"}],"wp:attachment":[{"href":"https:\/\/lackman.com.br\/index.php\/wp-json\/wp\/v2\/media?parent=7309"}],"wp:term":[{"taxonomy":"category","embeddable":true,"href":"https:\/\/lackman.com.br\/index.php\/wp-json\/wp\/v2\/categories?post=7309"},{"taxonomy":"post_tag","embeddable":true,"href":"https:\/\/lackman.com.br\/index.php\/wp-json\/wp\/v2\/tags?post=7309"}],"curies":[{"name":"wp","href":"https:\/\/api.w.org\/{rel}","templated":true}]}}