{"id":7225,"date":"2024-06-21T09:10:01","date_gmt":"2024-06-21T12:10:01","guid":{"rendered":"https:\/\/lackman.com.br\/?p=7225"},"modified":"2024-06-21T09:37:47","modified_gmt":"2024-06-21T12:37:47","slug":"toys-e-omik-ocupam-a-galeria-do-hidden","status":"publish","type":"post","link":"https:\/\/lackman.com.br\/index.php\/2024\/06\/21\/toys-e-omik-ocupam-a-galeria-do-hidden\/","title":{"rendered":"Toys e Omik ocupam a galeria do Hidden"},"content":{"rendered":"<p style=\"text-align: justify\"><em>A <\/em><em>\u00a0dupla mais conhecida do grafite brasiliense chega com seus tra\u00e7os multicoloridos, trazendo uma colet\u00e2nea de trabalhos que v\u00e3o encher de good vibes a nossa galeria.<\/em><\/p>\n<p>&nbsp;<\/p>\n<p style=\"text-align: justify\">Hidden e grafite t\u00eam tudo a ver, afinal, ambos t\u00eam as ruas, os espa\u00e7os p\u00fablicos (sobretudo aqueles que est\u00e3o abandonados ou esquecidos) como fonte de inspira\u00e7\u00e3o. N\u00e3o \u00e9 por menos que o casamento do evento com a dupla formada por <strong><a href=\"https:\/\/www.instagram.com\/toysdaniel\/\">Daniel Toys<\/a> e <a href=\"https:\/\/www.instagram.com\/mikaelomik\/\">Mikael Omik<\/a><\/strong> \u00e9 t\u00e3o duradouro. Eles estiveram desde o come\u00e7o, na primeira ocupa\u00e7\u00e3o, aquela da passarela subterr\u00e2nea do Pier 21, no ano de 2017. De l\u00e1 para c\u00e1, o total \u00e9 de quatro participa\u00e7\u00f5es com esta de 2024 na <strong>Casa Manchete<\/strong>. Ent\u00e3o, se liga, pois os artistas j\u00e1 penduraram suas obras nas paredes da galeria nessa quinta-feira (20), e voc\u00ea pode ir <strong>#PERAMBULANDO<\/strong> at\u00e9 l\u00e1 para conferir o grafite <em>made in<\/em> Bras\u00edlia \u00a0at\u00e9 <strong>21 de julho<\/strong>.<\/p>\n<p style=\"text-align: justify\">\u201c<em>Estou trazendo diversas obras, entre originais e prints com baixa tiragem, onde se destacam o formato geom\u00e9trico ganhando composi\u00e7\u00f5es fragmentadas, repletas de estampas, uma linha de trabalho que acabou sendo bastante popularizada pela jun\u00e7\u00e3o de nossas assinaturas<\/em>\u201d, explica <strong>Omik<\/strong>. \u201c<em>Mas vale deixar bem claro que as obras desta exposi\u00e7\u00e3o foram pintadas separadamente, sendo cada tela de um \u00fanico artista, sua vis\u00e3o de mundo e momento de cada um de n\u00f3s<\/em>\u201d, completa.<\/p>\n<p style=\"text-align: justify\"><img fetchpriority=\"high\" decoding=\"async\" class=\"aligncenter wp-image-7229 size-full\" src=\"http:\/\/lackman.com.br\/wp-content\/uploads\/2024\/06\/Omik_04.jpg\" alt=\"\" width=\"1080\" height=\"1350\" srcset=\"https:\/\/lackman.com.br\/wp-content\/uploads\/2024\/06\/Omik_04.jpg 1080w, https:\/\/lackman.com.br\/wp-content\/uploads\/2024\/06\/Omik_04-240x300.jpg 240w, https:\/\/lackman.com.br\/wp-content\/uploads\/2024\/06\/Omik_04-819x1024.jpg 819w, https:\/\/lackman.com.br\/wp-content\/uploads\/2024\/06\/Omik_04-768x960.jpg 768w\" sizes=\"(max-width: 1080px) 100vw, 1080px\" \/><\/p>\n<p style=\"text-align: justify\">A escolha por uma miscel\u00e2nea de trabalhos tamb\u00e9m foi feita por <strong>Toys<\/strong>, que prev\u00ea uma mostra plural, justamente por este motivo. \u201c<em>\u00c9 uma parcela aleat\u00f3ria do meu trabalho, mas tem muita coisa que eu ando pesquisando ultimamente, onde trago uma quest\u00e3o motivacional, de sonhos, mensagens das ruas e as brincadeiras com lixos que vou encontrando por a\u00ed<\/em>\u201d, avisa o artista que afirma estar em um momento de ressignifica\u00e7\u00e3o de sua arte. \u201c<em>O Toyzinho est\u00e1 saindo um pouco de cena para dar espa\u00e7o a novos s\u00edmbolos e temas recorrentes como a escada, a casinha, a porta, entre outros<\/em>\u201d, conta Daniel.<\/p>\n<p style=\"text-align: justify\"><img decoding=\"async\" class=\"aligncenter wp-image-7228 size-full\" src=\"http:\/\/lackman.com.br\/wp-content\/uploads\/2024\/06\/Toys_02.jpg\" alt=\"\" width=\"1080\" height=\"1350\" srcset=\"https:\/\/lackman.com.br\/wp-content\/uploads\/2024\/06\/Toys_02.jpg 1080w, https:\/\/lackman.com.br\/wp-content\/uploads\/2024\/06\/Toys_02-240x300.jpg 240w, https:\/\/lackman.com.br\/wp-content\/uploads\/2024\/06\/Toys_02-819x1024.jpg 819w, https:\/\/lackman.com.br\/wp-content\/uploads\/2024\/06\/Toys_02-768x960.jpg 768w\" sizes=\"(max-width: 1080px) 100vw, 1080px\" \/><\/p>\n<p style=\"text-align: justify\">E para os entusiastas do trabalho dessa dupla, fica a dica: as obras expostas, al\u00e9m de admiradas, poder\u00e3o ser adquiridas dos artistas. Animados, eles comemoram a participa\u00e7\u00e3o em mais uma edi\u00e7\u00e3o da ocupa\u00e7\u00e3o urbana mais cool da cidade. \u201c<em>A gente tem um carinho enorme com o Hidden que tem tudo a ver com nosso trabalho, que \u00e9 de se apropriar da rua, de espa\u00e7os abandonados ou esquecidos, ressignificando esses lugares, assim como a gente faz com nosso trabalho<\/em>\u201d, avalia Toys. \u201c<em>A arte \u00e9 vida e est\u00e1 em todos os lugares, seja atrav\u00e9s das m\u00fasicas, mem\u00f3rias, do cinema, obras de arte e mensagens. Ent\u00e3o, \u00e9 importante que isso seja valorizado, n\u00e3o s\u00f3 como uma express\u00e3o ou movimento, mas de maneira \u00edntegra como todos os outros trabalhos que demandam tempo e dedica\u00e7\u00e3o para obter melhorias e profissionaliza\u00e7\u00e3o. Ent\u00e3o, um viva para o Hidden<\/em>\u201d, comemora Omik.<\/p>\n<p>&nbsp;<\/p>\n<p><em><strong>Tssssss&#8230; bora?\u00a0<\/strong><\/em><\/p>\n<p style=\"text-align: justify\"><em><strong>Omik &amp; Toys no Hidden<\/strong> &#8211; Casa Manchete SIG \/ at\u00e9 21 de julho &#8211; quinta-feira a s\u00e1bado, 18h30 \/ Couvert art\u00edstico R$ 50 \/ Entrada por ordem de chegada, sujeito \u00e0 lota\u00e7\u00e3o \/ Siga\u00a0<a href=\"https:\/\/www.instagram.com\/hiddenbrasilia\/\">@hiddenbrasilia<\/a><\/em><\/p>\n<p>&nbsp;<\/p>\n<pre>Fotos: Reprodu\u00e7\u00e3o\/Instagram dos Artistas<\/pre>\n","protected":false},"excerpt":{"rendered":"<p>A \u00a0dupla mais conhecida do grafite brasiliense chega com seus tra\u00e7os multicoloridos, trazendo uma colet\u00e2nea de trabalhos que v\u00e3o encher de good vibes a nossa galeria. &nbsp; Hidden e grafite t\u00eam tudo a ver, afinal, ambos t\u00eam as ruas, os espa\u00e7os p\u00fablicos (sobretudo aqueles que est\u00e3o abandonados ou esquecidos) como fonte de inspira\u00e7\u00e3o. N\u00e3o \u00e9 por menos que o casamento do evento com a dupla formada por Daniel Toys e Mikael Omik \u00e9 t\u00e3o duradouro. Eles estiveram desde o come\u00e7o, na primeira ocupa\u00e7\u00e3o, aquela da passarela subterr\u00e2nea do Pier 21, no ano de 2017. De l\u00e1 para c\u00e1, o total \u00e9 de quatro participa\u00e7\u00f5es com esta de 2024 na Casa Manchete. Ent\u00e3o, se liga, pois os artistas j\u00e1 penduraram suas obras nas paredes da galeria nessa quinta-feira (20), e voc\u00ea pode ir #PERAMBULANDO at\u00e9 l\u00e1 para conferir o grafite made in Bras\u00edlia \u00a0at\u00e9 21 de julho. \u201cEstou trazendo diversas obras, entre originais e prints com baixa tiragem, onde se destacam o formato geom\u00e9trico ganhando composi\u00e7\u00f5es fragmentadas, repletas de estampas, uma linha de trabalho que acabou sendo bastante popularizada pela jun\u00e7\u00e3o de nossas assinaturas\u201d, explica Omik. \u201cMas vale deixar bem claro que as obras desta exposi\u00e7\u00e3o foram pintadas separadamente, sendo cada tela de um \u00fanico artista, sua vis\u00e3o de mundo e momento de cada um de n\u00f3s\u201d, completa. A escolha por uma miscel\u00e2nea de trabalhos tamb\u00e9m foi feita por Toys, que prev\u00ea uma mostra plural, justamente por este motivo. \u201c\u00c9 uma parcela aleat\u00f3ria do meu trabalho, mas tem muita coisa que eu ando pesquisando ultimamente, onde trago uma quest\u00e3o motivacional, de sonhos, mensagens das ruas e as brincadeiras com lixos que vou encontrando por a\u00ed\u201d, avisa o artista que afirma estar em um momento de ressignifica\u00e7\u00e3o de sua arte. \u201cO Toyzinho est\u00e1 saindo um pouco de cena para dar espa\u00e7o a novos s\u00edmbolos e temas recorrentes como a escada, a casinha, a porta, entre outros\u201d, conta Daniel. E para os entusiastas do trabalho dessa dupla, fica a dica: as obras expostas, al\u00e9m de admiradas, poder\u00e3o ser adquiridas dos artistas. Animados, eles comemoram a participa\u00e7\u00e3o em mais uma edi\u00e7\u00e3o da ocupa\u00e7\u00e3o urbana mais cool da cidade. \u201cA gente tem um carinho enorme com o Hidden que tem tudo a ver com nosso trabalho, que \u00e9 de se apropriar da rua, de espa\u00e7os abandonados ou esquecidos, ressignificando esses lugares, assim como a gente faz com nosso trabalho\u201d, avalia Toys. \u201cA arte \u00e9 vida e est\u00e1 em todos os lugares, seja atrav\u00e9s das m\u00fasicas, mem\u00f3rias, do cinema, obras de arte e mensagens. Ent\u00e3o, \u00e9 importante que isso seja valorizado, n\u00e3o s\u00f3 como uma express\u00e3o ou movimento, mas de maneira \u00edntegra como todos os outros trabalhos que demandam tempo e dedica\u00e7\u00e3o para obter melhorias e profissionaliza\u00e7\u00e3o. Ent\u00e3o, um viva para o Hidden\u201d, comemora Omik. &nbsp; Tssssss&#8230; bora?\u00a0 Omik &amp; Toys no Hidden &#8211; Casa Manchete SIG \/ at\u00e9 21 de julho &#8211; quinta-feira a s\u00e1bado, 18h30 \/ Couvert art\u00edstico R$ 50 \/ Entrada por ordem de chegada, sujeito \u00e0 lota\u00e7\u00e3o \/ Siga\u00a0@hiddenbrasilia &nbsp; Fotos: Reprodu\u00e7\u00e3o\/Instagram dos Artistas<\/p>\n","protected":false},"author":6,"featured_media":7226,"comment_status":"closed","ping_status":"open","sticky":false,"template":"","format":"standard","meta":{"site-sidebar-layout":"default","site-content-layout":"","ast-site-content-layout":"default","site-content-style":"default","site-sidebar-style":"default","ast-global-header-display":"","ast-banner-title-visibility":"","ast-main-header-display":"","ast-hfb-above-header-display":"","ast-hfb-below-header-display":"","ast-hfb-mobile-header-display":"","site-post-title":"","ast-breadcrumbs-content":"","ast-featured-img":"","footer-sml-layout":"","ast-disable-related-posts":"","theme-transparent-header-meta":"default","adv-header-id-meta":"","stick-header-meta":"","header-above-stick-meta":"","header-main-stick-meta":"","header-below-stick-meta":"","astra-migrate-meta-layouts":"set","ast-page-background-enabled":"default","ast-page-background-meta":{"desktop":{"background-color":"","background-image":"","background-repeat":"repeat","background-position":"center center","background-size":"auto","background-attachment":"scroll","background-type":"","background-media":"","overlay-type":"","overlay-color":"","overlay-opacity":"","overlay-gradient":""},"tablet":{"background-color":"","background-image":"","background-repeat":"repeat","background-position":"center center","background-size":"auto","background-attachment":"scroll","background-type":"","background-media":"","overlay-type":"","overlay-color":"","overlay-opacity":"","overlay-gradient":""},"mobile":{"background-color":"","background-image":"","background-repeat":"repeat","background-position":"center center","background-size":"auto","background-attachment":"scroll","background-type":"","background-media":"","overlay-type":"","overlay-color":"","overlay-opacity":"","overlay-gradient":""}},"ast-content-background-meta":{"desktop":{"background-color":"var(--ast-global-color-5)","background-image":"","background-repeat":"repeat","background-position":"center center","background-size":"auto","background-attachment":"scroll","background-type":"","background-media":"","overlay-type":"","overlay-color":"","overlay-opacity":"","overlay-gradient":""},"tablet":{"background-color":"var(--ast-global-color-5)","background-image":"","background-repeat":"repeat","background-position":"center center","background-size":"auto","background-attachment":"scroll","background-type":"","background-media":"","overlay-type":"","overlay-color":"","overlay-opacity":"","overlay-gradient":""},"mobile":{"background-color":"var(--ast-global-color-5)","background-image":"","background-repeat":"repeat","background-position":"center center","background-size":"auto","background-attachment":"scroll","background-type":"","background-media":"","overlay-type":"","overlay-color":"","overlay-opacity":"","overlay-gradient":""}},"footnotes":""},"categories":[46,47],"tags":[147,488,54,1300,219,89,261,354,160,1164,1299,1297,1298],"class_list":["post-7225","post","type-post","status-publish","format-standard","has-post-thumbnail","hentry","category-arte","category-cultura-arte","tag-arte","tag-arte-urbana","tag-brasilia","tag-casa-manchete","tag-daniel-toys","tag-df","tag-exposicao","tag-galeria","tag-grafite","tag-hidden","tag-mikael-omik","tag-omik","tag-toys"],"yoast_head":"<!-- This site is optimized with the Yoast SEO plugin v27.0 - https:\/\/yoast.com\/product\/yoast-seo-wordpress\/ -->\n<title>Toys e Omik ocupam a galeria do Hidden - LACKMAN &amp; CO.<\/title>\n<meta name=\"robots\" content=\"index, follow, max-snippet:-1, max-image-preview:large, max-video-preview:-1\" \/>\n<link rel=\"canonical\" href=\"https:\/\/lackman.com.br\/index.php\/2024\/06\/21\/toys-e-omik-ocupam-a-galeria-do-hidden\/\" \/>\n<meta property=\"og:locale\" content=\"pt_BR\" \/>\n<meta property=\"og:type\" content=\"article\" \/>\n<meta property=\"og:title\" content=\"Toys e Omik ocupam a galeria do Hidden - LACKMAN &amp; CO.\" \/>\n<meta property=\"og:description\" content=\"A \u00a0dupla mais conhecida do grafite brasiliense chega com seus tra\u00e7os multicoloridos, trazendo uma colet\u00e2nea de trabalhos que v\u00e3o encher de good vibes a nossa galeria. &nbsp; Hidden e grafite t\u00eam tudo a ver, afinal, ambos t\u00eam as ruas, os espa\u00e7os p\u00fablicos (sobretudo aqueles que est\u00e3o abandonados ou esquecidos) como fonte de inspira\u00e7\u00e3o. N\u00e3o \u00e9 por menos que o casamento do evento com a dupla formada por Daniel Toys e Mikael Omik \u00e9 t\u00e3o duradouro. Eles estiveram desde o come\u00e7o, na primeira ocupa\u00e7\u00e3o, aquela da passarela subterr\u00e2nea do Pier 21, no ano de 2017. De l\u00e1 para c\u00e1, o total \u00e9 de quatro participa\u00e7\u00f5es com esta de 2024 na Casa Manchete. Ent\u00e3o, se liga, pois os artistas j\u00e1 penduraram suas obras nas paredes da galeria nessa quinta-feira (20), e voc\u00ea pode ir #PERAMBULANDO at\u00e9 l\u00e1 para conferir o grafite made in Bras\u00edlia \u00a0at\u00e9 21 de julho. \u201cEstou trazendo diversas obras, entre originais e prints com baixa tiragem, onde se destacam o formato geom\u00e9trico ganhando composi\u00e7\u00f5es fragmentadas, repletas de estampas, uma linha de trabalho que acabou sendo bastante popularizada pela jun\u00e7\u00e3o de nossas assinaturas\u201d, explica Omik. \u201cMas vale deixar bem claro que as obras desta exposi\u00e7\u00e3o foram pintadas separadamente, sendo cada tela de um \u00fanico artista, sua vis\u00e3o de mundo e momento de cada um de n\u00f3s\u201d, completa. A escolha por uma miscel\u00e2nea de trabalhos tamb\u00e9m foi feita por Toys, que prev\u00ea uma mostra plural, justamente por este motivo. \u201c\u00c9 uma parcela aleat\u00f3ria do meu trabalho, mas tem muita coisa que eu ando pesquisando ultimamente, onde trago uma quest\u00e3o motivacional, de sonhos, mensagens das ruas e as brincadeiras com lixos que vou encontrando por a\u00ed\u201d, avisa o artista que afirma estar em um momento de ressignifica\u00e7\u00e3o de sua arte. \u201cO Toyzinho est\u00e1 saindo um pouco de cena para dar espa\u00e7o a novos s\u00edmbolos e temas recorrentes como a escada, a casinha, a porta, entre outros\u201d, conta Daniel. E para os entusiastas do trabalho dessa dupla, fica a dica: as obras expostas, al\u00e9m de admiradas, poder\u00e3o ser adquiridas dos artistas. Animados, eles comemoram a participa\u00e7\u00e3o em mais uma edi\u00e7\u00e3o da ocupa\u00e7\u00e3o urbana mais cool da cidade. \u201cA gente tem um carinho enorme com o Hidden que tem tudo a ver com nosso trabalho, que \u00e9 de se apropriar da rua, de espa\u00e7os abandonados ou esquecidos, ressignificando esses lugares, assim como a gente faz com nosso trabalho\u201d, avalia Toys. \u201cA arte \u00e9 vida e est\u00e1 em todos os lugares, seja atrav\u00e9s das m\u00fasicas, mem\u00f3rias, do cinema, obras de arte e mensagens. Ent\u00e3o, \u00e9 importante que isso seja valorizado, n\u00e3o s\u00f3 como uma express\u00e3o ou movimento, mas de maneira \u00edntegra como todos os outros trabalhos que demandam tempo e dedica\u00e7\u00e3o para obter melhorias e profissionaliza\u00e7\u00e3o. Ent\u00e3o, um viva para o Hidden\u201d, comemora Omik. &nbsp; Tssssss&#8230; bora?\u00a0 Omik &amp; Toys no Hidden &#8211; Casa Manchete SIG \/ at\u00e9 21 de julho &#8211; quinta-feira a s\u00e1bado, 18h30 \/ Couvert art\u00edstico R$ 50 \/ Entrada por ordem de chegada, sujeito \u00e0 lota\u00e7\u00e3o \/ Siga\u00a0@hiddenbrasilia &nbsp; Fotos: Reprodu\u00e7\u00e3o\/Instagram dos Artistas\" \/>\n<meta property=\"og:url\" content=\"https:\/\/lackman.com.br\/index.php\/2024\/06\/21\/toys-e-omik-ocupam-a-galeria-do-hidden\/\" \/>\n<meta property=\"og:site_name\" content=\"LACKMAN &amp; CO.\" \/>\n<meta property=\"article:published_time\" content=\"2024-06-21T12:10:01+00:00\" \/>\n<meta property=\"article:modified_time\" content=\"2024-06-21T12:37:47+00:00\" \/>\n<meta property=\"og:image\" content=\"http:\/\/lackman.com.br\/wp-content\/uploads\/2024\/06\/Mikael-Omik_Daniel-Toys.jpg\" \/>\n\t<meta property=\"og:image:width\" content=\"1080\" \/>\n\t<meta property=\"og:image:height\" content=\"1350\" \/>\n\t<meta property=\"og:image:type\" content=\"image\/jpeg\" \/>\n<meta name=\"author\" content=\"Gilberto Evangelista - Colunista\" \/>\n<meta name=\"twitter:card\" content=\"summary_large_image\" \/>\n<meta name=\"twitter:label1\" content=\"Escrito por\" \/>\n\t<meta name=\"twitter:data1\" content=\"Gilberto Evangelista - Colunista\" \/>\n\t<meta name=\"twitter:label2\" content=\"Est. tempo de leitura\" \/>\n\t<meta name=\"twitter:data2\" content=\"4 minutos\" \/>\n<script type=\"application\/ld+json\" class=\"yoast-schema-graph\">{\"@context\":\"https:\/\/schema.org\",\"@graph\":[{\"@type\":\"Article\",\"@id\":\"https:\/\/lackman.com.br\/index.php\/2024\/06\/21\/toys-e-omik-ocupam-a-galeria-do-hidden\/#article\",\"isPartOf\":{\"@id\":\"https:\/\/lackman.com.br\/index.php\/2024\/06\/21\/toys-e-omik-ocupam-a-galeria-do-hidden\/\"},\"author\":{\"name\":\"Gilberto Evangelista - Colunista\",\"@id\":\"https:\/\/lackman.com.br\/#\/schema\/person\/8a2355f699593d21d4f0d25b69db5747\"},\"headline\":\"Toys e Omik ocupam a galeria do Hidden\",\"datePublished\":\"2024-06-21T12:10:01+00:00\",\"dateModified\":\"2024-06-21T12:37:47+00:00\",\"mainEntityOfPage\":{\"@id\":\"https:\/\/lackman.com.br\/index.php\/2024\/06\/21\/toys-e-omik-ocupam-a-galeria-do-hidden\/\"},\"wordCount\":536,\"publisher\":{\"@id\":\"https:\/\/lackman.com.br\/#organization\"},\"image\":{\"@id\":\"https:\/\/lackman.com.br\/index.php\/2024\/06\/21\/toys-e-omik-ocupam-a-galeria-do-hidden\/#primaryimage\"},\"thumbnailUrl\":\"https:\/\/lackman.com.br\/wp-content\/uploads\/2024\/06\/Mikael-Omik_Daniel-Toys.jpg\",\"keywords\":[\"Arte\",\"arte-urbana\",\"brasilia\",\"Casa Manchete\",\"daniel toys\",\"df\",\"exposi\u00e7\u00e3o\",\"galeria\",\"grafite\",\"Hidden\",\"Mikael Omik\",\"Omik\",\"Toys\"],\"articleSection\":[\"Arte\",\"Cultura\"],\"inLanguage\":\"pt-BR\"},{\"@type\":\"WebPage\",\"@id\":\"https:\/\/lackman.com.br\/index.php\/2024\/06\/21\/toys-e-omik-ocupam-a-galeria-do-hidden\/\",\"url\":\"https:\/\/lackman.com.br\/index.php\/2024\/06\/21\/toys-e-omik-ocupam-a-galeria-do-hidden\/\",\"name\":\"Toys e Omik ocupam a galeria do Hidden - LACKMAN &amp; CO.\",\"isPartOf\":{\"@id\":\"https:\/\/lackman.com.br\/#website\"},\"primaryImageOfPage\":{\"@id\":\"https:\/\/lackman.com.br\/index.php\/2024\/06\/21\/toys-e-omik-ocupam-a-galeria-do-hidden\/#primaryimage\"},\"image\":{\"@id\":\"https:\/\/lackman.com.br\/index.php\/2024\/06\/21\/toys-e-omik-ocupam-a-galeria-do-hidden\/#primaryimage\"},\"thumbnailUrl\":\"https:\/\/lackman.com.br\/wp-content\/uploads\/2024\/06\/Mikael-Omik_Daniel-Toys.jpg\",\"datePublished\":\"2024-06-21T12:10:01+00:00\",\"dateModified\":\"2024-06-21T12:37:47+00:00\",\"breadcrumb\":{\"@id\":\"https:\/\/lackman.com.br\/index.php\/2024\/06\/21\/toys-e-omik-ocupam-a-galeria-do-hidden\/#breadcrumb\"},\"inLanguage\":\"pt-BR\",\"potentialAction\":[{\"@type\":\"ReadAction\",\"target\":[\"https:\/\/lackman.com.br\/index.php\/2024\/06\/21\/toys-e-omik-ocupam-a-galeria-do-hidden\/\"]}]},{\"@type\":\"ImageObject\",\"inLanguage\":\"pt-BR\",\"@id\":\"https:\/\/lackman.com.br\/index.php\/2024\/06\/21\/toys-e-omik-ocupam-a-galeria-do-hidden\/#primaryimage\",\"url\":\"https:\/\/lackman.com.br\/wp-content\/uploads\/2024\/06\/Mikael-Omik_Daniel-Toys.jpg\",\"contentUrl\":\"https:\/\/lackman.com.br\/wp-content\/uploads\/2024\/06\/Mikael-Omik_Daniel-Toys.jpg\",\"width\":1080,\"height\":1350},{\"@type\":\"BreadcrumbList\",\"@id\":\"https:\/\/lackman.com.br\/index.php\/2024\/06\/21\/toys-e-omik-ocupam-a-galeria-do-hidden\/#breadcrumb\",\"itemListElement\":[{\"@type\":\"ListItem\",\"position\":1,\"name\":\"In\u00edcio\",\"item\":\"https:\/\/lackman.com.br\/\"},{\"@type\":\"ListItem\",\"position\":2,\"name\":\"Toys e Omik ocupam a galeria do Hidden\"}]},{\"@type\":\"WebSite\",\"@id\":\"https:\/\/lackman.com.br\/#website\",\"url\":\"https:\/\/lackman.com.br\/\",\"name\":\"LACKMAN &amp; CO.\",\"description\":\"VIDA | MODA | ARTE\",\"publisher\":{\"@id\":\"https:\/\/lackman.com.br\/#organization\"},\"potentialAction\":[{\"@type\":\"SearchAction\",\"target\":{\"@type\":\"EntryPoint\",\"urlTemplate\":\"https:\/\/lackman.com.br\/?s={search_term_string}\"},\"query-input\":{\"@type\":\"PropertyValueSpecification\",\"valueRequired\":true,\"valueName\":\"search_term_string\"}}],\"inLanguage\":\"pt-BR\"},{\"@type\":\"Organization\",\"@id\":\"https:\/\/lackman.com.br\/#organization\",\"name\":\"LACKMAN &amp; CO.\",\"url\":\"https:\/\/lackman.com.br\/\",\"logo\":{\"@type\":\"ImageObject\",\"inLanguage\":\"pt-BR\",\"@id\":\"https:\/\/lackman.com.br\/#\/schema\/logo\/image\/\",\"url\":\"https:\/\/lackman.com.br\/wp-content\/uploads\/2023\/06\/Logotipo_preto-1.png\",\"contentUrl\":\"https:\/\/lackman.com.br\/wp-content\/uploads\/2023\/06\/Logotipo_preto-1.png\",\"width\":739,\"height\":393,\"caption\":\"LACKMAN &amp; CO.\"},\"image\":{\"@id\":\"https:\/\/lackman.com.br\/#\/schema\/logo\/image\/\"}},{\"@type\":\"Person\",\"@id\":\"https:\/\/lackman.com.br\/#\/schema\/person\/8a2355f699593d21d4f0d25b69db5747\",\"name\":\"Gilberto Evangelista - Colunista\",\"image\":{\"@type\":\"ImageObject\",\"inLanguage\":\"pt-BR\",\"@id\":\"https:\/\/lackman.com.br\/#\/schema\/person\/image\/\",\"url\":\"https:\/\/secure.gravatar.com\/avatar\/cea9badf02f8a90f7a745f2cbea45fda61f65711ec015e2faf3809cca6337c28?s=96&d=mm&r=g\",\"contentUrl\":\"https:\/\/secure.gravatar.com\/avatar\/cea9badf02f8a90f7a745f2cbea45fda61f65711ec015e2faf3809cca6337c28?s=96&d=mm&r=g\",\"caption\":\"Gilberto Evangelista - Colunista\"},\"description\":\"Jornalista e globetrotter.\",\"url\":\"https:\/\/lackman.com.br\/index.php\/author\/gilberto-brito\/\"}]}<\/script>\n<!-- \/ Yoast SEO plugin. -->","yoast_head_json":{"title":"Toys e Omik ocupam a galeria do Hidden - LACKMAN &amp; CO.","robots":{"index":"index","follow":"follow","max-snippet":"max-snippet:-1","max-image-preview":"max-image-preview:large","max-video-preview":"max-video-preview:-1"},"canonical":"https:\/\/lackman.com.br\/index.php\/2024\/06\/21\/toys-e-omik-ocupam-a-galeria-do-hidden\/","og_locale":"pt_BR","og_type":"article","og_title":"Toys e Omik ocupam a galeria do Hidden - LACKMAN &amp; CO.","og_description":"A \u00a0dupla mais conhecida do grafite brasiliense chega com seus tra\u00e7os multicoloridos, trazendo uma colet\u00e2nea de trabalhos que v\u00e3o encher de good vibes a nossa galeria. &nbsp; Hidden e grafite t\u00eam tudo a ver, afinal, ambos t\u00eam as ruas, os espa\u00e7os p\u00fablicos (sobretudo aqueles que est\u00e3o abandonados ou esquecidos) como fonte de inspira\u00e7\u00e3o. N\u00e3o \u00e9 por menos que o casamento do evento com a dupla formada por Daniel Toys e Mikael Omik \u00e9 t\u00e3o duradouro. Eles estiveram desde o come\u00e7o, na primeira ocupa\u00e7\u00e3o, aquela da passarela subterr\u00e2nea do Pier 21, no ano de 2017. De l\u00e1 para c\u00e1, o total \u00e9 de quatro participa\u00e7\u00f5es com esta de 2024 na Casa Manchete. Ent\u00e3o, se liga, pois os artistas j\u00e1 penduraram suas obras nas paredes da galeria nessa quinta-feira (20), e voc\u00ea pode ir #PERAMBULANDO at\u00e9 l\u00e1 para conferir o grafite made in Bras\u00edlia \u00a0at\u00e9 21 de julho. \u201cEstou trazendo diversas obras, entre originais e prints com baixa tiragem, onde se destacam o formato geom\u00e9trico ganhando composi\u00e7\u00f5es fragmentadas, repletas de estampas, uma linha de trabalho que acabou sendo bastante popularizada pela jun\u00e7\u00e3o de nossas assinaturas\u201d, explica Omik. \u201cMas vale deixar bem claro que as obras desta exposi\u00e7\u00e3o foram pintadas separadamente, sendo cada tela de um \u00fanico artista, sua vis\u00e3o de mundo e momento de cada um de n\u00f3s\u201d, completa. A escolha por uma miscel\u00e2nea de trabalhos tamb\u00e9m foi feita por Toys, que prev\u00ea uma mostra plural, justamente por este motivo. \u201c\u00c9 uma parcela aleat\u00f3ria do meu trabalho, mas tem muita coisa que eu ando pesquisando ultimamente, onde trago uma quest\u00e3o motivacional, de sonhos, mensagens das ruas e as brincadeiras com lixos que vou encontrando por a\u00ed\u201d, avisa o artista que afirma estar em um momento de ressignifica\u00e7\u00e3o de sua arte. \u201cO Toyzinho est\u00e1 saindo um pouco de cena para dar espa\u00e7o a novos s\u00edmbolos e temas recorrentes como a escada, a casinha, a porta, entre outros\u201d, conta Daniel. E para os entusiastas do trabalho dessa dupla, fica a dica: as obras expostas, al\u00e9m de admiradas, poder\u00e3o ser adquiridas dos artistas. Animados, eles comemoram a participa\u00e7\u00e3o em mais uma edi\u00e7\u00e3o da ocupa\u00e7\u00e3o urbana mais cool da cidade. \u201cA gente tem um carinho enorme com o Hidden que tem tudo a ver com nosso trabalho, que \u00e9 de se apropriar da rua, de espa\u00e7os abandonados ou esquecidos, ressignificando esses lugares, assim como a gente faz com nosso trabalho\u201d, avalia Toys. \u201cA arte \u00e9 vida e est\u00e1 em todos os lugares, seja atrav\u00e9s das m\u00fasicas, mem\u00f3rias, do cinema, obras de arte e mensagens. Ent\u00e3o, \u00e9 importante que isso seja valorizado, n\u00e3o s\u00f3 como uma express\u00e3o ou movimento, mas de maneira \u00edntegra como todos os outros trabalhos que demandam tempo e dedica\u00e7\u00e3o para obter melhorias e profissionaliza\u00e7\u00e3o. Ent\u00e3o, um viva para o Hidden\u201d, comemora Omik. &nbsp; Tssssss&#8230; bora?\u00a0 Omik &amp; Toys no Hidden &#8211; Casa Manchete SIG \/ at\u00e9 21 de julho &#8211; quinta-feira a s\u00e1bado, 18h30 \/ Couvert art\u00edstico R$ 50 \/ Entrada por ordem de chegada, sujeito \u00e0 lota\u00e7\u00e3o \/ Siga\u00a0@hiddenbrasilia &nbsp; Fotos: Reprodu\u00e7\u00e3o\/Instagram dos Artistas","og_url":"https:\/\/lackman.com.br\/index.php\/2024\/06\/21\/toys-e-omik-ocupam-a-galeria-do-hidden\/","og_site_name":"LACKMAN &amp; CO.","article_published_time":"2024-06-21T12:10:01+00:00","article_modified_time":"2024-06-21T12:37:47+00:00","og_image":[{"width":1080,"height":1350,"url":"http:\/\/lackman.com.br\/wp-content\/uploads\/2024\/06\/Mikael-Omik_Daniel-Toys.jpg","type":"image\/jpeg"}],"author":"Gilberto Evangelista - Colunista","twitter_card":"summary_large_image","twitter_misc":{"Escrito por":"Gilberto Evangelista - Colunista","Est. tempo de leitura":"4 minutos"},"schema":{"@context":"https:\/\/schema.org","@graph":[{"@type":"Article","@id":"https:\/\/lackman.com.br\/index.php\/2024\/06\/21\/toys-e-omik-ocupam-a-galeria-do-hidden\/#article","isPartOf":{"@id":"https:\/\/lackman.com.br\/index.php\/2024\/06\/21\/toys-e-omik-ocupam-a-galeria-do-hidden\/"},"author":{"name":"Gilberto Evangelista - Colunista","@id":"https:\/\/lackman.com.br\/#\/schema\/person\/8a2355f699593d21d4f0d25b69db5747"},"headline":"Toys e Omik ocupam a galeria do Hidden","datePublished":"2024-06-21T12:10:01+00:00","dateModified":"2024-06-21T12:37:47+00:00","mainEntityOfPage":{"@id":"https:\/\/lackman.com.br\/index.php\/2024\/06\/21\/toys-e-omik-ocupam-a-galeria-do-hidden\/"},"wordCount":536,"publisher":{"@id":"https:\/\/lackman.com.br\/#organization"},"image":{"@id":"https:\/\/lackman.com.br\/index.php\/2024\/06\/21\/toys-e-omik-ocupam-a-galeria-do-hidden\/#primaryimage"},"thumbnailUrl":"https:\/\/lackman.com.br\/wp-content\/uploads\/2024\/06\/Mikael-Omik_Daniel-Toys.jpg","keywords":["Arte","arte-urbana","brasilia","Casa Manchete","daniel toys","df","exposi\u00e7\u00e3o","galeria","grafite","Hidden","Mikael Omik","Omik","Toys"],"articleSection":["Arte","Cultura"],"inLanguage":"pt-BR"},{"@type":"WebPage","@id":"https:\/\/lackman.com.br\/index.php\/2024\/06\/21\/toys-e-omik-ocupam-a-galeria-do-hidden\/","url":"https:\/\/lackman.com.br\/index.php\/2024\/06\/21\/toys-e-omik-ocupam-a-galeria-do-hidden\/","name":"Toys e Omik ocupam a galeria do Hidden - LACKMAN &amp; CO.","isPartOf":{"@id":"https:\/\/lackman.com.br\/#website"},"primaryImageOfPage":{"@id":"https:\/\/lackman.com.br\/index.php\/2024\/06\/21\/toys-e-omik-ocupam-a-galeria-do-hidden\/#primaryimage"},"image":{"@id":"https:\/\/lackman.com.br\/index.php\/2024\/06\/21\/toys-e-omik-ocupam-a-galeria-do-hidden\/#primaryimage"},"thumbnailUrl":"https:\/\/lackman.com.br\/wp-content\/uploads\/2024\/06\/Mikael-Omik_Daniel-Toys.jpg","datePublished":"2024-06-21T12:10:01+00:00","dateModified":"2024-06-21T12:37:47+00:00","breadcrumb":{"@id":"https:\/\/lackman.com.br\/index.php\/2024\/06\/21\/toys-e-omik-ocupam-a-galeria-do-hidden\/#breadcrumb"},"inLanguage":"pt-BR","potentialAction":[{"@type":"ReadAction","target":["https:\/\/lackman.com.br\/index.php\/2024\/06\/21\/toys-e-omik-ocupam-a-galeria-do-hidden\/"]}]},{"@type":"ImageObject","inLanguage":"pt-BR","@id":"https:\/\/lackman.com.br\/index.php\/2024\/06\/21\/toys-e-omik-ocupam-a-galeria-do-hidden\/#primaryimage","url":"https:\/\/lackman.com.br\/wp-content\/uploads\/2024\/06\/Mikael-Omik_Daniel-Toys.jpg","contentUrl":"https:\/\/lackman.com.br\/wp-content\/uploads\/2024\/06\/Mikael-Omik_Daniel-Toys.jpg","width":1080,"height":1350},{"@type":"BreadcrumbList","@id":"https:\/\/lackman.com.br\/index.php\/2024\/06\/21\/toys-e-omik-ocupam-a-galeria-do-hidden\/#breadcrumb","itemListElement":[{"@type":"ListItem","position":1,"name":"In\u00edcio","item":"https:\/\/lackman.com.br\/"},{"@type":"ListItem","position":2,"name":"Toys e Omik ocupam a galeria do Hidden"}]},{"@type":"WebSite","@id":"https:\/\/lackman.com.br\/#website","url":"https:\/\/lackman.com.br\/","name":"LACKMAN &amp; CO.","description":"VIDA | MODA | ARTE","publisher":{"@id":"https:\/\/lackman.com.br\/#organization"},"potentialAction":[{"@type":"SearchAction","target":{"@type":"EntryPoint","urlTemplate":"https:\/\/lackman.com.br\/?s={search_term_string}"},"query-input":{"@type":"PropertyValueSpecification","valueRequired":true,"valueName":"search_term_string"}}],"inLanguage":"pt-BR"},{"@type":"Organization","@id":"https:\/\/lackman.com.br\/#organization","name":"LACKMAN &amp; CO.","url":"https:\/\/lackman.com.br\/","logo":{"@type":"ImageObject","inLanguage":"pt-BR","@id":"https:\/\/lackman.com.br\/#\/schema\/logo\/image\/","url":"https:\/\/lackman.com.br\/wp-content\/uploads\/2023\/06\/Logotipo_preto-1.png","contentUrl":"https:\/\/lackman.com.br\/wp-content\/uploads\/2023\/06\/Logotipo_preto-1.png","width":739,"height":393,"caption":"LACKMAN &amp; CO."},"image":{"@id":"https:\/\/lackman.com.br\/#\/schema\/logo\/image\/"}},{"@type":"Person","@id":"https:\/\/lackman.com.br\/#\/schema\/person\/8a2355f699593d21d4f0d25b69db5747","name":"Gilberto Evangelista - Colunista","image":{"@type":"ImageObject","inLanguage":"pt-BR","@id":"https:\/\/lackman.com.br\/#\/schema\/person\/image\/","url":"https:\/\/secure.gravatar.com\/avatar\/cea9badf02f8a90f7a745f2cbea45fda61f65711ec015e2faf3809cca6337c28?s=96&d=mm&r=g","contentUrl":"https:\/\/secure.gravatar.com\/avatar\/cea9badf02f8a90f7a745f2cbea45fda61f65711ec015e2faf3809cca6337c28?s=96&d=mm&r=g","caption":"Gilberto Evangelista - Colunista"},"description":"Jornalista e globetrotter.","url":"https:\/\/lackman.com.br\/index.php\/author\/gilberto-brito\/"}]}},"rttpg_featured_image_url":{"full":["https:\/\/lackman.com.br\/wp-content\/uploads\/2024\/06\/Mikael-Omik_Daniel-Toys.jpg",1080,1350,false],"landscape":["https:\/\/lackman.com.br\/wp-content\/uploads\/2024\/06\/Mikael-Omik_Daniel-Toys.jpg",1080,1350,false],"portraits":["https:\/\/lackman.com.br\/wp-content\/uploads\/2024\/06\/Mikael-Omik_Daniel-Toys.jpg",1080,1350,false],"thumbnail":["https:\/\/lackman.com.br\/wp-content\/uploads\/2024\/06\/Mikael-Omik_Daniel-Toys-150x150.jpg",150,150,true],"medium":["https:\/\/lackman.com.br\/wp-content\/uploads\/2024\/06\/Mikael-Omik_Daniel-Toys-240x300.jpg",240,300,true],"large":["https:\/\/lackman.com.br\/wp-content\/uploads\/2024\/06\/Mikael-Omik_Daniel-Toys-819x1024.jpg",819,1024,true],"RoboGalleryMansoryImagesCenter":["https:\/\/lackman.com.br\/wp-content\/uploads\/2024\/06\/Mikael-Omik_Daniel-Toys-600x1024.jpg",600,1024,true],"RoboGalleryPreload":["https:\/\/lackman.com.br\/wp-content\/uploads\/2024\/06\/Mikael-Omik_Daniel-Toys.jpg",100,125,false],"1536x1536":["https:\/\/lackman.com.br\/wp-content\/uploads\/2024\/06\/Mikael-Omik_Daniel-Toys.jpg",1080,1350,false],"2048x2048":["https:\/\/lackman.com.br\/wp-content\/uploads\/2024\/06\/Mikael-Omik_Daniel-Toys.jpg",1080,1350,false]},"rttpg_author":{"display_name":"Gilberto Evangelista - Colunista","author_link":"https:\/\/lackman.com.br\/index.php\/author\/gilberto-brito\/"},"rttpg_comment":0,"rttpg_category":"<a href=\"https:\/\/lackman.com.br\/index.php\/category\/arte\/\" rel=\"category tag\">Arte<\/a> <a href=\"https:\/\/lackman.com.br\/index.php\/category\/arte\/cultura-arte\/\" rel=\"category tag\">Cultura<\/a>","rttpg_excerpt":"A \u00a0dupla mais conhecida do grafite brasiliense chega com seus tra\u00e7os multicoloridos, trazendo uma colet\u00e2nea de trabalhos que v\u00e3o encher de good vibes a nossa galeria. &nbsp; Hidden e grafite t\u00eam tudo a ver, afinal, ambos t\u00eam as ruas, os espa\u00e7os p\u00fablicos (sobretudo aqueles que est\u00e3o abandonados ou esquecidos) como fonte de inspira\u00e7\u00e3o. N\u00e3o \u00e9&hellip;","_links":{"self":[{"href":"https:\/\/lackman.com.br\/index.php\/wp-json\/wp\/v2\/posts\/7225","targetHints":{"allow":["GET"]}}],"collection":[{"href":"https:\/\/lackman.com.br\/index.php\/wp-json\/wp\/v2\/posts"}],"about":[{"href":"https:\/\/lackman.com.br\/index.php\/wp-json\/wp\/v2\/types\/post"}],"author":[{"embeddable":true,"href":"https:\/\/lackman.com.br\/index.php\/wp-json\/wp\/v2\/users\/6"}],"replies":[{"embeddable":true,"href":"https:\/\/lackman.com.br\/index.php\/wp-json\/wp\/v2\/comments?post=7225"}],"version-history":[{"count":2,"href":"https:\/\/lackman.com.br\/index.php\/wp-json\/wp\/v2\/posts\/7225\/revisions"}],"predecessor-version":[{"id":7236,"href":"https:\/\/lackman.com.br\/index.php\/wp-json\/wp\/v2\/posts\/7225\/revisions\/7236"}],"wp:featuredmedia":[{"embeddable":true,"href":"https:\/\/lackman.com.br\/index.php\/wp-json\/wp\/v2\/media\/7226"}],"wp:attachment":[{"href":"https:\/\/lackman.com.br\/index.php\/wp-json\/wp\/v2\/media?parent=7225"}],"wp:term":[{"taxonomy":"category","embeddable":true,"href":"https:\/\/lackman.com.br\/index.php\/wp-json\/wp\/v2\/categories?post=7225"},{"taxonomy":"post_tag","embeddable":true,"href":"https:\/\/lackman.com.br\/index.php\/wp-json\/wp\/v2\/tags?post=7225"}],"curies":[{"name":"wp","href":"https:\/\/api.w.org\/{rel}","templated":true}]}}