{"id":7155,"date":"2024-06-11T19:23:42","date_gmt":"2024-06-11T22:23:42","guid":{"rendered":"https:\/\/lackman.com.br\/?p=7155"},"modified":"2024-06-11T21:02:15","modified_gmt":"2024-06-12T00:02:15","slug":"brasilia-cidade-criativa","status":"publish","type":"post","link":"https:\/\/lackman.com.br\/index.php\/2024\/06\/11\/brasilia-cidade-criativa\/","title":{"rendered":"Bras\u00edlia, cidade criativa"},"content":{"rendered":"<h5 style=\"text-align: justify\"><em>Com programa\u00e7\u00e3o intensa, F\u00f3rum trouxe futuro e design para o centro das discuss\u00f5es ao longo de uma semana na cidade que \u00e9 o mais belo fruto das artes<\/em><\/h5>\n<p style=\"text-align: justify\">Na \u00faltima semana, Bras\u00edlia sediou o <strong>F\u00f3rum Cidades Criativas<\/strong>, um evento que movimentou o segmento de design na capital federal. O evento, realizado entre os dias 4 e 7 de junho, contou com a presen\u00e7a de nomes de express\u00e3o nacional e internacional, discutindo a import\u00e2ncia de Bras\u00edlia, Curitiba e Fortaleza para <strong>a inova\u00e7\u00e3o atrav\u00e9s do design<\/strong>.<\/p>\n<p style=\"text-align: justify\">A abertura oficial ocorreu na manh\u00e3 de ter\u00e7a-feira (04), na sede da <strong>Associa\u00e7\u00e3o Comercial do Distrito Federal<\/strong> (ACDF). A cerim\u00f4nia contou com a presen\u00e7a de diversos profissionais da \u00e1rea, incluindo o Secret\u00e1rio de Turismo do DF, Cristiano Ara\u00fajo, que destacou a import\u00e2ncia do encontro para promover <strong>Bras\u00edlia como um destino tur\u00edstico de relev\u00e2ncia<\/strong>. Representantes de Curitiba e Fortaleza tamb\u00e9m estiveram presentes, refor\u00e7ando o reconhecimento dessas cidades pela UNESCO como Cidades Criativas do Design.<\/p>\n<p><img fetchpriority=\"high\" decoding=\"async\" class=\"aligncenter wp-image-7156 size-full\" src=\"http:\/\/lackman.com.br\/wp-content\/uploads\/2024\/06\/DSCF3685.jpg\" alt=\"\" width=\"850\" height=\"567\" srcset=\"https:\/\/lackman.com.br\/wp-content\/uploads\/2024\/06\/DSCF3685.jpg 850w, https:\/\/lackman.com.br\/wp-content\/uploads\/2024\/06\/DSCF3685-300x200.jpg 300w, https:\/\/lackman.com.br\/wp-content\/uploads\/2024\/06\/DSCF3685-768x512.jpg 768w\" sizes=\"(max-width: 850px) 100vw, 850px\" \/><\/p>\n<p><img decoding=\"async\" class=\"aligncenter wp-image-7157 size-full\" src=\"http:\/\/lackman.com.br\/wp-content\/uploads\/2024\/06\/DSCF3697.jpg\" alt=\"\" width=\"850\" height=\"567\" srcset=\"https:\/\/lackman.com.br\/wp-content\/uploads\/2024\/06\/DSCF3697.jpg 850w, https:\/\/lackman.com.br\/wp-content\/uploads\/2024\/06\/DSCF3697-300x200.jpg 300w, https:\/\/lackman.com.br\/wp-content\/uploads\/2024\/06\/DSCF3697-768x512.jpg 768w\" sizes=\"(max-width: 850px) 100vw, 850px\" \/><\/p>\n<p>O evento teve uma programa\u00e7\u00e3o intensa, repleta de <strong>palestras, debates, mesas redondas e oficinas<\/strong>. Esses momentos proporcionaram uma rica troca de ideias entre as tr\u00eas cidades, todas reconhecidas pela UNESCO por sua excel\u00eancia em design. O f\u00f3rum abordou diversos temas, desde o posicionamento de Bras\u00edlia como Cidade Criativa at\u00e9 a intera\u00e7\u00e3o do design com outros setores da economia criativa.<\/p>\n<p>Na noite de abertura, um coquetel no <strong>Espa\u00e7o Oscar Niemeyer<\/strong> reuniu cerca de <strong>200 convidados<\/strong>. O evento contou com a <strong>exposi\u00e7\u00e3o COD Poster Brasil<\/strong> e um <strong>desfile do projeto &#8220;Fios Sustent\u00e1veis&#8221;<\/strong>, que promove o <em>upcycling<\/em> de tecidos. A trilha sonora ficou por conta do <strong>DJ Andr\u00e9 Mueller<\/strong>, baixista da banda Plebe Rude.<\/p>\n<p><img decoding=\"async\" class=\"aligncenter wp-image-7158 size-full\" src=\"http:\/\/lackman.com.br\/wp-content\/uploads\/2024\/06\/DSCF3701.jpg\" alt=\"\" width=\"850\" height=\"567\" srcset=\"https:\/\/lackman.com.br\/wp-content\/uploads\/2024\/06\/DSCF3701.jpg 850w, https:\/\/lackman.com.br\/wp-content\/uploads\/2024\/06\/DSCF3701-300x200.jpg 300w, https:\/\/lackman.com.br\/wp-content\/uploads\/2024\/06\/DSCF3701-768x512.jpg 768w\" sizes=\"(max-width: 850px) 100vw, 850px\" \/><\/p>\n<p><img loading=\"lazy\" decoding=\"async\" class=\"aligncenter wp-image-7160 size-full\" src=\"http:\/\/lackman.com.br\/wp-content\/uploads\/2024\/06\/DSCF3724.jpg\" alt=\"\" width=\"850\" height=\"567\" srcset=\"https:\/\/lackman.com.br\/wp-content\/uploads\/2024\/06\/DSCF3724.jpg 850w, https:\/\/lackman.com.br\/wp-content\/uploads\/2024\/06\/DSCF3724-300x200.jpg 300w, https:\/\/lackman.com.br\/wp-content\/uploads\/2024\/06\/DSCF3724-768x512.jpg 768w\" sizes=\"(max-width: 850px) 100vw, 850px\" \/><\/p>\n<p style=\"text-align: justify\">O f\u00f3rum destacou a import\u00e2ncia do design como ferramenta de transforma\u00e7\u00e3o social e inova\u00e7\u00e3o, promovendo a colabora\u00e7\u00e3o e o interc\u00e2mbio entre cidades. &#8220;<em>Vejo o f\u00f3rum como um momento de oportunidade de gera\u00e7\u00e3o de neg\u00f3cios entre as cidades e, principalmente, para apresentar Bras\u00edlia como um dos principais destinos tur\u00edsticos do Brasil<\/em>&#8220;, afirmou <strong>Marcos Moreira<\/strong>, presidente da Associa\u00e7\u00e3o dos Designers Gr\u00e1ficos do DF (Adegraf).<\/p>\n<p style=\"text-align: justify\">A programa\u00e7\u00e3o foi dividida em <strong>eixos tem\u00e1ticos<\/strong>, incluindo desenvolvimento do design nas cidades, impacto no turismo e intera\u00e7\u00e3o com outros setores criativos. Entre os palestrantes confirmados estavam figuras como Alberto Gadanha, Aldiane Lima, Alexandre Kieling, Ana Brum, Bruno Porto, Caetana Franarin, Cindy Piassetta Xavier, Claudia Leit\u00e3o, Guilherme Zucheti, Marta Poggi, Nicole Facuri e Rodrigo Costa Lima.<\/p>\n<p><img loading=\"lazy\" decoding=\"async\" class=\"aligncenter wp-image-7161 size-full\" src=\"http:\/\/lackman.com.br\/wp-content\/uploads\/2024\/06\/DSCF3987.jpg\" alt=\"\" width=\"850\" height=\"567\" srcset=\"https:\/\/lackman.com.br\/wp-content\/uploads\/2024\/06\/DSCF3987.jpg 850w, https:\/\/lackman.com.br\/wp-content\/uploads\/2024\/06\/DSCF3987-300x200.jpg 300w, https:\/\/lackman.com.br\/wp-content\/uploads\/2024\/06\/DSCF3987-768x512.jpg 768w\" sizes=\"(max-width: 850px) 100vw, 850px\" \/><\/p>\n<p><img loading=\"lazy\" decoding=\"async\" class=\"alignnone size-large wp-image-7163\" src=\"http:\/\/lackman.com.br\/wp-content\/uploads\/2024\/06\/DSCF4022.jpg\" alt=\"\" width=\"850\" height=\"567\" srcset=\"https:\/\/lackman.com.br\/wp-content\/uploads\/2024\/06\/DSCF4022.jpg 850w, https:\/\/lackman.com.br\/wp-content\/uploads\/2024\/06\/DSCF4022-300x200.jpg 300w, https:\/\/lackman.com.br\/wp-content\/uploads\/2024\/06\/DSCF4022-768x512.jpg 768w\" sizes=\"(max-width: 850px) 100vw, 850px\" \/><\/p>\n<p style=\"text-align: justify\">O f\u00f3rum foi uma realiza\u00e7\u00e3o do <strong>Instituto da ACDF<\/strong>, com apoio da <strong>Secretaria de Turismo do DF<\/strong>, e reuniu uma equipe de profissionais renomados. Entre eles, Andrea Castello Branco, Marcelo J\u00fadice, Liana Alagemovits, Jardelene Nogueira, Eneida Figueiredo, Fernando Brites, Alessandra Pinheiro, Wagner Alves e Claudia El-Moor.<\/p>\n<p style=\"text-align: justify\">Vale destacar que Bras\u00edlia, Curitiba e Fortaleza s\u00e3o reconhecidas pela UNESCO como Cidades Criativas do Design por promoverem <strong>ambientes criativos, sustent\u00e1veis e culturalmente ricos<\/strong>. Bras\u00edlia, especialmente, se destaca pela sua diversidade cultural e criatividade, refletidas em sua arquitetura monumental e design colaborativo.<\/p>\n<p><img loading=\"lazy\" decoding=\"async\" class=\"aligncenter wp-image-7162 size-full\" src=\"http:\/\/lackman.com.br\/wp-content\/uploads\/2024\/06\/DSCF3994.jpg\" alt=\"\" width=\"850\" height=\"567\" srcset=\"https:\/\/lackman.com.br\/wp-content\/uploads\/2024\/06\/DSCF3994.jpg 850w, https:\/\/lackman.com.br\/wp-content\/uploads\/2024\/06\/DSCF3994-300x200.jpg 300w, https:\/\/lackman.com.br\/wp-content\/uploads\/2024\/06\/DSCF3994-768x512.jpg 768w\" sizes=\"(max-width: 850px) 100vw, 850px\" \/><\/p>\n<p><img loading=\"lazy\" decoding=\"async\" class=\"aligncenter wp-image-7164 size-full\" src=\"http:\/\/lackman.com.br\/wp-content\/uploads\/2024\/06\/DSCF4089.jpg\" alt=\"\" width=\"850\" height=\"478\" srcset=\"https:\/\/lackman.com.br\/wp-content\/uploads\/2024\/06\/DSCF4089.jpg 850w, https:\/\/lackman.com.br\/wp-content\/uploads\/2024\/06\/DSCF4089-300x169.jpg 300w, https:\/\/lackman.com.br\/wp-content\/uploads\/2024\/06\/DSCF4089-768x432.jpg 768w\" sizes=\"(max-width: 850px) 100vw, 850px\" \/><\/p>\n<p style=\"text-align: justify\">A primeira edi\u00e7\u00e3o do F\u00f3rum Cidades Criativas homenageou o arquiteto <strong>Danilo Barbora<\/strong>, respons\u00e1vel pelo sistema de sinaliza\u00e7\u00e3o de Bras\u00edlia. As placas criadas por Danilo, integradas \u00e0 paisagem urbana, s\u00e3o reconhecidas internacionalmente e fazem parte do <strong>acervo permanente do Museu de Arte Moderna (MoMA)<\/strong> em New York, desde 2012.<\/p>\n<p style=\"text-align: justify\">O F\u00f3rum Cidades Criativas em Bras\u00edlia foi um marco importante para a cidade, promovendo debates e projetos que impulsionam a economia criativa, gerando emprego e renda. Atrav\u00e9s do design, o evento reafirmou o papel de Bras\u00edlia como uma cidade pot\u00eancia, pronta para inspirar e inovar em m\u00faltiplas frentes.\u00a0Para mais informa\u00e7\u00f5es sobre a programa\u00e7\u00e3o e futuras edi\u00e7\u00f5es, visite o <a href=\"http:\/\/www.forumcidadescriativas.com.br\"><strong>site do F\u00f3rum<\/strong><\/a>\u00a0e siga as redes sociais do projeto <a href=\"https:\/\/www.instagram.com\/forumcidadescriativasdesign\/\"><strong>@forumcidadescriativasdesign<\/strong><\/a>.<\/p>\n<p>Veja mais cliques deste colunista e fot\u00f3grafo de algumas das pessoas que se fizeram presente na noite de abertura do F\u00f3rum:<\/p>\n<figure id=\"attachment_7165\" aria-describedby=\"caption-attachment-7165\" style=\"width: 850px\" class=\"wp-caption aligncenter\"><img loading=\"lazy\" decoding=\"async\" class=\"wp-image-7165 size-full\" src=\"http:\/\/lackman.com.br\/wp-content\/uploads\/2024\/06\/Alessandra-Pinheiro-Renato-Fonseca-e-Claudia-Pereira.jpg\" alt=\"\" width=\"850\" height=\"567\" srcset=\"https:\/\/lackman.com.br\/wp-content\/uploads\/2024\/06\/Alessandra-Pinheiro-Renato-Fonseca-e-Claudia-Pereira.jpg 850w, https:\/\/lackman.com.br\/wp-content\/uploads\/2024\/06\/Alessandra-Pinheiro-Renato-Fonseca-e-Claudia-Pereira-300x200.jpg 300w, https:\/\/lackman.com.br\/wp-content\/uploads\/2024\/06\/Alessandra-Pinheiro-Renato-Fonseca-e-Claudia-Pereira-768x512.jpg 768w\" sizes=\"(max-width: 850px) 100vw, 850px\" \/><figcaption id=\"caption-attachment-7165\" class=\"wp-caption-text\">Alessandra Pinheiro, Renato Fonseca e Claudia Pereira<\/figcaption><\/figure>\n<figure id=\"attachment_7166\" aria-describedby=\"caption-attachment-7166\" style=\"width: 850px\" class=\"wp-caption aligncenter\"><img loading=\"lazy\" decoding=\"async\" class=\"wp-image-7166 size-full\" src=\"http:\/\/lackman.com.br\/wp-content\/uploads\/2024\/06\/Caetana-Franarin-e-Karina-Camara.jpg\" alt=\"\" width=\"850\" height=\"567\" srcset=\"https:\/\/lackman.com.br\/wp-content\/uploads\/2024\/06\/Caetana-Franarin-e-Karina-Camara.jpg 850w, https:\/\/lackman.com.br\/wp-content\/uploads\/2024\/06\/Caetana-Franarin-e-Karina-Camara-300x200.jpg 300w, https:\/\/lackman.com.br\/wp-content\/uploads\/2024\/06\/Caetana-Franarin-e-Karina-Camara-768x512.jpg 768w\" sizes=\"(max-width: 850px) 100vw, 850px\" \/><figcaption id=\"caption-attachment-7166\" class=\"wp-caption-text\">Caetana Franarin e Karina C\u00e2mara<\/figcaption><\/figure>\n<figure id=\"attachment_7167\" aria-describedby=\"caption-attachment-7167\" style=\"width: 850px\" class=\"wp-caption aligncenter\"><img loading=\"lazy\" decoding=\"async\" class=\"wp-image-7167 size-full\" src=\"http:\/\/lackman.com.br\/wp-content\/uploads\/2024\/06\/Claudio-Pereira-e-Danielle-Athayde.jpg\" alt=\"\" width=\"850\" height=\"567\" srcset=\"https:\/\/lackman.com.br\/wp-content\/uploads\/2024\/06\/Claudio-Pereira-e-Danielle-Athayde.jpg 850w, https:\/\/lackman.com.br\/wp-content\/uploads\/2024\/06\/Claudio-Pereira-e-Danielle-Athayde-300x200.jpg 300w, https:\/\/lackman.com.br\/wp-content\/uploads\/2024\/06\/Claudio-Pereira-e-Danielle-Athayde-768x512.jpg 768w\" sizes=\"(max-width: 850px) 100vw, 850px\" \/><figcaption id=\"caption-attachment-7167\" class=\"wp-caption-text\">Claudio Pereira e Danielle Athayde<\/figcaption><\/figure>\n<figure id=\"attachment_7168\" aria-describedby=\"caption-attachment-7168\" style=\"width: 850px\" class=\"wp-caption aligncenter\"><img loading=\"lazy\" decoding=\"async\" class=\"wp-image-7168 size-full\" src=\"http:\/\/lackman.com.br\/wp-content\/uploads\/2024\/06\/Daniela-Garrossini-Andrea-Judice-e-Leila-Ribeiro.jpg\" alt=\"\" width=\"850\" height=\"567\" srcset=\"https:\/\/lackman.com.br\/wp-content\/uploads\/2024\/06\/Daniela-Garrossini-Andrea-Judice-e-Leila-Ribeiro.jpg 850w, https:\/\/lackman.com.br\/wp-content\/uploads\/2024\/06\/Daniela-Garrossini-Andrea-Judice-e-Leila-Ribeiro-300x200.jpg 300w, https:\/\/lackman.com.br\/wp-content\/uploads\/2024\/06\/Daniela-Garrossini-Andrea-Judice-e-Leila-Ribeiro-768x512.jpg 768w\" sizes=\"(max-width: 850px) 100vw, 850px\" \/><figcaption id=\"caption-attachment-7168\" class=\"wp-caption-text\">Daniela Garrossini, Andrea Judice e Leila Ribeiro<\/figcaption><\/figure>\n<figure id=\"attachment_7169\" aria-describedby=\"caption-attachment-7169\" style=\"width: 850px\" class=\"wp-caption aligncenter\"><img loading=\"lazy\" decoding=\"async\" class=\"wp-image-7169 size-full\" src=\"http:\/\/lackman.com.br\/wp-content\/uploads\/2024\/06\/Franklin-Martins-Fernando-Brites-Thales-Mendes-e-Marcos-Moreira.jpg\" alt=\"\" width=\"850\" height=\"567\" srcset=\"https:\/\/lackman.com.br\/wp-content\/uploads\/2024\/06\/Franklin-Martins-Fernando-Brites-Thales-Mendes-e-Marcos-Moreira.jpg 850w, https:\/\/lackman.com.br\/wp-content\/uploads\/2024\/06\/Franklin-Martins-Fernando-Brites-Thales-Mendes-e-Marcos-Moreira-300x200.jpg 300w, https:\/\/lackman.com.br\/wp-content\/uploads\/2024\/06\/Franklin-Martins-Fernando-Brites-Thales-Mendes-e-Marcos-Moreira-768x512.jpg 768w\" sizes=\"(max-width: 850px) 100vw, 850px\" \/><figcaption id=\"caption-attachment-7169\" class=\"wp-caption-text\">Franklin Martins, Fernando Brites, Thales Mendes e Marcos Moreira<\/figcaption><\/figure>\n<figure id=\"attachment_7170\" aria-describedby=\"caption-attachment-7170\" style=\"width: 850px\" class=\"wp-caption aligncenter\"><img loading=\"lazy\" decoding=\"async\" class=\"wp-image-7170 size-full\" src=\"http:\/\/lackman.com.br\/wp-content\/uploads\/2024\/06\/Giselle-Dupin-e-Patricia-Albernaz.jpg\" alt=\"\" width=\"850\" height=\"567\" srcset=\"https:\/\/lackman.com.br\/wp-content\/uploads\/2024\/06\/Giselle-Dupin-e-Patricia-Albernaz.jpg 850w, https:\/\/lackman.com.br\/wp-content\/uploads\/2024\/06\/Giselle-Dupin-e-Patricia-Albernaz-300x200.jpg 300w, https:\/\/lackman.com.br\/wp-content\/uploads\/2024\/06\/Giselle-Dupin-e-Patricia-Albernaz-768x512.jpg 768w\" sizes=\"(max-width: 850px) 100vw, 850px\" \/><figcaption id=\"caption-attachment-7170\" class=\"wp-caption-text\">Giselle Dupin e Patr\u00edcia Albernaz<\/figcaption><\/figure>\n<figure id=\"attachment_7171\" aria-describedby=\"caption-attachment-7171\" style=\"width: 850px\" class=\"wp-caption aligncenter\"><img loading=\"lazy\" decoding=\"async\" class=\"wp-image-7171 size-full\" src=\"http:\/\/lackman.com.br\/wp-content\/uploads\/2024\/06\/Gisleine-Kalvis-e-Fernando-Lackman.jpg\" alt=\"\" width=\"850\" height=\"567\" srcset=\"https:\/\/lackman.com.br\/wp-content\/uploads\/2024\/06\/Gisleine-Kalvis-e-Fernando-Lackman.jpg 850w, https:\/\/lackman.com.br\/wp-content\/uploads\/2024\/06\/Gisleine-Kalvis-e-Fernando-Lackman-300x200.jpg 300w, https:\/\/lackman.com.br\/wp-content\/uploads\/2024\/06\/Gisleine-Kalvis-e-Fernando-Lackman-768x512.jpg 768w\" sizes=\"(max-width: 850px) 100vw, 850px\" \/><figcaption id=\"caption-attachment-7171\" class=\"wp-caption-text\">Gisleine Kalvis e Fernando Lackman<\/figcaption><\/figure>\n<figure id=\"attachment_7172\" aria-describedby=\"caption-attachment-7172\" style=\"width: 850px\" class=\"wp-caption aligncenter\"><img loading=\"lazy\" decoding=\"async\" class=\"wp-image-7172 size-full\" src=\"http:\/\/lackman.com.br\/wp-content\/uploads\/2024\/06\/Igor-Felix-e-Roberta-Ilha.jpg\" alt=\"\" width=\"850\" height=\"567\" srcset=\"https:\/\/lackman.com.br\/wp-content\/uploads\/2024\/06\/Igor-Felix-e-Roberta-Ilha.jpg 850w, https:\/\/lackman.com.br\/wp-content\/uploads\/2024\/06\/Igor-Felix-e-Roberta-Ilha-300x200.jpg 300w, https:\/\/lackman.com.br\/wp-content\/uploads\/2024\/06\/Igor-Felix-e-Roberta-Ilha-768x512.jpg 768w\" sizes=\"(max-width: 850px) 100vw, 850px\" \/><figcaption id=\"caption-attachment-7172\" class=\"wp-caption-text\">Igor Felix e Roberta Ilha<\/figcaption><\/figure>\n<figure id=\"attachment_7173\" aria-describedby=\"caption-attachment-7173\" style=\"width: 850px\" class=\"wp-caption aligncenter\"><img loading=\"lazy\" decoding=\"async\" class=\"wp-image-7173 size-full\" src=\"http:\/\/lackman.com.br\/wp-content\/uploads\/2024\/06\/Joana-Fonseca-Thiago-Rybinha-Maura-Fugita-e-Antonio-Fonseca.jpg\" alt=\"\" width=\"850\" height=\"567\" srcset=\"https:\/\/lackman.com.br\/wp-content\/uploads\/2024\/06\/Joana-Fonseca-Thiago-Rybinha-Maura-Fugita-e-Antonio-Fonseca.jpg 850w, https:\/\/lackman.com.br\/wp-content\/uploads\/2024\/06\/Joana-Fonseca-Thiago-Rybinha-Maura-Fugita-e-Antonio-Fonseca-300x200.jpg 300w, https:\/\/lackman.com.br\/wp-content\/uploads\/2024\/06\/Joana-Fonseca-Thiago-Rybinha-Maura-Fugita-e-Antonio-Fonseca-768x512.jpg 768w\" sizes=\"(max-width: 850px) 100vw, 850px\" \/><figcaption id=\"caption-attachment-7173\" class=\"wp-caption-text\">Joana Fonseca, Thiago Rybinha, Laura Fugita e Ant\u00f4nio Fonseca<\/figcaption><\/figure>\n<figure id=\"attachment_7174\" aria-describedby=\"caption-attachment-7174\" style=\"width: 850px\" class=\"wp-caption aligncenter\"><img loading=\"lazy\" decoding=\"async\" class=\"wp-image-7174 size-full\" src=\"http:\/\/lackman.com.br\/wp-content\/uploads\/2024\/06\/Mercedes-Urquiza.jpg\" alt=\"\" width=\"850\" height=\"567\" srcset=\"https:\/\/lackman.com.br\/wp-content\/uploads\/2024\/06\/Mercedes-Urquiza.jpg 850w, https:\/\/lackman.com.br\/wp-content\/uploads\/2024\/06\/Mercedes-Urquiza-300x200.jpg 300w, https:\/\/lackman.com.br\/wp-content\/uploads\/2024\/06\/Mercedes-Urquiza-768x512.jpg 768w\" sizes=\"(max-width: 850px) 100vw, 850px\" \/><figcaption id=\"caption-attachment-7174\" class=\"wp-caption-text\">Mercedes Urquiza<\/figcaption><\/figure>\n<figure id=\"attachment_7175\" aria-describedby=\"caption-attachment-7175\" style=\"width: 850px\" class=\"wp-caption aligncenter\"><img loading=\"lazy\" decoding=\"async\" class=\"wp-image-7175 size-full\" src=\"http:\/\/lackman.com.br\/wp-content\/uploads\/2024\/06\/Paulino-Aversa-e-Marcelo-Jorge.jpg\" alt=\"\" width=\"850\" height=\"567\" srcset=\"https:\/\/lackman.com.br\/wp-content\/uploads\/2024\/06\/Paulino-Aversa-e-Marcelo-Jorge.jpg 850w, https:\/\/lackman.com.br\/wp-content\/uploads\/2024\/06\/Paulino-Aversa-e-Marcelo-Jorge-300x200.jpg 300w, https:\/\/lackman.com.br\/wp-content\/uploads\/2024\/06\/Paulino-Aversa-e-Marcelo-Jorge-768x512.jpg 768w\" sizes=\"(max-width: 850px) 100vw, 850px\" \/><figcaption id=\"caption-attachment-7175\" class=\"wp-caption-text\">Paulino Aversa e Marcelo Jorge<\/figcaption><\/figure>\n<figure id=\"attachment_7176\" aria-describedby=\"caption-attachment-7176\" style=\"width: 850px\" class=\"wp-caption aligncenter\"><img loading=\"lazy\" decoding=\"async\" class=\"wp-image-7176 size-full\" src=\"http:\/\/lackman.com.br\/wp-content\/uploads\/2024\/06\/Pedro-Laplace-e-Katia-Turra.jpg\" alt=\"\" width=\"850\" height=\"567\" srcset=\"https:\/\/lackman.com.br\/wp-content\/uploads\/2024\/06\/Pedro-Laplace-e-Katia-Turra.jpg 850w, https:\/\/lackman.com.br\/wp-content\/uploads\/2024\/06\/Pedro-Laplace-e-Katia-Turra-300x200.jpg 300w, https:\/\/lackman.com.br\/wp-content\/uploads\/2024\/06\/Pedro-Laplace-e-Katia-Turra-768x512.jpg 768w\" sizes=\"(max-width: 850px) 100vw, 850px\" \/><figcaption id=\"caption-attachment-7176\" class=\"wp-caption-text\">Pedro Laplace e K\u00e1tia Turra<\/figcaption><\/figure>\n<figure id=\"attachment_7177\" aria-describedby=\"caption-attachment-7177\" style=\"width: 850px\" class=\"wp-caption aligncenter\"><img loading=\"lazy\" decoding=\"async\" class=\"wp-image-7177 size-full\" src=\"http:\/\/lackman.com.br\/wp-content\/uploads\/2024\/06\/Rodrigo-Costa-Lima-Aldiane-Lima-Anna-Lucia-Silva-e-Alberto-Gadanha.jpg\" alt=\"\" width=\"850\" height=\"567\" srcset=\"https:\/\/lackman.com.br\/wp-content\/uploads\/2024\/06\/Rodrigo-Costa-Lima-Aldiane-Lima-Anna-Lucia-Silva-e-Alberto-Gadanha.jpg 850w, https:\/\/lackman.com.br\/wp-content\/uploads\/2024\/06\/Rodrigo-Costa-Lima-Aldiane-Lima-Anna-Lucia-Silva-e-Alberto-Gadanha-300x200.jpg 300w, https:\/\/lackman.com.br\/wp-content\/uploads\/2024\/06\/Rodrigo-Costa-Lima-Aldiane-Lima-Anna-Lucia-Silva-e-Alberto-Gadanha-768x512.jpg 768w\" sizes=\"(max-width: 850px) 100vw, 850px\" \/><figcaption id=\"caption-attachment-7177\" class=\"wp-caption-text\">Rodrigo Costa Lima, Aldiane Lima, Anna L\u00facia Silva e Alberto Gadanha<\/figcaption><\/figure>\n<figure id=\"attachment_7178\" aria-describedby=\"caption-attachment-7178\" style=\"width: 850px\" class=\"wp-caption aligncenter\"><img loading=\"lazy\" decoding=\"async\" class=\"wp-image-7178 size-full\" src=\"http:\/\/lackman.com.br\/wp-content\/uploads\/2024\/06\/Carla-Frankl-Cindy-Xavier-Guilherme-Zucheti-e-Ana-Brum.jpg\" alt=\"\" width=\"850\" height=\"567\" srcset=\"https:\/\/lackman.com.br\/wp-content\/uploads\/2024\/06\/Carla-Frankl-Cindy-Xavier-Guilherme-Zucheti-e-Ana-Brum.jpg 850w, https:\/\/lackman.com.br\/wp-content\/uploads\/2024\/06\/Carla-Frankl-Cindy-Xavier-Guilherme-Zucheti-e-Ana-Brum-300x200.jpg 300w, https:\/\/lackman.com.br\/wp-content\/uploads\/2024\/06\/Carla-Frankl-Cindy-Xavier-Guilherme-Zucheti-e-Ana-Brum-768x512.jpg 768w\" sizes=\"(max-width: 850px) 100vw, 850px\" \/><figcaption id=\"caption-attachment-7178\" class=\"wp-caption-text\">Carla Frankl, Cindy Xavier, Guilherme Zucheti e Ana Brum<\/figcaption><\/figure>\n<figure id=\"attachment_7179\" aria-describedby=\"caption-attachment-7179\" style=\"width: 850px\" class=\"wp-caption aligncenter\"><img loading=\"lazy\" decoding=\"async\" class=\"wp-image-7179 size-full\" src=\"http:\/\/lackman.com.br\/wp-content\/uploads\/2024\/06\/Carolina-Augusta-Neumann-Tais-Pinheiro-e-Claudia-Andrade.jpg\" alt=\"\" width=\"850\" height=\"567\" srcset=\"https:\/\/lackman.com.br\/wp-content\/uploads\/2024\/06\/Carolina-Augusta-Neumann-Tais-Pinheiro-e-Claudia-Andrade.jpg 850w, https:\/\/lackman.com.br\/wp-content\/uploads\/2024\/06\/Carolina-Augusta-Neumann-Tais-Pinheiro-e-Claudia-Andrade-300x200.jpg 300w, https:\/\/lackman.com.br\/wp-content\/uploads\/2024\/06\/Carolina-Augusta-Neumann-Tais-Pinheiro-e-Claudia-Andrade-768x512.jpg 768w\" sizes=\"(max-width: 850px) 100vw, 850px\" \/><figcaption id=\"caption-attachment-7179\" class=\"wp-caption-text\">Carolina-Augusta Neumann, Ta\u00eds Pinheiro e Claudia Andrade<\/figcaption><\/figure>\n<figure id=\"attachment_7180\" aria-describedby=\"caption-attachment-7180\" style=\"width: 850px\" class=\"wp-caption aligncenter\"><img loading=\"lazy\" decoding=\"async\" class=\"wp-image-7180 size-full\" src=\"http:\/\/lackman.com.br\/wp-content\/uploads\/2024\/06\/Wagner-Alves-e-Eneida-Figueiredo.jpg\" alt=\"\" width=\"850\" height=\"567\" srcset=\"https:\/\/lackman.com.br\/wp-content\/uploads\/2024\/06\/Wagner-Alves-e-Eneida-Figueiredo.jpg 850w, https:\/\/lackman.com.br\/wp-content\/uploads\/2024\/06\/Wagner-Alves-e-Eneida-Figueiredo-300x200.jpg 300w, https:\/\/lackman.com.br\/wp-content\/uploads\/2024\/06\/Wagner-Alves-e-Eneida-Figueiredo-768x512.jpg 768w\" sizes=\"(max-width: 850px) 100vw, 850px\" \/><figcaption id=\"caption-attachment-7180\" class=\"wp-caption-text\">Wagner Alves e Eneida Figueiredo<\/figcaption><\/figure>\n<pre>Fotos: Gilberto Evangelista<\/pre>\n","protected":false},"excerpt":{"rendered":"<p>Com programa\u00e7\u00e3o intensa, F\u00f3rum trouxe futuro e design para o centro das discuss\u00f5es ao longo de uma semana na cidade que \u00e9 o mais belo fruto das artes Na \u00faltima semana, Bras\u00edlia sediou o F\u00f3rum Cidades Criativas, um evento que movimentou o segmento de design na capital federal. O evento, realizado entre os dias 4 e 7 de junho, contou com a presen\u00e7a de nomes de express\u00e3o nacional e internacional, discutindo a import\u00e2ncia de Bras\u00edlia, Curitiba e Fortaleza para a inova\u00e7\u00e3o atrav\u00e9s do design. A abertura oficial ocorreu na manh\u00e3 de ter\u00e7a-feira (04), na sede da Associa\u00e7\u00e3o Comercial do Distrito Federal (ACDF). A cerim\u00f4nia contou com a presen\u00e7a de diversos profissionais da \u00e1rea, incluindo o Secret\u00e1rio de Turismo do DF, Cristiano Ara\u00fajo, que destacou a import\u00e2ncia do encontro para promover Bras\u00edlia como um destino tur\u00edstico de relev\u00e2ncia. Representantes de Curitiba e Fortaleza tamb\u00e9m estiveram presentes, refor\u00e7ando o reconhecimento dessas cidades pela UNESCO como Cidades Criativas do Design. O evento teve uma programa\u00e7\u00e3o intensa, repleta de palestras, debates, mesas redondas e oficinas. Esses momentos proporcionaram uma rica troca de ideias entre as tr\u00eas cidades, todas reconhecidas pela UNESCO por sua excel\u00eancia em design. O f\u00f3rum abordou diversos temas, desde o posicionamento de Bras\u00edlia como Cidade Criativa at\u00e9 a intera\u00e7\u00e3o do design com outros setores da economia criativa. Na noite de abertura, um coquetel no Espa\u00e7o Oscar Niemeyer reuniu cerca de 200 convidados. O evento contou com a exposi\u00e7\u00e3o COD Poster Brasil e um desfile do projeto &#8220;Fios Sustent\u00e1veis&#8221;, que promove o upcycling de tecidos. A trilha sonora ficou por conta do DJ Andr\u00e9 Mueller, baixista da banda Plebe Rude. O f\u00f3rum destacou a import\u00e2ncia do design como ferramenta de transforma\u00e7\u00e3o social e inova\u00e7\u00e3o, promovendo a colabora\u00e7\u00e3o e o interc\u00e2mbio entre cidades. &#8220;Vejo o f\u00f3rum como um momento de oportunidade de gera\u00e7\u00e3o de neg\u00f3cios entre as cidades e, principalmente, para apresentar Bras\u00edlia como um dos principais destinos tur\u00edsticos do Brasil&#8220;, afirmou Marcos Moreira, presidente da Associa\u00e7\u00e3o dos Designers Gr\u00e1ficos do DF (Adegraf). A programa\u00e7\u00e3o foi dividida em eixos tem\u00e1ticos, incluindo desenvolvimento do design nas cidades, impacto no turismo e intera\u00e7\u00e3o com outros setores criativos. Entre os palestrantes confirmados estavam figuras como Alberto Gadanha, Aldiane Lima, Alexandre Kieling, Ana Brum, Bruno Porto, Caetana Franarin, Cindy Piassetta Xavier, Claudia Leit\u00e3o, Guilherme Zucheti, Marta Poggi, Nicole Facuri e Rodrigo Costa Lima. O f\u00f3rum foi uma realiza\u00e7\u00e3o do Instituto da ACDF, com apoio da Secretaria de Turismo do DF, e reuniu uma equipe de profissionais renomados. Entre eles, Andrea Castello Branco, Marcelo J\u00fadice, Liana Alagemovits, Jardelene Nogueira, Eneida Figueiredo, Fernando Brites, Alessandra Pinheiro, Wagner Alves e Claudia El-Moor. Vale destacar que Bras\u00edlia, Curitiba e Fortaleza s\u00e3o reconhecidas pela UNESCO como Cidades Criativas do Design por promoverem ambientes criativos, sustent\u00e1veis e culturalmente ricos. Bras\u00edlia, especialmente, se destaca pela sua diversidade cultural e criatividade, refletidas em sua arquitetura monumental e design colaborativo. A primeira edi\u00e7\u00e3o do F\u00f3rum Cidades Criativas homenageou o arquiteto Danilo Barbora, respons\u00e1vel pelo sistema de sinaliza\u00e7\u00e3o de Bras\u00edlia. As placas criadas por Danilo, integradas \u00e0 paisagem urbana, s\u00e3o reconhecidas internacionalmente e fazem parte do acervo permanente do Museu de Arte Moderna (MoMA) em New York, desde 2012. O F\u00f3rum Cidades Criativas em Bras\u00edlia foi um marco importante para a cidade, promovendo debates e projetos que impulsionam a economia criativa, gerando emprego e renda. Atrav\u00e9s do design, o evento reafirmou o papel de Bras\u00edlia como uma cidade pot\u00eancia, pronta para inspirar e inovar em m\u00faltiplas frentes.\u00a0Para mais informa\u00e7\u00f5es sobre a programa\u00e7\u00e3o e futuras edi\u00e7\u00f5es, visite o site do F\u00f3rum\u00a0e siga as redes sociais do projeto @forumcidadescriativasdesign. Veja mais cliques deste colunista e fot\u00f3grafo de algumas das pessoas que se fizeram presente na noite de abertura do F\u00f3rum: Fotos: Gilberto Evangelista<\/p>\n","protected":false},"author":6,"featured_media":7159,"comment_status":"closed","ping_status":"open","sticky":false,"template":"","format":"standard","meta":{"site-sidebar-layout":"default","site-content-layout":"","ast-site-content-layout":"default","site-content-style":"default","site-sidebar-style":"default","ast-global-header-display":"","ast-banner-title-visibility":"","ast-main-header-display":"","ast-hfb-above-header-display":"","ast-hfb-below-header-display":"","ast-hfb-mobile-header-display":"","site-post-title":"","ast-breadcrumbs-content":"","ast-featured-img":"","footer-sml-layout":"","ast-disable-related-posts":"","theme-transparent-header-meta":"default","adv-header-id-meta":"","stick-header-meta":"","header-above-stick-meta":"","header-main-stick-meta":"","header-below-stick-meta":"","astra-migrate-meta-layouts":"set","ast-page-background-enabled":"default","ast-page-background-meta":{"desktop":{"background-color":"","background-image":"","background-repeat":"repeat","background-position":"center center","background-size":"auto","background-attachment":"scroll","background-type":"","background-media":"","overlay-type":"","overlay-color":"","overlay-opacity":"","overlay-gradient":""},"tablet":{"background-color":"","background-image":"","background-repeat":"repeat","background-position":"center center","background-size":"auto","background-attachment":"scroll","background-type":"","background-media":"","overlay-type":"","overlay-color":"","overlay-opacity":"","overlay-gradient":""},"mobile":{"background-color":"","background-image":"","background-repeat":"repeat","background-position":"center center","background-size":"auto","background-attachment":"scroll","background-type":"","background-media":"","overlay-type":"","overlay-color":"","overlay-opacity":"","overlay-gradient":""}},"ast-content-background-meta":{"desktop":{"background-color":"var(--ast-global-color-5)","background-image":"","background-repeat":"repeat","background-position":"center center","background-size":"auto","background-attachment":"scroll","background-type":"","background-media":"","overlay-type":"","overlay-color":"","overlay-opacity":"","overlay-gradient":""},"tablet":{"background-color":"var(--ast-global-color-5)","background-image":"","background-repeat":"repeat","background-position":"center center","background-size":"auto","background-attachment":"scroll","background-type":"","background-media":"","overlay-type":"","overlay-color":"","overlay-opacity":"","overlay-gradient":""},"mobile":{"background-color":"var(--ast-global-color-5)","background-image":"","background-repeat":"repeat","background-position":"center center","background-size":"auto","background-attachment":"scroll","background-type":"","background-media":"","overlay-type":"","overlay-color":"","overlay-opacity":"","overlay-gradient":""}},"footnotes":""},"categories":[46,67],"tags":[54,1267,1265,556,517,261,1266,1174,1268],"class_list":["post-7155","post","type-post","status-publish","format-standard","has-post-thumbnail","hentry","category-arte","category-design","tag-brasilia","tag-cod-poster-brasil","tag-curitiba","tag-desfile","tag-espaco-oscar-niemeyer","tag-exposicao","tag-fortaleza","tag-forum-cidades-criativas","tag-projeto-fios-sustentaveis"],"yoast_head":"<!-- This site is optimized with the Yoast SEO plugin v27.0 - https:\/\/yoast.com\/product\/yoast-seo-wordpress\/ -->\n<title>Bras\u00edlia, cidade criativa - LACKMAN &amp; CO.<\/title>\n<meta name=\"robots\" content=\"index, follow, max-snippet:-1, max-image-preview:large, max-video-preview:-1\" \/>\n<link rel=\"canonical\" href=\"https:\/\/lackman.com.br\/index.php\/2024\/06\/11\/brasilia-cidade-criativa\/\" \/>\n<meta property=\"og:locale\" content=\"pt_BR\" \/>\n<meta property=\"og:type\" content=\"article\" \/>\n<meta property=\"og:title\" content=\"Bras\u00edlia, cidade criativa - LACKMAN &amp; CO.\" \/>\n<meta property=\"og:description\" content=\"Com programa\u00e7\u00e3o intensa, F\u00f3rum trouxe futuro e design para o centro das discuss\u00f5es ao longo de uma semana na cidade que \u00e9 o mais belo fruto das artes Na \u00faltima semana, Bras\u00edlia sediou o F\u00f3rum Cidades Criativas, um evento que movimentou o segmento de design na capital federal. O evento, realizado entre os dias 4 e 7 de junho, contou com a presen\u00e7a de nomes de express\u00e3o nacional e internacional, discutindo a import\u00e2ncia de Bras\u00edlia, Curitiba e Fortaleza para a inova\u00e7\u00e3o atrav\u00e9s do design. A abertura oficial ocorreu na manh\u00e3 de ter\u00e7a-feira (04), na sede da Associa\u00e7\u00e3o Comercial do Distrito Federal (ACDF). A cerim\u00f4nia contou com a presen\u00e7a de diversos profissionais da \u00e1rea, incluindo o Secret\u00e1rio de Turismo do DF, Cristiano Ara\u00fajo, que destacou a import\u00e2ncia do encontro para promover Bras\u00edlia como um destino tur\u00edstico de relev\u00e2ncia. Representantes de Curitiba e Fortaleza tamb\u00e9m estiveram presentes, refor\u00e7ando o reconhecimento dessas cidades pela UNESCO como Cidades Criativas do Design. O evento teve uma programa\u00e7\u00e3o intensa, repleta de palestras, debates, mesas redondas e oficinas. Esses momentos proporcionaram uma rica troca de ideias entre as tr\u00eas cidades, todas reconhecidas pela UNESCO por sua excel\u00eancia em design. O f\u00f3rum abordou diversos temas, desde o posicionamento de Bras\u00edlia como Cidade Criativa at\u00e9 a intera\u00e7\u00e3o do design com outros setores da economia criativa. Na noite de abertura, um coquetel no Espa\u00e7o Oscar Niemeyer reuniu cerca de 200 convidados. O evento contou com a exposi\u00e7\u00e3o COD Poster Brasil e um desfile do projeto &#8220;Fios Sustent\u00e1veis&#8221;, que promove o upcycling de tecidos. A trilha sonora ficou por conta do DJ Andr\u00e9 Mueller, baixista da banda Plebe Rude. O f\u00f3rum destacou a import\u00e2ncia do design como ferramenta de transforma\u00e7\u00e3o social e inova\u00e7\u00e3o, promovendo a colabora\u00e7\u00e3o e o interc\u00e2mbio entre cidades. &#8220;Vejo o f\u00f3rum como um momento de oportunidade de gera\u00e7\u00e3o de neg\u00f3cios entre as cidades e, principalmente, para apresentar Bras\u00edlia como um dos principais destinos tur\u00edsticos do Brasil&#8220;, afirmou Marcos Moreira, presidente da Associa\u00e7\u00e3o dos Designers Gr\u00e1ficos do DF (Adegraf). A programa\u00e7\u00e3o foi dividida em eixos tem\u00e1ticos, incluindo desenvolvimento do design nas cidades, impacto no turismo e intera\u00e7\u00e3o com outros setores criativos. Entre os palestrantes confirmados estavam figuras como Alberto Gadanha, Aldiane Lima, Alexandre Kieling, Ana Brum, Bruno Porto, Caetana Franarin, Cindy Piassetta Xavier, Claudia Leit\u00e3o, Guilherme Zucheti, Marta Poggi, Nicole Facuri e Rodrigo Costa Lima. O f\u00f3rum foi uma realiza\u00e7\u00e3o do Instituto da ACDF, com apoio da Secretaria de Turismo do DF, e reuniu uma equipe de profissionais renomados. Entre eles, Andrea Castello Branco, Marcelo J\u00fadice, Liana Alagemovits, Jardelene Nogueira, Eneida Figueiredo, Fernando Brites, Alessandra Pinheiro, Wagner Alves e Claudia El-Moor. Vale destacar que Bras\u00edlia, Curitiba e Fortaleza s\u00e3o reconhecidas pela UNESCO como Cidades Criativas do Design por promoverem ambientes criativos, sustent\u00e1veis e culturalmente ricos. Bras\u00edlia, especialmente, se destaca pela sua diversidade cultural e criatividade, refletidas em sua arquitetura monumental e design colaborativo. A primeira edi\u00e7\u00e3o do F\u00f3rum Cidades Criativas homenageou o arquiteto Danilo Barbora, respons\u00e1vel pelo sistema de sinaliza\u00e7\u00e3o de Bras\u00edlia. As placas criadas por Danilo, integradas \u00e0 paisagem urbana, s\u00e3o reconhecidas internacionalmente e fazem parte do acervo permanente do Museu de Arte Moderna (MoMA) em New York, desde 2012. O F\u00f3rum Cidades Criativas em Bras\u00edlia foi um marco importante para a cidade, promovendo debates e projetos que impulsionam a economia criativa, gerando emprego e renda. Atrav\u00e9s do design, o evento reafirmou o papel de Bras\u00edlia como uma cidade pot\u00eancia, pronta para inspirar e inovar em m\u00faltiplas frentes.\u00a0Para mais informa\u00e7\u00f5es sobre a programa\u00e7\u00e3o e futuras edi\u00e7\u00f5es, visite o site do F\u00f3rum\u00a0e siga as redes sociais do projeto @forumcidadescriativasdesign. Veja mais cliques deste colunista e fot\u00f3grafo de algumas das pessoas que se fizeram presente na noite de abertura do F\u00f3rum: Fotos: Gilberto Evangelista\" \/>\n<meta property=\"og:url\" content=\"https:\/\/lackman.com.br\/index.php\/2024\/06\/11\/brasilia-cidade-criativa\/\" \/>\n<meta property=\"og:site_name\" content=\"LACKMAN &amp; CO.\" \/>\n<meta property=\"article:published_time\" content=\"2024-06-11T22:23:42+00:00\" \/>\n<meta property=\"article:modified_time\" content=\"2024-06-12T00:02:15+00:00\" \/>\n<meta property=\"og:image\" content=\"http:\/\/lackman.com.br\/wp-content\/uploads\/2024\/06\/DSCF3709.jpg\" \/>\n\t<meta property=\"og:image:width\" content=\"850\" \/>\n\t<meta property=\"og:image:height\" content=\"567\" \/>\n\t<meta property=\"og:image:type\" content=\"image\/jpeg\" \/>\n<meta name=\"author\" content=\"Gilberto Evangelista - Colunista\" \/>\n<meta name=\"twitter:card\" content=\"summary_large_image\" \/>\n<meta name=\"twitter:label1\" content=\"Escrito por\" \/>\n\t<meta name=\"twitter:data1\" content=\"Gilberto Evangelista - Colunista\" \/>\n\t<meta name=\"twitter:label2\" content=\"Est. tempo de leitura\" \/>\n\t<meta name=\"twitter:data2\" content=\"10 minutos\" \/>\n<script type=\"application\/ld+json\" class=\"yoast-schema-graph\">{\"@context\":\"https:\/\/schema.org\",\"@graph\":[{\"@type\":\"Article\",\"@id\":\"https:\/\/lackman.com.br\/index.php\/2024\/06\/11\/brasilia-cidade-criativa\/#article\",\"isPartOf\":{\"@id\":\"https:\/\/lackman.com.br\/index.php\/2024\/06\/11\/brasilia-cidade-criativa\/\"},\"author\":{\"name\":\"Gilberto Evangelista - Colunista\",\"@id\":\"https:\/\/lackman.com.br\/#\/schema\/person\/8a2355f699593d21d4f0d25b69db5747\"},\"headline\":\"Bras\u00edlia, cidade criativa\",\"datePublished\":\"2024-06-11T22:23:42+00:00\",\"dateModified\":\"2024-06-12T00:02:15+00:00\",\"mainEntityOfPage\":{\"@id\":\"https:\/\/lackman.com.br\/index.php\/2024\/06\/11\/brasilia-cidade-criativa\/\"},\"wordCount\":903,\"publisher\":{\"@id\":\"https:\/\/lackman.com.br\/#organization\"},\"image\":{\"@id\":\"https:\/\/lackman.com.br\/index.php\/2024\/06\/11\/brasilia-cidade-criativa\/#primaryimage\"},\"thumbnailUrl\":\"https:\/\/lackman.com.br\/wp-content\/uploads\/2024\/06\/DSCF3709.jpg\",\"keywords\":[\"brasilia\",\"COD Poster Brasil\",\"Curitiba\",\"desfile\",\"Espa\u00e7o Oscar Niemeyer\",\"exposi\u00e7\u00e3o\",\"Fortaleza\",\"f\u00f3rum cidades criativas\",\"Projeto Fios Sustent\u00e1veis\"],\"articleSection\":[\"Arte\",\"Design\"],\"inLanguage\":\"pt-BR\"},{\"@type\":\"WebPage\",\"@id\":\"https:\/\/lackman.com.br\/index.php\/2024\/06\/11\/brasilia-cidade-criativa\/\",\"url\":\"https:\/\/lackman.com.br\/index.php\/2024\/06\/11\/brasilia-cidade-criativa\/\",\"name\":\"Bras\u00edlia, cidade criativa - LACKMAN &amp; CO.\",\"isPartOf\":{\"@id\":\"https:\/\/lackman.com.br\/#website\"},\"primaryImageOfPage\":{\"@id\":\"https:\/\/lackman.com.br\/index.php\/2024\/06\/11\/brasilia-cidade-criativa\/#primaryimage\"},\"image\":{\"@id\":\"https:\/\/lackman.com.br\/index.php\/2024\/06\/11\/brasilia-cidade-criativa\/#primaryimage\"},\"thumbnailUrl\":\"https:\/\/lackman.com.br\/wp-content\/uploads\/2024\/06\/DSCF3709.jpg\",\"datePublished\":\"2024-06-11T22:23:42+00:00\",\"dateModified\":\"2024-06-12T00:02:15+00:00\",\"breadcrumb\":{\"@id\":\"https:\/\/lackman.com.br\/index.php\/2024\/06\/11\/brasilia-cidade-criativa\/#breadcrumb\"},\"inLanguage\":\"pt-BR\",\"potentialAction\":[{\"@type\":\"ReadAction\",\"target\":[\"https:\/\/lackman.com.br\/index.php\/2024\/06\/11\/brasilia-cidade-criativa\/\"]}]},{\"@type\":\"ImageObject\",\"inLanguage\":\"pt-BR\",\"@id\":\"https:\/\/lackman.com.br\/index.php\/2024\/06\/11\/brasilia-cidade-criativa\/#primaryimage\",\"url\":\"https:\/\/lackman.com.br\/wp-content\/uploads\/2024\/06\/DSCF3709.jpg\",\"contentUrl\":\"https:\/\/lackman.com.br\/wp-content\/uploads\/2024\/06\/DSCF3709.jpg\",\"width\":850,\"height\":567},{\"@type\":\"BreadcrumbList\",\"@id\":\"https:\/\/lackman.com.br\/index.php\/2024\/06\/11\/brasilia-cidade-criativa\/#breadcrumb\",\"itemListElement\":[{\"@type\":\"ListItem\",\"position\":1,\"name\":\"In\u00edcio\",\"item\":\"https:\/\/lackman.com.br\/\"},{\"@type\":\"ListItem\",\"position\":2,\"name\":\"Bras\u00edlia, cidade criativa\"}]},{\"@type\":\"WebSite\",\"@id\":\"https:\/\/lackman.com.br\/#website\",\"url\":\"https:\/\/lackman.com.br\/\",\"name\":\"LACKMAN &amp; CO.\",\"description\":\"VIDA | MODA | ARTE\",\"publisher\":{\"@id\":\"https:\/\/lackman.com.br\/#organization\"},\"potentialAction\":[{\"@type\":\"SearchAction\",\"target\":{\"@type\":\"EntryPoint\",\"urlTemplate\":\"https:\/\/lackman.com.br\/?s={search_term_string}\"},\"query-input\":{\"@type\":\"PropertyValueSpecification\",\"valueRequired\":true,\"valueName\":\"search_term_string\"}}],\"inLanguage\":\"pt-BR\"},{\"@type\":\"Organization\",\"@id\":\"https:\/\/lackman.com.br\/#organization\",\"name\":\"LACKMAN &amp; CO.\",\"url\":\"https:\/\/lackman.com.br\/\",\"logo\":{\"@type\":\"ImageObject\",\"inLanguage\":\"pt-BR\",\"@id\":\"https:\/\/lackman.com.br\/#\/schema\/logo\/image\/\",\"url\":\"https:\/\/lackman.com.br\/wp-content\/uploads\/2023\/06\/Logotipo_preto-1.png\",\"contentUrl\":\"https:\/\/lackman.com.br\/wp-content\/uploads\/2023\/06\/Logotipo_preto-1.png\",\"width\":739,\"height\":393,\"caption\":\"LACKMAN &amp; CO.\"},\"image\":{\"@id\":\"https:\/\/lackman.com.br\/#\/schema\/logo\/image\/\"}},{\"@type\":\"Person\",\"@id\":\"https:\/\/lackman.com.br\/#\/schema\/person\/8a2355f699593d21d4f0d25b69db5747\",\"name\":\"Gilberto Evangelista - Colunista\",\"image\":{\"@type\":\"ImageObject\",\"inLanguage\":\"pt-BR\",\"@id\":\"https:\/\/lackman.com.br\/#\/schema\/person\/image\/\",\"url\":\"https:\/\/secure.gravatar.com\/avatar\/cea9badf02f8a90f7a745f2cbea45fda61f65711ec015e2faf3809cca6337c28?s=96&d=mm&r=g\",\"contentUrl\":\"https:\/\/secure.gravatar.com\/avatar\/cea9badf02f8a90f7a745f2cbea45fda61f65711ec015e2faf3809cca6337c28?s=96&d=mm&r=g\",\"caption\":\"Gilberto Evangelista - Colunista\"},\"description\":\"Jornalista e globetrotter.\",\"url\":\"https:\/\/lackman.com.br\/index.php\/author\/gilberto-brito\/\"}]}<\/script>\n<!-- \/ Yoast SEO plugin. -->","yoast_head_json":{"title":"Bras\u00edlia, cidade criativa - LACKMAN &amp; CO.","robots":{"index":"index","follow":"follow","max-snippet":"max-snippet:-1","max-image-preview":"max-image-preview:large","max-video-preview":"max-video-preview:-1"},"canonical":"https:\/\/lackman.com.br\/index.php\/2024\/06\/11\/brasilia-cidade-criativa\/","og_locale":"pt_BR","og_type":"article","og_title":"Bras\u00edlia, cidade criativa - LACKMAN &amp; CO.","og_description":"Com programa\u00e7\u00e3o intensa, F\u00f3rum trouxe futuro e design para o centro das discuss\u00f5es ao longo de uma semana na cidade que \u00e9 o mais belo fruto das artes Na \u00faltima semana, Bras\u00edlia sediou o F\u00f3rum Cidades Criativas, um evento que movimentou o segmento de design na capital federal. O evento, realizado entre os dias 4 e 7 de junho, contou com a presen\u00e7a de nomes de express\u00e3o nacional e internacional, discutindo a import\u00e2ncia de Bras\u00edlia, Curitiba e Fortaleza para a inova\u00e7\u00e3o atrav\u00e9s do design. A abertura oficial ocorreu na manh\u00e3 de ter\u00e7a-feira (04), na sede da Associa\u00e7\u00e3o Comercial do Distrito Federal (ACDF). A cerim\u00f4nia contou com a presen\u00e7a de diversos profissionais da \u00e1rea, incluindo o Secret\u00e1rio de Turismo do DF, Cristiano Ara\u00fajo, que destacou a import\u00e2ncia do encontro para promover Bras\u00edlia como um destino tur\u00edstico de relev\u00e2ncia. Representantes de Curitiba e Fortaleza tamb\u00e9m estiveram presentes, refor\u00e7ando o reconhecimento dessas cidades pela UNESCO como Cidades Criativas do Design. O evento teve uma programa\u00e7\u00e3o intensa, repleta de palestras, debates, mesas redondas e oficinas. Esses momentos proporcionaram uma rica troca de ideias entre as tr\u00eas cidades, todas reconhecidas pela UNESCO por sua excel\u00eancia em design. O f\u00f3rum abordou diversos temas, desde o posicionamento de Bras\u00edlia como Cidade Criativa at\u00e9 a intera\u00e7\u00e3o do design com outros setores da economia criativa. Na noite de abertura, um coquetel no Espa\u00e7o Oscar Niemeyer reuniu cerca de 200 convidados. O evento contou com a exposi\u00e7\u00e3o COD Poster Brasil e um desfile do projeto &#8220;Fios Sustent\u00e1veis&#8221;, que promove o upcycling de tecidos. A trilha sonora ficou por conta do DJ Andr\u00e9 Mueller, baixista da banda Plebe Rude. O f\u00f3rum destacou a import\u00e2ncia do design como ferramenta de transforma\u00e7\u00e3o social e inova\u00e7\u00e3o, promovendo a colabora\u00e7\u00e3o e o interc\u00e2mbio entre cidades. &#8220;Vejo o f\u00f3rum como um momento de oportunidade de gera\u00e7\u00e3o de neg\u00f3cios entre as cidades e, principalmente, para apresentar Bras\u00edlia como um dos principais destinos tur\u00edsticos do Brasil&#8220;, afirmou Marcos Moreira, presidente da Associa\u00e7\u00e3o dos Designers Gr\u00e1ficos do DF (Adegraf). A programa\u00e7\u00e3o foi dividida em eixos tem\u00e1ticos, incluindo desenvolvimento do design nas cidades, impacto no turismo e intera\u00e7\u00e3o com outros setores criativos. Entre os palestrantes confirmados estavam figuras como Alberto Gadanha, Aldiane Lima, Alexandre Kieling, Ana Brum, Bruno Porto, Caetana Franarin, Cindy Piassetta Xavier, Claudia Leit\u00e3o, Guilherme Zucheti, Marta Poggi, Nicole Facuri e Rodrigo Costa Lima. O f\u00f3rum foi uma realiza\u00e7\u00e3o do Instituto da ACDF, com apoio da Secretaria de Turismo do DF, e reuniu uma equipe de profissionais renomados. Entre eles, Andrea Castello Branco, Marcelo J\u00fadice, Liana Alagemovits, Jardelene Nogueira, Eneida Figueiredo, Fernando Brites, Alessandra Pinheiro, Wagner Alves e Claudia El-Moor. Vale destacar que Bras\u00edlia, Curitiba e Fortaleza s\u00e3o reconhecidas pela UNESCO como Cidades Criativas do Design por promoverem ambientes criativos, sustent\u00e1veis e culturalmente ricos. Bras\u00edlia, especialmente, se destaca pela sua diversidade cultural e criatividade, refletidas em sua arquitetura monumental e design colaborativo. A primeira edi\u00e7\u00e3o do F\u00f3rum Cidades Criativas homenageou o arquiteto Danilo Barbora, respons\u00e1vel pelo sistema de sinaliza\u00e7\u00e3o de Bras\u00edlia. As placas criadas por Danilo, integradas \u00e0 paisagem urbana, s\u00e3o reconhecidas internacionalmente e fazem parte do acervo permanente do Museu de Arte Moderna (MoMA) em New York, desde 2012. O F\u00f3rum Cidades Criativas em Bras\u00edlia foi um marco importante para a cidade, promovendo debates e projetos que impulsionam a economia criativa, gerando emprego e renda. Atrav\u00e9s do design, o evento reafirmou o papel de Bras\u00edlia como uma cidade pot\u00eancia, pronta para inspirar e inovar em m\u00faltiplas frentes.\u00a0Para mais informa\u00e7\u00f5es sobre a programa\u00e7\u00e3o e futuras edi\u00e7\u00f5es, visite o site do F\u00f3rum\u00a0e siga as redes sociais do projeto @forumcidadescriativasdesign. Veja mais cliques deste colunista e fot\u00f3grafo de algumas das pessoas que se fizeram presente na noite de abertura do F\u00f3rum: Fotos: Gilberto Evangelista","og_url":"https:\/\/lackman.com.br\/index.php\/2024\/06\/11\/brasilia-cidade-criativa\/","og_site_name":"LACKMAN &amp; CO.","article_published_time":"2024-06-11T22:23:42+00:00","article_modified_time":"2024-06-12T00:02:15+00:00","og_image":[{"width":850,"height":567,"url":"http:\/\/lackman.com.br\/wp-content\/uploads\/2024\/06\/DSCF3709.jpg","type":"image\/jpeg"}],"author":"Gilberto Evangelista - Colunista","twitter_card":"summary_large_image","twitter_misc":{"Escrito por":"Gilberto Evangelista - Colunista","Est. tempo de leitura":"10 minutos"},"schema":{"@context":"https:\/\/schema.org","@graph":[{"@type":"Article","@id":"https:\/\/lackman.com.br\/index.php\/2024\/06\/11\/brasilia-cidade-criativa\/#article","isPartOf":{"@id":"https:\/\/lackman.com.br\/index.php\/2024\/06\/11\/brasilia-cidade-criativa\/"},"author":{"name":"Gilberto Evangelista - Colunista","@id":"https:\/\/lackman.com.br\/#\/schema\/person\/8a2355f699593d21d4f0d25b69db5747"},"headline":"Bras\u00edlia, cidade criativa","datePublished":"2024-06-11T22:23:42+00:00","dateModified":"2024-06-12T00:02:15+00:00","mainEntityOfPage":{"@id":"https:\/\/lackman.com.br\/index.php\/2024\/06\/11\/brasilia-cidade-criativa\/"},"wordCount":903,"publisher":{"@id":"https:\/\/lackman.com.br\/#organization"},"image":{"@id":"https:\/\/lackman.com.br\/index.php\/2024\/06\/11\/brasilia-cidade-criativa\/#primaryimage"},"thumbnailUrl":"https:\/\/lackman.com.br\/wp-content\/uploads\/2024\/06\/DSCF3709.jpg","keywords":["brasilia","COD Poster Brasil","Curitiba","desfile","Espa\u00e7o Oscar Niemeyer","exposi\u00e7\u00e3o","Fortaleza","f\u00f3rum cidades criativas","Projeto Fios Sustent\u00e1veis"],"articleSection":["Arte","Design"],"inLanguage":"pt-BR"},{"@type":"WebPage","@id":"https:\/\/lackman.com.br\/index.php\/2024\/06\/11\/brasilia-cidade-criativa\/","url":"https:\/\/lackman.com.br\/index.php\/2024\/06\/11\/brasilia-cidade-criativa\/","name":"Bras\u00edlia, cidade criativa - LACKMAN &amp; CO.","isPartOf":{"@id":"https:\/\/lackman.com.br\/#website"},"primaryImageOfPage":{"@id":"https:\/\/lackman.com.br\/index.php\/2024\/06\/11\/brasilia-cidade-criativa\/#primaryimage"},"image":{"@id":"https:\/\/lackman.com.br\/index.php\/2024\/06\/11\/brasilia-cidade-criativa\/#primaryimage"},"thumbnailUrl":"https:\/\/lackman.com.br\/wp-content\/uploads\/2024\/06\/DSCF3709.jpg","datePublished":"2024-06-11T22:23:42+00:00","dateModified":"2024-06-12T00:02:15+00:00","breadcrumb":{"@id":"https:\/\/lackman.com.br\/index.php\/2024\/06\/11\/brasilia-cidade-criativa\/#breadcrumb"},"inLanguage":"pt-BR","potentialAction":[{"@type":"ReadAction","target":["https:\/\/lackman.com.br\/index.php\/2024\/06\/11\/brasilia-cidade-criativa\/"]}]},{"@type":"ImageObject","inLanguage":"pt-BR","@id":"https:\/\/lackman.com.br\/index.php\/2024\/06\/11\/brasilia-cidade-criativa\/#primaryimage","url":"https:\/\/lackman.com.br\/wp-content\/uploads\/2024\/06\/DSCF3709.jpg","contentUrl":"https:\/\/lackman.com.br\/wp-content\/uploads\/2024\/06\/DSCF3709.jpg","width":850,"height":567},{"@type":"BreadcrumbList","@id":"https:\/\/lackman.com.br\/index.php\/2024\/06\/11\/brasilia-cidade-criativa\/#breadcrumb","itemListElement":[{"@type":"ListItem","position":1,"name":"In\u00edcio","item":"https:\/\/lackman.com.br\/"},{"@type":"ListItem","position":2,"name":"Bras\u00edlia, cidade criativa"}]},{"@type":"WebSite","@id":"https:\/\/lackman.com.br\/#website","url":"https:\/\/lackman.com.br\/","name":"LACKMAN &amp; CO.","description":"VIDA | MODA | ARTE","publisher":{"@id":"https:\/\/lackman.com.br\/#organization"},"potentialAction":[{"@type":"SearchAction","target":{"@type":"EntryPoint","urlTemplate":"https:\/\/lackman.com.br\/?s={search_term_string}"},"query-input":{"@type":"PropertyValueSpecification","valueRequired":true,"valueName":"search_term_string"}}],"inLanguage":"pt-BR"},{"@type":"Organization","@id":"https:\/\/lackman.com.br\/#organization","name":"LACKMAN &amp; CO.","url":"https:\/\/lackman.com.br\/","logo":{"@type":"ImageObject","inLanguage":"pt-BR","@id":"https:\/\/lackman.com.br\/#\/schema\/logo\/image\/","url":"https:\/\/lackman.com.br\/wp-content\/uploads\/2023\/06\/Logotipo_preto-1.png","contentUrl":"https:\/\/lackman.com.br\/wp-content\/uploads\/2023\/06\/Logotipo_preto-1.png","width":739,"height":393,"caption":"LACKMAN &amp; CO."},"image":{"@id":"https:\/\/lackman.com.br\/#\/schema\/logo\/image\/"}},{"@type":"Person","@id":"https:\/\/lackman.com.br\/#\/schema\/person\/8a2355f699593d21d4f0d25b69db5747","name":"Gilberto Evangelista - Colunista","image":{"@type":"ImageObject","inLanguage":"pt-BR","@id":"https:\/\/lackman.com.br\/#\/schema\/person\/image\/","url":"https:\/\/secure.gravatar.com\/avatar\/cea9badf02f8a90f7a745f2cbea45fda61f65711ec015e2faf3809cca6337c28?s=96&d=mm&r=g","contentUrl":"https:\/\/secure.gravatar.com\/avatar\/cea9badf02f8a90f7a745f2cbea45fda61f65711ec015e2faf3809cca6337c28?s=96&d=mm&r=g","caption":"Gilberto Evangelista - Colunista"},"description":"Jornalista e globetrotter.","url":"https:\/\/lackman.com.br\/index.php\/author\/gilberto-brito\/"}]}},"rttpg_featured_image_url":{"full":["https:\/\/lackman.com.br\/wp-content\/uploads\/2024\/06\/DSCF3709.jpg",850,567,false],"landscape":["https:\/\/lackman.com.br\/wp-content\/uploads\/2024\/06\/DSCF3709.jpg",850,567,false],"portraits":["https:\/\/lackman.com.br\/wp-content\/uploads\/2024\/06\/DSCF3709.jpg",850,567,false],"thumbnail":["https:\/\/lackman.com.br\/wp-content\/uploads\/2024\/06\/DSCF3709-150x150.jpg",150,150,true],"medium":["https:\/\/lackman.com.br\/wp-content\/uploads\/2024\/06\/DSCF3709-300x200.jpg",300,200,true],"large":["https:\/\/lackman.com.br\/wp-content\/uploads\/2024\/06\/DSCF3709.jpg",850,567,false],"RoboGalleryMansoryImagesCenter":["https:\/\/lackman.com.br\/wp-content\/uploads\/2024\/06\/DSCF3709-600x567.jpg",600,567,true],"RoboGalleryPreload":["https:\/\/lackman.com.br\/wp-content\/uploads\/2024\/06\/DSCF3709.jpg",100,67,false],"1536x1536":["https:\/\/lackman.com.br\/wp-content\/uploads\/2024\/06\/DSCF3709.jpg",850,567,false],"2048x2048":["https:\/\/lackman.com.br\/wp-content\/uploads\/2024\/06\/DSCF3709.jpg",850,567,false]},"rttpg_author":{"display_name":"Gilberto Evangelista - Colunista","author_link":"https:\/\/lackman.com.br\/index.php\/author\/gilberto-brito\/"},"rttpg_comment":0,"rttpg_category":"<a href=\"https:\/\/lackman.com.br\/index.php\/category\/arte\/\" rel=\"category tag\">Arte<\/a> <a href=\"https:\/\/lackman.com.br\/index.php\/category\/arte\/design\/\" rel=\"category tag\">Design<\/a>","rttpg_excerpt":"Com programa\u00e7\u00e3o intensa, F\u00f3rum trouxe futuro e design para o centro das discuss\u00f5es ao longo de uma semana na cidade que \u00e9 o mais belo fruto das artes Na \u00faltima semana, Bras\u00edlia sediou o F\u00f3rum Cidades Criativas, um evento que movimentou o segmento de design na capital federal. O evento, realizado entre os dias 4&hellip;","_links":{"self":[{"href":"https:\/\/lackman.com.br\/index.php\/wp-json\/wp\/v2\/posts\/7155","targetHints":{"allow":["GET"]}}],"collection":[{"href":"https:\/\/lackman.com.br\/index.php\/wp-json\/wp\/v2\/posts"}],"about":[{"href":"https:\/\/lackman.com.br\/index.php\/wp-json\/wp\/v2\/types\/post"}],"author":[{"embeddable":true,"href":"https:\/\/lackman.com.br\/index.php\/wp-json\/wp\/v2\/users\/6"}],"replies":[{"embeddable":true,"href":"https:\/\/lackman.com.br\/index.php\/wp-json\/wp\/v2\/comments?post=7155"}],"version-history":[{"count":4,"href":"https:\/\/lackman.com.br\/index.php\/wp-json\/wp\/v2\/posts\/7155\/revisions"}],"predecessor-version":[{"id":7188,"href":"https:\/\/lackman.com.br\/index.php\/wp-json\/wp\/v2\/posts\/7155\/revisions\/7188"}],"wp:featuredmedia":[{"embeddable":true,"href":"https:\/\/lackman.com.br\/index.php\/wp-json\/wp\/v2\/media\/7159"}],"wp:attachment":[{"href":"https:\/\/lackman.com.br\/index.php\/wp-json\/wp\/v2\/media?parent=7155"}],"wp:term":[{"taxonomy":"category","embeddable":true,"href":"https:\/\/lackman.com.br\/index.php\/wp-json\/wp\/v2\/categories?post=7155"},{"taxonomy":"post_tag","embeddable":true,"href":"https:\/\/lackman.com.br\/index.php\/wp-json\/wp\/v2\/tags?post=7155"}],"curies":[{"name":"wp","href":"https:\/\/api.w.org\/{rel}","templated":true}]}}