{"id":7140,"date":"2024-06-09T18:25:50","date_gmt":"2024-06-09T21:25:50","guid":{"rendered":"https:\/\/lackman.com.br\/?p=7140"},"modified":"2024-06-09T18:43:50","modified_gmt":"2024-06-09T21:43:50","slug":"ta-rolando-o-bsb-plano-das-artes-bora","status":"publish","type":"post","link":"https:\/\/lackman.com.br\/index.php\/2024\/06\/09\/ta-rolando-o-bsb-plano-das-artes-bora\/","title":{"rendered":"T\u00e1 rolando o BSB Plano das Artes&#8230; Bora?"},"content":{"rendered":"<h5 style=\"text-align: justify\"><em>A 4 \u00aa edi\u00e7\u00e3o do Festival Arte por toda parte re\u00fane nada menos que 56 espa\u00e7os culturais, revelando um verdadeiro raio-X da cultura 100% Made in Bras\u00edlia<\/em><\/h5>\n<p>&nbsp;<\/p>\n<p style=\"text-align: justify\">At\u00e9 o pr\u00f3ximo dia<strong> 18 de junho<\/strong>, o p\u00fablico poder\u00e1 visitar e conhecer os\u00a0<strong>ateli\u00eas de artistas, galerias e espa\u00e7os de arte aut\u00f4nomos<\/strong>\u00a0da capital federal que participam da\u00a0<strong>4\u00aa edi\u00e7\u00e3o do BSB Plano das Artes<\/strong>.\u00a0O lema do evento, <strong>Festival<\/strong> <strong>Arte por toda parte<\/strong>, destaca a diversidade e a forte presen\u00e7a da cena art\u00edstica na capital federal e articula di\u00e1logos sobre espa\u00e7os de arte no pa\u00eds. \u00c9 uma grande oportunidade para as pessoas que se interessam por conhecer a cena das artes visuais do Distrito Federal a explorarem diferentes express\u00f5es criativas e conhecerem os talentos locais.<\/p>\n<figure id=\"attachment_7143\" aria-describedby=\"caption-attachment-7143\" style=\"width: 1080px\" class=\"wp-caption aligncenter\"><img fetchpriority=\"high\" decoding=\"async\" class=\"wp-image-7143 size-full\" src=\"http:\/\/lackman.com.br\/wp-content\/uploads\/2024\/06\/Newton-Scheufler.jpg\" alt=\"\" width=\"1080\" height=\"1301\" srcset=\"https:\/\/lackman.com.br\/wp-content\/uploads\/2024\/06\/Newton-Scheufler.jpg 1080w, https:\/\/lackman.com.br\/wp-content\/uploads\/2024\/06\/Newton-Scheufler-249x300.jpg 249w, https:\/\/lackman.com.br\/wp-content\/uploads\/2024\/06\/Newton-Scheufler-850x1024.jpg 850w, https:\/\/lackman.com.br\/wp-content\/uploads\/2024\/06\/Newton-Scheufler-768x925.jpg 768w\" sizes=\"(max-width: 1080px) 100vw, 1080px\" \/><figcaption id=\"caption-attachment-7143\" class=\"wp-caption-text\">Newton Scheufler<\/figcaption><\/figure>\n<p style=\"text-align: justify\">Dos\u00a0<strong>56 espa\u00e7os<\/strong>\u00a0que participam desta edi\u00e7\u00e3o,\u00a0<strong>30\u00a0<\/strong>participam das<strong>\u00a0rotas de visita\u00e7\u00e3o com<\/strong>\u00a0<strong>vans<\/strong>\u00a0oferecidas pelo Plano das Artes,\u00a0<strong>26<\/strong>\u00a0fazem parte das\u00a0<strong>rotas de visita\u00e7\u00e3o espont\u00e2neas<\/strong>, em que o p\u00fablico segue para esses espa\u00e7os por meios pr\u00f3prios, seja carro, carros por aplicativo, t\u00e1xis, \u00f4nibus, bicicleta ou a p\u00e9. Al\u00e9m disso, acontecer\u00e3o 6 rotas online, com programas gravados e ao vivo. Essas rotas contemplam os ateli\u00eas de canto e entrevistas com espa\u00e7os aut\u00f4nomos do Distrito Federal, Goi\u00e1s, Cear\u00e1, Mato Grosso, Par\u00e1 e Rio Grande do Sul. Este colunista participou de uma da Rota Vermelha (uma das que voc\u00ea entra na Van do projeto e sai <strong>#PERAMBULANDO<\/strong> para e para c\u00e1, visitando lugares incr\u00edveis). O ressultado foi um Reels muito maneiro e que voc\u00ea pode assistir clicando <a href=\"https:\/\/www.instagram.com\/reel\/C8Al4iovsz3\/?utm_source=ig_web_copy_link&amp;igsh=MzRlODBiNWFlZA==\"><strong>neste link<\/strong><\/a>!<\/p>\n<p style=\"text-align: justify\">O\u00a0<a href=\"https:\/\/www.instagram.com\/planodasartes\/\"><strong>BSB Plano das Artes<\/strong><\/a>\u00a0\u00e9 um evento que busca aproximar o p\u00fablico da cena das artes visuais do Distrito Federal por meio de visitas a ateli\u00eas de artistas, galerias e espa\u00e7os aut\u00f4nomos de arte.\u00a0As pessoas interessadas em participar das rotas programadas devem se inscrever <a href=\"https:\/\/x.gd\/RHwKm\"><strong>pelo Sympla<\/strong><\/a>. Mais informa\u00e7\u00f5es pelo site <strong><a href=\"http:\/\/www.bsbplanodasarte.com.br\/\">www.bsbplanodasarte.com.br<\/a><\/strong>. As vagas s\u00e3o limitadas e sujeitas \u00e0 lota\u00e7\u00e3o das vans a 14 pessoas por ve\u00edculo, com sa\u00eddas do Museu Nacional da Rep\u00fablica, na Esplanada dos Minist\u00e9rios. \u00a0\u00a0Todos os espa\u00e7os participantes est\u00e3o listados no\u00a0<strong>mapa<\/strong>\u00a0do Plano das Artes que ser\u00e1\u00a0<strong>distribu\u00eddo<\/strong>\u00a0<strong>gratuitamente ao p\u00fablico<\/strong>, nas vans, nos espa\u00e7os participantes, nos parceiros comerciais do projeto e pode ser acessado no site do projeto. O projeto proporcionou a forma\u00e7\u00e3o de 20 atendentes culturais (incluindo vagas para LGBTQIA+ negros e ind\u00edgenas), categoria profissional lan\u00e7ada pelo projeto visando relacionamento e gest\u00e3o de atividades de espa\u00e7os, que ir\u00e3o atuar em treinamento durante as rotas em alguns espa\u00e7os.<\/p>\n<figure id=\"attachment_7145\" aria-describedby=\"caption-attachment-7145\" style=\"width: 1080px\" class=\"wp-caption aligncenter\"><img decoding=\"async\" class=\"wp-image-7145 size-full\" src=\"http:\/\/lackman.com.br\/wp-content\/uploads\/2024\/06\/Galeria-Atelie-Cata-vento.jpg\" alt=\"\" width=\"1080\" height=\"1080\" srcset=\"https:\/\/lackman.com.br\/wp-content\/uploads\/2024\/06\/Galeria-Atelie-Cata-vento.jpg 1080w, https:\/\/lackman.com.br\/wp-content\/uploads\/2024\/06\/Galeria-Atelie-Cata-vento-300x300.jpg 300w, https:\/\/lackman.com.br\/wp-content\/uploads\/2024\/06\/Galeria-Atelie-Cata-vento-1024x1024.jpg 1024w, https:\/\/lackman.com.br\/wp-content\/uploads\/2024\/06\/Galeria-Atelie-Cata-vento-150x150.jpg 150w, https:\/\/lackman.com.br\/wp-content\/uploads\/2024\/06\/Galeria-Atelie-Cata-vento-768x768.jpg 768w\" sizes=\"(max-width: 1080px) 100vw, 1080px\" \/><figcaption id=\"caption-attachment-7145\" class=\"wp-caption-text\">Galeria e Ateli\u00ea Cata-vento<\/figcaption><\/figure>\n<p style=\"text-align: justify\">Cinara Barbosa, curadora, pesquisadora e idealizadora do BSB Plano das Artes, destaca a significativa participa\u00e7\u00e3o dos espa\u00e7os nas convocat\u00f3rias realizadas em mar\u00e7o. Essa participa\u00e7\u00e3o evidencia a consolida\u00e7\u00e3o do ecossistema da arte no Distrito Federal ao longo dos \u00faltimos anos. Novas galerias, ateli\u00eas de artistas e centros culturais aut\u00f4nomos de artes visuais t\u00eam surgido, ampliando o alcance do projeto ao longo de seus seis anos de exist\u00eancia.<\/p>\n<p style=\"text-align: justify\">Durante a pesquisa de campo para a prepara\u00e7\u00e3o desta 4\u00aa edi\u00e7\u00e3o, observou-se uma transforma\u00e7\u00e3o na ocupa\u00e7\u00e3o da cidade por setores de economia criativa. O projeto aborda quest\u00f5es como acessibilidade do p\u00fablico e mobilidade, promovendo um circuito gratuito pelos espa\u00e7os na cidade. \u201cO Setor Comercial Sul (SCS), localizado no cora\u00e7\u00e3o de Bras\u00edlia, abriga uma cena cultural vibrante. Nesse espa\u00e7o, encontramos galerias, escrit\u00f3rios de arte e de arquitetura, ateli\u00eas, resid\u00eancias art\u00edsticas, est\u00fadios de design e tatuagem. \u201cA apresenta\u00e7\u00e3o desses locais mapeados tamb\u00e9m nos leva a refletir sobre quest\u00f5es como visibilidade, profissionaliza\u00e7\u00e3o e sustentabilidade dos empreendimentos criativos, considerando os desafios relacionados \u00e0 manuten\u00e7\u00e3o desses espa\u00e7os\u201d, afirma a idealizadora do projeto.<\/p>\n<figure id=\"attachment_7146\" aria-describedby=\"caption-attachment-7146\" style=\"width: 1080px\" class=\"wp-caption aligncenter\"><img decoding=\"async\" class=\"wp-image-7146 size-full\" src=\"http:\/\/lackman.com.br\/wp-content\/uploads\/2024\/06\/Galeria-Celso-Junior.jpg\" alt=\"\" width=\"1080\" height=\"1350\" srcset=\"https:\/\/lackman.com.br\/wp-content\/uploads\/2024\/06\/Galeria-Celso-Junior.jpg 1080w, https:\/\/lackman.com.br\/wp-content\/uploads\/2024\/06\/Galeria-Celso-Junior-240x300.jpg 240w, https:\/\/lackman.com.br\/wp-content\/uploads\/2024\/06\/Galeria-Celso-Junior-819x1024.jpg 819w, https:\/\/lackman.com.br\/wp-content\/uploads\/2024\/06\/Galeria-Celso-Junior-768x960.jpg 768w\" sizes=\"(max-width: 1080px) 100vw, 1080px\" \/><figcaption id=\"caption-attachment-7146\" class=\"wp-caption-text\">Galeria Celso Junior<\/figcaption><\/figure>\n<p style=\"text-align: justify\"><strong>Como participar <\/strong><\/p>\n<p style=\"text-align: justify\">Todos os espa\u00e7os participantes est\u00e3o listados no\u00a0<strong>mapa do Plano das Artes<\/strong>. Esse mapa ser\u00e1 distribu\u00eddo ao p\u00fablico, nas vans, nos espa\u00e7os participantes e dos parceiros do projeto. Al\u00e9m disso, o mapa pode ser acessado no site www.bsbplanodasartes.com.br.<\/p>\n<p style=\"text-align: justify\">A\u00a0<strong>4\u00aa Edi\u00e7\u00e3o do Plano das Artes<\/strong>\u00a0oferece\u00a0<strong>tr\u00eas modalidades de rotas<\/strong>\u00a0para os interessados em explorar a cena art\u00edstica.<\/p>\n<p style=\"text-align: justify\"><strong>Rotas Programadas<\/strong>:<\/p>\n<ul style=\"text-align: justify\">\n<li><strong>Datas<\/strong>:\u00a0<strong>7, 8, 14, 15 e 16 de junho<\/strong>.<\/li>\n<li>Essas rotas incluem\u00a0<strong>vans gratuitas<\/strong>e\u00a0<strong>equipe de media\u00e7\u00e3o<\/strong>. Os participantes poder\u00e3o circular pelos\u00a0<strong>espa\u00e7os de artes visuais<\/strong>\u00a0dentro de cada rota. Alguns espa\u00e7os contar\u00e3o com a presen\u00e7a de atendentes culturais formados pelo projeto.<\/li>\n<li>As sa\u00eddas acontecem do Museu Nacional da Rep\u00fablica.<\/li>\n<li>A organiza\u00e7\u00e3o do evento orienta as pessoas que n\u00e3o conseguirem se inscrever nas retas programadas, que sigam para o ponto de partida no Museu Nacional da Rep\u00fablica, porque em caso de desist\u00eancias, as vagas ser\u00e3o preenchidas pelas pessoas que estiverem no local por ordem de chegada.<\/li>\n<\/ul>\n<p style=\"text-align: justify\"><strong>Rotas Espont\u00e2neas<\/strong>:<\/p>\n<p style=\"text-align: justify\"><strong>Per\u00edodo<\/strong>: De\u00a0<strong>7 a 18 de junho<\/strong>.<\/p>\n<p style=\"text-align: justify\">Nessa modalidade, o p\u00fablico monta seu pr\u00f3prio\u00a0<strong>roteiro de visita presencial<\/strong>\u00a0de maneira independente. Os hor\u00e1rios de funcionamento dos espa\u00e7os ser\u00e3o informados no\u00a0<strong>formul\u00e1rio de participa\u00e7\u00e3o<\/strong>, e \u00e9 poss\u00edvel agendar visitas diretamente com a equipe do espa\u00e7o.<\/p>\n<p style=\"text-align: justify\"><strong>Rotas Online<\/strong>:<\/p>\n<p style=\"text-align: justify\"><strong>Datas<\/strong>: De\u00a0<strong>9 a 13 de junho<\/strong>\u00a0e nos dias\u00a0<strong>17 e 18 de junho<\/strong>.<\/p>\n<p style=\"text-align: justify\">As rotas online consistem em programas transmitidos pelo canal do Plano das Artes no YouTube. Os participantes poder\u00e3o acompanhar a participa\u00e7\u00e3o de Ateli\u00eas de Canto, entrevistas ao vivo com Espa\u00e7os da Convocat\u00f3ria Apoio Plano e outros\u00a0convidados.<\/p>\n<figure id=\"attachment_7142\" aria-describedby=\"caption-attachment-7142\" style=\"width: 1080px\" class=\"wp-caption aligncenter\"><img loading=\"lazy\" decoding=\"async\" class=\"wp-image-7142 size-full\" src=\"http:\/\/lackman.com.br\/wp-content\/uploads\/2024\/06\/Athos-Bulcao.jpg\" alt=\"\" width=\"1080\" height=\"1080\" srcset=\"https:\/\/lackman.com.br\/wp-content\/uploads\/2024\/06\/Athos-Bulcao.jpg 1080w, https:\/\/lackman.com.br\/wp-content\/uploads\/2024\/06\/Athos-Bulcao-300x300.jpg 300w, https:\/\/lackman.com.br\/wp-content\/uploads\/2024\/06\/Athos-Bulcao-1024x1024.jpg 1024w, https:\/\/lackman.com.br\/wp-content\/uploads\/2024\/06\/Athos-Bulcao-150x150.jpg 150w, https:\/\/lackman.com.br\/wp-content\/uploads\/2024\/06\/Athos-Bulcao-768x768.jpg 768w\" sizes=\"(max-width: 1080px) 100vw, 1080px\" \/><figcaption id=\"caption-attachment-7142\" class=\"wp-caption-text\">Funda\u00e7\u00e3o Athos Bulc\u00e3o<\/figcaption><\/figure>\n<p style=\"text-align: justify\"><strong>Ateli\u00eas, galerias e espa\u00e7os aut\u00f4nomos que fazem parte das rotas programadas \u00a0<\/strong><\/p>\n<p style=\"text-align: justify\">A Pilastra (Guar\u00e1 II), Alberto Lamback \/ Loja 16 (Asa Norte), Ateli\u00ea 27 (Jardim Bot\u00e2nico), Ateli\u00ea Camila Soato \/ Instituto Barraus (Sobradinho), Ateli\u00ea Christus N\u00f3brega (Jardim Bot\u00e2nico), Ateli\u00ea Helena Lopes (Lago Sul), Ateli\u00ea Kena \/ Naine Terena + Gustavo Caboco Wapichana (Asa Norte), Ateli\u00ea Newton Scheufler (Vila Telebras\u00edlia), Ateli\u00ea Taigo Meireles (Brazl\u00e2ndia). Ateli\u00ea Val\u00e9ria Pena-Costa + Feira do Fuga (Lago Sul), Casa Aerada (Varj\u00e3o), Casa Ateli\u00ea Galeria Jardim de Cerrado Cata-Vento \/ Aline Crivelari (Park Way), Celso Junior Galeria (Lago Sul), Centro Cultural TCU (Asa Sul), Centro de Artes MD Azevedo (Vila Telebras\u00edlia \/ Asa Sul), Cerrado Galeria (Lago Sul), deCurators (Asa Norte), Espa\u00e7o Ecoarte (Asa Sul), Funda\u00e7\u00e3o Athos Bulc\u00e3o (Asa Sul), Galeria Index (Asa Sul), Galeria Karla Os\u00f3rio (Lago Sul), Galeria Olho de \u00c1guia (Taguatinga), Galeria Risofloras + Gu da Cei (Ceil\u00e2ndia), ManoObra Galeria (Sobradinho II), Oto Reifschneider Galeria de Arte (Asa Norte), P\u00e9 Vermelho &#8211; Espa\u00e7o Contempor\u00e2neo (Planaltina), Ocupa\u00e7\u00e3o Amilcar\u00a0de\u00a0Castro (\u00c1rea Central do Plano Piloto), Refer\u00eancia Galeria de Arte (Asa Norte), Telaambulante (Asa Sul) e Vilarejo 21 (Altiplano Leste \u2013 Jardim Bot\u00e2nico).<\/p>\n<p style=\"text-align: justify\"><strong>Espa\u00e7os abertos para rotas espont\u00e2neas<\/strong><\/p>\n<p style=\"text-align: justify\">Ateli\u00ea Casa 08 (Jardim Bot\u00e2nico), Ateli\u00ea Cec\u00edlia Mori (Asa Norte), Ateli\u00ea Glenio Lima (Jardim Bot\u00e2nico), Ateli\u00ea Lino Valente (Asa Sul), Ateli\u00ea Raquel Nava e Samantha Canovas (Asa Norte), Ateli\u00ea R\u00f4mulo Andrade (Sobradinho), Hospitalidade\/Casa Aberta (Alex\u00e2nia \u2013 GO), Hypnacoteca Maravalhas &#8211; Museu do Urubu (Lago Norte), Mat\u00e9ria Pl\u00e1stica &#8211; Galeria de Arte Atempor\u00e2nea (Altiplano Leste \u2013 Jardim Bot\u00e2nico), P\u00e1tio Galeria (Asa Sul) e Sortir Livraria, Work &amp; Lounge Place (Asa Norte).<\/p>\n<p style=\"text-align: justify\"><strong>Espa\u00e7os de Artes Visuais e de Economia\u00a0Criativa do SCS<\/strong><\/p>\n<p style=\"text-align: justify\"><em>* Visita\u00e7\u00e3o mediante agendamento com o espa\u00e7o<\/em><\/p>\n<p style=\"text-align: justify\">Ateli\u00ea Lucas Gehre, Ateli\u00ea Paulo Valeriano, Atelier Adriana Vignoli e Matias Mesquita, Atelier Paralelo, Azul Rodrigues, Coplanar Arquitetura | Ubi Azulejos, Est\u00fadio Firula, Grande Circular, Papel-Terra Ateli\u00ea, Ralph Gehre e Studio Onio 1980.<\/p>\n<p style=\"text-align: justify\"><strong>Ateli\u00eas de canto <\/strong><\/p>\n<p style=\"text-align: justify\">G\u00ea Orthof, Josiane Dias, Lemuel Gandara e Maria Porto.<\/p>\n<p style=\"text-align: justify\"><strong>Rotas Online com transmiss\u00e3o pelo canal do Youtube <\/strong><strong>@PlanodasArtes<\/strong><\/p>\n<p style=\"text-align: justify\"><strong>\u00a0<\/strong><strong>09\/06 &#8211; 9h<\/strong>:\u00a0<strong>Ateli\u00eas de Canto<\/strong><\/p>\n<p style=\"text-align: justify\">Convidados: V\u00eddeos:\u00a0 G\u00ea Orthof, Lemuel Gandara, Josiane Dias e Maria Porto.<\/p>\n<p style=\"text-align: justify\"><strong>10\/06 &#8211; 19h<\/strong>:\u00a0<strong>Di\u00e1logos Art\u00edsticos: Espa\u00e7os Aut\u00f4nomos em Destaque &#8211; Parte I<\/strong><\/p>\n<p style=\"text-align: justify\">Convidados: Ateli\u00ea Camila Soato, A Pilastra e Vilarejo 21.<\/p>\n<p style=\"text-align: justify\"><strong>11\/06 &#8211; 19h<\/strong>:\u00a0<strong>Di\u00e1logos Art\u00edsticos: Espa\u00e7os Aut\u00f4nomos em Destaque &#8211; Parte II<\/strong><\/p>\n<p style=\"text-align: justify\">Convidados: Ateli\u00ea Eco Arte, Espa\u00e7o Cultural Ven\u00e2ncio &#8211; Tela Ambulante, P\u00e9 Vermelho \u2013 Espa\u00e7o Contempor\u00e2neo e Galeria Rosifloras.<\/p>\n<p style=\"text-align: justify\"><strong>12\/06 &#8211; 19h<\/strong>:\u00a0<strong>O Ateli\u00ea &#8211; Conversas do Lugar como Escutas do Mundo<\/strong><\/p>\n<p style=\"text-align: justify\">Convidados: G\u00ea Orthof, Lemuel Gandara, Josiane Dias e Maria Porto.<\/p>\n<p style=\"text-align: justify\"><strong>13\/06 &#8211; 19h<\/strong>:\u00a0<strong>Conex\u00e3o Pantanal \/ Cerrado \u2013 Novas Trilhas<\/strong><\/p>\n<p style=\"text-align: justify\">Convidados: Arte Plena (Goi\u00e2nia), Galeria Arto (Cuiab\u00e1) e Ateli\u00ea Labirinto.<\/p>\n<p style=\"text-align: justify\"><strong>17\/06 \u2013 19h:<\/strong>\u00a0<strong>Ecos do Cerrado &#8211; Estrat\u00e9gias de Gest\u00e3o do Nosso Ch\u00e3o<\/strong><\/p>\n<p style=\"text-align: justify\">Convidados: Ateli\u00ea Kena (Naine Terena e Gustavo Caboco Wapichana \/ Bras\u00edlia), Sert\u00e3o Negro (com Dalton Paula e Cei\u00e7a Ferreira\/ Goi\u00e2nia), Barranco Ateli\u00ea (Tales Lopes e Valdson Ramos com participa\u00e7\u00e3o de Paulo Henrique Silva sobre panorama cultural de An\u00e1polis).<\/p>\n<p style=\"text-align: justify\"><strong>18\/06 &#8211; 19h &#8211; Conex\u00f5es Brasil &#8211; Arte por Toda Parte<\/strong><\/p>\n<p style=\"text-align: justify\">Convidados: Fotoativa\/ Kamara K\u00f3 &#8211; Miguel Chikaoka, Makiko Akao e Irene Almeida (Bel\u00e9m), Ateli\u00eas do Pocinho \u2013 S\u00e9rgio Gurgel e Diego de Santos (Fortaleza), JA.CA \u2013 Centro de Arte e Tecnologia &#8211; Francisca Caporali (Belo Horizonte), Remanso &#8211; Guilherme Mautone, Guilherme Leon\u00a0Berno\u00a0de\u00a0Jesus.<\/p>\n<figure id=\"attachment_7144\" aria-describedby=\"caption-attachment-7144\" style=\"width: 1080px\" class=\"wp-caption aligncenter\"><img loading=\"lazy\" decoding=\"async\" class=\"wp-image-7144 size-full\" src=\"http:\/\/lackman.com.br\/wp-content\/uploads\/2024\/06\/Centro-de-Artess.jpg\" alt=\"\" width=\"1080\" height=\"1080\" srcset=\"https:\/\/lackman.com.br\/wp-content\/uploads\/2024\/06\/Centro-de-Artess.jpg 1080w, https:\/\/lackman.com.br\/wp-content\/uploads\/2024\/06\/Centro-de-Artess-300x300.jpg 300w, https:\/\/lackman.com.br\/wp-content\/uploads\/2024\/06\/Centro-de-Artess-1024x1024.jpg 1024w, https:\/\/lackman.com.br\/wp-content\/uploads\/2024\/06\/Centro-de-Artess-150x150.jpg 150w, https:\/\/lackman.com.br\/wp-content\/uploads\/2024\/06\/Centro-de-Artess-768x768.jpg 768w\" sizes=\"(max-width: 1080px) 100vw, 1080px\" \/><figcaption id=\"caption-attachment-7144\" class=\"wp-caption-text\">Centro de Artes<\/figcaption><\/figure>\n<p><em><strong>#PERAMBULANDO pelo mundo das artes\u00a0<\/strong><\/em><\/p>\n<p><strong>4\u00aa edi\u00e7\u00e3o do BSB Plano das Artes\u00a0 &#8211; <\/strong><strong><em>Festival Arte por toda parte<\/em><\/strong><\/p>\n<p style=\"text-align: justify\">Rotas de visita\u00e7\u00e3o a galerias, ateli\u00eas e espa\u00e7os aut\u00f4nomos de arte do Distrito Federal<\/p>\n<p style=\"text-align: justify\">Rotas online com transmiss\u00e3o pelo canal do Youtube do projeto<\/p>\n<p style=\"text-align: justify\">Quando | <strong>de 7 a 18 de junho<\/strong><\/p>\n<p style=\"text-align: justify\">Entrada | <strong>Gratuita<\/strong><\/p>\n<p style=\"text-align: justify\">Classifica\u00e7\u00e3o indicativa | <strong>Livre para todos os p\u00fablicos<\/strong><\/p>\n<p style=\"text-align: justify\">Instagram | <strong>@planodasartes<\/strong><\/p>\n<p style=\"text-align: justify\">Site |\u00a0<a href=\"https:\/\/bsbplanodasartes.com.br\/\"><strong>https:\/\/bsbplanodasartes.com.br<\/strong><\/a><\/p>\n<p style=\"text-align: justify\">Youtube | <strong>@PlanodasArtes<\/strong><\/p>\n<p style=\"text-align: justify\">Patroc\u00ednio | <strong>Fundo de Apoio \u00e0 Cultura do Distrito Federal (FAC-DF)<\/strong><\/p>\n<p style=\"text-align: justify\">Inscri\u00e7\u00f5es pelo Sympla | <a href=\"https:\/\/x.gd\/Oxm1N\">https:\/\/x.gd\/Oxm1N<\/a>Parceiros comerciais De alimenta\u00e7\u00e3o | <strong>Greens restaurante natural, Marilda Caf\u00e9, Mimo\u00a0bar, Orto Pizzaria\u00a0 e Sebinho Caf\u00e9<\/strong><\/p>\n<pre>Fotos: Capa: Gilberto Evangelista \/ Mat\u00e9ria: Reprodu\u00e7\u00e3o Instagram<\/pre>\n","protected":false},"excerpt":{"rendered":"<p>A 4 \u00aa edi\u00e7\u00e3o do Festival Arte por toda parte re\u00fane nada menos que 56 espa\u00e7os culturais, revelando um verdadeiro raio-X da cultura 100% Made in Bras\u00edlia &nbsp; At\u00e9 o pr\u00f3ximo dia 18 de junho, o p\u00fablico poder\u00e1 visitar e conhecer os\u00a0ateli\u00eas de artistas, galerias e espa\u00e7os de arte aut\u00f4nomos\u00a0da capital federal que participam da\u00a04\u00aa edi\u00e7\u00e3o do BSB Plano das Artes.\u00a0O lema do evento, Festival Arte por toda parte, destaca a diversidade e a forte presen\u00e7a da cena art\u00edstica na capital federal e articula di\u00e1logos sobre espa\u00e7os de arte no pa\u00eds. \u00c9 uma grande oportunidade para as pessoas que se interessam por conhecer a cena das artes visuais do Distrito Federal a explorarem diferentes express\u00f5es criativas e conhecerem os talentos locais. Dos\u00a056 espa\u00e7os\u00a0que participam desta edi\u00e7\u00e3o,\u00a030\u00a0participam das\u00a0rotas de visita\u00e7\u00e3o com\u00a0vans\u00a0oferecidas pelo Plano das Artes,\u00a026\u00a0fazem parte das\u00a0rotas de visita\u00e7\u00e3o espont\u00e2neas, em que o p\u00fablico segue para esses espa\u00e7os por meios pr\u00f3prios, seja carro, carros por aplicativo, t\u00e1xis, \u00f4nibus, bicicleta ou a p\u00e9. Al\u00e9m disso, acontecer\u00e3o 6 rotas online, com programas gravados e ao vivo. Essas rotas contemplam os ateli\u00eas de canto e entrevistas com espa\u00e7os aut\u00f4nomos do Distrito Federal, Goi\u00e1s, Cear\u00e1, Mato Grosso, Par\u00e1 e Rio Grande do Sul. Este colunista participou de uma da Rota Vermelha (uma das que voc\u00ea entra na Van do projeto e sai #PERAMBULANDO para e para c\u00e1, visitando lugares incr\u00edveis). O ressultado foi um Reels muito maneiro e que voc\u00ea pode assistir clicando neste link! O\u00a0BSB Plano das Artes\u00a0\u00e9 um evento que busca aproximar o p\u00fablico da cena das artes visuais do Distrito Federal por meio de visitas a ateli\u00eas de artistas, galerias e espa\u00e7os aut\u00f4nomos de arte.\u00a0As pessoas interessadas em participar das rotas programadas devem se inscrever pelo Sympla. Mais informa\u00e7\u00f5es pelo site www.bsbplanodasarte.com.br. As vagas s\u00e3o limitadas e sujeitas \u00e0 lota\u00e7\u00e3o das vans a 14 pessoas por ve\u00edculo, com sa\u00eddas do Museu Nacional da Rep\u00fablica, na Esplanada dos Minist\u00e9rios. \u00a0\u00a0Todos os espa\u00e7os participantes est\u00e3o listados no\u00a0mapa\u00a0do Plano das Artes que ser\u00e1\u00a0distribu\u00eddo\u00a0gratuitamente ao p\u00fablico, nas vans, nos espa\u00e7os participantes, nos parceiros comerciais do projeto e pode ser acessado no site do projeto. O projeto proporcionou a forma\u00e7\u00e3o de 20 atendentes culturais (incluindo vagas para LGBTQIA+ negros e ind\u00edgenas), categoria profissional lan\u00e7ada pelo projeto visando relacionamento e gest\u00e3o de atividades de espa\u00e7os, que ir\u00e3o atuar em treinamento durante as rotas em alguns espa\u00e7os. Cinara Barbosa, curadora, pesquisadora e idealizadora do BSB Plano das Artes, destaca a significativa participa\u00e7\u00e3o dos espa\u00e7os nas convocat\u00f3rias realizadas em mar\u00e7o. Essa participa\u00e7\u00e3o evidencia a consolida\u00e7\u00e3o do ecossistema da arte no Distrito Federal ao longo dos \u00faltimos anos. Novas galerias, ateli\u00eas de artistas e centros culturais aut\u00f4nomos de artes visuais t\u00eam surgido, ampliando o alcance do projeto ao longo de seus seis anos de exist\u00eancia. Durante a pesquisa de campo para a prepara\u00e7\u00e3o desta 4\u00aa edi\u00e7\u00e3o, observou-se uma transforma\u00e7\u00e3o na ocupa\u00e7\u00e3o da cidade por setores de economia criativa. O projeto aborda quest\u00f5es como acessibilidade do p\u00fablico e mobilidade, promovendo um circuito gratuito pelos espa\u00e7os na cidade. \u201cO Setor Comercial Sul (SCS), localizado no cora\u00e7\u00e3o de Bras\u00edlia, abriga uma cena cultural vibrante. Nesse espa\u00e7o, encontramos galerias, escrit\u00f3rios de arte e de arquitetura, ateli\u00eas, resid\u00eancias art\u00edsticas, est\u00fadios de design e tatuagem. \u201cA apresenta\u00e7\u00e3o desses locais mapeados tamb\u00e9m nos leva a refletir sobre quest\u00f5es como visibilidade, profissionaliza\u00e7\u00e3o e sustentabilidade dos empreendimentos criativos, considerando os desafios relacionados \u00e0 manuten\u00e7\u00e3o desses espa\u00e7os\u201d, afirma a idealizadora do projeto. Como participar Todos os espa\u00e7os participantes est\u00e3o listados no\u00a0mapa do Plano das Artes. Esse mapa ser\u00e1 distribu\u00eddo ao p\u00fablico, nas vans, nos espa\u00e7os participantes e dos parceiros do projeto. Al\u00e9m disso, o mapa pode ser acessado no site www.bsbplanodasartes.com.br. A\u00a04\u00aa Edi\u00e7\u00e3o do Plano das Artes\u00a0oferece\u00a0tr\u00eas modalidades de rotas\u00a0para os interessados em explorar a cena art\u00edstica. Rotas Programadas: Datas:\u00a07, 8, 14, 15 e 16 de junho. Essas rotas incluem\u00a0vans gratuitase\u00a0equipe de media\u00e7\u00e3o. Os participantes poder\u00e3o circular pelos\u00a0espa\u00e7os de artes visuais\u00a0dentro de cada rota. Alguns espa\u00e7os contar\u00e3o com a presen\u00e7a de atendentes culturais formados pelo projeto. As sa\u00eddas acontecem do Museu Nacional da Rep\u00fablica. A organiza\u00e7\u00e3o do evento orienta as pessoas que n\u00e3o conseguirem se inscrever nas retas programadas, que sigam para o ponto de partida no Museu Nacional da Rep\u00fablica, porque em caso de desist\u00eancias, as vagas ser\u00e3o preenchidas pelas pessoas que estiverem no local por ordem de chegada. Rotas Espont\u00e2neas: Per\u00edodo: De\u00a07 a 18 de junho. Nessa modalidade, o p\u00fablico monta seu pr\u00f3prio\u00a0roteiro de visita presencial\u00a0de maneira independente. Os hor\u00e1rios de funcionamento dos espa\u00e7os ser\u00e3o informados no\u00a0formul\u00e1rio de participa\u00e7\u00e3o, e \u00e9 poss\u00edvel agendar visitas diretamente com a equipe do espa\u00e7o. Rotas Online: Datas: De\u00a09 a 13 de junho\u00a0e nos dias\u00a017 e 18 de junho. As rotas online consistem em programas transmitidos pelo canal do Plano das Artes no YouTube. Os participantes poder\u00e3o acompanhar a participa\u00e7\u00e3o de Ateli\u00eas de Canto, entrevistas ao vivo com Espa\u00e7os da Convocat\u00f3ria Apoio Plano e outros\u00a0convidados. Ateli\u00eas, galerias e espa\u00e7os aut\u00f4nomos que fazem parte das rotas programadas \u00a0 A Pilastra (Guar\u00e1 II), Alberto Lamback \/ Loja 16 (Asa Norte), Ateli\u00ea 27 (Jardim Bot\u00e2nico), Ateli\u00ea Camila Soato \/ Instituto Barraus (Sobradinho), Ateli\u00ea Christus N\u00f3brega (Jardim Bot\u00e2nico), Ateli\u00ea Helena Lopes (Lago Sul), Ateli\u00ea Kena \/ Naine Terena + Gustavo Caboco Wapichana (Asa Norte), Ateli\u00ea Newton Scheufler (Vila Telebras\u00edlia), Ateli\u00ea Taigo Meireles (Brazl\u00e2ndia). Ateli\u00ea Val\u00e9ria Pena-Costa + Feira do Fuga (Lago Sul), Casa Aerada (Varj\u00e3o), Casa Ateli\u00ea Galeria Jardim de Cerrado Cata-Vento \/ Aline Crivelari (Park Way), Celso Junior Galeria (Lago Sul), Centro Cultural TCU (Asa Sul), Centro de Artes MD Azevedo (Vila Telebras\u00edlia \/ Asa Sul), Cerrado Galeria (Lago Sul), deCurators (Asa Norte), Espa\u00e7o Ecoarte (Asa Sul), Funda\u00e7\u00e3o Athos Bulc\u00e3o (Asa Sul), Galeria Index (Asa Sul), Galeria Karla Os\u00f3rio (Lago Sul), Galeria Olho de \u00c1guia (Taguatinga), Galeria Risofloras + Gu da Cei (Ceil\u00e2ndia), ManoObra Galeria (Sobradinho II), Oto Reifschneider Galeria de Arte (Asa Norte), P\u00e9 Vermelho &#8211; Espa\u00e7o Contempor\u00e2neo (Planaltina), Ocupa\u00e7\u00e3o Amilcar\u00a0de\u00a0Castro (\u00c1rea Central do Plano Piloto), Refer\u00eancia Galeria de Arte (Asa Norte), Telaambulante (Asa Sul) e Vilarejo 21 (Altiplano Leste \u2013 Jardim Bot\u00e2nico). Espa\u00e7os abertos para rotas espont\u00e2neas Ateli\u00ea Casa 08 (Jardim Bot\u00e2nico), Ateli\u00ea Cec\u00edlia<\/p>\n","protected":false},"author":6,"featured_media":7141,"comment_status":"closed","ping_status":"open","sticky":false,"template":"","format":"standard","meta":{"site-sidebar-layout":"default","site-content-layout":"","ast-site-content-layout":"default","site-content-style":"default","site-sidebar-style":"default","ast-global-header-display":"","ast-banner-title-visibility":"","ast-main-header-display":"","ast-hfb-above-header-display":"","ast-hfb-below-header-display":"","ast-hfb-mobile-header-display":"","site-post-title":"","ast-breadcrumbs-content":"","ast-featured-img":"","footer-sml-layout":"","ast-disable-related-posts":"","theme-transparent-header-meta":"default","adv-header-id-meta":"","stick-header-meta":"","header-above-stick-meta":"","header-main-stick-meta":"","header-below-stick-meta":"","astra-migrate-meta-layouts":"set","ast-page-background-enabled":"default","ast-page-background-meta":{"desktop":{"background-color":"","background-image":"","background-repeat":"repeat","background-position":"center center","background-size":"auto","background-attachment":"scroll","background-type":"","background-media":"","overlay-type":"","overlay-color":"","overlay-opacity":"","overlay-gradient":""},"tablet":{"background-color":"","background-image":"","background-repeat":"repeat","background-position":"center center","background-size":"auto","background-attachment":"scroll","background-type":"","background-media":"","overlay-type":"","overlay-color":"","overlay-opacity":"","overlay-gradient":""},"mobile":{"background-color":"","background-image":"","background-repeat":"repeat","background-position":"center center","background-size":"auto","background-attachment":"scroll","background-type":"","background-media":"","overlay-type":"","overlay-color":"","overlay-opacity":"","overlay-gradient":""}},"ast-content-background-meta":{"desktop":{"background-color":"var(--ast-global-color-5)","background-image":"","background-repeat":"repeat","background-position":"center center","background-size":"auto","background-attachment":"scroll","background-type":"","background-media":"","overlay-type":"","overlay-color":"","overlay-opacity":"","overlay-gradient":""},"tablet":{"background-color":"var(--ast-global-color-5)","background-image":"","background-repeat":"repeat","background-position":"center center","background-size":"auto","background-attachment":"scroll","background-type":"","background-media":"","overlay-type":"","overlay-color":"","overlay-opacity":"","overlay-gradient":""},"mobile":{"background-color":"var(--ast-global-color-5)","background-image":"","background-repeat":"repeat","background-position":"center center","background-size":"auto","background-attachment":"scroll","background-type":"","background-media":"","overlay-type":"","overlay-color":"","overlay-opacity":"","overlay-gradient":""}},"footnotes":""},"categories":[46,47],"tags":[1260,1261,664,1262,54,1259,89,1263,308,1264,166],"class_list":["post-7140","post","type-post","status-publish","format-standard","has-post-thumbnail","hentry","category-arte","category-cultura-arte","tag-4a-edicao-bsb-plano-das-artes","tag-arte-visuais","tag-artes","tag-ateliers","tag-brasilia","tag-bsb-plano-das-artes","tag-df","tag-espacos-criativos","tag-fotografia","tag-galerias","tag-perambulando"],"yoast_head":"<!-- This site is optimized with the Yoast SEO plugin v27.0 - https:\/\/yoast.com\/product\/yoast-seo-wordpress\/ -->\n<title>T\u00e1 rolando o BSB Plano das Artes... Bora? - LACKMAN &amp; CO.<\/title>\n<meta name=\"robots\" content=\"index, follow, max-snippet:-1, max-image-preview:large, max-video-preview:-1\" \/>\n<link rel=\"canonical\" href=\"https:\/\/lackman.com.br\/index.php\/2024\/06\/09\/ta-rolando-o-bsb-plano-das-artes-bora\/\" \/>\n<meta property=\"og:locale\" content=\"pt_BR\" \/>\n<meta property=\"og:type\" content=\"article\" \/>\n<meta property=\"og:title\" content=\"T\u00e1 rolando o BSB Plano das Artes... Bora? - LACKMAN &amp; CO.\" \/>\n<meta property=\"og:description\" content=\"A 4 \u00aa edi\u00e7\u00e3o do Festival Arte por toda parte re\u00fane nada menos que 56 espa\u00e7os culturais, revelando um verdadeiro raio-X da cultura 100% Made in Bras\u00edlia &nbsp; At\u00e9 o pr\u00f3ximo dia 18 de junho, o p\u00fablico poder\u00e1 visitar e conhecer os\u00a0ateli\u00eas de artistas, galerias e espa\u00e7os de arte aut\u00f4nomos\u00a0da capital federal que participam da\u00a04\u00aa edi\u00e7\u00e3o do BSB Plano das Artes.\u00a0O lema do evento, Festival Arte por toda parte, destaca a diversidade e a forte presen\u00e7a da cena art\u00edstica na capital federal e articula di\u00e1logos sobre espa\u00e7os de arte no pa\u00eds. \u00c9 uma grande oportunidade para as pessoas que se interessam por conhecer a cena das artes visuais do Distrito Federal a explorarem diferentes express\u00f5es criativas e conhecerem os talentos locais. Dos\u00a056 espa\u00e7os\u00a0que participam desta edi\u00e7\u00e3o,\u00a030\u00a0participam das\u00a0rotas de visita\u00e7\u00e3o com\u00a0vans\u00a0oferecidas pelo Plano das Artes,\u00a026\u00a0fazem parte das\u00a0rotas de visita\u00e7\u00e3o espont\u00e2neas, em que o p\u00fablico segue para esses espa\u00e7os por meios pr\u00f3prios, seja carro, carros por aplicativo, t\u00e1xis, \u00f4nibus, bicicleta ou a p\u00e9. Al\u00e9m disso, acontecer\u00e3o 6 rotas online, com programas gravados e ao vivo. Essas rotas contemplam os ateli\u00eas de canto e entrevistas com espa\u00e7os aut\u00f4nomos do Distrito Federal, Goi\u00e1s, Cear\u00e1, Mato Grosso, Par\u00e1 e Rio Grande do Sul. Este colunista participou de uma da Rota Vermelha (uma das que voc\u00ea entra na Van do projeto e sai #PERAMBULANDO para e para c\u00e1, visitando lugares incr\u00edveis). O ressultado foi um Reels muito maneiro e que voc\u00ea pode assistir clicando neste link! O\u00a0BSB Plano das Artes\u00a0\u00e9 um evento que busca aproximar o p\u00fablico da cena das artes visuais do Distrito Federal por meio de visitas a ateli\u00eas de artistas, galerias e espa\u00e7os aut\u00f4nomos de arte.\u00a0As pessoas interessadas em participar das rotas programadas devem se inscrever pelo Sympla. Mais informa\u00e7\u00f5es pelo site www.bsbplanodasarte.com.br. As vagas s\u00e3o limitadas e sujeitas \u00e0 lota\u00e7\u00e3o das vans a 14 pessoas por ve\u00edculo, com sa\u00eddas do Museu Nacional da Rep\u00fablica, na Esplanada dos Minist\u00e9rios. \u00a0\u00a0Todos os espa\u00e7os participantes est\u00e3o listados no\u00a0mapa\u00a0do Plano das Artes que ser\u00e1\u00a0distribu\u00eddo\u00a0gratuitamente ao p\u00fablico, nas vans, nos espa\u00e7os participantes, nos parceiros comerciais do projeto e pode ser acessado no site do projeto. O projeto proporcionou a forma\u00e7\u00e3o de 20 atendentes culturais (incluindo vagas para LGBTQIA+ negros e ind\u00edgenas), categoria profissional lan\u00e7ada pelo projeto visando relacionamento e gest\u00e3o de atividades de espa\u00e7os, que ir\u00e3o atuar em treinamento durante as rotas em alguns espa\u00e7os. Cinara Barbosa, curadora, pesquisadora e idealizadora do BSB Plano das Artes, destaca a significativa participa\u00e7\u00e3o dos espa\u00e7os nas convocat\u00f3rias realizadas em mar\u00e7o. Essa participa\u00e7\u00e3o evidencia a consolida\u00e7\u00e3o do ecossistema da arte no Distrito Federal ao longo dos \u00faltimos anos. Novas galerias, ateli\u00eas de artistas e centros culturais aut\u00f4nomos de artes visuais t\u00eam surgido, ampliando o alcance do projeto ao longo de seus seis anos de exist\u00eancia. Durante a pesquisa de campo para a prepara\u00e7\u00e3o desta 4\u00aa edi\u00e7\u00e3o, observou-se uma transforma\u00e7\u00e3o na ocupa\u00e7\u00e3o da cidade por setores de economia criativa. O projeto aborda quest\u00f5es como acessibilidade do p\u00fablico e mobilidade, promovendo um circuito gratuito pelos espa\u00e7os na cidade. \u201cO Setor Comercial Sul (SCS), localizado no cora\u00e7\u00e3o de Bras\u00edlia, abriga uma cena cultural vibrante. Nesse espa\u00e7o, encontramos galerias, escrit\u00f3rios de arte e de arquitetura, ateli\u00eas, resid\u00eancias art\u00edsticas, est\u00fadios de design e tatuagem. \u201cA apresenta\u00e7\u00e3o desses locais mapeados tamb\u00e9m nos leva a refletir sobre quest\u00f5es como visibilidade, profissionaliza\u00e7\u00e3o e sustentabilidade dos empreendimentos criativos, considerando os desafios relacionados \u00e0 manuten\u00e7\u00e3o desses espa\u00e7os\u201d, afirma a idealizadora do projeto. Como participar Todos os espa\u00e7os participantes est\u00e3o listados no\u00a0mapa do Plano das Artes. Esse mapa ser\u00e1 distribu\u00eddo ao p\u00fablico, nas vans, nos espa\u00e7os participantes e dos parceiros do projeto. Al\u00e9m disso, o mapa pode ser acessado no site www.bsbplanodasartes.com.br. A\u00a04\u00aa Edi\u00e7\u00e3o do Plano das Artes\u00a0oferece\u00a0tr\u00eas modalidades de rotas\u00a0para os interessados em explorar a cena art\u00edstica. Rotas Programadas: Datas:\u00a07, 8, 14, 15 e 16 de junho. Essas rotas incluem\u00a0vans gratuitase\u00a0equipe de media\u00e7\u00e3o. Os participantes poder\u00e3o circular pelos\u00a0espa\u00e7os de artes visuais\u00a0dentro de cada rota. Alguns espa\u00e7os contar\u00e3o com a presen\u00e7a de atendentes culturais formados pelo projeto. As sa\u00eddas acontecem do Museu Nacional da Rep\u00fablica. A organiza\u00e7\u00e3o do evento orienta as pessoas que n\u00e3o conseguirem se inscrever nas retas programadas, que sigam para o ponto de partida no Museu Nacional da Rep\u00fablica, porque em caso de desist\u00eancias, as vagas ser\u00e3o preenchidas pelas pessoas que estiverem no local por ordem de chegada. Rotas Espont\u00e2neas: Per\u00edodo: De\u00a07 a 18 de junho. Nessa modalidade, o p\u00fablico monta seu pr\u00f3prio\u00a0roteiro de visita presencial\u00a0de maneira independente. Os hor\u00e1rios de funcionamento dos espa\u00e7os ser\u00e3o informados no\u00a0formul\u00e1rio de participa\u00e7\u00e3o, e \u00e9 poss\u00edvel agendar visitas diretamente com a equipe do espa\u00e7o. Rotas Online: Datas: De\u00a09 a 13 de junho\u00a0e nos dias\u00a017 e 18 de junho. As rotas online consistem em programas transmitidos pelo canal do Plano das Artes no YouTube. Os participantes poder\u00e3o acompanhar a participa\u00e7\u00e3o de Ateli\u00eas de Canto, entrevistas ao vivo com Espa\u00e7os da Convocat\u00f3ria Apoio Plano e outros\u00a0convidados. Ateli\u00eas, galerias e espa\u00e7os aut\u00f4nomos que fazem parte das rotas programadas \u00a0 A Pilastra (Guar\u00e1 II), Alberto Lamback \/ Loja 16 (Asa Norte), Ateli\u00ea 27 (Jardim Bot\u00e2nico), Ateli\u00ea Camila Soato \/ Instituto Barraus (Sobradinho), Ateli\u00ea Christus N\u00f3brega (Jardim Bot\u00e2nico), Ateli\u00ea Helena Lopes (Lago Sul), Ateli\u00ea Kena \/ Naine Terena + Gustavo Caboco Wapichana (Asa Norte), Ateli\u00ea Newton Scheufler (Vila Telebras\u00edlia), Ateli\u00ea Taigo Meireles (Brazl\u00e2ndia). Ateli\u00ea Val\u00e9ria Pena-Costa + Feira do Fuga (Lago Sul), Casa Aerada (Varj\u00e3o), Casa Ateli\u00ea Galeria Jardim de Cerrado Cata-Vento \/ Aline Crivelari (Park Way), Celso Junior Galeria (Lago Sul), Centro Cultural TCU (Asa Sul), Centro de Artes MD Azevedo (Vila Telebras\u00edlia \/ Asa Sul), Cerrado Galeria (Lago Sul), deCurators (Asa Norte), Espa\u00e7o Ecoarte (Asa Sul), Funda\u00e7\u00e3o Athos Bulc\u00e3o (Asa Sul), Galeria Index (Asa Sul), Galeria Karla Os\u00f3rio (Lago Sul), Galeria Olho de \u00c1guia (Taguatinga), Galeria Risofloras + Gu da Cei (Ceil\u00e2ndia), ManoObra Galeria (Sobradinho II), Oto Reifschneider Galeria de Arte (Asa Norte), P\u00e9 Vermelho &#8211; Espa\u00e7o Contempor\u00e2neo (Planaltina), Ocupa\u00e7\u00e3o Amilcar\u00a0de\u00a0Castro (\u00c1rea Central do Plano Piloto), Refer\u00eancia Galeria de Arte (Asa Norte), Telaambulante (Asa Sul) e Vilarejo 21 (Altiplano Leste \u2013 Jardim Bot\u00e2nico). Espa\u00e7os abertos para rotas espont\u00e2neas Ateli\u00ea Casa 08 (Jardim Bot\u00e2nico), Ateli\u00ea Cec\u00edlia\" \/>\n<meta property=\"og:url\" content=\"https:\/\/lackman.com.br\/index.php\/2024\/06\/09\/ta-rolando-o-bsb-plano-das-artes-bora\/\" \/>\n<meta property=\"og:site_name\" content=\"LACKMAN &amp; CO.\" \/>\n<meta property=\"article:published_time\" content=\"2024-06-09T21:25:50+00:00\" \/>\n<meta property=\"article:modified_time\" content=\"2024-06-09T21:43:50+00:00\" \/>\n<meta property=\"og:image\" content=\"http:\/\/lackman.com.br\/wp-content\/uploads\/2024\/06\/PlanodasArtes.jpg\" \/>\n\t<meta property=\"og:image:width\" content=\"1748\" \/>\n\t<meta property=\"og:image:height\" content=\"1240\" \/>\n\t<meta property=\"og:image:type\" content=\"image\/jpeg\" \/>\n<meta name=\"author\" content=\"Gilberto Evangelista - Colunista\" \/>\n<meta name=\"twitter:card\" content=\"summary_large_image\" \/>\n<meta name=\"twitter:label1\" content=\"Escrito por\" \/>\n\t<meta name=\"twitter:data1\" content=\"Gilberto Evangelista - Colunista\" \/>\n\t<meta name=\"twitter:label2\" content=\"Est. tempo de leitura\" \/>\n\t<meta name=\"twitter:data2\" content=\"10 minutos\" \/>\n<script type=\"application\/ld+json\" class=\"yoast-schema-graph\">{\"@context\":\"https:\/\/schema.org\",\"@graph\":[{\"@type\":\"Article\",\"@id\":\"https:\/\/lackman.com.br\/index.php\/2024\/06\/09\/ta-rolando-o-bsb-plano-das-artes-bora\/#article\",\"isPartOf\":{\"@id\":\"https:\/\/lackman.com.br\/index.php\/2024\/06\/09\/ta-rolando-o-bsb-plano-das-artes-bora\/\"},\"author\":{\"name\":\"Gilberto Evangelista - Colunista\",\"@id\":\"https:\/\/lackman.com.br\/#\/schema\/person\/8a2355f699593d21d4f0d25b69db5747\"},\"headline\":\"T\u00e1 rolando o BSB Plano das Artes&#8230; Bora?\",\"datePublished\":\"2024-06-09T21:25:50+00:00\",\"dateModified\":\"2024-06-09T21:43:50+00:00\",\"mainEntityOfPage\":{\"@id\":\"https:\/\/lackman.com.br\/index.php\/2024\/06\/09\/ta-rolando-o-bsb-plano-das-artes-bora\/\"},\"wordCount\":1695,\"publisher\":{\"@id\":\"https:\/\/lackman.com.br\/#organization\"},\"image\":{\"@id\":\"https:\/\/lackman.com.br\/index.php\/2024\/06\/09\/ta-rolando-o-bsb-plano-das-artes-bora\/#primaryimage\"},\"thumbnailUrl\":\"https:\/\/lackman.com.br\/wp-content\/uploads\/2024\/06\/PlanodasArtes.jpg\",\"keywords\":[\"4a edi\u00e7\u00e3o BSB Plano das Artes\",\"arte-visuais\",\"artes\",\"ateliers\",\"brasilia\",\"BSB Plano das Artes\",\"df\",\"espa\u00e7os criativos\",\"fotografia\",\"galerias\",\"Perambulando\"],\"articleSection\":[\"Arte\",\"Cultura\"],\"inLanguage\":\"pt-BR\"},{\"@type\":\"WebPage\",\"@id\":\"https:\/\/lackman.com.br\/index.php\/2024\/06\/09\/ta-rolando-o-bsb-plano-das-artes-bora\/\",\"url\":\"https:\/\/lackman.com.br\/index.php\/2024\/06\/09\/ta-rolando-o-bsb-plano-das-artes-bora\/\",\"name\":\"T\u00e1 rolando o BSB Plano das Artes... Bora? - LACKMAN &amp; CO.\",\"isPartOf\":{\"@id\":\"https:\/\/lackman.com.br\/#website\"},\"primaryImageOfPage\":{\"@id\":\"https:\/\/lackman.com.br\/index.php\/2024\/06\/09\/ta-rolando-o-bsb-plano-das-artes-bora\/#primaryimage\"},\"image\":{\"@id\":\"https:\/\/lackman.com.br\/index.php\/2024\/06\/09\/ta-rolando-o-bsb-plano-das-artes-bora\/#primaryimage\"},\"thumbnailUrl\":\"https:\/\/lackman.com.br\/wp-content\/uploads\/2024\/06\/PlanodasArtes.jpg\",\"datePublished\":\"2024-06-09T21:25:50+00:00\",\"dateModified\":\"2024-06-09T21:43:50+00:00\",\"breadcrumb\":{\"@id\":\"https:\/\/lackman.com.br\/index.php\/2024\/06\/09\/ta-rolando-o-bsb-plano-das-artes-bora\/#breadcrumb\"},\"inLanguage\":\"pt-BR\",\"potentialAction\":[{\"@type\":\"ReadAction\",\"target\":[\"https:\/\/lackman.com.br\/index.php\/2024\/06\/09\/ta-rolando-o-bsb-plano-das-artes-bora\/\"]}]},{\"@type\":\"ImageObject\",\"inLanguage\":\"pt-BR\",\"@id\":\"https:\/\/lackman.com.br\/index.php\/2024\/06\/09\/ta-rolando-o-bsb-plano-das-artes-bora\/#primaryimage\",\"url\":\"https:\/\/lackman.com.br\/wp-content\/uploads\/2024\/06\/PlanodasArtes.jpg\",\"contentUrl\":\"https:\/\/lackman.com.br\/wp-content\/uploads\/2024\/06\/PlanodasArtes.jpg\",\"width\":1748,\"height\":1240},{\"@type\":\"BreadcrumbList\",\"@id\":\"https:\/\/lackman.com.br\/index.php\/2024\/06\/09\/ta-rolando-o-bsb-plano-das-artes-bora\/#breadcrumb\",\"itemListElement\":[{\"@type\":\"ListItem\",\"position\":1,\"name\":\"In\u00edcio\",\"item\":\"https:\/\/lackman.com.br\/\"},{\"@type\":\"ListItem\",\"position\":2,\"name\":\"T\u00e1 rolando o BSB Plano das Artes&#8230; Bora?\"}]},{\"@type\":\"WebSite\",\"@id\":\"https:\/\/lackman.com.br\/#website\",\"url\":\"https:\/\/lackman.com.br\/\",\"name\":\"LACKMAN &amp; CO.\",\"description\":\"VIDA | MODA | ARTE\",\"publisher\":{\"@id\":\"https:\/\/lackman.com.br\/#organization\"},\"potentialAction\":[{\"@type\":\"SearchAction\",\"target\":{\"@type\":\"EntryPoint\",\"urlTemplate\":\"https:\/\/lackman.com.br\/?s={search_term_string}\"},\"query-input\":{\"@type\":\"PropertyValueSpecification\",\"valueRequired\":true,\"valueName\":\"search_term_string\"}}],\"inLanguage\":\"pt-BR\"},{\"@type\":\"Organization\",\"@id\":\"https:\/\/lackman.com.br\/#organization\",\"name\":\"LACKMAN &amp; CO.\",\"url\":\"https:\/\/lackman.com.br\/\",\"logo\":{\"@type\":\"ImageObject\",\"inLanguage\":\"pt-BR\",\"@id\":\"https:\/\/lackman.com.br\/#\/schema\/logo\/image\/\",\"url\":\"https:\/\/lackman.com.br\/wp-content\/uploads\/2023\/06\/Logotipo_preto-1.png\",\"contentUrl\":\"https:\/\/lackman.com.br\/wp-content\/uploads\/2023\/06\/Logotipo_preto-1.png\",\"width\":739,\"height\":393,\"caption\":\"LACKMAN &amp; CO.\"},\"image\":{\"@id\":\"https:\/\/lackman.com.br\/#\/schema\/logo\/image\/\"}},{\"@type\":\"Person\",\"@id\":\"https:\/\/lackman.com.br\/#\/schema\/person\/8a2355f699593d21d4f0d25b69db5747\",\"name\":\"Gilberto Evangelista - Colunista\",\"image\":{\"@type\":\"ImageObject\",\"inLanguage\":\"pt-BR\",\"@id\":\"https:\/\/lackman.com.br\/#\/schema\/person\/image\/\",\"url\":\"https:\/\/secure.gravatar.com\/avatar\/cea9badf02f8a90f7a745f2cbea45fda61f65711ec015e2faf3809cca6337c28?s=96&d=mm&r=g\",\"contentUrl\":\"https:\/\/secure.gravatar.com\/avatar\/cea9badf02f8a90f7a745f2cbea45fda61f65711ec015e2faf3809cca6337c28?s=96&d=mm&r=g\",\"caption\":\"Gilberto Evangelista - Colunista\"},\"description\":\"Jornalista e globetrotter.\",\"url\":\"https:\/\/lackman.com.br\/index.php\/author\/gilberto-brito\/\"}]}<\/script>\n<!-- \/ Yoast SEO plugin. -->","yoast_head_json":{"title":"T\u00e1 rolando o BSB Plano das Artes... Bora? - LACKMAN &amp; CO.","robots":{"index":"index","follow":"follow","max-snippet":"max-snippet:-1","max-image-preview":"max-image-preview:large","max-video-preview":"max-video-preview:-1"},"canonical":"https:\/\/lackman.com.br\/index.php\/2024\/06\/09\/ta-rolando-o-bsb-plano-das-artes-bora\/","og_locale":"pt_BR","og_type":"article","og_title":"T\u00e1 rolando o BSB Plano das Artes... Bora? - LACKMAN &amp; CO.","og_description":"A 4 \u00aa edi\u00e7\u00e3o do Festival Arte por toda parte re\u00fane nada menos que 56 espa\u00e7os culturais, revelando um verdadeiro raio-X da cultura 100% Made in Bras\u00edlia &nbsp; At\u00e9 o pr\u00f3ximo dia 18 de junho, o p\u00fablico poder\u00e1 visitar e conhecer os\u00a0ateli\u00eas de artistas, galerias e espa\u00e7os de arte aut\u00f4nomos\u00a0da capital federal que participam da\u00a04\u00aa edi\u00e7\u00e3o do BSB Plano das Artes.\u00a0O lema do evento, Festival Arte por toda parte, destaca a diversidade e a forte presen\u00e7a da cena art\u00edstica na capital federal e articula di\u00e1logos sobre espa\u00e7os de arte no pa\u00eds. \u00c9 uma grande oportunidade para as pessoas que se interessam por conhecer a cena das artes visuais do Distrito Federal a explorarem diferentes express\u00f5es criativas e conhecerem os talentos locais. Dos\u00a056 espa\u00e7os\u00a0que participam desta edi\u00e7\u00e3o,\u00a030\u00a0participam das\u00a0rotas de visita\u00e7\u00e3o com\u00a0vans\u00a0oferecidas pelo Plano das Artes,\u00a026\u00a0fazem parte das\u00a0rotas de visita\u00e7\u00e3o espont\u00e2neas, em que o p\u00fablico segue para esses espa\u00e7os por meios pr\u00f3prios, seja carro, carros por aplicativo, t\u00e1xis, \u00f4nibus, bicicleta ou a p\u00e9. Al\u00e9m disso, acontecer\u00e3o 6 rotas online, com programas gravados e ao vivo. Essas rotas contemplam os ateli\u00eas de canto e entrevistas com espa\u00e7os aut\u00f4nomos do Distrito Federal, Goi\u00e1s, Cear\u00e1, Mato Grosso, Par\u00e1 e Rio Grande do Sul. Este colunista participou de uma da Rota Vermelha (uma das que voc\u00ea entra na Van do projeto e sai #PERAMBULANDO para e para c\u00e1, visitando lugares incr\u00edveis). O ressultado foi um Reels muito maneiro e que voc\u00ea pode assistir clicando neste link! O\u00a0BSB Plano das Artes\u00a0\u00e9 um evento que busca aproximar o p\u00fablico da cena das artes visuais do Distrito Federal por meio de visitas a ateli\u00eas de artistas, galerias e espa\u00e7os aut\u00f4nomos de arte.\u00a0As pessoas interessadas em participar das rotas programadas devem se inscrever pelo Sympla. Mais informa\u00e7\u00f5es pelo site www.bsbplanodasarte.com.br. As vagas s\u00e3o limitadas e sujeitas \u00e0 lota\u00e7\u00e3o das vans a 14 pessoas por ve\u00edculo, com sa\u00eddas do Museu Nacional da Rep\u00fablica, na Esplanada dos Minist\u00e9rios. \u00a0\u00a0Todos os espa\u00e7os participantes est\u00e3o listados no\u00a0mapa\u00a0do Plano das Artes que ser\u00e1\u00a0distribu\u00eddo\u00a0gratuitamente ao p\u00fablico, nas vans, nos espa\u00e7os participantes, nos parceiros comerciais do projeto e pode ser acessado no site do projeto. O projeto proporcionou a forma\u00e7\u00e3o de 20 atendentes culturais (incluindo vagas para LGBTQIA+ negros e ind\u00edgenas), categoria profissional lan\u00e7ada pelo projeto visando relacionamento e gest\u00e3o de atividades de espa\u00e7os, que ir\u00e3o atuar em treinamento durante as rotas em alguns espa\u00e7os. Cinara Barbosa, curadora, pesquisadora e idealizadora do BSB Plano das Artes, destaca a significativa participa\u00e7\u00e3o dos espa\u00e7os nas convocat\u00f3rias realizadas em mar\u00e7o. Essa participa\u00e7\u00e3o evidencia a consolida\u00e7\u00e3o do ecossistema da arte no Distrito Federal ao longo dos \u00faltimos anos. Novas galerias, ateli\u00eas de artistas e centros culturais aut\u00f4nomos de artes visuais t\u00eam surgido, ampliando o alcance do projeto ao longo de seus seis anos de exist\u00eancia. Durante a pesquisa de campo para a prepara\u00e7\u00e3o desta 4\u00aa edi\u00e7\u00e3o, observou-se uma transforma\u00e7\u00e3o na ocupa\u00e7\u00e3o da cidade por setores de economia criativa. O projeto aborda quest\u00f5es como acessibilidade do p\u00fablico e mobilidade, promovendo um circuito gratuito pelos espa\u00e7os na cidade. \u201cO Setor Comercial Sul (SCS), localizado no cora\u00e7\u00e3o de Bras\u00edlia, abriga uma cena cultural vibrante. Nesse espa\u00e7o, encontramos galerias, escrit\u00f3rios de arte e de arquitetura, ateli\u00eas, resid\u00eancias art\u00edsticas, est\u00fadios de design e tatuagem. \u201cA apresenta\u00e7\u00e3o desses locais mapeados tamb\u00e9m nos leva a refletir sobre quest\u00f5es como visibilidade, profissionaliza\u00e7\u00e3o e sustentabilidade dos empreendimentos criativos, considerando os desafios relacionados \u00e0 manuten\u00e7\u00e3o desses espa\u00e7os\u201d, afirma a idealizadora do projeto. Como participar Todos os espa\u00e7os participantes est\u00e3o listados no\u00a0mapa do Plano das Artes. Esse mapa ser\u00e1 distribu\u00eddo ao p\u00fablico, nas vans, nos espa\u00e7os participantes e dos parceiros do projeto. Al\u00e9m disso, o mapa pode ser acessado no site www.bsbplanodasartes.com.br. A\u00a04\u00aa Edi\u00e7\u00e3o do Plano das Artes\u00a0oferece\u00a0tr\u00eas modalidades de rotas\u00a0para os interessados em explorar a cena art\u00edstica. Rotas Programadas: Datas:\u00a07, 8, 14, 15 e 16 de junho. Essas rotas incluem\u00a0vans gratuitase\u00a0equipe de media\u00e7\u00e3o. Os participantes poder\u00e3o circular pelos\u00a0espa\u00e7os de artes visuais\u00a0dentro de cada rota. Alguns espa\u00e7os contar\u00e3o com a presen\u00e7a de atendentes culturais formados pelo projeto. As sa\u00eddas acontecem do Museu Nacional da Rep\u00fablica. A organiza\u00e7\u00e3o do evento orienta as pessoas que n\u00e3o conseguirem se inscrever nas retas programadas, que sigam para o ponto de partida no Museu Nacional da Rep\u00fablica, porque em caso de desist\u00eancias, as vagas ser\u00e3o preenchidas pelas pessoas que estiverem no local por ordem de chegada. Rotas Espont\u00e2neas: Per\u00edodo: De\u00a07 a 18 de junho. Nessa modalidade, o p\u00fablico monta seu pr\u00f3prio\u00a0roteiro de visita presencial\u00a0de maneira independente. Os hor\u00e1rios de funcionamento dos espa\u00e7os ser\u00e3o informados no\u00a0formul\u00e1rio de participa\u00e7\u00e3o, e \u00e9 poss\u00edvel agendar visitas diretamente com a equipe do espa\u00e7o. Rotas Online: Datas: De\u00a09 a 13 de junho\u00a0e nos dias\u00a017 e 18 de junho. As rotas online consistem em programas transmitidos pelo canal do Plano das Artes no YouTube. Os participantes poder\u00e3o acompanhar a participa\u00e7\u00e3o de Ateli\u00eas de Canto, entrevistas ao vivo com Espa\u00e7os da Convocat\u00f3ria Apoio Plano e outros\u00a0convidados. Ateli\u00eas, galerias e espa\u00e7os aut\u00f4nomos que fazem parte das rotas programadas \u00a0 A Pilastra (Guar\u00e1 II), Alberto Lamback \/ Loja 16 (Asa Norte), Ateli\u00ea 27 (Jardim Bot\u00e2nico), Ateli\u00ea Camila Soato \/ Instituto Barraus (Sobradinho), Ateli\u00ea Christus N\u00f3brega (Jardim Bot\u00e2nico), Ateli\u00ea Helena Lopes (Lago Sul), Ateli\u00ea Kena \/ Naine Terena + Gustavo Caboco Wapichana (Asa Norte), Ateli\u00ea Newton Scheufler (Vila Telebras\u00edlia), Ateli\u00ea Taigo Meireles (Brazl\u00e2ndia). Ateli\u00ea Val\u00e9ria Pena-Costa + Feira do Fuga (Lago Sul), Casa Aerada (Varj\u00e3o), Casa Ateli\u00ea Galeria Jardim de Cerrado Cata-Vento \/ Aline Crivelari (Park Way), Celso Junior Galeria (Lago Sul), Centro Cultural TCU (Asa Sul), Centro de Artes MD Azevedo (Vila Telebras\u00edlia \/ Asa Sul), Cerrado Galeria (Lago Sul), deCurators (Asa Norte), Espa\u00e7o Ecoarte (Asa Sul), Funda\u00e7\u00e3o Athos Bulc\u00e3o (Asa Sul), Galeria Index (Asa Sul), Galeria Karla Os\u00f3rio (Lago Sul), Galeria Olho de \u00c1guia (Taguatinga), Galeria Risofloras + Gu da Cei (Ceil\u00e2ndia), ManoObra Galeria (Sobradinho II), Oto Reifschneider Galeria de Arte (Asa Norte), P\u00e9 Vermelho &#8211; Espa\u00e7o Contempor\u00e2neo (Planaltina), Ocupa\u00e7\u00e3o Amilcar\u00a0de\u00a0Castro (\u00c1rea Central do Plano Piloto), Refer\u00eancia Galeria de Arte (Asa Norte), Telaambulante (Asa Sul) e Vilarejo 21 (Altiplano Leste \u2013 Jardim Bot\u00e2nico). Espa\u00e7os abertos para rotas espont\u00e2neas Ateli\u00ea Casa 08 (Jardim Bot\u00e2nico), Ateli\u00ea Cec\u00edlia","og_url":"https:\/\/lackman.com.br\/index.php\/2024\/06\/09\/ta-rolando-o-bsb-plano-das-artes-bora\/","og_site_name":"LACKMAN &amp; CO.","article_published_time":"2024-06-09T21:25:50+00:00","article_modified_time":"2024-06-09T21:43:50+00:00","og_image":[{"width":1748,"height":1240,"url":"http:\/\/lackman.com.br\/wp-content\/uploads\/2024\/06\/PlanodasArtes.jpg","type":"image\/jpeg"}],"author":"Gilberto Evangelista - Colunista","twitter_card":"summary_large_image","twitter_misc":{"Escrito por":"Gilberto Evangelista - Colunista","Est. tempo de leitura":"10 minutos"},"schema":{"@context":"https:\/\/schema.org","@graph":[{"@type":"Article","@id":"https:\/\/lackman.com.br\/index.php\/2024\/06\/09\/ta-rolando-o-bsb-plano-das-artes-bora\/#article","isPartOf":{"@id":"https:\/\/lackman.com.br\/index.php\/2024\/06\/09\/ta-rolando-o-bsb-plano-das-artes-bora\/"},"author":{"name":"Gilberto Evangelista - Colunista","@id":"https:\/\/lackman.com.br\/#\/schema\/person\/8a2355f699593d21d4f0d25b69db5747"},"headline":"T\u00e1 rolando o BSB Plano das Artes&#8230; Bora?","datePublished":"2024-06-09T21:25:50+00:00","dateModified":"2024-06-09T21:43:50+00:00","mainEntityOfPage":{"@id":"https:\/\/lackman.com.br\/index.php\/2024\/06\/09\/ta-rolando-o-bsb-plano-das-artes-bora\/"},"wordCount":1695,"publisher":{"@id":"https:\/\/lackman.com.br\/#organization"},"image":{"@id":"https:\/\/lackman.com.br\/index.php\/2024\/06\/09\/ta-rolando-o-bsb-plano-das-artes-bora\/#primaryimage"},"thumbnailUrl":"https:\/\/lackman.com.br\/wp-content\/uploads\/2024\/06\/PlanodasArtes.jpg","keywords":["4a edi\u00e7\u00e3o BSB Plano das Artes","arte-visuais","artes","ateliers","brasilia","BSB Plano das Artes","df","espa\u00e7os criativos","fotografia","galerias","Perambulando"],"articleSection":["Arte","Cultura"],"inLanguage":"pt-BR"},{"@type":"WebPage","@id":"https:\/\/lackman.com.br\/index.php\/2024\/06\/09\/ta-rolando-o-bsb-plano-das-artes-bora\/","url":"https:\/\/lackman.com.br\/index.php\/2024\/06\/09\/ta-rolando-o-bsb-plano-das-artes-bora\/","name":"T\u00e1 rolando o BSB Plano das Artes... Bora? - LACKMAN &amp; CO.","isPartOf":{"@id":"https:\/\/lackman.com.br\/#website"},"primaryImageOfPage":{"@id":"https:\/\/lackman.com.br\/index.php\/2024\/06\/09\/ta-rolando-o-bsb-plano-das-artes-bora\/#primaryimage"},"image":{"@id":"https:\/\/lackman.com.br\/index.php\/2024\/06\/09\/ta-rolando-o-bsb-plano-das-artes-bora\/#primaryimage"},"thumbnailUrl":"https:\/\/lackman.com.br\/wp-content\/uploads\/2024\/06\/PlanodasArtes.jpg","datePublished":"2024-06-09T21:25:50+00:00","dateModified":"2024-06-09T21:43:50+00:00","breadcrumb":{"@id":"https:\/\/lackman.com.br\/index.php\/2024\/06\/09\/ta-rolando-o-bsb-plano-das-artes-bora\/#breadcrumb"},"inLanguage":"pt-BR","potentialAction":[{"@type":"ReadAction","target":["https:\/\/lackman.com.br\/index.php\/2024\/06\/09\/ta-rolando-o-bsb-plano-das-artes-bora\/"]}]},{"@type":"ImageObject","inLanguage":"pt-BR","@id":"https:\/\/lackman.com.br\/index.php\/2024\/06\/09\/ta-rolando-o-bsb-plano-das-artes-bora\/#primaryimage","url":"https:\/\/lackman.com.br\/wp-content\/uploads\/2024\/06\/PlanodasArtes.jpg","contentUrl":"https:\/\/lackman.com.br\/wp-content\/uploads\/2024\/06\/PlanodasArtes.jpg","width":1748,"height":1240},{"@type":"BreadcrumbList","@id":"https:\/\/lackman.com.br\/index.php\/2024\/06\/09\/ta-rolando-o-bsb-plano-das-artes-bora\/#breadcrumb","itemListElement":[{"@type":"ListItem","position":1,"name":"In\u00edcio","item":"https:\/\/lackman.com.br\/"},{"@type":"ListItem","position":2,"name":"T\u00e1 rolando o BSB Plano das Artes&#8230; Bora?"}]},{"@type":"WebSite","@id":"https:\/\/lackman.com.br\/#website","url":"https:\/\/lackman.com.br\/","name":"LACKMAN &amp; CO.","description":"VIDA | MODA | ARTE","publisher":{"@id":"https:\/\/lackman.com.br\/#organization"},"potentialAction":[{"@type":"SearchAction","target":{"@type":"EntryPoint","urlTemplate":"https:\/\/lackman.com.br\/?s={search_term_string}"},"query-input":{"@type":"PropertyValueSpecification","valueRequired":true,"valueName":"search_term_string"}}],"inLanguage":"pt-BR"},{"@type":"Organization","@id":"https:\/\/lackman.com.br\/#organization","name":"LACKMAN &amp; CO.","url":"https:\/\/lackman.com.br\/","logo":{"@type":"ImageObject","inLanguage":"pt-BR","@id":"https:\/\/lackman.com.br\/#\/schema\/logo\/image\/","url":"https:\/\/lackman.com.br\/wp-content\/uploads\/2023\/06\/Logotipo_preto-1.png","contentUrl":"https:\/\/lackman.com.br\/wp-content\/uploads\/2023\/06\/Logotipo_preto-1.png","width":739,"height":393,"caption":"LACKMAN &amp; CO."},"image":{"@id":"https:\/\/lackman.com.br\/#\/schema\/logo\/image\/"}},{"@type":"Person","@id":"https:\/\/lackman.com.br\/#\/schema\/person\/8a2355f699593d21d4f0d25b69db5747","name":"Gilberto Evangelista - Colunista","image":{"@type":"ImageObject","inLanguage":"pt-BR","@id":"https:\/\/lackman.com.br\/#\/schema\/person\/image\/","url":"https:\/\/secure.gravatar.com\/avatar\/cea9badf02f8a90f7a745f2cbea45fda61f65711ec015e2faf3809cca6337c28?s=96&d=mm&r=g","contentUrl":"https:\/\/secure.gravatar.com\/avatar\/cea9badf02f8a90f7a745f2cbea45fda61f65711ec015e2faf3809cca6337c28?s=96&d=mm&r=g","caption":"Gilberto Evangelista - Colunista"},"description":"Jornalista e globetrotter.","url":"https:\/\/lackman.com.br\/index.php\/author\/gilberto-brito\/"}]}},"rttpg_featured_image_url":{"full":["https:\/\/lackman.com.br\/wp-content\/uploads\/2024\/06\/PlanodasArtes.jpg",1748,1240,false],"landscape":["https:\/\/lackman.com.br\/wp-content\/uploads\/2024\/06\/PlanodasArtes.jpg",1748,1240,false],"portraits":["https:\/\/lackman.com.br\/wp-content\/uploads\/2024\/06\/PlanodasArtes.jpg",1748,1240,false],"thumbnail":["https:\/\/lackman.com.br\/wp-content\/uploads\/2024\/06\/PlanodasArtes-150x150.jpg",150,150,true],"medium":["https:\/\/lackman.com.br\/wp-content\/uploads\/2024\/06\/PlanodasArtes-300x213.jpg",300,213,true],"large":["https:\/\/lackman.com.br\/wp-content\/uploads\/2024\/06\/PlanodasArtes-1024x726.jpg",1024,726,true],"RoboGalleryMansoryImagesCenter":["https:\/\/lackman.com.br\/wp-content\/uploads\/2024\/06\/PlanodasArtes-600x1024.jpg",600,1024,true],"RoboGalleryPreload":["https:\/\/lackman.com.br\/wp-content\/uploads\/2024\/06\/PlanodasArtes.jpg",100,71,false],"1536x1536":["https:\/\/lackman.com.br\/wp-content\/uploads\/2024\/06\/PlanodasArtes-1536x1090.jpg",1536,1090,true],"2048x2048":["https:\/\/lackman.com.br\/wp-content\/uploads\/2024\/06\/PlanodasArtes.jpg",1748,1240,false]},"rttpg_author":{"display_name":"Gilberto Evangelista - Colunista","author_link":"https:\/\/lackman.com.br\/index.php\/author\/gilberto-brito\/"},"rttpg_comment":0,"rttpg_category":"<a href=\"https:\/\/lackman.com.br\/index.php\/category\/arte\/\" rel=\"category tag\">Arte<\/a> <a href=\"https:\/\/lackman.com.br\/index.php\/category\/arte\/cultura-arte\/\" rel=\"category tag\">Cultura<\/a>","rttpg_excerpt":"A 4 \u00aa edi\u00e7\u00e3o do Festival Arte por toda parte re\u00fane nada menos que 56 espa\u00e7os culturais, revelando um verdadeiro raio-X da cultura 100% Made in Bras\u00edlia &nbsp; At\u00e9 o pr\u00f3ximo dia 18 de junho, o p\u00fablico poder\u00e1 visitar e conhecer os\u00a0ateli\u00eas de artistas, galerias e espa\u00e7os de arte aut\u00f4nomos\u00a0da capital federal que participam da\u00a04\u00aa&hellip;","_links":{"self":[{"href":"https:\/\/lackman.com.br\/index.php\/wp-json\/wp\/v2\/posts\/7140","targetHints":{"allow":["GET"]}}],"collection":[{"href":"https:\/\/lackman.com.br\/index.php\/wp-json\/wp\/v2\/posts"}],"about":[{"href":"https:\/\/lackman.com.br\/index.php\/wp-json\/wp\/v2\/types\/post"}],"author":[{"embeddable":true,"href":"https:\/\/lackman.com.br\/index.php\/wp-json\/wp\/v2\/users\/6"}],"replies":[{"embeddable":true,"href":"https:\/\/lackman.com.br\/index.php\/wp-json\/wp\/v2\/comments?post=7140"}],"version-history":[{"count":3,"href":"https:\/\/lackman.com.br\/index.php\/wp-json\/wp\/v2\/posts\/7140\/revisions"}],"predecessor-version":[{"id":7149,"href":"https:\/\/lackman.com.br\/index.php\/wp-json\/wp\/v2\/posts\/7140\/revisions\/7149"}],"wp:featuredmedia":[{"embeddable":true,"href":"https:\/\/lackman.com.br\/index.php\/wp-json\/wp\/v2\/media\/7141"}],"wp:attachment":[{"href":"https:\/\/lackman.com.br\/index.php\/wp-json\/wp\/v2\/media?parent=7140"}],"wp:term":[{"taxonomy":"category","embeddable":true,"href":"https:\/\/lackman.com.br\/index.php\/wp-json\/wp\/v2\/categories?post=7140"},{"taxonomy":"post_tag","embeddable":true,"href":"https:\/\/lackman.com.br\/index.php\/wp-json\/wp\/v2\/tags?post=7140"}],"curies":[{"name":"wp","href":"https:\/\/api.w.org\/{rel}","templated":true}]}}