{"id":7049,"date":"2024-05-27T18:17:03","date_gmt":"2024-05-27T21:17:03","guid":{"rendered":"https:\/\/lackman.com.br\/?p=7049"},"modified":"2024-05-27T18:17:03","modified_gmt":"2024-05-27T21:17:03","slug":"boulevard-shopping-convida-para-andrea-bocelli","status":"publish","type":"post","link":"https:\/\/lackman.com.br\/index.php\/2024\/05\/27\/boulevard-shopping-convida-para-andrea-bocelli\/","title":{"rendered":"Boulevard Shopping convida para Andrea Bocelli"},"content":{"rendered":"<h5 style=\"text-align: justify\"><em>Centro de compras convida seleto grupo clientes para viver experi\u00eancia \u00fanica no show de celebra\u00e7\u00e3o dos 30 anos de carreira do tenor italiano<\/em><\/h5>\n<p style=\"text-align: justify\">\n<p style=\"text-align: justify\">Na noite da \u00faltima quarta-feira (21), Bras\u00edlia foi agraciada com uma apresenta\u00e7\u00e3o inesquec\u00edvel do renomado <strong>tenor italiano Andrea Bocelli<\/strong>. O show, parte da turn\u00ea comemorativa de seus 30 anos de carreira, aconteceu na Arena BRB Man\u00e9 Garrincha e reuniu centenas de f\u00e3s, entre eles, um p\u00fablico seleto formado por empres\u00e1rios e o time estrat\u00e9gico do Boulevard Shopping Bras\u00edlia, curtiram a noite em um camarote priv\u00ea.<\/p>\n<p style=\"text-align: justify\">A noite come\u00e7ou com um delicioso jantar no restaurante Jo\u00e3o Brasileiro, onde os convidados puderam se preparar para a experi\u00eancia musical que os aguardava. Quando Bocelli subiu ao palco, a atmosfera foi tomada por uma sensa\u00e7\u00e3o de expectativa e emo\u00e7\u00e3o. O tenor n\u00e3o decepcionou, entregando uma performance magistral que revisitou os grandes sucessos de sua carreira.<\/p>\n<p style=\"text-align: justify\"><img fetchpriority=\"high\" decoding=\"async\" class=\"aligncenter wp-image-7060 size-full\" src=\"http:\/\/lackman.com.br\/wp-content\/uploads\/2024\/05\/TXF_3507.jpg\" alt=\"\" width=\"1200\" height=\"800\" srcset=\"https:\/\/lackman.com.br\/wp-content\/uploads\/2024\/05\/TXF_3507.jpg 1200w, https:\/\/lackman.com.br\/wp-content\/uploads\/2024\/05\/TXF_3507-300x200.jpg 300w, https:\/\/lackman.com.br\/wp-content\/uploads\/2024\/05\/TXF_3507-1024x683.jpg 1024w, https:\/\/lackman.com.br\/wp-content\/uploads\/2024\/05\/TXF_3507-768x512.jpg 768w\" sizes=\"(max-width: 1200px) 100vw, 1200px\" \/>Entre os momentos mais marcantes do show, destaque para a participa\u00e7\u00e3o especial da cantora <strong>Sandy<\/strong>, bem como de Matteo, filho de Andrea, que se juntaram a Bocelli em duetos que encantaram o p\u00fablico presente. O repert\u00f3rio cuidadosamente selecionado incluiu cl\u00e1ssicos que celebram o amor em todas as suas formas, transportando a plateia por uma viagem emocional e inesquec\u00edvel.<\/p>\n<p>Confira alguns dos convidados do Boulevard Shopping pelas lentes de <strong>Telmo Ximenes<\/strong>:<\/p>\n<figure id=\"attachment_7052\" aria-describedby=\"caption-attachment-7052\" style=\"width: 1200px\" class=\"wp-caption aligncenter\"><img decoding=\"async\" class=\"wp-image-7052 size-full\" src=\"http:\/\/lackman.com.br\/wp-content\/uploads\/2024\/05\/Ulisses-Silva-Lucelia-Roriz-Franklin-Martins-e-Luana-Peixoto.jpg\" alt=\"\" width=\"1200\" height=\"801\" srcset=\"https:\/\/lackman.com.br\/wp-content\/uploads\/2024\/05\/Ulisses-Silva-Lucelia-Roriz-Franklin-Martins-e-Luana-Peixoto.jpg 1200w, https:\/\/lackman.com.br\/wp-content\/uploads\/2024\/05\/Ulisses-Silva-Lucelia-Roriz-Franklin-Martins-e-Luana-Peixoto-300x200.jpg 300w, https:\/\/lackman.com.br\/wp-content\/uploads\/2024\/05\/Ulisses-Silva-Lucelia-Roriz-Franklin-Martins-e-Luana-Peixoto-1024x684.jpg 1024w, https:\/\/lackman.com.br\/wp-content\/uploads\/2024\/05\/Ulisses-Silva-Lucelia-Roriz-Franklin-Martins-e-Luana-Peixoto-768x513.jpg 768w\" sizes=\"(max-width: 1200px) 100vw, 1200px\" \/><figcaption id=\"caption-attachment-7052\" class=\"wp-caption-text\">Ulisses Silva, Luce\u0301lia Roriz, Franklin Martins e Luana Peixoto<\/figcaption><\/figure>\n<figure id=\"attachment_7058\" aria-describedby=\"caption-attachment-7058\" style=\"width: 1200px\" class=\"wp-caption aligncenter\"><img decoding=\"async\" class=\"wp-image-7058 size-full\" src=\"http:\/\/lackman.com.br\/wp-content\/uploads\/2024\/05\/Felipe-Rodrigues-e-Christine-Ackermann.jpg\" alt=\"\" width=\"1200\" height=\"801\" srcset=\"https:\/\/lackman.com.br\/wp-content\/uploads\/2024\/05\/Felipe-Rodrigues-e-Christine-Ackermann.jpg 1200w, https:\/\/lackman.com.br\/wp-content\/uploads\/2024\/05\/Felipe-Rodrigues-e-Christine-Ackermann-300x200.jpg 300w, https:\/\/lackman.com.br\/wp-content\/uploads\/2024\/05\/Felipe-Rodrigues-e-Christine-Ackermann-1024x684.jpg 1024w, https:\/\/lackman.com.br\/wp-content\/uploads\/2024\/05\/Felipe-Rodrigues-e-Christine-Ackermann-768x513.jpg 768w\" sizes=\"(max-width: 1200px) 100vw, 1200px\" \/><figcaption id=\"caption-attachment-7058\" class=\"wp-caption-text\">Felipe Rodrigues e Christine Ackermann<\/dd>\n<dd><\/figcaption><\/figure>\n<figure id=\"attachment_7051\" aria-describedby=\"caption-attachment-7051\" style=\"width: 1200px\" class=\"wp-caption aligncenter\"><img loading=\"lazy\" decoding=\"async\" class=\"wp-image-7051 size-full\" src=\"http:\/\/lackman.com.br\/wp-content\/uploads\/2024\/05\/Maira-Garcia-e-Luana-Citon.jpg\" alt=\"\" width=\"1200\" height=\"801\" srcset=\"https:\/\/lackman.com.br\/wp-content\/uploads\/2024\/05\/Maira-Garcia-e-Luana-Citon.jpg 1200w, https:\/\/lackman.com.br\/wp-content\/uploads\/2024\/05\/Maira-Garcia-e-Luana-Citon-300x200.jpg 300w, https:\/\/lackman.com.br\/wp-content\/uploads\/2024\/05\/Maira-Garcia-e-Luana-Citon-1024x684.jpg 1024w, https:\/\/lackman.com.br\/wp-content\/uploads\/2024\/05\/Maira-Garcia-e-Luana-Citon-768x513.jpg 768w\" sizes=\"(max-width: 1200px) 100vw, 1200px\" \/><figcaption id=\"caption-attachment-7051\" class=\"wp-caption-text\">Mai\u0301ra Garcia e Luana Citon<\/figcaption><\/figure>\n<figure id=\"attachment_7057\" aria-describedby=\"caption-attachment-7057\" style=\"width: 1200px\" class=\"wp-caption aligncenter\"><img loading=\"lazy\" decoding=\"async\" class=\"wp-image-7057 size-full\" src=\"http:\/\/lackman.com.br\/wp-content\/uploads\/2024\/05\/Ana-Karina-e-Flavio-Costa.jpg\" alt=\"\" width=\"1200\" height=\"801\" srcset=\"https:\/\/lackman.com.br\/wp-content\/uploads\/2024\/05\/Ana-Karina-e-Flavio-Costa.jpg 1200w, https:\/\/lackman.com.br\/wp-content\/uploads\/2024\/05\/Ana-Karina-e-Flavio-Costa-300x200.jpg 300w, https:\/\/lackman.com.br\/wp-content\/uploads\/2024\/05\/Ana-Karina-e-Flavio-Costa-1024x684.jpg 1024w, https:\/\/lackman.com.br\/wp-content\/uploads\/2024\/05\/Ana-Karina-e-Flavio-Costa-768x513.jpg 768w\" sizes=\"(max-width: 1200px) 100vw, 1200px\" \/><figcaption id=\"caption-attachment-7057\" class=\"wp-caption-text\">Ana Karina e Fla\u0301vio Costa<\/figcaption><\/figure>\n<figure id=\"attachment_7059\" aria-describedby=\"caption-attachment-7059\" style=\"width: 1200px\" class=\"wp-caption aligncenter\"><img loading=\"lazy\" decoding=\"async\" class=\"wp-image-7059 size-full\" src=\"http:\/\/lackman.com.br\/wp-content\/uploads\/2024\/05\/Fatima-Tostes-Helio-Bernardo-Natalia-e-Inez-Arruda.jpg\" alt=\"\" width=\"1200\" height=\"801\" srcset=\"https:\/\/lackman.com.br\/wp-content\/uploads\/2024\/05\/Fatima-Tostes-Helio-Bernardo-Natalia-e-Inez-Arruda.jpg 1200w, https:\/\/lackman.com.br\/wp-content\/uploads\/2024\/05\/Fatima-Tostes-Helio-Bernardo-Natalia-e-Inez-Arruda-300x200.jpg 300w, https:\/\/lackman.com.br\/wp-content\/uploads\/2024\/05\/Fatima-Tostes-Helio-Bernardo-Natalia-e-Inez-Arruda-1024x684.jpg 1024w, https:\/\/lackman.com.br\/wp-content\/uploads\/2024\/05\/Fatima-Tostes-Helio-Bernardo-Natalia-e-Inez-Arruda-768x513.jpg 768w\" sizes=\"(max-width: 1200px) 100vw, 1200px\" \/><figcaption id=\"caption-attachment-7059\" class=\"wp-caption-text\">Fa\u0301tima Tostes, He\u0301lio Bernardo, Nata\u0301lia e Inez Arruda<\/figcaption><\/figure>\n<figure id=\"attachment_7054\" aria-describedby=\"caption-attachment-7054\" style=\"width: 1200px\" class=\"wp-caption aligncenter\"><img loading=\"lazy\" decoding=\"async\" class=\"wp-image-7054 size-full\" src=\"http:\/\/lackman.com.br\/wp-content\/uploads\/2024\/05\/Philipe-Rossi-e-Juliana-Beltrao.jpg\" alt=\"\" width=\"1200\" height=\"801\" srcset=\"https:\/\/lackman.com.br\/wp-content\/uploads\/2024\/05\/Philipe-Rossi-e-Juliana-Beltrao.jpg 1200w, https:\/\/lackman.com.br\/wp-content\/uploads\/2024\/05\/Philipe-Rossi-e-Juliana-Beltrao-300x200.jpg 300w, https:\/\/lackman.com.br\/wp-content\/uploads\/2024\/05\/Philipe-Rossi-e-Juliana-Beltrao-1024x684.jpg 1024w, https:\/\/lackman.com.br\/wp-content\/uploads\/2024\/05\/Philipe-Rossi-e-Juliana-Beltrao-768x513.jpg 768w\" sizes=\"(max-width: 1200px) 100vw, 1200px\" \/><figcaption id=\"caption-attachment-7054\" class=\"wp-caption-text\">Philipe Rossi e Juliana Beltra\u0303o<\/figcaption><\/figure>\n<figure id=\"attachment_7056\" aria-describedby=\"caption-attachment-7056\" style=\"width: 1200px\" class=\"wp-caption aligncenter\"><img loading=\"lazy\" decoding=\"async\" class=\"wp-image-7056 size-full\" src=\"http:\/\/lackman.com.br\/wp-content\/uploads\/2024\/05\/Luana-Peixoto-com-Sergio-e-Luciana-Zeitunlian.jpg\" alt=\"\" width=\"1200\" height=\"801\" srcset=\"https:\/\/lackman.com.br\/wp-content\/uploads\/2024\/05\/Luana-Peixoto-com-Sergio-e-Luciana-Zeitunlian.jpg 1200w, https:\/\/lackman.com.br\/wp-content\/uploads\/2024\/05\/Luana-Peixoto-com-Sergio-e-Luciana-Zeitunlian-300x200.jpg 300w, https:\/\/lackman.com.br\/wp-content\/uploads\/2024\/05\/Luana-Peixoto-com-Sergio-e-Luciana-Zeitunlian-1024x684.jpg 1024w, https:\/\/lackman.com.br\/wp-content\/uploads\/2024\/05\/Luana-Peixoto-com-Sergio-e-Luciana-Zeitunlian-768x513.jpg 768w\" sizes=\"(max-width: 1200px) 100vw, 1200px\" \/><figcaption id=\"caption-attachment-7056\" class=\"wp-caption-text\">Luana Peixoto com Se\u0301rgio e Luciana Zeitunlian<\/figcaption><\/figure>\n","protected":false},"excerpt":{"rendered":"<p>Centro de compras convida seleto grupo clientes para viver experi\u00eancia \u00fanica no show de celebra\u00e7\u00e3o dos 30 anos de carreira do tenor italiano Na noite da \u00faltima quarta-feira (21), Bras\u00edlia foi agraciada com uma apresenta\u00e7\u00e3o inesquec\u00edvel do renomado tenor italiano Andrea Bocelli. O show, parte da turn\u00ea comemorativa de seus 30 anos de carreira, aconteceu na Arena BRB Man\u00e9 Garrincha e reuniu centenas de f\u00e3s, entre eles, um p\u00fablico seleto formado por empres\u00e1rios e o time estrat\u00e9gico do Boulevard Shopping Bras\u00edlia, curtiram a noite em um camarote priv\u00ea. A noite come\u00e7ou com um delicioso jantar no restaurante Jo\u00e3o Brasileiro, onde os convidados puderam se preparar para a experi\u00eancia musical que os aguardava. Quando Bocelli subiu ao palco, a atmosfera foi tomada por uma sensa\u00e7\u00e3o de expectativa e emo\u00e7\u00e3o. O tenor n\u00e3o decepcionou, entregando uma performance magistral que revisitou os grandes sucessos de sua carreira. Entre os momentos mais marcantes do show, destaque para a participa\u00e7\u00e3o especial da cantora Sandy, bem como de Matteo, filho de Andrea, que se juntaram a Bocelli em duetos que encantaram o p\u00fablico presente. O repert\u00f3rio cuidadosamente selecionado incluiu cl\u00e1ssicos que celebram o amor em todas as suas formas, transportando a plateia por uma viagem emocional e inesquec\u00edvel. Confira alguns dos convidados do Boulevard Shopping pelas lentes de Telmo Ximenes:<\/p>\n","protected":false},"author":6,"featured_media":7056,"comment_status":"closed","ping_status":"open","sticky":false,"template":"","format":"standard","meta":{"site-sidebar-layout":"default","site-content-layout":"","ast-site-content-layout":"default","site-content-style":"default","site-sidebar-style":"default","ast-global-header-display":"","ast-banner-title-visibility":"","ast-main-header-display":"","ast-hfb-above-header-display":"","ast-hfb-below-header-display":"","ast-hfb-mobile-header-display":"","site-post-title":"","ast-breadcrumbs-content":"","ast-featured-img":"","footer-sml-layout":"","ast-disable-related-posts":"","theme-transparent-header-meta":"default","adv-header-id-meta":"","stick-header-meta":"","header-above-stick-meta":"","header-main-stick-meta":"","header-below-stick-meta":"","astra-migrate-meta-layouts":"set","ast-page-background-enabled":"default","ast-page-background-meta":{"desktop":{"background-color":"","background-image":"","background-repeat":"repeat","background-position":"center center","background-size":"auto","background-attachment":"scroll","background-type":"","background-media":"","overlay-type":"","overlay-color":"","overlay-opacity":"","overlay-gradient":""},"tablet":{"background-color":"","background-image":"","background-repeat":"repeat","background-position":"center center","background-size":"auto","background-attachment":"scroll","background-type":"","background-media":"","overlay-type":"","overlay-color":"","overlay-opacity":"","overlay-gradient":""},"mobile":{"background-color":"","background-image":"","background-repeat":"repeat","background-position":"center center","background-size":"auto","background-attachment":"scroll","background-type":"","background-media":"","overlay-type":"","overlay-color":"","overlay-opacity":"","overlay-gradient":""}},"ast-content-background-meta":{"desktop":{"background-color":"var(--ast-global-color-5)","background-image":"","background-repeat":"repeat","background-position":"center center","background-size":"auto","background-attachment":"scroll","background-type":"","background-media":"","overlay-type":"","overlay-color":"","overlay-opacity":"","overlay-gradient":""},"tablet":{"background-color":"var(--ast-global-color-5)","background-image":"","background-repeat":"repeat","background-position":"center center","background-size":"auto","background-attachment":"scroll","background-type":"","background-media":"","overlay-type":"","overlay-color":"","overlay-opacity":"","overlay-gradient":""},"mobile":{"background-color":"var(--ast-global-color-5)","background-image":"","background-repeat":"repeat","background-position":"center center","background-size":"auto","background-attachment":"scroll","background-type":"","background-media":"","overlay-type":"","overlay-color":"","overlay-opacity":"","overlay-gradient":""}},"footnotes":""},"categories":[43,41],"tags":[755,1225,169,784,54,89,1228,1227,124,1226],"class_list":["post-7049","post","type-post","status-publish","format-standard","has-post-thumbnail","hentry","category-perambulando","category-vida","tag-30-anos","tag-andrea-bocelli-tenor-italiano","tag-arena-brb","tag-boulevard-shopping","tag-brasilia","tag-df","tag-matteo-bocelli","tag-sandy","tag-show","tag-tenor"],"yoast_head":"<!-- This site is optimized with the Yoast SEO plugin v27.0 - https:\/\/yoast.com\/product\/yoast-seo-wordpress\/ -->\n<title>Boulevard Shopping convida para Andrea Bocelli - LACKMAN &amp; CO.<\/title>\n<meta name=\"robots\" content=\"index, follow, max-snippet:-1, max-image-preview:large, max-video-preview:-1\" \/>\n<link rel=\"canonical\" href=\"https:\/\/lackman.com.br\/index.php\/2024\/05\/27\/boulevard-shopping-convida-para-andrea-bocelli\/\" \/>\n<meta property=\"og:locale\" content=\"pt_BR\" \/>\n<meta property=\"og:type\" content=\"article\" \/>\n<meta property=\"og:title\" content=\"Boulevard Shopping convida para Andrea Bocelli - LACKMAN &amp; CO.\" \/>\n<meta property=\"og:description\" content=\"Centro de compras convida seleto grupo clientes para viver experi\u00eancia \u00fanica no show de celebra\u00e7\u00e3o dos 30 anos de carreira do tenor italiano Na noite da \u00faltima quarta-feira (21), Bras\u00edlia foi agraciada com uma apresenta\u00e7\u00e3o inesquec\u00edvel do renomado tenor italiano Andrea Bocelli. O show, parte da turn\u00ea comemorativa de seus 30 anos de carreira, aconteceu na Arena BRB Man\u00e9 Garrincha e reuniu centenas de f\u00e3s, entre eles, um p\u00fablico seleto formado por empres\u00e1rios e o time estrat\u00e9gico do Boulevard Shopping Bras\u00edlia, curtiram a noite em um camarote priv\u00ea. A noite come\u00e7ou com um delicioso jantar no restaurante Jo\u00e3o Brasileiro, onde os convidados puderam se preparar para a experi\u00eancia musical que os aguardava. Quando Bocelli subiu ao palco, a atmosfera foi tomada por uma sensa\u00e7\u00e3o de expectativa e emo\u00e7\u00e3o. O tenor n\u00e3o decepcionou, entregando uma performance magistral que revisitou os grandes sucessos de sua carreira. Entre os momentos mais marcantes do show, destaque para a participa\u00e7\u00e3o especial da cantora Sandy, bem como de Matteo, filho de Andrea, que se juntaram a Bocelli em duetos que encantaram o p\u00fablico presente. O repert\u00f3rio cuidadosamente selecionado incluiu cl\u00e1ssicos que celebram o amor em todas as suas formas, transportando a plateia por uma viagem emocional e inesquec\u00edvel. Confira alguns dos convidados do Boulevard Shopping pelas lentes de Telmo Ximenes:\" \/>\n<meta property=\"og:url\" content=\"https:\/\/lackman.com.br\/index.php\/2024\/05\/27\/boulevard-shopping-convida-para-andrea-bocelli\/\" \/>\n<meta property=\"og:site_name\" content=\"LACKMAN &amp; CO.\" \/>\n<meta property=\"article:published_time\" content=\"2024-05-27T21:17:03+00:00\" \/>\n<meta property=\"og:image\" content=\"http:\/\/lackman.com.br\/wp-content\/uploads\/2024\/05\/Luana-Peixoto-com-Sergio-e-Luciana-Zeitunlian.jpg\" \/>\n\t<meta property=\"og:image:width\" content=\"1200\" \/>\n\t<meta property=\"og:image:height\" content=\"801\" \/>\n\t<meta property=\"og:image:type\" content=\"image\/jpeg\" \/>\n<meta name=\"author\" content=\"Gilberto Evangelista - Colunista\" \/>\n<meta name=\"twitter:card\" content=\"summary_large_image\" \/>\n<meta name=\"twitter:label1\" content=\"Escrito por\" \/>\n\t<meta name=\"twitter:data1\" content=\"Gilberto Evangelista - Colunista\" \/>\n\t<meta name=\"twitter:label2\" content=\"Est. tempo de leitura\" \/>\n\t<meta name=\"twitter:data2\" content=\"4 minutos\" \/>\n<script type=\"application\/ld+json\" class=\"yoast-schema-graph\">{\"@context\":\"https:\/\/schema.org\",\"@graph\":[{\"@type\":\"Article\",\"@id\":\"https:\/\/lackman.com.br\/index.php\/2024\/05\/27\/boulevard-shopping-convida-para-andrea-bocelli\/#article\",\"isPartOf\":{\"@id\":\"https:\/\/lackman.com.br\/index.php\/2024\/05\/27\/boulevard-shopping-convida-para-andrea-bocelli\/\"},\"author\":{\"name\":\"Gilberto Evangelista - Colunista\",\"@id\":\"https:\/\/lackman.com.br\/#\/schema\/person\/8a2355f699593d21d4f0d25b69db5747\"},\"headline\":\"Boulevard Shopping convida para Andrea Bocelli\",\"datePublished\":\"2024-05-27T21:17:03+00:00\",\"mainEntityOfPage\":{\"@id\":\"https:\/\/lackman.com.br\/index.php\/2024\/05\/27\/boulevard-shopping-convida-para-andrea-bocelli\/\"},\"wordCount\":339,\"publisher\":{\"@id\":\"https:\/\/lackman.com.br\/#organization\"},\"image\":{\"@id\":\"https:\/\/lackman.com.br\/index.php\/2024\/05\/27\/boulevard-shopping-convida-para-andrea-bocelli\/#primaryimage\"},\"thumbnailUrl\":\"https:\/\/lackman.com.br\/wp-content\/uploads\/2024\/05\/Luana-Peixoto-com-Sergio-e-Luciana-Zeitunlian.jpg\",\"keywords\":[\"30 anos\",\"Andrea Bocelli. tenor italiano\",\"Arena BRB\",\"boulevard shopping\",\"brasilia\",\"df\",\"Matteo Bocelli\",\"Sandy\",\"show\",\"tenor\"],\"articleSection\":[\"Perambulando\",\"Vida\"],\"inLanguage\":\"pt-BR\"},{\"@type\":\"WebPage\",\"@id\":\"https:\/\/lackman.com.br\/index.php\/2024\/05\/27\/boulevard-shopping-convida-para-andrea-bocelli\/\",\"url\":\"https:\/\/lackman.com.br\/index.php\/2024\/05\/27\/boulevard-shopping-convida-para-andrea-bocelli\/\",\"name\":\"Boulevard Shopping convida para Andrea Bocelli - LACKMAN &amp; CO.\",\"isPartOf\":{\"@id\":\"https:\/\/lackman.com.br\/#website\"},\"primaryImageOfPage\":{\"@id\":\"https:\/\/lackman.com.br\/index.php\/2024\/05\/27\/boulevard-shopping-convida-para-andrea-bocelli\/#primaryimage\"},\"image\":{\"@id\":\"https:\/\/lackman.com.br\/index.php\/2024\/05\/27\/boulevard-shopping-convida-para-andrea-bocelli\/#primaryimage\"},\"thumbnailUrl\":\"https:\/\/lackman.com.br\/wp-content\/uploads\/2024\/05\/Luana-Peixoto-com-Sergio-e-Luciana-Zeitunlian.jpg\",\"datePublished\":\"2024-05-27T21:17:03+00:00\",\"breadcrumb\":{\"@id\":\"https:\/\/lackman.com.br\/index.php\/2024\/05\/27\/boulevard-shopping-convida-para-andrea-bocelli\/#breadcrumb\"},\"inLanguage\":\"pt-BR\",\"potentialAction\":[{\"@type\":\"ReadAction\",\"target\":[\"https:\/\/lackman.com.br\/index.php\/2024\/05\/27\/boulevard-shopping-convida-para-andrea-bocelli\/\"]}]},{\"@type\":\"ImageObject\",\"inLanguage\":\"pt-BR\",\"@id\":\"https:\/\/lackman.com.br\/index.php\/2024\/05\/27\/boulevard-shopping-convida-para-andrea-bocelli\/#primaryimage\",\"url\":\"https:\/\/lackman.com.br\/wp-content\/uploads\/2024\/05\/Luana-Peixoto-com-Sergio-e-Luciana-Zeitunlian.jpg\",\"contentUrl\":\"https:\/\/lackman.com.br\/wp-content\/uploads\/2024\/05\/Luana-Peixoto-com-Sergio-e-Luciana-Zeitunlian.jpg\",\"width\":1200,\"height\":801},{\"@type\":\"BreadcrumbList\",\"@id\":\"https:\/\/lackman.com.br\/index.php\/2024\/05\/27\/boulevard-shopping-convida-para-andrea-bocelli\/#breadcrumb\",\"itemListElement\":[{\"@type\":\"ListItem\",\"position\":1,\"name\":\"In\u00edcio\",\"item\":\"https:\/\/lackman.com.br\/\"},{\"@type\":\"ListItem\",\"position\":2,\"name\":\"Boulevard Shopping convida para Andrea Bocelli\"}]},{\"@type\":\"WebSite\",\"@id\":\"https:\/\/lackman.com.br\/#website\",\"url\":\"https:\/\/lackman.com.br\/\",\"name\":\"LACKMAN &amp; CO.\",\"description\":\"VIDA | MODA | ARTE\",\"publisher\":{\"@id\":\"https:\/\/lackman.com.br\/#organization\"},\"potentialAction\":[{\"@type\":\"SearchAction\",\"target\":{\"@type\":\"EntryPoint\",\"urlTemplate\":\"https:\/\/lackman.com.br\/?s={search_term_string}\"},\"query-input\":{\"@type\":\"PropertyValueSpecification\",\"valueRequired\":true,\"valueName\":\"search_term_string\"}}],\"inLanguage\":\"pt-BR\"},{\"@type\":\"Organization\",\"@id\":\"https:\/\/lackman.com.br\/#organization\",\"name\":\"LACKMAN &amp; CO.\",\"url\":\"https:\/\/lackman.com.br\/\",\"logo\":{\"@type\":\"ImageObject\",\"inLanguage\":\"pt-BR\",\"@id\":\"https:\/\/lackman.com.br\/#\/schema\/logo\/image\/\",\"url\":\"https:\/\/lackman.com.br\/wp-content\/uploads\/2023\/06\/Logotipo_preto-1.png\",\"contentUrl\":\"https:\/\/lackman.com.br\/wp-content\/uploads\/2023\/06\/Logotipo_preto-1.png\",\"width\":739,\"height\":393,\"caption\":\"LACKMAN &amp; CO.\"},\"image\":{\"@id\":\"https:\/\/lackman.com.br\/#\/schema\/logo\/image\/\"}},{\"@type\":\"Person\",\"@id\":\"https:\/\/lackman.com.br\/#\/schema\/person\/8a2355f699593d21d4f0d25b69db5747\",\"name\":\"Gilberto Evangelista - Colunista\",\"image\":{\"@type\":\"ImageObject\",\"inLanguage\":\"pt-BR\",\"@id\":\"https:\/\/lackman.com.br\/#\/schema\/person\/image\/\",\"url\":\"https:\/\/secure.gravatar.com\/avatar\/cea9badf02f8a90f7a745f2cbea45fda61f65711ec015e2faf3809cca6337c28?s=96&d=mm&r=g\",\"contentUrl\":\"https:\/\/secure.gravatar.com\/avatar\/cea9badf02f8a90f7a745f2cbea45fda61f65711ec015e2faf3809cca6337c28?s=96&d=mm&r=g\",\"caption\":\"Gilberto Evangelista - Colunista\"},\"description\":\"Jornalista e globetrotter.\",\"url\":\"https:\/\/lackman.com.br\/index.php\/author\/gilberto-brito\/\"}]}<\/script>\n<!-- \/ Yoast SEO plugin. -->","yoast_head_json":{"title":"Boulevard Shopping convida para Andrea Bocelli - LACKMAN &amp; CO.","robots":{"index":"index","follow":"follow","max-snippet":"max-snippet:-1","max-image-preview":"max-image-preview:large","max-video-preview":"max-video-preview:-1"},"canonical":"https:\/\/lackman.com.br\/index.php\/2024\/05\/27\/boulevard-shopping-convida-para-andrea-bocelli\/","og_locale":"pt_BR","og_type":"article","og_title":"Boulevard Shopping convida para Andrea Bocelli - LACKMAN &amp; CO.","og_description":"Centro de compras convida seleto grupo clientes para viver experi\u00eancia \u00fanica no show de celebra\u00e7\u00e3o dos 30 anos de carreira do tenor italiano Na noite da \u00faltima quarta-feira (21), Bras\u00edlia foi agraciada com uma apresenta\u00e7\u00e3o inesquec\u00edvel do renomado tenor italiano Andrea Bocelli. O show, parte da turn\u00ea comemorativa de seus 30 anos de carreira, aconteceu na Arena BRB Man\u00e9 Garrincha e reuniu centenas de f\u00e3s, entre eles, um p\u00fablico seleto formado por empres\u00e1rios e o time estrat\u00e9gico do Boulevard Shopping Bras\u00edlia, curtiram a noite em um camarote priv\u00ea. A noite come\u00e7ou com um delicioso jantar no restaurante Jo\u00e3o Brasileiro, onde os convidados puderam se preparar para a experi\u00eancia musical que os aguardava. Quando Bocelli subiu ao palco, a atmosfera foi tomada por uma sensa\u00e7\u00e3o de expectativa e emo\u00e7\u00e3o. O tenor n\u00e3o decepcionou, entregando uma performance magistral que revisitou os grandes sucessos de sua carreira. Entre os momentos mais marcantes do show, destaque para a participa\u00e7\u00e3o especial da cantora Sandy, bem como de Matteo, filho de Andrea, que se juntaram a Bocelli em duetos que encantaram o p\u00fablico presente. O repert\u00f3rio cuidadosamente selecionado incluiu cl\u00e1ssicos que celebram o amor em todas as suas formas, transportando a plateia por uma viagem emocional e inesquec\u00edvel. Confira alguns dos convidados do Boulevard Shopping pelas lentes de Telmo Ximenes:","og_url":"https:\/\/lackman.com.br\/index.php\/2024\/05\/27\/boulevard-shopping-convida-para-andrea-bocelli\/","og_site_name":"LACKMAN &amp; CO.","article_published_time":"2024-05-27T21:17:03+00:00","og_image":[{"width":1200,"height":801,"url":"http:\/\/lackman.com.br\/wp-content\/uploads\/2024\/05\/Luana-Peixoto-com-Sergio-e-Luciana-Zeitunlian.jpg","type":"image\/jpeg"}],"author":"Gilberto Evangelista - Colunista","twitter_card":"summary_large_image","twitter_misc":{"Escrito por":"Gilberto Evangelista - Colunista","Est. tempo de leitura":"4 minutos"},"schema":{"@context":"https:\/\/schema.org","@graph":[{"@type":"Article","@id":"https:\/\/lackman.com.br\/index.php\/2024\/05\/27\/boulevard-shopping-convida-para-andrea-bocelli\/#article","isPartOf":{"@id":"https:\/\/lackman.com.br\/index.php\/2024\/05\/27\/boulevard-shopping-convida-para-andrea-bocelli\/"},"author":{"name":"Gilberto Evangelista - Colunista","@id":"https:\/\/lackman.com.br\/#\/schema\/person\/8a2355f699593d21d4f0d25b69db5747"},"headline":"Boulevard Shopping convida para Andrea Bocelli","datePublished":"2024-05-27T21:17:03+00:00","mainEntityOfPage":{"@id":"https:\/\/lackman.com.br\/index.php\/2024\/05\/27\/boulevard-shopping-convida-para-andrea-bocelli\/"},"wordCount":339,"publisher":{"@id":"https:\/\/lackman.com.br\/#organization"},"image":{"@id":"https:\/\/lackman.com.br\/index.php\/2024\/05\/27\/boulevard-shopping-convida-para-andrea-bocelli\/#primaryimage"},"thumbnailUrl":"https:\/\/lackman.com.br\/wp-content\/uploads\/2024\/05\/Luana-Peixoto-com-Sergio-e-Luciana-Zeitunlian.jpg","keywords":["30 anos","Andrea Bocelli. tenor italiano","Arena BRB","boulevard shopping","brasilia","df","Matteo Bocelli","Sandy","show","tenor"],"articleSection":["Perambulando","Vida"],"inLanguage":"pt-BR"},{"@type":"WebPage","@id":"https:\/\/lackman.com.br\/index.php\/2024\/05\/27\/boulevard-shopping-convida-para-andrea-bocelli\/","url":"https:\/\/lackman.com.br\/index.php\/2024\/05\/27\/boulevard-shopping-convida-para-andrea-bocelli\/","name":"Boulevard Shopping convida para Andrea Bocelli - LACKMAN &amp; CO.","isPartOf":{"@id":"https:\/\/lackman.com.br\/#website"},"primaryImageOfPage":{"@id":"https:\/\/lackman.com.br\/index.php\/2024\/05\/27\/boulevard-shopping-convida-para-andrea-bocelli\/#primaryimage"},"image":{"@id":"https:\/\/lackman.com.br\/index.php\/2024\/05\/27\/boulevard-shopping-convida-para-andrea-bocelli\/#primaryimage"},"thumbnailUrl":"https:\/\/lackman.com.br\/wp-content\/uploads\/2024\/05\/Luana-Peixoto-com-Sergio-e-Luciana-Zeitunlian.jpg","datePublished":"2024-05-27T21:17:03+00:00","breadcrumb":{"@id":"https:\/\/lackman.com.br\/index.php\/2024\/05\/27\/boulevard-shopping-convida-para-andrea-bocelli\/#breadcrumb"},"inLanguage":"pt-BR","potentialAction":[{"@type":"ReadAction","target":["https:\/\/lackman.com.br\/index.php\/2024\/05\/27\/boulevard-shopping-convida-para-andrea-bocelli\/"]}]},{"@type":"ImageObject","inLanguage":"pt-BR","@id":"https:\/\/lackman.com.br\/index.php\/2024\/05\/27\/boulevard-shopping-convida-para-andrea-bocelli\/#primaryimage","url":"https:\/\/lackman.com.br\/wp-content\/uploads\/2024\/05\/Luana-Peixoto-com-Sergio-e-Luciana-Zeitunlian.jpg","contentUrl":"https:\/\/lackman.com.br\/wp-content\/uploads\/2024\/05\/Luana-Peixoto-com-Sergio-e-Luciana-Zeitunlian.jpg","width":1200,"height":801},{"@type":"BreadcrumbList","@id":"https:\/\/lackman.com.br\/index.php\/2024\/05\/27\/boulevard-shopping-convida-para-andrea-bocelli\/#breadcrumb","itemListElement":[{"@type":"ListItem","position":1,"name":"In\u00edcio","item":"https:\/\/lackman.com.br\/"},{"@type":"ListItem","position":2,"name":"Boulevard Shopping convida para Andrea Bocelli"}]},{"@type":"WebSite","@id":"https:\/\/lackman.com.br\/#website","url":"https:\/\/lackman.com.br\/","name":"LACKMAN &amp; CO.","description":"VIDA | MODA | ARTE","publisher":{"@id":"https:\/\/lackman.com.br\/#organization"},"potentialAction":[{"@type":"SearchAction","target":{"@type":"EntryPoint","urlTemplate":"https:\/\/lackman.com.br\/?s={search_term_string}"},"query-input":{"@type":"PropertyValueSpecification","valueRequired":true,"valueName":"search_term_string"}}],"inLanguage":"pt-BR"},{"@type":"Organization","@id":"https:\/\/lackman.com.br\/#organization","name":"LACKMAN &amp; CO.","url":"https:\/\/lackman.com.br\/","logo":{"@type":"ImageObject","inLanguage":"pt-BR","@id":"https:\/\/lackman.com.br\/#\/schema\/logo\/image\/","url":"https:\/\/lackman.com.br\/wp-content\/uploads\/2023\/06\/Logotipo_preto-1.png","contentUrl":"https:\/\/lackman.com.br\/wp-content\/uploads\/2023\/06\/Logotipo_preto-1.png","width":739,"height":393,"caption":"LACKMAN &amp; CO."},"image":{"@id":"https:\/\/lackman.com.br\/#\/schema\/logo\/image\/"}},{"@type":"Person","@id":"https:\/\/lackman.com.br\/#\/schema\/person\/8a2355f699593d21d4f0d25b69db5747","name":"Gilberto Evangelista - Colunista","image":{"@type":"ImageObject","inLanguage":"pt-BR","@id":"https:\/\/lackman.com.br\/#\/schema\/person\/image\/","url":"https:\/\/secure.gravatar.com\/avatar\/cea9badf02f8a90f7a745f2cbea45fda61f65711ec015e2faf3809cca6337c28?s=96&d=mm&r=g","contentUrl":"https:\/\/secure.gravatar.com\/avatar\/cea9badf02f8a90f7a745f2cbea45fda61f65711ec015e2faf3809cca6337c28?s=96&d=mm&r=g","caption":"Gilberto Evangelista - Colunista"},"description":"Jornalista e globetrotter.","url":"https:\/\/lackman.com.br\/index.php\/author\/gilberto-brito\/"}]}},"rttpg_featured_image_url":{"full":["https:\/\/lackman.com.br\/wp-content\/uploads\/2024\/05\/Luana-Peixoto-com-Sergio-e-Luciana-Zeitunlian.jpg",1200,801,false],"landscape":["https:\/\/lackman.com.br\/wp-content\/uploads\/2024\/05\/Luana-Peixoto-com-Sergio-e-Luciana-Zeitunlian.jpg",1200,801,false],"portraits":["https:\/\/lackman.com.br\/wp-content\/uploads\/2024\/05\/Luana-Peixoto-com-Sergio-e-Luciana-Zeitunlian.jpg",1200,801,false],"thumbnail":["https:\/\/lackman.com.br\/wp-content\/uploads\/2024\/05\/Luana-Peixoto-com-Sergio-e-Luciana-Zeitunlian-150x150.jpg",150,150,true],"medium":["https:\/\/lackman.com.br\/wp-content\/uploads\/2024\/05\/Luana-Peixoto-com-Sergio-e-Luciana-Zeitunlian-300x200.jpg",300,200,true],"large":["https:\/\/lackman.com.br\/wp-content\/uploads\/2024\/05\/Luana-Peixoto-com-Sergio-e-Luciana-Zeitunlian-1024x684.jpg",1024,684,true],"RoboGalleryMansoryImagesCenter":["https:\/\/lackman.com.br\/wp-content\/uploads\/2024\/05\/Luana-Peixoto-com-Sergio-e-Luciana-Zeitunlian-600x801.jpg",600,801,true],"RoboGalleryPreload":["https:\/\/lackman.com.br\/wp-content\/uploads\/2024\/05\/Luana-Peixoto-com-Sergio-e-Luciana-Zeitunlian.jpg",100,67,false],"1536x1536":["https:\/\/lackman.com.br\/wp-content\/uploads\/2024\/05\/Luana-Peixoto-com-Sergio-e-Luciana-Zeitunlian.jpg",1200,801,false],"2048x2048":["https:\/\/lackman.com.br\/wp-content\/uploads\/2024\/05\/Luana-Peixoto-com-Sergio-e-Luciana-Zeitunlian.jpg",1200,801,false]},"rttpg_author":{"display_name":"Gilberto Evangelista - Colunista","author_link":"https:\/\/lackman.com.br\/index.php\/author\/gilberto-brito\/"},"rttpg_comment":0,"rttpg_category":"<a href=\"https:\/\/lackman.com.br\/index.php\/category\/vida\/perambulando\/\" rel=\"category tag\">Perambulando<\/a> <a href=\"https:\/\/lackman.com.br\/index.php\/category\/vida\/\" rel=\"category tag\">Vida<\/a>","rttpg_excerpt":"Centro de compras convida seleto grupo clientes para viver experi\u00eancia \u00fanica no show de celebra\u00e7\u00e3o dos 30 anos de carreira do tenor italiano Na noite da \u00faltima quarta-feira (21), Bras\u00edlia foi agraciada com uma apresenta\u00e7\u00e3o inesquec\u00edvel do renomado tenor italiano Andrea Bocelli. O show, parte da turn\u00ea comemorativa de seus 30 anos de carreira, aconteceu&hellip;","_links":{"self":[{"href":"https:\/\/lackman.com.br\/index.php\/wp-json\/wp\/v2\/posts\/7049","targetHints":{"allow":["GET"]}}],"collection":[{"href":"https:\/\/lackman.com.br\/index.php\/wp-json\/wp\/v2\/posts"}],"about":[{"href":"https:\/\/lackman.com.br\/index.php\/wp-json\/wp\/v2\/types\/post"}],"author":[{"embeddable":true,"href":"https:\/\/lackman.com.br\/index.php\/wp-json\/wp\/v2\/users\/6"}],"replies":[{"embeddable":true,"href":"https:\/\/lackman.com.br\/index.php\/wp-json\/wp\/v2\/comments?post=7049"}],"version-history":[{"count":2,"href":"https:\/\/lackman.com.br\/index.php\/wp-json\/wp\/v2\/posts\/7049\/revisions"}],"predecessor-version":[{"id":7062,"href":"https:\/\/lackman.com.br\/index.php\/wp-json\/wp\/v2\/posts\/7049\/revisions\/7062"}],"wp:featuredmedia":[{"embeddable":true,"href":"https:\/\/lackman.com.br\/index.php\/wp-json\/wp\/v2\/media\/7056"}],"wp:attachment":[{"href":"https:\/\/lackman.com.br\/index.php\/wp-json\/wp\/v2\/media?parent=7049"}],"wp:term":[{"taxonomy":"category","embeddable":true,"href":"https:\/\/lackman.com.br\/index.php\/wp-json\/wp\/v2\/categories?post=7049"},{"taxonomy":"post_tag","embeddable":true,"href":"https:\/\/lackman.com.br\/index.php\/wp-json\/wp\/v2\/tags?post=7049"}],"curies":[{"name":"wp","href":"https:\/\/api.w.org\/{rel}","templated":true}]}}