{"id":6945,"date":"2024-05-15T17:10:07","date_gmt":"2024-05-15T20:10:07","guid":{"rendered":"https:\/\/lackman.com.br\/?p=6945"},"modified":"2024-05-15T18:36:59","modified_gmt":"2024-05-15T21:36:59","slug":"muito-chic-vem-ai-o-decanter-wine-day","status":"publish","type":"post","link":"https:\/\/lackman.com.br\/index.php\/2024\/05\/15\/muito-chic-vem-ai-o-decanter-wine-day\/","title":{"rendered":"Muito chic: vem a\u00ed o Decanter Wine Day!"},"content":{"rendered":"<h5 dir=\"auto\" style=\"text-align: justify\"><em>Um dos eventos de degusta\u00e7\u00e3o de vinhos mais seletos da capital federal j\u00e1 tem hora e local para acontecer: dia 19 de junho, no Quality Hotel. Certeza que voc\u00ea n\u00e3o vai querer ficar de fora!<\/em><\/h5>\n<div dir=\"auto\" style=\"text-align: justify\"><\/div>\n<div dir=\"auto\" style=\"text-align: justify\">Quem acompanha a coluna sabe que, em geral, as not\u00edcias que passam por aqui s\u00e3o de experi\u00eancias que este jornalista <strong>viveu, aprovou e recomendou<\/strong> (ou apenas reportou deixando para deixar voc\u00ea com vontade de rol\u00eas que foram \u00fanicos). No caso da <em><strong>9a Edi\u00e7\u00e3o do Decanter Wine Day<\/strong><\/em> (DWD) pode-se dizer que eu tamb\u00e9m j\u00e1 vivi, mas neste caso, eu passei mesmo foi pela experi\u00eancia do jantar promovido \u00e0 imprensa onde tivemos v\u00e1rias informa\u00e7\u00f5es reveladas e tr\u00eas r\u00f3tulos incr\u00edveis foram servidos, dando uma ideia do que vir\u00e1 por a\u00ed.<\/div>\n<div dir=\"auto\"><\/div>\n<div dir=\"auto\" style=\"text-align: justify\">A noite, que aconteceu no restaurante <strong>Bloco C<\/strong>, come\u00e7ou com o Hermann Alvarinho Jovem (2023), vinho que est\u00e1 entre um dos melhores brancos brasileiros, dono de uma bel\u00edssima express\u00e3o de fruta e acidez vibrante. Ele \u00e9 t\u00e3o fresco e leve que quando menos esperar, a garrafa j\u00e1 secou e voc\u00ea nem saber\u00e1 como isso aconteceu. O segundo r\u00f3tulo servido foi o Jos\u00e9 de Sousa Reserva (2018), um tinto alentejano<\/div>\n<div dir=\"auto\" style=\"text-align: justify\">encorpado, com textura macia, taninos muito finos e bem integrados, rico de fruta madura e especiarias doces. T\u00edpico vinho que d\u00e1 vontade de casar com ele para a vida toda.<\/div>\n<div dir=\"auto\" style=\"text-align: justify\"><img fetchpriority=\"high\" decoding=\"async\" class=\"aligncenter wp-image-6947 size-full\" src=\"http:\/\/lackman.com.br\/wp-content\/uploads\/2024\/05\/DWD_imprensa.jpg\" alt=\"\" width=\"1920\" height=\"1080\" srcset=\"https:\/\/lackman.com.br\/wp-content\/uploads\/2024\/05\/DWD_imprensa.jpg 1920w, https:\/\/lackman.com.br\/wp-content\/uploads\/2024\/05\/DWD_imprensa-300x169.jpg 300w, https:\/\/lackman.com.br\/wp-content\/uploads\/2024\/05\/DWD_imprensa-1024x576.jpg 1024w, https:\/\/lackman.com.br\/wp-content\/uploads\/2024\/05\/DWD_imprensa-768x432.jpg 768w, https:\/\/lackman.com.br\/wp-content\/uploads\/2024\/05\/DWD_imprensa-1536x864.jpg 1536w\" sizes=\"(max-width: 1920px) 100vw, 1920px\" \/><\/div>\n<div dir=\"auto\" style=\"text-align: justify\">E como est\u00e1vamos participando de uma <strong>noite exclusiva, feita para impressionar<\/strong>, a terceira degusta\u00e7\u00e3o foi nada mais, nada menos do que um <em><strong>Luigi Bosca Para\u00edso<\/strong><\/em> (2019), um tinto extra\u00eddo entre as melhores safras cultivadas pela fam\u00edlia Arizu. O mais legal de participar de eventos como o <em>DWD<\/em> (ou dessa vers\u00e3o menor) \u00e9 a possibilidade de <strong>aprender coisas novas e ganhar dicas preciosas<\/strong> como as que <strong>Luiz Ot\u00e1vio<\/strong>, sommelier da Decanter Bras\u00edlia nos deu: &#8220;<em>Este \u00e9 um \u00f3timo vinho de guarda, que j\u00e1 \u00e9 \u00f3timo hoje, mas ficar\u00e1 muito melhor daqui h\u00e1 alguns anos<\/em>&#8220;. Fico imaginando no que poder\u00e1 se transformar essa bebida que j\u00e1 se destaca por um aroma de frutas vermelhas, especiarias, floral, tostado e baunilha. Na boca se revelou potente, amplo e com uma perfeita integra\u00e7\u00e3o entre fruta e barrica, estimulando a conversa entre n\u00f3s por muito tempo al\u00e9m depois que o jantar havia sido servido.<\/div>\n<div dir=\"auto\"><\/div>\n<div dir=\"auto\"><em><strong>O grande dia<\/strong><\/em><\/div>\n<div dir=\"auto\"><\/div>\n<div dir=\"auto\" style=\"text-align: justify\">Trazendo agora mais detalhes sobre o <em>Decanter Wine Day<\/em>, voc\u00ea j\u00e1 sabe que ele acontecer\u00e1 no dia 19 de junho, no p\u00e1tio central do <strong>Quality Hotel<\/strong>. O evento contar\u00e1 com <strong>120 r\u00f3tulos de 50 produtores de 12 pa\u00edses<\/strong> das principais vin\u00edcolas da Am\u00e9rica do Sul e da Europa premiadas internacionalmente (todos de representa\u00e7\u00e3o exclusiva da importadora Decanter). &#8220;<em>Entre os destaques, os tr\u00eas vinhos acima, bem como o Quinta da Gaivosa, Memorias, Bourgogne Antonin Guyon, Caprili Brunello di Montalcino e Arzuaga, al\u00e9m de outros in\u00e9ditos neste tipo de degusta\u00e7\u00e3o, como o Villard Tanagra, Ferrari F\u00f3rmula 1 (na capa desta mat\u00e9ria) e o Giroux Maconnais, que ser\u00e3o servidos pela primeira vez no evento<\/em>&#8220;, explica Luiz Ot\u00e1vio.<\/div>\n<div dir=\"auto\"><img decoding=\"async\" class=\"aligncenter wp-image-6949 size-full\" src=\"http:\/\/lackman.com.br\/wp-content\/uploads\/2024\/05\/MantegariaNacional.jpg\" alt=\"\" width=\"1080\" height=\"1184\" srcset=\"https:\/\/lackman.com.br\/wp-content\/uploads\/2024\/05\/MantegariaNacional.jpg 1080w, https:\/\/lackman.com.br\/wp-content\/uploads\/2024\/05\/MantegariaNacional-274x300.jpg 274w, https:\/\/lackman.com.br\/wp-content\/uploads\/2024\/05\/MantegariaNacional-934x1024.jpg 934w, https:\/\/lackman.com.br\/wp-content\/uploads\/2024\/05\/MantegariaNacional-768x842.jpg 768w\" sizes=\"(max-width: 1080px) 100vw, 1080px\" \/><\/div>\n<div dir=\"auto\" style=\"text-align: justify\"><\/div>\n<div dir=\"auto\" style=\"text-align: justify\">O mais legal \u00e9 que os <strong>f\u00e3s da bebida<\/strong> poder\u00e3o conversar com produtores internacionais, vindos da Am\u00e9rica do Sul e Europa, que estar\u00e3o presentes na degusta\u00e7\u00e3o. E claro, para deixar tudo ainda mais gostoso, haver\u00e1 ainda uma mesa com frios variados, p\u00e3es, pat\u00eas e empratados quentes, al\u00e9m dos produtos dos expositores parceiros: <strong><em>Teta Cheese Bar, Vicentin Artesanais, Manteigaria Nacional<\/em><\/strong> e <em><strong>Mercado do Caf\u00e9<\/strong><\/em>. E o melhor de tudo: somente nesse dia, <span style=\"font-size: 16px\">todos os vinhos estar\u00e3o \u00e0 venda com <strong>desconto especial de 30%!<\/strong> Partiu encher a adega!<\/span><\/div>\n<div dir=\"auto\" style=\"text-align: justify\"><\/div>\n<div dir=\"auto\"><\/div>\n<div dir=\"auto\" style=\"text-align: justify\"><em><strong>E a\u00ed&#8230; Vamos #PERAMBULAR pelo mundo dos vinhos?<\/strong><\/em><\/div>\n<div dir=\"auto\" style=\"text-align: justify\"><em>Decanter Wine Day \/ 19 de junho &#8211; 18h \u00e0s 22h \/ Quality Hotel \/\u00a0Ingresso: R$ 295,00 no 1\u00ba lote \/ <strong><a href=\"https:\/\/www.decanterbsb.com.br\/informa-es-do-evento-e-registro\/wine-day-9-edicao\/pick-tickets\">Compre aqui!\u00a0<\/a><\/strong>\u00a0&#8211; Siga <a href=\"https:\/\/www.instagram.com\/decanterbsb\/\"><strong>@decanterbsb<\/strong><\/a><\/em><\/div>\n<div dir=\"auto\" style=\"text-align: justify\"><\/div>\n<pre dir=\"auto\">Foto Reprodu\u00e7\u00e3o Instagram das marcas e Gilberto Evangelista<\/pre>\n<p>&nbsp;<\/p>\n","protected":false},"excerpt":{"rendered":"<p>Um dos eventos de degusta\u00e7\u00e3o de vinhos mais seletos da capital federal j\u00e1 tem hora e local para acontecer: dia 19 de junho, no Quality Hotel. Certeza que voc\u00ea n\u00e3o vai querer ficar de fora! Quem acompanha a coluna sabe que, em geral, as not\u00edcias que passam por aqui s\u00e3o de experi\u00eancias que este jornalista viveu, aprovou e recomendou (ou apenas reportou deixando para deixar voc\u00ea com vontade de rol\u00eas que foram \u00fanicos). No caso da 9a Edi\u00e7\u00e3o do Decanter Wine Day (DWD) pode-se dizer que eu tamb\u00e9m j\u00e1 vivi, mas neste caso, eu passei mesmo foi pela experi\u00eancia do jantar promovido \u00e0 imprensa onde tivemos v\u00e1rias informa\u00e7\u00f5es reveladas e tr\u00eas r\u00f3tulos incr\u00edveis foram servidos, dando uma ideia do que vir\u00e1 por a\u00ed. A noite, que aconteceu no restaurante Bloco C, come\u00e7ou com o Hermann Alvarinho Jovem (2023), vinho que est\u00e1 entre um dos melhores brancos brasileiros, dono de uma bel\u00edssima express\u00e3o de fruta e acidez vibrante. Ele \u00e9 t\u00e3o fresco e leve que quando menos esperar, a garrafa j\u00e1 secou e voc\u00ea nem saber\u00e1 como isso aconteceu. O segundo r\u00f3tulo servido foi o Jos\u00e9 de Sousa Reserva (2018), um tinto alentejano encorpado, com textura macia, taninos muito finos e bem integrados, rico de fruta madura e especiarias doces. T\u00edpico vinho que d\u00e1 vontade de casar com ele para a vida toda. E como est\u00e1vamos participando de uma noite exclusiva, feita para impressionar, a terceira degusta\u00e7\u00e3o foi nada mais, nada menos do que um Luigi Bosca Para\u00edso (2019), um tinto extra\u00eddo entre as melhores safras cultivadas pela fam\u00edlia Arizu. O mais legal de participar de eventos como o DWD (ou dessa vers\u00e3o menor) \u00e9 a possibilidade de aprender coisas novas e ganhar dicas preciosas como as que Luiz Ot\u00e1vio, sommelier da Decanter Bras\u00edlia nos deu: &#8220;Este \u00e9 um \u00f3timo vinho de guarda, que j\u00e1 \u00e9 \u00f3timo hoje, mas ficar\u00e1 muito melhor daqui h\u00e1 alguns anos&#8220;. Fico imaginando no que poder\u00e1 se transformar essa bebida que j\u00e1 se destaca por um aroma de frutas vermelhas, especiarias, floral, tostado e baunilha. Na boca se revelou potente, amplo e com uma perfeita integra\u00e7\u00e3o entre fruta e barrica, estimulando a conversa entre n\u00f3s por muito tempo al\u00e9m depois que o jantar havia sido servido. O grande dia Trazendo agora mais detalhes sobre o Decanter Wine Day, voc\u00ea j\u00e1 sabe que ele acontecer\u00e1 no dia 19 de junho, no p\u00e1tio central do Quality Hotel. O evento contar\u00e1 com 120 r\u00f3tulos de 50 produtores de 12 pa\u00edses das principais vin\u00edcolas da Am\u00e9rica do Sul e da Europa premiadas internacionalmente (todos de representa\u00e7\u00e3o exclusiva da importadora Decanter). &#8220;Entre os destaques, os tr\u00eas vinhos acima, bem como o Quinta da Gaivosa, Memorias, Bourgogne Antonin Guyon, Caprili Brunello di Montalcino e Arzuaga, al\u00e9m de outros in\u00e9ditos neste tipo de degusta\u00e7\u00e3o, como o Villard Tanagra, Ferrari F\u00f3rmula 1 (na capa desta mat\u00e9ria) e o Giroux Maconnais, que ser\u00e3o servidos pela primeira vez no evento&#8220;, explica Luiz Ot\u00e1vio. O mais legal \u00e9 que os f\u00e3s da bebida poder\u00e3o conversar com produtores internacionais, vindos da Am\u00e9rica do Sul e Europa, que estar\u00e3o presentes na degusta\u00e7\u00e3o. E claro, para deixar tudo ainda mais gostoso, haver\u00e1 ainda uma mesa com frios variados, p\u00e3es, pat\u00eas e empratados quentes, al\u00e9m dos produtos dos expositores parceiros: Teta Cheese Bar, Vicentin Artesanais, Manteigaria Nacional e Mercado do Caf\u00e9. E o melhor de tudo: somente nesse dia, todos os vinhos estar\u00e3o \u00e0 venda com desconto especial de 30%! Partiu encher a adega! E a\u00ed&#8230; Vamos #PERAMBULAR pelo mundo dos vinhos? Decanter Wine Day \/ 19 de junho &#8211; 18h \u00e0s 22h \/ Quality Hotel \/\u00a0Ingresso: R$ 295,00 no 1\u00ba lote \/ Compre aqui!\u00a0\u00a0&#8211; Siga @decanterbsb Foto Reprodu\u00e7\u00e3o Instagram das marcas e Gilberto Evangelista &nbsp;<\/p>\n","protected":false},"author":6,"featured_media":6946,"comment_status":"closed","ping_status":"open","sticky":false,"template":"","format":"standard","meta":{"site-sidebar-layout":"default","site-content-layout":"","ast-site-content-layout":"default","site-content-style":"default","site-sidebar-style":"default","ast-global-header-display":"","ast-banner-title-visibility":"","ast-main-header-display":"","ast-hfb-above-header-display":"","ast-hfb-below-header-display":"","ast-hfb-mobile-header-display":"","site-post-title":"","ast-breadcrumbs-content":"","ast-featured-img":"","footer-sml-layout":"","ast-disable-related-posts":"","theme-transparent-header-meta":"default","adv-header-id-meta":"","stick-header-meta":"","header-above-stick-meta":"","header-main-stick-meta":"","header-below-stick-meta":"","astra-migrate-meta-layouts":"set","ast-page-background-enabled":"default","ast-page-background-meta":{"desktop":{"background-color":"","background-image":"","background-repeat":"repeat","background-position":"center center","background-size":"auto","background-attachment":"scroll","background-type":"","background-media":"","overlay-type":"","overlay-color":"","overlay-opacity":"","overlay-gradient":""},"tablet":{"background-color":"","background-image":"","background-repeat":"repeat","background-position":"center center","background-size":"auto","background-attachment":"scroll","background-type":"","background-media":"","overlay-type":"","overlay-color":"","overlay-opacity":"","overlay-gradient":""},"mobile":{"background-color":"","background-image":"","background-repeat":"repeat","background-position":"center center","background-size":"auto","background-attachment":"scroll","background-type":"","background-media":"","overlay-type":"","overlay-color":"","overlay-opacity":"","overlay-gradient":""}},"ast-content-background-meta":{"desktop":{"background-color":"var(--ast-global-color-5)","background-image":"","background-repeat":"repeat","background-position":"center center","background-size":"auto","background-attachment":"scroll","background-type":"","background-media":"","overlay-type":"","overlay-color":"","overlay-opacity":"","overlay-gradient":""},"tablet":{"background-color":"var(--ast-global-color-5)","background-image":"","background-repeat":"repeat","background-position":"center center","background-size":"auto","background-attachment":"scroll","background-type":"","background-media":"","overlay-type":"","overlay-color":"","overlay-opacity":"","overlay-gradient":""},"mobile":{"background-color":"var(--ast-global-color-5)","background-image":"","background-repeat":"repeat","background-position":"center center","background-size":"auto","background-attachment":"scroll","background-type":"","background-media":"","overlay-type":"","overlay-color":"","overlay-opacity":"","overlay-gradient":""}},"footnotes":""},"categories":[42,41],"tags":[1182,1181,54,1179,1177,307,89,1178,805,1183,1184,1185,1186,1180,804],"class_list":["post-6945","post","type-post","status-publish","format-standard","has-post-thumbnail","hentry","category-gastronomia","category-vida","tag-bebidas","tag-brancos","tag-brasilia","tag-decanter-brasilia","tag-decanter-wine-day","tag-degustacao","tag-df","tag-dwd","tag-espumantes","tag-hermann","tag-jose-de-sousa","tag-luigi-bosca-paraiso","tag-quality-hotel","tag-tintos","tag-vinhos"],"yoast_head":"<!-- This site is optimized with the Yoast SEO plugin v27.0 - https:\/\/yoast.com\/product\/yoast-seo-wordpress\/ -->\n<title>Muito chic: vem a\u00ed o Decanter Wine Day! - LACKMAN &amp; CO.<\/title>\n<meta name=\"robots\" content=\"index, follow, max-snippet:-1, max-image-preview:large, max-video-preview:-1\" \/>\n<link rel=\"canonical\" href=\"https:\/\/lackman.com.br\/index.php\/2024\/05\/15\/muito-chic-vem-ai-o-decanter-wine-day\/\" \/>\n<meta property=\"og:locale\" content=\"pt_BR\" \/>\n<meta property=\"og:type\" content=\"article\" \/>\n<meta property=\"og:title\" content=\"Muito chic: vem a\u00ed o Decanter Wine Day! - LACKMAN &amp; CO.\" \/>\n<meta property=\"og:description\" content=\"Um dos eventos de degusta\u00e7\u00e3o de vinhos mais seletos da capital federal j\u00e1 tem hora e local para acontecer: dia 19 de junho, no Quality Hotel. Certeza que voc\u00ea n\u00e3o vai querer ficar de fora! Quem acompanha a coluna sabe que, em geral, as not\u00edcias que passam por aqui s\u00e3o de experi\u00eancias que este jornalista viveu, aprovou e recomendou (ou apenas reportou deixando para deixar voc\u00ea com vontade de rol\u00eas que foram \u00fanicos). No caso da 9a Edi\u00e7\u00e3o do Decanter Wine Day (DWD) pode-se dizer que eu tamb\u00e9m j\u00e1 vivi, mas neste caso, eu passei mesmo foi pela experi\u00eancia do jantar promovido \u00e0 imprensa onde tivemos v\u00e1rias informa\u00e7\u00f5es reveladas e tr\u00eas r\u00f3tulos incr\u00edveis foram servidos, dando uma ideia do que vir\u00e1 por a\u00ed. A noite, que aconteceu no restaurante Bloco C, come\u00e7ou com o Hermann Alvarinho Jovem (2023), vinho que est\u00e1 entre um dos melhores brancos brasileiros, dono de uma bel\u00edssima express\u00e3o de fruta e acidez vibrante. Ele \u00e9 t\u00e3o fresco e leve que quando menos esperar, a garrafa j\u00e1 secou e voc\u00ea nem saber\u00e1 como isso aconteceu. O segundo r\u00f3tulo servido foi o Jos\u00e9 de Sousa Reserva (2018), um tinto alentejano encorpado, com textura macia, taninos muito finos e bem integrados, rico de fruta madura e especiarias doces. T\u00edpico vinho que d\u00e1 vontade de casar com ele para a vida toda. E como est\u00e1vamos participando de uma noite exclusiva, feita para impressionar, a terceira degusta\u00e7\u00e3o foi nada mais, nada menos do que um Luigi Bosca Para\u00edso (2019), um tinto extra\u00eddo entre as melhores safras cultivadas pela fam\u00edlia Arizu. O mais legal de participar de eventos como o DWD (ou dessa vers\u00e3o menor) \u00e9 a possibilidade de aprender coisas novas e ganhar dicas preciosas como as que Luiz Ot\u00e1vio, sommelier da Decanter Bras\u00edlia nos deu: &#8220;Este \u00e9 um \u00f3timo vinho de guarda, que j\u00e1 \u00e9 \u00f3timo hoje, mas ficar\u00e1 muito melhor daqui h\u00e1 alguns anos&#8220;. Fico imaginando no que poder\u00e1 se transformar essa bebida que j\u00e1 se destaca por um aroma de frutas vermelhas, especiarias, floral, tostado e baunilha. Na boca se revelou potente, amplo e com uma perfeita integra\u00e7\u00e3o entre fruta e barrica, estimulando a conversa entre n\u00f3s por muito tempo al\u00e9m depois que o jantar havia sido servido. O grande dia Trazendo agora mais detalhes sobre o Decanter Wine Day, voc\u00ea j\u00e1 sabe que ele acontecer\u00e1 no dia 19 de junho, no p\u00e1tio central do Quality Hotel. O evento contar\u00e1 com 120 r\u00f3tulos de 50 produtores de 12 pa\u00edses das principais vin\u00edcolas da Am\u00e9rica do Sul e da Europa premiadas internacionalmente (todos de representa\u00e7\u00e3o exclusiva da importadora Decanter). &#8220;Entre os destaques, os tr\u00eas vinhos acima, bem como o Quinta da Gaivosa, Memorias, Bourgogne Antonin Guyon, Caprili Brunello di Montalcino e Arzuaga, al\u00e9m de outros in\u00e9ditos neste tipo de degusta\u00e7\u00e3o, como o Villard Tanagra, Ferrari F\u00f3rmula 1 (na capa desta mat\u00e9ria) e o Giroux Maconnais, que ser\u00e3o servidos pela primeira vez no evento&#8220;, explica Luiz Ot\u00e1vio. O mais legal \u00e9 que os f\u00e3s da bebida poder\u00e3o conversar com produtores internacionais, vindos da Am\u00e9rica do Sul e Europa, que estar\u00e3o presentes na degusta\u00e7\u00e3o. E claro, para deixar tudo ainda mais gostoso, haver\u00e1 ainda uma mesa com frios variados, p\u00e3es, pat\u00eas e empratados quentes, al\u00e9m dos produtos dos expositores parceiros: Teta Cheese Bar, Vicentin Artesanais, Manteigaria Nacional e Mercado do Caf\u00e9. E o melhor de tudo: somente nesse dia, todos os vinhos estar\u00e3o \u00e0 venda com desconto especial de 30%! Partiu encher a adega! E a\u00ed&#8230; Vamos #PERAMBULAR pelo mundo dos vinhos? Decanter Wine Day \/ 19 de junho &#8211; 18h \u00e0s 22h \/ Quality Hotel \/\u00a0Ingresso: R$ 295,00 no 1\u00ba lote \/ Compre aqui!\u00a0\u00a0&#8211; Siga @decanterbsb Foto Reprodu\u00e7\u00e3o Instagram das marcas e Gilberto Evangelista &nbsp;\" \/>\n<meta property=\"og:url\" content=\"https:\/\/lackman.com.br\/index.php\/2024\/05\/15\/muito-chic-vem-ai-o-decanter-wine-day\/\" \/>\n<meta property=\"og:site_name\" content=\"LACKMAN &amp; CO.\" \/>\n<meta property=\"article:published_time\" content=\"2024-05-15T20:10:07+00:00\" \/>\n<meta property=\"article:modified_time\" content=\"2024-05-15T21:36:59+00:00\" \/>\n<meta property=\"og:image\" content=\"http:\/\/lackman.com.br\/wp-content\/uploads\/2024\/05\/Ferrari.jpg\" \/>\n\t<meta property=\"og:image:width\" content=\"1080\" \/>\n\t<meta property=\"og:image:height\" content=\"722\" \/>\n\t<meta property=\"og:image:type\" content=\"image\/jpeg\" \/>\n<meta name=\"author\" content=\"Gilberto Evangelista - Colunista\" \/>\n<meta name=\"twitter:card\" content=\"summary_large_image\" \/>\n<meta name=\"twitter:label1\" content=\"Escrito por\" \/>\n\t<meta name=\"twitter:data1\" content=\"Gilberto Evangelista - Colunista\" \/>\n\t<meta name=\"twitter:label2\" content=\"Est. tempo de leitura\" \/>\n\t<meta name=\"twitter:data2\" content=\"4 minutos\" \/>\n<script type=\"application\/ld+json\" class=\"yoast-schema-graph\">{\"@context\":\"https:\/\/schema.org\",\"@graph\":[{\"@type\":\"Article\",\"@id\":\"https:\/\/lackman.com.br\/index.php\/2024\/05\/15\/muito-chic-vem-ai-o-decanter-wine-day\/#article\",\"isPartOf\":{\"@id\":\"https:\/\/lackman.com.br\/index.php\/2024\/05\/15\/muito-chic-vem-ai-o-decanter-wine-day\/\"},\"author\":{\"name\":\"Gilberto Evangelista - Colunista\",\"@id\":\"https:\/\/lackman.com.br\/#\/schema\/person\/8a2355f699593d21d4f0d25b69db5747\"},\"headline\":\"Muito chic: vem a\u00ed o Decanter Wine Day!\",\"datePublished\":\"2024-05-15T20:10:07+00:00\",\"dateModified\":\"2024-05-15T21:36:59+00:00\",\"mainEntityOfPage\":{\"@id\":\"https:\/\/lackman.com.br\/index.php\/2024\/05\/15\/muito-chic-vem-ai-o-decanter-wine-day\/\"},\"wordCount\":647,\"publisher\":{\"@id\":\"https:\/\/lackman.com.br\/#organization\"},\"image\":{\"@id\":\"https:\/\/lackman.com.br\/index.php\/2024\/05\/15\/muito-chic-vem-ai-o-decanter-wine-day\/#primaryimage\"},\"thumbnailUrl\":\"https:\/\/lackman.com.br\/wp-content\/uploads\/2024\/05\/Ferrari.jpg\",\"keywords\":[\"bebidas\",\"brancos\",\"brasilia\",\"Decanter Bras\u00edlia\",\"Decanter Wine Day\",\"degusta\u00e7\u00e3o\",\"df\",\"DWD\",\"espumantes\",\"Hermann\",\"Jos\u00e9 de Sousa\",\"Luigi Bosca Para\u00edso\",\"Quality Hotel\",\"tintos\",\"vinhos\"],\"articleSection\":[\"Gastr\u00f4\",\"Vida\"],\"inLanguage\":\"pt-BR\"},{\"@type\":\"WebPage\",\"@id\":\"https:\/\/lackman.com.br\/index.php\/2024\/05\/15\/muito-chic-vem-ai-o-decanter-wine-day\/\",\"url\":\"https:\/\/lackman.com.br\/index.php\/2024\/05\/15\/muito-chic-vem-ai-o-decanter-wine-day\/\",\"name\":\"Muito chic: vem a\u00ed o Decanter Wine Day! - LACKMAN &amp; CO.\",\"isPartOf\":{\"@id\":\"https:\/\/lackman.com.br\/#website\"},\"primaryImageOfPage\":{\"@id\":\"https:\/\/lackman.com.br\/index.php\/2024\/05\/15\/muito-chic-vem-ai-o-decanter-wine-day\/#primaryimage\"},\"image\":{\"@id\":\"https:\/\/lackman.com.br\/index.php\/2024\/05\/15\/muito-chic-vem-ai-o-decanter-wine-day\/#primaryimage\"},\"thumbnailUrl\":\"https:\/\/lackman.com.br\/wp-content\/uploads\/2024\/05\/Ferrari.jpg\",\"datePublished\":\"2024-05-15T20:10:07+00:00\",\"dateModified\":\"2024-05-15T21:36:59+00:00\",\"breadcrumb\":{\"@id\":\"https:\/\/lackman.com.br\/index.php\/2024\/05\/15\/muito-chic-vem-ai-o-decanter-wine-day\/#breadcrumb\"},\"inLanguage\":\"pt-BR\",\"potentialAction\":[{\"@type\":\"ReadAction\",\"target\":[\"https:\/\/lackman.com.br\/index.php\/2024\/05\/15\/muito-chic-vem-ai-o-decanter-wine-day\/\"]}]},{\"@type\":\"ImageObject\",\"inLanguage\":\"pt-BR\",\"@id\":\"https:\/\/lackman.com.br\/index.php\/2024\/05\/15\/muito-chic-vem-ai-o-decanter-wine-day\/#primaryimage\",\"url\":\"https:\/\/lackman.com.br\/wp-content\/uploads\/2024\/05\/Ferrari.jpg\",\"contentUrl\":\"https:\/\/lackman.com.br\/wp-content\/uploads\/2024\/05\/Ferrari.jpg\",\"width\":1080,\"height\":722},{\"@type\":\"BreadcrumbList\",\"@id\":\"https:\/\/lackman.com.br\/index.php\/2024\/05\/15\/muito-chic-vem-ai-o-decanter-wine-day\/#breadcrumb\",\"itemListElement\":[{\"@type\":\"ListItem\",\"position\":1,\"name\":\"In\u00edcio\",\"item\":\"https:\/\/lackman.com.br\/\"},{\"@type\":\"ListItem\",\"position\":2,\"name\":\"Muito chic: vem a\u00ed o Decanter Wine Day!\"}]},{\"@type\":\"WebSite\",\"@id\":\"https:\/\/lackman.com.br\/#website\",\"url\":\"https:\/\/lackman.com.br\/\",\"name\":\"LACKMAN &amp; CO.\",\"description\":\"VIDA | MODA | ARTE\",\"publisher\":{\"@id\":\"https:\/\/lackman.com.br\/#organization\"},\"potentialAction\":[{\"@type\":\"SearchAction\",\"target\":{\"@type\":\"EntryPoint\",\"urlTemplate\":\"https:\/\/lackman.com.br\/?s={search_term_string}\"},\"query-input\":{\"@type\":\"PropertyValueSpecification\",\"valueRequired\":true,\"valueName\":\"search_term_string\"}}],\"inLanguage\":\"pt-BR\"},{\"@type\":\"Organization\",\"@id\":\"https:\/\/lackman.com.br\/#organization\",\"name\":\"LACKMAN &amp; CO.\",\"url\":\"https:\/\/lackman.com.br\/\",\"logo\":{\"@type\":\"ImageObject\",\"inLanguage\":\"pt-BR\",\"@id\":\"https:\/\/lackman.com.br\/#\/schema\/logo\/image\/\",\"url\":\"https:\/\/lackman.com.br\/wp-content\/uploads\/2023\/06\/Logotipo_preto-1.png\",\"contentUrl\":\"https:\/\/lackman.com.br\/wp-content\/uploads\/2023\/06\/Logotipo_preto-1.png\",\"width\":739,\"height\":393,\"caption\":\"LACKMAN &amp; CO.\"},\"image\":{\"@id\":\"https:\/\/lackman.com.br\/#\/schema\/logo\/image\/\"}},{\"@type\":\"Person\",\"@id\":\"https:\/\/lackman.com.br\/#\/schema\/person\/8a2355f699593d21d4f0d25b69db5747\",\"name\":\"Gilberto Evangelista - Colunista\",\"image\":{\"@type\":\"ImageObject\",\"inLanguage\":\"pt-BR\",\"@id\":\"https:\/\/lackman.com.br\/#\/schema\/person\/image\/\",\"url\":\"https:\/\/secure.gravatar.com\/avatar\/cea9badf02f8a90f7a745f2cbea45fda61f65711ec015e2faf3809cca6337c28?s=96&d=mm&r=g\",\"contentUrl\":\"https:\/\/secure.gravatar.com\/avatar\/cea9badf02f8a90f7a745f2cbea45fda61f65711ec015e2faf3809cca6337c28?s=96&d=mm&r=g\",\"caption\":\"Gilberto Evangelista - Colunista\"},\"description\":\"Jornalista e globetrotter.\",\"url\":\"https:\/\/lackman.com.br\/index.php\/author\/gilberto-brito\/\"}]}<\/script>\n<!-- \/ Yoast SEO plugin. -->","yoast_head_json":{"title":"Muito chic: vem a\u00ed o Decanter Wine Day! - LACKMAN &amp; CO.","robots":{"index":"index","follow":"follow","max-snippet":"max-snippet:-1","max-image-preview":"max-image-preview:large","max-video-preview":"max-video-preview:-1"},"canonical":"https:\/\/lackman.com.br\/index.php\/2024\/05\/15\/muito-chic-vem-ai-o-decanter-wine-day\/","og_locale":"pt_BR","og_type":"article","og_title":"Muito chic: vem a\u00ed o Decanter Wine Day! - LACKMAN &amp; CO.","og_description":"Um dos eventos de degusta\u00e7\u00e3o de vinhos mais seletos da capital federal j\u00e1 tem hora e local para acontecer: dia 19 de junho, no Quality Hotel. Certeza que voc\u00ea n\u00e3o vai querer ficar de fora! Quem acompanha a coluna sabe que, em geral, as not\u00edcias que passam por aqui s\u00e3o de experi\u00eancias que este jornalista viveu, aprovou e recomendou (ou apenas reportou deixando para deixar voc\u00ea com vontade de rol\u00eas que foram \u00fanicos). No caso da 9a Edi\u00e7\u00e3o do Decanter Wine Day (DWD) pode-se dizer que eu tamb\u00e9m j\u00e1 vivi, mas neste caso, eu passei mesmo foi pela experi\u00eancia do jantar promovido \u00e0 imprensa onde tivemos v\u00e1rias informa\u00e7\u00f5es reveladas e tr\u00eas r\u00f3tulos incr\u00edveis foram servidos, dando uma ideia do que vir\u00e1 por a\u00ed. A noite, que aconteceu no restaurante Bloco C, come\u00e7ou com o Hermann Alvarinho Jovem (2023), vinho que est\u00e1 entre um dos melhores brancos brasileiros, dono de uma bel\u00edssima express\u00e3o de fruta e acidez vibrante. Ele \u00e9 t\u00e3o fresco e leve que quando menos esperar, a garrafa j\u00e1 secou e voc\u00ea nem saber\u00e1 como isso aconteceu. O segundo r\u00f3tulo servido foi o Jos\u00e9 de Sousa Reserva (2018), um tinto alentejano encorpado, com textura macia, taninos muito finos e bem integrados, rico de fruta madura e especiarias doces. T\u00edpico vinho que d\u00e1 vontade de casar com ele para a vida toda. E como est\u00e1vamos participando de uma noite exclusiva, feita para impressionar, a terceira degusta\u00e7\u00e3o foi nada mais, nada menos do que um Luigi Bosca Para\u00edso (2019), um tinto extra\u00eddo entre as melhores safras cultivadas pela fam\u00edlia Arizu. O mais legal de participar de eventos como o DWD (ou dessa vers\u00e3o menor) \u00e9 a possibilidade de aprender coisas novas e ganhar dicas preciosas como as que Luiz Ot\u00e1vio, sommelier da Decanter Bras\u00edlia nos deu: &#8220;Este \u00e9 um \u00f3timo vinho de guarda, que j\u00e1 \u00e9 \u00f3timo hoje, mas ficar\u00e1 muito melhor daqui h\u00e1 alguns anos&#8220;. Fico imaginando no que poder\u00e1 se transformar essa bebida que j\u00e1 se destaca por um aroma de frutas vermelhas, especiarias, floral, tostado e baunilha. Na boca se revelou potente, amplo e com uma perfeita integra\u00e7\u00e3o entre fruta e barrica, estimulando a conversa entre n\u00f3s por muito tempo al\u00e9m depois que o jantar havia sido servido. O grande dia Trazendo agora mais detalhes sobre o Decanter Wine Day, voc\u00ea j\u00e1 sabe que ele acontecer\u00e1 no dia 19 de junho, no p\u00e1tio central do Quality Hotel. O evento contar\u00e1 com 120 r\u00f3tulos de 50 produtores de 12 pa\u00edses das principais vin\u00edcolas da Am\u00e9rica do Sul e da Europa premiadas internacionalmente (todos de representa\u00e7\u00e3o exclusiva da importadora Decanter). &#8220;Entre os destaques, os tr\u00eas vinhos acima, bem como o Quinta da Gaivosa, Memorias, Bourgogne Antonin Guyon, Caprili Brunello di Montalcino e Arzuaga, al\u00e9m de outros in\u00e9ditos neste tipo de degusta\u00e7\u00e3o, como o Villard Tanagra, Ferrari F\u00f3rmula 1 (na capa desta mat\u00e9ria) e o Giroux Maconnais, que ser\u00e3o servidos pela primeira vez no evento&#8220;, explica Luiz Ot\u00e1vio. O mais legal \u00e9 que os f\u00e3s da bebida poder\u00e3o conversar com produtores internacionais, vindos da Am\u00e9rica do Sul e Europa, que estar\u00e3o presentes na degusta\u00e7\u00e3o. E claro, para deixar tudo ainda mais gostoso, haver\u00e1 ainda uma mesa com frios variados, p\u00e3es, pat\u00eas e empratados quentes, al\u00e9m dos produtos dos expositores parceiros: Teta Cheese Bar, Vicentin Artesanais, Manteigaria Nacional e Mercado do Caf\u00e9. E o melhor de tudo: somente nesse dia, todos os vinhos estar\u00e3o \u00e0 venda com desconto especial de 30%! Partiu encher a adega! E a\u00ed&#8230; Vamos #PERAMBULAR pelo mundo dos vinhos? Decanter Wine Day \/ 19 de junho &#8211; 18h \u00e0s 22h \/ Quality Hotel \/\u00a0Ingresso: R$ 295,00 no 1\u00ba lote \/ Compre aqui!\u00a0\u00a0&#8211; Siga @decanterbsb Foto Reprodu\u00e7\u00e3o Instagram das marcas e Gilberto Evangelista &nbsp;","og_url":"https:\/\/lackman.com.br\/index.php\/2024\/05\/15\/muito-chic-vem-ai-o-decanter-wine-day\/","og_site_name":"LACKMAN &amp; CO.","article_published_time":"2024-05-15T20:10:07+00:00","article_modified_time":"2024-05-15T21:36:59+00:00","og_image":[{"width":1080,"height":722,"url":"http:\/\/lackman.com.br\/wp-content\/uploads\/2024\/05\/Ferrari.jpg","type":"image\/jpeg"}],"author":"Gilberto Evangelista - Colunista","twitter_card":"summary_large_image","twitter_misc":{"Escrito por":"Gilberto Evangelista - Colunista","Est. tempo de leitura":"4 minutos"},"schema":{"@context":"https:\/\/schema.org","@graph":[{"@type":"Article","@id":"https:\/\/lackman.com.br\/index.php\/2024\/05\/15\/muito-chic-vem-ai-o-decanter-wine-day\/#article","isPartOf":{"@id":"https:\/\/lackman.com.br\/index.php\/2024\/05\/15\/muito-chic-vem-ai-o-decanter-wine-day\/"},"author":{"name":"Gilberto Evangelista - Colunista","@id":"https:\/\/lackman.com.br\/#\/schema\/person\/8a2355f699593d21d4f0d25b69db5747"},"headline":"Muito chic: vem a\u00ed o Decanter Wine Day!","datePublished":"2024-05-15T20:10:07+00:00","dateModified":"2024-05-15T21:36:59+00:00","mainEntityOfPage":{"@id":"https:\/\/lackman.com.br\/index.php\/2024\/05\/15\/muito-chic-vem-ai-o-decanter-wine-day\/"},"wordCount":647,"publisher":{"@id":"https:\/\/lackman.com.br\/#organization"},"image":{"@id":"https:\/\/lackman.com.br\/index.php\/2024\/05\/15\/muito-chic-vem-ai-o-decanter-wine-day\/#primaryimage"},"thumbnailUrl":"https:\/\/lackman.com.br\/wp-content\/uploads\/2024\/05\/Ferrari.jpg","keywords":["bebidas","brancos","brasilia","Decanter Bras\u00edlia","Decanter Wine Day","degusta\u00e7\u00e3o","df","DWD","espumantes","Hermann","Jos\u00e9 de Sousa","Luigi Bosca Para\u00edso","Quality Hotel","tintos","vinhos"],"articleSection":["Gastr\u00f4","Vida"],"inLanguage":"pt-BR"},{"@type":"WebPage","@id":"https:\/\/lackman.com.br\/index.php\/2024\/05\/15\/muito-chic-vem-ai-o-decanter-wine-day\/","url":"https:\/\/lackman.com.br\/index.php\/2024\/05\/15\/muito-chic-vem-ai-o-decanter-wine-day\/","name":"Muito chic: vem a\u00ed o Decanter Wine Day! - LACKMAN &amp; CO.","isPartOf":{"@id":"https:\/\/lackman.com.br\/#website"},"primaryImageOfPage":{"@id":"https:\/\/lackman.com.br\/index.php\/2024\/05\/15\/muito-chic-vem-ai-o-decanter-wine-day\/#primaryimage"},"image":{"@id":"https:\/\/lackman.com.br\/index.php\/2024\/05\/15\/muito-chic-vem-ai-o-decanter-wine-day\/#primaryimage"},"thumbnailUrl":"https:\/\/lackman.com.br\/wp-content\/uploads\/2024\/05\/Ferrari.jpg","datePublished":"2024-05-15T20:10:07+00:00","dateModified":"2024-05-15T21:36:59+00:00","breadcrumb":{"@id":"https:\/\/lackman.com.br\/index.php\/2024\/05\/15\/muito-chic-vem-ai-o-decanter-wine-day\/#breadcrumb"},"inLanguage":"pt-BR","potentialAction":[{"@type":"ReadAction","target":["https:\/\/lackman.com.br\/index.php\/2024\/05\/15\/muito-chic-vem-ai-o-decanter-wine-day\/"]}]},{"@type":"ImageObject","inLanguage":"pt-BR","@id":"https:\/\/lackman.com.br\/index.php\/2024\/05\/15\/muito-chic-vem-ai-o-decanter-wine-day\/#primaryimage","url":"https:\/\/lackman.com.br\/wp-content\/uploads\/2024\/05\/Ferrari.jpg","contentUrl":"https:\/\/lackman.com.br\/wp-content\/uploads\/2024\/05\/Ferrari.jpg","width":1080,"height":722},{"@type":"BreadcrumbList","@id":"https:\/\/lackman.com.br\/index.php\/2024\/05\/15\/muito-chic-vem-ai-o-decanter-wine-day\/#breadcrumb","itemListElement":[{"@type":"ListItem","position":1,"name":"In\u00edcio","item":"https:\/\/lackman.com.br\/"},{"@type":"ListItem","position":2,"name":"Muito chic: vem a\u00ed o Decanter Wine Day!"}]},{"@type":"WebSite","@id":"https:\/\/lackman.com.br\/#website","url":"https:\/\/lackman.com.br\/","name":"LACKMAN &amp; CO.","description":"VIDA | MODA | ARTE","publisher":{"@id":"https:\/\/lackman.com.br\/#organization"},"potentialAction":[{"@type":"SearchAction","target":{"@type":"EntryPoint","urlTemplate":"https:\/\/lackman.com.br\/?s={search_term_string}"},"query-input":{"@type":"PropertyValueSpecification","valueRequired":true,"valueName":"search_term_string"}}],"inLanguage":"pt-BR"},{"@type":"Organization","@id":"https:\/\/lackman.com.br\/#organization","name":"LACKMAN &amp; CO.","url":"https:\/\/lackman.com.br\/","logo":{"@type":"ImageObject","inLanguage":"pt-BR","@id":"https:\/\/lackman.com.br\/#\/schema\/logo\/image\/","url":"https:\/\/lackman.com.br\/wp-content\/uploads\/2023\/06\/Logotipo_preto-1.png","contentUrl":"https:\/\/lackman.com.br\/wp-content\/uploads\/2023\/06\/Logotipo_preto-1.png","width":739,"height":393,"caption":"LACKMAN &amp; CO."},"image":{"@id":"https:\/\/lackman.com.br\/#\/schema\/logo\/image\/"}},{"@type":"Person","@id":"https:\/\/lackman.com.br\/#\/schema\/person\/8a2355f699593d21d4f0d25b69db5747","name":"Gilberto Evangelista - Colunista","image":{"@type":"ImageObject","inLanguage":"pt-BR","@id":"https:\/\/lackman.com.br\/#\/schema\/person\/image\/","url":"https:\/\/secure.gravatar.com\/avatar\/cea9badf02f8a90f7a745f2cbea45fda61f65711ec015e2faf3809cca6337c28?s=96&d=mm&r=g","contentUrl":"https:\/\/secure.gravatar.com\/avatar\/cea9badf02f8a90f7a745f2cbea45fda61f65711ec015e2faf3809cca6337c28?s=96&d=mm&r=g","caption":"Gilberto Evangelista - Colunista"},"description":"Jornalista e globetrotter.","url":"https:\/\/lackman.com.br\/index.php\/author\/gilberto-brito\/"}]}},"rttpg_featured_image_url":{"full":["https:\/\/lackman.com.br\/wp-content\/uploads\/2024\/05\/Ferrari.jpg",1080,722,false],"landscape":["https:\/\/lackman.com.br\/wp-content\/uploads\/2024\/05\/Ferrari.jpg",1080,722,false],"portraits":["https:\/\/lackman.com.br\/wp-content\/uploads\/2024\/05\/Ferrari.jpg",1080,722,false],"thumbnail":["https:\/\/lackman.com.br\/wp-content\/uploads\/2024\/05\/Ferrari-150x150.jpg",150,150,true],"medium":["https:\/\/lackman.com.br\/wp-content\/uploads\/2024\/05\/Ferrari-300x201.jpg",300,201,true],"large":["https:\/\/lackman.com.br\/wp-content\/uploads\/2024\/05\/Ferrari-1024x685.jpg",1024,685,true],"RoboGalleryMansoryImagesCenter":["https:\/\/lackman.com.br\/wp-content\/uploads\/2024\/05\/Ferrari-600x722.jpg",600,722,true],"RoboGalleryPreload":["https:\/\/lackman.com.br\/wp-content\/uploads\/2024\/05\/Ferrari.jpg",100,67,false],"1536x1536":["https:\/\/lackman.com.br\/wp-content\/uploads\/2024\/05\/Ferrari.jpg",1080,722,false],"2048x2048":["https:\/\/lackman.com.br\/wp-content\/uploads\/2024\/05\/Ferrari.jpg",1080,722,false]},"rttpg_author":{"display_name":"Gilberto Evangelista - Colunista","author_link":"https:\/\/lackman.com.br\/index.php\/author\/gilberto-brito\/"},"rttpg_comment":0,"rttpg_category":"<a href=\"https:\/\/lackman.com.br\/index.php\/category\/vida\/gastronomia\/\" rel=\"category tag\">Gastr\u00f4<\/a> <a href=\"https:\/\/lackman.com.br\/index.php\/category\/vida\/\" rel=\"category tag\">Vida<\/a>","rttpg_excerpt":"Um dos eventos de degusta\u00e7\u00e3o de vinhos mais seletos da capital federal j\u00e1 tem hora e local para acontecer: dia 19 de junho, no Quality Hotel. Certeza que voc\u00ea n\u00e3o vai querer ficar de fora! Quem acompanha a coluna sabe que, em geral, as not\u00edcias que passam por aqui s\u00e3o de experi\u00eancias que este jornalista&hellip;","_links":{"self":[{"href":"https:\/\/lackman.com.br\/index.php\/wp-json\/wp\/v2\/posts\/6945","targetHints":{"allow":["GET"]}}],"collection":[{"href":"https:\/\/lackman.com.br\/index.php\/wp-json\/wp\/v2\/posts"}],"about":[{"href":"https:\/\/lackman.com.br\/index.php\/wp-json\/wp\/v2\/types\/post"}],"author":[{"embeddable":true,"href":"https:\/\/lackman.com.br\/index.php\/wp-json\/wp\/v2\/users\/6"}],"replies":[{"embeddable":true,"href":"https:\/\/lackman.com.br\/index.php\/wp-json\/wp\/v2\/comments?post=6945"}],"version-history":[{"count":3,"href":"https:\/\/lackman.com.br\/index.php\/wp-json\/wp\/v2\/posts\/6945\/revisions"}],"predecessor-version":[{"id":6951,"href":"https:\/\/lackman.com.br\/index.php\/wp-json\/wp\/v2\/posts\/6945\/revisions\/6951"}],"wp:featuredmedia":[{"embeddable":true,"href":"https:\/\/lackman.com.br\/index.php\/wp-json\/wp\/v2\/media\/6946"}],"wp:attachment":[{"href":"https:\/\/lackman.com.br\/index.php\/wp-json\/wp\/v2\/media?parent=6945"}],"wp:term":[{"taxonomy":"category","embeddable":true,"href":"https:\/\/lackman.com.br\/index.php\/wp-json\/wp\/v2\/categories?post=6945"},{"taxonomy":"post_tag","embeddable":true,"href":"https:\/\/lackman.com.br\/index.php\/wp-json\/wp\/v2\/tags?post=6945"}],"curies":[{"name":"wp","href":"https:\/\/api.w.org\/{rel}","templated":true}]}}