{"id":6798,"date":"2024-04-23T14:31:55","date_gmt":"2024-04-23T17:31:55","guid":{"rendered":"https:\/\/lackman.com.br\/?p=6798"},"modified":"2024-04-23T14:57:53","modified_gmt":"2024-04-23T17:57:53","slug":"o-cerrado-tem-vinho-tem-sim-senhor","status":"publish","type":"post","link":"https:\/\/lackman.com.br\/index.php\/2024\/04\/23\/o-cerrado-tem-vinho-tem-sim-senhor\/","title":{"rendered":"Enoturismo: Vin\u00edcola Bras\u00edlia abre suas portas"},"content":{"rendered":"<p style=\"text-align: justify\"><em>O Cerrado tem vinho? Tem sim senhor! Aos 64 anos da capital federal, Bras\u00edlia ganha vin\u00edcola que abre uma nova p\u00e1gina na hist\u00f3ria da regi\u00e3o com rota do vinho e maior est\u00edmulo \u00e0 viticultura<\/em><\/p>\n<p>&nbsp;<\/p>\n<p style=\"text-align: justify\">O vinho \u00e9 o tipo de bebida que nos leva a sair <strong>#PERAMBULANDO<\/strong> pelo mundo em busca de descobertas e experi\u00eancias \u00fanicas, que ficam registradas para sempre na mem\u00f3ria. O melhor de tudo \u00e9 que agora, com a inaugura\u00e7\u00e3o da <a href=\"https:\/\/www.instagram.com\/vinicolabrasilia\/\"><strong>Vin\u00edcola Bras\u00edlia<\/strong><\/a> \u2013 \u00a0que aconteceu no \u00faltimo fim de semana (s\u00e1bado e domingo dias 20 e 21) l\u00e1 no <strong>KM 07 da BR-251<\/strong>, o enoturismo e viticultura local se tornam mais vi\u00e1veis para os brasilienses que amam essa bebida dos deuses.<\/p>\n<p><img fetchpriority=\"high\" decoding=\"async\" class=\"aligncenter wp-image-6825 size-full\" src=\"http:\/\/lackman.com.br\/wp-content\/uploads\/2024\/04\/20.04-Vinicola-Brasilia-fercoutinho-001-1.jpg\" alt=\"\" width=\"2048\" height=\"1365\" srcset=\"https:\/\/lackman.com.br\/wp-content\/uploads\/2024\/04\/20.04-Vinicola-Brasilia-fercoutinho-001-1.jpg 2048w, https:\/\/lackman.com.br\/wp-content\/uploads\/2024\/04\/20.04-Vinicola-Brasilia-fercoutinho-001-1-300x200.jpg 300w, https:\/\/lackman.com.br\/wp-content\/uploads\/2024\/04\/20.04-Vinicola-Brasilia-fercoutinho-001-1-1024x683.jpg 1024w, https:\/\/lackman.com.br\/wp-content\/uploads\/2024\/04\/20.04-Vinicola-Brasilia-fercoutinho-001-1-768x512.jpg 768w, https:\/\/lackman.com.br\/wp-content\/uploads\/2024\/04\/20.04-Vinicola-Brasilia-fercoutinho-001-1-1536x1024.jpg 1536w\" sizes=\"(max-width: 2048px) 100vw, 2048px\" \/><\/p>\n<p style=\"text-align: justify\"><img decoding=\"async\" class=\"aligncenter wp-image-6809 size-full\" src=\"http:\/\/lackman.com.br\/wp-content\/uploads\/2024\/04\/20.04-Vinicola-Brasilia-fercoutinho-047.jpg\" alt=\"\" width=\"2048\" height=\"1365\" srcset=\"https:\/\/lackman.com.br\/wp-content\/uploads\/2024\/04\/20.04-Vinicola-Brasilia-fercoutinho-047.jpg 2048w, https:\/\/lackman.com.br\/wp-content\/uploads\/2024\/04\/20.04-Vinicola-Brasilia-fercoutinho-047-300x200.jpg 300w, https:\/\/lackman.com.br\/wp-content\/uploads\/2024\/04\/20.04-Vinicola-Brasilia-fercoutinho-047-1024x683.jpg 1024w, https:\/\/lackman.com.br\/wp-content\/uploads\/2024\/04\/20.04-Vinicola-Brasilia-fercoutinho-047-768x512.jpg 768w, https:\/\/lackman.com.br\/wp-content\/uploads\/2024\/04\/20.04-Vinicola-Brasilia-fercoutinho-047-1536x1024.jpg 1536w\" sizes=\"(max-width: 2048px) 100vw, 2048px\" \/><\/p>\n<p style=\"text-align: justify\">\u00c9 isso mesmo, <strong>o Cerrado tem cultivo, <em>terroirs<\/em> com caracter\u00edstica pr\u00f3prias e j\u00e1 produz r\u00f3tulos premiados!<\/strong> Se para voc\u00ea isso \u00e9 uma novidade, ent\u00e3o aproveita para conhecer o quanto antes o local que, sem exageros, ficou lindo e, mais do que isso, traz uma estrutura completa, com equipamentos e tecnologia de primeiro mundo. Inclusive, vale destacar que, a iniciativa nasceu da vontade de 10 vinhedos ali daquela regi\u00e3o (que conta com cerca de 50 produtores), que decidiram unir suas expertises e pr\u00e1ticas sustent\u00e1veis para revolucionar o mercado de vinhos finos. S\u00e3o eles: <strong>Casa Vitor, Ercoara, Horus, Marchese, Miro, Monte Alvor, Oma Sena, Alto Cerrado, Villa Triacca e Vista da Mata<\/strong>.<\/p>\n<figure id=\"attachment_6799\" aria-describedby=\"caption-attachment-6799\" style=\"width: 800px\" class=\"wp-caption aligncenter\"><img decoding=\"async\" class=\"wp-image-6799 size-full\" src=\"http:\/\/lackman.com.br\/wp-content\/uploads\/2024\/04\/WhatsApp-Image-2024-04-23-at-13.25.25.jpeg\" alt=\"\" width=\"800\" height=\"533\" srcset=\"https:\/\/lackman.com.br\/wp-content\/uploads\/2024\/04\/WhatsApp-Image-2024-04-23-at-13.25.25.jpeg 800w, https:\/\/lackman.com.br\/wp-content\/uploads\/2024\/04\/WhatsApp-Image-2024-04-23-at-13.25.25-300x200.jpeg 300w, https:\/\/lackman.com.br\/wp-content\/uploads\/2024\/04\/WhatsApp-Image-2024-04-23-at-13.25.25-768x512.jpeg 768w\" sizes=\"(max-width: 800px) 100vw, 800px\" \/><figcaption id=\"caption-attachment-6799\" class=\"wp-caption-text\">Vin\u00edcola Bras\u00edlia, fruto da uni\u00e3o dessas dez fam\u00edlias \/ Foto: Alberto Cury &#8211; Divulga\u00e7\u00e3o<\/figcaption><\/figure>\n<p style=\"text-align: justify\">Falando em nome de todo o grupo, <strong>Rodrigo Sucena<\/strong> da Ecoara conta que a Vin\u00edcola Bras\u00edlia hoje \u00e9 algo muito maior do que todos chegaram a sonhar um dia. \u201c<em>Qualquer um que vier nos visitar vai se sentir muito impactado de estar em uma regi\u00e3o vit\u00edcula onde dez fam\u00edlias est\u00e3o, de fato, empenhadas em desenvolver o enoturismo e principalmente, entregando na ta\u00e7a das pessoas um vinho de qualidade do Cerrado Brasileiro<\/em>\u201d. E como por aqui n\u00f3s temos apenas duas esta\u00e7\u00f5es (uma quente e chuvosa, outra fria e seca), os resultados de produ\u00e7\u00e3o s\u00e3o surpreendentes. \u201c<em>De maio at\u00e9 agosto, a uva tem a condi\u00e7\u00e3o de ter uma matura\u00e7\u00e3o plena e perfeita, com acidez, com uma boa constitui\u00e7\u00e3o de a\u00e7\u00facar para fazer um \u00e1lcool equilibrado e, claro, com potencial de guarda, com complexidade e intensidade<\/em>\u201d, explica.<\/p>\n<p style=\"text-align: justify\"><img loading=\"lazy\" decoding=\"async\" class=\"aligncenter wp-image-6803 size-full\" src=\"http:\/\/lackman.com.br\/wp-content\/uploads\/2024\/04\/20.04-Vinicola-Brasilia-fercoutinho-008.jpg\" alt=\"\" width=\"2048\" height=\"1365\" srcset=\"https:\/\/lackman.com.br\/wp-content\/uploads\/2024\/04\/20.04-Vinicola-Brasilia-fercoutinho-008.jpg 2048w, https:\/\/lackman.com.br\/wp-content\/uploads\/2024\/04\/20.04-Vinicola-Brasilia-fercoutinho-008-300x200.jpg 300w, https:\/\/lackman.com.br\/wp-content\/uploads\/2024\/04\/20.04-Vinicola-Brasilia-fercoutinho-008-1024x683.jpg 1024w, https:\/\/lackman.com.br\/wp-content\/uploads\/2024\/04\/20.04-Vinicola-Brasilia-fercoutinho-008-768x512.jpg 768w, https:\/\/lackman.com.br\/wp-content\/uploads\/2024\/04\/20.04-Vinicola-Brasilia-fercoutinho-008-1536x1024.jpg 1536w\" sizes=\"(max-width: 2048px) 100vw, 2048px\" \/><\/p>\n<p style=\"text-align: justify\"><img loading=\"lazy\" decoding=\"async\" class=\"aligncenter wp-image-6807 size-full\" src=\"http:\/\/lackman.com.br\/wp-content\/uploads\/2024\/04\/20.04-Vinicola-Brasilia-fercoutinho-018.jpg\" alt=\"\" width=\"2048\" height=\"1365\" srcset=\"https:\/\/lackman.com.br\/wp-content\/uploads\/2024\/04\/20.04-Vinicola-Brasilia-fercoutinho-018.jpg 2048w, https:\/\/lackman.com.br\/wp-content\/uploads\/2024\/04\/20.04-Vinicola-Brasilia-fercoutinho-018-300x200.jpg 300w, https:\/\/lackman.com.br\/wp-content\/uploads\/2024\/04\/20.04-Vinicola-Brasilia-fercoutinho-018-1024x683.jpg 1024w, https:\/\/lackman.com.br\/wp-content\/uploads\/2024\/04\/20.04-Vinicola-Brasilia-fercoutinho-018-768x512.jpg 768w, https:\/\/lackman.com.br\/wp-content\/uploads\/2024\/04\/20.04-Vinicola-Brasilia-fercoutinho-018-1536x1024.jpg 1536w\" sizes=\"(max-width: 2048px) 100vw, 2048px\" \/><\/p>\n<p style=\"text-align: justify\">Apesar do neg\u00f3cio ter a Syrah como principal casta tinta, tamb\u00e9m diversifica seu portf\u00f3lio com uvas tipo Malbec, Cabernet Franc, Tempranillo, entre outras. Com consultores e en\u00f3logos renomados, o projeto destaca-se pela <strong>inova\u00e7\u00e3o e colabora\u00e7\u00e3o<\/strong>, contando com uma estrutura f\u00edsica unificada e pr\u00e1ticas sustent\u00e1veis, como conserva\u00e7\u00e3o da \u00e1gua e preserva\u00e7\u00e3o da vegeta\u00e7\u00e3o nativa, em uma \u00e1rea de mais de 1.820 m\u00b2, onde a constru\u00e7\u00e3o da Vin\u00edcola chama a aten\u00e7\u00e3o por sua arquitetura modernista e elegante assinada pelo <strong>Studio AZ e Lazzeri Arquitetos<\/strong><\/p>\n<p style=\"text-align: justify\">Em breve, a <em>Vin\u00edcola Bras\u00edlia<\/em> receber\u00e1 visita\u00e7\u00f5es, degusta\u00e7\u00f5es guiadas e cursos de vinhos. O lan\u00e7amento oficial apresentou cinco novos r\u00f3tulos \u2013 que j\u00e1 podem ser adquiridos no local \u2013, incluindo o renomado Vinho Monumental Syrah, premiado na Avalia\u00e7\u00e3o Nacional de Vinhos de 2023. Destacam-se ainda o Ros\u00e9 <strong>Pilotis<\/strong>, delicado blend de Syrah e Tempranillo e o Sauvignon Blanc <strong>Cobog\u00f3<\/strong>, intenso e arom\u00e1tico, os dois preferidos deste colunista que ficam com <strong>#DICADOGIBA<\/strong>. A sele\u00e7\u00e3o se completa com o Malbec Syrah Croqui, robusto e vers\u00e1til; o Malbec Alvorada, amadurecido em barricas de carvalho; e o Syrah Alvorada, de f\u00e1cil harmoniza\u00e7\u00e3o e maturado em carvalho por 12 meses. Ah! Se por acaso voc\u00ea achar os r\u00f3tulos lindos, eles foram feitos pelo designer <strong>Raffael Inneco<\/strong>, aquele mesmo que arrasa com os produtos maravilhosos da <strong>BSB Memo<\/strong>.<\/p>\n<p><img loading=\"lazy\" decoding=\"async\" class=\"aligncenter wp-image-6805 size-full\" src=\"http:\/\/lackman.com.br\/wp-content\/uploads\/2024\/04\/20.04-Vinicola-Brasilia-fercoutinho-010.jpg\" alt=\"\" width=\"1365\" height=\"2048\" srcset=\"https:\/\/lackman.com.br\/wp-content\/uploads\/2024\/04\/20.04-Vinicola-Brasilia-fercoutinho-010.jpg 1365w, https:\/\/lackman.com.br\/wp-content\/uploads\/2024\/04\/20.04-Vinicola-Brasilia-fercoutinho-010-200x300.jpg 200w, https:\/\/lackman.com.br\/wp-content\/uploads\/2024\/04\/20.04-Vinicola-Brasilia-fercoutinho-010-683x1024.jpg 683w, https:\/\/lackman.com.br\/wp-content\/uploads\/2024\/04\/20.04-Vinicola-Brasilia-fercoutinho-010-768x1152.jpg 768w, https:\/\/lackman.com.br\/wp-content\/uploads\/2024\/04\/20.04-Vinicola-Brasilia-fercoutinho-010-1024x1536.jpg 1024w\" sizes=\"(max-width: 1365px) 100vw, 1365px\" \/><\/p>\n<p style=\"text-align: justify\">\u201c<em>Quando me apresentaram o projeto, eu fiquei meio c\u00e9tico e preocupado com o que seria uma vin\u00edcola aqui no nosso Cerrado por conta do clima<\/em>\u201d, confessou o governador <strong>Ibaneis Rocha<\/strong>, que compareceu ao evento de inaugura\u00e7\u00e3o que reuniu cerca de 300 convidados no \u00faltimo s\u00e1bado (30). Mas quando lhe mostraram melhor a ideia, as t\u00e9cnicas utilizadas, ele empreendeu todos os esfor\u00e7os poss\u00edveis para colaborar com a realiza\u00e7\u00e3o da iniciativa, desenvolvendo assim uma rota de turismo. \u201c<em>Eu tenho certeza de que isso aqui vai ser um sucesso, que vai render excelentes frutos para o Distrito Federal, para a economia, emprego e a renda da nossa cidade<\/em>\u201d, avaliou.<\/p>\n<p style=\"text-align: justify\"><img loading=\"lazy\" decoding=\"async\" class=\"aligncenter wp-image-6810 size-full\" src=\"http:\/\/lackman.com.br\/wp-content\/uploads\/2024\/04\/20.04-Vinicola-Brasilia-fercoutinho-076.jpg\" alt=\"\" width=\"2048\" height=\"1365\" srcset=\"https:\/\/lackman.com.br\/wp-content\/uploads\/2024\/04\/20.04-Vinicola-Brasilia-fercoutinho-076.jpg 2048w, https:\/\/lackman.com.br\/wp-content\/uploads\/2024\/04\/20.04-Vinicola-Brasilia-fercoutinho-076-300x200.jpg 300w, https:\/\/lackman.com.br\/wp-content\/uploads\/2024\/04\/20.04-Vinicola-Brasilia-fercoutinho-076-1024x683.jpg 1024w, https:\/\/lackman.com.br\/wp-content\/uploads\/2024\/04\/20.04-Vinicola-Brasilia-fercoutinho-076-768x512.jpg 768w, https:\/\/lackman.com.br\/wp-content\/uploads\/2024\/04\/20.04-Vinicola-Brasilia-fercoutinho-076-1536x1024.jpg 1536w\" sizes=\"(max-width: 2048px) 100vw, 2048px\" \/><\/p>\n<p style=\"text-align: justify\">Voltando a falar sobre o evento de inaugura\u00e7\u00e3o para convidados, a cerim\u00f4nia conduzida por <strong>Marcelo Pimenta<\/strong> contou com a apresenta\u00e7\u00e3o de m\u00fasicos do <strong>Quarteto Capital<\/strong>, e que embalou a degusta\u00e7\u00e3o dos vinhos da <em>Vin\u00edcola Bras\u00edlia<\/em>, servidos pelos pr\u00f3prios s\u00f3cios, com direito a um <em>buffet<\/em> assinado pela <strong>Sweet Cake<\/strong>. J\u00e1 no dia seguinte (21\/04), a Vin\u00edcola realizou a sua primeira experi\u00eancia para o p\u00fablico, com degusta\u00e7\u00e3o e <em>tour<\/em> pelo espa\u00e7o. Inclusive, <a href=\"https:\/\/www.instagram.com\/reel\/C6BzyyusOL1\/?utm_source=ig_web_copy_link&amp;igsh=MzRlODBiNWFlZA==\"><strong>clique aqui<\/strong><\/a> e assista ao Reels onde voc\u00ea v\u00ea um panorama geral do lugar e da festa de inaugura\u00e7\u00e3o. E claro, confira abaixo, mais cliques by Fernanda Coutinho de quem passou por l\u00e1 e pode participar desse dia hist\u00f3rico, um presente para Bras\u00edlia nos seus 64 anos.<\/p>\n<figure id=\"attachment_6827\" aria-describedby=\"caption-attachment-6827\" style=\"width: 2048px\" class=\"wp-caption aligncenter\"><img loading=\"lazy\" decoding=\"async\" class=\"wp-image-6827 size-full\" src=\"http:\/\/lackman.com.br\/wp-content\/uploads\/2024\/04\/20.04-Vinicola-Brasilia_social-@fercoutinho-053-1.jpg\" alt=\"\" width=\"2048\" height=\"1365\" srcset=\"https:\/\/lackman.com.br\/wp-content\/uploads\/2024\/04\/20.04-Vinicola-Brasilia_social-@fercoutinho-053-1.jpg 2048w, https:\/\/lackman.com.br\/wp-content\/uploads\/2024\/04\/20.04-Vinicola-Brasilia_social-@fercoutinho-053-1-300x200.jpg 300w, https:\/\/lackman.com.br\/wp-content\/uploads\/2024\/04\/20.04-Vinicola-Brasilia_social-@fercoutinho-053-1-1024x683.jpg 1024w, https:\/\/lackman.com.br\/wp-content\/uploads\/2024\/04\/20.04-Vinicola-Brasilia_social-@fercoutinho-053-1-768x512.jpg 768w, https:\/\/lackman.com.br\/wp-content\/uploads\/2024\/04\/20.04-Vinicola-Brasilia_social-@fercoutinho-053-1-1536x1024.jpg 1536w\" sizes=\"(max-width: 2048px) 100vw, 2048px\" \/><figcaption id=\"caption-attachment-6827\" class=\"wp-caption-text\">Rafael, Cris, Isabella e Jaco Paulo Bonato<\/figcaption><\/figure>\n<figure id=\"attachment_6826\" aria-describedby=\"caption-attachment-6826\" style=\"width: 2048px\" class=\"wp-caption aligncenter\"><img loading=\"lazy\" decoding=\"async\" class=\"wp-image-6826 size-full\" src=\"http:\/\/lackman.com.br\/wp-content\/uploads\/2024\/04\/20.04-Vinicola-Brasilia_social-@fercoutinho-009.jpg\" alt=\"\" width=\"2048\" height=\"1365\" srcset=\"https:\/\/lackman.com.br\/wp-content\/uploads\/2024\/04\/20.04-Vinicola-Brasilia_social-@fercoutinho-009.jpg 2048w, https:\/\/lackman.com.br\/wp-content\/uploads\/2024\/04\/20.04-Vinicola-Brasilia_social-@fercoutinho-009-300x200.jpg 300w, https:\/\/lackman.com.br\/wp-content\/uploads\/2024\/04\/20.04-Vinicola-Brasilia_social-@fercoutinho-009-1024x683.jpg 1024w, https:\/\/lackman.com.br\/wp-content\/uploads\/2024\/04\/20.04-Vinicola-Brasilia_social-@fercoutinho-009-768x512.jpg 768w, https:\/\/lackman.com.br\/wp-content\/uploads\/2024\/04\/20.04-Vinicola-Brasilia_social-@fercoutinho-009-1536x1024.jpg 1536w\" sizes=\"(max-width: 2048px) 100vw, 2048px\" \/><figcaption id=\"caption-attachment-6826\" class=\"wp-caption-text\">S\u00e9rgio Pires, Alessandra Mendon\u00e7a e Rodrigo Sucena<\/figcaption><\/figure>\n<figure id=\"attachment_6828\" aria-describedby=\"caption-attachment-6828\" style=\"width: 2048px\" class=\"wp-caption aligncenter\"><img loading=\"lazy\" decoding=\"async\" class=\"wp-image-6828 size-full\" src=\"http:\/\/lackman.com.br\/wp-content\/uploads\/2024\/04\/20.04-Vinicola-Brasilia_social-@fercoutinho-025-1.jpg\" alt=\"\" width=\"2048\" height=\"1365\" srcset=\"https:\/\/lackman.com.br\/wp-content\/uploads\/2024\/04\/20.04-Vinicola-Brasilia_social-@fercoutinho-025-1.jpg 2048w, https:\/\/lackman.com.br\/wp-content\/uploads\/2024\/04\/20.04-Vinicola-Brasilia_social-@fercoutinho-025-1-300x200.jpg 300w, https:\/\/lackman.com.br\/wp-content\/uploads\/2024\/04\/20.04-Vinicola-Brasilia_social-@fercoutinho-025-1-1024x683.jpg 1024w, https:\/\/lackman.com.br\/wp-content\/uploads\/2024\/04\/20.04-Vinicola-Brasilia_social-@fercoutinho-025-1-768x512.jpg 768w, https:\/\/lackman.com.br\/wp-content\/uploads\/2024\/04\/20.04-Vinicola-Brasilia_social-@fercoutinho-025-1-1536x1024.jpg 1536w\" sizes=\"(max-width: 2048px) 100vw, 2048px\" \/><figcaption id=\"caption-attachment-6828\" class=\"wp-caption-text\">Juscelino Pereira e Renata Russo Pereira<\/figcaption><\/figure>\n<p><img loading=\"lazy\" decoding=\"async\" class=\"aligncenter wp-image-6829 size-full\" style=\"font-style: inherit;font-weight: 600\" src=\"http:\/\/lackman.com.br\/wp-content\/uploads\/2024\/04\/20.04-Vinicola-Brasilia_social-@fercoutinho-044-1.jpg\" alt=\"\" width=\"2048\" height=\"1365\" srcset=\"https:\/\/lackman.com.br\/wp-content\/uploads\/2024\/04\/20.04-Vinicola-Brasilia_social-@fercoutinho-044-1.jpg 2048w, https:\/\/lackman.com.br\/wp-content\/uploads\/2024\/04\/20.04-Vinicola-Brasilia_social-@fercoutinho-044-1-300x200.jpg 300w, https:\/\/lackman.com.br\/wp-content\/uploads\/2024\/04\/20.04-Vinicola-Brasilia_social-@fercoutinho-044-1-1024x683.jpg 1024w, https:\/\/lackman.com.br\/wp-content\/uploads\/2024\/04\/20.04-Vinicola-Brasilia_social-@fercoutinho-044-1-768x512.jpg 768w, https:\/\/lackman.com.br\/wp-content\/uploads\/2024\/04\/20.04-Vinicola-Brasilia_social-@fercoutinho-044-1-1536x1024.jpg 1536w\" sizes=\"(max-width: 2048px) 100vw, 2048px\" \/><\/p>\n<p style=\"text-align: center\">Ana Triacca, Ronaldo Triacca Sergio Lima e Sandra Cenci<\/p>\n<figure id=\"attachment_6814\" aria-describedby=\"caption-attachment-6814\" style=\"width: 1365px\" class=\"wp-caption aligncenter\"><img loading=\"lazy\" decoding=\"async\" class=\"wp-image-6814 size-full\" src=\"http:\/\/lackman.com.br\/wp-content\/uploads\/2024\/04\/20.04-Vinicola-Brasilia_social-fercoutinho-007.jpg\" alt=\"\" width=\"1365\" height=\"2048\" srcset=\"https:\/\/lackman.com.br\/wp-content\/uploads\/2024\/04\/20.04-Vinicola-Brasilia_social-fercoutinho-007.jpg 1365w, https:\/\/lackman.com.br\/wp-content\/uploads\/2024\/04\/20.04-Vinicola-Brasilia_social-fercoutinho-007-200x300.jpg 200w, https:\/\/lackman.com.br\/wp-content\/uploads\/2024\/04\/20.04-Vinicola-Brasilia_social-fercoutinho-007-683x1024.jpg 683w, https:\/\/lackman.com.br\/wp-content\/uploads\/2024\/04\/20.04-Vinicola-Brasilia_social-fercoutinho-007-768x1152.jpg 768w, https:\/\/lackman.com.br\/wp-content\/uploads\/2024\/04\/20.04-Vinicola-Brasilia_social-fercoutinho-007-1024x1536.jpg 1024w\" sizes=\"(max-width: 1365px) 100vw, 1365px\" \/><figcaption id=\"caption-attachment-6814\" class=\"wp-caption-text\">Ticiana Werner e Adriana Nasser<\/figcaption><\/figure>\n<figure id=\"attachment_6831\" aria-describedby=\"caption-attachment-6831\" style=\"width: 2048px\" class=\"wp-caption aligncenter\"><img loading=\"lazy\" decoding=\"async\" class=\"wp-image-6831 size-full\" src=\"http:\/\/lackman.com.br\/wp-content\/uploads\/2024\/04\/20.04-Vinicola-Brasilia_social-@fercoutinho-042-1.jpg\" alt=\"\" width=\"2048\" height=\"1365\" srcset=\"https:\/\/lackman.com.br\/wp-content\/uploads\/2024\/04\/20.04-Vinicola-Brasilia_social-@fercoutinho-042-1.jpg 2048w, https:\/\/lackman.com.br\/wp-content\/uploads\/2024\/04\/20.04-Vinicola-Brasilia_social-@fercoutinho-042-1-300x200.jpg 300w, https:\/\/lackman.com.br\/wp-content\/uploads\/2024\/04\/20.04-Vinicola-Brasilia_social-@fercoutinho-042-1-1024x683.jpg 1024w, https:\/\/lackman.com.br\/wp-content\/uploads\/2024\/04\/20.04-Vinicola-Brasilia_social-@fercoutinho-042-1-768x512.jpg 768w, https:\/\/lackman.com.br\/wp-content\/uploads\/2024\/04\/20.04-Vinicola-Brasilia_social-@fercoutinho-042-1-1536x1024.jpg 1536w\" sizes=\"(max-width: 2048px) 100vw, 2048px\" \/><figcaption id=\"caption-attachment-6831\" class=\"wp-caption-text\">Maria Eugenia Brasil e Liana Alagemovits<\/figcaption><\/figure>\n<figure id=\"attachment_6832\" aria-describedby=\"caption-attachment-6832\" style=\"width: 2048px\" class=\"wp-caption aligncenter\"><img loading=\"lazy\" decoding=\"async\" class=\"wp-image-6832 size-full\" src=\"http:\/\/lackman.com.br\/wp-content\/uploads\/2024\/04\/20.04-Vinicola-Brasilia_social-@fercoutinho-003-1.jpg\" alt=\"\" width=\"2048\" height=\"1365\" srcset=\"https:\/\/lackman.com.br\/wp-content\/uploads\/2024\/04\/20.04-Vinicola-Brasilia_social-@fercoutinho-003-1.jpg 2048w, https:\/\/lackman.com.br\/wp-content\/uploads\/2024\/04\/20.04-Vinicola-Brasilia_social-@fercoutinho-003-1-300x200.jpg 300w, https:\/\/lackman.com.br\/wp-content\/uploads\/2024\/04\/20.04-Vinicola-Brasilia_social-@fercoutinho-003-1-1024x683.jpg 1024w, https:\/\/lackman.com.br\/wp-content\/uploads\/2024\/04\/20.04-Vinicola-Brasilia_social-@fercoutinho-003-1-768x512.jpg 768w, https:\/\/lackman.com.br\/wp-content\/uploads\/2024\/04\/20.04-Vinicola-Brasilia_social-@fercoutinho-003-1-1536x1024.jpg 1536w\" sizes=\"(max-width: 2048px) 100vw, 2048px\" \/><figcaption id=\"caption-attachment-6832\" class=\"wp-caption-text\">Anderson Schmitz, Su Maestri e Ademir Cenci<\/figcaption><\/figure>\n<figure id=\"attachment_6833\" aria-describedby=\"caption-attachment-6833\" style=\"width: 2048px\" class=\"wp-caption aligncenter\"><img loading=\"lazy\" decoding=\"async\" class=\"wp-image-6833 size-full\" src=\"http:\/\/lackman.com.br\/wp-content\/uploads\/2024\/04\/20.04-Vinicola-Brasilia_social-@fercoutinho-014-1.jpg\" alt=\"\" width=\"2048\" height=\"1365\" srcset=\"https:\/\/lackman.com.br\/wp-content\/uploads\/2024\/04\/20.04-Vinicola-Brasilia_social-@fercoutinho-014-1.jpg 2048w, https:\/\/lackman.com.br\/wp-content\/uploads\/2024\/04\/20.04-Vinicola-Brasilia_social-@fercoutinho-014-1-300x200.jpg 300w, https:\/\/lackman.com.br\/wp-content\/uploads\/2024\/04\/20.04-Vinicola-Brasilia_social-@fercoutinho-014-1-1024x683.jpg 1024w, https:\/\/lackman.com.br\/wp-content\/uploads\/2024\/04\/20.04-Vinicola-Brasilia_social-@fercoutinho-014-1-768x512.jpg 768w, https:\/\/lackman.com.br\/wp-content\/uploads\/2024\/04\/20.04-Vinicola-Brasilia_social-@fercoutinho-014-1-1536x1024.jpg 1536w\" sizes=\"(max-width: 2048px) 100vw, 2048px\" \/><figcaption id=\"caption-attachment-6833\" class=\"wp-caption-text\">Ebert Araujo, Vanessa Mendon\u00e7a e Mariana Melendez<\/figcaption><\/figure>\n<figure id=\"attachment_6834\" aria-describedby=\"caption-attachment-6834\" style=\"width: 2048px\" class=\"wp-caption aligncenter\"><img loading=\"lazy\" decoding=\"async\" class=\"wp-image-6834 size-full\" src=\"http:\/\/lackman.com.br\/wp-content\/uploads\/2024\/04\/20.04-Vinicola-Brasilia_social-@fercoutinho-018-1.jpg\" alt=\"\" width=\"2048\" height=\"1365\" srcset=\"https:\/\/lackman.com.br\/wp-content\/uploads\/2024\/04\/20.04-Vinicola-Brasilia_social-@fercoutinho-018-1.jpg 2048w, https:\/\/lackman.com.br\/wp-content\/uploads\/2024\/04\/20.04-Vinicola-Brasilia_social-@fercoutinho-018-1-300x200.jpg 300w, https:\/\/lackman.com.br\/wp-content\/uploads\/2024\/04\/20.04-Vinicola-Brasilia_social-@fercoutinho-018-1-1024x683.jpg 1024w, https:\/\/lackman.com.br\/wp-content\/uploads\/2024\/04\/20.04-Vinicola-Brasilia_social-@fercoutinho-018-1-768x512.jpg 768w, https:\/\/lackman.com.br\/wp-content\/uploads\/2024\/04\/20.04-Vinicola-Brasilia_social-@fercoutinho-018-1-1536x1024.jpg 1536w\" sizes=\"(max-width: 2048px) 100vw, 2048px\" \/><figcaption id=\"caption-attachment-6834\" class=\"wp-caption-text\">Jaqueline Ribeiro, Luiz Eduardo Barbosa e Cl\u00e1udio Abrantes<\/figcaption><\/figure>\n<figure id=\"attachment_6835\" aria-describedby=\"caption-attachment-6835\" style=\"width: 1365px\" class=\"wp-caption aligncenter\"><img loading=\"lazy\" decoding=\"async\" class=\"wp-image-6835 size-full\" src=\"http:\/\/lackman.com.br\/wp-content\/uploads\/2024\/04\/20.04-Vinicola-Brasilia_social-@fercoutinho-038.jpg\" alt=\"\" width=\"1365\" height=\"2048\" srcset=\"https:\/\/lackman.com.br\/wp-content\/uploads\/2024\/04\/20.04-Vinicola-Brasilia_social-@fercoutinho-038.jpg 1365w, https:\/\/lackman.com.br\/wp-content\/uploads\/2024\/04\/20.04-Vinicola-Brasilia_social-@fercoutinho-038-200x300.jpg 200w, https:\/\/lackman.com.br\/wp-content\/uploads\/2024\/04\/20.04-Vinicola-Brasilia_social-@fercoutinho-038-683x1024.jpg 683w, https:\/\/lackman.com.br\/wp-content\/uploads\/2024\/04\/20.04-Vinicola-Brasilia_social-@fercoutinho-038-768x1152.jpg 768w, https:\/\/lackman.com.br\/wp-content\/uploads\/2024\/04\/20.04-Vinicola-Brasilia_social-@fercoutinho-038-1024x1536.jpg 1024w\" sizes=\"(max-width: 1365px) 100vw, 1365px\" \/><figcaption id=\"caption-attachment-6835\" class=\"wp-caption-text\">Jaco Paulo Bonato e Kenia Gengnagel<\/figcaption><\/figure>\n<figure id=\"attachment_6836\" aria-describedby=\"caption-attachment-6836\" style=\"width: 2048px\" class=\"wp-caption aligncenter\"><img loading=\"lazy\" decoding=\"async\" class=\"wp-image-6836 size-full\" src=\"http:\/\/lackman.com.br\/wp-content\/uploads\/2024\/04\/20.04-Vinicola-Brasilia_social-@fercoutinho-040-1.jpg\" alt=\"\" width=\"2048\" height=\"1365\" srcset=\"https:\/\/lackman.com.br\/wp-content\/uploads\/2024\/04\/20.04-Vinicola-Brasilia_social-@fercoutinho-040-1.jpg 2048w, https:\/\/lackman.com.br\/wp-content\/uploads\/2024\/04\/20.04-Vinicola-Brasilia_social-@fercoutinho-040-1-300x200.jpg 300w, https:\/\/lackman.com.br\/wp-content\/uploads\/2024\/04\/20.04-Vinicola-Brasilia_social-@fercoutinho-040-1-1024x683.jpg 1024w, https:\/\/lackman.com.br\/wp-content\/uploads\/2024\/04\/20.04-Vinicola-Brasilia_social-@fercoutinho-040-1-768x512.jpg 768w, https:\/\/lackman.com.br\/wp-content\/uploads\/2024\/04\/20.04-Vinicola-Brasilia_social-@fercoutinho-040-1-1536x1024.jpg 1536w\" sizes=\"(max-width: 2048px) 100vw, 2048px\" \/><figcaption id=\"caption-attachment-6836\" class=\"wp-caption-text\">Paulo Henrique Costa e Sec. Gov. Jos\u00e9 Humberto Pires<\/figcaption><\/figure>\n<figure id=\"attachment_6837\" aria-describedby=\"caption-attachment-6837\" style=\"width: 2048px\" class=\"wp-caption aligncenter\"><img loading=\"lazy\" decoding=\"async\" class=\"wp-image-6837 size-full\" src=\"http:\/\/lackman.com.br\/wp-content\/uploads\/2024\/04\/20.04-Vinicola-Brasilia_social-@fercoutinho-044-1-1.jpg\" alt=\"\" width=\"2048\" height=\"1365\" srcset=\"https:\/\/lackman.com.br\/wp-content\/uploads\/2024\/04\/20.04-Vinicola-Brasilia_social-@fercoutinho-044-1-1.jpg 2048w, https:\/\/lackman.com.br\/wp-content\/uploads\/2024\/04\/20.04-Vinicola-Brasilia_social-@fercoutinho-044-1-1-300x200.jpg 300w, https:\/\/lackman.com.br\/wp-content\/uploads\/2024\/04\/20.04-Vinicola-Brasilia_social-@fercoutinho-044-1-1-1024x683.jpg 1024w, https:\/\/lackman.com.br\/wp-content\/uploads\/2024\/04\/20.04-Vinicola-Brasilia_social-@fercoutinho-044-1-1-768x512.jpg 768w, https:\/\/lackman.com.br\/wp-content\/uploads\/2024\/04\/20.04-Vinicola-Brasilia_social-@fercoutinho-044-1-1-1536x1024.jpg 1536w\" sizes=\"(max-width: 2048px) 100vw, 2048px\" \/><figcaption id=\"caption-attachment-6837\" class=\"wp-caption-text\">Ana Triacca, Ronaldo Triacca Sergio Lima e Sandra Cenci<\/figcaption><\/figure>\n<figure id=\"attachment_6811\" aria-describedby=\"caption-attachment-6811\" style=\"width: 1365px\" class=\"wp-caption aligncenter\"><img loading=\"lazy\" decoding=\"async\" class=\"wp-image-6811 size-full\" src=\"http:\/\/lackman.com.br\/wp-content\/uploads\/2024\/04\/20.04-Vinicola-Brasilia-fercoutinho-083.jpg\" alt=\"\" width=\"1365\" height=\"2048\" srcset=\"https:\/\/lackman.com.br\/wp-content\/uploads\/2024\/04\/20.04-Vinicola-Brasilia-fercoutinho-083.jpg 1365w, https:\/\/lackman.com.br\/wp-content\/uploads\/2024\/04\/20.04-Vinicola-Brasilia-fercoutinho-083-200x300.jpg 200w, https:\/\/lackman.com.br\/wp-content\/uploads\/2024\/04\/20.04-Vinicola-Brasilia-fercoutinho-083-683x1024.jpg 683w, https:\/\/lackman.com.br\/wp-content\/uploads\/2024\/04\/20.04-Vinicola-Brasilia-fercoutinho-083-768x1152.jpg 768w, https:\/\/lackman.com.br\/wp-content\/uploads\/2024\/04\/20.04-Vinicola-Brasilia-fercoutinho-083-1024x1536.jpg 1024w\" sizes=\"(max-width: 1365px) 100vw, 1365px\" \/><figcaption id=\"caption-attachment-6811\" class=\"wp-caption-text\">Priscila Mendes e Gilberto Evangelista<\/figcaption><\/figure>\n<p><img loading=\"lazy\" decoding=\"async\" class=\"aligncenter wp-image-6808 size-full\" src=\"http:\/\/lackman.com.br\/wp-content\/uploads\/2024\/04\/20.04-Vinicola-Brasilia-fercoutinho-020.jpg\" alt=\"\" width=\"2048\" height=\"1365\" srcset=\"https:\/\/lackman.com.br\/wp-content\/uploads\/2024\/04\/20.04-Vinicola-Brasilia-fercoutinho-020.jpg 2048w, https:\/\/lackman.com.br\/wp-content\/uploads\/2024\/04\/20.04-Vinicola-Brasilia-fercoutinho-020-300x200.jpg 300w, https:\/\/lackman.com.br\/wp-content\/uploads\/2024\/04\/20.04-Vinicola-Brasilia-fercoutinho-020-1024x683.jpg 1024w, https:\/\/lackman.com.br\/wp-content\/uploads\/2024\/04\/20.04-Vinicola-Brasilia-fercoutinho-020-768x512.jpg 768w, https:\/\/lackman.com.br\/wp-content\/uploads\/2024\/04\/20.04-Vinicola-Brasilia-fercoutinho-020-1536x1024.jpg 1536w\" sizes=\"(max-width: 2048px) 100vw, 2048px\" \/><\/p>\n<p style=\"text-align: justify\"><em><strong>Partiu sair #PERAMBULANDO at\u00e9 l\u00e1?<\/strong><\/em><\/p>\n<p style=\"text-align: justify\"><strong>Vin\u00edcola Bras\u00edlia<\/strong> \/ PAD\/DF, BR-251, KM 07 \/ Siga <a href=\"https:\/\/www.instagram.com\/vinicolabrasilia\/\">@vinicolabrasilia<\/a><\/p>\n<pre style=\"text-align: justify\">Fotos: Fernanda Coutinho \/ Divulga\u00e7\u00e3o<\/pre>\n","protected":false},"excerpt":{"rendered":"<p>O Cerrado tem vinho? Tem sim senhor! Aos 64 anos da capital federal, Bras\u00edlia ganha vin\u00edcola que abre uma nova p\u00e1gina na hist\u00f3ria da regi\u00e3o com rota do vinho e maior est\u00edmulo \u00e0 viticultura &nbsp; O vinho \u00e9 o tipo de bebida que nos leva a sair #PERAMBULANDO pelo mundo em busca de descobertas e experi\u00eancias \u00fanicas, que ficam registradas para sempre na mem\u00f3ria. O melhor de tudo \u00e9 que agora, com a inaugura\u00e7\u00e3o da Vin\u00edcola Bras\u00edlia \u2013 \u00a0que aconteceu no \u00faltimo fim de semana (s\u00e1bado e domingo dias 20 e 21) l\u00e1 no KM 07 da BR-251, o enoturismo e viticultura local se tornam mais vi\u00e1veis para os brasilienses que amam essa bebida dos deuses. \u00c9 isso mesmo, o Cerrado tem cultivo, terroirs com caracter\u00edstica pr\u00f3prias e j\u00e1 produz r\u00f3tulos premiados! Se para voc\u00ea isso \u00e9 uma novidade, ent\u00e3o aproveita para conhecer o quanto antes o local que, sem exageros, ficou lindo e, mais do que isso, traz uma estrutura completa, com equipamentos e tecnologia de primeiro mundo. Inclusive, vale destacar que, a iniciativa nasceu da vontade de 10 vinhedos ali daquela regi\u00e3o (que conta com cerca de 50 produtores), que decidiram unir suas expertises e pr\u00e1ticas sustent\u00e1veis para revolucionar o mercado de vinhos finos. S\u00e3o eles: Casa Vitor, Ercoara, Horus, Marchese, Miro, Monte Alvor, Oma Sena, Alto Cerrado, Villa Triacca e Vista da Mata. Falando em nome de todo o grupo, Rodrigo Sucena da Ecoara conta que a Vin\u00edcola Bras\u00edlia hoje \u00e9 algo muito maior do que todos chegaram a sonhar um dia. \u201cQualquer um que vier nos visitar vai se sentir muito impactado de estar em uma regi\u00e3o vit\u00edcula onde dez fam\u00edlias est\u00e3o, de fato, empenhadas em desenvolver o enoturismo e principalmente, entregando na ta\u00e7a das pessoas um vinho de qualidade do Cerrado Brasileiro\u201d. E como por aqui n\u00f3s temos apenas duas esta\u00e7\u00f5es (uma quente e chuvosa, outra fria e seca), os resultados de produ\u00e7\u00e3o s\u00e3o surpreendentes. \u201cDe maio at\u00e9 agosto, a uva tem a condi\u00e7\u00e3o de ter uma matura\u00e7\u00e3o plena e perfeita, com acidez, com uma boa constitui\u00e7\u00e3o de a\u00e7\u00facar para fazer um \u00e1lcool equilibrado e, claro, com potencial de guarda, com complexidade e intensidade\u201d, explica. Apesar do neg\u00f3cio ter a Syrah como principal casta tinta, tamb\u00e9m diversifica seu portf\u00f3lio com uvas tipo Malbec, Cabernet Franc, Tempranillo, entre outras. Com consultores e en\u00f3logos renomados, o projeto destaca-se pela inova\u00e7\u00e3o e colabora\u00e7\u00e3o, contando com uma estrutura f\u00edsica unificada e pr\u00e1ticas sustent\u00e1veis, como conserva\u00e7\u00e3o da \u00e1gua e preserva\u00e7\u00e3o da vegeta\u00e7\u00e3o nativa, em uma \u00e1rea de mais de 1.820 m\u00b2, onde a constru\u00e7\u00e3o da Vin\u00edcola chama a aten\u00e7\u00e3o por sua arquitetura modernista e elegante assinada pelo Studio AZ e Lazzeri Arquitetos Em breve, a Vin\u00edcola Bras\u00edlia receber\u00e1 visita\u00e7\u00f5es, degusta\u00e7\u00f5es guiadas e cursos de vinhos. O lan\u00e7amento oficial apresentou cinco novos r\u00f3tulos \u2013 que j\u00e1 podem ser adquiridos no local \u2013, incluindo o renomado Vinho Monumental Syrah, premiado na Avalia\u00e7\u00e3o Nacional de Vinhos de 2023. Destacam-se ainda o Ros\u00e9 Pilotis, delicado blend de Syrah e Tempranillo e o Sauvignon Blanc Cobog\u00f3, intenso e arom\u00e1tico, os dois preferidos deste colunista que ficam com #DICADOGIBA. A sele\u00e7\u00e3o se completa com o Malbec Syrah Croqui, robusto e vers\u00e1til; o Malbec Alvorada, amadurecido em barricas de carvalho; e o Syrah Alvorada, de f\u00e1cil harmoniza\u00e7\u00e3o e maturado em carvalho por 12 meses. Ah! Se por acaso voc\u00ea achar os r\u00f3tulos lindos, eles foram feitos pelo designer Raffael Inneco, aquele mesmo que arrasa com os produtos maravilhosos da BSB Memo. \u201cQuando me apresentaram o projeto, eu fiquei meio c\u00e9tico e preocupado com o que seria uma vin\u00edcola aqui no nosso Cerrado por conta do clima\u201d, confessou o governador Ibaneis Rocha, que compareceu ao evento de inaugura\u00e7\u00e3o que reuniu cerca de 300 convidados no \u00faltimo s\u00e1bado (30). Mas quando lhe mostraram melhor a ideia, as t\u00e9cnicas utilizadas, ele empreendeu todos os esfor\u00e7os poss\u00edveis para colaborar com a realiza\u00e7\u00e3o da iniciativa, desenvolvendo assim uma rota de turismo. \u201cEu tenho certeza de que isso aqui vai ser um sucesso, que vai render excelentes frutos para o Distrito Federal, para a economia, emprego e a renda da nossa cidade\u201d, avaliou. Voltando a falar sobre o evento de inaugura\u00e7\u00e3o para convidados, a cerim\u00f4nia conduzida por Marcelo Pimenta contou com a apresenta\u00e7\u00e3o de m\u00fasicos do Quarteto Capital, e que embalou a degusta\u00e7\u00e3o dos vinhos da Vin\u00edcola Bras\u00edlia, servidos pelos pr\u00f3prios s\u00f3cios, com direito a um buffet assinado pela Sweet Cake. J\u00e1 no dia seguinte (21\/04), a Vin\u00edcola realizou a sua primeira experi\u00eancia para o p\u00fablico, com degusta\u00e7\u00e3o e tour pelo espa\u00e7o. Inclusive, clique aqui e assista ao Reels onde voc\u00ea v\u00ea um panorama geral do lugar e da festa de inaugura\u00e7\u00e3o. E claro, confira abaixo, mais cliques by Fernanda Coutinho de quem passou por l\u00e1 e pode participar desse dia hist\u00f3rico, um presente para Bras\u00edlia nos seus 64 anos. Ana Triacca, Ronaldo Triacca Sergio Lima e Sandra Cenci Partiu sair #PERAMBULANDO at\u00e9 l\u00e1? Vin\u00edcola Bras\u00edlia \/ PAD\/DF, BR-251, KM 07 \/ Siga @vinicolabrasilia Fotos: Fernanda Coutinho \/ Divulga\u00e7\u00e3o<\/p>\n","protected":false},"author":6,"featured_media":6804,"comment_status":"closed","ping_status":"open","sticky":false,"template":"","format":"standard","meta":{"site-sidebar-layout":"default","site-content-layout":"","ast-site-content-layout":"default","site-content-style":"default","site-sidebar-style":"default","ast-global-header-display":"","ast-banner-title-visibility":"","ast-main-header-display":"","ast-hfb-above-header-display":"","ast-hfb-below-header-display":"","ast-hfb-mobile-header-display":"","site-post-title":"","ast-breadcrumbs-content":"","ast-featured-img":"","footer-sml-layout":"","ast-disable-related-posts":"","theme-transparent-header-meta":"default","adv-header-id-meta":"","stick-header-meta":"","header-above-stick-meta":"","header-main-stick-meta":"","header-below-stick-meta":"","astra-migrate-meta-layouts":"set","ast-page-background-enabled":"default","ast-page-background-meta":{"desktop":{"background-color":"","background-image":"","background-repeat":"repeat","background-position":"center center","background-size":"auto","background-attachment":"scroll","background-type":"","background-media":"","overlay-type":"","overlay-color":"","overlay-opacity":"","overlay-gradient":""},"tablet":{"background-color":"","background-image":"","background-repeat":"repeat","background-position":"center center","background-size":"auto","background-attachment":"scroll","background-type":"","background-media":"","overlay-type":"","overlay-color":"","overlay-opacity":"","overlay-gradient":""},"mobile":{"background-color":"","background-image":"","background-repeat":"repeat","background-position":"center center","background-size":"auto","background-attachment":"scroll","background-type":"","background-media":"","overlay-type":"","overlay-color":"","overlay-opacity":"","overlay-gradient":""}},"ast-content-background-meta":{"desktop":{"background-color":"var(--ast-global-color-5)","background-image":"","background-repeat":"repeat","background-position":"center center","background-size":"auto","background-attachment":"scroll","background-type":"","background-media":"","overlay-type":"","overlay-color":"","overlay-opacity":"","overlay-gradient":""},"tablet":{"background-color":"var(--ast-global-color-5)","background-image":"","background-repeat":"repeat","background-position":"center center","background-size":"auto","background-attachment":"scroll","background-type":"","background-media":"","overlay-type":"","overlay-color":"","overlay-opacity":"","overlay-gradient":""},"mobile":{"background-color":"var(--ast-global-color-5)","background-image":"","background-repeat":"repeat","background-position":"center center","background-size":"auto","background-attachment":"scroll","background-type":"","background-media":"","overlay-type":"","overlay-color":"","overlay-opacity":"","overlay-gradient":""}},"footnotes":""},"categories":[42,41],"tags":[1127,54,1128,89,1130,380,1126,689,1129,1132,173,691,1125,1131],"class_list":["post-6798","post","type-post","status-publish","format-standard","has-post-thumbnail","hentry","category-gastronomia","category-vida","tag-br-251","tag-brasilia","tag-cerrado","tag-df","tag-enoturismo","tag-inauguracao","tag-pad-df","tag-terroir","tag-turismo","tag-turismo-do-vinho","tag-vinho","tag-vinicola","tag-vinicola-brasilia","tag-viticultura"],"yoast_head":"<!-- This site is optimized with the Yoast SEO plugin v27.0 - https:\/\/yoast.com\/product\/yoast-seo-wordpress\/ -->\n<title>Enoturismo: Vin\u00edcola Bras\u00edlia abre suas portas - LACKMAN &amp; CO.<\/title>\n<meta name=\"robots\" content=\"index, follow, max-snippet:-1, max-image-preview:large, max-video-preview:-1\" \/>\n<link rel=\"canonical\" href=\"https:\/\/lackman.com.br\/index.php\/2024\/04\/23\/o-cerrado-tem-vinho-tem-sim-senhor\/\" \/>\n<meta property=\"og:locale\" content=\"pt_BR\" \/>\n<meta property=\"og:type\" content=\"article\" \/>\n<meta property=\"og:title\" content=\"Enoturismo: Vin\u00edcola Bras\u00edlia abre suas portas - LACKMAN &amp; CO.\" \/>\n<meta property=\"og:description\" content=\"O Cerrado tem vinho? Tem sim senhor! Aos 64 anos da capital federal, Bras\u00edlia ganha vin\u00edcola que abre uma nova p\u00e1gina na hist\u00f3ria da regi\u00e3o com rota do vinho e maior est\u00edmulo \u00e0 viticultura &nbsp; O vinho \u00e9 o tipo de bebida que nos leva a sair #PERAMBULANDO pelo mundo em busca de descobertas e experi\u00eancias \u00fanicas, que ficam registradas para sempre na mem\u00f3ria. O melhor de tudo \u00e9 que agora, com a inaugura\u00e7\u00e3o da Vin\u00edcola Bras\u00edlia \u2013 \u00a0que aconteceu no \u00faltimo fim de semana (s\u00e1bado e domingo dias 20 e 21) l\u00e1 no KM 07 da BR-251, o enoturismo e viticultura local se tornam mais vi\u00e1veis para os brasilienses que amam essa bebida dos deuses. \u00c9 isso mesmo, o Cerrado tem cultivo, terroirs com caracter\u00edstica pr\u00f3prias e j\u00e1 produz r\u00f3tulos premiados! Se para voc\u00ea isso \u00e9 uma novidade, ent\u00e3o aproveita para conhecer o quanto antes o local que, sem exageros, ficou lindo e, mais do que isso, traz uma estrutura completa, com equipamentos e tecnologia de primeiro mundo. Inclusive, vale destacar que, a iniciativa nasceu da vontade de 10 vinhedos ali daquela regi\u00e3o (que conta com cerca de 50 produtores), que decidiram unir suas expertises e pr\u00e1ticas sustent\u00e1veis para revolucionar o mercado de vinhos finos. S\u00e3o eles: Casa Vitor, Ercoara, Horus, Marchese, Miro, Monte Alvor, Oma Sena, Alto Cerrado, Villa Triacca e Vista da Mata. Falando em nome de todo o grupo, Rodrigo Sucena da Ecoara conta que a Vin\u00edcola Bras\u00edlia hoje \u00e9 algo muito maior do que todos chegaram a sonhar um dia. \u201cQualquer um que vier nos visitar vai se sentir muito impactado de estar em uma regi\u00e3o vit\u00edcula onde dez fam\u00edlias est\u00e3o, de fato, empenhadas em desenvolver o enoturismo e principalmente, entregando na ta\u00e7a das pessoas um vinho de qualidade do Cerrado Brasileiro\u201d. E como por aqui n\u00f3s temos apenas duas esta\u00e7\u00f5es (uma quente e chuvosa, outra fria e seca), os resultados de produ\u00e7\u00e3o s\u00e3o surpreendentes. \u201cDe maio at\u00e9 agosto, a uva tem a condi\u00e7\u00e3o de ter uma matura\u00e7\u00e3o plena e perfeita, com acidez, com uma boa constitui\u00e7\u00e3o de a\u00e7\u00facar para fazer um \u00e1lcool equilibrado e, claro, com potencial de guarda, com complexidade e intensidade\u201d, explica. Apesar do neg\u00f3cio ter a Syrah como principal casta tinta, tamb\u00e9m diversifica seu portf\u00f3lio com uvas tipo Malbec, Cabernet Franc, Tempranillo, entre outras. Com consultores e en\u00f3logos renomados, o projeto destaca-se pela inova\u00e7\u00e3o e colabora\u00e7\u00e3o, contando com uma estrutura f\u00edsica unificada e pr\u00e1ticas sustent\u00e1veis, como conserva\u00e7\u00e3o da \u00e1gua e preserva\u00e7\u00e3o da vegeta\u00e7\u00e3o nativa, em uma \u00e1rea de mais de 1.820 m\u00b2, onde a constru\u00e7\u00e3o da Vin\u00edcola chama a aten\u00e7\u00e3o por sua arquitetura modernista e elegante assinada pelo Studio AZ e Lazzeri Arquitetos Em breve, a Vin\u00edcola Bras\u00edlia receber\u00e1 visita\u00e7\u00f5es, degusta\u00e7\u00f5es guiadas e cursos de vinhos. O lan\u00e7amento oficial apresentou cinco novos r\u00f3tulos \u2013 que j\u00e1 podem ser adquiridos no local \u2013, incluindo o renomado Vinho Monumental Syrah, premiado na Avalia\u00e7\u00e3o Nacional de Vinhos de 2023. Destacam-se ainda o Ros\u00e9 Pilotis, delicado blend de Syrah e Tempranillo e o Sauvignon Blanc Cobog\u00f3, intenso e arom\u00e1tico, os dois preferidos deste colunista que ficam com #DICADOGIBA. A sele\u00e7\u00e3o se completa com o Malbec Syrah Croqui, robusto e vers\u00e1til; o Malbec Alvorada, amadurecido em barricas de carvalho; e o Syrah Alvorada, de f\u00e1cil harmoniza\u00e7\u00e3o e maturado em carvalho por 12 meses. Ah! Se por acaso voc\u00ea achar os r\u00f3tulos lindos, eles foram feitos pelo designer Raffael Inneco, aquele mesmo que arrasa com os produtos maravilhosos da BSB Memo. \u201cQuando me apresentaram o projeto, eu fiquei meio c\u00e9tico e preocupado com o que seria uma vin\u00edcola aqui no nosso Cerrado por conta do clima\u201d, confessou o governador Ibaneis Rocha, que compareceu ao evento de inaugura\u00e7\u00e3o que reuniu cerca de 300 convidados no \u00faltimo s\u00e1bado (30). Mas quando lhe mostraram melhor a ideia, as t\u00e9cnicas utilizadas, ele empreendeu todos os esfor\u00e7os poss\u00edveis para colaborar com a realiza\u00e7\u00e3o da iniciativa, desenvolvendo assim uma rota de turismo. \u201cEu tenho certeza de que isso aqui vai ser um sucesso, que vai render excelentes frutos para o Distrito Federal, para a economia, emprego e a renda da nossa cidade\u201d, avaliou. Voltando a falar sobre o evento de inaugura\u00e7\u00e3o para convidados, a cerim\u00f4nia conduzida por Marcelo Pimenta contou com a apresenta\u00e7\u00e3o de m\u00fasicos do Quarteto Capital, e que embalou a degusta\u00e7\u00e3o dos vinhos da Vin\u00edcola Bras\u00edlia, servidos pelos pr\u00f3prios s\u00f3cios, com direito a um buffet assinado pela Sweet Cake. J\u00e1 no dia seguinte (21\/04), a Vin\u00edcola realizou a sua primeira experi\u00eancia para o p\u00fablico, com degusta\u00e7\u00e3o e tour pelo espa\u00e7o. Inclusive, clique aqui e assista ao Reels onde voc\u00ea v\u00ea um panorama geral do lugar e da festa de inaugura\u00e7\u00e3o. E claro, confira abaixo, mais cliques by Fernanda Coutinho de quem passou por l\u00e1 e pode participar desse dia hist\u00f3rico, um presente para Bras\u00edlia nos seus 64 anos. Ana Triacca, Ronaldo Triacca Sergio Lima e Sandra Cenci Partiu sair #PERAMBULANDO at\u00e9 l\u00e1? Vin\u00edcola Bras\u00edlia \/ PAD\/DF, BR-251, KM 07 \/ Siga @vinicolabrasilia Fotos: Fernanda Coutinho \/ Divulga\u00e7\u00e3o\" \/>\n<meta property=\"og:url\" content=\"https:\/\/lackman.com.br\/index.php\/2024\/04\/23\/o-cerrado-tem-vinho-tem-sim-senhor\/\" \/>\n<meta property=\"og:site_name\" content=\"LACKMAN &amp; CO.\" \/>\n<meta property=\"article:published_time\" content=\"2024-04-23T17:31:55+00:00\" \/>\n<meta property=\"article:modified_time\" content=\"2024-04-23T17:57:53+00:00\" \/>\n<meta property=\"og:image\" content=\"http:\/\/lackman.com.br\/wp-content\/uploads\/2024\/04\/20.04-Vinicola-Brasilia-fercoutinho-009.jpg\" \/>\n\t<meta property=\"og:image:width\" content=\"2048\" \/>\n\t<meta property=\"og:image:height\" content=\"1365\" \/>\n\t<meta property=\"og:image:type\" content=\"image\/jpeg\" \/>\n<meta name=\"author\" content=\"Gilberto Evangelista - Colunista\" \/>\n<meta name=\"twitter:card\" content=\"summary_large_image\" \/>\n<meta name=\"twitter:label1\" content=\"Escrito por\" \/>\n\t<meta name=\"twitter:data1\" content=\"Gilberto Evangelista - Colunista\" \/>\n\t<meta name=\"twitter:label2\" content=\"Est. tempo de leitura\" \/>\n\t<meta name=\"twitter:data2\" content=\"10 minutos\" \/>\n<script type=\"application\/ld+json\" class=\"yoast-schema-graph\">{\"@context\":\"https:\/\/schema.org\",\"@graph\":[{\"@type\":\"Article\",\"@id\":\"https:\/\/lackman.com.br\/index.php\/2024\/04\/23\/o-cerrado-tem-vinho-tem-sim-senhor\/#article\",\"isPartOf\":{\"@id\":\"https:\/\/lackman.com.br\/index.php\/2024\/04\/23\/o-cerrado-tem-vinho-tem-sim-senhor\/\"},\"author\":{\"name\":\"Gilberto Evangelista - Colunista\",\"@id\":\"https:\/\/lackman.com.br\/#\/schema\/person\/8a2355f699593d21d4f0d25b69db5747\"},\"headline\":\"Enoturismo: Vin\u00edcola Bras\u00edlia abre suas portas\",\"datePublished\":\"2024-04-23T17:31:55+00:00\",\"dateModified\":\"2024-04-23T17:57:53+00:00\",\"mainEntityOfPage\":{\"@id\":\"https:\/\/lackman.com.br\/index.php\/2024\/04\/23\/o-cerrado-tem-vinho-tem-sim-senhor\/\"},\"wordCount\":1091,\"publisher\":{\"@id\":\"https:\/\/lackman.com.br\/#organization\"},\"image\":{\"@id\":\"https:\/\/lackman.com.br\/index.php\/2024\/04\/23\/o-cerrado-tem-vinho-tem-sim-senhor\/#primaryimage\"},\"thumbnailUrl\":\"https:\/\/lackman.com.br\/wp-content\/uploads\/2024\/04\/20.04-Vinicola-Brasilia-fercoutinho-009.jpg\",\"keywords\":[\"BR-251\",\"brasilia\",\"Cerrado\",\"df\",\"enoturismo\",\"inaugura\u00e7\u00e3o\",\"PAD\/DF\",\"terroir\",\"turismo\",\"turismo do vinho\",\"vinho\",\"vin\u00edcola\",\"Vin\u00edcola Bras\u00edlia\",\"viticultura\"],\"articleSection\":[\"Gastr\u00f4\",\"Vida\"],\"inLanguage\":\"pt-BR\"},{\"@type\":\"WebPage\",\"@id\":\"https:\/\/lackman.com.br\/index.php\/2024\/04\/23\/o-cerrado-tem-vinho-tem-sim-senhor\/\",\"url\":\"https:\/\/lackman.com.br\/index.php\/2024\/04\/23\/o-cerrado-tem-vinho-tem-sim-senhor\/\",\"name\":\"Enoturismo: Vin\u00edcola Bras\u00edlia abre suas portas - LACKMAN &amp; CO.\",\"isPartOf\":{\"@id\":\"https:\/\/lackman.com.br\/#website\"},\"primaryImageOfPage\":{\"@id\":\"https:\/\/lackman.com.br\/index.php\/2024\/04\/23\/o-cerrado-tem-vinho-tem-sim-senhor\/#primaryimage\"},\"image\":{\"@id\":\"https:\/\/lackman.com.br\/index.php\/2024\/04\/23\/o-cerrado-tem-vinho-tem-sim-senhor\/#primaryimage\"},\"thumbnailUrl\":\"https:\/\/lackman.com.br\/wp-content\/uploads\/2024\/04\/20.04-Vinicola-Brasilia-fercoutinho-009.jpg\",\"datePublished\":\"2024-04-23T17:31:55+00:00\",\"dateModified\":\"2024-04-23T17:57:53+00:00\",\"breadcrumb\":{\"@id\":\"https:\/\/lackman.com.br\/index.php\/2024\/04\/23\/o-cerrado-tem-vinho-tem-sim-senhor\/#breadcrumb\"},\"inLanguage\":\"pt-BR\",\"potentialAction\":[{\"@type\":\"ReadAction\",\"target\":[\"https:\/\/lackman.com.br\/index.php\/2024\/04\/23\/o-cerrado-tem-vinho-tem-sim-senhor\/\"]}]},{\"@type\":\"ImageObject\",\"inLanguage\":\"pt-BR\",\"@id\":\"https:\/\/lackman.com.br\/index.php\/2024\/04\/23\/o-cerrado-tem-vinho-tem-sim-senhor\/#primaryimage\",\"url\":\"https:\/\/lackman.com.br\/wp-content\/uploads\/2024\/04\/20.04-Vinicola-Brasilia-fercoutinho-009.jpg\",\"contentUrl\":\"https:\/\/lackman.com.br\/wp-content\/uploads\/2024\/04\/20.04-Vinicola-Brasilia-fercoutinho-009.jpg\",\"width\":2048,\"height\":1365},{\"@type\":\"BreadcrumbList\",\"@id\":\"https:\/\/lackman.com.br\/index.php\/2024\/04\/23\/o-cerrado-tem-vinho-tem-sim-senhor\/#breadcrumb\",\"itemListElement\":[{\"@type\":\"ListItem\",\"position\":1,\"name\":\"In\u00edcio\",\"item\":\"https:\/\/lackman.com.br\/\"},{\"@type\":\"ListItem\",\"position\":2,\"name\":\"Enoturismo: Vin\u00edcola Bras\u00edlia abre suas portas\"}]},{\"@type\":\"WebSite\",\"@id\":\"https:\/\/lackman.com.br\/#website\",\"url\":\"https:\/\/lackman.com.br\/\",\"name\":\"LACKMAN &amp; CO.\",\"description\":\"VIDA | MODA | ARTE\",\"publisher\":{\"@id\":\"https:\/\/lackman.com.br\/#organization\"},\"potentialAction\":[{\"@type\":\"SearchAction\",\"target\":{\"@type\":\"EntryPoint\",\"urlTemplate\":\"https:\/\/lackman.com.br\/?s={search_term_string}\"},\"query-input\":{\"@type\":\"PropertyValueSpecification\",\"valueRequired\":true,\"valueName\":\"search_term_string\"}}],\"inLanguage\":\"pt-BR\"},{\"@type\":\"Organization\",\"@id\":\"https:\/\/lackman.com.br\/#organization\",\"name\":\"LACKMAN &amp; CO.\",\"url\":\"https:\/\/lackman.com.br\/\",\"logo\":{\"@type\":\"ImageObject\",\"inLanguage\":\"pt-BR\",\"@id\":\"https:\/\/lackman.com.br\/#\/schema\/logo\/image\/\",\"url\":\"https:\/\/lackman.com.br\/wp-content\/uploads\/2023\/06\/Logotipo_preto-1.png\",\"contentUrl\":\"https:\/\/lackman.com.br\/wp-content\/uploads\/2023\/06\/Logotipo_preto-1.png\",\"width\":739,\"height\":393,\"caption\":\"LACKMAN &amp; CO.\"},\"image\":{\"@id\":\"https:\/\/lackman.com.br\/#\/schema\/logo\/image\/\"}},{\"@type\":\"Person\",\"@id\":\"https:\/\/lackman.com.br\/#\/schema\/person\/8a2355f699593d21d4f0d25b69db5747\",\"name\":\"Gilberto Evangelista - Colunista\",\"image\":{\"@type\":\"ImageObject\",\"inLanguage\":\"pt-BR\",\"@id\":\"https:\/\/lackman.com.br\/#\/schema\/person\/image\/\",\"url\":\"https:\/\/secure.gravatar.com\/avatar\/cea9badf02f8a90f7a745f2cbea45fda61f65711ec015e2faf3809cca6337c28?s=96&d=mm&r=g\",\"contentUrl\":\"https:\/\/secure.gravatar.com\/avatar\/cea9badf02f8a90f7a745f2cbea45fda61f65711ec015e2faf3809cca6337c28?s=96&d=mm&r=g\",\"caption\":\"Gilberto Evangelista - Colunista\"},\"description\":\"Jornalista e globetrotter.\",\"url\":\"https:\/\/lackman.com.br\/index.php\/author\/gilberto-brito\/\"}]}<\/script>\n<!-- \/ Yoast SEO plugin. -->","yoast_head_json":{"title":"Enoturismo: Vin\u00edcola Bras\u00edlia abre suas portas - LACKMAN &amp; CO.","robots":{"index":"index","follow":"follow","max-snippet":"max-snippet:-1","max-image-preview":"max-image-preview:large","max-video-preview":"max-video-preview:-1"},"canonical":"https:\/\/lackman.com.br\/index.php\/2024\/04\/23\/o-cerrado-tem-vinho-tem-sim-senhor\/","og_locale":"pt_BR","og_type":"article","og_title":"Enoturismo: Vin\u00edcola Bras\u00edlia abre suas portas - LACKMAN &amp; CO.","og_description":"O Cerrado tem vinho? Tem sim senhor! Aos 64 anos da capital federal, Bras\u00edlia ganha vin\u00edcola que abre uma nova p\u00e1gina na hist\u00f3ria da regi\u00e3o com rota do vinho e maior est\u00edmulo \u00e0 viticultura &nbsp; O vinho \u00e9 o tipo de bebida que nos leva a sair #PERAMBULANDO pelo mundo em busca de descobertas e experi\u00eancias \u00fanicas, que ficam registradas para sempre na mem\u00f3ria. O melhor de tudo \u00e9 que agora, com a inaugura\u00e7\u00e3o da Vin\u00edcola Bras\u00edlia \u2013 \u00a0que aconteceu no \u00faltimo fim de semana (s\u00e1bado e domingo dias 20 e 21) l\u00e1 no KM 07 da BR-251, o enoturismo e viticultura local se tornam mais vi\u00e1veis para os brasilienses que amam essa bebida dos deuses. \u00c9 isso mesmo, o Cerrado tem cultivo, terroirs com caracter\u00edstica pr\u00f3prias e j\u00e1 produz r\u00f3tulos premiados! Se para voc\u00ea isso \u00e9 uma novidade, ent\u00e3o aproveita para conhecer o quanto antes o local que, sem exageros, ficou lindo e, mais do que isso, traz uma estrutura completa, com equipamentos e tecnologia de primeiro mundo. Inclusive, vale destacar que, a iniciativa nasceu da vontade de 10 vinhedos ali daquela regi\u00e3o (que conta com cerca de 50 produtores), que decidiram unir suas expertises e pr\u00e1ticas sustent\u00e1veis para revolucionar o mercado de vinhos finos. S\u00e3o eles: Casa Vitor, Ercoara, Horus, Marchese, Miro, Monte Alvor, Oma Sena, Alto Cerrado, Villa Triacca e Vista da Mata. Falando em nome de todo o grupo, Rodrigo Sucena da Ecoara conta que a Vin\u00edcola Bras\u00edlia hoje \u00e9 algo muito maior do que todos chegaram a sonhar um dia. \u201cQualquer um que vier nos visitar vai se sentir muito impactado de estar em uma regi\u00e3o vit\u00edcula onde dez fam\u00edlias est\u00e3o, de fato, empenhadas em desenvolver o enoturismo e principalmente, entregando na ta\u00e7a das pessoas um vinho de qualidade do Cerrado Brasileiro\u201d. E como por aqui n\u00f3s temos apenas duas esta\u00e7\u00f5es (uma quente e chuvosa, outra fria e seca), os resultados de produ\u00e7\u00e3o s\u00e3o surpreendentes. \u201cDe maio at\u00e9 agosto, a uva tem a condi\u00e7\u00e3o de ter uma matura\u00e7\u00e3o plena e perfeita, com acidez, com uma boa constitui\u00e7\u00e3o de a\u00e7\u00facar para fazer um \u00e1lcool equilibrado e, claro, com potencial de guarda, com complexidade e intensidade\u201d, explica. Apesar do neg\u00f3cio ter a Syrah como principal casta tinta, tamb\u00e9m diversifica seu portf\u00f3lio com uvas tipo Malbec, Cabernet Franc, Tempranillo, entre outras. Com consultores e en\u00f3logos renomados, o projeto destaca-se pela inova\u00e7\u00e3o e colabora\u00e7\u00e3o, contando com uma estrutura f\u00edsica unificada e pr\u00e1ticas sustent\u00e1veis, como conserva\u00e7\u00e3o da \u00e1gua e preserva\u00e7\u00e3o da vegeta\u00e7\u00e3o nativa, em uma \u00e1rea de mais de 1.820 m\u00b2, onde a constru\u00e7\u00e3o da Vin\u00edcola chama a aten\u00e7\u00e3o por sua arquitetura modernista e elegante assinada pelo Studio AZ e Lazzeri Arquitetos Em breve, a Vin\u00edcola Bras\u00edlia receber\u00e1 visita\u00e7\u00f5es, degusta\u00e7\u00f5es guiadas e cursos de vinhos. O lan\u00e7amento oficial apresentou cinco novos r\u00f3tulos \u2013 que j\u00e1 podem ser adquiridos no local \u2013, incluindo o renomado Vinho Monumental Syrah, premiado na Avalia\u00e7\u00e3o Nacional de Vinhos de 2023. Destacam-se ainda o Ros\u00e9 Pilotis, delicado blend de Syrah e Tempranillo e o Sauvignon Blanc Cobog\u00f3, intenso e arom\u00e1tico, os dois preferidos deste colunista que ficam com #DICADOGIBA. A sele\u00e7\u00e3o se completa com o Malbec Syrah Croqui, robusto e vers\u00e1til; o Malbec Alvorada, amadurecido em barricas de carvalho; e o Syrah Alvorada, de f\u00e1cil harmoniza\u00e7\u00e3o e maturado em carvalho por 12 meses. Ah! Se por acaso voc\u00ea achar os r\u00f3tulos lindos, eles foram feitos pelo designer Raffael Inneco, aquele mesmo que arrasa com os produtos maravilhosos da BSB Memo. \u201cQuando me apresentaram o projeto, eu fiquei meio c\u00e9tico e preocupado com o que seria uma vin\u00edcola aqui no nosso Cerrado por conta do clima\u201d, confessou o governador Ibaneis Rocha, que compareceu ao evento de inaugura\u00e7\u00e3o que reuniu cerca de 300 convidados no \u00faltimo s\u00e1bado (30). Mas quando lhe mostraram melhor a ideia, as t\u00e9cnicas utilizadas, ele empreendeu todos os esfor\u00e7os poss\u00edveis para colaborar com a realiza\u00e7\u00e3o da iniciativa, desenvolvendo assim uma rota de turismo. \u201cEu tenho certeza de que isso aqui vai ser um sucesso, que vai render excelentes frutos para o Distrito Federal, para a economia, emprego e a renda da nossa cidade\u201d, avaliou. Voltando a falar sobre o evento de inaugura\u00e7\u00e3o para convidados, a cerim\u00f4nia conduzida por Marcelo Pimenta contou com a apresenta\u00e7\u00e3o de m\u00fasicos do Quarteto Capital, e que embalou a degusta\u00e7\u00e3o dos vinhos da Vin\u00edcola Bras\u00edlia, servidos pelos pr\u00f3prios s\u00f3cios, com direito a um buffet assinado pela Sweet Cake. J\u00e1 no dia seguinte (21\/04), a Vin\u00edcola realizou a sua primeira experi\u00eancia para o p\u00fablico, com degusta\u00e7\u00e3o e tour pelo espa\u00e7o. Inclusive, clique aqui e assista ao Reels onde voc\u00ea v\u00ea um panorama geral do lugar e da festa de inaugura\u00e7\u00e3o. E claro, confira abaixo, mais cliques by Fernanda Coutinho de quem passou por l\u00e1 e pode participar desse dia hist\u00f3rico, um presente para Bras\u00edlia nos seus 64 anos. Ana Triacca, Ronaldo Triacca Sergio Lima e Sandra Cenci Partiu sair #PERAMBULANDO at\u00e9 l\u00e1? Vin\u00edcola Bras\u00edlia \/ PAD\/DF, BR-251, KM 07 \/ Siga @vinicolabrasilia Fotos: Fernanda Coutinho \/ Divulga\u00e7\u00e3o","og_url":"https:\/\/lackman.com.br\/index.php\/2024\/04\/23\/o-cerrado-tem-vinho-tem-sim-senhor\/","og_site_name":"LACKMAN &amp; CO.","article_published_time":"2024-04-23T17:31:55+00:00","article_modified_time":"2024-04-23T17:57:53+00:00","og_image":[{"width":2048,"height":1365,"url":"http:\/\/lackman.com.br\/wp-content\/uploads\/2024\/04\/20.04-Vinicola-Brasilia-fercoutinho-009.jpg","type":"image\/jpeg"}],"author":"Gilberto Evangelista - Colunista","twitter_card":"summary_large_image","twitter_misc":{"Escrito por":"Gilberto Evangelista - Colunista","Est. tempo de leitura":"10 minutos"},"schema":{"@context":"https:\/\/schema.org","@graph":[{"@type":"Article","@id":"https:\/\/lackman.com.br\/index.php\/2024\/04\/23\/o-cerrado-tem-vinho-tem-sim-senhor\/#article","isPartOf":{"@id":"https:\/\/lackman.com.br\/index.php\/2024\/04\/23\/o-cerrado-tem-vinho-tem-sim-senhor\/"},"author":{"name":"Gilberto Evangelista - Colunista","@id":"https:\/\/lackman.com.br\/#\/schema\/person\/8a2355f699593d21d4f0d25b69db5747"},"headline":"Enoturismo: Vin\u00edcola Bras\u00edlia abre suas portas","datePublished":"2024-04-23T17:31:55+00:00","dateModified":"2024-04-23T17:57:53+00:00","mainEntityOfPage":{"@id":"https:\/\/lackman.com.br\/index.php\/2024\/04\/23\/o-cerrado-tem-vinho-tem-sim-senhor\/"},"wordCount":1091,"publisher":{"@id":"https:\/\/lackman.com.br\/#organization"},"image":{"@id":"https:\/\/lackman.com.br\/index.php\/2024\/04\/23\/o-cerrado-tem-vinho-tem-sim-senhor\/#primaryimage"},"thumbnailUrl":"https:\/\/lackman.com.br\/wp-content\/uploads\/2024\/04\/20.04-Vinicola-Brasilia-fercoutinho-009.jpg","keywords":["BR-251","brasilia","Cerrado","df","enoturismo","inaugura\u00e7\u00e3o","PAD\/DF","terroir","turismo","turismo do vinho","vinho","vin\u00edcola","Vin\u00edcola Bras\u00edlia","viticultura"],"articleSection":["Gastr\u00f4","Vida"],"inLanguage":"pt-BR"},{"@type":"WebPage","@id":"https:\/\/lackman.com.br\/index.php\/2024\/04\/23\/o-cerrado-tem-vinho-tem-sim-senhor\/","url":"https:\/\/lackman.com.br\/index.php\/2024\/04\/23\/o-cerrado-tem-vinho-tem-sim-senhor\/","name":"Enoturismo: Vin\u00edcola Bras\u00edlia abre suas portas - LACKMAN &amp; CO.","isPartOf":{"@id":"https:\/\/lackman.com.br\/#website"},"primaryImageOfPage":{"@id":"https:\/\/lackman.com.br\/index.php\/2024\/04\/23\/o-cerrado-tem-vinho-tem-sim-senhor\/#primaryimage"},"image":{"@id":"https:\/\/lackman.com.br\/index.php\/2024\/04\/23\/o-cerrado-tem-vinho-tem-sim-senhor\/#primaryimage"},"thumbnailUrl":"https:\/\/lackman.com.br\/wp-content\/uploads\/2024\/04\/20.04-Vinicola-Brasilia-fercoutinho-009.jpg","datePublished":"2024-04-23T17:31:55+00:00","dateModified":"2024-04-23T17:57:53+00:00","breadcrumb":{"@id":"https:\/\/lackman.com.br\/index.php\/2024\/04\/23\/o-cerrado-tem-vinho-tem-sim-senhor\/#breadcrumb"},"inLanguage":"pt-BR","potentialAction":[{"@type":"ReadAction","target":["https:\/\/lackman.com.br\/index.php\/2024\/04\/23\/o-cerrado-tem-vinho-tem-sim-senhor\/"]}]},{"@type":"ImageObject","inLanguage":"pt-BR","@id":"https:\/\/lackman.com.br\/index.php\/2024\/04\/23\/o-cerrado-tem-vinho-tem-sim-senhor\/#primaryimage","url":"https:\/\/lackman.com.br\/wp-content\/uploads\/2024\/04\/20.04-Vinicola-Brasilia-fercoutinho-009.jpg","contentUrl":"https:\/\/lackman.com.br\/wp-content\/uploads\/2024\/04\/20.04-Vinicola-Brasilia-fercoutinho-009.jpg","width":2048,"height":1365},{"@type":"BreadcrumbList","@id":"https:\/\/lackman.com.br\/index.php\/2024\/04\/23\/o-cerrado-tem-vinho-tem-sim-senhor\/#breadcrumb","itemListElement":[{"@type":"ListItem","position":1,"name":"In\u00edcio","item":"https:\/\/lackman.com.br\/"},{"@type":"ListItem","position":2,"name":"Enoturismo: Vin\u00edcola Bras\u00edlia abre suas portas"}]},{"@type":"WebSite","@id":"https:\/\/lackman.com.br\/#website","url":"https:\/\/lackman.com.br\/","name":"LACKMAN &amp; CO.","description":"VIDA | MODA | ARTE","publisher":{"@id":"https:\/\/lackman.com.br\/#organization"},"potentialAction":[{"@type":"SearchAction","target":{"@type":"EntryPoint","urlTemplate":"https:\/\/lackman.com.br\/?s={search_term_string}"},"query-input":{"@type":"PropertyValueSpecification","valueRequired":true,"valueName":"search_term_string"}}],"inLanguage":"pt-BR"},{"@type":"Organization","@id":"https:\/\/lackman.com.br\/#organization","name":"LACKMAN &amp; CO.","url":"https:\/\/lackman.com.br\/","logo":{"@type":"ImageObject","inLanguage":"pt-BR","@id":"https:\/\/lackman.com.br\/#\/schema\/logo\/image\/","url":"https:\/\/lackman.com.br\/wp-content\/uploads\/2023\/06\/Logotipo_preto-1.png","contentUrl":"https:\/\/lackman.com.br\/wp-content\/uploads\/2023\/06\/Logotipo_preto-1.png","width":739,"height":393,"caption":"LACKMAN &amp; CO."},"image":{"@id":"https:\/\/lackman.com.br\/#\/schema\/logo\/image\/"}},{"@type":"Person","@id":"https:\/\/lackman.com.br\/#\/schema\/person\/8a2355f699593d21d4f0d25b69db5747","name":"Gilberto Evangelista - Colunista","image":{"@type":"ImageObject","inLanguage":"pt-BR","@id":"https:\/\/lackman.com.br\/#\/schema\/person\/image\/","url":"https:\/\/secure.gravatar.com\/avatar\/cea9badf02f8a90f7a745f2cbea45fda61f65711ec015e2faf3809cca6337c28?s=96&d=mm&r=g","contentUrl":"https:\/\/secure.gravatar.com\/avatar\/cea9badf02f8a90f7a745f2cbea45fda61f65711ec015e2faf3809cca6337c28?s=96&d=mm&r=g","caption":"Gilberto Evangelista - Colunista"},"description":"Jornalista e globetrotter.","url":"https:\/\/lackman.com.br\/index.php\/author\/gilberto-brito\/"}]}},"rttpg_featured_image_url":{"full":["https:\/\/lackman.com.br\/wp-content\/uploads\/2024\/04\/20.04-Vinicola-Brasilia-fercoutinho-009.jpg",2048,1365,false],"landscape":["https:\/\/lackman.com.br\/wp-content\/uploads\/2024\/04\/20.04-Vinicola-Brasilia-fercoutinho-009.jpg",2048,1365,false],"portraits":["https:\/\/lackman.com.br\/wp-content\/uploads\/2024\/04\/20.04-Vinicola-Brasilia-fercoutinho-009.jpg",2048,1365,false],"thumbnail":["https:\/\/lackman.com.br\/wp-content\/uploads\/2024\/04\/20.04-Vinicola-Brasilia-fercoutinho-009-150x150.jpg",150,150,true],"medium":["https:\/\/lackman.com.br\/wp-content\/uploads\/2024\/04\/20.04-Vinicola-Brasilia-fercoutinho-009-300x200.jpg",300,200,true],"large":["https:\/\/lackman.com.br\/wp-content\/uploads\/2024\/04\/20.04-Vinicola-Brasilia-fercoutinho-009-1024x683.jpg",1024,683,true],"RoboGalleryMansoryImagesCenter":["https:\/\/lackman.com.br\/wp-content\/uploads\/2024\/04\/20.04-Vinicola-Brasilia-fercoutinho-009-600x1024.jpg",600,1024,true],"RoboGalleryPreload":["https:\/\/lackman.com.br\/wp-content\/uploads\/2024\/04\/20.04-Vinicola-Brasilia-fercoutinho-009.jpg",100,67,false],"1536x1536":["https:\/\/lackman.com.br\/wp-content\/uploads\/2024\/04\/20.04-Vinicola-Brasilia-fercoutinho-009-1536x1024.jpg",1536,1024,true],"2048x2048":["https:\/\/lackman.com.br\/wp-content\/uploads\/2024\/04\/20.04-Vinicola-Brasilia-fercoutinho-009.jpg",2048,1365,false]},"rttpg_author":{"display_name":"Gilberto Evangelista - Colunista","author_link":"https:\/\/lackman.com.br\/index.php\/author\/gilberto-brito\/"},"rttpg_comment":0,"rttpg_category":"<a href=\"https:\/\/lackman.com.br\/index.php\/category\/vida\/gastronomia\/\" rel=\"category tag\">Gastr\u00f4<\/a> <a href=\"https:\/\/lackman.com.br\/index.php\/category\/vida\/\" rel=\"category tag\">Vida<\/a>","rttpg_excerpt":"O Cerrado tem vinho? Tem sim senhor! Aos 64 anos da capital federal, Bras\u00edlia ganha vin\u00edcola que abre uma nova p\u00e1gina na hist\u00f3ria da regi\u00e3o com rota do vinho e maior est\u00edmulo \u00e0 viticultura &nbsp; O vinho \u00e9 o tipo de bebida que nos leva a sair #PERAMBULANDO pelo mundo em busca de descobertas e&hellip;","_links":{"self":[{"href":"https:\/\/lackman.com.br\/index.php\/wp-json\/wp\/v2\/posts\/6798","targetHints":{"allow":["GET"]}}],"collection":[{"href":"https:\/\/lackman.com.br\/index.php\/wp-json\/wp\/v2\/posts"}],"about":[{"href":"https:\/\/lackman.com.br\/index.php\/wp-json\/wp\/v2\/types\/post"}],"author":[{"embeddable":true,"href":"https:\/\/lackman.com.br\/index.php\/wp-json\/wp\/v2\/users\/6"}],"replies":[{"embeddable":true,"href":"https:\/\/lackman.com.br\/index.php\/wp-json\/wp\/v2\/comments?post=6798"}],"version-history":[{"count":4,"href":"https:\/\/lackman.com.br\/index.php\/wp-json\/wp\/v2\/posts\/6798\/revisions"}],"predecessor-version":[{"id":6846,"href":"https:\/\/lackman.com.br\/index.php\/wp-json\/wp\/v2\/posts\/6798\/revisions\/6846"}],"wp:featuredmedia":[{"embeddable":true,"href":"https:\/\/lackman.com.br\/index.php\/wp-json\/wp\/v2\/media\/6804"}],"wp:attachment":[{"href":"https:\/\/lackman.com.br\/index.php\/wp-json\/wp\/v2\/media?parent=6798"}],"wp:term":[{"taxonomy":"category","embeddable":true,"href":"https:\/\/lackman.com.br\/index.php\/wp-json\/wp\/v2\/categories?post=6798"},{"taxonomy":"post_tag","embeddable":true,"href":"https:\/\/lackman.com.br\/index.php\/wp-json\/wp\/v2\/tags?post=6798"}],"curies":[{"name":"wp","href":"https:\/\/api.w.org\/{rel}","templated":true}]}}