{"id":6656,"date":"2024-04-01T14:13:16","date_gmt":"2024-04-01T17:13:16","guid":{"rendered":"https:\/\/lackman.com.br\/?p=6656"},"modified":"2024-04-01T14:13:16","modified_gmt":"2024-04-01T17:13:16","slug":"a-hora-da-favela-vem-ai-top-cufa-df-2024","status":"publish","type":"post","link":"https:\/\/lackman.com.br\/index.php\/2024\/04\/01\/a-hora-da-favela-vem-ai-top-cufa-df-2024\/","title":{"rendered":"A hora da favela: vem a\u00ed Top Cufa DF 2024"},"content":{"rendered":"<h5 style=\"text-align: justify\"><em>Coquetel de lan\u00e7amento marca o in\u00edcio do concurso de beleza para jovens de favelas e comunidades urbanas<\/em><\/h5>\n<p style=\"text-align: justify\">\n<p style=\"text-align: justify\">Foi dada a partida para mais uma jornada que promete celebrar a diversidade e o talento dos jovens das favelas e comunidades urbanas do Distrito Federal. O coquetel de lan\u00e7amento do <strong>Top Cufa DF 2024<\/strong>, realizado na noite da \u00faltima quarta-feira (27), no <strong>SESI Lab<\/strong>, Museu Interativo, em Bras\u00edlia, movimentou a noite candanga. O evento contou com a presen\u00e7a de autoridades, parceiros e membros da comunidade, que puderam conhecer de perto os detalhes da s\u00e9tima edi\u00e7\u00e3o do <strong>maior concurso de beleza<\/strong> do Centro-Oeste.<\/p>\n<figure id=\"attachment_6663\" aria-describedby=\"caption-attachment-6663\" style=\"width: 1600px\" class=\"wp-caption aligncenter\"><img fetchpriority=\"high\" decoding=\"async\" class=\"wp-image-6663 size-full\" src=\"http:\/\/lackman.com.br\/wp-content\/uploads\/2024\/04\/WhatsApp-Image-2024-04-01-at-1.22.18-PM.jpeg\" alt=\"\" width=\"1600\" height=\"1066\" srcset=\"https:\/\/lackman.com.br\/wp-content\/uploads\/2024\/04\/WhatsApp-Image-2024-04-01-at-1.22.18-PM.jpeg 1600w, https:\/\/lackman.com.br\/wp-content\/uploads\/2024\/04\/WhatsApp-Image-2024-04-01-at-1.22.18-PM-300x200.jpeg 300w, https:\/\/lackman.com.br\/wp-content\/uploads\/2024\/04\/WhatsApp-Image-2024-04-01-at-1.22.18-PM-1024x682.jpeg 1024w, https:\/\/lackman.com.br\/wp-content\/uploads\/2024\/04\/WhatsApp-Image-2024-04-01-at-1.22.18-PM-768x512.jpeg 768w, https:\/\/lackman.com.br\/wp-content\/uploads\/2024\/04\/WhatsApp-Image-2024-04-01-at-1.22.18-PM-1536x1023.jpeg 1536w\" sizes=\"(max-width: 1600px) 100vw, 1600px\" \/><figcaption id=\"caption-attachment-6663\" class=\"wp-caption-text\">Aline Mendes e Bruno Kesseler<\/figcaption><\/figure>\n<figure id=\"attachment_6667\" aria-describedby=\"caption-attachment-6667\" style=\"width: 939px\" class=\"wp-caption aligncenter\"><img decoding=\"async\" class=\"wp-image-6667 size-full\" src=\"http:\/\/lackman.com.br\/wp-content\/uploads\/2024\/04\/WhatsApp-Image-2024-04-01-at-2.02.07-PM.jpeg\" alt=\"\" width=\"939\" height=\"691\" srcset=\"https:\/\/lackman.com.br\/wp-content\/uploads\/2024\/04\/WhatsApp-Image-2024-04-01-at-2.02.07-PM.jpeg 939w, https:\/\/lackman.com.br\/wp-content\/uploads\/2024\/04\/WhatsApp-Image-2024-04-01-at-2.02.07-PM-300x221.jpeg 300w, https:\/\/lackman.com.br\/wp-content\/uploads\/2024\/04\/WhatsApp-Image-2024-04-01-at-2.02.07-PM-768x565.jpeg 768w\" sizes=\"(max-width: 939px) 100vw, 939px\" \/><figcaption id=\"caption-attachment-6667\" class=\"wp-caption-text\">Desfile vencedores edi\u00e7\u00f5es passadas Top Cufa DF<\/figcaption><\/figure>\n<figure id=\"attachment_6664\" aria-describedby=\"caption-attachment-6664\" style=\"width: 1036px\" class=\"wp-caption aligncenter\"><img decoding=\"async\" class=\"wp-image-6664 size-full\" src=\"http:\/\/lackman.com.br\/wp-content\/uploads\/2024\/04\/WhatsApp-Image-2024-04-01-at-1.22.58-PM.jpeg\" alt=\"\" width=\"1036\" height=\"691\" srcset=\"https:\/\/lackman.com.br\/wp-content\/uploads\/2024\/04\/WhatsApp-Image-2024-04-01-at-1.22.58-PM.jpeg 1036w, https:\/\/lackman.com.br\/wp-content\/uploads\/2024\/04\/WhatsApp-Image-2024-04-01-at-1.22.58-PM-300x200.jpeg 300w, https:\/\/lackman.com.br\/wp-content\/uploads\/2024\/04\/WhatsApp-Image-2024-04-01-at-1.22.58-PM-1024x683.jpeg 1024w, https:\/\/lackman.com.br\/wp-content\/uploads\/2024\/04\/WhatsApp-Image-2024-04-01-at-1.22.58-PM-768x512.jpeg 768w\" sizes=\"(max-width: 1036px) 100vw, 1036px\" \/><figcaption id=\"caption-attachment-6664\" class=\"wp-caption-text\">Camila Muguruza, Bruno Kesseler, Fernando Lackman e Patr\u00edcia Nunes<span style=\"font-size: 16px\">\u00a0 \u00a0\u00a0<\/span><\/figcaption><\/figure>\n<p style=\"text-align: justify\">Para o presidente da Cufa DF, <strong>Bruno Kesseler<\/strong>, a iniciativa \u00e9 uma poderosa plataforma de <strong>inclus\u00e3o<\/strong>, que a cada edi\u00e7\u00e3o reafirma seu compromisso com a promo\u00e7\u00e3o da <strong>representatividade e empoderamento<\/strong> das comunidades perif\u00e9ricas. \u201c<em>O Top Cufa \u00e9 um projeto feito, n\u00e3o para plantar sementes, mas sim para semear essas pot\u00eancias que vem de nossas favelas, possibilitando oportunidade nos mais diversos espa\u00e7os, a moda \u00e9 um deles<\/em>\u201d, destacou o presidente.<\/p>\n<p style=\"text-align: justify\">E se voc\u00ea est\u00e1 lendo e pensando que gostaria de viver essa superexperi\u00eancia, aten\u00e7\u00e3o, pois as inscri\u00e7\u00f5es foram <strong>prorrogadas<\/strong> at\u00e9 o dia <strong>4 de abril<\/strong>. Basta clicar <a href=\"https:\/\/topcufadf.com.br\/\"><strong>neste link<\/strong><\/a> aqui. Sobre as premia\u00e7\u00f5es do concurso, elas incluem um curso profissionalizante de modelo, um book completo de fotos, uma viagem a S\u00e3o Paulo para participar do S\u00e3o Paulo Fashion Week e acesso aos shows do Capital Moto Week, resultado de uma parceria firmada h\u00e1 pouco com o evento.<\/p>\n<figure id=\"attachment_6659\" aria-describedby=\"caption-attachment-6659\" style=\"width: 1600px\" class=\"wp-caption aligncenter\"><img loading=\"lazy\" decoding=\"async\" class=\"wp-image-6659 size-full\" src=\"http:\/\/lackman.com.br\/wp-content\/uploads\/2024\/04\/WhatsApp-Image-2024-04-01-at-1.17.43-PM.jpeg\" alt=\"\" width=\"1600\" height=\"1066\" srcset=\"https:\/\/lackman.com.br\/wp-content\/uploads\/2024\/04\/WhatsApp-Image-2024-04-01-at-1.17.43-PM.jpeg 1600w, https:\/\/lackman.com.br\/wp-content\/uploads\/2024\/04\/WhatsApp-Image-2024-04-01-at-1.17.43-PM-300x200.jpeg 300w, https:\/\/lackman.com.br\/wp-content\/uploads\/2024\/04\/WhatsApp-Image-2024-04-01-at-1.17.43-PM-1024x682.jpeg 1024w, https:\/\/lackman.com.br\/wp-content\/uploads\/2024\/04\/WhatsApp-Image-2024-04-01-at-1.17.43-PM-768x512.jpeg 768w, https:\/\/lackman.com.br\/wp-content\/uploads\/2024\/04\/WhatsApp-Image-2024-04-01-at-1.17.43-PM-1536x1023.jpeg 1536w\" sizes=\"(max-width: 1600px) 100vw, 1600px\" \/><figcaption id=\"caption-attachment-6659\" class=\"wp-caption-text\">Isabeh Cec\u00edlia de Siqueira e Noemi Caetano<\/figcaption><\/figure>\n<figure id=\"attachment_6665\" aria-describedby=\"caption-attachment-6665\" style=\"width: 1036px\" class=\"wp-caption aligncenter\"><img loading=\"lazy\" decoding=\"async\" class=\"wp-image-6665 size-full\" src=\"http:\/\/lackman.com.br\/wp-content\/uploads\/2024\/04\/David-Junio-Anderson-Quack-Aline-Mendes-Bruno-Kesseler-e-Daniel-Gomes.jpg\" alt=\"\" width=\"1036\" height=\"691\" srcset=\"https:\/\/lackman.com.br\/wp-content\/uploads\/2024\/04\/David-Junio-Anderson-Quack-Aline-Mendes-Bruno-Kesseler-e-Daniel-Gomes.jpg 1036w, https:\/\/lackman.com.br\/wp-content\/uploads\/2024\/04\/David-Junio-Anderson-Quack-Aline-Mendes-Bruno-Kesseler-e-Daniel-Gomes-300x200.jpg 300w, https:\/\/lackman.com.br\/wp-content\/uploads\/2024\/04\/David-Junio-Anderson-Quack-Aline-Mendes-Bruno-Kesseler-e-Daniel-Gomes-1024x683.jpg 1024w, https:\/\/lackman.com.br\/wp-content\/uploads\/2024\/04\/David-Junio-Anderson-Quack-Aline-Mendes-Bruno-Kesseler-e-Daniel-Gomes-768x512.jpg 768w\" sizes=\"(max-width: 1036px) 100vw, 1036px\" \/><figcaption id=\"caption-attachment-6665\" class=\"wp-caption-text\">David Junio, Anderson Quack, Aline Mendes, Bruno Kesseler e Daniel Gomes<\/figcaption><\/figure>\n<figure id=\"attachment_6660\" aria-describedby=\"caption-attachment-6660\" style=\"width: 1600px\" class=\"wp-caption aligncenter\"><img loading=\"lazy\" decoding=\"async\" class=\"wp-image-6660 size-full\" src=\"http:\/\/lackman.com.br\/wp-content\/uploads\/2024\/04\/WhatsApp-Image-2024-04-01-at-1.17.52-PM.jpeg\" alt=\"\" width=\"1600\" height=\"1066\" srcset=\"https:\/\/lackman.com.br\/wp-content\/uploads\/2024\/04\/WhatsApp-Image-2024-04-01-at-1.17.52-PM.jpeg 1600w, https:\/\/lackman.com.br\/wp-content\/uploads\/2024\/04\/WhatsApp-Image-2024-04-01-at-1.17.52-PM-300x200.jpeg 300w, https:\/\/lackman.com.br\/wp-content\/uploads\/2024\/04\/WhatsApp-Image-2024-04-01-at-1.17.52-PM-1024x682.jpeg 1024w, https:\/\/lackman.com.br\/wp-content\/uploads\/2024\/04\/WhatsApp-Image-2024-04-01-at-1.17.52-PM-768x512.jpeg 768w, https:\/\/lackman.com.br\/wp-content\/uploads\/2024\/04\/WhatsApp-Image-2024-04-01-at-1.17.52-PM-1536x1023.jpeg 1536w\" sizes=\"(max-width: 1600px) 100vw, 1600px\" \/><figcaption id=\"caption-attachment-6660\" class=\"wp-caption-text\">DJ Leo Cabral<\/figcaption><\/figure>\n<figure id=\"attachment_6666\" aria-describedby=\"caption-attachment-6666\" style=\"width: 1036px\" class=\"wp-caption aligncenter\"><img loading=\"lazy\" decoding=\"async\" class=\"wp-image-6666 size-full\" src=\"http:\/\/lackman.com.br\/wp-content\/uploads\/2024\/04\/WhatsApp-Image-2024-04-01-at-2.02.15-PM.jpeg\" alt=\"\" width=\"1036\" height=\"691\" srcset=\"https:\/\/lackman.com.br\/wp-content\/uploads\/2024\/04\/WhatsApp-Image-2024-04-01-at-2.02.15-PM.jpeg 1036w, https:\/\/lackman.com.br\/wp-content\/uploads\/2024\/04\/WhatsApp-Image-2024-04-01-at-2.02.15-PM-300x200.jpeg 300w, https:\/\/lackman.com.br\/wp-content\/uploads\/2024\/04\/WhatsApp-Image-2024-04-01-at-2.02.15-PM-1024x683.jpeg 1024w, https:\/\/lackman.com.br\/wp-content\/uploads\/2024\/04\/WhatsApp-Image-2024-04-01-at-2.02.15-PM-768x512.jpeg 768w\" sizes=\"(max-width: 1036px) 100vw, 1036px\" \/><figcaption id=\"caption-attachment-6666\" class=\"wp-caption-text\">Vencedores de edi\u00e7\u00f5es passadas Top Cufa DF<\/figcaption><\/figure>\n<p style=\"text-align: justify\">\n<p style=\"text-align: justify\"><strong>Etapas do Top Cufa DF 2024<\/strong><\/p>\n<p style=\"text-align: justify\">Os pr\u00f3ximos passos do concurso incluem a primeira seletiva, Workshop de Moda e Segunda Seletiva, sess\u00e3o de fotos em pontos tur\u00edsticos da cidade e grande final do concurso que tamb\u00e9m contar\u00e1 com uma Feira de Empreendedorismo e desfiles do BSB Fashion. Confira abaixo a programa\u00e7\u00e3o completa:<\/p>\n<p style=\"text-align: justify\"><strong>\u00a0Encerramento das inscri\u00e7\u00f5es<\/strong><\/p>\n<ul style=\"text-align: justify\">\n<li>Data: 4 de abril<\/li>\n<li>Inscri\u00e7\u00f5es: <a href=\"https:\/\/topcufadf.com.br\/\">https:\/\/topcufadf.com.br\/<\/a><\/li>\n<\/ul>\n<p style=\"text-align: justify\"><strong>Primeira Seletiva<\/strong><\/p>\n<ul style=\"text-align: justify\">\n<li>Data: 07 de abril (domingo)<\/li>\n<li>Local: (Espa\u00e7o Cultural Renato Russo &#8211; 508 Sul)<\/li>\n<li>Hor\u00e1rio: 09h \u00e0s 12h \u2013 seletiva masculino \/14h \u00e0s 17h \u2013 seletiva feminino<\/li>\n<\/ul>\n<figure id=\"attachment_6661\" aria-describedby=\"caption-attachment-6661\" style=\"width: 1600px\" class=\"wp-caption aligncenter\"><img loading=\"lazy\" decoding=\"async\" class=\"wp-image-6661 size-full\" src=\"http:\/\/lackman.com.br\/wp-content\/uploads\/2024\/04\/WhatsApp-Image-2024-04-01-at-1.18.03-PM.jpeg\" alt=\"\" width=\"1600\" height=\"1066\" srcset=\"https:\/\/lackman.com.br\/wp-content\/uploads\/2024\/04\/WhatsApp-Image-2024-04-01-at-1.18.03-PM.jpeg 1600w, https:\/\/lackman.com.br\/wp-content\/uploads\/2024\/04\/WhatsApp-Image-2024-04-01-at-1.18.03-PM-300x200.jpeg 300w, https:\/\/lackman.com.br\/wp-content\/uploads\/2024\/04\/WhatsApp-Image-2024-04-01-at-1.18.03-PM-1024x682.jpeg 1024w, https:\/\/lackman.com.br\/wp-content\/uploads\/2024\/04\/WhatsApp-Image-2024-04-01-at-1.18.03-PM-768x512.jpeg 768w, https:\/\/lackman.com.br\/wp-content\/uploads\/2024\/04\/WhatsApp-Image-2024-04-01-at-1.18.03-PM-1536x1023.jpeg 1536w\" sizes=\"(max-width: 1600px) 100vw, 1600px\" \/><figcaption id=\"caption-attachment-6661\" class=\"wp-caption-text\">Kedson West e Danilo Santos da Silva<\/figcaption><\/figure>\n<p style=\"text-align: justify\"><strong>Workshop de Moda + segunda seletiva<\/strong><\/p>\n<ul style=\"text-align: justify\">\n<li>Data: 14 de abril<\/li>\n<li>Local: em breve<\/li>\n<li>Hor\u00e1rio: 09h \u00e0s 12h \u2013 workshop masculino \/ 14h \u00e0s 17h \u2013 workshop feminino<\/li>\n<\/ul>\n<p style=\"text-align: justify\"><strong>Sess\u00e3o de fotos<\/strong><\/p>\n<ul style=\"text-align: justify\">\n<li>Data: 20 e 21 de abril<\/li>\n<li>Hor\u00e1rio: das 9h \u00e0s 18h<\/li>\n<li>Local: pontos tur\u00edsticos da periferia<\/li>\n<\/ul>\n<figure id=\"attachment_6662\" aria-describedby=\"caption-attachment-6662\" style=\"width: 1107px\" class=\"wp-caption aligncenter\"><img loading=\"lazy\" decoding=\"async\" class=\"wp-image-6662 size-full\" src=\"http:\/\/lackman.com.br\/wp-content\/uploads\/2024\/04\/WhatsApp-Image-2024-04-01-at-1.18.14-PM.jpeg\" alt=\"\" width=\"1107\" height=\"1600\" srcset=\"https:\/\/lackman.com.br\/wp-content\/uploads\/2024\/04\/WhatsApp-Image-2024-04-01-at-1.18.14-PM.jpeg 1107w, https:\/\/lackman.com.br\/wp-content\/uploads\/2024\/04\/WhatsApp-Image-2024-04-01-at-1.18.14-PM-208x300.jpeg 208w, https:\/\/lackman.com.br\/wp-content\/uploads\/2024\/04\/WhatsApp-Image-2024-04-01-at-1.18.14-PM-708x1024.jpeg 708w, https:\/\/lackman.com.br\/wp-content\/uploads\/2024\/04\/WhatsApp-Image-2024-04-01-at-1.18.14-PM-768x1110.jpeg 768w, https:\/\/lackman.com.br\/wp-content\/uploads\/2024\/04\/WhatsApp-Image-2024-04-01-at-1.18.14-PM-1063x1536.jpeg 1063w\" sizes=\"(max-width: 1107px) 100vw, 1107px\" \/><figcaption id=\"caption-attachment-6662\" class=\"wp-caption-text\">Isabela Lima<\/figcaption><\/figure>\n<p style=\"text-align: justify\"><strong>Final do Concurso + Feira de Empreendedorismo + Desfile BSB Fashion maio<\/strong><\/p>\n<p style=\"text-align: justify\">Dia 04<\/p>\n<ul style=\"text-align: justify\">\n<li>14h as 17h &#8211; Feira e workshops<\/li>\n<li>18h as 23h -Finais Fashion (Feminino e masculino)<\/li>\n<li>Local: ao lado da Biblioteca Nacional<\/li>\n<\/ul>\n<p style=\"text-align: justify\">Dia 05<\/p>\n<ul>\n<li style=\"text-align: justify\">14h as 17h &#8211; Feira e workshops<\/li>\n<li style=\"text-align: justify\">18h as 23h &#8211; Finais Street (Feminino e masculino)<\/li>\n<li style=\"text-align: justify\">Local: ao lado da Biblioteca Nacional<\/li>\n<\/ul>\n<p>&nbsp;<\/p>\n<pre>Fotos: Divulga\u00e7\u00e3o \/ Beatriz Braga<\/pre>\n","protected":false},"excerpt":{"rendered":"<p>Coquetel de lan\u00e7amento marca o in\u00edcio do concurso de beleza para jovens de favelas e comunidades urbanas Foi dada a partida para mais uma jornada que promete celebrar a diversidade e o talento dos jovens das favelas e comunidades urbanas do Distrito Federal. O coquetel de lan\u00e7amento do Top Cufa DF 2024, realizado na noite da \u00faltima quarta-feira (27), no SESI Lab, Museu Interativo, em Bras\u00edlia, movimentou a noite candanga. O evento contou com a presen\u00e7a de autoridades, parceiros e membros da comunidade, que puderam conhecer de perto os detalhes da s\u00e9tima edi\u00e7\u00e3o do maior concurso de beleza do Centro-Oeste. Para o presidente da Cufa DF, Bruno Kesseler, a iniciativa \u00e9 uma poderosa plataforma de inclus\u00e3o, que a cada edi\u00e7\u00e3o reafirma seu compromisso com a promo\u00e7\u00e3o da representatividade e empoderamento das comunidades perif\u00e9ricas. \u201cO Top Cufa \u00e9 um projeto feito, n\u00e3o para plantar sementes, mas sim para semear essas pot\u00eancias que vem de nossas favelas, possibilitando oportunidade nos mais diversos espa\u00e7os, a moda \u00e9 um deles\u201d, destacou o presidente. E se voc\u00ea est\u00e1 lendo e pensando que gostaria de viver essa superexperi\u00eancia, aten\u00e7\u00e3o, pois as inscri\u00e7\u00f5es foram prorrogadas at\u00e9 o dia 4 de abril. Basta clicar neste link aqui. Sobre as premia\u00e7\u00f5es do concurso, elas incluem um curso profissionalizante de modelo, um book completo de fotos, uma viagem a S\u00e3o Paulo para participar do S\u00e3o Paulo Fashion Week e acesso aos shows do Capital Moto Week, resultado de uma parceria firmada h\u00e1 pouco com o evento. Etapas do Top Cufa DF 2024 Os pr\u00f3ximos passos do concurso incluem a primeira seletiva, Workshop de Moda e Segunda Seletiva, sess\u00e3o de fotos em pontos tur\u00edsticos da cidade e grande final do concurso que tamb\u00e9m contar\u00e1 com uma Feira de Empreendedorismo e desfiles do BSB Fashion. Confira abaixo a programa\u00e7\u00e3o completa: \u00a0Encerramento das inscri\u00e7\u00f5es Data: 4 de abril Inscri\u00e7\u00f5es: https:\/\/topcufadf.com.br\/ Primeira Seletiva Data: 07 de abril (domingo) Local: (Espa\u00e7o Cultural Renato Russo &#8211; 508 Sul) Hor\u00e1rio: 09h \u00e0s 12h \u2013 seletiva masculino \/14h \u00e0s 17h \u2013 seletiva feminino Workshop de Moda + segunda seletiva Data: 14 de abril Local: em breve Hor\u00e1rio: 09h \u00e0s 12h \u2013 workshop masculino \/ 14h \u00e0s 17h \u2013 workshop feminino Sess\u00e3o de fotos Data: 20 e 21 de abril Hor\u00e1rio: das 9h \u00e0s 18h Local: pontos tur\u00edsticos da periferia Final do Concurso + Feira de Empreendedorismo + Desfile BSB Fashion maio Dia 04 14h as 17h &#8211; Feira e workshops 18h as 23h -Finais Fashion (Feminino e masculino) Local: ao lado da Biblioteca Nacional Dia 05 14h as 17h &#8211; Feira e workshops 18h as 23h &#8211; Finais Street (Feminino e masculino) Local: ao lado da Biblioteca Nacional &nbsp; Fotos: Divulga\u00e7\u00e3o \/ Beatriz Braga<\/p>\n","protected":false},"author":6,"featured_media":6657,"comment_status":"closed","ping_status":"open","sticky":false,"template":"","format":"standard","meta":{"site-sidebar-layout":"default","site-content-layout":"","ast-site-content-layout":"default","site-content-style":"default","site-sidebar-style":"default","ast-global-header-display":"","ast-banner-title-visibility":"","ast-main-header-display":"","ast-hfb-above-header-display":"","ast-hfb-below-header-display":"","ast-hfb-mobile-header-display":"","site-post-title":"","ast-breadcrumbs-content":"","ast-featured-img":"","footer-sml-layout":"","ast-disable-related-posts":"","theme-transparent-header-meta":"default","adv-header-id-meta":"","stick-header-meta":"","header-above-stick-meta":"","header-main-stick-meta":"","header-below-stick-meta":"","astra-migrate-meta-layouts":"set","ast-page-background-enabled":"default","ast-page-background-meta":{"desktop":{"background-color":"","background-image":"","background-repeat":"repeat","background-position":"center center","background-size":"auto","background-attachment":"scroll","background-type":"","background-media":"","overlay-type":"","overlay-color":"","overlay-opacity":"","overlay-gradient":""},"tablet":{"background-color":"","background-image":"","background-repeat":"repeat","background-position":"center center","background-size":"auto","background-attachment":"scroll","background-type":"","background-media":"","overlay-type":"","overlay-color":"","overlay-opacity":"","overlay-gradient":""},"mobile":{"background-color":"","background-image":"","background-repeat":"repeat","background-position":"center center","background-size":"auto","background-attachment":"scroll","background-type":"","background-media":"","overlay-type":"","overlay-color":"","overlay-opacity":"","overlay-gradient":""}},"ast-content-background-meta":{"desktop":{"background-color":"var(--ast-global-color-5)","background-image":"","background-repeat":"repeat","background-position":"center center","background-size":"auto","background-attachment":"scroll","background-type":"","background-media":"","overlay-type":"","overlay-color":"","overlay-opacity":"","overlay-gradient":""},"tablet":{"background-color":"var(--ast-global-color-5)","background-image":"","background-repeat":"repeat","background-position":"center center","background-size":"auto","background-attachment":"scroll","background-type":"","background-media":"","overlay-type":"","overlay-color":"","overlay-opacity":"","overlay-gradient":""},"mobile":{"background-color":"var(--ast-global-color-5)","background-image":"","background-repeat":"repeat","background-position":"center center","background-size":"auto","background-attachment":"scroll","background-type":"","background-media":"","overlay-type":"","overlay-color":"","overlay-opacity":"","overlay-gradient":""}},"footnotes":""},"categories":[35,38],"tags":[774,1087,54,1083,1082,1080,556,89,1084,1085,59,1081,1086,1079],"class_list":["post-6656","post","type-post","status-publish","format-standard","has-post-thumbnail","hentry","category-moda","category-passarela","tag-beleza","tag-beleza-negra","tag-brasilia","tag-bruno-kesseler","tag-centro-oeste","tag-cufa","tag-desfile","tag-df","tag-fahion","tag-favela","tag-moda","tag-modelos","tag-periferia","tag-top-cufa-df-2024"],"yoast_head":"<!-- This site is optimized with the Yoast SEO plugin v27.0 - https:\/\/yoast.com\/product\/yoast-seo-wordpress\/ -->\n<title>A hora da favela: vem a\u00ed Top Cufa DF 2024 - LACKMAN &amp; CO.<\/title>\n<meta name=\"robots\" content=\"index, follow, max-snippet:-1, max-image-preview:large, max-video-preview:-1\" \/>\n<link rel=\"canonical\" href=\"https:\/\/lackman.com.br\/index.php\/2024\/04\/01\/a-hora-da-favela-vem-ai-top-cufa-df-2024\/\" \/>\n<meta property=\"og:locale\" content=\"pt_BR\" \/>\n<meta property=\"og:type\" content=\"article\" \/>\n<meta property=\"og:title\" content=\"A hora da favela: vem a\u00ed Top Cufa DF 2024 - LACKMAN &amp; CO.\" \/>\n<meta property=\"og:description\" content=\"Coquetel de lan\u00e7amento marca o in\u00edcio do concurso de beleza para jovens de favelas e comunidades urbanas Foi dada a partida para mais uma jornada que promete celebrar a diversidade e o talento dos jovens das favelas e comunidades urbanas do Distrito Federal. O coquetel de lan\u00e7amento do Top Cufa DF 2024, realizado na noite da \u00faltima quarta-feira (27), no SESI Lab, Museu Interativo, em Bras\u00edlia, movimentou a noite candanga. O evento contou com a presen\u00e7a de autoridades, parceiros e membros da comunidade, que puderam conhecer de perto os detalhes da s\u00e9tima edi\u00e7\u00e3o do maior concurso de beleza do Centro-Oeste. Para o presidente da Cufa DF, Bruno Kesseler, a iniciativa \u00e9 uma poderosa plataforma de inclus\u00e3o, que a cada edi\u00e7\u00e3o reafirma seu compromisso com a promo\u00e7\u00e3o da representatividade e empoderamento das comunidades perif\u00e9ricas. \u201cO Top Cufa \u00e9 um projeto feito, n\u00e3o para plantar sementes, mas sim para semear essas pot\u00eancias que vem de nossas favelas, possibilitando oportunidade nos mais diversos espa\u00e7os, a moda \u00e9 um deles\u201d, destacou o presidente. E se voc\u00ea est\u00e1 lendo e pensando que gostaria de viver essa superexperi\u00eancia, aten\u00e7\u00e3o, pois as inscri\u00e7\u00f5es foram prorrogadas at\u00e9 o dia 4 de abril. Basta clicar neste link aqui. Sobre as premia\u00e7\u00f5es do concurso, elas incluem um curso profissionalizante de modelo, um book completo de fotos, uma viagem a S\u00e3o Paulo para participar do S\u00e3o Paulo Fashion Week e acesso aos shows do Capital Moto Week, resultado de uma parceria firmada h\u00e1 pouco com o evento. Etapas do Top Cufa DF 2024 Os pr\u00f3ximos passos do concurso incluem a primeira seletiva, Workshop de Moda e Segunda Seletiva, sess\u00e3o de fotos em pontos tur\u00edsticos da cidade e grande final do concurso que tamb\u00e9m contar\u00e1 com uma Feira de Empreendedorismo e desfiles do BSB Fashion. Confira abaixo a programa\u00e7\u00e3o completa: \u00a0Encerramento das inscri\u00e7\u00f5es Data: 4 de abril Inscri\u00e7\u00f5es: https:\/\/topcufadf.com.br\/ Primeira Seletiva Data: 07 de abril (domingo) Local: (Espa\u00e7o Cultural Renato Russo &#8211; 508 Sul) Hor\u00e1rio: 09h \u00e0s 12h \u2013 seletiva masculino \/14h \u00e0s 17h \u2013 seletiva feminino Workshop de Moda + segunda seletiva Data: 14 de abril Local: em breve Hor\u00e1rio: 09h \u00e0s 12h \u2013 workshop masculino \/ 14h \u00e0s 17h \u2013 workshop feminino Sess\u00e3o de fotos Data: 20 e 21 de abril Hor\u00e1rio: das 9h \u00e0s 18h Local: pontos tur\u00edsticos da periferia Final do Concurso + Feira de Empreendedorismo + Desfile BSB Fashion maio Dia 04 14h as 17h &#8211; Feira e workshops 18h as 23h -Finais Fashion (Feminino e masculino) Local: ao lado da Biblioteca Nacional Dia 05 14h as 17h &#8211; Feira e workshops 18h as 23h &#8211; Finais Street (Feminino e masculino) Local: ao lado da Biblioteca Nacional &nbsp; Fotos: Divulga\u00e7\u00e3o \/ Beatriz Braga\" \/>\n<meta property=\"og:url\" content=\"https:\/\/lackman.com.br\/index.php\/2024\/04\/01\/a-hora-da-favela-vem-ai-top-cufa-df-2024\/\" \/>\n<meta property=\"og:site_name\" content=\"LACKMAN &amp; CO.\" \/>\n<meta property=\"article:published_time\" content=\"2024-04-01T17:13:16+00:00\" \/>\n<meta property=\"og:image\" content=\"http:\/\/lackman.com.br\/wp-content\/uploads\/2024\/04\/WhatsApp-Image-2024-04-01-at-1.22.02-PM.jpeg\" \/>\n\t<meta property=\"og:image:width\" content=\"1600\" \/>\n\t<meta property=\"og:image:height\" content=\"1066\" \/>\n\t<meta property=\"og:image:type\" content=\"image\/jpeg\" \/>\n<meta name=\"author\" content=\"Gilberto Evangelista - Colunista\" \/>\n<meta name=\"twitter:card\" content=\"summary_large_image\" \/>\n<meta name=\"twitter:label1\" content=\"Escrito por\" \/>\n\t<meta name=\"twitter:data1\" content=\"Gilberto Evangelista - Colunista\" \/>\n\t<meta name=\"twitter:label2\" content=\"Est. tempo de leitura\" \/>\n\t<meta name=\"twitter:data2\" content=\"5 minutos\" \/>\n<script type=\"application\/ld+json\" class=\"yoast-schema-graph\">{\"@context\":\"https:\/\/schema.org\",\"@graph\":[{\"@type\":\"Article\",\"@id\":\"https:\/\/lackman.com.br\/index.php\/2024\/04\/01\/a-hora-da-favela-vem-ai-top-cufa-df-2024\/#article\",\"isPartOf\":{\"@id\":\"https:\/\/lackman.com.br\/index.php\/2024\/04\/01\/a-hora-da-favela-vem-ai-top-cufa-df-2024\/\"},\"author\":{\"name\":\"Gilberto Evangelista - Colunista\",\"@id\":\"https:\/\/lackman.com.br\/#\/schema\/person\/8a2355f699593d21d4f0d25b69db5747\"},\"headline\":\"A hora da favela: vem a\u00ed Top Cufa DF 2024\",\"datePublished\":\"2024-04-01T17:13:16+00:00\",\"mainEntityOfPage\":{\"@id\":\"https:\/\/lackman.com.br\/index.php\/2024\/04\/01\/a-hora-da-favela-vem-ai-top-cufa-df-2024\/\"},\"wordCount\":588,\"publisher\":{\"@id\":\"https:\/\/lackman.com.br\/#organization\"},\"image\":{\"@id\":\"https:\/\/lackman.com.br\/index.php\/2024\/04\/01\/a-hora-da-favela-vem-ai-top-cufa-df-2024\/#primaryimage\"},\"thumbnailUrl\":\"https:\/\/lackman.com.br\/wp-content\/uploads\/2024\/04\/WhatsApp-Image-2024-04-01-at-1.22.02-PM.jpeg\",\"keywords\":[\"beleza\",\"beleza negra\",\"brasilia\",\"Bruno Kesseler\",\"centro-oeste\",\"Cufa\",\"desfile\",\"df\",\"fahion\",\"favela\",\"Moda\",\"modelos\",\"periferia\",\"Top Cufa DF 2024\"],\"articleSection\":[\"Moda\",\"Passarela\"],\"inLanguage\":\"pt-BR\"},{\"@type\":\"WebPage\",\"@id\":\"https:\/\/lackman.com.br\/index.php\/2024\/04\/01\/a-hora-da-favela-vem-ai-top-cufa-df-2024\/\",\"url\":\"https:\/\/lackman.com.br\/index.php\/2024\/04\/01\/a-hora-da-favela-vem-ai-top-cufa-df-2024\/\",\"name\":\"A hora da favela: vem a\u00ed Top Cufa DF 2024 - LACKMAN &amp; CO.\",\"isPartOf\":{\"@id\":\"https:\/\/lackman.com.br\/#website\"},\"primaryImageOfPage\":{\"@id\":\"https:\/\/lackman.com.br\/index.php\/2024\/04\/01\/a-hora-da-favela-vem-ai-top-cufa-df-2024\/#primaryimage\"},\"image\":{\"@id\":\"https:\/\/lackman.com.br\/index.php\/2024\/04\/01\/a-hora-da-favela-vem-ai-top-cufa-df-2024\/#primaryimage\"},\"thumbnailUrl\":\"https:\/\/lackman.com.br\/wp-content\/uploads\/2024\/04\/WhatsApp-Image-2024-04-01-at-1.22.02-PM.jpeg\",\"datePublished\":\"2024-04-01T17:13:16+00:00\",\"breadcrumb\":{\"@id\":\"https:\/\/lackman.com.br\/index.php\/2024\/04\/01\/a-hora-da-favela-vem-ai-top-cufa-df-2024\/#breadcrumb\"},\"inLanguage\":\"pt-BR\",\"potentialAction\":[{\"@type\":\"ReadAction\",\"target\":[\"https:\/\/lackman.com.br\/index.php\/2024\/04\/01\/a-hora-da-favela-vem-ai-top-cufa-df-2024\/\"]}]},{\"@type\":\"ImageObject\",\"inLanguage\":\"pt-BR\",\"@id\":\"https:\/\/lackman.com.br\/index.php\/2024\/04\/01\/a-hora-da-favela-vem-ai-top-cufa-df-2024\/#primaryimage\",\"url\":\"https:\/\/lackman.com.br\/wp-content\/uploads\/2024\/04\/WhatsApp-Image-2024-04-01-at-1.22.02-PM.jpeg\",\"contentUrl\":\"https:\/\/lackman.com.br\/wp-content\/uploads\/2024\/04\/WhatsApp-Image-2024-04-01-at-1.22.02-PM.jpeg\",\"width\":1600,\"height\":1066},{\"@type\":\"BreadcrumbList\",\"@id\":\"https:\/\/lackman.com.br\/index.php\/2024\/04\/01\/a-hora-da-favela-vem-ai-top-cufa-df-2024\/#breadcrumb\",\"itemListElement\":[{\"@type\":\"ListItem\",\"position\":1,\"name\":\"In\u00edcio\",\"item\":\"https:\/\/lackman.com.br\/\"},{\"@type\":\"ListItem\",\"position\":2,\"name\":\"A hora da favela: vem a\u00ed Top Cufa DF 2024\"}]},{\"@type\":\"WebSite\",\"@id\":\"https:\/\/lackman.com.br\/#website\",\"url\":\"https:\/\/lackman.com.br\/\",\"name\":\"LACKMAN &amp; CO.\",\"description\":\"VIDA | MODA | ARTE\",\"publisher\":{\"@id\":\"https:\/\/lackman.com.br\/#organization\"},\"potentialAction\":[{\"@type\":\"SearchAction\",\"target\":{\"@type\":\"EntryPoint\",\"urlTemplate\":\"https:\/\/lackman.com.br\/?s={search_term_string}\"},\"query-input\":{\"@type\":\"PropertyValueSpecification\",\"valueRequired\":true,\"valueName\":\"search_term_string\"}}],\"inLanguage\":\"pt-BR\"},{\"@type\":\"Organization\",\"@id\":\"https:\/\/lackman.com.br\/#organization\",\"name\":\"LACKMAN &amp; CO.\",\"url\":\"https:\/\/lackman.com.br\/\",\"logo\":{\"@type\":\"ImageObject\",\"inLanguage\":\"pt-BR\",\"@id\":\"https:\/\/lackman.com.br\/#\/schema\/logo\/image\/\",\"url\":\"https:\/\/lackman.com.br\/wp-content\/uploads\/2023\/06\/Logotipo_preto-1.png\",\"contentUrl\":\"https:\/\/lackman.com.br\/wp-content\/uploads\/2023\/06\/Logotipo_preto-1.png\",\"width\":739,\"height\":393,\"caption\":\"LACKMAN &amp; CO.\"},\"image\":{\"@id\":\"https:\/\/lackman.com.br\/#\/schema\/logo\/image\/\"}},{\"@type\":\"Person\",\"@id\":\"https:\/\/lackman.com.br\/#\/schema\/person\/8a2355f699593d21d4f0d25b69db5747\",\"name\":\"Gilberto Evangelista - Colunista\",\"image\":{\"@type\":\"ImageObject\",\"inLanguage\":\"pt-BR\",\"@id\":\"https:\/\/lackman.com.br\/#\/schema\/person\/image\/\",\"url\":\"https:\/\/secure.gravatar.com\/avatar\/cea9badf02f8a90f7a745f2cbea45fda61f65711ec015e2faf3809cca6337c28?s=96&d=mm&r=g\",\"contentUrl\":\"https:\/\/secure.gravatar.com\/avatar\/cea9badf02f8a90f7a745f2cbea45fda61f65711ec015e2faf3809cca6337c28?s=96&d=mm&r=g\",\"caption\":\"Gilberto Evangelista - Colunista\"},\"description\":\"Jornalista e globetrotter.\",\"url\":\"https:\/\/lackman.com.br\/index.php\/author\/gilberto-brito\/\"}]}<\/script>\n<!-- \/ Yoast SEO plugin. -->","yoast_head_json":{"title":"A hora da favela: vem a\u00ed Top Cufa DF 2024 - LACKMAN &amp; CO.","robots":{"index":"index","follow":"follow","max-snippet":"max-snippet:-1","max-image-preview":"max-image-preview:large","max-video-preview":"max-video-preview:-1"},"canonical":"https:\/\/lackman.com.br\/index.php\/2024\/04\/01\/a-hora-da-favela-vem-ai-top-cufa-df-2024\/","og_locale":"pt_BR","og_type":"article","og_title":"A hora da favela: vem a\u00ed Top Cufa DF 2024 - LACKMAN &amp; CO.","og_description":"Coquetel de lan\u00e7amento marca o in\u00edcio do concurso de beleza para jovens de favelas e comunidades urbanas Foi dada a partida para mais uma jornada que promete celebrar a diversidade e o talento dos jovens das favelas e comunidades urbanas do Distrito Federal. O coquetel de lan\u00e7amento do Top Cufa DF 2024, realizado na noite da \u00faltima quarta-feira (27), no SESI Lab, Museu Interativo, em Bras\u00edlia, movimentou a noite candanga. O evento contou com a presen\u00e7a de autoridades, parceiros e membros da comunidade, que puderam conhecer de perto os detalhes da s\u00e9tima edi\u00e7\u00e3o do maior concurso de beleza do Centro-Oeste. Para o presidente da Cufa DF, Bruno Kesseler, a iniciativa \u00e9 uma poderosa plataforma de inclus\u00e3o, que a cada edi\u00e7\u00e3o reafirma seu compromisso com a promo\u00e7\u00e3o da representatividade e empoderamento das comunidades perif\u00e9ricas. \u201cO Top Cufa \u00e9 um projeto feito, n\u00e3o para plantar sementes, mas sim para semear essas pot\u00eancias que vem de nossas favelas, possibilitando oportunidade nos mais diversos espa\u00e7os, a moda \u00e9 um deles\u201d, destacou o presidente. E se voc\u00ea est\u00e1 lendo e pensando que gostaria de viver essa superexperi\u00eancia, aten\u00e7\u00e3o, pois as inscri\u00e7\u00f5es foram prorrogadas at\u00e9 o dia 4 de abril. Basta clicar neste link aqui. Sobre as premia\u00e7\u00f5es do concurso, elas incluem um curso profissionalizante de modelo, um book completo de fotos, uma viagem a S\u00e3o Paulo para participar do S\u00e3o Paulo Fashion Week e acesso aos shows do Capital Moto Week, resultado de uma parceria firmada h\u00e1 pouco com o evento. Etapas do Top Cufa DF 2024 Os pr\u00f3ximos passos do concurso incluem a primeira seletiva, Workshop de Moda e Segunda Seletiva, sess\u00e3o de fotos em pontos tur\u00edsticos da cidade e grande final do concurso que tamb\u00e9m contar\u00e1 com uma Feira de Empreendedorismo e desfiles do BSB Fashion. Confira abaixo a programa\u00e7\u00e3o completa: \u00a0Encerramento das inscri\u00e7\u00f5es Data: 4 de abril Inscri\u00e7\u00f5es: https:\/\/topcufadf.com.br\/ Primeira Seletiva Data: 07 de abril (domingo) Local: (Espa\u00e7o Cultural Renato Russo &#8211; 508 Sul) Hor\u00e1rio: 09h \u00e0s 12h \u2013 seletiva masculino \/14h \u00e0s 17h \u2013 seletiva feminino Workshop de Moda + segunda seletiva Data: 14 de abril Local: em breve Hor\u00e1rio: 09h \u00e0s 12h \u2013 workshop masculino \/ 14h \u00e0s 17h \u2013 workshop feminino Sess\u00e3o de fotos Data: 20 e 21 de abril Hor\u00e1rio: das 9h \u00e0s 18h Local: pontos tur\u00edsticos da periferia Final do Concurso + Feira de Empreendedorismo + Desfile BSB Fashion maio Dia 04 14h as 17h &#8211; Feira e workshops 18h as 23h -Finais Fashion (Feminino e masculino) Local: ao lado da Biblioteca Nacional Dia 05 14h as 17h &#8211; Feira e workshops 18h as 23h &#8211; Finais Street (Feminino e masculino) Local: ao lado da Biblioteca Nacional &nbsp; Fotos: Divulga\u00e7\u00e3o \/ Beatriz Braga","og_url":"https:\/\/lackman.com.br\/index.php\/2024\/04\/01\/a-hora-da-favela-vem-ai-top-cufa-df-2024\/","og_site_name":"LACKMAN &amp; CO.","article_published_time":"2024-04-01T17:13:16+00:00","og_image":[{"width":1600,"height":1066,"url":"http:\/\/lackman.com.br\/wp-content\/uploads\/2024\/04\/WhatsApp-Image-2024-04-01-at-1.22.02-PM.jpeg","type":"image\/jpeg"}],"author":"Gilberto Evangelista - Colunista","twitter_card":"summary_large_image","twitter_misc":{"Escrito por":"Gilberto Evangelista - Colunista","Est. tempo de leitura":"5 minutos"},"schema":{"@context":"https:\/\/schema.org","@graph":[{"@type":"Article","@id":"https:\/\/lackman.com.br\/index.php\/2024\/04\/01\/a-hora-da-favela-vem-ai-top-cufa-df-2024\/#article","isPartOf":{"@id":"https:\/\/lackman.com.br\/index.php\/2024\/04\/01\/a-hora-da-favela-vem-ai-top-cufa-df-2024\/"},"author":{"name":"Gilberto Evangelista - Colunista","@id":"https:\/\/lackman.com.br\/#\/schema\/person\/8a2355f699593d21d4f0d25b69db5747"},"headline":"A hora da favela: vem a\u00ed Top Cufa DF 2024","datePublished":"2024-04-01T17:13:16+00:00","mainEntityOfPage":{"@id":"https:\/\/lackman.com.br\/index.php\/2024\/04\/01\/a-hora-da-favela-vem-ai-top-cufa-df-2024\/"},"wordCount":588,"publisher":{"@id":"https:\/\/lackman.com.br\/#organization"},"image":{"@id":"https:\/\/lackman.com.br\/index.php\/2024\/04\/01\/a-hora-da-favela-vem-ai-top-cufa-df-2024\/#primaryimage"},"thumbnailUrl":"https:\/\/lackman.com.br\/wp-content\/uploads\/2024\/04\/WhatsApp-Image-2024-04-01-at-1.22.02-PM.jpeg","keywords":["beleza","beleza negra","brasilia","Bruno Kesseler","centro-oeste","Cufa","desfile","df","fahion","favela","Moda","modelos","periferia","Top Cufa DF 2024"],"articleSection":["Moda","Passarela"],"inLanguage":"pt-BR"},{"@type":"WebPage","@id":"https:\/\/lackman.com.br\/index.php\/2024\/04\/01\/a-hora-da-favela-vem-ai-top-cufa-df-2024\/","url":"https:\/\/lackman.com.br\/index.php\/2024\/04\/01\/a-hora-da-favela-vem-ai-top-cufa-df-2024\/","name":"A hora da favela: vem a\u00ed Top Cufa DF 2024 - LACKMAN &amp; CO.","isPartOf":{"@id":"https:\/\/lackman.com.br\/#website"},"primaryImageOfPage":{"@id":"https:\/\/lackman.com.br\/index.php\/2024\/04\/01\/a-hora-da-favela-vem-ai-top-cufa-df-2024\/#primaryimage"},"image":{"@id":"https:\/\/lackman.com.br\/index.php\/2024\/04\/01\/a-hora-da-favela-vem-ai-top-cufa-df-2024\/#primaryimage"},"thumbnailUrl":"https:\/\/lackman.com.br\/wp-content\/uploads\/2024\/04\/WhatsApp-Image-2024-04-01-at-1.22.02-PM.jpeg","datePublished":"2024-04-01T17:13:16+00:00","breadcrumb":{"@id":"https:\/\/lackman.com.br\/index.php\/2024\/04\/01\/a-hora-da-favela-vem-ai-top-cufa-df-2024\/#breadcrumb"},"inLanguage":"pt-BR","potentialAction":[{"@type":"ReadAction","target":["https:\/\/lackman.com.br\/index.php\/2024\/04\/01\/a-hora-da-favela-vem-ai-top-cufa-df-2024\/"]}]},{"@type":"ImageObject","inLanguage":"pt-BR","@id":"https:\/\/lackman.com.br\/index.php\/2024\/04\/01\/a-hora-da-favela-vem-ai-top-cufa-df-2024\/#primaryimage","url":"https:\/\/lackman.com.br\/wp-content\/uploads\/2024\/04\/WhatsApp-Image-2024-04-01-at-1.22.02-PM.jpeg","contentUrl":"https:\/\/lackman.com.br\/wp-content\/uploads\/2024\/04\/WhatsApp-Image-2024-04-01-at-1.22.02-PM.jpeg","width":1600,"height":1066},{"@type":"BreadcrumbList","@id":"https:\/\/lackman.com.br\/index.php\/2024\/04\/01\/a-hora-da-favela-vem-ai-top-cufa-df-2024\/#breadcrumb","itemListElement":[{"@type":"ListItem","position":1,"name":"In\u00edcio","item":"https:\/\/lackman.com.br\/"},{"@type":"ListItem","position":2,"name":"A hora da favela: vem a\u00ed Top Cufa DF 2024"}]},{"@type":"WebSite","@id":"https:\/\/lackman.com.br\/#website","url":"https:\/\/lackman.com.br\/","name":"LACKMAN &amp; CO.","description":"VIDA | MODA | ARTE","publisher":{"@id":"https:\/\/lackman.com.br\/#organization"},"potentialAction":[{"@type":"SearchAction","target":{"@type":"EntryPoint","urlTemplate":"https:\/\/lackman.com.br\/?s={search_term_string}"},"query-input":{"@type":"PropertyValueSpecification","valueRequired":true,"valueName":"search_term_string"}}],"inLanguage":"pt-BR"},{"@type":"Organization","@id":"https:\/\/lackman.com.br\/#organization","name":"LACKMAN &amp; CO.","url":"https:\/\/lackman.com.br\/","logo":{"@type":"ImageObject","inLanguage":"pt-BR","@id":"https:\/\/lackman.com.br\/#\/schema\/logo\/image\/","url":"https:\/\/lackman.com.br\/wp-content\/uploads\/2023\/06\/Logotipo_preto-1.png","contentUrl":"https:\/\/lackman.com.br\/wp-content\/uploads\/2023\/06\/Logotipo_preto-1.png","width":739,"height":393,"caption":"LACKMAN &amp; CO."},"image":{"@id":"https:\/\/lackman.com.br\/#\/schema\/logo\/image\/"}},{"@type":"Person","@id":"https:\/\/lackman.com.br\/#\/schema\/person\/8a2355f699593d21d4f0d25b69db5747","name":"Gilberto Evangelista - Colunista","image":{"@type":"ImageObject","inLanguage":"pt-BR","@id":"https:\/\/lackman.com.br\/#\/schema\/person\/image\/","url":"https:\/\/secure.gravatar.com\/avatar\/cea9badf02f8a90f7a745f2cbea45fda61f65711ec015e2faf3809cca6337c28?s=96&d=mm&r=g","contentUrl":"https:\/\/secure.gravatar.com\/avatar\/cea9badf02f8a90f7a745f2cbea45fda61f65711ec015e2faf3809cca6337c28?s=96&d=mm&r=g","caption":"Gilberto Evangelista - Colunista"},"description":"Jornalista e globetrotter.","url":"https:\/\/lackman.com.br\/index.php\/author\/gilberto-brito\/"}]}},"rttpg_featured_image_url":{"full":["https:\/\/lackman.com.br\/wp-content\/uploads\/2024\/04\/WhatsApp-Image-2024-04-01-at-1.22.02-PM.jpeg",1600,1066,false],"landscape":["https:\/\/lackman.com.br\/wp-content\/uploads\/2024\/04\/WhatsApp-Image-2024-04-01-at-1.22.02-PM.jpeg",1600,1066,false],"portraits":["https:\/\/lackman.com.br\/wp-content\/uploads\/2024\/04\/WhatsApp-Image-2024-04-01-at-1.22.02-PM.jpeg",1600,1066,false],"thumbnail":["https:\/\/lackman.com.br\/wp-content\/uploads\/2024\/04\/WhatsApp-Image-2024-04-01-at-1.22.02-PM-150x150.jpeg",150,150,true],"medium":["https:\/\/lackman.com.br\/wp-content\/uploads\/2024\/04\/WhatsApp-Image-2024-04-01-at-1.22.02-PM-300x200.jpeg",300,200,true],"large":["https:\/\/lackman.com.br\/wp-content\/uploads\/2024\/04\/WhatsApp-Image-2024-04-01-at-1.22.02-PM-1024x682.jpeg",1024,682,true],"RoboGalleryMansoryImagesCenter":["https:\/\/lackman.com.br\/wp-content\/uploads\/2024\/04\/WhatsApp-Image-2024-04-01-at-1.22.02-PM-600x1024.jpeg",600,1024,true],"RoboGalleryPreload":["https:\/\/lackman.com.br\/wp-content\/uploads\/2024\/04\/WhatsApp-Image-2024-04-01-at-1.22.02-PM.jpeg",100,67,false],"1536x1536":["https:\/\/lackman.com.br\/wp-content\/uploads\/2024\/04\/WhatsApp-Image-2024-04-01-at-1.22.02-PM-1536x1023.jpeg",1536,1023,true],"2048x2048":["https:\/\/lackman.com.br\/wp-content\/uploads\/2024\/04\/WhatsApp-Image-2024-04-01-at-1.22.02-PM.jpeg",1600,1066,false]},"rttpg_author":{"display_name":"Gilberto Evangelista - Colunista","author_link":"https:\/\/lackman.com.br\/index.php\/author\/gilberto-brito\/"},"rttpg_comment":0,"rttpg_category":"<a href=\"https:\/\/lackman.com.br\/index.php\/category\/moda\/\" rel=\"category tag\">Moda<\/a> <a href=\"https:\/\/lackman.com.br\/index.php\/category\/moda\/passarela\/\" rel=\"category tag\">Passarela<\/a>","rttpg_excerpt":"Coquetel de lan\u00e7amento marca o in\u00edcio do concurso de beleza para jovens de favelas e comunidades urbanas Foi dada a partida para mais uma jornada que promete celebrar a diversidade e o talento dos jovens das favelas e comunidades urbanas do Distrito Federal. O coquetel de lan\u00e7amento do Top Cufa DF 2024, realizado na noite&hellip;","_links":{"self":[{"href":"https:\/\/lackman.com.br\/index.php\/wp-json\/wp\/v2\/posts\/6656","targetHints":{"allow":["GET"]}}],"collection":[{"href":"https:\/\/lackman.com.br\/index.php\/wp-json\/wp\/v2\/posts"}],"about":[{"href":"https:\/\/lackman.com.br\/index.php\/wp-json\/wp\/v2\/types\/post"}],"author":[{"embeddable":true,"href":"https:\/\/lackman.com.br\/index.php\/wp-json\/wp\/v2\/users\/6"}],"replies":[{"embeddable":true,"href":"https:\/\/lackman.com.br\/index.php\/wp-json\/wp\/v2\/comments?post=6656"}],"version-history":[{"count":1,"href":"https:\/\/lackman.com.br\/index.php\/wp-json\/wp\/v2\/posts\/6656\/revisions"}],"predecessor-version":[{"id":6668,"href":"https:\/\/lackman.com.br\/index.php\/wp-json\/wp\/v2\/posts\/6656\/revisions\/6668"}],"wp:featuredmedia":[{"embeddable":true,"href":"https:\/\/lackman.com.br\/index.php\/wp-json\/wp\/v2\/media\/6657"}],"wp:attachment":[{"href":"https:\/\/lackman.com.br\/index.php\/wp-json\/wp\/v2\/media?parent=6656"}],"wp:term":[{"taxonomy":"category","embeddable":true,"href":"https:\/\/lackman.com.br\/index.php\/wp-json\/wp\/v2\/categories?post=6656"},{"taxonomy":"post_tag","embeddable":true,"href":"https:\/\/lackman.com.br\/index.php\/wp-json\/wp\/v2\/tags?post=6656"}],"curies":[{"name":"wp","href":"https:\/\/api.w.org\/{rel}","templated":true}]}}