{"id":6595,"date":"2024-03-22T10:00:46","date_gmt":"2024-03-22T13:00:46","guid":{"rendered":"https:\/\/lackman.com.br\/?p=6595"},"modified":"2024-03-22T12:56:42","modified_gmt":"2024-03-22T15:56:42","slug":"para-malhar-e-proteger-o-meio-ambiente","status":"publish","type":"post","link":"https:\/\/lackman.com.br\/index.php\/2024\/03\/22\/para-malhar-e-proteger-o-meio-ambiente\/","title":{"rendered":"Para malhar e proteger o meio ambiente"},"content":{"rendered":"<h5 style=\"text-align: justify\"><em>A marca de sportwear Live! inaugura mais uma unidade em Bras\u00edlia e a loja j\u00e1 chega com todas as novidades da sua nova cole\u00e7\u00e3o outono\/inverno. Confira!<\/em><\/h5>\n<p style=\"text-align: justify\">\u201c<em>Protegendo o hoje, pensando no amanh\u00e3<\/em>\u201d. A marca de <strong>moda <em>fitness<\/em><\/strong> que propaga como um dos seus principais compromissos a preocupa\u00e7\u00e3o com o meio ambiente abriu mais uma loja em Bras\u00edlia. Agora, tem uma filial da <strong><a href=\"https:\/\/www.liveoficial.com.br\/\">Live!<\/a><\/strong> no <a href=\"https:\/\/www.boulevardbrasilia.com.br\/\"><strong>Boulevard Shopping<\/strong><\/a>. A iniciativa \u00e9 capitaneada pelo casal <strong>D\u00e9bora Flores e Bruno Muniz<\/strong> que est\u00e1 no comando de cinco das sete lojas que fazem parte da rede de <em>sportwear<\/em> no Distrito Federal.<\/p>\n<p style=\"text-align: justify\"><img fetchpriority=\"high\" decoding=\"async\" class=\"aligncenter wp-image-6597 size-full\" src=\"http:\/\/lackman.com.br\/wp-content\/uploads\/2024\/03\/TXF_0120-scaled.jpg\" alt=\"\" width=\"2560\" height=\"1709\" srcset=\"https:\/\/lackman.com.br\/wp-content\/uploads\/2024\/03\/TXF_0120-scaled.jpg 2560w, https:\/\/lackman.com.br\/wp-content\/uploads\/2024\/03\/TXF_0120-300x200.jpg 300w, https:\/\/lackman.com.br\/wp-content\/uploads\/2024\/03\/TXF_0120-1024x683.jpg 1024w, https:\/\/lackman.com.br\/wp-content\/uploads\/2024\/03\/TXF_0120-768x513.jpg 768w, https:\/\/lackman.com.br\/wp-content\/uploads\/2024\/03\/TXF_0120-1536x1025.jpg 1536w, https:\/\/lackman.com.br\/wp-content\/uploads\/2024\/03\/TXF_0120-2048x1367.jpg 2048w\" sizes=\"(max-width: 2560px) 100vw, 2560px\" \/><\/p>\n<p style=\"text-align: justify\">A inaugura\u00e7\u00e3o do novo espa\u00e7o que contou com a presen\u00e7a de familiares, amigos e clientes tamb\u00e9m foi marcada pelo lan\u00e7amento da cole\u00e7\u00e3o \u201c<em><strong>Dreamers 24<\/strong><\/em>\u201d, de outono\/inverno. Com tons neutros e acentos de luz, as pe\u00e7as refletem a intensidade e a vibra\u00e7\u00e3o esportiva da marca que caiu no gosto dos brasilienses justamente por aliar <strong>conforto, estilo e sustentabilidade<\/strong> na hora de partir para a malha\u00e7\u00e3o. Para seguir os passos da grife na cidade, acesse o <a href=\"https:\/\/www.instagram.com\/live.brasilia\/\"><strong>@live.brasilia<\/strong><\/a>.<\/p>\n<p><img decoding=\"async\" class=\"aligncenter wp-image-6596 size-full\" src=\"http:\/\/lackman.com.br\/wp-content\/uploads\/2024\/03\/fitgreen-scaled.jpg\" alt=\"\" width=\"1707\" height=\"2560\" srcset=\"https:\/\/lackman.com.br\/wp-content\/uploads\/2024\/03\/fitgreen-scaled.jpg 1707w, https:\/\/lackman.com.br\/wp-content\/uploads\/2024\/03\/fitgreen-200x300.jpg 200w, https:\/\/lackman.com.br\/wp-content\/uploads\/2024\/03\/fitgreen-683x1024.jpg 683w, https:\/\/lackman.com.br\/wp-content\/uploads\/2024\/03\/fitgreen-768x1152.jpg 768w, https:\/\/lackman.com.br\/wp-content\/uploads\/2024\/03\/fitgreen-1024x1536.jpg 1024w, https:\/\/lackman.com.br\/wp-content\/uploads\/2024\/03\/fitgreen-1365x2048.jpg 1365w\" sizes=\"(max-width: 1707px) 100vw, 1707px\" \/><\/p>\n<p style=\"text-align: justify\">Agora, a dica imperd\u00edvel da coluna <strong>#PERAMBULANDO<\/strong>, que tamb\u00e9m \u00e9 ligadinha em moda: prestem muita aten\u00e7\u00e3o \u00e0s pe\u00e7as feitas com o <strong>Fit Green<\/strong>! Esse \u00e9 um tecido sustent\u00e1vel de alta qualidade que a Live! lan\u00e7ou n\u00e3o faz muito tempo e que possui duas <strong>tecnologias de ponta<\/strong> onde bem-estar e maior durabilidade s\u00e3o palavras de ordem: a LYCRA\u00ae EcoMade e a Sensil\u00ae EcoCare, onde um mix de fibras recicladas s\u00e3o processadas em ciclo fechado com baixo uso de \u00e1gua e luz, garantindo baixa emiss\u00e3o de CO2.<\/p>\n<p>Confira abaixo alguns dos <strong>convidados<\/strong> que passaram pelo local no coquetel da inaugura\u00e7\u00e3o que rolou na \u00faltima sexta-feira (15) em <strong>cliques<\/strong> feitos por <strong>Telmo Ximenes<\/strong>:<\/p>\n<figure id=\"attachment_6604\" aria-describedby=\"caption-attachment-6604\" style=\"width: 2560px\" class=\"wp-caption aligncenter\"><img decoding=\"async\" class=\"wp-image-6604 size-full\" src=\"http:\/\/lackman.com.br\/wp-content\/uploads\/2024\/03\/Debora-Flores-Mari-Nobrega-e-Bruno-Muniz-scaled.jpg\" alt=\"\" width=\"2560\" height=\"1707\" srcset=\"https:\/\/lackman.com.br\/wp-content\/uploads\/2024\/03\/Debora-Flores-Mari-Nobrega-e-Bruno-Muniz-scaled.jpg 2560w, https:\/\/lackman.com.br\/wp-content\/uploads\/2024\/03\/Debora-Flores-Mari-Nobrega-e-Bruno-Muniz-300x200.jpg 300w, https:\/\/lackman.com.br\/wp-content\/uploads\/2024\/03\/Debora-Flores-Mari-Nobrega-e-Bruno-Muniz-1024x683.jpg 1024w, https:\/\/lackman.com.br\/wp-content\/uploads\/2024\/03\/Debora-Flores-Mari-Nobrega-e-Bruno-Muniz-768x512.jpg 768w, https:\/\/lackman.com.br\/wp-content\/uploads\/2024\/03\/Debora-Flores-Mari-Nobrega-e-Bruno-Muniz-1536x1024.jpg 1536w, https:\/\/lackman.com.br\/wp-content\/uploads\/2024\/03\/Debora-Flores-Mari-Nobrega-e-Bruno-Muniz-2048x1365.jpg 2048w\" sizes=\"(max-width: 2560px) 100vw, 2560px\" \/><figcaption id=\"caption-attachment-6604\" class=\"wp-caption-text\">De\u0301bora Flores, Mari No\u0301brega e Bruno Muniz<\/figcaption><\/figure>\n<figure id=\"attachment_6603\" aria-describedby=\"caption-attachment-6603\" style=\"width: 2560px\" class=\"wp-caption aligncenter\"><img loading=\"lazy\" decoding=\"async\" class=\"wp-image-6603 size-full\" src=\"http:\/\/lackman.com.br\/wp-content\/uploads\/2024\/03\/Joao-Gabriel-Natan-Dantas-Bruno-Muniz-e-Saulo-Sarmento-scaled.jpg\" alt=\"\" width=\"2560\" height=\"1709\" srcset=\"https:\/\/lackman.com.br\/wp-content\/uploads\/2024\/03\/Joao-Gabriel-Natan-Dantas-Bruno-Muniz-e-Saulo-Sarmento-scaled.jpg 2560w, https:\/\/lackman.com.br\/wp-content\/uploads\/2024\/03\/Joao-Gabriel-Natan-Dantas-Bruno-Muniz-e-Saulo-Sarmento-300x200.jpg 300w, https:\/\/lackman.com.br\/wp-content\/uploads\/2024\/03\/Joao-Gabriel-Natan-Dantas-Bruno-Muniz-e-Saulo-Sarmento-1024x683.jpg 1024w, https:\/\/lackman.com.br\/wp-content\/uploads\/2024\/03\/Joao-Gabriel-Natan-Dantas-Bruno-Muniz-e-Saulo-Sarmento-768x513.jpg 768w, https:\/\/lackman.com.br\/wp-content\/uploads\/2024\/03\/Joao-Gabriel-Natan-Dantas-Bruno-Muniz-e-Saulo-Sarmento-1536x1025.jpg 1536w, https:\/\/lackman.com.br\/wp-content\/uploads\/2024\/03\/Joao-Gabriel-Natan-Dantas-Bruno-Muniz-e-Saulo-Sarmento-2048x1367.jpg 2048w\" sizes=\"(max-width: 2560px) 100vw, 2560px\" \/><figcaption id=\"caption-attachment-6603\" class=\"wp-caption-text\">Joa\u0303o Gabriel, Natan Dantas, Bruno Muniz e Saulo Sarmento<\/figcaption><\/figure>\n<figure id=\"attachment_6600\" aria-describedby=\"caption-attachment-6600\" style=\"width: 2560px\" class=\"wp-caption aligncenter\"><img loading=\"lazy\" decoding=\"async\" class=\"wp-image-6600 size-full\" src=\"http:\/\/lackman.com.br\/wp-content\/uploads\/2024\/03\/Patricia-Nunes-Sabrinna-Albernaz-e-Karina-Vianna-2-scaled.jpg\" alt=\"\" width=\"2560\" height=\"1709\" srcset=\"https:\/\/lackman.com.br\/wp-content\/uploads\/2024\/03\/Patricia-Nunes-Sabrinna-Albernaz-e-Karina-Vianna-2-scaled.jpg 2560w, https:\/\/lackman.com.br\/wp-content\/uploads\/2024\/03\/Patricia-Nunes-Sabrinna-Albernaz-e-Karina-Vianna-2-300x200.jpg 300w, https:\/\/lackman.com.br\/wp-content\/uploads\/2024\/03\/Patricia-Nunes-Sabrinna-Albernaz-e-Karina-Vianna-2-1024x683.jpg 1024w, https:\/\/lackman.com.br\/wp-content\/uploads\/2024\/03\/Patricia-Nunes-Sabrinna-Albernaz-e-Karina-Vianna-2-768x513.jpg 768w, https:\/\/lackman.com.br\/wp-content\/uploads\/2024\/03\/Patricia-Nunes-Sabrinna-Albernaz-e-Karina-Vianna-2-1536x1025.jpg 1536w, https:\/\/lackman.com.br\/wp-content\/uploads\/2024\/03\/Patricia-Nunes-Sabrinna-Albernaz-e-Karina-Vianna-2-2048x1367.jpg 2048w\" sizes=\"(max-width: 2560px) 100vw, 2560px\" \/><figcaption id=\"caption-attachment-6600\" class=\"wp-caption-text\">Patri\u0301cia Nunes, Sabrinna Albernaz e Karina Vianna<\/figcaption><\/figure>\n<figure id=\"attachment_6599\" aria-describedby=\"caption-attachment-6599\" style=\"width: 2560px\" class=\"wp-caption aligncenter\"><img loading=\"lazy\" decoding=\"async\" class=\"wp-image-6599 size-full\" src=\"http:\/\/lackman.com.br\/wp-content\/uploads\/2024\/03\/Thiago-Malva-e-Bruno-Kesseler-scaled.jpg\" alt=\"\" width=\"2560\" height=\"1707\" srcset=\"https:\/\/lackman.com.br\/wp-content\/uploads\/2024\/03\/Thiago-Malva-e-Bruno-Kesseler-scaled.jpg 2560w, https:\/\/lackman.com.br\/wp-content\/uploads\/2024\/03\/Thiago-Malva-e-Bruno-Kesseler-300x200.jpg 300w, https:\/\/lackman.com.br\/wp-content\/uploads\/2024\/03\/Thiago-Malva-e-Bruno-Kesseler-1024x683.jpg 1024w, https:\/\/lackman.com.br\/wp-content\/uploads\/2024\/03\/Thiago-Malva-e-Bruno-Kesseler-768x512.jpg 768w, https:\/\/lackman.com.br\/wp-content\/uploads\/2024\/03\/Thiago-Malva-e-Bruno-Kesseler-1536x1024.jpg 1536w, https:\/\/lackman.com.br\/wp-content\/uploads\/2024\/03\/Thiago-Malva-e-Bruno-Kesseler-2048x1365.jpg 2048w\" sizes=\"(max-width: 2560px) 100vw, 2560px\" \/><figcaption id=\"caption-attachment-6599\" class=\"wp-caption-text\">Thiago Malva e Bruno Kesseler<\/figcaption><\/figure>\n<figure id=\"attachment_6602\" aria-describedby=\"caption-attachment-6602\" style=\"width: 2560px\" class=\"wp-caption aligncenter\"><img loading=\"lazy\" decoding=\"async\" class=\"wp-image-6602 size-full\" src=\"http:\/\/lackman.com.br\/wp-content\/uploads\/2024\/03\/Juliana-Chagas-Mariana-Tupinamba-Camila-Farias-e-Nairara-Machado-2-scaled.jpg\" alt=\"\" width=\"2560\" height=\"1709\" srcset=\"https:\/\/lackman.com.br\/wp-content\/uploads\/2024\/03\/Juliana-Chagas-Mariana-Tupinamba-Camila-Farias-e-Nairara-Machado-2-scaled.jpg 2560w, https:\/\/lackman.com.br\/wp-content\/uploads\/2024\/03\/Juliana-Chagas-Mariana-Tupinamba-Camila-Farias-e-Nairara-Machado-2-300x200.jpg 300w, https:\/\/lackman.com.br\/wp-content\/uploads\/2024\/03\/Juliana-Chagas-Mariana-Tupinamba-Camila-Farias-e-Nairara-Machado-2-1024x683.jpg 1024w, https:\/\/lackman.com.br\/wp-content\/uploads\/2024\/03\/Juliana-Chagas-Mariana-Tupinamba-Camila-Farias-e-Nairara-Machado-2-768x513.jpg 768w, https:\/\/lackman.com.br\/wp-content\/uploads\/2024\/03\/Juliana-Chagas-Mariana-Tupinamba-Camila-Farias-e-Nairara-Machado-2-1536x1025.jpg 1536w, https:\/\/lackman.com.br\/wp-content\/uploads\/2024\/03\/Juliana-Chagas-Mariana-Tupinamba-Camila-Farias-e-Nairara-Machado-2-2048x1367.jpg 2048w\" sizes=\"(max-width: 2560px) 100vw, 2560px\" \/><figcaption id=\"caption-attachment-6602\" class=\"wp-caption-text\">Juliana Chagas, Mariana Tupinamba\u0301, Camila Farias e Nairara Machado<\/figcaption><\/figure>\n<p>&nbsp;<\/p>\n<pre>\u00a0 Fotos: Telmo Ximenes<\/pre>\n","protected":false},"excerpt":{"rendered":"<p>A marca de sportwear Live! inaugura mais uma unidade em Bras\u00edlia e a loja j\u00e1 chega com todas as novidades da sua nova cole\u00e7\u00e3o outono\/inverno. Confira! \u201cProtegendo o hoje, pensando no amanh\u00e3\u201d. A marca de moda fitness que propaga como um dos seus principais compromissos a preocupa\u00e7\u00e3o com o meio ambiente abriu mais uma loja em Bras\u00edlia. Agora, tem uma filial da Live! no Boulevard Shopping. A iniciativa \u00e9 capitaneada pelo casal D\u00e9bora Flores e Bruno Muniz que est\u00e1 no comando de cinco das sete lojas que fazem parte da rede de sportwear no Distrito Federal. A inaugura\u00e7\u00e3o do novo espa\u00e7o que contou com a presen\u00e7a de familiares, amigos e clientes tamb\u00e9m foi marcada pelo lan\u00e7amento da cole\u00e7\u00e3o \u201cDreamers 24\u201d, de outono\/inverno. Com tons neutros e acentos de luz, as pe\u00e7as refletem a intensidade e a vibra\u00e7\u00e3o esportiva da marca que caiu no gosto dos brasilienses justamente por aliar conforto, estilo e sustentabilidade na hora de partir para a malha\u00e7\u00e3o. Para seguir os passos da grife na cidade, acesse o @live.brasilia. Agora, a dica imperd\u00edvel da coluna #PERAMBULANDO, que tamb\u00e9m \u00e9 ligadinha em moda: prestem muita aten\u00e7\u00e3o \u00e0s pe\u00e7as feitas com o Fit Green! Esse \u00e9 um tecido sustent\u00e1vel de alta qualidade que a Live! lan\u00e7ou n\u00e3o faz muito tempo e que possui duas tecnologias de ponta onde bem-estar e maior durabilidade s\u00e3o palavras de ordem: a LYCRA\u00ae EcoMade e a Sensil\u00ae EcoCare, onde um mix de fibras recicladas s\u00e3o processadas em ciclo fechado com baixo uso de \u00e1gua e luz, garantindo baixa emiss\u00e3o de CO2. Confira abaixo alguns dos convidados que passaram pelo local no coquetel da inaugura\u00e7\u00e3o que rolou na \u00faltima sexta-feira (15) em cliques feitos por Telmo Ximenes: &nbsp; \u00a0 Fotos: Telmo Ximenes<\/p>\n","protected":false},"author":6,"featured_media":6598,"comment_status":"closed","ping_status":"open","sticky":false,"template":"","format":"standard","meta":{"site-sidebar-layout":"default","site-content-layout":"","ast-site-content-layout":"default","site-content-style":"default","site-sidebar-style":"default","ast-global-header-display":"","ast-banner-title-visibility":"","ast-main-header-display":"","ast-hfb-above-header-display":"","ast-hfb-below-header-display":"","ast-hfb-mobile-header-display":"","site-post-title":"","ast-breadcrumbs-content":"","ast-featured-img":"","footer-sml-layout":"","ast-disable-related-posts":"","theme-transparent-header-meta":"default","adv-header-id-meta":"","stick-header-meta":"","header-above-stick-meta":"","header-main-stick-meta":"","header-below-stick-meta":"","astra-migrate-meta-layouts":"set","ast-page-background-enabled":"default","ast-page-background-meta":{"desktop":{"background-color":"","background-image":"","background-repeat":"repeat","background-position":"center center","background-size":"auto","background-attachment":"scroll","background-type":"","background-media":"","overlay-type":"","overlay-color":"","overlay-opacity":"","overlay-gradient":""},"tablet":{"background-color":"","background-image":"","background-repeat":"repeat","background-position":"center center","background-size":"auto","background-attachment":"scroll","background-type":"","background-media":"","overlay-type":"","overlay-color":"","overlay-opacity":"","overlay-gradient":""},"mobile":{"background-color":"","background-image":"","background-repeat":"repeat","background-position":"center center","background-size":"auto","background-attachment":"scroll","background-type":"","background-media":"","overlay-type":"","overlay-color":"","overlay-opacity":"","overlay-gradient":""}},"ast-content-background-meta":{"desktop":{"background-color":"var(--ast-global-color-5)","background-image":"","background-repeat":"repeat","background-position":"center center","background-size":"auto","background-attachment":"scroll","background-type":"","background-media":"","overlay-type":"","overlay-color":"","overlay-opacity":"","overlay-gradient":""},"tablet":{"background-color":"var(--ast-global-color-5)","background-image":"","background-repeat":"repeat","background-position":"center center","background-size":"auto","background-attachment":"scroll","background-type":"","background-media":"","overlay-type":"","overlay-color":"","overlay-opacity":"","overlay-gradient":""},"mobile":{"background-color":"var(--ast-global-color-5)","background-image":"","background-repeat":"repeat","background-position":"center center","background-size":"auto","background-attachment":"scroll","background-type":"","background-media":"","overlay-type":"","overlay-color":"","overlay-opacity":"","overlay-gradient":""}},"footnotes":""},"categories":[44,43,41],"tags":[784,54,879,89,195,380,1067,1070,59,1069,166,1071,1068],"class_list":["post-6595","post","type-post","status-publish","format-standard","has-post-thumbnail","hentry","category-capital-e-politica","category-perambulando","category-vida","tag-boulevard-shopping","tag-brasilia","tag-coluna-social","tag-df","tag-fashion","tag-inauguracao","tag-live","tag-live-brasilia","tag-moda","tag-moda-fitness","tag-perambulando","tag-social","tag-sportwear"],"yoast_head":"<!-- This site is optimized with the Yoast SEO plugin v27.0 - https:\/\/yoast.com\/product\/yoast-seo-wordpress\/ -->\n<title>Para malhar e proteger o meio ambiente - LACKMAN &amp; CO.<\/title>\n<meta name=\"robots\" content=\"index, follow, max-snippet:-1, max-image-preview:large, max-video-preview:-1\" \/>\n<link rel=\"canonical\" href=\"https:\/\/lackman.com.br\/index.php\/2024\/03\/22\/para-malhar-e-proteger-o-meio-ambiente\/\" \/>\n<meta property=\"og:locale\" content=\"pt_BR\" \/>\n<meta property=\"og:type\" content=\"article\" \/>\n<meta property=\"og:title\" content=\"Para malhar e proteger o meio ambiente - LACKMAN &amp; CO.\" \/>\n<meta property=\"og:description\" content=\"A marca de sportwear Live! inaugura mais uma unidade em Bras\u00edlia e a loja j\u00e1 chega com todas as novidades da sua nova cole\u00e7\u00e3o outono\/inverno. Confira! \u201cProtegendo o hoje, pensando no amanh\u00e3\u201d. A marca de moda fitness que propaga como um dos seus principais compromissos a preocupa\u00e7\u00e3o com o meio ambiente abriu mais uma loja em Bras\u00edlia. Agora, tem uma filial da Live! no Boulevard Shopping. A iniciativa \u00e9 capitaneada pelo casal D\u00e9bora Flores e Bruno Muniz que est\u00e1 no comando de cinco das sete lojas que fazem parte da rede de sportwear no Distrito Federal. A inaugura\u00e7\u00e3o do novo espa\u00e7o que contou com a presen\u00e7a de familiares, amigos e clientes tamb\u00e9m foi marcada pelo lan\u00e7amento da cole\u00e7\u00e3o \u201cDreamers 24\u201d, de outono\/inverno. Com tons neutros e acentos de luz, as pe\u00e7as refletem a intensidade e a vibra\u00e7\u00e3o esportiva da marca que caiu no gosto dos brasilienses justamente por aliar conforto, estilo e sustentabilidade na hora de partir para a malha\u00e7\u00e3o. Para seguir os passos da grife na cidade, acesse o @live.brasilia. Agora, a dica imperd\u00edvel da coluna #PERAMBULANDO, que tamb\u00e9m \u00e9 ligadinha em moda: prestem muita aten\u00e7\u00e3o \u00e0s pe\u00e7as feitas com o Fit Green! Esse \u00e9 um tecido sustent\u00e1vel de alta qualidade que a Live! lan\u00e7ou n\u00e3o faz muito tempo e que possui duas tecnologias de ponta onde bem-estar e maior durabilidade s\u00e3o palavras de ordem: a LYCRA\u00ae EcoMade e a Sensil\u00ae EcoCare, onde um mix de fibras recicladas s\u00e3o processadas em ciclo fechado com baixo uso de \u00e1gua e luz, garantindo baixa emiss\u00e3o de CO2. Confira abaixo alguns dos convidados que passaram pelo local no coquetel da inaugura\u00e7\u00e3o que rolou na \u00faltima sexta-feira (15) em cliques feitos por Telmo Ximenes: &nbsp; \u00a0 Fotos: Telmo Ximenes\" \/>\n<meta property=\"og:url\" content=\"https:\/\/lackman.com.br\/index.php\/2024\/03\/22\/para-malhar-e-proteger-o-meio-ambiente\/\" \/>\n<meta property=\"og:site_name\" content=\"LACKMAN &amp; CO.\" \/>\n<meta property=\"article:published_time\" content=\"2024-03-22T13:00:46+00:00\" \/>\n<meta property=\"article:modified_time\" content=\"2024-03-22T15:56:42+00:00\" \/>\n<meta property=\"og:image\" content=\"http:\/\/lackman.com.br\/wp-content\/uploads\/2024\/03\/Design-sem-nome-45.jpg\" \/>\n\t<meta property=\"og:image:width\" content=\"1748\" \/>\n\t<meta property=\"og:image:height\" content=\"1240\" \/>\n\t<meta property=\"og:image:type\" content=\"image\/jpeg\" \/>\n<meta name=\"author\" content=\"Gilberto Evangelista - Colunista\" \/>\n<meta name=\"twitter:card\" content=\"summary_large_image\" \/>\n<meta name=\"twitter:label1\" content=\"Escrito por\" \/>\n\t<meta name=\"twitter:data1\" content=\"Gilberto Evangelista - Colunista\" \/>\n\t<meta name=\"twitter:label2\" content=\"Est. tempo de leitura\" \/>\n\t<meta name=\"twitter:data2\" content=\"4 minutos\" \/>\n<script type=\"application\/ld+json\" class=\"yoast-schema-graph\">{\"@context\":\"https:\/\/schema.org\",\"@graph\":[{\"@type\":\"Article\",\"@id\":\"https:\/\/lackman.com.br\/index.php\/2024\/03\/22\/para-malhar-e-proteger-o-meio-ambiente\/#article\",\"isPartOf\":{\"@id\":\"https:\/\/lackman.com.br\/index.php\/2024\/03\/22\/para-malhar-e-proteger-o-meio-ambiente\/\"},\"author\":{\"name\":\"Gilberto Evangelista - Colunista\",\"@id\":\"https:\/\/lackman.com.br\/#\/schema\/person\/8a2355f699593d21d4f0d25b69db5747\"},\"headline\":\"Para malhar e proteger o meio ambiente\",\"datePublished\":\"2024-03-22T13:00:46+00:00\",\"dateModified\":\"2024-03-22T15:56:42+00:00\",\"mainEntityOfPage\":{\"@id\":\"https:\/\/lackman.com.br\/index.php\/2024\/03\/22\/para-malhar-e-proteger-o-meio-ambiente\/\"},\"wordCount\":388,\"publisher\":{\"@id\":\"https:\/\/lackman.com.br\/#organization\"},\"image\":{\"@id\":\"https:\/\/lackman.com.br\/index.php\/2024\/03\/22\/para-malhar-e-proteger-o-meio-ambiente\/#primaryimage\"},\"thumbnailUrl\":\"https:\/\/lackman.com.br\/wp-content\/uploads\/2024\/03\/Design-sem-nome-45.jpg\",\"keywords\":[\"boulevard shopping\",\"brasilia\",\"coluna social\",\"df\",\"fashion\",\"inaugura\u00e7\u00e3o\",\"Live!\",\"Live! Bras\u00edlia\",\"Moda\",\"moda fitness\",\"Perambulando\",\"social\",\"sportwear\"],\"articleSection\":[\"Capital &amp; Pol\u00edtica\",\"Perambulando\",\"Vida\"],\"inLanguage\":\"pt-BR\"},{\"@type\":\"WebPage\",\"@id\":\"https:\/\/lackman.com.br\/index.php\/2024\/03\/22\/para-malhar-e-proteger-o-meio-ambiente\/\",\"url\":\"https:\/\/lackman.com.br\/index.php\/2024\/03\/22\/para-malhar-e-proteger-o-meio-ambiente\/\",\"name\":\"Para malhar e proteger o meio ambiente - LACKMAN &amp; CO.\",\"isPartOf\":{\"@id\":\"https:\/\/lackman.com.br\/#website\"},\"primaryImageOfPage\":{\"@id\":\"https:\/\/lackman.com.br\/index.php\/2024\/03\/22\/para-malhar-e-proteger-o-meio-ambiente\/#primaryimage\"},\"image\":{\"@id\":\"https:\/\/lackman.com.br\/index.php\/2024\/03\/22\/para-malhar-e-proteger-o-meio-ambiente\/#primaryimage\"},\"thumbnailUrl\":\"https:\/\/lackman.com.br\/wp-content\/uploads\/2024\/03\/Design-sem-nome-45.jpg\",\"datePublished\":\"2024-03-22T13:00:46+00:00\",\"dateModified\":\"2024-03-22T15:56:42+00:00\",\"breadcrumb\":{\"@id\":\"https:\/\/lackman.com.br\/index.php\/2024\/03\/22\/para-malhar-e-proteger-o-meio-ambiente\/#breadcrumb\"},\"inLanguage\":\"pt-BR\",\"potentialAction\":[{\"@type\":\"ReadAction\",\"target\":[\"https:\/\/lackman.com.br\/index.php\/2024\/03\/22\/para-malhar-e-proteger-o-meio-ambiente\/\"]}]},{\"@type\":\"ImageObject\",\"inLanguage\":\"pt-BR\",\"@id\":\"https:\/\/lackman.com.br\/index.php\/2024\/03\/22\/para-malhar-e-proteger-o-meio-ambiente\/#primaryimage\",\"url\":\"https:\/\/lackman.com.br\/wp-content\/uploads\/2024\/03\/Design-sem-nome-45.jpg\",\"contentUrl\":\"https:\/\/lackman.com.br\/wp-content\/uploads\/2024\/03\/Design-sem-nome-45.jpg\",\"width\":1748,\"height\":1240},{\"@type\":\"BreadcrumbList\",\"@id\":\"https:\/\/lackman.com.br\/index.php\/2024\/03\/22\/para-malhar-e-proteger-o-meio-ambiente\/#breadcrumb\",\"itemListElement\":[{\"@type\":\"ListItem\",\"position\":1,\"name\":\"In\u00edcio\",\"item\":\"https:\/\/lackman.com.br\/\"},{\"@type\":\"ListItem\",\"position\":2,\"name\":\"Para malhar e proteger o meio ambiente\"}]},{\"@type\":\"WebSite\",\"@id\":\"https:\/\/lackman.com.br\/#website\",\"url\":\"https:\/\/lackman.com.br\/\",\"name\":\"LACKMAN &amp; CO.\",\"description\":\"VIDA | MODA | ARTE\",\"publisher\":{\"@id\":\"https:\/\/lackman.com.br\/#organization\"},\"potentialAction\":[{\"@type\":\"SearchAction\",\"target\":{\"@type\":\"EntryPoint\",\"urlTemplate\":\"https:\/\/lackman.com.br\/?s={search_term_string}\"},\"query-input\":{\"@type\":\"PropertyValueSpecification\",\"valueRequired\":true,\"valueName\":\"search_term_string\"}}],\"inLanguage\":\"pt-BR\"},{\"@type\":\"Organization\",\"@id\":\"https:\/\/lackman.com.br\/#organization\",\"name\":\"LACKMAN &amp; CO.\",\"url\":\"https:\/\/lackman.com.br\/\",\"logo\":{\"@type\":\"ImageObject\",\"inLanguage\":\"pt-BR\",\"@id\":\"https:\/\/lackman.com.br\/#\/schema\/logo\/image\/\",\"url\":\"https:\/\/lackman.com.br\/wp-content\/uploads\/2023\/06\/Logotipo_preto-1.png\",\"contentUrl\":\"https:\/\/lackman.com.br\/wp-content\/uploads\/2023\/06\/Logotipo_preto-1.png\",\"width\":739,\"height\":393,\"caption\":\"LACKMAN &amp; CO.\"},\"image\":{\"@id\":\"https:\/\/lackman.com.br\/#\/schema\/logo\/image\/\"}},{\"@type\":\"Person\",\"@id\":\"https:\/\/lackman.com.br\/#\/schema\/person\/8a2355f699593d21d4f0d25b69db5747\",\"name\":\"Gilberto Evangelista - Colunista\",\"image\":{\"@type\":\"ImageObject\",\"inLanguage\":\"pt-BR\",\"@id\":\"https:\/\/lackman.com.br\/#\/schema\/person\/image\/\",\"url\":\"https:\/\/secure.gravatar.com\/avatar\/cea9badf02f8a90f7a745f2cbea45fda61f65711ec015e2faf3809cca6337c28?s=96&d=mm&r=g\",\"contentUrl\":\"https:\/\/secure.gravatar.com\/avatar\/cea9badf02f8a90f7a745f2cbea45fda61f65711ec015e2faf3809cca6337c28?s=96&d=mm&r=g\",\"caption\":\"Gilberto Evangelista - Colunista\"},\"description\":\"Jornalista e globetrotter.\",\"url\":\"https:\/\/lackman.com.br\/index.php\/author\/gilberto-brito\/\"}]}<\/script>\n<!-- \/ Yoast SEO plugin. -->","yoast_head_json":{"title":"Para malhar e proteger o meio ambiente - LACKMAN &amp; CO.","robots":{"index":"index","follow":"follow","max-snippet":"max-snippet:-1","max-image-preview":"max-image-preview:large","max-video-preview":"max-video-preview:-1"},"canonical":"https:\/\/lackman.com.br\/index.php\/2024\/03\/22\/para-malhar-e-proteger-o-meio-ambiente\/","og_locale":"pt_BR","og_type":"article","og_title":"Para malhar e proteger o meio ambiente - LACKMAN &amp; CO.","og_description":"A marca de sportwear Live! inaugura mais uma unidade em Bras\u00edlia e a loja j\u00e1 chega com todas as novidades da sua nova cole\u00e7\u00e3o outono\/inverno. Confira! \u201cProtegendo o hoje, pensando no amanh\u00e3\u201d. A marca de moda fitness que propaga como um dos seus principais compromissos a preocupa\u00e7\u00e3o com o meio ambiente abriu mais uma loja em Bras\u00edlia. Agora, tem uma filial da Live! no Boulevard Shopping. A iniciativa \u00e9 capitaneada pelo casal D\u00e9bora Flores e Bruno Muniz que est\u00e1 no comando de cinco das sete lojas que fazem parte da rede de sportwear no Distrito Federal. A inaugura\u00e7\u00e3o do novo espa\u00e7o que contou com a presen\u00e7a de familiares, amigos e clientes tamb\u00e9m foi marcada pelo lan\u00e7amento da cole\u00e7\u00e3o \u201cDreamers 24\u201d, de outono\/inverno. Com tons neutros e acentos de luz, as pe\u00e7as refletem a intensidade e a vibra\u00e7\u00e3o esportiva da marca que caiu no gosto dos brasilienses justamente por aliar conforto, estilo e sustentabilidade na hora de partir para a malha\u00e7\u00e3o. Para seguir os passos da grife na cidade, acesse o @live.brasilia. Agora, a dica imperd\u00edvel da coluna #PERAMBULANDO, que tamb\u00e9m \u00e9 ligadinha em moda: prestem muita aten\u00e7\u00e3o \u00e0s pe\u00e7as feitas com o Fit Green! Esse \u00e9 um tecido sustent\u00e1vel de alta qualidade que a Live! lan\u00e7ou n\u00e3o faz muito tempo e que possui duas tecnologias de ponta onde bem-estar e maior durabilidade s\u00e3o palavras de ordem: a LYCRA\u00ae EcoMade e a Sensil\u00ae EcoCare, onde um mix de fibras recicladas s\u00e3o processadas em ciclo fechado com baixo uso de \u00e1gua e luz, garantindo baixa emiss\u00e3o de CO2. Confira abaixo alguns dos convidados que passaram pelo local no coquetel da inaugura\u00e7\u00e3o que rolou na \u00faltima sexta-feira (15) em cliques feitos por Telmo Ximenes: &nbsp; \u00a0 Fotos: Telmo Ximenes","og_url":"https:\/\/lackman.com.br\/index.php\/2024\/03\/22\/para-malhar-e-proteger-o-meio-ambiente\/","og_site_name":"LACKMAN &amp; CO.","article_published_time":"2024-03-22T13:00:46+00:00","article_modified_time":"2024-03-22T15:56:42+00:00","og_image":[{"width":1748,"height":1240,"url":"http:\/\/lackman.com.br\/wp-content\/uploads\/2024\/03\/Design-sem-nome-45.jpg","type":"image\/jpeg"}],"author":"Gilberto Evangelista - Colunista","twitter_card":"summary_large_image","twitter_misc":{"Escrito por":"Gilberto Evangelista - Colunista","Est. tempo de leitura":"4 minutos"},"schema":{"@context":"https:\/\/schema.org","@graph":[{"@type":"Article","@id":"https:\/\/lackman.com.br\/index.php\/2024\/03\/22\/para-malhar-e-proteger-o-meio-ambiente\/#article","isPartOf":{"@id":"https:\/\/lackman.com.br\/index.php\/2024\/03\/22\/para-malhar-e-proteger-o-meio-ambiente\/"},"author":{"name":"Gilberto Evangelista - Colunista","@id":"https:\/\/lackman.com.br\/#\/schema\/person\/8a2355f699593d21d4f0d25b69db5747"},"headline":"Para malhar e proteger o meio ambiente","datePublished":"2024-03-22T13:00:46+00:00","dateModified":"2024-03-22T15:56:42+00:00","mainEntityOfPage":{"@id":"https:\/\/lackman.com.br\/index.php\/2024\/03\/22\/para-malhar-e-proteger-o-meio-ambiente\/"},"wordCount":388,"publisher":{"@id":"https:\/\/lackman.com.br\/#organization"},"image":{"@id":"https:\/\/lackman.com.br\/index.php\/2024\/03\/22\/para-malhar-e-proteger-o-meio-ambiente\/#primaryimage"},"thumbnailUrl":"https:\/\/lackman.com.br\/wp-content\/uploads\/2024\/03\/Design-sem-nome-45.jpg","keywords":["boulevard shopping","brasilia","coluna social","df","fashion","inaugura\u00e7\u00e3o","Live!","Live! Bras\u00edlia","Moda","moda fitness","Perambulando","social","sportwear"],"articleSection":["Capital &amp; Pol\u00edtica","Perambulando","Vida"],"inLanguage":"pt-BR"},{"@type":"WebPage","@id":"https:\/\/lackman.com.br\/index.php\/2024\/03\/22\/para-malhar-e-proteger-o-meio-ambiente\/","url":"https:\/\/lackman.com.br\/index.php\/2024\/03\/22\/para-malhar-e-proteger-o-meio-ambiente\/","name":"Para malhar e proteger o meio ambiente - LACKMAN &amp; CO.","isPartOf":{"@id":"https:\/\/lackman.com.br\/#website"},"primaryImageOfPage":{"@id":"https:\/\/lackman.com.br\/index.php\/2024\/03\/22\/para-malhar-e-proteger-o-meio-ambiente\/#primaryimage"},"image":{"@id":"https:\/\/lackman.com.br\/index.php\/2024\/03\/22\/para-malhar-e-proteger-o-meio-ambiente\/#primaryimage"},"thumbnailUrl":"https:\/\/lackman.com.br\/wp-content\/uploads\/2024\/03\/Design-sem-nome-45.jpg","datePublished":"2024-03-22T13:00:46+00:00","dateModified":"2024-03-22T15:56:42+00:00","breadcrumb":{"@id":"https:\/\/lackman.com.br\/index.php\/2024\/03\/22\/para-malhar-e-proteger-o-meio-ambiente\/#breadcrumb"},"inLanguage":"pt-BR","potentialAction":[{"@type":"ReadAction","target":["https:\/\/lackman.com.br\/index.php\/2024\/03\/22\/para-malhar-e-proteger-o-meio-ambiente\/"]}]},{"@type":"ImageObject","inLanguage":"pt-BR","@id":"https:\/\/lackman.com.br\/index.php\/2024\/03\/22\/para-malhar-e-proteger-o-meio-ambiente\/#primaryimage","url":"https:\/\/lackman.com.br\/wp-content\/uploads\/2024\/03\/Design-sem-nome-45.jpg","contentUrl":"https:\/\/lackman.com.br\/wp-content\/uploads\/2024\/03\/Design-sem-nome-45.jpg","width":1748,"height":1240},{"@type":"BreadcrumbList","@id":"https:\/\/lackman.com.br\/index.php\/2024\/03\/22\/para-malhar-e-proteger-o-meio-ambiente\/#breadcrumb","itemListElement":[{"@type":"ListItem","position":1,"name":"In\u00edcio","item":"https:\/\/lackman.com.br\/"},{"@type":"ListItem","position":2,"name":"Para malhar e proteger o meio ambiente"}]},{"@type":"WebSite","@id":"https:\/\/lackman.com.br\/#website","url":"https:\/\/lackman.com.br\/","name":"LACKMAN &amp; CO.","description":"VIDA | MODA | ARTE","publisher":{"@id":"https:\/\/lackman.com.br\/#organization"},"potentialAction":[{"@type":"SearchAction","target":{"@type":"EntryPoint","urlTemplate":"https:\/\/lackman.com.br\/?s={search_term_string}"},"query-input":{"@type":"PropertyValueSpecification","valueRequired":true,"valueName":"search_term_string"}}],"inLanguage":"pt-BR"},{"@type":"Organization","@id":"https:\/\/lackman.com.br\/#organization","name":"LACKMAN &amp; CO.","url":"https:\/\/lackman.com.br\/","logo":{"@type":"ImageObject","inLanguage":"pt-BR","@id":"https:\/\/lackman.com.br\/#\/schema\/logo\/image\/","url":"https:\/\/lackman.com.br\/wp-content\/uploads\/2023\/06\/Logotipo_preto-1.png","contentUrl":"https:\/\/lackman.com.br\/wp-content\/uploads\/2023\/06\/Logotipo_preto-1.png","width":739,"height":393,"caption":"LACKMAN &amp; CO."},"image":{"@id":"https:\/\/lackman.com.br\/#\/schema\/logo\/image\/"}},{"@type":"Person","@id":"https:\/\/lackman.com.br\/#\/schema\/person\/8a2355f699593d21d4f0d25b69db5747","name":"Gilberto Evangelista - Colunista","image":{"@type":"ImageObject","inLanguage":"pt-BR","@id":"https:\/\/lackman.com.br\/#\/schema\/person\/image\/","url":"https:\/\/secure.gravatar.com\/avatar\/cea9badf02f8a90f7a745f2cbea45fda61f65711ec015e2faf3809cca6337c28?s=96&d=mm&r=g","contentUrl":"https:\/\/secure.gravatar.com\/avatar\/cea9badf02f8a90f7a745f2cbea45fda61f65711ec015e2faf3809cca6337c28?s=96&d=mm&r=g","caption":"Gilberto Evangelista - Colunista"},"description":"Jornalista e globetrotter.","url":"https:\/\/lackman.com.br\/index.php\/author\/gilberto-brito\/"}]}},"rttpg_featured_image_url":{"full":["https:\/\/lackman.com.br\/wp-content\/uploads\/2024\/03\/Design-sem-nome-45.jpg",1748,1240,false],"landscape":["https:\/\/lackman.com.br\/wp-content\/uploads\/2024\/03\/Design-sem-nome-45.jpg",1748,1240,false],"portraits":["https:\/\/lackman.com.br\/wp-content\/uploads\/2024\/03\/Design-sem-nome-45.jpg",1748,1240,false],"thumbnail":["https:\/\/lackman.com.br\/wp-content\/uploads\/2024\/03\/Design-sem-nome-45-150x150.jpg",150,150,true],"medium":["https:\/\/lackman.com.br\/wp-content\/uploads\/2024\/03\/Design-sem-nome-45-300x213.jpg",300,213,true],"large":["https:\/\/lackman.com.br\/wp-content\/uploads\/2024\/03\/Design-sem-nome-45-1024x726.jpg",1024,726,true],"RoboGalleryMansoryImagesCenter":["https:\/\/lackman.com.br\/wp-content\/uploads\/2024\/03\/Design-sem-nome-45-600x1024.jpg",600,1024,true],"RoboGalleryPreload":["https:\/\/lackman.com.br\/wp-content\/uploads\/2024\/03\/Design-sem-nome-45.jpg",100,71,false],"1536x1536":["https:\/\/lackman.com.br\/wp-content\/uploads\/2024\/03\/Design-sem-nome-45-1536x1090.jpg",1536,1090,true],"2048x2048":["https:\/\/lackman.com.br\/wp-content\/uploads\/2024\/03\/Design-sem-nome-45.jpg",1748,1240,false]},"rttpg_author":{"display_name":"Gilberto Evangelista - Colunista","author_link":"https:\/\/lackman.com.br\/index.php\/author\/gilberto-brito\/"},"rttpg_comment":0,"rttpg_category":"<a href=\"https:\/\/lackman.com.br\/index.php\/category\/vida\/capital-e-politica\/\" rel=\"category tag\">Capital &amp; Pol\u00edtica<\/a> <a href=\"https:\/\/lackman.com.br\/index.php\/category\/vida\/perambulando\/\" rel=\"category tag\">Perambulando<\/a> <a href=\"https:\/\/lackman.com.br\/index.php\/category\/vida\/\" rel=\"category tag\">Vida<\/a>","rttpg_excerpt":"A marca de sportwear Live! inaugura mais uma unidade em Bras\u00edlia e a loja j\u00e1 chega com todas as novidades da sua nova cole\u00e7\u00e3o outono\/inverno. Confira! \u201cProtegendo o hoje, pensando no amanh\u00e3\u201d. A marca de moda fitness que propaga como um dos seus principais compromissos a preocupa\u00e7\u00e3o com o meio ambiente abriu mais uma loja&hellip;","_links":{"self":[{"href":"https:\/\/lackman.com.br\/index.php\/wp-json\/wp\/v2\/posts\/6595","targetHints":{"allow":["GET"]}}],"collection":[{"href":"https:\/\/lackman.com.br\/index.php\/wp-json\/wp\/v2\/posts"}],"about":[{"href":"https:\/\/lackman.com.br\/index.php\/wp-json\/wp\/v2\/types\/post"}],"author":[{"embeddable":true,"href":"https:\/\/lackman.com.br\/index.php\/wp-json\/wp\/v2\/users\/6"}],"replies":[{"embeddable":true,"href":"https:\/\/lackman.com.br\/index.php\/wp-json\/wp\/v2\/comments?post=6595"}],"version-history":[{"count":3,"href":"https:\/\/lackman.com.br\/index.php\/wp-json\/wp\/v2\/posts\/6595\/revisions"}],"predecessor-version":[{"id":6609,"href":"https:\/\/lackman.com.br\/index.php\/wp-json\/wp\/v2\/posts\/6595\/revisions\/6609"}],"wp:featuredmedia":[{"embeddable":true,"href":"https:\/\/lackman.com.br\/index.php\/wp-json\/wp\/v2\/media\/6598"}],"wp:attachment":[{"href":"https:\/\/lackman.com.br\/index.php\/wp-json\/wp\/v2\/media?parent=6595"}],"wp:term":[{"taxonomy":"category","embeddable":true,"href":"https:\/\/lackman.com.br\/index.php\/wp-json\/wp\/v2\/categories?post=6595"},{"taxonomy":"post_tag","embeddable":true,"href":"https:\/\/lackman.com.br\/index.php\/wp-json\/wp\/v2\/tags?post=6595"}],"curies":[{"name":"wp","href":"https:\/\/api.w.org\/{rel}","templated":true}]}}