{"id":6472,"date":"2024-03-11T19:59:14","date_gmt":"2024-03-11T22:59:14","guid":{"rendered":"https:\/\/lackman.com.br\/?p=6472"},"modified":"2024-03-11T20:27:55","modified_gmt":"2024-03-11T23:27:55","slug":"de-sal-ou-de-doce-a-pamonhada-de-valeria-lessa","status":"publish","type":"post","link":"https:\/\/lackman.com.br\/index.php\/2024\/03\/11\/de-sal-ou-de-doce-a-pamonhada-de-valeria-lessa\/","title":{"rendered":"De sal ou de doce? A pamonhada de Val\u00e9ria Lessa"},"content":{"rendered":"<h5 style=\"text-align: justify\"><em>Abra\u00e7ando suas origens, a influencer re\u00fane familiares, amigos e parceiros de trabalho em uma comemora\u00e7\u00e3o inusitada do seu anivers\u00e1rio de 4o anos<\/em><\/h5>\n<p style=\"text-align: justify\">Cada um tem seu conceito de <strong>fest\u00e3o<\/strong> e de quando quer fazer um para comemorar uma data especial. N\u00e3o \u00e9 mesmo? Pois, <a href=\"https:\/\/www.instagram.com\/valerialessaa\/\"><strong>Val\u00e9ria Lessa<\/strong><\/a>, uma das influencers mais proeminentes da capital federal arrasou ao festejar suas quatro d\u00e9cadas promovendo um <strong><em>Sunset Party \u201cCountry\u201d<\/em><\/strong>, uma festa raiz que aconteceu nesse s\u00e1bado (09), na <strong>Casa Volpi<\/strong> do Park Way; um verdadeiro resgate de suas origens de garota do campo, que nasceu em An\u00e1polis e cresceu entre fazendas da regi\u00e3o, com direito a dupla sertaneja, e um menu para l\u00e1 de especial recheado de del\u00edcias t\u00edpicas, com a famosa pamonha como prato principal. \u00a0Detalhe, quando enviou o convite virtual para sua festa, um formul\u00e1rio questionava: \u201c<em><strong>Qual a sua prefer\u00eancia, de sal ou de doce?<\/strong><\/em>\u201d, mais inusitado e aut\u00eantico, imposs\u00edvel.<\/p>\n<p style=\"text-align: justify\">E este colunista n\u00e3o pensou duas vezes, marcou de doce, fazendo parte de <strong>65% dos 150 convidados<\/strong> que preferem a <strong>trouxinha de milho<\/strong> em sua <strong>vers\u00e3o a\u00e7ucarada<\/strong>, recheada com queijo, servida ao longo da festa, quentinha, quentinha. Claro que a salgada tamb\u00e9m foi elogiad\u00edssima pelos &#8220;<strong><em>gourmands<\/em> caipiras&#8221;<\/strong> que puderam ainda degustar de p\u00e3o com lingui\u00e7a, milho cozido, bolos, p\u00e3o de queijo, goiabada, curau e outras guloseimas. Para acompanhar caf\u00e9, mas \u00e9 claro, ch\u00e1 e leite quentes, al\u00e9m de sucos de frutas naturais e cervejinhas trincando no estilo \u201c<em>canela de pedreiro<\/em>\u201d.<\/p>\n<figure id=\"attachment_6503\" aria-describedby=\"caption-attachment-6503\" style=\"width: 1575px\" class=\"wp-caption aligncenter\"><img fetchpriority=\"high\" decoding=\"async\" class=\"wp-image-6503 size-full\" src=\"http:\/\/lackman.com.br\/wp-content\/uploads\/2024\/03\/Valeria-Lessa-03.jpg\" alt=\"\" width=\"1575\" height=\"2362\" srcset=\"https:\/\/lackman.com.br\/wp-content\/uploads\/2024\/03\/Valeria-Lessa-03.jpg 1575w, https:\/\/lackman.com.br\/wp-content\/uploads\/2024\/03\/Valeria-Lessa-03-200x300.jpg 200w, https:\/\/lackman.com.br\/wp-content\/uploads\/2024\/03\/Valeria-Lessa-03-683x1024.jpg 683w, https:\/\/lackman.com.br\/wp-content\/uploads\/2024\/03\/Valeria-Lessa-03-768x1152.jpg 768w, https:\/\/lackman.com.br\/wp-content\/uploads\/2024\/03\/Valeria-Lessa-03-1024x1536.jpg 1024w, https:\/\/lackman.com.br\/wp-content\/uploads\/2024\/03\/Valeria-Lessa-03-1366x2048.jpg 1366w\" sizes=\"(max-width: 1575px) 100vw, 1575px\" \/><figcaption id=\"caption-attachment-6503\" class=\"wp-caption-text\">Val\u00e9ria Lessa<\/figcaption><\/figure>\n<p style=\"text-align: justify\"><img decoding=\"async\" class=\"aligncenter wp-image-6474 size-full\" src=\"http:\/\/lackman.com.br\/wp-content\/uploads\/2024\/03\/DSCF7059.jpg\" alt=\"\" width=\"992\" height=\"661\" srcset=\"https:\/\/lackman.com.br\/wp-content\/uploads\/2024\/03\/DSCF7059.jpg 992w, https:\/\/lackman.com.br\/wp-content\/uploads\/2024\/03\/DSCF7059-300x200.jpg 300w, https:\/\/lackman.com.br\/wp-content\/uploads\/2024\/03\/DSCF7059-768x512.jpg 768w\" sizes=\"(max-width: 992px) 100vw, 992px\" \/><\/p>\n<p style=\"text-align: justify\"><img decoding=\"async\" class=\"aligncenter wp-image-6475 size-full\" src=\"http:\/\/lackman.com.br\/wp-content\/uploads\/2024\/03\/DSCF7070.jpg\" alt=\"\" width=\"992\" height=\"661\" srcset=\"https:\/\/lackman.com.br\/wp-content\/uploads\/2024\/03\/DSCF7070.jpg 992w, https:\/\/lackman.com.br\/wp-content\/uploads\/2024\/03\/DSCF7070-300x200.jpg 300w, https:\/\/lackman.com.br\/wp-content\/uploads\/2024\/03\/DSCF7070-768x512.jpg 768w\" sizes=\"(max-width: 992px) 100vw, 992px\" \/><\/p>\n<p style=\"text-align: justify\"><img loading=\"lazy\" decoding=\"async\" class=\"aligncenter wp-image-6476 size-full\" src=\"http:\/\/lackman.com.br\/wp-content\/uploads\/2024\/03\/DSCF7099.jpg\" alt=\"\" width=\"661\" height=\"992\" srcset=\"https:\/\/lackman.com.br\/wp-content\/uploads\/2024\/03\/DSCF7099.jpg 661w, https:\/\/lackman.com.br\/wp-content\/uploads\/2024\/03\/DSCF7099-200x300.jpg 200w\" sizes=\"(max-width: 661px) 100vw, 661px\" \/><\/p>\n<p style=\"text-align: justify\"><img loading=\"lazy\" decoding=\"async\" class=\"aligncenter wp-image-6477 size-full\" src=\"http:\/\/lackman.com.br\/wp-content\/uploads\/2024\/03\/DSCF7107.jpg\" alt=\"\" width=\"661\" height=\"992\" srcset=\"https:\/\/lackman.com.br\/wp-content\/uploads\/2024\/03\/DSCF7107.jpg 661w, https:\/\/lackman.com.br\/wp-content\/uploads\/2024\/03\/DSCF7107-200x300.jpg 200w\" sizes=\"(max-width: 661px) 100vw, 661px\" \/><\/p>\n<p style=\"text-align: justify\"><img loading=\"lazy\" decoding=\"async\" class=\"aligncenter wp-image-6478 size-full\" src=\"http:\/\/lackman.com.br\/wp-content\/uploads\/2024\/03\/DSCF7119.jpg\" alt=\"\" width=\"992\" height=\"661\" srcset=\"https:\/\/lackman.com.br\/wp-content\/uploads\/2024\/03\/DSCF7119.jpg 992w, https:\/\/lackman.com.br\/wp-content\/uploads\/2024\/03\/DSCF7119-300x200.jpg 300w, https:\/\/lackman.com.br\/wp-content\/uploads\/2024\/03\/DSCF7119-768x512.jpg 768w\" sizes=\"(max-width: 992px) 100vw, 992px\" \/><\/p>\n<p style=\"text-align: justify\">As brincadeiras textuais \u00e0 parte s\u00e3o, na verdade, para ressaltar o qu\u00e3o <strong>aconchegante<\/strong> esteve o <strong><em>meeting<\/em> <\/strong>que Lessa promoveu na tarde daquele s\u00e1bado que fez sol, depois choveu, e que, nem por isso, diminuiu o pique da galera que dan\u00e7ou ao som do <strong>DJ Nando Rocha<\/strong> e depois com o show da dupla <strong>Jean Lucca e Thiago<\/strong>. Inclusive, a aniversariante n\u00e3o hesitou por um segundo sequer em subir ao palco e cantarolar algumas m\u00fasicas de sua <strong><em>playlist<\/em> preferida<\/strong> encantando ainda mais os presentes com seu carisma.<\/p>\n<figure id=\"attachment_6479\" aria-describedby=\"caption-attachment-6479\" style=\"width: 992px\" class=\"wp-caption aligncenter\"><img loading=\"lazy\" decoding=\"async\" class=\"wp-image-6479 size-full\" src=\"http:\/\/lackman.com.br\/wp-content\/uploads\/2024\/03\/DSCF7283.jpg\" alt=\"\" width=\"992\" height=\"661\" srcset=\"https:\/\/lackman.com.br\/wp-content\/uploads\/2024\/03\/DSCF7283.jpg 992w, https:\/\/lackman.com.br\/wp-content\/uploads\/2024\/03\/DSCF7283-300x200.jpg 300w, https:\/\/lackman.com.br\/wp-content\/uploads\/2024\/03\/DSCF7283-768x512.jpg 768w\" sizes=\"(max-width: 992px) 100vw, 992px\" \/><figcaption id=\"caption-attachment-6479\" class=\"wp-caption-text\">Jean Lucca e Thiago<\/figcaption><\/figure>\n<figure id=\"attachment_6480\" aria-describedby=\"caption-attachment-6480\" style=\"width: 992px\" class=\"wp-caption aligncenter\"><img loading=\"lazy\" decoding=\"async\" class=\"wp-image-6480 size-full\" src=\"http:\/\/lackman.com.br\/wp-content\/uploads\/2024\/03\/DSCF7353.jpg\" alt=\"\" width=\"992\" height=\"661\" srcset=\"https:\/\/lackman.com.br\/wp-content\/uploads\/2024\/03\/DSCF7353.jpg 992w, https:\/\/lackman.com.br\/wp-content\/uploads\/2024\/03\/DSCF7353-300x200.jpg 300w, https:\/\/lackman.com.br\/wp-content\/uploads\/2024\/03\/DSCF7353-768x512.jpg 768w\" sizes=\"(max-width: 992px) 100vw, 992px\" \/><figcaption id=\"caption-attachment-6480\" class=\"wp-caption-text\">Maria Cec\u00edlia com sua turminha marota<\/figcaption><\/figure>\n<figure id=\"attachment_6481\" aria-describedby=\"caption-attachment-6481\" style=\"width: 992px\" class=\"wp-caption aligncenter\"><img loading=\"lazy\" decoding=\"async\" class=\"wp-image-6481 size-full\" src=\"http:\/\/lackman.com.br\/wp-content\/uploads\/2024\/03\/DSCF7475-1.jpg\" alt=\"\" width=\"992\" height=\"661\" srcset=\"https:\/\/lackman.com.br\/wp-content\/uploads\/2024\/03\/DSCF7475-1.jpg 992w, https:\/\/lackman.com.br\/wp-content\/uploads\/2024\/03\/DSCF7475-1-300x200.jpg 300w, https:\/\/lackman.com.br\/wp-content\/uploads\/2024\/03\/DSCF7475-1-768x512.jpg 768w\" sizes=\"(max-width: 992px) 100vw, 992px\" \/><figcaption id=\"caption-attachment-6481\" class=\"wp-caption-text\">Jean Lucca, Lessa e Thiago<\/figcaption><\/figure>\n<p style=\"text-align: justify\">Lessa, que \u00e9 conhecida por milhares de seguidores que curtem seu conte\u00fado de moda, <em>fitness<\/em>, fam\u00edlia e <em>lifestyle<\/em>, encantou tamb\u00e9m os presentes com seu look elegante, florido, composto por um bel\u00edssimo vestido tomara que caia by <strong>Eduardo Amarante para Rebecca Fernandes<\/strong> e beleza luminosa de <strong>Yara Prado<\/strong>. Nos p\u00e9s, seu presente de anivers\u00e1rio para comemorar a data em alto estilo, um <strong>Prada Pump Slingback<\/strong> em couro escovado preto. <strong>L.U.X.O!<\/strong><\/p>\n<p style=\"text-align: justify\">\u00c9 pessoal, a coluna <strong>#PERAMBULANDO<\/strong> n\u00e3o deixa escapar nenhum detalhe, principalmente quando as fotos da festa tamb\u00e9m s\u00e3o de autoria deste colunista (que \u00e9 fot\u00f3grafo). Nelas, voc\u00eas ver\u00e3o que a festa contou com dois <em><strong>Parab\u00e9ns Pra Voc\u00ea<\/strong><\/em>. O primeiro, foi compartilhado por Val\u00e9ria e sua filha, <strong>Maria Cec\u00edlia<\/strong> que fazem anivers\u00e1rio no mesmo dia. O segundo, foi uma surpresa que Lessa fez ao jornalista <strong>Fernando Lackman<\/strong> (que por acaso batiza este site) e completa nova idade na pr\u00f3xima quarta-feira (13) a quem ela chama carinhosamente de &#8220;<em><strong>amigo-irm\u00e3o<\/strong><\/em>&#8220;. Quem quiser pode desejar felicidades para ele l\u00e1 pelo Insta que est\u00e1 tudo certo!<\/p>\n<figure id=\"attachment_6482\" aria-describedby=\"caption-attachment-6482\" style=\"width: 992px\" class=\"wp-caption aligncenter\"><img loading=\"lazy\" decoding=\"async\" class=\"wp-image-6482 size-full\" src=\"http:\/\/lackman.com.br\/wp-content\/uploads\/2024\/03\/DSCF7535.jpg\" alt=\"\" width=\"992\" height=\"661\" srcset=\"https:\/\/lackman.com.br\/wp-content\/uploads\/2024\/03\/DSCF7535.jpg 992w, https:\/\/lackman.com.br\/wp-content\/uploads\/2024\/03\/DSCF7535-300x200.jpg 300w, https:\/\/lackman.com.br\/wp-content\/uploads\/2024\/03\/DSCF7535-768x512.jpg 768w\" sizes=\"(max-width: 992px) 100vw, 992px\" \/><figcaption id=\"caption-attachment-6482\" class=\"wp-caption-text\">Miguel Lessa, Ananias e Maria de F\u00e1tima In\u00e1cio, Val\u00e9ria e Maria Cec\u00edlia Lessa<\/figcaption><\/figure>\n<figure id=\"attachment_6483\" aria-describedby=\"caption-attachment-6483\" style=\"width: 992px\" class=\"wp-caption aligncenter\"><img loading=\"lazy\" decoding=\"async\" class=\"wp-image-6483 size-full\" src=\"http:\/\/lackman.com.br\/wp-content\/uploads\/2024\/03\/DSCF7568.jpg\" alt=\"\" width=\"992\" height=\"661\" srcset=\"https:\/\/lackman.com.br\/wp-content\/uploads\/2024\/03\/DSCF7568.jpg 992w, https:\/\/lackman.com.br\/wp-content\/uploads\/2024\/03\/DSCF7568-300x200.jpg 300w, https:\/\/lackman.com.br\/wp-content\/uploads\/2024\/03\/DSCF7568-768x512.jpg 768w\" sizes=\"(max-width: 992px) 100vw, 992px\" \/><figcaption id=\"caption-attachment-6483\" class=\"wp-caption-text\">Os Pamonheiros<\/figcaption><\/figure>\n<figure id=\"attachment_6484\" aria-describedby=\"caption-attachment-6484\" style=\"width: 992px\" class=\"wp-caption aligncenter\"><img loading=\"lazy\" decoding=\"async\" class=\"wp-image-6484 size-full\" src=\"http:\/\/lackman.com.br\/wp-content\/uploads\/2024\/03\/DSCF7608.jpg\" alt=\"\" width=\"992\" height=\"661\" srcset=\"https:\/\/lackman.com.br\/wp-content\/uploads\/2024\/03\/DSCF7608.jpg 992w, https:\/\/lackman.com.br\/wp-content\/uploads\/2024\/03\/DSCF7608-300x200.jpg 300w, https:\/\/lackman.com.br\/wp-content\/uploads\/2024\/03\/DSCF7608-768x512.jpg 768w\" sizes=\"(max-width: 992px) 100vw, 992px\" \/><figcaption id=\"caption-attachment-6484\" class=\"wp-caption-text\">Fernando Lackman e Val\u00e9ria Lessa<\/figcaption><\/figure>\n<p style=\"text-align: justify\">N\u00e3o posso finalizar sem destacar que um <strong>espa\u00e7o especial<\/strong> foi criado para a <strong>divers\u00e3o das crian\u00e7as<\/strong>, onde rolavam muitas brincadeiras como queimada, pique e pega, entre brinquedos infl\u00e1veis. A farra s\u00f3 tinha sossego quando eram servidas as comidinhas preparadas pelo <em><strong>buffet<\/strong> <\/em>de <strong>Sandro Abrantes<\/strong>, que caprichou nas batatinhas, mini pizzas, hot dogs e muito mais. Ah! E tem ainda mais um detalhe da Pamonhada que, no final, somou cerca de <strong>850 unidades<\/strong>. Todas foram feitas por um verdadeiro <strong>batalh\u00e3o de amigos<\/strong> dos pais de Val\u00e9ria. Seu <strong>Ananias<\/strong> e sua m\u00e3e, <strong>Dona Maria de F\u00e1tima<\/strong>, que capitaneou as opera\u00e7\u00f5es dessa f\u00e1brica de pamonhas. Inclusive, elas tamb\u00e9m rechearam as sacolas que cada um levou para casa como <strong>souvenir<\/strong> dessa festa para l\u00e1 de gostosa.<\/p>\n<p>Confira nos cliques mais <strong>alguns dos convidados<\/strong> que marcaram presen\u00e7a:<\/p>\n<figure id=\"attachment_6486\" aria-describedby=\"caption-attachment-6486\" style=\"width: 2362px\" class=\"wp-caption aligncenter\"><img loading=\"lazy\" decoding=\"async\" class=\"wp-image-6486 size-full\" src=\"http:\/\/lackman.com.br\/wp-content\/uploads\/2024\/03\/Ananias-e-Maria-de-Fatima-Inacio.jpg\" alt=\"\" width=\"2362\" height=\"1575\" srcset=\"https:\/\/lackman.com.br\/wp-content\/uploads\/2024\/03\/Ananias-e-Maria-de-Fatima-Inacio.jpg 2362w, https:\/\/lackman.com.br\/wp-content\/uploads\/2024\/03\/Ananias-e-Maria-de-Fatima-Inacio-300x200.jpg 300w, https:\/\/lackman.com.br\/wp-content\/uploads\/2024\/03\/Ananias-e-Maria-de-Fatima-Inacio-1024x683.jpg 1024w, https:\/\/lackman.com.br\/wp-content\/uploads\/2024\/03\/Ananias-e-Maria-de-Fatima-Inacio-768x512.jpg 768w, https:\/\/lackman.com.br\/wp-content\/uploads\/2024\/03\/Ananias-e-Maria-de-Fatima-Inacio-1536x1024.jpg 1536w, https:\/\/lackman.com.br\/wp-content\/uploads\/2024\/03\/Ananias-e-Maria-de-Fatima-Inacio-2048x1366.jpg 2048w\" sizes=\"(max-width: 2362px) 100vw, 2362px\" \/><figcaption id=\"caption-attachment-6486\" class=\"wp-caption-text\">Ananias e Maria de F\u00e1tima In\u00e1cio<\/figcaption><\/figure>\n<figure id=\"attachment_6488\" aria-describedby=\"caption-attachment-6488\" style=\"width: 2362px\" class=\"wp-caption aligncenter\"><img loading=\"lazy\" decoding=\"async\" class=\"wp-image-6488 size-full\" src=\"http:\/\/lackman.com.br\/wp-content\/uploads\/2024\/03\/Marcelo-de-Oliveira-e-Lilian-Lemos.jpg\" alt=\"\" width=\"2362\" height=\"1575\" srcset=\"https:\/\/lackman.com.br\/wp-content\/uploads\/2024\/03\/Marcelo-de-Oliveira-e-Lilian-Lemos.jpg 2362w, https:\/\/lackman.com.br\/wp-content\/uploads\/2024\/03\/Marcelo-de-Oliveira-e-Lilian-Lemos-300x200.jpg 300w, https:\/\/lackman.com.br\/wp-content\/uploads\/2024\/03\/Marcelo-de-Oliveira-e-Lilian-Lemos-1024x683.jpg 1024w, https:\/\/lackman.com.br\/wp-content\/uploads\/2024\/03\/Marcelo-de-Oliveira-e-Lilian-Lemos-768x512.jpg 768w, https:\/\/lackman.com.br\/wp-content\/uploads\/2024\/03\/Marcelo-de-Oliveira-e-Lilian-Lemos-1536x1024.jpg 1536w, https:\/\/lackman.com.br\/wp-content\/uploads\/2024\/03\/Marcelo-de-Oliveira-e-Lilian-Lemos-2048x1366.jpg 2048w\" sizes=\"(max-width: 2362px) 100vw, 2362px\" \/><figcaption id=\"caption-attachment-6488\" class=\"wp-caption-text\">Marcelo de Oliveira e Lilian Lemos<\/figcaption><\/figure>\n<figure id=\"attachment_6489\" aria-describedby=\"caption-attachment-6489\" style=\"width: 2362px\" class=\"wp-caption aligncenter\"><img loading=\"lazy\" decoding=\"async\" class=\"wp-image-6489 size-full\" src=\"http:\/\/lackman.com.br\/wp-content\/uploads\/2024\/03\/Raquel-Medeiros-Rafael-Inacio-e-Samuel-Medeiros.jpg\" alt=\"\" width=\"2362\" height=\"1575\" srcset=\"https:\/\/lackman.com.br\/wp-content\/uploads\/2024\/03\/Raquel-Medeiros-Rafael-Inacio-e-Samuel-Medeiros.jpg 2362w, https:\/\/lackman.com.br\/wp-content\/uploads\/2024\/03\/Raquel-Medeiros-Rafael-Inacio-e-Samuel-Medeiros-300x200.jpg 300w, https:\/\/lackman.com.br\/wp-content\/uploads\/2024\/03\/Raquel-Medeiros-Rafael-Inacio-e-Samuel-Medeiros-1024x683.jpg 1024w, https:\/\/lackman.com.br\/wp-content\/uploads\/2024\/03\/Raquel-Medeiros-Rafael-Inacio-e-Samuel-Medeiros-768x512.jpg 768w, https:\/\/lackman.com.br\/wp-content\/uploads\/2024\/03\/Raquel-Medeiros-Rafael-Inacio-e-Samuel-Medeiros-1536x1024.jpg 1536w, https:\/\/lackman.com.br\/wp-content\/uploads\/2024\/03\/Raquel-Medeiros-Rafael-Inacio-e-Samuel-Medeiros-2048x1366.jpg 2048w\" sizes=\"(max-width: 2362px) 100vw, 2362px\" \/><figcaption id=\"caption-attachment-6489\" class=\"wp-caption-text\">Raquel Medeiros, Rafael In\u00e1cio e Samuel Medeiros<\/figcaption><\/figure>\n<figure id=\"attachment_6490\" aria-describedby=\"caption-attachment-6490\" style=\"width: 2362px\" class=\"wp-caption aligncenter\"><img loading=\"lazy\" decoding=\"async\" class=\"wp-image-6490 size-full\" src=\"http:\/\/lackman.com.br\/wp-content\/uploads\/2024\/03\/Ray-Milhomen-e-Felipe-Santos.jpg\" alt=\"\" width=\"2362\" height=\"1575\" srcset=\"https:\/\/lackman.com.br\/wp-content\/uploads\/2024\/03\/Ray-Milhomen-e-Felipe-Santos.jpg 2362w, https:\/\/lackman.com.br\/wp-content\/uploads\/2024\/03\/Ray-Milhomen-e-Felipe-Santos-300x200.jpg 300w, https:\/\/lackman.com.br\/wp-content\/uploads\/2024\/03\/Ray-Milhomen-e-Felipe-Santos-1024x683.jpg 1024w, https:\/\/lackman.com.br\/wp-content\/uploads\/2024\/03\/Ray-Milhomen-e-Felipe-Santos-768x512.jpg 768w, https:\/\/lackman.com.br\/wp-content\/uploads\/2024\/03\/Ray-Milhomen-e-Felipe-Santos-1536x1024.jpg 1536w, https:\/\/lackman.com.br\/wp-content\/uploads\/2024\/03\/Ray-Milhomen-e-Felipe-Santos-2048x1366.jpg 2048w\" sizes=\"(max-width: 2362px) 100vw, 2362px\" \/><figcaption id=\"caption-attachment-6490\" class=\"wp-caption-text\">Ray Milhomen e Felipe Santos<\/figcaption><\/figure>\n<figure id=\"attachment_6491\" aria-describedby=\"caption-attachment-6491\" style=\"width: 2362px\" class=\"wp-caption aligncenter\"><img loading=\"lazy\" decoding=\"async\" class=\"wp-image-6491 size-full\" src=\"http:\/\/lackman.com.br\/wp-content\/uploads\/2024\/03\/Rebecca-Fernandes-e-Daniela-Furtado.jpg\" alt=\"\" width=\"2362\" height=\"1575\" srcset=\"https:\/\/lackman.com.br\/wp-content\/uploads\/2024\/03\/Rebecca-Fernandes-e-Daniela-Furtado.jpg 2362w, https:\/\/lackman.com.br\/wp-content\/uploads\/2024\/03\/Rebecca-Fernandes-e-Daniela-Furtado-300x200.jpg 300w, https:\/\/lackman.com.br\/wp-content\/uploads\/2024\/03\/Rebecca-Fernandes-e-Daniela-Furtado-1024x683.jpg 1024w, https:\/\/lackman.com.br\/wp-content\/uploads\/2024\/03\/Rebecca-Fernandes-e-Daniela-Furtado-768x512.jpg 768w, https:\/\/lackman.com.br\/wp-content\/uploads\/2024\/03\/Rebecca-Fernandes-e-Daniela-Furtado-1536x1024.jpg 1536w, https:\/\/lackman.com.br\/wp-content\/uploads\/2024\/03\/Rebecca-Fernandes-e-Daniela-Furtado-2048x1366.jpg 2048w\" sizes=\"(max-width: 2362px) 100vw, 2362px\" \/><figcaption id=\"caption-attachment-6491\" class=\"wp-caption-text\">Rebecca Fernandes e Daniela Furtado<\/figcaption><\/figure>\n<figure id=\"attachment_6492\" aria-describedby=\"caption-attachment-6492\" style=\"width: 2362px\" class=\"wp-caption aligncenter\"><img loading=\"lazy\" decoding=\"async\" class=\"wp-image-6492 size-full\" src=\"http:\/\/lackman.com.br\/wp-content\/uploads\/2024\/03\/Rodrigo-Silva-e-Michelle-Abrantes.jpg\" alt=\"\" width=\"2362\" height=\"1575\" srcset=\"https:\/\/lackman.com.br\/wp-content\/uploads\/2024\/03\/Rodrigo-Silva-e-Michelle-Abrantes.jpg 2362w, https:\/\/lackman.com.br\/wp-content\/uploads\/2024\/03\/Rodrigo-Silva-e-Michelle-Abrantes-300x200.jpg 300w, https:\/\/lackman.com.br\/wp-content\/uploads\/2024\/03\/Rodrigo-Silva-e-Michelle-Abrantes-1024x683.jpg 1024w, https:\/\/lackman.com.br\/wp-content\/uploads\/2024\/03\/Rodrigo-Silva-e-Michelle-Abrantes-768x512.jpg 768w, https:\/\/lackman.com.br\/wp-content\/uploads\/2024\/03\/Rodrigo-Silva-e-Michelle-Abrantes-1536x1024.jpg 1536w, https:\/\/lackman.com.br\/wp-content\/uploads\/2024\/03\/Rodrigo-Silva-e-Michelle-Abrantes-2048x1366.jpg 2048w\" sizes=\"(max-width: 2362px) 100vw, 2362px\" \/><figcaption id=\"caption-attachment-6492\" class=\"wp-caption-text\">Rodrigo Silva e Michelle Abrantes<\/figcaption><\/figure>\n<figure id=\"attachment_6493\" aria-describedby=\"caption-attachment-6493\" style=\"width: 2362px\" class=\"wp-caption aligncenter\"><img loading=\"lazy\" decoding=\"async\" class=\"wp-image-6493 size-full\" src=\"http:\/\/lackman.com.br\/wp-content\/uploads\/2024\/03\/Romildo-Nascimento-e-Katia-Turra.jpg\" alt=\"\" width=\"2362\" height=\"1575\" srcset=\"https:\/\/lackman.com.br\/wp-content\/uploads\/2024\/03\/Romildo-Nascimento-e-Katia-Turra.jpg 2362w, https:\/\/lackman.com.br\/wp-content\/uploads\/2024\/03\/Romildo-Nascimento-e-Katia-Turra-300x200.jpg 300w, https:\/\/lackman.com.br\/wp-content\/uploads\/2024\/03\/Romildo-Nascimento-e-Katia-Turra-1024x683.jpg 1024w, https:\/\/lackman.com.br\/wp-content\/uploads\/2024\/03\/Romildo-Nascimento-e-Katia-Turra-768x512.jpg 768w, https:\/\/lackman.com.br\/wp-content\/uploads\/2024\/03\/Romildo-Nascimento-e-Katia-Turra-1536x1024.jpg 1536w, https:\/\/lackman.com.br\/wp-content\/uploads\/2024\/03\/Romildo-Nascimento-e-Katia-Turra-2048x1366.jpg 2048w\" sizes=\"(max-width: 2362px) 100vw, 2362px\" \/><figcaption id=\"caption-attachment-6493\" class=\"wp-caption-text\">Romildo Nascimento e K\u00e1tia Turra<\/figcaption><\/figure>\n<figure id=\"attachment_6494\" aria-describedby=\"caption-attachment-6494\" style=\"width: 2362px\" class=\"wp-caption aligncenter\"><img loading=\"lazy\" decoding=\"async\" class=\"wp-image-6494 size-full\" src=\"http:\/\/lackman.com.br\/wp-content\/uploads\/2024\/03\/Thiago-Angelo-e-Fernando-Lackman.jpg\" alt=\"\" width=\"2362\" height=\"1575\" srcset=\"https:\/\/lackman.com.br\/wp-content\/uploads\/2024\/03\/Thiago-Angelo-e-Fernando-Lackman.jpg 2362w, https:\/\/lackman.com.br\/wp-content\/uploads\/2024\/03\/Thiago-Angelo-e-Fernando-Lackman-300x200.jpg 300w, https:\/\/lackman.com.br\/wp-content\/uploads\/2024\/03\/Thiago-Angelo-e-Fernando-Lackman-1024x683.jpg 1024w, https:\/\/lackman.com.br\/wp-content\/uploads\/2024\/03\/Thiago-Angelo-e-Fernando-Lackman-768x512.jpg 768w, https:\/\/lackman.com.br\/wp-content\/uploads\/2024\/03\/Thiago-Angelo-e-Fernando-Lackman-1536x1024.jpg 1536w, https:\/\/lackman.com.br\/wp-content\/uploads\/2024\/03\/Thiago-Angelo-e-Fernando-Lackman-2048x1366.jpg 2048w\" sizes=\"(max-width: 2362px) 100vw, 2362px\" \/><figcaption id=\"caption-attachment-6494\" class=\"wp-caption-text\">Thiago Angelo e Fernando Lackman<\/figcaption><\/figure>\n<figure id=\"attachment_6501\" aria-describedby=\"caption-attachment-6501\" style=\"width: 2362px\" class=\"wp-caption aligncenter\"><img loading=\"lazy\" decoding=\"async\" class=\"wp-image-6501 size-full\" src=\"http:\/\/lackman.com.br\/wp-content\/uploads\/2024\/03\/Valeria-e-os-irmaos-Renata-Edna-e-Rafael-Inacio.jpg\" alt=\"\" width=\"2362\" height=\"1575\" srcset=\"https:\/\/lackman.com.br\/wp-content\/uploads\/2024\/03\/Valeria-e-os-irmaos-Renata-Edna-e-Rafael-Inacio.jpg 2362w, https:\/\/lackman.com.br\/wp-content\/uploads\/2024\/03\/Valeria-e-os-irmaos-Renata-Edna-e-Rafael-Inacio-300x200.jpg 300w, https:\/\/lackman.com.br\/wp-content\/uploads\/2024\/03\/Valeria-e-os-irmaos-Renata-Edna-e-Rafael-Inacio-1024x683.jpg 1024w, https:\/\/lackman.com.br\/wp-content\/uploads\/2024\/03\/Valeria-e-os-irmaos-Renata-Edna-e-Rafael-Inacio-768x512.jpg 768w, https:\/\/lackman.com.br\/wp-content\/uploads\/2024\/03\/Valeria-e-os-irmaos-Renata-Edna-e-Rafael-Inacio-1536x1024.jpg 1536w, https:\/\/lackman.com.br\/wp-content\/uploads\/2024\/03\/Valeria-e-os-irmaos-Renata-Edna-e-Rafael-Inacio-2048x1366.jpg 2048w\" sizes=\"(max-width: 2362px) 100vw, 2362px\" \/><figcaption id=\"caption-attachment-6501\" class=\"wp-caption-text\">Val\u00e9ria e os irm\u00e3os Renata, Edna e Rafael In\u00e1cio<\/figcaption><\/figure>\n<figure id=\"attachment_6502\" aria-describedby=\"caption-attachment-6502\" style=\"width: 2362px\" class=\"wp-caption aligncenter\"><img loading=\"lazy\" decoding=\"async\" class=\"wp-image-6502 size-full\" src=\"http:\/\/lackman.com.br\/wp-content\/uploads\/2024\/03\/Duda-Santos-e-Cesar-Santos.jpg\" alt=\"\" width=\"2362\" height=\"1575\" srcset=\"https:\/\/lackman.com.br\/wp-content\/uploads\/2024\/03\/Duda-Santos-e-Cesar-Santos.jpg 2362w, https:\/\/lackman.com.br\/wp-content\/uploads\/2024\/03\/Duda-Santos-e-Cesar-Santos-300x200.jpg 300w, https:\/\/lackman.com.br\/wp-content\/uploads\/2024\/03\/Duda-Santos-e-Cesar-Santos-1024x683.jpg 1024w, https:\/\/lackman.com.br\/wp-content\/uploads\/2024\/03\/Duda-Santos-e-Cesar-Santos-768x512.jpg 768w, https:\/\/lackman.com.br\/wp-content\/uploads\/2024\/03\/Duda-Santos-e-Cesar-Santos-1536x1024.jpg 1536w, https:\/\/lackman.com.br\/wp-content\/uploads\/2024\/03\/Duda-Santos-e-Cesar-Santos-2048x1366.jpg 2048w\" sizes=\"(max-width: 2362px) 100vw, 2362px\" \/><figcaption id=\"caption-attachment-6502\" class=\"wp-caption-text\">Duda Santos e C\u00e9sar Santos<\/figcaption><\/figure>\n<figure id=\"attachment_6495\" aria-describedby=\"caption-attachment-6495\" style=\"width: 2362px\" class=\"wp-caption aligncenter\"><img loading=\"lazy\" decoding=\"async\" class=\"wp-image-6495 size-full\" src=\"http:\/\/lackman.com.br\/wp-content\/uploads\/2024\/03\/Thiago-Malva-e-Matheus-Dantas-01.jpg\" alt=\"\" width=\"2362\" height=\"1575\" srcset=\"https:\/\/lackman.com.br\/wp-content\/uploads\/2024\/03\/Thiago-Malva-e-Matheus-Dantas-01.jpg 2362w, https:\/\/lackman.com.br\/wp-content\/uploads\/2024\/03\/Thiago-Malva-e-Matheus-Dantas-01-300x200.jpg 300w, https:\/\/lackman.com.br\/wp-content\/uploads\/2024\/03\/Thiago-Malva-e-Matheus-Dantas-01-1024x683.jpg 1024w, https:\/\/lackman.com.br\/wp-content\/uploads\/2024\/03\/Thiago-Malva-e-Matheus-Dantas-01-768x512.jpg 768w, https:\/\/lackman.com.br\/wp-content\/uploads\/2024\/03\/Thiago-Malva-e-Matheus-Dantas-01-1536x1024.jpg 1536w, https:\/\/lackman.com.br\/wp-content\/uploads\/2024\/03\/Thiago-Malva-e-Matheus-Dantas-01-2048x1366.jpg 2048w\" sizes=\"(max-width: 2362px) 100vw, 2362px\" \/><figcaption id=\"caption-attachment-6495\" class=\"wp-caption-text\">Thiago Malva e Matheus Dantas<\/figcaption><\/figure>\n<figure id=\"attachment_6496\" aria-describedby=\"caption-attachment-6496\" style=\"width: 2362px\" class=\"wp-caption aligncenter\"><img loading=\"lazy\" decoding=\"async\" class=\"wp-image-6496 size-full\" src=\"http:\/\/lackman.com.br\/wp-content\/uploads\/2024\/03\/Valeria-Lessa-e-Maria-de-Fatima-Inacio.jpg\" alt=\"\" width=\"2362\" height=\"1575\" srcset=\"https:\/\/lackman.com.br\/wp-content\/uploads\/2024\/03\/Valeria-Lessa-e-Maria-de-Fatima-Inacio.jpg 2362w, https:\/\/lackman.com.br\/wp-content\/uploads\/2024\/03\/Valeria-Lessa-e-Maria-de-Fatima-Inacio-300x200.jpg 300w, https:\/\/lackman.com.br\/wp-content\/uploads\/2024\/03\/Valeria-Lessa-e-Maria-de-Fatima-Inacio-1024x683.jpg 1024w, https:\/\/lackman.com.br\/wp-content\/uploads\/2024\/03\/Valeria-Lessa-e-Maria-de-Fatima-Inacio-768x512.jpg 768w, https:\/\/lackman.com.br\/wp-content\/uploads\/2024\/03\/Valeria-Lessa-e-Maria-de-Fatima-Inacio-1536x1024.jpg 1536w, https:\/\/lackman.com.br\/wp-content\/uploads\/2024\/03\/Valeria-Lessa-e-Maria-de-Fatima-Inacio-2048x1366.jpg 2048w\" sizes=\"(max-width: 2362px) 100vw, 2362px\" \/><figcaption id=\"caption-attachment-6496\" class=\"wp-caption-text\">Val\u00e9ria Lessa e Maria de F\u00e1tima In\u00e1cio<\/figcaption><\/figure>\n<figure id=\"attachment_6498\" aria-describedby=\"caption-attachment-6498\" style=\"width: 2362px\" class=\"wp-caption aligncenter\"><img loading=\"lazy\" decoding=\"async\" class=\"wp-image-6498 size-full\" src=\"http:\/\/lackman.com.br\/wp-content\/uploads\/2024\/03\/Andressa-Catty-e-Ronaldo-de-Oliveira.jpg\" alt=\"\" width=\"2362\" height=\"1575\" srcset=\"https:\/\/lackman.com.br\/wp-content\/uploads\/2024\/03\/Andressa-Catty-e-Ronaldo-de-Oliveira.jpg 2362w, https:\/\/lackman.com.br\/wp-content\/uploads\/2024\/03\/Andressa-Catty-e-Ronaldo-de-Oliveira-300x200.jpg 300w, https:\/\/lackman.com.br\/wp-content\/uploads\/2024\/03\/Andressa-Catty-e-Ronaldo-de-Oliveira-1024x683.jpg 1024w, https:\/\/lackman.com.br\/wp-content\/uploads\/2024\/03\/Andressa-Catty-e-Ronaldo-de-Oliveira-768x512.jpg 768w, https:\/\/lackman.com.br\/wp-content\/uploads\/2024\/03\/Andressa-Catty-e-Ronaldo-de-Oliveira-1536x1024.jpg 1536w, https:\/\/lackman.com.br\/wp-content\/uploads\/2024\/03\/Andressa-Catty-e-Ronaldo-de-Oliveira-2048x1366.jpg 2048w\" sizes=\"(max-width: 2362px) 100vw, 2362px\" \/><figcaption id=\"caption-attachment-6498\" class=\"wp-caption-text\">Ronaldo de Oliveira e Andressa Catty<\/figcaption><\/figure>\n<figure id=\"attachment_6499\" aria-describedby=\"caption-attachment-6499\" style=\"width: 2362px\" class=\"wp-caption aligncenter\"><img loading=\"lazy\" decoding=\"async\" class=\"wp-image-6499 size-full\" src=\"http:\/\/lackman.com.br\/wp-content\/uploads\/2024\/03\/Kelly-Coimbra-e-Yara-Prado-01.jpg\" alt=\"\" width=\"2362\" height=\"1575\" srcset=\"https:\/\/lackman.com.br\/wp-content\/uploads\/2024\/03\/Kelly-Coimbra-e-Yara-Prado-01.jpg 2362w, https:\/\/lackman.com.br\/wp-content\/uploads\/2024\/03\/Kelly-Coimbra-e-Yara-Prado-01-300x200.jpg 300w, https:\/\/lackman.com.br\/wp-content\/uploads\/2024\/03\/Kelly-Coimbra-e-Yara-Prado-01-1024x683.jpg 1024w, https:\/\/lackman.com.br\/wp-content\/uploads\/2024\/03\/Kelly-Coimbra-e-Yara-Prado-01-768x512.jpg 768w, https:\/\/lackman.com.br\/wp-content\/uploads\/2024\/03\/Kelly-Coimbra-e-Yara-Prado-01-1536x1024.jpg 1536w, https:\/\/lackman.com.br\/wp-content\/uploads\/2024\/03\/Kelly-Coimbra-e-Yara-Prado-01-2048x1366.jpg 2048w\" sizes=\"(max-width: 2362px) 100vw, 2362px\" \/><figcaption id=\"caption-attachment-6499\" class=\"wp-caption-text\">Kelly Coimbra e Yara Prado<\/figcaption><\/figure>\n<figure id=\"attachment_6500\" aria-describedby=\"caption-attachment-6500\" style=\"width: 2362px\" class=\"wp-caption aligncenter\"><img loading=\"lazy\" decoding=\"async\" class=\"wp-image-6500 size-full\" src=\"http:\/\/lackman.com.br\/wp-content\/uploads\/2024\/03\/Valeria-Maria-Cecilia-e-Miguel-Lessa.jpg\" alt=\"\" width=\"2362\" height=\"1575\" srcset=\"https:\/\/lackman.com.br\/wp-content\/uploads\/2024\/03\/Valeria-Maria-Cecilia-e-Miguel-Lessa.jpg 2362w, https:\/\/lackman.com.br\/wp-content\/uploads\/2024\/03\/Valeria-Maria-Cecilia-e-Miguel-Lessa-300x200.jpg 300w, https:\/\/lackman.com.br\/wp-content\/uploads\/2024\/03\/Valeria-Maria-Cecilia-e-Miguel-Lessa-1024x683.jpg 1024w, https:\/\/lackman.com.br\/wp-content\/uploads\/2024\/03\/Valeria-Maria-Cecilia-e-Miguel-Lessa-768x512.jpg 768w, https:\/\/lackman.com.br\/wp-content\/uploads\/2024\/03\/Valeria-Maria-Cecilia-e-Miguel-Lessa-1536x1024.jpg 1536w, https:\/\/lackman.com.br\/wp-content\/uploads\/2024\/03\/Valeria-Maria-Cecilia-e-Miguel-Lessa-2048x1366.jpg 2048w\" sizes=\"(max-width: 2362px) 100vw, 2362px\" \/><figcaption id=\"caption-attachment-6500\" class=\"wp-caption-text\">Val\u00e9ria, Maria Cec\u00edlia e Miguel Lessa<\/figcaption><\/figure>\n<figure id=\"attachment_6497\" aria-describedby=\"caption-attachment-6497\" style=\"width: 2362px\" class=\"wp-caption aligncenter\"><img loading=\"lazy\" decoding=\"async\" class=\"wp-image-6497 size-full\" src=\"http:\/\/lackman.com.br\/wp-content\/uploads\/2024\/03\/Valteni-Souza-e-Erika-Lobo.jpg\" alt=\"\" width=\"2362\" height=\"1575\" srcset=\"https:\/\/lackman.com.br\/wp-content\/uploads\/2024\/03\/Valteni-Souza-e-Erika-Lobo.jpg 2362w, https:\/\/lackman.com.br\/wp-content\/uploads\/2024\/03\/Valteni-Souza-e-Erika-Lobo-300x200.jpg 300w, https:\/\/lackman.com.br\/wp-content\/uploads\/2024\/03\/Valteni-Souza-e-Erika-Lobo-1024x683.jpg 1024w, https:\/\/lackman.com.br\/wp-content\/uploads\/2024\/03\/Valteni-Souza-e-Erika-Lobo-768x512.jpg 768w, https:\/\/lackman.com.br\/wp-content\/uploads\/2024\/03\/Valteni-Souza-e-Erika-Lobo-1536x1024.jpg 1536w, https:\/\/lackman.com.br\/wp-content\/uploads\/2024\/03\/Valteni-Souza-e-Erika-Lobo-2048x1366.jpg 2048w\" sizes=\"(max-width: 2362px) 100vw, 2362px\" \/><figcaption id=\"caption-attachment-6497\" class=\"wp-caption-text\">Valteni Souza e \u00c9rika Lobo<\/figcaption><\/figure>\n<p>&nbsp;<\/p>\n<pre>Fotos: Gilberto Evangelista<\/pre>\n","protected":false},"excerpt":{"rendered":"<p>Abra\u00e7ando suas origens, a influencer re\u00fane familiares, amigos e parceiros de trabalho em uma comemora\u00e7\u00e3o inusitada do seu anivers\u00e1rio de 4o anos Cada um tem seu conceito de fest\u00e3o e de quando quer fazer um para comemorar uma data especial. N\u00e3o \u00e9 mesmo? Pois, Val\u00e9ria Lessa, uma das influencers mais proeminentes da capital federal arrasou ao festejar suas quatro d\u00e9cadas promovendo um Sunset Party \u201cCountry\u201d, uma festa raiz que aconteceu nesse s\u00e1bado (09), na Casa Volpi do Park Way; um verdadeiro resgate de suas origens de garota do campo, que nasceu em An\u00e1polis e cresceu entre fazendas da regi\u00e3o, com direito a dupla sertaneja, e um menu para l\u00e1 de especial recheado de del\u00edcias t\u00edpicas, com a famosa pamonha como prato principal. \u00a0Detalhe, quando enviou o convite virtual para sua festa, um formul\u00e1rio questionava: \u201cQual a sua prefer\u00eancia, de sal ou de doce?\u201d, mais inusitado e aut\u00eantico, imposs\u00edvel. E este colunista n\u00e3o pensou duas vezes, marcou de doce, fazendo parte de 65% dos 150 convidados que preferem a trouxinha de milho em sua vers\u00e3o a\u00e7ucarada, recheada com queijo, servida ao longo da festa, quentinha, quentinha. Claro que a salgada tamb\u00e9m foi elogiad\u00edssima pelos &#8220;gourmands caipiras&#8221; que puderam ainda degustar de p\u00e3o com lingui\u00e7a, milho cozido, bolos, p\u00e3o de queijo, goiabada, curau e outras guloseimas. Para acompanhar caf\u00e9, mas \u00e9 claro, ch\u00e1 e leite quentes, al\u00e9m de sucos de frutas naturais e cervejinhas trincando no estilo \u201ccanela de pedreiro\u201d. As brincadeiras textuais \u00e0 parte s\u00e3o, na verdade, para ressaltar o qu\u00e3o aconchegante esteve o meeting que Lessa promoveu na tarde daquele s\u00e1bado que fez sol, depois choveu, e que, nem por isso, diminuiu o pique da galera que dan\u00e7ou ao som do DJ Nando Rocha e depois com o show da dupla Jean Lucca e Thiago. Inclusive, a aniversariante n\u00e3o hesitou por um segundo sequer em subir ao palco e cantarolar algumas m\u00fasicas de sua playlist preferida encantando ainda mais os presentes com seu carisma. Lessa, que \u00e9 conhecida por milhares de seguidores que curtem seu conte\u00fado de moda, fitness, fam\u00edlia e lifestyle, encantou tamb\u00e9m os presentes com seu look elegante, florido, composto por um bel\u00edssimo vestido tomara que caia by Eduardo Amarante para Rebecca Fernandes e beleza luminosa de Yara Prado. Nos p\u00e9s, seu presente de anivers\u00e1rio para comemorar a data em alto estilo, um Prada Pump Slingback em couro escovado preto. L.U.X.O! \u00c9 pessoal, a coluna #PERAMBULANDO n\u00e3o deixa escapar nenhum detalhe, principalmente quando as fotos da festa tamb\u00e9m s\u00e3o de autoria deste colunista (que \u00e9 fot\u00f3grafo). Nelas, voc\u00eas ver\u00e3o que a festa contou com dois Parab\u00e9ns Pra Voc\u00ea. O primeiro, foi compartilhado por Val\u00e9ria e sua filha, Maria Cec\u00edlia que fazem anivers\u00e1rio no mesmo dia. O segundo, foi uma surpresa que Lessa fez ao jornalista Fernando Lackman (que por acaso batiza este site) e completa nova idade na pr\u00f3xima quarta-feira (13) a quem ela chama carinhosamente de &#8220;amigo-irm\u00e3o&#8220;. Quem quiser pode desejar felicidades para ele l\u00e1 pelo Insta que est\u00e1 tudo certo! N\u00e3o posso finalizar sem destacar que um espa\u00e7o especial foi criado para a divers\u00e3o das crian\u00e7as, onde rolavam muitas brincadeiras como queimada, pique e pega, entre brinquedos infl\u00e1veis. A farra s\u00f3 tinha sossego quando eram servidas as comidinhas preparadas pelo buffet de Sandro Abrantes, que caprichou nas batatinhas, mini pizzas, hot dogs e muito mais. Ah! E tem ainda mais um detalhe da Pamonhada que, no final, somou cerca de 850 unidades. Todas foram feitas por um verdadeiro batalh\u00e3o de amigos dos pais de Val\u00e9ria. Seu Ananias e sua m\u00e3e, Dona Maria de F\u00e1tima, que capitaneou as opera\u00e7\u00f5es dessa f\u00e1brica de pamonhas. Inclusive, elas tamb\u00e9m rechearam as sacolas que cada um levou para casa como souvenir dessa festa para l\u00e1 de gostosa. Confira nos cliques mais alguns dos convidados que marcaram presen\u00e7a: &nbsp; Fotos: Gilberto Evangelista<\/p>\n","protected":false},"author":6,"featured_media":6473,"comment_status":"closed","ping_status":"open","sticky":false,"template":"","format":"standard","meta":{"site-sidebar-layout":"default","site-content-layout":"","ast-site-content-layout":"default","site-content-style":"default","site-sidebar-style":"default","ast-global-header-display":"","ast-banner-title-visibility":"","ast-main-header-display":"","ast-hfb-above-header-display":"","ast-hfb-below-header-display":"","ast-hfb-mobile-header-display":"","site-post-title":"","ast-breadcrumbs-content":"","ast-featured-img":"","footer-sml-layout":"","ast-disable-related-posts":"","theme-transparent-header-meta":"default","adv-header-id-meta":"","stick-header-meta":"","header-above-stick-meta":"","header-main-stick-meta":"","header-below-stick-meta":"","astra-migrate-meta-layouts":"set","ast-page-background-enabled":"default","ast-page-background-meta":{"desktop":{"background-color":"","background-image":"","background-repeat":"repeat","background-position":"center center","background-size":"auto","background-attachment":"scroll","background-type":"","background-media":"","overlay-type":"","overlay-color":"","overlay-opacity":"","overlay-gradient":""},"tablet":{"background-color":"","background-image":"","background-repeat":"repeat","background-position":"center center","background-size":"auto","background-attachment":"scroll","background-type":"","background-media":"","overlay-type":"","overlay-color":"","overlay-opacity":"","overlay-gradient":""},"mobile":{"background-color":"","background-image":"","background-repeat":"repeat","background-position":"center center","background-size":"auto","background-attachment":"scroll","background-type":"","background-media":"","overlay-type":"","overlay-color":"","overlay-opacity":"","overlay-gradient":""}},"ast-content-background-meta":{"desktop":{"background-color":"var(--ast-global-color-5)","background-image":"","background-repeat":"repeat","background-position":"center center","background-size":"auto","background-attachment":"scroll","background-type":"","background-media":"","overlay-type":"","overlay-color":"","overlay-opacity":"","overlay-gradient":""},"tablet":{"background-color":"var(--ast-global-color-5)","background-image":"","background-repeat":"repeat","background-position":"center center","background-size":"auto","background-attachment":"scroll","background-type":"","background-media":"","overlay-type":"","overlay-color":"","overlay-opacity":"","overlay-gradient":""},"mobile":{"background-color":"var(--ast-global-color-5)","background-image":"","background-repeat":"repeat","background-position":"center center","background-size":"auto","background-attachment":"scroll","background-type":"","background-media":"","overlay-type":"","overlay-color":"","overlay-opacity":"","overlay-gradient":""}},"footnotes":""},"categories":[44,41],"tags":[794,538,1040,82,1041,1039,1038],"class_list":["post-6472","post","type-post","status-publish","format-standard","has-post-thumbnail","hentry","category-capital-e-politica","category-vida","tag-40-anos","tag-aniversario","tag-casa-volpi","tag-festa","tag-influencer","tag-pamonhada","tag-valeria-lessa"],"yoast_head":"<!-- This site is optimized with the Yoast SEO plugin v27.0 - https:\/\/yoast.com\/product\/yoast-seo-wordpress\/ -->\n<title>De sal ou de doce? A pamonhada de Val\u00e9ria Lessa - LACKMAN &amp; CO.<\/title>\n<meta name=\"robots\" content=\"index, follow, max-snippet:-1, max-image-preview:large, max-video-preview:-1\" \/>\n<link rel=\"canonical\" href=\"https:\/\/lackman.com.br\/index.php\/2024\/03\/11\/de-sal-ou-de-doce-a-pamonhada-de-valeria-lessa\/\" \/>\n<meta property=\"og:locale\" content=\"pt_BR\" \/>\n<meta property=\"og:type\" content=\"article\" \/>\n<meta property=\"og:title\" content=\"De sal ou de doce? A pamonhada de Val\u00e9ria Lessa - LACKMAN &amp; CO.\" \/>\n<meta property=\"og:description\" content=\"Abra\u00e7ando suas origens, a influencer re\u00fane familiares, amigos e parceiros de trabalho em uma comemora\u00e7\u00e3o inusitada do seu anivers\u00e1rio de 4o anos Cada um tem seu conceito de fest\u00e3o e de quando quer fazer um para comemorar uma data especial. N\u00e3o \u00e9 mesmo? Pois, Val\u00e9ria Lessa, uma das influencers mais proeminentes da capital federal arrasou ao festejar suas quatro d\u00e9cadas promovendo um Sunset Party \u201cCountry\u201d, uma festa raiz que aconteceu nesse s\u00e1bado (09), na Casa Volpi do Park Way; um verdadeiro resgate de suas origens de garota do campo, que nasceu em An\u00e1polis e cresceu entre fazendas da regi\u00e3o, com direito a dupla sertaneja, e um menu para l\u00e1 de especial recheado de del\u00edcias t\u00edpicas, com a famosa pamonha como prato principal. \u00a0Detalhe, quando enviou o convite virtual para sua festa, um formul\u00e1rio questionava: \u201cQual a sua prefer\u00eancia, de sal ou de doce?\u201d, mais inusitado e aut\u00eantico, imposs\u00edvel. E este colunista n\u00e3o pensou duas vezes, marcou de doce, fazendo parte de 65% dos 150 convidados que preferem a trouxinha de milho em sua vers\u00e3o a\u00e7ucarada, recheada com queijo, servida ao longo da festa, quentinha, quentinha. Claro que a salgada tamb\u00e9m foi elogiad\u00edssima pelos &#8220;gourmands caipiras&#8221; que puderam ainda degustar de p\u00e3o com lingui\u00e7a, milho cozido, bolos, p\u00e3o de queijo, goiabada, curau e outras guloseimas. Para acompanhar caf\u00e9, mas \u00e9 claro, ch\u00e1 e leite quentes, al\u00e9m de sucos de frutas naturais e cervejinhas trincando no estilo \u201ccanela de pedreiro\u201d. As brincadeiras textuais \u00e0 parte s\u00e3o, na verdade, para ressaltar o qu\u00e3o aconchegante esteve o meeting que Lessa promoveu na tarde daquele s\u00e1bado que fez sol, depois choveu, e que, nem por isso, diminuiu o pique da galera que dan\u00e7ou ao som do DJ Nando Rocha e depois com o show da dupla Jean Lucca e Thiago. Inclusive, a aniversariante n\u00e3o hesitou por um segundo sequer em subir ao palco e cantarolar algumas m\u00fasicas de sua playlist preferida encantando ainda mais os presentes com seu carisma. Lessa, que \u00e9 conhecida por milhares de seguidores que curtem seu conte\u00fado de moda, fitness, fam\u00edlia e lifestyle, encantou tamb\u00e9m os presentes com seu look elegante, florido, composto por um bel\u00edssimo vestido tomara que caia by Eduardo Amarante para Rebecca Fernandes e beleza luminosa de Yara Prado. Nos p\u00e9s, seu presente de anivers\u00e1rio para comemorar a data em alto estilo, um Prada Pump Slingback em couro escovado preto. L.U.X.O! \u00c9 pessoal, a coluna #PERAMBULANDO n\u00e3o deixa escapar nenhum detalhe, principalmente quando as fotos da festa tamb\u00e9m s\u00e3o de autoria deste colunista (que \u00e9 fot\u00f3grafo). Nelas, voc\u00eas ver\u00e3o que a festa contou com dois Parab\u00e9ns Pra Voc\u00ea. O primeiro, foi compartilhado por Val\u00e9ria e sua filha, Maria Cec\u00edlia que fazem anivers\u00e1rio no mesmo dia. O segundo, foi uma surpresa que Lessa fez ao jornalista Fernando Lackman (que por acaso batiza este site) e completa nova idade na pr\u00f3xima quarta-feira (13) a quem ela chama carinhosamente de &#8220;amigo-irm\u00e3o&#8220;. Quem quiser pode desejar felicidades para ele l\u00e1 pelo Insta que est\u00e1 tudo certo! N\u00e3o posso finalizar sem destacar que um espa\u00e7o especial foi criado para a divers\u00e3o das crian\u00e7as, onde rolavam muitas brincadeiras como queimada, pique e pega, entre brinquedos infl\u00e1veis. A farra s\u00f3 tinha sossego quando eram servidas as comidinhas preparadas pelo buffet de Sandro Abrantes, que caprichou nas batatinhas, mini pizzas, hot dogs e muito mais. Ah! E tem ainda mais um detalhe da Pamonhada que, no final, somou cerca de 850 unidades. Todas foram feitas por um verdadeiro batalh\u00e3o de amigos dos pais de Val\u00e9ria. Seu Ananias e sua m\u00e3e, Dona Maria de F\u00e1tima, que capitaneou as opera\u00e7\u00f5es dessa f\u00e1brica de pamonhas. Inclusive, elas tamb\u00e9m rechearam as sacolas que cada um levou para casa como souvenir dessa festa para l\u00e1 de gostosa. Confira nos cliques mais alguns dos convidados que marcaram presen\u00e7a: &nbsp; Fotos: Gilberto Evangelista\" \/>\n<meta property=\"og:url\" content=\"https:\/\/lackman.com.br\/index.php\/2024\/03\/11\/de-sal-ou-de-doce-a-pamonhada-de-valeria-lessa\/\" \/>\n<meta property=\"og:site_name\" content=\"LACKMAN &amp; CO.\" \/>\n<meta property=\"article:published_time\" content=\"2024-03-11T22:59:14+00:00\" \/>\n<meta property=\"article:modified_time\" content=\"2024-03-11T23:27:55+00:00\" \/>\n<meta property=\"og:image\" content=\"http:\/\/lackman.com.br\/wp-content\/uploads\/2024\/03\/DSCF7475.jpg\" \/>\n\t<meta property=\"og:image:width\" content=\"992\" \/>\n\t<meta property=\"og:image:height\" content=\"661\" \/>\n\t<meta property=\"og:image:type\" content=\"image\/jpeg\" \/>\n<meta name=\"author\" content=\"Gilberto Evangelista - Colunista\" \/>\n<meta name=\"twitter:card\" content=\"summary_large_image\" \/>\n<meta name=\"twitter:label1\" content=\"Escrito por\" \/>\n\t<meta name=\"twitter:data1\" content=\"Gilberto Evangelista - Colunista\" \/>\n\t<meta name=\"twitter:label2\" content=\"Est. tempo de leitura\" \/>\n\t<meta name=\"twitter:data2\" content=\"11 minutos\" \/>\n<script type=\"application\/ld+json\" class=\"yoast-schema-graph\">{\"@context\":\"https:\/\/schema.org\",\"@graph\":[{\"@type\":\"Article\",\"@id\":\"https:\/\/lackman.com.br\/index.php\/2024\/03\/11\/de-sal-ou-de-doce-a-pamonhada-de-valeria-lessa\/#article\",\"isPartOf\":{\"@id\":\"https:\/\/lackman.com.br\/index.php\/2024\/03\/11\/de-sal-ou-de-doce-a-pamonhada-de-valeria-lessa\/\"},\"author\":{\"name\":\"Gilberto Evangelista - Colunista\",\"@id\":\"https:\/\/lackman.com.br\/#\/schema\/person\/8a2355f699593d21d4f0d25b69db5747\"},\"headline\":\"De sal ou de doce? A pamonhada de Val\u00e9ria Lessa\",\"datePublished\":\"2024-03-11T22:59:14+00:00\",\"dateModified\":\"2024-03-11T23:27:55+00:00\",\"mainEntityOfPage\":{\"@id\":\"https:\/\/lackman.com.br\/index.php\/2024\/03\/11\/de-sal-ou-de-doce-a-pamonhada-de-valeria-lessa\/\"},\"wordCount\":1003,\"publisher\":{\"@id\":\"https:\/\/lackman.com.br\/#organization\"},\"image\":{\"@id\":\"https:\/\/lackman.com.br\/index.php\/2024\/03\/11\/de-sal-ou-de-doce-a-pamonhada-de-valeria-lessa\/#primaryimage\"},\"thumbnailUrl\":\"https:\/\/lackman.com.br\/wp-content\/uploads\/2024\/03\/DSCF7475.jpg\",\"keywords\":[\"40 anos\",\"anivers\u00e1rio\",\"Casa Volpi\",\"festa\",\"influencer\",\"pamonhada\",\"Val\u00e9ria Lessa\"],\"articleSection\":[\"Capital &amp; Pol\u00edtica\",\"Vida\"],\"inLanguage\":\"pt-BR\"},{\"@type\":\"WebPage\",\"@id\":\"https:\/\/lackman.com.br\/index.php\/2024\/03\/11\/de-sal-ou-de-doce-a-pamonhada-de-valeria-lessa\/\",\"url\":\"https:\/\/lackman.com.br\/index.php\/2024\/03\/11\/de-sal-ou-de-doce-a-pamonhada-de-valeria-lessa\/\",\"name\":\"De sal ou de doce? A pamonhada de Val\u00e9ria Lessa - LACKMAN &amp; CO.\",\"isPartOf\":{\"@id\":\"https:\/\/lackman.com.br\/#website\"},\"primaryImageOfPage\":{\"@id\":\"https:\/\/lackman.com.br\/index.php\/2024\/03\/11\/de-sal-ou-de-doce-a-pamonhada-de-valeria-lessa\/#primaryimage\"},\"image\":{\"@id\":\"https:\/\/lackman.com.br\/index.php\/2024\/03\/11\/de-sal-ou-de-doce-a-pamonhada-de-valeria-lessa\/#primaryimage\"},\"thumbnailUrl\":\"https:\/\/lackman.com.br\/wp-content\/uploads\/2024\/03\/DSCF7475.jpg\",\"datePublished\":\"2024-03-11T22:59:14+00:00\",\"dateModified\":\"2024-03-11T23:27:55+00:00\",\"breadcrumb\":{\"@id\":\"https:\/\/lackman.com.br\/index.php\/2024\/03\/11\/de-sal-ou-de-doce-a-pamonhada-de-valeria-lessa\/#breadcrumb\"},\"inLanguage\":\"pt-BR\",\"potentialAction\":[{\"@type\":\"ReadAction\",\"target\":[\"https:\/\/lackman.com.br\/index.php\/2024\/03\/11\/de-sal-ou-de-doce-a-pamonhada-de-valeria-lessa\/\"]}]},{\"@type\":\"ImageObject\",\"inLanguage\":\"pt-BR\",\"@id\":\"https:\/\/lackman.com.br\/index.php\/2024\/03\/11\/de-sal-ou-de-doce-a-pamonhada-de-valeria-lessa\/#primaryimage\",\"url\":\"https:\/\/lackman.com.br\/wp-content\/uploads\/2024\/03\/DSCF7475.jpg\",\"contentUrl\":\"https:\/\/lackman.com.br\/wp-content\/uploads\/2024\/03\/DSCF7475.jpg\",\"width\":992,\"height\":661},{\"@type\":\"BreadcrumbList\",\"@id\":\"https:\/\/lackman.com.br\/index.php\/2024\/03\/11\/de-sal-ou-de-doce-a-pamonhada-de-valeria-lessa\/#breadcrumb\",\"itemListElement\":[{\"@type\":\"ListItem\",\"position\":1,\"name\":\"In\u00edcio\",\"item\":\"https:\/\/lackman.com.br\/\"},{\"@type\":\"ListItem\",\"position\":2,\"name\":\"De sal ou de doce? A pamonhada de Val\u00e9ria Lessa\"}]},{\"@type\":\"WebSite\",\"@id\":\"https:\/\/lackman.com.br\/#website\",\"url\":\"https:\/\/lackman.com.br\/\",\"name\":\"LACKMAN &amp; CO.\",\"description\":\"VIDA | MODA | ARTE\",\"publisher\":{\"@id\":\"https:\/\/lackman.com.br\/#organization\"},\"potentialAction\":[{\"@type\":\"SearchAction\",\"target\":{\"@type\":\"EntryPoint\",\"urlTemplate\":\"https:\/\/lackman.com.br\/?s={search_term_string}\"},\"query-input\":{\"@type\":\"PropertyValueSpecification\",\"valueRequired\":true,\"valueName\":\"search_term_string\"}}],\"inLanguage\":\"pt-BR\"},{\"@type\":\"Organization\",\"@id\":\"https:\/\/lackman.com.br\/#organization\",\"name\":\"LACKMAN &amp; CO.\",\"url\":\"https:\/\/lackman.com.br\/\",\"logo\":{\"@type\":\"ImageObject\",\"inLanguage\":\"pt-BR\",\"@id\":\"https:\/\/lackman.com.br\/#\/schema\/logo\/image\/\",\"url\":\"https:\/\/lackman.com.br\/wp-content\/uploads\/2023\/06\/Logotipo_preto-1.png\",\"contentUrl\":\"https:\/\/lackman.com.br\/wp-content\/uploads\/2023\/06\/Logotipo_preto-1.png\",\"width\":739,\"height\":393,\"caption\":\"LACKMAN &amp; CO.\"},\"image\":{\"@id\":\"https:\/\/lackman.com.br\/#\/schema\/logo\/image\/\"}},{\"@type\":\"Person\",\"@id\":\"https:\/\/lackman.com.br\/#\/schema\/person\/8a2355f699593d21d4f0d25b69db5747\",\"name\":\"Gilberto Evangelista - Colunista\",\"image\":{\"@type\":\"ImageObject\",\"inLanguage\":\"pt-BR\",\"@id\":\"https:\/\/lackman.com.br\/#\/schema\/person\/image\/\",\"url\":\"https:\/\/secure.gravatar.com\/avatar\/cea9badf02f8a90f7a745f2cbea45fda61f65711ec015e2faf3809cca6337c28?s=96&d=mm&r=g\",\"contentUrl\":\"https:\/\/secure.gravatar.com\/avatar\/cea9badf02f8a90f7a745f2cbea45fda61f65711ec015e2faf3809cca6337c28?s=96&d=mm&r=g\",\"caption\":\"Gilberto Evangelista - Colunista\"},\"description\":\"Jornalista e globetrotter.\",\"url\":\"https:\/\/lackman.com.br\/index.php\/author\/gilberto-brito\/\"}]}<\/script>\n<!-- \/ Yoast SEO plugin. -->","yoast_head_json":{"title":"De sal ou de doce? A pamonhada de Val\u00e9ria Lessa - LACKMAN &amp; CO.","robots":{"index":"index","follow":"follow","max-snippet":"max-snippet:-1","max-image-preview":"max-image-preview:large","max-video-preview":"max-video-preview:-1"},"canonical":"https:\/\/lackman.com.br\/index.php\/2024\/03\/11\/de-sal-ou-de-doce-a-pamonhada-de-valeria-lessa\/","og_locale":"pt_BR","og_type":"article","og_title":"De sal ou de doce? A pamonhada de Val\u00e9ria Lessa - LACKMAN &amp; CO.","og_description":"Abra\u00e7ando suas origens, a influencer re\u00fane familiares, amigos e parceiros de trabalho em uma comemora\u00e7\u00e3o inusitada do seu anivers\u00e1rio de 4o anos Cada um tem seu conceito de fest\u00e3o e de quando quer fazer um para comemorar uma data especial. N\u00e3o \u00e9 mesmo? Pois, Val\u00e9ria Lessa, uma das influencers mais proeminentes da capital federal arrasou ao festejar suas quatro d\u00e9cadas promovendo um Sunset Party \u201cCountry\u201d, uma festa raiz que aconteceu nesse s\u00e1bado (09), na Casa Volpi do Park Way; um verdadeiro resgate de suas origens de garota do campo, que nasceu em An\u00e1polis e cresceu entre fazendas da regi\u00e3o, com direito a dupla sertaneja, e um menu para l\u00e1 de especial recheado de del\u00edcias t\u00edpicas, com a famosa pamonha como prato principal. \u00a0Detalhe, quando enviou o convite virtual para sua festa, um formul\u00e1rio questionava: \u201cQual a sua prefer\u00eancia, de sal ou de doce?\u201d, mais inusitado e aut\u00eantico, imposs\u00edvel. E este colunista n\u00e3o pensou duas vezes, marcou de doce, fazendo parte de 65% dos 150 convidados que preferem a trouxinha de milho em sua vers\u00e3o a\u00e7ucarada, recheada com queijo, servida ao longo da festa, quentinha, quentinha. Claro que a salgada tamb\u00e9m foi elogiad\u00edssima pelos &#8220;gourmands caipiras&#8221; que puderam ainda degustar de p\u00e3o com lingui\u00e7a, milho cozido, bolos, p\u00e3o de queijo, goiabada, curau e outras guloseimas. Para acompanhar caf\u00e9, mas \u00e9 claro, ch\u00e1 e leite quentes, al\u00e9m de sucos de frutas naturais e cervejinhas trincando no estilo \u201ccanela de pedreiro\u201d. As brincadeiras textuais \u00e0 parte s\u00e3o, na verdade, para ressaltar o qu\u00e3o aconchegante esteve o meeting que Lessa promoveu na tarde daquele s\u00e1bado que fez sol, depois choveu, e que, nem por isso, diminuiu o pique da galera que dan\u00e7ou ao som do DJ Nando Rocha e depois com o show da dupla Jean Lucca e Thiago. Inclusive, a aniversariante n\u00e3o hesitou por um segundo sequer em subir ao palco e cantarolar algumas m\u00fasicas de sua playlist preferida encantando ainda mais os presentes com seu carisma. Lessa, que \u00e9 conhecida por milhares de seguidores que curtem seu conte\u00fado de moda, fitness, fam\u00edlia e lifestyle, encantou tamb\u00e9m os presentes com seu look elegante, florido, composto por um bel\u00edssimo vestido tomara que caia by Eduardo Amarante para Rebecca Fernandes e beleza luminosa de Yara Prado. Nos p\u00e9s, seu presente de anivers\u00e1rio para comemorar a data em alto estilo, um Prada Pump Slingback em couro escovado preto. L.U.X.O! \u00c9 pessoal, a coluna #PERAMBULANDO n\u00e3o deixa escapar nenhum detalhe, principalmente quando as fotos da festa tamb\u00e9m s\u00e3o de autoria deste colunista (que \u00e9 fot\u00f3grafo). Nelas, voc\u00eas ver\u00e3o que a festa contou com dois Parab\u00e9ns Pra Voc\u00ea. O primeiro, foi compartilhado por Val\u00e9ria e sua filha, Maria Cec\u00edlia que fazem anivers\u00e1rio no mesmo dia. O segundo, foi uma surpresa que Lessa fez ao jornalista Fernando Lackman (que por acaso batiza este site) e completa nova idade na pr\u00f3xima quarta-feira (13) a quem ela chama carinhosamente de &#8220;amigo-irm\u00e3o&#8220;. Quem quiser pode desejar felicidades para ele l\u00e1 pelo Insta que est\u00e1 tudo certo! N\u00e3o posso finalizar sem destacar que um espa\u00e7o especial foi criado para a divers\u00e3o das crian\u00e7as, onde rolavam muitas brincadeiras como queimada, pique e pega, entre brinquedos infl\u00e1veis. A farra s\u00f3 tinha sossego quando eram servidas as comidinhas preparadas pelo buffet de Sandro Abrantes, que caprichou nas batatinhas, mini pizzas, hot dogs e muito mais. Ah! E tem ainda mais um detalhe da Pamonhada que, no final, somou cerca de 850 unidades. Todas foram feitas por um verdadeiro batalh\u00e3o de amigos dos pais de Val\u00e9ria. Seu Ananias e sua m\u00e3e, Dona Maria de F\u00e1tima, que capitaneou as opera\u00e7\u00f5es dessa f\u00e1brica de pamonhas. Inclusive, elas tamb\u00e9m rechearam as sacolas que cada um levou para casa como souvenir dessa festa para l\u00e1 de gostosa. Confira nos cliques mais alguns dos convidados que marcaram presen\u00e7a: &nbsp; Fotos: Gilberto Evangelista","og_url":"https:\/\/lackman.com.br\/index.php\/2024\/03\/11\/de-sal-ou-de-doce-a-pamonhada-de-valeria-lessa\/","og_site_name":"LACKMAN &amp; CO.","article_published_time":"2024-03-11T22:59:14+00:00","article_modified_time":"2024-03-11T23:27:55+00:00","og_image":[{"width":992,"height":661,"url":"http:\/\/lackman.com.br\/wp-content\/uploads\/2024\/03\/DSCF7475.jpg","type":"image\/jpeg"}],"author":"Gilberto Evangelista - Colunista","twitter_card":"summary_large_image","twitter_misc":{"Escrito por":"Gilberto Evangelista - Colunista","Est. tempo de leitura":"11 minutos"},"schema":{"@context":"https:\/\/schema.org","@graph":[{"@type":"Article","@id":"https:\/\/lackman.com.br\/index.php\/2024\/03\/11\/de-sal-ou-de-doce-a-pamonhada-de-valeria-lessa\/#article","isPartOf":{"@id":"https:\/\/lackman.com.br\/index.php\/2024\/03\/11\/de-sal-ou-de-doce-a-pamonhada-de-valeria-lessa\/"},"author":{"name":"Gilberto Evangelista - Colunista","@id":"https:\/\/lackman.com.br\/#\/schema\/person\/8a2355f699593d21d4f0d25b69db5747"},"headline":"De sal ou de doce? A pamonhada de Val\u00e9ria Lessa","datePublished":"2024-03-11T22:59:14+00:00","dateModified":"2024-03-11T23:27:55+00:00","mainEntityOfPage":{"@id":"https:\/\/lackman.com.br\/index.php\/2024\/03\/11\/de-sal-ou-de-doce-a-pamonhada-de-valeria-lessa\/"},"wordCount":1003,"publisher":{"@id":"https:\/\/lackman.com.br\/#organization"},"image":{"@id":"https:\/\/lackman.com.br\/index.php\/2024\/03\/11\/de-sal-ou-de-doce-a-pamonhada-de-valeria-lessa\/#primaryimage"},"thumbnailUrl":"https:\/\/lackman.com.br\/wp-content\/uploads\/2024\/03\/DSCF7475.jpg","keywords":["40 anos","anivers\u00e1rio","Casa Volpi","festa","influencer","pamonhada","Val\u00e9ria Lessa"],"articleSection":["Capital &amp; Pol\u00edtica","Vida"],"inLanguage":"pt-BR"},{"@type":"WebPage","@id":"https:\/\/lackman.com.br\/index.php\/2024\/03\/11\/de-sal-ou-de-doce-a-pamonhada-de-valeria-lessa\/","url":"https:\/\/lackman.com.br\/index.php\/2024\/03\/11\/de-sal-ou-de-doce-a-pamonhada-de-valeria-lessa\/","name":"De sal ou de doce? A pamonhada de Val\u00e9ria Lessa - LACKMAN &amp; CO.","isPartOf":{"@id":"https:\/\/lackman.com.br\/#website"},"primaryImageOfPage":{"@id":"https:\/\/lackman.com.br\/index.php\/2024\/03\/11\/de-sal-ou-de-doce-a-pamonhada-de-valeria-lessa\/#primaryimage"},"image":{"@id":"https:\/\/lackman.com.br\/index.php\/2024\/03\/11\/de-sal-ou-de-doce-a-pamonhada-de-valeria-lessa\/#primaryimage"},"thumbnailUrl":"https:\/\/lackman.com.br\/wp-content\/uploads\/2024\/03\/DSCF7475.jpg","datePublished":"2024-03-11T22:59:14+00:00","dateModified":"2024-03-11T23:27:55+00:00","breadcrumb":{"@id":"https:\/\/lackman.com.br\/index.php\/2024\/03\/11\/de-sal-ou-de-doce-a-pamonhada-de-valeria-lessa\/#breadcrumb"},"inLanguage":"pt-BR","potentialAction":[{"@type":"ReadAction","target":["https:\/\/lackman.com.br\/index.php\/2024\/03\/11\/de-sal-ou-de-doce-a-pamonhada-de-valeria-lessa\/"]}]},{"@type":"ImageObject","inLanguage":"pt-BR","@id":"https:\/\/lackman.com.br\/index.php\/2024\/03\/11\/de-sal-ou-de-doce-a-pamonhada-de-valeria-lessa\/#primaryimage","url":"https:\/\/lackman.com.br\/wp-content\/uploads\/2024\/03\/DSCF7475.jpg","contentUrl":"https:\/\/lackman.com.br\/wp-content\/uploads\/2024\/03\/DSCF7475.jpg","width":992,"height":661},{"@type":"BreadcrumbList","@id":"https:\/\/lackman.com.br\/index.php\/2024\/03\/11\/de-sal-ou-de-doce-a-pamonhada-de-valeria-lessa\/#breadcrumb","itemListElement":[{"@type":"ListItem","position":1,"name":"In\u00edcio","item":"https:\/\/lackman.com.br\/"},{"@type":"ListItem","position":2,"name":"De sal ou de doce? A pamonhada de Val\u00e9ria Lessa"}]},{"@type":"WebSite","@id":"https:\/\/lackman.com.br\/#website","url":"https:\/\/lackman.com.br\/","name":"LACKMAN &amp; CO.","description":"VIDA | MODA | ARTE","publisher":{"@id":"https:\/\/lackman.com.br\/#organization"},"potentialAction":[{"@type":"SearchAction","target":{"@type":"EntryPoint","urlTemplate":"https:\/\/lackman.com.br\/?s={search_term_string}"},"query-input":{"@type":"PropertyValueSpecification","valueRequired":true,"valueName":"search_term_string"}}],"inLanguage":"pt-BR"},{"@type":"Organization","@id":"https:\/\/lackman.com.br\/#organization","name":"LACKMAN &amp; CO.","url":"https:\/\/lackman.com.br\/","logo":{"@type":"ImageObject","inLanguage":"pt-BR","@id":"https:\/\/lackman.com.br\/#\/schema\/logo\/image\/","url":"https:\/\/lackman.com.br\/wp-content\/uploads\/2023\/06\/Logotipo_preto-1.png","contentUrl":"https:\/\/lackman.com.br\/wp-content\/uploads\/2023\/06\/Logotipo_preto-1.png","width":739,"height":393,"caption":"LACKMAN &amp; CO."},"image":{"@id":"https:\/\/lackman.com.br\/#\/schema\/logo\/image\/"}},{"@type":"Person","@id":"https:\/\/lackman.com.br\/#\/schema\/person\/8a2355f699593d21d4f0d25b69db5747","name":"Gilberto Evangelista - Colunista","image":{"@type":"ImageObject","inLanguage":"pt-BR","@id":"https:\/\/lackman.com.br\/#\/schema\/person\/image\/","url":"https:\/\/secure.gravatar.com\/avatar\/cea9badf02f8a90f7a745f2cbea45fda61f65711ec015e2faf3809cca6337c28?s=96&d=mm&r=g","contentUrl":"https:\/\/secure.gravatar.com\/avatar\/cea9badf02f8a90f7a745f2cbea45fda61f65711ec015e2faf3809cca6337c28?s=96&d=mm&r=g","caption":"Gilberto Evangelista - Colunista"},"description":"Jornalista e globetrotter.","url":"https:\/\/lackman.com.br\/index.php\/author\/gilberto-brito\/"}]}},"rttpg_featured_image_url":{"full":["https:\/\/lackman.com.br\/wp-content\/uploads\/2024\/03\/DSCF7475.jpg",992,661,false],"landscape":["https:\/\/lackman.com.br\/wp-content\/uploads\/2024\/03\/DSCF7475.jpg",992,661,false],"portraits":["https:\/\/lackman.com.br\/wp-content\/uploads\/2024\/03\/DSCF7475.jpg",992,661,false],"thumbnail":["https:\/\/lackman.com.br\/wp-content\/uploads\/2024\/03\/DSCF7475-150x150.jpg",150,150,true],"medium":["https:\/\/lackman.com.br\/wp-content\/uploads\/2024\/03\/DSCF7475-300x200.jpg",300,200,true],"large":["https:\/\/lackman.com.br\/wp-content\/uploads\/2024\/03\/DSCF7475.jpg",992,661,false],"RoboGalleryMansoryImagesCenter":["https:\/\/lackman.com.br\/wp-content\/uploads\/2024\/03\/DSCF7475-600x661.jpg",600,661,true],"RoboGalleryPreload":["https:\/\/lackman.com.br\/wp-content\/uploads\/2024\/03\/DSCF7475.jpg",100,67,false],"1536x1536":["https:\/\/lackman.com.br\/wp-content\/uploads\/2024\/03\/DSCF7475.jpg",992,661,false],"2048x2048":["https:\/\/lackman.com.br\/wp-content\/uploads\/2024\/03\/DSCF7475.jpg",992,661,false]},"rttpg_author":{"display_name":"Gilberto Evangelista - Colunista","author_link":"https:\/\/lackman.com.br\/index.php\/author\/gilberto-brito\/"},"rttpg_comment":0,"rttpg_category":"<a href=\"https:\/\/lackman.com.br\/index.php\/category\/vida\/capital-e-politica\/\" rel=\"category tag\">Capital &amp; Pol\u00edtica<\/a> <a href=\"https:\/\/lackman.com.br\/index.php\/category\/vida\/\" rel=\"category tag\">Vida<\/a>","rttpg_excerpt":"Abra\u00e7ando suas origens, a influencer re\u00fane familiares, amigos e parceiros de trabalho em uma comemora\u00e7\u00e3o inusitada do seu anivers\u00e1rio de 4o anos Cada um tem seu conceito de fest\u00e3o e de quando quer fazer um para comemorar uma data especial. N\u00e3o \u00e9 mesmo? Pois, Val\u00e9ria Lessa, uma das influencers mais proeminentes da capital federal arrasou&hellip;","_links":{"self":[{"href":"https:\/\/lackman.com.br\/index.php\/wp-json\/wp\/v2\/posts\/6472","targetHints":{"allow":["GET"]}}],"collection":[{"href":"https:\/\/lackman.com.br\/index.php\/wp-json\/wp\/v2\/posts"}],"about":[{"href":"https:\/\/lackman.com.br\/index.php\/wp-json\/wp\/v2\/types\/post"}],"author":[{"embeddable":true,"href":"https:\/\/lackman.com.br\/index.php\/wp-json\/wp\/v2\/users\/6"}],"replies":[{"embeddable":true,"href":"https:\/\/lackman.com.br\/index.php\/wp-json\/wp\/v2\/comments?post=6472"}],"version-history":[{"count":4,"href":"https:\/\/lackman.com.br\/index.php\/wp-json\/wp\/v2\/posts\/6472\/revisions"}],"predecessor-version":[{"id":6512,"href":"https:\/\/lackman.com.br\/index.php\/wp-json\/wp\/v2\/posts\/6472\/revisions\/6512"}],"wp:featuredmedia":[{"embeddable":true,"href":"https:\/\/lackman.com.br\/index.php\/wp-json\/wp\/v2\/media\/6473"}],"wp:attachment":[{"href":"https:\/\/lackman.com.br\/index.php\/wp-json\/wp\/v2\/media?parent=6472"}],"wp:term":[{"taxonomy":"category","embeddable":true,"href":"https:\/\/lackman.com.br\/index.php\/wp-json\/wp\/v2\/categories?post=6472"},{"taxonomy":"post_tag","embeddable":true,"href":"https:\/\/lackman.com.br\/index.php\/wp-json\/wp\/v2\/tags?post=6472"}],"curies":[{"name":"wp","href":"https:\/\/api.w.org\/{rel}","templated":true}]}}