{"id":6259,"date":"2024-01-30T19:37:55","date_gmt":"2024-01-30T22:37:55","guid":{"rendered":"https:\/\/lackman.com.br\/?p=6259"},"modified":"2024-02-01T11:12:53","modified_gmt":"2024-02-01T14:12:53","slug":"click-brasilia-vista-de-outra-maneira","status":"publish","type":"post","link":"https:\/\/lackman.com.br\/index.php\/2024\/01\/30\/click-brasilia-vista-de-outra-maneira\/","title":{"rendered":"Click: Bras\u00edlia pelas lentes de Edu Vergara"},"content":{"rendered":"<h5><em>Exposi\u00e7\u00e3o traz um olhar inusitado para cart\u00f5es-postais ic\u00f4nicos e cenas cotidianas da capital federal<\/em><\/h5>\n<p>&nbsp;<\/p>\n<p>Esta n\u00e3o \u00e9 uma mat\u00e9ria, na verdade, trata-se de um convite para voc\u00ea sair <strong>PERAMBULANDO<\/strong> o quanto antes em dire\u00e7\u00e3o ao Museu de Arte de Bras\u00edlia (<strong>MAB<\/strong>) e visitar a exposi\u00e7\u00e3o \u201c<em><strong>Bras\u00edlia Angularis<\/strong> &#8211; Voc\u00ea nunca viu Bras\u00edlia por esses \u00e2ngulos<\/em>\u201d. Afinal, a mostra est\u00e1 em cartaz somente at\u00e9 o dia <strong>19 de fevereiro<\/strong>, ou seja, acaba muito em breve.\u00a0Reunindo mais de <strong>50 imagens<\/strong>, a colet\u00e2nea \u00e9 de autoria do fot\u00f3grafo <a href=\"https:\/\/www.instagram.com\/vergaraedu\/\"><strong>Edu Vergara<\/strong><\/a> que se lan\u00e7ou ao desafio de retratar a natureza e a arquitetura da cidade por \u00e2ngulos diversificados em busca de imagens inusitadas e 100% originais.<\/p>\n<p><img fetchpriority=\"high\" decoding=\"async\" class=\"aligncenter wp-image-6261 size-full\" src=\"http:\/\/lackman.com.br\/wp-content\/uploads\/2024\/01\/Angularis1.jpg\" alt=\"\" width=\"1474\" height=\"944\" srcset=\"https:\/\/lackman.com.br\/wp-content\/uploads\/2024\/01\/Angularis1.jpg 1474w, https:\/\/lackman.com.br\/wp-content\/uploads\/2024\/01\/Angularis1-300x192.jpg 300w, https:\/\/lackman.com.br\/wp-content\/uploads\/2024\/01\/Angularis1-1024x656.jpg 1024w, https:\/\/lackman.com.br\/wp-content\/uploads\/2024\/01\/Angularis1-768x492.jpg 768w\" sizes=\"(max-width: 1474px) 100vw, 1474px\" \/><\/p>\n<p>Edu, que tamb\u00e9m \u00e9 idealizador do <a href=\"https:\/\/brasiliaphotoshow.com.br\/\"><strong>Festival Internacional de Fotografia Bras\u00edlia Photo Show<\/strong><\/a>, destaca que Angularis visa decifrar novos caminhos visuais que a capital tem a oferecer, tanto pelo exuberante <strong>Cerrado<\/strong>, quanto pelos tra\u00e7os inquietos e inovadores da sua <strong>arquitetura<\/strong>.<\/p>\n<blockquote><p>\u201cQuem n\u00e3o vive Bras\u00edlia diariamente, nem sempre acredita que ela esbanja naturalmente tantos cen\u00e1rios estonteantes. Bras\u00edlia \u00e9 mestre em produzir photoshops sem que haja qualquer interven\u00e7\u00e3o humana nesse processo\u201d, pontua Vergara.<\/p><\/blockquote>\n<p><img decoding=\"async\" class=\"aligncenter wp-image-6263 size-full\" src=\"http:\/\/lackman.com.br\/wp-content\/uploads\/2024\/01\/Acervo-Exposicao-Angularis-Creditos-Edu-Vergara-2.jpeg\" alt=\"\" width=\"644\" height=\"850\" srcset=\"https:\/\/lackman.com.br\/wp-content\/uploads\/2024\/01\/Acervo-Exposicao-Angularis-Creditos-Edu-Vergara-2.jpeg 644w, https:\/\/lackman.com.br\/wp-content\/uploads\/2024\/01\/Acervo-Exposicao-Angularis-Creditos-Edu-Vergara-2-227x300.jpeg 227w\" sizes=\"(max-width: 644px) 100vw, 644px\" \/><\/p>\n<p>Vale lembrar a melhor parte, este \u00e9 um <strong>programa gratuito<\/strong>, uma \u00f3tima oportunidade para a fam\u00edlia toda aproveitar a reta final das f\u00e9rias escolares que, coincidentemente, acabam no mesmo dia na rede p\u00fablica de ensino.<\/p>\n<p>&nbsp;<\/p>\n<p><strong><em>Para PERAMBULAR por Bras\u00edlia Angularis<\/em><\/strong><\/p>\n<p>Museu de Arte de Bras\u00edlia (MAB) \/ SHTN Trecho 1, projeto Orla Polo 03, Lote 05 \/ Todos os dias das 10h \u00e0s 19h \u2013 exceto ter\u00e7as-feiras \/ Gr\u00e1tis \/ Livre<\/p>\n<p>&nbsp;<\/p>\n<pre>Fotos: Edu Vergara<\/pre>\n","protected":false},"excerpt":{"rendered":"<p>Exposi\u00e7\u00e3o traz um olhar inusitado para cart\u00f5es-postais ic\u00f4nicos e cenas cotidianas da capital federal &nbsp; Esta n\u00e3o \u00e9 uma mat\u00e9ria, na verdade, trata-se de um convite para voc\u00ea sair PERAMBULANDO o quanto antes em dire\u00e7\u00e3o ao Museu de Arte de Bras\u00edlia (MAB) e visitar a exposi\u00e7\u00e3o \u201cBras\u00edlia Angularis &#8211; Voc\u00ea nunca viu Bras\u00edlia por esses \u00e2ngulos\u201d. Afinal, a mostra est\u00e1 em cartaz somente at\u00e9 o dia 19 de fevereiro, ou seja, acaba muito em breve.\u00a0Reunindo mais de 50 imagens, a colet\u00e2nea \u00e9 de autoria do fot\u00f3grafo Edu Vergara que se lan\u00e7ou ao desafio de retratar a natureza e a arquitetura da cidade por \u00e2ngulos diversificados em busca de imagens inusitadas e 100% originais. Edu, que tamb\u00e9m \u00e9 idealizador do Festival Internacional de Fotografia Bras\u00edlia Photo Show, destaca que Angularis visa decifrar novos caminhos visuais que a capital tem a oferecer, tanto pelo exuberante Cerrado, quanto pelos tra\u00e7os inquietos e inovadores da sua arquitetura. \u201cQuem n\u00e3o vive Bras\u00edlia diariamente, nem sempre acredita que ela esbanja naturalmente tantos cen\u00e1rios estonteantes. Bras\u00edlia \u00e9 mestre em produzir photoshops sem que haja qualquer interven\u00e7\u00e3o humana nesse processo\u201d, pontua Vergara. Vale lembrar a melhor parte, este \u00e9 um programa gratuito, uma \u00f3tima oportunidade para a fam\u00edlia toda aproveitar a reta final das f\u00e9rias escolares que, coincidentemente, acabam no mesmo dia na rede p\u00fablica de ensino. &nbsp; Para PERAMBULAR por Bras\u00edlia Angularis Museu de Arte de Bras\u00edlia (MAB) \/ SHTN Trecho 1, projeto Orla Polo 03, Lote 05 \/ Todos os dias das 10h \u00e0s 19h \u2013 exceto ter\u00e7as-feiras \/ Gr\u00e1tis \/ Livre &nbsp; Fotos: Edu Vergara<\/p>\n","protected":false},"author":6,"featured_media":6260,"comment_status":"closed","ping_status":"open","sticky":false,"template":"","format":"standard","meta":{"site-sidebar-layout":"default","site-content-layout":"","ast-site-content-layout":"default","site-content-style":"default","site-sidebar-style":"default","ast-global-header-display":"","ast-banner-title-visibility":"","ast-main-header-display":"","ast-hfb-above-header-display":"","ast-hfb-below-header-display":"","ast-hfb-mobile-header-display":"","site-post-title":"","ast-breadcrumbs-content":"","ast-featured-img":"","footer-sml-layout":"","ast-disable-related-posts":"","theme-transparent-header-meta":"default","adv-header-id-meta":"","stick-header-meta":"","header-above-stick-meta":"","header-main-stick-meta":"","header-below-stick-meta":"","astra-migrate-meta-layouts":"set","ast-page-background-enabled":"default","ast-page-background-meta":{"desktop":{"background-color":"","background-image":"","background-repeat":"repeat","background-position":"center center","background-size":"auto","background-attachment":"scroll","background-type":"","background-media":"","overlay-type":"","overlay-color":"","overlay-opacity":"","overlay-gradient":""},"tablet":{"background-color":"","background-image":"","background-repeat":"repeat","background-position":"center center","background-size":"auto","background-attachment":"scroll","background-type":"","background-media":"","overlay-type":"","overlay-color":"","overlay-opacity":"","overlay-gradient":""},"mobile":{"background-color":"","background-image":"","background-repeat":"repeat","background-position":"center center","background-size":"auto","background-attachment":"scroll","background-type":"","background-media":"","overlay-type":"","overlay-color":"","overlay-opacity":"","overlay-gradient":""}},"ast-content-background-meta":{"desktop":{"background-color":"var(--ast-global-color-5)","background-image":"","background-repeat":"repeat","background-position":"center center","background-size":"auto","background-attachment":"scroll","background-type":"","background-media":"","overlay-type":"","overlay-color":"","overlay-opacity":"","overlay-gradient":""},"tablet":{"background-color":"var(--ast-global-color-5)","background-image":"","background-repeat":"repeat","background-position":"center center","background-size":"auto","background-attachment":"scroll","background-type":"","background-media":"","overlay-type":"","overlay-color":"","overlay-opacity":"","overlay-gradient":""},"mobile":{"background-color":"var(--ast-global-color-5)","background-image":"","background-repeat":"repeat","background-position":"center center","background-size":"auto","background-attachment":"scroll","background-type":"","background-media":"","overlay-type":"","overlay-color":"","overlay-opacity":"","overlay-gradient":""}},"footnotes":""},"categories":[46,47],"tags":[54,937,940,89,939,261,308,938,364,365],"class_list":["post-6259","post","type-post","status-publish","format-standard","has-post-thumbnail","hentry","category-arte","category-cultura-arte","tag-brasilia","tag-brasilia-angularis","tag-brasilia-photo-show","tag-df","tag-edu-vergara","tag-exposicao","tag-fotografia","tag-fotografica","tag-mab","tag-museu-de-arte-de-brasilia"],"yoast_head":"<!-- This site is optimized with the Yoast SEO plugin v27.0 - https:\/\/yoast.com\/product\/yoast-seo-wordpress\/ -->\n<title>Click: Bras\u00edlia pelas lentes de Edu Vergara - LACKMAN &amp; CO.<\/title>\n<meta name=\"robots\" content=\"index, follow, max-snippet:-1, max-image-preview:large, max-video-preview:-1\" \/>\n<link rel=\"canonical\" href=\"https:\/\/lackman.com.br\/index.php\/2024\/01\/30\/click-brasilia-vista-de-outra-maneira\/\" \/>\n<meta property=\"og:locale\" content=\"pt_BR\" \/>\n<meta property=\"og:type\" content=\"article\" \/>\n<meta property=\"og:title\" content=\"Click: Bras\u00edlia pelas lentes de Edu Vergara - LACKMAN &amp; CO.\" \/>\n<meta property=\"og:description\" content=\"Exposi\u00e7\u00e3o traz um olhar inusitado para cart\u00f5es-postais ic\u00f4nicos e cenas cotidianas da capital federal &nbsp; Esta n\u00e3o \u00e9 uma mat\u00e9ria, na verdade, trata-se de um convite para voc\u00ea sair PERAMBULANDO o quanto antes em dire\u00e7\u00e3o ao Museu de Arte de Bras\u00edlia (MAB) e visitar a exposi\u00e7\u00e3o \u201cBras\u00edlia Angularis &#8211; Voc\u00ea nunca viu Bras\u00edlia por esses \u00e2ngulos\u201d. Afinal, a mostra est\u00e1 em cartaz somente at\u00e9 o dia 19 de fevereiro, ou seja, acaba muito em breve.\u00a0Reunindo mais de 50 imagens, a colet\u00e2nea \u00e9 de autoria do fot\u00f3grafo Edu Vergara que se lan\u00e7ou ao desafio de retratar a natureza e a arquitetura da cidade por \u00e2ngulos diversificados em busca de imagens inusitadas e 100% originais. Edu, que tamb\u00e9m \u00e9 idealizador do Festival Internacional de Fotografia Bras\u00edlia Photo Show, destaca que Angularis visa decifrar novos caminhos visuais que a capital tem a oferecer, tanto pelo exuberante Cerrado, quanto pelos tra\u00e7os inquietos e inovadores da sua arquitetura. \u201cQuem n\u00e3o vive Bras\u00edlia diariamente, nem sempre acredita que ela esbanja naturalmente tantos cen\u00e1rios estonteantes. Bras\u00edlia \u00e9 mestre em produzir photoshops sem que haja qualquer interven\u00e7\u00e3o humana nesse processo\u201d, pontua Vergara. Vale lembrar a melhor parte, este \u00e9 um programa gratuito, uma \u00f3tima oportunidade para a fam\u00edlia toda aproveitar a reta final das f\u00e9rias escolares que, coincidentemente, acabam no mesmo dia na rede p\u00fablica de ensino. &nbsp; Para PERAMBULAR por Bras\u00edlia Angularis Museu de Arte de Bras\u00edlia (MAB) \/ SHTN Trecho 1, projeto Orla Polo 03, Lote 05 \/ Todos os dias das 10h \u00e0s 19h \u2013 exceto ter\u00e7as-feiras \/ Gr\u00e1tis \/ Livre &nbsp; Fotos: Edu Vergara\" \/>\n<meta property=\"og:url\" content=\"https:\/\/lackman.com.br\/index.php\/2024\/01\/30\/click-brasilia-vista-de-outra-maneira\/\" \/>\n<meta property=\"og:site_name\" content=\"LACKMAN &amp; CO.\" \/>\n<meta property=\"article:published_time\" content=\"2024-01-30T22:37:55+00:00\" \/>\n<meta property=\"article:modified_time\" content=\"2024-02-01T14:12:53+00:00\" \/>\n<meta property=\"og:image\" content=\"http:\/\/lackman.com.br\/wp-content\/uploads\/2024\/01\/Angularis2.jpg\" \/>\n\t<meta property=\"og:image:width\" content=\"992\" \/>\n\t<meta property=\"og:image:height\" content=\"643\" \/>\n\t<meta property=\"og:image:type\" content=\"image\/jpeg\" \/>\n<meta name=\"author\" content=\"Gilberto Evangelista - Colunista\" \/>\n<meta name=\"twitter:card\" content=\"summary_large_image\" \/>\n<meta name=\"twitter:label1\" content=\"Escrito por\" \/>\n\t<meta name=\"twitter:data1\" content=\"Gilberto Evangelista - Colunista\" \/>\n\t<meta name=\"twitter:label2\" content=\"Est. tempo de leitura\" \/>\n\t<meta name=\"twitter:data2\" content=\"2 minutos\" \/>\n<script type=\"application\/ld+json\" class=\"yoast-schema-graph\">{\"@context\":\"https:\/\/schema.org\",\"@graph\":[{\"@type\":\"Article\",\"@id\":\"https:\/\/lackman.com.br\/index.php\/2024\/01\/30\/click-brasilia-vista-de-outra-maneira\/#article\",\"isPartOf\":{\"@id\":\"https:\/\/lackman.com.br\/index.php\/2024\/01\/30\/click-brasilia-vista-de-outra-maneira\/\"},\"author\":{\"name\":\"Gilberto Evangelista - Colunista\",\"@id\":\"https:\/\/lackman.com.br\/#\/schema\/person\/8a2355f699593d21d4f0d25b69db5747\"},\"headline\":\"Click: Bras\u00edlia pelas lentes de Edu Vergara\",\"datePublished\":\"2024-01-30T22:37:55+00:00\",\"dateModified\":\"2024-02-01T14:12:53+00:00\",\"mainEntityOfPage\":{\"@id\":\"https:\/\/lackman.com.br\/index.php\/2024\/01\/30\/click-brasilia-vista-de-outra-maneira\/\"},\"wordCount\":278,\"publisher\":{\"@id\":\"https:\/\/lackman.com.br\/#organization\"},\"image\":{\"@id\":\"https:\/\/lackman.com.br\/index.php\/2024\/01\/30\/click-brasilia-vista-de-outra-maneira\/#primaryimage\"},\"thumbnailUrl\":\"https:\/\/lackman.com.br\/wp-content\/uploads\/2024\/01\/Angularis2.jpg\",\"keywords\":[\"brasilia\",\"Bras\u00edlia Angularis\",\"Bras\u00edlia Photo Show\",\"df\",\"Edu Vergara\",\"exposi\u00e7\u00e3o\",\"fotografia\",\"fotogr\u00e1fica\",\"MAB\",\"Museu de Arte de Bras\u00edlia\"],\"articleSection\":[\"Arte\",\"Cultura\"],\"inLanguage\":\"pt-BR\"},{\"@type\":\"WebPage\",\"@id\":\"https:\/\/lackman.com.br\/index.php\/2024\/01\/30\/click-brasilia-vista-de-outra-maneira\/\",\"url\":\"https:\/\/lackman.com.br\/index.php\/2024\/01\/30\/click-brasilia-vista-de-outra-maneira\/\",\"name\":\"Click: Bras\u00edlia pelas lentes de Edu Vergara - LACKMAN &amp; CO.\",\"isPartOf\":{\"@id\":\"https:\/\/lackman.com.br\/#website\"},\"primaryImageOfPage\":{\"@id\":\"https:\/\/lackman.com.br\/index.php\/2024\/01\/30\/click-brasilia-vista-de-outra-maneira\/#primaryimage\"},\"image\":{\"@id\":\"https:\/\/lackman.com.br\/index.php\/2024\/01\/30\/click-brasilia-vista-de-outra-maneira\/#primaryimage\"},\"thumbnailUrl\":\"https:\/\/lackman.com.br\/wp-content\/uploads\/2024\/01\/Angularis2.jpg\",\"datePublished\":\"2024-01-30T22:37:55+00:00\",\"dateModified\":\"2024-02-01T14:12:53+00:00\",\"breadcrumb\":{\"@id\":\"https:\/\/lackman.com.br\/index.php\/2024\/01\/30\/click-brasilia-vista-de-outra-maneira\/#breadcrumb\"},\"inLanguage\":\"pt-BR\",\"potentialAction\":[{\"@type\":\"ReadAction\",\"target\":[\"https:\/\/lackman.com.br\/index.php\/2024\/01\/30\/click-brasilia-vista-de-outra-maneira\/\"]}]},{\"@type\":\"ImageObject\",\"inLanguage\":\"pt-BR\",\"@id\":\"https:\/\/lackman.com.br\/index.php\/2024\/01\/30\/click-brasilia-vista-de-outra-maneira\/#primaryimage\",\"url\":\"https:\/\/lackman.com.br\/wp-content\/uploads\/2024\/01\/Angularis2.jpg\",\"contentUrl\":\"https:\/\/lackman.com.br\/wp-content\/uploads\/2024\/01\/Angularis2.jpg\",\"width\":992,\"height\":643},{\"@type\":\"BreadcrumbList\",\"@id\":\"https:\/\/lackman.com.br\/index.php\/2024\/01\/30\/click-brasilia-vista-de-outra-maneira\/#breadcrumb\",\"itemListElement\":[{\"@type\":\"ListItem\",\"position\":1,\"name\":\"In\u00edcio\",\"item\":\"https:\/\/lackman.com.br\/\"},{\"@type\":\"ListItem\",\"position\":2,\"name\":\"Click: Bras\u00edlia pelas lentes de Edu Vergara\"}]},{\"@type\":\"WebSite\",\"@id\":\"https:\/\/lackman.com.br\/#website\",\"url\":\"https:\/\/lackman.com.br\/\",\"name\":\"LACKMAN &amp; CO.\",\"description\":\"VIDA | MODA | ARTE\",\"publisher\":{\"@id\":\"https:\/\/lackman.com.br\/#organization\"},\"potentialAction\":[{\"@type\":\"SearchAction\",\"target\":{\"@type\":\"EntryPoint\",\"urlTemplate\":\"https:\/\/lackman.com.br\/?s={search_term_string}\"},\"query-input\":{\"@type\":\"PropertyValueSpecification\",\"valueRequired\":true,\"valueName\":\"search_term_string\"}}],\"inLanguage\":\"pt-BR\"},{\"@type\":\"Organization\",\"@id\":\"https:\/\/lackman.com.br\/#organization\",\"name\":\"LACKMAN &amp; CO.\",\"url\":\"https:\/\/lackman.com.br\/\",\"logo\":{\"@type\":\"ImageObject\",\"inLanguage\":\"pt-BR\",\"@id\":\"https:\/\/lackman.com.br\/#\/schema\/logo\/image\/\",\"url\":\"https:\/\/lackman.com.br\/wp-content\/uploads\/2023\/06\/Logotipo_preto-1.png\",\"contentUrl\":\"https:\/\/lackman.com.br\/wp-content\/uploads\/2023\/06\/Logotipo_preto-1.png\",\"width\":739,\"height\":393,\"caption\":\"LACKMAN &amp; CO.\"},\"image\":{\"@id\":\"https:\/\/lackman.com.br\/#\/schema\/logo\/image\/\"}},{\"@type\":\"Person\",\"@id\":\"https:\/\/lackman.com.br\/#\/schema\/person\/8a2355f699593d21d4f0d25b69db5747\",\"name\":\"Gilberto Evangelista - Colunista\",\"image\":{\"@type\":\"ImageObject\",\"inLanguage\":\"pt-BR\",\"@id\":\"https:\/\/lackman.com.br\/#\/schema\/person\/image\/\",\"url\":\"https:\/\/secure.gravatar.com\/avatar\/cea9badf02f8a90f7a745f2cbea45fda61f65711ec015e2faf3809cca6337c28?s=96&d=mm&r=g\",\"contentUrl\":\"https:\/\/secure.gravatar.com\/avatar\/cea9badf02f8a90f7a745f2cbea45fda61f65711ec015e2faf3809cca6337c28?s=96&d=mm&r=g\",\"caption\":\"Gilberto Evangelista - Colunista\"},\"description\":\"Jornalista e globetrotter.\",\"url\":\"https:\/\/lackman.com.br\/index.php\/author\/gilberto-brito\/\"}]}<\/script>\n<!-- \/ Yoast SEO plugin. -->","yoast_head_json":{"title":"Click: Bras\u00edlia pelas lentes de Edu Vergara - LACKMAN &amp; CO.","robots":{"index":"index","follow":"follow","max-snippet":"max-snippet:-1","max-image-preview":"max-image-preview:large","max-video-preview":"max-video-preview:-1"},"canonical":"https:\/\/lackman.com.br\/index.php\/2024\/01\/30\/click-brasilia-vista-de-outra-maneira\/","og_locale":"pt_BR","og_type":"article","og_title":"Click: Bras\u00edlia pelas lentes de Edu Vergara - LACKMAN &amp; CO.","og_description":"Exposi\u00e7\u00e3o traz um olhar inusitado para cart\u00f5es-postais ic\u00f4nicos e cenas cotidianas da capital federal &nbsp; Esta n\u00e3o \u00e9 uma mat\u00e9ria, na verdade, trata-se de um convite para voc\u00ea sair PERAMBULANDO o quanto antes em dire\u00e7\u00e3o ao Museu de Arte de Bras\u00edlia (MAB) e visitar a exposi\u00e7\u00e3o \u201cBras\u00edlia Angularis &#8211; Voc\u00ea nunca viu Bras\u00edlia por esses \u00e2ngulos\u201d. Afinal, a mostra est\u00e1 em cartaz somente at\u00e9 o dia 19 de fevereiro, ou seja, acaba muito em breve.\u00a0Reunindo mais de 50 imagens, a colet\u00e2nea \u00e9 de autoria do fot\u00f3grafo Edu Vergara que se lan\u00e7ou ao desafio de retratar a natureza e a arquitetura da cidade por \u00e2ngulos diversificados em busca de imagens inusitadas e 100% originais. Edu, que tamb\u00e9m \u00e9 idealizador do Festival Internacional de Fotografia Bras\u00edlia Photo Show, destaca que Angularis visa decifrar novos caminhos visuais que a capital tem a oferecer, tanto pelo exuberante Cerrado, quanto pelos tra\u00e7os inquietos e inovadores da sua arquitetura. \u201cQuem n\u00e3o vive Bras\u00edlia diariamente, nem sempre acredita que ela esbanja naturalmente tantos cen\u00e1rios estonteantes. Bras\u00edlia \u00e9 mestre em produzir photoshops sem que haja qualquer interven\u00e7\u00e3o humana nesse processo\u201d, pontua Vergara. Vale lembrar a melhor parte, este \u00e9 um programa gratuito, uma \u00f3tima oportunidade para a fam\u00edlia toda aproveitar a reta final das f\u00e9rias escolares que, coincidentemente, acabam no mesmo dia na rede p\u00fablica de ensino. &nbsp; Para PERAMBULAR por Bras\u00edlia Angularis Museu de Arte de Bras\u00edlia (MAB) \/ SHTN Trecho 1, projeto Orla Polo 03, Lote 05 \/ Todos os dias das 10h \u00e0s 19h \u2013 exceto ter\u00e7as-feiras \/ Gr\u00e1tis \/ Livre &nbsp; Fotos: Edu Vergara","og_url":"https:\/\/lackman.com.br\/index.php\/2024\/01\/30\/click-brasilia-vista-de-outra-maneira\/","og_site_name":"LACKMAN &amp; CO.","article_published_time":"2024-01-30T22:37:55+00:00","article_modified_time":"2024-02-01T14:12:53+00:00","og_image":[{"width":992,"height":643,"url":"http:\/\/lackman.com.br\/wp-content\/uploads\/2024\/01\/Angularis2.jpg","type":"image\/jpeg"}],"author":"Gilberto Evangelista - Colunista","twitter_card":"summary_large_image","twitter_misc":{"Escrito por":"Gilberto Evangelista - Colunista","Est. tempo de leitura":"2 minutos"},"schema":{"@context":"https:\/\/schema.org","@graph":[{"@type":"Article","@id":"https:\/\/lackman.com.br\/index.php\/2024\/01\/30\/click-brasilia-vista-de-outra-maneira\/#article","isPartOf":{"@id":"https:\/\/lackman.com.br\/index.php\/2024\/01\/30\/click-brasilia-vista-de-outra-maneira\/"},"author":{"name":"Gilberto Evangelista - Colunista","@id":"https:\/\/lackman.com.br\/#\/schema\/person\/8a2355f699593d21d4f0d25b69db5747"},"headline":"Click: Bras\u00edlia pelas lentes de Edu Vergara","datePublished":"2024-01-30T22:37:55+00:00","dateModified":"2024-02-01T14:12:53+00:00","mainEntityOfPage":{"@id":"https:\/\/lackman.com.br\/index.php\/2024\/01\/30\/click-brasilia-vista-de-outra-maneira\/"},"wordCount":278,"publisher":{"@id":"https:\/\/lackman.com.br\/#organization"},"image":{"@id":"https:\/\/lackman.com.br\/index.php\/2024\/01\/30\/click-brasilia-vista-de-outra-maneira\/#primaryimage"},"thumbnailUrl":"https:\/\/lackman.com.br\/wp-content\/uploads\/2024\/01\/Angularis2.jpg","keywords":["brasilia","Bras\u00edlia Angularis","Bras\u00edlia Photo Show","df","Edu Vergara","exposi\u00e7\u00e3o","fotografia","fotogr\u00e1fica","MAB","Museu de Arte de Bras\u00edlia"],"articleSection":["Arte","Cultura"],"inLanguage":"pt-BR"},{"@type":"WebPage","@id":"https:\/\/lackman.com.br\/index.php\/2024\/01\/30\/click-brasilia-vista-de-outra-maneira\/","url":"https:\/\/lackman.com.br\/index.php\/2024\/01\/30\/click-brasilia-vista-de-outra-maneira\/","name":"Click: Bras\u00edlia pelas lentes de Edu Vergara - LACKMAN &amp; CO.","isPartOf":{"@id":"https:\/\/lackman.com.br\/#website"},"primaryImageOfPage":{"@id":"https:\/\/lackman.com.br\/index.php\/2024\/01\/30\/click-brasilia-vista-de-outra-maneira\/#primaryimage"},"image":{"@id":"https:\/\/lackman.com.br\/index.php\/2024\/01\/30\/click-brasilia-vista-de-outra-maneira\/#primaryimage"},"thumbnailUrl":"https:\/\/lackman.com.br\/wp-content\/uploads\/2024\/01\/Angularis2.jpg","datePublished":"2024-01-30T22:37:55+00:00","dateModified":"2024-02-01T14:12:53+00:00","breadcrumb":{"@id":"https:\/\/lackman.com.br\/index.php\/2024\/01\/30\/click-brasilia-vista-de-outra-maneira\/#breadcrumb"},"inLanguage":"pt-BR","potentialAction":[{"@type":"ReadAction","target":["https:\/\/lackman.com.br\/index.php\/2024\/01\/30\/click-brasilia-vista-de-outra-maneira\/"]}]},{"@type":"ImageObject","inLanguage":"pt-BR","@id":"https:\/\/lackman.com.br\/index.php\/2024\/01\/30\/click-brasilia-vista-de-outra-maneira\/#primaryimage","url":"https:\/\/lackman.com.br\/wp-content\/uploads\/2024\/01\/Angularis2.jpg","contentUrl":"https:\/\/lackman.com.br\/wp-content\/uploads\/2024\/01\/Angularis2.jpg","width":992,"height":643},{"@type":"BreadcrumbList","@id":"https:\/\/lackman.com.br\/index.php\/2024\/01\/30\/click-brasilia-vista-de-outra-maneira\/#breadcrumb","itemListElement":[{"@type":"ListItem","position":1,"name":"In\u00edcio","item":"https:\/\/lackman.com.br\/"},{"@type":"ListItem","position":2,"name":"Click: Bras\u00edlia pelas lentes de Edu Vergara"}]},{"@type":"WebSite","@id":"https:\/\/lackman.com.br\/#website","url":"https:\/\/lackman.com.br\/","name":"LACKMAN &amp; CO.","description":"VIDA | MODA | ARTE","publisher":{"@id":"https:\/\/lackman.com.br\/#organization"},"potentialAction":[{"@type":"SearchAction","target":{"@type":"EntryPoint","urlTemplate":"https:\/\/lackman.com.br\/?s={search_term_string}"},"query-input":{"@type":"PropertyValueSpecification","valueRequired":true,"valueName":"search_term_string"}}],"inLanguage":"pt-BR"},{"@type":"Organization","@id":"https:\/\/lackman.com.br\/#organization","name":"LACKMAN &amp; CO.","url":"https:\/\/lackman.com.br\/","logo":{"@type":"ImageObject","inLanguage":"pt-BR","@id":"https:\/\/lackman.com.br\/#\/schema\/logo\/image\/","url":"https:\/\/lackman.com.br\/wp-content\/uploads\/2023\/06\/Logotipo_preto-1.png","contentUrl":"https:\/\/lackman.com.br\/wp-content\/uploads\/2023\/06\/Logotipo_preto-1.png","width":739,"height":393,"caption":"LACKMAN &amp; CO."},"image":{"@id":"https:\/\/lackman.com.br\/#\/schema\/logo\/image\/"}},{"@type":"Person","@id":"https:\/\/lackman.com.br\/#\/schema\/person\/8a2355f699593d21d4f0d25b69db5747","name":"Gilberto Evangelista - Colunista","image":{"@type":"ImageObject","inLanguage":"pt-BR","@id":"https:\/\/lackman.com.br\/#\/schema\/person\/image\/","url":"https:\/\/secure.gravatar.com\/avatar\/cea9badf02f8a90f7a745f2cbea45fda61f65711ec015e2faf3809cca6337c28?s=96&d=mm&r=g","contentUrl":"https:\/\/secure.gravatar.com\/avatar\/cea9badf02f8a90f7a745f2cbea45fda61f65711ec015e2faf3809cca6337c28?s=96&d=mm&r=g","caption":"Gilberto Evangelista - Colunista"},"description":"Jornalista e globetrotter.","url":"https:\/\/lackman.com.br\/index.php\/author\/gilberto-brito\/"}]}},"rttpg_featured_image_url":{"full":["https:\/\/lackman.com.br\/wp-content\/uploads\/2024\/01\/Angularis2.jpg",992,643,false],"landscape":["https:\/\/lackman.com.br\/wp-content\/uploads\/2024\/01\/Angularis2.jpg",992,643,false],"portraits":["https:\/\/lackman.com.br\/wp-content\/uploads\/2024\/01\/Angularis2.jpg",992,643,false],"thumbnail":["https:\/\/lackman.com.br\/wp-content\/uploads\/2024\/01\/Angularis2-150x150.jpg",150,150,true],"medium":["https:\/\/lackman.com.br\/wp-content\/uploads\/2024\/01\/Angularis2-300x194.jpg",300,194,true],"large":["https:\/\/lackman.com.br\/wp-content\/uploads\/2024\/01\/Angularis2.jpg",992,643,false],"RoboGalleryMansoryImagesCenter":["https:\/\/lackman.com.br\/wp-content\/uploads\/2024\/01\/Angularis2-600x643.jpg",600,643,true],"RoboGalleryPreload":["https:\/\/lackman.com.br\/wp-content\/uploads\/2024\/01\/Angularis2.jpg",100,65,false],"1536x1536":["https:\/\/lackman.com.br\/wp-content\/uploads\/2024\/01\/Angularis2.jpg",992,643,false],"2048x2048":["https:\/\/lackman.com.br\/wp-content\/uploads\/2024\/01\/Angularis2.jpg",992,643,false]},"rttpg_author":{"display_name":"Gilberto Evangelista - Colunista","author_link":"https:\/\/lackman.com.br\/index.php\/author\/gilberto-brito\/"},"rttpg_comment":0,"rttpg_category":"<a href=\"https:\/\/lackman.com.br\/index.php\/category\/arte\/\" rel=\"category tag\">Arte<\/a> <a href=\"https:\/\/lackman.com.br\/index.php\/category\/arte\/cultura-arte\/\" rel=\"category tag\">Cultura<\/a>","rttpg_excerpt":"Exposi\u00e7\u00e3o traz um olhar inusitado para cart\u00f5es-postais ic\u00f4nicos e cenas cotidianas da capital federal &nbsp; Esta n\u00e3o \u00e9 uma mat\u00e9ria, na verdade, trata-se de um convite para voc\u00ea sair PERAMBULANDO o quanto antes em dire\u00e7\u00e3o ao Museu de Arte de Bras\u00edlia (MAB) e visitar a exposi\u00e7\u00e3o \u201cBras\u00edlia Angularis &#8211; Voc\u00ea nunca viu Bras\u00edlia por esses&hellip;","_links":{"self":[{"href":"https:\/\/lackman.com.br\/index.php\/wp-json\/wp\/v2\/posts\/6259","targetHints":{"allow":["GET"]}}],"collection":[{"href":"https:\/\/lackman.com.br\/index.php\/wp-json\/wp\/v2\/posts"}],"about":[{"href":"https:\/\/lackman.com.br\/index.php\/wp-json\/wp\/v2\/types\/post"}],"author":[{"embeddable":true,"href":"https:\/\/lackman.com.br\/index.php\/wp-json\/wp\/v2\/users\/6"}],"replies":[{"embeddable":true,"href":"https:\/\/lackman.com.br\/index.php\/wp-json\/wp\/v2\/comments?post=6259"}],"version-history":[{"count":5,"href":"https:\/\/lackman.com.br\/index.php\/wp-json\/wp\/v2\/posts\/6259\/revisions"}],"predecessor-version":[{"id":6277,"href":"https:\/\/lackman.com.br\/index.php\/wp-json\/wp\/v2\/posts\/6259\/revisions\/6277"}],"wp:featuredmedia":[{"embeddable":true,"href":"https:\/\/lackman.com.br\/index.php\/wp-json\/wp\/v2\/media\/6260"}],"wp:attachment":[{"href":"https:\/\/lackman.com.br\/index.php\/wp-json\/wp\/v2\/media?parent=6259"}],"wp:term":[{"taxonomy":"category","embeddable":true,"href":"https:\/\/lackman.com.br\/index.php\/wp-json\/wp\/v2\/categories?post=6259"},{"taxonomy":"post_tag","embeddable":true,"href":"https:\/\/lackman.com.br\/index.php\/wp-json\/wp\/v2\/tags?post=6259"}],"curies":[{"name":"wp","href":"https:\/\/api.w.org\/{rel}","templated":true}]}}