{"id":6132,"date":"2023-12-13T23:26:12","date_gmt":"2023-12-14T02:26:12","guid":{"rendered":"https:\/\/lackman.com.br\/?p=6132"},"modified":"2023-12-13T23:53:26","modified_gmt":"2023-12-14T02:53:26","slug":"sol-em-sagitario-o-bday-de-edu-ganassin","status":"publish","type":"post","link":"https:\/\/lackman.com.br\/index.php\/2023\/12\/13\/sol-em-sagitario-o-bday-de-edu-ganassin\/","title":{"rendered":"Sol em Sagit\u00e1rio: o B\u2019Day de Edu Ganassin"},"content":{"rendered":"<p style=\"text-align: justify\">Dizem que os sagitarianos s\u00e3o aqueles que mais gostam de festejar a vida, o dia em que nasceram ent\u00e3o, a\u00ed que sobram motivos. E o influencer e promoter Eduardo Ganassin \u00e9 a quintess\u00eancia do seu signo, n\u00e3o deixando de comemorar em grande estilo e ao lado de seus amigos, nenhum de seus B\u2019Days.<\/p>\n<figure id=\"attachment_6134\" aria-describedby=\"caption-attachment-6134\" style=\"width: 1438px\" class=\"wp-caption aligncenter\"><img fetchpriority=\"high\" decoding=\"async\" class=\"wp-image-6134 size-full\" src=\"http:\/\/lackman.com.br\/wp-content\/uploads\/2023\/12\/image00007-scaled.jpeg\" alt=\"\" width=\"1438\" height=\"2560\" srcset=\"https:\/\/lackman.com.br\/wp-content\/uploads\/2023\/12\/image00007-scaled.jpeg 1438w, https:\/\/lackman.com.br\/wp-content\/uploads\/2023\/12\/image00007-169x300.jpeg 169w, https:\/\/lackman.com.br\/wp-content\/uploads\/2023\/12\/image00007-575x1024.jpeg 575w, https:\/\/lackman.com.br\/wp-content\/uploads\/2023\/12\/image00007-768x1367.jpeg 768w, https:\/\/lackman.com.br\/wp-content\/uploads\/2023\/12\/image00007-863x1536.jpeg 863w, https:\/\/lackman.com.br\/wp-content\/uploads\/2023\/12\/image00007-1150x2048.jpeg 1150w\" sizes=\"(max-width: 1438px) 100vw, 1438px\" \/><figcaption id=\"caption-attachment-6134\" class=\"wp-caption-text\">Eduardo Ganassin<\/figcaption><\/figure>\n<p style=\"text-align: justify\"><img decoding=\"async\" class=\"aligncenter wp-image-6135 size-full\" src=\"http:\/\/lackman.com.br\/wp-content\/uploads\/2023\/12\/image00020-scaled.jpeg\" alt=\"\" width=\"1438\" height=\"2560\" srcset=\"https:\/\/lackman.com.br\/wp-content\/uploads\/2023\/12\/image00020-scaled.jpeg 1438w, https:\/\/lackman.com.br\/wp-content\/uploads\/2023\/12\/image00020-169x300.jpeg 169w, https:\/\/lackman.com.br\/wp-content\/uploads\/2023\/12\/image00020-575x1024.jpeg 575w, https:\/\/lackman.com.br\/wp-content\/uploads\/2023\/12\/image00020-768x1367.jpeg 768w, https:\/\/lackman.com.br\/wp-content\/uploads\/2023\/12\/image00020-863x1536.jpeg 863w, https:\/\/lackman.com.br\/wp-content\/uploads\/2023\/12\/image00020-1150x2048.jpeg 1150w\" sizes=\"(max-width: 1438px) 100vw, 1438px\" \/><\/p>\n<p style=\"text-align: justify\"><img decoding=\"async\" class=\"aligncenter wp-image-6138 size-full\" src=\"http:\/\/lackman.com.br\/wp-content\/uploads\/2023\/12\/image00056-scaled.jpeg\" alt=\"\" width=\"1438\" height=\"2560\" srcset=\"https:\/\/lackman.com.br\/wp-content\/uploads\/2023\/12\/image00056-scaled.jpeg 1438w, https:\/\/lackman.com.br\/wp-content\/uploads\/2023\/12\/image00056-169x300.jpeg 169w, https:\/\/lackman.com.br\/wp-content\/uploads\/2023\/12\/image00056-575x1024.jpeg 575w, https:\/\/lackman.com.br\/wp-content\/uploads\/2023\/12\/image00056-768x1367.jpeg 768w, https:\/\/lackman.com.br\/wp-content\/uploads\/2023\/12\/image00056-863x1536.jpeg 863w, https:\/\/lackman.com.br\/wp-content\/uploads\/2023\/12\/image00056-1150x2048.jpeg 1150w\" sizes=\"(max-width: 1438px) 100vw, 1438px\" \/><\/p>\n<figure id=\"attachment_6136\" aria-describedby=\"caption-attachment-6136\" style=\"width: 1438px\" class=\"wp-caption aligncenter\"><img loading=\"lazy\" decoding=\"async\" class=\"wp-image-6136 size-full\" src=\"http:\/\/lackman.com.br\/wp-content\/uploads\/2023\/12\/image00021-scaled.jpeg\" alt=\"\" width=\"1438\" height=\"2560\" srcset=\"https:\/\/lackman.com.br\/wp-content\/uploads\/2023\/12\/image00021-scaled.jpeg 1438w, https:\/\/lackman.com.br\/wp-content\/uploads\/2023\/12\/image00021-169x300.jpeg 169w, https:\/\/lackman.com.br\/wp-content\/uploads\/2023\/12\/image00021-575x1024.jpeg 575w, https:\/\/lackman.com.br\/wp-content\/uploads\/2023\/12\/image00021-768x1367.jpeg 768w, https:\/\/lackman.com.br\/wp-content\/uploads\/2023\/12\/image00021-863x1536.jpeg 863w, https:\/\/lackman.com.br\/wp-content\/uploads\/2023\/12\/image00021-1150x2048.jpeg 1150w\" sizes=\"(max-width: 1438px) 100vw, 1438px\" \/><figcaption id=\"caption-attachment-6136\" class=\"wp-caption-text\">Rayane e Eduardo Ganassin<\/figcaption><\/figure>\n<p style=\"text-align: justify\"><img loading=\"lazy\" decoding=\"async\" class=\"aligncenter wp-image-6137 size-full\" src=\"http:\/\/lackman.com.br\/wp-content\/uploads\/2023\/12\/image00026-scaled.jpeg\" alt=\"\" width=\"1438\" height=\"2560\" srcset=\"https:\/\/lackman.com.br\/wp-content\/uploads\/2023\/12\/image00026-scaled.jpeg 1438w, https:\/\/lackman.com.br\/wp-content\/uploads\/2023\/12\/image00026-169x300.jpeg 169w, https:\/\/lackman.com.br\/wp-content\/uploads\/2023\/12\/image00026-575x1024.jpeg 575w, https:\/\/lackman.com.br\/wp-content\/uploads\/2023\/12\/image00026-768x1367.jpeg 768w, https:\/\/lackman.com.br\/wp-content\/uploads\/2023\/12\/image00026-863x1536.jpeg 863w, https:\/\/lackman.com.br\/wp-content\/uploads\/2023\/12\/image00026-1150x2048.jpeg 1150w\" sizes=\"(max-width: 1438px) 100vw, 1438px\" \/><\/p>\n<p style=\"text-align: justify\">E agora em 2023, depois de j\u00e1 ter elegido tantas outras cores para o dress code de suas festas, escolheu o branco para dar o tom das roupas usadas por todos aqueles que foram convidados para estarem ao seu lado, no \u00faltimo dia 03, no restaurante Aragon, que, coincidentemente, ostenta uma decora\u00e7\u00e3o alva, clean e elegante. Claro que ele se destacou usando passeio completo da grife MZanirato.<\/p>\n<figure id=\"attachment_6139\" aria-describedby=\"caption-attachment-6139\" style=\"width: 2560px\" class=\"wp-caption aligncenter\"><img loading=\"lazy\" decoding=\"async\" class=\"wp-image-6139 size-full\" src=\"http:\/\/lackman.com.br\/wp-content\/uploads\/2023\/12\/image00097-scaled.jpeg\" alt=\"\" width=\"2560\" height=\"1707\" srcset=\"https:\/\/lackman.com.br\/wp-content\/uploads\/2023\/12\/image00097-scaled.jpeg 2560w, https:\/\/lackman.com.br\/wp-content\/uploads\/2023\/12\/image00097-300x200.jpeg 300w, https:\/\/lackman.com.br\/wp-content\/uploads\/2023\/12\/image00097-1024x683.jpeg 1024w, https:\/\/lackman.com.br\/wp-content\/uploads\/2023\/12\/image00097-768x512.jpeg 768w, https:\/\/lackman.com.br\/wp-content\/uploads\/2023\/12\/image00097-1536x1024.jpeg 1536w, https:\/\/lackman.com.br\/wp-content\/uploads\/2023\/12\/image00097-2048x1365.jpeg 2048w\" sizes=\"(max-width: 2560px) 100vw, 2560px\" \/><figcaption id=\"caption-attachment-6139\" class=\"wp-caption-text\">Edu e Eliene Lucindo<\/figcaption><\/figure>\n<figure id=\"attachment_6140\" aria-describedby=\"caption-attachment-6140\" style=\"width: 2560px\" class=\"wp-caption aligncenter\"><img loading=\"lazy\" decoding=\"async\" class=\"wp-image-6140 size-full\" src=\"http:\/\/lackman.com.br\/wp-content\/uploads\/2023\/12\/image00113-scaled.jpeg\" alt=\"\" width=\"2560\" height=\"1707\" srcset=\"https:\/\/lackman.com.br\/wp-content\/uploads\/2023\/12\/image00113-scaled.jpeg 2560w, https:\/\/lackman.com.br\/wp-content\/uploads\/2023\/12\/image00113-300x200.jpeg 300w, https:\/\/lackman.com.br\/wp-content\/uploads\/2023\/12\/image00113-1024x683.jpeg 1024w, https:\/\/lackman.com.br\/wp-content\/uploads\/2023\/12\/image00113-768x512.jpeg 768w, https:\/\/lackman.com.br\/wp-content\/uploads\/2023\/12\/image00113-1536x1024.jpeg 1536w, https:\/\/lackman.com.br\/wp-content\/uploads\/2023\/12\/image00113-2048x1365.jpeg 2048w\" sizes=\"(max-width: 2560px) 100vw, 2560px\" \/><figcaption id=\"caption-attachment-6140\" class=\"wp-caption-text\">Felipe Pataro e Clara Sabor<\/figcaption><\/figure>\n<figure id=\"attachment_6141\" aria-describedby=\"caption-attachment-6141\" style=\"width: 2560px\" class=\"wp-caption aligncenter\"><img loading=\"lazy\" decoding=\"async\" class=\"wp-image-6141 size-full\" src=\"http:\/\/lackman.com.br\/wp-content\/uploads\/2023\/12\/image00137-scaled.jpeg\" alt=\"\" width=\"2560\" height=\"1707\" srcset=\"https:\/\/lackman.com.br\/wp-content\/uploads\/2023\/12\/image00137-scaled.jpeg 2560w, https:\/\/lackman.com.br\/wp-content\/uploads\/2023\/12\/image00137-300x200.jpeg 300w, https:\/\/lackman.com.br\/wp-content\/uploads\/2023\/12\/image00137-1024x683.jpeg 1024w, https:\/\/lackman.com.br\/wp-content\/uploads\/2023\/12\/image00137-768x512.jpeg 768w, https:\/\/lackman.com.br\/wp-content\/uploads\/2023\/12\/image00137-1536x1024.jpeg 1536w, https:\/\/lackman.com.br\/wp-content\/uploads\/2023\/12\/image00137-2048x1365.jpeg 2048w\" sizes=\"(max-width: 2560px) 100vw, 2560px\" \/><figcaption id=\"caption-attachment-6141\" class=\"wp-caption-text\">Kaion Douglas e Gilberto Evangelista<\/figcaption><\/figure>\n<figure id=\"attachment_6142\" aria-describedby=\"caption-attachment-6142\" style=\"width: 2560px\" class=\"wp-caption aligncenter\"><img loading=\"lazy\" decoding=\"async\" class=\"wp-image-6142 size-full\" src=\"http:\/\/lackman.com.br\/wp-content\/uploads\/2023\/12\/image00152-scaled.jpeg\" alt=\"\" width=\"2560\" height=\"1707\" srcset=\"https:\/\/lackman.com.br\/wp-content\/uploads\/2023\/12\/image00152-scaled.jpeg 2560w, https:\/\/lackman.com.br\/wp-content\/uploads\/2023\/12\/image00152-300x200.jpeg 300w, https:\/\/lackman.com.br\/wp-content\/uploads\/2023\/12\/image00152-1024x683.jpeg 1024w, https:\/\/lackman.com.br\/wp-content\/uploads\/2023\/12\/image00152-768x512.jpeg 768w, https:\/\/lackman.com.br\/wp-content\/uploads\/2023\/12\/image00152-1536x1024.jpeg 1536w, https:\/\/lackman.com.br\/wp-content\/uploads\/2023\/12\/image00152-2048x1365.jpeg 2048w\" sizes=\"(max-width: 2560px) 100vw, 2560px\" \/><figcaption id=\"caption-attachment-6142\" class=\"wp-caption-text\">Thiago Malva, Edu e Kaion Douglas<\/figcaption><\/figure>\n<p style=\"text-align: justify\">Entre o constante tilintar de ta\u00e7as de espumante e de drinks refrescantes, Ganassin e seus convivas puderam se deliciar com os bem-servidos pratos inspirados na cozinha ib\u00e9rica criados pelo chef Leandro Garden para o restaurante que inaugurou h\u00e1 pouco tempo, onde frutos do mar predominam entre as op\u00e7\u00f5es. A sobremesa ficou por conta de bombons e o bolo preferido do aniversariante e que harmoniza baunilha, baba de mo\u00e7a e nozes, uma cria\u00e7\u00e3o by Cozinha de Doces. Parab\u00e9ns Edu!<\/p>\n<figure id=\"attachment_6143\" aria-describedby=\"caption-attachment-6143\" style=\"width: 2560px\" class=\"wp-caption aligncenter\"><img loading=\"lazy\" decoding=\"async\" class=\"wp-image-6143 size-full\" src=\"http:\/\/lackman.com.br\/wp-content\/uploads\/2023\/12\/image00110-scaled.jpeg\" alt=\"\" width=\"2560\" height=\"1707\" srcset=\"https:\/\/lackman.com.br\/wp-content\/uploads\/2023\/12\/image00110-scaled.jpeg 2560w, https:\/\/lackman.com.br\/wp-content\/uploads\/2023\/12\/image00110-300x200.jpeg 300w, https:\/\/lackman.com.br\/wp-content\/uploads\/2023\/12\/image00110-1024x683.jpeg 1024w, https:\/\/lackman.com.br\/wp-content\/uploads\/2023\/12\/image00110-768x512.jpeg 768w, https:\/\/lackman.com.br\/wp-content\/uploads\/2023\/12\/image00110-1536x1024.jpeg 1536w, https:\/\/lackman.com.br\/wp-content\/uploads\/2023\/12\/image00110-2048x1365.jpeg 2048w\" sizes=\"(max-width: 2560px) 100vw, 2560px\" \/><figcaption id=\"caption-attachment-6143\" class=\"wp-caption-text\">Rebeca Almeida, Paulo Henrique, Mateus Almeida e Elder Rodrigues.<\/figcaption><\/figure>\n<figure id=\"attachment_6144\" aria-describedby=\"caption-attachment-6144\" style=\"width: 2560px\" class=\"wp-caption aligncenter\"><img loading=\"lazy\" decoding=\"async\" class=\"wp-image-6144 size-full\" src=\"http:\/\/lackman.com.br\/wp-content\/uploads\/2023\/12\/image00112-scaled.jpeg\" alt=\"\" width=\"2560\" height=\"1707\" srcset=\"https:\/\/lackman.com.br\/wp-content\/uploads\/2023\/12\/image00112-scaled.jpeg 2560w, https:\/\/lackman.com.br\/wp-content\/uploads\/2023\/12\/image00112-300x200.jpeg 300w, https:\/\/lackman.com.br\/wp-content\/uploads\/2023\/12\/image00112-1024x683.jpeg 1024w, https:\/\/lackman.com.br\/wp-content\/uploads\/2023\/12\/image00112-768x512.jpeg 768w, https:\/\/lackman.com.br\/wp-content\/uploads\/2023\/12\/image00112-1536x1024.jpeg 1536w, https:\/\/lackman.com.br\/wp-content\/uploads\/2023\/12\/image00112-2048x1365.jpeg 2048w\" sizes=\"(max-width: 2560px) 100vw, 2560px\" \/><figcaption id=\"caption-attachment-6144\" class=\"wp-caption-text\">O casal Guilherme e Eliel Almeida com Neto Melo<\/figcaption><\/figure>\n<figure id=\"attachment_6146\" aria-describedby=\"caption-attachment-6146\" style=\"width: 2560px\" class=\"wp-caption aligncenter\"><img loading=\"lazy\" decoding=\"async\" class=\"wp-image-6146 size-full\" src=\"http:\/\/lackman.com.br\/wp-content\/uploads\/2023\/12\/image00225-scaled.jpeg\" alt=\"\" width=\"2560\" height=\"1707\" srcset=\"https:\/\/lackman.com.br\/wp-content\/uploads\/2023\/12\/image00225-scaled.jpeg 2560w, https:\/\/lackman.com.br\/wp-content\/uploads\/2023\/12\/image00225-300x200.jpeg 300w, https:\/\/lackman.com.br\/wp-content\/uploads\/2023\/12\/image00225-1024x683.jpeg 1024w, https:\/\/lackman.com.br\/wp-content\/uploads\/2023\/12\/image00225-768x512.jpeg 768w, https:\/\/lackman.com.br\/wp-content\/uploads\/2023\/12\/image00225-1536x1024.jpeg 1536w, https:\/\/lackman.com.br\/wp-content\/uploads\/2023\/12\/image00225-2048x1365.jpeg 2048w\" sizes=\"(max-width: 2560px) 100vw, 2560px\" \/><figcaption id=\"caption-attachment-6146\" class=\"wp-caption-text\">Marianna Poroniuk e Sandy Andrade<\/figcaption><\/figure>\n<figure id=\"attachment_6145\" aria-describedby=\"caption-attachment-6145\" style=\"width: 2560px\" class=\"wp-caption aligncenter\"><img loading=\"lazy\" decoding=\"async\" class=\"wp-image-6145 size-full\" src=\"http:\/\/lackman.com.br\/wp-content\/uploads\/2023\/12\/image00212-scaled.jpeg\" alt=\"\" width=\"2560\" height=\"1707\" srcset=\"https:\/\/lackman.com.br\/wp-content\/uploads\/2023\/12\/image00212-scaled.jpeg 2560w, https:\/\/lackman.com.br\/wp-content\/uploads\/2023\/12\/image00212-300x200.jpeg 300w, https:\/\/lackman.com.br\/wp-content\/uploads\/2023\/12\/image00212-1024x683.jpeg 1024w, https:\/\/lackman.com.br\/wp-content\/uploads\/2023\/12\/image00212-768x512.jpeg 768w, https:\/\/lackman.com.br\/wp-content\/uploads\/2023\/12\/image00212-1536x1024.jpeg 1536w, https:\/\/lackman.com.br\/wp-content\/uploads\/2023\/12\/image00212-2048x1365.jpeg 2048w\" sizes=\"(max-width: 2560px) 100vw, 2560px\" \/><figcaption id=\"caption-attachment-6145\" class=\"wp-caption-text\">Larissa Lisboa, Gabriella Cherchi, D\u00e9bora Gomes e Bianca Sousa<\/figcaption><\/figure>\n<figure id=\"attachment_6147\" aria-describedby=\"caption-attachment-6147\" style=\"width: 1707px\" class=\"wp-caption alignnone\"><img loading=\"lazy\" decoding=\"async\" class=\"wp-image-6147 size-full\" src=\"http:\/\/lackman.com.br\/wp-content\/uploads\/2023\/12\/image00184-scaled.jpeg\" alt=\"\" width=\"1707\" height=\"2560\" srcset=\"https:\/\/lackman.com.br\/wp-content\/uploads\/2023\/12\/image00184-scaled.jpeg 1707w, https:\/\/lackman.com.br\/wp-content\/uploads\/2023\/12\/image00184-200x300.jpeg 200w, https:\/\/lackman.com.br\/wp-content\/uploads\/2023\/12\/image00184-683x1024.jpeg 683w, https:\/\/lackman.com.br\/wp-content\/uploads\/2023\/12\/image00184-768x1152.jpeg 768w, https:\/\/lackman.com.br\/wp-content\/uploads\/2023\/12\/image00184-1024x1536.jpeg 1024w, https:\/\/lackman.com.br\/wp-content\/uploads\/2023\/12\/image00184-1365x2048.jpeg 1365w\" sizes=\"(max-width: 1707px) 100vw, 1707px\" \/><figcaption id=\"caption-attachment-6147\" class=\"wp-caption-text\">Leila Guimar\u00e3es<\/figcaption><\/figure>\n","protected":false},"excerpt":{"rendered":"<p>Dizem que os sagitarianos s\u00e3o aqueles que mais gostam de festejar a vida, o dia em que nasceram ent\u00e3o, a\u00ed que sobram motivos. E o influencer e promoter Eduardo Ganassin \u00e9 a quintess\u00eancia do seu signo, n\u00e3o deixando de comemorar em grande estilo e ao lado de seus amigos, nenhum de seus B\u2019Days. E agora em 2023, depois de j\u00e1 ter elegido tantas outras cores para o dress code de suas festas, escolheu o branco para dar o tom das roupas usadas por todos aqueles que foram convidados para estarem ao seu lado, no \u00faltimo dia 03, no restaurante Aragon, que, coincidentemente, ostenta uma decora\u00e7\u00e3o alva, clean e elegante. Claro que ele se destacou usando passeio completo da grife MZanirato. Entre o constante tilintar de ta\u00e7as de espumante e de drinks refrescantes, Ganassin e seus convivas puderam se deliciar com os bem-servidos pratos inspirados na cozinha ib\u00e9rica criados pelo chef Leandro Garden para o restaurante que inaugurou h\u00e1 pouco tempo, onde frutos do mar predominam entre as op\u00e7\u00f5es. A sobremesa ficou por conta de bombons e o bolo preferido do aniversariante e que harmoniza baunilha, baba de mo\u00e7a e nozes, uma cria\u00e7\u00e3o by Cozinha de Doces. Parab\u00e9ns Edu!<\/p>\n","protected":false},"author":6,"featured_media":6133,"comment_status":"closed","ping_status":"open","sticky":false,"template":"","format":"standard","meta":{"site-sidebar-layout":"default","site-content-layout":"","ast-site-content-layout":"default","site-content-style":"default","site-sidebar-style":"default","ast-global-header-display":"","ast-banner-title-visibility":"","ast-main-header-display":"","ast-hfb-above-header-display":"","ast-hfb-below-header-display":"","ast-hfb-mobile-header-display":"","site-post-title":"","ast-breadcrumbs-content":"","ast-featured-img":"","footer-sml-layout":"","ast-disable-related-posts":"","theme-transparent-header-meta":"default","adv-header-id-meta":"","stick-header-meta":"","header-above-stick-meta":"","header-main-stick-meta":"","header-below-stick-meta":"","astra-migrate-meta-layouts":"set","ast-page-background-enabled":"default","ast-page-background-meta":{"desktop":{"background-color":"","background-image":"","background-repeat":"repeat","background-position":"center center","background-size":"auto","background-attachment":"scroll","background-type":"","background-media":"","overlay-type":"","overlay-color":"","overlay-opacity":"","overlay-gradient":""},"tablet":{"background-color":"","background-image":"","background-repeat":"repeat","background-position":"center center","background-size":"auto","background-attachment":"scroll","background-type":"","background-media":"","overlay-type":"","overlay-color":"","overlay-opacity":"","overlay-gradient":""},"mobile":{"background-color":"","background-image":"","background-repeat":"repeat","background-position":"center center","background-size":"auto","background-attachment":"scroll","background-type":"","background-media":"","overlay-type":"","overlay-color":"","overlay-opacity":"","overlay-gradient":""}},"ast-content-background-meta":{"desktop":{"background-color":"var(--ast-global-color-5)","background-image":"","background-repeat":"repeat","background-position":"center center","background-size":"auto","background-attachment":"scroll","background-type":"","background-media":"","overlay-type":"","overlay-color":"","overlay-opacity":"","overlay-gradient":""},"tablet":{"background-color":"var(--ast-global-color-5)","background-image":"","background-repeat":"repeat","background-position":"center center","background-size":"auto","background-attachment":"scroll","background-type":"","background-media":"","overlay-type":"","overlay-color":"","overlay-opacity":"","overlay-gradient":""},"mobile":{"background-color":"var(--ast-global-color-5)","background-image":"","background-repeat":"repeat","background-position":"center center","background-size":"auto","background-attachment":"scroll","background-type":"","background-media":"","overlay-type":"","overlay-color":"","overlay-opacity":"","overlay-gradient":""}},"footnotes":""},"categories":[43,41],"tags":[875,538,876,879,874,878,82,877,880],"class_list":["post-6132","post","type-post","status-publish","format-standard","has-post-thumbnail","hentry","category-perambulando","category-vida","tag-almoco","tag-aniversario","tag-aragon","tag-coluna-social","tag-eduardo-ganassin","tag-evento-social","tag-festa","tag-sagitariano","tag-veuve-clicquot"],"yoast_head":"<!-- This site is optimized with the Yoast SEO plugin v27.0 - https:\/\/yoast.com\/product\/yoast-seo-wordpress\/ -->\n<title>Sol em Sagit\u00e1rio: o B\u2019Day de Edu Ganassin - LACKMAN &amp; CO.<\/title>\n<meta name=\"robots\" content=\"index, follow, max-snippet:-1, max-image-preview:large, max-video-preview:-1\" \/>\n<link rel=\"canonical\" href=\"https:\/\/lackman.com.br\/index.php\/2023\/12\/13\/sol-em-sagitario-o-bday-de-edu-ganassin\/\" \/>\n<meta property=\"og:locale\" content=\"pt_BR\" \/>\n<meta property=\"og:type\" content=\"article\" \/>\n<meta property=\"og:title\" content=\"Sol em Sagit\u00e1rio: o B\u2019Day de Edu Ganassin - LACKMAN &amp; CO.\" \/>\n<meta property=\"og:description\" content=\"Dizem que os sagitarianos s\u00e3o aqueles que mais gostam de festejar a vida, o dia em que nasceram ent\u00e3o, a\u00ed que sobram motivos. E o influencer e promoter Eduardo Ganassin \u00e9 a quintess\u00eancia do seu signo, n\u00e3o deixando de comemorar em grande estilo e ao lado de seus amigos, nenhum de seus B\u2019Days. E agora em 2023, depois de j\u00e1 ter elegido tantas outras cores para o dress code de suas festas, escolheu o branco para dar o tom das roupas usadas por todos aqueles que foram convidados para estarem ao seu lado, no \u00faltimo dia 03, no restaurante Aragon, que, coincidentemente, ostenta uma decora\u00e7\u00e3o alva, clean e elegante. Claro que ele se destacou usando passeio completo da grife MZanirato. Entre o constante tilintar de ta\u00e7as de espumante e de drinks refrescantes, Ganassin e seus convivas puderam se deliciar com os bem-servidos pratos inspirados na cozinha ib\u00e9rica criados pelo chef Leandro Garden para o restaurante que inaugurou h\u00e1 pouco tempo, onde frutos do mar predominam entre as op\u00e7\u00f5es. A sobremesa ficou por conta de bombons e o bolo preferido do aniversariante e que harmoniza baunilha, baba de mo\u00e7a e nozes, uma cria\u00e7\u00e3o by Cozinha de Doces. Parab\u00e9ns Edu!\" \/>\n<meta property=\"og:url\" content=\"https:\/\/lackman.com.br\/index.php\/2023\/12\/13\/sol-em-sagitario-o-bday-de-edu-ganassin\/\" \/>\n<meta property=\"og:site_name\" content=\"LACKMAN &amp; CO.\" \/>\n<meta property=\"article:published_time\" content=\"2023-12-14T02:26:12+00:00\" \/>\n<meta property=\"article:modified_time\" content=\"2023-12-14T02:53:26+00:00\" \/>\n<meta property=\"og:image\" content=\"http:\/\/lackman.com.br\/wp-content\/uploads\/2023\/12\/image00095-scaled.jpeg\" \/>\n\t<meta property=\"og:image:width\" content=\"2560\" \/>\n\t<meta property=\"og:image:height\" content=\"1707\" \/>\n\t<meta property=\"og:image:type\" content=\"image\/jpeg\" \/>\n<meta name=\"author\" content=\"Gilberto Evangelista - Colunista\" \/>\n<meta name=\"twitter:card\" content=\"summary_large_image\" \/>\n<meta name=\"twitter:label1\" content=\"Escrito por\" \/>\n\t<meta name=\"twitter:data1\" content=\"Gilberto Evangelista - Colunista\" \/>\n\t<meta name=\"twitter:label2\" content=\"Est. tempo de leitura\" \/>\n\t<meta name=\"twitter:data2\" content=\"5 minutos\" \/>\n<script type=\"application\/ld+json\" class=\"yoast-schema-graph\">{\"@context\":\"https:\/\/schema.org\",\"@graph\":[{\"@type\":\"Article\",\"@id\":\"https:\/\/lackman.com.br\/index.php\/2023\/12\/13\/sol-em-sagitario-o-bday-de-edu-ganassin\/#article\",\"isPartOf\":{\"@id\":\"https:\/\/lackman.com.br\/index.php\/2023\/12\/13\/sol-em-sagitario-o-bday-de-edu-ganassin\/\"},\"author\":{\"name\":\"Gilberto Evangelista - Colunista\",\"@id\":\"https:\/\/lackman.com.br\/#\/schema\/person\/8a2355f699593d21d4f0d25b69db5747\"},\"headline\":\"Sol em Sagit\u00e1rio: o B\u2019Day de Edu Ganassin\",\"datePublished\":\"2023-12-14T02:26:12+00:00\",\"dateModified\":\"2023-12-14T02:53:26+00:00\",\"mainEntityOfPage\":{\"@id\":\"https:\/\/lackman.com.br\/index.php\/2023\/12\/13\/sol-em-sagitario-o-bday-de-edu-ganassin\/\"},\"wordCount\":356,\"publisher\":{\"@id\":\"https:\/\/lackman.com.br\/#organization\"},\"image\":{\"@id\":\"https:\/\/lackman.com.br\/index.php\/2023\/12\/13\/sol-em-sagitario-o-bday-de-edu-ganassin\/#primaryimage\"},\"thumbnailUrl\":\"https:\/\/lackman.com.br\/wp-content\/uploads\/2023\/12\/image00095-scaled.jpeg\",\"keywords\":[\"almo\u00e7o\",\"anivers\u00e1rio\",\"Aragon\",\"coluna social\",\"Eduardo Ganassin\",\"evento social\",\"festa\",\"sagitariano\",\"Veuve Clicquot\"],\"articleSection\":[\"Perambulando\",\"Vida\"],\"inLanguage\":\"pt-BR\"},{\"@type\":\"WebPage\",\"@id\":\"https:\/\/lackman.com.br\/index.php\/2023\/12\/13\/sol-em-sagitario-o-bday-de-edu-ganassin\/\",\"url\":\"https:\/\/lackman.com.br\/index.php\/2023\/12\/13\/sol-em-sagitario-o-bday-de-edu-ganassin\/\",\"name\":\"Sol em Sagit\u00e1rio: o B\u2019Day de Edu Ganassin - LACKMAN &amp; CO.\",\"isPartOf\":{\"@id\":\"https:\/\/lackman.com.br\/#website\"},\"primaryImageOfPage\":{\"@id\":\"https:\/\/lackman.com.br\/index.php\/2023\/12\/13\/sol-em-sagitario-o-bday-de-edu-ganassin\/#primaryimage\"},\"image\":{\"@id\":\"https:\/\/lackman.com.br\/index.php\/2023\/12\/13\/sol-em-sagitario-o-bday-de-edu-ganassin\/#primaryimage\"},\"thumbnailUrl\":\"https:\/\/lackman.com.br\/wp-content\/uploads\/2023\/12\/image00095-scaled.jpeg\",\"datePublished\":\"2023-12-14T02:26:12+00:00\",\"dateModified\":\"2023-12-14T02:53:26+00:00\",\"breadcrumb\":{\"@id\":\"https:\/\/lackman.com.br\/index.php\/2023\/12\/13\/sol-em-sagitario-o-bday-de-edu-ganassin\/#breadcrumb\"},\"inLanguage\":\"pt-BR\",\"potentialAction\":[{\"@type\":\"ReadAction\",\"target\":[\"https:\/\/lackman.com.br\/index.php\/2023\/12\/13\/sol-em-sagitario-o-bday-de-edu-ganassin\/\"]}]},{\"@type\":\"ImageObject\",\"inLanguage\":\"pt-BR\",\"@id\":\"https:\/\/lackman.com.br\/index.php\/2023\/12\/13\/sol-em-sagitario-o-bday-de-edu-ganassin\/#primaryimage\",\"url\":\"https:\/\/lackman.com.br\/wp-content\/uploads\/2023\/12\/image00095-scaled.jpeg\",\"contentUrl\":\"https:\/\/lackman.com.br\/wp-content\/uploads\/2023\/12\/image00095-scaled.jpeg\",\"width\":2560,\"height\":1707},{\"@type\":\"BreadcrumbList\",\"@id\":\"https:\/\/lackman.com.br\/index.php\/2023\/12\/13\/sol-em-sagitario-o-bday-de-edu-ganassin\/#breadcrumb\",\"itemListElement\":[{\"@type\":\"ListItem\",\"position\":1,\"name\":\"In\u00edcio\",\"item\":\"https:\/\/lackman.com.br\/\"},{\"@type\":\"ListItem\",\"position\":2,\"name\":\"Sol em Sagit\u00e1rio: o B\u2019Day de Edu Ganassin\"}]},{\"@type\":\"WebSite\",\"@id\":\"https:\/\/lackman.com.br\/#website\",\"url\":\"https:\/\/lackman.com.br\/\",\"name\":\"LACKMAN &amp; CO.\",\"description\":\"VIDA | MODA | ARTE\",\"publisher\":{\"@id\":\"https:\/\/lackman.com.br\/#organization\"},\"potentialAction\":[{\"@type\":\"SearchAction\",\"target\":{\"@type\":\"EntryPoint\",\"urlTemplate\":\"https:\/\/lackman.com.br\/?s={search_term_string}\"},\"query-input\":{\"@type\":\"PropertyValueSpecification\",\"valueRequired\":true,\"valueName\":\"search_term_string\"}}],\"inLanguage\":\"pt-BR\"},{\"@type\":\"Organization\",\"@id\":\"https:\/\/lackman.com.br\/#organization\",\"name\":\"LACKMAN &amp; CO.\",\"url\":\"https:\/\/lackman.com.br\/\",\"logo\":{\"@type\":\"ImageObject\",\"inLanguage\":\"pt-BR\",\"@id\":\"https:\/\/lackman.com.br\/#\/schema\/logo\/image\/\",\"url\":\"https:\/\/lackman.com.br\/wp-content\/uploads\/2023\/06\/Logotipo_preto-1.png\",\"contentUrl\":\"https:\/\/lackman.com.br\/wp-content\/uploads\/2023\/06\/Logotipo_preto-1.png\",\"width\":739,\"height\":393,\"caption\":\"LACKMAN &amp; CO.\"},\"image\":{\"@id\":\"https:\/\/lackman.com.br\/#\/schema\/logo\/image\/\"}},{\"@type\":\"Person\",\"@id\":\"https:\/\/lackman.com.br\/#\/schema\/person\/8a2355f699593d21d4f0d25b69db5747\",\"name\":\"Gilberto Evangelista - Colunista\",\"image\":{\"@type\":\"ImageObject\",\"inLanguage\":\"pt-BR\",\"@id\":\"https:\/\/lackman.com.br\/#\/schema\/person\/image\/\",\"url\":\"https:\/\/secure.gravatar.com\/avatar\/cea9badf02f8a90f7a745f2cbea45fda61f65711ec015e2faf3809cca6337c28?s=96&d=mm&r=g\",\"contentUrl\":\"https:\/\/secure.gravatar.com\/avatar\/cea9badf02f8a90f7a745f2cbea45fda61f65711ec015e2faf3809cca6337c28?s=96&d=mm&r=g\",\"caption\":\"Gilberto Evangelista - Colunista\"},\"description\":\"Jornalista e globetrotter.\",\"url\":\"https:\/\/lackman.com.br\/index.php\/author\/gilberto-brito\/\"}]}<\/script>\n<!-- \/ Yoast SEO plugin. -->","yoast_head_json":{"title":"Sol em Sagit\u00e1rio: o B\u2019Day de Edu Ganassin - LACKMAN &amp; CO.","robots":{"index":"index","follow":"follow","max-snippet":"max-snippet:-1","max-image-preview":"max-image-preview:large","max-video-preview":"max-video-preview:-1"},"canonical":"https:\/\/lackman.com.br\/index.php\/2023\/12\/13\/sol-em-sagitario-o-bday-de-edu-ganassin\/","og_locale":"pt_BR","og_type":"article","og_title":"Sol em Sagit\u00e1rio: o B\u2019Day de Edu Ganassin - LACKMAN &amp; CO.","og_description":"Dizem que os sagitarianos s\u00e3o aqueles que mais gostam de festejar a vida, o dia em que nasceram ent\u00e3o, a\u00ed que sobram motivos. E o influencer e promoter Eduardo Ganassin \u00e9 a quintess\u00eancia do seu signo, n\u00e3o deixando de comemorar em grande estilo e ao lado de seus amigos, nenhum de seus B\u2019Days. E agora em 2023, depois de j\u00e1 ter elegido tantas outras cores para o dress code de suas festas, escolheu o branco para dar o tom das roupas usadas por todos aqueles que foram convidados para estarem ao seu lado, no \u00faltimo dia 03, no restaurante Aragon, que, coincidentemente, ostenta uma decora\u00e7\u00e3o alva, clean e elegante. Claro que ele se destacou usando passeio completo da grife MZanirato. Entre o constante tilintar de ta\u00e7as de espumante e de drinks refrescantes, Ganassin e seus convivas puderam se deliciar com os bem-servidos pratos inspirados na cozinha ib\u00e9rica criados pelo chef Leandro Garden para o restaurante que inaugurou h\u00e1 pouco tempo, onde frutos do mar predominam entre as op\u00e7\u00f5es. A sobremesa ficou por conta de bombons e o bolo preferido do aniversariante e que harmoniza baunilha, baba de mo\u00e7a e nozes, uma cria\u00e7\u00e3o by Cozinha de Doces. Parab\u00e9ns Edu!","og_url":"https:\/\/lackman.com.br\/index.php\/2023\/12\/13\/sol-em-sagitario-o-bday-de-edu-ganassin\/","og_site_name":"LACKMAN &amp; CO.","article_published_time":"2023-12-14T02:26:12+00:00","article_modified_time":"2023-12-14T02:53:26+00:00","og_image":[{"width":2560,"height":1707,"url":"http:\/\/lackman.com.br\/wp-content\/uploads\/2023\/12\/image00095-scaled.jpeg","type":"image\/jpeg"}],"author":"Gilberto Evangelista - Colunista","twitter_card":"summary_large_image","twitter_misc":{"Escrito por":"Gilberto Evangelista - Colunista","Est. tempo de leitura":"5 minutos"},"schema":{"@context":"https:\/\/schema.org","@graph":[{"@type":"Article","@id":"https:\/\/lackman.com.br\/index.php\/2023\/12\/13\/sol-em-sagitario-o-bday-de-edu-ganassin\/#article","isPartOf":{"@id":"https:\/\/lackman.com.br\/index.php\/2023\/12\/13\/sol-em-sagitario-o-bday-de-edu-ganassin\/"},"author":{"name":"Gilberto Evangelista - Colunista","@id":"https:\/\/lackman.com.br\/#\/schema\/person\/8a2355f699593d21d4f0d25b69db5747"},"headline":"Sol em Sagit\u00e1rio: o B\u2019Day de Edu Ganassin","datePublished":"2023-12-14T02:26:12+00:00","dateModified":"2023-12-14T02:53:26+00:00","mainEntityOfPage":{"@id":"https:\/\/lackman.com.br\/index.php\/2023\/12\/13\/sol-em-sagitario-o-bday-de-edu-ganassin\/"},"wordCount":356,"publisher":{"@id":"https:\/\/lackman.com.br\/#organization"},"image":{"@id":"https:\/\/lackman.com.br\/index.php\/2023\/12\/13\/sol-em-sagitario-o-bday-de-edu-ganassin\/#primaryimage"},"thumbnailUrl":"https:\/\/lackman.com.br\/wp-content\/uploads\/2023\/12\/image00095-scaled.jpeg","keywords":["almo\u00e7o","anivers\u00e1rio","Aragon","coluna social","Eduardo Ganassin","evento social","festa","sagitariano","Veuve Clicquot"],"articleSection":["Perambulando","Vida"],"inLanguage":"pt-BR"},{"@type":"WebPage","@id":"https:\/\/lackman.com.br\/index.php\/2023\/12\/13\/sol-em-sagitario-o-bday-de-edu-ganassin\/","url":"https:\/\/lackman.com.br\/index.php\/2023\/12\/13\/sol-em-sagitario-o-bday-de-edu-ganassin\/","name":"Sol em Sagit\u00e1rio: o B\u2019Day de Edu Ganassin - LACKMAN &amp; CO.","isPartOf":{"@id":"https:\/\/lackman.com.br\/#website"},"primaryImageOfPage":{"@id":"https:\/\/lackman.com.br\/index.php\/2023\/12\/13\/sol-em-sagitario-o-bday-de-edu-ganassin\/#primaryimage"},"image":{"@id":"https:\/\/lackman.com.br\/index.php\/2023\/12\/13\/sol-em-sagitario-o-bday-de-edu-ganassin\/#primaryimage"},"thumbnailUrl":"https:\/\/lackman.com.br\/wp-content\/uploads\/2023\/12\/image00095-scaled.jpeg","datePublished":"2023-12-14T02:26:12+00:00","dateModified":"2023-12-14T02:53:26+00:00","breadcrumb":{"@id":"https:\/\/lackman.com.br\/index.php\/2023\/12\/13\/sol-em-sagitario-o-bday-de-edu-ganassin\/#breadcrumb"},"inLanguage":"pt-BR","potentialAction":[{"@type":"ReadAction","target":["https:\/\/lackman.com.br\/index.php\/2023\/12\/13\/sol-em-sagitario-o-bday-de-edu-ganassin\/"]}]},{"@type":"ImageObject","inLanguage":"pt-BR","@id":"https:\/\/lackman.com.br\/index.php\/2023\/12\/13\/sol-em-sagitario-o-bday-de-edu-ganassin\/#primaryimage","url":"https:\/\/lackman.com.br\/wp-content\/uploads\/2023\/12\/image00095-scaled.jpeg","contentUrl":"https:\/\/lackman.com.br\/wp-content\/uploads\/2023\/12\/image00095-scaled.jpeg","width":2560,"height":1707},{"@type":"BreadcrumbList","@id":"https:\/\/lackman.com.br\/index.php\/2023\/12\/13\/sol-em-sagitario-o-bday-de-edu-ganassin\/#breadcrumb","itemListElement":[{"@type":"ListItem","position":1,"name":"In\u00edcio","item":"https:\/\/lackman.com.br\/"},{"@type":"ListItem","position":2,"name":"Sol em Sagit\u00e1rio: o B\u2019Day de Edu Ganassin"}]},{"@type":"WebSite","@id":"https:\/\/lackman.com.br\/#website","url":"https:\/\/lackman.com.br\/","name":"LACKMAN &amp; CO.","description":"VIDA | MODA | ARTE","publisher":{"@id":"https:\/\/lackman.com.br\/#organization"},"potentialAction":[{"@type":"SearchAction","target":{"@type":"EntryPoint","urlTemplate":"https:\/\/lackman.com.br\/?s={search_term_string}"},"query-input":{"@type":"PropertyValueSpecification","valueRequired":true,"valueName":"search_term_string"}}],"inLanguage":"pt-BR"},{"@type":"Organization","@id":"https:\/\/lackman.com.br\/#organization","name":"LACKMAN &amp; CO.","url":"https:\/\/lackman.com.br\/","logo":{"@type":"ImageObject","inLanguage":"pt-BR","@id":"https:\/\/lackman.com.br\/#\/schema\/logo\/image\/","url":"https:\/\/lackman.com.br\/wp-content\/uploads\/2023\/06\/Logotipo_preto-1.png","contentUrl":"https:\/\/lackman.com.br\/wp-content\/uploads\/2023\/06\/Logotipo_preto-1.png","width":739,"height":393,"caption":"LACKMAN &amp; CO."},"image":{"@id":"https:\/\/lackman.com.br\/#\/schema\/logo\/image\/"}},{"@type":"Person","@id":"https:\/\/lackman.com.br\/#\/schema\/person\/8a2355f699593d21d4f0d25b69db5747","name":"Gilberto Evangelista - Colunista","image":{"@type":"ImageObject","inLanguage":"pt-BR","@id":"https:\/\/lackman.com.br\/#\/schema\/person\/image\/","url":"https:\/\/secure.gravatar.com\/avatar\/cea9badf02f8a90f7a745f2cbea45fda61f65711ec015e2faf3809cca6337c28?s=96&d=mm&r=g","contentUrl":"https:\/\/secure.gravatar.com\/avatar\/cea9badf02f8a90f7a745f2cbea45fda61f65711ec015e2faf3809cca6337c28?s=96&d=mm&r=g","caption":"Gilberto Evangelista - Colunista"},"description":"Jornalista e globetrotter.","url":"https:\/\/lackman.com.br\/index.php\/author\/gilberto-brito\/"}]}},"rttpg_featured_image_url":{"full":["https:\/\/lackman.com.br\/wp-content\/uploads\/2023\/12\/image00095-scaled.jpeg",2560,1707,false],"landscape":["https:\/\/lackman.com.br\/wp-content\/uploads\/2023\/12\/image00095-scaled.jpeg",2560,1707,false],"portraits":["https:\/\/lackman.com.br\/wp-content\/uploads\/2023\/12\/image00095-scaled.jpeg",2560,1707,false],"thumbnail":["https:\/\/lackman.com.br\/wp-content\/uploads\/2023\/12\/image00095-150x150.jpeg",150,150,true],"medium":["https:\/\/lackman.com.br\/wp-content\/uploads\/2023\/12\/image00095-300x200.jpeg",300,200,true],"large":["https:\/\/lackman.com.br\/wp-content\/uploads\/2023\/12\/image00095-1024x683.jpeg",1024,683,true],"RoboGalleryMansoryImagesCenter":["https:\/\/lackman.com.br\/wp-content\/uploads\/2023\/12\/image00095-600x1024.jpeg",600,1024,true],"RoboGalleryPreload":["https:\/\/lackman.com.br\/wp-content\/uploads\/2023\/12\/image00095-scaled.jpeg",100,67,false],"1536x1536":["https:\/\/lackman.com.br\/wp-content\/uploads\/2023\/12\/image00095-1536x1024.jpeg",1536,1024,true],"2048x2048":["https:\/\/lackman.com.br\/wp-content\/uploads\/2023\/12\/image00095-2048x1365.jpeg",2048,1365,true]},"rttpg_author":{"display_name":"Gilberto Evangelista - Colunista","author_link":"https:\/\/lackman.com.br\/index.php\/author\/gilberto-brito\/"},"rttpg_comment":0,"rttpg_category":"<a href=\"https:\/\/lackman.com.br\/index.php\/category\/vida\/perambulando\/\" rel=\"category tag\">Perambulando<\/a> <a href=\"https:\/\/lackman.com.br\/index.php\/category\/vida\/\" rel=\"category tag\">Vida<\/a>","rttpg_excerpt":"Dizem que os sagitarianos s\u00e3o aqueles que mais gostam de festejar a vida, o dia em que nasceram ent\u00e3o, a\u00ed que sobram motivos. E o influencer e promoter Eduardo Ganassin \u00e9 a quintess\u00eancia do seu signo, n\u00e3o deixando de comemorar em grande estilo e ao lado de seus amigos, nenhum de seus B\u2019Days. E agora&hellip;","_links":{"self":[{"href":"https:\/\/lackman.com.br\/index.php\/wp-json\/wp\/v2\/posts\/6132","targetHints":{"allow":["GET"]}}],"collection":[{"href":"https:\/\/lackman.com.br\/index.php\/wp-json\/wp\/v2\/posts"}],"about":[{"href":"https:\/\/lackman.com.br\/index.php\/wp-json\/wp\/v2\/types\/post"}],"author":[{"embeddable":true,"href":"https:\/\/lackman.com.br\/index.php\/wp-json\/wp\/v2\/users\/6"}],"replies":[{"embeddable":true,"href":"https:\/\/lackman.com.br\/index.php\/wp-json\/wp\/v2\/comments?post=6132"}],"version-history":[{"count":2,"href":"https:\/\/lackman.com.br\/index.php\/wp-json\/wp\/v2\/posts\/6132\/revisions"}],"predecessor-version":[{"id":6154,"href":"https:\/\/lackman.com.br\/index.php\/wp-json\/wp\/v2\/posts\/6132\/revisions\/6154"}],"wp:featuredmedia":[{"embeddable":true,"href":"https:\/\/lackman.com.br\/index.php\/wp-json\/wp\/v2\/media\/6133"}],"wp:attachment":[{"href":"https:\/\/lackman.com.br\/index.php\/wp-json\/wp\/v2\/media?parent=6132"}],"wp:term":[{"taxonomy":"category","embeddable":true,"href":"https:\/\/lackman.com.br\/index.php\/wp-json\/wp\/v2\/categories?post=6132"},{"taxonomy":"post_tag","embeddable":true,"href":"https:\/\/lackman.com.br\/index.php\/wp-json\/wp\/v2\/tags?post=6132"}],"curies":[{"name":"wp","href":"https:\/\/api.w.org\/{rel}","templated":true}]}}