{"id":6127,"date":"2023-12-13T20:14:27","date_gmt":"2023-12-13T23:14:27","guid":{"rendered":"https:\/\/lackman.com.br\/?p=6127"},"modified":"2023-12-13T20:14:27","modified_gmt":"2023-12-13T23:14:27","slug":"micare-sera-em-maio-de-2024-ingressos-ja-estao-a-venda","status":"publish","type":"post","link":"https:\/\/lackman.com.br\/index.php\/2023\/12\/13\/micare-sera-em-maio-de-2024-ingressos-ja-estao-a-venda\/","title":{"rendered":"Micar\u00ea ser\u00e1 em maio de 2024. Ingressos j\u00e1 est\u00e3o \u00e0 venda"},"content":{"rendered":"<h5><em><strong>Festival est\u00e1 com pr\u00e9-venda aberta e promete arrastar milhares de foli\u00f5es nos dias 3 e 4 de maio<\/strong><\/em><\/h5>\n<p data-removefontsize=\"true\" data-originalcomputedfontsize=\"16\">A 4\u00aa edi\u00e7\u00e3o do Festival Micar\u00ea vai colocar os foli\u00f5es da capital para vibrar nos dias 3 e 4 de maio do pr\u00f3ximo ano. A pr\u00e9-venda para os f\u00e3s do Micar\u00ea come\u00e7ou nesta ter\u00e7a-feira (12\/12), pela plataforma Ingresse. O evento, que estreou em 2019 e substituiu a famosa Micarecandanga, arrasta multid\u00f5es de admiradores da ax\u00e9 music com direito uma megaestrutura, abad\u00e1s exclusivos e trios el\u00e9tricos, carregando o clima do Carnaval de Salvador em pleno Cerrado.<\/p>\n<p data-removefontsize=\"true\" data-originalcomputedfontsize=\"16\"><img fetchpriority=\"high\" decoding=\"async\" class=\"alignnone size-full wp-image-6129\" src=\"http:\/\/lackman.com.br\/wp-content\/uploads\/2023\/12\/IMG_3273.jpeg\" alt=\"\" width=\"800\" height=\"533\" srcset=\"https:\/\/lackman.com.br\/wp-content\/uploads\/2023\/12\/IMG_3273.jpeg 800w, https:\/\/lackman.com.br\/wp-content\/uploads\/2023\/12\/IMG_3273-300x200.jpeg 300w, https:\/\/lackman.com.br\/wp-content\/uploads\/2023\/12\/IMG_3273-768x512.jpeg 768w\" sizes=\"(max-width: 800px) 100vw, 800px\" \/><\/p>\n<p data-removefontsize=\"true\" data-originalcomputedfontsize=\"16\"><span style=\"font-size: 16px; -webkit-text-size-adjust: 100%;\">Na pr\u00e9-venda, o kit Passaporte Atr\u00e1s de Trio custa a partir de R\uff04 190 (meia-entrada), incluindo dois abad\u00e1s e um ecocopo. O kit Passaporte Camarote Pr\u00e9-venda, por sua vez, vale a partir de R\uff04 340 (meia-entrada), tamb\u00e9m com dois abad\u00e1s e um ecocopo inclusos. Os passaportes est\u00e3o com R\uff04 20 de desconto. As vendas gerais come\u00e7am em breve, quando o evento deve divulgar as primeiras atra\u00e7\u00f5es do lineup.<\/span><\/p>\n<hr \/>\n<pre data-removefontsize=\"true\" data-originalcomputedfontsize=\"16\">Fotos: Divulga\u00e7\u00e3o<\/pre>\n","protected":false},"excerpt":{"rendered":"<p>Festival est\u00e1 com pr\u00e9-venda aberta e promete arrastar milhares de foli\u00f5es nos dias 3 e 4 de maio A 4\u00aa edi\u00e7\u00e3o do Festival Micar\u00ea vai colocar os foli\u00f5es da capital para vibrar nos dias 3 e 4 de maio do pr\u00f3ximo ano. A pr\u00e9-venda para os f\u00e3s do Micar\u00ea come\u00e7ou nesta ter\u00e7a-feira (12\/12), pela plataforma Ingresse. O evento, que estreou em 2019 e substituiu a famosa Micarecandanga, arrasta multid\u00f5es de admiradores da ax\u00e9 music com direito uma megaestrutura, abad\u00e1s exclusivos e trios el\u00e9tricos, carregando o clima do Carnaval de Salvador em pleno Cerrado. Na pr\u00e9-venda, o kit Passaporte Atr\u00e1s de Trio custa a partir de R\uff04 190 (meia-entrada), incluindo dois abad\u00e1s e um ecocopo. O kit Passaporte Camarote Pr\u00e9-venda, por sua vez, vale a partir de R\uff04 340 (meia-entrada), tamb\u00e9m com dois abad\u00e1s e um ecocopo inclusos. Os passaportes est\u00e3o com R\uff04 20 de desconto. As vendas gerais come\u00e7am em breve, quando o evento deve divulgar as primeiras atra\u00e7\u00f5es do lineup. Fotos: Divulga\u00e7\u00e3o<\/p>\n","protected":false},"author":2,"featured_media":6128,"comment_status":"closed","ping_status":"open","sticky":false,"template":"","format":"standard","meta":{"site-sidebar-layout":"default","site-content-layout":"","ast-site-content-layout":"default","site-content-style":"default","site-sidebar-style":"default","ast-global-header-display":"","ast-banner-title-visibility":"","ast-main-header-display":"","ast-hfb-above-header-display":"","ast-hfb-below-header-display":"","ast-hfb-mobile-header-display":"","site-post-title":"","ast-breadcrumbs-content":"","ast-featured-img":"","footer-sml-layout":"","ast-disable-related-posts":"","theme-transparent-header-meta":"default","adv-header-id-meta":"","stick-header-meta":"","header-above-stick-meta":"","header-main-stick-meta":"","header-below-stick-meta":"","astra-migrate-meta-layouts":"set","ast-page-background-enabled":"default","ast-page-background-meta":{"desktop":{"background-color":"","background-image":"","background-repeat":"repeat","background-position":"center center","background-size":"auto","background-attachment":"scroll","background-type":"","background-media":"","overlay-type":"","overlay-color":"","overlay-opacity":"","overlay-gradient":""},"tablet":{"background-color":"","background-image":"","background-repeat":"repeat","background-position":"center center","background-size":"auto","background-attachment":"scroll","background-type":"","background-media":"","overlay-type":"","overlay-color":"","overlay-opacity":"","overlay-gradient":""},"mobile":{"background-color":"","background-image":"","background-repeat":"repeat","background-position":"center center","background-size":"auto","background-attachment":"scroll","background-type":"","background-media":"","overlay-type":"","overlay-color":"","overlay-opacity":"","overlay-gradient":""}},"ast-content-background-meta":{"desktop":{"background-color":"var(--ast-global-color-5)","background-image":"","background-repeat":"repeat","background-position":"center center","background-size":"auto","background-attachment":"scroll","background-type":"","background-media":"","overlay-type":"","overlay-color":"","overlay-opacity":"","overlay-gradient":""},"tablet":{"background-color":"var(--ast-global-color-5)","background-image":"","background-repeat":"repeat","background-position":"center center","background-size":"auto","background-attachment":"scroll","background-type":"","background-media":"","overlay-type":"","overlay-color":"","overlay-opacity":"","overlay-gradient":""},"mobile":{"background-color":"var(--ast-global-color-5)","background-image":"","background-repeat":"repeat","background-position":"center center","background-size":"auto","background-attachment":"scroll","background-type":"","background-media":"","overlay-type":"","overlay-color":"","overlay-opacity":"","overlay-gradient":""}},"footnotes":""},"categories":[48],"tags":[54,53,82,873,110],"class_list":["post-6127","post","type-post","status-publish","format-standard","has-post-thumbnail","hentry","category-entretenimento","tag-brasilia","tag-bsb","tag-festa","tag-micare","tag-musica"],"yoast_head":"<!-- This site is optimized with the Yoast SEO plugin v27.0 - https:\/\/yoast.com\/product\/yoast-seo-wordpress\/ -->\n<title>Micar\u00ea ser\u00e1 em maio de 2024. Ingressos j\u00e1 est\u00e3o \u00e0 venda - LACKMAN &amp; CO.<\/title>\n<meta name=\"robots\" content=\"index, follow, max-snippet:-1, max-image-preview:large, max-video-preview:-1\" \/>\n<link rel=\"canonical\" href=\"https:\/\/lackman.com.br\/index.php\/2023\/12\/13\/micare-sera-em-maio-de-2024-ingressos-ja-estao-a-venda\/\" \/>\n<meta property=\"og:locale\" content=\"pt_BR\" \/>\n<meta property=\"og:type\" content=\"article\" \/>\n<meta property=\"og:title\" content=\"Micar\u00ea ser\u00e1 em maio de 2024. Ingressos j\u00e1 est\u00e3o \u00e0 venda - LACKMAN &amp; CO.\" \/>\n<meta property=\"og:description\" content=\"Festival est\u00e1 com pr\u00e9-venda aberta e promete arrastar milhares de foli\u00f5es nos dias 3 e 4 de maio A 4\u00aa edi\u00e7\u00e3o do Festival Micar\u00ea vai colocar os foli\u00f5es da capital para vibrar nos dias 3 e 4 de maio do pr\u00f3ximo ano. A pr\u00e9-venda para os f\u00e3s do Micar\u00ea come\u00e7ou nesta ter\u00e7a-feira (12\/12), pela plataforma Ingresse. O evento, que estreou em 2019 e substituiu a famosa Micarecandanga, arrasta multid\u00f5es de admiradores da ax\u00e9 music com direito uma megaestrutura, abad\u00e1s exclusivos e trios el\u00e9tricos, carregando o clima do Carnaval de Salvador em pleno Cerrado. Na pr\u00e9-venda, o kit Passaporte Atr\u00e1s de Trio custa a partir de R\uff04 190 (meia-entrada), incluindo dois abad\u00e1s e um ecocopo. O kit Passaporte Camarote Pr\u00e9-venda, por sua vez, vale a partir de R\uff04 340 (meia-entrada), tamb\u00e9m com dois abad\u00e1s e um ecocopo inclusos. Os passaportes est\u00e3o com R\uff04 20 de desconto. As vendas gerais come\u00e7am em breve, quando o evento deve divulgar as primeiras atra\u00e7\u00f5es do lineup. Fotos: Divulga\u00e7\u00e3o\" \/>\n<meta property=\"og:url\" content=\"https:\/\/lackman.com.br\/index.php\/2023\/12\/13\/micare-sera-em-maio-de-2024-ingressos-ja-estao-a-venda\/\" \/>\n<meta property=\"og:site_name\" content=\"LACKMAN &amp; CO.\" \/>\n<meta property=\"article:author\" content=\"https:\/\/www.facebook.com\/fernandolackman\" \/>\n<meta property=\"article:published_time\" content=\"2023-12-13T23:14:27+00:00\" \/>\n<meta property=\"og:image\" content=\"http:\/\/lackman.com.br\/wp-content\/uploads\/2023\/12\/IMG_3274.jpeg\" \/>\n\t<meta property=\"og:image:width\" content=\"800\" \/>\n\t<meta property=\"og:image:height\" content=\"532\" \/>\n\t<meta property=\"og:image:type\" content=\"image\/jpeg\" \/>\n<meta name=\"author\" content=\"Fernando Lackman\" \/>\n<meta name=\"twitter:card\" content=\"summary_large_image\" \/>\n<meta name=\"twitter:creator\" content=\"@fernandolackman\" \/>\n<meta name=\"twitter:label1\" content=\"Escrito por\" \/>\n\t<meta name=\"twitter:data1\" content=\"Fernando Lackman\" \/>\n\t<meta name=\"twitter:label2\" content=\"Est. tempo de leitura\" \/>\n\t<meta name=\"twitter:data2\" content=\"2 minutos\" \/>\n<script type=\"application\/ld+json\" class=\"yoast-schema-graph\">{\"@context\":\"https:\/\/schema.org\",\"@graph\":[{\"@type\":\"Article\",\"@id\":\"https:\/\/lackman.com.br\/index.php\/2023\/12\/13\/micare-sera-em-maio-de-2024-ingressos-ja-estao-a-venda\/#article\",\"isPartOf\":{\"@id\":\"https:\/\/lackman.com.br\/index.php\/2023\/12\/13\/micare-sera-em-maio-de-2024-ingressos-ja-estao-a-venda\/\"},\"author\":{\"name\":\"Fernando Lackman\",\"@id\":\"https:\/\/lackman.com.br\/#\/schema\/person\/dbfb3fbfc55f2b0bd4f9039696e70858\"},\"headline\":\"Micar\u00ea ser\u00e1 em maio de 2024. Ingressos j\u00e1 est\u00e3o \u00e0 venda\",\"datePublished\":\"2023-12-13T23:14:27+00:00\",\"mainEntityOfPage\":{\"@id\":\"https:\/\/lackman.com.br\/index.php\/2023\/12\/13\/micare-sera-em-maio-de-2024-ingressos-ja-estao-a-venda\/\"},\"wordCount\":182,\"publisher\":{\"@id\":\"https:\/\/lackman.com.br\/#organization\"},\"image\":{\"@id\":\"https:\/\/lackman.com.br\/index.php\/2023\/12\/13\/micare-sera-em-maio-de-2024-ingressos-ja-estao-a-venda\/#primaryimage\"},\"thumbnailUrl\":\"https:\/\/lackman.com.br\/wp-content\/uploads\/2023\/12\/IMG_3274.jpeg\",\"keywords\":[\"brasilia\",\"bsb\",\"festa\",\"micare\",\"m\u00fasica\"],\"articleSection\":[\"Entretenimento\"],\"inLanguage\":\"pt-BR\"},{\"@type\":\"WebPage\",\"@id\":\"https:\/\/lackman.com.br\/index.php\/2023\/12\/13\/micare-sera-em-maio-de-2024-ingressos-ja-estao-a-venda\/\",\"url\":\"https:\/\/lackman.com.br\/index.php\/2023\/12\/13\/micare-sera-em-maio-de-2024-ingressos-ja-estao-a-venda\/\",\"name\":\"Micar\u00ea ser\u00e1 em maio de 2024. Ingressos j\u00e1 est\u00e3o \u00e0 venda - LACKMAN &amp; CO.\",\"isPartOf\":{\"@id\":\"https:\/\/lackman.com.br\/#website\"},\"primaryImageOfPage\":{\"@id\":\"https:\/\/lackman.com.br\/index.php\/2023\/12\/13\/micare-sera-em-maio-de-2024-ingressos-ja-estao-a-venda\/#primaryimage\"},\"image\":{\"@id\":\"https:\/\/lackman.com.br\/index.php\/2023\/12\/13\/micare-sera-em-maio-de-2024-ingressos-ja-estao-a-venda\/#primaryimage\"},\"thumbnailUrl\":\"https:\/\/lackman.com.br\/wp-content\/uploads\/2023\/12\/IMG_3274.jpeg\",\"datePublished\":\"2023-12-13T23:14:27+00:00\",\"breadcrumb\":{\"@id\":\"https:\/\/lackman.com.br\/index.php\/2023\/12\/13\/micare-sera-em-maio-de-2024-ingressos-ja-estao-a-venda\/#breadcrumb\"},\"inLanguage\":\"pt-BR\",\"potentialAction\":[{\"@type\":\"ReadAction\",\"target\":[\"https:\/\/lackman.com.br\/index.php\/2023\/12\/13\/micare-sera-em-maio-de-2024-ingressos-ja-estao-a-venda\/\"]}]},{\"@type\":\"ImageObject\",\"inLanguage\":\"pt-BR\",\"@id\":\"https:\/\/lackman.com.br\/index.php\/2023\/12\/13\/micare-sera-em-maio-de-2024-ingressos-ja-estao-a-venda\/#primaryimage\",\"url\":\"https:\/\/lackman.com.br\/wp-content\/uploads\/2023\/12\/IMG_3274.jpeg\",\"contentUrl\":\"https:\/\/lackman.com.br\/wp-content\/uploads\/2023\/12\/IMG_3274.jpeg\",\"width\":800,\"height\":532},{\"@type\":\"BreadcrumbList\",\"@id\":\"https:\/\/lackman.com.br\/index.php\/2023\/12\/13\/micare-sera-em-maio-de-2024-ingressos-ja-estao-a-venda\/#breadcrumb\",\"itemListElement\":[{\"@type\":\"ListItem\",\"position\":1,\"name\":\"In\u00edcio\",\"item\":\"https:\/\/lackman.com.br\/\"},{\"@type\":\"ListItem\",\"position\":2,\"name\":\"Micar\u00ea ser\u00e1 em maio de 2024. Ingressos j\u00e1 est\u00e3o \u00e0 venda\"}]},{\"@type\":\"WebSite\",\"@id\":\"https:\/\/lackman.com.br\/#website\",\"url\":\"https:\/\/lackman.com.br\/\",\"name\":\"LACKMAN &amp; CO.\",\"description\":\"VIDA | MODA | ARTE\",\"publisher\":{\"@id\":\"https:\/\/lackman.com.br\/#organization\"},\"potentialAction\":[{\"@type\":\"SearchAction\",\"target\":{\"@type\":\"EntryPoint\",\"urlTemplate\":\"https:\/\/lackman.com.br\/?s={search_term_string}\"},\"query-input\":{\"@type\":\"PropertyValueSpecification\",\"valueRequired\":true,\"valueName\":\"search_term_string\"}}],\"inLanguage\":\"pt-BR\"},{\"@type\":\"Organization\",\"@id\":\"https:\/\/lackman.com.br\/#organization\",\"name\":\"LACKMAN &amp; CO.\",\"url\":\"https:\/\/lackman.com.br\/\",\"logo\":{\"@type\":\"ImageObject\",\"inLanguage\":\"pt-BR\",\"@id\":\"https:\/\/lackman.com.br\/#\/schema\/logo\/image\/\",\"url\":\"https:\/\/lackman.com.br\/wp-content\/uploads\/2023\/06\/Logotipo_preto-1.png\",\"contentUrl\":\"https:\/\/lackman.com.br\/wp-content\/uploads\/2023\/06\/Logotipo_preto-1.png\",\"width\":739,\"height\":393,\"caption\":\"LACKMAN &amp; CO.\"},\"image\":{\"@id\":\"https:\/\/lackman.com.br\/#\/schema\/logo\/image\/\"}},{\"@type\":\"Person\",\"@id\":\"https:\/\/lackman.com.br\/#\/schema\/person\/dbfb3fbfc55f2b0bd4f9039696e70858\",\"name\":\"Fernando Lackman\",\"image\":{\"@type\":\"ImageObject\",\"inLanguage\":\"pt-BR\",\"@id\":\"https:\/\/lackman.com.br\/#\/schema\/person\/image\/\",\"url\":\"https:\/\/secure.gravatar.com\/avatar\/ae7993150af197e66480c8a769891833dd2b8d809f0d9ff3f25af796cf378ce8?s=96&d=mm&r=g\",\"contentUrl\":\"https:\/\/secure.gravatar.com\/avatar\/ae7993150af197e66480c8a769891833dd2b8d809f0d9ff3f25af796cf378ce8?s=96&d=mm&r=g\",\"caption\":\"Fernando Lackman\"},\"description\":\"Fernando Lackman \u00e9 jornalista especializado em Moda e Cultura, editor do site LACKMAN.com.br. \u00c9 autor do livro Bras\u00edlia Capital dos Criadores, que conta a hist\u00f3ria da moda no Distrito Federal. Tem em seu curr\u00edculo assinatura de dire\u00e7\u00e3o criativa e de desfiles em eventos como Estilo DF Plaza, Summer Collections, JK Street Fashion, Desfile Beleza Negra (DBN), PicniK Fashion Show, Vogue Fashion\u2019s Night Out Bras\u00edlia, entre outros. Foi diretor criativo do extinto Capital Fashion Week. Atualmente trabalha na dire\u00e7\u00e3o criativa de eventos como Top CUFA, BSB Fashion Street, Bras\u00edlia Fashion House, Ateli\u00ea Bras\u00edlia e Goi\u00e1s Fashion Week.\",\"sameAs\":[\"https:\/\/lackman.com.br\/\",\"https:\/\/www.facebook.com\/fernandolackman\",\"https:\/\/www.instagram.com\/fernandolackman\/\",\"https:\/\/www.linkedin.com\/in\/fernando-lackman\/\",\"https:\/\/br.pinterest.com\/fernandolackman\/\",\"https:\/\/x.com\/fernandolackman\"],\"url\":\"https:\/\/lackman.com.br\/index.php\/author\/fernando-lackman\/\"}]}<\/script>\n<!-- \/ Yoast SEO plugin. -->","yoast_head_json":{"title":"Micar\u00ea ser\u00e1 em maio de 2024. Ingressos j\u00e1 est\u00e3o \u00e0 venda - LACKMAN &amp; CO.","robots":{"index":"index","follow":"follow","max-snippet":"max-snippet:-1","max-image-preview":"max-image-preview:large","max-video-preview":"max-video-preview:-1"},"canonical":"https:\/\/lackman.com.br\/index.php\/2023\/12\/13\/micare-sera-em-maio-de-2024-ingressos-ja-estao-a-venda\/","og_locale":"pt_BR","og_type":"article","og_title":"Micar\u00ea ser\u00e1 em maio de 2024. Ingressos j\u00e1 est\u00e3o \u00e0 venda - LACKMAN &amp; CO.","og_description":"Festival est\u00e1 com pr\u00e9-venda aberta e promete arrastar milhares de foli\u00f5es nos dias 3 e 4 de maio A 4\u00aa edi\u00e7\u00e3o do Festival Micar\u00ea vai colocar os foli\u00f5es da capital para vibrar nos dias 3 e 4 de maio do pr\u00f3ximo ano. A pr\u00e9-venda para os f\u00e3s do Micar\u00ea come\u00e7ou nesta ter\u00e7a-feira (12\/12), pela plataforma Ingresse. O evento, que estreou em 2019 e substituiu a famosa Micarecandanga, arrasta multid\u00f5es de admiradores da ax\u00e9 music com direito uma megaestrutura, abad\u00e1s exclusivos e trios el\u00e9tricos, carregando o clima do Carnaval de Salvador em pleno Cerrado. Na pr\u00e9-venda, o kit Passaporte Atr\u00e1s de Trio custa a partir de R\uff04 190 (meia-entrada), incluindo dois abad\u00e1s e um ecocopo. O kit Passaporte Camarote Pr\u00e9-venda, por sua vez, vale a partir de R\uff04 340 (meia-entrada), tamb\u00e9m com dois abad\u00e1s e um ecocopo inclusos. Os passaportes est\u00e3o com R\uff04 20 de desconto. As vendas gerais come\u00e7am em breve, quando o evento deve divulgar as primeiras atra\u00e7\u00f5es do lineup. Fotos: Divulga\u00e7\u00e3o","og_url":"https:\/\/lackman.com.br\/index.php\/2023\/12\/13\/micare-sera-em-maio-de-2024-ingressos-ja-estao-a-venda\/","og_site_name":"LACKMAN &amp; CO.","article_author":"https:\/\/www.facebook.com\/fernandolackman","article_published_time":"2023-12-13T23:14:27+00:00","og_image":[{"width":800,"height":532,"url":"http:\/\/lackman.com.br\/wp-content\/uploads\/2023\/12\/IMG_3274.jpeg","type":"image\/jpeg"}],"author":"Fernando Lackman","twitter_card":"summary_large_image","twitter_creator":"@fernandolackman","twitter_misc":{"Escrito por":"Fernando Lackman","Est. tempo de leitura":"2 minutos"},"schema":{"@context":"https:\/\/schema.org","@graph":[{"@type":"Article","@id":"https:\/\/lackman.com.br\/index.php\/2023\/12\/13\/micare-sera-em-maio-de-2024-ingressos-ja-estao-a-venda\/#article","isPartOf":{"@id":"https:\/\/lackman.com.br\/index.php\/2023\/12\/13\/micare-sera-em-maio-de-2024-ingressos-ja-estao-a-venda\/"},"author":{"name":"Fernando Lackman","@id":"https:\/\/lackman.com.br\/#\/schema\/person\/dbfb3fbfc55f2b0bd4f9039696e70858"},"headline":"Micar\u00ea ser\u00e1 em maio de 2024. Ingressos j\u00e1 est\u00e3o \u00e0 venda","datePublished":"2023-12-13T23:14:27+00:00","mainEntityOfPage":{"@id":"https:\/\/lackman.com.br\/index.php\/2023\/12\/13\/micare-sera-em-maio-de-2024-ingressos-ja-estao-a-venda\/"},"wordCount":182,"publisher":{"@id":"https:\/\/lackman.com.br\/#organization"},"image":{"@id":"https:\/\/lackman.com.br\/index.php\/2023\/12\/13\/micare-sera-em-maio-de-2024-ingressos-ja-estao-a-venda\/#primaryimage"},"thumbnailUrl":"https:\/\/lackman.com.br\/wp-content\/uploads\/2023\/12\/IMG_3274.jpeg","keywords":["brasilia","bsb","festa","micare","m\u00fasica"],"articleSection":["Entretenimento"],"inLanguage":"pt-BR"},{"@type":"WebPage","@id":"https:\/\/lackman.com.br\/index.php\/2023\/12\/13\/micare-sera-em-maio-de-2024-ingressos-ja-estao-a-venda\/","url":"https:\/\/lackman.com.br\/index.php\/2023\/12\/13\/micare-sera-em-maio-de-2024-ingressos-ja-estao-a-venda\/","name":"Micar\u00ea ser\u00e1 em maio de 2024. Ingressos j\u00e1 est\u00e3o \u00e0 venda - LACKMAN &amp; CO.","isPartOf":{"@id":"https:\/\/lackman.com.br\/#website"},"primaryImageOfPage":{"@id":"https:\/\/lackman.com.br\/index.php\/2023\/12\/13\/micare-sera-em-maio-de-2024-ingressos-ja-estao-a-venda\/#primaryimage"},"image":{"@id":"https:\/\/lackman.com.br\/index.php\/2023\/12\/13\/micare-sera-em-maio-de-2024-ingressos-ja-estao-a-venda\/#primaryimage"},"thumbnailUrl":"https:\/\/lackman.com.br\/wp-content\/uploads\/2023\/12\/IMG_3274.jpeg","datePublished":"2023-12-13T23:14:27+00:00","breadcrumb":{"@id":"https:\/\/lackman.com.br\/index.php\/2023\/12\/13\/micare-sera-em-maio-de-2024-ingressos-ja-estao-a-venda\/#breadcrumb"},"inLanguage":"pt-BR","potentialAction":[{"@type":"ReadAction","target":["https:\/\/lackman.com.br\/index.php\/2023\/12\/13\/micare-sera-em-maio-de-2024-ingressos-ja-estao-a-venda\/"]}]},{"@type":"ImageObject","inLanguage":"pt-BR","@id":"https:\/\/lackman.com.br\/index.php\/2023\/12\/13\/micare-sera-em-maio-de-2024-ingressos-ja-estao-a-venda\/#primaryimage","url":"https:\/\/lackman.com.br\/wp-content\/uploads\/2023\/12\/IMG_3274.jpeg","contentUrl":"https:\/\/lackman.com.br\/wp-content\/uploads\/2023\/12\/IMG_3274.jpeg","width":800,"height":532},{"@type":"BreadcrumbList","@id":"https:\/\/lackman.com.br\/index.php\/2023\/12\/13\/micare-sera-em-maio-de-2024-ingressos-ja-estao-a-venda\/#breadcrumb","itemListElement":[{"@type":"ListItem","position":1,"name":"In\u00edcio","item":"https:\/\/lackman.com.br\/"},{"@type":"ListItem","position":2,"name":"Micar\u00ea ser\u00e1 em maio de 2024. Ingressos j\u00e1 est\u00e3o \u00e0 venda"}]},{"@type":"WebSite","@id":"https:\/\/lackman.com.br\/#website","url":"https:\/\/lackman.com.br\/","name":"LACKMAN &amp; CO.","description":"VIDA | MODA | ARTE","publisher":{"@id":"https:\/\/lackman.com.br\/#organization"},"potentialAction":[{"@type":"SearchAction","target":{"@type":"EntryPoint","urlTemplate":"https:\/\/lackman.com.br\/?s={search_term_string}"},"query-input":{"@type":"PropertyValueSpecification","valueRequired":true,"valueName":"search_term_string"}}],"inLanguage":"pt-BR"},{"@type":"Organization","@id":"https:\/\/lackman.com.br\/#organization","name":"LACKMAN &amp; CO.","url":"https:\/\/lackman.com.br\/","logo":{"@type":"ImageObject","inLanguage":"pt-BR","@id":"https:\/\/lackman.com.br\/#\/schema\/logo\/image\/","url":"https:\/\/lackman.com.br\/wp-content\/uploads\/2023\/06\/Logotipo_preto-1.png","contentUrl":"https:\/\/lackman.com.br\/wp-content\/uploads\/2023\/06\/Logotipo_preto-1.png","width":739,"height":393,"caption":"LACKMAN &amp; CO."},"image":{"@id":"https:\/\/lackman.com.br\/#\/schema\/logo\/image\/"}},{"@type":"Person","@id":"https:\/\/lackman.com.br\/#\/schema\/person\/dbfb3fbfc55f2b0bd4f9039696e70858","name":"Fernando Lackman","image":{"@type":"ImageObject","inLanguage":"pt-BR","@id":"https:\/\/lackman.com.br\/#\/schema\/person\/image\/","url":"https:\/\/secure.gravatar.com\/avatar\/ae7993150af197e66480c8a769891833dd2b8d809f0d9ff3f25af796cf378ce8?s=96&d=mm&r=g","contentUrl":"https:\/\/secure.gravatar.com\/avatar\/ae7993150af197e66480c8a769891833dd2b8d809f0d9ff3f25af796cf378ce8?s=96&d=mm&r=g","caption":"Fernando Lackman"},"description":"Fernando Lackman \u00e9 jornalista especializado em Moda e Cultura, editor do site LACKMAN.com.br. \u00c9 autor do livro Bras\u00edlia Capital dos Criadores, que conta a hist\u00f3ria da moda no Distrito Federal. Tem em seu curr\u00edculo assinatura de dire\u00e7\u00e3o criativa e de desfiles em eventos como Estilo DF Plaza, Summer Collections, JK Street Fashion, Desfile Beleza Negra (DBN), PicniK Fashion Show, Vogue Fashion\u2019s Night Out Bras\u00edlia, entre outros. Foi diretor criativo do extinto Capital Fashion Week. Atualmente trabalha na dire\u00e7\u00e3o criativa de eventos como Top CUFA, BSB Fashion Street, Bras\u00edlia Fashion House, Ateli\u00ea Bras\u00edlia e Goi\u00e1s Fashion Week.","sameAs":["https:\/\/lackman.com.br\/","https:\/\/www.facebook.com\/fernandolackman","https:\/\/www.instagram.com\/fernandolackman\/","https:\/\/www.linkedin.com\/in\/fernando-lackman\/","https:\/\/br.pinterest.com\/fernandolackman\/","https:\/\/x.com\/fernandolackman"],"url":"https:\/\/lackman.com.br\/index.php\/author\/fernando-lackman\/"}]}},"rttpg_featured_image_url":{"full":["https:\/\/lackman.com.br\/wp-content\/uploads\/2023\/12\/IMG_3274.jpeg",800,532,false],"landscape":["https:\/\/lackman.com.br\/wp-content\/uploads\/2023\/12\/IMG_3274.jpeg",800,532,false],"portraits":["https:\/\/lackman.com.br\/wp-content\/uploads\/2023\/12\/IMG_3274.jpeg",800,532,false],"thumbnail":["https:\/\/lackman.com.br\/wp-content\/uploads\/2023\/12\/IMG_3274-150x150.jpeg",150,150,true],"medium":["https:\/\/lackman.com.br\/wp-content\/uploads\/2023\/12\/IMG_3274-300x200.jpeg",300,200,true],"large":["https:\/\/lackman.com.br\/wp-content\/uploads\/2023\/12\/IMG_3274.jpeg",800,532,false],"RoboGalleryMansoryImagesCenter":["https:\/\/lackman.com.br\/wp-content\/uploads\/2023\/12\/IMG_3274-600x532.jpeg",600,532,true],"RoboGalleryPreload":["https:\/\/lackman.com.br\/wp-content\/uploads\/2023\/12\/IMG_3274.jpeg",100,67,false],"1536x1536":["https:\/\/lackman.com.br\/wp-content\/uploads\/2023\/12\/IMG_3274.jpeg",800,532,false],"2048x2048":["https:\/\/lackman.com.br\/wp-content\/uploads\/2023\/12\/IMG_3274.jpeg",800,532,false]},"rttpg_author":{"display_name":"Fernando Lackman","author_link":"https:\/\/lackman.com.br\/index.php\/author\/fernando-lackman\/"},"rttpg_comment":0,"rttpg_category":"<a href=\"https:\/\/lackman.com.br\/index.php\/category\/arte\/entretenimento\/\" rel=\"category tag\">Entretenimento<\/a>","rttpg_excerpt":"Festival est\u00e1 com pr\u00e9-venda aberta e promete arrastar milhares de foli\u00f5es nos dias 3 e 4 de maio A 4\u00aa edi\u00e7\u00e3o do Festival Micar\u00ea vai colocar os foli\u00f5es da capital para vibrar nos dias 3 e 4 de maio do pr\u00f3ximo ano. A pr\u00e9-venda para os f\u00e3s do Micar\u00ea come\u00e7ou nesta ter\u00e7a-feira (12\/12), pela plataforma&hellip;","_links":{"self":[{"href":"https:\/\/lackman.com.br\/index.php\/wp-json\/wp\/v2\/posts\/6127","targetHints":{"allow":["GET"]}}],"collection":[{"href":"https:\/\/lackman.com.br\/index.php\/wp-json\/wp\/v2\/posts"}],"about":[{"href":"https:\/\/lackman.com.br\/index.php\/wp-json\/wp\/v2\/types\/post"}],"author":[{"embeddable":true,"href":"https:\/\/lackman.com.br\/index.php\/wp-json\/wp\/v2\/users\/2"}],"replies":[{"embeddable":true,"href":"https:\/\/lackman.com.br\/index.php\/wp-json\/wp\/v2\/comments?post=6127"}],"version-history":[{"count":1,"href":"https:\/\/lackman.com.br\/index.php\/wp-json\/wp\/v2\/posts\/6127\/revisions"}],"predecessor-version":[{"id":6130,"href":"https:\/\/lackman.com.br\/index.php\/wp-json\/wp\/v2\/posts\/6127\/revisions\/6130"}],"wp:featuredmedia":[{"embeddable":true,"href":"https:\/\/lackman.com.br\/index.php\/wp-json\/wp\/v2\/media\/6128"}],"wp:attachment":[{"href":"https:\/\/lackman.com.br\/index.php\/wp-json\/wp\/v2\/media?parent=6127"}],"wp:term":[{"taxonomy":"category","embeddable":true,"href":"https:\/\/lackman.com.br\/index.php\/wp-json\/wp\/v2\/categories?post=6127"},{"taxonomy":"post_tag","embeddable":true,"href":"https:\/\/lackman.com.br\/index.php\/wp-json\/wp\/v2\/tags?post=6127"}],"curies":[{"name":"wp","href":"https:\/\/api.w.org\/{rel}","templated":true}]}}