{"id":6109,"date":"2023-12-07T17:46:25","date_gmt":"2023-12-07T20:46:25","guid":{"rendered":"https:\/\/lackman.com.br\/?p=6109"},"modified":"2024-08-11T13:07:45","modified_gmt":"2024-08-11T16:07:45","slug":"silvero-pereira-so-faco-arte-se-tiver-algo-pra-falar","status":"publish","type":"post","link":"https:\/\/lackman.com.br\/index.php\/2023\/12\/07\/silvero-pereira-so-faco-arte-se-tiver-algo-pra-falar\/","title":{"rendered":"Silvero Pereira: \u201cS\u00f3 fa\u00e7o arte se tiver algo pra falar\u201d"},"content":{"rendered":"<h5 class=\"p1\"><strong><em><span style=\"font-size: 16px\">Silvero Pereira bateu um papo com o Lackman e contou sobre sua vida, carreira, moda e homenagem ao mestre Belchior, que chega a Bras\u00edlia com tr\u00eas apresenta\u00e7\u00f5es na Caixa Cultural<\/span><\/em><\/strong><\/h5>\n<p class=\"p1\"><span class=\"s1\">De 8 a 10 de dezembro, a Caixa Cultural Bras\u00edlia apresenta o show \u201cSilvero Interpreta Belchior\u201d. O multiartista canta as composi\u00e7\u00f5es de Belchior, homenageando um dos mais relevantes compositores do Nordeste, que deixou um gigante legado para a m\u00fasica brasileira.<\/span><\/p>\n<p class=\"p1\"><span class=\"s1\">Ser\u00e3o quatro apresenta\u00e7\u00f5es na capital federal, duas delas seguidas de um intimista bate-papo entre artista e p\u00fablico. Os ingressos est\u00e3o dispon\u00edveis na bilheteria do local e no site da <a href=\"https:\/\/bilheteriacultural.com\/eventos.php?cidade=brasilia\"><span class=\"s4\">Bilheteria Cultural<\/span><\/a>.<\/span><\/p>\n<p class=\"p1\"><span class=\"s1\">No palco, o roteiro do show re\u00fane cerca de 18 can\u00e7\u00f5es conhecidas do grande p\u00fablico, hits que promovem momentos divertidos, emocionantes e introspectivos, como &#8220;Sujeito de Sorte\u201d, \u201cComo Nossos Pais&#8221;, &#8220;Medo de Avi\u00e3o&#8221;, &#8220;A Palo Seco\u201d, &#8220;Paralelas&#8221;, entre outros cl\u00e1ssicos que ganharam interpreta\u00e7\u00f5es \u00fanicas com a performance de Silvero Pereira.<\/span><\/p>\n<p class=\"p1\"><img fetchpriority=\"high\" decoding=\"async\" class=\"alignnone size-large wp-image-6110\" src=\"http:\/\/lackman.com.br\/wp-content\/uploads\/2023\/12\/IMG_3036-1024x683.jpeg\" alt=\"\" width=\"1024\" height=\"683\" srcset=\"https:\/\/lackman.com.br\/wp-content\/uploads\/2023\/12\/IMG_3036-1024x683.jpeg 1024w, https:\/\/lackman.com.br\/wp-content\/uploads\/2023\/12\/IMG_3036-300x200.jpeg 300w, https:\/\/lackman.com.br\/wp-content\/uploads\/2023\/12\/IMG_3036-768x512.jpeg 768w, https:\/\/lackman.com.br\/wp-content\/uploads\/2023\/12\/IMG_3036-1536x1025.jpeg 1536w, https:\/\/lackman.com.br\/wp-content\/uploads\/2023\/12\/IMG_3036-2048x1366.jpeg 2048w\" sizes=\"(max-width: 1024px) 100vw, 1024px\" \/><\/p>\n<p class=\"p1\"><span class=\"s1\">Al\u00e9m da musicalidade envolvente, o espet\u00e1culo tem a teatralidade garantida com a dramaturgia, a troca de figurinos assinados por estilistas cearenses como Kallil Nepomuceno, o desenho de luz e a execu\u00e7\u00e3o sonora de uma banda que acompanha Silvero desde 2021 e que se unem para garantir ao p\u00fablico uma experi\u00eancia verdadeiramente inesquec\u00edvel. Confira a entrevista exclusiva que o artista nos concedeu.<\/span><\/p>\n<h5 class=\"p1\"><span class=\"s1\">Quem \u00e9 Belchior quando descrito pelo Silvero Pereira?<\/span><\/h5>\n<p class=\"p1\"><span class=\"s1\">Belchior \u00e9 um s\u00edmbolo de for\u00e7a nordestina, um g\u00eanio que descreveu o Brasil de ontem e de hoje. Um artista atemporal e atento ao passado, presente e futuro. <\/span><\/p>\n<h5 class=\"p1\"><span class=\"s1\">Na sua opini\u00e3o, o que fez Belchior virar norma quando o assunto \u00e9 boa m\u00fasica brasileira?<\/span><\/h5>\n<p class=\"p1\"><span class=\"s1\">A boa m\u00fasica brasileira \u00e9 composta por artistas cultos, estudiosos e cheios de refer\u00eancias. N\u00e3o se consegue ouvir Belchior com aten\u00e7\u00e3o e n\u00e3o se sentir modificado pelos seus versos.<\/span><\/p>\n<h5 class=\"p1\"><span class=\"s1\">Sua carreira \u00e9 repleta de nuances. H\u00e1 TV, teatro, cinema, web e at\u00e9 passarela, como no DFB Festival em que vc se fez presente em v\u00e1rios desfiles. Ser esse profissional multifacetado \u00e9 uma obriga\u00e7\u00e3o hoje ou voc\u00ea sempre quis estar em todos esse lugares?! <\/span><\/h5>\n<p class=\"p1\"><span class=\"s1\">N\u00e3o me sinto nessa obriga\u00e7\u00e3o, fa\u00e7o aquilo que me d\u00e1 prazer e me engrandece como artista. Sou um apaixonado e estudioso da arte, ent\u00e3o vou experimentando e vendo o que pode ser transdisciplinar entre as diversas fun\u00e7\u00f5es.<\/span><\/p>\n<h5 class=\"p1\"><span class=\"s1\">No seu figurino tem pe\u00e7as do Kallil Nepomuceno, um dos maiores nomes do Nordeste. Essa valoriza\u00e7\u00e3o do que \u00e9 da sua terra \u00e9 digna de elogios. Voc\u00ea se considera um ve\u00edculo de divulga\u00e7\u00e3o da sua terra? <\/span><\/h5>\n<p class=\"p1\"><span class=\"s1\">Totalmente! Nordeste \u00e9 uma pot\u00eancia e precisamos sempre estar de m\u00e3os dados levando uns aos outros juntos. Vestir um estilista cearense \u00e9 vestir minha armadura, minha hist\u00f3ria, meu povo! <\/span><\/p>\n<h5 class=\"p1\"><span class=\"s1\">Como \u00e9 ser um artista cearense de sucesso<span class=\"Apple-converted-space\">\u00a0 <\/span>em dias de redes sociais nos quais fama tem muito a ver com o que se posta e n\u00e3o muito com o que se faz?<\/span><\/h5>\n<p class=\"p1\"><span class=\"s1\">Uso minhas redes sociais de acordo com minhas convic\u00e7\u00f5es e reflex\u00f5es. Sou divertido nas redes porque me divirto com ela, mas tamb\u00e9m uso essa ferramenta para divulgar meus textos de uma coluna do jornal local, pra fazer meus posicionamentos e divulgar meus trabalhos. N\u00e3o quero ser f\u00fatil nas redes!<\/span><\/p>\n<p><img decoding=\"async\" class=\"alignnone size-large wp-image-6112\" src=\"http:\/\/lackman.com.br\/wp-content\/uploads\/2023\/12\/IMG_3035-1024x683.jpeg\" alt=\"\" width=\"1024\" height=\"683\" srcset=\"https:\/\/lackman.com.br\/wp-content\/uploads\/2023\/12\/IMG_3035-1024x683.jpeg 1024w, https:\/\/lackman.com.br\/wp-content\/uploads\/2023\/12\/IMG_3035-300x200.jpeg 300w, https:\/\/lackman.com.br\/wp-content\/uploads\/2023\/12\/IMG_3035-768x512.jpeg 768w, https:\/\/lackman.com.br\/wp-content\/uploads\/2023\/12\/IMG_3035-1536x1024.jpeg 1536w, https:\/\/lackman.com.br\/wp-content\/uploads\/2023\/12\/IMG_3035-2048x1366.jpeg 2048w\" sizes=\"(max-width: 1024px) 100vw, 1024px\" \/><\/p>\n<h5 class=\"p1\"><span class=\"s1\">Esse show te fez descobrir algo novo sobre voc\u00ea? O que Belchior acrescentou na sua vida ao interpreta-lo?<\/span><\/h5>\n<p class=\"p1\"><span class=\"s1\">Esse show \u00e9 um encontro com minha hist\u00f3ria atrav\u00e9s dos versos de um outro cearense, sa\u00eddo do interior e que buscou seus sonhos na arte e nos estudos. Esse show \u00e9 uma exposi\u00e7\u00e3o da minha hist\u00f3ria, meus percursos.<\/span><\/p>\n<h5 class=\"p1\"><span class=\"s1\">Existe um gatilho para te fazer cantar? Te d\u00e1 vontade de cantar quando\u2026<\/span><\/h5>\n<p class=\"p1\"><span class=\"s1\">A arte pra mim \u00e9 gatilho! S\u00f3 fa\u00e7o arte se tiver algo pra falar, que me inquieta e questiona a sociedade.<\/span><\/p>\n<h5 class=\"p1\"><span class=\"s1\">Qual o significado de roupa, moda e estilo pra voc\u00ea?<\/span><\/h5>\n<p class=\"p1\"><span class=\"s1\">Moda \u00e9 quem vive! Eu n\u00e3o ligo pra tend\u00eancias, uso aquilo que me faz bem e exp\u00f5e minha personalidade.<\/span><\/p>\n<p>\u00a0<\/p>\n<h5>Quer ir ao show?<\/h5>\n<p><span lang=\"IT\" data-originalfontsize=\"14pt\" data-originalcomputedfontsize=\"18.666666\"><span class=\"term-highlighted\">Silvero<\/span> Interpreta Belchior<\/span><span lang=\"PT\">\u00a0<\/span><br \/>\n<span lang=\"PT\" data-originalfontsize=\"14pt\" data-originalcomputedfontsize=\"18.666666\">Na CAIXA Cultural Bras\u00ed<\/span>lia <span lang=\"ES-TRAD\" data-originalfontsize=\"14pt\" data-originalcomputedfontsize=\"18.666666\">(SBS Q.4 <\/span><span lang=\"PT\" data-originalfontsize=\"14pt\" data-originalcomputedfontsize=\"18.666666\">\u2013 <\/span>Asa Sul, Bras<span lang=\"PT\" data-originalfontsize=\"14pt\" data-originalcomputedfontsize=\"18.666666\">\u00edlia)<\/span><br \/>\n<span lang=\"PT\" data-originalfontsize=\"14pt\" data-originalcomputedfontsize=\"18.666666\">Dias\u00a008, 09 e 10 de dezembro de 2023<\/span><br \/>\nHor<span lang=\"PT\" data-originalfontsize=\"14pt\" data-originalcomputedfontsize=\"18.666666\">\u00e1<\/span><span lang=\"IT\" data-originalfontsize=\"14pt\" data-originalcomputedfontsize=\"18.666666\">rio:<\/span><span lang=\"PT\" data-originalfontsize=\"14pt\" data-originalcomputedfontsize=\"18.666666\">\u00a0Dia 08 (sexta) \u00e0s 20h; dia 09 (s\u00e1bado) \u00e0<\/span><span lang=\"IT\" data-originalfontsize=\"14pt\" data-originalcomputedfontsize=\"18.666666\">s 17h (sess<\/span><span lang=\"PT\" data-originalfontsize=\"14pt\" data-originalcomputedfontsize=\"18.666666\">\u00e3o com libras) e 20h (sess\u00e3o com bate-papo); dia 10 (domingo) \u00e0s 19h (com bate papo)<\/span><\/p>\n<p><span lang=\"EN-US\" data-originalfontsize=\"14pt\" data-originalcomputedfontsize=\"18.666666\">Ingressos: R$30 (inteira) R$15 (meia)<\/span><br \/>\n<span lang=\"IT\" data-originalfontsize=\"14pt\" data-originalcomputedfontsize=\"18.666666\">Classifica<\/span><span lang=\"PT\" data-originalfontsize=\"14pt\" data-originalcomputedfontsize=\"18.666666\">\u00e7\u00e3<\/span><span lang=\"IT\" data-originalfontsize=\"14pt\" data-originalcomputedfontsize=\"18.666666\">o indicativa:<\/span><span lang=\"PT\" data-originalfontsize=\"14pt\" data-originalcomputedfontsize=\"18.666666\">\u00a0Livre para todos os p\u00fablicos<\/span><br \/>\n<span lang=\"PT\" data-originalfontsize=\"14pt\" data-originalcomputedfontsize=\"18.666666\">Acesso a pessoas com defici\u00ea<\/span><span lang=\"ES-TRAD\" data-originalfontsize=\"14pt\" data-originalcomputedfontsize=\"18.666666\">ncia<\/span><span lang=\"PT\">\u202f<\/span><span lang=\"PT\">\u00a0<\/span><br \/>\n<span lang=\"DE\" data-originalfontsize=\"14pt\" data-originalcomputedfontsize=\"18.666666\">Informa<\/span><span lang=\"PT\" data-originalfontsize=\"14pt\" data-originalcomputedfontsize=\"18.666666\">\u00e7\u00f5<\/span><span lang=\"EN-US\" data-originalfontsize=\"14pt\" data-originalcomputedfontsize=\"18.666666\">es:<\/span><span lang=\"PT\">\u00a0<\/span>(61) 3206-9448<\/p>\n<p><span style=\"color: #000000\"><a href=\"https:\/\/www.caixacultural.gov.br\/\" target=\"_blank\" rel=\"noopener\" data-saferedirecturl=\"https:\/\/www.google.com\/url?q=https:\/\/www.caixacultural.gov.br&amp;source=gmail&amp;ust=1700932218024000&amp;usg=AOvVaw00GfZUV2iw48eM4llsVNuJ\"><span lang=\"PT\" data-removefontsize=\"true\" data-originalcomputedfontsize=\"18.666666\">https:\/\/www.caixacultural.gov.br<\/span><\/a><\/span><\/p>\n<hr \/>\n<pre>Fotos: Divulga\u00e7\u00e3o<\/pre>\n<p>;;<\/p>\n","protected":false},"excerpt":{"rendered":"<p>Silvero Pereira bateu um papo com o Lackman e contou sobre sua vida, carreira, moda e homenagem ao mestre Belchior, que chega a Bras\u00edlia com tr\u00eas apresenta\u00e7\u00f5es na Caixa Cultural De 8 a 10 de dezembro, a Caixa Cultural Bras\u00edlia apresenta o show \u201cSilvero Interpreta Belchior\u201d. O multiartista canta as composi\u00e7\u00f5es de Belchior, homenageando um dos mais relevantes compositores do Nordeste, que deixou um gigante legado para a m\u00fasica brasileira. Ser\u00e3o quatro apresenta\u00e7\u00f5es na capital federal, duas delas seguidas de um intimista bate-papo entre artista e p\u00fablico. Os ingressos est\u00e3o dispon\u00edveis na bilheteria do local e no site da Bilheteria Cultural. No palco, o roteiro do show re\u00fane cerca de 18 can\u00e7\u00f5es conhecidas do grande p\u00fablico, hits que promovem momentos divertidos, emocionantes e introspectivos, como &#8220;Sujeito de Sorte\u201d, \u201cComo Nossos Pais&#8221;, &#8220;Medo de Avi\u00e3o&#8221;, &#8220;A Palo Seco\u201d, &#8220;Paralelas&#8221;, entre outros cl\u00e1ssicos que ganharam interpreta\u00e7\u00f5es \u00fanicas com a performance de Silvero Pereira. Al\u00e9m da musicalidade envolvente, o espet\u00e1culo tem a teatralidade garantida com a dramaturgia, a troca de figurinos assinados por estilistas cearenses como Kallil Nepomuceno, o desenho de luz e a execu\u00e7\u00e3o sonora de uma banda que acompanha Silvero desde 2021 e que se unem para garantir ao p\u00fablico uma experi\u00eancia verdadeiramente inesquec\u00edvel. Confira a entrevista exclusiva que o artista nos concedeu. Quem \u00e9 Belchior quando descrito pelo Silvero Pereira? Belchior \u00e9 um s\u00edmbolo de for\u00e7a nordestina, um g\u00eanio que descreveu o Brasil de ontem e de hoje. Um artista atemporal e atento ao passado, presente e futuro. Na sua opini\u00e3o, o que fez Belchior virar norma quando o assunto \u00e9 boa m\u00fasica brasileira? A boa m\u00fasica brasileira \u00e9 composta por artistas cultos, estudiosos e cheios de refer\u00eancias. N\u00e3o se consegue ouvir Belchior com aten\u00e7\u00e3o e n\u00e3o se sentir modificado pelos seus versos. Sua carreira \u00e9 repleta de nuances. H\u00e1 TV, teatro, cinema, web e at\u00e9 passarela, como no DFB Festival em que vc se fez presente em v\u00e1rios desfiles. Ser esse profissional multifacetado \u00e9 uma obriga\u00e7\u00e3o hoje ou voc\u00ea sempre quis estar em todos esse lugares?! N\u00e3o me sinto nessa obriga\u00e7\u00e3o, fa\u00e7o aquilo que me d\u00e1 prazer e me engrandece como artista. Sou um apaixonado e estudioso da arte, ent\u00e3o vou experimentando e vendo o que pode ser transdisciplinar entre as diversas fun\u00e7\u00f5es. No seu figurino tem pe\u00e7as do Kallil Nepomuceno, um dos maiores nomes do Nordeste. Essa valoriza\u00e7\u00e3o do que \u00e9 da sua terra \u00e9 digna de elogios. Voc\u00ea se considera um ve\u00edculo de divulga\u00e7\u00e3o da sua terra? Totalmente! Nordeste \u00e9 uma pot\u00eancia e precisamos sempre estar de m\u00e3os dados levando uns aos outros juntos. Vestir um estilista cearense \u00e9 vestir minha armadura, minha hist\u00f3ria, meu povo! Como \u00e9 ser um artista cearense de sucesso\u00a0 em dias de redes sociais nos quais fama tem muito a ver com o que se posta e n\u00e3o muito com o que se faz? Uso minhas redes sociais de acordo com minhas convic\u00e7\u00f5es e reflex\u00f5es. Sou divertido nas redes porque me divirto com ela, mas tamb\u00e9m uso essa ferramenta para divulgar meus textos de uma coluna do jornal local, pra fazer meus posicionamentos e divulgar meus trabalhos. N\u00e3o quero ser f\u00fatil nas redes! Esse show te fez descobrir algo novo sobre voc\u00ea? O que Belchior acrescentou na sua vida ao interpreta-lo? Esse show \u00e9 um encontro com minha hist\u00f3ria atrav\u00e9s dos versos de um outro cearense, sa\u00eddo do interior e que buscou seus sonhos na arte e nos estudos. Esse show \u00e9 uma exposi\u00e7\u00e3o da minha hist\u00f3ria, meus percursos. Existe um gatilho para te fazer cantar? Te d\u00e1 vontade de cantar quando\u2026 A arte pra mim \u00e9 gatilho! S\u00f3 fa\u00e7o arte se tiver algo pra falar, que me inquieta e questiona a sociedade. Qual o significado de roupa, moda e estilo pra voc\u00ea? Moda \u00e9 quem vive! Eu n\u00e3o ligo pra tend\u00eancias, uso aquilo que me faz bem e exp\u00f5e minha personalidade. \u00a0 Quer ir ao show? Silvero Interpreta Belchior\u00a0 Na CAIXA Cultural Bras\u00edlia (SBS Q.4 \u2013 Asa Sul, Bras\u00edlia) Dias\u00a008, 09 e 10 de dezembro de 2023 Hor\u00e1rio:\u00a0Dia 08 (sexta) \u00e0s 20h; dia 09 (s\u00e1bado) \u00e0s 17h (sess\u00e3o com libras) e 20h (sess\u00e3o com bate-papo); dia 10 (domingo) \u00e0s 19h (com bate papo) Ingressos: R$30 (inteira) R$15 (meia) Classifica\u00e7\u00e3o indicativa:\u00a0Livre para todos os p\u00fablicos Acesso a pessoas com defici\u00eancia\u202f\u00a0 Informa\u00e7\u00f5es:\u00a0(61) 3206-9448 https:\/\/www.caixacultural.gov.br Fotos: Divulga\u00e7\u00e3o ;;<\/p>\n","protected":false},"author":2,"featured_media":6111,"comment_status":"closed","ping_status":"open","sticky":false,"template":"","format":"standard","meta":{"site-sidebar-layout":"default","site-content-layout":"","ast-site-content-layout":"default","site-content-style":"default","site-sidebar-style":"default","ast-global-header-display":"","ast-banner-title-visibility":"","ast-main-header-display":"","ast-hfb-above-header-display":"","ast-hfb-below-header-display":"","ast-hfb-mobile-header-display":"","site-post-title":"","ast-breadcrumbs-content":"","ast-featured-img":"","footer-sml-layout":"","ast-disable-related-posts":"","theme-transparent-header-meta":"default","adv-header-id-meta":"","stick-header-meta":"","header-above-stick-meta":"","header-main-stick-meta":"","header-below-stick-meta":"","astra-migrate-meta-layouts":"set","ast-page-background-enabled":"default","ast-page-background-meta":{"desktop":{"background-color":"","background-image":"","background-repeat":"repeat","background-position":"center center","background-size":"auto","background-attachment":"scroll","background-type":"","background-media":"","overlay-type":"","overlay-color":"","overlay-opacity":"","overlay-gradient":""},"tablet":{"background-color":"","background-image":"","background-repeat":"repeat","background-position":"center center","background-size":"auto","background-attachment":"scroll","background-type":"","background-media":"","overlay-type":"","overlay-color":"","overlay-opacity":"","overlay-gradient":""},"mobile":{"background-color":"","background-image":"","background-repeat":"repeat","background-position":"center center","background-size":"auto","background-attachment":"scroll","background-type":"","background-media":"","overlay-type":"","overlay-color":"","overlay-opacity":"","overlay-gradient":""}},"ast-content-background-meta":{"desktop":{"background-color":"var(--ast-global-color-5)","background-image":"","background-repeat":"repeat","background-position":"center center","background-size":"auto","background-attachment":"scroll","background-type":"","background-media":"","overlay-type":"","overlay-color":"","overlay-opacity":"","overlay-gradient":""},"tablet":{"background-color":"var(--ast-global-color-5)","background-image":"","background-repeat":"repeat","background-position":"center center","background-size":"auto","background-attachment":"scroll","background-type":"","background-media":"","overlay-type":"","overlay-color":"","overlay-opacity":"","overlay-gradient":""},"mobile":{"background-color":"var(--ast-global-color-5)","background-image":"","background-repeat":"repeat","background-position":"center center","background-size":"auto","background-attachment":"scroll","background-type":"","background-media":"","overlay-type":"","overlay-color":"","overlay-opacity":"","overlay-gradient":""}},"footnotes":""},"categories":[47,45],"tags":[],"class_list":["post-6109","post","type-post","status-publish","format-standard","has-post-thumbnail","hentry","category-cultura-arte","category-entrevistas"],"yoast_head":"<!-- This site is optimized with the Yoast SEO plugin v27.0 - https:\/\/yoast.com\/product\/yoast-seo-wordpress\/ -->\n<title>Silvero Pereira: \u201cS\u00f3 fa\u00e7o arte se tiver algo pra falar\u201d - LACKMAN &amp; CO.<\/title>\n<meta name=\"robots\" content=\"index, follow, max-snippet:-1, max-image-preview:large, max-video-preview:-1\" \/>\n<link rel=\"canonical\" href=\"https:\/\/lackman.com.br\/index.php\/2023\/12\/07\/silvero-pereira-so-faco-arte-se-tiver-algo-pra-falar\/\" \/>\n<meta property=\"og:locale\" content=\"pt_BR\" \/>\n<meta property=\"og:type\" content=\"article\" \/>\n<meta property=\"og:title\" content=\"Silvero Pereira: \u201cS\u00f3 fa\u00e7o arte se tiver algo pra falar\u201d - LACKMAN &amp; CO.\" \/>\n<meta property=\"og:description\" content=\"Silvero Pereira bateu um papo com o Lackman e contou sobre sua vida, carreira, moda e homenagem ao mestre Belchior, que chega a Bras\u00edlia com tr\u00eas apresenta\u00e7\u00f5es na Caixa Cultural De 8 a 10 de dezembro, a Caixa Cultural Bras\u00edlia apresenta o show \u201cSilvero Interpreta Belchior\u201d. O multiartista canta as composi\u00e7\u00f5es de Belchior, homenageando um dos mais relevantes compositores do Nordeste, que deixou um gigante legado para a m\u00fasica brasileira. Ser\u00e3o quatro apresenta\u00e7\u00f5es na capital federal, duas delas seguidas de um intimista bate-papo entre artista e p\u00fablico. Os ingressos est\u00e3o dispon\u00edveis na bilheteria do local e no site da Bilheteria Cultural. No palco, o roteiro do show re\u00fane cerca de 18 can\u00e7\u00f5es conhecidas do grande p\u00fablico, hits que promovem momentos divertidos, emocionantes e introspectivos, como &#8220;Sujeito de Sorte\u201d, \u201cComo Nossos Pais&#8221;, &#8220;Medo de Avi\u00e3o&#8221;, &#8220;A Palo Seco\u201d, &#8220;Paralelas&#8221;, entre outros cl\u00e1ssicos que ganharam interpreta\u00e7\u00f5es \u00fanicas com a performance de Silvero Pereira. Al\u00e9m da musicalidade envolvente, o espet\u00e1culo tem a teatralidade garantida com a dramaturgia, a troca de figurinos assinados por estilistas cearenses como Kallil Nepomuceno, o desenho de luz e a execu\u00e7\u00e3o sonora de uma banda que acompanha Silvero desde 2021 e que se unem para garantir ao p\u00fablico uma experi\u00eancia verdadeiramente inesquec\u00edvel. Confira a entrevista exclusiva que o artista nos concedeu. Quem \u00e9 Belchior quando descrito pelo Silvero Pereira? Belchior \u00e9 um s\u00edmbolo de for\u00e7a nordestina, um g\u00eanio que descreveu o Brasil de ontem e de hoje. Um artista atemporal e atento ao passado, presente e futuro. Na sua opini\u00e3o, o que fez Belchior virar norma quando o assunto \u00e9 boa m\u00fasica brasileira? A boa m\u00fasica brasileira \u00e9 composta por artistas cultos, estudiosos e cheios de refer\u00eancias. N\u00e3o se consegue ouvir Belchior com aten\u00e7\u00e3o e n\u00e3o se sentir modificado pelos seus versos. Sua carreira \u00e9 repleta de nuances. H\u00e1 TV, teatro, cinema, web e at\u00e9 passarela, como no DFB Festival em que vc se fez presente em v\u00e1rios desfiles. Ser esse profissional multifacetado \u00e9 uma obriga\u00e7\u00e3o hoje ou voc\u00ea sempre quis estar em todos esse lugares?! N\u00e3o me sinto nessa obriga\u00e7\u00e3o, fa\u00e7o aquilo que me d\u00e1 prazer e me engrandece como artista. Sou um apaixonado e estudioso da arte, ent\u00e3o vou experimentando e vendo o que pode ser transdisciplinar entre as diversas fun\u00e7\u00f5es. No seu figurino tem pe\u00e7as do Kallil Nepomuceno, um dos maiores nomes do Nordeste. Essa valoriza\u00e7\u00e3o do que \u00e9 da sua terra \u00e9 digna de elogios. Voc\u00ea se considera um ve\u00edculo de divulga\u00e7\u00e3o da sua terra? Totalmente! Nordeste \u00e9 uma pot\u00eancia e precisamos sempre estar de m\u00e3os dados levando uns aos outros juntos. Vestir um estilista cearense \u00e9 vestir minha armadura, minha hist\u00f3ria, meu povo! Como \u00e9 ser um artista cearense de sucesso\u00a0 em dias de redes sociais nos quais fama tem muito a ver com o que se posta e n\u00e3o muito com o que se faz? Uso minhas redes sociais de acordo com minhas convic\u00e7\u00f5es e reflex\u00f5es. Sou divertido nas redes porque me divirto com ela, mas tamb\u00e9m uso essa ferramenta para divulgar meus textos de uma coluna do jornal local, pra fazer meus posicionamentos e divulgar meus trabalhos. N\u00e3o quero ser f\u00fatil nas redes! Esse show te fez descobrir algo novo sobre voc\u00ea? O que Belchior acrescentou na sua vida ao interpreta-lo? Esse show \u00e9 um encontro com minha hist\u00f3ria atrav\u00e9s dos versos de um outro cearense, sa\u00eddo do interior e que buscou seus sonhos na arte e nos estudos. Esse show \u00e9 uma exposi\u00e7\u00e3o da minha hist\u00f3ria, meus percursos. Existe um gatilho para te fazer cantar? Te d\u00e1 vontade de cantar quando\u2026 A arte pra mim \u00e9 gatilho! S\u00f3 fa\u00e7o arte se tiver algo pra falar, que me inquieta e questiona a sociedade. Qual o significado de roupa, moda e estilo pra voc\u00ea? Moda \u00e9 quem vive! Eu n\u00e3o ligo pra tend\u00eancias, uso aquilo que me faz bem e exp\u00f5e minha personalidade. \u00a0 Quer ir ao show? Silvero Interpreta Belchior\u00a0 Na CAIXA Cultural Bras\u00edlia (SBS Q.4 \u2013 Asa Sul, Bras\u00edlia) Dias\u00a008, 09 e 10 de dezembro de 2023 Hor\u00e1rio:\u00a0Dia 08 (sexta) \u00e0s 20h; dia 09 (s\u00e1bado) \u00e0s 17h (sess\u00e3o com libras) e 20h (sess\u00e3o com bate-papo); dia 10 (domingo) \u00e0s 19h (com bate papo) Ingressos: R$30 (inteira) R$15 (meia) Classifica\u00e7\u00e3o indicativa:\u00a0Livre para todos os p\u00fablicos Acesso a pessoas com defici\u00eancia\u202f\u00a0 Informa\u00e7\u00f5es:\u00a0(61) 3206-9448 https:\/\/www.caixacultural.gov.br Fotos: Divulga\u00e7\u00e3o ;;\" \/>\n<meta property=\"og:url\" content=\"https:\/\/lackman.com.br\/index.php\/2023\/12\/07\/silvero-pereira-so-faco-arte-se-tiver-algo-pra-falar\/\" \/>\n<meta property=\"og:site_name\" content=\"LACKMAN &amp; CO.\" \/>\n<meta property=\"article:author\" content=\"https:\/\/www.facebook.com\/fernandolackman\" \/>\n<meta property=\"article:published_time\" content=\"2023-12-07T20:46:25+00:00\" \/>\n<meta property=\"article:modified_time\" content=\"2024-08-11T16:07:45+00:00\" \/>\n<meta property=\"og:image\" content=\"https:\/\/lackman.com.br\/wp-content\/uploads\/2023\/12\/IMG_3037.jpeg\" \/>\n\t<meta property=\"og:image:width\" content=\"452\" \/>\n\t<meta property=\"og:image:height\" content=\"678\" \/>\n\t<meta property=\"og:image:type\" content=\"image\/jpeg\" \/>\n<meta name=\"author\" content=\"Fernando Lackman\" \/>\n<meta name=\"twitter:card\" content=\"summary_large_image\" \/>\n<meta name=\"twitter:creator\" content=\"@fernandolackman\" \/>\n<meta name=\"twitter:label1\" content=\"Escrito por\" \/>\n\t<meta name=\"twitter:data1\" content=\"Fernando Lackman\" \/>\n\t<meta name=\"twitter:label2\" content=\"Est. tempo de leitura\" \/>\n\t<meta name=\"twitter:data2\" content=\"5 minutos\" \/>\n<script type=\"application\/ld+json\" class=\"yoast-schema-graph\">{\"@context\":\"https:\/\/schema.org\",\"@graph\":[{\"@type\":\"Article\",\"@id\":\"https:\/\/lackman.com.br\/index.php\/2023\/12\/07\/silvero-pereira-so-faco-arte-se-tiver-algo-pra-falar\/#article\",\"isPartOf\":{\"@id\":\"https:\/\/lackman.com.br\/index.php\/2023\/12\/07\/silvero-pereira-so-faco-arte-se-tiver-algo-pra-falar\/\"},\"author\":{\"name\":\"Fernando Lackman\",\"@id\":\"https:\/\/lackman.com.br\/#\/schema\/person\/dbfb3fbfc55f2b0bd4f9039696e70858\"},\"headline\":\"Silvero Pereira: \u201cS\u00f3 fa\u00e7o arte se tiver algo pra falar\u201d\",\"datePublished\":\"2023-12-07T20:46:25+00:00\",\"dateModified\":\"2024-08-11T16:07:45+00:00\",\"mainEntityOfPage\":{\"@id\":\"https:\/\/lackman.com.br\/index.php\/2023\/12\/07\/silvero-pereira-so-faco-arte-se-tiver-algo-pra-falar\/\"},\"wordCount\":773,\"publisher\":{\"@id\":\"https:\/\/lackman.com.br\/#organization\"},\"image\":{\"@id\":\"https:\/\/lackman.com.br\/index.php\/2023\/12\/07\/silvero-pereira-so-faco-arte-se-tiver-algo-pra-falar\/#primaryimage\"},\"thumbnailUrl\":\"https:\/\/lackman.com.br\/wp-content\/uploads\/2023\/12\/IMG_3037.jpeg\",\"articleSection\":[\"Cultura\",\"Entrevistas\"],\"inLanguage\":\"pt-BR\"},{\"@type\":\"WebPage\",\"@id\":\"https:\/\/lackman.com.br\/index.php\/2023\/12\/07\/silvero-pereira-so-faco-arte-se-tiver-algo-pra-falar\/\",\"url\":\"https:\/\/lackman.com.br\/index.php\/2023\/12\/07\/silvero-pereira-so-faco-arte-se-tiver-algo-pra-falar\/\",\"name\":\"Silvero Pereira: \u201cS\u00f3 fa\u00e7o arte se tiver algo pra falar\u201d - LACKMAN &amp; CO.\",\"isPartOf\":{\"@id\":\"https:\/\/lackman.com.br\/#website\"},\"primaryImageOfPage\":{\"@id\":\"https:\/\/lackman.com.br\/index.php\/2023\/12\/07\/silvero-pereira-so-faco-arte-se-tiver-algo-pra-falar\/#primaryimage\"},\"image\":{\"@id\":\"https:\/\/lackman.com.br\/index.php\/2023\/12\/07\/silvero-pereira-so-faco-arte-se-tiver-algo-pra-falar\/#primaryimage\"},\"thumbnailUrl\":\"https:\/\/lackman.com.br\/wp-content\/uploads\/2023\/12\/IMG_3037.jpeg\",\"datePublished\":\"2023-12-07T20:46:25+00:00\",\"dateModified\":\"2024-08-11T16:07:45+00:00\",\"breadcrumb\":{\"@id\":\"https:\/\/lackman.com.br\/index.php\/2023\/12\/07\/silvero-pereira-so-faco-arte-se-tiver-algo-pra-falar\/#breadcrumb\"},\"inLanguage\":\"pt-BR\",\"potentialAction\":[{\"@type\":\"ReadAction\",\"target\":[\"https:\/\/lackman.com.br\/index.php\/2023\/12\/07\/silvero-pereira-so-faco-arte-se-tiver-algo-pra-falar\/\"]}]},{\"@type\":\"ImageObject\",\"inLanguage\":\"pt-BR\",\"@id\":\"https:\/\/lackman.com.br\/index.php\/2023\/12\/07\/silvero-pereira-so-faco-arte-se-tiver-algo-pra-falar\/#primaryimage\",\"url\":\"https:\/\/lackman.com.br\/wp-content\/uploads\/2023\/12\/IMG_3037.jpeg\",\"contentUrl\":\"https:\/\/lackman.com.br\/wp-content\/uploads\/2023\/12\/IMG_3037.jpeg\",\"width\":452,\"height\":678},{\"@type\":\"BreadcrumbList\",\"@id\":\"https:\/\/lackman.com.br\/index.php\/2023\/12\/07\/silvero-pereira-so-faco-arte-se-tiver-algo-pra-falar\/#breadcrumb\",\"itemListElement\":[{\"@type\":\"ListItem\",\"position\":1,\"name\":\"In\u00edcio\",\"item\":\"https:\/\/lackman.com.br\/\"},{\"@type\":\"ListItem\",\"position\":2,\"name\":\"Silvero Pereira: \u201cS\u00f3 fa\u00e7o arte se tiver algo pra falar\u201d\"}]},{\"@type\":\"WebSite\",\"@id\":\"https:\/\/lackman.com.br\/#website\",\"url\":\"https:\/\/lackman.com.br\/\",\"name\":\"LACKMAN &amp; CO.\",\"description\":\"VIDA | MODA | ARTE\",\"publisher\":{\"@id\":\"https:\/\/lackman.com.br\/#organization\"},\"potentialAction\":[{\"@type\":\"SearchAction\",\"target\":{\"@type\":\"EntryPoint\",\"urlTemplate\":\"https:\/\/lackman.com.br\/?s={search_term_string}\"},\"query-input\":{\"@type\":\"PropertyValueSpecification\",\"valueRequired\":true,\"valueName\":\"search_term_string\"}}],\"inLanguage\":\"pt-BR\"},{\"@type\":\"Organization\",\"@id\":\"https:\/\/lackman.com.br\/#organization\",\"name\":\"LACKMAN &amp; CO.\",\"url\":\"https:\/\/lackman.com.br\/\",\"logo\":{\"@type\":\"ImageObject\",\"inLanguage\":\"pt-BR\",\"@id\":\"https:\/\/lackman.com.br\/#\/schema\/logo\/image\/\",\"url\":\"https:\/\/lackman.com.br\/wp-content\/uploads\/2023\/06\/Logotipo_preto-1.png\",\"contentUrl\":\"https:\/\/lackman.com.br\/wp-content\/uploads\/2023\/06\/Logotipo_preto-1.png\",\"width\":739,\"height\":393,\"caption\":\"LACKMAN &amp; CO.\"},\"image\":{\"@id\":\"https:\/\/lackman.com.br\/#\/schema\/logo\/image\/\"}},{\"@type\":\"Person\",\"@id\":\"https:\/\/lackman.com.br\/#\/schema\/person\/dbfb3fbfc55f2b0bd4f9039696e70858\",\"name\":\"Fernando Lackman\",\"image\":{\"@type\":\"ImageObject\",\"inLanguage\":\"pt-BR\",\"@id\":\"https:\/\/lackman.com.br\/#\/schema\/person\/image\/\",\"url\":\"https:\/\/secure.gravatar.com\/avatar\/ae7993150af197e66480c8a769891833dd2b8d809f0d9ff3f25af796cf378ce8?s=96&d=mm&r=g\",\"contentUrl\":\"https:\/\/secure.gravatar.com\/avatar\/ae7993150af197e66480c8a769891833dd2b8d809f0d9ff3f25af796cf378ce8?s=96&d=mm&r=g\",\"caption\":\"Fernando Lackman\"},\"description\":\"Fernando Lackman \u00e9 jornalista especializado em Moda e Cultura, editor do site LACKMAN.com.br. \u00c9 autor do livro Bras\u00edlia Capital dos Criadores, que conta a hist\u00f3ria da moda no Distrito Federal. Tem em seu curr\u00edculo assinatura de dire\u00e7\u00e3o criativa e de desfiles em eventos como Estilo DF Plaza, Summer Collections, JK Street Fashion, Desfile Beleza Negra (DBN), PicniK Fashion Show, Vogue Fashion\u2019s Night Out Bras\u00edlia, entre outros. Foi diretor criativo do extinto Capital Fashion Week. Atualmente trabalha na dire\u00e7\u00e3o criativa de eventos como Top CUFA, BSB Fashion Street, Bras\u00edlia Fashion House, Ateli\u00ea Bras\u00edlia e Goi\u00e1s Fashion Week.\",\"sameAs\":[\"https:\/\/lackman.com.br\/\",\"https:\/\/www.facebook.com\/fernandolackman\",\"https:\/\/www.instagram.com\/fernandolackman\/\",\"https:\/\/www.linkedin.com\/in\/fernando-lackman\/\",\"https:\/\/br.pinterest.com\/fernandolackman\/\",\"https:\/\/x.com\/fernandolackman\"],\"url\":\"https:\/\/lackman.com.br\/index.php\/author\/fernando-lackman\/\"}]}<\/script>\n<!-- \/ Yoast SEO plugin. -->","yoast_head_json":{"title":"Silvero Pereira: \u201cS\u00f3 fa\u00e7o arte se tiver algo pra falar\u201d - LACKMAN &amp; CO.","robots":{"index":"index","follow":"follow","max-snippet":"max-snippet:-1","max-image-preview":"max-image-preview:large","max-video-preview":"max-video-preview:-1"},"canonical":"https:\/\/lackman.com.br\/index.php\/2023\/12\/07\/silvero-pereira-so-faco-arte-se-tiver-algo-pra-falar\/","og_locale":"pt_BR","og_type":"article","og_title":"Silvero Pereira: \u201cS\u00f3 fa\u00e7o arte se tiver algo pra falar\u201d - LACKMAN &amp; CO.","og_description":"Silvero Pereira bateu um papo com o Lackman e contou sobre sua vida, carreira, moda e homenagem ao mestre Belchior, que chega a Bras\u00edlia com tr\u00eas apresenta\u00e7\u00f5es na Caixa Cultural De 8 a 10 de dezembro, a Caixa Cultural Bras\u00edlia apresenta o show \u201cSilvero Interpreta Belchior\u201d. O multiartista canta as composi\u00e7\u00f5es de Belchior, homenageando um dos mais relevantes compositores do Nordeste, que deixou um gigante legado para a m\u00fasica brasileira. Ser\u00e3o quatro apresenta\u00e7\u00f5es na capital federal, duas delas seguidas de um intimista bate-papo entre artista e p\u00fablico. Os ingressos est\u00e3o dispon\u00edveis na bilheteria do local e no site da Bilheteria Cultural. No palco, o roteiro do show re\u00fane cerca de 18 can\u00e7\u00f5es conhecidas do grande p\u00fablico, hits que promovem momentos divertidos, emocionantes e introspectivos, como &#8220;Sujeito de Sorte\u201d, \u201cComo Nossos Pais&#8221;, &#8220;Medo de Avi\u00e3o&#8221;, &#8220;A Palo Seco\u201d, &#8220;Paralelas&#8221;, entre outros cl\u00e1ssicos que ganharam interpreta\u00e7\u00f5es \u00fanicas com a performance de Silvero Pereira. Al\u00e9m da musicalidade envolvente, o espet\u00e1culo tem a teatralidade garantida com a dramaturgia, a troca de figurinos assinados por estilistas cearenses como Kallil Nepomuceno, o desenho de luz e a execu\u00e7\u00e3o sonora de uma banda que acompanha Silvero desde 2021 e que se unem para garantir ao p\u00fablico uma experi\u00eancia verdadeiramente inesquec\u00edvel. Confira a entrevista exclusiva que o artista nos concedeu. Quem \u00e9 Belchior quando descrito pelo Silvero Pereira? Belchior \u00e9 um s\u00edmbolo de for\u00e7a nordestina, um g\u00eanio que descreveu o Brasil de ontem e de hoje. Um artista atemporal e atento ao passado, presente e futuro. Na sua opini\u00e3o, o que fez Belchior virar norma quando o assunto \u00e9 boa m\u00fasica brasileira? A boa m\u00fasica brasileira \u00e9 composta por artistas cultos, estudiosos e cheios de refer\u00eancias. N\u00e3o se consegue ouvir Belchior com aten\u00e7\u00e3o e n\u00e3o se sentir modificado pelos seus versos. Sua carreira \u00e9 repleta de nuances. H\u00e1 TV, teatro, cinema, web e at\u00e9 passarela, como no DFB Festival em que vc se fez presente em v\u00e1rios desfiles. Ser esse profissional multifacetado \u00e9 uma obriga\u00e7\u00e3o hoje ou voc\u00ea sempre quis estar em todos esse lugares?! N\u00e3o me sinto nessa obriga\u00e7\u00e3o, fa\u00e7o aquilo que me d\u00e1 prazer e me engrandece como artista. Sou um apaixonado e estudioso da arte, ent\u00e3o vou experimentando e vendo o que pode ser transdisciplinar entre as diversas fun\u00e7\u00f5es. No seu figurino tem pe\u00e7as do Kallil Nepomuceno, um dos maiores nomes do Nordeste. Essa valoriza\u00e7\u00e3o do que \u00e9 da sua terra \u00e9 digna de elogios. Voc\u00ea se considera um ve\u00edculo de divulga\u00e7\u00e3o da sua terra? Totalmente! Nordeste \u00e9 uma pot\u00eancia e precisamos sempre estar de m\u00e3os dados levando uns aos outros juntos. Vestir um estilista cearense \u00e9 vestir minha armadura, minha hist\u00f3ria, meu povo! Como \u00e9 ser um artista cearense de sucesso\u00a0 em dias de redes sociais nos quais fama tem muito a ver com o que se posta e n\u00e3o muito com o que se faz? Uso minhas redes sociais de acordo com minhas convic\u00e7\u00f5es e reflex\u00f5es. Sou divertido nas redes porque me divirto com ela, mas tamb\u00e9m uso essa ferramenta para divulgar meus textos de uma coluna do jornal local, pra fazer meus posicionamentos e divulgar meus trabalhos. N\u00e3o quero ser f\u00fatil nas redes! Esse show te fez descobrir algo novo sobre voc\u00ea? O que Belchior acrescentou na sua vida ao interpreta-lo? Esse show \u00e9 um encontro com minha hist\u00f3ria atrav\u00e9s dos versos de um outro cearense, sa\u00eddo do interior e que buscou seus sonhos na arte e nos estudos. Esse show \u00e9 uma exposi\u00e7\u00e3o da minha hist\u00f3ria, meus percursos. Existe um gatilho para te fazer cantar? Te d\u00e1 vontade de cantar quando\u2026 A arte pra mim \u00e9 gatilho! S\u00f3 fa\u00e7o arte se tiver algo pra falar, que me inquieta e questiona a sociedade. Qual o significado de roupa, moda e estilo pra voc\u00ea? Moda \u00e9 quem vive! Eu n\u00e3o ligo pra tend\u00eancias, uso aquilo que me faz bem e exp\u00f5e minha personalidade. \u00a0 Quer ir ao show? Silvero Interpreta Belchior\u00a0 Na CAIXA Cultural Bras\u00edlia (SBS Q.4 \u2013 Asa Sul, Bras\u00edlia) Dias\u00a008, 09 e 10 de dezembro de 2023 Hor\u00e1rio:\u00a0Dia 08 (sexta) \u00e0s 20h; dia 09 (s\u00e1bado) \u00e0s 17h (sess\u00e3o com libras) e 20h (sess\u00e3o com bate-papo); dia 10 (domingo) \u00e0s 19h (com bate papo) Ingressos: R$30 (inteira) R$15 (meia) Classifica\u00e7\u00e3o indicativa:\u00a0Livre para todos os p\u00fablicos Acesso a pessoas com defici\u00eancia\u202f\u00a0 Informa\u00e7\u00f5es:\u00a0(61) 3206-9448 https:\/\/www.caixacultural.gov.br Fotos: Divulga\u00e7\u00e3o ;;","og_url":"https:\/\/lackman.com.br\/index.php\/2023\/12\/07\/silvero-pereira-so-faco-arte-se-tiver-algo-pra-falar\/","og_site_name":"LACKMAN &amp; CO.","article_author":"https:\/\/www.facebook.com\/fernandolackman","article_published_time":"2023-12-07T20:46:25+00:00","article_modified_time":"2024-08-11T16:07:45+00:00","og_image":[{"width":452,"height":678,"url":"https:\/\/lackman.com.br\/wp-content\/uploads\/2023\/12\/IMG_3037.jpeg","type":"image\/jpeg"}],"author":"Fernando Lackman","twitter_card":"summary_large_image","twitter_creator":"@fernandolackman","twitter_misc":{"Escrito por":"Fernando Lackman","Est. tempo de leitura":"5 minutos"},"schema":{"@context":"https:\/\/schema.org","@graph":[{"@type":"Article","@id":"https:\/\/lackman.com.br\/index.php\/2023\/12\/07\/silvero-pereira-so-faco-arte-se-tiver-algo-pra-falar\/#article","isPartOf":{"@id":"https:\/\/lackman.com.br\/index.php\/2023\/12\/07\/silvero-pereira-so-faco-arte-se-tiver-algo-pra-falar\/"},"author":{"name":"Fernando Lackman","@id":"https:\/\/lackman.com.br\/#\/schema\/person\/dbfb3fbfc55f2b0bd4f9039696e70858"},"headline":"Silvero Pereira: \u201cS\u00f3 fa\u00e7o arte se tiver algo pra falar\u201d","datePublished":"2023-12-07T20:46:25+00:00","dateModified":"2024-08-11T16:07:45+00:00","mainEntityOfPage":{"@id":"https:\/\/lackman.com.br\/index.php\/2023\/12\/07\/silvero-pereira-so-faco-arte-se-tiver-algo-pra-falar\/"},"wordCount":773,"publisher":{"@id":"https:\/\/lackman.com.br\/#organization"},"image":{"@id":"https:\/\/lackman.com.br\/index.php\/2023\/12\/07\/silvero-pereira-so-faco-arte-se-tiver-algo-pra-falar\/#primaryimage"},"thumbnailUrl":"https:\/\/lackman.com.br\/wp-content\/uploads\/2023\/12\/IMG_3037.jpeg","articleSection":["Cultura","Entrevistas"],"inLanguage":"pt-BR"},{"@type":"WebPage","@id":"https:\/\/lackman.com.br\/index.php\/2023\/12\/07\/silvero-pereira-so-faco-arte-se-tiver-algo-pra-falar\/","url":"https:\/\/lackman.com.br\/index.php\/2023\/12\/07\/silvero-pereira-so-faco-arte-se-tiver-algo-pra-falar\/","name":"Silvero Pereira: \u201cS\u00f3 fa\u00e7o arte se tiver algo pra falar\u201d - LACKMAN &amp; CO.","isPartOf":{"@id":"https:\/\/lackman.com.br\/#website"},"primaryImageOfPage":{"@id":"https:\/\/lackman.com.br\/index.php\/2023\/12\/07\/silvero-pereira-so-faco-arte-se-tiver-algo-pra-falar\/#primaryimage"},"image":{"@id":"https:\/\/lackman.com.br\/index.php\/2023\/12\/07\/silvero-pereira-so-faco-arte-se-tiver-algo-pra-falar\/#primaryimage"},"thumbnailUrl":"https:\/\/lackman.com.br\/wp-content\/uploads\/2023\/12\/IMG_3037.jpeg","datePublished":"2023-12-07T20:46:25+00:00","dateModified":"2024-08-11T16:07:45+00:00","breadcrumb":{"@id":"https:\/\/lackman.com.br\/index.php\/2023\/12\/07\/silvero-pereira-so-faco-arte-se-tiver-algo-pra-falar\/#breadcrumb"},"inLanguage":"pt-BR","potentialAction":[{"@type":"ReadAction","target":["https:\/\/lackman.com.br\/index.php\/2023\/12\/07\/silvero-pereira-so-faco-arte-se-tiver-algo-pra-falar\/"]}]},{"@type":"ImageObject","inLanguage":"pt-BR","@id":"https:\/\/lackman.com.br\/index.php\/2023\/12\/07\/silvero-pereira-so-faco-arte-se-tiver-algo-pra-falar\/#primaryimage","url":"https:\/\/lackman.com.br\/wp-content\/uploads\/2023\/12\/IMG_3037.jpeg","contentUrl":"https:\/\/lackman.com.br\/wp-content\/uploads\/2023\/12\/IMG_3037.jpeg","width":452,"height":678},{"@type":"BreadcrumbList","@id":"https:\/\/lackman.com.br\/index.php\/2023\/12\/07\/silvero-pereira-so-faco-arte-se-tiver-algo-pra-falar\/#breadcrumb","itemListElement":[{"@type":"ListItem","position":1,"name":"In\u00edcio","item":"https:\/\/lackman.com.br\/"},{"@type":"ListItem","position":2,"name":"Silvero Pereira: \u201cS\u00f3 fa\u00e7o arte se tiver algo pra falar\u201d"}]},{"@type":"WebSite","@id":"https:\/\/lackman.com.br\/#website","url":"https:\/\/lackman.com.br\/","name":"LACKMAN &amp; CO.","description":"VIDA | MODA | ARTE","publisher":{"@id":"https:\/\/lackman.com.br\/#organization"},"potentialAction":[{"@type":"SearchAction","target":{"@type":"EntryPoint","urlTemplate":"https:\/\/lackman.com.br\/?s={search_term_string}"},"query-input":{"@type":"PropertyValueSpecification","valueRequired":true,"valueName":"search_term_string"}}],"inLanguage":"pt-BR"},{"@type":"Organization","@id":"https:\/\/lackman.com.br\/#organization","name":"LACKMAN &amp; CO.","url":"https:\/\/lackman.com.br\/","logo":{"@type":"ImageObject","inLanguage":"pt-BR","@id":"https:\/\/lackman.com.br\/#\/schema\/logo\/image\/","url":"https:\/\/lackman.com.br\/wp-content\/uploads\/2023\/06\/Logotipo_preto-1.png","contentUrl":"https:\/\/lackman.com.br\/wp-content\/uploads\/2023\/06\/Logotipo_preto-1.png","width":739,"height":393,"caption":"LACKMAN &amp; CO."},"image":{"@id":"https:\/\/lackman.com.br\/#\/schema\/logo\/image\/"}},{"@type":"Person","@id":"https:\/\/lackman.com.br\/#\/schema\/person\/dbfb3fbfc55f2b0bd4f9039696e70858","name":"Fernando Lackman","image":{"@type":"ImageObject","inLanguage":"pt-BR","@id":"https:\/\/lackman.com.br\/#\/schema\/person\/image\/","url":"https:\/\/secure.gravatar.com\/avatar\/ae7993150af197e66480c8a769891833dd2b8d809f0d9ff3f25af796cf378ce8?s=96&d=mm&r=g","contentUrl":"https:\/\/secure.gravatar.com\/avatar\/ae7993150af197e66480c8a769891833dd2b8d809f0d9ff3f25af796cf378ce8?s=96&d=mm&r=g","caption":"Fernando Lackman"},"description":"Fernando Lackman \u00e9 jornalista especializado em Moda e Cultura, editor do site LACKMAN.com.br. \u00c9 autor do livro Bras\u00edlia Capital dos Criadores, que conta a hist\u00f3ria da moda no Distrito Federal. Tem em seu curr\u00edculo assinatura de dire\u00e7\u00e3o criativa e de desfiles em eventos como Estilo DF Plaza, Summer Collections, JK Street Fashion, Desfile Beleza Negra (DBN), PicniK Fashion Show, Vogue Fashion\u2019s Night Out Bras\u00edlia, entre outros. Foi diretor criativo do extinto Capital Fashion Week. Atualmente trabalha na dire\u00e7\u00e3o criativa de eventos como Top CUFA, BSB Fashion Street, Bras\u00edlia Fashion House, Ateli\u00ea Bras\u00edlia e Goi\u00e1s Fashion Week.","sameAs":["https:\/\/lackman.com.br\/","https:\/\/www.facebook.com\/fernandolackman","https:\/\/www.instagram.com\/fernandolackman\/","https:\/\/www.linkedin.com\/in\/fernando-lackman\/","https:\/\/br.pinterest.com\/fernandolackman\/","https:\/\/x.com\/fernandolackman"],"url":"https:\/\/lackman.com.br\/index.php\/author\/fernando-lackman\/"}]}},"rttpg_featured_image_url":{"full":["https:\/\/lackman.com.br\/wp-content\/uploads\/2023\/12\/IMG_3037.jpeg",452,678,false],"landscape":["https:\/\/lackman.com.br\/wp-content\/uploads\/2023\/12\/IMG_3037.jpeg",452,678,false],"portraits":["https:\/\/lackman.com.br\/wp-content\/uploads\/2023\/12\/IMG_3037.jpeg",452,678,false],"thumbnail":["https:\/\/lackman.com.br\/wp-content\/uploads\/2023\/12\/IMG_3037-150x150.jpeg",150,150,true],"medium":["https:\/\/lackman.com.br\/wp-content\/uploads\/2023\/12\/IMG_3037-200x300.jpeg",200,300,true],"large":["https:\/\/lackman.com.br\/wp-content\/uploads\/2023\/12\/IMG_3037.jpeg",452,678,false],"RoboGalleryMansoryImagesCenter":["https:\/\/lackman.com.br\/wp-content\/uploads\/2023\/12\/IMG_3037.jpeg",452,678,false],"RoboGalleryPreload":["https:\/\/lackman.com.br\/wp-content\/uploads\/2023\/12\/IMG_3037.jpeg",100,150,false],"1536x1536":["https:\/\/lackman.com.br\/wp-content\/uploads\/2023\/12\/IMG_3037.jpeg",452,678,false],"2048x2048":["https:\/\/lackman.com.br\/wp-content\/uploads\/2023\/12\/IMG_3037.jpeg",452,678,false]},"rttpg_author":{"display_name":"Fernando Lackman","author_link":"https:\/\/lackman.com.br\/index.php\/author\/fernando-lackman\/"},"rttpg_comment":0,"rttpg_category":"<a href=\"https:\/\/lackman.com.br\/index.php\/category\/arte\/cultura-arte\/\" rel=\"category tag\">Cultura<\/a> <a href=\"https:\/\/lackman.com.br\/index.php\/category\/vida\/entrevistas\/\" rel=\"category tag\">Entrevistas<\/a>","rttpg_excerpt":"Silvero Pereira bateu um papo com o Lackman e contou sobre sua vida, carreira, moda e homenagem ao mestre Belchior, que chega a Bras\u00edlia com tr\u00eas apresenta\u00e7\u00f5es na Caixa Cultural De 8 a 10 de dezembro, a Caixa Cultural Bras\u00edlia apresenta o show \u201cSilvero Interpreta Belchior\u201d. O multiartista canta as composi\u00e7\u00f5es de Belchior, homenageando um&hellip;","_links":{"self":[{"href":"https:\/\/lackman.com.br\/index.php\/wp-json\/wp\/v2\/posts\/6109","targetHints":{"allow":["GET"]}}],"collection":[{"href":"https:\/\/lackman.com.br\/index.php\/wp-json\/wp\/v2\/posts"}],"about":[{"href":"https:\/\/lackman.com.br\/index.php\/wp-json\/wp\/v2\/types\/post"}],"author":[{"embeddable":true,"href":"https:\/\/lackman.com.br\/index.php\/wp-json\/wp\/v2\/users\/2"}],"replies":[{"embeddable":true,"href":"https:\/\/lackman.com.br\/index.php\/wp-json\/wp\/v2\/comments?post=6109"}],"version-history":[{"count":7,"href":"https:\/\/lackman.com.br\/index.php\/wp-json\/wp\/v2\/posts\/6109\/revisions"}],"predecessor-version":[{"id":7439,"href":"https:\/\/lackman.com.br\/index.php\/wp-json\/wp\/v2\/posts\/6109\/revisions\/7439"}],"wp:featuredmedia":[{"embeddable":true,"href":"https:\/\/lackman.com.br\/index.php\/wp-json\/wp\/v2\/media\/6111"}],"wp:attachment":[{"href":"https:\/\/lackman.com.br\/index.php\/wp-json\/wp\/v2\/media?parent=6109"}],"wp:term":[{"taxonomy":"category","embeddable":true,"href":"https:\/\/lackman.com.br\/index.php\/wp-json\/wp\/v2\/categories?post=6109"},{"taxonomy":"post_tag","embeddable":true,"href":"https:\/\/lackman.com.br\/index.php\/wp-json\/wp\/v2\/tags?post=6109"}],"curies":[{"name":"wp","href":"https:\/\/api.w.org\/{rel}","templated":true}]}}