{"id":6086,"date":"2023-11-28T11:04:31","date_gmt":"2023-11-28T14:04:31","guid":{"rendered":"https:\/\/lackman.com.br\/?p=6086"},"modified":"2023-11-28T11:31:01","modified_gmt":"2023-11-28T14:31:01","slug":"sesi-lab-festeja-um-ano-com-tom-ze-e-ellen-oleria","status":"publish","type":"post","link":"https:\/\/lackman.com.br\/index.php\/2023\/11\/28\/sesi-lab-festeja-um-ano-com-tom-ze-e-ellen-oleria\/","title":{"rendered":"SESI Lab festeja um ano com Tom Z\u00e9 e Ellen Ol\u00e9ria"},"content":{"rendered":"<h5 style=\"text-align: justify\"><em>Viva! Centro cultural mais novo da cidade tem programa\u00e7\u00e3o de anivers\u00e1rio intensa distribu\u00edda entre os pr\u00f3ximos dias do feriado e do fim de semana<\/em><\/h5>\n<p>&nbsp;<\/p>\n<p style=\"text-align: justify\">Bras\u00edlia, esse grande mosaico das artes a c\u00e9u aberto com obras de grandes artistas espalhadas por toda parte tamb\u00e9m conta com <strong>espa\u00e7os <em>indoor<\/em> fant\u00e1sticos<\/strong> repletos de cultural, como \u00e9 o caso do <strong>SESI Lab<\/strong>, o mais jovem entre os museus da cidade que oferecem lazer para a popula\u00e7\u00e3o do Distrito Federal de forma democr\u00e1tica e, muitas das vezes, 100% gratuita ou a pre\u00e7os populares.<\/p>\n<p style=\"text-align: justify\"><img fetchpriority=\"high\" decoding=\"async\" class=\"aligncenter wp-image-6088 size-full\" src=\"http:\/\/lackman.com.br\/wp-content\/uploads\/2023\/11\/Copia-de-Sem-nome-9.jpg\" alt=\"\" width=\"1080\" height=\"566\" srcset=\"https:\/\/lackman.com.br\/wp-content\/uploads\/2023\/11\/Copia-de-Sem-nome-9.jpg 1080w, https:\/\/lackman.com.br\/wp-content\/uploads\/2023\/11\/Copia-de-Sem-nome-9-300x157.jpg 300w, https:\/\/lackman.com.br\/wp-content\/uploads\/2023\/11\/Copia-de-Sem-nome-9-1024x537.jpg 1024w, https:\/\/lackman.com.br\/wp-content\/uploads\/2023\/11\/Copia-de-Sem-nome-9-768x402.jpg 768w\" sizes=\"(max-width: 1080px) 100vw, 1080px\" \/>E para festejar seu primeiro ano de vida, o local que j\u00e1 caiu no gosto do brasiliense traz uma s\u00e9rie de atividades como a apresenta\u00e7\u00e3o de <strong>Ellen Ol\u00e9ria e Tom Z\u00e9<\/strong> em pleno feriado na quinta-feira (30) em mais uma edi\u00e7\u00e3o do memor\u00e1vel <strong>Night Lab<\/strong> que, nesta data, ter\u00e1 suas portas abertas das 19h \u00e0 meia noite, quando acontecem os shows musicais. Vale destacar que os ingressos, geralmente dispon\u00edveis \u00a0<strong><a href=\"https:\/\/site.bileto.sympla.com.br\/sesilab\/\">no site do SESI Lab<\/a><\/strong>, j\u00e1 se esgotaram. Por\u00e9m, neste dia, a bilheteria f\u00edsica no local ir\u00e1 abrir um \u00faltimo lote para venda presencial por R$ 40 (inteira) e R$ 20 (meia). Lembrem-se que a classifica\u00e7\u00e3o indicadativa \u00e9 para maiores de 18 anos. A pol\u00edtica de gratuidade do museu \u00e9 mantida. Tomara que voc\u00eas consigam garantir, pois a procura est\u00e1 grande.<\/p>\n<p style=\"text-align: justify\">Mas n\u00e3o precisa ficar triste se n\u00e3o conseguir, pois no <strong>s\u00e1bado e domingo, dias 2 e 3\/12<\/strong>, tem mais e a entrada para esses dias ser\u00e1 gratuita (mediante a retirada de ingressos l\u00e1 no site), com <strong>atividades das 10h \u00e0s 19h<\/strong>, com \u00faltima entrada \u00e0s 18h. No menu tem, por exemplo, o espet\u00e1culo teatral <em>Benedito, Aben\u00e7oado e Bendizido<\/em>, com Mamulengo Fuzu\u00ea, o <em>Jogo da Mem\u00f3ria Sensorial<\/em> e a <em>Oficina de Rob\u00f3tica<\/em>, com Br.ino. Para saber os hor\u00e1rios certinhos, outras op\u00e7\u00f5es que v\u00e3o estar rolando e mais detalhes, basta <a href=\"https:\/\/noticias.portaldaindustria.com.br\/noticias\/sesi-lab\/tom-ze-e-ellen-oleria-no-1o-ano-do-sesi-lab-programacao-de-aniversario-vai-ate-domingo-3\/?edit_off\"><strong>clicar neste link<\/strong><\/a> e ler uma mat\u00e9ria complet\u00edssima ou acessar (e seguir, claro) o perfil do <a href=\"https:\/\/www.instagram.com\/sesi.lab\/\"><strong>SESI Lab no Instagram<\/strong><\/a>.<\/p>\n<p><img decoding=\"async\" class=\"aligncenter wp-image-6089 size-full\" src=\"http:\/\/lackman.com.br\/wp-content\/uploads\/2023\/11\/brincasesilabbrunaaraujo_BSqvLCt.jpg\" alt=\"\" width=\"1292\" height=\"861\" srcset=\"https:\/\/lackman.com.br\/wp-content\/uploads\/2023\/11\/brincasesilabbrunaaraujo_BSqvLCt.jpg 1292w, https:\/\/lackman.com.br\/wp-content\/uploads\/2023\/11\/brincasesilabbrunaaraujo_BSqvLCt-300x200.jpg 300w, https:\/\/lackman.com.br\/wp-content\/uploads\/2023\/11\/brincasesilabbrunaaraujo_BSqvLCt-1024x682.jpg 1024w, https:\/\/lackman.com.br\/wp-content\/uploads\/2023\/11\/brincasesilabbrunaaraujo_BSqvLCt-768x512.jpg 768w\" sizes=\"(max-width: 1292px) 100vw, 1292px\" \/><\/p>\n<p style=\"text-align: justify\">E sabe o que \u00e9 mais legal disso tudo? Todas as atra\u00e7\u00f5es entre apresenta\u00e7\u00f5es musicais, teatrais, oficinas interativas e educativas foram escolhidas por <strong>vota\u00e7\u00e3o do p\u00fablico<\/strong> j\u00e1 cativo daquele centro cultural. \u201c<em>O nosso p\u00fablico \u00e9 muito participativo e engajado, isso desde a inaugura\u00e7\u00e3o do museu. Devemos a ele o sucesso que \u00e9 o SESI Lab mesmo em t\u00e3o pouco tempo de vida. N\u00e3o poderia ser diferente justamente na comemora\u00e7\u00e3o de anivers\u00e1rio. Eles pediram e a gente atendeu com todo carinho<\/em>\u201d, explica <strong>Agnes Mileris<\/strong>, gerente de Programa\u00e7\u00e3o Cultural do SESI.<\/p>\n<p style=\"text-align: justify\">E a\u00ed, vai ficar de fora ou se sair <strong>PERAMBULANDO e curtindo<\/strong> nessa grande festa?<\/p>\n<p>&nbsp;<\/p>\n<pre style=\"text-align: justify\">Fotos: Divulga\u00e7\u00e3o<\/pre>\n","protected":false},"excerpt":{"rendered":"<p>Viva! Centro cultural mais novo da cidade tem programa\u00e7\u00e3o de anivers\u00e1rio intensa distribu\u00edda entre os pr\u00f3ximos dias do feriado e do fim de semana &nbsp; Bras\u00edlia, esse grande mosaico das artes a c\u00e9u aberto com obras de grandes artistas espalhadas por toda parte tamb\u00e9m conta com espa\u00e7os indoor fant\u00e1sticos repletos de cultural, como \u00e9 o caso do SESI Lab, o mais jovem entre os museus da cidade que oferecem lazer para a popula\u00e7\u00e3o do Distrito Federal de forma democr\u00e1tica e, muitas das vezes, 100% gratuita ou a pre\u00e7os populares. E para festejar seu primeiro ano de vida, o local que j\u00e1 caiu no gosto do brasiliense traz uma s\u00e9rie de atividades como a apresenta\u00e7\u00e3o de Ellen Ol\u00e9ria e Tom Z\u00e9 em pleno feriado na quinta-feira (30) em mais uma edi\u00e7\u00e3o do memor\u00e1vel Night Lab que, nesta data, ter\u00e1 suas portas abertas das 19h \u00e0 meia noite, quando acontecem os shows musicais. Vale destacar que os ingressos, geralmente dispon\u00edveis \u00a0no site do SESI Lab, j\u00e1 se esgotaram. Por\u00e9m, neste dia, a bilheteria f\u00edsica no local ir\u00e1 abrir um \u00faltimo lote para venda presencial por R$ 40 (inteira) e R$ 20 (meia). Lembrem-se que a classifica\u00e7\u00e3o indicadativa \u00e9 para maiores de 18 anos. A pol\u00edtica de gratuidade do museu \u00e9 mantida. Tomara que voc\u00eas consigam garantir, pois a procura est\u00e1 grande. Mas n\u00e3o precisa ficar triste se n\u00e3o conseguir, pois no s\u00e1bado e domingo, dias 2 e 3\/12, tem mais e a entrada para esses dias ser\u00e1 gratuita (mediante a retirada de ingressos l\u00e1 no site), com atividades das 10h \u00e0s 19h, com \u00faltima entrada \u00e0s 18h. No menu tem, por exemplo, o espet\u00e1culo teatral Benedito, Aben\u00e7oado e Bendizido, com Mamulengo Fuzu\u00ea, o Jogo da Mem\u00f3ria Sensorial e a Oficina de Rob\u00f3tica, com Br.ino. Para saber os hor\u00e1rios certinhos, outras op\u00e7\u00f5es que v\u00e3o estar rolando e mais detalhes, basta clicar neste link e ler uma mat\u00e9ria complet\u00edssima ou acessar (e seguir, claro) o perfil do SESI Lab no Instagram. E sabe o que \u00e9 mais legal disso tudo? Todas as atra\u00e7\u00f5es entre apresenta\u00e7\u00f5es musicais, teatrais, oficinas interativas e educativas foram escolhidas por vota\u00e7\u00e3o do p\u00fablico j\u00e1 cativo daquele centro cultural. \u201cO nosso p\u00fablico \u00e9 muito participativo e engajado, isso desde a inaugura\u00e7\u00e3o do museu. Devemos a ele o sucesso que \u00e9 o SESI Lab mesmo em t\u00e3o pouco tempo de vida. N\u00e3o poderia ser diferente justamente na comemora\u00e7\u00e3o de anivers\u00e1rio. Eles pediram e a gente atendeu com todo carinho\u201d, explica Agnes Mileris, gerente de Programa\u00e7\u00e3o Cultural do SESI. E a\u00ed, vai ficar de fora ou se sair PERAMBULANDO e curtindo nessa grande festa? &nbsp; Fotos: Divulga\u00e7\u00e3o<\/p>\n","protected":false},"author":6,"featured_media":6087,"comment_status":"closed","ping_status":"open","sticky":false,"template":"","format":"standard","meta":{"site-sidebar-layout":"default","site-content-layout":"","ast-site-content-layout":"default","site-content-style":"default","site-sidebar-style":"default","ast-global-header-display":"","ast-banner-title-visibility":"","ast-main-header-display":"","ast-hfb-above-header-display":"","ast-hfb-below-header-display":"","ast-hfb-mobile-header-display":"","site-post-title":"","ast-breadcrumbs-content":"","ast-featured-img":"","footer-sml-layout":"","ast-disable-related-posts":"","theme-transparent-header-meta":"default","adv-header-id-meta":"","stick-header-meta":"","header-above-stick-meta":"","header-main-stick-meta":"","header-below-stick-meta":"","astra-migrate-meta-layouts":"set","ast-page-background-enabled":"default","ast-page-background-meta":{"desktop":{"background-color":"","background-image":"","background-repeat":"repeat","background-position":"center center","background-size":"auto","background-attachment":"scroll","background-type":"","background-media":"","overlay-type":"","overlay-color":"","overlay-opacity":"","overlay-gradient":""},"tablet":{"background-color":"","background-image":"","background-repeat":"repeat","background-position":"center center","background-size":"auto","background-attachment":"scroll","background-type":"","background-media":"","overlay-type":"","overlay-color":"","overlay-opacity":"","overlay-gradient":""},"mobile":{"background-color":"","background-image":"","background-repeat":"repeat","background-position":"center center","background-size":"auto","background-attachment":"scroll","background-type":"","background-media":"","overlay-type":"","overlay-color":"","overlay-opacity":"","overlay-gradient":""}},"ast-content-background-meta":{"desktop":{"background-color":"var(--ast-global-color-5)","background-image":"","background-repeat":"repeat","background-position":"center center","background-size":"auto","background-attachment":"scroll","background-type":"","background-media":"","overlay-type":"","overlay-color":"","overlay-opacity":"","overlay-gradient":""},"tablet":{"background-color":"var(--ast-global-color-5)","background-image":"","background-repeat":"repeat","background-position":"center center","background-size":"auto","background-attachment":"scroll","background-type":"","background-media":"","overlay-type":"","overlay-color":"","overlay-opacity":"","overlay-gradient":""},"mobile":{"background-color":"var(--ast-global-color-5)","background-image":"","background-repeat":"repeat","background-position":"center center","background-size":"auto","background-attachment":"scroll","background-type":"","background-media":"","overlay-type":"","overlay-color":"","overlay-opacity":"","overlay-gradient":""}},"footnotes":""},"categories":[46,48],"tags":[538,54,858,178,89,527,539,859,857,124,860],"class_list":["post-6086","post","type-post","status-publish","format-standard","has-post-thumbnail","hentry","category-arte","category-entretenimento","tag-aniversario","tag-brasilia","tag-centro-cultural","tag-cultura","tag-df","tag-ellen-oleria","tag-museu","tag-night-lab","tag-sesi-lab","tag-show","tag-tom-ze"],"yoast_head":"<!-- This site is optimized with the Yoast SEO plugin v27.0 - https:\/\/yoast.com\/product\/yoast-seo-wordpress\/ -->\n<title>SESI Lab festeja um ano com Tom Z\u00e9 e Ellen Ol\u00e9ria - LACKMAN &amp; CO.<\/title>\n<meta name=\"robots\" content=\"index, follow, max-snippet:-1, max-image-preview:large, max-video-preview:-1\" \/>\n<link rel=\"canonical\" href=\"https:\/\/lackman.com.br\/index.php\/2023\/11\/28\/sesi-lab-festeja-um-ano-com-tom-ze-e-ellen-oleria\/\" \/>\n<meta property=\"og:locale\" content=\"pt_BR\" \/>\n<meta property=\"og:type\" content=\"article\" \/>\n<meta property=\"og:title\" content=\"SESI Lab festeja um ano com Tom Z\u00e9 e Ellen Ol\u00e9ria - LACKMAN &amp; CO.\" \/>\n<meta property=\"og:description\" content=\"Viva! Centro cultural mais novo da cidade tem programa\u00e7\u00e3o de anivers\u00e1rio intensa distribu\u00edda entre os pr\u00f3ximos dias do feriado e do fim de semana &nbsp; Bras\u00edlia, esse grande mosaico das artes a c\u00e9u aberto com obras de grandes artistas espalhadas por toda parte tamb\u00e9m conta com espa\u00e7os indoor fant\u00e1sticos repletos de cultural, como \u00e9 o caso do SESI Lab, o mais jovem entre os museus da cidade que oferecem lazer para a popula\u00e7\u00e3o do Distrito Federal de forma democr\u00e1tica e, muitas das vezes, 100% gratuita ou a pre\u00e7os populares. E para festejar seu primeiro ano de vida, o local que j\u00e1 caiu no gosto do brasiliense traz uma s\u00e9rie de atividades como a apresenta\u00e7\u00e3o de Ellen Ol\u00e9ria e Tom Z\u00e9 em pleno feriado na quinta-feira (30) em mais uma edi\u00e7\u00e3o do memor\u00e1vel Night Lab que, nesta data, ter\u00e1 suas portas abertas das 19h \u00e0 meia noite, quando acontecem os shows musicais. Vale destacar que os ingressos, geralmente dispon\u00edveis \u00a0no site do SESI Lab, j\u00e1 se esgotaram. Por\u00e9m, neste dia, a bilheteria f\u00edsica no local ir\u00e1 abrir um \u00faltimo lote para venda presencial por R$ 40 (inteira) e R$ 20 (meia). Lembrem-se que a classifica\u00e7\u00e3o indicadativa \u00e9 para maiores de 18 anos. A pol\u00edtica de gratuidade do museu \u00e9 mantida. Tomara que voc\u00eas consigam garantir, pois a procura est\u00e1 grande. Mas n\u00e3o precisa ficar triste se n\u00e3o conseguir, pois no s\u00e1bado e domingo, dias 2 e 3\/12, tem mais e a entrada para esses dias ser\u00e1 gratuita (mediante a retirada de ingressos l\u00e1 no site), com atividades das 10h \u00e0s 19h, com \u00faltima entrada \u00e0s 18h. No menu tem, por exemplo, o espet\u00e1culo teatral Benedito, Aben\u00e7oado e Bendizido, com Mamulengo Fuzu\u00ea, o Jogo da Mem\u00f3ria Sensorial e a Oficina de Rob\u00f3tica, com Br.ino. Para saber os hor\u00e1rios certinhos, outras op\u00e7\u00f5es que v\u00e3o estar rolando e mais detalhes, basta clicar neste link e ler uma mat\u00e9ria complet\u00edssima ou acessar (e seguir, claro) o perfil do SESI Lab no Instagram. E sabe o que \u00e9 mais legal disso tudo? Todas as atra\u00e7\u00f5es entre apresenta\u00e7\u00f5es musicais, teatrais, oficinas interativas e educativas foram escolhidas por vota\u00e7\u00e3o do p\u00fablico j\u00e1 cativo daquele centro cultural. \u201cO nosso p\u00fablico \u00e9 muito participativo e engajado, isso desde a inaugura\u00e7\u00e3o do museu. Devemos a ele o sucesso que \u00e9 o SESI Lab mesmo em t\u00e3o pouco tempo de vida. N\u00e3o poderia ser diferente justamente na comemora\u00e7\u00e3o de anivers\u00e1rio. Eles pediram e a gente atendeu com todo carinho\u201d, explica Agnes Mileris, gerente de Programa\u00e7\u00e3o Cultural do SESI. E a\u00ed, vai ficar de fora ou se sair PERAMBULANDO e curtindo nessa grande festa? &nbsp; Fotos: Divulga\u00e7\u00e3o\" \/>\n<meta property=\"og:url\" content=\"https:\/\/lackman.com.br\/index.php\/2023\/11\/28\/sesi-lab-festeja-um-ano-com-tom-ze-e-ellen-oleria\/\" \/>\n<meta property=\"og:site_name\" content=\"LACKMAN &amp; CO.\" \/>\n<meta property=\"article:published_time\" content=\"2023-11-28T14:04:31+00:00\" \/>\n<meta property=\"article:modified_time\" content=\"2023-11-28T14:31:01+00:00\" \/>\n<meta property=\"og:image\" content=\"http:\/\/lackman.com.br\/wp-content\/uploads\/2023\/11\/dsc_JTTZ5Gx.jpg\" \/>\n\t<meta property=\"og:image:width\" content=\"1292\" \/>\n\t<meta property=\"og:image:height\" content=\"959\" \/>\n\t<meta property=\"og:image:type\" content=\"image\/jpeg\" \/>\n<meta name=\"author\" content=\"Gilberto Evangelista - Colunista\" \/>\n<meta name=\"twitter:card\" content=\"summary_large_image\" \/>\n<meta name=\"twitter:label1\" content=\"Escrito por\" \/>\n\t<meta name=\"twitter:data1\" content=\"Gilberto Evangelista - Colunista\" \/>\n\t<meta name=\"twitter:label2\" content=\"Est. tempo de leitura\" \/>\n\t<meta name=\"twitter:data2\" content=\"3 minutos\" \/>\n<script type=\"application\/ld+json\" class=\"yoast-schema-graph\">{\"@context\":\"https:\/\/schema.org\",\"@graph\":[{\"@type\":\"Article\",\"@id\":\"https:\/\/lackman.com.br\/index.php\/2023\/11\/28\/sesi-lab-festeja-um-ano-com-tom-ze-e-ellen-oleria\/#article\",\"isPartOf\":{\"@id\":\"https:\/\/lackman.com.br\/index.php\/2023\/11\/28\/sesi-lab-festeja-um-ano-com-tom-ze-e-ellen-oleria\/\"},\"author\":{\"name\":\"Gilberto Evangelista - Colunista\",\"@id\":\"https:\/\/lackman.com.br\/#\/schema\/person\/8a2355f699593d21d4f0d25b69db5747\"},\"headline\":\"SESI Lab festeja um ano com Tom Z\u00e9 e Ellen Ol\u00e9ria\",\"datePublished\":\"2023-11-28T14:04:31+00:00\",\"dateModified\":\"2023-11-28T14:31:01+00:00\",\"mainEntityOfPage\":{\"@id\":\"https:\/\/lackman.com.br\/index.php\/2023\/11\/28\/sesi-lab-festeja-um-ano-com-tom-ze-e-ellen-oleria\/\"},\"wordCount\":477,\"publisher\":{\"@id\":\"https:\/\/lackman.com.br\/#organization\"},\"image\":{\"@id\":\"https:\/\/lackman.com.br\/index.php\/2023\/11\/28\/sesi-lab-festeja-um-ano-com-tom-ze-e-ellen-oleria\/#primaryimage\"},\"thumbnailUrl\":\"https:\/\/lackman.com.br\/wp-content\/uploads\/2023\/11\/dsc_JTTZ5Gx.jpg\",\"keywords\":[\"anivers\u00e1rio\",\"brasilia\",\"centro cultural\",\"cultura\",\"df\",\"Ellen Ol\u00e9ria\",\"museu\",\"Night Lab\",\"SESI Lab\",\"show\",\"Tom Z\u00e9\"],\"articleSection\":[\"Arte\",\"Entretenimento\"],\"inLanguage\":\"pt-BR\"},{\"@type\":\"WebPage\",\"@id\":\"https:\/\/lackman.com.br\/index.php\/2023\/11\/28\/sesi-lab-festeja-um-ano-com-tom-ze-e-ellen-oleria\/\",\"url\":\"https:\/\/lackman.com.br\/index.php\/2023\/11\/28\/sesi-lab-festeja-um-ano-com-tom-ze-e-ellen-oleria\/\",\"name\":\"SESI Lab festeja um ano com Tom Z\u00e9 e Ellen Ol\u00e9ria - LACKMAN &amp; CO.\",\"isPartOf\":{\"@id\":\"https:\/\/lackman.com.br\/#website\"},\"primaryImageOfPage\":{\"@id\":\"https:\/\/lackman.com.br\/index.php\/2023\/11\/28\/sesi-lab-festeja-um-ano-com-tom-ze-e-ellen-oleria\/#primaryimage\"},\"image\":{\"@id\":\"https:\/\/lackman.com.br\/index.php\/2023\/11\/28\/sesi-lab-festeja-um-ano-com-tom-ze-e-ellen-oleria\/#primaryimage\"},\"thumbnailUrl\":\"https:\/\/lackman.com.br\/wp-content\/uploads\/2023\/11\/dsc_JTTZ5Gx.jpg\",\"datePublished\":\"2023-11-28T14:04:31+00:00\",\"dateModified\":\"2023-11-28T14:31:01+00:00\",\"breadcrumb\":{\"@id\":\"https:\/\/lackman.com.br\/index.php\/2023\/11\/28\/sesi-lab-festeja-um-ano-com-tom-ze-e-ellen-oleria\/#breadcrumb\"},\"inLanguage\":\"pt-BR\",\"potentialAction\":[{\"@type\":\"ReadAction\",\"target\":[\"https:\/\/lackman.com.br\/index.php\/2023\/11\/28\/sesi-lab-festeja-um-ano-com-tom-ze-e-ellen-oleria\/\"]}]},{\"@type\":\"ImageObject\",\"inLanguage\":\"pt-BR\",\"@id\":\"https:\/\/lackman.com.br\/index.php\/2023\/11\/28\/sesi-lab-festeja-um-ano-com-tom-ze-e-ellen-oleria\/#primaryimage\",\"url\":\"https:\/\/lackman.com.br\/wp-content\/uploads\/2023\/11\/dsc_JTTZ5Gx.jpg\",\"contentUrl\":\"https:\/\/lackman.com.br\/wp-content\/uploads\/2023\/11\/dsc_JTTZ5Gx.jpg\",\"width\":1292,\"height\":959},{\"@type\":\"BreadcrumbList\",\"@id\":\"https:\/\/lackman.com.br\/index.php\/2023\/11\/28\/sesi-lab-festeja-um-ano-com-tom-ze-e-ellen-oleria\/#breadcrumb\",\"itemListElement\":[{\"@type\":\"ListItem\",\"position\":1,\"name\":\"In\u00edcio\",\"item\":\"https:\/\/lackman.com.br\/\"},{\"@type\":\"ListItem\",\"position\":2,\"name\":\"SESI Lab festeja um ano com Tom Z\u00e9 e Ellen Ol\u00e9ria\"}]},{\"@type\":\"WebSite\",\"@id\":\"https:\/\/lackman.com.br\/#website\",\"url\":\"https:\/\/lackman.com.br\/\",\"name\":\"LACKMAN &amp; CO.\",\"description\":\"VIDA | MODA | ARTE\",\"publisher\":{\"@id\":\"https:\/\/lackman.com.br\/#organization\"},\"potentialAction\":[{\"@type\":\"SearchAction\",\"target\":{\"@type\":\"EntryPoint\",\"urlTemplate\":\"https:\/\/lackman.com.br\/?s={search_term_string}\"},\"query-input\":{\"@type\":\"PropertyValueSpecification\",\"valueRequired\":true,\"valueName\":\"search_term_string\"}}],\"inLanguage\":\"pt-BR\"},{\"@type\":\"Organization\",\"@id\":\"https:\/\/lackman.com.br\/#organization\",\"name\":\"LACKMAN &amp; CO.\",\"url\":\"https:\/\/lackman.com.br\/\",\"logo\":{\"@type\":\"ImageObject\",\"inLanguage\":\"pt-BR\",\"@id\":\"https:\/\/lackman.com.br\/#\/schema\/logo\/image\/\",\"url\":\"https:\/\/lackman.com.br\/wp-content\/uploads\/2023\/06\/Logotipo_preto-1.png\",\"contentUrl\":\"https:\/\/lackman.com.br\/wp-content\/uploads\/2023\/06\/Logotipo_preto-1.png\",\"width\":739,\"height\":393,\"caption\":\"LACKMAN &amp; CO.\"},\"image\":{\"@id\":\"https:\/\/lackman.com.br\/#\/schema\/logo\/image\/\"}},{\"@type\":\"Person\",\"@id\":\"https:\/\/lackman.com.br\/#\/schema\/person\/8a2355f699593d21d4f0d25b69db5747\",\"name\":\"Gilberto Evangelista - Colunista\",\"image\":{\"@type\":\"ImageObject\",\"inLanguage\":\"pt-BR\",\"@id\":\"https:\/\/lackman.com.br\/#\/schema\/person\/image\/\",\"url\":\"https:\/\/secure.gravatar.com\/avatar\/cea9badf02f8a90f7a745f2cbea45fda61f65711ec015e2faf3809cca6337c28?s=96&d=mm&r=g\",\"contentUrl\":\"https:\/\/secure.gravatar.com\/avatar\/cea9badf02f8a90f7a745f2cbea45fda61f65711ec015e2faf3809cca6337c28?s=96&d=mm&r=g\",\"caption\":\"Gilberto Evangelista - Colunista\"},\"description\":\"Jornalista e globetrotter.\",\"url\":\"https:\/\/lackman.com.br\/index.php\/author\/gilberto-brito\/\"}]}<\/script>\n<!-- \/ Yoast SEO plugin. -->","yoast_head_json":{"title":"SESI Lab festeja um ano com Tom Z\u00e9 e Ellen Ol\u00e9ria - LACKMAN &amp; CO.","robots":{"index":"index","follow":"follow","max-snippet":"max-snippet:-1","max-image-preview":"max-image-preview:large","max-video-preview":"max-video-preview:-1"},"canonical":"https:\/\/lackman.com.br\/index.php\/2023\/11\/28\/sesi-lab-festeja-um-ano-com-tom-ze-e-ellen-oleria\/","og_locale":"pt_BR","og_type":"article","og_title":"SESI Lab festeja um ano com Tom Z\u00e9 e Ellen Ol\u00e9ria - LACKMAN &amp; CO.","og_description":"Viva! Centro cultural mais novo da cidade tem programa\u00e7\u00e3o de anivers\u00e1rio intensa distribu\u00edda entre os pr\u00f3ximos dias do feriado e do fim de semana &nbsp; Bras\u00edlia, esse grande mosaico das artes a c\u00e9u aberto com obras de grandes artistas espalhadas por toda parte tamb\u00e9m conta com espa\u00e7os indoor fant\u00e1sticos repletos de cultural, como \u00e9 o caso do SESI Lab, o mais jovem entre os museus da cidade que oferecem lazer para a popula\u00e7\u00e3o do Distrito Federal de forma democr\u00e1tica e, muitas das vezes, 100% gratuita ou a pre\u00e7os populares. E para festejar seu primeiro ano de vida, o local que j\u00e1 caiu no gosto do brasiliense traz uma s\u00e9rie de atividades como a apresenta\u00e7\u00e3o de Ellen Ol\u00e9ria e Tom Z\u00e9 em pleno feriado na quinta-feira (30) em mais uma edi\u00e7\u00e3o do memor\u00e1vel Night Lab que, nesta data, ter\u00e1 suas portas abertas das 19h \u00e0 meia noite, quando acontecem os shows musicais. Vale destacar que os ingressos, geralmente dispon\u00edveis \u00a0no site do SESI Lab, j\u00e1 se esgotaram. Por\u00e9m, neste dia, a bilheteria f\u00edsica no local ir\u00e1 abrir um \u00faltimo lote para venda presencial por R$ 40 (inteira) e R$ 20 (meia). Lembrem-se que a classifica\u00e7\u00e3o indicadativa \u00e9 para maiores de 18 anos. A pol\u00edtica de gratuidade do museu \u00e9 mantida. Tomara que voc\u00eas consigam garantir, pois a procura est\u00e1 grande. Mas n\u00e3o precisa ficar triste se n\u00e3o conseguir, pois no s\u00e1bado e domingo, dias 2 e 3\/12, tem mais e a entrada para esses dias ser\u00e1 gratuita (mediante a retirada de ingressos l\u00e1 no site), com atividades das 10h \u00e0s 19h, com \u00faltima entrada \u00e0s 18h. No menu tem, por exemplo, o espet\u00e1culo teatral Benedito, Aben\u00e7oado e Bendizido, com Mamulengo Fuzu\u00ea, o Jogo da Mem\u00f3ria Sensorial e a Oficina de Rob\u00f3tica, com Br.ino. Para saber os hor\u00e1rios certinhos, outras op\u00e7\u00f5es que v\u00e3o estar rolando e mais detalhes, basta clicar neste link e ler uma mat\u00e9ria complet\u00edssima ou acessar (e seguir, claro) o perfil do SESI Lab no Instagram. E sabe o que \u00e9 mais legal disso tudo? Todas as atra\u00e7\u00f5es entre apresenta\u00e7\u00f5es musicais, teatrais, oficinas interativas e educativas foram escolhidas por vota\u00e7\u00e3o do p\u00fablico j\u00e1 cativo daquele centro cultural. \u201cO nosso p\u00fablico \u00e9 muito participativo e engajado, isso desde a inaugura\u00e7\u00e3o do museu. Devemos a ele o sucesso que \u00e9 o SESI Lab mesmo em t\u00e3o pouco tempo de vida. N\u00e3o poderia ser diferente justamente na comemora\u00e7\u00e3o de anivers\u00e1rio. Eles pediram e a gente atendeu com todo carinho\u201d, explica Agnes Mileris, gerente de Programa\u00e7\u00e3o Cultural do SESI. E a\u00ed, vai ficar de fora ou se sair PERAMBULANDO e curtindo nessa grande festa? &nbsp; Fotos: Divulga\u00e7\u00e3o","og_url":"https:\/\/lackman.com.br\/index.php\/2023\/11\/28\/sesi-lab-festeja-um-ano-com-tom-ze-e-ellen-oleria\/","og_site_name":"LACKMAN &amp; CO.","article_published_time":"2023-11-28T14:04:31+00:00","article_modified_time":"2023-11-28T14:31:01+00:00","og_image":[{"width":1292,"height":959,"url":"http:\/\/lackman.com.br\/wp-content\/uploads\/2023\/11\/dsc_JTTZ5Gx.jpg","type":"image\/jpeg"}],"author":"Gilberto Evangelista - Colunista","twitter_card":"summary_large_image","twitter_misc":{"Escrito por":"Gilberto Evangelista - Colunista","Est. tempo de leitura":"3 minutos"},"schema":{"@context":"https:\/\/schema.org","@graph":[{"@type":"Article","@id":"https:\/\/lackman.com.br\/index.php\/2023\/11\/28\/sesi-lab-festeja-um-ano-com-tom-ze-e-ellen-oleria\/#article","isPartOf":{"@id":"https:\/\/lackman.com.br\/index.php\/2023\/11\/28\/sesi-lab-festeja-um-ano-com-tom-ze-e-ellen-oleria\/"},"author":{"name":"Gilberto Evangelista - Colunista","@id":"https:\/\/lackman.com.br\/#\/schema\/person\/8a2355f699593d21d4f0d25b69db5747"},"headline":"SESI Lab festeja um ano com Tom Z\u00e9 e Ellen Ol\u00e9ria","datePublished":"2023-11-28T14:04:31+00:00","dateModified":"2023-11-28T14:31:01+00:00","mainEntityOfPage":{"@id":"https:\/\/lackman.com.br\/index.php\/2023\/11\/28\/sesi-lab-festeja-um-ano-com-tom-ze-e-ellen-oleria\/"},"wordCount":477,"publisher":{"@id":"https:\/\/lackman.com.br\/#organization"},"image":{"@id":"https:\/\/lackman.com.br\/index.php\/2023\/11\/28\/sesi-lab-festeja-um-ano-com-tom-ze-e-ellen-oleria\/#primaryimage"},"thumbnailUrl":"https:\/\/lackman.com.br\/wp-content\/uploads\/2023\/11\/dsc_JTTZ5Gx.jpg","keywords":["anivers\u00e1rio","brasilia","centro cultural","cultura","df","Ellen Ol\u00e9ria","museu","Night Lab","SESI Lab","show","Tom Z\u00e9"],"articleSection":["Arte","Entretenimento"],"inLanguage":"pt-BR"},{"@type":"WebPage","@id":"https:\/\/lackman.com.br\/index.php\/2023\/11\/28\/sesi-lab-festeja-um-ano-com-tom-ze-e-ellen-oleria\/","url":"https:\/\/lackman.com.br\/index.php\/2023\/11\/28\/sesi-lab-festeja-um-ano-com-tom-ze-e-ellen-oleria\/","name":"SESI Lab festeja um ano com Tom Z\u00e9 e Ellen Ol\u00e9ria - LACKMAN &amp; CO.","isPartOf":{"@id":"https:\/\/lackman.com.br\/#website"},"primaryImageOfPage":{"@id":"https:\/\/lackman.com.br\/index.php\/2023\/11\/28\/sesi-lab-festeja-um-ano-com-tom-ze-e-ellen-oleria\/#primaryimage"},"image":{"@id":"https:\/\/lackman.com.br\/index.php\/2023\/11\/28\/sesi-lab-festeja-um-ano-com-tom-ze-e-ellen-oleria\/#primaryimage"},"thumbnailUrl":"https:\/\/lackman.com.br\/wp-content\/uploads\/2023\/11\/dsc_JTTZ5Gx.jpg","datePublished":"2023-11-28T14:04:31+00:00","dateModified":"2023-11-28T14:31:01+00:00","breadcrumb":{"@id":"https:\/\/lackman.com.br\/index.php\/2023\/11\/28\/sesi-lab-festeja-um-ano-com-tom-ze-e-ellen-oleria\/#breadcrumb"},"inLanguage":"pt-BR","potentialAction":[{"@type":"ReadAction","target":["https:\/\/lackman.com.br\/index.php\/2023\/11\/28\/sesi-lab-festeja-um-ano-com-tom-ze-e-ellen-oleria\/"]}]},{"@type":"ImageObject","inLanguage":"pt-BR","@id":"https:\/\/lackman.com.br\/index.php\/2023\/11\/28\/sesi-lab-festeja-um-ano-com-tom-ze-e-ellen-oleria\/#primaryimage","url":"https:\/\/lackman.com.br\/wp-content\/uploads\/2023\/11\/dsc_JTTZ5Gx.jpg","contentUrl":"https:\/\/lackman.com.br\/wp-content\/uploads\/2023\/11\/dsc_JTTZ5Gx.jpg","width":1292,"height":959},{"@type":"BreadcrumbList","@id":"https:\/\/lackman.com.br\/index.php\/2023\/11\/28\/sesi-lab-festeja-um-ano-com-tom-ze-e-ellen-oleria\/#breadcrumb","itemListElement":[{"@type":"ListItem","position":1,"name":"In\u00edcio","item":"https:\/\/lackman.com.br\/"},{"@type":"ListItem","position":2,"name":"SESI Lab festeja um ano com Tom Z\u00e9 e Ellen Ol\u00e9ria"}]},{"@type":"WebSite","@id":"https:\/\/lackman.com.br\/#website","url":"https:\/\/lackman.com.br\/","name":"LACKMAN &amp; CO.","description":"VIDA | MODA | ARTE","publisher":{"@id":"https:\/\/lackman.com.br\/#organization"},"potentialAction":[{"@type":"SearchAction","target":{"@type":"EntryPoint","urlTemplate":"https:\/\/lackman.com.br\/?s={search_term_string}"},"query-input":{"@type":"PropertyValueSpecification","valueRequired":true,"valueName":"search_term_string"}}],"inLanguage":"pt-BR"},{"@type":"Organization","@id":"https:\/\/lackman.com.br\/#organization","name":"LACKMAN &amp; CO.","url":"https:\/\/lackman.com.br\/","logo":{"@type":"ImageObject","inLanguage":"pt-BR","@id":"https:\/\/lackman.com.br\/#\/schema\/logo\/image\/","url":"https:\/\/lackman.com.br\/wp-content\/uploads\/2023\/06\/Logotipo_preto-1.png","contentUrl":"https:\/\/lackman.com.br\/wp-content\/uploads\/2023\/06\/Logotipo_preto-1.png","width":739,"height":393,"caption":"LACKMAN &amp; CO."},"image":{"@id":"https:\/\/lackman.com.br\/#\/schema\/logo\/image\/"}},{"@type":"Person","@id":"https:\/\/lackman.com.br\/#\/schema\/person\/8a2355f699593d21d4f0d25b69db5747","name":"Gilberto Evangelista - Colunista","image":{"@type":"ImageObject","inLanguage":"pt-BR","@id":"https:\/\/lackman.com.br\/#\/schema\/person\/image\/","url":"https:\/\/secure.gravatar.com\/avatar\/cea9badf02f8a90f7a745f2cbea45fda61f65711ec015e2faf3809cca6337c28?s=96&d=mm&r=g","contentUrl":"https:\/\/secure.gravatar.com\/avatar\/cea9badf02f8a90f7a745f2cbea45fda61f65711ec015e2faf3809cca6337c28?s=96&d=mm&r=g","caption":"Gilberto Evangelista - Colunista"},"description":"Jornalista e globetrotter.","url":"https:\/\/lackman.com.br\/index.php\/author\/gilberto-brito\/"}]}},"rttpg_featured_image_url":{"full":["https:\/\/lackman.com.br\/wp-content\/uploads\/2023\/11\/dsc_JTTZ5Gx.jpg",1292,959,false],"landscape":["https:\/\/lackman.com.br\/wp-content\/uploads\/2023\/11\/dsc_JTTZ5Gx.jpg",1292,959,false],"portraits":["https:\/\/lackman.com.br\/wp-content\/uploads\/2023\/11\/dsc_JTTZ5Gx.jpg",1292,959,false],"thumbnail":["https:\/\/lackman.com.br\/wp-content\/uploads\/2023\/11\/dsc_JTTZ5Gx-150x150.jpg",150,150,true],"medium":["https:\/\/lackman.com.br\/wp-content\/uploads\/2023\/11\/dsc_JTTZ5Gx-300x223.jpg",300,223,true],"large":["https:\/\/lackman.com.br\/wp-content\/uploads\/2023\/11\/dsc_JTTZ5Gx-1024x760.jpg",1024,760,true],"RoboGalleryMansoryImagesCenter":["https:\/\/lackman.com.br\/wp-content\/uploads\/2023\/11\/dsc_JTTZ5Gx-600x959.jpg",600,959,true],"RoboGalleryPreload":["https:\/\/lackman.com.br\/wp-content\/uploads\/2023\/11\/dsc_JTTZ5Gx.jpg",100,74,false],"1536x1536":["https:\/\/lackman.com.br\/wp-content\/uploads\/2023\/11\/dsc_JTTZ5Gx.jpg",1292,959,false],"2048x2048":["https:\/\/lackman.com.br\/wp-content\/uploads\/2023\/11\/dsc_JTTZ5Gx.jpg",1292,959,false]},"rttpg_author":{"display_name":"Gilberto Evangelista - Colunista","author_link":"https:\/\/lackman.com.br\/index.php\/author\/gilberto-brito\/"},"rttpg_comment":0,"rttpg_category":"<a href=\"https:\/\/lackman.com.br\/index.php\/category\/arte\/\" rel=\"category tag\">Arte<\/a> <a href=\"https:\/\/lackman.com.br\/index.php\/category\/arte\/entretenimento\/\" rel=\"category tag\">Entretenimento<\/a>","rttpg_excerpt":"Viva! Centro cultural mais novo da cidade tem programa\u00e7\u00e3o de anivers\u00e1rio intensa distribu\u00edda entre os pr\u00f3ximos dias do feriado e do fim de semana &nbsp; Bras\u00edlia, esse grande mosaico das artes a c\u00e9u aberto com obras de grandes artistas espalhadas por toda parte tamb\u00e9m conta com espa\u00e7os indoor fant\u00e1sticos repletos de cultural, como \u00e9 o&hellip;","_links":{"self":[{"href":"https:\/\/lackman.com.br\/index.php\/wp-json\/wp\/v2\/posts\/6086","targetHints":{"allow":["GET"]}}],"collection":[{"href":"https:\/\/lackman.com.br\/index.php\/wp-json\/wp\/v2\/posts"}],"about":[{"href":"https:\/\/lackman.com.br\/index.php\/wp-json\/wp\/v2\/types\/post"}],"author":[{"embeddable":true,"href":"https:\/\/lackman.com.br\/index.php\/wp-json\/wp\/v2\/users\/6"}],"replies":[{"embeddable":true,"href":"https:\/\/lackman.com.br\/index.php\/wp-json\/wp\/v2\/comments?post=6086"}],"version-history":[{"count":6,"href":"https:\/\/lackman.com.br\/index.php\/wp-json\/wp\/v2\/posts\/6086\/revisions"}],"predecessor-version":[{"id":6095,"href":"https:\/\/lackman.com.br\/index.php\/wp-json\/wp\/v2\/posts\/6086\/revisions\/6095"}],"wp:featuredmedia":[{"embeddable":true,"href":"https:\/\/lackman.com.br\/index.php\/wp-json\/wp\/v2\/media\/6087"}],"wp:attachment":[{"href":"https:\/\/lackman.com.br\/index.php\/wp-json\/wp\/v2\/media?parent=6086"}],"wp:term":[{"taxonomy":"category","embeddable":true,"href":"https:\/\/lackman.com.br\/index.php\/wp-json\/wp\/v2\/categories?post=6086"},{"taxonomy":"post_tag","embeddable":true,"href":"https:\/\/lackman.com.br\/index.php\/wp-json\/wp\/v2\/tags?post=6086"}],"curies":[{"name":"wp","href":"https:\/\/api.w.org\/{rel}","templated":true}]}}