{"id":5864,"date":"2023-11-07T06:10:13","date_gmt":"2023-11-07T09:10:13","guid":{"rendered":"https:\/\/lackman.com.br\/?p=5864"},"modified":"2023-11-07T06:11:47","modified_gmt":"2023-11-07T09:11:47","slug":"renata-jambeiro-canta-clara-nunes-e-uma-conexao-com-minha-ancestralidade","status":"publish","type":"post","link":"https:\/\/lackman.com.br\/index.php\/2023\/11\/07\/renata-jambeiro-canta-clara-nunes-e-uma-conexao-com-minha-ancestralidade\/","title":{"rendered":"Renata Jambeiro canta Clara Nunes:\u00a0\u201c\u00c9 uma conex\u00e3o com a minha ancestralidade\u201d"},"content":{"rendered":"<h5 style=\"text-align: justify;\"><em><strong>Em entrevista exclusiva para o Lackman &amp; CO., c<\/strong><\/em><em><strong>antora que teve sua vida atravessada pelo sucesso de Clara Nunes, presta homenagem, e conta um pouco sobre como \u00e9 sua vida na m\u00fasica\u00a0<\/strong><\/em><\/h5>\n<p style=\"text-align: justify;\">O cen\u00e1rio musical\u00a0 brasiliense tem suas fases bem definidas e, para al\u00e9m do rock, a capital tem talentos que fazem da m\u00fasica um de seus bens mais preciosos. <strong>Renata Jambeiro<\/strong>, que percorre os melhores palcos e \u00e9, sem d\u00favidas, uma das melhores joias que temos no nosso lineup de representantes musicais estrear\u00e1 o show <strong>&#8220;Mesti\u00e7a &#8211; Celebrando Clara Nunes&#8221;<\/strong> revisitando a discografia da mineira que marcou a M\u00fasica Popular Brasileira nas d\u00e9cadas de 1970 e 1980.<\/p>\n<p style=\"text-align: justify;\">A apresenta\u00e7\u00e3o ser\u00e1 no dia <strong>9 de novembro<\/strong> (quinta-feira), <strong>\u00e0s 20h<\/strong>, no <strong>Teatro SESC Garagem<\/strong> (913 Sul). O espet\u00e1culo costura m\u00fasicas, performances e textos e contar\u00e1 com a participa\u00e7\u00e3o especial de artistas que tamb\u00e9m tiveram suas hist\u00f3rias entrela\u00e7adas com a obra de Clara Nunes como <strong>C\u00e1ssia Portugal <\/strong>\u00a0e <strong>Marcelo Caf\u00e9<\/strong>.<\/p>\n<p><img fetchpriority=\"high\" decoding=\"async\" class=\"wp-image-5876 alignright\" src=\"http:\/\/lackman.com.br\/wp-content\/uploads\/2023\/11\/Renata-Jambeiro-1-e1699348098202-610x1024.jpeg\" alt=\"\" width=\"505\" height=\"848\" srcset=\"https:\/\/lackman.com.br\/wp-content\/uploads\/2023\/11\/Renata-Jambeiro-1-e1699348098202-610x1024.jpeg 610w, https:\/\/lackman.com.br\/wp-content\/uploads\/2023\/11\/Renata-Jambeiro-1-e1699348098202-179x300.jpeg 179w, https:\/\/lackman.com.br\/wp-content\/uploads\/2023\/11\/Renata-Jambeiro-1-e1699348098202-768x1290.jpeg 768w, https:\/\/lackman.com.br\/wp-content\/uploads\/2023\/11\/Renata-Jambeiro-1-e1699348098202.jpeg 789w\" sizes=\"(max-width: 505px) 100vw, 505px\" \/><\/p>\n<p style=\"text-align: justify;\">A cantora, de 41 anos, iniciou na arte do <strong>canto<\/strong> ainda na adolesc\u00eancia e tem em seu curr\u00edculo, <strong>musicais<\/strong> e muitos <strong>espet\u00e1culos teatrais<\/strong>. Apesar de n\u00e3o ser musicista formada, sua forma\u00e7\u00e3o em <strong>Artes C\u00eanicas e Dan\u00e7a<\/strong> a transportou pelos meandros das artes de <strong>performance<\/strong> e a colocou no seu devido e merecido lugar, o de <strong>cantora.<\/strong><\/p>\n<p style=\"text-align: justify;\">Renata aproveitou um tempinho entre os <strong>ensaios<\/strong> e nos concedeu uma <strong>entrevista<\/strong> cheia de detalhes sobre ser artista e sua <strong>paix\u00e3o pela m\u00fasica<\/strong>. Confira:<\/p>\n<p style=\"text-align: justify;\"><strong>Quem \u00e9 a Renata Jambeiro entendida, descrita e vivenciada pela pr\u00f3pria Renata Jambeiro?<\/strong><\/p>\n<p style=\"text-align: justify;\">\u201cMel Dels\u201d, que pergunta dif\u00edcil!<\/p>\n<p style=\"text-align: justify;\">Renata \u00e9 filha de Ob\u00e1, n\u00e3o foge da luta mas leva a vida sempre olhando o copo cheio. Intensa em tudo, amiga, acolhedora, carinhosa. Mas tamb\u00e9m afrontosa (como diz a amada M\u00e3e Dora), decidida e obstinada. Caminhando e vendo quem sou a cada esquina, encruzilhada, reta e curva.<\/p>\n<p>\u00a0<strong>A Renata \u00e9 muito \u201cdiferenciada\u201d das outras Renatas do planeta. Ela \u00e9 um po\u00e7o sem fundo de talento e v\u00ea o mundo pelas lentes da arte. O que faz a Renata acordar diariamente e viver?<\/strong><\/p>\n<p style=\"text-align: justify;\">Primeiro, fico agradecida pelo carinho ao qual se refere a mim e a minha trajet\u00f3ria. O que me faz levantar e viver \u00e9 me sentir \u00fatil pro mundo e fazer as pessoas felizes. Por isso eu canto. Porque eu gosto de cantar a felicidade, a alegria. Muitas vezes as pessoas me falam que meu canto \u00e9 reza, que me ouvem quando est\u00e3o tristes e precisam ficar felizes e \u00e9 isso, isso me faz levantar e trabalhar. Inspirar meus filhos, para que vejam a m\u00e3e fazer algo que ama, poder sustent\u00e1-los com amor e alegria.<\/p>\n<p style=\"text-align: justify;\"><strong>Voc\u00ea ouve o que canta? Em que momentos a sua m\u00fasica te faz ouvinte dela?<\/strong><\/p>\n<p style=\"text-align: justify;\">Sim, me ou\u00e7o. E gosto e me emociono. N\u00e3o ou\u00e7o com tanta frequ\u00eancia, mas ou\u00e7o sim. Quando eu estou feliz ou quando preciso transmutar alguma energia que n\u00e3o est\u00e1 legal, eu recorro a mim mesma e meus pilares musicais Beth\u00e2nia, Clara e Daniela.<\/p>\n<p style=\"text-align: justify;\"><strong>A Renata de hoje \u00e9 aprimoramento ou continuidade da Renata de ontem?<\/strong><\/p>\n<p style=\"text-align: justify;\">A Renata hoje \u00e9 um ac\u00famulo de Renatas anteriores, de Renatas diversas. Algumas Renatas passaram, outras permanecem sendo eternamente lapidadas. Mas talvez, uma Renata hoje se destaque, que \u00e9 a Renata-m\u00e3e, que concentra v\u00e1rias numa s\u00f3 e que trouxe uma outra perspectiva de olhar sobre a vida, a arte e nossa miss\u00e3o nesse mundo.<\/p>\n<div class=\"ast-oembed-container \" style=\"height: 100%;\"><iframe title=\"Renata Jambeiro - &quot;Negra&quot; - DVD Afrodisia | 2019\" width=\"500\" height=\"281\" src=\"https:\/\/www.youtube.com\/embed\/CRBKnmZVUTQ?feature=oembed\" frameborder=\"0\" allow=\"accelerometer; autoplay; clipboard-write; encrypted-media; gyroscope; picture-in-picture; web-share\" referrerpolicy=\"strict-origin-when-cross-origin\" allowfullscreen><\/iframe><\/div>\n<p style=\"text-align: justify;\"><strong>Ap\u00f3s tantos anos na estrada fazendo e dando shows diferentes, o que descobriu sobre voc\u00ea?<\/strong><\/p>\n<p style=\"text-align: justify;\">Complexo responder em poucas linhas mas o que eu poderia dizer \u00e9 que eu conheci lugares (cidades, pa\u00edses) que eu n\u00e3o sabia que queria conhecer e dentro de mim, lugares que eu n\u00e3o sabia que existiam at\u00e9 a arte, a m\u00fasica e o samba me apresentarem. Eu sou um ser art\u00edstico desde que nasci. E descobri o quanto \u00e9 importante a gente ser quem a gente \u00e9, entender quando uma expectativa \u00e9 sua e quando \u00e9 dos outros e que voc\u00ea sempre pode aprender com qualquer pessoa e situa\u00e7\u00e3o, ensinar e inspirar e ser inspirado o tempo todo. \u00c9 um movimento cont\u00ednuo.<\/p>\n<p style=\"text-align: justify;\"><strong><img decoding=\"async\" class=\"wp-image-5878 alignleft\" src=\"http:\/\/lackman.com.br\/wp-content\/uploads\/2023\/11\/Renata-Jambeiro.jpg-e1699347906272-716x1024.jpeg\" alt=\"\" width=\"377\" height=\"539\" srcset=\"https:\/\/lackman.com.br\/wp-content\/uploads\/2023\/11\/Renata-Jambeiro.jpg-e1699347906272-716x1024.jpeg 716w, https:\/\/lackman.com.br\/wp-content\/uploads\/2023\/11\/Renata-Jambeiro.jpg-e1699347906272-210x300.jpeg 210w, https:\/\/lackman.com.br\/wp-content\/uploads\/2023\/11\/Renata-Jambeiro.jpg-e1699347906272-768x1098.jpeg 768w, https:\/\/lackman.com.br\/wp-content\/uploads\/2023\/11\/Renata-Jambeiro.jpg-e1699347906272.jpeg 893w\" sizes=\"(max-width: 377px) 100vw, 377px\" \/>O que pode contar sobre suas perspectivas de futuro musical?<\/strong><\/p>\n<p style=\"text-align: justify;\">Tem um futuro se tra\u00e7ando agora que \u00e9 retomar o show em celebra\u00e7\u00e3o a Clara Nunes &#8211; Mesti\u00e7a. Mas tamb\u00e9m formatando o projeto \u201cF\u00e9 Menina\u201d pra circular e ocupar espa\u00e7os com forma\u00e7\u00e3o de mulheres (seguindo o fluxo de trabalhos femininos que sempre permearam minha trajet\u00f3ria) e grava\u00e7\u00e3o do \u00e1lbum novo, o \u201cForasteira\u201d. Tudo isso na m\u00fasica. Outros projetos igualmente intensos est\u00e3o para estrear como a \u201cRevista do Samba\u201d, agora em novembro, encabe\u00e7ada por mim e realizada pelo instituto Mumalanga, alguns trabalhos de curadoria e dire\u00e7\u00e3o art\u00edstica de festivais e grupos, e ocupa\u00e7\u00e3o 2024 com o instituto Caminhos Abertos, do qual sou presidente.<\/p>\n<p style=\"text-align: justify;\"><strong>Existe um gatilho para te fazer cantar? Te d\u00e1 vontade de cantar quando\u2026<\/strong><\/p>\n<p style=\"text-align: justify;\">At\u00e9 sorri pra essa pergunta. Agora j\u00e1 me deu vontade de cantar! Quando acordo e tem Sol, quando meus filhos brincam comigo, quando os coloco pra dormir eu sempre canto, quando estou com medo, quando estou feliz, quando estou comendo. Eu canto comendo. Juro! Quando faxino a casa, arrumo coisas \u00e9 \u00f3timo ouvir m\u00fasica e cantar alto.\u00a0 Experimenta cantar e ouvir o disco \u201cFogar\u00e9u\u201d pra vassourar a casa!<\/p>\n<div class=\"ast-oembed-container \" style=\"height: 100%;\"><iframe title=\"Renata Jambeiro - Fogar\u00e9u (Videoclipe)\" width=\"500\" height=\"281\" src=\"https:\/\/www.youtube.com\/embed\/gB9udbUVhOI?feature=oembed\" frameborder=\"0\" allow=\"accelerometer; autoplay; clipboard-write; encrypted-media; gyroscope; picture-in-picture; web-share\" referrerpolicy=\"strict-origin-when-cross-origin\" allowfullscreen><\/iframe><\/div>\n<p style=\"text-align: justify;\"><strong>Conte-nos sobre seu mais novo show \u201cMesti\u00e7a\u201d. Sabemos que voc\u00ea \u00e9 uma admiradora de Clara Nunes. Ao que se deve esse carinho pela \u201ctal mineira guerreira\u201d?<\/strong><\/p>\n<p style=\"text-align: justify;\">Clara faz parte da minha vida desde sempre. \u00c9 minha m\u00e3e cantando alto em casa em domingo de sol. \u00c9 alegria e chegan\u00e7a. \u00c9 uma conex\u00e3o com minha ancestralidade. \u00c9 minha rela\u00e7\u00e3o com a umbanda e o candombl\u00e9 desde sempre. A\u00a0 Clara fala de um Brasil profundo at\u00e9 hoje, pra minha gera\u00e7\u00e3o e sempre que sinto o chamado, volto com esse show. Assim posso continuar seu legado e seguir falando de sua contribui\u00e7\u00e3o e import\u00e2ncia para a m\u00fasica popular brasileira.<\/p>\n<p style=\"text-align: justify;\"><strong>O que o p\u00fablico ganhar\u00e1 de presente no seu show?<\/strong><\/p>\n<p style=\"text-align: justify;\">Verdade, energia, alegria! Um show de um Brasil potente, plural, magn\u00e9tico, forte e resiliente. M\u00fasicos de ponta oferecendo seus talentos, coletividade, comunh\u00e3o.<\/p>\n<h5 style=\"text-align: justify;\">Siga a Renata nas redes:<\/h5>\n<p style=\"text-align: justify;\">Instagram: <a href=\"https:\/\/www.instagram.com\/renatajambeirooficial\/\">@renatajambeirooficial<\/a><\/p>\n<p style=\"text-align: justify;\"><a href=\"https:\/\/www.facebook.com\/renatajambeiro\">Facebook\/renatajambeiro<\/a><\/p>\n<p style=\"text-align: justify;\"><a href=\"http:\/\/www.renatajambeiro.com.br\">www.renatajambeiro.com.br<\/a><\/p>\n<hr \/>\n<pre>Fotos: J\u00falio Le\u00e3o\/Divulga\u00e7\u00e3o<\/pre>\n","protected":false},"excerpt":{"rendered":"<p>Em entrevista exclusiva para o Lackman &amp; CO., cantora que teve sua vida atravessada pelo sucesso de Clara Nunes, presta homenagem, e conta um pouco sobre como \u00e9 sua vida na m\u00fasica\u00a0 O cen\u00e1rio musical\u00a0 brasiliense tem suas fases bem definidas e, para al\u00e9m do rock, a capital tem talentos que fazem da m\u00fasica um de seus bens mais preciosos. Renata Jambeiro, que percorre os melhores palcos e \u00e9, sem d\u00favidas, uma das melhores joias que temos no nosso lineup de representantes musicais estrear\u00e1 o show &#8220;Mesti\u00e7a &#8211; Celebrando Clara Nunes&#8221; revisitando a discografia da mineira que marcou a M\u00fasica Popular Brasileira nas d\u00e9cadas de 1970 e 1980. A apresenta\u00e7\u00e3o ser\u00e1 no dia 9 de novembro (quinta-feira), \u00e0s 20h, no Teatro SESC Garagem (913 Sul). O espet\u00e1culo costura m\u00fasicas, performances e textos e contar\u00e1 com a participa\u00e7\u00e3o especial de artistas que tamb\u00e9m tiveram suas hist\u00f3rias entrela\u00e7adas com a obra de Clara Nunes como C\u00e1ssia Portugal \u00a0e Marcelo Caf\u00e9. A cantora, de 41 anos, iniciou na arte do canto ainda na adolesc\u00eancia e tem em seu curr\u00edculo, musicais e muitos espet\u00e1culos teatrais. Apesar de n\u00e3o ser musicista formada, sua forma\u00e7\u00e3o em Artes C\u00eanicas e Dan\u00e7a a transportou pelos meandros das artes de performance e a colocou no seu devido e merecido lugar, o de cantora. Renata aproveitou um tempinho entre os ensaios e nos concedeu uma entrevista cheia de detalhes sobre ser artista e sua paix\u00e3o pela m\u00fasica. Confira: Quem \u00e9 a Renata Jambeiro entendida, descrita e vivenciada pela pr\u00f3pria Renata Jambeiro? \u201cMel Dels\u201d, que pergunta dif\u00edcil! Renata \u00e9 filha de Ob\u00e1, n\u00e3o foge da luta mas leva a vida sempre olhando o copo cheio. Intensa em tudo, amiga, acolhedora, carinhosa. Mas tamb\u00e9m afrontosa (como diz a amada M\u00e3e Dora), decidida e obstinada. Caminhando e vendo quem sou a cada esquina, encruzilhada, reta e curva. \u00a0A Renata \u00e9 muito \u201cdiferenciada\u201d das outras Renatas do planeta. Ela \u00e9 um po\u00e7o sem fundo de talento e v\u00ea o mundo pelas lentes da arte. O que faz a Renata acordar diariamente e viver? Primeiro, fico agradecida pelo carinho ao qual se refere a mim e a minha trajet\u00f3ria. O que me faz levantar e viver \u00e9 me sentir \u00fatil pro mundo e fazer as pessoas felizes. Por isso eu canto. Porque eu gosto de cantar a felicidade, a alegria. Muitas vezes as pessoas me falam que meu canto \u00e9 reza, que me ouvem quando est\u00e3o tristes e precisam ficar felizes e \u00e9 isso, isso me faz levantar e trabalhar. Inspirar meus filhos, para que vejam a m\u00e3e fazer algo que ama, poder sustent\u00e1-los com amor e alegria. Voc\u00ea ouve o que canta? Em que momentos a sua m\u00fasica te faz ouvinte dela? Sim, me ou\u00e7o. E gosto e me emociono. N\u00e3o ou\u00e7o com tanta frequ\u00eancia, mas ou\u00e7o sim. Quando eu estou feliz ou quando preciso transmutar alguma energia que n\u00e3o est\u00e1 legal, eu recorro a mim mesma e meus pilares musicais Beth\u00e2nia, Clara e Daniela. A Renata de hoje \u00e9 aprimoramento ou continuidade da Renata de ontem? A Renata hoje \u00e9 um ac\u00famulo de Renatas anteriores, de Renatas diversas. Algumas Renatas passaram, outras permanecem sendo eternamente lapidadas. Mas talvez, uma Renata hoje se destaque, que \u00e9 a Renata-m\u00e3e, que concentra v\u00e1rias numa s\u00f3 e que trouxe uma outra perspectiva de olhar sobre a vida, a arte e nossa miss\u00e3o nesse mundo. Ap\u00f3s tantos anos na estrada fazendo e dando shows diferentes, o que descobriu sobre voc\u00ea? Complexo responder em poucas linhas mas o que eu poderia dizer \u00e9 que eu conheci lugares (cidades, pa\u00edses) que eu n\u00e3o sabia que queria conhecer e dentro de mim, lugares que eu n\u00e3o sabia que existiam at\u00e9 a arte, a m\u00fasica e o samba me apresentarem. Eu sou um ser art\u00edstico desde que nasci. E descobri o quanto \u00e9 importante a gente ser quem a gente \u00e9, entender quando uma expectativa \u00e9 sua e quando \u00e9 dos outros e que voc\u00ea sempre pode aprender com qualquer pessoa e situa\u00e7\u00e3o, ensinar e inspirar e ser inspirado o tempo todo. \u00c9 um movimento cont\u00ednuo. O que pode contar sobre suas perspectivas de futuro musical? Tem um futuro se tra\u00e7ando agora que \u00e9 retomar o show em celebra\u00e7\u00e3o a Clara Nunes &#8211; Mesti\u00e7a. Mas tamb\u00e9m formatando o projeto \u201cF\u00e9 Menina\u201d pra circular e ocupar espa\u00e7os com forma\u00e7\u00e3o de mulheres (seguindo o fluxo de trabalhos femininos que sempre permearam minha trajet\u00f3ria) e grava\u00e7\u00e3o do \u00e1lbum novo, o \u201cForasteira\u201d. Tudo isso na m\u00fasica. Outros projetos igualmente intensos est\u00e3o para estrear como a \u201cRevista do Samba\u201d, agora em novembro, encabe\u00e7ada por mim e realizada pelo instituto Mumalanga, alguns trabalhos de curadoria e dire\u00e7\u00e3o art\u00edstica de festivais e grupos, e ocupa\u00e7\u00e3o 2024 com o instituto Caminhos Abertos, do qual sou presidente. Existe um gatilho para te fazer cantar? Te d\u00e1 vontade de cantar quando\u2026 At\u00e9 sorri pra essa pergunta. Agora j\u00e1 me deu vontade de cantar! Quando acordo e tem Sol, quando meus filhos brincam comigo, quando os coloco pra dormir eu sempre canto, quando estou com medo, quando estou feliz, quando estou comendo. Eu canto comendo. Juro! Quando faxino a casa, arrumo coisas \u00e9 \u00f3timo ouvir m\u00fasica e cantar alto.\u00a0 Experimenta cantar e ouvir o disco \u201cFogar\u00e9u\u201d pra vassourar a casa! Conte-nos sobre seu mais novo show \u201cMesti\u00e7a\u201d. Sabemos que voc\u00ea \u00e9 uma admiradora de Clara Nunes. Ao que se deve esse carinho pela \u201ctal mineira guerreira\u201d? Clara faz parte da minha vida desde sempre. \u00c9 minha m\u00e3e cantando alto em casa em domingo de sol. \u00c9 alegria e chegan\u00e7a. \u00c9 uma conex\u00e3o com minha ancestralidade. \u00c9 minha rela\u00e7\u00e3o com a umbanda e o candombl\u00e9 desde sempre. A\u00a0 Clara fala de um Brasil profundo at\u00e9 hoje, pra minha gera\u00e7\u00e3o e sempre que sinto o chamado, volto com esse show. Assim posso continuar seu legado e seguir falando de sua contribui\u00e7\u00e3o e import\u00e2ncia para a m\u00fasica popular brasileira. O que o p\u00fablico ganhar\u00e1 de presente no seu show? Verdade, energia, alegria! Um show de um Brasil potente, plural, magn\u00e9tico, forte e resiliente. M\u00fasicos de<\/p>\n","protected":false},"author":2,"featured_media":5868,"comment_status":"closed","ping_status":"open","sticky":false,"template":"","format":"standard","meta":{"site-sidebar-layout":"default","site-content-layout":"","ast-site-content-layout":"default","site-content-style":"default","site-sidebar-style":"default","ast-global-header-display":"","ast-banner-title-visibility":"","ast-main-header-display":"","ast-hfb-above-header-display":"","ast-hfb-below-header-display":"","ast-hfb-mobile-header-display":"","site-post-title":"","ast-breadcrumbs-content":"","ast-featured-img":"","footer-sml-layout":"","ast-disable-related-posts":"","theme-transparent-header-meta":"default","adv-header-id-meta":"","stick-header-meta":"","header-above-stick-meta":"","header-main-stick-meta":"","header-below-stick-meta":"","astra-migrate-meta-layouts":"set","ast-page-background-enabled":"default","ast-page-background-meta":{"desktop":{"background-color":"","background-image":"","background-repeat":"repeat","background-position":"center center","background-size":"auto","background-attachment":"scroll","background-type":"","background-media":"","overlay-type":"","overlay-color":"","overlay-opacity":"","overlay-gradient":""},"tablet":{"background-color":"","background-image":"","background-repeat":"repeat","background-position":"center center","background-size":"auto","background-attachment":"scroll","background-type":"","background-media":"","overlay-type":"","overlay-color":"","overlay-opacity":"","overlay-gradient":""},"mobile":{"background-color":"","background-image":"","background-repeat":"repeat","background-position":"center center","background-size":"auto","background-attachment":"scroll","background-type":"","background-media":"","overlay-type":"","overlay-color":"","overlay-opacity":"","overlay-gradient":""}},"ast-content-background-meta":{"desktop":{"background-color":"var(--ast-global-color-5)","background-image":"","background-repeat":"repeat","background-position":"center center","background-size":"auto","background-attachment":"scroll","background-type":"","background-media":"","overlay-type":"","overlay-color":"","overlay-opacity":"","overlay-gradient":""},"tablet":{"background-color":"var(--ast-global-color-5)","background-image":"","background-repeat":"repeat","background-position":"center center","background-size":"auto","background-attachment":"scroll","background-type":"","background-media":"","overlay-type":"","overlay-color":"","overlay-opacity":"","overlay-gradient":""},"mobile":{"background-color":"var(--ast-global-color-5)","background-image":"","background-repeat":"repeat","background-position":"center center","background-size":"auto","background-attachment":"scroll","background-type":"","background-media":"","overlay-type":"","overlay-color":"","overlay-opacity":"","overlay-gradient":""}},"footnotes":""},"categories":[46,45],"tags":[54,785,90,788,52,789,110,786,787,124],"class_list":["post-5864","post","type-post","status-publish","format-standard","has-post-thumbnail","hentry","category-arte","category-entrevistas","tag-brasilia","tag-clara-nunes","tag-entrevista","tag-exclusiva","tag-homenagem","tag-morena-de-angola","tag-musica","tag-renata-jambeiro","tag-sesc-garagem","tag-show"],"yoast_head":"<!-- This site is optimized with the Yoast SEO plugin v27.0 - https:\/\/yoast.com\/product\/yoast-seo-wordpress\/ -->\n<title>Renata Jambeiro canta Clara Nunes:\u00a0\u201c\u00c9 uma conex\u00e3o com a minha ancestralidade\u201d - LACKMAN &amp; CO.<\/title>\n<meta name=\"robots\" content=\"index, follow, max-snippet:-1, max-image-preview:large, max-video-preview:-1\" \/>\n<link rel=\"canonical\" href=\"https:\/\/lackman.com.br\/index.php\/2023\/11\/07\/renata-jambeiro-canta-clara-nunes-e-uma-conexao-com-minha-ancestralidade\/\" \/>\n<meta property=\"og:locale\" content=\"pt_BR\" \/>\n<meta property=\"og:type\" content=\"article\" \/>\n<meta property=\"og:title\" content=\"Renata Jambeiro canta Clara Nunes:\u00a0\u201c\u00c9 uma conex\u00e3o com a minha ancestralidade\u201d - LACKMAN &amp; CO.\" \/>\n<meta property=\"og:description\" content=\"Em entrevista exclusiva para o Lackman &amp; CO., cantora que teve sua vida atravessada pelo sucesso de Clara Nunes, presta homenagem, e conta um pouco sobre como \u00e9 sua vida na m\u00fasica\u00a0 O cen\u00e1rio musical\u00a0 brasiliense tem suas fases bem definidas e, para al\u00e9m do rock, a capital tem talentos que fazem da m\u00fasica um de seus bens mais preciosos. Renata Jambeiro, que percorre os melhores palcos e \u00e9, sem d\u00favidas, uma das melhores joias que temos no nosso lineup de representantes musicais estrear\u00e1 o show &#8220;Mesti\u00e7a &#8211; Celebrando Clara Nunes&#8221; revisitando a discografia da mineira que marcou a M\u00fasica Popular Brasileira nas d\u00e9cadas de 1970 e 1980. A apresenta\u00e7\u00e3o ser\u00e1 no dia 9 de novembro (quinta-feira), \u00e0s 20h, no Teatro SESC Garagem (913 Sul). O espet\u00e1culo costura m\u00fasicas, performances e textos e contar\u00e1 com a participa\u00e7\u00e3o especial de artistas que tamb\u00e9m tiveram suas hist\u00f3rias entrela\u00e7adas com a obra de Clara Nunes como C\u00e1ssia Portugal \u00a0e Marcelo Caf\u00e9. A cantora, de 41 anos, iniciou na arte do canto ainda na adolesc\u00eancia e tem em seu curr\u00edculo, musicais e muitos espet\u00e1culos teatrais. Apesar de n\u00e3o ser musicista formada, sua forma\u00e7\u00e3o em Artes C\u00eanicas e Dan\u00e7a a transportou pelos meandros das artes de performance e a colocou no seu devido e merecido lugar, o de cantora. Renata aproveitou um tempinho entre os ensaios e nos concedeu uma entrevista cheia de detalhes sobre ser artista e sua paix\u00e3o pela m\u00fasica. Confira: Quem \u00e9 a Renata Jambeiro entendida, descrita e vivenciada pela pr\u00f3pria Renata Jambeiro? \u201cMel Dels\u201d, que pergunta dif\u00edcil! Renata \u00e9 filha de Ob\u00e1, n\u00e3o foge da luta mas leva a vida sempre olhando o copo cheio. Intensa em tudo, amiga, acolhedora, carinhosa. Mas tamb\u00e9m afrontosa (como diz a amada M\u00e3e Dora), decidida e obstinada. Caminhando e vendo quem sou a cada esquina, encruzilhada, reta e curva. \u00a0A Renata \u00e9 muito \u201cdiferenciada\u201d das outras Renatas do planeta. Ela \u00e9 um po\u00e7o sem fundo de talento e v\u00ea o mundo pelas lentes da arte. O que faz a Renata acordar diariamente e viver? Primeiro, fico agradecida pelo carinho ao qual se refere a mim e a minha trajet\u00f3ria. O que me faz levantar e viver \u00e9 me sentir \u00fatil pro mundo e fazer as pessoas felizes. Por isso eu canto. Porque eu gosto de cantar a felicidade, a alegria. Muitas vezes as pessoas me falam que meu canto \u00e9 reza, que me ouvem quando est\u00e3o tristes e precisam ficar felizes e \u00e9 isso, isso me faz levantar e trabalhar. Inspirar meus filhos, para que vejam a m\u00e3e fazer algo que ama, poder sustent\u00e1-los com amor e alegria. Voc\u00ea ouve o que canta? Em que momentos a sua m\u00fasica te faz ouvinte dela? Sim, me ou\u00e7o. E gosto e me emociono. N\u00e3o ou\u00e7o com tanta frequ\u00eancia, mas ou\u00e7o sim. Quando eu estou feliz ou quando preciso transmutar alguma energia que n\u00e3o est\u00e1 legal, eu recorro a mim mesma e meus pilares musicais Beth\u00e2nia, Clara e Daniela. A Renata de hoje \u00e9 aprimoramento ou continuidade da Renata de ontem? A Renata hoje \u00e9 um ac\u00famulo de Renatas anteriores, de Renatas diversas. Algumas Renatas passaram, outras permanecem sendo eternamente lapidadas. Mas talvez, uma Renata hoje se destaque, que \u00e9 a Renata-m\u00e3e, que concentra v\u00e1rias numa s\u00f3 e que trouxe uma outra perspectiva de olhar sobre a vida, a arte e nossa miss\u00e3o nesse mundo. Ap\u00f3s tantos anos na estrada fazendo e dando shows diferentes, o que descobriu sobre voc\u00ea? Complexo responder em poucas linhas mas o que eu poderia dizer \u00e9 que eu conheci lugares (cidades, pa\u00edses) que eu n\u00e3o sabia que queria conhecer e dentro de mim, lugares que eu n\u00e3o sabia que existiam at\u00e9 a arte, a m\u00fasica e o samba me apresentarem. Eu sou um ser art\u00edstico desde que nasci. E descobri o quanto \u00e9 importante a gente ser quem a gente \u00e9, entender quando uma expectativa \u00e9 sua e quando \u00e9 dos outros e que voc\u00ea sempre pode aprender com qualquer pessoa e situa\u00e7\u00e3o, ensinar e inspirar e ser inspirado o tempo todo. \u00c9 um movimento cont\u00ednuo. O que pode contar sobre suas perspectivas de futuro musical? Tem um futuro se tra\u00e7ando agora que \u00e9 retomar o show em celebra\u00e7\u00e3o a Clara Nunes &#8211; Mesti\u00e7a. Mas tamb\u00e9m formatando o projeto \u201cF\u00e9 Menina\u201d pra circular e ocupar espa\u00e7os com forma\u00e7\u00e3o de mulheres (seguindo o fluxo de trabalhos femininos que sempre permearam minha trajet\u00f3ria) e grava\u00e7\u00e3o do \u00e1lbum novo, o \u201cForasteira\u201d. Tudo isso na m\u00fasica. Outros projetos igualmente intensos est\u00e3o para estrear como a \u201cRevista do Samba\u201d, agora em novembro, encabe\u00e7ada por mim e realizada pelo instituto Mumalanga, alguns trabalhos de curadoria e dire\u00e7\u00e3o art\u00edstica de festivais e grupos, e ocupa\u00e7\u00e3o 2024 com o instituto Caminhos Abertos, do qual sou presidente. Existe um gatilho para te fazer cantar? Te d\u00e1 vontade de cantar quando\u2026 At\u00e9 sorri pra essa pergunta. Agora j\u00e1 me deu vontade de cantar! Quando acordo e tem Sol, quando meus filhos brincam comigo, quando os coloco pra dormir eu sempre canto, quando estou com medo, quando estou feliz, quando estou comendo. Eu canto comendo. Juro! Quando faxino a casa, arrumo coisas \u00e9 \u00f3timo ouvir m\u00fasica e cantar alto.\u00a0 Experimenta cantar e ouvir o disco \u201cFogar\u00e9u\u201d pra vassourar a casa! Conte-nos sobre seu mais novo show \u201cMesti\u00e7a\u201d. Sabemos que voc\u00ea \u00e9 uma admiradora de Clara Nunes. Ao que se deve esse carinho pela \u201ctal mineira guerreira\u201d? Clara faz parte da minha vida desde sempre. \u00c9 minha m\u00e3e cantando alto em casa em domingo de sol. \u00c9 alegria e chegan\u00e7a. \u00c9 uma conex\u00e3o com minha ancestralidade. \u00c9 minha rela\u00e7\u00e3o com a umbanda e o candombl\u00e9 desde sempre. A\u00a0 Clara fala de um Brasil profundo at\u00e9 hoje, pra minha gera\u00e7\u00e3o e sempre que sinto o chamado, volto com esse show. Assim posso continuar seu legado e seguir falando de sua contribui\u00e7\u00e3o e import\u00e2ncia para a m\u00fasica popular brasileira. O que o p\u00fablico ganhar\u00e1 de presente no seu show? Verdade, energia, alegria! Um show de um Brasil potente, plural, magn\u00e9tico, forte e resiliente. M\u00fasicos de\" \/>\n<meta property=\"og:url\" content=\"https:\/\/lackman.com.br\/index.php\/2023\/11\/07\/renata-jambeiro-canta-clara-nunes-e-uma-conexao-com-minha-ancestralidade\/\" \/>\n<meta property=\"og:site_name\" content=\"LACKMAN &amp; CO.\" \/>\n<meta property=\"article:author\" content=\"https:\/\/www.facebook.com\/fernandolackman\" \/>\n<meta property=\"article:published_time\" content=\"2023-11-07T09:10:13+00:00\" \/>\n<meta property=\"article:modified_time\" content=\"2023-11-07T09:11:47+00:00\" \/>\n<meta property=\"og:image\" content=\"http:\/\/lackman.com.br\/wp-content\/uploads\/2023\/11\/Renata-Jambeiro-3.jpg\" \/>\n\t<meta property=\"og:image:width\" content=\"1000\" \/>\n\t<meta property=\"og:image:height\" content=\"645\" \/>\n\t<meta property=\"og:image:type\" content=\"image\/jpeg\" \/>\n<meta name=\"author\" content=\"Fernando Lackman\" \/>\n<meta name=\"twitter:card\" content=\"summary_large_image\" \/>\n<meta name=\"twitter:creator\" content=\"@fernandolackman\" \/>\n<meta name=\"twitter:label1\" content=\"Escrito por\" \/>\n\t<meta name=\"twitter:data1\" content=\"Fernando Lackman\" \/>\n\t<meta name=\"twitter:label2\" content=\"Est. tempo de leitura\" \/>\n\t<meta name=\"twitter:data2\" content=\"7 minutos\" \/>\n<script type=\"application\/ld+json\" class=\"yoast-schema-graph\">{\"@context\":\"https:\/\/schema.org\",\"@graph\":[{\"@type\":\"Article\",\"@id\":\"https:\/\/lackman.com.br\/index.php\/2023\/11\/07\/renata-jambeiro-canta-clara-nunes-e-uma-conexao-com-minha-ancestralidade\/#article\",\"isPartOf\":{\"@id\":\"https:\/\/lackman.com.br\/index.php\/2023\/11\/07\/renata-jambeiro-canta-clara-nunes-e-uma-conexao-com-minha-ancestralidade\/\"},\"author\":{\"name\":\"Fernando Lackman\",\"@id\":\"https:\/\/lackman.com.br\/#\/schema\/person\/dbfb3fbfc55f2b0bd4f9039696e70858\"},\"headline\":\"Renata Jambeiro canta Clara Nunes:\u00a0\u201c\u00c9 uma conex\u00e3o com a minha ancestralidade\u201d\",\"datePublished\":\"2023-11-07T09:10:13+00:00\",\"dateModified\":\"2023-11-07T09:11:47+00:00\",\"mainEntityOfPage\":{\"@id\":\"https:\/\/lackman.com.br\/index.php\/2023\/11\/07\/renata-jambeiro-canta-clara-nunes-e-uma-conexao-com-minha-ancestralidade\/\"},\"wordCount\":1099,\"publisher\":{\"@id\":\"https:\/\/lackman.com.br\/#organization\"},\"image\":{\"@id\":\"https:\/\/lackman.com.br\/index.php\/2023\/11\/07\/renata-jambeiro-canta-clara-nunes-e-uma-conexao-com-minha-ancestralidade\/#primaryimage\"},\"thumbnailUrl\":\"https:\/\/lackman.com.br\/wp-content\/uploads\/2023\/11\/Renata-Jambeiro-3.jpg\",\"keywords\":[\"brasilia\",\"Clara Nunes\",\"entrevista\",\"exclusiva\",\"homenagem\",\"morena de angola\",\"m\u00fasica\",\"Renata Jambeiro\",\"Sesc Garagem\",\"show\"],\"articleSection\":[\"Arte\",\"Entrevistas\"],\"inLanguage\":\"pt-BR\"},{\"@type\":\"WebPage\",\"@id\":\"https:\/\/lackman.com.br\/index.php\/2023\/11\/07\/renata-jambeiro-canta-clara-nunes-e-uma-conexao-com-minha-ancestralidade\/\",\"url\":\"https:\/\/lackman.com.br\/index.php\/2023\/11\/07\/renata-jambeiro-canta-clara-nunes-e-uma-conexao-com-minha-ancestralidade\/\",\"name\":\"Renata Jambeiro canta Clara Nunes:\u00a0\u201c\u00c9 uma conex\u00e3o com a minha ancestralidade\u201d - LACKMAN &amp; CO.\",\"isPartOf\":{\"@id\":\"https:\/\/lackman.com.br\/#website\"},\"primaryImageOfPage\":{\"@id\":\"https:\/\/lackman.com.br\/index.php\/2023\/11\/07\/renata-jambeiro-canta-clara-nunes-e-uma-conexao-com-minha-ancestralidade\/#primaryimage\"},\"image\":{\"@id\":\"https:\/\/lackman.com.br\/index.php\/2023\/11\/07\/renata-jambeiro-canta-clara-nunes-e-uma-conexao-com-minha-ancestralidade\/#primaryimage\"},\"thumbnailUrl\":\"https:\/\/lackman.com.br\/wp-content\/uploads\/2023\/11\/Renata-Jambeiro-3.jpg\",\"datePublished\":\"2023-11-07T09:10:13+00:00\",\"dateModified\":\"2023-11-07T09:11:47+00:00\",\"breadcrumb\":{\"@id\":\"https:\/\/lackman.com.br\/index.php\/2023\/11\/07\/renata-jambeiro-canta-clara-nunes-e-uma-conexao-com-minha-ancestralidade\/#breadcrumb\"},\"inLanguage\":\"pt-BR\",\"potentialAction\":[{\"@type\":\"ReadAction\",\"target\":[\"https:\/\/lackman.com.br\/index.php\/2023\/11\/07\/renata-jambeiro-canta-clara-nunes-e-uma-conexao-com-minha-ancestralidade\/\"]}]},{\"@type\":\"ImageObject\",\"inLanguage\":\"pt-BR\",\"@id\":\"https:\/\/lackman.com.br\/index.php\/2023\/11\/07\/renata-jambeiro-canta-clara-nunes-e-uma-conexao-com-minha-ancestralidade\/#primaryimage\",\"url\":\"https:\/\/lackman.com.br\/wp-content\/uploads\/2023\/11\/Renata-Jambeiro-3.jpg\",\"contentUrl\":\"https:\/\/lackman.com.br\/wp-content\/uploads\/2023\/11\/Renata-Jambeiro-3.jpg\",\"width\":1000,\"height\":645},{\"@type\":\"BreadcrumbList\",\"@id\":\"https:\/\/lackman.com.br\/index.php\/2023\/11\/07\/renata-jambeiro-canta-clara-nunes-e-uma-conexao-com-minha-ancestralidade\/#breadcrumb\",\"itemListElement\":[{\"@type\":\"ListItem\",\"position\":1,\"name\":\"In\u00edcio\",\"item\":\"https:\/\/lackman.com.br\/\"},{\"@type\":\"ListItem\",\"position\":2,\"name\":\"Renata Jambeiro canta Clara Nunes:\u00a0\u201c\u00c9 uma conex\u00e3o com a minha ancestralidade\u201d\"}]},{\"@type\":\"WebSite\",\"@id\":\"https:\/\/lackman.com.br\/#website\",\"url\":\"https:\/\/lackman.com.br\/\",\"name\":\"LACKMAN &amp; CO.\",\"description\":\"VIDA | MODA | ARTE\",\"publisher\":{\"@id\":\"https:\/\/lackman.com.br\/#organization\"},\"potentialAction\":[{\"@type\":\"SearchAction\",\"target\":{\"@type\":\"EntryPoint\",\"urlTemplate\":\"https:\/\/lackman.com.br\/?s={search_term_string}\"},\"query-input\":{\"@type\":\"PropertyValueSpecification\",\"valueRequired\":true,\"valueName\":\"search_term_string\"}}],\"inLanguage\":\"pt-BR\"},{\"@type\":\"Organization\",\"@id\":\"https:\/\/lackman.com.br\/#organization\",\"name\":\"LACKMAN &amp; CO.\",\"url\":\"https:\/\/lackman.com.br\/\",\"logo\":{\"@type\":\"ImageObject\",\"inLanguage\":\"pt-BR\",\"@id\":\"https:\/\/lackman.com.br\/#\/schema\/logo\/image\/\",\"url\":\"https:\/\/lackman.com.br\/wp-content\/uploads\/2023\/06\/Logotipo_preto-1.png\",\"contentUrl\":\"https:\/\/lackman.com.br\/wp-content\/uploads\/2023\/06\/Logotipo_preto-1.png\",\"width\":739,\"height\":393,\"caption\":\"LACKMAN &amp; CO.\"},\"image\":{\"@id\":\"https:\/\/lackman.com.br\/#\/schema\/logo\/image\/\"}},{\"@type\":\"Person\",\"@id\":\"https:\/\/lackman.com.br\/#\/schema\/person\/dbfb3fbfc55f2b0bd4f9039696e70858\",\"name\":\"Fernando Lackman\",\"image\":{\"@type\":\"ImageObject\",\"inLanguage\":\"pt-BR\",\"@id\":\"https:\/\/lackman.com.br\/#\/schema\/person\/image\/\",\"url\":\"https:\/\/secure.gravatar.com\/avatar\/ae7993150af197e66480c8a769891833dd2b8d809f0d9ff3f25af796cf378ce8?s=96&d=mm&r=g\",\"contentUrl\":\"https:\/\/secure.gravatar.com\/avatar\/ae7993150af197e66480c8a769891833dd2b8d809f0d9ff3f25af796cf378ce8?s=96&d=mm&r=g\",\"caption\":\"Fernando Lackman\"},\"description\":\"Fernando Lackman \u00e9 jornalista especializado em Moda e Cultura, editor do site LACKMAN.com.br. \u00c9 autor do livro Bras\u00edlia Capital dos Criadores, que conta a hist\u00f3ria da moda no Distrito Federal. Tem em seu curr\u00edculo assinatura de dire\u00e7\u00e3o criativa e de desfiles em eventos como Estilo DF Plaza, Summer Collections, JK Street Fashion, Desfile Beleza Negra (DBN), PicniK Fashion Show, Vogue Fashion\u2019s Night Out Bras\u00edlia, entre outros. Foi diretor criativo do extinto Capital Fashion Week. Atualmente trabalha na dire\u00e7\u00e3o criativa de eventos como Top CUFA, BSB Fashion Street, Bras\u00edlia Fashion House, Ateli\u00ea Bras\u00edlia e Goi\u00e1s Fashion Week.\",\"sameAs\":[\"https:\/\/lackman.com.br\/\",\"https:\/\/www.facebook.com\/fernandolackman\",\"https:\/\/www.instagram.com\/fernandolackman\/\",\"https:\/\/www.linkedin.com\/in\/fernando-lackman\/\",\"https:\/\/br.pinterest.com\/fernandolackman\/\",\"https:\/\/x.com\/fernandolackman\"],\"url\":\"https:\/\/lackman.com.br\/index.php\/author\/fernando-lackman\/\"}]}<\/script>\n<!-- \/ Yoast SEO plugin. -->","yoast_head_json":{"title":"Renata Jambeiro canta Clara Nunes:\u00a0\u201c\u00c9 uma conex\u00e3o com a minha ancestralidade\u201d - LACKMAN &amp; CO.","robots":{"index":"index","follow":"follow","max-snippet":"max-snippet:-1","max-image-preview":"max-image-preview:large","max-video-preview":"max-video-preview:-1"},"canonical":"https:\/\/lackman.com.br\/index.php\/2023\/11\/07\/renata-jambeiro-canta-clara-nunes-e-uma-conexao-com-minha-ancestralidade\/","og_locale":"pt_BR","og_type":"article","og_title":"Renata Jambeiro canta Clara Nunes:\u00a0\u201c\u00c9 uma conex\u00e3o com a minha ancestralidade\u201d - LACKMAN &amp; CO.","og_description":"Em entrevista exclusiva para o Lackman &amp; CO., cantora que teve sua vida atravessada pelo sucesso de Clara Nunes, presta homenagem, e conta um pouco sobre como \u00e9 sua vida na m\u00fasica\u00a0 O cen\u00e1rio musical\u00a0 brasiliense tem suas fases bem definidas e, para al\u00e9m do rock, a capital tem talentos que fazem da m\u00fasica um de seus bens mais preciosos. Renata Jambeiro, que percorre os melhores palcos e \u00e9, sem d\u00favidas, uma das melhores joias que temos no nosso lineup de representantes musicais estrear\u00e1 o show &#8220;Mesti\u00e7a &#8211; Celebrando Clara Nunes&#8221; revisitando a discografia da mineira que marcou a M\u00fasica Popular Brasileira nas d\u00e9cadas de 1970 e 1980. A apresenta\u00e7\u00e3o ser\u00e1 no dia 9 de novembro (quinta-feira), \u00e0s 20h, no Teatro SESC Garagem (913 Sul). O espet\u00e1culo costura m\u00fasicas, performances e textos e contar\u00e1 com a participa\u00e7\u00e3o especial de artistas que tamb\u00e9m tiveram suas hist\u00f3rias entrela\u00e7adas com a obra de Clara Nunes como C\u00e1ssia Portugal \u00a0e Marcelo Caf\u00e9. A cantora, de 41 anos, iniciou na arte do canto ainda na adolesc\u00eancia e tem em seu curr\u00edculo, musicais e muitos espet\u00e1culos teatrais. Apesar de n\u00e3o ser musicista formada, sua forma\u00e7\u00e3o em Artes C\u00eanicas e Dan\u00e7a a transportou pelos meandros das artes de performance e a colocou no seu devido e merecido lugar, o de cantora. Renata aproveitou um tempinho entre os ensaios e nos concedeu uma entrevista cheia de detalhes sobre ser artista e sua paix\u00e3o pela m\u00fasica. Confira: Quem \u00e9 a Renata Jambeiro entendida, descrita e vivenciada pela pr\u00f3pria Renata Jambeiro? \u201cMel Dels\u201d, que pergunta dif\u00edcil! Renata \u00e9 filha de Ob\u00e1, n\u00e3o foge da luta mas leva a vida sempre olhando o copo cheio. Intensa em tudo, amiga, acolhedora, carinhosa. Mas tamb\u00e9m afrontosa (como diz a amada M\u00e3e Dora), decidida e obstinada. Caminhando e vendo quem sou a cada esquina, encruzilhada, reta e curva. \u00a0A Renata \u00e9 muito \u201cdiferenciada\u201d das outras Renatas do planeta. Ela \u00e9 um po\u00e7o sem fundo de talento e v\u00ea o mundo pelas lentes da arte. O que faz a Renata acordar diariamente e viver? Primeiro, fico agradecida pelo carinho ao qual se refere a mim e a minha trajet\u00f3ria. O que me faz levantar e viver \u00e9 me sentir \u00fatil pro mundo e fazer as pessoas felizes. Por isso eu canto. Porque eu gosto de cantar a felicidade, a alegria. Muitas vezes as pessoas me falam que meu canto \u00e9 reza, que me ouvem quando est\u00e3o tristes e precisam ficar felizes e \u00e9 isso, isso me faz levantar e trabalhar. Inspirar meus filhos, para que vejam a m\u00e3e fazer algo que ama, poder sustent\u00e1-los com amor e alegria. Voc\u00ea ouve o que canta? Em que momentos a sua m\u00fasica te faz ouvinte dela? Sim, me ou\u00e7o. E gosto e me emociono. N\u00e3o ou\u00e7o com tanta frequ\u00eancia, mas ou\u00e7o sim. Quando eu estou feliz ou quando preciso transmutar alguma energia que n\u00e3o est\u00e1 legal, eu recorro a mim mesma e meus pilares musicais Beth\u00e2nia, Clara e Daniela. A Renata de hoje \u00e9 aprimoramento ou continuidade da Renata de ontem? A Renata hoje \u00e9 um ac\u00famulo de Renatas anteriores, de Renatas diversas. Algumas Renatas passaram, outras permanecem sendo eternamente lapidadas. Mas talvez, uma Renata hoje se destaque, que \u00e9 a Renata-m\u00e3e, que concentra v\u00e1rias numa s\u00f3 e que trouxe uma outra perspectiva de olhar sobre a vida, a arte e nossa miss\u00e3o nesse mundo. Ap\u00f3s tantos anos na estrada fazendo e dando shows diferentes, o que descobriu sobre voc\u00ea? Complexo responder em poucas linhas mas o que eu poderia dizer \u00e9 que eu conheci lugares (cidades, pa\u00edses) que eu n\u00e3o sabia que queria conhecer e dentro de mim, lugares que eu n\u00e3o sabia que existiam at\u00e9 a arte, a m\u00fasica e o samba me apresentarem. Eu sou um ser art\u00edstico desde que nasci. E descobri o quanto \u00e9 importante a gente ser quem a gente \u00e9, entender quando uma expectativa \u00e9 sua e quando \u00e9 dos outros e que voc\u00ea sempre pode aprender com qualquer pessoa e situa\u00e7\u00e3o, ensinar e inspirar e ser inspirado o tempo todo. \u00c9 um movimento cont\u00ednuo. O que pode contar sobre suas perspectivas de futuro musical? Tem um futuro se tra\u00e7ando agora que \u00e9 retomar o show em celebra\u00e7\u00e3o a Clara Nunes &#8211; Mesti\u00e7a. Mas tamb\u00e9m formatando o projeto \u201cF\u00e9 Menina\u201d pra circular e ocupar espa\u00e7os com forma\u00e7\u00e3o de mulheres (seguindo o fluxo de trabalhos femininos que sempre permearam minha trajet\u00f3ria) e grava\u00e7\u00e3o do \u00e1lbum novo, o \u201cForasteira\u201d. Tudo isso na m\u00fasica. Outros projetos igualmente intensos est\u00e3o para estrear como a \u201cRevista do Samba\u201d, agora em novembro, encabe\u00e7ada por mim e realizada pelo instituto Mumalanga, alguns trabalhos de curadoria e dire\u00e7\u00e3o art\u00edstica de festivais e grupos, e ocupa\u00e7\u00e3o 2024 com o instituto Caminhos Abertos, do qual sou presidente. Existe um gatilho para te fazer cantar? Te d\u00e1 vontade de cantar quando\u2026 At\u00e9 sorri pra essa pergunta. Agora j\u00e1 me deu vontade de cantar! Quando acordo e tem Sol, quando meus filhos brincam comigo, quando os coloco pra dormir eu sempre canto, quando estou com medo, quando estou feliz, quando estou comendo. Eu canto comendo. Juro! Quando faxino a casa, arrumo coisas \u00e9 \u00f3timo ouvir m\u00fasica e cantar alto.\u00a0 Experimenta cantar e ouvir o disco \u201cFogar\u00e9u\u201d pra vassourar a casa! Conte-nos sobre seu mais novo show \u201cMesti\u00e7a\u201d. Sabemos que voc\u00ea \u00e9 uma admiradora de Clara Nunes. Ao que se deve esse carinho pela \u201ctal mineira guerreira\u201d? Clara faz parte da minha vida desde sempre. \u00c9 minha m\u00e3e cantando alto em casa em domingo de sol. \u00c9 alegria e chegan\u00e7a. \u00c9 uma conex\u00e3o com minha ancestralidade. \u00c9 minha rela\u00e7\u00e3o com a umbanda e o candombl\u00e9 desde sempre. A\u00a0 Clara fala de um Brasil profundo at\u00e9 hoje, pra minha gera\u00e7\u00e3o e sempre que sinto o chamado, volto com esse show. Assim posso continuar seu legado e seguir falando de sua contribui\u00e7\u00e3o e import\u00e2ncia para a m\u00fasica popular brasileira. O que o p\u00fablico ganhar\u00e1 de presente no seu show? Verdade, energia, alegria! Um show de um Brasil potente, plural, magn\u00e9tico, forte e resiliente. M\u00fasicos de","og_url":"https:\/\/lackman.com.br\/index.php\/2023\/11\/07\/renata-jambeiro-canta-clara-nunes-e-uma-conexao-com-minha-ancestralidade\/","og_site_name":"LACKMAN &amp; CO.","article_author":"https:\/\/www.facebook.com\/fernandolackman","article_published_time":"2023-11-07T09:10:13+00:00","article_modified_time":"2023-11-07T09:11:47+00:00","og_image":[{"width":1000,"height":645,"url":"http:\/\/lackman.com.br\/wp-content\/uploads\/2023\/11\/Renata-Jambeiro-3.jpg","type":"image\/jpeg"}],"author":"Fernando Lackman","twitter_card":"summary_large_image","twitter_creator":"@fernandolackman","twitter_misc":{"Escrito por":"Fernando Lackman","Est. tempo de leitura":"7 minutos"},"schema":{"@context":"https:\/\/schema.org","@graph":[{"@type":"Article","@id":"https:\/\/lackman.com.br\/index.php\/2023\/11\/07\/renata-jambeiro-canta-clara-nunes-e-uma-conexao-com-minha-ancestralidade\/#article","isPartOf":{"@id":"https:\/\/lackman.com.br\/index.php\/2023\/11\/07\/renata-jambeiro-canta-clara-nunes-e-uma-conexao-com-minha-ancestralidade\/"},"author":{"name":"Fernando Lackman","@id":"https:\/\/lackman.com.br\/#\/schema\/person\/dbfb3fbfc55f2b0bd4f9039696e70858"},"headline":"Renata Jambeiro canta Clara Nunes:\u00a0\u201c\u00c9 uma conex\u00e3o com a minha ancestralidade\u201d","datePublished":"2023-11-07T09:10:13+00:00","dateModified":"2023-11-07T09:11:47+00:00","mainEntityOfPage":{"@id":"https:\/\/lackman.com.br\/index.php\/2023\/11\/07\/renata-jambeiro-canta-clara-nunes-e-uma-conexao-com-minha-ancestralidade\/"},"wordCount":1099,"publisher":{"@id":"https:\/\/lackman.com.br\/#organization"},"image":{"@id":"https:\/\/lackman.com.br\/index.php\/2023\/11\/07\/renata-jambeiro-canta-clara-nunes-e-uma-conexao-com-minha-ancestralidade\/#primaryimage"},"thumbnailUrl":"https:\/\/lackman.com.br\/wp-content\/uploads\/2023\/11\/Renata-Jambeiro-3.jpg","keywords":["brasilia","Clara Nunes","entrevista","exclusiva","homenagem","morena de angola","m\u00fasica","Renata Jambeiro","Sesc Garagem","show"],"articleSection":["Arte","Entrevistas"],"inLanguage":"pt-BR"},{"@type":"WebPage","@id":"https:\/\/lackman.com.br\/index.php\/2023\/11\/07\/renata-jambeiro-canta-clara-nunes-e-uma-conexao-com-minha-ancestralidade\/","url":"https:\/\/lackman.com.br\/index.php\/2023\/11\/07\/renata-jambeiro-canta-clara-nunes-e-uma-conexao-com-minha-ancestralidade\/","name":"Renata Jambeiro canta Clara Nunes:\u00a0\u201c\u00c9 uma conex\u00e3o com a minha ancestralidade\u201d - LACKMAN &amp; CO.","isPartOf":{"@id":"https:\/\/lackman.com.br\/#website"},"primaryImageOfPage":{"@id":"https:\/\/lackman.com.br\/index.php\/2023\/11\/07\/renata-jambeiro-canta-clara-nunes-e-uma-conexao-com-minha-ancestralidade\/#primaryimage"},"image":{"@id":"https:\/\/lackman.com.br\/index.php\/2023\/11\/07\/renata-jambeiro-canta-clara-nunes-e-uma-conexao-com-minha-ancestralidade\/#primaryimage"},"thumbnailUrl":"https:\/\/lackman.com.br\/wp-content\/uploads\/2023\/11\/Renata-Jambeiro-3.jpg","datePublished":"2023-11-07T09:10:13+00:00","dateModified":"2023-11-07T09:11:47+00:00","breadcrumb":{"@id":"https:\/\/lackman.com.br\/index.php\/2023\/11\/07\/renata-jambeiro-canta-clara-nunes-e-uma-conexao-com-minha-ancestralidade\/#breadcrumb"},"inLanguage":"pt-BR","potentialAction":[{"@type":"ReadAction","target":["https:\/\/lackman.com.br\/index.php\/2023\/11\/07\/renata-jambeiro-canta-clara-nunes-e-uma-conexao-com-minha-ancestralidade\/"]}]},{"@type":"ImageObject","inLanguage":"pt-BR","@id":"https:\/\/lackman.com.br\/index.php\/2023\/11\/07\/renata-jambeiro-canta-clara-nunes-e-uma-conexao-com-minha-ancestralidade\/#primaryimage","url":"https:\/\/lackman.com.br\/wp-content\/uploads\/2023\/11\/Renata-Jambeiro-3.jpg","contentUrl":"https:\/\/lackman.com.br\/wp-content\/uploads\/2023\/11\/Renata-Jambeiro-3.jpg","width":1000,"height":645},{"@type":"BreadcrumbList","@id":"https:\/\/lackman.com.br\/index.php\/2023\/11\/07\/renata-jambeiro-canta-clara-nunes-e-uma-conexao-com-minha-ancestralidade\/#breadcrumb","itemListElement":[{"@type":"ListItem","position":1,"name":"In\u00edcio","item":"https:\/\/lackman.com.br\/"},{"@type":"ListItem","position":2,"name":"Renata Jambeiro canta Clara Nunes:\u00a0\u201c\u00c9 uma conex\u00e3o com a minha ancestralidade\u201d"}]},{"@type":"WebSite","@id":"https:\/\/lackman.com.br\/#website","url":"https:\/\/lackman.com.br\/","name":"LACKMAN &amp; CO.","description":"VIDA | MODA | ARTE","publisher":{"@id":"https:\/\/lackman.com.br\/#organization"},"potentialAction":[{"@type":"SearchAction","target":{"@type":"EntryPoint","urlTemplate":"https:\/\/lackman.com.br\/?s={search_term_string}"},"query-input":{"@type":"PropertyValueSpecification","valueRequired":true,"valueName":"search_term_string"}}],"inLanguage":"pt-BR"},{"@type":"Organization","@id":"https:\/\/lackman.com.br\/#organization","name":"LACKMAN &amp; CO.","url":"https:\/\/lackman.com.br\/","logo":{"@type":"ImageObject","inLanguage":"pt-BR","@id":"https:\/\/lackman.com.br\/#\/schema\/logo\/image\/","url":"https:\/\/lackman.com.br\/wp-content\/uploads\/2023\/06\/Logotipo_preto-1.png","contentUrl":"https:\/\/lackman.com.br\/wp-content\/uploads\/2023\/06\/Logotipo_preto-1.png","width":739,"height":393,"caption":"LACKMAN &amp; CO."},"image":{"@id":"https:\/\/lackman.com.br\/#\/schema\/logo\/image\/"}},{"@type":"Person","@id":"https:\/\/lackman.com.br\/#\/schema\/person\/dbfb3fbfc55f2b0bd4f9039696e70858","name":"Fernando Lackman","image":{"@type":"ImageObject","inLanguage":"pt-BR","@id":"https:\/\/lackman.com.br\/#\/schema\/person\/image\/","url":"https:\/\/secure.gravatar.com\/avatar\/ae7993150af197e66480c8a769891833dd2b8d809f0d9ff3f25af796cf378ce8?s=96&d=mm&r=g","contentUrl":"https:\/\/secure.gravatar.com\/avatar\/ae7993150af197e66480c8a769891833dd2b8d809f0d9ff3f25af796cf378ce8?s=96&d=mm&r=g","caption":"Fernando Lackman"},"description":"Fernando Lackman \u00e9 jornalista especializado em Moda e Cultura, editor do site LACKMAN.com.br. \u00c9 autor do livro Bras\u00edlia Capital dos Criadores, que conta a hist\u00f3ria da moda no Distrito Federal. Tem em seu curr\u00edculo assinatura de dire\u00e7\u00e3o criativa e de desfiles em eventos como Estilo DF Plaza, Summer Collections, JK Street Fashion, Desfile Beleza Negra (DBN), PicniK Fashion Show, Vogue Fashion\u2019s Night Out Bras\u00edlia, entre outros. Foi diretor criativo do extinto Capital Fashion Week. Atualmente trabalha na dire\u00e7\u00e3o criativa de eventos como Top CUFA, BSB Fashion Street, Bras\u00edlia Fashion House, Ateli\u00ea Bras\u00edlia e Goi\u00e1s Fashion Week.","sameAs":["https:\/\/lackman.com.br\/","https:\/\/www.facebook.com\/fernandolackman","https:\/\/www.instagram.com\/fernandolackman\/","https:\/\/www.linkedin.com\/in\/fernando-lackman\/","https:\/\/br.pinterest.com\/fernandolackman\/","https:\/\/x.com\/fernandolackman"],"url":"https:\/\/lackman.com.br\/index.php\/author\/fernando-lackman\/"}]}},"rttpg_featured_image_url":{"full":["https:\/\/lackman.com.br\/wp-content\/uploads\/2023\/11\/Renata-Jambeiro-3.jpg",1000,645,false],"landscape":["https:\/\/lackman.com.br\/wp-content\/uploads\/2023\/11\/Renata-Jambeiro-3.jpg",1000,645,false],"portraits":["https:\/\/lackman.com.br\/wp-content\/uploads\/2023\/11\/Renata-Jambeiro-3.jpg",1000,645,false],"thumbnail":["https:\/\/lackman.com.br\/wp-content\/uploads\/2023\/11\/Renata-Jambeiro-3-150x150.jpg",150,150,true],"medium":["https:\/\/lackman.com.br\/wp-content\/uploads\/2023\/11\/Renata-Jambeiro-3-300x194.jpg",300,194,true],"large":["https:\/\/lackman.com.br\/wp-content\/uploads\/2023\/11\/Renata-Jambeiro-3.jpg",1000,645,false],"RoboGalleryMansoryImagesCenter":["https:\/\/lackman.com.br\/wp-content\/uploads\/2023\/11\/Renata-Jambeiro-3-600x645.jpg",600,645,true],"RoboGalleryPreload":["https:\/\/lackman.com.br\/wp-content\/uploads\/2023\/11\/Renata-Jambeiro-3.jpg",100,65,false],"1536x1536":["https:\/\/lackman.com.br\/wp-content\/uploads\/2023\/11\/Renata-Jambeiro-3.jpg",1000,645,false],"2048x2048":["https:\/\/lackman.com.br\/wp-content\/uploads\/2023\/11\/Renata-Jambeiro-3.jpg",1000,645,false]},"rttpg_author":{"display_name":"Fernando Lackman","author_link":"https:\/\/lackman.com.br\/index.php\/author\/fernando-lackman\/"},"rttpg_comment":0,"rttpg_category":"<a href=\"https:\/\/lackman.com.br\/index.php\/category\/arte\/\" rel=\"category tag\">Arte<\/a> <a href=\"https:\/\/lackman.com.br\/index.php\/category\/vida\/entrevistas\/\" rel=\"category tag\">Entrevistas<\/a>","rttpg_excerpt":"Em entrevista exclusiva para o Lackman &amp; CO., cantora que teve sua vida atravessada pelo sucesso de Clara Nunes, presta homenagem, e conta um pouco sobre como \u00e9 sua vida na m\u00fasica\u00a0 O cen\u00e1rio musical\u00a0 brasiliense tem suas fases bem definidas e, para al\u00e9m do rock, a capital tem talentos que fazem da m\u00fasica um&hellip;","_links":{"self":[{"href":"https:\/\/lackman.com.br\/index.php\/wp-json\/wp\/v2\/posts\/5864","targetHints":{"allow":["GET"]}}],"collection":[{"href":"https:\/\/lackman.com.br\/index.php\/wp-json\/wp\/v2\/posts"}],"about":[{"href":"https:\/\/lackman.com.br\/index.php\/wp-json\/wp\/v2\/types\/post"}],"author":[{"embeddable":true,"href":"https:\/\/lackman.com.br\/index.php\/wp-json\/wp\/v2\/users\/2"}],"replies":[{"embeddable":true,"href":"https:\/\/lackman.com.br\/index.php\/wp-json\/wp\/v2\/comments?post=5864"}],"version-history":[{"count":8,"href":"https:\/\/lackman.com.br\/index.php\/wp-json\/wp\/v2\/posts\/5864\/revisions"}],"predecessor-version":[{"id":5881,"href":"https:\/\/lackman.com.br\/index.php\/wp-json\/wp\/v2\/posts\/5864\/revisions\/5881"}],"wp:featuredmedia":[{"embeddable":true,"href":"https:\/\/lackman.com.br\/index.php\/wp-json\/wp\/v2\/media\/5868"}],"wp:attachment":[{"href":"https:\/\/lackman.com.br\/index.php\/wp-json\/wp\/v2\/media?parent=5864"}],"wp:term":[{"taxonomy":"category","embeddable":true,"href":"https:\/\/lackman.com.br\/index.php\/wp-json\/wp\/v2\/categories?post=5864"},{"taxonomy":"post_tag","embeddable":true,"href":"https:\/\/lackman.com.br\/index.php\/wp-json\/wp\/v2\/tags?post=5864"}],"curies":[{"name":"wp","href":"https:\/\/api.w.org\/{rel}","templated":true}]}}