{"id":5677,"date":"2023-10-23T11:59:46","date_gmt":"2023-10-23T14:59:46","guid":{"rendered":"https:\/\/lackman.com.br\/?p=5677"},"modified":"2023-10-23T12:02:29","modified_gmt":"2023-10-23T15:02:29","slug":"apaixonado-por-macarrao-se-liga-neste-festival","status":"publish","type":"post","link":"https:\/\/lackman.com.br\/index.php\/2023\/10\/23\/apaixonado-por-macarrao-se-liga-neste-festival\/","title":{"rendered":"Apaixonado por macarr\u00e3o? Se liga neste Festival"},"content":{"rendered":"<h5 style=\"text-align: justify\">O Pasta\u00a0Week chega a Bras\u00edlia para\u00a0celebrar o dia de um dos pratos mais consumidos em todo mundo, e voc\u00ea n\u00e3o vai querer ficar de fora<\/h5>\n<p>&nbsp;<\/p>\n<p style=\"text-align: justify\">Fettuccine com ragu de cordeiro; Lasanhete com cogumelos: Yakisoba veggy. Risoni crispy; Tavioli de frutos do mar: Rigatoni Mare e Monti; Linguini Cacio e Pepe: Risoni com camar\u00f5es: Rigatoni com ragout de lingui\u00e7a; e Sorrentino de queijo de cabra. Estes s\u00e3o apenas alguns dos pratos que participam do <em><strong>Pasta Week<\/strong><\/em>, o festival para quem adora comer uma boa massa, realizado na Capital Federal entre os dias <strong>23 de outubro a 05 de novembro<\/strong>.<\/p>\n<figure id=\"attachment_5679\" aria-describedby=\"caption-attachment-5679\" style=\"width: 1024px\" class=\"wp-caption aligncenter\"><img fetchpriority=\"high\" decoding=\"async\" class=\"wp-image-5679 size-large\" src=\"http:\/\/lackman.com.br\/wp-content\/uploads\/2023\/10\/NONNA-AUGUSTA1-1024x682.jpeg\" alt=\"\" width=\"1024\" height=\"682\" srcset=\"https:\/\/lackman.com.br\/wp-content\/uploads\/2023\/10\/NONNA-AUGUSTA1-1024x682.jpeg 1024w, https:\/\/lackman.com.br\/wp-content\/uploads\/2023\/10\/NONNA-AUGUSTA1-300x200.jpeg 300w, https:\/\/lackman.com.br\/wp-content\/uploads\/2023\/10\/NONNA-AUGUSTA1-768x512.jpeg 768w, https:\/\/lackman.com.br\/wp-content\/uploads\/2023\/10\/NONNA-AUGUSTA1-1536x1023.jpeg 1536w, https:\/\/lackman.com.br\/wp-content\/uploads\/2023\/10\/NONNA-AUGUSTA1.jpeg 1600w\" sizes=\"(max-width: 1024px) 100vw, 1024px\" \/><figcaption id=\"caption-attachment-5679\" class=\"wp-caption-text\">Nonna Augusta<\/figcaption><\/figure>\n<p>Feito para celebrar o <em><strong>International Pasta Day<\/strong><\/em>, comemorado no dia 25 de outubro, o evento promete agitar a gastronomia local que, durante 14 dias, trar\u00e1 cria\u00e7\u00f5es como as anunciadas acima, com pre\u00e7os divididos em tr\u00eas categorias: <strong>R$ 49,00; R$ 59,00 e R$ 89,00<\/strong>, a depender dos ingredientes usados. A ideia \u00e9 que todo mundo saia <strong>PERAMBULANDO<\/strong> pelos restaurantes da cidade, fazendo descobertas e repetindo seus pratos preferidos. Pessoal, s\u00e3o duas semanas, d\u00e1 tempo, hein!<\/p>\n<p style=\"text-align: justify\">Este colunista j\u00e1 sabe algumas das casas que quer visitar, por isso mesmo, j\u00e1 <strong>se liga na lista<\/strong> para voc\u00ea fazer tamb\u00e9m a sua <strong>sele\u00e7\u00e3o<\/strong>: Aroma (<strong>foto de capa<\/strong>), Authoral, Babbo Osteria, Bla\u00b4s, Bistr\u00f4 Lacustre, Bloco C, D.O.C., Dona Lenha (4 unidades), Gran Bier, Lago, Le Birosque, Nau, Nonna Augusta (2 unidades), Nonno Cantineta, Nossa Cozinha Bistr\u00f4, Papp\u00e1 Cuccina, Piovan Cucina, Rapport Bistr\u00f4 e Caf\u00e9, Regali, Sagrado Mar, Sant\u00e9 13, Sant\u00e9 Lago, Tayp\u00e1, Ticiana Werner, Trattoria da Rosario, Valle di Sicilia Risotteria e Villa Tevere.<\/p>\n<figure id=\"attachment_5680\" aria-describedby=\"caption-attachment-5680\" style=\"width: 1024px\" class=\"wp-caption aligncenter\"><img decoding=\"async\" class=\"wp-image-5680 size-large\" src=\"http:\/\/lackman.com.br\/wp-content\/uploads\/2023\/10\/Vale-di-Sicilia1-1024x683.jpg\" alt=\"\" width=\"1024\" height=\"683\" srcset=\"https:\/\/lackman.com.br\/wp-content\/uploads\/2023\/10\/Vale-di-Sicilia1-1024x683.jpg 1024w, https:\/\/lackman.com.br\/wp-content\/uploads\/2023\/10\/Vale-di-Sicilia1-300x200.jpg 300w, https:\/\/lackman.com.br\/wp-content\/uploads\/2023\/10\/Vale-di-Sicilia1-768x512.jpg 768w, https:\/\/lackman.com.br\/wp-content\/uploads\/2023\/10\/Vale-di-Sicilia1-1536x1024.jpg 1536w, https:\/\/lackman.com.br\/wp-content\/uploads\/2023\/10\/Vale-di-Sicilia1-2048x1365.jpg 2048w\" sizes=\"(max-width: 1024px) 100vw, 1024px\" \/><figcaption id=\"caption-attachment-5680\" class=\"wp-caption-text\">Valle di Sicilia Risotteria<\/figcaption><\/figure>\n<p style=\"text-align: justify\">Em tempo, vale lembrar que o\u00a0Pasta\u00a0Week\u00a0\u00e9 organizado pelo <strong>Festivais Boa Mesa<\/strong>\u00a0<a href=\"https:\/\/www.instagram.com\/festivaisboamesa\/\">@festivaisboamesa<\/a>, que possui outros tr\u00eas eventos ligados \u00e0 gastronomia: <em>Fevereiro Gourmet<\/em>, <em>Boa Mesa Bras\u00edlia<\/em> e <em>Wine &amp; Farm<\/em>. Inclusive, para mais informa\u00e7\u00f5es, basta seguir o perfil deles l\u00e1 no Insta <a href=\"https:\/\/www.instagram.com\/festivaisboamesa\/?hl=pt-br\"><strong>@festiviaisboamesa<\/strong><\/a>\u00a0ou pelo site oficial clicando <a href=\"http:\/\/www.festivaisboamesa.com.br\"><strong>neste link<\/strong><\/a>.<\/p>\n<pre style=\"text-align: justify\">Fotos: reprodu\u00e7\u00e3o<\/pre>\n","protected":false},"excerpt":{"rendered":"<p>O Pasta\u00a0Week chega a Bras\u00edlia para\u00a0celebrar o dia de um dos pratos mais consumidos em todo mundo, e voc\u00ea n\u00e3o vai querer ficar de fora &nbsp; Fettuccine com ragu de cordeiro; Lasanhete com cogumelos: Yakisoba veggy. Risoni crispy; Tavioli de frutos do mar: Rigatoni Mare e Monti; Linguini Cacio e Pepe: Risoni com camar\u00f5es: Rigatoni com ragout de lingui\u00e7a; e Sorrentino de queijo de cabra. Estes s\u00e3o apenas alguns dos pratos que participam do Pasta Week, o festival para quem adora comer uma boa massa, realizado na Capital Federal entre os dias 23 de outubro a 05 de novembro. Feito para celebrar o International Pasta Day, comemorado no dia 25 de outubro, o evento promete agitar a gastronomia local que, durante 14 dias, trar\u00e1 cria\u00e7\u00f5es como as anunciadas acima, com pre\u00e7os divididos em tr\u00eas categorias: R$ 49,00; R$ 59,00 e R$ 89,00, a depender dos ingredientes usados. A ideia \u00e9 que todo mundo saia PERAMBULANDO pelos restaurantes da cidade, fazendo descobertas e repetindo seus pratos preferidos. Pessoal, s\u00e3o duas semanas, d\u00e1 tempo, hein! Este colunista j\u00e1 sabe algumas das casas que quer visitar, por isso mesmo, j\u00e1 se liga na lista para voc\u00ea fazer tamb\u00e9m a sua sele\u00e7\u00e3o: Aroma (foto de capa), Authoral, Babbo Osteria, Bla\u00b4s, Bistr\u00f4 Lacustre, Bloco C, D.O.C., Dona Lenha (4 unidades), Gran Bier, Lago, Le Birosque, Nau, Nonna Augusta (2 unidades), Nonno Cantineta, Nossa Cozinha Bistr\u00f4, Papp\u00e1 Cuccina, Piovan Cucina, Rapport Bistr\u00f4 e Caf\u00e9, Regali, Sagrado Mar, Sant\u00e9 13, Sant\u00e9 Lago, Tayp\u00e1, Ticiana Werner, Trattoria da Rosario, Valle di Sicilia Risotteria e Villa Tevere. Em tempo, vale lembrar que o\u00a0Pasta\u00a0Week\u00a0\u00e9 organizado pelo Festivais Boa Mesa\u00a0@festivaisboamesa, que possui outros tr\u00eas eventos ligados \u00e0 gastronomia: Fevereiro Gourmet, Boa Mesa Bras\u00edlia e Wine &amp; Farm. Inclusive, para mais informa\u00e7\u00f5es, basta seguir o perfil deles l\u00e1 no Insta @festiviaisboamesa\u00a0ou pelo site oficial clicando neste link. Fotos: reprodu\u00e7\u00e3o<\/p>\n","protected":false},"author":6,"featured_media":5678,"comment_status":"closed","ping_status":"open","sticky":false,"template":"","format":"standard","meta":{"site-sidebar-layout":"default","site-content-layout":"","ast-site-content-layout":"default","site-content-style":"default","site-sidebar-style":"default","ast-global-header-display":"","ast-banner-title-visibility":"","ast-main-header-display":"","ast-hfb-above-header-display":"","ast-hfb-below-header-display":"","ast-hfb-mobile-header-display":"","site-post-title":"","ast-breadcrumbs-content":"","ast-featured-img":"","footer-sml-layout":"","ast-disable-related-posts":"","theme-transparent-header-meta":"default","adv-header-id-meta":"","stick-header-meta":"","header-above-stick-meta":"","header-main-stick-meta":"","header-below-stick-meta":"","astra-migrate-meta-layouts":"set","ast-page-background-enabled":"default","ast-page-background-meta":{"desktop":{"background-color":"","background-image":"","background-repeat":"repeat","background-position":"center center","background-size":"auto","background-attachment":"scroll","background-type":"","background-media":"","overlay-type":"","overlay-color":"","overlay-opacity":"","overlay-gradient":""},"tablet":{"background-color":"","background-image":"","background-repeat":"repeat","background-position":"center center","background-size":"auto","background-attachment":"scroll","background-type":"","background-media":"","overlay-type":"","overlay-color":"","overlay-opacity":"","overlay-gradient":""},"mobile":{"background-color":"","background-image":"","background-repeat":"repeat","background-position":"center center","background-size":"auto","background-attachment":"scroll","background-type":"","background-media":"","overlay-type":"","overlay-color":"","overlay-opacity":"","overlay-gradient":""}},"ast-content-background-meta":{"desktop":{"background-color":"var(--ast-global-color-5)","background-image":"","background-repeat":"repeat","background-position":"center center","background-size":"auto","background-attachment":"scroll","background-type":"","background-media":"","overlay-type":"","overlay-color":"","overlay-opacity":"","overlay-gradient":""},"tablet":{"background-color":"var(--ast-global-color-5)","background-image":"","background-repeat":"repeat","background-position":"center center","background-size":"auto","background-attachment":"scroll","background-type":"","background-media":"","overlay-type":"","overlay-color":"","overlay-opacity":"","overlay-gradient":""},"mobile":{"background-color":"var(--ast-global-color-5)","background-image":"","background-repeat":"repeat","background-position":"center center","background-size":"auto","background-attachment":"scroll","background-type":"","background-media":"","overlay-type":"","overlay-color":"","overlay-opacity":"","overlay-gradient":""}},"footnotes":""},"categories":[42,41],"tags":[711,712,713,715,714,716,54,717,89,718,172,74,214,719,709,720,721,708,722,723,724,725,726,707,706,727,728,729,710,730,681,418,731,732,733,734],"class_list":["post-5677","post","type-post","status-publish","format-standard","has-post-thumbnail","hentry","category-gastronomia","category-vida","tag-aroma","tag-authoral","tag-babbo-osteria","tag-bistro-lacustre","tag-blas","tag-bloco-c","tag-brasilia","tag-d-o-c","tag-df","tag-dona-lenha","tag-festival","tag-gastronomia","tag-gourmet","tag-gran-bier","tag-international-pasta-day","tag-lago","tag-le-birosque","tag-massa","tag-nau","tag-nonna-augusta-2-unidades","tag-nonno-cantineta","tag-nossa-cozinha-bistro","tag-pappa-cuccina","tag-pasta","tag-pasta-week","tag-piovan-cucina","tag-rapport-bistro-e-cafe","tag-regali","tag-restaurantes","tag-sagrado-mar","tag-sante-13","tag-sante-lago","tag-taypa","tag-ticiana-werner","tag-trattoria-da-rosario","tag-valle-di-sicilia-risotteria-e-villa-tevere"],"yoast_head":"<!-- This site is optimized with the Yoast SEO plugin v27.0 - https:\/\/yoast.com\/product\/yoast-seo-wordpress\/ -->\n<title>Apaixonado por macarr\u00e3o? Se liga neste Festival - LACKMAN &amp; CO.<\/title>\n<meta name=\"robots\" content=\"index, follow, max-snippet:-1, max-image-preview:large, max-video-preview:-1\" \/>\n<link rel=\"canonical\" href=\"https:\/\/lackman.com.br\/index.php\/2023\/10\/23\/apaixonado-por-macarrao-se-liga-neste-festival\/\" \/>\n<meta property=\"og:locale\" content=\"pt_BR\" \/>\n<meta property=\"og:type\" content=\"article\" \/>\n<meta property=\"og:title\" content=\"Apaixonado por macarr\u00e3o? Se liga neste Festival - LACKMAN &amp; CO.\" \/>\n<meta property=\"og:description\" content=\"O Pasta\u00a0Week chega a Bras\u00edlia para\u00a0celebrar o dia de um dos pratos mais consumidos em todo mundo, e voc\u00ea n\u00e3o vai querer ficar de fora &nbsp; Fettuccine com ragu de cordeiro; Lasanhete com cogumelos: Yakisoba veggy. Risoni crispy; Tavioli de frutos do mar: Rigatoni Mare e Monti; Linguini Cacio e Pepe: Risoni com camar\u00f5es: Rigatoni com ragout de lingui\u00e7a; e Sorrentino de queijo de cabra. Estes s\u00e3o apenas alguns dos pratos que participam do Pasta Week, o festival para quem adora comer uma boa massa, realizado na Capital Federal entre os dias 23 de outubro a 05 de novembro. Feito para celebrar o International Pasta Day, comemorado no dia 25 de outubro, o evento promete agitar a gastronomia local que, durante 14 dias, trar\u00e1 cria\u00e7\u00f5es como as anunciadas acima, com pre\u00e7os divididos em tr\u00eas categorias: R$ 49,00; R$ 59,00 e R$ 89,00, a depender dos ingredientes usados. A ideia \u00e9 que todo mundo saia PERAMBULANDO pelos restaurantes da cidade, fazendo descobertas e repetindo seus pratos preferidos. Pessoal, s\u00e3o duas semanas, d\u00e1 tempo, hein! Este colunista j\u00e1 sabe algumas das casas que quer visitar, por isso mesmo, j\u00e1 se liga na lista para voc\u00ea fazer tamb\u00e9m a sua sele\u00e7\u00e3o: Aroma (foto de capa), Authoral, Babbo Osteria, Bla\u00b4s, Bistr\u00f4 Lacustre, Bloco C, D.O.C., Dona Lenha (4 unidades), Gran Bier, Lago, Le Birosque, Nau, Nonna Augusta (2 unidades), Nonno Cantineta, Nossa Cozinha Bistr\u00f4, Papp\u00e1 Cuccina, Piovan Cucina, Rapport Bistr\u00f4 e Caf\u00e9, Regali, Sagrado Mar, Sant\u00e9 13, Sant\u00e9 Lago, Tayp\u00e1, Ticiana Werner, Trattoria da Rosario, Valle di Sicilia Risotteria e Villa Tevere. Em tempo, vale lembrar que o\u00a0Pasta\u00a0Week\u00a0\u00e9 organizado pelo Festivais Boa Mesa\u00a0@festivaisboamesa, que possui outros tr\u00eas eventos ligados \u00e0 gastronomia: Fevereiro Gourmet, Boa Mesa Bras\u00edlia e Wine &amp; Farm. Inclusive, para mais informa\u00e7\u00f5es, basta seguir o perfil deles l\u00e1 no Insta @festiviaisboamesa\u00a0ou pelo site oficial clicando neste link. Fotos: reprodu\u00e7\u00e3o\" \/>\n<meta property=\"og:url\" content=\"https:\/\/lackman.com.br\/index.php\/2023\/10\/23\/apaixonado-por-macarrao-se-liga-neste-festival\/\" \/>\n<meta property=\"og:site_name\" content=\"LACKMAN &amp; CO.\" \/>\n<meta property=\"article:published_time\" content=\"2023-10-23T14:59:46+00:00\" \/>\n<meta property=\"article:modified_time\" content=\"2023-10-23T15:02:29+00:00\" \/>\n<meta property=\"og:image\" content=\"http:\/\/lackman.com.br\/wp-content\/uploads\/2023\/10\/Aroma1-scaled.jpg\" \/>\n\t<meta property=\"og:image:width\" content=\"2560\" \/>\n\t<meta property=\"og:image:height\" content=\"1707\" \/>\n\t<meta property=\"og:image:type\" content=\"image\/jpeg\" \/>\n<meta name=\"author\" content=\"Gilberto Evangelista - Colunista\" \/>\n<meta name=\"twitter:card\" content=\"summary_large_image\" \/>\n<meta name=\"twitter:label1\" content=\"Escrito por\" \/>\n\t<meta name=\"twitter:data1\" content=\"Gilberto Evangelista - Colunista\" \/>\n\t<meta name=\"twitter:label2\" content=\"Est. tempo de leitura\" \/>\n\t<meta name=\"twitter:data2\" content=\"3 minutos\" \/>\n<script type=\"application\/ld+json\" class=\"yoast-schema-graph\">{\"@context\":\"https:\/\/schema.org\",\"@graph\":[{\"@type\":\"Article\",\"@id\":\"https:\/\/lackman.com.br\/index.php\/2023\/10\/23\/apaixonado-por-macarrao-se-liga-neste-festival\/#article\",\"isPartOf\":{\"@id\":\"https:\/\/lackman.com.br\/index.php\/2023\/10\/23\/apaixonado-por-macarrao-se-liga-neste-festival\/\"},\"author\":{\"name\":\"Gilberto Evangelista - Colunista\",\"@id\":\"https:\/\/lackman.com.br\/#\/schema\/person\/8a2355f699593d21d4f0d25b69db5747\"},\"headline\":\"Apaixonado por macarr\u00e3o? Se liga neste Festival\",\"datePublished\":\"2023-10-23T14:59:46+00:00\",\"dateModified\":\"2023-10-23T15:02:29+00:00\",\"mainEntityOfPage\":{\"@id\":\"https:\/\/lackman.com.br\/index.php\/2023\/10\/23\/apaixonado-por-macarrao-se-liga-neste-festival\/\"},\"wordCount\":344,\"publisher\":{\"@id\":\"https:\/\/lackman.com.br\/#organization\"},\"image\":{\"@id\":\"https:\/\/lackman.com.br\/index.php\/2023\/10\/23\/apaixonado-por-macarrao-se-liga-neste-festival\/#primaryimage\"},\"thumbnailUrl\":\"https:\/\/lackman.com.br\/wp-content\/uploads\/2023\/10\/Aroma1-scaled.jpg\",\"keywords\":[\"Aroma\",\"Authoral\",\"Babbo Osteria\",\"Bistr\u00f4 Lacustre\",\"Bla\u00b4s\",\"Bloco C\",\"brasilia\",\"D.O.C.\",\"df\",\"Dona Lenha\",\"festival\",\"gastronomia\",\"gourmet\",\"Gran Bier\",\"International Pasta Day\",\"Lago\",\"Le Birosque\",\"massa\",\"Nau\",\"Nonna Augusta (2 unidades)\",\"Nonno Cantineta\",\"Nossa Cozinha Bistr\u00f4\",\"Papp\u00e1 Cuccina\",\"pasta\",\"Pasta Week\",\"Piovan Cucina\",\"Rapport Bistr\u00f4 e Caf\u00e9\",\"Regali\",\"restaurantes\",\"Sagrado Mar\",\"Sant\u00e9 13\",\"Sant\u00e9 Lago\",\"Tayp\u00e1\",\"Ticiana Werner\",\"Trattoria da Rosario\",\"Valle di Sicilia Risotteria e Villa Tevere\"],\"articleSection\":[\"Gastr\u00f4\",\"Vida\"],\"inLanguage\":\"pt-BR\"},{\"@type\":\"WebPage\",\"@id\":\"https:\/\/lackman.com.br\/index.php\/2023\/10\/23\/apaixonado-por-macarrao-se-liga-neste-festival\/\",\"url\":\"https:\/\/lackman.com.br\/index.php\/2023\/10\/23\/apaixonado-por-macarrao-se-liga-neste-festival\/\",\"name\":\"Apaixonado por macarr\u00e3o? Se liga neste Festival - LACKMAN &amp; CO.\",\"isPartOf\":{\"@id\":\"https:\/\/lackman.com.br\/#website\"},\"primaryImageOfPage\":{\"@id\":\"https:\/\/lackman.com.br\/index.php\/2023\/10\/23\/apaixonado-por-macarrao-se-liga-neste-festival\/#primaryimage\"},\"image\":{\"@id\":\"https:\/\/lackman.com.br\/index.php\/2023\/10\/23\/apaixonado-por-macarrao-se-liga-neste-festival\/#primaryimage\"},\"thumbnailUrl\":\"https:\/\/lackman.com.br\/wp-content\/uploads\/2023\/10\/Aroma1-scaled.jpg\",\"datePublished\":\"2023-10-23T14:59:46+00:00\",\"dateModified\":\"2023-10-23T15:02:29+00:00\",\"breadcrumb\":{\"@id\":\"https:\/\/lackman.com.br\/index.php\/2023\/10\/23\/apaixonado-por-macarrao-se-liga-neste-festival\/#breadcrumb\"},\"inLanguage\":\"pt-BR\",\"potentialAction\":[{\"@type\":\"ReadAction\",\"target\":[\"https:\/\/lackman.com.br\/index.php\/2023\/10\/23\/apaixonado-por-macarrao-se-liga-neste-festival\/\"]}]},{\"@type\":\"ImageObject\",\"inLanguage\":\"pt-BR\",\"@id\":\"https:\/\/lackman.com.br\/index.php\/2023\/10\/23\/apaixonado-por-macarrao-se-liga-neste-festival\/#primaryimage\",\"url\":\"https:\/\/lackman.com.br\/wp-content\/uploads\/2023\/10\/Aroma1-scaled.jpg\",\"contentUrl\":\"https:\/\/lackman.com.br\/wp-content\/uploads\/2023\/10\/Aroma1-scaled.jpg\",\"width\":2560,\"height\":1707},{\"@type\":\"BreadcrumbList\",\"@id\":\"https:\/\/lackman.com.br\/index.php\/2023\/10\/23\/apaixonado-por-macarrao-se-liga-neste-festival\/#breadcrumb\",\"itemListElement\":[{\"@type\":\"ListItem\",\"position\":1,\"name\":\"In\u00edcio\",\"item\":\"https:\/\/lackman.com.br\/\"},{\"@type\":\"ListItem\",\"position\":2,\"name\":\"Apaixonado por macarr\u00e3o? Se liga neste Festival\"}]},{\"@type\":\"WebSite\",\"@id\":\"https:\/\/lackman.com.br\/#website\",\"url\":\"https:\/\/lackman.com.br\/\",\"name\":\"LACKMAN &amp; CO.\",\"description\":\"VIDA | MODA | ARTE\",\"publisher\":{\"@id\":\"https:\/\/lackman.com.br\/#organization\"},\"potentialAction\":[{\"@type\":\"SearchAction\",\"target\":{\"@type\":\"EntryPoint\",\"urlTemplate\":\"https:\/\/lackman.com.br\/?s={search_term_string}\"},\"query-input\":{\"@type\":\"PropertyValueSpecification\",\"valueRequired\":true,\"valueName\":\"search_term_string\"}}],\"inLanguage\":\"pt-BR\"},{\"@type\":\"Organization\",\"@id\":\"https:\/\/lackman.com.br\/#organization\",\"name\":\"LACKMAN &amp; CO.\",\"url\":\"https:\/\/lackman.com.br\/\",\"logo\":{\"@type\":\"ImageObject\",\"inLanguage\":\"pt-BR\",\"@id\":\"https:\/\/lackman.com.br\/#\/schema\/logo\/image\/\",\"url\":\"https:\/\/lackman.com.br\/wp-content\/uploads\/2023\/06\/Logotipo_preto-1.png\",\"contentUrl\":\"https:\/\/lackman.com.br\/wp-content\/uploads\/2023\/06\/Logotipo_preto-1.png\",\"width\":739,\"height\":393,\"caption\":\"LACKMAN &amp; CO.\"},\"image\":{\"@id\":\"https:\/\/lackman.com.br\/#\/schema\/logo\/image\/\"}},{\"@type\":\"Person\",\"@id\":\"https:\/\/lackman.com.br\/#\/schema\/person\/8a2355f699593d21d4f0d25b69db5747\",\"name\":\"Gilberto Evangelista - Colunista\",\"image\":{\"@type\":\"ImageObject\",\"inLanguage\":\"pt-BR\",\"@id\":\"https:\/\/lackman.com.br\/#\/schema\/person\/image\/\",\"url\":\"https:\/\/secure.gravatar.com\/avatar\/cea9badf02f8a90f7a745f2cbea45fda61f65711ec015e2faf3809cca6337c28?s=96&d=mm&r=g\",\"contentUrl\":\"https:\/\/secure.gravatar.com\/avatar\/cea9badf02f8a90f7a745f2cbea45fda61f65711ec015e2faf3809cca6337c28?s=96&d=mm&r=g\",\"caption\":\"Gilberto Evangelista - Colunista\"},\"description\":\"Jornalista e globetrotter.\",\"url\":\"https:\/\/lackman.com.br\/index.php\/author\/gilberto-brito\/\"}]}<\/script>\n<!-- \/ Yoast SEO plugin. -->","yoast_head_json":{"title":"Apaixonado por macarr\u00e3o? Se liga neste Festival - LACKMAN &amp; CO.","robots":{"index":"index","follow":"follow","max-snippet":"max-snippet:-1","max-image-preview":"max-image-preview:large","max-video-preview":"max-video-preview:-1"},"canonical":"https:\/\/lackman.com.br\/index.php\/2023\/10\/23\/apaixonado-por-macarrao-se-liga-neste-festival\/","og_locale":"pt_BR","og_type":"article","og_title":"Apaixonado por macarr\u00e3o? Se liga neste Festival - LACKMAN &amp; CO.","og_description":"O Pasta\u00a0Week chega a Bras\u00edlia para\u00a0celebrar o dia de um dos pratos mais consumidos em todo mundo, e voc\u00ea n\u00e3o vai querer ficar de fora &nbsp; Fettuccine com ragu de cordeiro; Lasanhete com cogumelos: Yakisoba veggy. Risoni crispy; Tavioli de frutos do mar: Rigatoni Mare e Monti; Linguini Cacio e Pepe: Risoni com camar\u00f5es: Rigatoni com ragout de lingui\u00e7a; e Sorrentino de queijo de cabra. Estes s\u00e3o apenas alguns dos pratos que participam do Pasta Week, o festival para quem adora comer uma boa massa, realizado na Capital Federal entre os dias 23 de outubro a 05 de novembro. Feito para celebrar o International Pasta Day, comemorado no dia 25 de outubro, o evento promete agitar a gastronomia local que, durante 14 dias, trar\u00e1 cria\u00e7\u00f5es como as anunciadas acima, com pre\u00e7os divididos em tr\u00eas categorias: R$ 49,00; R$ 59,00 e R$ 89,00, a depender dos ingredientes usados. A ideia \u00e9 que todo mundo saia PERAMBULANDO pelos restaurantes da cidade, fazendo descobertas e repetindo seus pratos preferidos. Pessoal, s\u00e3o duas semanas, d\u00e1 tempo, hein! Este colunista j\u00e1 sabe algumas das casas que quer visitar, por isso mesmo, j\u00e1 se liga na lista para voc\u00ea fazer tamb\u00e9m a sua sele\u00e7\u00e3o: Aroma (foto de capa), Authoral, Babbo Osteria, Bla\u00b4s, Bistr\u00f4 Lacustre, Bloco C, D.O.C., Dona Lenha (4 unidades), Gran Bier, Lago, Le Birosque, Nau, Nonna Augusta (2 unidades), Nonno Cantineta, Nossa Cozinha Bistr\u00f4, Papp\u00e1 Cuccina, Piovan Cucina, Rapport Bistr\u00f4 e Caf\u00e9, Regali, Sagrado Mar, Sant\u00e9 13, Sant\u00e9 Lago, Tayp\u00e1, Ticiana Werner, Trattoria da Rosario, Valle di Sicilia Risotteria e Villa Tevere. Em tempo, vale lembrar que o\u00a0Pasta\u00a0Week\u00a0\u00e9 organizado pelo Festivais Boa Mesa\u00a0@festivaisboamesa, que possui outros tr\u00eas eventos ligados \u00e0 gastronomia: Fevereiro Gourmet, Boa Mesa Bras\u00edlia e Wine &amp; Farm. Inclusive, para mais informa\u00e7\u00f5es, basta seguir o perfil deles l\u00e1 no Insta @festiviaisboamesa\u00a0ou pelo site oficial clicando neste link. Fotos: reprodu\u00e7\u00e3o","og_url":"https:\/\/lackman.com.br\/index.php\/2023\/10\/23\/apaixonado-por-macarrao-se-liga-neste-festival\/","og_site_name":"LACKMAN &amp; CO.","article_published_time":"2023-10-23T14:59:46+00:00","article_modified_time":"2023-10-23T15:02:29+00:00","og_image":[{"width":2560,"height":1707,"url":"http:\/\/lackman.com.br\/wp-content\/uploads\/2023\/10\/Aroma1-scaled.jpg","type":"image\/jpeg"}],"author":"Gilberto Evangelista - Colunista","twitter_card":"summary_large_image","twitter_misc":{"Escrito por":"Gilberto Evangelista - Colunista","Est. tempo de leitura":"3 minutos"},"schema":{"@context":"https:\/\/schema.org","@graph":[{"@type":"Article","@id":"https:\/\/lackman.com.br\/index.php\/2023\/10\/23\/apaixonado-por-macarrao-se-liga-neste-festival\/#article","isPartOf":{"@id":"https:\/\/lackman.com.br\/index.php\/2023\/10\/23\/apaixonado-por-macarrao-se-liga-neste-festival\/"},"author":{"name":"Gilberto Evangelista - Colunista","@id":"https:\/\/lackman.com.br\/#\/schema\/person\/8a2355f699593d21d4f0d25b69db5747"},"headline":"Apaixonado por macarr\u00e3o? Se liga neste Festival","datePublished":"2023-10-23T14:59:46+00:00","dateModified":"2023-10-23T15:02:29+00:00","mainEntityOfPage":{"@id":"https:\/\/lackman.com.br\/index.php\/2023\/10\/23\/apaixonado-por-macarrao-se-liga-neste-festival\/"},"wordCount":344,"publisher":{"@id":"https:\/\/lackman.com.br\/#organization"},"image":{"@id":"https:\/\/lackman.com.br\/index.php\/2023\/10\/23\/apaixonado-por-macarrao-se-liga-neste-festival\/#primaryimage"},"thumbnailUrl":"https:\/\/lackman.com.br\/wp-content\/uploads\/2023\/10\/Aroma1-scaled.jpg","keywords":["Aroma","Authoral","Babbo Osteria","Bistr\u00f4 Lacustre","Bla\u00b4s","Bloco C","brasilia","D.O.C.","df","Dona Lenha","festival","gastronomia","gourmet","Gran Bier","International Pasta Day","Lago","Le Birosque","massa","Nau","Nonna Augusta (2 unidades)","Nonno Cantineta","Nossa Cozinha Bistr\u00f4","Papp\u00e1 Cuccina","pasta","Pasta Week","Piovan Cucina","Rapport Bistr\u00f4 e Caf\u00e9","Regali","restaurantes","Sagrado Mar","Sant\u00e9 13","Sant\u00e9 Lago","Tayp\u00e1","Ticiana Werner","Trattoria da Rosario","Valle di Sicilia Risotteria e Villa Tevere"],"articleSection":["Gastr\u00f4","Vida"],"inLanguage":"pt-BR"},{"@type":"WebPage","@id":"https:\/\/lackman.com.br\/index.php\/2023\/10\/23\/apaixonado-por-macarrao-se-liga-neste-festival\/","url":"https:\/\/lackman.com.br\/index.php\/2023\/10\/23\/apaixonado-por-macarrao-se-liga-neste-festival\/","name":"Apaixonado por macarr\u00e3o? Se liga neste Festival - LACKMAN &amp; CO.","isPartOf":{"@id":"https:\/\/lackman.com.br\/#website"},"primaryImageOfPage":{"@id":"https:\/\/lackman.com.br\/index.php\/2023\/10\/23\/apaixonado-por-macarrao-se-liga-neste-festival\/#primaryimage"},"image":{"@id":"https:\/\/lackman.com.br\/index.php\/2023\/10\/23\/apaixonado-por-macarrao-se-liga-neste-festival\/#primaryimage"},"thumbnailUrl":"https:\/\/lackman.com.br\/wp-content\/uploads\/2023\/10\/Aroma1-scaled.jpg","datePublished":"2023-10-23T14:59:46+00:00","dateModified":"2023-10-23T15:02:29+00:00","breadcrumb":{"@id":"https:\/\/lackman.com.br\/index.php\/2023\/10\/23\/apaixonado-por-macarrao-se-liga-neste-festival\/#breadcrumb"},"inLanguage":"pt-BR","potentialAction":[{"@type":"ReadAction","target":["https:\/\/lackman.com.br\/index.php\/2023\/10\/23\/apaixonado-por-macarrao-se-liga-neste-festival\/"]}]},{"@type":"ImageObject","inLanguage":"pt-BR","@id":"https:\/\/lackman.com.br\/index.php\/2023\/10\/23\/apaixonado-por-macarrao-se-liga-neste-festival\/#primaryimage","url":"https:\/\/lackman.com.br\/wp-content\/uploads\/2023\/10\/Aroma1-scaled.jpg","contentUrl":"https:\/\/lackman.com.br\/wp-content\/uploads\/2023\/10\/Aroma1-scaled.jpg","width":2560,"height":1707},{"@type":"BreadcrumbList","@id":"https:\/\/lackman.com.br\/index.php\/2023\/10\/23\/apaixonado-por-macarrao-se-liga-neste-festival\/#breadcrumb","itemListElement":[{"@type":"ListItem","position":1,"name":"In\u00edcio","item":"https:\/\/lackman.com.br\/"},{"@type":"ListItem","position":2,"name":"Apaixonado por macarr\u00e3o? Se liga neste Festival"}]},{"@type":"WebSite","@id":"https:\/\/lackman.com.br\/#website","url":"https:\/\/lackman.com.br\/","name":"LACKMAN &amp; CO.","description":"VIDA | MODA | ARTE","publisher":{"@id":"https:\/\/lackman.com.br\/#organization"},"potentialAction":[{"@type":"SearchAction","target":{"@type":"EntryPoint","urlTemplate":"https:\/\/lackman.com.br\/?s={search_term_string}"},"query-input":{"@type":"PropertyValueSpecification","valueRequired":true,"valueName":"search_term_string"}}],"inLanguage":"pt-BR"},{"@type":"Organization","@id":"https:\/\/lackman.com.br\/#organization","name":"LACKMAN &amp; CO.","url":"https:\/\/lackman.com.br\/","logo":{"@type":"ImageObject","inLanguage":"pt-BR","@id":"https:\/\/lackman.com.br\/#\/schema\/logo\/image\/","url":"https:\/\/lackman.com.br\/wp-content\/uploads\/2023\/06\/Logotipo_preto-1.png","contentUrl":"https:\/\/lackman.com.br\/wp-content\/uploads\/2023\/06\/Logotipo_preto-1.png","width":739,"height":393,"caption":"LACKMAN &amp; CO."},"image":{"@id":"https:\/\/lackman.com.br\/#\/schema\/logo\/image\/"}},{"@type":"Person","@id":"https:\/\/lackman.com.br\/#\/schema\/person\/8a2355f699593d21d4f0d25b69db5747","name":"Gilberto Evangelista - Colunista","image":{"@type":"ImageObject","inLanguage":"pt-BR","@id":"https:\/\/lackman.com.br\/#\/schema\/person\/image\/","url":"https:\/\/secure.gravatar.com\/avatar\/cea9badf02f8a90f7a745f2cbea45fda61f65711ec015e2faf3809cca6337c28?s=96&d=mm&r=g","contentUrl":"https:\/\/secure.gravatar.com\/avatar\/cea9badf02f8a90f7a745f2cbea45fda61f65711ec015e2faf3809cca6337c28?s=96&d=mm&r=g","caption":"Gilberto Evangelista - Colunista"},"description":"Jornalista e globetrotter.","url":"https:\/\/lackman.com.br\/index.php\/author\/gilberto-brito\/"}]}},"rttpg_featured_image_url":{"full":["https:\/\/lackman.com.br\/wp-content\/uploads\/2023\/10\/Aroma1-scaled.jpg",2560,1707,false],"landscape":["https:\/\/lackman.com.br\/wp-content\/uploads\/2023\/10\/Aroma1-scaled.jpg",2560,1707,false],"portraits":["https:\/\/lackman.com.br\/wp-content\/uploads\/2023\/10\/Aroma1-scaled.jpg",2560,1707,false],"thumbnail":["https:\/\/lackman.com.br\/wp-content\/uploads\/2023\/10\/Aroma1-150x150.jpg",150,150,true],"medium":["https:\/\/lackman.com.br\/wp-content\/uploads\/2023\/10\/Aroma1-300x200.jpg",300,200,true],"large":["https:\/\/lackman.com.br\/wp-content\/uploads\/2023\/10\/Aroma1-1024x683.jpg",1024,683,true],"RoboGalleryMansoryImagesCenter":["https:\/\/lackman.com.br\/wp-content\/uploads\/2023\/10\/Aroma1-600x1024.jpg",600,1024,true],"RoboGalleryPreload":["https:\/\/lackman.com.br\/wp-content\/uploads\/2023\/10\/Aroma1-scaled.jpg",100,67,false],"1536x1536":["https:\/\/lackman.com.br\/wp-content\/uploads\/2023\/10\/Aroma1-1536x1024.jpg",1536,1024,true],"2048x2048":["https:\/\/lackman.com.br\/wp-content\/uploads\/2023\/10\/Aroma1-2048x1365.jpg",2048,1365,true]},"rttpg_author":{"display_name":"Gilberto Evangelista - Colunista","author_link":"https:\/\/lackman.com.br\/index.php\/author\/gilberto-brito\/"},"rttpg_comment":0,"rttpg_category":"<a href=\"https:\/\/lackman.com.br\/index.php\/category\/vida\/gastronomia\/\" rel=\"category tag\">Gastr\u00f4<\/a> <a href=\"https:\/\/lackman.com.br\/index.php\/category\/vida\/\" rel=\"category tag\">Vida<\/a>","rttpg_excerpt":"O Pasta\u00a0Week chega a Bras\u00edlia para\u00a0celebrar o dia de um dos pratos mais consumidos em todo mundo, e voc\u00ea n\u00e3o vai querer ficar de fora &nbsp; Fettuccine com ragu de cordeiro; Lasanhete com cogumelos: Yakisoba veggy. Risoni crispy; Tavioli de frutos do mar: Rigatoni Mare e Monti; Linguini Cacio e Pepe: Risoni com camar\u00f5es: Rigatoni&hellip;","_links":{"self":[{"href":"https:\/\/lackman.com.br\/index.php\/wp-json\/wp\/v2\/posts\/5677","targetHints":{"allow":["GET"]}}],"collection":[{"href":"https:\/\/lackman.com.br\/index.php\/wp-json\/wp\/v2\/posts"}],"about":[{"href":"https:\/\/lackman.com.br\/index.php\/wp-json\/wp\/v2\/types\/post"}],"author":[{"embeddable":true,"href":"https:\/\/lackman.com.br\/index.php\/wp-json\/wp\/v2\/users\/6"}],"replies":[{"embeddable":true,"href":"https:\/\/lackman.com.br\/index.php\/wp-json\/wp\/v2\/comments?post=5677"}],"version-history":[{"count":2,"href":"https:\/\/lackman.com.br\/index.php\/wp-json\/wp\/v2\/posts\/5677\/revisions"}],"predecessor-version":[{"id":5682,"href":"https:\/\/lackman.com.br\/index.php\/wp-json\/wp\/v2\/posts\/5677\/revisions\/5682"}],"wp:featuredmedia":[{"embeddable":true,"href":"https:\/\/lackman.com.br\/index.php\/wp-json\/wp\/v2\/media\/5678"}],"wp:attachment":[{"href":"https:\/\/lackman.com.br\/index.php\/wp-json\/wp\/v2\/media?parent=5677"}],"wp:term":[{"taxonomy":"category","embeddable":true,"href":"https:\/\/lackman.com.br\/index.php\/wp-json\/wp\/v2\/categories?post=5677"},{"taxonomy":"post_tag","embeddable":true,"href":"https:\/\/lackman.com.br\/index.php\/wp-json\/wp\/v2\/tags?post=5677"}],"curies":[{"name":"wp","href":"https:\/\/api.w.org\/{rel}","templated":true}]}}