{"id":5642,"date":"2023-10-22T08:02:28","date_gmt":"2023-10-22T11:02:28","guid":{"rendered":"https:\/\/lackman.com.br\/?p=5642"},"modified":"2023-10-22T07:59:41","modified_gmt":"2023-10-22T10:59:41","slug":"especialpara-2024-uma-moda-com-mais-toques-sustentaveis","status":"publish","type":"post","link":"https:\/\/lackman.com.br\/index.php\/2023\/10\/22\/especialpara-2024-uma-moda-com-mais-toques-sustentaveis\/","title":{"rendered":"ESPECIAL: Para 2024, uma moda com mais toques sustent\u00e1veis"},"content":{"rendered":"<h5 style=\"text-align: justify;\"><em>Movimento que eleva a sustentabilidade tem ganhado espa\u00e7o nas semanas de moda internacionais e destacam trabalhos de marcas e designers que mostram ter responsabilidade em suas cria\u00e7\u00f5es<\/em><\/h5>\n<p style=\"text-align: justify;\">O ano de 2023 sem d\u00favidas est\u00e1 sendo marcado pelo <strong>despertar global<\/strong> de sentimentos sobre as <strong>mudan\u00e7as clim\u00e1ticas<\/strong>. De agosto a outubro, pa\u00edses ao redor do mundo mostraram novas cole\u00e7\u00f5es para <strong>Primavera\/Ver\u00e3o de 2024<\/strong>. Algumas marcas se destacaram com responsabilidade em suas cria\u00e7\u00f5es. Acontecimentos, principalmente clim\u00e1ticos, v\u00eam causando reflexos diretos na <strong>ind\u00fastria t\u00eaxtil<\/strong> e fazendo com que grandes marcas e desfiles de refer\u00eancia sejam movimentos em busca de novas pr\u00e1ticas na moda que possam oferecer <strong>menores impactos<\/strong> no meio ambiente. No continente asi\u00e1tico, a <strong>Lakm\u00e9 Fashion Week<\/strong>, que ocorreu em <strong>Nova Delhi<\/strong>, capital da \u00cdndia, e a <strong>Shanghai Fashion Week<\/strong>, na <strong>China<\/strong>, foram dois dos \u00faltimos eventos que apresentaram marcas respons\u00e1veis e <strong>eco-friendly<\/strong>. Proporcionalmente, na <strong>Europa<\/strong> e <strong>Estados Unidos<\/strong>, tal movimenta\u00e7\u00e3o ainda parece <strong>t\u00edmida.<\/strong><\/p>\n<h5>Lakm\u00e9 Fashion Week<\/h5>\n<figure id=\"attachment_5645\" aria-describedby=\"caption-attachment-5645\" style=\"width: 828px\" class=\"wp-caption alignnone\"><img fetchpriority=\"high\" decoding=\"async\" class=\"size-large wp-image-5645\" src=\"http:\/\/lackman.com.br\/wp-content\/uploads\/2023\/10\/image1-828x1024.jpg\" alt=\"\" width=\"828\" height=\"1024\" srcset=\"https:\/\/lackman.com.br\/wp-content\/uploads\/2023\/10\/image1-828x1024.jpg 828w, https:\/\/lackman.com.br\/wp-content\/uploads\/2023\/10\/image1-243x300.jpg 243w, https:\/\/lackman.com.br\/wp-content\/uploads\/2023\/10\/image1-768x949.jpg 768w, https:\/\/lackman.com.br\/wp-content\/uploads\/2023\/10\/image1.jpg 1080w\" sizes=\"(max-width: 828px) 100vw, 828px\" \/><figcaption id=\"caption-attachment-5645\" class=\"wp-caption-text\"><strong>Varun Bahl<\/strong> (Reprodu\u00e7\u00e3o Lakm\u00e9 Fashion Week IG)<\/figcaption><\/figure>\n<p style=\"text-align: justify;\">No primeiro dia da semana de moda da <strong>\u00cdndia<\/strong> a cole\u00e7\u00e3o de <strong>Varun Bahl<\/strong>, intitulada <strong>\u201cInner Blossom\u201d<\/strong>, surpreendeu com a celebra\u00e7\u00e3o da <strong>fauna e flora<\/strong> no design dos exuberantes vestidos e saias inspiradas no artesanato indiano.<br \/>\nPor meio de tecidos sustent\u00e1veis, vers\u00e1teis e <strong>tecnologicamente inovadores<\/strong> da ind\u00fastria R | Elan \u2013 cuja mat\u00e9ria-prima s\u00e3o de materiais reciclados \u2013 os bordados tridimensionais da cole\u00e7\u00e3o de Varun trouxeram vida \u00e0s estampas<strong>\u00a0bot\u00e2nicas<\/strong>, e foram um show entre requinte no design e <strong>responsabilidade ambiental<\/strong>.<br \/>\nAp\u00f3s a apresenta\u00e7\u00e3o de sua cole\u00e7\u00e3o, Varun explicou que sempre acreditou na sustentabilidade como o futuro da moda, e que com a utiliza\u00e7\u00e3o de <strong>tecidos sustent\u00e1veis<\/strong>, eles criaram uma cole\u00e7\u00e3o festiva e absolutamente \u00fanica.<\/p>\n<figure id=\"attachment_5650\" aria-describedby=\"caption-attachment-5650\" style=\"width: 920px\" class=\"wp-caption alignnone\"><img decoding=\"async\" class=\"size-full wp-image-5650\" src=\"http:\/\/lackman.com.br\/wp-content\/uploads\/2023\/10\/image6.png\" alt=\"\" width=\"920\" height=\"614\" srcset=\"https:\/\/lackman.com.br\/wp-content\/uploads\/2023\/10\/image6.png 920w, https:\/\/lackman.com.br\/wp-content\/uploads\/2023\/10\/image6-300x200.png 300w, https:\/\/lackman.com.br\/wp-content\/uploads\/2023\/10\/image6-768x513.png 768w\" sizes=\"(max-width: 920px) 100vw, 920px\" \/><figcaption id=\"caption-attachment-5650\" class=\"wp-caption-text\"><strong>Amita Gupta<\/strong> (Reprodu\u00e7\u00e3o Lakm\u00e9 Fashion Week IG)<\/figcaption><\/figure>\n<p style=\"text-align: justify;\">J\u00e1 as marcas da <strong>Amita Gupta<\/strong> e <strong>Swatti Kapoor<\/strong> n\u00e3o ficaram para tr\u00e1s. A cole\u00e7\u00e3o de Amita Gupta Sustentable, <strong>\u201cThe Age of Urban Re Foresting\u201d<\/strong> (A Era da Refloresta\u00e7\u00e3o Urbana, em tradu\u00e7\u00e3o livre) teve seu foco na sustentabilidade por meio da fabrica\u00e7\u00e3o de pe\u00e7as com <strong>algod\u00e3o khadi org\u00e2nico<\/strong>, e do reaproveitamento de res\u00edduos dos tecidos em bot\u00f5es, bolsos e bolsas.<br \/>\nAl\u00e9m disso, os res\u00edduos de <strong>fios de urdidura<\/strong> foram engenhosamente transformados em cord\u00f5es para adornar as pe\u00e7as de <strong>tons terrosos<\/strong>.<\/p>\n<figure id=\"attachment_5653\" aria-describedby=\"caption-attachment-5653\" style=\"width: 594px\" class=\"wp-caption aligncenter\"><img decoding=\"async\" class=\"wp-image-5653 size-full\" src=\"http:\/\/lackman.com.br\/wp-content\/uploads\/2023\/10\/image9.png\" alt=\"\" width=\"594\" height=\"614\" srcset=\"https:\/\/lackman.com.br\/wp-content\/uploads\/2023\/10\/image9.png 594w, https:\/\/lackman.com.br\/wp-content\/uploads\/2023\/10\/image9-290x300.png 290w\" sizes=\"(max-width: 594px) 100vw, 594px\" \/><figcaption id=\"caption-attachment-5653\" class=\"wp-caption-text\"><strong>Swatti Kapoor<\/strong> (Reprodu\u00e7\u00e3o Lakm\u00e9 Fashion Week IG)<\/figcaption><\/figure>\n<p style=\"text-align: justify;\">A cole\u00e7\u00e3o <strong>Sahara<\/strong>, de Swatti Kapoor, por sua vez, teve como inspira\u00e7\u00e3o o <strong>deserto africano<\/strong> e celebrou as culturas do Egito, que foram expressadas no design de pe\u00e7as <strong>vibrantemente bo\u00eamias<\/strong>.<br \/>\nA sustentabilidade estava na escolha dos tecidos; o fino <strong>chanderi,<\/strong> variando de 40 a 50 gramas, combinado com o <strong>khadi mul<\/strong>, o chanderi listrado e o algod\u00e3o\/seda tecido \u00e0 m\u00e3o proveniente de Bengala, criaram uma <strong>tape\u00e7aria<\/strong> vibrante de onze tons.<\/p>\n<h5>Shanghai Fashion Week<\/h5>\n<figure id=\"attachment_5651\" aria-describedby=\"caption-attachment-5651\" style=\"width: 1007px\" class=\"wp-caption alignnone\"><img loading=\"lazy\" decoding=\"async\" class=\"size-full wp-image-5651\" src=\"http:\/\/lackman.com.br\/wp-content\/uploads\/2023\/10\/image7.jpg\" alt=\"\" width=\"1007\" height=\"671\" srcset=\"https:\/\/lackman.com.br\/wp-content\/uploads\/2023\/10\/image7.jpg 1007w, https:\/\/lackman.com.br\/wp-content\/uploads\/2023\/10\/image7-300x200.jpg 300w, https:\/\/lackman.com.br\/wp-content\/uploads\/2023\/10\/image7-768x512.jpg 768w\" sizes=\"(max-width: 1007px) 100vw, 1007px\" \/><figcaption id=\"caption-attachment-5651\" class=\"wp-caption-text\"><strong>ICICLE<\/strong> (Reprodu\u00e7\u00e3o)<\/figcaption><\/figure>\n<p style=\"text-align: justify;\">Na China, a marca <strong>ICICLE<\/strong> debutou na abertura da <strong>Shanghai Fashion Week<\/strong>. A cole\u00e7\u00e3o teve seu foco em designs <strong>atemporais<\/strong> que conseguem transitar sua beleza no cotidiano do dia-dia, <strong>sem se atrelar a tend\u00eancias<\/strong> ef\u00eameras, e mantendo certa dist\u00e2ncia do sistema de <strong>moda convencional<\/strong>.<br \/>\nSegundo <strong>Ye Shouzeng<\/strong>, fundador e executivo-chefe da marca, eles trabalham com <strong>materiais naturais<\/strong> e sustent\u00e1veis, como a <strong>caxemira, linho, l\u00e3, seda<\/strong> e <strong>algod\u00e3o,<\/strong> e o seu conceito de design tem a inten\u00e7\u00e3o de preencher a lacuna entre entre a modernidade e a tradi\u00e7\u00e3o, promovendo um <strong>estilo de vida modesto<\/strong> e sustent\u00e1vel.<\/p>\n<h4 style=\"text-align: justify;\">Mais sustentabilidade nas temporadas internacionais&#8230;<\/h4>\n<h5 style=\"text-align: justify;\">Copenhagen Fashion Week<\/h5>\n<p style=\"text-align: justify;\">Na <strong>Dinamarca,<\/strong> a Copenhagen Fashion Week estabelece requisitos sustent\u00e1veis para as marcas participarem com seus desfiles, proposta existente desde <strong>2020.<\/strong> A movimenta\u00e7\u00e3o deixou rastros de referenciais a serem seguidos no <strong>mundo da moda<\/strong>.<br \/>\nOs crit\u00e9rios fazem parte do <strong>Plano de A\u00e7\u00e3o de Sustentabilidade<\/strong> que tem a inten\u00e7\u00e3o de influenciar as pr\u00e1ticas de mudan\u00e7as a longo prazo na <strong>ind\u00fastria.<\/strong> Dessa forma, todas as marcas que se candidataram tinham que cumprir o <strong>conjunto m\u00ednimo de padr\u00f5es<\/strong>, entre eles ter pelo menos 50% da <strong>cole\u00e7\u00e3o certificada<\/strong>, feita de materiais preferenciais ou <strong>materiais sustent\u00e1veis<\/strong> \u200b\u200bde nova gera\u00e7\u00e3o, reaproveitada, reciclada ou feita de estoque morto; <strong>N\u00e3o destruir roupas<\/strong> n\u00e3o vendidas de cole\u00e7\u00f5es anteriores e n\u00e3o lan\u00e7ar m\u00e3o do uso de <strong>peles de animais<\/strong> nas pe\u00e7as.<\/p>\n<p style=\"text-align: justify;\">Dentre outros requisitos est\u00e3o os crit\u00e9rios para <strong>melhores condi\u00e7\u00f5es de trabalho<\/strong> para as pessoas envolvidas na ind\u00fastria da moda, demonstrando que sustentabilidade vai al\u00e9m do <strong>meio ecol\u00f3gico<\/strong>, uma vez que envolve tamb\u00e9m a comunidade.<\/p>\n<p style=\"text-align: justify;\">Abaixo seguem imagens das marcas que se destacaram no <strong>Copenhagen Fashion Week<\/strong> com a tend\u00eancia cor de rosa:<\/p>\n<div id='gallery-1' class='gallery galleryid-5642 gallery-columns-2 gallery-size-large'><figure class='gallery-item'>\n\t\t\t<div class='gallery-icon portrait'>\n\t\t\t\t<a href='https:\/\/lackman.com.br\/index.php\/2023\/10\/22\/especialpara-2024-uma-moda-com-mais-toques-sustentaveis\/image15\/'><img loading=\"lazy\" decoding=\"async\" width=\"683\" height=\"1024\" src=\"https:\/\/lackman.com.br\/wp-content\/uploads\/2023\/10\/image15.png\" class=\"attachment-large size-large\" alt=\"\" aria-describedby=\"gallery-1-5659\" srcset=\"https:\/\/lackman.com.br\/wp-content\/uploads\/2023\/10\/image15.png 683w, https:\/\/lackman.com.br\/wp-content\/uploads\/2023\/10\/image15-200x300.png 200w\" sizes=\"(max-width: 683px) 100vw, 683px\" \/><\/a>\n\t\t\t<\/div>\n\t\t\t\t<figcaption class='wp-caption-text gallery-caption' id='gallery-1-5659'>\n\t\t\t\tStamm  (Reprodu\u00e7\u00e3o\/Harper&#8217;s Bazaar)\n\t\t\t\t<\/figcaption><\/figure><figure class='gallery-item'>\n\t\t\t<div class='gallery-icon portrait'>\n\t\t\t\t<a href='https:\/\/lackman.com.br\/index.php\/2023\/10\/22\/especialpara-2024-uma-moda-com-mais-toques-sustentaveis\/image5\/'><img loading=\"lazy\" decoding=\"async\" width=\"683\" height=\"1024\" src=\"https:\/\/lackman.com.br\/wp-content\/uploads\/2023\/10\/image5.png\" class=\"attachment-large size-large\" alt=\"\" aria-describedby=\"gallery-1-5649\" srcset=\"https:\/\/lackman.com.br\/wp-content\/uploads\/2023\/10\/image5.png 683w, https:\/\/lackman.com.br\/wp-content\/uploads\/2023\/10\/image5-200x300.png 200w\" sizes=\"(max-width: 683px) 100vw, 683px\" \/><\/a>\n\t\t\t<\/div>\n\t\t\t\t<figcaption class='wp-caption-text gallery-caption' id='gallery-1-5649'>\n\t\t\t\tGanni  (Reprodu\u00e7\u00e3o\/Harper&#8217;s Bazzar)\n\t\t\t\t<\/figcaption><\/figure>\n\t\t<\/div>\n\n<h5 style=\"text-align: justify;\">New York Fashion Week<\/h5>\n<p style=\"text-align: justify;\">Com cerca de 35 marcas <strong>eco-friendly <\/strong>no calend\u00e1rio oficial, a New York Fashion Week, fez desta temporada, a <strong>mais sustent\u00e1vel de todas<\/strong>. Muitas delas, marcas emergentes e idealizadas por designers da nova gera\u00e7\u00e3o.<br \/>\nA exemplo, a marca <strong>Tanner Fletcher<\/strong>, que estreou na passarela do <strong>NYFW<\/strong> se colocando no mercado como uma marca sem g\u00eanero, especializada em <strong>pret-a-porter, bolsas e joias<\/strong>, que ultrapassam os limites entre masculinidade e feminilidade.<\/p>\n<div id='gallery-2' class='gallery galleryid-5642 gallery-columns-2 gallery-size-large'><figure class='gallery-item'>\n\t\t\t<div class='gallery-icon portrait'>\n\t\t\t\t<a href='https:\/\/lackman.com.br\/index.php\/2023\/10\/22\/especialpara-2024-uma-moda-com-mais-toques-sustentaveis\/image12\/'><img loading=\"lazy\" decoding=\"async\" width=\"682\" height=\"1024\" src=\"https:\/\/lackman.com.br\/wp-content\/uploads\/2023\/10\/image12-682x1024.png\" class=\"attachment-large size-large\" alt=\"\" aria-describedby=\"gallery-2-5656\" srcset=\"https:\/\/lackman.com.br\/wp-content\/uploads\/2023\/10\/image12-682x1024.png 682w, https:\/\/lackman.com.br\/wp-content\/uploads\/2023\/10\/image12-200x300.png 200w, https:\/\/lackman.com.br\/wp-content\/uploads\/2023\/10\/image12-768x1152.png 768w, https:\/\/lackman.com.br\/wp-content\/uploads\/2023\/10\/image12.png 853w\" sizes=\"(max-width: 682px) 100vw, 682px\" \/><\/a>\n\t\t\t<\/div>\n\t\t\t\t<figcaption class='wp-caption-text gallery-caption' id='gallery-2-5656'>\n\t\t\t\tTanner Fletcher\n\t\t\t\t<\/figcaption><\/figure><figure class='gallery-item'>\n\t\t\t<div class='gallery-icon portrait'>\n\t\t\t\t<a href='https:\/\/lackman.com.br\/index.php\/2023\/10\/22\/especialpara-2024-uma-moda-com-mais-toques-sustentaveis\/image10\/'><img loading=\"lazy\" decoding=\"async\" width=\"682\" height=\"1024\" src=\"https:\/\/lackman.com.br\/wp-content\/uploads\/2023\/10\/image10-682x1024.png\" class=\"attachment-large size-large\" alt=\"\" aria-describedby=\"gallery-2-5654\" srcset=\"https:\/\/lackman.com.br\/wp-content\/uploads\/2023\/10\/image10-682x1024.png 682w, https:\/\/lackman.com.br\/wp-content\/uploads\/2023\/10\/image10-200x300.png 200w, https:\/\/lackman.com.br\/wp-content\/uploads\/2023\/10\/image10-768x1152.png 768w, https:\/\/lackman.com.br\/wp-content\/uploads\/2023\/10\/image10.png 853w\" sizes=\"(max-width: 682px) 100vw, 682px\" \/><\/a>\n\t\t\t<\/div>\n\t\t\t\t<figcaption class='wp-caption-text gallery-caption' id='gallery-2-5654'>\n\t\t\t\t(Reprodu\u00e7\u00e3o: Hypebeast.com)\n\t\t\t\t<\/figcaption><\/figure>\n\t\t<\/div>\n\n<p style=\"text-align: justify;\">Seus fundadores <strong>Tanner Richie<\/strong> e <strong>Fletcher Kasell<\/strong>, recorreram a materiais <strong>econ\u00f4micos e vintage<\/strong>, confeccionando roupas a partir de <strong>len\u00e7\u00f3is de estoque morto da d\u00e9cada de 1960<\/strong> e restos de charmeuse de seda de estoque morto e aplica\u00e7\u00f5es de rendas.<br \/>\nEles trouxeram novas formas de utilizar a <strong>cinta-liga<\/strong> e o design de blazers, ternos e vestidos transitavam entre a est\u00e9tica <strong>vitoriana<\/strong> e os <strong>toques et\u00e9reos<\/strong>.<\/p>\n<h5 style=\"text-align: justify;\">Paris Fashion Week<\/h5>\n<div id='gallery-3' class='gallery galleryid-5642 gallery-columns-2 gallery-size-large'><figure class='gallery-item'>\n\t\t\t<div class='gallery-icon portrait'>\n\t\t\t\t<a href='https:\/\/lackman.com.br\/index.php\/2023\/10\/22\/especialpara-2024-uma-moda-com-mais-toques-sustentaveis\/image14\/'><img loading=\"lazy\" decoding=\"async\" width=\"682\" height=\"1024\" src=\"https:\/\/lackman.com.br\/wp-content\/uploads\/2023\/10\/image14-682x1024.png\" class=\"attachment-large size-large\" alt=\"\" aria-describedby=\"gallery-3-5658\" srcset=\"https:\/\/lackman.com.br\/wp-content\/uploads\/2023\/10\/image14-682x1024.png 682w, https:\/\/lackman.com.br\/wp-content\/uploads\/2023\/10\/image14-200x300.png 200w, https:\/\/lackman.com.br\/wp-content\/uploads\/2023\/10\/image14-768x1152.png 768w, https:\/\/lackman.com.br\/wp-content\/uploads\/2023\/10\/image14.png 853w\" sizes=\"(max-width: 682px) 100vw, 682px\" \/><\/a>\n\t\t\t<\/div>\n\t\t\t\t<figcaption class='wp-caption-text gallery-caption' id='gallery-3-5658'>\n\t\t\t\tStella McCartney\n\t\t\t\t<\/figcaption><\/figure><figure class='gallery-item'>\n\t\t\t<div class='gallery-icon portrait'>\n\t\t\t\t<a href='https:\/\/lackman.com.br\/index.php\/2023\/10\/22\/especialpara-2024-uma-moda-com-mais-toques-sustentaveis\/image3\/'><img loading=\"lazy\" decoding=\"async\" width=\"586\" height=\"878\" src=\"https:\/\/lackman.com.br\/wp-content\/uploads\/2023\/10\/image3.png\" class=\"attachment-large size-large\" alt=\"\" aria-describedby=\"gallery-3-5647\" srcset=\"https:\/\/lackman.com.br\/wp-content\/uploads\/2023\/10\/image3.png 586w, https:\/\/lackman.com.br\/wp-content\/uploads\/2023\/10\/image3-200x300.png 200w\" sizes=\"(max-width: 586px) 100vw, 586px\" \/><\/a>\n\t\t\t<\/div>\n\t\t\t\t<figcaption class='wp-caption-text gallery-caption' id='gallery-3-5647'>\n\t\t\t\t(Reprodu\u00e7\u00e3o: Revista L&#8217;officiel)\n\t\t\t\t<\/figcaption><\/figure>\n\t\t<\/div>\n\n<p style=\"text-align: justify;\">Nas ruas de Paris, o desfile de Stella McCartney, com um qu\u00ea de <strong>popular,<\/strong> foi realizado em frente \u00e0 <strong>Torre Eiffel<\/strong>. Isso posicionou a <strong>marca de luxo<\/strong> consciente em meio a sem\u00e1foros e feiras, com looks marcados por tra\u00e7os da est\u00e9tica do <strong>rock anos 90<\/strong>. O termo <strong>\u201cluxo consciente\u201d<\/strong> se d\u00e1 pelo uso de mat\u00e9rias-primas alternativas, de base <strong>vegetal ou tecnol\u00f3gica<\/strong>, que tomou conta de <strong>95% da cole\u00e7\u00e3o<\/strong> de Ver\u00e3o 2024.<br \/>\nJaquetas, blazers e t-shirts com um olhar vintage mostraram a conex\u00e3o entre Stella e os seus pais. Com fortes inspira\u00e7\u00f5es do <strong>movimento musical<\/strong>, os designs possu\u00edam refer\u00eancias \u00e0 banda de <strong>Paul e Linda McCartney<\/strong>. Refletindo as ra\u00edzes da estilista, que conectou seu mundo da moda ao rock ineg\u00e1vel da sua <strong>linhagem.<\/strong><\/p>\n<h5 style=\"text-align: justify;\">Milan Fashion Week<\/h5>\n<div id='gallery-4' class='gallery galleryid-5642 gallery-columns-2 gallery-size-large'><figure class='gallery-item'>\n\t\t\t<div class='gallery-icon portrait'>\n\t\t\t\t<a href='https:\/\/lackman.com.br\/index.php\/2023\/10\/22\/especialpara-2024-uma-moda-com-mais-toques-sustentaveis\/image13\/'><img loading=\"lazy\" decoding=\"async\" width=\"683\" height=\"1024\" src=\"https:\/\/lackman.com.br\/wp-content\/uploads\/2023\/10\/image13-683x1024.png\" class=\"attachment-large size-large\" alt=\"\" aria-describedby=\"gallery-4-5657\" srcset=\"https:\/\/lackman.com.br\/wp-content\/uploads\/2023\/10\/image13-683x1024.png 683w, https:\/\/lackman.com.br\/wp-content\/uploads\/2023\/10\/image13-200x300.png 200w, https:\/\/lackman.com.br\/wp-content\/uploads\/2023\/10\/image13.png 750w\" sizes=\"(max-width: 683px) 100vw, 683px\" \/><\/a>\n\t\t\t<\/div>\n\t\t\t\t<figcaption class='wp-caption-text gallery-caption' id='gallery-4-5657'>\n\t\t\t\tRave Review\n\t\t\t\t<\/figcaption><\/figure><figure class='gallery-item'>\n\t\t\t<div class='gallery-icon portrait'>\n\t\t\t\t<a href='https:\/\/lackman.com.br\/index.php\/2023\/10\/22\/especialpara-2024-uma-moda-com-mais-toques-sustentaveis\/image11\/'><img loading=\"lazy\" decoding=\"async\" width=\"683\" height=\"1024\" src=\"https:\/\/lackman.com.br\/wp-content\/uploads\/2023\/10\/image11-683x1024.png\" class=\"attachment-large size-large\" alt=\"\" aria-describedby=\"gallery-4-5655\" srcset=\"https:\/\/lackman.com.br\/wp-content\/uploads\/2023\/10\/image11-683x1024.png 683w, https:\/\/lackman.com.br\/wp-content\/uploads\/2023\/10\/image11-200x300.png 200w, https:\/\/lackman.com.br\/wp-content\/uploads\/2023\/10\/image11.png 750w\" sizes=\"(max-width: 683px) 100vw, 683px\" \/><\/a>\n\t\t\t<\/div>\n\t\t\t\t<figcaption class='wp-caption-text gallery-caption' id='gallery-4-5655'>\n\t\t\t\t(Reprodu\u00e7\u00e3o: Vogue Scandinavia)\n\t\t\t\t<\/figcaption><\/figure>\n\t\t<\/div>\n\n<p style=\"text-align: justify;\">Na It\u00e1lia, a marca que ganhou destaque foi a <strong>Rave Review<\/strong> que recicla tecidos para estofados, e \u00e9 uma das pioneiras nas pr\u00e1ticas de <strong>Upcycling desde 2017<\/strong>. Transformando velhas toalhas de mesa, len\u00e7\u00f3is e cortinas em pe\u00e7as divertidas, eles come\u00e7aram a produzir roupas <strong>altamente polidas<\/strong>, feitas inteiramente com tecidos e <strong>roupas pr\u00e9-existentes<\/strong>. A cole\u00e7\u00e3o ver\u00e3o 2024 teve forte influ\u00eancia do romance <strong>kitsch,<\/strong> do <strong>punk<\/strong> e do <strong>grunge,<\/strong> com paletas de looks brancos <strong>monocrom\u00e1ticos,<\/strong> flores <strong>branqueadas<\/strong> e jeans <strong>desgastados.<\/strong><\/p>\n<figure id=\"attachment_5666\" aria-describedby=\"caption-attachment-5666\" style=\"width: 1000px\" class=\"wp-caption alignnone\"><img loading=\"lazy\" decoding=\"async\" class=\"wp-image-5666 size-full\" src=\"http:\/\/lackman.com.br\/wp-content\/uploads\/2023\/10\/image8-1.png\" alt=\"\" width=\"1000\" height=\"928\" srcset=\"https:\/\/lackman.com.br\/wp-content\/uploads\/2023\/10\/image8-1.png 1000w, https:\/\/lackman.com.br\/wp-content\/uploads\/2023\/10\/image8-1-300x278.png 300w, https:\/\/lackman.com.br\/wp-content\/uploads\/2023\/10\/image8-1-768x713.png 768w\" sizes=\"(max-width: 1000px) 100vw, 1000px\" \/><figcaption id=\"caption-attachment-5666\" class=\"wp-caption-text\">Natural Cotton Color (Reprodu\u00e7\u00e3o)<\/figcaption><\/figure>\n<p style=\"text-align: justify;\">Outra cole\u00e7\u00e3o que vale a pena citar foi a Asa Branca, da marca brasileira <strong>Natural Cotton Collor<\/strong>, que levou as influ\u00eancias nordestinas para o grande <strong>desfile italiano<\/strong>, com direito a <strong>confec\u00e7\u00e3o sustent\u00e1vel<\/strong>, utilizando o <strong>algod\u00e3o colorido org\u00e2nico da Para\u00edba<\/strong>. Os 20 looks expressam atrav\u00e9s dos bordados e estampas a <strong>cultura do Sert\u00e3o Nordestino<\/strong>, e a cole\u00e7\u00e3o \u00e9 uma homenagem ao <strong>p\u00e1ssaro s\u00edmbolo da esperan\u00e7a<\/strong> para as terras \u00e1ridas, que antecede as raras chuvas.<\/p>\n<h5 style=\"text-align: justify;\">London Fashion Week<\/h5>\n<div id='gallery-5' class='gallery galleryid-5642 gallery-columns-2 gallery-size-large'><figure class='gallery-item'>\n\t\t\t<div class='gallery-icon portrait'>\n\t\t\t\t<a href='https:\/\/lackman.com.br\/index.php\/2023\/10\/22\/especialpara-2024-uma-moda-com-mais-toques-sustentaveis\/image4\/'><img loading=\"lazy\" decoding=\"async\" width=\"679\" height=\"1024\" src=\"https:\/\/lackman.com.br\/wp-content\/uploads\/2023\/10\/image4-679x1024.png\" class=\"attachment-large size-large\" alt=\"\" aria-describedby=\"gallery-5-5648\" srcset=\"https:\/\/lackman.com.br\/wp-content\/uploads\/2023\/10\/image4-679x1024.png 679w, https:\/\/lackman.com.br\/wp-content\/uploads\/2023\/10\/image4-199x300.png 199w, https:\/\/lackman.com.br\/wp-content\/uploads\/2023\/10\/image4-768x1159.png 768w, https:\/\/lackman.com.br\/wp-content\/uploads\/2023\/10\/image4.png 800w\" sizes=\"(max-width: 679px) 100vw, 679px\" \/><\/a>\n\t\t\t<\/div>\n\t\t\t\t<figcaption class='wp-caption-text gallery-caption' id='gallery-5-5648'>\n\t\t\t\tTolu Coker\n\t\t\t\t<\/figcaption><\/figure><figure class='gallery-item'>\n\t\t\t<div class='gallery-icon portrait'>\n\t\t\t\t<a href='https:\/\/lackman.com.br\/index.php\/2023\/10\/22\/especialpara-2024-uma-moda-com-mais-toques-sustentaveis\/image2-2\/'><img loading=\"lazy\" decoding=\"async\" width=\"679\" height=\"1024\" src=\"https:\/\/lackman.com.br\/wp-content\/uploads\/2023\/10\/image2-1-679x1024.png\" class=\"attachment-large size-large\" alt=\"\" aria-describedby=\"gallery-5-5667\" srcset=\"https:\/\/lackman.com.br\/wp-content\/uploads\/2023\/10\/image2-1-679x1024.png 679w, https:\/\/lackman.com.br\/wp-content\/uploads\/2023\/10\/image2-1-199x300.png 199w, https:\/\/lackman.com.br\/wp-content\/uploads\/2023\/10\/image2-1-768x1159.png 768w, https:\/\/lackman.com.br\/wp-content\/uploads\/2023\/10\/image2-1.png 800w\" sizes=\"(max-width: 679px) 100vw, 679px\" \/><\/a>\n\t\t\t<\/div>\n\t\t\t\t<figcaption class='wp-caption-text gallery-caption' id='gallery-5-5667'>\n\t\t\t\t(Reprodu\u00e7\u00e3o London Fashion Week)\n\t\t\t\t<\/figcaption><\/figure>\n\t\t<\/div>\n\n<p style=\"text-align: justify;\">Mostrando que as marcas emergentes s\u00e3o as que mais aderiram ao movimento sustent\u00e1vel, no pen\u00faltimo dia da <strong>London Fashion Week<\/strong>, a cole\u00e7\u00e3o da <strong>brit\u00e2nica-nigeriana Tolu Coker<\/strong> debutou com seu primeiro desfile apoiada pelo programa <strong>NewGen do British Fashion Council<\/strong> (BFC). A cole\u00e7\u00e3o <strong>\u201cIrapada\u201d<\/strong> que significa <strong>\u201cReden\u00e7\u00e3o\u201d<\/strong> em <strong>Iorub\u00e1,<\/strong> celebrou a cultura de um dos maiores <strong>grupos \u00e9tnicos da Nig\u00e9ria<\/strong>. A designer fundiu as tend\u00eancias do <strong>design contempor\u00e2neo<\/strong> \u00e0s refer\u00eancias tradicionais das <strong>gera\u00e7\u00f5es anteriores<\/strong>.<br \/>\nAs cole\u00e7\u00f5es, em grande <strong>parte sem g\u00eanero<\/strong>, s\u00e3o apoiadas por pr\u00e1ticas sustent\u00e1veis \u200b\u200bque incluem a <strong>produ\u00e7\u00e3o local<\/strong>, a <strong>garantia do pagamento de sal\u00e1rios justos<\/strong> e a utiliza\u00e7\u00e3o de <strong>tecidos em estoque<\/strong> e a <strong>reciclagem de materiais residuais<\/strong> sempre que poss\u00edvel.<\/p>\n<hr \/>\n<pre style=\"text-align: justify;\">Fotos: Reprodu\u00e7\u00e3o e Divulga\u00e7\u00e3o<\/pre>\n","protected":false},"excerpt":{"rendered":"<p>Movimento que eleva a sustentabilidade tem ganhado espa\u00e7o nas semanas de moda internacionais e destacam trabalhos de marcas e designers que mostram ter responsabilidade em suas cria\u00e7\u00f5es O ano de 2023 sem d\u00favidas est\u00e1 sendo marcado pelo despertar global de sentimentos sobre as mudan\u00e7as clim\u00e1ticas. De agosto a outubro, pa\u00edses ao redor do mundo mostraram novas cole\u00e7\u00f5es para Primavera\/Ver\u00e3o de 2024. Algumas marcas se destacaram com responsabilidade em suas cria\u00e7\u00f5es. Acontecimentos, principalmente clim\u00e1ticos, v\u00eam causando reflexos diretos na ind\u00fastria t\u00eaxtil e fazendo com que grandes marcas e desfiles de refer\u00eancia sejam movimentos em busca de novas pr\u00e1ticas na moda que possam oferecer menores impactos no meio ambiente. No continente asi\u00e1tico, a Lakm\u00e9 Fashion Week, que ocorreu em Nova Delhi, capital da \u00cdndia, e a Shanghai Fashion Week, na China, foram dois dos \u00faltimos eventos que apresentaram marcas respons\u00e1veis e eco-friendly. Proporcionalmente, na Europa e Estados Unidos, tal movimenta\u00e7\u00e3o ainda parece t\u00edmida. Lakm\u00e9 Fashion Week No primeiro dia da semana de moda da \u00cdndia a cole\u00e7\u00e3o de Varun Bahl, intitulada \u201cInner Blossom\u201d, surpreendeu com a celebra\u00e7\u00e3o da fauna e flora no design dos exuberantes vestidos e saias inspiradas no artesanato indiano. Por meio de tecidos sustent\u00e1veis, vers\u00e1teis e tecnologicamente inovadores da ind\u00fastria R | Elan \u2013 cuja mat\u00e9ria-prima s\u00e3o de materiais reciclados \u2013 os bordados tridimensionais da cole\u00e7\u00e3o de Varun trouxeram vida \u00e0s estampas\u00a0bot\u00e2nicas, e foram um show entre requinte no design e responsabilidade ambiental. Ap\u00f3s a apresenta\u00e7\u00e3o de sua cole\u00e7\u00e3o, Varun explicou que sempre acreditou na sustentabilidade como o futuro da moda, e que com a utiliza\u00e7\u00e3o de tecidos sustent\u00e1veis, eles criaram uma cole\u00e7\u00e3o festiva e absolutamente \u00fanica. J\u00e1 as marcas da Amita Gupta e Swatti Kapoor n\u00e3o ficaram para tr\u00e1s. A cole\u00e7\u00e3o de Amita Gupta Sustentable, \u201cThe Age of Urban Re Foresting\u201d (A Era da Refloresta\u00e7\u00e3o Urbana, em tradu\u00e7\u00e3o livre) teve seu foco na sustentabilidade por meio da fabrica\u00e7\u00e3o de pe\u00e7as com algod\u00e3o khadi org\u00e2nico, e do reaproveitamento de res\u00edduos dos tecidos em bot\u00f5es, bolsos e bolsas. Al\u00e9m disso, os res\u00edduos de fios de urdidura foram engenhosamente transformados em cord\u00f5es para adornar as pe\u00e7as de tons terrosos. A cole\u00e7\u00e3o Sahara, de Swatti Kapoor, por sua vez, teve como inspira\u00e7\u00e3o o deserto africano e celebrou as culturas do Egito, que foram expressadas no design de pe\u00e7as vibrantemente bo\u00eamias. A sustentabilidade estava na escolha dos tecidos; o fino chanderi, variando de 40 a 50 gramas, combinado com o khadi mul, o chanderi listrado e o algod\u00e3o\/seda tecido \u00e0 m\u00e3o proveniente de Bengala, criaram uma tape\u00e7aria vibrante de onze tons. Shanghai Fashion Week Na China, a marca ICICLE debutou na abertura da Shanghai Fashion Week. A cole\u00e7\u00e3o teve seu foco em designs atemporais que conseguem transitar sua beleza no cotidiano do dia-dia, sem se atrelar a tend\u00eancias ef\u00eameras, e mantendo certa dist\u00e2ncia do sistema de moda convencional. Segundo Ye Shouzeng, fundador e executivo-chefe da marca, eles trabalham com materiais naturais e sustent\u00e1veis, como a caxemira, linho, l\u00e3, seda e algod\u00e3o, e o seu conceito de design tem a inten\u00e7\u00e3o de preencher a lacuna entre entre a modernidade e a tradi\u00e7\u00e3o, promovendo um estilo de vida modesto e sustent\u00e1vel. Mais sustentabilidade nas temporadas internacionais&#8230; Copenhagen Fashion Week Na Dinamarca, a Copenhagen Fashion Week estabelece requisitos sustent\u00e1veis para as marcas participarem com seus desfiles, proposta existente desde 2020. A movimenta\u00e7\u00e3o deixou rastros de referenciais a serem seguidos no mundo da moda. Os crit\u00e9rios fazem parte do Plano de A\u00e7\u00e3o de Sustentabilidade que tem a inten\u00e7\u00e3o de influenciar as pr\u00e1ticas de mudan\u00e7as a longo prazo na ind\u00fastria. Dessa forma, todas as marcas que se candidataram tinham que cumprir o conjunto m\u00ednimo de padr\u00f5es, entre eles ter pelo menos 50% da cole\u00e7\u00e3o certificada, feita de materiais preferenciais ou materiais sustent\u00e1veis \u200b\u200bde nova gera\u00e7\u00e3o, reaproveitada, reciclada ou feita de estoque morto; N\u00e3o destruir roupas n\u00e3o vendidas de cole\u00e7\u00f5es anteriores e n\u00e3o lan\u00e7ar m\u00e3o do uso de peles de animais nas pe\u00e7as. Dentre outros requisitos est\u00e3o os crit\u00e9rios para melhores condi\u00e7\u00f5es de trabalho para as pessoas envolvidas na ind\u00fastria da moda, demonstrando que sustentabilidade vai al\u00e9m do meio ecol\u00f3gico, uma vez que envolve tamb\u00e9m a comunidade. Abaixo seguem imagens das marcas que se destacaram no Copenhagen Fashion Week com a tend\u00eancia cor de rosa: New York Fashion Week Com cerca de 35 marcas eco-friendly no calend\u00e1rio oficial, a New York Fashion Week, fez desta temporada, a mais sustent\u00e1vel de todas. Muitas delas, marcas emergentes e idealizadas por designers da nova gera\u00e7\u00e3o. A exemplo, a marca Tanner Fletcher, que estreou na passarela do NYFW se colocando no mercado como uma marca sem g\u00eanero, especializada em pret-a-porter, bolsas e joias, que ultrapassam os limites entre masculinidade e feminilidade. Seus fundadores Tanner Richie e Fletcher Kasell, recorreram a materiais econ\u00f4micos e vintage, confeccionando roupas a partir de len\u00e7\u00f3is de estoque morto da d\u00e9cada de 1960 e restos de charmeuse de seda de estoque morto e aplica\u00e7\u00f5es de rendas. Eles trouxeram novas formas de utilizar a cinta-liga e o design de blazers, ternos e vestidos transitavam entre a est\u00e9tica vitoriana e os toques et\u00e9reos. Paris Fashion Week Nas ruas de Paris, o desfile de Stella McCartney, com um qu\u00ea de popular, foi realizado em frente \u00e0 Torre Eiffel. Isso posicionou a marca de luxo consciente em meio a sem\u00e1foros e feiras, com looks marcados por tra\u00e7os da est\u00e9tica do rock anos 90. O termo \u201cluxo consciente\u201d se d\u00e1 pelo uso de mat\u00e9rias-primas alternativas, de base vegetal ou tecnol\u00f3gica, que tomou conta de 95% da cole\u00e7\u00e3o de Ver\u00e3o 2024. Jaquetas, blazers e t-shirts com um olhar vintage mostraram a conex\u00e3o entre Stella e os seus pais. Com fortes inspira\u00e7\u00f5es do movimento musical, os designs possu\u00edam refer\u00eancias \u00e0 banda de Paul e Linda McCartney. Refletindo as ra\u00edzes da estilista, que conectou seu mundo da moda ao rock ineg\u00e1vel da sua linhagem. Milan Fashion Week Na It\u00e1lia, a marca que ganhou destaque foi a Rave Review que recicla tecidos para estofados, e \u00e9 uma das pioneiras nas pr\u00e1ticas de Upcycling desde 2017. Transformando velhas toalhas de mesa, len\u00e7\u00f3is e cortinas em pe\u00e7as divertidas, eles<\/p>\n","protected":false},"author":7,"featured_media":5665,"comment_status":"open","ping_status":"open","sticky":false,"template":"","format":"standard","meta":{"site-sidebar-layout":"default","site-content-layout":"","ast-site-content-layout":"default","site-content-style":"default","site-sidebar-style":"default","ast-global-header-display":"","ast-banner-title-visibility":"","ast-main-header-display":"","ast-hfb-above-header-display":"","ast-hfb-below-header-display":"","ast-hfb-mobile-header-display":"","site-post-title":"","ast-breadcrumbs-content":"","ast-featured-img":"","footer-sml-layout":"","ast-disable-related-posts":"","theme-transparent-header-meta":"default","adv-header-id-meta":"","stick-header-meta":"","header-above-stick-meta":"","header-main-stick-meta":"","header-below-stick-meta":"","astra-migrate-meta-layouts":"set","ast-page-background-enabled":"default","ast-page-background-meta":{"desktop":{"background-color":"","background-image":"","background-repeat":"repeat","background-position":"center center","background-size":"auto","background-attachment":"scroll","background-type":"","background-media":"","overlay-type":"","overlay-color":"","overlay-opacity":"","overlay-gradient":""},"tablet":{"background-color":"","background-image":"","background-repeat":"repeat","background-position":"center center","background-size":"auto","background-attachment":"scroll","background-type":"","background-media":"","overlay-type":"","overlay-color":"","overlay-opacity":"","overlay-gradient":""},"mobile":{"background-color":"","background-image":"","background-repeat":"repeat","background-position":"center center","background-size":"auto","background-attachment":"scroll","background-type":"","background-media":"","overlay-type":"","overlay-color":"","overlay-opacity":"","overlay-gradient":""}},"ast-content-background-meta":{"desktop":{"background-color":"var(--ast-global-color-5)","background-image":"","background-repeat":"repeat","background-position":"center center","background-size":"auto","background-attachment":"scroll","background-type":"","background-media":"","overlay-type":"","overlay-color":"","overlay-opacity":"","overlay-gradient":""},"tablet":{"background-color":"var(--ast-global-color-5)","background-image":"","background-repeat":"repeat","background-position":"center center","background-size":"auto","background-attachment":"scroll","background-type":"","background-media":"","overlay-type":"","overlay-color":"","overlay-opacity":"","overlay-gradient":""},"mobile":{"background-color":"var(--ast-global-color-5)","background-image":"","background-repeat":"repeat","background-position":"center center","background-size":"auto","background-attachment":"scroll","background-type":"","background-media":"","overlay-type":"","overlay-color":"","overlay-opacity":"","overlay-gradient":""}},"footnotes":""},"categories":[38],"tags":[700,703,695,699,698,195,569,705,702,138,59,696,704,573,697,701],"class_list":["post-5642","post","type-post","status-publish","format-standard","has-post-thumbnail","hentry","category-passarela","tag-asia","tag-beatriz-mascarenhas","tag-delhi","tag-eua","tag-europa","tag-fashion","tag-fashion-week","tag-looks","tag-meio-ambiente","tag-milao","tag-moda","tag-paris","tag-roupas","tag-semana-de-moda","tag-shanghai","tag-sustentabilidade"],"yoast_head":"<!-- This site is optimized with the Yoast SEO plugin v27.0 - https:\/\/yoast.com\/product\/yoast-seo-wordpress\/ -->\n<title>ESPECIAL: Para 2024, uma moda com mais toques sustent\u00e1veis - LACKMAN &amp; CO.<\/title>\n<meta name=\"robots\" content=\"index, follow, max-snippet:-1, max-image-preview:large, max-video-preview:-1\" \/>\n<link rel=\"canonical\" href=\"https:\/\/lackman.com.br\/index.php\/2023\/10\/22\/especialpara-2024-uma-moda-com-mais-toques-sustentaveis\/\" \/>\n<meta property=\"og:locale\" content=\"pt_BR\" \/>\n<meta property=\"og:type\" content=\"article\" \/>\n<meta property=\"og:title\" content=\"ESPECIAL: Para 2024, uma moda com mais toques sustent\u00e1veis - LACKMAN &amp; CO.\" \/>\n<meta property=\"og:description\" content=\"Movimento que eleva a sustentabilidade tem ganhado espa\u00e7o nas semanas de moda internacionais e destacam trabalhos de marcas e designers que mostram ter responsabilidade em suas cria\u00e7\u00f5es O ano de 2023 sem d\u00favidas est\u00e1 sendo marcado pelo despertar global de sentimentos sobre as mudan\u00e7as clim\u00e1ticas. De agosto a outubro, pa\u00edses ao redor do mundo mostraram novas cole\u00e7\u00f5es para Primavera\/Ver\u00e3o de 2024. Algumas marcas se destacaram com responsabilidade em suas cria\u00e7\u00f5es. Acontecimentos, principalmente clim\u00e1ticos, v\u00eam causando reflexos diretos na ind\u00fastria t\u00eaxtil e fazendo com que grandes marcas e desfiles de refer\u00eancia sejam movimentos em busca de novas pr\u00e1ticas na moda que possam oferecer menores impactos no meio ambiente. No continente asi\u00e1tico, a Lakm\u00e9 Fashion Week, que ocorreu em Nova Delhi, capital da \u00cdndia, e a Shanghai Fashion Week, na China, foram dois dos \u00faltimos eventos que apresentaram marcas respons\u00e1veis e eco-friendly. Proporcionalmente, na Europa e Estados Unidos, tal movimenta\u00e7\u00e3o ainda parece t\u00edmida. Lakm\u00e9 Fashion Week No primeiro dia da semana de moda da \u00cdndia a cole\u00e7\u00e3o de Varun Bahl, intitulada \u201cInner Blossom\u201d, surpreendeu com a celebra\u00e7\u00e3o da fauna e flora no design dos exuberantes vestidos e saias inspiradas no artesanato indiano. Por meio de tecidos sustent\u00e1veis, vers\u00e1teis e tecnologicamente inovadores da ind\u00fastria R | Elan \u2013 cuja mat\u00e9ria-prima s\u00e3o de materiais reciclados \u2013 os bordados tridimensionais da cole\u00e7\u00e3o de Varun trouxeram vida \u00e0s estampas\u00a0bot\u00e2nicas, e foram um show entre requinte no design e responsabilidade ambiental. Ap\u00f3s a apresenta\u00e7\u00e3o de sua cole\u00e7\u00e3o, Varun explicou que sempre acreditou na sustentabilidade como o futuro da moda, e que com a utiliza\u00e7\u00e3o de tecidos sustent\u00e1veis, eles criaram uma cole\u00e7\u00e3o festiva e absolutamente \u00fanica. J\u00e1 as marcas da Amita Gupta e Swatti Kapoor n\u00e3o ficaram para tr\u00e1s. A cole\u00e7\u00e3o de Amita Gupta Sustentable, \u201cThe Age of Urban Re Foresting\u201d (A Era da Refloresta\u00e7\u00e3o Urbana, em tradu\u00e7\u00e3o livre) teve seu foco na sustentabilidade por meio da fabrica\u00e7\u00e3o de pe\u00e7as com algod\u00e3o khadi org\u00e2nico, e do reaproveitamento de res\u00edduos dos tecidos em bot\u00f5es, bolsos e bolsas. Al\u00e9m disso, os res\u00edduos de fios de urdidura foram engenhosamente transformados em cord\u00f5es para adornar as pe\u00e7as de tons terrosos. A cole\u00e7\u00e3o Sahara, de Swatti Kapoor, por sua vez, teve como inspira\u00e7\u00e3o o deserto africano e celebrou as culturas do Egito, que foram expressadas no design de pe\u00e7as vibrantemente bo\u00eamias. A sustentabilidade estava na escolha dos tecidos; o fino chanderi, variando de 40 a 50 gramas, combinado com o khadi mul, o chanderi listrado e o algod\u00e3o\/seda tecido \u00e0 m\u00e3o proveniente de Bengala, criaram uma tape\u00e7aria vibrante de onze tons. Shanghai Fashion Week Na China, a marca ICICLE debutou na abertura da Shanghai Fashion Week. A cole\u00e7\u00e3o teve seu foco em designs atemporais que conseguem transitar sua beleza no cotidiano do dia-dia, sem se atrelar a tend\u00eancias ef\u00eameras, e mantendo certa dist\u00e2ncia do sistema de moda convencional. Segundo Ye Shouzeng, fundador e executivo-chefe da marca, eles trabalham com materiais naturais e sustent\u00e1veis, como a caxemira, linho, l\u00e3, seda e algod\u00e3o, e o seu conceito de design tem a inten\u00e7\u00e3o de preencher a lacuna entre entre a modernidade e a tradi\u00e7\u00e3o, promovendo um estilo de vida modesto e sustent\u00e1vel. Mais sustentabilidade nas temporadas internacionais&#8230; Copenhagen Fashion Week Na Dinamarca, a Copenhagen Fashion Week estabelece requisitos sustent\u00e1veis para as marcas participarem com seus desfiles, proposta existente desde 2020. A movimenta\u00e7\u00e3o deixou rastros de referenciais a serem seguidos no mundo da moda. Os crit\u00e9rios fazem parte do Plano de A\u00e7\u00e3o de Sustentabilidade que tem a inten\u00e7\u00e3o de influenciar as pr\u00e1ticas de mudan\u00e7as a longo prazo na ind\u00fastria. Dessa forma, todas as marcas que se candidataram tinham que cumprir o conjunto m\u00ednimo de padr\u00f5es, entre eles ter pelo menos 50% da cole\u00e7\u00e3o certificada, feita de materiais preferenciais ou materiais sustent\u00e1veis \u200b\u200bde nova gera\u00e7\u00e3o, reaproveitada, reciclada ou feita de estoque morto; N\u00e3o destruir roupas n\u00e3o vendidas de cole\u00e7\u00f5es anteriores e n\u00e3o lan\u00e7ar m\u00e3o do uso de peles de animais nas pe\u00e7as. Dentre outros requisitos est\u00e3o os crit\u00e9rios para melhores condi\u00e7\u00f5es de trabalho para as pessoas envolvidas na ind\u00fastria da moda, demonstrando que sustentabilidade vai al\u00e9m do meio ecol\u00f3gico, uma vez que envolve tamb\u00e9m a comunidade. Abaixo seguem imagens das marcas que se destacaram no Copenhagen Fashion Week com a tend\u00eancia cor de rosa: New York Fashion Week Com cerca de 35 marcas eco-friendly no calend\u00e1rio oficial, a New York Fashion Week, fez desta temporada, a mais sustent\u00e1vel de todas. Muitas delas, marcas emergentes e idealizadas por designers da nova gera\u00e7\u00e3o. A exemplo, a marca Tanner Fletcher, que estreou na passarela do NYFW se colocando no mercado como uma marca sem g\u00eanero, especializada em pret-a-porter, bolsas e joias, que ultrapassam os limites entre masculinidade e feminilidade. Seus fundadores Tanner Richie e Fletcher Kasell, recorreram a materiais econ\u00f4micos e vintage, confeccionando roupas a partir de len\u00e7\u00f3is de estoque morto da d\u00e9cada de 1960 e restos de charmeuse de seda de estoque morto e aplica\u00e7\u00f5es de rendas. Eles trouxeram novas formas de utilizar a cinta-liga e o design de blazers, ternos e vestidos transitavam entre a est\u00e9tica vitoriana e os toques et\u00e9reos. Paris Fashion Week Nas ruas de Paris, o desfile de Stella McCartney, com um qu\u00ea de popular, foi realizado em frente \u00e0 Torre Eiffel. Isso posicionou a marca de luxo consciente em meio a sem\u00e1foros e feiras, com looks marcados por tra\u00e7os da est\u00e9tica do rock anos 90. O termo \u201cluxo consciente\u201d se d\u00e1 pelo uso de mat\u00e9rias-primas alternativas, de base vegetal ou tecnol\u00f3gica, que tomou conta de 95% da cole\u00e7\u00e3o de Ver\u00e3o 2024. Jaquetas, blazers e t-shirts com um olhar vintage mostraram a conex\u00e3o entre Stella e os seus pais. Com fortes inspira\u00e7\u00f5es do movimento musical, os designs possu\u00edam refer\u00eancias \u00e0 banda de Paul e Linda McCartney. Refletindo as ra\u00edzes da estilista, que conectou seu mundo da moda ao rock ineg\u00e1vel da sua linhagem. Milan Fashion Week Na It\u00e1lia, a marca que ganhou destaque foi a Rave Review que recicla tecidos para estofados, e \u00e9 uma das pioneiras nas pr\u00e1ticas de Upcycling desde 2017. Transformando velhas toalhas de mesa, len\u00e7\u00f3is e cortinas em pe\u00e7as divertidas, eles\" \/>\n<meta property=\"og:url\" content=\"https:\/\/lackman.com.br\/index.php\/2023\/10\/22\/especialpara-2024-uma-moda-com-mais-toques-sustentaveis\/\" \/>\n<meta property=\"og:site_name\" content=\"LACKMAN &amp; CO.\" \/>\n<meta property=\"article:published_time\" content=\"2023-10-22T11:02:28+00:00\" \/>\n<meta property=\"og:image\" content=\"https:\/\/lackman.com.br\/wp-content\/uploads\/2023\/10\/VarunBahlLFLW2023_d.webp\" \/>\n\t<meta property=\"og:image:width\" content=\"1280\" \/>\n\t<meta property=\"og:image:height\" content=\"720\" \/>\n\t<meta property=\"og:image:type\" content=\"image\/webp\" \/>\n<meta name=\"author\" content=\"Beatriz Mascarenhas - Especial para o Lackman &amp; Co.\" \/>\n<meta name=\"twitter:card\" content=\"summary_large_image\" \/>\n<meta name=\"twitter:label1\" content=\"Escrito por\" \/>\n\t<meta name=\"twitter:data1\" content=\"Beatriz Mascarenhas - Especial para o Lackman &amp; Co.\" \/>\n\t<meta name=\"twitter:label2\" content=\"Est. tempo de leitura\" \/>\n\t<meta name=\"twitter:data2\" content=\"9 minutos\" \/>\n<script type=\"application\/ld+json\" class=\"yoast-schema-graph\">{\"@context\":\"https:\/\/schema.org\",\"@graph\":[{\"@type\":\"Article\",\"@id\":\"https:\/\/lackman.com.br\/index.php\/2023\/10\/22\/especialpara-2024-uma-moda-com-mais-toques-sustentaveis\/#article\",\"isPartOf\":{\"@id\":\"https:\/\/lackman.com.br\/index.php\/2023\/10\/22\/especialpara-2024-uma-moda-com-mais-toques-sustentaveis\/\"},\"author\":{\"name\":\"Beatriz Mascarenhas - Especial para o Lackman &amp; Co.\",\"@id\":\"https:\/\/lackman.com.br\/#\/schema\/person\/46549cd3fc111cb9f8442a6ded243827\"},\"headline\":\"ESPECIAL: Para 2024, uma moda com mais toques sustent\u00e1veis\",\"datePublished\":\"2023-10-22T11:02:28+00:00\",\"mainEntityOfPage\":{\"@id\":\"https:\/\/lackman.com.br\/index.php\/2023\/10\/22\/especialpara-2024-uma-moda-com-mais-toques-sustentaveis\/\"},\"wordCount\":1469,\"commentCount\":1,\"publisher\":{\"@id\":\"https:\/\/lackman.com.br\/#organization\"},\"image\":{\"@id\":\"https:\/\/lackman.com.br\/index.php\/2023\/10\/22\/especialpara-2024-uma-moda-com-mais-toques-sustentaveis\/#primaryimage\"},\"thumbnailUrl\":\"https:\/\/lackman.com.br\/wp-content\/uploads\/2023\/10\/VarunBahlLFLW2023_d.webp\",\"keywords\":[\"\u00e1sia\",\"Beatriz Mascarenhas\",\"delhi\",\"eua\",\"europa\",\"fashion\",\"Fashion Week\",\"looks\",\"meio ambiente\",\"Mil\u00e3o\",\"Moda\",\"paris\",\"roupas\",\"semana de moda\",\"shanghai\",\"sustentabilidade\"],\"articleSection\":[\"Passarela\"],\"inLanguage\":\"pt-BR\",\"potentialAction\":[{\"@type\":\"CommentAction\",\"name\":\"Comment\",\"target\":[\"https:\/\/lackman.com.br\/index.php\/2023\/10\/22\/especialpara-2024-uma-moda-com-mais-toques-sustentaveis\/#respond\"]}]},{\"@type\":\"WebPage\",\"@id\":\"https:\/\/lackman.com.br\/index.php\/2023\/10\/22\/especialpara-2024-uma-moda-com-mais-toques-sustentaveis\/\",\"url\":\"https:\/\/lackman.com.br\/index.php\/2023\/10\/22\/especialpara-2024-uma-moda-com-mais-toques-sustentaveis\/\",\"name\":\"ESPECIAL: Para 2024, uma moda com mais toques sustent\u00e1veis - LACKMAN &amp; CO.\",\"isPartOf\":{\"@id\":\"https:\/\/lackman.com.br\/#website\"},\"primaryImageOfPage\":{\"@id\":\"https:\/\/lackman.com.br\/index.php\/2023\/10\/22\/especialpara-2024-uma-moda-com-mais-toques-sustentaveis\/#primaryimage\"},\"image\":{\"@id\":\"https:\/\/lackman.com.br\/index.php\/2023\/10\/22\/especialpara-2024-uma-moda-com-mais-toques-sustentaveis\/#primaryimage\"},\"thumbnailUrl\":\"https:\/\/lackman.com.br\/wp-content\/uploads\/2023\/10\/VarunBahlLFLW2023_d.webp\",\"datePublished\":\"2023-10-22T11:02:28+00:00\",\"breadcrumb\":{\"@id\":\"https:\/\/lackman.com.br\/index.php\/2023\/10\/22\/especialpara-2024-uma-moda-com-mais-toques-sustentaveis\/#breadcrumb\"},\"inLanguage\":\"pt-BR\",\"potentialAction\":[{\"@type\":\"ReadAction\",\"target\":[\"https:\/\/lackman.com.br\/index.php\/2023\/10\/22\/especialpara-2024-uma-moda-com-mais-toques-sustentaveis\/\"]}]},{\"@type\":\"ImageObject\",\"inLanguage\":\"pt-BR\",\"@id\":\"https:\/\/lackman.com.br\/index.php\/2023\/10\/22\/especialpara-2024-uma-moda-com-mais-toques-sustentaveis\/#primaryimage\",\"url\":\"https:\/\/lackman.com.br\/wp-content\/uploads\/2023\/10\/VarunBahlLFLW2023_d.webp\",\"contentUrl\":\"https:\/\/lackman.com.br\/wp-content\/uploads\/2023\/10\/VarunBahlLFLW2023_d.webp\",\"width\":1280,\"height\":720},{\"@type\":\"BreadcrumbList\",\"@id\":\"https:\/\/lackman.com.br\/index.php\/2023\/10\/22\/especialpara-2024-uma-moda-com-mais-toques-sustentaveis\/#breadcrumb\",\"itemListElement\":[{\"@type\":\"ListItem\",\"position\":1,\"name\":\"In\u00edcio\",\"item\":\"https:\/\/lackman.com.br\/\"},{\"@type\":\"ListItem\",\"position\":2,\"name\":\"ESPECIAL: Para 2024, uma moda com mais toques sustent\u00e1veis\"}]},{\"@type\":\"WebSite\",\"@id\":\"https:\/\/lackman.com.br\/#website\",\"url\":\"https:\/\/lackman.com.br\/\",\"name\":\"LACKMAN &amp; CO.\",\"description\":\"VIDA | MODA | ARTE\",\"publisher\":{\"@id\":\"https:\/\/lackman.com.br\/#organization\"},\"potentialAction\":[{\"@type\":\"SearchAction\",\"target\":{\"@type\":\"EntryPoint\",\"urlTemplate\":\"https:\/\/lackman.com.br\/?s={search_term_string}\"},\"query-input\":{\"@type\":\"PropertyValueSpecification\",\"valueRequired\":true,\"valueName\":\"search_term_string\"}}],\"inLanguage\":\"pt-BR\"},{\"@type\":\"Organization\",\"@id\":\"https:\/\/lackman.com.br\/#organization\",\"name\":\"LACKMAN &amp; CO.\",\"url\":\"https:\/\/lackman.com.br\/\",\"logo\":{\"@type\":\"ImageObject\",\"inLanguage\":\"pt-BR\",\"@id\":\"https:\/\/lackman.com.br\/#\/schema\/logo\/image\/\",\"url\":\"https:\/\/lackman.com.br\/wp-content\/uploads\/2023\/06\/Logotipo_preto-1.png\",\"contentUrl\":\"https:\/\/lackman.com.br\/wp-content\/uploads\/2023\/06\/Logotipo_preto-1.png\",\"width\":739,\"height\":393,\"caption\":\"LACKMAN &amp; CO.\"},\"image\":{\"@id\":\"https:\/\/lackman.com.br\/#\/schema\/logo\/image\/\"}},{\"@type\":\"Person\",\"@id\":\"https:\/\/lackman.com.br\/#\/schema\/person\/46549cd3fc111cb9f8442a6ded243827\",\"name\":\"Beatriz Mascarenhas - Especial para o Lackman &amp; Co.\",\"image\":{\"@type\":\"ImageObject\",\"inLanguage\":\"pt-BR\",\"@id\":\"https:\/\/lackman.com.br\/#\/schema\/person\/image\/\",\"url\":\"https:\/\/secure.gravatar.com\/avatar\/65ae13afcc5f597e4052105367f0c04dd4e272a9c16d5106735422ab4a98be8b?s=96&d=mm&r=g\",\"contentUrl\":\"https:\/\/secure.gravatar.com\/avatar\/65ae13afcc5f597e4052105367f0c04dd4e272a9c16d5106735422ab4a98be8b?s=96&d=mm&r=g\",\"caption\":\"Beatriz Mascarenhas - Especial para o Lackman &amp; Co.\"},\"url\":\"https:\/\/lackman.com.br\/index.php\/author\/redacaobia\/\"}]}<\/script>\n<!-- \/ Yoast SEO plugin. -->","yoast_head_json":{"title":"ESPECIAL: Para 2024, uma moda com mais toques sustent\u00e1veis - LACKMAN &amp; CO.","robots":{"index":"index","follow":"follow","max-snippet":"max-snippet:-1","max-image-preview":"max-image-preview:large","max-video-preview":"max-video-preview:-1"},"canonical":"https:\/\/lackman.com.br\/index.php\/2023\/10\/22\/especialpara-2024-uma-moda-com-mais-toques-sustentaveis\/","og_locale":"pt_BR","og_type":"article","og_title":"ESPECIAL: Para 2024, uma moda com mais toques sustent\u00e1veis - LACKMAN &amp; CO.","og_description":"Movimento que eleva a sustentabilidade tem ganhado espa\u00e7o nas semanas de moda internacionais e destacam trabalhos de marcas e designers que mostram ter responsabilidade em suas cria\u00e7\u00f5es O ano de 2023 sem d\u00favidas est\u00e1 sendo marcado pelo despertar global de sentimentos sobre as mudan\u00e7as clim\u00e1ticas. De agosto a outubro, pa\u00edses ao redor do mundo mostraram novas cole\u00e7\u00f5es para Primavera\/Ver\u00e3o de 2024. Algumas marcas se destacaram com responsabilidade em suas cria\u00e7\u00f5es. Acontecimentos, principalmente clim\u00e1ticos, v\u00eam causando reflexos diretos na ind\u00fastria t\u00eaxtil e fazendo com que grandes marcas e desfiles de refer\u00eancia sejam movimentos em busca de novas pr\u00e1ticas na moda que possam oferecer menores impactos no meio ambiente. No continente asi\u00e1tico, a Lakm\u00e9 Fashion Week, que ocorreu em Nova Delhi, capital da \u00cdndia, e a Shanghai Fashion Week, na China, foram dois dos \u00faltimos eventos que apresentaram marcas respons\u00e1veis e eco-friendly. Proporcionalmente, na Europa e Estados Unidos, tal movimenta\u00e7\u00e3o ainda parece t\u00edmida. Lakm\u00e9 Fashion Week No primeiro dia da semana de moda da \u00cdndia a cole\u00e7\u00e3o de Varun Bahl, intitulada \u201cInner Blossom\u201d, surpreendeu com a celebra\u00e7\u00e3o da fauna e flora no design dos exuberantes vestidos e saias inspiradas no artesanato indiano. Por meio de tecidos sustent\u00e1veis, vers\u00e1teis e tecnologicamente inovadores da ind\u00fastria R | Elan \u2013 cuja mat\u00e9ria-prima s\u00e3o de materiais reciclados \u2013 os bordados tridimensionais da cole\u00e7\u00e3o de Varun trouxeram vida \u00e0s estampas\u00a0bot\u00e2nicas, e foram um show entre requinte no design e responsabilidade ambiental. Ap\u00f3s a apresenta\u00e7\u00e3o de sua cole\u00e7\u00e3o, Varun explicou que sempre acreditou na sustentabilidade como o futuro da moda, e que com a utiliza\u00e7\u00e3o de tecidos sustent\u00e1veis, eles criaram uma cole\u00e7\u00e3o festiva e absolutamente \u00fanica. J\u00e1 as marcas da Amita Gupta e Swatti Kapoor n\u00e3o ficaram para tr\u00e1s. A cole\u00e7\u00e3o de Amita Gupta Sustentable, \u201cThe Age of Urban Re Foresting\u201d (A Era da Refloresta\u00e7\u00e3o Urbana, em tradu\u00e7\u00e3o livre) teve seu foco na sustentabilidade por meio da fabrica\u00e7\u00e3o de pe\u00e7as com algod\u00e3o khadi org\u00e2nico, e do reaproveitamento de res\u00edduos dos tecidos em bot\u00f5es, bolsos e bolsas. Al\u00e9m disso, os res\u00edduos de fios de urdidura foram engenhosamente transformados em cord\u00f5es para adornar as pe\u00e7as de tons terrosos. A cole\u00e7\u00e3o Sahara, de Swatti Kapoor, por sua vez, teve como inspira\u00e7\u00e3o o deserto africano e celebrou as culturas do Egito, que foram expressadas no design de pe\u00e7as vibrantemente bo\u00eamias. A sustentabilidade estava na escolha dos tecidos; o fino chanderi, variando de 40 a 50 gramas, combinado com o khadi mul, o chanderi listrado e o algod\u00e3o\/seda tecido \u00e0 m\u00e3o proveniente de Bengala, criaram uma tape\u00e7aria vibrante de onze tons. Shanghai Fashion Week Na China, a marca ICICLE debutou na abertura da Shanghai Fashion Week. A cole\u00e7\u00e3o teve seu foco em designs atemporais que conseguem transitar sua beleza no cotidiano do dia-dia, sem se atrelar a tend\u00eancias ef\u00eameras, e mantendo certa dist\u00e2ncia do sistema de moda convencional. Segundo Ye Shouzeng, fundador e executivo-chefe da marca, eles trabalham com materiais naturais e sustent\u00e1veis, como a caxemira, linho, l\u00e3, seda e algod\u00e3o, e o seu conceito de design tem a inten\u00e7\u00e3o de preencher a lacuna entre entre a modernidade e a tradi\u00e7\u00e3o, promovendo um estilo de vida modesto e sustent\u00e1vel. Mais sustentabilidade nas temporadas internacionais&#8230; Copenhagen Fashion Week Na Dinamarca, a Copenhagen Fashion Week estabelece requisitos sustent\u00e1veis para as marcas participarem com seus desfiles, proposta existente desde 2020. A movimenta\u00e7\u00e3o deixou rastros de referenciais a serem seguidos no mundo da moda. Os crit\u00e9rios fazem parte do Plano de A\u00e7\u00e3o de Sustentabilidade que tem a inten\u00e7\u00e3o de influenciar as pr\u00e1ticas de mudan\u00e7as a longo prazo na ind\u00fastria. Dessa forma, todas as marcas que se candidataram tinham que cumprir o conjunto m\u00ednimo de padr\u00f5es, entre eles ter pelo menos 50% da cole\u00e7\u00e3o certificada, feita de materiais preferenciais ou materiais sustent\u00e1veis \u200b\u200bde nova gera\u00e7\u00e3o, reaproveitada, reciclada ou feita de estoque morto; N\u00e3o destruir roupas n\u00e3o vendidas de cole\u00e7\u00f5es anteriores e n\u00e3o lan\u00e7ar m\u00e3o do uso de peles de animais nas pe\u00e7as. Dentre outros requisitos est\u00e3o os crit\u00e9rios para melhores condi\u00e7\u00f5es de trabalho para as pessoas envolvidas na ind\u00fastria da moda, demonstrando que sustentabilidade vai al\u00e9m do meio ecol\u00f3gico, uma vez que envolve tamb\u00e9m a comunidade. Abaixo seguem imagens das marcas que se destacaram no Copenhagen Fashion Week com a tend\u00eancia cor de rosa: New York Fashion Week Com cerca de 35 marcas eco-friendly no calend\u00e1rio oficial, a New York Fashion Week, fez desta temporada, a mais sustent\u00e1vel de todas. Muitas delas, marcas emergentes e idealizadas por designers da nova gera\u00e7\u00e3o. A exemplo, a marca Tanner Fletcher, que estreou na passarela do NYFW se colocando no mercado como uma marca sem g\u00eanero, especializada em pret-a-porter, bolsas e joias, que ultrapassam os limites entre masculinidade e feminilidade. Seus fundadores Tanner Richie e Fletcher Kasell, recorreram a materiais econ\u00f4micos e vintage, confeccionando roupas a partir de len\u00e7\u00f3is de estoque morto da d\u00e9cada de 1960 e restos de charmeuse de seda de estoque morto e aplica\u00e7\u00f5es de rendas. Eles trouxeram novas formas de utilizar a cinta-liga e o design de blazers, ternos e vestidos transitavam entre a est\u00e9tica vitoriana e os toques et\u00e9reos. Paris Fashion Week Nas ruas de Paris, o desfile de Stella McCartney, com um qu\u00ea de popular, foi realizado em frente \u00e0 Torre Eiffel. Isso posicionou a marca de luxo consciente em meio a sem\u00e1foros e feiras, com looks marcados por tra\u00e7os da est\u00e9tica do rock anos 90. O termo \u201cluxo consciente\u201d se d\u00e1 pelo uso de mat\u00e9rias-primas alternativas, de base vegetal ou tecnol\u00f3gica, que tomou conta de 95% da cole\u00e7\u00e3o de Ver\u00e3o 2024. Jaquetas, blazers e t-shirts com um olhar vintage mostraram a conex\u00e3o entre Stella e os seus pais. Com fortes inspira\u00e7\u00f5es do movimento musical, os designs possu\u00edam refer\u00eancias \u00e0 banda de Paul e Linda McCartney. Refletindo as ra\u00edzes da estilista, que conectou seu mundo da moda ao rock ineg\u00e1vel da sua linhagem. Milan Fashion Week Na It\u00e1lia, a marca que ganhou destaque foi a Rave Review que recicla tecidos para estofados, e \u00e9 uma das pioneiras nas pr\u00e1ticas de Upcycling desde 2017. Transformando velhas toalhas de mesa, len\u00e7\u00f3is e cortinas em pe\u00e7as divertidas, eles","og_url":"https:\/\/lackman.com.br\/index.php\/2023\/10\/22\/especialpara-2024-uma-moda-com-mais-toques-sustentaveis\/","og_site_name":"LACKMAN &amp; CO.","article_published_time":"2023-10-22T11:02:28+00:00","og_image":[{"width":1280,"height":720,"url":"https:\/\/lackman.com.br\/wp-content\/uploads\/2023\/10\/VarunBahlLFLW2023_d.webp","type":"image\/webp"}],"author":"Beatriz Mascarenhas - Especial para o Lackman &amp; Co.","twitter_card":"summary_large_image","twitter_misc":{"Escrito por":"Beatriz Mascarenhas - Especial para o Lackman &amp; Co.","Est. tempo de leitura":"9 minutos"},"schema":{"@context":"https:\/\/schema.org","@graph":[{"@type":"Article","@id":"https:\/\/lackman.com.br\/index.php\/2023\/10\/22\/especialpara-2024-uma-moda-com-mais-toques-sustentaveis\/#article","isPartOf":{"@id":"https:\/\/lackman.com.br\/index.php\/2023\/10\/22\/especialpara-2024-uma-moda-com-mais-toques-sustentaveis\/"},"author":{"name":"Beatriz Mascarenhas - Especial para o Lackman &amp; Co.","@id":"https:\/\/lackman.com.br\/#\/schema\/person\/46549cd3fc111cb9f8442a6ded243827"},"headline":"ESPECIAL: Para 2024, uma moda com mais toques sustent\u00e1veis","datePublished":"2023-10-22T11:02:28+00:00","mainEntityOfPage":{"@id":"https:\/\/lackman.com.br\/index.php\/2023\/10\/22\/especialpara-2024-uma-moda-com-mais-toques-sustentaveis\/"},"wordCount":1469,"commentCount":1,"publisher":{"@id":"https:\/\/lackman.com.br\/#organization"},"image":{"@id":"https:\/\/lackman.com.br\/index.php\/2023\/10\/22\/especialpara-2024-uma-moda-com-mais-toques-sustentaveis\/#primaryimage"},"thumbnailUrl":"https:\/\/lackman.com.br\/wp-content\/uploads\/2023\/10\/VarunBahlLFLW2023_d.webp","keywords":["\u00e1sia","Beatriz Mascarenhas","delhi","eua","europa","fashion","Fashion Week","looks","meio ambiente","Mil\u00e3o","Moda","paris","roupas","semana de moda","shanghai","sustentabilidade"],"articleSection":["Passarela"],"inLanguage":"pt-BR","potentialAction":[{"@type":"CommentAction","name":"Comment","target":["https:\/\/lackman.com.br\/index.php\/2023\/10\/22\/especialpara-2024-uma-moda-com-mais-toques-sustentaveis\/#respond"]}]},{"@type":"WebPage","@id":"https:\/\/lackman.com.br\/index.php\/2023\/10\/22\/especialpara-2024-uma-moda-com-mais-toques-sustentaveis\/","url":"https:\/\/lackman.com.br\/index.php\/2023\/10\/22\/especialpara-2024-uma-moda-com-mais-toques-sustentaveis\/","name":"ESPECIAL: Para 2024, uma moda com mais toques sustent\u00e1veis - LACKMAN &amp; CO.","isPartOf":{"@id":"https:\/\/lackman.com.br\/#website"},"primaryImageOfPage":{"@id":"https:\/\/lackman.com.br\/index.php\/2023\/10\/22\/especialpara-2024-uma-moda-com-mais-toques-sustentaveis\/#primaryimage"},"image":{"@id":"https:\/\/lackman.com.br\/index.php\/2023\/10\/22\/especialpara-2024-uma-moda-com-mais-toques-sustentaveis\/#primaryimage"},"thumbnailUrl":"https:\/\/lackman.com.br\/wp-content\/uploads\/2023\/10\/VarunBahlLFLW2023_d.webp","datePublished":"2023-10-22T11:02:28+00:00","breadcrumb":{"@id":"https:\/\/lackman.com.br\/index.php\/2023\/10\/22\/especialpara-2024-uma-moda-com-mais-toques-sustentaveis\/#breadcrumb"},"inLanguage":"pt-BR","potentialAction":[{"@type":"ReadAction","target":["https:\/\/lackman.com.br\/index.php\/2023\/10\/22\/especialpara-2024-uma-moda-com-mais-toques-sustentaveis\/"]}]},{"@type":"ImageObject","inLanguage":"pt-BR","@id":"https:\/\/lackman.com.br\/index.php\/2023\/10\/22\/especialpara-2024-uma-moda-com-mais-toques-sustentaveis\/#primaryimage","url":"https:\/\/lackman.com.br\/wp-content\/uploads\/2023\/10\/VarunBahlLFLW2023_d.webp","contentUrl":"https:\/\/lackman.com.br\/wp-content\/uploads\/2023\/10\/VarunBahlLFLW2023_d.webp","width":1280,"height":720},{"@type":"BreadcrumbList","@id":"https:\/\/lackman.com.br\/index.php\/2023\/10\/22\/especialpara-2024-uma-moda-com-mais-toques-sustentaveis\/#breadcrumb","itemListElement":[{"@type":"ListItem","position":1,"name":"In\u00edcio","item":"https:\/\/lackman.com.br\/"},{"@type":"ListItem","position":2,"name":"ESPECIAL: Para 2024, uma moda com mais toques sustent\u00e1veis"}]},{"@type":"WebSite","@id":"https:\/\/lackman.com.br\/#website","url":"https:\/\/lackman.com.br\/","name":"LACKMAN &amp; CO.","description":"VIDA | MODA | ARTE","publisher":{"@id":"https:\/\/lackman.com.br\/#organization"},"potentialAction":[{"@type":"SearchAction","target":{"@type":"EntryPoint","urlTemplate":"https:\/\/lackman.com.br\/?s={search_term_string}"},"query-input":{"@type":"PropertyValueSpecification","valueRequired":true,"valueName":"search_term_string"}}],"inLanguage":"pt-BR"},{"@type":"Organization","@id":"https:\/\/lackman.com.br\/#organization","name":"LACKMAN &amp; CO.","url":"https:\/\/lackman.com.br\/","logo":{"@type":"ImageObject","inLanguage":"pt-BR","@id":"https:\/\/lackman.com.br\/#\/schema\/logo\/image\/","url":"https:\/\/lackman.com.br\/wp-content\/uploads\/2023\/06\/Logotipo_preto-1.png","contentUrl":"https:\/\/lackman.com.br\/wp-content\/uploads\/2023\/06\/Logotipo_preto-1.png","width":739,"height":393,"caption":"LACKMAN &amp; CO."},"image":{"@id":"https:\/\/lackman.com.br\/#\/schema\/logo\/image\/"}},{"@type":"Person","@id":"https:\/\/lackman.com.br\/#\/schema\/person\/46549cd3fc111cb9f8442a6ded243827","name":"Beatriz Mascarenhas - Especial para o Lackman &amp; Co.","image":{"@type":"ImageObject","inLanguage":"pt-BR","@id":"https:\/\/lackman.com.br\/#\/schema\/person\/image\/","url":"https:\/\/secure.gravatar.com\/avatar\/65ae13afcc5f597e4052105367f0c04dd4e272a9c16d5106735422ab4a98be8b?s=96&d=mm&r=g","contentUrl":"https:\/\/secure.gravatar.com\/avatar\/65ae13afcc5f597e4052105367f0c04dd4e272a9c16d5106735422ab4a98be8b?s=96&d=mm&r=g","caption":"Beatriz Mascarenhas - Especial para o Lackman &amp; Co."},"url":"https:\/\/lackman.com.br\/index.php\/author\/redacaobia\/"}]}},"rttpg_featured_image_url":{"full":["https:\/\/lackman.com.br\/wp-content\/uploads\/2023\/10\/VarunBahlLFLW2023_d.webp",1280,720,false],"landscape":["https:\/\/lackman.com.br\/wp-content\/uploads\/2023\/10\/VarunBahlLFLW2023_d.webp",1280,720,false],"portraits":["https:\/\/lackman.com.br\/wp-content\/uploads\/2023\/10\/VarunBahlLFLW2023_d.webp",1280,720,false],"thumbnail":["https:\/\/lackman.com.br\/wp-content\/uploads\/2023\/10\/VarunBahlLFLW2023_d-150x150.webp",150,150,true],"medium":["https:\/\/lackman.com.br\/wp-content\/uploads\/2023\/10\/VarunBahlLFLW2023_d-300x169.webp",300,169,true],"large":["https:\/\/lackman.com.br\/wp-content\/uploads\/2023\/10\/VarunBahlLFLW2023_d-1024x576.webp",1024,576,true],"RoboGalleryMansoryImagesCenter":["https:\/\/lackman.com.br\/wp-content\/uploads\/2023\/10\/VarunBahlLFLW2023_d-600x720.webp",600,720,true],"RoboGalleryPreload":["https:\/\/lackman.com.br\/wp-content\/uploads\/2023\/10\/VarunBahlLFLW2023_d.webp",100,56,false],"1536x1536":["https:\/\/lackman.com.br\/wp-content\/uploads\/2023\/10\/VarunBahlLFLW2023_d.webp",1280,720,false],"2048x2048":["https:\/\/lackman.com.br\/wp-content\/uploads\/2023\/10\/VarunBahlLFLW2023_d.webp",1280,720,false]},"rttpg_author":{"display_name":"Beatriz Mascarenhas - Especial para o Lackman &amp; Co.","author_link":"https:\/\/lackman.com.br\/index.php\/author\/redacaobia\/"},"rttpg_comment":1,"rttpg_category":"<a href=\"https:\/\/lackman.com.br\/index.php\/category\/moda\/passarela\/\" rel=\"category tag\">Passarela<\/a>","rttpg_excerpt":"Movimento que eleva a sustentabilidade tem ganhado espa\u00e7o nas semanas de moda internacionais e destacam trabalhos de marcas e designers que mostram ter responsabilidade em suas cria\u00e7\u00f5es O ano de 2023 sem d\u00favidas est\u00e1 sendo marcado pelo despertar global de sentimentos sobre as mudan\u00e7as clim\u00e1ticas. De agosto a outubro, pa\u00edses ao redor do mundo mostraram&hellip;","_links":{"self":[{"href":"https:\/\/lackman.com.br\/index.php\/wp-json\/wp\/v2\/posts\/5642","targetHints":{"allow":["GET"]}}],"collection":[{"href":"https:\/\/lackman.com.br\/index.php\/wp-json\/wp\/v2\/posts"}],"about":[{"href":"https:\/\/lackman.com.br\/index.php\/wp-json\/wp\/v2\/types\/post"}],"author":[{"embeddable":true,"href":"https:\/\/lackman.com.br\/index.php\/wp-json\/wp\/v2\/users\/7"}],"replies":[{"embeddable":true,"href":"https:\/\/lackman.com.br\/index.php\/wp-json\/wp\/v2\/comments?post=5642"}],"version-history":[{"count":15,"href":"https:\/\/lackman.com.br\/index.php\/wp-json\/wp\/v2\/posts\/5642\/revisions"}],"predecessor-version":[{"id":5672,"href":"https:\/\/lackman.com.br\/index.php\/wp-json\/wp\/v2\/posts\/5642\/revisions\/5672"}],"wp:featuredmedia":[{"embeddable":true,"href":"https:\/\/lackman.com.br\/index.php\/wp-json\/wp\/v2\/media\/5665"}],"wp:attachment":[{"href":"https:\/\/lackman.com.br\/index.php\/wp-json\/wp\/v2\/media?parent=5642"}],"wp:term":[{"taxonomy":"category","embeddable":true,"href":"https:\/\/lackman.com.br\/index.php\/wp-json\/wp\/v2\/categories?post=5642"},{"taxonomy":"post_tag","embeddable":true,"href":"https:\/\/lackman.com.br\/index.php\/wp-json\/wp\/v2\/tags?post=5642"}],"curies":[{"name":"wp","href":"https:\/\/api.w.org\/{rel}","templated":true}]}}