{"id":5340,"date":"2023-09-20T12:05:39","date_gmt":"2023-09-20T15:05:39","guid":{"rendered":"https:\/\/lackman.com.br\/?p=5340"},"modified":"2023-09-20T12:05:39","modified_gmt":"2023-09-20T15:05:39","slug":"extra-extra-ultimos-lugares-para-ver-ney-em-brasilia","status":"publish","type":"post","link":"https:\/\/lackman.com.br\/index.php\/2023\/09\/20\/extra-extra-ultimos-lugares-para-ver-ney-em-brasilia\/","title":{"rendered":"Extra, extra! \u00daltimos lugares para ver Ney\u00a0em Bras\u00edlia"},"content":{"rendered":"<h5 style=\"margin: 0cm;margin-bottom: .0001pt\"><span style=\"font-family: 'Arial Narrow',sans-serif\">Cantor faz \u00fanica apresenta\u00e7\u00e3o do Centro de Conven\u00e7\u00f5es Ulysses Guimar\u00e3es<\/span><\/h5>\n<p style=\"margin: 0cm;margin-bottom: .0001pt\"><span style=\"font-family: 'Arial Narrow',sans-serif\">\u00a0<\/span><\/p>\n<p style=\"margin: 0cm;margin-bottom: .0001pt\"><span style=\"font-family: 'Arial Narrow',sans-serif\">Parab\u00e9ns a todos que conseguiram se programar antecipadamente e conseguiram ingressos para assistir\u00a0<strong>Ney\u00a0Matogrosso<\/strong>, que passa pela cidade na pr\u00f3xima sexta-feira (22) com sua turn\u00ea <strong><em>Bloco na Rua<\/em><\/strong>\u00a0que, por acaso, esteve por aqui ano passado. Em apresenta\u00e7\u00e3o \u00fanica no Audit\u00f3rio Master do Centro de Conven\u00e7\u00f5es Ulysses, a partir das 21h, o espet\u00e1culo ainda conta com <strong>cadeiras extras<\/strong> (aquelas que s\u00e3o colocadas nas laterais e espa\u00e7o vazios do local), al\u00e9m de alguns poucos camarotes, mas para os f\u00e3s que dormiram no ponto, se traduz em uma oportunidade \u00fanica de n\u00e3o perder a apresenta\u00e7\u00e3o.<\/span><\/p>\n<p style=\"margin: 0cm;margin-bottom: .0001pt\"><span style=\"font-family: 'Arial Narrow',sans-serif\">\u00a0<\/span><\/p>\n<p style=\"margin: 0cm;margin-bottom: .0001pt\"><span style=\"font-family: 'Arial Narrow',sans-serif\">Ent\u00e3o, se voc\u00ea quer tentar a sorte, cruze os dedos e acesse o site da <a href=\"https:\/\/www.bilheteriadigital.com\/ney-matogrosso-turne-2023-bloco-na-rua-07-de-agosto\"><strong>Bilheteria Digital<\/strong><\/a>. Depois, em caso de sucesso, \u00e9 s\u00f3 se preparar para curtir\u00a0o <em>set list<\/em>\u00a0que Ney escolheu, onde est\u00e3o m\u00fasicas que revelam a <strong>diversidade musical<\/strong> que o artista traz consigo ao longo da carreira: <em>Eu quero \u00e9 botar meu bloco na rua<\/em> (Sergio Sampaio), de onde saiu o t\u00edtulo da turn\u00ea, <em>A Ma\u00e7\u00e3<\/em> (Raul Seixas), <em>\u00c1lcool<\/em> (<em>Bolero Filos\u00f3fico<\/em>), da trilha original do filme <em>Tatuagem<\/em> (DJ Dolores), <em>O Beco<\/em>, gravada por Ney nos final dos anos 80 (Herbert Vianna\/Bi Ribeiro) e <em>Mulher Barriguda<\/em>, do primeiro \u00e1lbum dos Secos e Molhados, de 1973 (Solano Trindade\/Jo\u00e3o Ricardo).<\/span><\/p>\n<p style=\"margin: 0cm;margin-bottom: .0001pt\"><span style=\"font-family: 'Arial Narrow',sans-serif\"><img fetchpriority=\"high\" decoding=\"async\" class=\"aligncenter wp-image-5342 size-full\" src=\"http:\/\/lackman.com.br\/wp-content\/uploads\/2023\/09\/373693005_4146261988933623_4087672030487898518_n.jpg\" alt=\"\" width=\"1080\" height=\"1350\" srcset=\"https:\/\/lackman.com.br\/wp-content\/uploads\/2023\/09\/373693005_4146261988933623_4087672030487898518_n.jpg 1080w, https:\/\/lackman.com.br\/wp-content\/uploads\/2023\/09\/373693005_4146261988933623_4087672030487898518_n-240x300.jpg 240w, https:\/\/lackman.com.br\/wp-content\/uploads\/2023\/09\/373693005_4146261988933623_4087672030487898518_n-819x1024.jpg 819w, https:\/\/lackman.com.br\/wp-content\/uploads\/2023\/09\/373693005_4146261988933623_4087672030487898518_n-768x960.jpg 768w\" sizes=\"(max-width: 1080px) 100vw, 1080px\" \/><\/span><\/p>\n<p style=\"margin: 0cm;margin-bottom: .0001pt\"><span style=\"font-family: 'Arial Narrow',sans-serif\">O <strong>repert\u00f3rio<\/strong> foi selecionado enquanto\u00a0Ney\u00a0excursionava com o show <em>Atento aos Sinais<\/em>. \u201c<em>N\u00e3o \u00e9 um show de sucessos meus, mas quis abrir mais para o meu repert\u00f3rio. Dessa vez eu misturei coisas que j\u00e1 gravei com repert\u00f3rio de outras pessoas<\/em>\u201d, explica Ney, que cantar\u00e1 ainda duas <strong>can\u00e7\u00f5es pin\u00e7adas<\/strong> do compacto duplo <em>Ney\u00a0Matogrosso\u00a0e Fagner<\/em>, lan\u00e7ado em 1975: <em>Postal do Amor<\/em> (Fagner\/Fausto Nilo\/Ricardo Bezerra) e <em>Ponta do L\u00e1pis<\/em> (Clod\u00f4\/Rodger Rogerio). Outros dois <strong>cl\u00e1ssicos<\/strong> que ele nunca havia cantado, <em>Como 2 e 2<\/em> (Caetano Veloso) e <em>Feira Moderna<\/em>\u00a0(Beto Guedes\/L\u00f4 Borges\/Fernando Brant), tamb\u00e9m est\u00e3o no roteiro.<\/span><\/p>\n<p>&nbsp;<\/p>\n<p style=\"margin: 0cm;margin-bottom: .0001pt\"><span style=\"font-family: 'Arial Narrow',sans-serif\">Em tempo, vale ressaltar o <strong>bel\u00edssimo figurino<\/strong> criado em parceria com o estilista\u00a0<strong>Lino Villaventura<\/strong>, al\u00e9m da participa\u00e7\u00e3o no palco da banda que j\u00e1 vem o acompanhando Ney nos \u00faltimos anos:\u00a0<strong>Sacha Amback<\/strong>\u00a0(dire\u00e7\u00e3o musical e teclado),\u00a0<strong>Marcos Suzano<\/strong>\u00a0e\u00a0<strong>Felipe Roseno<\/strong>\u00a0(percuss\u00e3o),\u00a0<strong>Dunga<\/strong>\u00a0(baixo),\u00a0<strong>Maur\u00edcio Neg\u00e3o<\/strong>\u00a0(guitarra),\u00a0<strong>Aquiles Moraes<\/strong>\u00a0(trompete) e\u00a0<strong>Everson Moraes<\/strong>\u00a0(trombone).<\/span><\/p>\n<p style=\"margin: 0cm;margin-bottom: .0001pt\">\n<p style=\"margin: 0cm;margin-bottom: .0001pt\"><strong><u><span style=\"font-family: 'Arial Narrow',sans-serif\">Servi\u00e7os:<\/span><\/u><\/strong><span style=\"font-family: 'Arial Narrow',sans-serif\"><br \/>\n<strong>Ney\u00a0Matogrosso\u00a0&#8211; \u201cTurn\u00ea 2023 Bloco na Rua\u201d<\/strong><\/span><\/p>\n<p style=\"margin: 0cm;margin-bottom: .0001pt\"><strong><span style=\"font-family: 'Arial Narrow',sans-serif\">Onde: <\/span><\/strong><span style=\"font-family: 'Arial Narrow',sans-serif\">Centro de Conven\u00e7\u00f5es Ulysses<\/span><\/p>\n<p style=\"margin: 0cm;margin-bottom: .0001pt\"><strong><span style=\"font-family: 'Arial Narrow',sans-serif\">Quando:<\/span><\/strong><span style=\"font-family: 'Arial Narrow',sans-serif\">\u00a0Sexta-feira, 22\/09 &#8211; 21h<\/span><\/p>\n<p style=\"margin: 0cm;margin-bottom: .0001pt\"><strong><span style=\"font-family: 'Arial Narrow',sans-serif\">Dura\u00e7\u00e3o:<\/span><\/strong><span style=\"font-family: 'Arial Narrow',sans-serif\">\u00a0Aproximadamente\u00a01:50h de show.<\/span><\/p>\n<p style=\"margin: 0cm;margin-bottom: .0001pt\"><strong><span style=\"font-family: 'Arial Narrow',sans-serif\">Classifica\u00e7\u00e3o indicativa:\u00a0<\/span><\/strong><span style=\"font-family: 'Arial Narrow',sans-serif\">14 anos<\/span><\/p>\n<p style=\"margin: 0cm;margin-bottom: .0001pt\"><strong><span style=\"font-family: 'Arial Narrow',sans-serif\">Mais informa\u00e7\u00f5es:<\/span><\/strong><span style=\"font-family: 'Arial Narrow',sans-serif\">\u00a098409-0198<\/span><\/p>\n<p style=\"margin: 0cm;margin-bottom: .0001pt\"><span style=\"font-family: 'Arial Narrow',sans-serif\">\u00a0<\/span><\/p>\n<pre>Fotos: Instagram\/The Town Festival<\/pre>\n","protected":false},"excerpt":{"rendered":"<p>Cantor faz \u00fanica apresenta\u00e7\u00e3o do Centro de Conven\u00e7\u00f5es Ulysses Guimar\u00e3es \u00a0 Parab\u00e9ns a todos que conseguiram se programar antecipadamente e conseguiram ingressos para assistir\u00a0Ney\u00a0Matogrosso, que passa pela cidade na pr\u00f3xima sexta-feira (22) com sua turn\u00ea Bloco na Rua\u00a0que, por acaso, esteve por aqui ano passado. Em apresenta\u00e7\u00e3o \u00fanica no Audit\u00f3rio Master do Centro de Conven\u00e7\u00f5es Ulysses, a partir das 21h, o espet\u00e1culo ainda conta com cadeiras extras (aquelas que s\u00e3o colocadas nas laterais e espa\u00e7o vazios do local), al\u00e9m de alguns poucos camarotes, mas para os f\u00e3s que dormiram no ponto, se traduz em uma oportunidade \u00fanica de n\u00e3o perder a apresenta\u00e7\u00e3o. \u00a0 Ent\u00e3o, se voc\u00ea quer tentar a sorte, cruze os dedos e acesse o site da Bilheteria Digital. Depois, em caso de sucesso, \u00e9 s\u00f3 se preparar para curtir\u00a0o set list\u00a0que Ney escolheu, onde est\u00e3o m\u00fasicas que revelam a diversidade musical que o artista traz consigo ao longo da carreira: Eu quero \u00e9 botar meu bloco na rua (Sergio Sampaio), de onde saiu o t\u00edtulo da turn\u00ea, A Ma\u00e7\u00e3 (Raul Seixas), \u00c1lcool (Bolero Filos\u00f3fico), da trilha original do filme Tatuagem (DJ Dolores), O Beco, gravada por Ney nos final dos anos 80 (Herbert Vianna\/Bi Ribeiro) e Mulher Barriguda, do primeiro \u00e1lbum dos Secos e Molhados, de 1973 (Solano Trindade\/Jo\u00e3o Ricardo). O repert\u00f3rio foi selecionado enquanto\u00a0Ney\u00a0excursionava com o show Atento aos Sinais. \u201cN\u00e3o \u00e9 um show de sucessos meus, mas quis abrir mais para o meu repert\u00f3rio. Dessa vez eu misturei coisas que j\u00e1 gravei com repert\u00f3rio de outras pessoas\u201d, explica Ney, que cantar\u00e1 ainda duas can\u00e7\u00f5es pin\u00e7adas do compacto duplo Ney\u00a0Matogrosso\u00a0e Fagner, lan\u00e7ado em 1975: Postal do Amor (Fagner\/Fausto Nilo\/Ricardo Bezerra) e Ponta do L\u00e1pis (Clod\u00f4\/Rodger Rogerio). Outros dois cl\u00e1ssicos que ele nunca havia cantado, Como 2 e 2 (Caetano Veloso) e Feira Moderna\u00a0(Beto Guedes\/L\u00f4 Borges\/Fernando Brant), tamb\u00e9m est\u00e3o no roteiro. &nbsp; Em tempo, vale ressaltar o bel\u00edssimo figurino criado em parceria com o estilista\u00a0Lino Villaventura, al\u00e9m da participa\u00e7\u00e3o no palco da banda que j\u00e1 vem o acompanhando Ney nos \u00faltimos anos:\u00a0Sacha Amback\u00a0(dire\u00e7\u00e3o musical e teclado),\u00a0Marcos Suzano\u00a0e\u00a0Felipe Roseno\u00a0(percuss\u00e3o),\u00a0Dunga\u00a0(baixo),\u00a0Maur\u00edcio Neg\u00e3o\u00a0(guitarra),\u00a0Aquiles Moraes\u00a0(trompete) e\u00a0Everson Moraes\u00a0(trombone). Servi\u00e7os: Ney\u00a0Matogrosso\u00a0&#8211; \u201cTurn\u00ea 2023 Bloco na Rua\u201d Onde: Centro de Conven\u00e7\u00f5es Ulysses Quando:\u00a0Sexta-feira, 22\/09 &#8211; 21h Dura\u00e7\u00e3o:\u00a0Aproximadamente\u00a01:50h de show. Classifica\u00e7\u00e3o indicativa:\u00a014 anos Mais informa\u00e7\u00f5es:\u00a098409-0198 \u00a0 Fotos: Instagram\/The Town Festival<\/p>\n","protected":false},"author":6,"featured_media":5341,"comment_status":"closed","ping_status":"open","sticky":false,"template":"","format":"standard","meta":{"site-sidebar-layout":"default","site-content-layout":"","ast-site-content-layout":"default","site-content-style":"default","site-sidebar-style":"default","ast-global-header-display":"","ast-banner-title-visibility":"","ast-main-header-display":"","ast-hfb-above-header-display":"","ast-hfb-below-header-display":"","ast-hfb-mobile-header-display":"","site-post-title":"","ast-breadcrumbs-content":"","ast-featured-img":"","footer-sml-layout":"","ast-disable-related-posts":"","theme-transparent-header-meta":"default","adv-header-id-meta":"","stick-header-meta":"","header-above-stick-meta":"","header-main-stick-meta":"","header-below-stick-meta":"","astra-migrate-meta-layouts":"set","ast-page-background-enabled":"default","ast-page-background-meta":{"desktop":{"background-color":"","background-image":"","background-repeat":"repeat","background-position":"center center","background-size":"auto","background-attachment":"scroll","background-type":"","background-media":"","overlay-type":"","overlay-color":"","overlay-opacity":"","overlay-gradient":""},"tablet":{"background-color":"","background-image":"","background-repeat":"repeat","background-position":"center center","background-size":"auto","background-attachment":"scroll","background-type":"","background-media":"","overlay-type":"","overlay-color":"","overlay-opacity":"","overlay-gradient":""},"mobile":{"background-color":"","background-image":"","background-repeat":"repeat","background-position":"center center","background-size":"auto","background-attachment":"scroll","background-type":"","background-media":"","overlay-type":"","overlay-color":"","overlay-opacity":"","overlay-gradient":""}},"ast-content-background-meta":{"desktop":{"background-color":"var(--ast-global-color-5)","background-image":"","background-repeat":"repeat","background-position":"center center","background-size":"auto","background-attachment":"scroll","background-type":"","background-media":"","overlay-type":"","overlay-color":"","overlay-opacity":"","overlay-gradient":""},"tablet":{"background-color":"var(--ast-global-color-5)","background-image":"","background-repeat":"repeat","background-position":"center center","background-size":"auto","background-attachment":"scroll","background-type":"","background-media":"","overlay-type":"","overlay-color":"","overlay-opacity":"","overlay-gradient":""},"mobile":{"background-color":"var(--ast-global-color-5)","background-image":"","background-repeat":"repeat","background-position":"center center","background-size":"auto","background-attachment":"scroll","background-type":"","background-media":"","overlay-type":"","overlay-color":"","overlay-opacity":"","overlay-gradient":""}},"footnotes":""},"categories":[46,48],"tags":[54,272,184,590,110,614,124,615],"class_list":["post-5340","post","type-post","status-publish","format-standard","has-post-thumbnail","hentry","category-arte","category-entretenimento","tag-brasilia","tag-centro-de-convencoes-ulysses","tag-espetaculo","tag-mpb","tag-musica","tag-ney-matogrosso","tag-show","tag-turne-bloco-na-rua"],"yoast_head":"<!-- This site is optimized with the Yoast SEO plugin v27.0 - https:\/\/yoast.com\/product\/yoast-seo-wordpress\/ -->\n<title>Extra, extra! \u00daltimos lugares para ver Ney\u00a0em Bras\u00edlia - LACKMAN &amp; CO.<\/title>\n<meta name=\"robots\" content=\"index, follow, max-snippet:-1, max-image-preview:large, max-video-preview:-1\" \/>\n<link rel=\"canonical\" href=\"https:\/\/lackman.com.br\/index.php\/2023\/09\/20\/extra-extra-ultimos-lugares-para-ver-ney-em-brasilia\/\" \/>\n<meta property=\"og:locale\" content=\"pt_BR\" \/>\n<meta property=\"og:type\" content=\"article\" \/>\n<meta property=\"og:title\" content=\"Extra, extra! \u00daltimos lugares para ver Ney\u00a0em Bras\u00edlia - LACKMAN &amp; CO.\" \/>\n<meta property=\"og:description\" content=\"Cantor faz \u00fanica apresenta\u00e7\u00e3o do Centro de Conven\u00e7\u00f5es Ulysses Guimar\u00e3es \u00a0 Parab\u00e9ns a todos que conseguiram se programar antecipadamente e conseguiram ingressos para assistir\u00a0Ney\u00a0Matogrosso, que passa pela cidade na pr\u00f3xima sexta-feira (22) com sua turn\u00ea Bloco na Rua\u00a0que, por acaso, esteve por aqui ano passado. Em apresenta\u00e7\u00e3o \u00fanica no Audit\u00f3rio Master do Centro de Conven\u00e7\u00f5es Ulysses, a partir das 21h, o espet\u00e1culo ainda conta com cadeiras extras (aquelas que s\u00e3o colocadas nas laterais e espa\u00e7o vazios do local), al\u00e9m de alguns poucos camarotes, mas para os f\u00e3s que dormiram no ponto, se traduz em uma oportunidade \u00fanica de n\u00e3o perder a apresenta\u00e7\u00e3o. \u00a0 Ent\u00e3o, se voc\u00ea quer tentar a sorte, cruze os dedos e acesse o site da Bilheteria Digital. Depois, em caso de sucesso, \u00e9 s\u00f3 se preparar para curtir\u00a0o set list\u00a0que Ney escolheu, onde est\u00e3o m\u00fasicas que revelam a diversidade musical que o artista traz consigo ao longo da carreira: Eu quero \u00e9 botar meu bloco na rua (Sergio Sampaio), de onde saiu o t\u00edtulo da turn\u00ea, A Ma\u00e7\u00e3 (Raul Seixas), \u00c1lcool (Bolero Filos\u00f3fico), da trilha original do filme Tatuagem (DJ Dolores), O Beco, gravada por Ney nos final dos anos 80 (Herbert Vianna\/Bi Ribeiro) e Mulher Barriguda, do primeiro \u00e1lbum dos Secos e Molhados, de 1973 (Solano Trindade\/Jo\u00e3o Ricardo). O repert\u00f3rio foi selecionado enquanto\u00a0Ney\u00a0excursionava com o show Atento aos Sinais. \u201cN\u00e3o \u00e9 um show de sucessos meus, mas quis abrir mais para o meu repert\u00f3rio. Dessa vez eu misturei coisas que j\u00e1 gravei com repert\u00f3rio de outras pessoas\u201d, explica Ney, que cantar\u00e1 ainda duas can\u00e7\u00f5es pin\u00e7adas do compacto duplo Ney\u00a0Matogrosso\u00a0e Fagner, lan\u00e7ado em 1975: Postal do Amor (Fagner\/Fausto Nilo\/Ricardo Bezerra) e Ponta do L\u00e1pis (Clod\u00f4\/Rodger Rogerio). Outros dois cl\u00e1ssicos que ele nunca havia cantado, Como 2 e 2 (Caetano Veloso) e Feira Moderna\u00a0(Beto Guedes\/L\u00f4 Borges\/Fernando Brant), tamb\u00e9m est\u00e3o no roteiro. &nbsp; Em tempo, vale ressaltar o bel\u00edssimo figurino criado em parceria com o estilista\u00a0Lino Villaventura, al\u00e9m da participa\u00e7\u00e3o no palco da banda que j\u00e1 vem o acompanhando Ney nos \u00faltimos anos:\u00a0Sacha Amback\u00a0(dire\u00e7\u00e3o musical e teclado),\u00a0Marcos Suzano\u00a0e\u00a0Felipe Roseno\u00a0(percuss\u00e3o),\u00a0Dunga\u00a0(baixo),\u00a0Maur\u00edcio Neg\u00e3o\u00a0(guitarra),\u00a0Aquiles Moraes\u00a0(trompete) e\u00a0Everson Moraes\u00a0(trombone). Servi\u00e7os: Ney\u00a0Matogrosso\u00a0&#8211; \u201cTurn\u00ea 2023 Bloco na Rua\u201d Onde: Centro de Conven\u00e7\u00f5es Ulysses Quando:\u00a0Sexta-feira, 22\/09 &#8211; 21h Dura\u00e7\u00e3o:\u00a0Aproximadamente\u00a01:50h de show. Classifica\u00e7\u00e3o indicativa:\u00a014 anos Mais informa\u00e7\u00f5es:\u00a098409-0198 \u00a0 Fotos: Instagram\/The Town Festival\" \/>\n<meta property=\"og:url\" content=\"https:\/\/lackman.com.br\/index.php\/2023\/09\/20\/extra-extra-ultimos-lugares-para-ver-ney-em-brasilia\/\" \/>\n<meta property=\"og:site_name\" content=\"LACKMAN &amp; CO.\" \/>\n<meta property=\"article:published_time\" content=\"2023-09-20T15:05:39+00:00\" \/>\n<meta property=\"og:image\" content=\"http:\/\/lackman.com.br\/wp-content\/uploads\/2023\/09\/Copia-de-Sem-nome.jpg\" \/>\n\t<meta property=\"og:image:width\" content=\"1748\" \/>\n\t<meta property=\"og:image:height\" content=\"1240\" \/>\n\t<meta property=\"og:image:type\" content=\"image\/jpeg\" \/>\n<meta name=\"author\" content=\"Gilberto Evangelista - Colunista\" \/>\n<meta name=\"twitter:card\" content=\"summary_large_image\" \/>\n<meta name=\"twitter:label1\" content=\"Escrito por\" \/>\n\t<meta name=\"twitter:data1\" content=\"Gilberto Evangelista - Colunista\" \/>\n\t<meta name=\"twitter:label2\" content=\"Est. tempo de leitura\" \/>\n\t<meta name=\"twitter:data2\" content=\"3 minutos\" \/>\n<script type=\"application\/ld+json\" class=\"yoast-schema-graph\">{\"@context\":\"https:\/\/schema.org\",\"@graph\":[{\"@type\":\"Article\",\"@id\":\"https:\/\/lackman.com.br\/index.php\/2023\/09\/20\/extra-extra-ultimos-lugares-para-ver-ney-em-brasilia\/#article\",\"isPartOf\":{\"@id\":\"https:\/\/lackman.com.br\/index.php\/2023\/09\/20\/extra-extra-ultimos-lugares-para-ver-ney-em-brasilia\/\"},\"author\":{\"name\":\"Gilberto Evangelista - Colunista\",\"@id\":\"https:\/\/lackman.com.br\/#\/schema\/person\/8a2355f699593d21d4f0d25b69db5747\"},\"headline\":\"Extra, extra! \u00daltimos lugares para ver Ney\u00a0em Bras\u00edlia\",\"datePublished\":\"2023-09-20T15:05:39+00:00\",\"mainEntityOfPage\":{\"@id\":\"https:\/\/lackman.com.br\/index.php\/2023\/09\/20\/extra-extra-ultimos-lugares-para-ver-ney-em-brasilia\/\"},\"wordCount\":447,\"publisher\":{\"@id\":\"https:\/\/lackman.com.br\/#organization\"},\"image\":{\"@id\":\"https:\/\/lackman.com.br\/index.php\/2023\/09\/20\/extra-extra-ultimos-lugares-para-ver-ney-em-brasilia\/#primaryimage\"},\"thumbnailUrl\":\"https:\/\/lackman.com.br\/wp-content\/uploads\/2023\/09\/Copia-de-Sem-nome.jpg\",\"keywords\":[\"brasilia\",\"Centro de Conven\u00e7\u00f5es Ulysses\",\"Espet\u00e1culo\",\"mpb\",\"m\u00fasica\",\"Ney Matogrosso\",\"show\",\"Turn\u00ea Bloco Na Rua\"],\"articleSection\":[\"Arte\",\"Entretenimento\"],\"inLanguage\":\"pt-BR\"},{\"@type\":\"WebPage\",\"@id\":\"https:\/\/lackman.com.br\/index.php\/2023\/09\/20\/extra-extra-ultimos-lugares-para-ver-ney-em-brasilia\/\",\"url\":\"https:\/\/lackman.com.br\/index.php\/2023\/09\/20\/extra-extra-ultimos-lugares-para-ver-ney-em-brasilia\/\",\"name\":\"Extra, extra! \u00daltimos lugares para ver Ney\u00a0em Bras\u00edlia - LACKMAN &amp; CO.\",\"isPartOf\":{\"@id\":\"https:\/\/lackman.com.br\/#website\"},\"primaryImageOfPage\":{\"@id\":\"https:\/\/lackman.com.br\/index.php\/2023\/09\/20\/extra-extra-ultimos-lugares-para-ver-ney-em-brasilia\/#primaryimage\"},\"image\":{\"@id\":\"https:\/\/lackman.com.br\/index.php\/2023\/09\/20\/extra-extra-ultimos-lugares-para-ver-ney-em-brasilia\/#primaryimage\"},\"thumbnailUrl\":\"https:\/\/lackman.com.br\/wp-content\/uploads\/2023\/09\/Copia-de-Sem-nome.jpg\",\"datePublished\":\"2023-09-20T15:05:39+00:00\",\"breadcrumb\":{\"@id\":\"https:\/\/lackman.com.br\/index.php\/2023\/09\/20\/extra-extra-ultimos-lugares-para-ver-ney-em-brasilia\/#breadcrumb\"},\"inLanguage\":\"pt-BR\",\"potentialAction\":[{\"@type\":\"ReadAction\",\"target\":[\"https:\/\/lackman.com.br\/index.php\/2023\/09\/20\/extra-extra-ultimos-lugares-para-ver-ney-em-brasilia\/\"]}]},{\"@type\":\"ImageObject\",\"inLanguage\":\"pt-BR\",\"@id\":\"https:\/\/lackman.com.br\/index.php\/2023\/09\/20\/extra-extra-ultimos-lugares-para-ver-ney-em-brasilia\/#primaryimage\",\"url\":\"https:\/\/lackman.com.br\/wp-content\/uploads\/2023\/09\/Copia-de-Sem-nome.jpg\",\"contentUrl\":\"https:\/\/lackman.com.br\/wp-content\/uploads\/2023\/09\/Copia-de-Sem-nome.jpg\",\"width\":1748,\"height\":1240},{\"@type\":\"BreadcrumbList\",\"@id\":\"https:\/\/lackman.com.br\/index.php\/2023\/09\/20\/extra-extra-ultimos-lugares-para-ver-ney-em-brasilia\/#breadcrumb\",\"itemListElement\":[{\"@type\":\"ListItem\",\"position\":1,\"name\":\"In\u00edcio\",\"item\":\"https:\/\/lackman.com.br\/\"},{\"@type\":\"ListItem\",\"position\":2,\"name\":\"Extra, extra! \u00daltimos lugares para ver Ney\u00a0em Bras\u00edlia\"}]},{\"@type\":\"WebSite\",\"@id\":\"https:\/\/lackman.com.br\/#website\",\"url\":\"https:\/\/lackman.com.br\/\",\"name\":\"LACKMAN &amp; CO.\",\"description\":\"VIDA | MODA | ARTE\",\"publisher\":{\"@id\":\"https:\/\/lackman.com.br\/#organization\"},\"potentialAction\":[{\"@type\":\"SearchAction\",\"target\":{\"@type\":\"EntryPoint\",\"urlTemplate\":\"https:\/\/lackman.com.br\/?s={search_term_string}\"},\"query-input\":{\"@type\":\"PropertyValueSpecification\",\"valueRequired\":true,\"valueName\":\"search_term_string\"}}],\"inLanguage\":\"pt-BR\"},{\"@type\":\"Organization\",\"@id\":\"https:\/\/lackman.com.br\/#organization\",\"name\":\"LACKMAN &amp; CO.\",\"url\":\"https:\/\/lackman.com.br\/\",\"logo\":{\"@type\":\"ImageObject\",\"inLanguage\":\"pt-BR\",\"@id\":\"https:\/\/lackman.com.br\/#\/schema\/logo\/image\/\",\"url\":\"https:\/\/lackman.com.br\/wp-content\/uploads\/2023\/06\/Logotipo_preto-1.png\",\"contentUrl\":\"https:\/\/lackman.com.br\/wp-content\/uploads\/2023\/06\/Logotipo_preto-1.png\",\"width\":739,\"height\":393,\"caption\":\"LACKMAN &amp; CO.\"},\"image\":{\"@id\":\"https:\/\/lackman.com.br\/#\/schema\/logo\/image\/\"}},{\"@type\":\"Person\",\"@id\":\"https:\/\/lackman.com.br\/#\/schema\/person\/8a2355f699593d21d4f0d25b69db5747\",\"name\":\"Gilberto Evangelista - Colunista\",\"image\":{\"@type\":\"ImageObject\",\"inLanguage\":\"pt-BR\",\"@id\":\"https:\/\/lackman.com.br\/#\/schema\/person\/image\/\",\"url\":\"https:\/\/secure.gravatar.com\/avatar\/cea9badf02f8a90f7a745f2cbea45fda61f65711ec015e2faf3809cca6337c28?s=96&d=mm&r=g\",\"contentUrl\":\"https:\/\/secure.gravatar.com\/avatar\/cea9badf02f8a90f7a745f2cbea45fda61f65711ec015e2faf3809cca6337c28?s=96&d=mm&r=g\",\"caption\":\"Gilberto Evangelista - Colunista\"},\"description\":\"Jornalista e globetrotter.\",\"url\":\"https:\/\/lackman.com.br\/index.php\/author\/gilberto-brito\/\"}]}<\/script>\n<!-- \/ Yoast SEO plugin. -->","yoast_head_json":{"title":"Extra, extra! \u00daltimos lugares para ver Ney\u00a0em Bras\u00edlia - LACKMAN &amp; CO.","robots":{"index":"index","follow":"follow","max-snippet":"max-snippet:-1","max-image-preview":"max-image-preview:large","max-video-preview":"max-video-preview:-1"},"canonical":"https:\/\/lackman.com.br\/index.php\/2023\/09\/20\/extra-extra-ultimos-lugares-para-ver-ney-em-brasilia\/","og_locale":"pt_BR","og_type":"article","og_title":"Extra, extra! \u00daltimos lugares para ver Ney\u00a0em Bras\u00edlia - LACKMAN &amp; CO.","og_description":"Cantor faz \u00fanica apresenta\u00e7\u00e3o do Centro de Conven\u00e7\u00f5es Ulysses Guimar\u00e3es \u00a0 Parab\u00e9ns a todos que conseguiram se programar antecipadamente e conseguiram ingressos para assistir\u00a0Ney\u00a0Matogrosso, que passa pela cidade na pr\u00f3xima sexta-feira (22) com sua turn\u00ea Bloco na Rua\u00a0que, por acaso, esteve por aqui ano passado. Em apresenta\u00e7\u00e3o \u00fanica no Audit\u00f3rio Master do Centro de Conven\u00e7\u00f5es Ulysses, a partir das 21h, o espet\u00e1culo ainda conta com cadeiras extras (aquelas que s\u00e3o colocadas nas laterais e espa\u00e7o vazios do local), al\u00e9m de alguns poucos camarotes, mas para os f\u00e3s que dormiram no ponto, se traduz em uma oportunidade \u00fanica de n\u00e3o perder a apresenta\u00e7\u00e3o. \u00a0 Ent\u00e3o, se voc\u00ea quer tentar a sorte, cruze os dedos e acesse o site da Bilheteria Digital. Depois, em caso de sucesso, \u00e9 s\u00f3 se preparar para curtir\u00a0o set list\u00a0que Ney escolheu, onde est\u00e3o m\u00fasicas que revelam a diversidade musical que o artista traz consigo ao longo da carreira: Eu quero \u00e9 botar meu bloco na rua (Sergio Sampaio), de onde saiu o t\u00edtulo da turn\u00ea, A Ma\u00e7\u00e3 (Raul Seixas), \u00c1lcool (Bolero Filos\u00f3fico), da trilha original do filme Tatuagem (DJ Dolores), O Beco, gravada por Ney nos final dos anos 80 (Herbert Vianna\/Bi Ribeiro) e Mulher Barriguda, do primeiro \u00e1lbum dos Secos e Molhados, de 1973 (Solano Trindade\/Jo\u00e3o Ricardo). O repert\u00f3rio foi selecionado enquanto\u00a0Ney\u00a0excursionava com o show Atento aos Sinais. \u201cN\u00e3o \u00e9 um show de sucessos meus, mas quis abrir mais para o meu repert\u00f3rio. Dessa vez eu misturei coisas que j\u00e1 gravei com repert\u00f3rio de outras pessoas\u201d, explica Ney, que cantar\u00e1 ainda duas can\u00e7\u00f5es pin\u00e7adas do compacto duplo Ney\u00a0Matogrosso\u00a0e Fagner, lan\u00e7ado em 1975: Postal do Amor (Fagner\/Fausto Nilo\/Ricardo Bezerra) e Ponta do L\u00e1pis (Clod\u00f4\/Rodger Rogerio). Outros dois cl\u00e1ssicos que ele nunca havia cantado, Como 2 e 2 (Caetano Veloso) e Feira Moderna\u00a0(Beto Guedes\/L\u00f4 Borges\/Fernando Brant), tamb\u00e9m est\u00e3o no roteiro. &nbsp; Em tempo, vale ressaltar o bel\u00edssimo figurino criado em parceria com o estilista\u00a0Lino Villaventura, al\u00e9m da participa\u00e7\u00e3o no palco da banda que j\u00e1 vem o acompanhando Ney nos \u00faltimos anos:\u00a0Sacha Amback\u00a0(dire\u00e7\u00e3o musical e teclado),\u00a0Marcos Suzano\u00a0e\u00a0Felipe Roseno\u00a0(percuss\u00e3o),\u00a0Dunga\u00a0(baixo),\u00a0Maur\u00edcio Neg\u00e3o\u00a0(guitarra),\u00a0Aquiles Moraes\u00a0(trompete) e\u00a0Everson Moraes\u00a0(trombone). Servi\u00e7os: Ney\u00a0Matogrosso\u00a0&#8211; \u201cTurn\u00ea 2023 Bloco na Rua\u201d Onde: Centro de Conven\u00e7\u00f5es Ulysses Quando:\u00a0Sexta-feira, 22\/09 &#8211; 21h Dura\u00e7\u00e3o:\u00a0Aproximadamente\u00a01:50h de show. Classifica\u00e7\u00e3o indicativa:\u00a014 anos Mais informa\u00e7\u00f5es:\u00a098409-0198 \u00a0 Fotos: Instagram\/The Town Festival","og_url":"https:\/\/lackman.com.br\/index.php\/2023\/09\/20\/extra-extra-ultimos-lugares-para-ver-ney-em-brasilia\/","og_site_name":"LACKMAN &amp; CO.","article_published_time":"2023-09-20T15:05:39+00:00","og_image":[{"width":1748,"height":1240,"url":"http:\/\/lackman.com.br\/wp-content\/uploads\/2023\/09\/Copia-de-Sem-nome.jpg","type":"image\/jpeg"}],"author":"Gilberto Evangelista - Colunista","twitter_card":"summary_large_image","twitter_misc":{"Escrito por":"Gilberto Evangelista - Colunista","Est. tempo de leitura":"3 minutos"},"schema":{"@context":"https:\/\/schema.org","@graph":[{"@type":"Article","@id":"https:\/\/lackman.com.br\/index.php\/2023\/09\/20\/extra-extra-ultimos-lugares-para-ver-ney-em-brasilia\/#article","isPartOf":{"@id":"https:\/\/lackman.com.br\/index.php\/2023\/09\/20\/extra-extra-ultimos-lugares-para-ver-ney-em-brasilia\/"},"author":{"name":"Gilberto Evangelista - Colunista","@id":"https:\/\/lackman.com.br\/#\/schema\/person\/8a2355f699593d21d4f0d25b69db5747"},"headline":"Extra, extra! \u00daltimos lugares para ver Ney\u00a0em Bras\u00edlia","datePublished":"2023-09-20T15:05:39+00:00","mainEntityOfPage":{"@id":"https:\/\/lackman.com.br\/index.php\/2023\/09\/20\/extra-extra-ultimos-lugares-para-ver-ney-em-brasilia\/"},"wordCount":447,"publisher":{"@id":"https:\/\/lackman.com.br\/#organization"},"image":{"@id":"https:\/\/lackman.com.br\/index.php\/2023\/09\/20\/extra-extra-ultimos-lugares-para-ver-ney-em-brasilia\/#primaryimage"},"thumbnailUrl":"https:\/\/lackman.com.br\/wp-content\/uploads\/2023\/09\/Copia-de-Sem-nome.jpg","keywords":["brasilia","Centro de Conven\u00e7\u00f5es Ulysses","Espet\u00e1culo","mpb","m\u00fasica","Ney Matogrosso","show","Turn\u00ea Bloco Na Rua"],"articleSection":["Arte","Entretenimento"],"inLanguage":"pt-BR"},{"@type":"WebPage","@id":"https:\/\/lackman.com.br\/index.php\/2023\/09\/20\/extra-extra-ultimos-lugares-para-ver-ney-em-brasilia\/","url":"https:\/\/lackman.com.br\/index.php\/2023\/09\/20\/extra-extra-ultimos-lugares-para-ver-ney-em-brasilia\/","name":"Extra, extra! \u00daltimos lugares para ver Ney\u00a0em Bras\u00edlia - LACKMAN &amp; CO.","isPartOf":{"@id":"https:\/\/lackman.com.br\/#website"},"primaryImageOfPage":{"@id":"https:\/\/lackman.com.br\/index.php\/2023\/09\/20\/extra-extra-ultimos-lugares-para-ver-ney-em-brasilia\/#primaryimage"},"image":{"@id":"https:\/\/lackman.com.br\/index.php\/2023\/09\/20\/extra-extra-ultimos-lugares-para-ver-ney-em-brasilia\/#primaryimage"},"thumbnailUrl":"https:\/\/lackman.com.br\/wp-content\/uploads\/2023\/09\/Copia-de-Sem-nome.jpg","datePublished":"2023-09-20T15:05:39+00:00","breadcrumb":{"@id":"https:\/\/lackman.com.br\/index.php\/2023\/09\/20\/extra-extra-ultimos-lugares-para-ver-ney-em-brasilia\/#breadcrumb"},"inLanguage":"pt-BR","potentialAction":[{"@type":"ReadAction","target":["https:\/\/lackman.com.br\/index.php\/2023\/09\/20\/extra-extra-ultimos-lugares-para-ver-ney-em-brasilia\/"]}]},{"@type":"ImageObject","inLanguage":"pt-BR","@id":"https:\/\/lackman.com.br\/index.php\/2023\/09\/20\/extra-extra-ultimos-lugares-para-ver-ney-em-brasilia\/#primaryimage","url":"https:\/\/lackman.com.br\/wp-content\/uploads\/2023\/09\/Copia-de-Sem-nome.jpg","contentUrl":"https:\/\/lackman.com.br\/wp-content\/uploads\/2023\/09\/Copia-de-Sem-nome.jpg","width":1748,"height":1240},{"@type":"BreadcrumbList","@id":"https:\/\/lackman.com.br\/index.php\/2023\/09\/20\/extra-extra-ultimos-lugares-para-ver-ney-em-brasilia\/#breadcrumb","itemListElement":[{"@type":"ListItem","position":1,"name":"In\u00edcio","item":"https:\/\/lackman.com.br\/"},{"@type":"ListItem","position":2,"name":"Extra, extra! \u00daltimos lugares para ver Ney\u00a0em Bras\u00edlia"}]},{"@type":"WebSite","@id":"https:\/\/lackman.com.br\/#website","url":"https:\/\/lackman.com.br\/","name":"LACKMAN &amp; CO.","description":"VIDA | MODA | ARTE","publisher":{"@id":"https:\/\/lackman.com.br\/#organization"},"potentialAction":[{"@type":"SearchAction","target":{"@type":"EntryPoint","urlTemplate":"https:\/\/lackman.com.br\/?s={search_term_string}"},"query-input":{"@type":"PropertyValueSpecification","valueRequired":true,"valueName":"search_term_string"}}],"inLanguage":"pt-BR"},{"@type":"Organization","@id":"https:\/\/lackman.com.br\/#organization","name":"LACKMAN &amp; CO.","url":"https:\/\/lackman.com.br\/","logo":{"@type":"ImageObject","inLanguage":"pt-BR","@id":"https:\/\/lackman.com.br\/#\/schema\/logo\/image\/","url":"https:\/\/lackman.com.br\/wp-content\/uploads\/2023\/06\/Logotipo_preto-1.png","contentUrl":"https:\/\/lackman.com.br\/wp-content\/uploads\/2023\/06\/Logotipo_preto-1.png","width":739,"height":393,"caption":"LACKMAN &amp; CO."},"image":{"@id":"https:\/\/lackman.com.br\/#\/schema\/logo\/image\/"}},{"@type":"Person","@id":"https:\/\/lackman.com.br\/#\/schema\/person\/8a2355f699593d21d4f0d25b69db5747","name":"Gilberto Evangelista - Colunista","image":{"@type":"ImageObject","inLanguage":"pt-BR","@id":"https:\/\/lackman.com.br\/#\/schema\/person\/image\/","url":"https:\/\/secure.gravatar.com\/avatar\/cea9badf02f8a90f7a745f2cbea45fda61f65711ec015e2faf3809cca6337c28?s=96&d=mm&r=g","contentUrl":"https:\/\/secure.gravatar.com\/avatar\/cea9badf02f8a90f7a745f2cbea45fda61f65711ec015e2faf3809cca6337c28?s=96&d=mm&r=g","caption":"Gilberto Evangelista - Colunista"},"description":"Jornalista e globetrotter.","url":"https:\/\/lackman.com.br\/index.php\/author\/gilberto-brito\/"}]}},"rttpg_featured_image_url":{"full":["https:\/\/lackman.com.br\/wp-content\/uploads\/2023\/09\/Copia-de-Sem-nome.jpg",1748,1240,false],"landscape":["https:\/\/lackman.com.br\/wp-content\/uploads\/2023\/09\/Copia-de-Sem-nome.jpg",1748,1240,false],"portraits":["https:\/\/lackman.com.br\/wp-content\/uploads\/2023\/09\/Copia-de-Sem-nome.jpg",1748,1240,false],"thumbnail":["https:\/\/lackman.com.br\/wp-content\/uploads\/2023\/09\/Copia-de-Sem-nome-150x150.jpg",150,150,true],"medium":["https:\/\/lackman.com.br\/wp-content\/uploads\/2023\/09\/Copia-de-Sem-nome-300x213.jpg",300,213,true],"large":["https:\/\/lackman.com.br\/wp-content\/uploads\/2023\/09\/Copia-de-Sem-nome-1024x726.jpg",1024,726,true],"RoboGalleryMansoryImagesCenter":["https:\/\/lackman.com.br\/wp-content\/uploads\/2023\/09\/Copia-de-Sem-nome-600x1024.jpg",600,1024,true],"RoboGalleryPreload":["https:\/\/lackman.com.br\/wp-content\/uploads\/2023\/09\/Copia-de-Sem-nome.jpg",100,71,false],"1536x1536":["https:\/\/lackman.com.br\/wp-content\/uploads\/2023\/09\/Copia-de-Sem-nome-1536x1090.jpg",1536,1090,true],"2048x2048":["https:\/\/lackman.com.br\/wp-content\/uploads\/2023\/09\/Copia-de-Sem-nome.jpg",1748,1240,false]},"rttpg_author":{"display_name":"Gilberto Evangelista - Colunista","author_link":"https:\/\/lackman.com.br\/index.php\/author\/gilberto-brito\/"},"rttpg_comment":0,"rttpg_category":"<a href=\"https:\/\/lackman.com.br\/index.php\/category\/arte\/\" rel=\"category tag\">Arte<\/a> <a href=\"https:\/\/lackman.com.br\/index.php\/category\/arte\/entretenimento\/\" rel=\"category tag\">Entretenimento<\/a>","rttpg_excerpt":"Cantor faz \u00fanica apresenta\u00e7\u00e3o do Centro de Conven\u00e7\u00f5es Ulysses Guimar\u00e3es \u00a0 Parab\u00e9ns a todos que conseguiram se programar antecipadamente e conseguiram ingressos para assistir\u00a0Ney\u00a0Matogrosso, que passa pela cidade na pr\u00f3xima sexta-feira (22) com sua turn\u00ea Bloco na Rua\u00a0que, por acaso, esteve por aqui ano passado. Em apresenta\u00e7\u00e3o \u00fanica no Audit\u00f3rio Master do Centro de Conven\u00e7\u00f5es&hellip;","_links":{"self":[{"href":"https:\/\/lackman.com.br\/index.php\/wp-json\/wp\/v2\/posts\/5340","targetHints":{"allow":["GET"]}}],"collection":[{"href":"https:\/\/lackman.com.br\/index.php\/wp-json\/wp\/v2\/posts"}],"about":[{"href":"https:\/\/lackman.com.br\/index.php\/wp-json\/wp\/v2\/types\/post"}],"author":[{"embeddable":true,"href":"https:\/\/lackman.com.br\/index.php\/wp-json\/wp\/v2\/users\/6"}],"replies":[{"embeddable":true,"href":"https:\/\/lackman.com.br\/index.php\/wp-json\/wp\/v2\/comments?post=5340"}],"version-history":[{"count":1,"href":"https:\/\/lackman.com.br\/index.php\/wp-json\/wp\/v2\/posts\/5340\/revisions"}],"predecessor-version":[{"id":5343,"href":"https:\/\/lackman.com.br\/index.php\/wp-json\/wp\/v2\/posts\/5340\/revisions\/5343"}],"wp:featuredmedia":[{"embeddable":true,"href":"https:\/\/lackman.com.br\/index.php\/wp-json\/wp\/v2\/media\/5341"}],"wp:attachment":[{"href":"https:\/\/lackman.com.br\/index.php\/wp-json\/wp\/v2\/media?parent=5340"}],"wp:term":[{"taxonomy":"category","embeddable":true,"href":"https:\/\/lackman.com.br\/index.php\/wp-json\/wp\/v2\/categories?post=5340"},{"taxonomy":"post_tag","embeddable":true,"href":"https:\/\/lackman.com.br\/index.php\/wp-json\/wp\/v2\/tags?post=5340"}],"curies":[{"name":"wp","href":"https:\/\/api.w.org\/{rel}","templated":true}]}}