{"id":5222,"date":"2023-09-07T10:58:51","date_gmt":"2023-09-07T13:58:51","guid":{"rendered":"https:\/\/lackman.com.br\/?p=5222"},"modified":"2023-09-07T12:13:14","modified_gmt":"2023-09-07T15:13:14","slug":"se-liga-vem-ai-2a-edicao-do-wine-farme","status":"publish","type":"post","link":"https:\/\/lackman.com.br\/index.php\/2023\/09\/07\/se-liga-vem-ai-2a-edicao-do-wine-farme\/","title":{"rendered":"Se liga! Vem a\u00ed 2\u00aa edi\u00e7\u00e3o do Wine &amp; Farm"},"content":{"rendered":"<p>Aten\u00e7\u00e3o para ningu\u00e9m esquecer de que o evento que o <strong>Wine &amp; Farm<\/strong> est\u00e1 de volta e, desta vez, ir\u00e1 acontecer em dois dias, ou seja, <strong>15 e 16 de setembro<\/strong>, das 17h \u00e0s 23h. Na edi\u00e7\u00e3o passada (julho), o sucesso foi tanto, que a organiza\u00e7\u00e3o decidiu repetir, literalmente, em dose dupla. O esquema do festival \u00e9 o mesmo, reunindo vinhos (mais de 80 r\u00f3tulos em ta\u00e7a a partir de R$ 8,00), m\u00fasica, gastronomia e muita divers\u00e3o. Afinal, estamos falando da <strong>Costelaria Ga\u00facha<\/strong> (ao lado da Ponte JK), que oferece divers\u00e3o para a garotada com os animais da sua mini fazenda. Vale lembrar que por l\u00e1 ainda vai rolar feirinha com queijos artesanais, clube de assinaturas de caf\u00e9, doces, lareiras e charutos. O ingresso custa <strong>R$ 25<\/strong>, no 1\u00ba lote, e d\u00e1 direito \u00e0 ta\u00e7a personalizada do evento e a primeira dose da bebida. J\u00e1, l\u00e1 dentro, voc\u00ea paga apenas o que for consumindo, de acordo com suas prefer\u00eancias. Acesse o Sympla para adquirir sua entrada do <a href=\"https:\/\/www.sympla.com.br\/evento\/wine-farm-15-09\/2116481\">primeiro dia<\/a> ou do <a href=\"https:\/\/www.sympla.com.br\/evento\/wine-farm-16-09\/2116500\">segundo dia<\/a>. <span style=\"font-size: 16px\">Mais no perfil do <a href=\"https:\/\/www.instagram.com\/festivaisboamesa\/\">Festivais Boa Mesa<\/a>.<\/span><\/p>\n<p>&nbsp;<\/p>\n<pre>Foto: Instagram do evento<\/pre>\n<p>&nbsp;<\/p>\n","protected":false},"excerpt":{"rendered":"<p>Aten\u00e7\u00e3o para ningu\u00e9m esquecer de que o evento que o Wine &amp; Farm est\u00e1 de volta e, desta vez, ir\u00e1 acontecer em dois dias, ou seja, 15 e 16 de setembro, das 17h \u00e0s 23h. Na edi\u00e7\u00e3o passada (julho), o sucesso foi tanto, que a organiza\u00e7\u00e3o decidiu repetir, literalmente, em dose dupla. O esquema do festival \u00e9 o mesmo, reunindo vinhos (mais de 80 r\u00f3tulos em ta\u00e7a a partir de R$ 8,00), m\u00fasica, gastronomia e muita divers\u00e3o. Afinal, estamos falando da Costelaria Ga\u00facha (ao lado da Ponte JK), que oferece divers\u00e3o para a garotada com os animais da sua mini fazenda. Vale lembrar que por l\u00e1 ainda vai rolar feirinha com queijos artesanais, clube de assinaturas de caf\u00e9, doces, lareiras e charutos. O ingresso custa R$ 25, no 1\u00ba lote, e d\u00e1 direito \u00e0 ta\u00e7a personalizada do evento e a primeira dose da bebida. J\u00e1, l\u00e1 dentro, voc\u00ea paga apenas o que for consumindo, de acordo com suas prefer\u00eancias. Acesse o Sympla para adquirir sua entrada do primeiro dia ou do segundo dia. Mais no perfil do Festivais Boa Mesa. &nbsp; Foto: Instagram do evento &nbsp;<\/p>\n","protected":false},"author":6,"featured_media":5223,"comment_status":"closed","ping_status":"open","sticky":false,"template":"","format":"standard","meta":{"site-sidebar-layout":"default","site-content-layout":"","ast-site-content-layout":"default","site-content-style":"default","site-sidebar-style":"default","ast-global-header-display":"","ast-banner-title-visibility":"","ast-main-header-display":"","ast-hfb-above-header-display":"","ast-hfb-below-header-display":"","ast-hfb-mobile-header-display":"","site-post-title":"","ast-breadcrumbs-content":"","ast-featured-img":"","footer-sml-layout":"","ast-disable-related-posts":"","theme-transparent-header-meta":"default","adv-header-id-meta":"","stick-header-meta":"","header-above-stick-meta":"","header-main-stick-meta":"","header-below-stick-meta":"","astra-migrate-meta-layouts":"set","ast-page-background-enabled":"default","ast-page-background-meta":{"desktop":{"background-color":"","background-image":"","background-repeat":"repeat","background-position":"center center","background-size":"auto","background-attachment":"scroll","background-type":"","background-media":"","overlay-type":"","overlay-color":"","overlay-opacity":"","overlay-gradient":""},"tablet":{"background-color":"","background-image":"","background-repeat":"repeat","background-position":"center center","background-size":"auto","background-attachment":"scroll","background-type":"","background-media":"","overlay-type":"","overlay-color":"","overlay-opacity":"","overlay-gradient":""},"mobile":{"background-color":"","background-image":"","background-repeat":"repeat","background-position":"center center","background-size":"auto","background-attachment":"scroll","background-type":"","background-media":"","overlay-type":"","overlay-color":"","overlay-opacity":"","overlay-gradient":""}},"ast-content-background-meta":{"desktop":{"background-color":"var(--ast-global-color-5)","background-image":"","background-repeat":"repeat","background-position":"center center","background-size":"auto","background-attachment":"scroll","background-type":"","background-media":"","overlay-type":"","overlay-color":"","overlay-opacity":"","overlay-gradient":""},"tablet":{"background-color":"var(--ast-global-color-5)","background-image":"","background-repeat":"repeat","background-position":"center center","background-size":"auto","background-attachment":"scroll","background-type":"","background-media":"","overlay-type":"","overlay-color":"","overlay-opacity":"","overlay-gradient":""},"mobile":{"background-color":"var(--ast-global-color-5)","background-image":"","background-repeat":"repeat","background-position":"center center","background-size":"auto","background-attachment":"scroll","background-type":"","background-media":"","overlay-type":"","overlay-color":"","overlay-opacity":"","overlay-gradient":""}},"footnotes":""},"categories":[48,41],"tags":[54,561,302,172,560,173,559],"class_list":["post-5222","post","type-post","status-publish","format-standard","has-post-thumbnail","hentry","category-entretenimento","category-vida","tag-brasilia","tag-charuto","tag-costelaria-gaucha","tag-festival","tag-queijo","tag-vinho","tag-wine-farm"],"yoast_head":"<!-- This site is optimized with the Yoast SEO plugin v27.0 - https:\/\/yoast.com\/product\/yoast-seo-wordpress\/ -->\n<title>Se liga! Vem a\u00ed 2\u00aa edi\u00e7\u00e3o do Wine &amp; Farm - LACKMAN &amp; CO.<\/title>\n<meta name=\"robots\" content=\"index, follow, max-snippet:-1, max-image-preview:large, max-video-preview:-1\" \/>\n<link rel=\"canonical\" href=\"https:\/\/lackman.com.br\/index.php\/2023\/09\/07\/se-liga-vem-ai-2a-edicao-do-wine-farme\/\" \/>\n<meta property=\"og:locale\" content=\"pt_BR\" \/>\n<meta property=\"og:type\" content=\"article\" \/>\n<meta property=\"og:title\" content=\"Se liga! Vem a\u00ed 2\u00aa edi\u00e7\u00e3o do Wine &amp; Farm - LACKMAN &amp; CO.\" \/>\n<meta property=\"og:description\" content=\"Aten\u00e7\u00e3o para ningu\u00e9m esquecer de que o evento que o Wine &amp; Farm est\u00e1 de volta e, desta vez, ir\u00e1 acontecer em dois dias, ou seja, 15 e 16 de setembro, das 17h \u00e0s 23h. Na edi\u00e7\u00e3o passada (julho), o sucesso foi tanto, que a organiza\u00e7\u00e3o decidiu repetir, literalmente, em dose dupla. O esquema do festival \u00e9 o mesmo, reunindo vinhos (mais de 80 r\u00f3tulos em ta\u00e7a a partir de R$ 8,00), m\u00fasica, gastronomia e muita divers\u00e3o. Afinal, estamos falando da Costelaria Ga\u00facha (ao lado da Ponte JK), que oferece divers\u00e3o para a garotada com os animais da sua mini fazenda. Vale lembrar que por l\u00e1 ainda vai rolar feirinha com queijos artesanais, clube de assinaturas de caf\u00e9, doces, lareiras e charutos. O ingresso custa R$ 25, no 1\u00ba lote, e d\u00e1 direito \u00e0 ta\u00e7a personalizada do evento e a primeira dose da bebida. J\u00e1, l\u00e1 dentro, voc\u00ea paga apenas o que for consumindo, de acordo com suas prefer\u00eancias. Acesse o Sympla para adquirir sua entrada do primeiro dia ou do segundo dia. Mais no perfil do Festivais Boa Mesa. &nbsp; Foto: Instagram do evento &nbsp;\" \/>\n<meta property=\"og:url\" content=\"https:\/\/lackman.com.br\/index.php\/2023\/09\/07\/se-liga-vem-ai-2a-edicao-do-wine-farme\/\" \/>\n<meta property=\"og:site_name\" content=\"LACKMAN &amp; CO.\" \/>\n<meta property=\"article:published_time\" content=\"2023-09-07T13:58:51+00:00\" \/>\n<meta property=\"article:modified_time\" content=\"2023-09-07T15:13:14+00:00\" \/>\n<meta property=\"og:image\" content=\"http:\/\/lackman.com.br\/wp-content\/uploads\/2023\/09\/357437807_1026445751637198_5594734065446058345_n.jpg\" \/>\n\t<meta property=\"og:image:width\" content=\"1440\" \/>\n\t<meta property=\"og:image:height\" content=\"1403\" \/>\n\t<meta property=\"og:image:type\" content=\"image\/jpeg\" \/>\n<meta name=\"author\" content=\"Gilberto Evangelista - Colunista\" \/>\n<meta name=\"twitter:card\" content=\"summary_large_image\" \/>\n<meta name=\"twitter:label1\" content=\"Escrito por\" \/>\n\t<meta name=\"twitter:data1\" content=\"Gilberto Evangelista - Colunista\" \/>\n\t<meta name=\"twitter:label2\" content=\"Est. tempo de leitura\" \/>\n\t<meta name=\"twitter:data2\" content=\"2 minutos\" \/>\n<script type=\"application\/ld+json\" class=\"yoast-schema-graph\">{\"@context\":\"https:\/\/schema.org\",\"@graph\":[{\"@type\":\"Article\",\"@id\":\"https:\/\/lackman.com.br\/index.php\/2023\/09\/07\/se-liga-vem-ai-2a-edicao-do-wine-farme\/#article\",\"isPartOf\":{\"@id\":\"https:\/\/lackman.com.br\/index.php\/2023\/09\/07\/se-liga-vem-ai-2a-edicao-do-wine-farme\/\"},\"author\":{\"name\":\"Gilberto Evangelista - Colunista\",\"@id\":\"https:\/\/lackman.com.br\/#\/schema\/person\/8a2355f699593d21d4f0d25b69db5747\"},\"headline\":\"Se liga! Vem a\u00ed 2\u00aa edi\u00e7\u00e3o do Wine &amp; Farm\",\"datePublished\":\"2023-09-07T13:58:51+00:00\",\"dateModified\":\"2023-09-07T15:13:14+00:00\",\"mainEntityOfPage\":{\"@id\":\"https:\/\/lackman.com.br\/index.php\/2023\/09\/07\/se-liga-vem-ai-2a-edicao-do-wine-farme\/\"},\"wordCount\":196,\"publisher\":{\"@id\":\"https:\/\/lackman.com.br\/#organization\"},\"image\":{\"@id\":\"https:\/\/lackman.com.br\/index.php\/2023\/09\/07\/se-liga-vem-ai-2a-edicao-do-wine-farme\/#primaryimage\"},\"thumbnailUrl\":\"https:\/\/lackman.com.br\/wp-content\/uploads\/2023\/09\/357437807_1026445751637198_5594734065446058345_n.jpg\",\"keywords\":[\"brasilia\",\"charuto\",\"costelaria ga\u00facha\",\"festival\",\"queijo\",\"vinho\",\"Wine &amp; Farm\"],\"articleSection\":[\"Entretenimento\",\"Vida\"],\"inLanguage\":\"pt-BR\"},{\"@type\":\"WebPage\",\"@id\":\"https:\/\/lackman.com.br\/index.php\/2023\/09\/07\/se-liga-vem-ai-2a-edicao-do-wine-farme\/\",\"url\":\"https:\/\/lackman.com.br\/index.php\/2023\/09\/07\/se-liga-vem-ai-2a-edicao-do-wine-farme\/\",\"name\":\"Se liga! Vem a\u00ed 2\u00aa edi\u00e7\u00e3o do Wine &amp; Farm - LACKMAN &amp; CO.\",\"isPartOf\":{\"@id\":\"https:\/\/lackman.com.br\/#website\"},\"primaryImageOfPage\":{\"@id\":\"https:\/\/lackman.com.br\/index.php\/2023\/09\/07\/se-liga-vem-ai-2a-edicao-do-wine-farme\/#primaryimage\"},\"image\":{\"@id\":\"https:\/\/lackman.com.br\/index.php\/2023\/09\/07\/se-liga-vem-ai-2a-edicao-do-wine-farme\/#primaryimage\"},\"thumbnailUrl\":\"https:\/\/lackman.com.br\/wp-content\/uploads\/2023\/09\/357437807_1026445751637198_5594734065446058345_n.jpg\",\"datePublished\":\"2023-09-07T13:58:51+00:00\",\"dateModified\":\"2023-09-07T15:13:14+00:00\",\"breadcrumb\":{\"@id\":\"https:\/\/lackman.com.br\/index.php\/2023\/09\/07\/se-liga-vem-ai-2a-edicao-do-wine-farme\/#breadcrumb\"},\"inLanguage\":\"pt-BR\",\"potentialAction\":[{\"@type\":\"ReadAction\",\"target\":[\"https:\/\/lackman.com.br\/index.php\/2023\/09\/07\/se-liga-vem-ai-2a-edicao-do-wine-farme\/\"]}]},{\"@type\":\"ImageObject\",\"inLanguage\":\"pt-BR\",\"@id\":\"https:\/\/lackman.com.br\/index.php\/2023\/09\/07\/se-liga-vem-ai-2a-edicao-do-wine-farme\/#primaryimage\",\"url\":\"https:\/\/lackman.com.br\/wp-content\/uploads\/2023\/09\/357437807_1026445751637198_5594734065446058345_n.jpg\",\"contentUrl\":\"https:\/\/lackman.com.br\/wp-content\/uploads\/2023\/09\/357437807_1026445751637198_5594734065446058345_n.jpg\",\"width\":1440,\"height\":1403},{\"@type\":\"BreadcrumbList\",\"@id\":\"https:\/\/lackman.com.br\/index.php\/2023\/09\/07\/se-liga-vem-ai-2a-edicao-do-wine-farme\/#breadcrumb\",\"itemListElement\":[{\"@type\":\"ListItem\",\"position\":1,\"name\":\"In\u00edcio\",\"item\":\"https:\/\/lackman.com.br\/\"},{\"@type\":\"ListItem\",\"position\":2,\"name\":\"Se liga! Vem a\u00ed 2\u00aa edi\u00e7\u00e3o do Wine &amp; Farm\"}]},{\"@type\":\"WebSite\",\"@id\":\"https:\/\/lackman.com.br\/#website\",\"url\":\"https:\/\/lackman.com.br\/\",\"name\":\"LACKMAN &amp; CO.\",\"description\":\"VIDA | MODA | ARTE\",\"publisher\":{\"@id\":\"https:\/\/lackman.com.br\/#organization\"},\"potentialAction\":[{\"@type\":\"SearchAction\",\"target\":{\"@type\":\"EntryPoint\",\"urlTemplate\":\"https:\/\/lackman.com.br\/?s={search_term_string}\"},\"query-input\":{\"@type\":\"PropertyValueSpecification\",\"valueRequired\":true,\"valueName\":\"search_term_string\"}}],\"inLanguage\":\"pt-BR\"},{\"@type\":\"Organization\",\"@id\":\"https:\/\/lackman.com.br\/#organization\",\"name\":\"LACKMAN &amp; CO.\",\"url\":\"https:\/\/lackman.com.br\/\",\"logo\":{\"@type\":\"ImageObject\",\"inLanguage\":\"pt-BR\",\"@id\":\"https:\/\/lackman.com.br\/#\/schema\/logo\/image\/\",\"url\":\"https:\/\/lackman.com.br\/wp-content\/uploads\/2023\/06\/Logotipo_preto-1.png\",\"contentUrl\":\"https:\/\/lackman.com.br\/wp-content\/uploads\/2023\/06\/Logotipo_preto-1.png\",\"width\":739,\"height\":393,\"caption\":\"LACKMAN &amp; CO.\"},\"image\":{\"@id\":\"https:\/\/lackman.com.br\/#\/schema\/logo\/image\/\"}},{\"@type\":\"Person\",\"@id\":\"https:\/\/lackman.com.br\/#\/schema\/person\/8a2355f699593d21d4f0d25b69db5747\",\"name\":\"Gilberto Evangelista - Colunista\",\"image\":{\"@type\":\"ImageObject\",\"inLanguage\":\"pt-BR\",\"@id\":\"https:\/\/lackman.com.br\/#\/schema\/person\/image\/\",\"url\":\"https:\/\/secure.gravatar.com\/avatar\/cea9badf02f8a90f7a745f2cbea45fda61f65711ec015e2faf3809cca6337c28?s=96&d=mm&r=g\",\"contentUrl\":\"https:\/\/secure.gravatar.com\/avatar\/cea9badf02f8a90f7a745f2cbea45fda61f65711ec015e2faf3809cca6337c28?s=96&d=mm&r=g\",\"caption\":\"Gilberto Evangelista - Colunista\"},\"description\":\"Jornalista e globetrotter.\",\"url\":\"https:\/\/lackman.com.br\/index.php\/author\/gilberto-brito\/\"}]}<\/script>\n<!-- \/ Yoast SEO plugin. -->","yoast_head_json":{"title":"Se liga! Vem a\u00ed 2\u00aa edi\u00e7\u00e3o do Wine &amp; Farm - LACKMAN &amp; CO.","robots":{"index":"index","follow":"follow","max-snippet":"max-snippet:-1","max-image-preview":"max-image-preview:large","max-video-preview":"max-video-preview:-1"},"canonical":"https:\/\/lackman.com.br\/index.php\/2023\/09\/07\/se-liga-vem-ai-2a-edicao-do-wine-farme\/","og_locale":"pt_BR","og_type":"article","og_title":"Se liga! Vem a\u00ed 2\u00aa edi\u00e7\u00e3o do Wine &amp; Farm - LACKMAN &amp; CO.","og_description":"Aten\u00e7\u00e3o para ningu\u00e9m esquecer de que o evento que o Wine &amp; Farm est\u00e1 de volta e, desta vez, ir\u00e1 acontecer em dois dias, ou seja, 15 e 16 de setembro, das 17h \u00e0s 23h. Na edi\u00e7\u00e3o passada (julho), o sucesso foi tanto, que a organiza\u00e7\u00e3o decidiu repetir, literalmente, em dose dupla. O esquema do festival \u00e9 o mesmo, reunindo vinhos (mais de 80 r\u00f3tulos em ta\u00e7a a partir de R$ 8,00), m\u00fasica, gastronomia e muita divers\u00e3o. Afinal, estamos falando da Costelaria Ga\u00facha (ao lado da Ponte JK), que oferece divers\u00e3o para a garotada com os animais da sua mini fazenda. Vale lembrar que por l\u00e1 ainda vai rolar feirinha com queijos artesanais, clube de assinaturas de caf\u00e9, doces, lareiras e charutos. O ingresso custa R$ 25, no 1\u00ba lote, e d\u00e1 direito \u00e0 ta\u00e7a personalizada do evento e a primeira dose da bebida. J\u00e1, l\u00e1 dentro, voc\u00ea paga apenas o que for consumindo, de acordo com suas prefer\u00eancias. Acesse o Sympla para adquirir sua entrada do primeiro dia ou do segundo dia. Mais no perfil do Festivais Boa Mesa. &nbsp; Foto: Instagram do evento &nbsp;","og_url":"https:\/\/lackman.com.br\/index.php\/2023\/09\/07\/se-liga-vem-ai-2a-edicao-do-wine-farme\/","og_site_name":"LACKMAN &amp; CO.","article_published_time":"2023-09-07T13:58:51+00:00","article_modified_time":"2023-09-07T15:13:14+00:00","og_image":[{"width":1440,"height":1403,"url":"http:\/\/lackman.com.br\/wp-content\/uploads\/2023\/09\/357437807_1026445751637198_5594734065446058345_n.jpg","type":"image\/jpeg"}],"author":"Gilberto Evangelista - Colunista","twitter_card":"summary_large_image","twitter_misc":{"Escrito por":"Gilberto Evangelista - Colunista","Est. tempo de leitura":"2 minutos"},"schema":{"@context":"https:\/\/schema.org","@graph":[{"@type":"Article","@id":"https:\/\/lackman.com.br\/index.php\/2023\/09\/07\/se-liga-vem-ai-2a-edicao-do-wine-farme\/#article","isPartOf":{"@id":"https:\/\/lackman.com.br\/index.php\/2023\/09\/07\/se-liga-vem-ai-2a-edicao-do-wine-farme\/"},"author":{"name":"Gilberto Evangelista - Colunista","@id":"https:\/\/lackman.com.br\/#\/schema\/person\/8a2355f699593d21d4f0d25b69db5747"},"headline":"Se liga! Vem a\u00ed 2\u00aa edi\u00e7\u00e3o do Wine &amp; Farm","datePublished":"2023-09-07T13:58:51+00:00","dateModified":"2023-09-07T15:13:14+00:00","mainEntityOfPage":{"@id":"https:\/\/lackman.com.br\/index.php\/2023\/09\/07\/se-liga-vem-ai-2a-edicao-do-wine-farme\/"},"wordCount":196,"publisher":{"@id":"https:\/\/lackman.com.br\/#organization"},"image":{"@id":"https:\/\/lackman.com.br\/index.php\/2023\/09\/07\/se-liga-vem-ai-2a-edicao-do-wine-farme\/#primaryimage"},"thumbnailUrl":"https:\/\/lackman.com.br\/wp-content\/uploads\/2023\/09\/357437807_1026445751637198_5594734065446058345_n.jpg","keywords":["brasilia","charuto","costelaria ga\u00facha","festival","queijo","vinho","Wine &amp; Farm"],"articleSection":["Entretenimento","Vida"],"inLanguage":"pt-BR"},{"@type":"WebPage","@id":"https:\/\/lackman.com.br\/index.php\/2023\/09\/07\/se-liga-vem-ai-2a-edicao-do-wine-farme\/","url":"https:\/\/lackman.com.br\/index.php\/2023\/09\/07\/se-liga-vem-ai-2a-edicao-do-wine-farme\/","name":"Se liga! Vem a\u00ed 2\u00aa edi\u00e7\u00e3o do Wine &amp; Farm - LACKMAN &amp; CO.","isPartOf":{"@id":"https:\/\/lackman.com.br\/#website"},"primaryImageOfPage":{"@id":"https:\/\/lackman.com.br\/index.php\/2023\/09\/07\/se-liga-vem-ai-2a-edicao-do-wine-farme\/#primaryimage"},"image":{"@id":"https:\/\/lackman.com.br\/index.php\/2023\/09\/07\/se-liga-vem-ai-2a-edicao-do-wine-farme\/#primaryimage"},"thumbnailUrl":"https:\/\/lackman.com.br\/wp-content\/uploads\/2023\/09\/357437807_1026445751637198_5594734065446058345_n.jpg","datePublished":"2023-09-07T13:58:51+00:00","dateModified":"2023-09-07T15:13:14+00:00","breadcrumb":{"@id":"https:\/\/lackman.com.br\/index.php\/2023\/09\/07\/se-liga-vem-ai-2a-edicao-do-wine-farme\/#breadcrumb"},"inLanguage":"pt-BR","potentialAction":[{"@type":"ReadAction","target":["https:\/\/lackman.com.br\/index.php\/2023\/09\/07\/se-liga-vem-ai-2a-edicao-do-wine-farme\/"]}]},{"@type":"ImageObject","inLanguage":"pt-BR","@id":"https:\/\/lackman.com.br\/index.php\/2023\/09\/07\/se-liga-vem-ai-2a-edicao-do-wine-farme\/#primaryimage","url":"https:\/\/lackman.com.br\/wp-content\/uploads\/2023\/09\/357437807_1026445751637198_5594734065446058345_n.jpg","contentUrl":"https:\/\/lackman.com.br\/wp-content\/uploads\/2023\/09\/357437807_1026445751637198_5594734065446058345_n.jpg","width":1440,"height":1403},{"@type":"BreadcrumbList","@id":"https:\/\/lackman.com.br\/index.php\/2023\/09\/07\/se-liga-vem-ai-2a-edicao-do-wine-farme\/#breadcrumb","itemListElement":[{"@type":"ListItem","position":1,"name":"In\u00edcio","item":"https:\/\/lackman.com.br\/"},{"@type":"ListItem","position":2,"name":"Se liga! Vem a\u00ed 2\u00aa edi\u00e7\u00e3o do Wine &amp; Farm"}]},{"@type":"WebSite","@id":"https:\/\/lackman.com.br\/#website","url":"https:\/\/lackman.com.br\/","name":"LACKMAN &amp; CO.","description":"VIDA | MODA | ARTE","publisher":{"@id":"https:\/\/lackman.com.br\/#organization"},"potentialAction":[{"@type":"SearchAction","target":{"@type":"EntryPoint","urlTemplate":"https:\/\/lackman.com.br\/?s={search_term_string}"},"query-input":{"@type":"PropertyValueSpecification","valueRequired":true,"valueName":"search_term_string"}}],"inLanguage":"pt-BR"},{"@type":"Organization","@id":"https:\/\/lackman.com.br\/#organization","name":"LACKMAN &amp; CO.","url":"https:\/\/lackman.com.br\/","logo":{"@type":"ImageObject","inLanguage":"pt-BR","@id":"https:\/\/lackman.com.br\/#\/schema\/logo\/image\/","url":"https:\/\/lackman.com.br\/wp-content\/uploads\/2023\/06\/Logotipo_preto-1.png","contentUrl":"https:\/\/lackman.com.br\/wp-content\/uploads\/2023\/06\/Logotipo_preto-1.png","width":739,"height":393,"caption":"LACKMAN &amp; CO."},"image":{"@id":"https:\/\/lackman.com.br\/#\/schema\/logo\/image\/"}},{"@type":"Person","@id":"https:\/\/lackman.com.br\/#\/schema\/person\/8a2355f699593d21d4f0d25b69db5747","name":"Gilberto Evangelista - Colunista","image":{"@type":"ImageObject","inLanguage":"pt-BR","@id":"https:\/\/lackman.com.br\/#\/schema\/person\/image\/","url":"https:\/\/secure.gravatar.com\/avatar\/cea9badf02f8a90f7a745f2cbea45fda61f65711ec015e2faf3809cca6337c28?s=96&d=mm&r=g","contentUrl":"https:\/\/secure.gravatar.com\/avatar\/cea9badf02f8a90f7a745f2cbea45fda61f65711ec015e2faf3809cca6337c28?s=96&d=mm&r=g","caption":"Gilberto Evangelista - Colunista"},"description":"Jornalista e globetrotter.","url":"https:\/\/lackman.com.br\/index.php\/author\/gilberto-brito\/"}]}},"rttpg_featured_image_url":{"full":["https:\/\/lackman.com.br\/wp-content\/uploads\/2023\/09\/357437807_1026445751637198_5594734065446058345_n.jpg",1440,1403,false],"landscape":["https:\/\/lackman.com.br\/wp-content\/uploads\/2023\/09\/357437807_1026445751637198_5594734065446058345_n.jpg",1440,1403,false],"portraits":["https:\/\/lackman.com.br\/wp-content\/uploads\/2023\/09\/357437807_1026445751637198_5594734065446058345_n.jpg",1440,1403,false],"thumbnail":["https:\/\/lackman.com.br\/wp-content\/uploads\/2023\/09\/357437807_1026445751637198_5594734065446058345_n-150x150.jpg",150,150,true],"medium":["https:\/\/lackman.com.br\/wp-content\/uploads\/2023\/09\/357437807_1026445751637198_5594734065446058345_n-300x292.jpg",300,292,true],"large":["https:\/\/lackman.com.br\/wp-content\/uploads\/2023\/09\/357437807_1026445751637198_5594734065446058345_n-1024x998.jpg",1024,998,true],"RoboGalleryMansoryImagesCenter":["https:\/\/lackman.com.br\/wp-content\/uploads\/2023\/09\/357437807_1026445751637198_5594734065446058345_n-600x1024.jpg",600,1024,true],"RoboGalleryPreload":["https:\/\/lackman.com.br\/wp-content\/uploads\/2023\/09\/357437807_1026445751637198_5594734065446058345_n.jpg",100,97,false],"1536x1536":["https:\/\/lackman.com.br\/wp-content\/uploads\/2023\/09\/357437807_1026445751637198_5594734065446058345_n.jpg",1440,1403,false],"2048x2048":["https:\/\/lackman.com.br\/wp-content\/uploads\/2023\/09\/357437807_1026445751637198_5594734065446058345_n.jpg",1440,1403,false]},"rttpg_author":{"display_name":"Gilberto Evangelista - Colunista","author_link":"https:\/\/lackman.com.br\/index.php\/author\/gilberto-brito\/"},"rttpg_comment":0,"rttpg_category":"<a href=\"https:\/\/lackman.com.br\/index.php\/category\/arte\/entretenimento\/\" rel=\"category tag\">Entretenimento<\/a> <a href=\"https:\/\/lackman.com.br\/index.php\/category\/vida\/\" rel=\"category tag\">Vida<\/a>","rttpg_excerpt":"Aten\u00e7\u00e3o para ningu\u00e9m esquecer de que o evento que o Wine &amp; Farm est\u00e1 de volta e, desta vez, ir\u00e1 acontecer em dois dias, ou seja, 15 e 16 de setembro, das 17h \u00e0s 23h. Na edi\u00e7\u00e3o passada (julho), o sucesso foi tanto, que a organiza\u00e7\u00e3o decidiu repetir, literalmente, em dose dupla. O esquema do&hellip;","_links":{"self":[{"href":"https:\/\/lackman.com.br\/index.php\/wp-json\/wp\/v2\/posts\/5222","targetHints":{"allow":["GET"]}}],"collection":[{"href":"https:\/\/lackman.com.br\/index.php\/wp-json\/wp\/v2\/posts"}],"about":[{"href":"https:\/\/lackman.com.br\/index.php\/wp-json\/wp\/v2\/types\/post"}],"author":[{"embeddable":true,"href":"https:\/\/lackman.com.br\/index.php\/wp-json\/wp\/v2\/users\/6"}],"replies":[{"embeddable":true,"href":"https:\/\/lackman.com.br\/index.php\/wp-json\/wp\/v2\/comments?post=5222"}],"version-history":[{"count":2,"href":"https:\/\/lackman.com.br\/index.php\/wp-json\/wp\/v2\/posts\/5222\/revisions"}],"predecessor-version":[{"id":5227,"href":"https:\/\/lackman.com.br\/index.php\/wp-json\/wp\/v2\/posts\/5222\/revisions\/5227"}],"wp:featuredmedia":[{"embeddable":true,"href":"https:\/\/lackman.com.br\/index.php\/wp-json\/wp\/v2\/media\/5223"}],"wp:attachment":[{"href":"https:\/\/lackman.com.br\/index.php\/wp-json\/wp\/v2\/media?parent=5222"}],"wp:term":[{"taxonomy":"category","embeddable":true,"href":"https:\/\/lackman.com.br\/index.php\/wp-json\/wp\/v2\/categories?post=5222"},{"taxonomy":"post_tag","embeddable":true,"href":"https:\/\/lackman.com.br\/index.php\/wp-json\/wp\/v2\/tags?post=5222"}],"curies":[{"name":"wp","href":"https:\/\/api.w.org\/{rel}","templated":true}]}}