{"id":5024,"date":"2023-08-17T11:22:13","date_gmt":"2023-08-17T14:22:13","guid":{"rendered":"https:\/\/lackman.com.br\/?p=5024"},"modified":"2023-08-17T11:24:23","modified_gmt":"2023-08-17T14:24:23","slug":"olha-olha-a-balburdia","status":"publish","type":"post","link":"https:\/\/lackman.com.br\/index.php\/2023\/08\/17\/olha-olha-a-balburdia\/","title":{"rendered":"Olha, olha a Balb\u00fardia!"},"content":{"rendered":"<h5>J\u00e1 est\u00e1 aberta a venda de ingressos para a fervida festa carioca que acontece pela primeira vez em Bras\u00edlia<em><br \/>\n<\/em><\/h5>\n<p>&nbsp;<\/p>\n<p>Batizado de <strong>Balb\u00fardia<\/strong>, o agito\u00a0\u00e9 sin\u00f4nimo do Carnaval carioca. Ent\u00e3o, se voc\u00ea curte uma festa do Rei Momo <strong>fora de \u00e9poca<\/strong> com <strong>formato premium<\/strong>, anote a\u00ed na sua agenda dia e local: 23 de setembro, na Areninha do Est\u00e1dio Nacional Man\u00e9 Garrincha. E para n\u00e3o ficar de fora e aproveitar melhores pre\u00e7os, a venda de ingressos come\u00e7ou nessa quarta-feira (16). <a href=\"https:\/\/www.ingresse.com\/balbvrdia\"><strong>Clique aqui<\/strong><\/a> para adquirir!<\/p>\n<p>Vale lembrar que, al\u00e9m do Rio de Janeiro, a festa j\u00e1 passou por S\u00e3o Paulo, Belo Horizonte, Porto Alegre e Vit\u00f3ria. Agora, chegou a vez dos brasilienses entrarem no circuito desse evento que mistura <strong>modernidade e tecnologia<\/strong> com elementos dos <strong>Anos 20 e Art Deco<\/strong>. O anfitri\u00e3o ser\u00e1 o <strong>DJ The Duck<\/strong>, conhecido pela sua irrever\u00eancia e paix\u00e3o pela m\u00fasica. Fique por dentro pelo Insta <a href=\"https:\/\/www.instagram.com\/nabalburdia\/\"><strong>@nabalburdia<\/strong><\/a>. Quero ver todo mundo <strong>PERAMBULANDO<\/strong> por l\u00e1!<\/p>\n<p>&nbsp;<\/p>\n<pre>Foto: Divulga\u00e7\u00e3o<\/pre>\n<p>&nbsp;<\/p>\n","protected":false},"excerpt":{"rendered":"<p>J\u00e1 est\u00e1 aberta a venda de ingressos para a fervida festa carioca que acontece pela primeira vez em Bras\u00edlia &nbsp; Batizado de Balb\u00fardia, o agito\u00a0\u00e9 sin\u00f4nimo do Carnaval carioca. Ent\u00e3o, se voc\u00ea curte uma festa do Rei Momo fora de \u00e9poca com formato premium, anote a\u00ed na sua agenda dia e local: 23 de setembro, na Areninha do Est\u00e1dio Nacional Man\u00e9 Garrincha. E para n\u00e3o ficar de fora e aproveitar melhores pre\u00e7os, a venda de ingressos come\u00e7ou nessa quarta-feira (16). Clique aqui para adquirir! Vale lembrar que, al\u00e9m do Rio de Janeiro, a festa j\u00e1 passou por S\u00e3o Paulo, Belo Horizonte, Porto Alegre e Vit\u00f3ria. Agora, chegou a vez dos brasilienses entrarem no circuito desse evento que mistura modernidade e tecnologia com elementos dos Anos 20 e Art Deco. O anfitri\u00e3o ser\u00e1 o DJ The Duck, conhecido pela sua irrever\u00eancia e paix\u00e3o pela m\u00fasica. Fique por dentro pelo Insta @nabalburdia. Quero ver todo mundo PERAMBULANDO por l\u00e1! &nbsp; Foto: Divulga\u00e7\u00e3o &nbsp;<\/p>\n","protected":false},"author":6,"featured_media":5026,"comment_status":"closed","ping_status":"open","sticky":false,"template":"","format":"standard","meta":{"site-sidebar-layout":"default","site-content-layout":"","ast-site-content-layout":"default","site-content-style":"default","site-sidebar-style":"default","ast-global-header-display":"","ast-banner-title-visibility":"","ast-main-header-display":"","ast-hfb-above-header-display":"","ast-hfb-below-header-display":"","ast-hfb-mobile-header-display":"","site-post-title":"","ast-breadcrumbs-content":"","ast-featured-img":"","footer-sml-layout":"","ast-disable-related-posts":"","theme-transparent-header-meta":"default","adv-header-id-meta":"","stick-header-meta":"","header-above-stick-meta":"","header-main-stick-meta":"","header-below-stick-meta":"","astra-migrate-meta-layouts":"set","ast-page-background-enabled":"default","ast-page-background-meta":{"desktop":{"background-color":"","background-image":"","background-repeat":"repeat","background-position":"center center","background-size":"auto","background-attachment":"scroll","background-type":"","background-media":"","overlay-type":"","overlay-color":"","overlay-opacity":"","overlay-gradient":""},"tablet":{"background-color":"","background-image":"","background-repeat":"repeat","background-position":"center center","background-size":"auto","background-attachment":"scroll","background-type":"","background-media":"","overlay-type":"","overlay-color":"","overlay-opacity":"","overlay-gradient":""},"mobile":{"background-color":"","background-image":"","background-repeat":"repeat","background-position":"center center","background-size":"auto","background-attachment":"scroll","background-type":"","background-media":"","overlay-type":"","overlay-color":"","overlay-opacity":"","overlay-gradient":""}},"ast-content-background-meta":{"desktop":{"background-color":"var(--ast-global-color-5)","background-image":"","background-repeat":"repeat","background-position":"center center","background-size":"auto","background-attachment":"scroll","background-type":"","background-media":"","overlay-type":"","overlay-color":"","overlay-opacity":"","overlay-gradient":""},"tablet":{"background-color":"var(--ast-global-color-5)","background-image":"","background-repeat":"repeat","background-position":"center center","background-size":"auto","background-attachment":"scroll","background-type":"","background-media":"","overlay-type":"","overlay-color":"","overlay-opacity":"","overlay-gradient":""},"mobile":{"background-color":"var(--ast-global-color-5)","background-image":"","background-repeat":"repeat","background-position":"center center","background-size":"auto","background-attachment":"scroll","background-type":"","background-media":"","overlay-type":"","overlay-color":"","overlay-opacity":"","overlay-gradient":""}},"footnotes":""},"categories":[47],"tags":[502,506,503,500,504,505,476,507,82,501,65],"class_list":["post-5024","post","type-post","status-publish","format-standard","has-post-thumbnail","hentry","category-cultura-arte","tag-agito","tag-areninha","tag-balada","tag-balburdia","tag-carnaval-fora-de-epoca","tag-dj-the-duck","tag-estadio-mane-garrincha","tag-estadio-nacional","tag-festa","tag-premium","tag-rio-de-janeiro"],"yoast_head":"<!-- This site is optimized with the Yoast SEO plugin v27.0 - https:\/\/yoast.com\/product\/yoast-seo-wordpress\/ -->\n<title>Olha, olha a Balb\u00fardia! - LACKMAN &amp; CO.<\/title>\n<meta name=\"robots\" content=\"index, follow, max-snippet:-1, max-image-preview:large, max-video-preview:-1\" \/>\n<link rel=\"canonical\" href=\"https:\/\/lackman.com.br\/index.php\/2023\/08\/17\/olha-olha-a-balburdia\/\" \/>\n<meta property=\"og:locale\" content=\"pt_BR\" \/>\n<meta property=\"og:type\" content=\"article\" \/>\n<meta property=\"og:title\" content=\"Olha, olha a Balb\u00fardia! - LACKMAN &amp; CO.\" \/>\n<meta property=\"og:description\" content=\"J\u00e1 est\u00e1 aberta a venda de ingressos para a fervida festa carioca que acontece pela primeira vez em Bras\u00edlia &nbsp; Batizado de Balb\u00fardia, o agito\u00a0\u00e9 sin\u00f4nimo do Carnaval carioca. Ent\u00e3o, se voc\u00ea curte uma festa do Rei Momo fora de \u00e9poca com formato premium, anote a\u00ed na sua agenda dia e local: 23 de setembro, na Areninha do Est\u00e1dio Nacional Man\u00e9 Garrincha. E para n\u00e3o ficar de fora e aproveitar melhores pre\u00e7os, a venda de ingressos come\u00e7ou nessa quarta-feira (16). Clique aqui para adquirir! Vale lembrar que, al\u00e9m do Rio de Janeiro, a festa j\u00e1 passou por S\u00e3o Paulo, Belo Horizonte, Porto Alegre e Vit\u00f3ria. Agora, chegou a vez dos brasilienses entrarem no circuito desse evento que mistura modernidade e tecnologia com elementos dos Anos 20 e Art Deco. O anfitri\u00e3o ser\u00e1 o DJ The Duck, conhecido pela sua irrever\u00eancia e paix\u00e3o pela m\u00fasica. Fique por dentro pelo Insta @nabalburdia. Quero ver todo mundo PERAMBULANDO por l\u00e1! &nbsp; Foto: Divulga\u00e7\u00e3o &nbsp;\" \/>\n<meta property=\"og:url\" content=\"https:\/\/lackman.com.br\/index.php\/2023\/08\/17\/olha-olha-a-balburdia\/\" \/>\n<meta property=\"og:site_name\" content=\"LACKMAN &amp; CO.\" \/>\n<meta property=\"article:published_time\" content=\"2023-08-17T14:22:13+00:00\" \/>\n<meta property=\"article:modified_time\" content=\"2023-08-17T14:24:23+00:00\" \/>\n<meta property=\"og:image\" content=\"http:\/\/lackman.com.br\/wp-content\/uploads\/2023\/08\/@SimplePix_Oficial-438.jpg\" \/>\n\t<meta property=\"og:image:width\" content=\"2048\" \/>\n\t<meta property=\"og:image:height\" content=\"1365\" \/>\n\t<meta property=\"og:image:type\" content=\"image\/jpeg\" \/>\n<meta name=\"author\" content=\"Gilberto Evangelista - Colunista\" \/>\n<meta name=\"twitter:card\" content=\"summary_large_image\" \/>\n<meta name=\"twitter:label1\" content=\"Escrito por\" \/>\n\t<meta name=\"twitter:data1\" content=\"Gilberto Evangelista - Colunista\" \/>\n\t<meta name=\"twitter:label2\" content=\"Est. tempo de leitura\" \/>\n\t<meta name=\"twitter:data2\" content=\"1 minuto\" \/>\n<script type=\"application\/ld+json\" class=\"yoast-schema-graph\">{\"@context\":\"https:\/\/schema.org\",\"@graph\":[{\"@type\":\"Article\",\"@id\":\"https:\/\/lackman.com.br\/index.php\/2023\/08\/17\/olha-olha-a-balburdia\/#article\",\"isPartOf\":{\"@id\":\"https:\/\/lackman.com.br\/index.php\/2023\/08\/17\/olha-olha-a-balburdia\/\"},\"author\":{\"name\":\"Gilberto Evangelista - Colunista\",\"@id\":\"https:\/\/lackman.com.br\/#\/schema\/person\/8a2355f699593d21d4f0d25b69db5747\"},\"headline\":\"Olha, olha a Balb\u00fardia!\",\"datePublished\":\"2023-08-17T14:22:13+00:00\",\"dateModified\":\"2023-08-17T14:24:23+00:00\",\"mainEntityOfPage\":{\"@id\":\"https:\/\/lackman.com.br\/index.php\/2023\/08\/17\/olha-olha-a-balburdia\/\"},\"wordCount\":176,\"publisher\":{\"@id\":\"https:\/\/lackman.com.br\/#organization\"},\"image\":{\"@id\":\"https:\/\/lackman.com.br\/index.php\/2023\/08\/17\/olha-olha-a-balburdia\/#primaryimage\"},\"thumbnailUrl\":\"https:\/\/lackman.com.br\/wp-content\/uploads\/2023\/08\/@SimplePix_Oficial-438.jpg\",\"keywords\":[\"agito\",\"Areninha\",\"balada\",\"Balb\u00fardia\",\"Carnaval fora de \u00e9poca\",\"DJ The Duck\",\"Est\u00e1dio Man\u00e9 Garrincha\",\"Est\u00e1dio Nacional\",\"festa\",\"premium\",\"Rio de Janeiro\"],\"articleSection\":[\"Cultura\"],\"inLanguage\":\"pt-BR\"},{\"@type\":\"WebPage\",\"@id\":\"https:\/\/lackman.com.br\/index.php\/2023\/08\/17\/olha-olha-a-balburdia\/\",\"url\":\"https:\/\/lackman.com.br\/index.php\/2023\/08\/17\/olha-olha-a-balburdia\/\",\"name\":\"Olha, olha a Balb\u00fardia! - LACKMAN &amp; CO.\",\"isPartOf\":{\"@id\":\"https:\/\/lackman.com.br\/#website\"},\"primaryImageOfPage\":{\"@id\":\"https:\/\/lackman.com.br\/index.php\/2023\/08\/17\/olha-olha-a-balburdia\/#primaryimage\"},\"image\":{\"@id\":\"https:\/\/lackman.com.br\/index.php\/2023\/08\/17\/olha-olha-a-balburdia\/#primaryimage\"},\"thumbnailUrl\":\"https:\/\/lackman.com.br\/wp-content\/uploads\/2023\/08\/@SimplePix_Oficial-438.jpg\",\"datePublished\":\"2023-08-17T14:22:13+00:00\",\"dateModified\":\"2023-08-17T14:24:23+00:00\",\"breadcrumb\":{\"@id\":\"https:\/\/lackman.com.br\/index.php\/2023\/08\/17\/olha-olha-a-balburdia\/#breadcrumb\"},\"inLanguage\":\"pt-BR\",\"potentialAction\":[{\"@type\":\"ReadAction\",\"target\":[\"https:\/\/lackman.com.br\/index.php\/2023\/08\/17\/olha-olha-a-balburdia\/\"]}]},{\"@type\":\"ImageObject\",\"inLanguage\":\"pt-BR\",\"@id\":\"https:\/\/lackman.com.br\/index.php\/2023\/08\/17\/olha-olha-a-balburdia\/#primaryimage\",\"url\":\"https:\/\/lackman.com.br\/wp-content\/uploads\/2023\/08\/@SimplePix_Oficial-438.jpg\",\"contentUrl\":\"https:\/\/lackman.com.br\/wp-content\/uploads\/2023\/08\/@SimplePix_Oficial-438.jpg\",\"width\":2048,\"height\":1365},{\"@type\":\"BreadcrumbList\",\"@id\":\"https:\/\/lackman.com.br\/index.php\/2023\/08\/17\/olha-olha-a-balburdia\/#breadcrumb\",\"itemListElement\":[{\"@type\":\"ListItem\",\"position\":1,\"name\":\"In\u00edcio\",\"item\":\"https:\/\/lackman.com.br\/\"},{\"@type\":\"ListItem\",\"position\":2,\"name\":\"Olha, olha a Balb\u00fardia!\"}]},{\"@type\":\"WebSite\",\"@id\":\"https:\/\/lackman.com.br\/#website\",\"url\":\"https:\/\/lackman.com.br\/\",\"name\":\"LACKMAN &amp; CO.\",\"description\":\"VIDA | MODA | ARTE\",\"publisher\":{\"@id\":\"https:\/\/lackman.com.br\/#organization\"},\"potentialAction\":[{\"@type\":\"SearchAction\",\"target\":{\"@type\":\"EntryPoint\",\"urlTemplate\":\"https:\/\/lackman.com.br\/?s={search_term_string}\"},\"query-input\":{\"@type\":\"PropertyValueSpecification\",\"valueRequired\":true,\"valueName\":\"search_term_string\"}}],\"inLanguage\":\"pt-BR\"},{\"@type\":\"Organization\",\"@id\":\"https:\/\/lackman.com.br\/#organization\",\"name\":\"LACKMAN &amp; CO.\",\"url\":\"https:\/\/lackman.com.br\/\",\"logo\":{\"@type\":\"ImageObject\",\"inLanguage\":\"pt-BR\",\"@id\":\"https:\/\/lackman.com.br\/#\/schema\/logo\/image\/\",\"url\":\"https:\/\/lackman.com.br\/wp-content\/uploads\/2023\/06\/Logotipo_preto-1.png\",\"contentUrl\":\"https:\/\/lackman.com.br\/wp-content\/uploads\/2023\/06\/Logotipo_preto-1.png\",\"width\":739,\"height\":393,\"caption\":\"LACKMAN &amp; CO.\"},\"image\":{\"@id\":\"https:\/\/lackman.com.br\/#\/schema\/logo\/image\/\"}},{\"@type\":\"Person\",\"@id\":\"https:\/\/lackman.com.br\/#\/schema\/person\/8a2355f699593d21d4f0d25b69db5747\",\"name\":\"Gilberto Evangelista - Colunista\",\"image\":{\"@type\":\"ImageObject\",\"inLanguage\":\"pt-BR\",\"@id\":\"https:\/\/lackman.com.br\/#\/schema\/person\/image\/\",\"url\":\"https:\/\/secure.gravatar.com\/avatar\/cea9badf02f8a90f7a745f2cbea45fda61f65711ec015e2faf3809cca6337c28?s=96&d=mm&r=g\",\"contentUrl\":\"https:\/\/secure.gravatar.com\/avatar\/cea9badf02f8a90f7a745f2cbea45fda61f65711ec015e2faf3809cca6337c28?s=96&d=mm&r=g\",\"caption\":\"Gilberto Evangelista - Colunista\"},\"description\":\"Jornalista e globetrotter.\",\"url\":\"https:\/\/lackman.com.br\/index.php\/author\/gilberto-brito\/\"}]}<\/script>\n<!-- \/ Yoast SEO plugin. -->","yoast_head_json":{"title":"Olha, olha a Balb\u00fardia! - LACKMAN &amp; CO.","robots":{"index":"index","follow":"follow","max-snippet":"max-snippet:-1","max-image-preview":"max-image-preview:large","max-video-preview":"max-video-preview:-1"},"canonical":"https:\/\/lackman.com.br\/index.php\/2023\/08\/17\/olha-olha-a-balburdia\/","og_locale":"pt_BR","og_type":"article","og_title":"Olha, olha a Balb\u00fardia! - LACKMAN &amp; CO.","og_description":"J\u00e1 est\u00e1 aberta a venda de ingressos para a fervida festa carioca que acontece pela primeira vez em Bras\u00edlia &nbsp; Batizado de Balb\u00fardia, o agito\u00a0\u00e9 sin\u00f4nimo do Carnaval carioca. Ent\u00e3o, se voc\u00ea curte uma festa do Rei Momo fora de \u00e9poca com formato premium, anote a\u00ed na sua agenda dia e local: 23 de setembro, na Areninha do Est\u00e1dio Nacional Man\u00e9 Garrincha. E para n\u00e3o ficar de fora e aproveitar melhores pre\u00e7os, a venda de ingressos come\u00e7ou nessa quarta-feira (16). Clique aqui para adquirir! Vale lembrar que, al\u00e9m do Rio de Janeiro, a festa j\u00e1 passou por S\u00e3o Paulo, Belo Horizonte, Porto Alegre e Vit\u00f3ria. Agora, chegou a vez dos brasilienses entrarem no circuito desse evento que mistura modernidade e tecnologia com elementos dos Anos 20 e Art Deco. O anfitri\u00e3o ser\u00e1 o DJ The Duck, conhecido pela sua irrever\u00eancia e paix\u00e3o pela m\u00fasica. Fique por dentro pelo Insta @nabalburdia. Quero ver todo mundo PERAMBULANDO por l\u00e1! &nbsp; Foto: Divulga\u00e7\u00e3o &nbsp;","og_url":"https:\/\/lackman.com.br\/index.php\/2023\/08\/17\/olha-olha-a-balburdia\/","og_site_name":"LACKMAN &amp; CO.","article_published_time":"2023-08-17T14:22:13+00:00","article_modified_time":"2023-08-17T14:24:23+00:00","og_image":[{"width":2048,"height":1365,"url":"http:\/\/lackman.com.br\/wp-content\/uploads\/2023\/08\/@SimplePix_Oficial-438.jpg","type":"image\/jpeg"}],"author":"Gilberto Evangelista - Colunista","twitter_card":"summary_large_image","twitter_misc":{"Escrito por":"Gilberto Evangelista - Colunista","Est. tempo de leitura":"1 minuto"},"schema":{"@context":"https:\/\/schema.org","@graph":[{"@type":"Article","@id":"https:\/\/lackman.com.br\/index.php\/2023\/08\/17\/olha-olha-a-balburdia\/#article","isPartOf":{"@id":"https:\/\/lackman.com.br\/index.php\/2023\/08\/17\/olha-olha-a-balburdia\/"},"author":{"name":"Gilberto Evangelista - Colunista","@id":"https:\/\/lackman.com.br\/#\/schema\/person\/8a2355f699593d21d4f0d25b69db5747"},"headline":"Olha, olha a Balb\u00fardia!","datePublished":"2023-08-17T14:22:13+00:00","dateModified":"2023-08-17T14:24:23+00:00","mainEntityOfPage":{"@id":"https:\/\/lackman.com.br\/index.php\/2023\/08\/17\/olha-olha-a-balburdia\/"},"wordCount":176,"publisher":{"@id":"https:\/\/lackman.com.br\/#organization"},"image":{"@id":"https:\/\/lackman.com.br\/index.php\/2023\/08\/17\/olha-olha-a-balburdia\/#primaryimage"},"thumbnailUrl":"https:\/\/lackman.com.br\/wp-content\/uploads\/2023\/08\/@SimplePix_Oficial-438.jpg","keywords":["agito","Areninha","balada","Balb\u00fardia","Carnaval fora de \u00e9poca","DJ The Duck","Est\u00e1dio Man\u00e9 Garrincha","Est\u00e1dio Nacional","festa","premium","Rio de Janeiro"],"articleSection":["Cultura"],"inLanguage":"pt-BR"},{"@type":"WebPage","@id":"https:\/\/lackman.com.br\/index.php\/2023\/08\/17\/olha-olha-a-balburdia\/","url":"https:\/\/lackman.com.br\/index.php\/2023\/08\/17\/olha-olha-a-balburdia\/","name":"Olha, olha a Balb\u00fardia! - LACKMAN &amp; CO.","isPartOf":{"@id":"https:\/\/lackman.com.br\/#website"},"primaryImageOfPage":{"@id":"https:\/\/lackman.com.br\/index.php\/2023\/08\/17\/olha-olha-a-balburdia\/#primaryimage"},"image":{"@id":"https:\/\/lackman.com.br\/index.php\/2023\/08\/17\/olha-olha-a-balburdia\/#primaryimage"},"thumbnailUrl":"https:\/\/lackman.com.br\/wp-content\/uploads\/2023\/08\/@SimplePix_Oficial-438.jpg","datePublished":"2023-08-17T14:22:13+00:00","dateModified":"2023-08-17T14:24:23+00:00","breadcrumb":{"@id":"https:\/\/lackman.com.br\/index.php\/2023\/08\/17\/olha-olha-a-balburdia\/#breadcrumb"},"inLanguage":"pt-BR","potentialAction":[{"@type":"ReadAction","target":["https:\/\/lackman.com.br\/index.php\/2023\/08\/17\/olha-olha-a-balburdia\/"]}]},{"@type":"ImageObject","inLanguage":"pt-BR","@id":"https:\/\/lackman.com.br\/index.php\/2023\/08\/17\/olha-olha-a-balburdia\/#primaryimage","url":"https:\/\/lackman.com.br\/wp-content\/uploads\/2023\/08\/@SimplePix_Oficial-438.jpg","contentUrl":"https:\/\/lackman.com.br\/wp-content\/uploads\/2023\/08\/@SimplePix_Oficial-438.jpg","width":2048,"height":1365},{"@type":"BreadcrumbList","@id":"https:\/\/lackman.com.br\/index.php\/2023\/08\/17\/olha-olha-a-balburdia\/#breadcrumb","itemListElement":[{"@type":"ListItem","position":1,"name":"In\u00edcio","item":"https:\/\/lackman.com.br\/"},{"@type":"ListItem","position":2,"name":"Olha, olha a Balb\u00fardia!"}]},{"@type":"WebSite","@id":"https:\/\/lackman.com.br\/#website","url":"https:\/\/lackman.com.br\/","name":"LACKMAN &amp; CO.","description":"VIDA | MODA | ARTE","publisher":{"@id":"https:\/\/lackman.com.br\/#organization"},"potentialAction":[{"@type":"SearchAction","target":{"@type":"EntryPoint","urlTemplate":"https:\/\/lackman.com.br\/?s={search_term_string}"},"query-input":{"@type":"PropertyValueSpecification","valueRequired":true,"valueName":"search_term_string"}}],"inLanguage":"pt-BR"},{"@type":"Organization","@id":"https:\/\/lackman.com.br\/#organization","name":"LACKMAN &amp; CO.","url":"https:\/\/lackman.com.br\/","logo":{"@type":"ImageObject","inLanguage":"pt-BR","@id":"https:\/\/lackman.com.br\/#\/schema\/logo\/image\/","url":"https:\/\/lackman.com.br\/wp-content\/uploads\/2023\/06\/Logotipo_preto-1.png","contentUrl":"https:\/\/lackman.com.br\/wp-content\/uploads\/2023\/06\/Logotipo_preto-1.png","width":739,"height":393,"caption":"LACKMAN &amp; CO."},"image":{"@id":"https:\/\/lackman.com.br\/#\/schema\/logo\/image\/"}},{"@type":"Person","@id":"https:\/\/lackman.com.br\/#\/schema\/person\/8a2355f699593d21d4f0d25b69db5747","name":"Gilberto Evangelista - Colunista","image":{"@type":"ImageObject","inLanguage":"pt-BR","@id":"https:\/\/lackman.com.br\/#\/schema\/person\/image\/","url":"https:\/\/secure.gravatar.com\/avatar\/cea9badf02f8a90f7a745f2cbea45fda61f65711ec015e2faf3809cca6337c28?s=96&d=mm&r=g","contentUrl":"https:\/\/secure.gravatar.com\/avatar\/cea9badf02f8a90f7a745f2cbea45fda61f65711ec015e2faf3809cca6337c28?s=96&d=mm&r=g","caption":"Gilberto Evangelista - Colunista"},"description":"Jornalista e globetrotter.","url":"https:\/\/lackman.com.br\/index.php\/author\/gilberto-brito\/"}]}},"rttpg_featured_image_url":{"full":["https:\/\/lackman.com.br\/wp-content\/uploads\/2023\/08\/@SimplePix_Oficial-438.jpg",2048,1365,false],"landscape":["https:\/\/lackman.com.br\/wp-content\/uploads\/2023\/08\/@SimplePix_Oficial-438.jpg",2048,1365,false],"portraits":["https:\/\/lackman.com.br\/wp-content\/uploads\/2023\/08\/@SimplePix_Oficial-438.jpg",2048,1365,false],"thumbnail":["https:\/\/lackman.com.br\/wp-content\/uploads\/2023\/08\/@SimplePix_Oficial-438-150x150.jpg",150,150,true],"medium":["https:\/\/lackman.com.br\/wp-content\/uploads\/2023\/08\/@SimplePix_Oficial-438-300x200.jpg",300,200,true],"large":["https:\/\/lackman.com.br\/wp-content\/uploads\/2023\/08\/@SimplePix_Oficial-438-1024x683.jpg",1024,683,true],"RoboGalleryMansoryImagesCenter":["https:\/\/lackman.com.br\/wp-content\/uploads\/2023\/08\/@SimplePix_Oficial-438-600x1024.jpg",600,1024,true],"RoboGalleryPreload":["https:\/\/lackman.com.br\/wp-content\/uploads\/2023\/08\/@SimplePix_Oficial-438.jpg",100,67,false],"1536x1536":["https:\/\/lackman.com.br\/wp-content\/uploads\/2023\/08\/@SimplePix_Oficial-438-1536x1024.jpg",1536,1024,true],"2048x2048":["https:\/\/lackman.com.br\/wp-content\/uploads\/2023\/08\/@SimplePix_Oficial-438.jpg",2048,1365,false]},"rttpg_author":{"display_name":"Gilberto Evangelista - Colunista","author_link":"https:\/\/lackman.com.br\/index.php\/author\/gilberto-brito\/"},"rttpg_comment":0,"rttpg_category":"<a href=\"https:\/\/lackman.com.br\/index.php\/category\/arte\/cultura-arte\/\" rel=\"category tag\">Cultura<\/a>","rttpg_excerpt":"J\u00e1 est\u00e1 aberta a venda de ingressos para a fervida festa carioca que acontece pela primeira vez em Bras\u00edlia &nbsp; Batizado de Balb\u00fardia, o agito\u00a0\u00e9 sin\u00f4nimo do Carnaval carioca. Ent\u00e3o, se voc\u00ea curte uma festa do Rei Momo fora de \u00e9poca com formato premium, anote a\u00ed na sua agenda dia e local: 23 de setembro,&hellip;","_links":{"self":[{"href":"https:\/\/lackman.com.br\/index.php\/wp-json\/wp\/v2\/posts\/5024","targetHints":{"allow":["GET"]}}],"collection":[{"href":"https:\/\/lackman.com.br\/index.php\/wp-json\/wp\/v2\/posts"}],"about":[{"href":"https:\/\/lackman.com.br\/index.php\/wp-json\/wp\/v2\/types\/post"}],"author":[{"embeddable":true,"href":"https:\/\/lackman.com.br\/index.php\/wp-json\/wp\/v2\/users\/6"}],"replies":[{"embeddable":true,"href":"https:\/\/lackman.com.br\/index.php\/wp-json\/wp\/v2\/comments?post=5024"}],"version-history":[{"count":1,"href":"https:\/\/lackman.com.br\/index.php\/wp-json\/wp\/v2\/posts\/5024\/revisions"}],"predecessor-version":[{"id":5025,"href":"https:\/\/lackman.com.br\/index.php\/wp-json\/wp\/v2\/posts\/5024\/revisions\/5025"}],"wp:featuredmedia":[{"embeddable":true,"href":"https:\/\/lackman.com.br\/index.php\/wp-json\/wp\/v2\/media\/5026"}],"wp:attachment":[{"href":"https:\/\/lackman.com.br\/index.php\/wp-json\/wp\/v2\/media?parent=5024"}],"wp:term":[{"taxonomy":"category","embeddable":true,"href":"https:\/\/lackman.com.br\/index.php\/wp-json\/wp\/v2\/categories?post=5024"},{"taxonomy":"post_tag","embeddable":true,"href":"https:\/\/lackman.com.br\/index.php\/wp-json\/wp\/v2\/tags?post=5024"}],"curies":[{"name":"wp","href":"https:\/\/api.w.org\/{rel}","templated":true}]}}