{"id":4957,"date":"2023-06-16T01:00:28","date_gmt":"2023-06-16T04:00:28","guid":{"rendered":"https:\/\/lackman.com.br\/?p=4957"},"modified":"2023-08-12T01:10:55","modified_gmt":"2023-08-12T04:10:55","slug":"hamilton-de-holanda-em-tributo-a-dominguinhos-complexo-do-choro","status":"publish","type":"post","link":"https:\/\/lackman.com.br\/index.php\/2023\/06\/16\/hamilton-de-holanda-em-tributo-a-dominguinhos-complexo-do-choro\/","title":{"rendered":"Hamilton de Holanda em tributo a Dominguinhos no Complexo\u00a0do\u00a0Choro"},"content":{"rendered":"<h5 style=\"font-weight: 400; text-align: justify;\"><strong><em>Projeto conta com programa\u00e7\u00e3o quinzenal para o brasiliense curtir os finais de semana com dan\u00e7a, teatro infantil, rodas de\u00a0choro\u00a0e muita m\u00fasica, no centro da Capital Federal<\/em><\/strong><\/h5>\n<p style=\"font-weight: 400; text-align: justify;\">O Minist\u00e9rio da Cultura, a Shell e o Instituto\u00a0Cultural\u00a0de Educa\u00e7\u00e3o Musical de Bras\u00edlia (ICEM) apresenta mais uma etapa do\u00a0Complexo\u00a0Cultural\u00a0do\u00a0Choro\u00a0de Bras\u00edlia, com muita arte, cultura e entretenimento no tradicional Espa\u00e7o\u00a0Cultural\u00a0do\u00a0Choro. Realizado a cada 15 dias, o projeto seguir\u00e1 com apresenta\u00e7\u00f5es especiais at\u00e9 janeiro de 2024. Em junho, a atra\u00e7\u00e3o principal \u00e9 o multitalentoso compositor e instrumentista Hamilton de Holanda, prestando homenagem a Dominguinhos. Nos dias 17 e 18, o p\u00fablico presente ter\u00e1 acesso a diversas express\u00f5es\u00a0culturais\u00a0locais e nacionais para todas as idades.<\/p>\n<p style=\"font-weight: 400; text-align: justify;\">\u201cValorizar as pessoas e empoderar vidas s\u00e3o compromissos da Shell. O\u00a0Complexo\u00a0Cultural\u00a0do\u00a0Choro\u00a0contempla estes objetivos ao valorizar a cultura e fomentar o empreendedorismo. Estamos orgulhosos por fazer parte deste projeto\u201d, afirma Glauco Paiva, gerente executivo de Comunica\u00e7\u00e3o e Responsabilidade Social da Shell Brasil.<\/p>\n<p style=\"font-weight: 400; text-align: justify;\">A j\u00e1 conhecida \u201cRoda de\u00a0Choro\u00a0dos Alunos e Professores da Escola Brasileira de\u00a0Choro\u00a0Raphael Rabello\u201d voltar\u00e1 a se apresentar no s\u00e1bado, 17 de junho, a partir das 10h, na \u00e1rea externa do Espa\u00e7o\u00a0Cultural\u00a0do\u00a0Choro, seguida da roda de samba com Feijoada, evento tradicional da Casa. J\u00e1 a noite, o Clube do\u00a0Choro\u00a0recebe Hamilton de Holanda. &#8220;\u00c9 uma emo\u00e7\u00e3o muito grande voltar ao Clube do\u00a0Choro\u00a0de Bras\u00edlia. Foi no Clube que me apresentei em p\u00fablico pela primeira vez na vida em 1981, quando tinha 5 anos de idade, ent\u00e3o sempre passa um filme quando toco l\u00e1\u201d. Acostumado a fazer m\u00fasica para quem quer sentir-se bem, Hamilton homenagear\u00e1 um \u00edcone e celebra essa energia. \u201cHomenagear Dominguinhos \u00e9 certeza de m\u00fasica que faz bem para o corpo e para alma: as melodias dele purificam o ambiente, s\u00e3o como \u00e1gua mineral bebida direta da fonte. Vai ser uma noite inesquec\u00edvel!&#8221;, afirma.<\/p>\n<p style=\"font-weight: 400; text-align: justify;\">\u00a0\u201c\u00c9 uma grande honra poder compartilhar o trabalho da Escola Brasileira de\u00a0Choro\u00a0Raphael Rabello em um projeto t\u00e3o importante para a cultura brasileira, como este do\u00a0Complexo\u00a0Cultural\u00a0do\u00a0Choro. Ao som do\u00a0choro, os brasilienses t\u00eam a oportunidade de apreciar o g\u00eanero musical que expressa com tanta riqueza e autenticidade a m\u00fasica instrumental brasileira\u201d, destaca Reco do Bandolim, presidente do Clube do\u00a0Choro\u00a0de Bras\u00edlia.<\/p>\n<p style=\"text-align: justify;\"><img fetchpriority=\"high\" decoding=\"async\" class=\"wp-image-4959 size-large aligncenter\" src=\"http:\/\/lackman.com.br\/wp-content\/uploads\/2023\/08\/Circo-Rebote-3-818x1024.jpeg\" alt=\"\" width=\"818\" height=\"1024\" srcset=\"https:\/\/lackman.com.br\/wp-content\/uploads\/2023\/08\/Circo-Rebote-3-818x1024.jpeg 818w, https:\/\/lackman.com.br\/wp-content\/uploads\/2023\/08\/Circo-Rebote-3-240x300.jpeg 240w, https:\/\/lackman.com.br\/wp-content\/uploads\/2023\/08\/Circo-Rebote-3-768x961.jpeg 768w, https:\/\/lackman.com.br\/wp-content\/uploads\/2023\/08\/Circo-Rebote-3.jpeg 1023w\" sizes=\"(max-width: 818px) 100vw, 818px\" \/><\/p>\n<p style=\"font-weight: 400; text-align: justify;\">No domingo, 18 de junho, a programa\u00e7\u00e3o inicia \u00e0s 16h para reunir a crian\u00e7ada no \u201cPiquenique Chor\u00e3o\u201d com o \u201cTome sua poltrona\u201d, da cia Circo Rebote. O espet\u00e1culo \u00e9 um convite para o p\u00fablico se acomodar e se divertir com dois palha\u00e7os, Berinjela e Trompetino, que entram em cena para realizar um grande show de circo. Mas, eles s\u00e3o muitos desastrados, o que resulta em uma s\u00e9rie de situa\u00e7\u00f5es c\u00f4micas. Os palha\u00e7os apresentam n\u00fameros musicais com trompete e bateria e acrob\u00e1ticos. O espet\u00e1culo traz uma s\u00e9rie de momentos circense repletos de palha\u00e7aria cl\u00e1ssica.<\/p>\n<p style=\"font-weight: 400; text-align: justify;\">O \u201cChoro\u00a0Livre\u201d, marcado para \u00e0s 17h no Clube do\u00a0Choro, ter\u00e1 como convidados: A\u00a0cavaquinhista e bandolinista Mariana Sardinha, que esteve na abertura do projeto. O saxofonista Esdras Nogueira, que tocou por quase 2 anos na banda M\u00f3veis Coloniais de Acaju e o gaitista brasiliense Pablo Fagundes.<\/p>\n<p style=\"font-weight: 400; text-align: justify;\">E para finalizar, a banda Passo Largo estar\u00e1 no comando do \u201cDomingo no Clube\u201d, \u00e0s 19h30. O grupo\u00a0tem seu som baseado no rock, pop, funk e jazz, mas flerta com diversos outros estilos como bai\u00e3o, reggae, frevo, tango e salsa. Tal diversidade surge naturalmente devido \u00e0 hist\u00f3ria musical e \u00e0s influ\u00eancias dos instrumentistas. Marcus Moraes na guitarra, Vav\u00e1 Afiouni no baixo e Thiago Cunha na bateria. Eles buscam uma fus\u00e3o sonora que ao mesmo tempo em que se apodera do groove, do peso e da improvisa\u00e7\u00e3o, deixa clara a impress\u00e3o de melodias \u201ccant\u00e1veis\u201d, que mesmo em trechos aparentemente\u00a0complexos\u00a0mant\u00eam uma leveza para compreens\u00e3o.<\/p>\n<h5 style=\"font-weight: 400; text-align: justify;\"><strong>Programa\u00e7\u00e3o do primeiro final de semana de junho:<\/strong><\/h5>\n<p style=\"font-weight: 400; text-align: justify;\"><strong>17 de junho, s\u00e1bado<\/strong><\/p>\n<p style=\"font-weight: 400; text-align: justify;\">10h &#8211; Roda de\u00a0Choro\u00a0dos Alunos e Professores da Escola Brasileira de\u00a0Choro\u00a0Raphael Rabello<\/p>\n<p style=\"font-weight: 400; text-align: justify;\">20h30 \u2013 Hamilton de Holanda em um Tributo ao Mestre Dominguinhos<\/p>\n<p style=\"font-weight: 400; text-align: justify;\"><strong>18 de junho, domingo<\/strong><\/p>\n<p style=\"font-weight: 400; text-align: justify;\">16h &#8211; Piquenique Chor\u00e3o, com o espet\u00e1culo \u201cTome sua Poltrona&#8221; com a Cia Circo Rebote<\/p>\n<p style=\"font-weight: 400; text-align: justify;\">17h &#8211;\u00a0Choro\u00a0Livre convida: Mariana Sardinha, Esdras Nogueira e Pablo Fagundes<\/p>\n<p style=\"font-weight: 400; text-align: justify;\">19h30 &#8211; Domingo no Clube, com show da banda Passo Largo<\/p>\n<h5 style=\"font-weight: 400; text-align: justify;\"><strong>Quer ir?<\/strong><\/h5>\n<p style=\"font-weight: 400; text-align: justify;\"><strong>Complexo\u00a0Cultural\u00a0do\u00a0Choro\u00a0de Bras\u00edlia<\/strong><\/p>\n<p style=\"font-weight: 400; text-align: justify;\">Dias: 17 e 18 de junho (s\u00e1bado e domingo)<\/p>\n<p style=\"font-weight: 400; text-align: justify;\">Endere\u00e7o: Espa\u00e7o\u00a0Cultural\u00a0do\u00a0Choro\u00a0&#8211; Setor de Divulga\u00e7\u00e3o\u00a0Cultural\u00a0\u2013 Eixo Monumental.<\/p>\n<p style=\"font-weight: 400; text-align: justify;\">Telefone: (61) 3226-3969<\/p>\n<p style=\"font-weight: 400; text-align: justify;\">Acesso livre e gratuito, com exce\u00e7\u00e3o do Tributo ao Mestre, ingressos em\u00a0<a href=\"http:\/\/bilheteriadigital.com.br\/icem\" data-saferedirecturl=\"https:\/\/www.google.com\/url?q=http:\/\/bilheteriadigital.com.br\/icem&amp;source=gmail&amp;ust=1691899182624000&amp;usg=AOvVaw325hStRLyIcxZa-KCgK38e\">bilheteriadigital.com.br\/icem<\/a>.<\/p>\n<p style=\"font-weight: 400; text-align: justify;\">Valor: R$ 50 (meia-entrada) \/ R$ 100 (inteira).<\/p>\n<p style=\"font-weight: 400; text-align: justify;\">Classifica\u00e7\u00e3o indicativa: livre para todos os p\u00fablicos.<\/p>\n","protected":false},"excerpt":{"rendered":"<p>Projeto conta com programa\u00e7\u00e3o quinzenal para o brasiliense curtir os finais de semana com dan\u00e7a, teatro infantil, rodas de\u00a0choro\u00a0e muita m\u00fasica, no centro da Capital Federal O Minist\u00e9rio da Cultura, a Shell e o Instituto\u00a0Cultural\u00a0de Educa\u00e7\u00e3o Musical de Bras\u00edlia (ICEM) apresenta mais uma etapa do\u00a0Complexo\u00a0Cultural\u00a0do\u00a0Choro\u00a0de Bras\u00edlia, com muita arte, cultura e entretenimento no tradicional Espa\u00e7o\u00a0Cultural\u00a0do\u00a0Choro. Realizado a cada 15 dias, o projeto seguir\u00e1 com apresenta\u00e7\u00f5es especiais at\u00e9 janeiro de 2024. Em junho, a atra\u00e7\u00e3o principal \u00e9 o multitalentoso compositor e instrumentista Hamilton de Holanda, prestando homenagem a Dominguinhos. Nos dias 17 e 18, o p\u00fablico presente ter\u00e1 acesso a diversas express\u00f5es\u00a0culturais\u00a0locais e nacionais para todas as idades. \u201cValorizar as pessoas e empoderar vidas s\u00e3o compromissos da Shell. O\u00a0Complexo\u00a0Cultural\u00a0do\u00a0Choro\u00a0contempla estes objetivos ao valorizar a cultura e fomentar o empreendedorismo. Estamos orgulhosos por fazer parte deste projeto\u201d, afirma Glauco Paiva, gerente executivo de Comunica\u00e7\u00e3o e Responsabilidade Social da Shell Brasil. A j\u00e1 conhecida \u201cRoda de\u00a0Choro\u00a0dos Alunos e Professores da Escola Brasileira de\u00a0Choro\u00a0Raphael Rabello\u201d voltar\u00e1 a se apresentar no s\u00e1bado, 17 de junho, a partir das 10h, na \u00e1rea externa do Espa\u00e7o\u00a0Cultural\u00a0do\u00a0Choro, seguida da roda de samba com Feijoada, evento tradicional da Casa. J\u00e1 a noite, o Clube do\u00a0Choro\u00a0recebe Hamilton de Holanda. &#8220;\u00c9 uma emo\u00e7\u00e3o muito grande voltar ao Clube do\u00a0Choro\u00a0de Bras\u00edlia. Foi no Clube que me apresentei em p\u00fablico pela primeira vez na vida em 1981, quando tinha 5 anos de idade, ent\u00e3o sempre passa um filme quando toco l\u00e1\u201d. Acostumado a fazer m\u00fasica para quem quer sentir-se bem, Hamilton homenagear\u00e1 um \u00edcone e celebra essa energia. \u201cHomenagear Dominguinhos \u00e9 certeza de m\u00fasica que faz bem para o corpo e para alma: as melodias dele purificam o ambiente, s\u00e3o como \u00e1gua mineral bebida direta da fonte. Vai ser uma noite inesquec\u00edvel!&#8221;, afirma. \u00a0\u201c\u00c9 uma grande honra poder compartilhar o trabalho da Escola Brasileira de\u00a0Choro\u00a0Raphael Rabello em um projeto t\u00e3o importante para a cultura brasileira, como este do\u00a0Complexo\u00a0Cultural\u00a0do\u00a0Choro. Ao som do\u00a0choro, os brasilienses t\u00eam a oportunidade de apreciar o g\u00eanero musical que expressa com tanta riqueza e autenticidade a m\u00fasica instrumental brasileira\u201d, destaca Reco do Bandolim, presidente do Clube do\u00a0Choro\u00a0de Bras\u00edlia. No domingo, 18 de junho, a programa\u00e7\u00e3o inicia \u00e0s 16h para reunir a crian\u00e7ada no \u201cPiquenique Chor\u00e3o\u201d com o \u201cTome sua poltrona\u201d, da cia Circo Rebote. O espet\u00e1culo \u00e9 um convite para o p\u00fablico se acomodar e se divertir com dois palha\u00e7os, Berinjela e Trompetino, que entram em cena para realizar um grande show de circo. Mas, eles s\u00e3o muitos desastrados, o que resulta em uma s\u00e9rie de situa\u00e7\u00f5es c\u00f4micas. Os palha\u00e7os apresentam n\u00fameros musicais com trompete e bateria e acrob\u00e1ticos. O espet\u00e1culo traz uma s\u00e9rie de momentos circense repletos de palha\u00e7aria cl\u00e1ssica. O \u201cChoro\u00a0Livre\u201d, marcado para \u00e0s 17h no Clube do\u00a0Choro, ter\u00e1 como convidados: A\u00a0cavaquinhista e bandolinista Mariana Sardinha, que esteve na abertura do projeto. O saxofonista Esdras Nogueira, que tocou por quase 2 anos na banda M\u00f3veis Coloniais de Acaju e o gaitista brasiliense Pablo Fagundes. E para finalizar, a banda Passo Largo estar\u00e1 no comando do \u201cDomingo no Clube\u201d, \u00e0s 19h30. O grupo\u00a0tem seu som baseado no rock, pop, funk e jazz, mas flerta com diversos outros estilos como bai\u00e3o, reggae, frevo, tango e salsa. Tal diversidade surge naturalmente devido \u00e0 hist\u00f3ria musical e \u00e0s influ\u00eancias dos instrumentistas. Marcus Moraes na guitarra, Vav\u00e1 Afiouni no baixo e Thiago Cunha na bateria. Eles buscam uma fus\u00e3o sonora que ao mesmo tempo em que se apodera do groove, do peso e da improvisa\u00e7\u00e3o, deixa clara a impress\u00e3o de melodias \u201ccant\u00e1veis\u201d, que mesmo em trechos aparentemente\u00a0complexos\u00a0mant\u00eam uma leveza para compreens\u00e3o. Programa\u00e7\u00e3o do primeiro final de semana de junho: 17 de junho, s\u00e1bado 10h &#8211; Roda de\u00a0Choro\u00a0dos Alunos e Professores da Escola Brasileira de\u00a0Choro\u00a0Raphael Rabello 20h30 \u2013 Hamilton de Holanda em um Tributo ao Mestre Dominguinhos 18 de junho, domingo 16h &#8211; Piquenique Chor\u00e3o, com o espet\u00e1culo \u201cTome sua Poltrona&#8221; com a Cia Circo Rebote 17h &#8211;\u00a0Choro\u00a0Livre convida: Mariana Sardinha, Esdras Nogueira e Pablo Fagundes 19h30 &#8211; Domingo no Clube, com show da banda Passo Largo Quer ir? Complexo\u00a0Cultural\u00a0do\u00a0Choro\u00a0de Bras\u00edlia Dias: 17 e 18 de junho (s\u00e1bado e domingo) Endere\u00e7o: Espa\u00e7o\u00a0Cultural\u00a0do\u00a0Choro\u00a0&#8211; Setor de Divulga\u00e7\u00e3o\u00a0Cultural\u00a0\u2013 Eixo Monumental. Telefone: (61) 3226-3969 Acesso livre e gratuito, com exce\u00e7\u00e3o do Tributo ao Mestre, ingressos em\u00a0bilheteriadigital.com.br\/icem. Valor: R$ 50 (meia-entrada) \/ R$ 100 (inteira). Classifica\u00e7\u00e3o indicativa: livre para todos os p\u00fablicos.<\/p>\n","protected":false},"author":2,"featured_media":4960,"comment_status":"closed","ping_status":"open","sticky":false,"template":"","format":"standard","meta":{"site-sidebar-layout":"default","site-content-layout":"default","ast-site-content-layout":"default","site-content-style":"default","site-sidebar-style":"default","ast-global-header-display":"","ast-banner-title-visibility":"","ast-main-header-display":"","ast-hfb-above-header-display":"","ast-hfb-below-header-display":"","ast-hfb-mobile-header-display":"","site-post-title":"","ast-breadcrumbs-content":"","ast-featured-img":"","footer-sml-layout":"","ast-disable-related-posts":"","theme-transparent-header-meta":"default","adv-header-id-meta":"","stick-header-meta":"","header-above-stick-meta":"","header-main-stick-meta":"","header-below-stick-meta":"","astra-migrate-meta-layouts":"default","ast-page-background-enabled":"default","ast-page-background-meta":{"desktop":{"background-color":"","background-image":"","background-repeat":"repeat","background-position":"center center","background-size":"auto","background-attachment":"scroll","background-type":"","background-media":"","overlay-type":"","overlay-color":"","overlay-opacity":"","overlay-gradient":""},"tablet":{"background-color":"","background-image":"","background-repeat":"repeat","background-position":"center center","background-size":"auto","background-attachment":"scroll","background-type":"","background-media":"","overlay-type":"","overlay-color":"","overlay-opacity":"","overlay-gradient":""},"mobile":{"background-color":"","background-image":"","background-repeat":"repeat","background-position":"center center","background-size":"auto","background-attachment":"scroll","background-type":"","background-media":"","overlay-type":"","overlay-color":"","overlay-opacity":"","overlay-gradient":""}},"ast-content-background-meta":{"desktop":{"background-color":"var(--ast-global-color-5)","background-image":"","background-repeat":"repeat","background-position":"center center","background-size":"auto","background-attachment":"scroll","background-type":"","background-media":"","overlay-type":"","overlay-color":"","overlay-opacity":"","overlay-gradient":""},"tablet":{"background-color":"var(--ast-global-color-5)","background-image":"","background-repeat":"repeat","background-position":"center center","background-size":"auto","background-attachment":"scroll","background-type":"","background-media":"","overlay-type":"","overlay-color":"","overlay-opacity":"","overlay-gradient":""},"mobile":{"background-color":"var(--ast-global-color-5)","background-image":"","background-repeat":"repeat","background-position":"center center","background-size":"auto","background-attachment":"scroll","background-type":"","background-media":"","overlay-type":"","overlay-color":"","overlay-opacity":"","overlay-gradient":""}},"footnotes":""},"categories":[46,48],"tags":[147,54,484,471,178,483,482,110],"class_list":["post-4957","post","type-post","status-publish","format-standard","has-post-thumbnail","hentry","category-arte","category-entretenimento","tag-arte","tag-brasilia","tag-chorinho","tag-clube-do-choro","tag-cultura","tag-cultural","tag-hamilton-de-holanda","tag-musica"],"yoast_head":"<!-- This site is optimized with the Yoast SEO plugin v27.0 - https:\/\/yoast.com\/product\/yoast-seo-wordpress\/ -->\n<title>Hamilton de Holanda em tributo a Dominguinhos no Complexo\u00a0do\u00a0Choro - LACKMAN &amp; CO.<\/title>\n<meta name=\"robots\" content=\"index, follow, max-snippet:-1, max-image-preview:large, max-video-preview:-1\" \/>\n<link rel=\"canonical\" href=\"https:\/\/lackman.com.br\/index.php\/2023\/06\/16\/hamilton-de-holanda-em-tributo-a-dominguinhos-complexo-do-choro\/\" \/>\n<meta property=\"og:locale\" content=\"pt_BR\" \/>\n<meta property=\"og:type\" content=\"article\" \/>\n<meta property=\"og:title\" content=\"Hamilton de Holanda em tributo a Dominguinhos no Complexo\u00a0do\u00a0Choro - LACKMAN &amp; CO.\" \/>\n<meta property=\"og:description\" content=\"Projeto conta com programa\u00e7\u00e3o quinzenal para o brasiliense curtir os finais de semana com dan\u00e7a, teatro infantil, rodas de\u00a0choro\u00a0e muita m\u00fasica, no centro da Capital Federal O Minist\u00e9rio da Cultura, a Shell e o Instituto\u00a0Cultural\u00a0de Educa\u00e7\u00e3o Musical de Bras\u00edlia (ICEM) apresenta mais uma etapa do\u00a0Complexo\u00a0Cultural\u00a0do\u00a0Choro\u00a0de Bras\u00edlia, com muita arte, cultura e entretenimento no tradicional Espa\u00e7o\u00a0Cultural\u00a0do\u00a0Choro. Realizado a cada 15 dias, o projeto seguir\u00e1 com apresenta\u00e7\u00f5es especiais at\u00e9 janeiro de 2024. Em junho, a atra\u00e7\u00e3o principal \u00e9 o multitalentoso compositor e instrumentista Hamilton de Holanda, prestando homenagem a Dominguinhos. Nos dias 17 e 18, o p\u00fablico presente ter\u00e1 acesso a diversas express\u00f5es\u00a0culturais\u00a0locais e nacionais para todas as idades. \u201cValorizar as pessoas e empoderar vidas s\u00e3o compromissos da Shell. O\u00a0Complexo\u00a0Cultural\u00a0do\u00a0Choro\u00a0contempla estes objetivos ao valorizar a cultura e fomentar o empreendedorismo. Estamos orgulhosos por fazer parte deste projeto\u201d, afirma Glauco Paiva, gerente executivo de Comunica\u00e7\u00e3o e Responsabilidade Social da Shell Brasil. A j\u00e1 conhecida \u201cRoda de\u00a0Choro\u00a0dos Alunos e Professores da Escola Brasileira de\u00a0Choro\u00a0Raphael Rabello\u201d voltar\u00e1 a se apresentar no s\u00e1bado, 17 de junho, a partir das 10h, na \u00e1rea externa do Espa\u00e7o\u00a0Cultural\u00a0do\u00a0Choro, seguida da roda de samba com Feijoada, evento tradicional da Casa. J\u00e1 a noite, o Clube do\u00a0Choro\u00a0recebe Hamilton de Holanda. &#8220;\u00c9 uma emo\u00e7\u00e3o muito grande voltar ao Clube do\u00a0Choro\u00a0de Bras\u00edlia. Foi no Clube que me apresentei em p\u00fablico pela primeira vez na vida em 1981, quando tinha 5 anos de idade, ent\u00e3o sempre passa um filme quando toco l\u00e1\u201d. Acostumado a fazer m\u00fasica para quem quer sentir-se bem, Hamilton homenagear\u00e1 um \u00edcone e celebra essa energia. \u201cHomenagear Dominguinhos \u00e9 certeza de m\u00fasica que faz bem para o corpo e para alma: as melodias dele purificam o ambiente, s\u00e3o como \u00e1gua mineral bebida direta da fonte. Vai ser uma noite inesquec\u00edvel!&#8221;, afirma. \u00a0\u201c\u00c9 uma grande honra poder compartilhar o trabalho da Escola Brasileira de\u00a0Choro\u00a0Raphael Rabello em um projeto t\u00e3o importante para a cultura brasileira, como este do\u00a0Complexo\u00a0Cultural\u00a0do\u00a0Choro. Ao som do\u00a0choro, os brasilienses t\u00eam a oportunidade de apreciar o g\u00eanero musical que expressa com tanta riqueza e autenticidade a m\u00fasica instrumental brasileira\u201d, destaca Reco do Bandolim, presidente do Clube do\u00a0Choro\u00a0de Bras\u00edlia. No domingo, 18 de junho, a programa\u00e7\u00e3o inicia \u00e0s 16h para reunir a crian\u00e7ada no \u201cPiquenique Chor\u00e3o\u201d com o \u201cTome sua poltrona\u201d, da cia Circo Rebote. O espet\u00e1culo \u00e9 um convite para o p\u00fablico se acomodar e se divertir com dois palha\u00e7os, Berinjela e Trompetino, que entram em cena para realizar um grande show de circo. Mas, eles s\u00e3o muitos desastrados, o que resulta em uma s\u00e9rie de situa\u00e7\u00f5es c\u00f4micas. Os palha\u00e7os apresentam n\u00fameros musicais com trompete e bateria e acrob\u00e1ticos. O espet\u00e1culo traz uma s\u00e9rie de momentos circense repletos de palha\u00e7aria cl\u00e1ssica. O \u201cChoro\u00a0Livre\u201d, marcado para \u00e0s 17h no Clube do\u00a0Choro, ter\u00e1 como convidados: A\u00a0cavaquinhista e bandolinista Mariana Sardinha, que esteve na abertura do projeto. O saxofonista Esdras Nogueira, que tocou por quase 2 anos na banda M\u00f3veis Coloniais de Acaju e o gaitista brasiliense Pablo Fagundes. E para finalizar, a banda Passo Largo estar\u00e1 no comando do \u201cDomingo no Clube\u201d, \u00e0s 19h30. O grupo\u00a0tem seu som baseado no rock, pop, funk e jazz, mas flerta com diversos outros estilos como bai\u00e3o, reggae, frevo, tango e salsa. Tal diversidade surge naturalmente devido \u00e0 hist\u00f3ria musical e \u00e0s influ\u00eancias dos instrumentistas. Marcus Moraes na guitarra, Vav\u00e1 Afiouni no baixo e Thiago Cunha na bateria. Eles buscam uma fus\u00e3o sonora que ao mesmo tempo em que se apodera do groove, do peso e da improvisa\u00e7\u00e3o, deixa clara a impress\u00e3o de melodias \u201ccant\u00e1veis\u201d, que mesmo em trechos aparentemente\u00a0complexos\u00a0mant\u00eam uma leveza para compreens\u00e3o. Programa\u00e7\u00e3o do primeiro final de semana de junho: 17 de junho, s\u00e1bado 10h &#8211; Roda de\u00a0Choro\u00a0dos Alunos e Professores da Escola Brasileira de\u00a0Choro\u00a0Raphael Rabello 20h30 \u2013 Hamilton de Holanda em um Tributo ao Mestre Dominguinhos 18 de junho, domingo 16h &#8211; Piquenique Chor\u00e3o, com o espet\u00e1culo \u201cTome sua Poltrona&#8221; com a Cia Circo Rebote 17h &#8211;\u00a0Choro\u00a0Livre convida: Mariana Sardinha, Esdras Nogueira e Pablo Fagundes 19h30 &#8211; Domingo no Clube, com show da banda Passo Largo Quer ir? Complexo\u00a0Cultural\u00a0do\u00a0Choro\u00a0de Bras\u00edlia Dias: 17 e 18 de junho (s\u00e1bado e domingo) Endere\u00e7o: Espa\u00e7o\u00a0Cultural\u00a0do\u00a0Choro\u00a0&#8211; Setor de Divulga\u00e7\u00e3o\u00a0Cultural\u00a0\u2013 Eixo Monumental. Telefone: (61) 3226-3969 Acesso livre e gratuito, com exce\u00e7\u00e3o do Tributo ao Mestre, ingressos em\u00a0bilheteriadigital.com.br\/icem. Valor: R$ 50 (meia-entrada) \/ R$ 100 (inteira). Classifica\u00e7\u00e3o indicativa: livre para todos os p\u00fablicos.\" \/>\n<meta property=\"og:url\" content=\"https:\/\/lackman.com.br\/index.php\/2023\/06\/16\/hamilton-de-holanda-em-tributo-a-dominguinhos-complexo-do-choro\/\" \/>\n<meta property=\"og:site_name\" content=\"LACKMAN &amp; CO.\" \/>\n<meta property=\"article:author\" content=\"https:\/\/www.facebook.com\/fernandolackman\" \/>\n<meta property=\"article:published_time\" content=\"2023-06-16T04:00:28+00:00\" \/>\n<meta property=\"article:modified_time\" content=\"2023-08-12T04:10:55+00:00\" \/>\n<meta property=\"og:image\" content=\"http:\/\/lackman.com.br\/wp-content\/uploads\/2023\/08\/Hamilton-de-Holanda_2_RAFAE-SILVA21-1-scaled.jpg\" \/>\n\t<meta property=\"og:image:width\" content=\"2560\" \/>\n\t<meta property=\"og:image:height\" content=\"1704\" \/>\n\t<meta property=\"og:image:type\" content=\"image\/jpeg\" \/>\n<meta name=\"author\" content=\"Fernando Lackman\" \/>\n<meta name=\"twitter:card\" content=\"summary_large_image\" \/>\n<meta name=\"twitter:creator\" content=\"@fernandolackman\" \/>\n<meta name=\"twitter:label1\" content=\"Escrito por\" \/>\n\t<meta name=\"twitter:data1\" content=\"Fernando Lackman\" \/>\n\t<meta name=\"twitter:label2\" content=\"Est. tempo de leitura\" \/>\n\t<meta name=\"twitter:data2\" content=\"5 minutos\" \/>\n<script type=\"application\/ld+json\" class=\"yoast-schema-graph\">{\"@context\":\"https:\/\/schema.org\",\"@graph\":[{\"@type\":\"Article\",\"@id\":\"https:\/\/lackman.com.br\/index.php\/2023\/06\/16\/hamilton-de-holanda-em-tributo-a-dominguinhos-complexo-do-choro\/#article\",\"isPartOf\":{\"@id\":\"https:\/\/lackman.com.br\/index.php\/2023\/06\/16\/hamilton-de-holanda-em-tributo-a-dominguinhos-complexo-do-choro\/\"},\"author\":{\"name\":\"Fernando Lackman\",\"@id\":\"https:\/\/lackman.com.br\/#\/schema\/person\/dbfb3fbfc55f2b0bd4f9039696e70858\"},\"headline\":\"Hamilton de Holanda em tributo a Dominguinhos no Complexo\u00a0do\u00a0Choro\",\"datePublished\":\"2023-06-16T04:00:28+00:00\",\"dateModified\":\"2023-08-12T04:10:55+00:00\",\"mainEntityOfPage\":{\"@id\":\"https:\/\/lackman.com.br\/index.php\/2023\/06\/16\/hamilton-de-holanda-em-tributo-a-dominguinhos-complexo-do-choro\/\"},\"wordCount\":832,\"publisher\":{\"@id\":\"https:\/\/lackman.com.br\/#organization\"},\"image\":{\"@id\":\"https:\/\/lackman.com.br\/index.php\/2023\/06\/16\/hamilton-de-holanda-em-tributo-a-dominguinhos-complexo-do-choro\/#primaryimage\"},\"thumbnailUrl\":\"https:\/\/lackman.com.br\/wp-content\/uploads\/2023\/08\/Hamilton-de-Holanda_2_RAFAE-SILVA21-1-scaled.jpg\",\"keywords\":[\"Arte\",\"brasilia\",\"Chorinho\",\"Clube do Choro\",\"cultura\",\"Cultural\",\"Hamilton de Holanda\",\"m\u00fasica\"],\"articleSection\":[\"Arte\",\"Entretenimento\"],\"inLanguage\":\"pt-BR\"},{\"@type\":\"WebPage\",\"@id\":\"https:\/\/lackman.com.br\/index.php\/2023\/06\/16\/hamilton-de-holanda-em-tributo-a-dominguinhos-complexo-do-choro\/\",\"url\":\"https:\/\/lackman.com.br\/index.php\/2023\/06\/16\/hamilton-de-holanda-em-tributo-a-dominguinhos-complexo-do-choro\/\",\"name\":\"Hamilton de Holanda em tributo a Dominguinhos no Complexo\u00a0do\u00a0Choro - LACKMAN &amp; CO.\",\"isPartOf\":{\"@id\":\"https:\/\/lackman.com.br\/#website\"},\"primaryImageOfPage\":{\"@id\":\"https:\/\/lackman.com.br\/index.php\/2023\/06\/16\/hamilton-de-holanda-em-tributo-a-dominguinhos-complexo-do-choro\/#primaryimage\"},\"image\":{\"@id\":\"https:\/\/lackman.com.br\/index.php\/2023\/06\/16\/hamilton-de-holanda-em-tributo-a-dominguinhos-complexo-do-choro\/#primaryimage\"},\"thumbnailUrl\":\"https:\/\/lackman.com.br\/wp-content\/uploads\/2023\/08\/Hamilton-de-Holanda_2_RAFAE-SILVA21-1-scaled.jpg\",\"datePublished\":\"2023-06-16T04:00:28+00:00\",\"dateModified\":\"2023-08-12T04:10:55+00:00\",\"breadcrumb\":{\"@id\":\"https:\/\/lackman.com.br\/index.php\/2023\/06\/16\/hamilton-de-holanda-em-tributo-a-dominguinhos-complexo-do-choro\/#breadcrumb\"},\"inLanguage\":\"pt-BR\",\"potentialAction\":[{\"@type\":\"ReadAction\",\"target\":[\"https:\/\/lackman.com.br\/index.php\/2023\/06\/16\/hamilton-de-holanda-em-tributo-a-dominguinhos-complexo-do-choro\/\"]}]},{\"@type\":\"ImageObject\",\"inLanguage\":\"pt-BR\",\"@id\":\"https:\/\/lackman.com.br\/index.php\/2023\/06\/16\/hamilton-de-holanda-em-tributo-a-dominguinhos-complexo-do-choro\/#primaryimage\",\"url\":\"https:\/\/lackman.com.br\/wp-content\/uploads\/2023\/08\/Hamilton-de-Holanda_2_RAFAE-SILVA21-1-scaled.jpg\",\"contentUrl\":\"https:\/\/lackman.com.br\/wp-content\/uploads\/2023\/08\/Hamilton-de-Holanda_2_RAFAE-SILVA21-1-scaled.jpg\",\"width\":2560,\"height\":1704},{\"@type\":\"BreadcrumbList\",\"@id\":\"https:\/\/lackman.com.br\/index.php\/2023\/06\/16\/hamilton-de-holanda-em-tributo-a-dominguinhos-complexo-do-choro\/#breadcrumb\",\"itemListElement\":[{\"@type\":\"ListItem\",\"position\":1,\"name\":\"In\u00edcio\",\"item\":\"https:\/\/lackman.com.br\/\"},{\"@type\":\"ListItem\",\"position\":2,\"name\":\"Hamilton de Holanda em tributo a Dominguinhos no Complexo\u00a0do\u00a0Choro\"}]},{\"@type\":\"WebSite\",\"@id\":\"https:\/\/lackman.com.br\/#website\",\"url\":\"https:\/\/lackman.com.br\/\",\"name\":\"LACKMAN &amp; CO.\",\"description\":\"VIDA | MODA | ARTE\",\"publisher\":{\"@id\":\"https:\/\/lackman.com.br\/#organization\"},\"potentialAction\":[{\"@type\":\"SearchAction\",\"target\":{\"@type\":\"EntryPoint\",\"urlTemplate\":\"https:\/\/lackman.com.br\/?s={search_term_string}\"},\"query-input\":{\"@type\":\"PropertyValueSpecification\",\"valueRequired\":true,\"valueName\":\"search_term_string\"}}],\"inLanguage\":\"pt-BR\"},{\"@type\":\"Organization\",\"@id\":\"https:\/\/lackman.com.br\/#organization\",\"name\":\"LACKMAN &amp; CO.\",\"url\":\"https:\/\/lackman.com.br\/\",\"logo\":{\"@type\":\"ImageObject\",\"inLanguage\":\"pt-BR\",\"@id\":\"https:\/\/lackman.com.br\/#\/schema\/logo\/image\/\",\"url\":\"https:\/\/lackman.com.br\/wp-content\/uploads\/2023\/06\/Logotipo_preto-1.png\",\"contentUrl\":\"https:\/\/lackman.com.br\/wp-content\/uploads\/2023\/06\/Logotipo_preto-1.png\",\"width\":739,\"height\":393,\"caption\":\"LACKMAN &amp; CO.\"},\"image\":{\"@id\":\"https:\/\/lackman.com.br\/#\/schema\/logo\/image\/\"}},{\"@type\":\"Person\",\"@id\":\"https:\/\/lackman.com.br\/#\/schema\/person\/dbfb3fbfc55f2b0bd4f9039696e70858\",\"name\":\"Fernando Lackman\",\"image\":{\"@type\":\"ImageObject\",\"inLanguage\":\"pt-BR\",\"@id\":\"https:\/\/lackman.com.br\/#\/schema\/person\/image\/\",\"url\":\"https:\/\/secure.gravatar.com\/avatar\/ae7993150af197e66480c8a769891833dd2b8d809f0d9ff3f25af796cf378ce8?s=96&d=mm&r=g\",\"contentUrl\":\"https:\/\/secure.gravatar.com\/avatar\/ae7993150af197e66480c8a769891833dd2b8d809f0d9ff3f25af796cf378ce8?s=96&d=mm&r=g\",\"caption\":\"Fernando Lackman\"},\"description\":\"Fernando Lackman \u00e9 jornalista especializado em Moda e Cultura, editor do site LACKMAN.com.br. \u00c9 autor do livro Bras\u00edlia Capital dos Criadores, que conta a hist\u00f3ria da moda no Distrito Federal. Tem em seu curr\u00edculo assinatura de dire\u00e7\u00e3o criativa e de desfiles em eventos como Estilo DF Plaza, Summer Collections, JK Street Fashion, Desfile Beleza Negra (DBN), PicniK Fashion Show, Vogue Fashion\u2019s Night Out Bras\u00edlia, entre outros. Foi diretor criativo do extinto Capital Fashion Week. Atualmente trabalha na dire\u00e7\u00e3o criativa de eventos como Top CUFA, BSB Fashion Street, Bras\u00edlia Fashion House, Ateli\u00ea Bras\u00edlia e Goi\u00e1s Fashion Week.\",\"sameAs\":[\"https:\/\/lackman.com.br\/\",\"https:\/\/www.facebook.com\/fernandolackman\",\"https:\/\/www.instagram.com\/fernandolackman\/\",\"https:\/\/www.linkedin.com\/in\/fernando-lackman\/\",\"https:\/\/br.pinterest.com\/fernandolackman\/\",\"https:\/\/x.com\/fernandolackman\"],\"url\":\"https:\/\/lackman.com.br\/index.php\/author\/fernando-lackman\/\"}]}<\/script>\n<!-- \/ Yoast SEO plugin. -->","yoast_head_json":{"title":"Hamilton de Holanda em tributo a Dominguinhos no Complexo\u00a0do\u00a0Choro - LACKMAN &amp; CO.","robots":{"index":"index","follow":"follow","max-snippet":"max-snippet:-1","max-image-preview":"max-image-preview:large","max-video-preview":"max-video-preview:-1"},"canonical":"https:\/\/lackman.com.br\/index.php\/2023\/06\/16\/hamilton-de-holanda-em-tributo-a-dominguinhos-complexo-do-choro\/","og_locale":"pt_BR","og_type":"article","og_title":"Hamilton de Holanda em tributo a Dominguinhos no Complexo\u00a0do\u00a0Choro - LACKMAN &amp; CO.","og_description":"Projeto conta com programa\u00e7\u00e3o quinzenal para o brasiliense curtir os finais de semana com dan\u00e7a, teatro infantil, rodas de\u00a0choro\u00a0e muita m\u00fasica, no centro da Capital Federal O Minist\u00e9rio da Cultura, a Shell e o Instituto\u00a0Cultural\u00a0de Educa\u00e7\u00e3o Musical de Bras\u00edlia (ICEM) apresenta mais uma etapa do\u00a0Complexo\u00a0Cultural\u00a0do\u00a0Choro\u00a0de Bras\u00edlia, com muita arte, cultura e entretenimento no tradicional Espa\u00e7o\u00a0Cultural\u00a0do\u00a0Choro. Realizado a cada 15 dias, o projeto seguir\u00e1 com apresenta\u00e7\u00f5es especiais at\u00e9 janeiro de 2024. Em junho, a atra\u00e7\u00e3o principal \u00e9 o multitalentoso compositor e instrumentista Hamilton de Holanda, prestando homenagem a Dominguinhos. Nos dias 17 e 18, o p\u00fablico presente ter\u00e1 acesso a diversas express\u00f5es\u00a0culturais\u00a0locais e nacionais para todas as idades. \u201cValorizar as pessoas e empoderar vidas s\u00e3o compromissos da Shell. O\u00a0Complexo\u00a0Cultural\u00a0do\u00a0Choro\u00a0contempla estes objetivos ao valorizar a cultura e fomentar o empreendedorismo. Estamos orgulhosos por fazer parte deste projeto\u201d, afirma Glauco Paiva, gerente executivo de Comunica\u00e7\u00e3o e Responsabilidade Social da Shell Brasil. A j\u00e1 conhecida \u201cRoda de\u00a0Choro\u00a0dos Alunos e Professores da Escola Brasileira de\u00a0Choro\u00a0Raphael Rabello\u201d voltar\u00e1 a se apresentar no s\u00e1bado, 17 de junho, a partir das 10h, na \u00e1rea externa do Espa\u00e7o\u00a0Cultural\u00a0do\u00a0Choro, seguida da roda de samba com Feijoada, evento tradicional da Casa. J\u00e1 a noite, o Clube do\u00a0Choro\u00a0recebe Hamilton de Holanda. &#8220;\u00c9 uma emo\u00e7\u00e3o muito grande voltar ao Clube do\u00a0Choro\u00a0de Bras\u00edlia. Foi no Clube que me apresentei em p\u00fablico pela primeira vez na vida em 1981, quando tinha 5 anos de idade, ent\u00e3o sempre passa um filme quando toco l\u00e1\u201d. Acostumado a fazer m\u00fasica para quem quer sentir-se bem, Hamilton homenagear\u00e1 um \u00edcone e celebra essa energia. \u201cHomenagear Dominguinhos \u00e9 certeza de m\u00fasica que faz bem para o corpo e para alma: as melodias dele purificam o ambiente, s\u00e3o como \u00e1gua mineral bebida direta da fonte. Vai ser uma noite inesquec\u00edvel!&#8221;, afirma. \u00a0\u201c\u00c9 uma grande honra poder compartilhar o trabalho da Escola Brasileira de\u00a0Choro\u00a0Raphael Rabello em um projeto t\u00e3o importante para a cultura brasileira, como este do\u00a0Complexo\u00a0Cultural\u00a0do\u00a0Choro. Ao som do\u00a0choro, os brasilienses t\u00eam a oportunidade de apreciar o g\u00eanero musical que expressa com tanta riqueza e autenticidade a m\u00fasica instrumental brasileira\u201d, destaca Reco do Bandolim, presidente do Clube do\u00a0Choro\u00a0de Bras\u00edlia. No domingo, 18 de junho, a programa\u00e7\u00e3o inicia \u00e0s 16h para reunir a crian\u00e7ada no \u201cPiquenique Chor\u00e3o\u201d com o \u201cTome sua poltrona\u201d, da cia Circo Rebote. O espet\u00e1culo \u00e9 um convite para o p\u00fablico se acomodar e se divertir com dois palha\u00e7os, Berinjela e Trompetino, que entram em cena para realizar um grande show de circo. Mas, eles s\u00e3o muitos desastrados, o que resulta em uma s\u00e9rie de situa\u00e7\u00f5es c\u00f4micas. Os palha\u00e7os apresentam n\u00fameros musicais com trompete e bateria e acrob\u00e1ticos. O espet\u00e1culo traz uma s\u00e9rie de momentos circense repletos de palha\u00e7aria cl\u00e1ssica. O \u201cChoro\u00a0Livre\u201d, marcado para \u00e0s 17h no Clube do\u00a0Choro, ter\u00e1 como convidados: A\u00a0cavaquinhista e bandolinista Mariana Sardinha, que esteve na abertura do projeto. O saxofonista Esdras Nogueira, que tocou por quase 2 anos na banda M\u00f3veis Coloniais de Acaju e o gaitista brasiliense Pablo Fagundes. E para finalizar, a banda Passo Largo estar\u00e1 no comando do \u201cDomingo no Clube\u201d, \u00e0s 19h30. O grupo\u00a0tem seu som baseado no rock, pop, funk e jazz, mas flerta com diversos outros estilos como bai\u00e3o, reggae, frevo, tango e salsa. Tal diversidade surge naturalmente devido \u00e0 hist\u00f3ria musical e \u00e0s influ\u00eancias dos instrumentistas. Marcus Moraes na guitarra, Vav\u00e1 Afiouni no baixo e Thiago Cunha na bateria. Eles buscam uma fus\u00e3o sonora que ao mesmo tempo em que se apodera do groove, do peso e da improvisa\u00e7\u00e3o, deixa clara a impress\u00e3o de melodias \u201ccant\u00e1veis\u201d, que mesmo em trechos aparentemente\u00a0complexos\u00a0mant\u00eam uma leveza para compreens\u00e3o. Programa\u00e7\u00e3o do primeiro final de semana de junho: 17 de junho, s\u00e1bado 10h &#8211; Roda de\u00a0Choro\u00a0dos Alunos e Professores da Escola Brasileira de\u00a0Choro\u00a0Raphael Rabello 20h30 \u2013 Hamilton de Holanda em um Tributo ao Mestre Dominguinhos 18 de junho, domingo 16h &#8211; Piquenique Chor\u00e3o, com o espet\u00e1culo \u201cTome sua Poltrona&#8221; com a Cia Circo Rebote 17h &#8211;\u00a0Choro\u00a0Livre convida: Mariana Sardinha, Esdras Nogueira e Pablo Fagundes 19h30 &#8211; Domingo no Clube, com show da banda Passo Largo Quer ir? Complexo\u00a0Cultural\u00a0do\u00a0Choro\u00a0de Bras\u00edlia Dias: 17 e 18 de junho (s\u00e1bado e domingo) Endere\u00e7o: Espa\u00e7o\u00a0Cultural\u00a0do\u00a0Choro\u00a0&#8211; Setor de Divulga\u00e7\u00e3o\u00a0Cultural\u00a0\u2013 Eixo Monumental. Telefone: (61) 3226-3969 Acesso livre e gratuito, com exce\u00e7\u00e3o do Tributo ao Mestre, ingressos em\u00a0bilheteriadigital.com.br\/icem. Valor: R$ 50 (meia-entrada) \/ R$ 100 (inteira). Classifica\u00e7\u00e3o indicativa: livre para todos os p\u00fablicos.","og_url":"https:\/\/lackman.com.br\/index.php\/2023\/06\/16\/hamilton-de-holanda-em-tributo-a-dominguinhos-complexo-do-choro\/","og_site_name":"LACKMAN &amp; CO.","article_author":"https:\/\/www.facebook.com\/fernandolackman","article_published_time":"2023-06-16T04:00:28+00:00","article_modified_time":"2023-08-12T04:10:55+00:00","og_image":[{"width":2560,"height":1704,"url":"http:\/\/lackman.com.br\/wp-content\/uploads\/2023\/08\/Hamilton-de-Holanda_2_RAFAE-SILVA21-1-scaled.jpg","type":"image\/jpeg"}],"author":"Fernando Lackman","twitter_card":"summary_large_image","twitter_creator":"@fernandolackman","twitter_misc":{"Escrito por":"Fernando Lackman","Est. tempo de leitura":"5 minutos"},"schema":{"@context":"https:\/\/schema.org","@graph":[{"@type":"Article","@id":"https:\/\/lackman.com.br\/index.php\/2023\/06\/16\/hamilton-de-holanda-em-tributo-a-dominguinhos-complexo-do-choro\/#article","isPartOf":{"@id":"https:\/\/lackman.com.br\/index.php\/2023\/06\/16\/hamilton-de-holanda-em-tributo-a-dominguinhos-complexo-do-choro\/"},"author":{"name":"Fernando Lackman","@id":"https:\/\/lackman.com.br\/#\/schema\/person\/dbfb3fbfc55f2b0bd4f9039696e70858"},"headline":"Hamilton de Holanda em tributo a Dominguinhos no Complexo\u00a0do\u00a0Choro","datePublished":"2023-06-16T04:00:28+00:00","dateModified":"2023-08-12T04:10:55+00:00","mainEntityOfPage":{"@id":"https:\/\/lackman.com.br\/index.php\/2023\/06\/16\/hamilton-de-holanda-em-tributo-a-dominguinhos-complexo-do-choro\/"},"wordCount":832,"publisher":{"@id":"https:\/\/lackman.com.br\/#organization"},"image":{"@id":"https:\/\/lackman.com.br\/index.php\/2023\/06\/16\/hamilton-de-holanda-em-tributo-a-dominguinhos-complexo-do-choro\/#primaryimage"},"thumbnailUrl":"https:\/\/lackman.com.br\/wp-content\/uploads\/2023\/08\/Hamilton-de-Holanda_2_RAFAE-SILVA21-1-scaled.jpg","keywords":["Arte","brasilia","Chorinho","Clube do Choro","cultura","Cultural","Hamilton de Holanda","m\u00fasica"],"articleSection":["Arte","Entretenimento"],"inLanguage":"pt-BR"},{"@type":"WebPage","@id":"https:\/\/lackman.com.br\/index.php\/2023\/06\/16\/hamilton-de-holanda-em-tributo-a-dominguinhos-complexo-do-choro\/","url":"https:\/\/lackman.com.br\/index.php\/2023\/06\/16\/hamilton-de-holanda-em-tributo-a-dominguinhos-complexo-do-choro\/","name":"Hamilton de Holanda em tributo a Dominguinhos no Complexo\u00a0do\u00a0Choro - LACKMAN &amp; CO.","isPartOf":{"@id":"https:\/\/lackman.com.br\/#website"},"primaryImageOfPage":{"@id":"https:\/\/lackman.com.br\/index.php\/2023\/06\/16\/hamilton-de-holanda-em-tributo-a-dominguinhos-complexo-do-choro\/#primaryimage"},"image":{"@id":"https:\/\/lackman.com.br\/index.php\/2023\/06\/16\/hamilton-de-holanda-em-tributo-a-dominguinhos-complexo-do-choro\/#primaryimage"},"thumbnailUrl":"https:\/\/lackman.com.br\/wp-content\/uploads\/2023\/08\/Hamilton-de-Holanda_2_RAFAE-SILVA21-1-scaled.jpg","datePublished":"2023-06-16T04:00:28+00:00","dateModified":"2023-08-12T04:10:55+00:00","breadcrumb":{"@id":"https:\/\/lackman.com.br\/index.php\/2023\/06\/16\/hamilton-de-holanda-em-tributo-a-dominguinhos-complexo-do-choro\/#breadcrumb"},"inLanguage":"pt-BR","potentialAction":[{"@type":"ReadAction","target":["https:\/\/lackman.com.br\/index.php\/2023\/06\/16\/hamilton-de-holanda-em-tributo-a-dominguinhos-complexo-do-choro\/"]}]},{"@type":"ImageObject","inLanguage":"pt-BR","@id":"https:\/\/lackman.com.br\/index.php\/2023\/06\/16\/hamilton-de-holanda-em-tributo-a-dominguinhos-complexo-do-choro\/#primaryimage","url":"https:\/\/lackman.com.br\/wp-content\/uploads\/2023\/08\/Hamilton-de-Holanda_2_RAFAE-SILVA21-1-scaled.jpg","contentUrl":"https:\/\/lackman.com.br\/wp-content\/uploads\/2023\/08\/Hamilton-de-Holanda_2_RAFAE-SILVA21-1-scaled.jpg","width":2560,"height":1704},{"@type":"BreadcrumbList","@id":"https:\/\/lackman.com.br\/index.php\/2023\/06\/16\/hamilton-de-holanda-em-tributo-a-dominguinhos-complexo-do-choro\/#breadcrumb","itemListElement":[{"@type":"ListItem","position":1,"name":"In\u00edcio","item":"https:\/\/lackman.com.br\/"},{"@type":"ListItem","position":2,"name":"Hamilton de Holanda em tributo a Dominguinhos no Complexo\u00a0do\u00a0Choro"}]},{"@type":"WebSite","@id":"https:\/\/lackman.com.br\/#website","url":"https:\/\/lackman.com.br\/","name":"LACKMAN &amp; CO.","description":"VIDA | MODA | ARTE","publisher":{"@id":"https:\/\/lackman.com.br\/#organization"},"potentialAction":[{"@type":"SearchAction","target":{"@type":"EntryPoint","urlTemplate":"https:\/\/lackman.com.br\/?s={search_term_string}"},"query-input":{"@type":"PropertyValueSpecification","valueRequired":true,"valueName":"search_term_string"}}],"inLanguage":"pt-BR"},{"@type":"Organization","@id":"https:\/\/lackman.com.br\/#organization","name":"LACKMAN &amp; CO.","url":"https:\/\/lackman.com.br\/","logo":{"@type":"ImageObject","inLanguage":"pt-BR","@id":"https:\/\/lackman.com.br\/#\/schema\/logo\/image\/","url":"https:\/\/lackman.com.br\/wp-content\/uploads\/2023\/06\/Logotipo_preto-1.png","contentUrl":"https:\/\/lackman.com.br\/wp-content\/uploads\/2023\/06\/Logotipo_preto-1.png","width":739,"height":393,"caption":"LACKMAN &amp; CO."},"image":{"@id":"https:\/\/lackman.com.br\/#\/schema\/logo\/image\/"}},{"@type":"Person","@id":"https:\/\/lackman.com.br\/#\/schema\/person\/dbfb3fbfc55f2b0bd4f9039696e70858","name":"Fernando Lackman","image":{"@type":"ImageObject","inLanguage":"pt-BR","@id":"https:\/\/lackman.com.br\/#\/schema\/person\/image\/","url":"https:\/\/secure.gravatar.com\/avatar\/ae7993150af197e66480c8a769891833dd2b8d809f0d9ff3f25af796cf378ce8?s=96&d=mm&r=g","contentUrl":"https:\/\/secure.gravatar.com\/avatar\/ae7993150af197e66480c8a769891833dd2b8d809f0d9ff3f25af796cf378ce8?s=96&d=mm&r=g","caption":"Fernando Lackman"},"description":"Fernando Lackman \u00e9 jornalista especializado em Moda e Cultura, editor do site LACKMAN.com.br. \u00c9 autor do livro Bras\u00edlia Capital dos Criadores, que conta a hist\u00f3ria da moda no Distrito Federal. Tem em seu curr\u00edculo assinatura de dire\u00e7\u00e3o criativa e de desfiles em eventos como Estilo DF Plaza, Summer Collections, JK Street Fashion, Desfile Beleza Negra (DBN), PicniK Fashion Show, Vogue Fashion\u2019s Night Out Bras\u00edlia, entre outros. Foi diretor criativo do extinto Capital Fashion Week. Atualmente trabalha na dire\u00e7\u00e3o criativa de eventos como Top CUFA, BSB Fashion Street, Bras\u00edlia Fashion House, Ateli\u00ea Bras\u00edlia e Goi\u00e1s Fashion Week.","sameAs":["https:\/\/lackman.com.br\/","https:\/\/www.facebook.com\/fernandolackman","https:\/\/www.instagram.com\/fernandolackman\/","https:\/\/www.linkedin.com\/in\/fernando-lackman\/","https:\/\/br.pinterest.com\/fernandolackman\/","https:\/\/x.com\/fernandolackman"],"url":"https:\/\/lackman.com.br\/index.php\/author\/fernando-lackman\/"}]}},"rttpg_featured_image_url":{"full":["https:\/\/lackman.com.br\/wp-content\/uploads\/2023\/08\/Hamilton-de-Holanda_2_RAFAE-SILVA21-1-scaled.jpg",2560,1704,false],"landscape":["https:\/\/lackman.com.br\/wp-content\/uploads\/2023\/08\/Hamilton-de-Holanda_2_RAFAE-SILVA21-1-scaled.jpg",2560,1704,false],"portraits":["https:\/\/lackman.com.br\/wp-content\/uploads\/2023\/08\/Hamilton-de-Holanda_2_RAFAE-SILVA21-1-scaled.jpg",2560,1704,false],"thumbnail":["https:\/\/lackman.com.br\/wp-content\/uploads\/2023\/08\/Hamilton-de-Holanda_2_RAFAE-SILVA21-1-150x150.jpg",150,150,true],"medium":["https:\/\/lackman.com.br\/wp-content\/uploads\/2023\/08\/Hamilton-de-Holanda_2_RAFAE-SILVA21-1-300x200.jpg",300,200,true],"large":["https:\/\/lackman.com.br\/wp-content\/uploads\/2023\/08\/Hamilton-de-Holanda_2_RAFAE-SILVA21-1-1024x682.jpg",1024,682,true],"RoboGalleryMansoryImagesCenter":["https:\/\/lackman.com.br\/wp-content\/uploads\/2023\/08\/Hamilton-de-Holanda_2_RAFAE-SILVA21-1-600x1024.jpg",600,1024,true],"RoboGalleryPreload":["https:\/\/lackman.com.br\/wp-content\/uploads\/2023\/08\/Hamilton-de-Holanda_2_RAFAE-SILVA21-1-scaled.jpg",100,67,false],"1536x1536":["https:\/\/lackman.com.br\/wp-content\/uploads\/2023\/08\/Hamilton-de-Holanda_2_RAFAE-SILVA21-1-1536x1022.jpg",1536,1022,true],"2048x2048":["https:\/\/lackman.com.br\/wp-content\/uploads\/2023\/08\/Hamilton-de-Holanda_2_RAFAE-SILVA21-1-2048x1363.jpg",2048,1363,true]},"rttpg_author":{"display_name":"Fernando Lackman","author_link":"https:\/\/lackman.com.br\/index.php\/author\/fernando-lackman\/"},"rttpg_comment":0,"rttpg_category":"<a href=\"https:\/\/lackman.com.br\/index.php\/category\/arte\/\" rel=\"category tag\">Arte<\/a> <a href=\"https:\/\/lackman.com.br\/index.php\/category\/arte\/entretenimento\/\" rel=\"category tag\">Entretenimento<\/a>","rttpg_excerpt":"Projeto conta com programa\u00e7\u00e3o quinzenal para o brasiliense curtir os finais de semana com dan\u00e7a, teatro infantil, rodas de\u00a0choro\u00a0e muita m\u00fasica, no centro da Capital Federal O Minist\u00e9rio da Cultura, a Shell e o Instituto\u00a0Cultural\u00a0de Educa\u00e7\u00e3o Musical de Bras\u00edlia (ICEM) apresenta mais uma etapa do\u00a0Complexo\u00a0Cultural\u00a0do\u00a0Choro\u00a0de Bras\u00edlia, com muita arte, cultura e entretenimento no tradicional Espa\u00e7o\u00a0Cultural\u00a0do\u00a0Choro.&hellip;","_links":{"self":[{"href":"https:\/\/lackman.com.br\/index.php\/wp-json\/wp\/v2\/posts\/4957","targetHints":{"allow":["GET"]}}],"collection":[{"href":"https:\/\/lackman.com.br\/index.php\/wp-json\/wp\/v2\/posts"}],"about":[{"href":"https:\/\/lackman.com.br\/index.php\/wp-json\/wp\/v2\/types\/post"}],"author":[{"embeddable":true,"href":"https:\/\/lackman.com.br\/index.php\/wp-json\/wp\/v2\/users\/2"}],"replies":[{"embeddable":true,"href":"https:\/\/lackman.com.br\/index.php\/wp-json\/wp\/v2\/comments?post=4957"}],"version-history":[{"count":2,"href":"https:\/\/lackman.com.br\/index.php\/wp-json\/wp\/v2\/posts\/4957\/revisions"}],"predecessor-version":[{"id":4962,"href":"https:\/\/lackman.com.br\/index.php\/wp-json\/wp\/v2\/posts\/4957\/revisions\/4962"}],"wp:featuredmedia":[{"embeddable":true,"href":"https:\/\/lackman.com.br\/index.php\/wp-json\/wp\/v2\/media\/4960"}],"wp:attachment":[{"href":"https:\/\/lackman.com.br\/index.php\/wp-json\/wp\/v2\/media?parent=4957"}],"wp:term":[{"taxonomy":"category","embeddable":true,"href":"https:\/\/lackman.com.br\/index.php\/wp-json\/wp\/v2\/categories?post=4957"},{"taxonomy":"post_tag","embeddable":true,"href":"https:\/\/lackman.com.br\/index.php\/wp-json\/wp\/v2\/tags?post=4957"}],"curies":[{"name":"wp","href":"https:\/\/api.w.org\/{rel}","templated":true}]}}