{"id":4946,"date":"2023-08-10T08:00:09","date_gmt":"2023-08-10T11:00:09","guid":{"rendered":"https:\/\/lackman.com.br\/?p=4946"},"modified":"2023-08-11T17:34:34","modified_gmt":"2023-08-11T20:34:34","slug":"olha-ai-agendinha-cultural-chegando-na-virada-do-sextou","status":"publish","type":"post","link":"https:\/\/lackman.com.br\/index.php\/2023\/08\/10\/olha-ai-agendinha-cultural-chegando-na-virada-do-sextou\/","title":{"rendered":"Olha a\u00ed&#8230; agendinha cultural chegando na virada do sextou!"},"content":{"rendered":"<h5 style=\"text-align: justify\">Entre as in\u00fameras festas, pe\u00e7as, exposi\u00e7\u00f5es, trazemos a sele\u00e7\u00e3o de shows que est\u00e3o rolando na cidade. Qual deles ser\u00e1 sua escolha?<\/h5>\n<p style=\"text-align: justify\">\n<p style=\"text-align: justify\">Eita que Bras\u00edlia est\u00e1 com tanta coisa acontecendo, que quando a gente v\u00ea j\u00e1 chegou o finde e onde \u00e9 que est\u00e3o as dicas para voc\u00ea sair <strong>PERAMBULANDO<\/strong> por a\u00ed??? Ah\u00e1\u00e1\u00e1! Est\u00e3o bem aqui Querides! E a gente j\u00e1 come\u00e7a lembrando que a top\u00edssima <strong>Gloria Groove<\/strong> estar\u00e1 se apresentando no festival <strong>Na Praia<\/strong> neste s\u00e1bado (12), a partir das 18h, e o ingresso meia-social t\u00e1 saindo por R$ 200 (duzentos reais). Acesse <a href=\"https:\/\/r2.com.vc\/produto\/gloria-groove-duda-beat-atracao-surpresa-na-praia-festival\"><strong>este link<\/strong><\/a> para comprar, caso ainda tenha (tinha at\u00e9 nossa \u00faltima consulta). Ah! De quebra voc\u00ea ainda assiste ao show de <strong>Duda Beat<\/strong> e confere a participa\u00e7\u00e3o especial de <strong>Pabllo Vittar<\/strong> por l\u00e1. Tem mais de 16 anos? Ent\u00e3o, pode ir de boa e rebolar at\u00e9 o ch\u00e3o!<\/p>\n<figure id=\"attachment_4948\" aria-describedby=\"caption-attachment-4948\" style=\"width: 1024px\" class=\"wp-caption alignnone\"><img fetchpriority=\"high\" decoding=\"async\" class=\"wp-image-4948 size-large\" src=\"http:\/\/lackman.com.br\/wp-content\/uploads\/2023\/08\/Copia-de-Sem-nome-1-1024x537.jpg\" alt=\"\" width=\"1024\" height=\"537\" srcset=\"https:\/\/lackman.com.br\/wp-content\/uploads\/2023\/08\/Copia-de-Sem-nome-1-1024x537.jpg 1024w, https:\/\/lackman.com.br\/wp-content\/uploads\/2023\/08\/Copia-de-Sem-nome-1-300x157.jpg 300w, https:\/\/lackman.com.br\/wp-content\/uploads\/2023\/08\/Copia-de-Sem-nome-1-768x402.jpg 768w, https:\/\/lackman.com.br\/wp-content\/uploads\/2023\/08\/Copia-de-Sem-nome-1.jpg 1080w\" sizes=\"(max-width: 1024px) 100vw, 1024px\" \/><figcaption id=\"caption-attachment-4948\" class=\"wp-caption-text\">Gl\u00f3ria Groove, Duda Beat e Pabllo Vittar &#8211; Fotos: Instragram das artistas<\/figcaption><\/figure>\n<p style=\"text-align: justify\">No s\u00e1bado (12) tamb\u00e9m tem outro festival da hora rolando: \u00e9 o <a href=\"https:\/\/www.instagram.com\/rapgamefestival\/\"><strong>Rap Game<\/strong><\/a>, que ser\u00e1 realizado a partir das 11h, no <strong>Bosque do Est\u00e1dio Man\u00e9 Garrincha<\/strong>, reunindo cerca de 20 artistas nacionais e locais, entre eles Djonga, Poze do Rodo, Tasha &amp; Tracie, Pacificadores, Major RD, MC Marechal, Sidoka, DJ Seu, Recayd Mob e GuindArt\u2019121. A festa vai durar mais de 12 horas sem interrup\u00e7\u00e3o. No local vai rolar tamb\u00e9m batalha de rimas, dance e interven\u00e7\u00f5es de grafiti tamb\u00e9m.<\/p>\n<figure id=\"attachment_4950\" aria-describedby=\"caption-attachment-4950\" style=\"width: 1024px\" class=\"wp-caption alignnone\"><img decoding=\"async\" class=\"wp-image-4950 size-large\" src=\"http:\/\/lackman.com.br\/wp-content\/uploads\/2023\/08\/RapGame_Zeu-Divulgacao-1024x683.jpg\" alt=\"\" width=\"1024\" height=\"683\" srcset=\"https:\/\/lackman.com.br\/wp-content\/uploads\/2023\/08\/RapGame_Zeu-Divulgacao-1024x683.jpg 1024w, https:\/\/lackman.com.br\/wp-content\/uploads\/2023\/08\/RapGame_Zeu-Divulgacao-300x200.jpg 300w, https:\/\/lackman.com.br\/wp-content\/uploads\/2023\/08\/RapGame_Zeu-Divulgacao-768x512.jpg 768w, https:\/\/lackman.com.br\/wp-content\/uploads\/2023\/08\/RapGame_Zeu-Divulgacao-1536x1024.jpg 1536w, https:\/\/lackman.com.br\/wp-content\/uploads\/2023\/08\/RapGame_Zeu-Divulgacao.jpg 2048w\" sizes=\"(max-width: 1024px) 100vw, 1024px\" \/><figcaption id=\"caption-attachment-4950\" class=\"wp-caption-text\">DJ Z\u00e9u &#8211; Foto: Divulga\u00e7\u00e3o<\/figcaption><\/figure>\n<p style=\"text-align: justify\">&#8220;<em>A proposta do Rap Game \u00e9 inovadora e une todas formas de express\u00e3o da cultura Hip-Hop, al\u00e9m de valorizar os artistas locais e promover a inclus\u00e3o social e a diversidade cultural. \u00c9 um encontro de gera\u00e7\u00f5es!<\/em>&#8220;, explica <strong>Rafael Freire<\/strong>, respons\u00e1vel pela organiza\u00e7\u00e3o do festival em Bras\u00edlia.\u00a0Os ingressos est\u00e3o \u00e0 venda pelo <a href=\"https:\/\/showpass.com.br\/evento\/613\/Rap_Game\"><strong>site Showpass<\/strong><\/a> e custam entre R$ 90 a R$ 120 e a classifica\u00e7\u00e3o indicativa \u00e9 de 16 anos.<\/p>\n<p style=\"text-align: justify\">Domingo \u00e9 o Dia dos Pais, mas se voc\u00ea quiser curtir com ele desde o s\u00e1bado, o <a href=\"https:\/\/www.instagram.com\/patiobrasil\/\"><strong>P\u00e1tio Brasil<\/strong><\/a> est\u00e1 trazendo <strong>Renato Teixeira<\/strong> e seu filho, <strong>Chico Teixeira<\/strong>, como atra\u00e7\u00e3o de um show bem good vibes gratuita\u00e7o que vai rolar a partir das 18h no Varand\u00e3o daquele centro comercial. Os m\u00fasicos transitar\u00e3o por v\u00e1rias vertentes da m\u00fasica, desde o caipira mineiro ao folk, passando pelo blues e MPB. O conjunto de composi\u00e7\u00f5es contar\u00e1 com uma sele\u00e7\u00e3o especial de m\u00fasicas dos dois artistas, incluindo sucessos como: &#8220;<em>Romaria<\/em>&#8220;, &#8220;<em>Tocando em Frente<\/em>&#8220;, entre outros. Convida o Coroa e bom show!<\/p>\n<figure id=\"attachment_4949\" aria-describedby=\"caption-attachment-4949\" style=\"width: 682px\" class=\"wp-caption alignnone\"><img decoding=\"async\" class=\"wp-image-4949 size-large\" src=\"http:\/\/lackman.com.br\/wp-content\/uploads\/2023\/08\/Chico-e-Renato-Teixiera-682x1024.jpg\" alt=\"\" width=\"682\" height=\"1024\" srcset=\"https:\/\/lackman.com.br\/wp-content\/uploads\/2023\/08\/Chico-e-Renato-Teixiera-682x1024.jpg 682w, https:\/\/lackman.com.br\/wp-content\/uploads\/2023\/08\/Chico-e-Renato-Teixiera-200x300.jpg 200w, https:\/\/lackman.com.br\/wp-content\/uploads\/2023\/08\/Chico-e-Renato-Teixiera-768x1154.jpg 768w, https:\/\/lackman.com.br\/wp-content\/uploads\/2023\/08\/Chico-e-Renato-Teixiera-1022x1536.jpg 1022w, https:\/\/lackman.com.br\/wp-content\/uploads\/2023\/08\/Chico-e-Renato-Teixiera.jpg 1342w\" sizes=\"(max-width: 682px) 100vw, 682px\" \/><figcaption id=\"caption-attachment-4949\" class=\"wp-caption-text\">Renato e Chico Teixeira &#8211; Foto: Divulga\u00e7\u00e3o<\/figcaption><\/figure>\n<p style=\"text-align: justify\">Outro evento muito massa que vai rolar \u00e9 o ic\u00f4nico palco-bolha do <strong>Buraco do Jazz<\/strong> no jardim do\u00a0<strong>CCBB Bras\u00edlia<\/strong> em uma edi\u00e7\u00e3o Weekend, com \u00a0Andreza Marques Banda e Sabor de Cuba no s\u00e1bado (12\/08), a partir das 17h, e no domingo (13\/08), para celebrar o Dia dos Pais, apresenta\u00e7\u00e3o de <strong>Soul Jahzz e Bell Lins<\/strong>. O legal \u00e9 que toda a fam\u00edlia pode ir curtir junto, n\u00e3o somente as atra\u00e7\u00f5es musicais, como Al\u00e9m dos shows, o p\u00fablico poder\u00e1 desfrutar da programa\u00e7\u00e3o do local, que traz exposi\u00e7\u00f5es de arte e mostras de filmes. Aten\u00e7\u00e3o, n\u00e3o pinte por l\u00e1 antes de retirar seu ingresso <a href=\"https:\/\/ccbb.com.br\/brasilia\/programacao\/buraco-do-jazz\/\"><strong>neste link<\/strong><\/a>!<\/p>\n<figure id=\"attachment_4954\" aria-describedby=\"caption-attachment-4954\" style=\"width: 819px\" class=\"wp-caption alignnone\"><img loading=\"lazy\" decoding=\"async\" class=\"wp-image-4954 size-large\" src=\"http:\/\/lackman.com.br\/wp-content\/uploads\/2023\/08\/363430856_18381966454013266_7673319758668453714_n-819x1024.jpg\" alt=\"\" width=\"819\" height=\"1024\" srcset=\"https:\/\/lackman.com.br\/wp-content\/uploads\/2023\/08\/363430856_18381966454013266_7673319758668453714_n-819x1024.jpg 819w, https:\/\/lackman.com.br\/wp-content\/uploads\/2023\/08\/363430856_18381966454013266_7673319758668453714_n-240x300.jpg 240w, https:\/\/lackman.com.br\/wp-content\/uploads\/2023\/08\/363430856_18381966454013266_7673319758668453714_n-768x960.jpg 768w, https:\/\/lackman.com.br\/wp-content\/uploads\/2023\/08\/363430856_18381966454013266_7673319758668453714_n.jpg 1080w\" sizes=\"(max-width: 819px) 100vw, 819px\" \/><figcaption id=\"caption-attachment-4954\" class=\"wp-caption-text\">Bell Lins &#8211; Foto: Instagram da artista<\/figcaption><\/figure>\n<p style=\"text-align: justify\">O <strong>Clube do Choro<\/strong> \u00e9 outro que tamb\u00e9m tem programa\u00e7\u00e3o para os dois dias do fim de semana. No s\u00e1bado (12), rola a tradicional <strong>Roda de Choro<\/strong>, desta vez com os alunos e professores da Escola Brasileira de Choro Raphael Rabello. Curta os acordes dos bandolins, dos cavaquinhos, das flautas, dos viol\u00f5es, dos pandeiros, a partir das 10h, bem como da tradicional Feijoada da Casa que acontece na sequ\u00eancia. J\u00e1 no domingo (13), a partir das 14h e segue at\u00e9 \u00e0s 21h, trazendo DJs, m\u00fasica, dan\u00e7a, pintura, grafite, moda, Feira Criativa com exposi\u00e7\u00e3o de arte e artesanato, encerrando o dia com a Conex\u00e3o Charme.BR. <strong>\u00c9 s\u00f3 chegar!<\/strong><\/p>\n<figure id=\"attachment_4947\" aria-describedby=\"caption-attachment-4947\" style=\"width: 1024px\" class=\"wp-caption alignnone\"><img loading=\"lazy\" decoding=\"async\" class=\"wp-image-4947 size-large\" src=\"http:\/\/lackman.com.br\/wp-content\/uploads\/2023\/08\/Charme-1-1024x682.jpg\" alt=\"\" width=\"1024\" height=\"682\" srcset=\"https:\/\/lackman.com.br\/wp-content\/uploads\/2023\/08\/Charme-1-1024x682.jpg 1024w, https:\/\/lackman.com.br\/wp-content\/uploads\/2023\/08\/Charme-1-300x200.jpg 300w, https:\/\/lackman.com.br\/wp-content\/uploads\/2023\/08\/Charme-1-768x512.jpg 768w, https:\/\/lackman.com.br\/wp-content\/uploads\/2023\/08\/Charme-1-1536x1023.jpg 1536w, https:\/\/lackman.com.br\/wp-content\/uploads\/2023\/08\/Charme-1.jpg 1600w\" sizes=\"(max-width: 1024px) 100vw, 1024px\" \/><figcaption id=\"caption-attachment-4947\" class=\"wp-caption-text\">Foto: Charme.BR \/ Divulga\u00e7\u00e3o<\/figcaption><\/figure>\n<p style=\"text-align: justify\">Para <strong>finalizar<\/strong> esta agenda, quero falar sobre a <strong>Turn\u00ea de 50 anos de Chit\u00e3ozinho e Xoror\u00f3<\/strong>, que chegar\u00e1 em Bras\u00edlia s\u00f3 no m\u00eas de outubro, mas que j\u00e1 est\u00e1 vendendo ingressos para quem gosta de se adiantar e garantir melhores lugares e pre\u00e7os mais em conta. Essa comemora\u00e7\u00e3o da carreira da dupla est\u00e1 marcada para o dia 28, um s\u00e1bado, no <strong>Pavilh\u00e3o de Exposi\u00e7\u00f5es do Parque da Cidade.<\/strong> J\u00e1 \u00e9 sabido que no repert\u00f3rio da turn\u00ea est\u00e3o os grandes hits que todos amam como <em>Galopeira<\/em>, <em>60 dias apaixonado<\/em>, <em>Fio de Cabelo<\/em>, <em>Evid\u00eancias<\/em>, <em>Nuvem de L\u00e1grimas<\/em>, <em>Se Deus me Ouvisse<\/em> e <em>Sin\u00f4nimos<\/em>.\u00a0Com pre\u00e7os a partir de R$ 200, os ingressos podem ser adquiridos no site <a href=\"https:\/\/www.guichelive.com.br\/chx-turne-50-anos_24815\"><strong>Guich\u00ea Live<\/strong><\/a>.<\/p>\n<figure id=\"attachment_4952\" aria-describedby=\"caption-attachment-4952\" style=\"width: 1024px\" class=\"wp-caption alignnone\"><img loading=\"lazy\" decoding=\"async\" class=\"wp-image-4952 size-large\" src=\"http:\/\/lackman.com.br\/wp-content\/uploads\/2023\/08\/chitaozinho-xororo-50-anos_Guiche-Live-Divulgacao-1024x683.jpg\" alt=\"\" width=\"1024\" height=\"683\" srcset=\"https:\/\/lackman.com.br\/wp-content\/uploads\/2023\/08\/chitaozinho-xororo-50-anos_Guiche-Live-Divulgacao-1024x683.jpg 1024w, https:\/\/lackman.com.br\/wp-content\/uploads\/2023\/08\/chitaozinho-xororo-50-anos_Guiche-Live-Divulgacao-300x200.jpg 300w, https:\/\/lackman.com.br\/wp-content\/uploads\/2023\/08\/chitaozinho-xororo-50-anos_Guiche-Live-Divulgacao-768x512.jpg 768w, https:\/\/lackman.com.br\/wp-content\/uploads\/2023\/08\/chitaozinho-xororo-50-anos_Guiche-Live-Divulgacao.jpg 1200w\" sizes=\"(max-width: 1024px) 100vw, 1024px\" \/><figcaption id=\"caption-attachment-4952\" class=\"wp-caption-text\">Foto: Turn\u00ea 50 Anos de Chit\u00e3ozinho e Xoror\u00f3 \/ Divulga\u00e7\u00e3o<\/figcaption><\/figure>\n<p style=\"text-align: justify\">A todos que sair\u00e3o <strong>PERAMBULANDO<\/strong> por Bras\u00edlia, curtindo os agitos, um <strong>bom final de semana!<\/strong><\/p>\n<p style=\"text-align: justify\">\n<pre style=\"text-align: justify\">Fotos: Divulga\u00e7\u00e3o<\/pre>\n","protected":false},"excerpt":{"rendered":"<p>Entre as in\u00fameras festas, pe\u00e7as, exposi\u00e7\u00f5es, trazemos a sele\u00e7\u00e3o de shows que est\u00e3o rolando na cidade. Qual deles ser\u00e1 sua escolha? Eita que Bras\u00edlia est\u00e1 com tanta coisa acontecendo, que quando a gente v\u00ea j\u00e1 chegou o finde e onde \u00e9 que est\u00e3o as dicas para voc\u00ea sair PERAMBULANDO por a\u00ed??? Ah\u00e1\u00e1\u00e1! Est\u00e3o bem aqui Querides! E a gente j\u00e1 come\u00e7a lembrando que a top\u00edssima Gloria Groove estar\u00e1 se apresentando no festival Na Praia neste s\u00e1bado (12), a partir das 18h, e o ingresso meia-social t\u00e1 saindo por R$ 200 (duzentos reais). Acesse este link para comprar, caso ainda tenha (tinha at\u00e9 nossa \u00faltima consulta). Ah! De quebra voc\u00ea ainda assiste ao show de Duda Beat e confere a participa\u00e7\u00e3o especial de Pabllo Vittar por l\u00e1. Tem mais de 16 anos? Ent\u00e3o, pode ir de boa e rebolar at\u00e9 o ch\u00e3o! No s\u00e1bado (12) tamb\u00e9m tem outro festival da hora rolando: \u00e9 o Rap Game, que ser\u00e1 realizado a partir das 11h, no Bosque do Est\u00e1dio Man\u00e9 Garrincha, reunindo cerca de 20 artistas nacionais e locais, entre eles Djonga, Poze do Rodo, Tasha &amp; Tracie, Pacificadores, Major RD, MC Marechal, Sidoka, DJ Seu, Recayd Mob e GuindArt\u2019121. A festa vai durar mais de 12 horas sem interrup\u00e7\u00e3o. No local vai rolar tamb\u00e9m batalha de rimas, dance e interven\u00e7\u00f5es de grafiti tamb\u00e9m. &#8220;A proposta do Rap Game \u00e9 inovadora e une todas formas de express\u00e3o da cultura Hip-Hop, al\u00e9m de valorizar os artistas locais e promover a inclus\u00e3o social e a diversidade cultural. \u00c9 um encontro de gera\u00e7\u00f5es!&#8220;, explica Rafael Freire, respons\u00e1vel pela organiza\u00e7\u00e3o do festival em Bras\u00edlia.\u00a0Os ingressos est\u00e3o \u00e0 venda pelo site Showpass e custam entre R$ 90 a R$ 120 e a classifica\u00e7\u00e3o indicativa \u00e9 de 16 anos. Domingo \u00e9 o Dia dos Pais, mas se voc\u00ea quiser curtir com ele desde o s\u00e1bado, o P\u00e1tio Brasil est\u00e1 trazendo Renato Teixeira e seu filho, Chico Teixeira, como atra\u00e7\u00e3o de um show bem good vibes gratuita\u00e7o que vai rolar a partir das 18h no Varand\u00e3o daquele centro comercial. Os m\u00fasicos transitar\u00e3o por v\u00e1rias vertentes da m\u00fasica, desde o caipira mineiro ao folk, passando pelo blues e MPB. O conjunto de composi\u00e7\u00f5es contar\u00e1 com uma sele\u00e7\u00e3o especial de m\u00fasicas dos dois artistas, incluindo sucessos como: &#8220;Romaria&#8220;, &#8220;Tocando em Frente&#8220;, entre outros. Convida o Coroa e bom show! Outro evento muito massa que vai rolar \u00e9 o ic\u00f4nico palco-bolha do Buraco do Jazz no jardim do\u00a0CCBB Bras\u00edlia em uma edi\u00e7\u00e3o Weekend, com \u00a0Andreza Marques Banda e Sabor de Cuba no s\u00e1bado (12\/08), a partir das 17h, e no domingo (13\/08), para celebrar o Dia dos Pais, apresenta\u00e7\u00e3o de Soul Jahzz e Bell Lins. O legal \u00e9 que toda a fam\u00edlia pode ir curtir junto, n\u00e3o somente as atra\u00e7\u00f5es musicais, como Al\u00e9m dos shows, o p\u00fablico poder\u00e1 desfrutar da programa\u00e7\u00e3o do local, que traz exposi\u00e7\u00f5es de arte e mostras de filmes. Aten\u00e7\u00e3o, n\u00e3o pinte por l\u00e1 antes de retirar seu ingresso neste link! O Clube do Choro \u00e9 outro que tamb\u00e9m tem programa\u00e7\u00e3o para os dois dias do fim de semana. No s\u00e1bado (12), rola a tradicional Roda de Choro, desta vez com os alunos e professores da Escola Brasileira de Choro Raphael Rabello. Curta os acordes dos bandolins, dos cavaquinhos, das flautas, dos viol\u00f5es, dos pandeiros, a partir das 10h, bem como da tradicional Feijoada da Casa que acontece na sequ\u00eancia. J\u00e1 no domingo (13), a partir das 14h e segue at\u00e9 \u00e0s 21h, trazendo DJs, m\u00fasica, dan\u00e7a, pintura, grafite, moda, Feira Criativa com exposi\u00e7\u00e3o de arte e artesanato, encerrando o dia com a Conex\u00e3o Charme.BR. \u00c9 s\u00f3 chegar! Para finalizar esta agenda, quero falar sobre a Turn\u00ea de 50 anos de Chit\u00e3ozinho e Xoror\u00f3, que chegar\u00e1 em Bras\u00edlia s\u00f3 no m\u00eas de outubro, mas que j\u00e1 est\u00e1 vendendo ingressos para quem gosta de se adiantar e garantir melhores lugares e pre\u00e7os mais em conta. Essa comemora\u00e7\u00e3o da carreira da dupla est\u00e1 marcada para o dia 28, um s\u00e1bado, no Pavilh\u00e3o de Exposi\u00e7\u00f5es do Parque da Cidade. J\u00e1 \u00e9 sabido que no repert\u00f3rio da turn\u00ea est\u00e3o os grandes hits que todos amam como Galopeira, 60 dias apaixonado, Fio de Cabelo, Evid\u00eancias, Nuvem de L\u00e1grimas, Se Deus me Ouvisse e Sin\u00f4nimos.\u00a0Com pre\u00e7os a partir de R$ 200, os ingressos podem ser adquiridos no site Guich\u00ea Live. A todos que sair\u00e3o PERAMBULANDO por Bras\u00edlia, curtindo os agitos, um bom final de semana! Fotos: Divulga\u00e7\u00e3o<\/p>\n","protected":false},"author":6,"featured_media":4951,"comment_status":"closed","ping_status":"open","sticky":false,"template":"","format":"standard","meta":{"site-sidebar-layout":"default","site-content-layout":"default","ast-site-content-layout":"default","site-content-style":"default","site-sidebar-style":"default","ast-global-header-display":"","ast-banner-title-visibility":"","ast-main-header-display":"","ast-hfb-above-header-display":"","ast-hfb-below-header-display":"","ast-hfb-mobile-header-display":"","site-post-title":"","ast-breadcrumbs-content":"","ast-featured-img":"","footer-sml-layout":"","ast-disable-related-posts":"","theme-transparent-header-meta":"default","adv-header-id-meta":"","stick-header-meta":"","header-above-stick-meta":"","header-main-stick-meta":"","header-below-stick-meta":"","astra-migrate-meta-layouts":"default","ast-page-background-enabled":"default","ast-page-background-meta":{"desktop":{"background-color":"","background-image":"","background-repeat":"repeat","background-position":"center center","background-size":"auto","background-attachment":"scroll","background-type":"","background-media":"","overlay-type":"","overlay-color":"","overlay-opacity":"","overlay-gradient":""},"tablet":{"background-color":"","background-image":"","background-repeat":"repeat","background-position":"center center","background-size":"auto","background-attachment":"scroll","background-type":"","background-media":"","overlay-type":"","overlay-color":"","overlay-opacity":"","overlay-gradient":""},"mobile":{"background-color":"","background-image":"","background-repeat":"repeat","background-position":"center center","background-size":"auto","background-attachment":"scroll","background-type":"","background-media":"","overlay-type":"","overlay-color":"","overlay-opacity":"","overlay-gradient":""}},"ast-content-background-meta":{"desktop":{"background-color":"var(--ast-global-color-5)","background-image":"","background-repeat":"repeat","background-position":"center center","background-size":"auto","background-attachment":"scroll","background-type":"","background-media":"","overlay-type":"","overlay-color":"","overlay-opacity":"","overlay-gradient":""},"tablet":{"background-color":"var(--ast-global-color-5)","background-image":"","background-repeat":"repeat","background-position":"center center","background-size":"auto","background-attachment":"scroll","background-type":"","background-media":"","overlay-type":"","overlay-color":"","overlay-opacity":"","overlay-gradient":""},"mobile":{"background-color":"var(--ast-global-color-5)","background-image":"","background-repeat":"repeat","background-position":"center center","background-size":"auto","background-attachment":"scroll","background-type":"","background-media":"","overlay-type":"","overlay-color":"","overlay-opacity":"","overlay-gradient":""}},"footnotes":""},"categories":[46,47],"tags":[480,481,479,472,471,474,298,476,473,470,475,477,478,124],"class_list":["post-4946","post","type-post","status-publish","format-standard","has-post-thumbnail","hentry","category-arte","category-cultura-arte","tag-bell-lins","tag-buraco-do-jazz","tag-chico-teixeira","tag-chitaozinho-e-xororo","tag-clube-do-choro","tag-duda-beat","tag-educativo","tag-estadio-mane-garrincha","tag-gloria-groove","tag-na-praia","tag-pabllo-vittar","tag-rap-game","tag-renato-teixeira","tag-show"],"yoast_head":"<!-- This site is optimized with the Yoast SEO plugin v27.0 - https:\/\/yoast.com\/product\/yoast-seo-wordpress\/ -->\n<title>Olha a\u00ed... agendinha cultural chegando na virada do sextou! - LACKMAN &amp; CO.<\/title>\n<meta name=\"robots\" content=\"index, follow, max-snippet:-1, max-image-preview:large, max-video-preview:-1\" \/>\n<link rel=\"canonical\" href=\"https:\/\/lackman.com.br\/index.php\/2023\/08\/10\/olha-ai-agendinha-cultural-chegando-na-virada-do-sextou\/\" \/>\n<meta property=\"og:locale\" content=\"pt_BR\" \/>\n<meta property=\"og:type\" content=\"article\" \/>\n<meta property=\"og:title\" content=\"Olha a\u00ed... agendinha cultural chegando na virada do sextou! - LACKMAN &amp; CO.\" \/>\n<meta property=\"og:description\" content=\"Entre as in\u00fameras festas, pe\u00e7as, exposi\u00e7\u00f5es, trazemos a sele\u00e7\u00e3o de shows que est\u00e3o rolando na cidade. Qual deles ser\u00e1 sua escolha? Eita que Bras\u00edlia est\u00e1 com tanta coisa acontecendo, que quando a gente v\u00ea j\u00e1 chegou o finde e onde \u00e9 que est\u00e3o as dicas para voc\u00ea sair PERAMBULANDO por a\u00ed??? Ah\u00e1\u00e1\u00e1! Est\u00e3o bem aqui Querides! E a gente j\u00e1 come\u00e7a lembrando que a top\u00edssima Gloria Groove estar\u00e1 se apresentando no festival Na Praia neste s\u00e1bado (12), a partir das 18h, e o ingresso meia-social t\u00e1 saindo por R$ 200 (duzentos reais). Acesse este link para comprar, caso ainda tenha (tinha at\u00e9 nossa \u00faltima consulta). Ah! De quebra voc\u00ea ainda assiste ao show de Duda Beat e confere a participa\u00e7\u00e3o especial de Pabllo Vittar por l\u00e1. Tem mais de 16 anos? Ent\u00e3o, pode ir de boa e rebolar at\u00e9 o ch\u00e3o! No s\u00e1bado (12) tamb\u00e9m tem outro festival da hora rolando: \u00e9 o Rap Game, que ser\u00e1 realizado a partir das 11h, no Bosque do Est\u00e1dio Man\u00e9 Garrincha, reunindo cerca de 20 artistas nacionais e locais, entre eles Djonga, Poze do Rodo, Tasha &amp; Tracie, Pacificadores, Major RD, MC Marechal, Sidoka, DJ Seu, Recayd Mob e GuindArt\u2019121. A festa vai durar mais de 12 horas sem interrup\u00e7\u00e3o. No local vai rolar tamb\u00e9m batalha de rimas, dance e interven\u00e7\u00f5es de grafiti tamb\u00e9m. &#8220;A proposta do Rap Game \u00e9 inovadora e une todas formas de express\u00e3o da cultura Hip-Hop, al\u00e9m de valorizar os artistas locais e promover a inclus\u00e3o social e a diversidade cultural. \u00c9 um encontro de gera\u00e7\u00f5es!&#8220;, explica Rafael Freire, respons\u00e1vel pela organiza\u00e7\u00e3o do festival em Bras\u00edlia.\u00a0Os ingressos est\u00e3o \u00e0 venda pelo site Showpass e custam entre R$ 90 a R$ 120 e a classifica\u00e7\u00e3o indicativa \u00e9 de 16 anos. Domingo \u00e9 o Dia dos Pais, mas se voc\u00ea quiser curtir com ele desde o s\u00e1bado, o P\u00e1tio Brasil est\u00e1 trazendo Renato Teixeira e seu filho, Chico Teixeira, como atra\u00e7\u00e3o de um show bem good vibes gratuita\u00e7o que vai rolar a partir das 18h no Varand\u00e3o daquele centro comercial. Os m\u00fasicos transitar\u00e3o por v\u00e1rias vertentes da m\u00fasica, desde o caipira mineiro ao folk, passando pelo blues e MPB. O conjunto de composi\u00e7\u00f5es contar\u00e1 com uma sele\u00e7\u00e3o especial de m\u00fasicas dos dois artistas, incluindo sucessos como: &#8220;Romaria&#8220;, &#8220;Tocando em Frente&#8220;, entre outros. Convida o Coroa e bom show! Outro evento muito massa que vai rolar \u00e9 o ic\u00f4nico palco-bolha do Buraco do Jazz no jardim do\u00a0CCBB Bras\u00edlia em uma edi\u00e7\u00e3o Weekend, com \u00a0Andreza Marques Banda e Sabor de Cuba no s\u00e1bado (12\/08), a partir das 17h, e no domingo (13\/08), para celebrar o Dia dos Pais, apresenta\u00e7\u00e3o de Soul Jahzz e Bell Lins. O legal \u00e9 que toda a fam\u00edlia pode ir curtir junto, n\u00e3o somente as atra\u00e7\u00f5es musicais, como Al\u00e9m dos shows, o p\u00fablico poder\u00e1 desfrutar da programa\u00e7\u00e3o do local, que traz exposi\u00e7\u00f5es de arte e mostras de filmes. Aten\u00e7\u00e3o, n\u00e3o pinte por l\u00e1 antes de retirar seu ingresso neste link! O Clube do Choro \u00e9 outro que tamb\u00e9m tem programa\u00e7\u00e3o para os dois dias do fim de semana. No s\u00e1bado (12), rola a tradicional Roda de Choro, desta vez com os alunos e professores da Escola Brasileira de Choro Raphael Rabello. Curta os acordes dos bandolins, dos cavaquinhos, das flautas, dos viol\u00f5es, dos pandeiros, a partir das 10h, bem como da tradicional Feijoada da Casa que acontece na sequ\u00eancia. J\u00e1 no domingo (13), a partir das 14h e segue at\u00e9 \u00e0s 21h, trazendo DJs, m\u00fasica, dan\u00e7a, pintura, grafite, moda, Feira Criativa com exposi\u00e7\u00e3o de arte e artesanato, encerrando o dia com a Conex\u00e3o Charme.BR. \u00c9 s\u00f3 chegar! Para finalizar esta agenda, quero falar sobre a Turn\u00ea de 50 anos de Chit\u00e3ozinho e Xoror\u00f3, que chegar\u00e1 em Bras\u00edlia s\u00f3 no m\u00eas de outubro, mas que j\u00e1 est\u00e1 vendendo ingressos para quem gosta de se adiantar e garantir melhores lugares e pre\u00e7os mais em conta. Essa comemora\u00e7\u00e3o da carreira da dupla est\u00e1 marcada para o dia 28, um s\u00e1bado, no Pavilh\u00e3o de Exposi\u00e7\u00f5es do Parque da Cidade. J\u00e1 \u00e9 sabido que no repert\u00f3rio da turn\u00ea est\u00e3o os grandes hits que todos amam como Galopeira, 60 dias apaixonado, Fio de Cabelo, Evid\u00eancias, Nuvem de L\u00e1grimas, Se Deus me Ouvisse e Sin\u00f4nimos.\u00a0Com pre\u00e7os a partir de R$ 200, os ingressos podem ser adquiridos no site Guich\u00ea Live. A todos que sair\u00e3o PERAMBULANDO por Bras\u00edlia, curtindo os agitos, um bom final de semana! Fotos: Divulga\u00e7\u00e3o\" \/>\n<meta property=\"og:url\" content=\"https:\/\/lackman.com.br\/index.php\/2023\/08\/10\/olha-ai-agendinha-cultural-chegando-na-virada-do-sextou\/\" \/>\n<meta property=\"og:site_name\" content=\"LACKMAN &amp; CO.\" \/>\n<meta property=\"article:published_time\" content=\"2023-08-10T11:00:09+00:00\" \/>\n<meta property=\"article:modified_time\" content=\"2023-08-11T20:34:34+00:00\" \/>\n<meta property=\"og:image\" content=\"http:\/\/lackman.com.br\/wp-content\/uploads\/2023\/08\/RapGame-Palco_Zeu-Divulgaca.jpg\" \/>\n\t<meta property=\"og:image:width\" content=\"2048\" \/>\n\t<meta property=\"og:image:height\" content=\"1365\" \/>\n\t<meta property=\"og:image:type\" content=\"image\/jpeg\" \/>\n<meta name=\"author\" content=\"Gilberto Evangelista - Colunista\" \/>\n<meta name=\"twitter:card\" content=\"summary_large_image\" \/>\n<meta name=\"twitter:label1\" content=\"Escrito por\" \/>\n\t<meta name=\"twitter:data1\" content=\"Gilberto Evangelista - Colunista\" \/>\n\t<meta name=\"twitter:label2\" content=\"Est. tempo de leitura\" \/>\n\t<meta name=\"twitter:data2\" content=\"6 minutos\" \/>\n<script type=\"application\/ld+json\" class=\"yoast-schema-graph\">{\"@context\":\"https:\/\/schema.org\",\"@graph\":[{\"@type\":\"Article\",\"@id\":\"https:\/\/lackman.com.br\/index.php\/2023\/08\/10\/olha-ai-agendinha-cultural-chegando-na-virada-do-sextou\/#article\",\"isPartOf\":{\"@id\":\"https:\/\/lackman.com.br\/index.php\/2023\/08\/10\/olha-ai-agendinha-cultural-chegando-na-virada-do-sextou\/\"},\"author\":{\"name\":\"Gilberto Evangelista - Colunista\",\"@id\":\"https:\/\/lackman.com.br\/#\/schema\/person\/8a2355f699593d21d4f0d25b69db5747\"},\"headline\":\"Olha a\u00ed&#8230; agendinha cultural chegando na virada do sextou!\",\"datePublished\":\"2023-08-10T11:00:09+00:00\",\"dateModified\":\"2023-08-11T20:34:34+00:00\",\"mainEntityOfPage\":{\"@id\":\"https:\/\/lackman.com.br\/index.php\/2023\/08\/10\/olha-ai-agendinha-cultural-chegando-na-virada-do-sextou\/\"},\"wordCount\":886,\"publisher\":{\"@id\":\"https:\/\/lackman.com.br\/#organization\"},\"image\":{\"@id\":\"https:\/\/lackman.com.br\/index.php\/2023\/08\/10\/olha-ai-agendinha-cultural-chegando-na-virada-do-sextou\/#primaryimage\"},\"thumbnailUrl\":\"https:\/\/lackman.com.br\/wp-content\/uploads\/2023\/08\/RapGame-Palco_Zeu-Divulgaca.jpg\",\"keywords\":[\"Bell Lins\",\"Buraco do Jazz\",\"Chico Teixeira\",\"Chit\u00e3ozinho e Xoror\u00f3\",\"Clube do Choro\",\"Duda Beat\",\"educativo\",\"Est\u00e1dio Man\u00e9 Garrincha\",\"Gloria Groove\",\"Na Praia\",\"Pabllo Vittar\",\"RAP Game\",\"Renato Teixeira\",\"show\"],\"articleSection\":[\"Arte\",\"Cultura\"],\"inLanguage\":\"pt-BR\"},{\"@type\":\"WebPage\",\"@id\":\"https:\/\/lackman.com.br\/index.php\/2023\/08\/10\/olha-ai-agendinha-cultural-chegando-na-virada-do-sextou\/\",\"url\":\"https:\/\/lackman.com.br\/index.php\/2023\/08\/10\/olha-ai-agendinha-cultural-chegando-na-virada-do-sextou\/\",\"name\":\"Olha a\u00ed... agendinha cultural chegando na virada do sextou! - LACKMAN &amp; CO.\",\"isPartOf\":{\"@id\":\"https:\/\/lackman.com.br\/#website\"},\"primaryImageOfPage\":{\"@id\":\"https:\/\/lackman.com.br\/index.php\/2023\/08\/10\/olha-ai-agendinha-cultural-chegando-na-virada-do-sextou\/#primaryimage\"},\"image\":{\"@id\":\"https:\/\/lackman.com.br\/index.php\/2023\/08\/10\/olha-ai-agendinha-cultural-chegando-na-virada-do-sextou\/#primaryimage\"},\"thumbnailUrl\":\"https:\/\/lackman.com.br\/wp-content\/uploads\/2023\/08\/RapGame-Palco_Zeu-Divulgaca.jpg\",\"datePublished\":\"2023-08-10T11:00:09+00:00\",\"dateModified\":\"2023-08-11T20:34:34+00:00\",\"breadcrumb\":{\"@id\":\"https:\/\/lackman.com.br\/index.php\/2023\/08\/10\/olha-ai-agendinha-cultural-chegando-na-virada-do-sextou\/#breadcrumb\"},\"inLanguage\":\"pt-BR\",\"potentialAction\":[{\"@type\":\"ReadAction\",\"target\":[\"https:\/\/lackman.com.br\/index.php\/2023\/08\/10\/olha-ai-agendinha-cultural-chegando-na-virada-do-sextou\/\"]}]},{\"@type\":\"ImageObject\",\"inLanguage\":\"pt-BR\",\"@id\":\"https:\/\/lackman.com.br\/index.php\/2023\/08\/10\/olha-ai-agendinha-cultural-chegando-na-virada-do-sextou\/#primaryimage\",\"url\":\"https:\/\/lackman.com.br\/wp-content\/uploads\/2023\/08\/RapGame-Palco_Zeu-Divulgaca.jpg\",\"contentUrl\":\"https:\/\/lackman.com.br\/wp-content\/uploads\/2023\/08\/RapGame-Palco_Zeu-Divulgaca.jpg\",\"width\":2048,\"height\":1365},{\"@type\":\"BreadcrumbList\",\"@id\":\"https:\/\/lackman.com.br\/index.php\/2023\/08\/10\/olha-ai-agendinha-cultural-chegando-na-virada-do-sextou\/#breadcrumb\",\"itemListElement\":[{\"@type\":\"ListItem\",\"position\":1,\"name\":\"In\u00edcio\",\"item\":\"https:\/\/lackman.com.br\/\"},{\"@type\":\"ListItem\",\"position\":2,\"name\":\"Olha a\u00ed&#8230; agendinha cultural chegando na virada do sextou!\"}]},{\"@type\":\"WebSite\",\"@id\":\"https:\/\/lackman.com.br\/#website\",\"url\":\"https:\/\/lackman.com.br\/\",\"name\":\"LACKMAN &amp; CO.\",\"description\":\"VIDA | MODA | ARTE\",\"publisher\":{\"@id\":\"https:\/\/lackman.com.br\/#organization\"},\"potentialAction\":[{\"@type\":\"SearchAction\",\"target\":{\"@type\":\"EntryPoint\",\"urlTemplate\":\"https:\/\/lackman.com.br\/?s={search_term_string}\"},\"query-input\":{\"@type\":\"PropertyValueSpecification\",\"valueRequired\":true,\"valueName\":\"search_term_string\"}}],\"inLanguage\":\"pt-BR\"},{\"@type\":\"Organization\",\"@id\":\"https:\/\/lackman.com.br\/#organization\",\"name\":\"LACKMAN &amp; CO.\",\"url\":\"https:\/\/lackman.com.br\/\",\"logo\":{\"@type\":\"ImageObject\",\"inLanguage\":\"pt-BR\",\"@id\":\"https:\/\/lackman.com.br\/#\/schema\/logo\/image\/\",\"url\":\"https:\/\/lackman.com.br\/wp-content\/uploads\/2023\/06\/Logotipo_preto-1.png\",\"contentUrl\":\"https:\/\/lackman.com.br\/wp-content\/uploads\/2023\/06\/Logotipo_preto-1.png\",\"width\":739,\"height\":393,\"caption\":\"LACKMAN &amp; CO.\"},\"image\":{\"@id\":\"https:\/\/lackman.com.br\/#\/schema\/logo\/image\/\"}},{\"@type\":\"Person\",\"@id\":\"https:\/\/lackman.com.br\/#\/schema\/person\/8a2355f699593d21d4f0d25b69db5747\",\"name\":\"Gilberto Evangelista - Colunista\",\"image\":{\"@type\":\"ImageObject\",\"inLanguage\":\"pt-BR\",\"@id\":\"https:\/\/lackman.com.br\/#\/schema\/person\/image\/\",\"url\":\"https:\/\/secure.gravatar.com\/avatar\/cea9badf02f8a90f7a745f2cbea45fda61f65711ec015e2faf3809cca6337c28?s=96&d=mm&r=g\",\"contentUrl\":\"https:\/\/secure.gravatar.com\/avatar\/cea9badf02f8a90f7a745f2cbea45fda61f65711ec015e2faf3809cca6337c28?s=96&d=mm&r=g\",\"caption\":\"Gilberto Evangelista - Colunista\"},\"description\":\"Jornalista e globetrotter.\",\"url\":\"https:\/\/lackman.com.br\/index.php\/author\/gilberto-brito\/\"}]}<\/script>\n<!-- \/ Yoast SEO plugin. -->","yoast_head_json":{"title":"Olha a\u00ed... agendinha cultural chegando na virada do sextou! - LACKMAN &amp; CO.","robots":{"index":"index","follow":"follow","max-snippet":"max-snippet:-1","max-image-preview":"max-image-preview:large","max-video-preview":"max-video-preview:-1"},"canonical":"https:\/\/lackman.com.br\/index.php\/2023\/08\/10\/olha-ai-agendinha-cultural-chegando-na-virada-do-sextou\/","og_locale":"pt_BR","og_type":"article","og_title":"Olha a\u00ed... agendinha cultural chegando na virada do sextou! - LACKMAN &amp; CO.","og_description":"Entre as in\u00fameras festas, pe\u00e7as, exposi\u00e7\u00f5es, trazemos a sele\u00e7\u00e3o de shows que est\u00e3o rolando na cidade. Qual deles ser\u00e1 sua escolha? Eita que Bras\u00edlia est\u00e1 com tanta coisa acontecendo, que quando a gente v\u00ea j\u00e1 chegou o finde e onde \u00e9 que est\u00e3o as dicas para voc\u00ea sair PERAMBULANDO por a\u00ed??? Ah\u00e1\u00e1\u00e1! Est\u00e3o bem aqui Querides! E a gente j\u00e1 come\u00e7a lembrando que a top\u00edssima Gloria Groove estar\u00e1 se apresentando no festival Na Praia neste s\u00e1bado (12), a partir das 18h, e o ingresso meia-social t\u00e1 saindo por R$ 200 (duzentos reais). Acesse este link para comprar, caso ainda tenha (tinha at\u00e9 nossa \u00faltima consulta). Ah! De quebra voc\u00ea ainda assiste ao show de Duda Beat e confere a participa\u00e7\u00e3o especial de Pabllo Vittar por l\u00e1. Tem mais de 16 anos? Ent\u00e3o, pode ir de boa e rebolar at\u00e9 o ch\u00e3o! No s\u00e1bado (12) tamb\u00e9m tem outro festival da hora rolando: \u00e9 o Rap Game, que ser\u00e1 realizado a partir das 11h, no Bosque do Est\u00e1dio Man\u00e9 Garrincha, reunindo cerca de 20 artistas nacionais e locais, entre eles Djonga, Poze do Rodo, Tasha &amp; Tracie, Pacificadores, Major RD, MC Marechal, Sidoka, DJ Seu, Recayd Mob e GuindArt\u2019121. A festa vai durar mais de 12 horas sem interrup\u00e7\u00e3o. No local vai rolar tamb\u00e9m batalha de rimas, dance e interven\u00e7\u00f5es de grafiti tamb\u00e9m. &#8220;A proposta do Rap Game \u00e9 inovadora e une todas formas de express\u00e3o da cultura Hip-Hop, al\u00e9m de valorizar os artistas locais e promover a inclus\u00e3o social e a diversidade cultural. \u00c9 um encontro de gera\u00e7\u00f5es!&#8220;, explica Rafael Freire, respons\u00e1vel pela organiza\u00e7\u00e3o do festival em Bras\u00edlia.\u00a0Os ingressos est\u00e3o \u00e0 venda pelo site Showpass e custam entre R$ 90 a R$ 120 e a classifica\u00e7\u00e3o indicativa \u00e9 de 16 anos. Domingo \u00e9 o Dia dos Pais, mas se voc\u00ea quiser curtir com ele desde o s\u00e1bado, o P\u00e1tio Brasil est\u00e1 trazendo Renato Teixeira e seu filho, Chico Teixeira, como atra\u00e7\u00e3o de um show bem good vibes gratuita\u00e7o que vai rolar a partir das 18h no Varand\u00e3o daquele centro comercial. Os m\u00fasicos transitar\u00e3o por v\u00e1rias vertentes da m\u00fasica, desde o caipira mineiro ao folk, passando pelo blues e MPB. O conjunto de composi\u00e7\u00f5es contar\u00e1 com uma sele\u00e7\u00e3o especial de m\u00fasicas dos dois artistas, incluindo sucessos como: &#8220;Romaria&#8220;, &#8220;Tocando em Frente&#8220;, entre outros. Convida o Coroa e bom show! Outro evento muito massa que vai rolar \u00e9 o ic\u00f4nico palco-bolha do Buraco do Jazz no jardim do\u00a0CCBB Bras\u00edlia em uma edi\u00e7\u00e3o Weekend, com \u00a0Andreza Marques Banda e Sabor de Cuba no s\u00e1bado (12\/08), a partir das 17h, e no domingo (13\/08), para celebrar o Dia dos Pais, apresenta\u00e7\u00e3o de Soul Jahzz e Bell Lins. O legal \u00e9 que toda a fam\u00edlia pode ir curtir junto, n\u00e3o somente as atra\u00e7\u00f5es musicais, como Al\u00e9m dos shows, o p\u00fablico poder\u00e1 desfrutar da programa\u00e7\u00e3o do local, que traz exposi\u00e7\u00f5es de arte e mostras de filmes. Aten\u00e7\u00e3o, n\u00e3o pinte por l\u00e1 antes de retirar seu ingresso neste link! O Clube do Choro \u00e9 outro que tamb\u00e9m tem programa\u00e7\u00e3o para os dois dias do fim de semana. No s\u00e1bado (12), rola a tradicional Roda de Choro, desta vez com os alunos e professores da Escola Brasileira de Choro Raphael Rabello. Curta os acordes dos bandolins, dos cavaquinhos, das flautas, dos viol\u00f5es, dos pandeiros, a partir das 10h, bem como da tradicional Feijoada da Casa que acontece na sequ\u00eancia. J\u00e1 no domingo (13), a partir das 14h e segue at\u00e9 \u00e0s 21h, trazendo DJs, m\u00fasica, dan\u00e7a, pintura, grafite, moda, Feira Criativa com exposi\u00e7\u00e3o de arte e artesanato, encerrando o dia com a Conex\u00e3o Charme.BR. \u00c9 s\u00f3 chegar! Para finalizar esta agenda, quero falar sobre a Turn\u00ea de 50 anos de Chit\u00e3ozinho e Xoror\u00f3, que chegar\u00e1 em Bras\u00edlia s\u00f3 no m\u00eas de outubro, mas que j\u00e1 est\u00e1 vendendo ingressos para quem gosta de se adiantar e garantir melhores lugares e pre\u00e7os mais em conta. Essa comemora\u00e7\u00e3o da carreira da dupla est\u00e1 marcada para o dia 28, um s\u00e1bado, no Pavilh\u00e3o de Exposi\u00e7\u00f5es do Parque da Cidade. J\u00e1 \u00e9 sabido que no repert\u00f3rio da turn\u00ea est\u00e3o os grandes hits que todos amam como Galopeira, 60 dias apaixonado, Fio de Cabelo, Evid\u00eancias, Nuvem de L\u00e1grimas, Se Deus me Ouvisse e Sin\u00f4nimos.\u00a0Com pre\u00e7os a partir de R$ 200, os ingressos podem ser adquiridos no site Guich\u00ea Live. A todos que sair\u00e3o PERAMBULANDO por Bras\u00edlia, curtindo os agitos, um bom final de semana! Fotos: Divulga\u00e7\u00e3o","og_url":"https:\/\/lackman.com.br\/index.php\/2023\/08\/10\/olha-ai-agendinha-cultural-chegando-na-virada-do-sextou\/","og_site_name":"LACKMAN &amp; CO.","article_published_time":"2023-08-10T11:00:09+00:00","article_modified_time":"2023-08-11T20:34:34+00:00","og_image":[{"width":2048,"height":1365,"url":"http:\/\/lackman.com.br\/wp-content\/uploads\/2023\/08\/RapGame-Palco_Zeu-Divulgaca.jpg","type":"image\/jpeg"}],"author":"Gilberto Evangelista - Colunista","twitter_card":"summary_large_image","twitter_misc":{"Escrito por":"Gilberto Evangelista - Colunista","Est. tempo de leitura":"6 minutos"},"schema":{"@context":"https:\/\/schema.org","@graph":[{"@type":"Article","@id":"https:\/\/lackman.com.br\/index.php\/2023\/08\/10\/olha-ai-agendinha-cultural-chegando-na-virada-do-sextou\/#article","isPartOf":{"@id":"https:\/\/lackman.com.br\/index.php\/2023\/08\/10\/olha-ai-agendinha-cultural-chegando-na-virada-do-sextou\/"},"author":{"name":"Gilberto Evangelista - Colunista","@id":"https:\/\/lackman.com.br\/#\/schema\/person\/8a2355f699593d21d4f0d25b69db5747"},"headline":"Olha a\u00ed&#8230; agendinha cultural chegando na virada do sextou!","datePublished":"2023-08-10T11:00:09+00:00","dateModified":"2023-08-11T20:34:34+00:00","mainEntityOfPage":{"@id":"https:\/\/lackman.com.br\/index.php\/2023\/08\/10\/olha-ai-agendinha-cultural-chegando-na-virada-do-sextou\/"},"wordCount":886,"publisher":{"@id":"https:\/\/lackman.com.br\/#organization"},"image":{"@id":"https:\/\/lackman.com.br\/index.php\/2023\/08\/10\/olha-ai-agendinha-cultural-chegando-na-virada-do-sextou\/#primaryimage"},"thumbnailUrl":"https:\/\/lackman.com.br\/wp-content\/uploads\/2023\/08\/RapGame-Palco_Zeu-Divulgaca.jpg","keywords":["Bell Lins","Buraco do Jazz","Chico Teixeira","Chit\u00e3ozinho e Xoror\u00f3","Clube do Choro","Duda Beat","educativo","Est\u00e1dio Man\u00e9 Garrincha","Gloria Groove","Na Praia","Pabllo Vittar","RAP Game","Renato Teixeira","show"],"articleSection":["Arte","Cultura"],"inLanguage":"pt-BR"},{"@type":"WebPage","@id":"https:\/\/lackman.com.br\/index.php\/2023\/08\/10\/olha-ai-agendinha-cultural-chegando-na-virada-do-sextou\/","url":"https:\/\/lackman.com.br\/index.php\/2023\/08\/10\/olha-ai-agendinha-cultural-chegando-na-virada-do-sextou\/","name":"Olha a\u00ed... agendinha cultural chegando na virada do sextou! - LACKMAN &amp; CO.","isPartOf":{"@id":"https:\/\/lackman.com.br\/#website"},"primaryImageOfPage":{"@id":"https:\/\/lackman.com.br\/index.php\/2023\/08\/10\/olha-ai-agendinha-cultural-chegando-na-virada-do-sextou\/#primaryimage"},"image":{"@id":"https:\/\/lackman.com.br\/index.php\/2023\/08\/10\/olha-ai-agendinha-cultural-chegando-na-virada-do-sextou\/#primaryimage"},"thumbnailUrl":"https:\/\/lackman.com.br\/wp-content\/uploads\/2023\/08\/RapGame-Palco_Zeu-Divulgaca.jpg","datePublished":"2023-08-10T11:00:09+00:00","dateModified":"2023-08-11T20:34:34+00:00","breadcrumb":{"@id":"https:\/\/lackman.com.br\/index.php\/2023\/08\/10\/olha-ai-agendinha-cultural-chegando-na-virada-do-sextou\/#breadcrumb"},"inLanguage":"pt-BR","potentialAction":[{"@type":"ReadAction","target":["https:\/\/lackman.com.br\/index.php\/2023\/08\/10\/olha-ai-agendinha-cultural-chegando-na-virada-do-sextou\/"]}]},{"@type":"ImageObject","inLanguage":"pt-BR","@id":"https:\/\/lackman.com.br\/index.php\/2023\/08\/10\/olha-ai-agendinha-cultural-chegando-na-virada-do-sextou\/#primaryimage","url":"https:\/\/lackman.com.br\/wp-content\/uploads\/2023\/08\/RapGame-Palco_Zeu-Divulgaca.jpg","contentUrl":"https:\/\/lackman.com.br\/wp-content\/uploads\/2023\/08\/RapGame-Palco_Zeu-Divulgaca.jpg","width":2048,"height":1365},{"@type":"BreadcrumbList","@id":"https:\/\/lackman.com.br\/index.php\/2023\/08\/10\/olha-ai-agendinha-cultural-chegando-na-virada-do-sextou\/#breadcrumb","itemListElement":[{"@type":"ListItem","position":1,"name":"In\u00edcio","item":"https:\/\/lackman.com.br\/"},{"@type":"ListItem","position":2,"name":"Olha a\u00ed&#8230; agendinha cultural chegando na virada do sextou!"}]},{"@type":"WebSite","@id":"https:\/\/lackman.com.br\/#website","url":"https:\/\/lackman.com.br\/","name":"LACKMAN &amp; CO.","description":"VIDA | MODA | ARTE","publisher":{"@id":"https:\/\/lackman.com.br\/#organization"},"potentialAction":[{"@type":"SearchAction","target":{"@type":"EntryPoint","urlTemplate":"https:\/\/lackman.com.br\/?s={search_term_string}"},"query-input":{"@type":"PropertyValueSpecification","valueRequired":true,"valueName":"search_term_string"}}],"inLanguage":"pt-BR"},{"@type":"Organization","@id":"https:\/\/lackman.com.br\/#organization","name":"LACKMAN &amp; CO.","url":"https:\/\/lackman.com.br\/","logo":{"@type":"ImageObject","inLanguage":"pt-BR","@id":"https:\/\/lackman.com.br\/#\/schema\/logo\/image\/","url":"https:\/\/lackman.com.br\/wp-content\/uploads\/2023\/06\/Logotipo_preto-1.png","contentUrl":"https:\/\/lackman.com.br\/wp-content\/uploads\/2023\/06\/Logotipo_preto-1.png","width":739,"height":393,"caption":"LACKMAN &amp; CO."},"image":{"@id":"https:\/\/lackman.com.br\/#\/schema\/logo\/image\/"}},{"@type":"Person","@id":"https:\/\/lackman.com.br\/#\/schema\/person\/8a2355f699593d21d4f0d25b69db5747","name":"Gilberto Evangelista - Colunista","image":{"@type":"ImageObject","inLanguage":"pt-BR","@id":"https:\/\/lackman.com.br\/#\/schema\/person\/image\/","url":"https:\/\/secure.gravatar.com\/avatar\/cea9badf02f8a90f7a745f2cbea45fda61f65711ec015e2faf3809cca6337c28?s=96&d=mm&r=g","contentUrl":"https:\/\/secure.gravatar.com\/avatar\/cea9badf02f8a90f7a745f2cbea45fda61f65711ec015e2faf3809cca6337c28?s=96&d=mm&r=g","caption":"Gilberto Evangelista - Colunista"},"description":"Jornalista e globetrotter.","url":"https:\/\/lackman.com.br\/index.php\/author\/gilberto-brito\/"}]}},"rttpg_featured_image_url":{"full":["https:\/\/lackman.com.br\/wp-content\/uploads\/2023\/08\/RapGame-Palco_Zeu-Divulgaca.jpg",2048,1365,false],"landscape":["https:\/\/lackman.com.br\/wp-content\/uploads\/2023\/08\/RapGame-Palco_Zeu-Divulgaca.jpg",2048,1365,false],"portraits":["https:\/\/lackman.com.br\/wp-content\/uploads\/2023\/08\/RapGame-Palco_Zeu-Divulgaca.jpg",2048,1365,false],"thumbnail":["https:\/\/lackman.com.br\/wp-content\/uploads\/2023\/08\/RapGame-Palco_Zeu-Divulgaca-150x150.jpg",150,150,true],"medium":["https:\/\/lackman.com.br\/wp-content\/uploads\/2023\/08\/RapGame-Palco_Zeu-Divulgaca-300x200.jpg",300,200,true],"large":["https:\/\/lackman.com.br\/wp-content\/uploads\/2023\/08\/RapGame-Palco_Zeu-Divulgaca-1024x683.jpg",1024,683,true],"RoboGalleryMansoryImagesCenter":["https:\/\/lackman.com.br\/wp-content\/uploads\/2023\/08\/RapGame-Palco_Zeu-Divulgaca-600x1024.jpg",600,1024,true],"RoboGalleryPreload":["https:\/\/lackman.com.br\/wp-content\/uploads\/2023\/08\/RapGame-Palco_Zeu-Divulgaca.jpg",100,67,false],"1536x1536":["https:\/\/lackman.com.br\/wp-content\/uploads\/2023\/08\/RapGame-Palco_Zeu-Divulgaca-1536x1024.jpg",1536,1024,true],"2048x2048":["https:\/\/lackman.com.br\/wp-content\/uploads\/2023\/08\/RapGame-Palco_Zeu-Divulgaca.jpg",2048,1365,false]},"rttpg_author":{"display_name":"Gilberto Evangelista - Colunista","author_link":"https:\/\/lackman.com.br\/index.php\/author\/gilberto-brito\/"},"rttpg_comment":0,"rttpg_category":"<a href=\"https:\/\/lackman.com.br\/index.php\/category\/arte\/\" rel=\"category tag\">Arte<\/a> <a href=\"https:\/\/lackman.com.br\/index.php\/category\/arte\/cultura-arte\/\" rel=\"category tag\">Cultura<\/a>","rttpg_excerpt":"Entre as in\u00fameras festas, pe\u00e7as, exposi\u00e7\u00f5es, trazemos a sele\u00e7\u00e3o de shows que est\u00e3o rolando na cidade. Qual deles ser\u00e1 sua escolha? Eita que Bras\u00edlia est\u00e1 com tanta coisa acontecendo, que quando a gente v\u00ea j\u00e1 chegou o finde e onde \u00e9 que est\u00e3o as dicas para voc\u00ea sair PERAMBULANDO por a\u00ed??? Ah\u00e1\u00e1\u00e1! Est\u00e3o bem aqui&hellip;","_links":{"self":[{"href":"https:\/\/lackman.com.br\/index.php\/wp-json\/wp\/v2\/posts\/4946","targetHints":{"allow":["GET"]}}],"collection":[{"href":"https:\/\/lackman.com.br\/index.php\/wp-json\/wp\/v2\/posts"}],"about":[{"href":"https:\/\/lackman.com.br\/index.php\/wp-json\/wp\/v2\/types\/post"}],"author":[{"embeddable":true,"href":"https:\/\/lackman.com.br\/index.php\/wp-json\/wp\/v2\/users\/6"}],"replies":[{"embeddable":true,"href":"https:\/\/lackman.com.br\/index.php\/wp-json\/wp\/v2\/comments?post=4946"}],"version-history":[{"count":1,"href":"https:\/\/lackman.com.br\/index.php\/wp-json\/wp\/v2\/posts\/4946\/revisions"}],"predecessor-version":[{"id":4955,"href":"https:\/\/lackman.com.br\/index.php\/wp-json\/wp\/v2\/posts\/4946\/revisions\/4955"}],"wp:featuredmedia":[{"embeddable":true,"href":"https:\/\/lackman.com.br\/index.php\/wp-json\/wp\/v2\/media\/4951"}],"wp:attachment":[{"href":"https:\/\/lackman.com.br\/index.php\/wp-json\/wp\/v2\/media?parent=4946"}],"wp:term":[{"taxonomy":"category","embeddable":true,"href":"https:\/\/lackman.com.br\/index.php\/wp-json\/wp\/v2\/categories?post=4946"},{"taxonomy":"post_tag","embeddable":true,"href":"https:\/\/lackman.com.br\/index.php\/wp-json\/wp\/v2\/tags?post=4946"}],"curies":[{"name":"wp","href":"https:\/\/api.w.org\/{rel}","templated":true}]}}