{"id":4928,"date":"2023-08-08T09:20:09","date_gmt":"2023-08-08T12:20:09","guid":{"rendered":"https:\/\/lackman.com.br\/?p=4928"},"modified":"2023-08-08T09:20:09","modified_gmt":"2023-08-08T12:20:09","slug":"imperdivel-luca-lima-e-o-monologo-demos","status":"publish","type":"post","link":"https:\/\/lackman.com.br\/index.php\/2023\/08\/08\/imperdivel-luca-lima-e-o-monologo-demos\/","title":{"rendered":"Imperd\u00edvel: Luca Lima e o mon\u00f3logo Demos"},"content":{"rendered":"<h5 style=\"text-align: justify\">Com declara\u00e7\u00f5es p\u00fablicas de Denise Stoklos e Janette Dornellas, ator brasiliense entra em cartaz por curta temporada<\/h5>\n<p style=\"text-align: justify\">\n<p style=\"text-align: justify\">Para quem gosta de teatro, aqui est\u00e1 uma dica para ficar atento. Nessa sexta-feira e s\u00e1bado (11 e 12) estar\u00e1 em cartaz, na Casa da Cultura Bras\u00edlia (703 Norte), o mon\u00f3logo <em><strong>Demos<\/strong> <\/em>com <strong>Luca Lima<\/strong>, um jovem e promissor ator brasiliense que, segundo palavras da multiartista e diretora <strong>Denise Stoklos<\/strong>, \u201c<em>ele \u00e9 um talento enorme, um dos melhores performers que j\u00e1 vi na minha vida, desde j\u00e1<\/em>\u201d.<\/p>\n<p style=\"text-align: justify\">A m\u00edmica e core\u00f3grafa sabe do que est\u00e1 falando, pois conheceu Luca por volta de 2016, quando foi professora do rapaz, e vem acompanhando sua carreira a partir da\u00ed. E em <em>Demos<\/em>, o p\u00fablico ter\u00e1 a oportunidade de conferir um espet\u00e1culo que foi escrito, dirigido e encenado pelo pr\u00f3prio artista, e que marca o in\u00edcio de sua pesquisa em solo-performance, onde vem sendo apresentado em diferentes vers\u00f5es e formatos desde 2018.<\/p>\n<figure id=\"attachment_4929\" aria-describedby=\"caption-attachment-4929\" style=\"width: 1024px\" class=\"wp-caption alignnone\"><img fetchpriority=\"high\" decoding=\"async\" class=\"wp-image-4929 size-large\" src=\"http:\/\/lackman.com.br\/wp-content\/uploads\/2023\/08\/277032432_720111436035524_5495876424921555958_n-1024x762.jpg\" alt=\"\" width=\"1024\" height=\"762\" srcset=\"https:\/\/lackman.com.br\/wp-content\/uploads\/2023\/08\/277032432_720111436035524_5495876424921555958_n-1024x762.jpg 1024w, https:\/\/lackman.com.br\/wp-content\/uploads\/2023\/08\/277032432_720111436035524_5495876424921555958_n-300x223.jpg 300w, https:\/\/lackman.com.br\/wp-content\/uploads\/2023\/08\/277032432_720111436035524_5495876424921555958_n-768x572.jpg 768w, https:\/\/lackman.com.br\/wp-content\/uploads\/2023\/08\/277032432_720111436035524_5495876424921555958_n.jpg 1080w\" sizes=\"(max-width: 1024px) 100vw, 1024px\" \/><figcaption id=\"caption-attachment-4929\" class=\"wp-caption-text\">Luca Lima e Denise Stoklos \/ Foto: Instagram<\/figcaption><\/figure>\n<p style=\"text-align: justify\">A diretora da Casa da Cultura e proeminente figura das artes no cen\u00e1rio brasiliense <strong>Janette Dornellas<\/strong> endossa a opini\u00e3o de Stoklos. \u201c<em>Fiquei impressionada com o dom\u00ednio corporal, a for\u00e7a da express\u00e3o, a clareza do texto e a intelig\u00eancia criativa do Luca. N\u00e3o s\u00f3 no roteiro, mas na dramaturgia das cenas. Um grande artista, um grande ator, com tanto carisma e personalidade, que me fizeram receber esse espet\u00e1culo aqui na casa da Cultura. Tenho certeza que ser\u00e1 um sucesso<\/em>\u201d.<\/p>\n<p style=\"text-align: justify\">Com dura\u00e7\u00e3o de 40 minutos, <em>Demos<\/em> surpreende o p\u00fablico com <strong>reflex\u00f5es<\/strong> sobre o momento em que vivemos e as <strong>atitudes humanas<\/strong> sem clich\u00eas ou divaga\u00e7\u00f5es enfadonhas; mas de forma contundente, bem-humorada, criativa e leve. \u201c<em>Demos \u00e9 uma fala-fluxo, uma fala-rio, que inunda, encharca, se estreita e se expande e des\u00e1gua, por fim. Um corpo inaugura essa fala atormentado por uma sociedade \u00e0 beira do colapso. Esse discurso &#8211; por assim dizer &#8211; n\u00e3o pretende responder a nada mas, como os peixes, mergulhar fundo quando as correntezas se mostrarem perigosas<\/em>\u201d, explica o artista.<\/p>\n<p style=\"text-align: justify\">Um pouco mais de curiosidades sobre o rapaz, Luca Lima \u00e9 um solo performer que investiga as inquieta\u00e7\u00f5es po\u00e9ticas por meio da cena. \u00c9 um estudioso das pr\u00e1xis do \u201c<strong>Teatro Essencial<\/strong>\u201d desde adolescente e estudante de gradua\u00e7\u00e3o em Artes C\u00eanicas pela Universidade de Bras\u00edlia (UnB). E com a admira\u00e7\u00e3o p\u00fablica de gente que entende do assunto como Stoklos e Dornellas, Luca \u00e9 o tipo de talento que deve valer \u00e0 pena um pouco da sua aten\u00e7\u00e3o. <strong>Concorda?<\/strong><\/p>\n<p style=\"text-align: justify\"><strong>\u00a0<\/strong><\/p>\n<p style=\"text-align: justify\"><u>Servi\u00e7o<\/u>:<\/p>\n<p style=\"text-align: justify\"><strong>Demos com Luca Lima<\/strong><\/p>\n<p style=\"text-align: justify\">Onde: Casa da Cultura Bras\u00edlia, SHCGN 703, bloco H, casa 12, Asa Norte<\/p>\n<p style=\"text-align: justify\">Quando: 11 e 12 de agosto de 2023 \u00e0s 20 horas<\/p>\n<p style=\"text-align: justify\">Quanto: R$40,00 (inteira) e R$20,00 (meia entrada) &#8211; para quem contribuir com qualquer produto de limpeza para o espa\u00e7o<\/p>\n<p style=\"text-align: justify\">Compre: (61) 98107-0545 (WhatsApp e chave-pix)<\/p>\n<p style=\"text-align: justify\">Siga no Instagram: <a href=\"https:\/\/www.instagram.com\/_lucablima\/\"><strong>@_lucablima<\/strong><\/a><\/p>\n<p>&nbsp;<\/p>\n<pre>Foto: Nathan Balzani \/ Divulga\u00e7\u00e3o<\/pre>\n<p>&nbsp;<\/p>\n","protected":false},"excerpt":{"rendered":"<p>Com declara\u00e7\u00f5es p\u00fablicas de Denise Stoklos e Janette Dornellas, ator brasiliense entra em cartaz por curta temporada Para quem gosta de teatro, aqui est\u00e1 uma dica para ficar atento. Nessa sexta-feira e s\u00e1bado (11 e 12) estar\u00e1 em cartaz, na Casa da Cultura Bras\u00edlia (703 Norte), o mon\u00f3logo Demos com Luca Lima, um jovem e promissor ator brasiliense que, segundo palavras da multiartista e diretora Denise Stoklos, \u201cele \u00e9 um talento enorme, um dos melhores performers que j\u00e1 vi na minha vida, desde j\u00e1\u201d. A m\u00edmica e core\u00f3grafa sabe do que est\u00e1 falando, pois conheceu Luca por volta de 2016, quando foi professora do rapaz, e vem acompanhando sua carreira a partir da\u00ed. E em Demos, o p\u00fablico ter\u00e1 a oportunidade de conferir um espet\u00e1culo que foi escrito, dirigido e encenado pelo pr\u00f3prio artista, e que marca o in\u00edcio de sua pesquisa em solo-performance, onde vem sendo apresentado em diferentes vers\u00f5es e formatos desde 2018. A diretora da Casa da Cultura e proeminente figura das artes no cen\u00e1rio brasiliense Janette Dornellas endossa a opini\u00e3o de Stoklos. \u201cFiquei impressionada com o dom\u00ednio corporal, a for\u00e7a da express\u00e3o, a clareza do texto e a intelig\u00eancia criativa do Luca. N\u00e3o s\u00f3 no roteiro, mas na dramaturgia das cenas. Um grande artista, um grande ator, com tanto carisma e personalidade, que me fizeram receber esse espet\u00e1culo aqui na casa da Cultura. Tenho certeza que ser\u00e1 um sucesso\u201d. Com dura\u00e7\u00e3o de 40 minutos, Demos surpreende o p\u00fablico com reflex\u00f5es sobre o momento em que vivemos e as atitudes humanas sem clich\u00eas ou divaga\u00e7\u00f5es enfadonhas; mas de forma contundente, bem-humorada, criativa e leve. \u201cDemos \u00e9 uma fala-fluxo, uma fala-rio, que inunda, encharca, se estreita e se expande e des\u00e1gua, por fim. Um corpo inaugura essa fala atormentado por uma sociedade \u00e0 beira do colapso. Esse discurso &#8211; por assim dizer &#8211; n\u00e3o pretende responder a nada mas, como os peixes, mergulhar fundo quando as correntezas se mostrarem perigosas\u201d, explica o artista. Um pouco mais de curiosidades sobre o rapaz, Luca Lima \u00e9 um solo performer que investiga as inquieta\u00e7\u00f5es po\u00e9ticas por meio da cena. \u00c9 um estudioso das pr\u00e1xis do \u201cTeatro Essencial\u201d desde adolescente e estudante de gradua\u00e7\u00e3o em Artes C\u00eanicas pela Universidade de Bras\u00edlia (UnB). E com a admira\u00e7\u00e3o p\u00fablica de gente que entende do assunto como Stoklos e Dornellas, Luca \u00e9 o tipo de talento que deve valer \u00e0 pena um pouco da sua aten\u00e7\u00e3o. Concorda? \u00a0 Servi\u00e7o: Demos com Luca Lima Onde: Casa da Cultura Bras\u00edlia, SHCGN 703, bloco H, casa 12, Asa Norte Quando: 11 e 12 de agosto de 2023 \u00e0s 20 horas Quanto: R$40,00 (inteira) e R$20,00 (meia entrada) &#8211; para quem contribuir com qualquer produto de limpeza para o espa\u00e7o Compre: (61) 98107-0545 (WhatsApp e chave-pix) Siga no Instagram: @_lucablima &nbsp; Foto: Nathan Balzani \/ Divulga\u00e7\u00e3o &nbsp;<\/p>\n","protected":false},"author":6,"featured_media":4930,"comment_status":"closed","ping_status":"open","sticky":false,"template":"","format":"standard","meta":{"site-sidebar-layout":"default","site-content-layout":"default","ast-site-content-layout":"default","site-content-style":"default","site-sidebar-style":"default","ast-global-header-display":"","ast-banner-title-visibility":"","ast-main-header-display":"","ast-hfb-above-header-display":"","ast-hfb-below-header-display":"","ast-hfb-mobile-header-display":"","site-post-title":"","ast-breadcrumbs-content":"","ast-featured-img":"","footer-sml-layout":"","ast-disable-related-posts":"","theme-transparent-header-meta":"default","adv-header-id-meta":"","stick-header-meta":"","header-above-stick-meta":"","header-main-stick-meta":"","header-below-stick-meta":"","astra-migrate-meta-layouts":"default","ast-page-background-enabled":"default","ast-page-background-meta":{"desktop":{"background-color":"","background-image":"","background-repeat":"repeat","background-position":"center center","background-size":"auto","background-attachment":"scroll","background-type":"","background-media":"","overlay-type":"","overlay-color":"","overlay-opacity":"","overlay-gradient":""},"tablet":{"background-color":"","background-image":"","background-repeat":"repeat","background-position":"center center","background-size":"auto","background-attachment":"scroll","background-type":"","background-media":"","overlay-type":"","overlay-color":"","overlay-opacity":"","overlay-gradient":""},"mobile":{"background-color":"","background-image":"","background-repeat":"repeat","background-position":"center center","background-size":"auto","background-attachment":"scroll","background-type":"","background-media":"","overlay-type":"","overlay-color":"","overlay-opacity":"","overlay-gradient":""}},"ast-content-background-meta":{"desktop":{"background-color":"var(--ast-global-color-5)","background-image":"","background-repeat":"repeat","background-position":"center center","background-size":"auto","background-attachment":"scroll","background-type":"","background-media":"","overlay-type":"","overlay-color":"","overlay-opacity":"","overlay-gradient":""},"tablet":{"background-color":"var(--ast-global-color-5)","background-image":"","background-repeat":"repeat","background-position":"center center","background-size":"auto","background-attachment":"scroll","background-type":"","background-media":"","overlay-type":"","overlay-color":"","overlay-opacity":"","overlay-gradient":""},"mobile":{"background-color":"var(--ast-global-color-5)","background-image":"","background-repeat":"repeat","background-position":"center center","background-size":"auto","background-attachment":"scroll","background-type":"","background-media":"","overlay-type":"","overlay-color":"","overlay-opacity":"","overlay-gradient":""}},"footnotes":""},"categories":[47],"tags":[249,54,451,454,452,184,453,449,455,450,447,448,79],"class_list":["post-4928","post","type-post","status-publish","format-standard","has-post-thumbnail","hentry","category-cultura-arte","tag-ator","tag-brasilia","tag-casa-da-cultura-brasilia","tag-demos","tag-denise-stoklos","tag-espetaculo","tag-janette-dornellas","tag-luca-lima","tag-monologo","tag-peca","tag-performance","tag-performer","tag-teatro"],"yoast_head":"<!-- This site is optimized with the Yoast SEO plugin v27.0 - https:\/\/yoast.com\/product\/yoast-seo-wordpress\/ -->\n<title>Imperd\u00edvel: Luca Lima e o mon\u00f3logo Demos - LACKMAN &amp; CO.<\/title>\n<meta name=\"robots\" content=\"index, follow, max-snippet:-1, max-image-preview:large, max-video-preview:-1\" \/>\n<link rel=\"canonical\" href=\"https:\/\/lackman.com.br\/index.php\/2023\/08\/08\/imperdivel-luca-lima-e-o-monologo-demos\/\" \/>\n<meta property=\"og:locale\" content=\"pt_BR\" \/>\n<meta property=\"og:type\" content=\"article\" \/>\n<meta property=\"og:title\" content=\"Imperd\u00edvel: Luca Lima e o mon\u00f3logo Demos - LACKMAN &amp; CO.\" \/>\n<meta property=\"og:description\" content=\"Com declara\u00e7\u00f5es p\u00fablicas de Denise Stoklos e Janette Dornellas, ator brasiliense entra em cartaz por curta temporada Para quem gosta de teatro, aqui est\u00e1 uma dica para ficar atento. Nessa sexta-feira e s\u00e1bado (11 e 12) estar\u00e1 em cartaz, na Casa da Cultura Bras\u00edlia (703 Norte), o mon\u00f3logo Demos com Luca Lima, um jovem e promissor ator brasiliense que, segundo palavras da multiartista e diretora Denise Stoklos, \u201cele \u00e9 um talento enorme, um dos melhores performers que j\u00e1 vi na minha vida, desde j\u00e1\u201d. A m\u00edmica e core\u00f3grafa sabe do que est\u00e1 falando, pois conheceu Luca por volta de 2016, quando foi professora do rapaz, e vem acompanhando sua carreira a partir da\u00ed. E em Demos, o p\u00fablico ter\u00e1 a oportunidade de conferir um espet\u00e1culo que foi escrito, dirigido e encenado pelo pr\u00f3prio artista, e que marca o in\u00edcio de sua pesquisa em solo-performance, onde vem sendo apresentado em diferentes vers\u00f5es e formatos desde 2018. A diretora da Casa da Cultura e proeminente figura das artes no cen\u00e1rio brasiliense Janette Dornellas endossa a opini\u00e3o de Stoklos. \u201cFiquei impressionada com o dom\u00ednio corporal, a for\u00e7a da express\u00e3o, a clareza do texto e a intelig\u00eancia criativa do Luca. N\u00e3o s\u00f3 no roteiro, mas na dramaturgia das cenas. Um grande artista, um grande ator, com tanto carisma e personalidade, que me fizeram receber esse espet\u00e1culo aqui na casa da Cultura. Tenho certeza que ser\u00e1 um sucesso\u201d. Com dura\u00e7\u00e3o de 40 minutos, Demos surpreende o p\u00fablico com reflex\u00f5es sobre o momento em que vivemos e as atitudes humanas sem clich\u00eas ou divaga\u00e7\u00f5es enfadonhas; mas de forma contundente, bem-humorada, criativa e leve. \u201cDemos \u00e9 uma fala-fluxo, uma fala-rio, que inunda, encharca, se estreita e se expande e des\u00e1gua, por fim. Um corpo inaugura essa fala atormentado por uma sociedade \u00e0 beira do colapso. Esse discurso &#8211; por assim dizer &#8211; n\u00e3o pretende responder a nada mas, como os peixes, mergulhar fundo quando as correntezas se mostrarem perigosas\u201d, explica o artista. Um pouco mais de curiosidades sobre o rapaz, Luca Lima \u00e9 um solo performer que investiga as inquieta\u00e7\u00f5es po\u00e9ticas por meio da cena. \u00c9 um estudioso das pr\u00e1xis do \u201cTeatro Essencial\u201d desde adolescente e estudante de gradua\u00e7\u00e3o em Artes C\u00eanicas pela Universidade de Bras\u00edlia (UnB). E com a admira\u00e7\u00e3o p\u00fablica de gente que entende do assunto como Stoklos e Dornellas, Luca \u00e9 o tipo de talento que deve valer \u00e0 pena um pouco da sua aten\u00e7\u00e3o. Concorda? \u00a0 Servi\u00e7o: Demos com Luca Lima Onde: Casa da Cultura Bras\u00edlia, SHCGN 703, bloco H, casa 12, Asa Norte Quando: 11 e 12 de agosto de 2023 \u00e0s 20 horas Quanto: R$40,00 (inteira) e R$20,00 (meia entrada) &#8211; para quem contribuir com qualquer produto de limpeza para o espa\u00e7o Compre: (61) 98107-0545 (WhatsApp e chave-pix) Siga no Instagram: @_lucablima &nbsp; Foto: Nathan Balzani \/ Divulga\u00e7\u00e3o &nbsp;\" \/>\n<meta property=\"og:url\" content=\"https:\/\/lackman.com.br\/index.php\/2023\/08\/08\/imperdivel-luca-lima-e-o-monologo-demos\/\" \/>\n<meta property=\"og:site_name\" content=\"LACKMAN &amp; CO.\" \/>\n<meta property=\"article:published_time\" content=\"2023-08-08T12:20:09+00:00\" \/>\n<meta property=\"og:image\" content=\"http:\/\/lackman.com.br\/wp-content\/uploads\/2023\/08\/DEMOS.jpg\" \/>\n\t<meta property=\"og:image:width\" content=\"788\" \/>\n\t<meta property=\"og:image:height\" content=\"681\" \/>\n\t<meta property=\"og:image:type\" content=\"image\/jpeg\" \/>\n<meta name=\"author\" content=\"Gilberto Evangelista - Colunista\" \/>\n<meta name=\"twitter:card\" content=\"summary_large_image\" \/>\n<meta name=\"twitter:label1\" content=\"Escrito por\" \/>\n\t<meta name=\"twitter:data1\" content=\"Gilberto Evangelista - Colunista\" \/>\n\t<meta name=\"twitter:label2\" content=\"Est. tempo de leitura\" \/>\n\t<meta name=\"twitter:data2\" content=\"3 minutos\" \/>\n<script type=\"application\/ld+json\" class=\"yoast-schema-graph\">{\"@context\":\"https:\/\/schema.org\",\"@graph\":[{\"@type\":\"Article\",\"@id\":\"https:\/\/lackman.com.br\/index.php\/2023\/08\/08\/imperdivel-luca-lima-e-o-monologo-demos\/#article\",\"isPartOf\":{\"@id\":\"https:\/\/lackman.com.br\/index.php\/2023\/08\/08\/imperdivel-luca-lima-e-o-monologo-demos\/\"},\"author\":{\"name\":\"Gilberto Evangelista - Colunista\",\"@id\":\"https:\/\/lackman.com.br\/#\/schema\/person\/8a2355f699593d21d4f0d25b69db5747\"},\"headline\":\"Imperd\u00edvel: Luca Lima e o mon\u00f3logo Demos\",\"datePublished\":\"2023-08-08T12:20:09+00:00\",\"mainEntityOfPage\":{\"@id\":\"https:\/\/lackman.com.br\/index.php\/2023\/08\/08\/imperdivel-luca-lima-e-o-monologo-demos\/\"},\"wordCount\":504,\"publisher\":{\"@id\":\"https:\/\/lackman.com.br\/#organization\"},\"image\":{\"@id\":\"https:\/\/lackman.com.br\/index.php\/2023\/08\/08\/imperdivel-luca-lima-e-o-monologo-demos\/#primaryimage\"},\"thumbnailUrl\":\"https:\/\/lackman.com.br\/wp-content\/uploads\/2023\/08\/DEMOS.jpg\",\"keywords\":[\"ator\",\"brasilia\",\"Casa da Cultura Bras\u00edlia\",\"Demos\",\"Denise Stoklos\",\"Espet\u00e1culo\",\"Janette Dornellas\",\"Luca Lima\",\"mon\u00f3logo\",\"pe\u00e7a\",\"performance\",\"performer\",\"Teatro\"],\"articleSection\":[\"Cultura\"],\"inLanguage\":\"pt-BR\"},{\"@type\":\"WebPage\",\"@id\":\"https:\/\/lackman.com.br\/index.php\/2023\/08\/08\/imperdivel-luca-lima-e-o-monologo-demos\/\",\"url\":\"https:\/\/lackman.com.br\/index.php\/2023\/08\/08\/imperdivel-luca-lima-e-o-monologo-demos\/\",\"name\":\"Imperd\u00edvel: Luca Lima e o mon\u00f3logo Demos - LACKMAN &amp; CO.\",\"isPartOf\":{\"@id\":\"https:\/\/lackman.com.br\/#website\"},\"primaryImageOfPage\":{\"@id\":\"https:\/\/lackman.com.br\/index.php\/2023\/08\/08\/imperdivel-luca-lima-e-o-monologo-demos\/#primaryimage\"},\"image\":{\"@id\":\"https:\/\/lackman.com.br\/index.php\/2023\/08\/08\/imperdivel-luca-lima-e-o-monologo-demos\/#primaryimage\"},\"thumbnailUrl\":\"https:\/\/lackman.com.br\/wp-content\/uploads\/2023\/08\/DEMOS.jpg\",\"datePublished\":\"2023-08-08T12:20:09+00:00\",\"breadcrumb\":{\"@id\":\"https:\/\/lackman.com.br\/index.php\/2023\/08\/08\/imperdivel-luca-lima-e-o-monologo-demos\/#breadcrumb\"},\"inLanguage\":\"pt-BR\",\"potentialAction\":[{\"@type\":\"ReadAction\",\"target\":[\"https:\/\/lackman.com.br\/index.php\/2023\/08\/08\/imperdivel-luca-lima-e-o-monologo-demos\/\"]}]},{\"@type\":\"ImageObject\",\"inLanguage\":\"pt-BR\",\"@id\":\"https:\/\/lackman.com.br\/index.php\/2023\/08\/08\/imperdivel-luca-lima-e-o-monologo-demos\/#primaryimage\",\"url\":\"https:\/\/lackman.com.br\/wp-content\/uploads\/2023\/08\/DEMOS.jpg\",\"contentUrl\":\"https:\/\/lackman.com.br\/wp-content\/uploads\/2023\/08\/DEMOS.jpg\",\"width\":788,\"height\":681},{\"@type\":\"BreadcrumbList\",\"@id\":\"https:\/\/lackman.com.br\/index.php\/2023\/08\/08\/imperdivel-luca-lima-e-o-monologo-demos\/#breadcrumb\",\"itemListElement\":[{\"@type\":\"ListItem\",\"position\":1,\"name\":\"In\u00edcio\",\"item\":\"https:\/\/lackman.com.br\/\"},{\"@type\":\"ListItem\",\"position\":2,\"name\":\"Imperd\u00edvel: Luca Lima e o mon\u00f3logo Demos\"}]},{\"@type\":\"WebSite\",\"@id\":\"https:\/\/lackman.com.br\/#website\",\"url\":\"https:\/\/lackman.com.br\/\",\"name\":\"LACKMAN &amp; CO.\",\"description\":\"VIDA | MODA | ARTE\",\"publisher\":{\"@id\":\"https:\/\/lackman.com.br\/#organization\"},\"potentialAction\":[{\"@type\":\"SearchAction\",\"target\":{\"@type\":\"EntryPoint\",\"urlTemplate\":\"https:\/\/lackman.com.br\/?s={search_term_string}\"},\"query-input\":{\"@type\":\"PropertyValueSpecification\",\"valueRequired\":true,\"valueName\":\"search_term_string\"}}],\"inLanguage\":\"pt-BR\"},{\"@type\":\"Organization\",\"@id\":\"https:\/\/lackman.com.br\/#organization\",\"name\":\"LACKMAN &amp; CO.\",\"url\":\"https:\/\/lackman.com.br\/\",\"logo\":{\"@type\":\"ImageObject\",\"inLanguage\":\"pt-BR\",\"@id\":\"https:\/\/lackman.com.br\/#\/schema\/logo\/image\/\",\"url\":\"https:\/\/lackman.com.br\/wp-content\/uploads\/2023\/06\/Logotipo_preto-1.png\",\"contentUrl\":\"https:\/\/lackman.com.br\/wp-content\/uploads\/2023\/06\/Logotipo_preto-1.png\",\"width\":739,\"height\":393,\"caption\":\"LACKMAN &amp; CO.\"},\"image\":{\"@id\":\"https:\/\/lackman.com.br\/#\/schema\/logo\/image\/\"}},{\"@type\":\"Person\",\"@id\":\"https:\/\/lackman.com.br\/#\/schema\/person\/8a2355f699593d21d4f0d25b69db5747\",\"name\":\"Gilberto Evangelista - Colunista\",\"image\":{\"@type\":\"ImageObject\",\"inLanguage\":\"pt-BR\",\"@id\":\"https:\/\/lackman.com.br\/#\/schema\/person\/image\/\",\"url\":\"https:\/\/secure.gravatar.com\/avatar\/cea9badf02f8a90f7a745f2cbea45fda61f65711ec015e2faf3809cca6337c28?s=96&d=mm&r=g\",\"contentUrl\":\"https:\/\/secure.gravatar.com\/avatar\/cea9badf02f8a90f7a745f2cbea45fda61f65711ec015e2faf3809cca6337c28?s=96&d=mm&r=g\",\"caption\":\"Gilberto Evangelista - Colunista\"},\"description\":\"Jornalista e globetrotter.\",\"url\":\"https:\/\/lackman.com.br\/index.php\/author\/gilberto-brito\/\"}]}<\/script>\n<!-- \/ Yoast SEO plugin. -->","yoast_head_json":{"title":"Imperd\u00edvel: Luca Lima e o mon\u00f3logo Demos - LACKMAN &amp; CO.","robots":{"index":"index","follow":"follow","max-snippet":"max-snippet:-1","max-image-preview":"max-image-preview:large","max-video-preview":"max-video-preview:-1"},"canonical":"https:\/\/lackman.com.br\/index.php\/2023\/08\/08\/imperdivel-luca-lima-e-o-monologo-demos\/","og_locale":"pt_BR","og_type":"article","og_title":"Imperd\u00edvel: Luca Lima e o mon\u00f3logo Demos - LACKMAN &amp; CO.","og_description":"Com declara\u00e7\u00f5es p\u00fablicas de Denise Stoklos e Janette Dornellas, ator brasiliense entra em cartaz por curta temporada Para quem gosta de teatro, aqui est\u00e1 uma dica para ficar atento. Nessa sexta-feira e s\u00e1bado (11 e 12) estar\u00e1 em cartaz, na Casa da Cultura Bras\u00edlia (703 Norte), o mon\u00f3logo Demos com Luca Lima, um jovem e promissor ator brasiliense que, segundo palavras da multiartista e diretora Denise Stoklos, \u201cele \u00e9 um talento enorme, um dos melhores performers que j\u00e1 vi na minha vida, desde j\u00e1\u201d. A m\u00edmica e core\u00f3grafa sabe do que est\u00e1 falando, pois conheceu Luca por volta de 2016, quando foi professora do rapaz, e vem acompanhando sua carreira a partir da\u00ed. E em Demos, o p\u00fablico ter\u00e1 a oportunidade de conferir um espet\u00e1culo que foi escrito, dirigido e encenado pelo pr\u00f3prio artista, e que marca o in\u00edcio de sua pesquisa em solo-performance, onde vem sendo apresentado em diferentes vers\u00f5es e formatos desde 2018. A diretora da Casa da Cultura e proeminente figura das artes no cen\u00e1rio brasiliense Janette Dornellas endossa a opini\u00e3o de Stoklos. \u201cFiquei impressionada com o dom\u00ednio corporal, a for\u00e7a da express\u00e3o, a clareza do texto e a intelig\u00eancia criativa do Luca. N\u00e3o s\u00f3 no roteiro, mas na dramaturgia das cenas. Um grande artista, um grande ator, com tanto carisma e personalidade, que me fizeram receber esse espet\u00e1culo aqui na casa da Cultura. Tenho certeza que ser\u00e1 um sucesso\u201d. Com dura\u00e7\u00e3o de 40 minutos, Demos surpreende o p\u00fablico com reflex\u00f5es sobre o momento em que vivemos e as atitudes humanas sem clich\u00eas ou divaga\u00e7\u00f5es enfadonhas; mas de forma contundente, bem-humorada, criativa e leve. \u201cDemos \u00e9 uma fala-fluxo, uma fala-rio, que inunda, encharca, se estreita e se expande e des\u00e1gua, por fim. Um corpo inaugura essa fala atormentado por uma sociedade \u00e0 beira do colapso. Esse discurso &#8211; por assim dizer &#8211; n\u00e3o pretende responder a nada mas, como os peixes, mergulhar fundo quando as correntezas se mostrarem perigosas\u201d, explica o artista. Um pouco mais de curiosidades sobre o rapaz, Luca Lima \u00e9 um solo performer que investiga as inquieta\u00e7\u00f5es po\u00e9ticas por meio da cena. \u00c9 um estudioso das pr\u00e1xis do \u201cTeatro Essencial\u201d desde adolescente e estudante de gradua\u00e7\u00e3o em Artes C\u00eanicas pela Universidade de Bras\u00edlia (UnB). E com a admira\u00e7\u00e3o p\u00fablica de gente que entende do assunto como Stoklos e Dornellas, Luca \u00e9 o tipo de talento que deve valer \u00e0 pena um pouco da sua aten\u00e7\u00e3o. Concorda? \u00a0 Servi\u00e7o: Demos com Luca Lima Onde: Casa da Cultura Bras\u00edlia, SHCGN 703, bloco H, casa 12, Asa Norte Quando: 11 e 12 de agosto de 2023 \u00e0s 20 horas Quanto: R$40,00 (inteira) e R$20,00 (meia entrada) &#8211; para quem contribuir com qualquer produto de limpeza para o espa\u00e7o Compre: (61) 98107-0545 (WhatsApp e chave-pix) Siga no Instagram: @_lucablima &nbsp; Foto: Nathan Balzani \/ Divulga\u00e7\u00e3o &nbsp;","og_url":"https:\/\/lackman.com.br\/index.php\/2023\/08\/08\/imperdivel-luca-lima-e-o-monologo-demos\/","og_site_name":"LACKMAN &amp; CO.","article_published_time":"2023-08-08T12:20:09+00:00","og_image":[{"width":788,"height":681,"url":"http:\/\/lackman.com.br\/wp-content\/uploads\/2023\/08\/DEMOS.jpg","type":"image\/jpeg"}],"author":"Gilberto Evangelista - Colunista","twitter_card":"summary_large_image","twitter_misc":{"Escrito por":"Gilberto Evangelista - Colunista","Est. tempo de leitura":"3 minutos"},"schema":{"@context":"https:\/\/schema.org","@graph":[{"@type":"Article","@id":"https:\/\/lackman.com.br\/index.php\/2023\/08\/08\/imperdivel-luca-lima-e-o-monologo-demos\/#article","isPartOf":{"@id":"https:\/\/lackman.com.br\/index.php\/2023\/08\/08\/imperdivel-luca-lima-e-o-monologo-demos\/"},"author":{"name":"Gilberto Evangelista - Colunista","@id":"https:\/\/lackman.com.br\/#\/schema\/person\/8a2355f699593d21d4f0d25b69db5747"},"headline":"Imperd\u00edvel: Luca Lima e o mon\u00f3logo Demos","datePublished":"2023-08-08T12:20:09+00:00","mainEntityOfPage":{"@id":"https:\/\/lackman.com.br\/index.php\/2023\/08\/08\/imperdivel-luca-lima-e-o-monologo-demos\/"},"wordCount":504,"publisher":{"@id":"https:\/\/lackman.com.br\/#organization"},"image":{"@id":"https:\/\/lackman.com.br\/index.php\/2023\/08\/08\/imperdivel-luca-lima-e-o-monologo-demos\/#primaryimage"},"thumbnailUrl":"https:\/\/lackman.com.br\/wp-content\/uploads\/2023\/08\/DEMOS.jpg","keywords":["ator","brasilia","Casa da Cultura Bras\u00edlia","Demos","Denise Stoklos","Espet\u00e1culo","Janette Dornellas","Luca Lima","mon\u00f3logo","pe\u00e7a","performance","performer","Teatro"],"articleSection":["Cultura"],"inLanguage":"pt-BR"},{"@type":"WebPage","@id":"https:\/\/lackman.com.br\/index.php\/2023\/08\/08\/imperdivel-luca-lima-e-o-monologo-demos\/","url":"https:\/\/lackman.com.br\/index.php\/2023\/08\/08\/imperdivel-luca-lima-e-o-monologo-demos\/","name":"Imperd\u00edvel: Luca Lima e o mon\u00f3logo Demos - LACKMAN &amp; CO.","isPartOf":{"@id":"https:\/\/lackman.com.br\/#website"},"primaryImageOfPage":{"@id":"https:\/\/lackman.com.br\/index.php\/2023\/08\/08\/imperdivel-luca-lima-e-o-monologo-demos\/#primaryimage"},"image":{"@id":"https:\/\/lackman.com.br\/index.php\/2023\/08\/08\/imperdivel-luca-lima-e-o-monologo-demos\/#primaryimage"},"thumbnailUrl":"https:\/\/lackman.com.br\/wp-content\/uploads\/2023\/08\/DEMOS.jpg","datePublished":"2023-08-08T12:20:09+00:00","breadcrumb":{"@id":"https:\/\/lackman.com.br\/index.php\/2023\/08\/08\/imperdivel-luca-lima-e-o-monologo-demos\/#breadcrumb"},"inLanguage":"pt-BR","potentialAction":[{"@type":"ReadAction","target":["https:\/\/lackman.com.br\/index.php\/2023\/08\/08\/imperdivel-luca-lima-e-o-monologo-demos\/"]}]},{"@type":"ImageObject","inLanguage":"pt-BR","@id":"https:\/\/lackman.com.br\/index.php\/2023\/08\/08\/imperdivel-luca-lima-e-o-monologo-demos\/#primaryimage","url":"https:\/\/lackman.com.br\/wp-content\/uploads\/2023\/08\/DEMOS.jpg","contentUrl":"https:\/\/lackman.com.br\/wp-content\/uploads\/2023\/08\/DEMOS.jpg","width":788,"height":681},{"@type":"BreadcrumbList","@id":"https:\/\/lackman.com.br\/index.php\/2023\/08\/08\/imperdivel-luca-lima-e-o-monologo-demos\/#breadcrumb","itemListElement":[{"@type":"ListItem","position":1,"name":"In\u00edcio","item":"https:\/\/lackman.com.br\/"},{"@type":"ListItem","position":2,"name":"Imperd\u00edvel: Luca Lima e o mon\u00f3logo Demos"}]},{"@type":"WebSite","@id":"https:\/\/lackman.com.br\/#website","url":"https:\/\/lackman.com.br\/","name":"LACKMAN &amp; CO.","description":"VIDA | MODA | ARTE","publisher":{"@id":"https:\/\/lackman.com.br\/#organization"},"potentialAction":[{"@type":"SearchAction","target":{"@type":"EntryPoint","urlTemplate":"https:\/\/lackman.com.br\/?s={search_term_string}"},"query-input":{"@type":"PropertyValueSpecification","valueRequired":true,"valueName":"search_term_string"}}],"inLanguage":"pt-BR"},{"@type":"Organization","@id":"https:\/\/lackman.com.br\/#organization","name":"LACKMAN &amp; CO.","url":"https:\/\/lackman.com.br\/","logo":{"@type":"ImageObject","inLanguage":"pt-BR","@id":"https:\/\/lackman.com.br\/#\/schema\/logo\/image\/","url":"https:\/\/lackman.com.br\/wp-content\/uploads\/2023\/06\/Logotipo_preto-1.png","contentUrl":"https:\/\/lackman.com.br\/wp-content\/uploads\/2023\/06\/Logotipo_preto-1.png","width":739,"height":393,"caption":"LACKMAN &amp; CO."},"image":{"@id":"https:\/\/lackman.com.br\/#\/schema\/logo\/image\/"}},{"@type":"Person","@id":"https:\/\/lackman.com.br\/#\/schema\/person\/8a2355f699593d21d4f0d25b69db5747","name":"Gilberto Evangelista - Colunista","image":{"@type":"ImageObject","inLanguage":"pt-BR","@id":"https:\/\/lackman.com.br\/#\/schema\/person\/image\/","url":"https:\/\/secure.gravatar.com\/avatar\/cea9badf02f8a90f7a745f2cbea45fda61f65711ec015e2faf3809cca6337c28?s=96&d=mm&r=g","contentUrl":"https:\/\/secure.gravatar.com\/avatar\/cea9badf02f8a90f7a745f2cbea45fda61f65711ec015e2faf3809cca6337c28?s=96&d=mm&r=g","caption":"Gilberto Evangelista - Colunista"},"description":"Jornalista e globetrotter.","url":"https:\/\/lackman.com.br\/index.php\/author\/gilberto-brito\/"}]}},"rttpg_featured_image_url":{"full":["https:\/\/lackman.com.br\/wp-content\/uploads\/2023\/08\/DEMOS.jpg",788,681,false],"landscape":["https:\/\/lackman.com.br\/wp-content\/uploads\/2023\/08\/DEMOS.jpg",788,681,false],"portraits":["https:\/\/lackman.com.br\/wp-content\/uploads\/2023\/08\/DEMOS.jpg",788,681,false],"thumbnail":["https:\/\/lackman.com.br\/wp-content\/uploads\/2023\/08\/DEMOS-150x150.jpg",150,150,true],"medium":["https:\/\/lackman.com.br\/wp-content\/uploads\/2023\/08\/DEMOS-300x259.jpg",300,259,true],"large":["https:\/\/lackman.com.br\/wp-content\/uploads\/2023\/08\/DEMOS.jpg",788,681,false],"RoboGalleryMansoryImagesCenter":["https:\/\/lackman.com.br\/wp-content\/uploads\/2023\/08\/DEMOS-600x681.jpg",600,681,true],"RoboGalleryPreload":["https:\/\/lackman.com.br\/wp-content\/uploads\/2023\/08\/DEMOS.jpg",100,86,false],"1536x1536":["https:\/\/lackman.com.br\/wp-content\/uploads\/2023\/08\/DEMOS.jpg",788,681,false],"2048x2048":["https:\/\/lackman.com.br\/wp-content\/uploads\/2023\/08\/DEMOS.jpg",788,681,false]},"rttpg_author":{"display_name":"Gilberto Evangelista - Colunista","author_link":"https:\/\/lackman.com.br\/index.php\/author\/gilberto-brito\/"},"rttpg_comment":0,"rttpg_category":"<a href=\"https:\/\/lackman.com.br\/index.php\/category\/arte\/cultura-arte\/\" rel=\"category tag\">Cultura<\/a>","rttpg_excerpt":"Com declara\u00e7\u00f5es p\u00fablicas de Denise Stoklos e Janette Dornellas, ator brasiliense entra em cartaz por curta temporada Para quem gosta de teatro, aqui est\u00e1 uma dica para ficar atento. Nessa sexta-feira e s\u00e1bado (11 e 12) estar\u00e1 em cartaz, na Casa da Cultura Bras\u00edlia (703 Norte), o mon\u00f3logo Demos com Luca Lima, um jovem e&hellip;","_links":{"self":[{"href":"https:\/\/lackman.com.br\/index.php\/wp-json\/wp\/v2\/posts\/4928","targetHints":{"allow":["GET"]}}],"collection":[{"href":"https:\/\/lackman.com.br\/index.php\/wp-json\/wp\/v2\/posts"}],"about":[{"href":"https:\/\/lackman.com.br\/index.php\/wp-json\/wp\/v2\/types\/post"}],"author":[{"embeddable":true,"href":"https:\/\/lackman.com.br\/index.php\/wp-json\/wp\/v2\/users\/6"}],"replies":[{"embeddable":true,"href":"https:\/\/lackman.com.br\/index.php\/wp-json\/wp\/v2\/comments?post=4928"}],"version-history":[{"count":1,"href":"https:\/\/lackman.com.br\/index.php\/wp-json\/wp\/v2\/posts\/4928\/revisions"}],"predecessor-version":[{"id":4931,"href":"https:\/\/lackman.com.br\/index.php\/wp-json\/wp\/v2\/posts\/4928\/revisions\/4931"}],"wp:featuredmedia":[{"embeddable":true,"href":"https:\/\/lackman.com.br\/index.php\/wp-json\/wp\/v2\/media\/4930"}],"wp:attachment":[{"href":"https:\/\/lackman.com.br\/index.php\/wp-json\/wp\/v2\/media?parent=4928"}],"wp:term":[{"taxonomy":"category","embeddable":true,"href":"https:\/\/lackman.com.br\/index.php\/wp-json\/wp\/v2\/categories?post=4928"},{"taxonomy":"post_tag","embeddable":true,"href":"https:\/\/lackman.com.br\/index.php\/wp-json\/wp\/v2\/tags?post=4928"}],"curies":[{"name":"wp","href":"https:\/\/api.w.org\/{rel}","templated":true}]}}