{"id":4817,"date":"2023-08-01T19:43:39","date_gmt":"2023-08-01T22:43:39","guid":{"rendered":"https:\/\/lackman.com.br\/?p=4817"},"modified":"2023-08-01T21:21:55","modified_gmt":"2023-08-02T00:21:55","slug":"conexao-gyn-vem-ai-mais-uma-edicao-do-amare-fashion","status":"publish","type":"post","link":"https:\/\/lackman.com.br\/index.php\/2023\/08\/01\/conexao-gyn-vem-ai-mais-uma-edicao-do-amare-fashion\/","title":{"rendered":"Conex\u00e3o GYN: vem a\u00ed mais uma edi\u00e7\u00e3o do Amar\u00ea Fashion"},"content":{"rendered":"<h5 style=\"text-align: justify;\"><em>Semana de moda promete agitar a capital vizinha com desfiles de cole\u00e7\u00f5es c\u00e1psulas de grifes do grupo Mega Moda<\/em><\/h5>\n<p style=\"text-align: justify;\">A segunda edi\u00e7\u00e3o do <strong>Amar\u00e9 Fashion \u2013 Semana de Moda Goiana<\/strong> est\u00e1 prevista para acontecer no Centro Cultural Oscar Niemeyer, entre os dias <strong>20 de agosto e 3 de setembro<\/strong>. O evento chega com for\u00e7a total, trazendo a participa\u00e7\u00e3o de vinte marcas que foram selecionadas pelo grupo<strong>\u00a0Mega Moda<\/strong>\u00a0(composto pelos shoppings de moda atacadistas Mega Moda Shopping, Mega Moda Park e Mini Moda). Cada uma das marcas participantes apresentar\u00e1 suas cole\u00e7\u00f5es c\u00e1psulas por meio de quatro looks distintos na passarela do Amar\u00e9 que, assim como sua primeira edi\u00e7\u00e3o, promete dar o que falar.<\/p>\n<p style=\"text-align: justify;\">No quesito vestu\u00e1rio as <strong>marcas que j\u00e1 confirmaram<\/strong> s\u00e3o Adoro Plus, Ayla Thaynara, Bella Cora, Bem Bella, Burg\u00eas, By Marina Freire, Conceito Moda, Diva Fashion, Face Jeans, Flor\u00ea, Ges\u00fa, Larissa Rafaela Moda Praia, Maria Eduardina, Maroto Premium, Meia Tr\u00eas, Nobreza Fashion, Tassara, Venuce, Vit\u00f3ria Calv\u00e1rio e Village Closet. Sobre cal\u00e7ados e acess\u00f3rios masculinos ser\u00e3o representados pela Kallyman Conceito Premium. J\u00e1 entre os femininos, a tarefa fica a cardo da Fawel Cal\u00e7ados e Bella Ragazza Acess\u00f3rios.<\/p>\n<p style=\"text-align: justify;\"><img fetchpriority=\"high\" decoding=\"async\" class=\"alignnone size-large wp-image-4819\" src=\"http:\/\/lackman.com.br\/wp-content\/uploads\/2023\/08\/unnamed-683x1024.jpg\" alt=\"\" width=\"683\" height=\"1024\" srcset=\"https:\/\/lackman.com.br\/wp-content\/uploads\/2023\/08\/unnamed-683x1024.jpg 683w, https:\/\/lackman.com.br\/wp-content\/uploads\/2023\/08\/unnamed-200x300.jpg 200w, https:\/\/lackman.com.br\/wp-content\/uploads\/2023\/08\/unnamed-768x1152.jpg 768w, https:\/\/lackman.com.br\/wp-content\/uploads\/2023\/08\/unnamed.jpg 800w\" sizes=\"(max-width: 683px) 100vw, 683px\" \/><\/p>\n<p style=\"text-align: justify;\">Vale lembrar que a Semana da Moda Goiana \u00e9 um evento realizado pelo Servi\u00e7o de Apoio \u00e0s Micro e Pequenas Empresas (<strong>SEBRAE\/GO<\/strong>) junto com os parceiros do Servi\u00e7o Nacional de Aprendizagem Comercial (<strong>SENAC<\/strong>) e <strong>Governo de Goi\u00e1s<\/strong>. E os desfiles do Mega Moda na Amar\u00ea Fashion acontecer\u00e3o: no dia 30 de agosto \u00e0s 21h30; no dia 31 de agosto \u00e0s 20 horas; no dia 01 de setembro \u00e0s 20 horas; e no dia 02 de setembro \u00e0s 18 horas.<\/p>\n<p style=\"text-align: justify;\">Acompanhe de perto pelo <a href=\"https:\/\/www.instagram.com\/amarefashiongo\/\"><strong>@amarefashiongo<\/strong><\/a><\/p>\n<hr \/>\n<pre style=\"text-align: justify;\"><span style=\"font-size: 16px; -webkit-text-size-adjust: 100%;\">Fotos: Divulga\u00e7\u00e3o<\/span><\/pre>\n","protected":false},"excerpt":{"rendered":"<p>Semana de moda promete agitar a capital vizinha com desfiles de cole\u00e7\u00f5es c\u00e1psulas de grifes do grupo Mega Moda A segunda edi\u00e7\u00e3o do Amar\u00e9 Fashion \u2013 Semana de Moda Goiana est\u00e1 prevista para acontecer no Centro Cultural Oscar Niemeyer, entre os dias 20 de agosto e 3 de setembro. O evento chega com for\u00e7a total, trazendo a participa\u00e7\u00e3o de vinte marcas que foram selecionadas pelo grupo\u00a0Mega Moda\u00a0(composto pelos shoppings de moda atacadistas Mega Moda Shopping, Mega Moda Park e Mini Moda). Cada uma das marcas participantes apresentar\u00e1 suas cole\u00e7\u00f5es c\u00e1psulas por meio de quatro looks distintos na passarela do Amar\u00e9 que, assim como sua primeira edi\u00e7\u00e3o, promete dar o que falar. No quesito vestu\u00e1rio as marcas que j\u00e1 confirmaram s\u00e3o Adoro Plus, Ayla Thaynara, Bella Cora, Bem Bella, Burg\u00eas, By Marina Freire, Conceito Moda, Diva Fashion, Face Jeans, Flor\u00ea, Ges\u00fa, Larissa Rafaela Moda Praia, Maria Eduardina, Maroto Premium, Meia Tr\u00eas, Nobreza Fashion, Tassara, Venuce, Vit\u00f3ria Calv\u00e1rio e Village Closet. Sobre cal\u00e7ados e acess\u00f3rios masculinos ser\u00e3o representados pela Kallyman Conceito Premium. J\u00e1 entre os femininos, a tarefa fica a cardo da Fawel Cal\u00e7ados e Bella Ragazza Acess\u00f3rios. Vale lembrar que a Semana da Moda Goiana \u00e9 um evento realizado pelo Servi\u00e7o de Apoio \u00e0s Micro e Pequenas Empresas (SEBRAE\/GO) junto com os parceiros do Servi\u00e7o Nacional de Aprendizagem Comercial (SENAC) e Governo de Goi\u00e1s. E os desfiles do Mega Moda na Amar\u00ea Fashion acontecer\u00e3o: no dia 30 de agosto \u00e0s 21h30; no dia 31 de agosto \u00e0s 20 horas; no dia 01 de setembro \u00e0s 20 horas; e no dia 02 de setembro \u00e0s 18 horas. Acompanhe de perto pelo @amarefashiongo Fotos: Divulga\u00e7\u00e3o<\/p>\n","protected":false},"author":2,"featured_media":4818,"comment_status":"closed","ping_status":"open","sticky":false,"template":"","format":"standard","meta":{"site-sidebar-layout":"default","site-content-layout":"default","ast-site-content-layout":"default","site-content-style":"default","site-sidebar-style":"default","ast-global-header-display":"","ast-banner-title-visibility":"","ast-main-header-display":"","ast-hfb-above-header-display":"","ast-hfb-below-header-display":"","ast-hfb-mobile-header-display":"","site-post-title":"","ast-breadcrumbs-content":"","ast-featured-img":"","footer-sml-layout":"","ast-disable-related-posts":"","theme-transparent-header-meta":"default","adv-header-id-meta":"","stick-header-meta":"","header-above-stick-meta":"","header-main-stick-meta":"","header-below-stick-meta":"","astra-migrate-meta-layouts":"default","ast-page-background-enabled":"default","ast-page-background-meta":{"desktop":{"background-color":"","background-image":"","background-repeat":"repeat","background-position":"center center","background-size":"auto","background-attachment":"scroll","background-type":"","background-media":"","overlay-type":"","overlay-color":"","overlay-opacity":"","overlay-gradient":""},"tablet":{"background-color":"","background-image":"","background-repeat":"repeat","background-position":"center center","background-size":"auto","background-attachment":"scroll","background-type":"","background-media":"","overlay-type":"","overlay-color":"","overlay-opacity":"","overlay-gradient":""},"mobile":{"background-color":"","background-image":"","background-repeat":"repeat","background-position":"center center","background-size":"auto","background-attachment":"scroll","background-type":"","background-media":"","overlay-type":"","overlay-color":"","overlay-opacity":"","overlay-gradient":""}},"ast-content-background-meta":{"desktop":{"background-color":"var(--ast-global-color-5)","background-image":"","background-repeat":"repeat","background-position":"center center","background-size":"auto","background-attachment":"scroll","background-type":"","background-media":"","overlay-type":"","overlay-color":"","overlay-opacity":"","overlay-gradient":""},"tablet":{"background-color":"var(--ast-global-color-5)","background-image":"","background-repeat":"repeat","background-position":"center center","background-size":"auto","background-attachment":"scroll","background-type":"","background-media":"","overlay-type":"","overlay-color":"","overlay-opacity":"","overlay-gradient":""},"mobile":{"background-color":"var(--ast-global-color-5)","background-image":"","background-repeat":"repeat","background-position":"center center","background-size":"auto","background-attachment":"scroll","background-type":"","background-media":"","overlay-type":"","overlay-color":"","overlay-opacity":"","overlay-gradient":""}},"footnotes":""},"categories":[35],"tags":[383,63,195,130,279,389,387,386,385,388,59,384],"class_list":["post-4817","post","type-post","status-publish","format-standard","has-post-thumbnail","hentry","category-moda","tag-amare-fashion","tag-desfiles","tag-fashion","tag-goiania","tag-goias","tag-gyn","tag-mega-moda-park","tag-mega-moda-shopping","tag-mega-polo","tag-mini-moda","tag-moda","tag-semana-de-moda-goiana"],"yoast_head":"<!-- This site is optimized with the Yoast SEO plugin v27.0 - https:\/\/yoast.com\/product\/yoast-seo-wordpress\/ -->\n<title>Conex\u00e3o GYN: vem a\u00ed mais uma edi\u00e7\u00e3o do Amar\u00ea Fashion - LACKMAN &amp; CO.<\/title>\n<meta name=\"robots\" content=\"index, follow, max-snippet:-1, max-image-preview:large, max-video-preview:-1\" \/>\n<link rel=\"canonical\" href=\"https:\/\/lackman.com.br\/index.php\/2023\/08\/01\/conexao-gyn-vem-ai-mais-uma-edicao-do-amare-fashion\/\" \/>\n<meta property=\"og:locale\" content=\"pt_BR\" \/>\n<meta property=\"og:type\" content=\"article\" \/>\n<meta property=\"og:title\" content=\"Conex\u00e3o GYN: vem a\u00ed mais uma edi\u00e7\u00e3o do Amar\u00ea Fashion - LACKMAN &amp; CO.\" \/>\n<meta property=\"og:description\" content=\"Semana de moda promete agitar a capital vizinha com desfiles de cole\u00e7\u00f5es c\u00e1psulas de grifes do grupo Mega Moda A segunda edi\u00e7\u00e3o do Amar\u00e9 Fashion \u2013 Semana de Moda Goiana est\u00e1 prevista para acontecer no Centro Cultural Oscar Niemeyer, entre os dias 20 de agosto e 3 de setembro. O evento chega com for\u00e7a total, trazendo a participa\u00e7\u00e3o de vinte marcas que foram selecionadas pelo grupo\u00a0Mega Moda\u00a0(composto pelos shoppings de moda atacadistas Mega Moda Shopping, Mega Moda Park e Mini Moda). Cada uma das marcas participantes apresentar\u00e1 suas cole\u00e7\u00f5es c\u00e1psulas por meio de quatro looks distintos na passarela do Amar\u00e9 que, assim como sua primeira edi\u00e7\u00e3o, promete dar o que falar. No quesito vestu\u00e1rio as marcas que j\u00e1 confirmaram s\u00e3o Adoro Plus, Ayla Thaynara, Bella Cora, Bem Bella, Burg\u00eas, By Marina Freire, Conceito Moda, Diva Fashion, Face Jeans, Flor\u00ea, Ges\u00fa, Larissa Rafaela Moda Praia, Maria Eduardina, Maroto Premium, Meia Tr\u00eas, Nobreza Fashion, Tassara, Venuce, Vit\u00f3ria Calv\u00e1rio e Village Closet. Sobre cal\u00e7ados e acess\u00f3rios masculinos ser\u00e3o representados pela Kallyman Conceito Premium. J\u00e1 entre os femininos, a tarefa fica a cardo da Fawel Cal\u00e7ados e Bella Ragazza Acess\u00f3rios. Vale lembrar que a Semana da Moda Goiana \u00e9 um evento realizado pelo Servi\u00e7o de Apoio \u00e0s Micro e Pequenas Empresas (SEBRAE\/GO) junto com os parceiros do Servi\u00e7o Nacional de Aprendizagem Comercial (SENAC) e Governo de Goi\u00e1s. E os desfiles do Mega Moda na Amar\u00ea Fashion acontecer\u00e3o: no dia 30 de agosto \u00e0s 21h30; no dia 31 de agosto \u00e0s 20 horas; no dia 01 de setembro \u00e0s 20 horas; e no dia 02 de setembro \u00e0s 18 horas. Acompanhe de perto pelo @amarefashiongo Fotos: Divulga\u00e7\u00e3o\" \/>\n<meta property=\"og:url\" content=\"https:\/\/lackman.com.br\/index.php\/2023\/08\/01\/conexao-gyn-vem-ai-mais-uma-edicao-do-amare-fashion\/\" \/>\n<meta property=\"og:site_name\" content=\"LACKMAN &amp; CO.\" \/>\n<meta property=\"article:author\" content=\"https:\/\/www.facebook.com\/fernandolackman\" \/>\n<meta property=\"article:published_time\" content=\"2023-08-01T22:43:39+00:00\" \/>\n<meta property=\"article:modified_time\" content=\"2023-08-02T00:21:55+00:00\" \/>\n<meta property=\"og:image\" content=\"http:\/\/lackman.com.br\/wp-content\/uploads\/2023\/08\/324747924_686806709769992_4992029877359076151_n.jpg\" \/>\n\t<meta property=\"og:image:width\" content=\"937\" \/>\n\t<meta property=\"og:image:height\" content=\"1171\" \/>\n\t<meta property=\"og:image:type\" content=\"image\/jpeg\" \/>\n<meta name=\"author\" content=\"Fernando Lackman\" \/>\n<meta name=\"twitter:card\" content=\"summary_large_image\" \/>\n<meta name=\"twitter:creator\" content=\"@fernandolackman\" \/>\n<meta name=\"twitter:label1\" content=\"Escrito por\" \/>\n\t<meta name=\"twitter:data1\" content=\"Fernando Lackman\" \/>\n\t<meta name=\"twitter:label2\" content=\"Est. tempo de leitura\" \/>\n\t<meta name=\"twitter:data2\" content=\"2 minutos\" \/>\n<script type=\"application\/ld+json\" class=\"yoast-schema-graph\">{\"@context\":\"https:\/\/schema.org\",\"@graph\":[{\"@type\":\"Article\",\"@id\":\"https:\/\/lackman.com.br\/index.php\/2023\/08\/01\/conexao-gyn-vem-ai-mais-uma-edicao-do-amare-fashion\/#article\",\"isPartOf\":{\"@id\":\"https:\/\/lackman.com.br\/index.php\/2023\/08\/01\/conexao-gyn-vem-ai-mais-uma-edicao-do-amare-fashion\/\"},\"author\":{\"name\":\"Fernando Lackman\",\"@id\":\"https:\/\/lackman.com.br\/#\/schema\/person\/dbfb3fbfc55f2b0bd4f9039696e70858\"},\"headline\":\"Conex\u00e3o GYN: vem a\u00ed mais uma edi\u00e7\u00e3o do Amar\u00ea Fashion\",\"datePublished\":\"2023-08-01T22:43:39+00:00\",\"dateModified\":\"2023-08-02T00:21:55+00:00\",\"mainEntityOfPage\":{\"@id\":\"https:\/\/lackman.com.br\/index.php\/2023\/08\/01\/conexao-gyn-vem-ai-mais-uma-edicao-do-amare-fashion\/\"},\"wordCount\":297,\"publisher\":{\"@id\":\"https:\/\/lackman.com.br\/#organization\"},\"image\":{\"@id\":\"https:\/\/lackman.com.br\/index.php\/2023\/08\/01\/conexao-gyn-vem-ai-mais-uma-edicao-do-amare-fashion\/#primaryimage\"},\"thumbnailUrl\":\"https:\/\/lackman.com.br\/wp-content\/uploads\/2023\/08\/324747924_686806709769992_4992029877359076151_n.jpg\",\"keywords\":[\"Amar\u00e9 Fashion\",\"desfiles\",\"fashion\",\"Goi\u00e2nia\",\"goias\",\"GYN\",\"Mega Moda Park\",\"Mega Moda Shopping\",\"mega polo\",\"Mini Moda\",\"Moda\",\"Semana de Moda Goiana\"],\"articleSection\":[\"Moda\"],\"inLanguage\":\"pt-BR\"},{\"@type\":\"WebPage\",\"@id\":\"https:\/\/lackman.com.br\/index.php\/2023\/08\/01\/conexao-gyn-vem-ai-mais-uma-edicao-do-amare-fashion\/\",\"url\":\"https:\/\/lackman.com.br\/index.php\/2023\/08\/01\/conexao-gyn-vem-ai-mais-uma-edicao-do-amare-fashion\/\",\"name\":\"Conex\u00e3o GYN: vem a\u00ed mais uma edi\u00e7\u00e3o do Amar\u00ea Fashion - LACKMAN &amp; CO.\",\"isPartOf\":{\"@id\":\"https:\/\/lackman.com.br\/#website\"},\"primaryImageOfPage\":{\"@id\":\"https:\/\/lackman.com.br\/index.php\/2023\/08\/01\/conexao-gyn-vem-ai-mais-uma-edicao-do-amare-fashion\/#primaryimage\"},\"image\":{\"@id\":\"https:\/\/lackman.com.br\/index.php\/2023\/08\/01\/conexao-gyn-vem-ai-mais-uma-edicao-do-amare-fashion\/#primaryimage\"},\"thumbnailUrl\":\"https:\/\/lackman.com.br\/wp-content\/uploads\/2023\/08\/324747924_686806709769992_4992029877359076151_n.jpg\",\"datePublished\":\"2023-08-01T22:43:39+00:00\",\"dateModified\":\"2023-08-02T00:21:55+00:00\",\"breadcrumb\":{\"@id\":\"https:\/\/lackman.com.br\/index.php\/2023\/08\/01\/conexao-gyn-vem-ai-mais-uma-edicao-do-amare-fashion\/#breadcrumb\"},\"inLanguage\":\"pt-BR\",\"potentialAction\":[{\"@type\":\"ReadAction\",\"target\":[\"https:\/\/lackman.com.br\/index.php\/2023\/08\/01\/conexao-gyn-vem-ai-mais-uma-edicao-do-amare-fashion\/\"]}]},{\"@type\":\"ImageObject\",\"inLanguage\":\"pt-BR\",\"@id\":\"https:\/\/lackman.com.br\/index.php\/2023\/08\/01\/conexao-gyn-vem-ai-mais-uma-edicao-do-amare-fashion\/#primaryimage\",\"url\":\"https:\/\/lackman.com.br\/wp-content\/uploads\/2023\/08\/324747924_686806709769992_4992029877359076151_n.jpg\",\"contentUrl\":\"https:\/\/lackman.com.br\/wp-content\/uploads\/2023\/08\/324747924_686806709769992_4992029877359076151_n.jpg\",\"width\":937,\"height\":1171},{\"@type\":\"BreadcrumbList\",\"@id\":\"https:\/\/lackman.com.br\/index.php\/2023\/08\/01\/conexao-gyn-vem-ai-mais-uma-edicao-do-amare-fashion\/#breadcrumb\",\"itemListElement\":[{\"@type\":\"ListItem\",\"position\":1,\"name\":\"In\u00edcio\",\"item\":\"https:\/\/lackman.com.br\/\"},{\"@type\":\"ListItem\",\"position\":2,\"name\":\"Conex\u00e3o GYN: vem a\u00ed mais uma edi\u00e7\u00e3o do Amar\u00ea Fashion\"}]},{\"@type\":\"WebSite\",\"@id\":\"https:\/\/lackman.com.br\/#website\",\"url\":\"https:\/\/lackman.com.br\/\",\"name\":\"LACKMAN &amp; CO.\",\"description\":\"VIDA | MODA | ARTE\",\"publisher\":{\"@id\":\"https:\/\/lackman.com.br\/#organization\"},\"potentialAction\":[{\"@type\":\"SearchAction\",\"target\":{\"@type\":\"EntryPoint\",\"urlTemplate\":\"https:\/\/lackman.com.br\/?s={search_term_string}\"},\"query-input\":{\"@type\":\"PropertyValueSpecification\",\"valueRequired\":true,\"valueName\":\"search_term_string\"}}],\"inLanguage\":\"pt-BR\"},{\"@type\":\"Organization\",\"@id\":\"https:\/\/lackman.com.br\/#organization\",\"name\":\"LACKMAN &amp; CO.\",\"url\":\"https:\/\/lackman.com.br\/\",\"logo\":{\"@type\":\"ImageObject\",\"inLanguage\":\"pt-BR\",\"@id\":\"https:\/\/lackman.com.br\/#\/schema\/logo\/image\/\",\"url\":\"https:\/\/lackman.com.br\/wp-content\/uploads\/2023\/06\/Logotipo_preto-1.png\",\"contentUrl\":\"https:\/\/lackman.com.br\/wp-content\/uploads\/2023\/06\/Logotipo_preto-1.png\",\"width\":739,\"height\":393,\"caption\":\"LACKMAN &amp; CO.\"},\"image\":{\"@id\":\"https:\/\/lackman.com.br\/#\/schema\/logo\/image\/\"}},{\"@type\":\"Person\",\"@id\":\"https:\/\/lackman.com.br\/#\/schema\/person\/dbfb3fbfc55f2b0bd4f9039696e70858\",\"name\":\"Fernando Lackman\",\"image\":{\"@type\":\"ImageObject\",\"inLanguage\":\"pt-BR\",\"@id\":\"https:\/\/lackman.com.br\/#\/schema\/person\/image\/\",\"url\":\"https:\/\/secure.gravatar.com\/avatar\/ae7993150af197e66480c8a769891833dd2b8d809f0d9ff3f25af796cf378ce8?s=96&d=mm&r=g\",\"contentUrl\":\"https:\/\/secure.gravatar.com\/avatar\/ae7993150af197e66480c8a769891833dd2b8d809f0d9ff3f25af796cf378ce8?s=96&d=mm&r=g\",\"caption\":\"Fernando Lackman\"},\"description\":\"Fernando Lackman \u00e9 jornalista especializado em Moda e Cultura, editor do site LACKMAN.com.br. \u00c9 autor do livro Bras\u00edlia Capital dos Criadores, que conta a hist\u00f3ria da moda no Distrito Federal. Tem em seu curr\u00edculo assinatura de dire\u00e7\u00e3o criativa e de desfiles em eventos como Estilo DF Plaza, Summer Collections, JK Street Fashion, Desfile Beleza Negra (DBN), PicniK Fashion Show, Vogue Fashion\u2019s Night Out Bras\u00edlia, entre outros. Foi diretor criativo do extinto Capital Fashion Week. Atualmente trabalha na dire\u00e7\u00e3o criativa de eventos como Top CUFA, BSB Fashion Street, Bras\u00edlia Fashion House, Ateli\u00ea Bras\u00edlia e Goi\u00e1s Fashion Week.\",\"sameAs\":[\"https:\/\/lackman.com.br\/\",\"https:\/\/www.facebook.com\/fernandolackman\",\"https:\/\/www.instagram.com\/fernandolackman\/\",\"https:\/\/www.linkedin.com\/in\/fernando-lackman\/\",\"https:\/\/br.pinterest.com\/fernandolackman\/\",\"https:\/\/x.com\/fernandolackman\"],\"url\":\"https:\/\/lackman.com.br\/index.php\/author\/fernando-lackman\/\"}]}<\/script>\n<!-- \/ Yoast SEO plugin. -->","yoast_head_json":{"title":"Conex\u00e3o GYN: vem a\u00ed mais uma edi\u00e7\u00e3o do Amar\u00ea Fashion - LACKMAN &amp; CO.","robots":{"index":"index","follow":"follow","max-snippet":"max-snippet:-1","max-image-preview":"max-image-preview:large","max-video-preview":"max-video-preview:-1"},"canonical":"https:\/\/lackman.com.br\/index.php\/2023\/08\/01\/conexao-gyn-vem-ai-mais-uma-edicao-do-amare-fashion\/","og_locale":"pt_BR","og_type":"article","og_title":"Conex\u00e3o GYN: vem a\u00ed mais uma edi\u00e7\u00e3o do Amar\u00ea Fashion - LACKMAN &amp; CO.","og_description":"Semana de moda promete agitar a capital vizinha com desfiles de cole\u00e7\u00f5es c\u00e1psulas de grifes do grupo Mega Moda A segunda edi\u00e7\u00e3o do Amar\u00e9 Fashion \u2013 Semana de Moda Goiana est\u00e1 prevista para acontecer no Centro Cultural Oscar Niemeyer, entre os dias 20 de agosto e 3 de setembro. O evento chega com for\u00e7a total, trazendo a participa\u00e7\u00e3o de vinte marcas que foram selecionadas pelo grupo\u00a0Mega Moda\u00a0(composto pelos shoppings de moda atacadistas Mega Moda Shopping, Mega Moda Park e Mini Moda). Cada uma das marcas participantes apresentar\u00e1 suas cole\u00e7\u00f5es c\u00e1psulas por meio de quatro looks distintos na passarela do Amar\u00e9 que, assim como sua primeira edi\u00e7\u00e3o, promete dar o que falar. No quesito vestu\u00e1rio as marcas que j\u00e1 confirmaram s\u00e3o Adoro Plus, Ayla Thaynara, Bella Cora, Bem Bella, Burg\u00eas, By Marina Freire, Conceito Moda, Diva Fashion, Face Jeans, Flor\u00ea, Ges\u00fa, Larissa Rafaela Moda Praia, Maria Eduardina, Maroto Premium, Meia Tr\u00eas, Nobreza Fashion, Tassara, Venuce, Vit\u00f3ria Calv\u00e1rio e Village Closet. Sobre cal\u00e7ados e acess\u00f3rios masculinos ser\u00e3o representados pela Kallyman Conceito Premium. J\u00e1 entre os femininos, a tarefa fica a cardo da Fawel Cal\u00e7ados e Bella Ragazza Acess\u00f3rios. Vale lembrar que a Semana da Moda Goiana \u00e9 um evento realizado pelo Servi\u00e7o de Apoio \u00e0s Micro e Pequenas Empresas (SEBRAE\/GO) junto com os parceiros do Servi\u00e7o Nacional de Aprendizagem Comercial (SENAC) e Governo de Goi\u00e1s. E os desfiles do Mega Moda na Amar\u00ea Fashion acontecer\u00e3o: no dia 30 de agosto \u00e0s 21h30; no dia 31 de agosto \u00e0s 20 horas; no dia 01 de setembro \u00e0s 20 horas; e no dia 02 de setembro \u00e0s 18 horas. Acompanhe de perto pelo @amarefashiongo Fotos: Divulga\u00e7\u00e3o","og_url":"https:\/\/lackman.com.br\/index.php\/2023\/08\/01\/conexao-gyn-vem-ai-mais-uma-edicao-do-amare-fashion\/","og_site_name":"LACKMAN &amp; CO.","article_author":"https:\/\/www.facebook.com\/fernandolackman","article_published_time":"2023-08-01T22:43:39+00:00","article_modified_time":"2023-08-02T00:21:55+00:00","og_image":[{"width":937,"height":1171,"url":"http:\/\/lackman.com.br\/wp-content\/uploads\/2023\/08\/324747924_686806709769992_4992029877359076151_n.jpg","type":"image\/jpeg"}],"author":"Fernando Lackman","twitter_card":"summary_large_image","twitter_creator":"@fernandolackman","twitter_misc":{"Escrito por":"Fernando Lackman","Est. tempo de leitura":"2 minutos"},"schema":{"@context":"https:\/\/schema.org","@graph":[{"@type":"Article","@id":"https:\/\/lackman.com.br\/index.php\/2023\/08\/01\/conexao-gyn-vem-ai-mais-uma-edicao-do-amare-fashion\/#article","isPartOf":{"@id":"https:\/\/lackman.com.br\/index.php\/2023\/08\/01\/conexao-gyn-vem-ai-mais-uma-edicao-do-amare-fashion\/"},"author":{"name":"Fernando Lackman","@id":"https:\/\/lackman.com.br\/#\/schema\/person\/dbfb3fbfc55f2b0bd4f9039696e70858"},"headline":"Conex\u00e3o GYN: vem a\u00ed mais uma edi\u00e7\u00e3o do Amar\u00ea Fashion","datePublished":"2023-08-01T22:43:39+00:00","dateModified":"2023-08-02T00:21:55+00:00","mainEntityOfPage":{"@id":"https:\/\/lackman.com.br\/index.php\/2023\/08\/01\/conexao-gyn-vem-ai-mais-uma-edicao-do-amare-fashion\/"},"wordCount":297,"publisher":{"@id":"https:\/\/lackman.com.br\/#organization"},"image":{"@id":"https:\/\/lackman.com.br\/index.php\/2023\/08\/01\/conexao-gyn-vem-ai-mais-uma-edicao-do-amare-fashion\/#primaryimage"},"thumbnailUrl":"https:\/\/lackman.com.br\/wp-content\/uploads\/2023\/08\/324747924_686806709769992_4992029877359076151_n.jpg","keywords":["Amar\u00e9 Fashion","desfiles","fashion","Goi\u00e2nia","goias","GYN","Mega Moda Park","Mega Moda Shopping","mega polo","Mini Moda","Moda","Semana de Moda Goiana"],"articleSection":["Moda"],"inLanguage":"pt-BR"},{"@type":"WebPage","@id":"https:\/\/lackman.com.br\/index.php\/2023\/08\/01\/conexao-gyn-vem-ai-mais-uma-edicao-do-amare-fashion\/","url":"https:\/\/lackman.com.br\/index.php\/2023\/08\/01\/conexao-gyn-vem-ai-mais-uma-edicao-do-amare-fashion\/","name":"Conex\u00e3o GYN: vem a\u00ed mais uma edi\u00e7\u00e3o do Amar\u00ea Fashion - LACKMAN &amp; CO.","isPartOf":{"@id":"https:\/\/lackman.com.br\/#website"},"primaryImageOfPage":{"@id":"https:\/\/lackman.com.br\/index.php\/2023\/08\/01\/conexao-gyn-vem-ai-mais-uma-edicao-do-amare-fashion\/#primaryimage"},"image":{"@id":"https:\/\/lackman.com.br\/index.php\/2023\/08\/01\/conexao-gyn-vem-ai-mais-uma-edicao-do-amare-fashion\/#primaryimage"},"thumbnailUrl":"https:\/\/lackman.com.br\/wp-content\/uploads\/2023\/08\/324747924_686806709769992_4992029877359076151_n.jpg","datePublished":"2023-08-01T22:43:39+00:00","dateModified":"2023-08-02T00:21:55+00:00","breadcrumb":{"@id":"https:\/\/lackman.com.br\/index.php\/2023\/08\/01\/conexao-gyn-vem-ai-mais-uma-edicao-do-amare-fashion\/#breadcrumb"},"inLanguage":"pt-BR","potentialAction":[{"@type":"ReadAction","target":["https:\/\/lackman.com.br\/index.php\/2023\/08\/01\/conexao-gyn-vem-ai-mais-uma-edicao-do-amare-fashion\/"]}]},{"@type":"ImageObject","inLanguage":"pt-BR","@id":"https:\/\/lackman.com.br\/index.php\/2023\/08\/01\/conexao-gyn-vem-ai-mais-uma-edicao-do-amare-fashion\/#primaryimage","url":"https:\/\/lackman.com.br\/wp-content\/uploads\/2023\/08\/324747924_686806709769992_4992029877359076151_n.jpg","contentUrl":"https:\/\/lackman.com.br\/wp-content\/uploads\/2023\/08\/324747924_686806709769992_4992029877359076151_n.jpg","width":937,"height":1171},{"@type":"BreadcrumbList","@id":"https:\/\/lackman.com.br\/index.php\/2023\/08\/01\/conexao-gyn-vem-ai-mais-uma-edicao-do-amare-fashion\/#breadcrumb","itemListElement":[{"@type":"ListItem","position":1,"name":"In\u00edcio","item":"https:\/\/lackman.com.br\/"},{"@type":"ListItem","position":2,"name":"Conex\u00e3o GYN: vem a\u00ed mais uma edi\u00e7\u00e3o do Amar\u00ea Fashion"}]},{"@type":"WebSite","@id":"https:\/\/lackman.com.br\/#website","url":"https:\/\/lackman.com.br\/","name":"LACKMAN &amp; CO.","description":"VIDA | MODA | ARTE","publisher":{"@id":"https:\/\/lackman.com.br\/#organization"},"potentialAction":[{"@type":"SearchAction","target":{"@type":"EntryPoint","urlTemplate":"https:\/\/lackman.com.br\/?s={search_term_string}"},"query-input":{"@type":"PropertyValueSpecification","valueRequired":true,"valueName":"search_term_string"}}],"inLanguage":"pt-BR"},{"@type":"Organization","@id":"https:\/\/lackman.com.br\/#organization","name":"LACKMAN &amp; CO.","url":"https:\/\/lackman.com.br\/","logo":{"@type":"ImageObject","inLanguage":"pt-BR","@id":"https:\/\/lackman.com.br\/#\/schema\/logo\/image\/","url":"https:\/\/lackman.com.br\/wp-content\/uploads\/2023\/06\/Logotipo_preto-1.png","contentUrl":"https:\/\/lackman.com.br\/wp-content\/uploads\/2023\/06\/Logotipo_preto-1.png","width":739,"height":393,"caption":"LACKMAN &amp; CO."},"image":{"@id":"https:\/\/lackman.com.br\/#\/schema\/logo\/image\/"}},{"@type":"Person","@id":"https:\/\/lackman.com.br\/#\/schema\/person\/dbfb3fbfc55f2b0bd4f9039696e70858","name":"Fernando Lackman","image":{"@type":"ImageObject","inLanguage":"pt-BR","@id":"https:\/\/lackman.com.br\/#\/schema\/person\/image\/","url":"https:\/\/secure.gravatar.com\/avatar\/ae7993150af197e66480c8a769891833dd2b8d809f0d9ff3f25af796cf378ce8?s=96&d=mm&r=g","contentUrl":"https:\/\/secure.gravatar.com\/avatar\/ae7993150af197e66480c8a769891833dd2b8d809f0d9ff3f25af796cf378ce8?s=96&d=mm&r=g","caption":"Fernando Lackman"},"description":"Fernando Lackman \u00e9 jornalista especializado em Moda e Cultura, editor do site LACKMAN.com.br. \u00c9 autor do livro Bras\u00edlia Capital dos Criadores, que conta a hist\u00f3ria da moda no Distrito Federal. Tem em seu curr\u00edculo assinatura de dire\u00e7\u00e3o criativa e de desfiles em eventos como Estilo DF Plaza, Summer Collections, JK Street Fashion, Desfile Beleza Negra (DBN), PicniK Fashion Show, Vogue Fashion\u2019s Night Out Bras\u00edlia, entre outros. Foi diretor criativo do extinto Capital Fashion Week. Atualmente trabalha na dire\u00e7\u00e3o criativa de eventos como Top CUFA, BSB Fashion Street, Bras\u00edlia Fashion House, Ateli\u00ea Bras\u00edlia e Goi\u00e1s Fashion Week.","sameAs":["https:\/\/lackman.com.br\/","https:\/\/www.facebook.com\/fernandolackman","https:\/\/www.instagram.com\/fernandolackman\/","https:\/\/www.linkedin.com\/in\/fernando-lackman\/","https:\/\/br.pinterest.com\/fernandolackman\/","https:\/\/x.com\/fernandolackman"],"url":"https:\/\/lackman.com.br\/index.php\/author\/fernando-lackman\/"}]}},"rttpg_featured_image_url":{"full":["https:\/\/lackman.com.br\/wp-content\/uploads\/2023\/08\/324747924_686806709769992_4992029877359076151_n.jpg",937,1171,false],"landscape":["https:\/\/lackman.com.br\/wp-content\/uploads\/2023\/08\/324747924_686806709769992_4992029877359076151_n.jpg",937,1171,false],"portraits":["https:\/\/lackman.com.br\/wp-content\/uploads\/2023\/08\/324747924_686806709769992_4992029877359076151_n.jpg",937,1171,false],"thumbnail":["https:\/\/lackman.com.br\/wp-content\/uploads\/2023\/08\/324747924_686806709769992_4992029877359076151_n-150x150.jpg",150,150,true],"medium":["https:\/\/lackman.com.br\/wp-content\/uploads\/2023\/08\/324747924_686806709769992_4992029877359076151_n-240x300.jpg",240,300,true],"large":["https:\/\/lackman.com.br\/wp-content\/uploads\/2023\/08\/324747924_686806709769992_4992029877359076151_n-819x1024.jpg",819,1024,true],"RoboGalleryMansoryImagesCenter":["https:\/\/lackman.com.br\/wp-content\/uploads\/2023\/08\/324747924_686806709769992_4992029877359076151_n-600x1024.jpg",600,1024,true],"RoboGalleryPreload":["https:\/\/lackman.com.br\/wp-content\/uploads\/2023\/08\/324747924_686806709769992_4992029877359076151_n.jpg",100,125,false],"1536x1536":["https:\/\/lackman.com.br\/wp-content\/uploads\/2023\/08\/324747924_686806709769992_4992029877359076151_n.jpg",937,1171,false],"2048x2048":["https:\/\/lackman.com.br\/wp-content\/uploads\/2023\/08\/324747924_686806709769992_4992029877359076151_n.jpg",937,1171,false]},"rttpg_author":{"display_name":"Fernando Lackman","author_link":"https:\/\/lackman.com.br\/index.php\/author\/fernando-lackman\/"},"rttpg_comment":0,"rttpg_category":"<a href=\"https:\/\/lackman.com.br\/index.php\/category\/moda\/\" rel=\"category tag\">Moda<\/a>","rttpg_excerpt":"Semana de moda promete agitar a capital vizinha com desfiles de cole\u00e7\u00f5es c\u00e1psulas de grifes do grupo Mega Moda A segunda edi\u00e7\u00e3o do Amar\u00e9 Fashion \u2013 Semana de Moda Goiana est\u00e1 prevista para acontecer no Centro Cultural Oscar Niemeyer, entre os dias 20 de agosto e 3 de setembro. O evento chega com for\u00e7a total,&hellip;","_links":{"self":[{"href":"https:\/\/lackman.com.br\/index.php\/wp-json\/wp\/v2\/posts\/4817","targetHints":{"allow":["GET"]}}],"collection":[{"href":"https:\/\/lackman.com.br\/index.php\/wp-json\/wp\/v2\/posts"}],"about":[{"href":"https:\/\/lackman.com.br\/index.php\/wp-json\/wp\/v2\/types\/post"}],"author":[{"embeddable":true,"href":"https:\/\/lackman.com.br\/index.php\/wp-json\/wp\/v2\/users\/2"}],"replies":[{"embeddable":true,"href":"https:\/\/lackman.com.br\/index.php\/wp-json\/wp\/v2\/comments?post=4817"}],"version-history":[{"count":4,"href":"https:\/\/lackman.com.br\/index.php\/wp-json\/wp\/v2\/posts\/4817\/revisions"}],"predecessor-version":[{"id":4823,"href":"https:\/\/lackman.com.br\/index.php\/wp-json\/wp\/v2\/posts\/4817\/revisions\/4823"}],"wp:featuredmedia":[{"embeddable":true,"href":"https:\/\/lackman.com.br\/index.php\/wp-json\/wp\/v2\/media\/4818"}],"wp:attachment":[{"href":"https:\/\/lackman.com.br\/index.php\/wp-json\/wp\/v2\/media?parent=4817"}],"wp:term":[{"taxonomy":"category","embeddable":true,"href":"https:\/\/lackman.com.br\/index.php\/wp-json\/wp\/v2\/categories?post=4817"},{"taxonomy":"post_tag","embeddable":true,"href":"https:\/\/lackman.com.br\/index.php\/wp-json\/wp\/v2\/tags?post=4817"}],"curies":[{"name":"wp","href":"https:\/\/api.w.org\/{rel}","templated":true}]}}