{"id":4777,"date":"2023-07-25T17:37:23","date_gmt":"2023-07-25T20:37:23","guid":{"rendered":"https:\/\/lackman.com.br\/?p=4777"},"modified":"2023-07-25T17:37:23","modified_gmt":"2023-07-25T20:37:23","slug":"no-mab-salvador-aversa-obras-de-um-colecionador","status":"publish","type":"post","link":"https:\/\/lackman.com.br\/index.php\/2023\/07\/25\/no-mab-salvador-aversa-obras-de-um-colecionador\/","title":{"rendered":"No MAB: Salvador Aversa \u2013 Obras de um colecionador"},"content":{"rendered":"<h5 style=\"text-align: justify\">Em justa homenagem, neto remonta hist\u00f3ria do av\u00f4 atrav\u00e9s de cole\u00e7\u00e3o recheada de \u00edcones da arte brasileira<\/h5>\n<p style=\"text-align: justify\"><img fetchpriority=\"high\" decoding=\"async\" class=\"alignnone size-large wp-image-4783\" src=\"http:\/\/lackman.com.br\/wp-content\/uploads\/2023\/07\/Burle-Marx-1-1024x810.jpg\" alt=\"\" width=\"1024\" height=\"810\" srcset=\"https:\/\/lackman.com.br\/wp-content\/uploads\/2023\/07\/Burle-Marx-1-1024x810.jpg 1024w, https:\/\/lackman.com.br\/wp-content\/uploads\/2023\/07\/Burle-Marx-1-300x237.jpg 300w, https:\/\/lackman.com.br\/wp-content\/uploads\/2023\/07\/Burle-Marx-1-768x608.jpg 768w, https:\/\/lackman.com.br\/wp-content\/uploads\/2023\/07\/Burle-Marx-1-1536x1215.jpg 1536w, https:\/\/lackman.com.br\/wp-content\/uploads\/2023\/07\/Burle-Marx-1-2048x1620.jpg 2048w\" sizes=\"(max-width: 1024px) 100vw, 1024px\" \/><\/p>\n<p style=\"text-align: justify\">A <strong>fam\u00edlia Aversa<\/strong> \u00e9 ligada pela paix\u00e3o \u00e0s artes pl\u00e1sticas. <strong>Paulino<\/strong> \u00e9 pai, artista prol\u00edfico de Bras\u00edlia que voc\u00ea j\u00e1 deve ter ouvido falar. Afinal, foi ele quem pintou aquelas Kombis que a gente v\u00ea \u201cjogadas\u201d no gramado atr\u00e1s da UnB, quando passamos pelo setor de clubes norte. \u00a0<strong>Salvador<\/strong> foi o av\u00f4, colecionador inveterado, que adquiriu obras de grandes nomes como Rubem Valentim, Ismael Nery, Carlos Scliar, Di Cavalcanti, Inim\u00e1 de Paula, Alberto Guignard, Tarsila do Amaral, entre outros. <strong>Ant\u00f4nio<\/strong> \u00e9 o neto, jovem marchand e galerista, que trilha seu pr\u00f3prio caminho, demonstrando sinais de que honrar\u00e1 muito bem o sobrenome.<\/p>\n<div id='gallery-1' class='gallery galleryid-4777 gallery-columns-1 gallery-size-large'><figure class='gallery-item'>\n\t\t\t<div class='gallery-icon portrait'>\n\t\t\t\t<a href='https:\/\/lackman.com.br\/index.php\/2023\/07\/25\/no-mab-salvador-aversa-obras-de-um-colecionador\/di-cavalcanti-1\/'><img decoding=\"async\" width=\"608\" height=\"1024\" src=\"https:\/\/lackman.com.br\/wp-content\/uploads\/2023\/07\/Di-Cavalcanti-1-608x1024.jpg\" class=\"attachment-large size-large\" alt=\"\" srcset=\"https:\/\/lackman.com.br\/wp-content\/uploads\/2023\/07\/Di-Cavalcanti-1-608x1024.jpg 608w, https:\/\/lackman.com.br\/wp-content\/uploads\/2023\/07\/Di-Cavalcanti-1-178x300.jpg 178w, https:\/\/lackman.com.br\/wp-content\/uploads\/2023\/07\/Di-Cavalcanti-1-768x1293.jpg 768w, https:\/\/lackman.com.br\/wp-content\/uploads\/2023\/07\/Di-Cavalcanti-1-912x1536.jpg 912w, https:\/\/lackman.com.br\/wp-content\/uploads\/2023\/07\/Di-Cavalcanti-1-1217x2048.jpg 1217w, https:\/\/lackman.com.br\/wp-content\/uploads\/2023\/07\/Di-Cavalcanti-1.jpg 1485w\" sizes=\"(max-width: 608px) 100vw, 608px\" \/><\/a>\n\t\t\t<\/div><\/figure>\n\t\t<\/div>\n\n<p style=\"text-align: justify\">Prova disso \u00e9 a curadoria que acaba de fazer para a exposi\u00e7\u00e3o <strong>\u201c<em>Salvador Aversa &#8211; Obras de um Colecionador<\/em>\u201d<\/strong>, que inaugura nessa quinta-feira (27), no <strong>Museu de Arte de Bras\u00edlia \u2013 MAB,<\/strong> que re\u00fane cerca de 60 obras que fazem ou j\u00e1 fizeram parte do acervo da fam\u00edlia. Em forma de homenagem, a mostra revela que as escolhas do av\u00f4 \u201c<em>passavam mais por um crit\u00e9rio emocional do que pela valoriza\u00e7\u00e3o das obras. Ele comprava o que tocava seu cora\u00e7\u00e3o\u201d<\/em>, afirmar o neto. \u201c<em>Acredito que o gosto dele pela pintura come\u00e7ou com os artistas mineiros que t\u00e3o bem retratavam as paisagens de Minas Gerais, quando ele ainda era estudante<\/em>\u201d, completa.<\/p>\n<p style=\"text-align: justify\"><img decoding=\"async\" class=\"alignnone size-large wp-image-4780\" src=\"http:\/\/lackman.com.br\/wp-content\/uploads\/2023\/07\/Inima-De-Paula-1024x812.jpg\" alt=\"\" width=\"1024\" height=\"812\" srcset=\"https:\/\/lackman.com.br\/wp-content\/uploads\/2023\/07\/Inima-De-Paula-1024x812.jpg 1024w, https:\/\/lackman.com.br\/wp-content\/uploads\/2023\/07\/Inima-De-Paula-300x238.jpg 300w, https:\/\/lackman.com.br\/wp-content\/uploads\/2023\/07\/Inima-De-Paula-768x609.jpg 768w, https:\/\/lackman.com.br\/wp-content\/uploads\/2023\/07\/Inima-De-Paula-1536x1218.jpg 1536w, https:\/\/lackman.com.br\/wp-content\/uploads\/2023\/07\/Inima-De-Paula-2048x1624.jpg 2048w\" sizes=\"(max-width: 1024px) 100vw, 1024px\" \/><\/p>\n<p style=\"text-align: justify\">Em tempo, a exibi\u00e7\u00e3o nos convida a percorrer o caminho das artes pl\u00e1sticas brasileira do s\u00e9culo XX, sob o olhar de algu\u00e9m que <strong>conviveu<\/strong> com artistas como Athos Bulc\u00e3o e Burle Marx, dos quais se tornou amigo durante a constru\u00e7\u00e3o da nova capital. O paulista Salvador, engenheiro civil formado em Minas Gerais, veio parar no Planalto Central respondendo um chamado do pr\u00f3prio <strong>Juscelino Kubistchek<\/strong>, em 1958. Aqui, Aversa foi presidente da Novacap em 1970, e foi quando conheceu <strong>Oscar Seraphico<\/strong>, grande galerista da \u00e9poca, que seu interesse pelo mundo das artes aumentou, passando a adquirir pinturas e pe\u00e7as incr\u00edveis e que agora ganham as paredes do MAB, nessa exposi\u00e7\u00e3o que tem visita\u00e7\u00e3o gratuita, em cartaz durante os pr\u00f3ximos 30 dias. N\u00e3o perca!<\/p>\n<p><img loading=\"lazy\" decoding=\"async\" class=\"alignnone size-large wp-image-4782\" src=\"http:\/\/lackman.com.br\/wp-content\/uploads\/2023\/07\/Athos-Bulcao-1-1024x593.jpg\" alt=\"\" width=\"1024\" height=\"593\" srcset=\"https:\/\/lackman.com.br\/wp-content\/uploads\/2023\/07\/Athos-Bulcao-1-1024x593.jpg 1024w, https:\/\/lackman.com.br\/wp-content\/uploads\/2023\/07\/Athos-Bulcao-1-300x174.jpg 300w, https:\/\/lackman.com.br\/wp-content\/uploads\/2023\/07\/Athos-Bulcao-1-768x445.jpg 768w, https:\/\/lackman.com.br\/wp-content\/uploads\/2023\/07\/Athos-Bulcao-1-1536x889.jpg 1536w, https:\/\/lackman.com.br\/wp-content\/uploads\/2023\/07\/Athos-Bulcao-1-2048x1185.jpg 2048w\" sizes=\"(max-width: 1024px) 100vw, 1024px\" \/><\/p>\n<p style=\"text-align: justify\"><span style=\"text-decoration: underline\">Servi\u00e7o:<\/span><\/p>\n<p style=\"text-align: justify\"><strong>\u201cSalvador Aversa- Obras de um Colecionador\u201d<\/strong><\/p>\n<p style=\"text-align: justify\"><strong>Onde:<\/strong> MAB- Museu de Arte de Bras\u00edlia<\/p>\n<p style=\"text-align: justify\"><strong>Quando:<\/strong> De 27 de julho a 27 de agosto, quarta a segunda-feira, das 10h \u00e0s 19h<\/p>\n<p style=\"text-align: justify\"><strong>Quanto:<\/strong> Entrada franca<\/p>\n<p style=\"text-align: justify\"><strong>Classifica\u00e7\u00e3o:<\/strong>\u00a0livre<\/p>\n<p style=\"text-align: justify\">\n<pre>Cr\u00e9dito fotogr\u00e1fico: Edgard C\u00e9sar\/Divulga\u00e7\u00e3o<\/pre>\n","protected":false},"excerpt":{"rendered":"<p>Em justa homenagem, neto remonta hist\u00f3ria do av\u00f4 atrav\u00e9s de cole\u00e7\u00e3o recheada de \u00edcones da arte brasileira A fam\u00edlia Aversa \u00e9 ligada pela paix\u00e3o \u00e0s artes pl\u00e1sticas. Paulino \u00e9 pai, artista prol\u00edfico de Bras\u00edlia que voc\u00ea j\u00e1 deve ter ouvido falar. Afinal, foi ele quem pintou aquelas Kombis que a gente v\u00ea \u201cjogadas\u201d no gramado atr\u00e1s da UnB, quando passamos pelo setor de clubes norte. \u00a0Salvador foi o av\u00f4, colecionador inveterado, que adquiriu obras de grandes nomes como Rubem Valentim, Ismael Nery, Carlos Scliar, Di Cavalcanti, Inim\u00e1 de Paula, Alberto Guignard, Tarsila do Amaral, entre outros. Ant\u00f4nio \u00e9 o neto, jovem marchand e galerista, que trilha seu pr\u00f3prio caminho, demonstrando sinais de que honrar\u00e1 muito bem o sobrenome. Prova disso \u00e9 a curadoria que acaba de fazer para a exposi\u00e7\u00e3o \u201cSalvador Aversa &#8211; Obras de um Colecionador\u201d, que inaugura nessa quinta-feira (27), no Museu de Arte de Bras\u00edlia \u2013 MAB, que re\u00fane cerca de 60 obras que fazem ou j\u00e1 fizeram parte do acervo da fam\u00edlia. Em forma de homenagem, a mostra revela que as escolhas do av\u00f4 \u201cpassavam mais por um crit\u00e9rio emocional do que pela valoriza\u00e7\u00e3o das obras. Ele comprava o que tocava seu cora\u00e7\u00e3o\u201d, afirmar o neto. \u201cAcredito que o gosto dele pela pintura come\u00e7ou com os artistas mineiros que t\u00e3o bem retratavam as paisagens de Minas Gerais, quando ele ainda era estudante\u201d, completa. Em tempo, a exibi\u00e7\u00e3o nos convida a percorrer o caminho das artes pl\u00e1sticas brasileira do s\u00e9culo XX, sob o olhar de algu\u00e9m que conviveu com artistas como Athos Bulc\u00e3o e Burle Marx, dos quais se tornou amigo durante a constru\u00e7\u00e3o da nova capital. O paulista Salvador, engenheiro civil formado em Minas Gerais, veio parar no Planalto Central respondendo um chamado do pr\u00f3prio Juscelino Kubistchek, em 1958. Aqui, Aversa foi presidente da Novacap em 1970, e foi quando conheceu Oscar Seraphico, grande galerista da \u00e9poca, que seu interesse pelo mundo das artes aumentou, passando a adquirir pinturas e pe\u00e7as incr\u00edveis e que agora ganham as paredes do MAB, nessa exposi\u00e7\u00e3o que tem visita\u00e7\u00e3o gratuita, em cartaz durante os pr\u00f3ximos 30 dias. N\u00e3o perca! Servi\u00e7o: \u201cSalvador Aversa- Obras de um Colecionador\u201d Onde: MAB- Museu de Arte de Bras\u00edlia Quando: De 27 de julho a 27 de agosto, quarta a segunda-feira, das 10h \u00e0s 19h Quanto: Entrada franca Classifica\u00e7\u00e3o:\u00a0livre Cr\u00e9dito fotogr\u00e1fico: Edgard C\u00e9sar\/Divulga\u00e7\u00e3o<\/p>\n","protected":false},"author":6,"featured_media":4778,"comment_status":"closed","ping_status":"open","sticky":false,"template":"","format":"standard","meta":{"site-sidebar-layout":"default","site-content-layout":"default","ast-site-content-layout":"default","site-content-style":"default","site-sidebar-style":"default","ast-global-header-display":"","ast-banner-title-visibility":"","ast-main-header-display":"","ast-hfb-above-header-display":"","ast-hfb-below-header-display":"","ast-hfb-mobile-header-display":"","site-post-title":"","ast-breadcrumbs-content":"","ast-featured-img":"","footer-sml-layout":"","ast-disable-related-posts":"","theme-transparent-header-meta":"default","adv-header-id-meta":"","stick-header-meta":"","header-above-stick-meta":"","header-main-stick-meta":"","header-below-stick-meta":"","astra-migrate-meta-layouts":"default","ast-page-background-enabled":"default","ast-page-background-meta":{"desktop":{"background-color":"","background-image":"","background-repeat":"repeat","background-position":"center center","background-size":"auto","background-attachment":"scroll","background-type":"","background-media":"","overlay-type":"","overlay-color":"","overlay-opacity":"","overlay-gradient":""},"tablet":{"background-color":"","background-image":"","background-repeat":"repeat","background-position":"center center","background-size":"auto","background-attachment":"scroll","background-type":"","background-media":"","overlay-type":"","overlay-color":"","overlay-opacity":"","overlay-gradient":""},"mobile":{"background-color":"","background-image":"","background-repeat":"repeat","background-position":"center center","background-size":"auto","background-attachment":"scroll","background-type":"","background-media":"","overlay-type":"","overlay-color":"","overlay-opacity":"","overlay-gradient":""}},"ast-content-background-meta":{"desktop":{"background-color":"var(--ast-global-color-5)","background-image":"","background-repeat":"repeat","background-position":"center center","background-size":"auto","background-attachment":"scroll","background-type":"","background-media":"","overlay-type":"","overlay-color":"","overlay-opacity":"","overlay-gradient":""},"tablet":{"background-color":"var(--ast-global-color-5)","background-image":"","background-repeat":"repeat","background-position":"center center","background-size":"auto","background-attachment":"scroll","background-type":"","background-media":"","overlay-type":"","overlay-color":"","overlay-opacity":"","overlay-gradient":""},"mobile":{"background-color":"var(--ast-global-color-5)","background-image":"","background-repeat":"repeat","background-position":"center center","background-size":"auto","background-attachment":"scroll","background-type":"","background-media":"","overlay-type":"","overlay-color":"","overlay-opacity":"","overlay-gradient":""}},"footnotes":""},"categories":[46],"tags":[362,350,359,54,366,178,261,364,365,360,363,361],"class_list":["post-4777","post","type-post","status-publish","format-standard","has-post-thumbnail","hentry","category-arte","tag-antonio-aversa","tag-artes-plasticas","tag-aversa","tag-brasilia","tag-colecao","tag-cultura","tag-exposicao","tag-mab","tag-museu-de-arte-de-brasilia","tag-paulino-aversa","tag-pinturas","tag-salvador-aversa"],"yoast_head":"<!-- This site is optimized with the Yoast SEO plugin v27.0 - https:\/\/yoast.com\/product\/yoast-seo-wordpress\/ -->\n<title>No MAB: Salvador Aversa \u2013 Obras de um colecionador - LACKMAN &amp; CO.<\/title>\n<meta name=\"robots\" content=\"index, follow, max-snippet:-1, max-image-preview:large, max-video-preview:-1\" \/>\n<link rel=\"canonical\" href=\"https:\/\/lackman.com.br\/index.php\/2023\/07\/25\/no-mab-salvador-aversa-obras-de-um-colecionador\/\" \/>\n<meta property=\"og:locale\" content=\"pt_BR\" \/>\n<meta property=\"og:type\" content=\"article\" \/>\n<meta property=\"og:title\" content=\"No MAB: Salvador Aversa \u2013 Obras de um colecionador - LACKMAN &amp; CO.\" \/>\n<meta property=\"og:description\" content=\"Em justa homenagem, neto remonta hist\u00f3ria do av\u00f4 atrav\u00e9s de cole\u00e7\u00e3o recheada de \u00edcones da arte brasileira A fam\u00edlia Aversa \u00e9 ligada pela paix\u00e3o \u00e0s artes pl\u00e1sticas. Paulino \u00e9 pai, artista prol\u00edfico de Bras\u00edlia que voc\u00ea j\u00e1 deve ter ouvido falar. Afinal, foi ele quem pintou aquelas Kombis que a gente v\u00ea \u201cjogadas\u201d no gramado atr\u00e1s da UnB, quando passamos pelo setor de clubes norte. \u00a0Salvador foi o av\u00f4, colecionador inveterado, que adquiriu obras de grandes nomes como Rubem Valentim, Ismael Nery, Carlos Scliar, Di Cavalcanti, Inim\u00e1 de Paula, Alberto Guignard, Tarsila do Amaral, entre outros. Ant\u00f4nio \u00e9 o neto, jovem marchand e galerista, que trilha seu pr\u00f3prio caminho, demonstrando sinais de que honrar\u00e1 muito bem o sobrenome. Prova disso \u00e9 a curadoria que acaba de fazer para a exposi\u00e7\u00e3o \u201cSalvador Aversa &#8211; Obras de um Colecionador\u201d, que inaugura nessa quinta-feira (27), no Museu de Arte de Bras\u00edlia \u2013 MAB, que re\u00fane cerca de 60 obras que fazem ou j\u00e1 fizeram parte do acervo da fam\u00edlia. Em forma de homenagem, a mostra revela que as escolhas do av\u00f4 \u201cpassavam mais por um crit\u00e9rio emocional do que pela valoriza\u00e7\u00e3o das obras. Ele comprava o que tocava seu cora\u00e7\u00e3o\u201d, afirmar o neto. \u201cAcredito que o gosto dele pela pintura come\u00e7ou com os artistas mineiros que t\u00e3o bem retratavam as paisagens de Minas Gerais, quando ele ainda era estudante\u201d, completa. Em tempo, a exibi\u00e7\u00e3o nos convida a percorrer o caminho das artes pl\u00e1sticas brasileira do s\u00e9culo XX, sob o olhar de algu\u00e9m que conviveu com artistas como Athos Bulc\u00e3o e Burle Marx, dos quais se tornou amigo durante a constru\u00e7\u00e3o da nova capital. O paulista Salvador, engenheiro civil formado em Minas Gerais, veio parar no Planalto Central respondendo um chamado do pr\u00f3prio Juscelino Kubistchek, em 1958. Aqui, Aversa foi presidente da Novacap em 1970, e foi quando conheceu Oscar Seraphico, grande galerista da \u00e9poca, que seu interesse pelo mundo das artes aumentou, passando a adquirir pinturas e pe\u00e7as incr\u00edveis e que agora ganham as paredes do MAB, nessa exposi\u00e7\u00e3o que tem visita\u00e7\u00e3o gratuita, em cartaz durante os pr\u00f3ximos 30 dias. N\u00e3o perca! Servi\u00e7o: \u201cSalvador Aversa- Obras de um Colecionador\u201d Onde: MAB- Museu de Arte de Bras\u00edlia Quando: De 27 de julho a 27 de agosto, quarta a segunda-feira, das 10h \u00e0s 19h Quanto: Entrada franca Classifica\u00e7\u00e3o:\u00a0livre Cr\u00e9dito fotogr\u00e1fico: Edgard C\u00e9sar\/Divulga\u00e7\u00e3o\" \/>\n<meta property=\"og:url\" content=\"https:\/\/lackman.com.br\/index.php\/2023\/07\/25\/no-mab-salvador-aversa-obras-de-um-colecionador\/\" \/>\n<meta property=\"og:site_name\" content=\"LACKMAN &amp; CO.\" \/>\n<meta property=\"article:published_time\" content=\"2023-07-25T20:37:23+00:00\" \/>\n<meta property=\"og:image\" content=\"http:\/\/lackman.com.br\/wp-content\/uploads\/2023\/07\/Rubem-Valentim-1.jpg\" \/>\n\t<meta property=\"og:image:width\" content=\"1762\" \/>\n\t<meta property=\"og:image:height\" content=\"2500\" \/>\n\t<meta property=\"og:image:type\" content=\"image\/jpeg\" \/>\n<meta name=\"author\" content=\"Gilberto Evangelista - Colunista\" \/>\n<meta name=\"twitter:card\" content=\"summary_large_image\" \/>\n<meta name=\"twitter:label1\" content=\"Escrito por\" \/>\n\t<meta name=\"twitter:data1\" content=\"Gilberto Evangelista - Colunista\" \/>\n\t<meta name=\"twitter:label2\" content=\"Est. tempo de leitura\" \/>\n\t<meta name=\"twitter:data2\" content=\"3 minutos\" \/>\n<script type=\"application\/ld+json\" class=\"yoast-schema-graph\">{\"@context\":\"https:\/\/schema.org\",\"@graph\":[{\"@type\":\"Article\",\"@id\":\"https:\/\/lackman.com.br\/index.php\/2023\/07\/25\/no-mab-salvador-aversa-obras-de-um-colecionador\/#article\",\"isPartOf\":{\"@id\":\"https:\/\/lackman.com.br\/index.php\/2023\/07\/25\/no-mab-salvador-aversa-obras-de-um-colecionador\/\"},\"author\":{\"name\":\"Gilberto Evangelista - Colunista\",\"@id\":\"https:\/\/lackman.com.br\/#\/schema\/person\/8a2355f699593d21d4f0d25b69db5747\"},\"headline\":\"No MAB: Salvador Aversa \u2013 Obras de um colecionador\",\"datePublished\":\"2023-07-25T20:37:23+00:00\",\"mainEntityOfPage\":{\"@id\":\"https:\/\/lackman.com.br\/index.php\/2023\/07\/25\/no-mab-salvador-aversa-obras-de-um-colecionador\/\"},\"wordCount\":421,\"publisher\":{\"@id\":\"https:\/\/lackman.com.br\/#organization\"},\"image\":{\"@id\":\"https:\/\/lackman.com.br\/index.php\/2023\/07\/25\/no-mab-salvador-aversa-obras-de-um-colecionador\/#primaryimage\"},\"thumbnailUrl\":\"https:\/\/lackman.com.br\/wp-content\/uploads\/2023\/07\/Rubem-Valentim-1.jpg\",\"keywords\":[\"Ant\u00f4nio Aversa\",\"artes pl\u00e1sticas\",\"Aversa\",\"brasilia\",\"cole\u00e7\u00e3o\",\"cultura\",\"exposi\u00e7\u00e3o\",\"MAB\",\"Museu de Arte de Bras\u00edlia\",\"Paulino Aversa\",\"pinturas\",\"Salvador Aversa\"],\"articleSection\":[\"Arte\"],\"inLanguage\":\"pt-BR\"},{\"@type\":\"WebPage\",\"@id\":\"https:\/\/lackman.com.br\/index.php\/2023\/07\/25\/no-mab-salvador-aversa-obras-de-um-colecionador\/\",\"url\":\"https:\/\/lackman.com.br\/index.php\/2023\/07\/25\/no-mab-salvador-aversa-obras-de-um-colecionador\/\",\"name\":\"No MAB: Salvador Aversa \u2013 Obras de um colecionador - LACKMAN &amp; CO.\",\"isPartOf\":{\"@id\":\"https:\/\/lackman.com.br\/#website\"},\"primaryImageOfPage\":{\"@id\":\"https:\/\/lackman.com.br\/index.php\/2023\/07\/25\/no-mab-salvador-aversa-obras-de-um-colecionador\/#primaryimage\"},\"image\":{\"@id\":\"https:\/\/lackman.com.br\/index.php\/2023\/07\/25\/no-mab-salvador-aversa-obras-de-um-colecionador\/#primaryimage\"},\"thumbnailUrl\":\"https:\/\/lackman.com.br\/wp-content\/uploads\/2023\/07\/Rubem-Valentim-1.jpg\",\"datePublished\":\"2023-07-25T20:37:23+00:00\",\"breadcrumb\":{\"@id\":\"https:\/\/lackman.com.br\/index.php\/2023\/07\/25\/no-mab-salvador-aversa-obras-de-um-colecionador\/#breadcrumb\"},\"inLanguage\":\"pt-BR\",\"potentialAction\":[{\"@type\":\"ReadAction\",\"target\":[\"https:\/\/lackman.com.br\/index.php\/2023\/07\/25\/no-mab-salvador-aversa-obras-de-um-colecionador\/\"]}]},{\"@type\":\"ImageObject\",\"inLanguage\":\"pt-BR\",\"@id\":\"https:\/\/lackman.com.br\/index.php\/2023\/07\/25\/no-mab-salvador-aversa-obras-de-um-colecionador\/#primaryimage\",\"url\":\"https:\/\/lackman.com.br\/wp-content\/uploads\/2023\/07\/Rubem-Valentim-1.jpg\",\"contentUrl\":\"https:\/\/lackman.com.br\/wp-content\/uploads\/2023\/07\/Rubem-Valentim-1.jpg\",\"width\":1762,\"height\":2500},{\"@type\":\"BreadcrumbList\",\"@id\":\"https:\/\/lackman.com.br\/index.php\/2023\/07\/25\/no-mab-salvador-aversa-obras-de-um-colecionador\/#breadcrumb\",\"itemListElement\":[{\"@type\":\"ListItem\",\"position\":1,\"name\":\"In\u00edcio\",\"item\":\"https:\/\/lackman.com.br\/\"},{\"@type\":\"ListItem\",\"position\":2,\"name\":\"No MAB: Salvador Aversa \u2013 Obras de um colecionador\"}]},{\"@type\":\"WebSite\",\"@id\":\"https:\/\/lackman.com.br\/#website\",\"url\":\"https:\/\/lackman.com.br\/\",\"name\":\"LACKMAN &amp; CO.\",\"description\":\"VIDA | MODA | ARTE\",\"publisher\":{\"@id\":\"https:\/\/lackman.com.br\/#organization\"},\"potentialAction\":[{\"@type\":\"SearchAction\",\"target\":{\"@type\":\"EntryPoint\",\"urlTemplate\":\"https:\/\/lackman.com.br\/?s={search_term_string}\"},\"query-input\":{\"@type\":\"PropertyValueSpecification\",\"valueRequired\":true,\"valueName\":\"search_term_string\"}}],\"inLanguage\":\"pt-BR\"},{\"@type\":\"Organization\",\"@id\":\"https:\/\/lackman.com.br\/#organization\",\"name\":\"LACKMAN &amp; CO.\",\"url\":\"https:\/\/lackman.com.br\/\",\"logo\":{\"@type\":\"ImageObject\",\"inLanguage\":\"pt-BR\",\"@id\":\"https:\/\/lackman.com.br\/#\/schema\/logo\/image\/\",\"url\":\"https:\/\/lackman.com.br\/wp-content\/uploads\/2023\/06\/Logotipo_preto-1.png\",\"contentUrl\":\"https:\/\/lackman.com.br\/wp-content\/uploads\/2023\/06\/Logotipo_preto-1.png\",\"width\":739,\"height\":393,\"caption\":\"LACKMAN &amp; CO.\"},\"image\":{\"@id\":\"https:\/\/lackman.com.br\/#\/schema\/logo\/image\/\"}},{\"@type\":\"Person\",\"@id\":\"https:\/\/lackman.com.br\/#\/schema\/person\/8a2355f699593d21d4f0d25b69db5747\",\"name\":\"Gilberto Evangelista - Colunista\",\"image\":{\"@type\":\"ImageObject\",\"inLanguage\":\"pt-BR\",\"@id\":\"https:\/\/lackman.com.br\/#\/schema\/person\/image\/\",\"url\":\"https:\/\/secure.gravatar.com\/avatar\/cea9badf02f8a90f7a745f2cbea45fda61f65711ec015e2faf3809cca6337c28?s=96&d=mm&r=g\",\"contentUrl\":\"https:\/\/secure.gravatar.com\/avatar\/cea9badf02f8a90f7a745f2cbea45fda61f65711ec015e2faf3809cca6337c28?s=96&d=mm&r=g\",\"caption\":\"Gilberto Evangelista - Colunista\"},\"description\":\"Jornalista e globetrotter.\",\"url\":\"https:\/\/lackman.com.br\/index.php\/author\/gilberto-brito\/\"}]}<\/script>\n<!-- \/ Yoast SEO plugin. -->","yoast_head_json":{"title":"No MAB: Salvador Aversa \u2013 Obras de um colecionador - LACKMAN &amp; CO.","robots":{"index":"index","follow":"follow","max-snippet":"max-snippet:-1","max-image-preview":"max-image-preview:large","max-video-preview":"max-video-preview:-1"},"canonical":"https:\/\/lackman.com.br\/index.php\/2023\/07\/25\/no-mab-salvador-aversa-obras-de-um-colecionador\/","og_locale":"pt_BR","og_type":"article","og_title":"No MAB: Salvador Aversa \u2013 Obras de um colecionador - LACKMAN &amp; CO.","og_description":"Em justa homenagem, neto remonta hist\u00f3ria do av\u00f4 atrav\u00e9s de cole\u00e7\u00e3o recheada de \u00edcones da arte brasileira A fam\u00edlia Aversa \u00e9 ligada pela paix\u00e3o \u00e0s artes pl\u00e1sticas. Paulino \u00e9 pai, artista prol\u00edfico de Bras\u00edlia que voc\u00ea j\u00e1 deve ter ouvido falar. Afinal, foi ele quem pintou aquelas Kombis que a gente v\u00ea \u201cjogadas\u201d no gramado atr\u00e1s da UnB, quando passamos pelo setor de clubes norte. \u00a0Salvador foi o av\u00f4, colecionador inveterado, que adquiriu obras de grandes nomes como Rubem Valentim, Ismael Nery, Carlos Scliar, Di Cavalcanti, Inim\u00e1 de Paula, Alberto Guignard, Tarsila do Amaral, entre outros. Ant\u00f4nio \u00e9 o neto, jovem marchand e galerista, que trilha seu pr\u00f3prio caminho, demonstrando sinais de que honrar\u00e1 muito bem o sobrenome. Prova disso \u00e9 a curadoria que acaba de fazer para a exposi\u00e7\u00e3o \u201cSalvador Aversa &#8211; Obras de um Colecionador\u201d, que inaugura nessa quinta-feira (27), no Museu de Arte de Bras\u00edlia \u2013 MAB, que re\u00fane cerca de 60 obras que fazem ou j\u00e1 fizeram parte do acervo da fam\u00edlia. Em forma de homenagem, a mostra revela que as escolhas do av\u00f4 \u201cpassavam mais por um crit\u00e9rio emocional do que pela valoriza\u00e7\u00e3o das obras. Ele comprava o que tocava seu cora\u00e7\u00e3o\u201d, afirmar o neto. \u201cAcredito que o gosto dele pela pintura come\u00e7ou com os artistas mineiros que t\u00e3o bem retratavam as paisagens de Minas Gerais, quando ele ainda era estudante\u201d, completa. Em tempo, a exibi\u00e7\u00e3o nos convida a percorrer o caminho das artes pl\u00e1sticas brasileira do s\u00e9culo XX, sob o olhar de algu\u00e9m que conviveu com artistas como Athos Bulc\u00e3o e Burle Marx, dos quais se tornou amigo durante a constru\u00e7\u00e3o da nova capital. O paulista Salvador, engenheiro civil formado em Minas Gerais, veio parar no Planalto Central respondendo um chamado do pr\u00f3prio Juscelino Kubistchek, em 1958. Aqui, Aversa foi presidente da Novacap em 1970, e foi quando conheceu Oscar Seraphico, grande galerista da \u00e9poca, que seu interesse pelo mundo das artes aumentou, passando a adquirir pinturas e pe\u00e7as incr\u00edveis e que agora ganham as paredes do MAB, nessa exposi\u00e7\u00e3o que tem visita\u00e7\u00e3o gratuita, em cartaz durante os pr\u00f3ximos 30 dias. N\u00e3o perca! Servi\u00e7o: \u201cSalvador Aversa- Obras de um Colecionador\u201d Onde: MAB- Museu de Arte de Bras\u00edlia Quando: De 27 de julho a 27 de agosto, quarta a segunda-feira, das 10h \u00e0s 19h Quanto: Entrada franca Classifica\u00e7\u00e3o:\u00a0livre Cr\u00e9dito fotogr\u00e1fico: Edgard C\u00e9sar\/Divulga\u00e7\u00e3o","og_url":"https:\/\/lackman.com.br\/index.php\/2023\/07\/25\/no-mab-salvador-aversa-obras-de-um-colecionador\/","og_site_name":"LACKMAN &amp; CO.","article_published_time":"2023-07-25T20:37:23+00:00","og_image":[{"width":1762,"height":2500,"url":"http:\/\/lackman.com.br\/wp-content\/uploads\/2023\/07\/Rubem-Valentim-1.jpg","type":"image\/jpeg"}],"author":"Gilberto Evangelista - Colunista","twitter_card":"summary_large_image","twitter_misc":{"Escrito por":"Gilberto Evangelista - Colunista","Est. tempo de leitura":"3 minutos"},"schema":{"@context":"https:\/\/schema.org","@graph":[{"@type":"Article","@id":"https:\/\/lackman.com.br\/index.php\/2023\/07\/25\/no-mab-salvador-aversa-obras-de-um-colecionador\/#article","isPartOf":{"@id":"https:\/\/lackman.com.br\/index.php\/2023\/07\/25\/no-mab-salvador-aversa-obras-de-um-colecionador\/"},"author":{"name":"Gilberto Evangelista - Colunista","@id":"https:\/\/lackman.com.br\/#\/schema\/person\/8a2355f699593d21d4f0d25b69db5747"},"headline":"No MAB: Salvador Aversa \u2013 Obras de um colecionador","datePublished":"2023-07-25T20:37:23+00:00","mainEntityOfPage":{"@id":"https:\/\/lackman.com.br\/index.php\/2023\/07\/25\/no-mab-salvador-aversa-obras-de-um-colecionador\/"},"wordCount":421,"publisher":{"@id":"https:\/\/lackman.com.br\/#organization"},"image":{"@id":"https:\/\/lackman.com.br\/index.php\/2023\/07\/25\/no-mab-salvador-aversa-obras-de-um-colecionador\/#primaryimage"},"thumbnailUrl":"https:\/\/lackman.com.br\/wp-content\/uploads\/2023\/07\/Rubem-Valentim-1.jpg","keywords":["Ant\u00f4nio Aversa","artes pl\u00e1sticas","Aversa","brasilia","cole\u00e7\u00e3o","cultura","exposi\u00e7\u00e3o","MAB","Museu de Arte de Bras\u00edlia","Paulino Aversa","pinturas","Salvador Aversa"],"articleSection":["Arte"],"inLanguage":"pt-BR"},{"@type":"WebPage","@id":"https:\/\/lackman.com.br\/index.php\/2023\/07\/25\/no-mab-salvador-aversa-obras-de-um-colecionador\/","url":"https:\/\/lackman.com.br\/index.php\/2023\/07\/25\/no-mab-salvador-aversa-obras-de-um-colecionador\/","name":"No MAB: Salvador Aversa \u2013 Obras de um colecionador - LACKMAN &amp; CO.","isPartOf":{"@id":"https:\/\/lackman.com.br\/#website"},"primaryImageOfPage":{"@id":"https:\/\/lackman.com.br\/index.php\/2023\/07\/25\/no-mab-salvador-aversa-obras-de-um-colecionador\/#primaryimage"},"image":{"@id":"https:\/\/lackman.com.br\/index.php\/2023\/07\/25\/no-mab-salvador-aversa-obras-de-um-colecionador\/#primaryimage"},"thumbnailUrl":"https:\/\/lackman.com.br\/wp-content\/uploads\/2023\/07\/Rubem-Valentim-1.jpg","datePublished":"2023-07-25T20:37:23+00:00","breadcrumb":{"@id":"https:\/\/lackman.com.br\/index.php\/2023\/07\/25\/no-mab-salvador-aversa-obras-de-um-colecionador\/#breadcrumb"},"inLanguage":"pt-BR","potentialAction":[{"@type":"ReadAction","target":["https:\/\/lackman.com.br\/index.php\/2023\/07\/25\/no-mab-salvador-aversa-obras-de-um-colecionador\/"]}]},{"@type":"ImageObject","inLanguage":"pt-BR","@id":"https:\/\/lackman.com.br\/index.php\/2023\/07\/25\/no-mab-salvador-aversa-obras-de-um-colecionador\/#primaryimage","url":"https:\/\/lackman.com.br\/wp-content\/uploads\/2023\/07\/Rubem-Valentim-1.jpg","contentUrl":"https:\/\/lackman.com.br\/wp-content\/uploads\/2023\/07\/Rubem-Valentim-1.jpg","width":1762,"height":2500},{"@type":"BreadcrumbList","@id":"https:\/\/lackman.com.br\/index.php\/2023\/07\/25\/no-mab-salvador-aversa-obras-de-um-colecionador\/#breadcrumb","itemListElement":[{"@type":"ListItem","position":1,"name":"In\u00edcio","item":"https:\/\/lackman.com.br\/"},{"@type":"ListItem","position":2,"name":"No MAB: Salvador Aversa \u2013 Obras de um colecionador"}]},{"@type":"WebSite","@id":"https:\/\/lackman.com.br\/#website","url":"https:\/\/lackman.com.br\/","name":"LACKMAN &amp; CO.","description":"VIDA | MODA | ARTE","publisher":{"@id":"https:\/\/lackman.com.br\/#organization"},"potentialAction":[{"@type":"SearchAction","target":{"@type":"EntryPoint","urlTemplate":"https:\/\/lackman.com.br\/?s={search_term_string}"},"query-input":{"@type":"PropertyValueSpecification","valueRequired":true,"valueName":"search_term_string"}}],"inLanguage":"pt-BR"},{"@type":"Organization","@id":"https:\/\/lackman.com.br\/#organization","name":"LACKMAN &amp; CO.","url":"https:\/\/lackman.com.br\/","logo":{"@type":"ImageObject","inLanguage":"pt-BR","@id":"https:\/\/lackman.com.br\/#\/schema\/logo\/image\/","url":"https:\/\/lackman.com.br\/wp-content\/uploads\/2023\/06\/Logotipo_preto-1.png","contentUrl":"https:\/\/lackman.com.br\/wp-content\/uploads\/2023\/06\/Logotipo_preto-1.png","width":739,"height":393,"caption":"LACKMAN &amp; CO."},"image":{"@id":"https:\/\/lackman.com.br\/#\/schema\/logo\/image\/"}},{"@type":"Person","@id":"https:\/\/lackman.com.br\/#\/schema\/person\/8a2355f699593d21d4f0d25b69db5747","name":"Gilberto Evangelista - Colunista","image":{"@type":"ImageObject","inLanguage":"pt-BR","@id":"https:\/\/lackman.com.br\/#\/schema\/person\/image\/","url":"https:\/\/secure.gravatar.com\/avatar\/cea9badf02f8a90f7a745f2cbea45fda61f65711ec015e2faf3809cca6337c28?s=96&d=mm&r=g","contentUrl":"https:\/\/secure.gravatar.com\/avatar\/cea9badf02f8a90f7a745f2cbea45fda61f65711ec015e2faf3809cca6337c28?s=96&d=mm&r=g","caption":"Gilberto Evangelista - Colunista"},"description":"Jornalista e globetrotter.","url":"https:\/\/lackman.com.br\/index.php\/author\/gilberto-brito\/"}]}},"rttpg_featured_image_url":{"full":["https:\/\/lackman.com.br\/wp-content\/uploads\/2023\/07\/Rubem-Valentim-1.jpg",1762,2500,false],"landscape":["https:\/\/lackman.com.br\/wp-content\/uploads\/2023\/07\/Rubem-Valentim-1.jpg",1762,2500,false],"portraits":["https:\/\/lackman.com.br\/wp-content\/uploads\/2023\/07\/Rubem-Valentim-1.jpg",1762,2500,false],"thumbnail":["https:\/\/lackman.com.br\/wp-content\/uploads\/2023\/07\/Rubem-Valentim-1-150x150.jpg",150,150,true],"medium":["https:\/\/lackman.com.br\/wp-content\/uploads\/2023\/07\/Rubem-Valentim-1-211x300.jpg",211,300,true],"large":["https:\/\/lackman.com.br\/wp-content\/uploads\/2023\/07\/Rubem-Valentim-1-722x1024.jpg",722,1024,true],"RoboGalleryMansoryImagesCenter":["https:\/\/lackman.com.br\/wp-content\/uploads\/2023\/07\/Rubem-Valentim-1-600x1024.jpg",600,1024,true],"RoboGalleryPreload":["https:\/\/lackman.com.br\/wp-content\/uploads\/2023\/07\/Rubem-Valentim-1.jpg",100,142,false],"1536x1536":["https:\/\/lackman.com.br\/wp-content\/uploads\/2023\/07\/Rubem-Valentim-1-1083x1536.jpg",1083,1536,true],"2048x2048":["https:\/\/lackman.com.br\/wp-content\/uploads\/2023\/07\/Rubem-Valentim-1-1443x2048.jpg",1443,2048,true]},"rttpg_author":{"display_name":"Gilberto Evangelista - Colunista","author_link":"https:\/\/lackman.com.br\/index.php\/author\/gilberto-brito\/"},"rttpg_comment":0,"rttpg_category":"<a href=\"https:\/\/lackman.com.br\/index.php\/category\/arte\/\" rel=\"category tag\">Arte<\/a>","rttpg_excerpt":"Em justa homenagem, neto remonta hist\u00f3ria do av\u00f4 atrav\u00e9s de cole\u00e7\u00e3o recheada de \u00edcones da arte brasileira A fam\u00edlia Aversa \u00e9 ligada pela paix\u00e3o \u00e0s artes pl\u00e1sticas. Paulino \u00e9 pai, artista prol\u00edfico de Bras\u00edlia que voc\u00ea j\u00e1 deve ter ouvido falar. Afinal, foi ele quem pintou aquelas Kombis que a gente v\u00ea \u201cjogadas\u201d no gramado&hellip;","_links":{"self":[{"href":"https:\/\/lackman.com.br\/index.php\/wp-json\/wp\/v2\/posts\/4777","targetHints":{"allow":["GET"]}}],"collection":[{"href":"https:\/\/lackman.com.br\/index.php\/wp-json\/wp\/v2\/posts"}],"about":[{"href":"https:\/\/lackman.com.br\/index.php\/wp-json\/wp\/v2\/types\/post"}],"author":[{"embeddable":true,"href":"https:\/\/lackman.com.br\/index.php\/wp-json\/wp\/v2\/users\/6"}],"replies":[{"embeddable":true,"href":"https:\/\/lackman.com.br\/index.php\/wp-json\/wp\/v2\/comments?post=4777"}],"version-history":[{"count":1,"href":"https:\/\/lackman.com.br\/index.php\/wp-json\/wp\/v2\/posts\/4777\/revisions"}],"predecessor-version":[{"id":4784,"href":"https:\/\/lackman.com.br\/index.php\/wp-json\/wp\/v2\/posts\/4777\/revisions\/4784"}],"wp:featuredmedia":[{"embeddable":true,"href":"https:\/\/lackman.com.br\/index.php\/wp-json\/wp\/v2\/media\/4778"}],"wp:attachment":[{"href":"https:\/\/lackman.com.br\/index.php\/wp-json\/wp\/v2\/media?parent=4777"}],"wp:term":[{"taxonomy":"category","embeddable":true,"href":"https:\/\/lackman.com.br\/index.php\/wp-json\/wp\/v2\/categories?post=4777"},{"taxonomy":"post_tag","embeddable":true,"href":"https:\/\/lackman.com.br\/index.php\/wp-json\/wp\/v2\/tags?post=4777"}],"curies":[{"name":"wp","href":"https:\/\/api.w.org\/{rel}","templated":true}]}}