{"id":4772,"date":"2023-07-25T16:50:12","date_gmt":"2023-07-25T19:50:12","guid":{"rendered":"https:\/\/lackman.com.br\/?p=4772"},"modified":"2023-07-28T01:47:58","modified_gmt":"2023-07-28T04:47:58","slug":"walter-firmo-palestra-na-galeria-olho-de-aguia-em-taguatinga","status":"publish","type":"post","link":"https:\/\/lackman.com.br\/index.php\/2023\/07\/25\/walter-firmo-palestra-na-galeria-olho-de-aguia-em-taguatinga\/","title":{"rendered":"Walter Firmo palestra na galeria Olho de \u00c1guia"},"content":{"rendered":"<h5 style=\"text-align: justify\">3\u00aa edi\u00e7\u00e3o do projeto Imagem Sem Fronteiras tem programa\u00e7\u00e3o com grandes fot\u00f3grafos do Brasil e exterior<\/h5>\n<p>&nbsp;<\/p>\n<p style=\"text-align: justify\">Aten\u00e7\u00e3o <strong>amantes da fotografia<\/strong>, nesta quinta-feira (27) acontece a primeira palestra do \u201c<em><strong>Imagens Sem Fronteiras<\/strong><\/em>\u201d, que contar\u00e1 com a presen\u00e7a de um dos maiores fotojornalistas brasileiros, <strong>Walter Firmo<\/strong> que estar\u00e1 dividindo hist\u00f3rias e um pouco da sua experi\u00eancia, que j\u00e1 soma mais de seis d\u00e9cadas de carreira, recheada por retratos poderosos e suas imagens emblem\u00e1ticas sobre a cultura afro-brasileira.<\/p>\n<p style=\"text-align: justify\"><img fetchpriority=\"high\" decoding=\"async\" class=\"alignnone size-large wp-image-4774\" src=\"http:\/\/lackman.com.br\/wp-content\/uploads\/2023\/07\/DSC5326-1024x681.jpg\" alt=\"\" width=\"1024\" height=\"681\" srcset=\"https:\/\/lackman.com.br\/wp-content\/uploads\/2023\/07\/DSC5326-1024x681.jpg 1024w, https:\/\/lackman.com.br\/wp-content\/uploads\/2023\/07\/DSC5326-300x200.jpg 300w, https:\/\/lackman.com.br\/wp-content\/uploads\/2023\/07\/DSC5326-768x511.jpg 768w, https:\/\/lackman.com.br\/wp-content\/uploads\/2023\/07\/DSC5326-1536x1022.jpg 1536w, https:\/\/lackman.com.br\/wp-content\/uploads\/2023\/07\/DSC5326-2048x1363.jpg 2048w\" sizes=\"(max-width: 1024px) 100vw, 1024px\" \/><\/p>\n<p style=\"text-align: justify\">Idealizado por <strong>Ivaldo Cavalcante<\/strong>, fundador do espa\u00e7o <strong>Galeria Olho de \u00c1guia em Taguatinga<\/strong>, o projeto tem como principal objetivo contribuir para a dissemina\u00e7\u00e3o da cultura fotogr\u00e1fica e incentivar a forma\u00e7\u00e3o de profissionais e estudantes de Fotografia, Cinema e Jornalismo. As palestras ser\u00e3o realizadas, mensalmente, entre agosto e novembro, com <strong>entrada franca<\/strong>. Uma exposi\u00e7\u00e3o, com 10 fotos de cada convidado, ser\u00e1 montada na galeria e ficar\u00e1 aberta \u00e0 visita\u00e7\u00e3o durante 30 dias.<\/p>\n<p style=\"text-align: justify\">\n<p style=\"text-align: justify\"><em>\u201cQueremos dar uma oportunidade \u00fanica para quem deseja conhecer o trabalho desses craques da fotografia em um bate-papo presencial e aberto ao p\u00fablico. E melhor ainda \u00e9 poder levar esse projeto para al\u00e9m do Plano Piloto\u201d<\/em>, explica Ivaldo.<\/p>\n<p style=\"text-align: justify\">\n<p style=\"text-align: justify\">E fiquem ligados na programa\u00e7\u00e3o do local, al\u00e9m de Firmo, j\u00e1 est\u00e3o confirmadas as presen\u00e7as do brasileiro <strong>Andr\u00e9 Liohn<\/strong>, dos norte-americanos <strong>James Naschthey<\/strong> e <strong>Lynsey Adario<\/strong> e do s\u00e9rvio <strong>Goran Tomasevic<\/strong>. Em comum esses quatro fot\u00f3grafos t\u00eam seus trabalhos reconhecidos por atuarem em zonas de guerra.<\/p>\n<p style=\"text-align: justify\"><img decoding=\"async\" class=\"alignnone size-large wp-image-4775\" src=\"http:\/\/lackman.com.br\/wp-content\/uploads\/2023\/07\/PICT0935-copia-1024x682.jpg\" alt=\"\" width=\"1024\" height=\"682\" srcset=\"https:\/\/lackman.com.br\/wp-content\/uploads\/2023\/07\/PICT0935-copia-1024x682.jpg 1024w, https:\/\/lackman.com.br\/wp-content\/uploads\/2023\/07\/PICT0935-copia-300x200.jpg 300w, https:\/\/lackman.com.br\/wp-content\/uploads\/2023\/07\/PICT0935-copia-768x511.jpg 768w, https:\/\/lackman.com.br\/wp-content\/uploads\/2023\/07\/PICT0935-copia-1536x1022.jpg 1536w, https:\/\/lackman.com.br\/wp-content\/uploads\/2023\/07\/PICT0935-copia.jpg 1803w\" sizes=\"(max-width: 1024px) 100vw, 1024px\" \/><\/p>\n<p style=\"text-align: justify\"><u>Servi\u00e7o:<\/u><\/p>\n<p style=\"text-align: justify\"><strong>Palestra Walter Firmo no projeto \u201cImagem Sem Fronteiras\u201d<\/strong><\/p>\n<p style=\"text-align: justify\"><strong>Onde:<\/strong> Espa\u00e7o Cultural Galeria Olho de \u00c1guia, CNF 01, Edif\u00edcio Praiamar, loja 12, Pra\u00e7a da CNF, Taguatinga Norte<\/p>\n<p style=\"text-align: justify\"><strong>Quando:<\/strong> Dia 27 de julho, \u00e0s 19 horas<\/p>\n<p style=\"text-align: justify\"><strong>Quanto:<\/strong> Entrada franca<\/p>\n<p style=\"text-align: justify\"><strong>Mais informa\u00e7\u00f5es:<\/strong> @imagemsemfronteiras<\/p>\n<p style=\"text-align: justify\">\n<pre>Cr\u00e9dito fotogr\u00e1fico: Walter Firmo\/Divulga\u00e7\u00e3o<\/pre>\n","protected":false},"excerpt":{"rendered":"<p>3\u00aa edi\u00e7\u00e3o do projeto Imagem Sem Fronteiras tem programa\u00e7\u00e3o com grandes fot\u00f3grafos do Brasil e exterior &nbsp; Aten\u00e7\u00e3o amantes da fotografia, nesta quinta-feira (27) acontece a primeira palestra do \u201cImagens Sem Fronteiras\u201d, que contar\u00e1 com a presen\u00e7a de um dos maiores fotojornalistas brasileiros, Walter Firmo que estar\u00e1 dividindo hist\u00f3rias e um pouco da sua experi\u00eancia, que j\u00e1 soma mais de seis d\u00e9cadas de carreira, recheada por retratos poderosos e suas imagens emblem\u00e1ticas sobre a cultura afro-brasileira. Idealizado por Ivaldo Cavalcante, fundador do espa\u00e7o Galeria Olho de \u00c1guia em Taguatinga, o projeto tem como principal objetivo contribuir para a dissemina\u00e7\u00e3o da cultura fotogr\u00e1fica e incentivar a forma\u00e7\u00e3o de profissionais e estudantes de Fotografia, Cinema e Jornalismo. As palestras ser\u00e3o realizadas, mensalmente, entre agosto e novembro, com entrada franca. Uma exposi\u00e7\u00e3o, com 10 fotos de cada convidado, ser\u00e1 montada na galeria e ficar\u00e1 aberta \u00e0 visita\u00e7\u00e3o durante 30 dias. \u201cQueremos dar uma oportunidade \u00fanica para quem deseja conhecer o trabalho desses craques da fotografia em um bate-papo presencial e aberto ao p\u00fablico. E melhor ainda \u00e9 poder levar esse projeto para al\u00e9m do Plano Piloto\u201d, explica Ivaldo. E fiquem ligados na programa\u00e7\u00e3o do local, al\u00e9m de Firmo, j\u00e1 est\u00e3o confirmadas as presen\u00e7as do brasileiro Andr\u00e9 Liohn, dos norte-americanos James Naschthey e Lynsey Adario e do s\u00e9rvio Goran Tomasevic. Em comum esses quatro fot\u00f3grafos t\u00eam seus trabalhos reconhecidos por atuarem em zonas de guerra. Servi\u00e7o: Palestra Walter Firmo no projeto \u201cImagem Sem Fronteiras\u201d Onde: Espa\u00e7o Cultural Galeria Olho de \u00c1guia, CNF 01, Edif\u00edcio Praiamar, loja 12, Pra\u00e7a da CNF, Taguatinga Norte Quando: Dia 27 de julho, \u00e0s 19 horas Quanto: Entrada franca Mais informa\u00e7\u00f5es: @imagemsemfronteiras Cr\u00e9dito fotogr\u00e1fico: Walter Firmo\/Divulga\u00e7\u00e3o<\/p>\n","protected":false},"author":6,"featured_media":4773,"comment_status":"closed","ping_status":"open","sticky":false,"template":"","format":"standard","meta":{"site-sidebar-layout":"default","site-content-layout":"default","ast-site-content-layout":"default","site-content-style":"default","site-sidebar-style":"default","ast-global-header-display":"","ast-banner-title-visibility":"","ast-main-header-display":"","ast-hfb-above-header-display":"","ast-hfb-below-header-display":"","ast-hfb-mobile-header-display":"","site-post-title":"","ast-breadcrumbs-content":"","ast-featured-img":"","footer-sml-layout":"","ast-disable-related-posts":"","theme-transparent-header-meta":"default","adv-header-id-meta":"","stick-header-meta":"","header-above-stick-meta":"","header-main-stick-meta":"","header-below-stick-meta":"","astra-migrate-meta-layouts":"default","ast-page-background-enabled":"default","ast-page-background-meta":{"desktop":{"background-color":"","background-image":"","background-repeat":"repeat","background-position":"center center","background-size":"auto","background-attachment":"scroll","background-type":"","background-media":"","overlay-type":"","overlay-color":"","overlay-opacity":"","overlay-gradient":""},"tablet":{"background-color":"","background-image":"","background-repeat":"repeat","background-position":"center center","background-size":"auto","background-attachment":"scroll","background-type":"","background-media":"","overlay-type":"","overlay-color":"","overlay-opacity":"","overlay-gradient":""},"mobile":{"background-color":"","background-image":"","background-repeat":"repeat","background-position":"center center","background-size":"auto","background-attachment":"scroll","background-type":"","background-media":"","overlay-type":"","overlay-color":"","overlay-opacity":"","overlay-gradient":""}},"ast-content-background-meta":{"desktop":{"background-color":"var(--ast-global-color-5)","background-image":"","background-repeat":"repeat","background-position":"center center","background-size":"auto","background-attachment":"scroll","background-type":"","background-media":"","overlay-type":"","overlay-color":"","overlay-opacity":"","overlay-gradient":""},"tablet":{"background-color":"var(--ast-global-color-5)","background-image":"","background-repeat":"repeat","background-position":"center center","background-size":"auto","background-attachment":"scroll","background-type":"","background-media":"","overlay-type":"","overlay-color":"","overlay-opacity":"","overlay-gradient":""},"mobile":{"background-color":"var(--ast-global-color-5)","background-image":"","background-repeat":"repeat","background-position":"center center","background-size":"auto","background-attachment":"scroll","background-type":"","background-media":"","overlay-type":"","overlay-color":"","overlay-opacity":"","overlay-gradient":""}},"footnotes":""},"categories":[46],"tags":[356,54,178,261,308,352,355,354,353,358,357,210,351],"class_list":["post-4772","post","type-post","status-publish","format-standard","has-post-thumbnail","hentry","category-arte","tag-abertura","tag-brasilia","tag-cultura","tag-exposicao","tag-fotografia","tag-fotografo","tag-fotos","tag-galeria","tag-galeria-olho-de-aguia","tag-ivaldo-cavalcante","tag-palestra","tag-taguatinga","tag-walter-firmo"],"yoast_head":"<!-- This site is optimized with the Yoast SEO plugin v27.0 - https:\/\/yoast.com\/product\/yoast-seo-wordpress\/ -->\n<title>Walter Firmo palestra na galeria Olho de \u00c1guia - LACKMAN &amp; CO.<\/title>\n<meta name=\"robots\" content=\"index, follow, max-snippet:-1, max-image-preview:large, max-video-preview:-1\" \/>\n<link rel=\"canonical\" href=\"https:\/\/lackman.com.br\/index.php\/2023\/07\/25\/walter-firmo-palestra-na-galeria-olho-de-aguia-em-taguatinga\/\" \/>\n<meta property=\"og:locale\" content=\"pt_BR\" \/>\n<meta property=\"og:type\" content=\"article\" \/>\n<meta property=\"og:title\" content=\"Walter Firmo palestra na galeria Olho de \u00c1guia - LACKMAN &amp; CO.\" \/>\n<meta property=\"og:description\" content=\"3\u00aa edi\u00e7\u00e3o do projeto Imagem Sem Fronteiras tem programa\u00e7\u00e3o com grandes fot\u00f3grafos do Brasil e exterior &nbsp; Aten\u00e7\u00e3o amantes da fotografia, nesta quinta-feira (27) acontece a primeira palestra do \u201cImagens Sem Fronteiras\u201d, que contar\u00e1 com a presen\u00e7a de um dos maiores fotojornalistas brasileiros, Walter Firmo que estar\u00e1 dividindo hist\u00f3rias e um pouco da sua experi\u00eancia, que j\u00e1 soma mais de seis d\u00e9cadas de carreira, recheada por retratos poderosos e suas imagens emblem\u00e1ticas sobre a cultura afro-brasileira. Idealizado por Ivaldo Cavalcante, fundador do espa\u00e7o Galeria Olho de \u00c1guia em Taguatinga, o projeto tem como principal objetivo contribuir para a dissemina\u00e7\u00e3o da cultura fotogr\u00e1fica e incentivar a forma\u00e7\u00e3o de profissionais e estudantes de Fotografia, Cinema e Jornalismo. As palestras ser\u00e3o realizadas, mensalmente, entre agosto e novembro, com entrada franca. Uma exposi\u00e7\u00e3o, com 10 fotos de cada convidado, ser\u00e1 montada na galeria e ficar\u00e1 aberta \u00e0 visita\u00e7\u00e3o durante 30 dias. \u201cQueremos dar uma oportunidade \u00fanica para quem deseja conhecer o trabalho desses craques da fotografia em um bate-papo presencial e aberto ao p\u00fablico. E melhor ainda \u00e9 poder levar esse projeto para al\u00e9m do Plano Piloto\u201d, explica Ivaldo. E fiquem ligados na programa\u00e7\u00e3o do local, al\u00e9m de Firmo, j\u00e1 est\u00e3o confirmadas as presen\u00e7as do brasileiro Andr\u00e9 Liohn, dos norte-americanos James Naschthey e Lynsey Adario e do s\u00e9rvio Goran Tomasevic. Em comum esses quatro fot\u00f3grafos t\u00eam seus trabalhos reconhecidos por atuarem em zonas de guerra. Servi\u00e7o: Palestra Walter Firmo no projeto \u201cImagem Sem Fronteiras\u201d Onde: Espa\u00e7o Cultural Galeria Olho de \u00c1guia, CNF 01, Edif\u00edcio Praiamar, loja 12, Pra\u00e7a da CNF, Taguatinga Norte Quando: Dia 27 de julho, \u00e0s 19 horas Quanto: Entrada franca Mais informa\u00e7\u00f5es: @imagemsemfronteiras Cr\u00e9dito fotogr\u00e1fico: Walter Firmo\/Divulga\u00e7\u00e3o\" \/>\n<meta property=\"og:url\" content=\"https:\/\/lackman.com.br\/index.php\/2023\/07\/25\/walter-firmo-palestra-na-galeria-olho-de-aguia-em-taguatinga\/\" \/>\n<meta property=\"og:site_name\" content=\"LACKMAN &amp; CO.\" \/>\n<meta property=\"article:published_time\" content=\"2023-07-25T19:50:12+00:00\" \/>\n<meta property=\"article:modified_time\" content=\"2023-07-28T04:47:58+00:00\" \/>\n<meta property=\"og:image\" content=\"http:\/\/lackman.com.br\/wp-content\/uploads\/2023\/07\/Ensaio-arrastado-5-scaled.jpg\" \/>\n\t<meta property=\"og:image:width\" content=\"2560\" \/>\n\t<meta property=\"og:image:height\" content=\"1673\" \/>\n\t<meta property=\"og:image:type\" content=\"image\/jpeg\" \/>\n<meta name=\"author\" content=\"Gilberto Evangelista - Colunista\" \/>\n<meta name=\"twitter:card\" content=\"summary_large_image\" \/>\n<meta name=\"twitter:label1\" content=\"Escrito por\" \/>\n\t<meta name=\"twitter:data1\" content=\"Gilberto Evangelista - Colunista\" \/>\n\t<meta name=\"twitter:label2\" content=\"Est. tempo de leitura\" \/>\n\t<meta name=\"twitter:data2\" content=\"2 minutos\" \/>\n<script type=\"application\/ld+json\" class=\"yoast-schema-graph\">{\"@context\":\"https:\/\/schema.org\",\"@graph\":[{\"@type\":\"Article\",\"@id\":\"https:\/\/lackman.com.br\/index.php\/2023\/07\/25\/walter-firmo-palestra-na-galeria-olho-de-aguia-em-taguatinga\/#article\",\"isPartOf\":{\"@id\":\"https:\/\/lackman.com.br\/index.php\/2023\/07\/25\/walter-firmo-palestra-na-galeria-olho-de-aguia-em-taguatinga\/\"},\"author\":{\"name\":\"Gilberto Evangelista - Colunista\",\"@id\":\"https:\/\/lackman.com.br\/#\/schema\/person\/8a2355f699593d21d4f0d25b69db5747\"},\"headline\":\"Walter Firmo palestra na galeria Olho de \u00c1guia\",\"datePublished\":\"2023-07-25T19:50:12+00:00\",\"dateModified\":\"2023-07-28T04:47:58+00:00\",\"mainEntityOfPage\":{\"@id\":\"https:\/\/lackman.com.br\/index.php\/2023\/07\/25\/walter-firmo-palestra-na-galeria-olho-de-aguia-em-taguatinga\/\"},\"wordCount\":300,\"publisher\":{\"@id\":\"https:\/\/lackman.com.br\/#organization\"},\"image\":{\"@id\":\"https:\/\/lackman.com.br\/index.php\/2023\/07\/25\/walter-firmo-palestra-na-galeria-olho-de-aguia-em-taguatinga\/#primaryimage\"},\"thumbnailUrl\":\"https:\/\/lackman.com.br\/wp-content\/uploads\/2023\/07\/Ensaio-arrastado-5-scaled.jpg\",\"keywords\":[\"abertura\",\"brasilia\",\"cultura\",\"exposi\u00e7\u00e3o\",\"fotografia\",\"fot\u00f3grafo\",\"fotos\",\"galeria\",\"Galeria Olho de \u00c1guia\",\"Ivaldo Cavalcante\",\"palestra\",\"taguatinga\",\"Walter Firmo\"],\"articleSection\":[\"Arte\"],\"inLanguage\":\"pt-BR\"},{\"@type\":\"WebPage\",\"@id\":\"https:\/\/lackman.com.br\/index.php\/2023\/07\/25\/walter-firmo-palestra-na-galeria-olho-de-aguia-em-taguatinga\/\",\"url\":\"https:\/\/lackman.com.br\/index.php\/2023\/07\/25\/walter-firmo-palestra-na-galeria-olho-de-aguia-em-taguatinga\/\",\"name\":\"Walter Firmo palestra na galeria Olho de \u00c1guia - LACKMAN &amp; CO.\",\"isPartOf\":{\"@id\":\"https:\/\/lackman.com.br\/#website\"},\"primaryImageOfPage\":{\"@id\":\"https:\/\/lackman.com.br\/index.php\/2023\/07\/25\/walter-firmo-palestra-na-galeria-olho-de-aguia-em-taguatinga\/#primaryimage\"},\"image\":{\"@id\":\"https:\/\/lackman.com.br\/index.php\/2023\/07\/25\/walter-firmo-palestra-na-galeria-olho-de-aguia-em-taguatinga\/#primaryimage\"},\"thumbnailUrl\":\"https:\/\/lackman.com.br\/wp-content\/uploads\/2023\/07\/Ensaio-arrastado-5-scaled.jpg\",\"datePublished\":\"2023-07-25T19:50:12+00:00\",\"dateModified\":\"2023-07-28T04:47:58+00:00\",\"breadcrumb\":{\"@id\":\"https:\/\/lackman.com.br\/index.php\/2023\/07\/25\/walter-firmo-palestra-na-galeria-olho-de-aguia-em-taguatinga\/#breadcrumb\"},\"inLanguage\":\"pt-BR\",\"potentialAction\":[{\"@type\":\"ReadAction\",\"target\":[\"https:\/\/lackman.com.br\/index.php\/2023\/07\/25\/walter-firmo-palestra-na-galeria-olho-de-aguia-em-taguatinga\/\"]}]},{\"@type\":\"ImageObject\",\"inLanguage\":\"pt-BR\",\"@id\":\"https:\/\/lackman.com.br\/index.php\/2023\/07\/25\/walter-firmo-palestra-na-galeria-olho-de-aguia-em-taguatinga\/#primaryimage\",\"url\":\"https:\/\/lackman.com.br\/wp-content\/uploads\/2023\/07\/Ensaio-arrastado-5-scaled.jpg\",\"contentUrl\":\"https:\/\/lackman.com.br\/wp-content\/uploads\/2023\/07\/Ensaio-arrastado-5-scaled.jpg\",\"width\":2560,\"height\":1673},{\"@type\":\"BreadcrumbList\",\"@id\":\"https:\/\/lackman.com.br\/index.php\/2023\/07\/25\/walter-firmo-palestra-na-galeria-olho-de-aguia-em-taguatinga\/#breadcrumb\",\"itemListElement\":[{\"@type\":\"ListItem\",\"position\":1,\"name\":\"In\u00edcio\",\"item\":\"https:\/\/lackman.com.br\/\"},{\"@type\":\"ListItem\",\"position\":2,\"name\":\"Walter Firmo palestra na galeria Olho de \u00c1guia\"}]},{\"@type\":\"WebSite\",\"@id\":\"https:\/\/lackman.com.br\/#website\",\"url\":\"https:\/\/lackman.com.br\/\",\"name\":\"LACKMAN &amp; CO.\",\"description\":\"VIDA | MODA | ARTE\",\"publisher\":{\"@id\":\"https:\/\/lackman.com.br\/#organization\"},\"potentialAction\":[{\"@type\":\"SearchAction\",\"target\":{\"@type\":\"EntryPoint\",\"urlTemplate\":\"https:\/\/lackman.com.br\/?s={search_term_string}\"},\"query-input\":{\"@type\":\"PropertyValueSpecification\",\"valueRequired\":true,\"valueName\":\"search_term_string\"}}],\"inLanguage\":\"pt-BR\"},{\"@type\":\"Organization\",\"@id\":\"https:\/\/lackman.com.br\/#organization\",\"name\":\"LACKMAN &amp; CO.\",\"url\":\"https:\/\/lackman.com.br\/\",\"logo\":{\"@type\":\"ImageObject\",\"inLanguage\":\"pt-BR\",\"@id\":\"https:\/\/lackman.com.br\/#\/schema\/logo\/image\/\",\"url\":\"https:\/\/lackman.com.br\/wp-content\/uploads\/2023\/06\/Logotipo_preto-1.png\",\"contentUrl\":\"https:\/\/lackman.com.br\/wp-content\/uploads\/2023\/06\/Logotipo_preto-1.png\",\"width\":739,\"height\":393,\"caption\":\"LACKMAN &amp; CO.\"},\"image\":{\"@id\":\"https:\/\/lackman.com.br\/#\/schema\/logo\/image\/\"}},{\"@type\":\"Person\",\"@id\":\"https:\/\/lackman.com.br\/#\/schema\/person\/8a2355f699593d21d4f0d25b69db5747\",\"name\":\"Gilberto Evangelista - Colunista\",\"image\":{\"@type\":\"ImageObject\",\"inLanguage\":\"pt-BR\",\"@id\":\"https:\/\/lackman.com.br\/#\/schema\/person\/image\/\",\"url\":\"https:\/\/secure.gravatar.com\/avatar\/cea9badf02f8a90f7a745f2cbea45fda61f65711ec015e2faf3809cca6337c28?s=96&d=mm&r=g\",\"contentUrl\":\"https:\/\/secure.gravatar.com\/avatar\/cea9badf02f8a90f7a745f2cbea45fda61f65711ec015e2faf3809cca6337c28?s=96&d=mm&r=g\",\"caption\":\"Gilberto Evangelista - Colunista\"},\"description\":\"Jornalista e globetrotter.\",\"url\":\"https:\/\/lackman.com.br\/index.php\/author\/gilberto-brito\/\"}]}<\/script>\n<!-- \/ Yoast SEO plugin. -->","yoast_head_json":{"title":"Walter Firmo palestra na galeria Olho de \u00c1guia - LACKMAN &amp; CO.","robots":{"index":"index","follow":"follow","max-snippet":"max-snippet:-1","max-image-preview":"max-image-preview:large","max-video-preview":"max-video-preview:-1"},"canonical":"https:\/\/lackman.com.br\/index.php\/2023\/07\/25\/walter-firmo-palestra-na-galeria-olho-de-aguia-em-taguatinga\/","og_locale":"pt_BR","og_type":"article","og_title":"Walter Firmo palestra na galeria Olho de \u00c1guia - LACKMAN &amp; CO.","og_description":"3\u00aa edi\u00e7\u00e3o do projeto Imagem Sem Fronteiras tem programa\u00e7\u00e3o com grandes fot\u00f3grafos do Brasil e exterior &nbsp; Aten\u00e7\u00e3o amantes da fotografia, nesta quinta-feira (27) acontece a primeira palestra do \u201cImagens Sem Fronteiras\u201d, que contar\u00e1 com a presen\u00e7a de um dos maiores fotojornalistas brasileiros, Walter Firmo que estar\u00e1 dividindo hist\u00f3rias e um pouco da sua experi\u00eancia, que j\u00e1 soma mais de seis d\u00e9cadas de carreira, recheada por retratos poderosos e suas imagens emblem\u00e1ticas sobre a cultura afro-brasileira. Idealizado por Ivaldo Cavalcante, fundador do espa\u00e7o Galeria Olho de \u00c1guia em Taguatinga, o projeto tem como principal objetivo contribuir para a dissemina\u00e7\u00e3o da cultura fotogr\u00e1fica e incentivar a forma\u00e7\u00e3o de profissionais e estudantes de Fotografia, Cinema e Jornalismo. As palestras ser\u00e3o realizadas, mensalmente, entre agosto e novembro, com entrada franca. Uma exposi\u00e7\u00e3o, com 10 fotos de cada convidado, ser\u00e1 montada na galeria e ficar\u00e1 aberta \u00e0 visita\u00e7\u00e3o durante 30 dias. \u201cQueremos dar uma oportunidade \u00fanica para quem deseja conhecer o trabalho desses craques da fotografia em um bate-papo presencial e aberto ao p\u00fablico. E melhor ainda \u00e9 poder levar esse projeto para al\u00e9m do Plano Piloto\u201d, explica Ivaldo. E fiquem ligados na programa\u00e7\u00e3o do local, al\u00e9m de Firmo, j\u00e1 est\u00e3o confirmadas as presen\u00e7as do brasileiro Andr\u00e9 Liohn, dos norte-americanos James Naschthey e Lynsey Adario e do s\u00e9rvio Goran Tomasevic. Em comum esses quatro fot\u00f3grafos t\u00eam seus trabalhos reconhecidos por atuarem em zonas de guerra. Servi\u00e7o: Palestra Walter Firmo no projeto \u201cImagem Sem Fronteiras\u201d Onde: Espa\u00e7o Cultural Galeria Olho de \u00c1guia, CNF 01, Edif\u00edcio Praiamar, loja 12, Pra\u00e7a da CNF, Taguatinga Norte Quando: Dia 27 de julho, \u00e0s 19 horas Quanto: Entrada franca Mais informa\u00e7\u00f5es: @imagemsemfronteiras Cr\u00e9dito fotogr\u00e1fico: Walter Firmo\/Divulga\u00e7\u00e3o","og_url":"https:\/\/lackman.com.br\/index.php\/2023\/07\/25\/walter-firmo-palestra-na-galeria-olho-de-aguia-em-taguatinga\/","og_site_name":"LACKMAN &amp; CO.","article_published_time":"2023-07-25T19:50:12+00:00","article_modified_time":"2023-07-28T04:47:58+00:00","og_image":[{"width":2560,"height":1673,"url":"http:\/\/lackman.com.br\/wp-content\/uploads\/2023\/07\/Ensaio-arrastado-5-scaled.jpg","type":"image\/jpeg"}],"author":"Gilberto Evangelista - Colunista","twitter_card":"summary_large_image","twitter_misc":{"Escrito por":"Gilberto Evangelista - Colunista","Est. tempo de leitura":"2 minutos"},"schema":{"@context":"https:\/\/schema.org","@graph":[{"@type":"Article","@id":"https:\/\/lackman.com.br\/index.php\/2023\/07\/25\/walter-firmo-palestra-na-galeria-olho-de-aguia-em-taguatinga\/#article","isPartOf":{"@id":"https:\/\/lackman.com.br\/index.php\/2023\/07\/25\/walter-firmo-palestra-na-galeria-olho-de-aguia-em-taguatinga\/"},"author":{"name":"Gilberto Evangelista - Colunista","@id":"https:\/\/lackman.com.br\/#\/schema\/person\/8a2355f699593d21d4f0d25b69db5747"},"headline":"Walter Firmo palestra na galeria Olho de \u00c1guia","datePublished":"2023-07-25T19:50:12+00:00","dateModified":"2023-07-28T04:47:58+00:00","mainEntityOfPage":{"@id":"https:\/\/lackman.com.br\/index.php\/2023\/07\/25\/walter-firmo-palestra-na-galeria-olho-de-aguia-em-taguatinga\/"},"wordCount":300,"publisher":{"@id":"https:\/\/lackman.com.br\/#organization"},"image":{"@id":"https:\/\/lackman.com.br\/index.php\/2023\/07\/25\/walter-firmo-palestra-na-galeria-olho-de-aguia-em-taguatinga\/#primaryimage"},"thumbnailUrl":"https:\/\/lackman.com.br\/wp-content\/uploads\/2023\/07\/Ensaio-arrastado-5-scaled.jpg","keywords":["abertura","brasilia","cultura","exposi\u00e7\u00e3o","fotografia","fot\u00f3grafo","fotos","galeria","Galeria Olho de \u00c1guia","Ivaldo Cavalcante","palestra","taguatinga","Walter Firmo"],"articleSection":["Arte"],"inLanguage":"pt-BR"},{"@type":"WebPage","@id":"https:\/\/lackman.com.br\/index.php\/2023\/07\/25\/walter-firmo-palestra-na-galeria-olho-de-aguia-em-taguatinga\/","url":"https:\/\/lackman.com.br\/index.php\/2023\/07\/25\/walter-firmo-palestra-na-galeria-olho-de-aguia-em-taguatinga\/","name":"Walter Firmo palestra na galeria Olho de \u00c1guia - LACKMAN &amp; CO.","isPartOf":{"@id":"https:\/\/lackman.com.br\/#website"},"primaryImageOfPage":{"@id":"https:\/\/lackman.com.br\/index.php\/2023\/07\/25\/walter-firmo-palestra-na-galeria-olho-de-aguia-em-taguatinga\/#primaryimage"},"image":{"@id":"https:\/\/lackman.com.br\/index.php\/2023\/07\/25\/walter-firmo-palestra-na-galeria-olho-de-aguia-em-taguatinga\/#primaryimage"},"thumbnailUrl":"https:\/\/lackman.com.br\/wp-content\/uploads\/2023\/07\/Ensaio-arrastado-5-scaled.jpg","datePublished":"2023-07-25T19:50:12+00:00","dateModified":"2023-07-28T04:47:58+00:00","breadcrumb":{"@id":"https:\/\/lackman.com.br\/index.php\/2023\/07\/25\/walter-firmo-palestra-na-galeria-olho-de-aguia-em-taguatinga\/#breadcrumb"},"inLanguage":"pt-BR","potentialAction":[{"@type":"ReadAction","target":["https:\/\/lackman.com.br\/index.php\/2023\/07\/25\/walter-firmo-palestra-na-galeria-olho-de-aguia-em-taguatinga\/"]}]},{"@type":"ImageObject","inLanguage":"pt-BR","@id":"https:\/\/lackman.com.br\/index.php\/2023\/07\/25\/walter-firmo-palestra-na-galeria-olho-de-aguia-em-taguatinga\/#primaryimage","url":"https:\/\/lackman.com.br\/wp-content\/uploads\/2023\/07\/Ensaio-arrastado-5-scaled.jpg","contentUrl":"https:\/\/lackman.com.br\/wp-content\/uploads\/2023\/07\/Ensaio-arrastado-5-scaled.jpg","width":2560,"height":1673},{"@type":"BreadcrumbList","@id":"https:\/\/lackman.com.br\/index.php\/2023\/07\/25\/walter-firmo-palestra-na-galeria-olho-de-aguia-em-taguatinga\/#breadcrumb","itemListElement":[{"@type":"ListItem","position":1,"name":"In\u00edcio","item":"https:\/\/lackman.com.br\/"},{"@type":"ListItem","position":2,"name":"Walter Firmo palestra na galeria Olho de \u00c1guia"}]},{"@type":"WebSite","@id":"https:\/\/lackman.com.br\/#website","url":"https:\/\/lackman.com.br\/","name":"LACKMAN &amp; CO.","description":"VIDA | MODA | ARTE","publisher":{"@id":"https:\/\/lackman.com.br\/#organization"},"potentialAction":[{"@type":"SearchAction","target":{"@type":"EntryPoint","urlTemplate":"https:\/\/lackman.com.br\/?s={search_term_string}"},"query-input":{"@type":"PropertyValueSpecification","valueRequired":true,"valueName":"search_term_string"}}],"inLanguage":"pt-BR"},{"@type":"Organization","@id":"https:\/\/lackman.com.br\/#organization","name":"LACKMAN &amp; CO.","url":"https:\/\/lackman.com.br\/","logo":{"@type":"ImageObject","inLanguage":"pt-BR","@id":"https:\/\/lackman.com.br\/#\/schema\/logo\/image\/","url":"https:\/\/lackman.com.br\/wp-content\/uploads\/2023\/06\/Logotipo_preto-1.png","contentUrl":"https:\/\/lackman.com.br\/wp-content\/uploads\/2023\/06\/Logotipo_preto-1.png","width":739,"height":393,"caption":"LACKMAN &amp; CO."},"image":{"@id":"https:\/\/lackman.com.br\/#\/schema\/logo\/image\/"}},{"@type":"Person","@id":"https:\/\/lackman.com.br\/#\/schema\/person\/8a2355f699593d21d4f0d25b69db5747","name":"Gilberto Evangelista - Colunista","image":{"@type":"ImageObject","inLanguage":"pt-BR","@id":"https:\/\/lackman.com.br\/#\/schema\/person\/image\/","url":"https:\/\/secure.gravatar.com\/avatar\/cea9badf02f8a90f7a745f2cbea45fda61f65711ec015e2faf3809cca6337c28?s=96&d=mm&r=g","contentUrl":"https:\/\/secure.gravatar.com\/avatar\/cea9badf02f8a90f7a745f2cbea45fda61f65711ec015e2faf3809cca6337c28?s=96&d=mm&r=g","caption":"Gilberto Evangelista - Colunista"},"description":"Jornalista e globetrotter.","url":"https:\/\/lackman.com.br\/index.php\/author\/gilberto-brito\/"}]}},"rttpg_featured_image_url":{"full":["https:\/\/lackman.com.br\/wp-content\/uploads\/2023\/07\/Ensaio-arrastado-5-scaled.jpg",2560,1673,false],"landscape":["https:\/\/lackman.com.br\/wp-content\/uploads\/2023\/07\/Ensaio-arrastado-5-scaled.jpg",2560,1673,false],"portraits":["https:\/\/lackman.com.br\/wp-content\/uploads\/2023\/07\/Ensaio-arrastado-5-scaled.jpg",2560,1673,false],"thumbnail":["https:\/\/lackman.com.br\/wp-content\/uploads\/2023\/07\/Ensaio-arrastado-5-150x150.jpg",150,150,true],"medium":["https:\/\/lackman.com.br\/wp-content\/uploads\/2023\/07\/Ensaio-arrastado-5-300x196.jpg",300,196,true],"large":["https:\/\/lackman.com.br\/wp-content\/uploads\/2023\/07\/Ensaio-arrastado-5-1024x669.jpg",1024,669,true],"RoboGalleryMansoryImagesCenter":["https:\/\/lackman.com.br\/wp-content\/uploads\/2023\/07\/Ensaio-arrastado-5-600x1024.jpg",600,1024,true],"RoboGalleryPreload":["https:\/\/lackman.com.br\/wp-content\/uploads\/2023\/07\/Ensaio-arrastado-5-scaled.jpg",100,65,false],"1536x1536":["https:\/\/lackman.com.br\/wp-content\/uploads\/2023\/07\/Ensaio-arrastado-5-1536x1004.jpg",1536,1004,true],"2048x2048":["https:\/\/lackman.com.br\/wp-content\/uploads\/2023\/07\/Ensaio-arrastado-5-2048x1339.jpg",2048,1339,true]},"rttpg_author":{"display_name":"Gilberto Evangelista - Colunista","author_link":"https:\/\/lackman.com.br\/index.php\/author\/gilberto-brito\/"},"rttpg_comment":0,"rttpg_category":"<a href=\"https:\/\/lackman.com.br\/index.php\/category\/arte\/\" rel=\"category tag\">Arte<\/a>","rttpg_excerpt":"3\u00aa edi\u00e7\u00e3o do projeto Imagem Sem Fronteiras tem programa\u00e7\u00e3o com grandes fot\u00f3grafos do Brasil e exterior &nbsp; Aten\u00e7\u00e3o amantes da fotografia, nesta quinta-feira (27) acontece a primeira palestra do \u201cImagens Sem Fronteiras\u201d, que contar\u00e1 com a presen\u00e7a de um dos maiores fotojornalistas brasileiros, Walter Firmo que estar\u00e1 dividindo hist\u00f3rias e um pouco da sua experi\u00eancia,&hellip;","_links":{"self":[{"href":"https:\/\/lackman.com.br\/index.php\/wp-json\/wp\/v2\/posts\/4772","targetHints":{"allow":["GET"]}}],"collection":[{"href":"https:\/\/lackman.com.br\/index.php\/wp-json\/wp\/v2\/posts"}],"about":[{"href":"https:\/\/lackman.com.br\/index.php\/wp-json\/wp\/v2\/types\/post"}],"author":[{"embeddable":true,"href":"https:\/\/lackman.com.br\/index.php\/wp-json\/wp\/v2\/users\/6"}],"replies":[{"embeddable":true,"href":"https:\/\/lackman.com.br\/index.php\/wp-json\/wp\/v2\/comments?post=4772"}],"version-history":[{"count":2,"href":"https:\/\/lackman.com.br\/index.php\/wp-json\/wp\/v2\/posts\/4772\/revisions"}],"predecessor-version":[{"id":4792,"href":"https:\/\/lackman.com.br\/index.php\/wp-json\/wp\/v2\/posts\/4772\/revisions\/4792"}],"wp:featuredmedia":[{"embeddable":true,"href":"https:\/\/lackman.com.br\/index.php\/wp-json\/wp\/v2\/media\/4773"}],"wp:attachment":[{"href":"https:\/\/lackman.com.br\/index.php\/wp-json\/wp\/v2\/media?parent=4772"}],"wp:term":[{"taxonomy":"category","embeddable":true,"href":"https:\/\/lackman.com.br\/index.php\/wp-json\/wp\/v2\/categories?post=4772"},{"taxonomy":"post_tag","embeddable":true,"href":"https:\/\/lackman.com.br\/index.php\/wp-json\/wp\/v2\/tags?post=4772"}],"curies":[{"name":"wp","href":"https:\/\/api.w.org\/{rel}","templated":true}]}}