{"id":4696,"date":"2023-07-18T22:29:07","date_gmt":"2023-07-19T01:29:07","guid":{"rendered":"https:\/\/lackman.com.br\/?p=4696"},"modified":"2023-07-21T00:50:32","modified_gmt":"2023-07-21T03:50:32","slug":"que-tal-uma-visita-guiada-pela-mostra-toda-sombra-e-um-pouco-de-luz","status":"publish","type":"post","link":"https:\/\/lackman.com.br\/index.php\/2023\/07\/18\/que-tal-uma-visita-guiada-pela-mostra-toda-sombra-e-um-pouco-de-luz\/","title":{"rendered":"Que tal uma visita pela \u201cToda sombra \u00e9 um pouco de luz\u201d?"},"content":{"rendered":"<p>Olha aquela <strong>dica esperta<\/strong> que todo mundo gosta! Na pr\u00f3xima quinta-feira, dia 20 de julho, exatamente \u00e0s 18h, o artista visual Jos\u00e9 <strong>Roberto Bassul<\/strong> estar\u00e1 conduzindo uma visita guiada pela mostra \u201c<em><strong>Toda sombra \u00e9 um pouco de luz<\/strong><\/em>\u201d, que est\u00e1 em cartaz na <strong>Refer\u00eancia Galeria<\/strong>. O legal \u00e9 que como a expo vai somente at\u00e9 o pr\u00f3ximo s\u00e1bado (22), essa se torna uma oportunidade para conhecer as obras e seu autor ao mesmo tempo.<\/p>\n<p><img fetchpriority=\"high\" decoding=\"async\" class=\"alignnone size-large wp-image-4698\" src=\"http:\/\/lackman.com.br\/wp-content\/uploads\/2023\/07\/Jose-Roberto-Bassul--1024x1024.jpg\" alt=\"\" width=\"1024\" height=\"1024\" srcset=\"https:\/\/lackman.com.br\/wp-content\/uploads\/2023\/07\/Jose-Roberto-Bassul--1024x1024.jpg 1024w, https:\/\/lackman.com.br\/wp-content\/uploads\/2023\/07\/Jose-Roberto-Bassul--300x300.jpg 300w, https:\/\/lackman.com.br\/wp-content\/uploads\/2023\/07\/Jose-Roberto-Bassul--150x150.jpg 150w, https:\/\/lackman.com.br\/wp-content\/uploads\/2023\/07\/Jose-Roberto-Bassul--768x768.jpg 768w, https:\/\/lackman.com.br\/wp-content\/uploads\/2023\/07\/Jose-Roberto-Bassul--1536x1536.jpg 1536w, https:\/\/lackman.com.br\/wp-content\/uploads\/2023\/07\/Jose-Roberto-Bassul-.jpg 1600w\" sizes=\"(max-width: 1024px) 100vw, 1024px\" \/><\/p>\n<p>Produzida entre 2020 e 2023, a exposi\u00e7\u00e3o tem curadoria de <strong>Eder Chiodetto<\/strong> e re\u00fane as s\u00e9ries \u201c<em>Urbe<\/em>\u201d e \u201c<em>O sol s\u00f3 vem depois<\/em>\u201d, em que Bassul d\u00e1 continuidade \u00e0 sua <strong>pesquisa fotogr\u00e1fica<\/strong> sobre a cidade, a presen\u00e7a humana e seus dilemas, como a ocupa\u00e7\u00e3o dos espa\u00e7os urbanos, a sociedade do consumo e o abandono e o desencanto.<\/p>\n<p><img decoding=\"async\" class=\"alignnone size-large wp-image-4697\" src=\"http:\/\/lackman.com.br\/wp-content\/uploads\/2023\/07\/361690212_1903347743374092_2908608934668433035_n_1-1024x1024.jpg\" alt=\"\" width=\"1024\" height=\"1024\" srcset=\"https:\/\/lackman.com.br\/wp-content\/uploads\/2023\/07\/361690212_1903347743374092_2908608934668433035_n_1-1024x1024.jpg 1024w, https:\/\/lackman.com.br\/wp-content\/uploads\/2023\/07\/361690212_1903347743374092_2908608934668433035_n_1-300x300.jpg 300w, https:\/\/lackman.com.br\/wp-content\/uploads\/2023\/07\/361690212_1903347743374092_2908608934668433035_n_1-150x150.jpg 150w, https:\/\/lackman.com.br\/wp-content\/uploads\/2023\/07\/361690212_1903347743374092_2908608934668433035_n_1-768x768.jpg 768w, https:\/\/lackman.com.br\/wp-content\/uploads\/2023\/07\/361690212_1903347743374092_2908608934668433035_n_1.jpg 1080w\" sizes=\"(max-width: 1024px) 100vw, 1024px\" \/><\/p>\n<p>Vale lembrar que, para quem n\u00e3o puder ir \u00e0 visita guiada de \u201c<em>Toda sombra \u00e9 um pouco de luz<\/em>\u201d, o hor\u00e1rio de funcionamento da Refer\u00eancia (que fica no Bloco B da 202 Norte) \u00e9 de segunda a sexta, das 10h \u00e0s 19h, e s\u00e1bado, das 10h \u00e0s 15h.\u00a0E o melhor, <strong>a entrada \u00e9 gratuita e livre para todos os p\u00fablicos<\/strong>.\u00a0Aproveita e anota a\u00ed os contatos para mais informa\u00e7\u00f5es: (61) 98162-3111 e <a href=\"https:\/\/www.instagram.com\/referenciagaleria\/\">@referenciagaleria<\/a>.<\/p>\n<p>&nbsp;<\/p>\n<pre>Foto: Divulga\u00e7\u00e3o<\/pre>\n","protected":false},"excerpt":{"rendered":"<p>Olha aquela dica esperta que todo mundo gosta! Na pr\u00f3xima quinta-feira, dia 20 de julho, exatamente \u00e0s 18h, o artista visual Jos\u00e9 Roberto Bassul estar\u00e1 conduzindo uma visita guiada pela mostra \u201cToda sombra \u00e9 um pouco de luz\u201d, que est\u00e1 em cartaz na Refer\u00eancia Galeria. O legal \u00e9 que como a expo vai somente at\u00e9 o pr\u00f3ximo s\u00e1bado (22), essa se torna uma oportunidade para conhecer as obras e seu autor ao mesmo tempo. Produzida entre 2020 e 2023, a exposi\u00e7\u00e3o tem curadoria de Eder Chiodetto e re\u00fane as s\u00e9ries \u201cUrbe\u201d e \u201cO sol s\u00f3 vem depois\u201d, em que Bassul d\u00e1 continuidade \u00e0 sua pesquisa fotogr\u00e1fica sobre a cidade, a presen\u00e7a humana e seus dilemas, como a ocupa\u00e7\u00e3o dos espa\u00e7os urbanos, a sociedade do consumo e o abandono e o desencanto. Vale lembrar que, para quem n\u00e3o puder ir \u00e0 visita guiada de \u201cToda sombra \u00e9 um pouco de luz\u201d, o hor\u00e1rio de funcionamento da Refer\u00eancia (que fica no Bloco B da 202 Norte) \u00e9 de segunda a sexta, das 10h \u00e0s 19h, e s\u00e1bado, das 10h \u00e0s 15h.\u00a0E o melhor, a entrada \u00e9 gratuita e livre para todos os p\u00fablicos.\u00a0Aproveita e anota a\u00ed os contatos para mais informa\u00e7\u00f5es: (61) 98162-3111 e @referenciagaleria. &nbsp; Foto: Divulga\u00e7\u00e3o<\/p>\n","protected":false},"author":6,"featured_media":4699,"comment_status":"closed","ping_status":"open","sticky":false,"template":"","format":"standard","meta":{"site-sidebar-layout":"default","site-content-layout":"default","ast-site-content-layout":"default","site-content-style":"default","site-sidebar-style":"default","ast-global-header-display":"","ast-banner-title-visibility":"","ast-main-header-display":"","ast-hfb-above-header-display":"","ast-hfb-below-header-display":"","ast-hfb-mobile-header-display":"","site-post-title":"","ast-breadcrumbs-content":"","ast-featured-img":"","footer-sml-layout":"","ast-disable-related-posts":"","theme-transparent-header-meta":"default","adv-header-id-meta":"","stick-header-meta":"","header-above-stick-meta":"","header-main-stick-meta":"","header-below-stick-meta":"","astra-migrate-meta-layouts":"default","ast-page-background-enabled":"default","ast-page-background-meta":{"desktop":{"background-color":"","background-image":"","background-repeat":"repeat","background-position":"center center","background-size":"auto","background-attachment":"scroll","background-type":"","background-media":"","overlay-type":"","overlay-color":"","overlay-opacity":"","overlay-gradient":""},"tablet":{"background-color":"","background-image":"","background-repeat":"repeat","background-position":"center center","background-size":"auto","background-attachment":"scroll","background-type":"","background-media":"","overlay-type":"","overlay-color":"","overlay-opacity":"","overlay-gradient":""},"mobile":{"background-color":"","background-image":"","background-repeat":"repeat","background-position":"center center","background-size":"auto","background-attachment":"scroll","background-type":"","background-media":"","overlay-type":"","overlay-color":"","overlay-opacity":"","overlay-gradient":""}},"ast-content-background-meta":{"desktop":{"background-color":"var(--ast-global-color-5)","background-image":"","background-repeat":"repeat","background-position":"center center","background-size":"auto","background-attachment":"scroll","background-type":"","background-media":"","overlay-type":"","overlay-color":"","overlay-opacity":"","overlay-gradient":""},"tablet":{"background-color":"var(--ast-global-color-5)","background-image":"","background-repeat":"repeat","background-position":"center center","background-size":"auto","background-attachment":"scroll","background-type":"","background-media":"","overlay-type":"","overlay-color":"","overlay-opacity":"","overlay-gradient":""},"mobile":{"background-color":"var(--ast-global-color-5)","background-image":"","background-repeat":"repeat","background-position":"center center","background-size":"auto","background-attachment":"scroll","background-type":"","background-media":"","overlay-type":"","overlay-color":"","overlay-opacity":"","overlay-gradient":""}},"footnotes":""},"categories":[46],"tags":[147,310,54,312,261,308,270,309,311],"class_list":["post-4696","post","type-post","status-publish","format-standard","has-post-thumbnail","hentry","category-arte","tag-arte","tag-asa-norte","tag-brasilia","tag-eder-chiodetto","tag-exposicao","tag-fotografia","tag-mostra","tag-referencia-galeria","tag-roberto-bassul"],"yoast_head":"<!-- This site is optimized with the Yoast SEO plugin v27.0 - https:\/\/yoast.com\/product\/yoast-seo-wordpress\/ -->\n<title>Que tal uma visita pela \u201cToda sombra \u00e9 um pouco de luz\u201d? - LACKMAN &amp; CO.<\/title>\n<meta name=\"robots\" content=\"index, follow, max-snippet:-1, max-image-preview:large, max-video-preview:-1\" \/>\n<link rel=\"canonical\" href=\"https:\/\/lackman.com.br\/index.php\/2023\/07\/18\/que-tal-uma-visita-guiada-pela-mostra-toda-sombra-e-um-pouco-de-luz\/\" \/>\n<meta property=\"og:locale\" content=\"pt_BR\" \/>\n<meta property=\"og:type\" content=\"article\" \/>\n<meta property=\"og:title\" content=\"Que tal uma visita pela \u201cToda sombra \u00e9 um pouco de luz\u201d? - LACKMAN &amp; CO.\" \/>\n<meta property=\"og:description\" content=\"Olha aquela dica esperta que todo mundo gosta! Na pr\u00f3xima quinta-feira, dia 20 de julho, exatamente \u00e0s 18h, o artista visual Jos\u00e9 Roberto Bassul estar\u00e1 conduzindo uma visita guiada pela mostra \u201cToda sombra \u00e9 um pouco de luz\u201d, que est\u00e1 em cartaz na Refer\u00eancia Galeria. O legal \u00e9 que como a expo vai somente at\u00e9 o pr\u00f3ximo s\u00e1bado (22), essa se torna uma oportunidade para conhecer as obras e seu autor ao mesmo tempo. Produzida entre 2020 e 2023, a exposi\u00e7\u00e3o tem curadoria de Eder Chiodetto e re\u00fane as s\u00e9ries \u201cUrbe\u201d e \u201cO sol s\u00f3 vem depois\u201d, em que Bassul d\u00e1 continuidade \u00e0 sua pesquisa fotogr\u00e1fica sobre a cidade, a presen\u00e7a humana e seus dilemas, como a ocupa\u00e7\u00e3o dos espa\u00e7os urbanos, a sociedade do consumo e o abandono e o desencanto. Vale lembrar que, para quem n\u00e3o puder ir \u00e0 visita guiada de \u201cToda sombra \u00e9 um pouco de luz\u201d, o hor\u00e1rio de funcionamento da Refer\u00eancia (que fica no Bloco B da 202 Norte) \u00e9 de segunda a sexta, das 10h \u00e0s 19h, e s\u00e1bado, das 10h \u00e0s 15h.\u00a0E o melhor, a entrada \u00e9 gratuita e livre para todos os p\u00fablicos.\u00a0Aproveita e anota a\u00ed os contatos para mais informa\u00e7\u00f5es: (61) 98162-3111 e @referenciagaleria. &nbsp; Foto: Divulga\u00e7\u00e3o\" \/>\n<meta property=\"og:url\" content=\"https:\/\/lackman.com.br\/index.php\/2023\/07\/18\/que-tal-uma-visita-guiada-pela-mostra-toda-sombra-e-um-pouco-de-luz\/\" \/>\n<meta property=\"og:site_name\" content=\"LACKMAN &amp; CO.\" \/>\n<meta property=\"article:published_time\" content=\"2023-07-19T01:29:07+00:00\" \/>\n<meta property=\"article:modified_time\" content=\"2023-07-21T03:50:32+00:00\" \/>\n<meta property=\"og:image\" content=\"http:\/\/lackman.com.br\/wp-content\/uploads\/2023\/07\/Toda-sombra-e-um-pouco-de-luz-Jose-Roberto-Bassul-Referencia-Galeria-de-Arte-.jpg\" \/>\n\t<meta property=\"og:image:width\" content=\"1600\" \/>\n\t<meta property=\"og:image:height\" content=\"899\" \/>\n\t<meta property=\"og:image:type\" content=\"image\/jpeg\" \/>\n<meta name=\"author\" content=\"Gilberto Evangelista - Colunista\" \/>\n<meta name=\"twitter:card\" content=\"summary_large_image\" \/>\n<meta name=\"twitter:label1\" content=\"Escrito por\" \/>\n\t<meta name=\"twitter:data1\" content=\"Gilberto Evangelista - Colunista\" \/>\n\t<meta name=\"twitter:label2\" content=\"Est. tempo de leitura\" \/>\n\t<meta name=\"twitter:data2\" content=\"2 minutos\" \/>\n<script type=\"application\/ld+json\" class=\"yoast-schema-graph\">{\"@context\":\"https:\/\/schema.org\",\"@graph\":[{\"@type\":\"Article\",\"@id\":\"https:\/\/lackman.com.br\/index.php\/2023\/07\/18\/que-tal-uma-visita-guiada-pela-mostra-toda-sombra-e-um-pouco-de-luz\/#article\",\"isPartOf\":{\"@id\":\"https:\/\/lackman.com.br\/index.php\/2023\/07\/18\/que-tal-uma-visita-guiada-pela-mostra-toda-sombra-e-um-pouco-de-luz\/\"},\"author\":{\"name\":\"Gilberto Evangelista - Colunista\",\"@id\":\"https:\/\/lackman.com.br\/#\/schema\/person\/8a2355f699593d21d4f0d25b69db5747\"},\"headline\":\"Que tal uma visita pela \u201cToda sombra \u00e9 um pouco de luz\u201d?\",\"datePublished\":\"2023-07-19T01:29:07+00:00\",\"dateModified\":\"2023-07-21T03:50:32+00:00\",\"mainEntityOfPage\":{\"@id\":\"https:\/\/lackman.com.br\/index.php\/2023\/07\/18\/que-tal-uma-visita-guiada-pela-mostra-toda-sombra-e-um-pouco-de-luz\/\"},\"wordCount\":221,\"publisher\":{\"@id\":\"https:\/\/lackman.com.br\/#organization\"},\"image\":{\"@id\":\"https:\/\/lackman.com.br\/index.php\/2023\/07\/18\/que-tal-uma-visita-guiada-pela-mostra-toda-sombra-e-um-pouco-de-luz\/#primaryimage\"},\"thumbnailUrl\":\"https:\/\/lackman.com.br\/wp-content\/uploads\/2023\/07\/Toda-sombra-e-um-pouco-de-luz-Jose-Roberto-Bassul-Referencia-Galeria-de-Arte-.jpg\",\"keywords\":[\"Arte\",\"Asa Norte\",\"brasilia\",\"Eder Chiodetto\",\"exposi\u00e7\u00e3o\",\"fotografia\",\"mostra\",\"Refer\u00eancia Galeria\",\"Roberto Bassul\"],\"articleSection\":[\"Arte\"],\"inLanguage\":\"pt-BR\"},{\"@type\":\"WebPage\",\"@id\":\"https:\/\/lackman.com.br\/index.php\/2023\/07\/18\/que-tal-uma-visita-guiada-pela-mostra-toda-sombra-e-um-pouco-de-luz\/\",\"url\":\"https:\/\/lackman.com.br\/index.php\/2023\/07\/18\/que-tal-uma-visita-guiada-pela-mostra-toda-sombra-e-um-pouco-de-luz\/\",\"name\":\"Que tal uma visita pela \u201cToda sombra \u00e9 um pouco de luz\u201d? - LACKMAN &amp; CO.\",\"isPartOf\":{\"@id\":\"https:\/\/lackman.com.br\/#website\"},\"primaryImageOfPage\":{\"@id\":\"https:\/\/lackman.com.br\/index.php\/2023\/07\/18\/que-tal-uma-visita-guiada-pela-mostra-toda-sombra-e-um-pouco-de-luz\/#primaryimage\"},\"image\":{\"@id\":\"https:\/\/lackman.com.br\/index.php\/2023\/07\/18\/que-tal-uma-visita-guiada-pela-mostra-toda-sombra-e-um-pouco-de-luz\/#primaryimage\"},\"thumbnailUrl\":\"https:\/\/lackman.com.br\/wp-content\/uploads\/2023\/07\/Toda-sombra-e-um-pouco-de-luz-Jose-Roberto-Bassul-Referencia-Galeria-de-Arte-.jpg\",\"datePublished\":\"2023-07-19T01:29:07+00:00\",\"dateModified\":\"2023-07-21T03:50:32+00:00\",\"breadcrumb\":{\"@id\":\"https:\/\/lackman.com.br\/index.php\/2023\/07\/18\/que-tal-uma-visita-guiada-pela-mostra-toda-sombra-e-um-pouco-de-luz\/#breadcrumb\"},\"inLanguage\":\"pt-BR\",\"potentialAction\":[{\"@type\":\"ReadAction\",\"target\":[\"https:\/\/lackman.com.br\/index.php\/2023\/07\/18\/que-tal-uma-visita-guiada-pela-mostra-toda-sombra-e-um-pouco-de-luz\/\"]}]},{\"@type\":\"ImageObject\",\"inLanguage\":\"pt-BR\",\"@id\":\"https:\/\/lackman.com.br\/index.php\/2023\/07\/18\/que-tal-uma-visita-guiada-pela-mostra-toda-sombra-e-um-pouco-de-luz\/#primaryimage\",\"url\":\"https:\/\/lackman.com.br\/wp-content\/uploads\/2023\/07\/Toda-sombra-e-um-pouco-de-luz-Jose-Roberto-Bassul-Referencia-Galeria-de-Arte-.jpg\",\"contentUrl\":\"https:\/\/lackman.com.br\/wp-content\/uploads\/2023\/07\/Toda-sombra-e-um-pouco-de-luz-Jose-Roberto-Bassul-Referencia-Galeria-de-Arte-.jpg\",\"width\":1600,\"height\":899},{\"@type\":\"BreadcrumbList\",\"@id\":\"https:\/\/lackman.com.br\/index.php\/2023\/07\/18\/que-tal-uma-visita-guiada-pela-mostra-toda-sombra-e-um-pouco-de-luz\/#breadcrumb\",\"itemListElement\":[{\"@type\":\"ListItem\",\"position\":1,\"name\":\"In\u00edcio\",\"item\":\"https:\/\/lackman.com.br\/\"},{\"@type\":\"ListItem\",\"position\":2,\"name\":\"Que tal uma visita pela \u201cToda sombra \u00e9 um pouco de luz\u201d?\"}]},{\"@type\":\"WebSite\",\"@id\":\"https:\/\/lackman.com.br\/#website\",\"url\":\"https:\/\/lackman.com.br\/\",\"name\":\"LACKMAN &amp; CO.\",\"description\":\"VIDA | MODA | ARTE\",\"publisher\":{\"@id\":\"https:\/\/lackman.com.br\/#organization\"},\"potentialAction\":[{\"@type\":\"SearchAction\",\"target\":{\"@type\":\"EntryPoint\",\"urlTemplate\":\"https:\/\/lackman.com.br\/?s={search_term_string}\"},\"query-input\":{\"@type\":\"PropertyValueSpecification\",\"valueRequired\":true,\"valueName\":\"search_term_string\"}}],\"inLanguage\":\"pt-BR\"},{\"@type\":\"Organization\",\"@id\":\"https:\/\/lackman.com.br\/#organization\",\"name\":\"LACKMAN &amp; CO.\",\"url\":\"https:\/\/lackman.com.br\/\",\"logo\":{\"@type\":\"ImageObject\",\"inLanguage\":\"pt-BR\",\"@id\":\"https:\/\/lackman.com.br\/#\/schema\/logo\/image\/\",\"url\":\"https:\/\/lackman.com.br\/wp-content\/uploads\/2023\/06\/Logotipo_preto-1.png\",\"contentUrl\":\"https:\/\/lackman.com.br\/wp-content\/uploads\/2023\/06\/Logotipo_preto-1.png\",\"width\":739,\"height\":393,\"caption\":\"LACKMAN &amp; CO.\"},\"image\":{\"@id\":\"https:\/\/lackman.com.br\/#\/schema\/logo\/image\/\"}},{\"@type\":\"Person\",\"@id\":\"https:\/\/lackman.com.br\/#\/schema\/person\/8a2355f699593d21d4f0d25b69db5747\",\"name\":\"Gilberto Evangelista - Colunista\",\"image\":{\"@type\":\"ImageObject\",\"inLanguage\":\"pt-BR\",\"@id\":\"https:\/\/lackman.com.br\/#\/schema\/person\/image\/\",\"url\":\"https:\/\/secure.gravatar.com\/avatar\/cea9badf02f8a90f7a745f2cbea45fda61f65711ec015e2faf3809cca6337c28?s=96&d=mm&r=g\",\"contentUrl\":\"https:\/\/secure.gravatar.com\/avatar\/cea9badf02f8a90f7a745f2cbea45fda61f65711ec015e2faf3809cca6337c28?s=96&d=mm&r=g\",\"caption\":\"Gilberto Evangelista - Colunista\"},\"description\":\"Jornalista e globetrotter.\",\"url\":\"https:\/\/lackman.com.br\/index.php\/author\/gilberto-brito\/\"}]}<\/script>\n<!-- \/ Yoast SEO plugin. -->","yoast_head_json":{"title":"Que tal uma visita pela \u201cToda sombra \u00e9 um pouco de luz\u201d? - LACKMAN &amp; CO.","robots":{"index":"index","follow":"follow","max-snippet":"max-snippet:-1","max-image-preview":"max-image-preview:large","max-video-preview":"max-video-preview:-1"},"canonical":"https:\/\/lackman.com.br\/index.php\/2023\/07\/18\/que-tal-uma-visita-guiada-pela-mostra-toda-sombra-e-um-pouco-de-luz\/","og_locale":"pt_BR","og_type":"article","og_title":"Que tal uma visita pela \u201cToda sombra \u00e9 um pouco de luz\u201d? - LACKMAN &amp; CO.","og_description":"Olha aquela dica esperta que todo mundo gosta! Na pr\u00f3xima quinta-feira, dia 20 de julho, exatamente \u00e0s 18h, o artista visual Jos\u00e9 Roberto Bassul estar\u00e1 conduzindo uma visita guiada pela mostra \u201cToda sombra \u00e9 um pouco de luz\u201d, que est\u00e1 em cartaz na Refer\u00eancia Galeria. O legal \u00e9 que como a expo vai somente at\u00e9 o pr\u00f3ximo s\u00e1bado (22), essa se torna uma oportunidade para conhecer as obras e seu autor ao mesmo tempo. Produzida entre 2020 e 2023, a exposi\u00e7\u00e3o tem curadoria de Eder Chiodetto e re\u00fane as s\u00e9ries \u201cUrbe\u201d e \u201cO sol s\u00f3 vem depois\u201d, em que Bassul d\u00e1 continuidade \u00e0 sua pesquisa fotogr\u00e1fica sobre a cidade, a presen\u00e7a humana e seus dilemas, como a ocupa\u00e7\u00e3o dos espa\u00e7os urbanos, a sociedade do consumo e o abandono e o desencanto. Vale lembrar que, para quem n\u00e3o puder ir \u00e0 visita guiada de \u201cToda sombra \u00e9 um pouco de luz\u201d, o hor\u00e1rio de funcionamento da Refer\u00eancia (que fica no Bloco B da 202 Norte) \u00e9 de segunda a sexta, das 10h \u00e0s 19h, e s\u00e1bado, das 10h \u00e0s 15h.\u00a0E o melhor, a entrada \u00e9 gratuita e livre para todos os p\u00fablicos.\u00a0Aproveita e anota a\u00ed os contatos para mais informa\u00e7\u00f5es: (61) 98162-3111 e @referenciagaleria. &nbsp; Foto: Divulga\u00e7\u00e3o","og_url":"https:\/\/lackman.com.br\/index.php\/2023\/07\/18\/que-tal-uma-visita-guiada-pela-mostra-toda-sombra-e-um-pouco-de-luz\/","og_site_name":"LACKMAN &amp; CO.","article_published_time":"2023-07-19T01:29:07+00:00","article_modified_time":"2023-07-21T03:50:32+00:00","og_image":[{"width":1600,"height":899,"url":"http:\/\/lackman.com.br\/wp-content\/uploads\/2023\/07\/Toda-sombra-e-um-pouco-de-luz-Jose-Roberto-Bassul-Referencia-Galeria-de-Arte-.jpg","type":"image\/jpeg"}],"author":"Gilberto Evangelista - Colunista","twitter_card":"summary_large_image","twitter_misc":{"Escrito por":"Gilberto Evangelista - Colunista","Est. tempo de leitura":"2 minutos"},"schema":{"@context":"https:\/\/schema.org","@graph":[{"@type":"Article","@id":"https:\/\/lackman.com.br\/index.php\/2023\/07\/18\/que-tal-uma-visita-guiada-pela-mostra-toda-sombra-e-um-pouco-de-luz\/#article","isPartOf":{"@id":"https:\/\/lackman.com.br\/index.php\/2023\/07\/18\/que-tal-uma-visita-guiada-pela-mostra-toda-sombra-e-um-pouco-de-luz\/"},"author":{"name":"Gilberto Evangelista - Colunista","@id":"https:\/\/lackman.com.br\/#\/schema\/person\/8a2355f699593d21d4f0d25b69db5747"},"headline":"Que tal uma visita pela \u201cToda sombra \u00e9 um pouco de luz\u201d?","datePublished":"2023-07-19T01:29:07+00:00","dateModified":"2023-07-21T03:50:32+00:00","mainEntityOfPage":{"@id":"https:\/\/lackman.com.br\/index.php\/2023\/07\/18\/que-tal-uma-visita-guiada-pela-mostra-toda-sombra-e-um-pouco-de-luz\/"},"wordCount":221,"publisher":{"@id":"https:\/\/lackman.com.br\/#organization"},"image":{"@id":"https:\/\/lackman.com.br\/index.php\/2023\/07\/18\/que-tal-uma-visita-guiada-pela-mostra-toda-sombra-e-um-pouco-de-luz\/#primaryimage"},"thumbnailUrl":"https:\/\/lackman.com.br\/wp-content\/uploads\/2023\/07\/Toda-sombra-e-um-pouco-de-luz-Jose-Roberto-Bassul-Referencia-Galeria-de-Arte-.jpg","keywords":["Arte","Asa Norte","brasilia","Eder Chiodetto","exposi\u00e7\u00e3o","fotografia","mostra","Refer\u00eancia Galeria","Roberto Bassul"],"articleSection":["Arte"],"inLanguage":"pt-BR"},{"@type":"WebPage","@id":"https:\/\/lackman.com.br\/index.php\/2023\/07\/18\/que-tal-uma-visita-guiada-pela-mostra-toda-sombra-e-um-pouco-de-luz\/","url":"https:\/\/lackman.com.br\/index.php\/2023\/07\/18\/que-tal-uma-visita-guiada-pela-mostra-toda-sombra-e-um-pouco-de-luz\/","name":"Que tal uma visita pela \u201cToda sombra \u00e9 um pouco de luz\u201d? - LACKMAN &amp; CO.","isPartOf":{"@id":"https:\/\/lackman.com.br\/#website"},"primaryImageOfPage":{"@id":"https:\/\/lackman.com.br\/index.php\/2023\/07\/18\/que-tal-uma-visita-guiada-pela-mostra-toda-sombra-e-um-pouco-de-luz\/#primaryimage"},"image":{"@id":"https:\/\/lackman.com.br\/index.php\/2023\/07\/18\/que-tal-uma-visita-guiada-pela-mostra-toda-sombra-e-um-pouco-de-luz\/#primaryimage"},"thumbnailUrl":"https:\/\/lackman.com.br\/wp-content\/uploads\/2023\/07\/Toda-sombra-e-um-pouco-de-luz-Jose-Roberto-Bassul-Referencia-Galeria-de-Arte-.jpg","datePublished":"2023-07-19T01:29:07+00:00","dateModified":"2023-07-21T03:50:32+00:00","breadcrumb":{"@id":"https:\/\/lackman.com.br\/index.php\/2023\/07\/18\/que-tal-uma-visita-guiada-pela-mostra-toda-sombra-e-um-pouco-de-luz\/#breadcrumb"},"inLanguage":"pt-BR","potentialAction":[{"@type":"ReadAction","target":["https:\/\/lackman.com.br\/index.php\/2023\/07\/18\/que-tal-uma-visita-guiada-pela-mostra-toda-sombra-e-um-pouco-de-luz\/"]}]},{"@type":"ImageObject","inLanguage":"pt-BR","@id":"https:\/\/lackman.com.br\/index.php\/2023\/07\/18\/que-tal-uma-visita-guiada-pela-mostra-toda-sombra-e-um-pouco-de-luz\/#primaryimage","url":"https:\/\/lackman.com.br\/wp-content\/uploads\/2023\/07\/Toda-sombra-e-um-pouco-de-luz-Jose-Roberto-Bassul-Referencia-Galeria-de-Arte-.jpg","contentUrl":"https:\/\/lackman.com.br\/wp-content\/uploads\/2023\/07\/Toda-sombra-e-um-pouco-de-luz-Jose-Roberto-Bassul-Referencia-Galeria-de-Arte-.jpg","width":1600,"height":899},{"@type":"BreadcrumbList","@id":"https:\/\/lackman.com.br\/index.php\/2023\/07\/18\/que-tal-uma-visita-guiada-pela-mostra-toda-sombra-e-um-pouco-de-luz\/#breadcrumb","itemListElement":[{"@type":"ListItem","position":1,"name":"In\u00edcio","item":"https:\/\/lackman.com.br\/"},{"@type":"ListItem","position":2,"name":"Que tal uma visita pela \u201cToda sombra \u00e9 um pouco de luz\u201d?"}]},{"@type":"WebSite","@id":"https:\/\/lackman.com.br\/#website","url":"https:\/\/lackman.com.br\/","name":"LACKMAN &amp; CO.","description":"VIDA | MODA | ARTE","publisher":{"@id":"https:\/\/lackman.com.br\/#organization"},"potentialAction":[{"@type":"SearchAction","target":{"@type":"EntryPoint","urlTemplate":"https:\/\/lackman.com.br\/?s={search_term_string}"},"query-input":{"@type":"PropertyValueSpecification","valueRequired":true,"valueName":"search_term_string"}}],"inLanguage":"pt-BR"},{"@type":"Organization","@id":"https:\/\/lackman.com.br\/#organization","name":"LACKMAN &amp; CO.","url":"https:\/\/lackman.com.br\/","logo":{"@type":"ImageObject","inLanguage":"pt-BR","@id":"https:\/\/lackman.com.br\/#\/schema\/logo\/image\/","url":"https:\/\/lackman.com.br\/wp-content\/uploads\/2023\/06\/Logotipo_preto-1.png","contentUrl":"https:\/\/lackman.com.br\/wp-content\/uploads\/2023\/06\/Logotipo_preto-1.png","width":739,"height":393,"caption":"LACKMAN &amp; CO."},"image":{"@id":"https:\/\/lackman.com.br\/#\/schema\/logo\/image\/"}},{"@type":"Person","@id":"https:\/\/lackman.com.br\/#\/schema\/person\/8a2355f699593d21d4f0d25b69db5747","name":"Gilberto Evangelista - Colunista","image":{"@type":"ImageObject","inLanguage":"pt-BR","@id":"https:\/\/lackman.com.br\/#\/schema\/person\/image\/","url":"https:\/\/secure.gravatar.com\/avatar\/cea9badf02f8a90f7a745f2cbea45fda61f65711ec015e2faf3809cca6337c28?s=96&d=mm&r=g","contentUrl":"https:\/\/secure.gravatar.com\/avatar\/cea9badf02f8a90f7a745f2cbea45fda61f65711ec015e2faf3809cca6337c28?s=96&d=mm&r=g","caption":"Gilberto Evangelista - Colunista"},"description":"Jornalista e globetrotter.","url":"https:\/\/lackman.com.br\/index.php\/author\/gilberto-brito\/"}]}},"rttpg_featured_image_url":{"full":["https:\/\/lackman.com.br\/wp-content\/uploads\/2023\/07\/Toda-sombra-e-um-pouco-de-luz-Jose-Roberto-Bassul-Referencia-Galeria-de-Arte-.jpg",1600,899,false],"landscape":["https:\/\/lackman.com.br\/wp-content\/uploads\/2023\/07\/Toda-sombra-e-um-pouco-de-luz-Jose-Roberto-Bassul-Referencia-Galeria-de-Arte-.jpg",1600,899,false],"portraits":["https:\/\/lackman.com.br\/wp-content\/uploads\/2023\/07\/Toda-sombra-e-um-pouco-de-luz-Jose-Roberto-Bassul-Referencia-Galeria-de-Arte-.jpg",1600,899,false],"thumbnail":["https:\/\/lackman.com.br\/wp-content\/uploads\/2023\/07\/Toda-sombra-e-um-pouco-de-luz-Jose-Roberto-Bassul-Referencia-Galeria-de-Arte--150x150.jpg",150,150,true],"medium":["https:\/\/lackman.com.br\/wp-content\/uploads\/2023\/07\/Toda-sombra-e-um-pouco-de-luz-Jose-Roberto-Bassul-Referencia-Galeria-de-Arte--300x169.jpg",300,169,true],"large":["https:\/\/lackman.com.br\/wp-content\/uploads\/2023\/07\/Toda-sombra-e-um-pouco-de-luz-Jose-Roberto-Bassul-Referencia-Galeria-de-Arte--1024x575.jpg",1024,575,true],"RoboGalleryMansoryImagesCenter":["https:\/\/lackman.com.br\/wp-content\/uploads\/2023\/07\/Toda-sombra-e-um-pouco-de-luz-Jose-Roberto-Bassul-Referencia-Galeria-de-Arte--600x899.jpg",600,899,true],"RoboGalleryPreload":["https:\/\/lackman.com.br\/wp-content\/uploads\/2023\/07\/Toda-sombra-e-um-pouco-de-luz-Jose-Roberto-Bassul-Referencia-Galeria-de-Arte-.jpg",100,56,false],"1536x1536":["https:\/\/lackman.com.br\/wp-content\/uploads\/2023\/07\/Toda-sombra-e-um-pouco-de-luz-Jose-Roberto-Bassul-Referencia-Galeria-de-Arte--1536x863.jpg",1536,863,true],"2048x2048":["https:\/\/lackman.com.br\/wp-content\/uploads\/2023\/07\/Toda-sombra-e-um-pouco-de-luz-Jose-Roberto-Bassul-Referencia-Galeria-de-Arte-.jpg",1600,899,false]},"rttpg_author":{"display_name":"Gilberto Evangelista - Colunista","author_link":"https:\/\/lackman.com.br\/index.php\/author\/gilberto-brito\/"},"rttpg_comment":0,"rttpg_category":"<a href=\"https:\/\/lackman.com.br\/index.php\/category\/arte\/\" rel=\"category tag\">Arte<\/a>","rttpg_excerpt":"Olha aquela dica esperta que todo mundo gosta! Na pr\u00f3xima quinta-feira, dia 20 de julho, exatamente \u00e0s 18h, o artista visual Jos\u00e9 Roberto Bassul estar\u00e1 conduzindo uma visita guiada pela mostra \u201cToda sombra \u00e9 um pouco de luz\u201d, que est\u00e1 em cartaz na Refer\u00eancia Galeria. O legal \u00e9 que como a expo vai somente at\u00e9&hellip;","_links":{"self":[{"href":"https:\/\/lackman.com.br\/index.php\/wp-json\/wp\/v2\/posts\/4696","targetHints":{"allow":["GET"]}}],"collection":[{"href":"https:\/\/lackman.com.br\/index.php\/wp-json\/wp\/v2\/posts"}],"about":[{"href":"https:\/\/lackman.com.br\/index.php\/wp-json\/wp\/v2\/types\/post"}],"author":[{"embeddable":true,"href":"https:\/\/lackman.com.br\/index.php\/wp-json\/wp\/v2\/users\/6"}],"replies":[{"embeddable":true,"href":"https:\/\/lackman.com.br\/index.php\/wp-json\/wp\/v2\/comments?post=4696"}],"version-history":[{"count":2,"href":"https:\/\/lackman.com.br\/index.php\/wp-json\/wp\/v2\/posts\/4696\/revisions"}],"predecessor-version":[{"id":4747,"href":"https:\/\/lackman.com.br\/index.php\/wp-json\/wp\/v2\/posts\/4696\/revisions\/4747"}],"wp:featuredmedia":[{"embeddable":true,"href":"https:\/\/lackman.com.br\/index.php\/wp-json\/wp\/v2\/media\/4699"}],"wp:attachment":[{"href":"https:\/\/lackman.com.br\/index.php\/wp-json\/wp\/v2\/media?parent=4696"}],"wp:term":[{"taxonomy":"category","embeddable":true,"href":"https:\/\/lackman.com.br\/index.php\/wp-json\/wp\/v2\/categories?post=4696"},{"taxonomy":"post_tag","embeddable":true,"href":"https:\/\/lackman.com.br\/index.php\/wp-json\/wp\/v2\/tags?post=4696"}],"curies":[{"name":"wp","href":"https:\/\/api.w.org\/{rel}","templated":true}]}}